{"id":105471,"date":"2022-11-30T12:03:33","date_gmt":"2022-11-30T10:03:33","guid":{"rendered":"https:\/\/urbeamea.ro\/albaiulia\/?p=105471"},"modified":"2022-11-30T12:03:34","modified_gmt":"2022-11-30T10:03:34","slug":"invitatie-de-1-decembrie-la-casa-memoriala-lucian-blaga-din-lancram-gazduim-expozitia-catedrala-incoronarii-istorie-si-har","status":"publish","type":"post","link":"https:\/\/urbeamea.ro\/albaiulia\/invitatie-de-1-decembrie-la-casa-memoriala-lucian-blaga-din-lancram-gazduim-expozitia-catedrala-incoronarii-istorie-si-har\/","title":{"rendered":"Invita\u021bie de 1 decembrie la Casa Memorial\u0103 \u201eLucian Blaga&#8221; din Lancr\u0103m: g\u0103zduim expozi\u021bia \u00a0\u201eCatedrala \u00cencoron\u0103rii. Istorie \u0219i har&#8221;"},"content":{"rendered":"\n<p class=\"wp-block-paragraph\"><strong>Casa Memorial\u0103 \u201eLucian Blaga&#8221; din Lancr\u0103m, compartiment al Centrului Cultural \u201eLucian Blaga&#8221; Sebe\u0219, g\u0103zduie\u0219te, \u00eencep\u00e2nd cu 1 decembrie 2022, Ziua Na\u021bional\u0103 a Rom\u00e2niei, o expozi\u021bie temporar\u0103 dedicat\u0103 importantului eveniment care a consfin\u021bit crearea Rom\u00e2niei Mari, \u00eencoronarea regelui Ferdinand \u0219i a reginei Maria, la Alba Iulia (\u00een data de 15 octombrie 1922).<\/strong><\/p>\n\n\n\n<p class=\"wp-block-paragraph\">Expozi\u021bia surprinde eforturile depuse de administra\u021bia central\u0103 \u0219i local\u0103 pentru preg\u0103tirea \u00eencoron\u0103rii, organizarea unui eveniment de o asemenea anvergur\u0103, dar \u0219i de o mare solemnitate, presupun\u00e2nd un uria\u0219 efort financiar, dublat de preg\u0103tiri de amploare, dar \u0219i asumarea unor proiecte ambi\u021bioase care au necesitat viziune, respectarea unor termene \u0219i o infrastructur\u0103 bine articulat\u0103.<\/p>\n\n\n\n<p class=\"wp-block-paragraph\">Cu ajutorul imaginilor de epoc\u0103, c\u0103r\u021bi po\u0219tale ilustrate \u0219i fotografii din colec\u021bia muzeului albaiulian, sunt ilustrate etape din construc\u021bia bisericii edificate special pentru \u00eencoronare, viitoarea Catedral\u0103 a \u00cencoron\u0103rii, precum \u0219i principalele momente ale ceremoniei din 15 octombrie 1922, care s-a desf\u0103\u0219urat \u00een interiorul ei \u0219i pe platoul din fa\u021ba acesteia.<\/p>\n\n\n\n<p class=\"wp-block-paragraph\">Expozi\u021bia este organizat\u0103 de Consiliul Jude\u021bean Alba, Prim\u0103ria Municipiului Sebe\u0219, Muzeul Na\u021bional al Unirii Alba Iulia, Colegiul Na\u021bional Horea, Clo\u0219ca \u0219i Cri\u0219an Alba Iulia, Centrul Cultural \u201eLucian Blaga&#8221; Sebe\u0219 \u0219i Muzeul Municipal \u201eIoan Raica&#8221; Sebe\u0219 \u0219i poate fi vizitat\u0103 \u00een sala de conferin\u021be a Casei Memoriale \u201eLucian Blaga&#8221; din Lancr\u0103m, \u00een perioada 1 decembrie 2022-15 ianuarie 2023.<\/p>\n\n\n\n<p class=\"wp-block-paragraph\">Joi, 1 decembrie 2022, Casa Memorial\u0103 \u201eLucian Blaga&#8221; din Lancr\u0103m va fi deschis\u0103 \u00eentre orele 10.00 \u0219i 14.00, iar accesul va fi gratuit \u00een toate expozi\u021biile \u0219i pentru to\u021bi vizitatorii.<\/p>\n\n\n\n<figure class=\"wp-block-image size-large\"><img loading=\"lazy\" decoding=\"async\" width=\"905\" height=\"1280\" src=\"https:\/\/urbeamea.ro\/albaiulia\/wp-content\/uploads\/2022\/11\/afis-INCORONARE-postari-905x1280.jpg\" alt=\"\" class=\"wp-image-105472\" srcset=\"https:\/\/urbeamea.ro\/albaiulia\/wp-content\/uploads\/2022\/11\/afis-INCORONARE-postari-905x1280.jpg 905w, https:\/\/urbeamea.ro\/albaiulia\/wp-content\/uploads\/2022\/11\/afis-INCORONARE-postari-452x640.jpg 452w, https:\/\/urbeamea.ro\/albaiulia\/wp-content\/uploads\/2022\/11\/afis-INCORONARE-postari-106x150.jpg 106w, https:\/\/urbeamea.ro\/albaiulia\/wp-content\/uploads\/2022\/11\/afis-INCORONARE-postari-768x1086.jpg 768w, https:\/\/urbeamea.ro\/albaiulia\/wp-content\/uploads\/2022\/11\/afis-INCORONARE-postari-1086x1536.jpg 1086w, https:\/\/urbeamea.ro\/albaiulia\/wp-content\/uploads\/2022\/11\/afis-INCORONARE-postari.jpg 1131w\" sizes=\"auto, (max-width: 905px) 100vw, 905px\" \/><\/figure>\n","protected":false},"excerpt":{"rendered":"<p>Casa Memorial\u0103 \u201eLucian Blaga&#8221; din Lancr\u0103m, compartiment al Centrului Cultural \u201eLucian Blaga&#8221; Sebe\u0219, g\u0103zduie\u0219te, \u00eencep\u00e2nd cu 1 decembrie 2022, Ziua Na\u021bional\u0103 a Rom\u00e2niei, o expozi\u021bie temporar\u0103 dedicat\u0103 importantului eveniment care a consfin\u021bit crearea Rom\u00e2niei Mari, \u00eencoronarea regelui Ferdinand \u0219i a reginei Maria, la Alba Iulia (\u00een data de 15 octombrie 1922). Expozi\u021bia surprinde eforturile depuse &hellip;<\/p>\n","protected":false},"author":16,"featured_media":105473,"comment_status":"open","ping_status":"open","sticky":false,"template":"","format":"standard","meta":{"inline_featured_image":false,"footnotes":""},"categories":[4],"tags":[15483],"class_list":["post-105471","post","type-post","status-publish","format-standard","has-post-thumbnail","hentry","category-eveniment","tag-casa-memoriala-lucian-blaga-lancram"],"yoast_head":"<!-- This site is optimized with the Yoast SEO plugin v28.3 - https:\/\/yoast.com\/product\/yoast-seo-wordpress\/ -->\n<title>Invita\u021bie de 1 decembrie la Casa Memorial\u0103 \u201eLucian Blaga&quot; din Lancr\u0103m: g\u0103zduim expozi\u021bia \u00a0\u201eCatedrala \u00cencoron\u0103rii. Istorie \u0219i har&quot; - Revista Urbea Mea - Revista de Alba<\/title>\n<meta name=\"description\" content=\"Casa Memorial\u0103 \u201eLucian Blaga&quot; din Lancr\u0103m, compartiment al Centrului Cultural \u201eLucian Blaga&quot; Sebe\u0219, g\u0103zduie\u0219te, \u00eencep\u00e2nd cu 1 decembrie 2022, Ziua\" \/>\n<meta name=\"robots\" content=\"index, follow, max-snippet:-1, max-image-preview:large, max-video-preview:-1\" \/>\n<link rel=\"canonical\" href=\"https:\/\/urbeamea.ro\/albaiulia\/invitatie-de-1-decembrie-la-casa-memoriala-lucian-blaga-din-lancram-gazduim-expozitia-catedrala-incoronarii-istorie-si-har\/\" \/>\n<meta name=\"twitter:card\" content=\"summary_large_image\" \/>\n<meta name=\"twitter:title\" content=\"Invita\u021bie de 1 decembrie la Casa Memorial\u0103 \u201eLucian Blaga&quot; din Lancr\u0103m: g\u0103zduim expozi\u021bia \u00a0\u201eCatedrala \u00cencoron\u0103rii. Istorie \u0219i har&quot; - Revista Urbea Mea - Revista de Alba\" \/>\n<meta name=\"twitter:description\" content=\"Casa Memorial\u0103 \u201eLucian Blaga&quot; din Lancr\u0103m, compartiment al Centrului Cultural \u201eLucian Blaga&quot; Sebe\u0219, g\u0103zduie\u0219te, \u00eencep\u00e2nd cu 1 decembrie 2022, Ziua\" \/>\n<meta name=\"twitter:image\" content=\"https:\/\/urbeamea.ro\/albaiulia\/wp-content\/uploads\/2022\/11\/casa-memoriala-19.jpg\" \/>\n<meta name=\"twitter:creator\" content=\"@urbeameaweb\" \/>\n<meta name=\"twitter:site\" content=\"@urbeameaweb\" \/>\n<script type=\"application\/ld+json\" class=\"yoast-schema-graph\">{\"@context\":\"https:\\\/\\\/schema.org\",\"@graph\":[{\"@type\":\"Article\",\"@id\":\"https:\\\/\\\/urbeamea.ro\\\/albaiulia\\\/invitatie-de-1-decembrie-la-casa-memoriala-lucian-blaga-din-lancram-gazduim-expozitia-catedrala-incoronarii-istorie-si-har\\\/#article\",\"isPartOf\":{\"@id\":\"https:\\\/\\\/urbeamea.ro\\\/albaiulia\\\/invitatie-de-1-decembrie-la-casa-memoriala-lucian-blaga-din-lancram-gazduim-expozitia-catedrala-incoronarii-istorie-si-har\\\/\"},\"author\":{\"name\":\"Redac\u021bia UrbeaMea\",\"@id\":\"https:\\\/\\\/urbeamea.ro\\\/albaiulia\\\/#\\\/schema\\\/person\\\/272ae98052f8ee8980f59848df070247\"},\"headline\":\"Invita\u021bie de 1 decembrie la Casa Memorial\u0103 \u201eLucian Blaga&#8221; din Lancr\u0103m: g\u0103zduim expozi\u021bia \u00a0\u201eCatedrala \u00cencoron\u0103rii. Istorie \u0219i har&#8221;\",\"datePublished\":\"2022-11-30T10:03:33+00:00\",\"dateModified\":\"2022-11-30T10:03:34+00:00\",\"mainEntityOfPage\":{\"@id\":\"https:\\\/\\\/urbeamea.ro\\\/albaiulia\\\/invitatie-de-1-decembrie-la-casa-memoriala-lucian-blaga-din-lancram-gazduim-expozitia-catedrala-incoronarii-istorie-si-har\\\/\"},\"wordCount\":287,\"commentCount\":0,\"image\":{\"@id\":\"https:\\\/\\\/urbeamea.ro\\\/albaiulia\\\/invitatie-de-1-decembrie-la-casa-memoriala-lucian-blaga-din-lancram-gazduim-expozitia-catedrala-incoronarii-istorie-si-har\\\/#primaryimage\"},\"thumbnailUrl\":\"https:\\\/\\\/urbeamea.ro\\\/albaiulia\\\/wp-content\\\/uploads\\\/2022\\\/11\\\/casa-memoriala-19.jpg\",\"keywords\":[\"casa memoriala lucian blaga lancram\"],\"articleSection\":[\"Evenimente\"],\"inLanguage\":\"ro-RO\",\"potentialAction\":[{\"@type\":\"CommentAction\",\"name\":\"Comment\",\"target\":[\"https:\\\/\\\/urbeamea.ro\\\/albaiulia\\\/invitatie-de-1-decembrie-la-casa-memoriala-lucian-blaga-din-lancram-gazduim-expozitia-catedrala-incoronarii-istorie-si-har\\\/#respond\"]}]},{\"@type\":\"WebPage\",\"@id\":\"https:\\\/\\\/urbeamea.ro\\\/albaiulia\\\/invitatie-de-1-decembrie-la-casa-memoriala-lucian-blaga-din-lancram-gazduim-expozitia-catedrala-incoronarii-istorie-si-har\\\/\",\"url\":\"https:\\\/\\\/urbeamea.ro\\\/albaiulia\\\/invitatie-de-1-decembrie-la-casa-memoriala-lucian-blaga-din-lancram-gazduim-expozitia-catedrala-incoronarii-istorie-si-har\\\/\",\"name\":\"Invita\u021bie de 1 decembrie la Casa Memorial\u0103 \u201eLucian Blaga\\\" din Lancr\u0103m: g\u0103zduim expozi\u021bia \u00a0\u201eCatedrala \u00cencoron\u0103rii. Istorie \u0219i har\\\" - Revista Urbea Mea - Revista de Alba\",\"isPartOf\":{\"@id\":\"https:\\\/\\\/urbeamea.ro\\\/albaiulia\\\/#website\"},\"primaryImageOfPage\":{\"@id\":\"https:\\\/\\\/urbeamea.ro\\\/albaiulia\\\/invitatie-de-1-decembrie-la-casa-memoriala-lucian-blaga-din-lancram-gazduim-expozitia-catedrala-incoronarii-istorie-si-har\\\/#primaryimage\"},\"image\":{\"@id\":\"https:\\\/\\\/urbeamea.ro\\\/albaiulia\\\/invitatie-de-1-decembrie-la-casa-memoriala-lucian-blaga-din-lancram-gazduim-expozitia-catedrala-incoronarii-istorie-si-har\\\/#primaryimage\"},\"thumbnailUrl\":\"https:\\\/\\\/urbeamea.ro\\\/albaiulia\\\/wp-content\\\/uploads\\\/2022\\\/11\\\/casa-memoriala-19.jpg\",\"datePublished\":\"2022-11-30T10:03:33+00:00\",\"dateModified\":\"2022-11-30T10:03:34+00:00\",\"author\":{\"@id\":\"https:\\\/\\\/urbeamea.ro\\\/albaiulia\\\/#\\\/schema\\\/person\\\/272ae98052f8ee8980f59848df070247\"},\"description\":\"Casa Memorial\u0103 \u201eLucian Blaga\\\" din Lancr\u0103m, compartiment al Centrului Cultural \u201eLucian Blaga\\\" Sebe\u0219, g\u0103zduie\u0219te, \u00eencep\u00e2nd cu 1 decembrie 2022, Ziua\",\"breadcrumb\":{\"@id\":\"https:\\\/\\\/urbeamea.ro\\\/albaiulia\\\/invitatie-de-1-decembrie-la-casa-memoriala-lucian-blaga-din-lancram-gazduim-expozitia-catedrala-incoronarii-istorie-si-har\\\/#breadcrumb\"},\"inLanguage\":\"ro-RO\",\"potentialAction\":[{\"@type\":\"ReadAction\",\"target\":[\"https:\\\/\\\/urbeamea.ro\\\/albaiulia\\\/invitatie-de-1-decembrie-la-casa-memoriala-lucian-blaga-din-lancram-gazduim-expozitia-catedrala-incoronarii-istorie-si-har\\\/\"]}]},{\"@type\":\"ImageObject\",\"inLanguage\":\"ro-RO\",\"@id\":\"https:\\\/\\\/urbeamea.ro\\\/albaiulia\\\/invitatie-de-1-decembrie-la-casa-memoriala-lucian-blaga-din-lancram-gazduim-expozitia-catedrala-incoronarii-istorie-si-har\\\/#primaryimage\",\"url\":\"https:\\\/\\\/urbeamea.ro\\\/albaiulia\\\/wp-content\\\/uploads\\\/2022\\\/11\\\/casa-memoriala-19.jpg\",\"contentUrl\":\"https:\\\/\\\/urbeamea.ro\\\/albaiulia\\\/wp-content\\\/uploads\\\/2022\\\/11\\\/casa-memoriala-19.jpg\",\"width\":1400,\"height\":936},{\"@type\":\"BreadcrumbList\",\"@id\":\"https:\\\/\\\/urbeamea.ro\\\/albaiulia\\\/invitatie-de-1-decembrie-la-casa-memoriala-lucian-blaga-din-lancram-gazduim-expozitia-catedrala-incoronarii-istorie-si-har\\\/#breadcrumb\",\"itemListElement\":[{\"@type\":\"ListItem\",\"position\":1,\"name\":\"Prima pagin\u0103\",\"item\":\"https:\\\/\\\/urbeamea.ro\\\/albaiulia\\\/\"},{\"@type\":\"ListItem\",\"position\":2,\"name\":\"Invita\u021bie de 1 decembrie la Casa Memorial\u0103 \u201eLucian Blaga&#8221; din Lancr\u0103m: g\u0103zduim expozi\u021bia \u00a0\u201eCatedrala \u00cencoron\u0103rii. Istorie \u0219i har&#8221;\"}]},{\"@type\":\"WebSite\",\"@id\":\"https:\\\/\\\/urbeamea.ro\\\/albaiulia\\\/#website\",\"url\":\"https:\\\/\\\/urbeamea.ro\\\/albaiulia\\\/\",\"name\":\"Revista Urbea Mea, Stiri urbane\",\"description\":\"Evenimente \u0219i \u0219tiri din Alba Iulia, Sebe\u0219, Aiud, Blaj\",\"potentialAction\":[{\"@type\":\"SearchAction\",\"target\":{\"@type\":\"EntryPoint\",\"urlTemplate\":\"https:\\\/\\\/urbeamea.ro\\\/albaiulia\\\/?s={search_term_string}\"},\"query-input\":{\"@type\":\"PropertyValueSpecification\",\"valueRequired\":true,\"valueName\":\"search_term_string\"}}],\"inLanguage\":\"ro-RO\"},{\"@type\":\"Person\",\"@id\":\"https:\\\/\\\/urbeamea.ro\\\/albaiulia\\\/#\\\/schema\\\/person\\\/272ae98052f8ee8980f59848df070247\",\"name\":\"Redac\u021bia UrbeaMea\",\"image\":{\"@type\":\"ImageObject\",\"inLanguage\":\"ro-RO\",\"@id\":\"https:\\\/\\\/secure.gravatar.com\\\/avatar\\\/9ce5a9435071fa1037e8468053ead8e513dbbff59009d3069aadb85506d85a27?s=96&d=mm&r=g\",\"url\":\"https:\\\/\\\/secure.gravatar.com\\\/avatar\\\/9ce5a9435071fa1037e8468053ead8e513dbbff59009d3069aadb85506d85a27?s=96&d=mm&r=g\",\"contentUrl\":\"https:\\\/\\\/secure.gravatar.com\\\/avatar\\\/9ce5a9435071fa1037e8468053ead8e513dbbff59009d3069aadb85506d85a27?s=96&d=mm&r=g\",\"caption\":\"Redac\u021bia UrbeaMea\"},\"description\":\"contact@urbeamea.ro\",\"sameAs\":[\"https:\\\/\\\/www.urbeamea.ro\"],\"url\":\"https:\\\/\\\/urbeamea.ro\\\/albaiulia\\\/author\\\/redactia-urbeamea\\\/\"}]}<\/script>\n<!-- \/ Yoast SEO plugin. -->","yoast_head_json":{"title":"Invita\u021bie de 1 decembrie la Casa Memorial\u0103 \u201eLucian Blaga\" din Lancr\u0103m: g\u0103zduim expozi\u021bia \u00a0\u201eCatedrala \u00cencoron\u0103rii. Istorie \u0219i har\" - Revista Urbea Mea - Revista de Alba","description":"Casa Memorial\u0103 \u201eLucian Blaga\" din Lancr\u0103m, compartiment al Centrului Cultural \u201eLucian Blaga\" Sebe\u0219, g\u0103zduie\u0219te, \u00eencep\u00e2nd cu 1 decembrie 2022, Ziua","robots":{"index":"index","follow":"follow","max-snippet":"max-snippet:-1","max-image-preview":"max-image-preview:large","max-video-preview":"max-video-preview:-1"},"canonical":"https:\/\/urbeamea.ro\/albaiulia\/invitatie-de-1-decembrie-la-casa-memoriala-lucian-blaga-din-lancram-gazduim-expozitia-catedrala-incoronarii-istorie-si-har\/","twitter_card":"summary_large_image","twitter_title":"Invita\u021bie de 1 decembrie la Casa Memorial\u0103 \u201eLucian Blaga\" din Lancr\u0103m: g\u0103zduim expozi\u021bia \u00a0\u201eCatedrala \u00cencoron\u0103rii. Istorie \u0219i har\" - Revista Urbea Mea - Revista de Alba","twitter_description":"Casa Memorial\u0103 \u201eLucian Blaga\" din Lancr\u0103m, compartiment al Centrului Cultural \u201eLucian Blaga\" Sebe\u0219, g\u0103zduie\u0219te, \u00eencep\u00e2nd cu 1 decembrie 2022, Ziua","twitter_image":"https:\/\/urbeamea.ro\/albaiulia\/wp-content\/uploads\/2022\/11\/casa-memoriala-19.jpg","twitter_creator":"@urbeameaweb","twitter_site":"@urbeameaweb","schema":{"@context":"https:\/\/schema.org","@graph":[{"@type":"Article","@id":"https:\/\/urbeamea.ro\/albaiulia\/invitatie-de-1-decembrie-la-casa-memoriala-lucian-blaga-din-lancram-gazduim-expozitia-catedrala-incoronarii-istorie-si-har\/#article","isPartOf":{"@id":"https:\/\/urbeamea.ro\/albaiulia\/invitatie-de-1-decembrie-la-casa-memoriala-lucian-blaga-din-lancram-gazduim-expozitia-catedrala-incoronarii-istorie-si-har\/"},"author":{"name":"Redac\u021bia UrbeaMea","@id":"https:\/\/urbeamea.ro\/albaiulia\/#\/schema\/person\/272ae98052f8ee8980f59848df070247"},"headline":"Invita\u021bie de 1 decembrie la Casa Memorial\u0103 \u201eLucian Blaga&#8221; din Lancr\u0103m: g\u0103zduim expozi\u021bia \u00a0\u201eCatedrala \u00cencoron\u0103rii. Istorie \u0219i har&#8221;","datePublished":"2022-11-30T10:03:33+00:00","dateModified":"2022-11-30T10:03:34+00:00","mainEntityOfPage":{"@id":"https:\/\/urbeamea.ro\/albaiulia\/invitatie-de-1-decembrie-la-casa-memoriala-lucian-blaga-din-lancram-gazduim-expozitia-catedrala-incoronarii-istorie-si-har\/"},"wordCount":287,"commentCount":0,"image":{"@id":"https:\/\/urbeamea.ro\/albaiulia\/invitatie-de-1-decembrie-la-casa-memoriala-lucian-blaga-din-lancram-gazduim-expozitia-catedrala-incoronarii-istorie-si-har\/#primaryimage"},"thumbnailUrl":"https:\/\/urbeamea.ro\/albaiulia\/wp-content\/uploads\/2022\/11\/casa-memoriala-19.jpg","keywords":["casa memoriala lucian blaga lancram"],"articleSection":["Evenimente"],"inLanguage":"ro-RO","potentialAction":[{"@type":"CommentAction","name":"Comment","target":["https:\/\/urbeamea.ro\/albaiulia\/invitatie-de-1-decembrie-la-casa-memoriala-lucian-blaga-din-lancram-gazduim-expozitia-catedrala-incoronarii-istorie-si-har\/#respond"]}]},{"@type":"WebPage","@id":"https:\/\/urbeamea.ro\/albaiulia\/invitatie-de-1-decembrie-la-casa-memoriala-lucian-blaga-din-lancram-gazduim-expozitia-catedrala-incoronarii-istorie-si-har\/","url":"https:\/\/urbeamea.ro\/albaiulia\/invitatie-de-1-decembrie-la-casa-memoriala-lucian-blaga-din-lancram-gazduim-expozitia-catedrala-incoronarii-istorie-si-har\/","name":"Invita\u021bie de 1 decembrie la Casa Memorial\u0103 \u201eLucian Blaga\" din Lancr\u0103m: g\u0103zduim expozi\u021bia \u00a0\u201eCatedrala \u00cencoron\u0103rii. Istorie \u0219i har\" - Revista Urbea Mea - Revista de Alba","isPartOf":{"@id":"https:\/\/urbeamea.ro\/albaiulia\/#website"},"primaryImageOfPage":{"@id":"https:\/\/urbeamea.ro\/albaiulia\/invitatie-de-1-decembrie-la-casa-memoriala-lucian-blaga-din-lancram-gazduim-expozitia-catedrala-incoronarii-istorie-si-har\/#primaryimage"},"image":{"@id":"https:\/\/urbeamea.ro\/albaiulia\/invitatie-de-1-decembrie-la-casa-memoriala-lucian-blaga-din-lancram-gazduim-expozitia-catedrala-incoronarii-istorie-si-har\/#primaryimage"},"thumbnailUrl":"https:\/\/urbeamea.ro\/albaiulia\/wp-content\/uploads\/2022\/11\/casa-memoriala-19.jpg","datePublished":"2022-11-30T10:03:33+00:00","dateModified":"2022-11-30T10:03:34+00:00","author":{"@id":"https:\/\/urbeamea.ro\/albaiulia\/#\/schema\/person\/272ae98052f8ee8980f59848df070247"},"description":"Casa Memorial\u0103 \u201eLucian Blaga\" din Lancr\u0103m, compartiment al Centrului Cultural \u201eLucian Blaga\" Sebe\u0219, g\u0103zduie\u0219te, \u00eencep\u00e2nd cu 1 decembrie 2022, Ziua","breadcrumb":{"@id":"https:\/\/urbeamea.ro\/albaiulia\/invitatie-de-1-decembrie-la-casa-memoriala-lucian-blaga-din-lancram-gazduim-expozitia-catedrala-incoronarii-istorie-si-har\/#breadcrumb"},"inLanguage":"ro-RO","potentialAction":[{"@type":"ReadAction","target":["https:\/\/urbeamea.ro\/albaiulia\/invitatie-de-1-decembrie-la-casa-memoriala-lucian-blaga-din-lancram-gazduim-expozitia-catedrala-incoronarii-istorie-si-har\/"]}]},{"@type":"ImageObject","inLanguage":"ro-RO","@id":"https:\/\/urbeamea.ro\/albaiulia\/invitatie-de-1-decembrie-la-casa-memoriala-lucian-blaga-din-lancram-gazduim-expozitia-catedrala-incoronarii-istorie-si-har\/#primaryimage","url":"https:\/\/urbeamea.ro\/albaiulia\/wp-content\/uploads\/2022\/11\/casa-memoriala-19.jpg","contentUrl":"https:\/\/urbeamea.ro\/albaiulia\/wp-content\/uploads\/2022\/11\/casa-memoriala-19.jpg","width":1400,"height":936},{"@type":"BreadcrumbList","@id":"https:\/\/urbeamea.ro\/albaiulia\/invitatie-de-1-decembrie-la-casa-memoriala-lucian-blaga-din-lancram-gazduim-expozitia-catedrala-incoronarii-istorie-si-har\/#breadcrumb","itemListElement":[{"@type":"ListItem","position":1,"name":"Prima pagin\u0103","item":"https:\/\/urbeamea.ro\/albaiulia\/"},{"@type":"ListItem","position":2,"name":"Invita\u021bie de 1 decembrie la Casa Memorial\u0103 \u201eLucian Blaga&#8221; din Lancr\u0103m: g\u0103zduim expozi\u021bia \u00a0\u201eCatedrala \u00cencoron\u0103rii. Istorie \u0219i har&#8221;"}]},{"@type":"WebSite","@id":"https:\/\/urbeamea.ro\/albaiulia\/#website","url":"https:\/\/urbeamea.ro\/albaiulia\/","name":"Revista Urbea Mea, Stiri urbane","description":"Evenimente \u0219i \u0219tiri din Alba Iulia, Sebe\u0219, Aiud, Blaj","potentialAction":[{"@type":"SearchAction","target":{"@type":"EntryPoint","urlTemplate":"https:\/\/urbeamea.ro\/albaiulia\/?s={search_term_string}"},"query-input":{"@type":"PropertyValueSpecification","valueRequired":true,"valueName":"search_term_string"}}],"inLanguage":"ro-RO"},{"@type":"Person","@id":"https:\/\/urbeamea.ro\/albaiulia\/#\/schema\/person\/272ae98052f8ee8980f59848df070247","name":"Redac\u021bia UrbeaMea","image":{"@type":"ImageObject","inLanguage":"ro-RO","@id":"https:\/\/secure.gravatar.com\/avatar\/9ce5a9435071fa1037e8468053ead8e513dbbff59009d3069aadb85506d85a27?s=96&d=mm&r=g","url":"https:\/\/secure.gravatar.com\/avatar\/9ce5a9435071fa1037e8468053ead8e513dbbff59009d3069aadb85506d85a27?s=96&d=mm&r=g","contentUrl":"https:\/\/secure.gravatar.com\/avatar\/9ce5a9435071fa1037e8468053ead8e513dbbff59009d3069aadb85506d85a27?s=96&d=mm&r=g","caption":"Redac\u021bia UrbeaMea"},"description":"contact@urbeamea.ro","sameAs":["https:\/\/www.urbeamea.ro"],"url":"https:\/\/urbeamea.ro\/albaiulia\/author\/redactia-urbeamea\/"}]}},"_links":{"self":[{"href":"https:\/\/urbeamea.ro\/albaiulia\/wp-json\/wp\/v2\/posts\/105471","targetHints":{"allow":["GET"]}}],"collection":[{"href":"https:\/\/urbeamea.ro\/albaiulia\/wp-json\/wp\/v2\/posts"}],"about":[{"href":"https:\/\/urbeamea.ro\/albaiulia\/wp-json\/wp\/v2\/types\/post"}],"author":[{"embeddable":true,"href":"https:\/\/urbeamea.ro\/albaiulia\/wp-json\/wp\/v2\/users\/16"}],"replies":[{"embeddable":true,"href":"https:\/\/urbeamea.ro\/albaiulia\/wp-json\/wp\/v2\/comments?post=105471"}],"version-history":[{"count":1,"href":"https:\/\/urbeamea.ro\/albaiulia\/wp-json\/wp\/v2\/posts\/105471\/revisions"}],"predecessor-version":[{"id":105474,"href":"https:\/\/urbeamea.ro\/albaiulia\/wp-json\/wp\/v2\/posts\/105471\/revisions\/105474"}],"wp:featuredmedia":[{"embeddable":true,"href":"https:\/\/urbeamea.ro\/albaiulia\/wp-json\/wp\/v2\/media\/105473"}],"wp:attachment":[{"href":"https:\/\/urbeamea.ro\/albaiulia\/wp-json\/wp\/v2\/media?parent=105471"}],"wp:term":[{"taxonomy":"category","embeddable":true,"href":"https:\/\/urbeamea.ro\/albaiulia\/wp-json\/wp\/v2\/categories?post=105471"},{"taxonomy":"post_tag","embeddable":true,"href":"https:\/\/urbeamea.ro\/albaiulia\/wp-json\/wp\/v2\/tags?post=105471"}],"curies":[{"name":"wp","href":"https:\/\/api.w.org\/{rel}","templated":true}]}}