{"id":105847,"date":"2022-12-21T10:35:19","date_gmt":"2022-12-21T08:35:19","guid":{"rendered":"https:\/\/urbeamea.ro\/albaiulia\/?p=105847"},"modified":"2022-12-21T12:30:54","modified_gmt":"2022-12-21T10:30:54","slug":"trofeul-bibliotecarul-anului-decernat-doamnei-luminita-dobos-moga-de-la-biblioteca-comunala-stremt-la-gala-premiilor-bibliotecii-judetene-lucian-blaga-alba-edit","status":"publish","type":"post","link":"https:\/\/urbeamea.ro\/albaiulia\/trofeul-bibliotecarul-anului-decernat-doamnei-luminita-dobos-moga-de-la-biblioteca-comunala-stremt-la-gala-premiilor-bibliotecii-judetene-lucian-blaga-alba-edit\/","title":{"rendered":"Trofeul \u201eBibliotecarul anului\u201d, decernat doamnei Lumini\u021ba Dobo\u0219 Moga, de la Biblioteca Comunal\u0103 Strem\u021b, la Gala Premiilor Bibliotecii Jude\u021bene \u201eLucian Blaga\u201d Alba, edi\u021bia a IV-a"},"content":{"rendered":"\n<p>Luni, 19 decembrie 2022, Consiliul Jude\u021bean Alba \u0219i Biblioteca Jude\u021bean\u0103 \u201eLucian Blaga\u201d Alba au organizat cea de-a IV-a edi\u021bie a Galei Premiilor Bibliotecii, un proiect cultural jude\u021bean anual, destinat valorific\u0103rii \u0219i recunoa\u0219terii activit\u0103\u021bilor de colaborare \u0219i parteneriat dintre bibliotec\u0103 \u0219i mediul extern.<\/p>\n\n\n\n<p>\u00cen cadrul galei s-au acordat diplome celor ce s-au implicat \u00een desf\u0103\u0219urarea proiectelor culturale derulate \u00een anul 2022, \u0219i anume: ONG-uri, institu\u021bii publice, institu\u021bii de cultur\u0103, unit\u0103\u021bi de \u00eenv\u0103\u021b\u0103m\u00e2nt, mass-media, voluntari \u0219i colaboratori ai bibliotecii, scriitori, biblioteci publice din jude\u021bul Alba.<\/p>\n\n\n\n<p>Trofeul \u201eBibliotecarul anului\u201d a fost decernat doamnei Lumini\u021ba Dobo\u0219 Moga, bilbiotecar la Biblioteca Comunal\u0103 Strem\u021b, pentru pasiunea \u0219i dedicarea de care a dat dovad\u0103 \u00een activitatea dedicat\u0103 lecturii \u0219i bibliotecii.<\/p>\n\n\n\n<p>\u0218i \u00een acest an, Gala Premiilor Bibliotecii s-a bucurat de o participare numeroas\u0103, evenimentul \u00eencheindu-se cu un recital sus\u021binut de muzicianul A.G. Weinberger.<\/p>\n\n\n\n<p>\u201eDragi prieteni ai Bibliotecii Jude\u021bene \u00abLucian Blaga\u00bb Alba, v\u0103 mul\u021bumim pentru implicarea \u00een activit\u0103\u021bile culturale de peste an ale institu\u021biei, v\u0103 asigur\u0103m de toat\u0103 pre\u021buirea noastr\u0103 \u0219i v\u0103 invit\u0103m s\u0103 fi\u021bi al\u0103turi de noi \u0219i \u00een 2023!\u201d, a transmis managerul Silvan St\u00e2ncel.<\/p>\n\n\n\n<figure class=\"wp-block-gallery has-nested-images columns-default is-cropped wp-block-gallery-1 is-layout-flex wp-block-gallery-is-layout-flex\">\n<figure class=\"wp-block-image size-large\"><a href=\"https:\/\/urbeamea.ro\/albaiulia\/wp-content\/uploads\/2022\/12\/gala3.jpg\"><img loading=\"lazy\" decoding=\"async\" width=\"1280\" height=\"854\" data-id=\"105848\" src=\"https:\/\/urbeamea.ro\/albaiulia\/wp-content\/uploads\/2022\/12\/gala3-1280x854.jpg\" alt=\"\" class=\"wp-image-105848\" srcset=\"https:\/\/urbeamea.ro\/albaiulia\/wp-content\/uploads\/2022\/12\/gala3-1280x854.jpg 1280w, https:\/\/urbeamea.ro\/albaiulia\/wp-content\/uploads\/2022\/12\/gala3-640x427.jpg 640w, https:\/\/urbeamea.ro\/albaiulia\/wp-content\/uploads\/2022\/12\/gala3-150x100.jpg 150w, https:\/\/urbeamea.ro\/albaiulia\/wp-content\/uploads\/2022\/12\/gala3-768x513.jpg 768w, https:\/\/urbeamea.ro\/albaiulia\/wp-content\/uploads\/2022\/12\/gala3-1536x1025.jpg 1536w, https:\/\/urbeamea.ro\/albaiulia\/wp-content\/uploads\/2022\/12\/gala3.jpg 1600w\" sizes=\"auto, (max-width: 1280px) 100vw, 1280px\" \/><\/a><\/figure>\n\n\n\n<figure class=\"wp-block-image size-large\"><a href=\"https:\/\/urbeamea.ro\/albaiulia\/wp-content\/uploads\/2022\/12\/gala2.jpg\"><img loading=\"lazy\" decoding=\"async\" width=\"1280\" height=\"854\" data-id=\"105849\" src=\"https:\/\/urbeamea.ro\/albaiulia\/wp-content\/uploads\/2022\/12\/gala2-1280x854.jpg\" alt=\"\" class=\"wp-image-105849\" srcset=\"https:\/\/urbeamea.ro\/albaiulia\/wp-content\/uploads\/2022\/12\/gala2-1280x854.jpg 1280w, https:\/\/urbeamea.ro\/albaiulia\/wp-content\/uploads\/2022\/12\/gala2-640x427.jpg 640w, https:\/\/urbeamea.ro\/albaiulia\/wp-content\/uploads\/2022\/12\/gala2-150x100.jpg 150w, https:\/\/urbeamea.ro\/albaiulia\/wp-content\/uploads\/2022\/12\/gala2-768x513.jpg 768w, https:\/\/urbeamea.ro\/albaiulia\/wp-content\/uploads\/2022\/12\/gala2-1536x1025.jpg 1536w, https:\/\/urbeamea.ro\/albaiulia\/wp-content\/uploads\/2022\/12\/gala2.jpg 1600w\" sizes=\"auto, (max-width: 1280px) 100vw, 1280px\" \/><\/a><\/figure>\n<\/figure>\n","protected":false},"excerpt":{"rendered":"<p>Luni, 19 decembrie 2022, Consiliul Jude\u021bean Alba \u0219i Biblioteca Jude\u021bean\u0103 \u201eLucian Blaga\u201d Alba au organizat cea de-a IV-a edi\u021bie a Galei Premiilor Bibliotecii, un proiect cultural jude\u021bean anual, destinat valorific\u0103rii \u0219i recunoa\u0219terii activit\u0103\u021bilor de colaborare \u0219i parteneriat dintre bibliotec\u0103 \u0219i mediul extern. \u00cen cadrul galei s-au acordat diplome celor ce s-au implicat \u00een desf\u0103\u0219urarea proiectelor &hellip;<\/p>\n","protected":false},"author":16,"featured_media":105850,"comment_status":"open","ping_status":"open","sticky":false,"template":"","format":"standard","meta":{"inline_featured_image":false,"footnotes":""},"categories":[4],"tags":[2113,24724],"class_list":["post-105847","post","type-post","status-publish","format-standard","has-post-thumbnail","hentry","category-eveniment","tag-biblioteca-judeteana-lucian-blaga-alba","tag-luminita-dobos-moga"],"yoast_head":"<!-- This site is optimized with the Yoast SEO plugin v27.4 - https:\/\/yoast.com\/product\/yoast-seo-wordpress\/ -->\n<title>Trofeul \u201eBibliotecarul anului\u201d, decernat doamnei Lumini\u021ba Dobo\u0219 Moga, de la Biblioteca Comunal\u0103 Strem\u021b, la Gala Premiilor Bibliotecii Jude\u021bene \u201eLucian Blaga\u201d Alba, edi\u021bia a IV-a - Revista Urbea Mea - Revista de Alba<\/title>\n<meta name=\"description\" content=\"Luni, 19 decembrie 2022, Consiliul Jude\u021bean Alba \u0219i Biblioteca Jude\u021bean\u0103 \u201eLucian Blaga\u201d Alba au organizat cea de-a IV-a edi\u021bie a Galei Premiilor\" \/>\n<meta name=\"robots\" content=\"index, follow, max-snippet:-1, max-image-preview:large, max-video-preview:-1\" \/>\n<link rel=\"canonical\" href=\"https:\/\/urbeamea.ro\/albaiulia\/trofeul-bibliotecarul-anului-decernat-doamnei-luminita-dobos-moga-de-la-biblioteca-comunala-stremt-la-gala-premiilor-bibliotecii-judetene-lucian-blaga-alba-edit\/\" \/>\n<meta name=\"twitter:card\" content=\"summary_large_image\" \/>\n<meta name=\"twitter:title\" content=\"Trofeul \u201eBibliotecarul anului\u201d, decernat doamnei Lumini\u021ba Dobo\u0219 Moga, de la Biblioteca Comunal\u0103 Strem\u021b, la Gala Premiilor Bibliotecii Jude\u021bene \u201eLucian Blaga\u201d Alba, edi\u021bia a IV-a - Revista Urbea Mea - Revista de Alba\" \/>\n<meta name=\"twitter:description\" content=\"Luni, 19 decembrie 2022, Consiliul Jude\u021bean Alba \u0219i Biblioteca Jude\u021bean\u0103 \u201eLucian Blaga\u201d Alba au organizat cea de-a IV-a edi\u021bie a Galei Premiilor\" \/>\n<meta name=\"twitter:image\" content=\"https:\/\/urbeamea.ro\/albaiulia\/wp-content\/uploads\/2022\/12\/gala1.jpg\" \/>\n<meta name=\"twitter:creator\" content=\"@urbeameaweb\" \/>\n<meta name=\"twitter:site\" content=\"@urbeameaweb\" \/>\n<script type=\"application\/ld+json\" class=\"yoast-schema-graph\">{\"@context\":\"https:\\\/\\\/schema.org\",\"@graph\":[{\"@type\":\"Article\",\"@id\":\"https:\\\/\\\/urbeamea.ro\\\/albaiulia\\\/trofeul-bibliotecarul-anului-decernat-doamnei-luminita-dobos-moga-de-la-biblioteca-comunala-stremt-la-gala-premiilor-bibliotecii-judetene-lucian-blaga-alba-edit\\\/#article\",\"isPartOf\":{\"@id\":\"https:\\\/\\\/urbeamea.ro\\\/albaiulia\\\/trofeul-bibliotecarul-anului-decernat-doamnei-luminita-dobos-moga-de-la-biblioteca-comunala-stremt-la-gala-premiilor-bibliotecii-judetene-lucian-blaga-alba-edit\\\/\"},\"author\":{\"name\":\"Redac\u021bia UrbeaMea\",\"@id\":\"https:\\\/\\\/urbeamea.ro\\\/albaiulia\\\/#\\\/schema\\\/person\\\/272ae98052f8ee8980f59848df070247\"},\"headline\":\"Trofeul \u201eBibliotecarul anului\u201d, decernat doamnei Lumini\u021ba Dobo\u0219 Moga, de la Biblioteca Comunal\u0103 Strem\u021b, la Gala Premiilor Bibliotecii Jude\u021bene \u201eLucian Blaga\u201d Alba, edi\u021bia a IV-a\",\"datePublished\":\"2022-12-21T08:35:19+00:00\",\"dateModified\":\"2022-12-21T10:30:54+00:00\",\"mainEntityOfPage\":{\"@id\":\"https:\\\/\\\/urbeamea.ro\\\/albaiulia\\\/trofeul-bibliotecarul-anului-decernat-doamnei-luminita-dobos-moga-de-la-biblioteca-comunala-stremt-la-gala-premiilor-bibliotecii-judetene-lucian-blaga-alba-edit\\\/\"},\"wordCount\":228,\"commentCount\":0,\"image\":{\"@id\":\"https:\\\/\\\/urbeamea.ro\\\/albaiulia\\\/trofeul-bibliotecarul-anului-decernat-doamnei-luminita-dobos-moga-de-la-biblioteca-comunala-stremt-la-gala-premiilor-bibliotecii-judetene-lucian-blaga-alba-edit\\\/#primaryimage\"},\"thumbnailUrl\":\"https:\\\/\\\/urbeamea.ro\\\/albaiulia\\\/wp-content\\\/uploads\\\/2022\\\/12\\\/gala1.jpg\",\"keywords\":[\"Biblioteca Jude\u0163ean\u0103 \u201cLucian Blaga\u201d Alba\",\"luminita dobos moga\"],\"articleSection\":[\"Evenimente\"],\"inLanguage\":\"ro-RO\",\"potentialAction\":[{\"@type\":\"CommentAction\",\"name\":\"Comment\",\"target\":[\"https:\\\/\\\/urbeamea.ro\\\/albaiulia\\\/trofeul-bibliotecarul-anului-decernat-doamnei-luminita-dobos-moga-de-la-biblioteca-comunala-stremt-la-gala-premiilor-bibliotecii-judetene-lucian-blaga-alba-edit\\\/#respond\"]}]},{\"@type\":\"WebPage\",\"@id\":\"https:\\\/\\\/urbeamea.ro\\\/albaiulia\\\/trofeul-bibliotecarul-anului-decernat-doamnei-luminita-dobos-moga-de-la-biblioteca-comunala-stremt-la-gala-premiilor-bibliotecii-judetene-lucian-blaga-alba-edit\\\/\",\"url\":\"https:\\\/\\\/urbeamea.ro\\\/albaiulia\\\/trofeul-bibliotecarul-anului-decernat-doamnei-luminita-dobos-moga-de-la-biblioteca-comunala-stremt-la-gala-premiilor-bibliotecii-judetene-lucian-blaga-alba-edit\\\/\",\"name\":\"Trofeul \u201eBibliotecarul anului\u201d, decernat doamnei Lumini\u021ba Dobo\u0219 Moga, de la Biblioteca Comunal\u0103 Strem\u021b, la Gala Premiilor Bibliotecii Jude\u021bene \u201eLucian Blaga\u201d Alba, edi\u021bia a IV-a - Revista Urbea Mea - Revista de Alba\",\"isPartOf\":{\"@id\":\"https:\\\/\\\/urbeamea.ro\\\/albaiulia\\\/#website\"},\"primaryImageOfPage\":{\"@id\":\"https:\\\/\\\/urbeamea.ro\\\/albaiulia\\\/trofeul-bibliotecarul-anului-decernat-doamnei-luminita-dobos-moga-de-la-biblioteca-comunala-stremt-la-gala-premiilor-bibliotecii-judetene-lucian-blaga-alba-edit\\\/#primaryimage\"},\"image\":{\"@id\":\"https:\\\/\\\/urbeamea.ro\\\/albaiulia\\\/trofeul-bibliotecarul-anului-decernat-doamnei-luminita-dobos-moga-de-la-biblioteca-comunala-stremt-la-gala-premiilor-bibliotecii-judetene-lucian-blaga-alba-edit\\\/#primaryimage\"},\"thumbnailUrl\":\"https:\\\/\\\/urbeamea.ro\\\/albaiulia\\\/wp-content\\\/uploads\\\/2022\\\/12\\\/gala1.jpg\",\"datePublished\":\"2022-12-21T08:35:19+00:00\",\"dateModified\":\"2022-12-21T10:30:54+00:00\",\"author\":{\"@id\":\"https:\\\/\\\/urbeamea.ro\\\/albaiulia\\\/#\\\/schema\\\/person\\\/272ae98052f8ee8980f59848df070247\"},\"description\":\"Luni, 19 decembrie 2022, Consiliul Jude\u021bean Alba \u0219i Biblioteca Jude\u021bean\u0103 \u201eLucian Blaga\u201d Alba au organizat cea de-a IV-a edi\u021bie a Galei Premiilor\",\"breadcrumb\":{\"@id\":\"https:\\\/\\\/urbeamea.ro\\\/albaiulia\\\/trofeul-bibliotecarul-anului-decernat-doamnei-luminita-dobos-moga-de-la-biblioteca-comunala-stremt-la-gala-premiilor-bibliotecii-judetene-lucian-blaga-alba-edit\\\/#breadcrumb\"},\"inLanguage\":\"ro-RO\",\"potentialAction\":[{\"@type\":\"ReadAction\",\"target\":[\"https:\\\/\\\/urbeamea.ro\\\/albaiulia\\\/trofeul-bibliotecarul-anului-decernat-doamnei-luminita-dobos-moga-de-la-biblioteca-comunala-stremt-la-gala-premiilor-bibliotecii-judetene-lucian-blaga-alba-edit\\\/\"]}]},{\"@type\":\"ImageObject\",\"inLanguage\":\"ro-RO\",\"@id\":\"https:\\\/\\\/urbeamea.ro\\\/albaiulia\\\/trofeul-bibliotecarul-anului-decernat-doamnei-luminita-dobos-moga-de-la-biblioteca-comunala-stremt-la-gala-premiilor-bibliotecii-judetene-lucian-blaga-alba-edit\\\/#primaryimage\",\"url\":\"https:\\\/\\\/urbeamea.ro\\\/albaiulia\\\/wp-content\\\/uploads\\\/2022\\\/12\\\/gala1.jpg\",\"contentUrl\":\"https:\\\/\\\/urbeamea.ro\\\/albaiulia\\\/wp-content\\\/uploads\\\/2022\\\/12\\\/gala1.jpg\",\"width\":1600,\"height\":1068},{\"@type\":\"BreadcrumbList\",\"@id\":\"https:\\\/\\\/urbeamea.ro\\\/albaiulia\\\/trofeul-bibliotecarul-anului-decernat-doamnei-luminita-dobos-moga-de-la-biblioteca-comunala-stremt-la-gala-premiilor-bibliotecii-judetene-lucian-blaga-alba-edit\\\/#breadcrumb\",\"itemListElement\":[{\"@type\":\"ListItem\",\"position\":1,\"name\":\"Prima pagin\u0103\",\"item\":\"https:\\\/\\\/urbeamea.ro\\\/albaiulia\\\/\"},{\"@type\":\"ListItem\",\"position\":2,\"name\":\"Trofeul \u201eBibliotecarul anului\u201d, decernat doamnei Lumini\u021ba Dobo\u0219 Moga, de la Biblioteca Comunal\u0103 Strem\u021b, la Gala Premiilor Bibliotecii Jude\u021bene \u201eLucian Blaga\u201d Alba, edi\u021bia a IV-a\"}]},{\"@type\":\"WebSite\",\"@id\":\"https:\\\/\\\/urbeamea.ro\\\/albaiulia\\\/#website\",\"url\":\"https:\\\/\\\/urbeamea.ro\\\/albaiulia\\\/\",\"name\":\"Revista Urbea Mea, Stiri urbane\",\"description\":\"Evenimente \u0219i \u0219tiri din Alba Iulia, Sebe\u0219, Aiud, Blaj\",\"potentialAction\":[{\"@type\":\"SearchAction\",\"target\":{\"@type\":\"EntryPoint\",\"urlTemplate\":\"https:\\\/\\\/urbeamea.ro\\\/albaiulia\\\/?s={search_term_string}\"},\"query-input\":{\"@type\":\"PropertyValueSpecification\",\"valueRequired\":true,\"valueName\":\"search_term_string\"}}],\"inLanguage\":\"ro-RO\"},{\"@type\":\"Person\",\"@id\":\"https:\\\/\\\/urbeamea.ro\\\/albaiulia\\\/#\\\/schema\\\/person\\\/272ae98052f8ee8980f59848df070247\",\"name\":\"Redac\u021bia UrbeaMea\",\"image\":{\"@type\":\"ImageObject\",\"inLanguage\":\"ro-RO\",\"@id\":\"https:\\\/\\\/secure.gravatar.com\\\/avatar\\\/9ce5a9435071fa1037e8468053ead8e513dbbff59009d3069aadb85506d85a27?s=96&d=mm&r=g\",\"url\":\"https:\\\/\\\/secure.gravatar.com\\\/avatar\\\/9ce5a9435071fa1037e8468053ead8e513dbbff59009d3069aadb85506d85a27?s=96&d=mm&r=g\",\"contentUrl\":\"https:\\\/\\\/secure.gravatar.com\\\/avatar\\\/9ce5a9435071fa1037e8468053ead8e513dbbff59009d3069aadb85506d85a27?s=96&d=mm&r=g\",\"caption\":\"Redac\u021bia UrbeaMea\"},\"description\":\"contact@urbeamea.ro\",\"sameAs\":[\"https:\\\/\\\/www.urbeamea.ro\"],\"url\":\"https:\\\/\\\/urbeamea.ro\\\/albaiulia\\\/author\\\/redactia-urbeamea\\\/\"}]}<\/script>\n<!-- \/ Yoast SEO plugin. -->","yoast_head_json":{"title":"Trofeul \u201eBibliotecarul anului\u201d, decernat doamnei Lumini\u021ba Dobo\u0219 Moga, de la Biblioteca Comunal\u0103 Strem\u021b, la Gala Premiilor Bibliotecii Jude\u021bene \u201eLucian Blaga\u201d Alba, edi\u021bia a IV-a - Revista Urbea Mea - Revista de Alba","description":"Luni, 19 decembrie 2022, Consiliul Jude\u021bean Alba \u0219i Biblioteca Jude\u021bean\u0103 \u201eLucian Blaga\u201d Alba au organizat cea de-a IV-a edi\u021bie a Galei Premiilor","robots":{"index":"index","follow":"follow","max-snippet":"max-snippet:-1","max-image-preview":"max-image-preview:large","max-video-preview":"max-video-preview:-1"},"canonical":"https:\/\/urbeamea.ro\/albaiulia\/trofeul-bibliotecarul-anului-decernat-doamnei-luminita-dobos-moga-de-la-biblioteca-comunala-stremt-la-gala-premiilor-bibliotecii-judetene-lucian-blaga-alba-edit\/","twitter_card":"summary_large_image","twitter_title":"Trofeul \u201eBibliotecarul anului\u201d, decernat doamnei Lumini\u021ba Dobo\u0219 Moga, de la Biblioteca Comunal\u0103 Strem\u021b, la Gala Premiilor Bibliotecii Jude\u021bene \u201eLucian Blaga\u201d Alba, edi\u021bia a IV-a - Revista Urbea Mea - Revista de Alba","twitter_description":"Luni, 19 decembrie 2022, Consiliul Jude\u021bean Alba \u0219i Biblioteca Jude\u021bean\u0103 \u201eLucian Blaga\u201d Alba au organizat cea de-a IV-a edi\u021bie a Galei Premiilor","twitter_image":"https:\/\/urbeamea.ro\/albaiulia\/wp-content\/uploads\/2022\/12\/gala1.jpg","twitter_creator":"@urbeameaweb","twitter_site":"@urbeameaweb","schema":{"@context":"https:\/\/schema.org","@graph":[{"@type":"Article","@id":"https:\/\/urbeamea.ro\/albaiulia\/trofeul-bibliotecarul-anului-decernat-doamnei-luminita-dobos-moga-de-la-biblioteca-comunala-stremt-la-gala-premiilor-bibliotecii-judetene-lucian-blaga-alba-edit\/#article","isPartOf":{"@id":"https:\/\/urbeamea.ro\/albaiulia\/trofeul-bibliotecarul-anului-decernat-doamnei-luminita-dobos-moga-de-la-biblioteca-comunala-stremt-la-gala-premiilor-bibliotecii-judetene-lucian-blaga-alba-edit\/"},"author":{"name":"Redac\u021bia UrbeaMea","@id":"https:\/\/urbeamea.ro\/albaiulia\/#\/schema\/person\/272ae98052f8ee8980f59848df070247"},"headline":"Trofeul \u201eBibliotecarul anului\u201d, decernat doamnei Lumini\u021ba Dobo\u0219 Moga, de la Biblioteca Comunal\u0103 Strem\u021b, la Gala Premiilor Bibliotecii Jude\u021bene \u201eLucian Blaga\u201d Alba, edi\u021bia a IV-a","datePublished":"2022-12-21T08:35:19+00:00","dateModified":"2022-12-21T10:30:54+00:00","mainEntityOfPage":{"@id":"https:\/\/urbeamea.ro\/albaiulia\/trofeul-bibliotecarul-anului-decernat-doamnei-luminita-dobos-moga-de-la-biblioteca-comunala-stremt-la-gala-premiilor-bibliotecii-judetene-lucian-blaga-alba-edit\/"},"wordCount":228,"commentCount":0,"image":{"@id":"https:\/\/urbeamea.ro\/albaiulia\/trofeul-bibliotecarul-anului-decernat-doamnei-luminita-dobos-moga-de-la-biblioteca-comunala-stremt-la-gala-premiilor-bibliotecii-judetene-lucian-blaga-alba-edit\/#primaryimage"},"thumbnailUrl":"https:\/\/urbeamea.ro\/albaiulia\/wp-content\/uploads\/2022\/12\/gala1.jpg","keywords":["Biblioteca Jude\u0163ean\u0103 \u201cLucian Blaga\u201d Alba","luminita dobos moga"],"articleSection":["Evenimente"],"inLanguage":"ro-RO","potentialAction":[{"@type":"CommentAction","name":"Comment","target":["https:\/\/urbeamea.ro\/albaiulia\/trofeul-bibliotecarul-anului-decernat-doamnei-luminita-dobos-moga-de-la-biblioteca-comunala-stremt-la-gala-premiilor-bibliotecii-judetene-lucian-blaga-alba-edit\/#respond"]}]},{"@type":"WebPage","@id":"https:\/\/urbeamea.ro\/albaiulia\/trofeul-bibliotecarul-anului-decernat-doamnei-luminita-dobos-moga-de-la-biblioteca-comunala-stremt-la-gala-premiilor-bibliotecii-judetene-lucian-blaga-alba-edit\/","url":"https:\/\/urbeamea.ro\/albaiulia\/trofeul-bibliotecarul-anului-decernat-doamnei-luminita-dobos-moga-de-la-biblioteca-comunala-stremt-la-gala-premiilor-bibliotecii-judetene-lucian-blaga-alba-edit\/","name":"Trofeul \u201eBibliotecarul anului\u201d, decernat doamnei Lumini\u021ba Dobo\u0219 Moga, de la Biblioteca Comunal\u0103 Strem\u021b, la Gala Premiilor Bibliotecii Jude\u021bene \u201eLucian Blaga\u201d Alba, edi\u021bia a IV-a - Revista Urbea Mea - Revista de Alba","isPartOf":{"@id":"https:\/\/urbeamea.ro\/albaiulia\/#website"},"primaryImageOfPage":{"@id":"https:\/\/urbeamea.ro\/albaiulia\/trofeul-bibliotecarul-anului-decernat-doamnei-luminita-dobos-moga-de-la-biblioteca-comunala-stremt-la-gala-premiilor-bibliotecii-judetene-lucian-blaga-alba-edit\/#primaryimage"},"image":{"@id":"https:\/\/urbeamea.ro\/albaiulia\/trofeul-bibliotecarul-anului-decernat-doamnei-luminita-dobos-moga-de-la-biblioteca-comunala-stremt-la-gala-premiilor-bibliotecii-judetene-lucian-blaga-alba-edit\/#primaryimage"},"thumbnailUrl":"https:\/\/urbeamea.ro\/albaiulia\/wp-content\/uploads\/2022\/12\/gala1.jpg","datePublished":"2022-12-21T08:35:19+00:00","dateModified":"2022-12-21T10:30:54+00:00","author":{"@id":"https:\/\/urbeamea.ro\/albaiulia\/#\/schema\/person\/272ae98052f8ee8980f59848df070247"},"description":"Luni, 19 decembrie 2022, Consiliul Jude\u021bean Alba \u0219i Biblioteca Jude\u021bean\u0103 \u201eLucian Blaga\u201d Alba au organizat cea de-a IV-a edi\u021bie a Galei Premiilor","breadcrumb":{"@id":"https:\/\/urbeamea.ro\/albaiulia\/trofeul-bibliotecarul-anului-decernat-doamnei-luminita-dobos-moga-de-la-biblioteca-comunala-stremt-la-gala-premiilor-bibliotecii-judetene-lucian-blaga-alba-edit\/#breadcrumb"},"inLanguage":"ro-RO","potentialAction":[{"@type":"ReadAction","target":["https:\/\/urbeamea.ro\/albaiulia\/trofeul-bibliotecarul-anului-decernat-doamnei-luminita-dobos-moga-de-la-biblioteca-comunala-stremt-la-gala-premiilor-bibliotecii-judetene-lucian-blaga-alba-edit\/"]}]},{"@type":"ImageObject","inLanguage":"ro-RO","@id":"https:\/\/urbeamea.ro\/albaiulia\/trofeul-bibliotecarul-anului-decernat-doamnei-luminita-dobos-moga-de-la-biblioteca-comunala-stremt-la-gala-premiilor-bibliotecii-judetene-lucian-blaga-alba-edit\/#primaryimage","url":"https:\/\/urbeamea.ro\/albaiulia\/wp-content\/uploads\/2022\/12\/gala1.jpg","contentUrl":"https:\/\/urbeamea.ro\/albaiulia\/wp-content\/uploads\/2022\/12\/gala1.jpg","width":1600,"height":1068},{"@type":"BreadcrumbList","@id":"https:\/\/urbeamea.ro\/albaiulia\/trofeul-bibliotecarul-anului-decernat-doamnei-luminita-dobos-moga-de-la-biblioteca-comunala-stremt-la-gala-premiilor-bibliotecii-judetene-lucian-blaga-alba-edit\/#breadcrumb","itemListElement":[{"@type":"ListItem","position":1,"name":"Prima pagin\u0103","item":"https:\/\/urbeamea.ro\/albaiulia\/"},{"@type":"ListItem","position":2,"name":"Trofeul \u201eBibliotecarul anului\u201d, decernat doamnei Lumini\u021ba Dobo\u0219 Moga, de la Biblioteca Comunal\u0103 Strem\u021b, la Gala Premiilor Bibliotecii Jude\u021bene \u201eLucian Blaga\u201d Alba, edi\u021bia a IV-a"}]},{"@type":"WebSite","@id":"https:\/\/urbeamea.ro\/albaiulia\/#website","url":"https:\/\/urbeamea.ro\/albaiulia\/","name":"Revista Urbea Mea, Stiri urbane","description":"Evenimente \u0219i \u0219tiri din Alba Iulia, Sebe\u0219, Aiud, Blaj","potentialAction":[{"@type":"SearchAction","target":{"@type":"EntryPoint","urlTemplate":"https:\/\/urbeamea.ro\/albaiulia\/?s={search_term_string}"},"query-input":{"@type":"PropertyValueSpecification","valueRequired":true,"valueName":"search_term_string"}}],"inLanguage":"ro-RO"},{"@type":"Person","@id":"https:\/\/urbeamea.ro\/albaiulia\/#\/schema\/person\/272ae98052f8ee8980f59848df070247","name":"Redac\u021bia UrbeaMea","image":{"@type":"ImageObject","inLanguage":"ro-RO","@id":"https:\/\/secure.gravatar.com\/avatar\/9ce5a9435071fa1037e8468053ead8e513dbbff59009d3069aadb85506d85a27?s=96&d=mm&r=g","url":"https:\/\/secure.gravatar.com\/avatar\/9ce5a9435071fa1037e8468053ead8e513dbbff59009d3069aadb85506d85a27?s=96&d=mm&r=g","contentUrl":"https:\/\/secure.gravatar.com\/avatar\/9ce5a9435071fa1037e8468053ead8e513dbbff59009d3069aadb85506d85a27?s=96&d=mm&r=g","caption":"Redac\u021bia UrbeaMea"},"description":"contact@urbeamea.ro","sameAs":["https:\/\/www.urbeamea.ro"],"url":"https:\/\/urbeamea.ro\/albaiulia\/author\/redactia-urbeamea\/"}]}},"_links":{"self":[{"href":"https:\/\/urbeamea.ro\/albaiulia\/wp-json\/wp\/v2\/posts\/105847","targetHints":{"allow":["GET"]}}],"collection":[{"href":"https:\/\/urbeamea.ro\/albaiulia\/wp-json\/wp\/v2\/posts"}],"about":[{"href":"https:\/\/urbeamea.ro\/albaiulia\/wp-json\/wp\/v2\/types\/post"}],"author":[{"embeddable":true,"href":"https:\/\/urbeamea.ro\/albaiulia\/wp-json\/wp\/v2\/users\/16"}],"replies":[{"embeddable":true,"href":"https:\/\/urbeamea.ro\/albaiulia\/wp-json\/wp\/v2\/comments?post=105847"}],"version-history":[{"count":2,"href":"https:\/\/urbeamea.ro\/albaiulia\/wp-json\/wp\/v2\/posts\/105847\/revisions"}],"predecessor-version":[{"id":105853,"href":"https:\/\/urbeamea.ro\/albaiulia\/wp-json\/wp\/v2\/posts\/105847\/revisions\/105853"}],"wp:featuredmedia":[{"embeddable":true,"href":"https:\/\/urbeamea.ro\/albaiulia\/wp-json\/wp\/v2\/media\/105850"}],"wp:attachment":[{"href":"https:\/\/urbeamea.ro\/albaiulia\/wp-json\/wp\/v2\/media?parent=105847"}],"wp:term":[{"taxonomy":"category","embeddable":true,"href":"https:\/\/urbeamea.ro\/albaiulia\/wp-json\/wp\/v2\/categories?post=105847"},{"taxonomy":"post_tag","embeddable":true,"href":"https:\/\/urbeamea.ro\/albaiulia\/wp-json\/wp\/v2\/tags?post=105847"}],"curies":[{"name":"wp","href":"https:\/\/api.w.org\/{rel}","templated":true}]}}