{"id":106100,"date":"2023-01-21T11:56:39","date_gmt":"2023-01-21T09:56:39","guid":{"rendered":"https:\/\/urbeamea.ro\/albaiulia\/?p=106100"},"modified":"2023-01-21T11:56:40","modified_gmt":"2023-01-21T09:56:40","slug":"programul-de-circulatie-al-stp-sa-pentru-zilele-de-23-si-24-ianuarie-2023-in-zona-metropolitana-alba-iulia","status":"publish","type":"post","link":"https:\/\/urbeamea.ro\/albaiulia\/programul-de-circulatie-al-stp-sa-pentru-zilele-de-23-si-24-ianuarie-2023-in-zona-metropolitana-alba-iulia\/","title":{"rendered":"Programul de circula\u021bie al STP SA\u00a0 pentru zilele\u00a0 de 23 \u0219i\u00a0 24 Ianuarie 2023 \u00een Zona Metropolitan\u0103 Alba Iulia"},"content":{"rendered":"\n<p>Societatea de Transport Public SA Alba Iulia \u00ee\u0219i adapteaz\u0103 programul de transport cu prilejul s\u0103rb\u0103toririi\u00a0 <strong>Micii Uniri din 24 Ianuarie 1859 &#8211; Unirea Principatelor Rom\u00e2ne.<\/strong><\/p>\n\n\n\n<p>Astfel, programul de circula\u021bie al Societ\u0103\u021bii de Transport Public S.A. Alba Iulia \u00een Zonele Metropolitane 1-7\u00a0 se va derula dup\u0103 cum urmeaz\u0103:<\/p>\n\n\n\n<p>&nbsp;&nbsp;&nbsp;&nbsp;&nbsp; &#8211;&nbsp;&nbsp;&nbsp; 23 ianuarie 2023 \u2013 programul de transport al unei zile lucr\u0103toare din perioada vacan\u021bei \u0219colare. Programul de circula\u021bie al autobuzelor care transport\u0103 angaja\u021bii societ\u0103\u021bilor comerciale va fi adaptat \u00een func\u021bie de programul de lucru comunicat de acestea.<\/p>\n\n\n\n<ul class=\"wp-block-list\">\n<li>&nbsp;24 Ianuarie 2023 &#8211;&nbsp; program de duminic\u0103.<\/li>\n<\/ul>\n\n\n\n<p>Informa\u021biile referitoare la\u00a0 programul de circula\u021bie \u00een <strong>zona tarifar\u0103 1 (Alba Iulia, Mice\u0219ti, B\u0103r\u0103ban\u021b, Oarda, P\u00e2cli\u0219a)<\/strong> se pot ob\u021bine de la dispeceratul STP, la num\u0103rul de telefon 0258\/812826.<\/p>\n\n\n\n<p>Pentru informa\u021bii legate de programul de circula\u021bie \u00een <strong>zonele tarifare 2-7 (Dr\u00e2mbar, Teleac, Limba, S\u00eentimbru, Ciugud,\u00a0 \u0218ard, H\u0103pria, Totoi, \u0218eu\u0219a, Oiejdea, Ighiu, Galtiu, \u021aelna, Bucerdea Vinoas\u0103, Craiva, Ighiel, Galda de Jos, Dumitra,\u00a0 Mesentea, Co\u0219lariu,\u00a0 Cric\u0103u, Benic, Tibru \u0219i Galda de Sus,\u00a0 Mihal\u021b, Obreja, Poiana Galdei, Cetea,\u00a0 <\/strong><strong>\u00centregalde)<\/strong> c\u0103l\u0103torii pot apela Autogara STP, la num\u0103rul de telefon 0258\/812967 sau 0258\/810588.<\/p>\n\n\n\n<p>Informa\u021biile sunt disponibile \u0219i pe site-ul <a href=\"http:\/\/www.stpalba.ro\/\">ww<\/a><a href=\"http:\/\/www.stpalba.ro\/\" target=\"_blank\" rel=\"noreferrer noopener\">w.stpalba.ro<\/a><\/p>\n","protected":false},"excerpt":{"rendered":"<p>Societatea de Transport Public SA Alba Iulia \u00ee\u0219i adapteaz\u0103 programul de transport cu prilejul s\u0103rb\u0103toririi\u00a0 Micii Uniri din 24 Ianuarie 1859 &#8211; Unirea Principatelor Rom\u00e2ne. Astfel, programul de circula\u021bie al Societ\u0103\u021bii de Transport Public S.A. Alba Iulia \u00een Zonele Metropolitane 1-7\u00a0 se va derula dup\u0103 cum urmeaz\u0103: &nbsp;&nbsp;&nbsp;&nbsp;&nbsp; &#8211;&nbsp;&nbsp;&nbsp; 23 ianuarie 2023 \u2013 programul de &hellip;<\/p>\n","protected":false},"author":16,"featured_media":30066,"comment_status":"open","ping_status":"open","sticky":false,"template":"","format":"standard","meta":{"inline_featured_image":false,"footnotes":""},"categories":[1],"tags":[1599],"class_list":["post-106100","post","type-post","status-publish","format-standard","has-post-thumbnail","hentry","category-stiri-urbane","tag-stp-alba"],"yoast_head":"<!-- This site is optimized with the Yoast SEO plugin v27.4 - https:\/\/yoast.com\/product\/yoast-seo-wordpress\/ -->\n<title>Programul de circula\u021bie al STP SA\u00a0 pentru zilele\u00a0 de 23 \u0219i\u00a0 24 Ianuarie 2023 \u00een Zona Metropolitan\u0103 Alba Iulia - Revista Urbea Mea - Revista de Alba<\/title>\n<meta name=\"description\" content=\"Societatea de Transport Public SA Alba Iulia \u00ee\u0219i adapteaz\u0103 programul de transport cu prilejul s\u0103rb\u0103toririi\u00a0 Micii Uniri din 24 Ianuarie 1859 - Unirea\" \/>\n<meta name=\"robots\" content=\"index, follow, max-snippet:-1, max-image-preview:large, max-video-preview:-1\" \/>\n<link rel=\"canonical\" href=\"https:\/\/urbeamea.ro\/albaiulia\/programul-de-circulatie-al-stp-sa-pentru-zilele-de-23-si-24-ianuarie-2023-in-zona-metropolitana-alba-iulia\/\" \/>\n<meta name=\"twitter:card\" content=\"summary_large_image\" \/>\n<meta name=\"twitter:title\" content=\"Programul de circula\u021bie al STP SA\u00a0 pentru zilele\u00a0 de 23 \u0219i\u00a0 24 Ianuarie 2023 \u00een Zona Metropolitan\u0103 Alba Iulia - Revista Urbea Mea - Revista de Alba\" \/>\n<meta name=\"twitter:description\" content=\"Societatea de Transport Public SA Alba Iulia \u00ee\u0219i adapteaz\u0103 programul de transport cu prilejul s\u0103rb\u0103toririi\u00a0 Micii Uniri din 24 Ianuarie 1859 - Unirea\" \/>\n<meta name=\"twitter:image\" content=\"https:\/\/urbeamea.ro\/albaiulia\/wp-content\/uploads\/2016\/08\/autobuz-1.jpg\" \/>\n<meta name=\"twitter:creator\" content=\"@urbeameaweb\" \/>\n<meta name=\"twitter:site\" content=\"@urbeameaweb\" \/>\n<script type=\"application\/ld+json\" class=\"yoast-schema-graph\">{\"@context\":\"https:\\\/\\\/schema.org\",\"@graph\":[{\"@type\":\"Article\",\"@id\":\"https:\\\/\\\/urbeamea.ro\\\/albaiulia\\\/programul-de-circulatie-al-stp-sa-pentru-zilele-de-23-si-24-ianuarie-2023-in-zona-metropolitana-alba-iulia\\\/#article\",\"isPartOf\":{\"@id\":\"https:\\\/\\\/urbeamea.ro\\\/albaiulia\\\/programul-de-circulatie-al-stp-sa-pentru-zilele-de-23-si-24-ianuarie-2023-in-zona-metropolitana-alba-iulia\\\/\"},\"author\":{\"name\":\"Redac\u021bia UrbeaMea\",\"@id\":\"https:\\\/\\\/urbeamea.ro\\\/albaiulia\\\/#\\\/schema\\\/person\\\/272ae98052f8ee8980f59848df070247\"},\"headline\":\"Programul de circula\u021bie al STP SA\u00a0 pentru zilele\u00a0 de 23 \u0219i\u00a0 24 Ianuarie 2023 \u00een Zona Metropolitan\u0103 Alba Iulia\",\"datePublished\":\"2023-01-21T09:56:39+00:00\",\"dateModified\":\"2023-01-21T09:56:40+00:00\",\"mainEntityOfPage\":{\"@id\":\"https:\\\/\\\/urbeamea.ro\\\/albaiulia\\\/programul-de-circulatie-al-stp-sa-pentru-zilele-de-23-si-24-ianuarie-2023-in-zona-metropolitana-alba-iulia\\\/\"},\"wordCount\":238,\"commentCount\":0,\"image\":{\"@id\":\"https:\\\/\\\/urbeamea.ro\\\/albaiulia\\\/programul-de-circulatie-al-stp-sa-pentru-zilele-de-23-si-24-ianuarie-2023-in-zona-metropolitana-alba-iulia\\\/#primaryimage\"},\"thumbnailUrl\":\"https:\\\/\\\/urbeamea.ro\\\/albaiulia\\\/wp-content\\\/uploads\\\/2016\\\/08\\\/autobuz-1.jpg\",\"keywords\":[\"STP Alba\"],\"articleSection\":[\"\u015etiri Urbane\"],\"inLanguage\":\"ro-RO\",\"potentialAction\":[{\"@type\":\"CommentAction\",\"name\":\"Comment\",\"target\":[\"https:\\\/\\\/urbeamea.ro\\\/albaiulia\\\/programul-de-circulatie-al-stp-sa-pentru-zilele-de-23-si-24-ianuarie-2023-in-zona-metropolitana-alba-iulia\\\/#respond\"]}]},{\"@type\":\"WebPage\",\"@id\":\"https:\\\/\\\/urbeamea.ro\\\/albaiulia\\\/programul-de-circulatie-al-stp-sa-pentru-zilele-de-23-si-24-ianuarie-2023-in-zona-metropolitana-alba-iulia\\\/\",\"url\":\"https:\\\/\\\/urbeamea.ro\\\/albaiulia\\\/programul-de-circulatie-al-stp-sa-pentru-zilele-de-23-si-24-ianuarie-2023-in-zona-metropolitana-alba-iulia\\\/\",\"name\":\"Programul de circula\u021bie al STP SA\u00a0 pentru zilele\u00a0 de 23 \u0219i\u00a0 24 Ianuarie 2023 \u00een Zona Metropolitan\u0103 Alba Iulia - Revista Urbea Mea - Revista de Alba\",\"isPartOf\":{\"@id\":\"https:\\\/\\\/urbeamea.ro\\\/albaiulia\\\/#website\"},\"primaryImageOfPage\":{\"@id\":\"https:\\\/\\\/urbeamea.ro\\\/albaiulia\\\/programul-de-circulatie-al-stp-sa-pentru-zilele-de-23-si-24-ianuarie-2023-in-zona-metropolitana-alba-iulia\\\/#primaryimage\"},\"image\":{\"@id\":\"https:\\\/\\\/urbeamea.ro\\\/albaiulia\\\/programul-de-circulatie-al-stp-sa-pentru-zilele-de-23-si-24-ianuarie-2023-in-zona-metropolitana-alba-iulia\\\/#primaryimage\"},\"thumbnailUrl\":\"https:\\\/\\\/urbeamea.ro\\\/albaiulia\\\/wp-content\\\/uploads\\\/2016\\\/08\\\/autobuz-1.jpg\",\"datePublished\":\"2023-01-21T09:56:39+00:00\",\"dateModified\":\"2023-01-21T09:56:40+00:00\",\"author\":{\"@id\":\"https:\\\/\\\/urbeamea.ro\\\/albaiulia\\\/#\\\/schema\\\/person\\\/272ae98052f8ee8980f59848df070247\"},\"description\":\"Societatea de Transport Public SA Alba Iulia \u00ee\u0219i adapteaz\u0103 programul de transport cu prilejul s\u0103rb\u0103toririi\u00a0 Micii Uniri din 24 Ianuarie 1859 - Unirea\",\"breadcrumb\":{\"@id\":\"https:\\\/\\\/urbeamea.ro\\\/albaiulia\\\/programul-de-circulatie-al-stp-sa-pentru-zilele-de-23-si-24-ianuarie-2023-in-zona-metropolitana-alba-iulia\\\/#breadcrumb\"},\"inLanguage\":\"ro-RO\",\"potentialAction\":[{\"@type\":\"ReadAction\",\"target\":[\"https:\\\/\\\/urbeamea.ro\\\/albaiulia\\\/programul-de-circulatie-al-stp-sa-pentru-zilele-de-23-si-24-ianuarie-2023-in-zona-metropolitana-alba-iulia\\\/\"]}]},{\"@type\":\"ImageObject\",\"inLanguage\":\"ro-RO\",\"@id\":\"https:\\\/\\\/urbeamea.ro\\\/albaiulia\\\/programul-de-circulatie-al-stp-sa-pentru-zilele-de-23-si-24-ianuarie-2023-in-zona-metropolitana-alba-iulia\\\/#primaryimage\",\"url\":\"https:\\\/\\\/urbeamea.ro\\\/albaiulia\\\/wp-content\\\/uploads\\\/2016\\\/08\\\/autobuz-1.jpg\",\"contentUrl\":\"https:\\\/\\\/urbeamea.ro\\\/albaiulia\\\/wp-content\\\/uploads\\\/2016\\\/08\\\/autobuz-1.jpg\",\"width\":646,\"height\":404},{\"@type\":\"BreadcrumbList\",\"@id\":\"https:\\\/\\\/urbeamea.ro\\\/albaiulia\\\/programul-de-circulatie-al-stp-sa-pentru-zilele-de-23-si-24-ianuarie-2023-in-zona-metropolitana-alba-iulia\\\/#breadcrumb\",\"itemListElement\":[{\"@type\":\"ListItem\",\"position\":1,\"name\":\"Prima pagin\u0103\",\"item\":\"https:\\\/\\\/urbeamea.ro\\\/albaiulia\\\/\"},{\"@type\":\"ListItem\",\"position\":2,\"name\":\"Programul de circula\u021bie al STP SA\u00a0 pentru zilele\u00a0 de 23 \u0219i\u00a0 24 Ianuarie 2023 \u00een Zona Metropolitan\u0103 Alba Iulia\"}]},{\"@type\":\"WebSite\",\"@id\":\"https:\\\/\\\/urbeamea.ro\\\/albaiulia\\\/#website\",\"url\":\"https:\\\/\\\/urbeamea.ro\\\/albaiulia\\\/\",\"name\":\"Revista Urbea Mea, Stiri urbane\",\"description\":\"Evenimente \u0219i \u0219tiri din Alba Iulia, Sebe\u0219, Aiud, Blaj\",\"potentialAction\":[{\"@type\":\"SearchAction\",\"target\":{\"@type\":\"EntryPoint\",\"urlTemplate\":\"https:\\\/\\\/urbeamea.ro\\\/albaiulia\\\/?s={search_term_string}\"},\"query-input\":{\"@type\":\"PropertyValueSpecification\",\"valueRequired\":true,\"valueName\":\"search_term_string\"}}],\"inLanguage\":\"ro-RO\"},{\"@type\":\"Person\",\"@id\":\"https:\\\/\\\/urbeamea.ro\\\/albaiulia\\\/#\\\/schema\\\/person\\\/272ae98052f8ee8980f59848df070247\",\"name\":\"Redac\u021bia UrbeaMea\",\"image\":{\"@type\":\"ImageObject\",\"inLanguage\":\"ro-RO\",\"@id\":\"https:\\\/\\\/secure.gravatar.com\\\/avatar\\\/9ce5a9435071fa1037e8468053ead8e513dbbff59009d3069aadb85506d85a27?s=96&d=mm&r=g\",\"url\":\"https:\\\/\\\/secure.gravatar.com\\\/avatar\\\/9ce5a9435071fa1037e8468053ead8e513dbbff59009d3069aadb85506d85a27?s=96&d=mm&r=g\",\"contentUrl\":\"https:\\\/\\\/secure.gravatar.com\\\/avatar\\\/9ce5a9435071fa1037e8468053ead8e513dbbff59009d3069aadb85506d85a27?s=96&d=mm&r=g\",\"caption\":\"Redac\u021bia UrbeaMea\"},\"description\":\"contact@urbeamea.ro\",\"sameAs\":[\"https:\\\/\\\/www.urbeamea.ro\"],\"url\":\"https:\\\/\\\/urbeamea.ro\\\/albaiulia\\\/author\\\/redactia-urbeamea\\\/\"}]}<\/script>\n<!-- \/ Yoast SEO plugin. -->","yoast_head_json":{"title":"Programul de circula\u021bie al STP SA\u00a0 pentru zilele\u00a0 de 23 \u0219i\u00a0 24 Ianuarie 2023 \u00een Zona Metropolitan\u0103 Alba Iulia - Revista Urbea Mea - Revista de Alba","description":"Societatea de Transport Public SA Alba Iulia \u00ee\u0219i adapteaz\u0103 programul de transport cu prilejul s\u0103rb\u0103toririi\u00a0 Micii Uniri din 24 Ianuarie 1859 - Unirea","robots":{"index":"index","follow":"follow","max-snippet":"max-snippet:-1","max-image-preview":"max-image-preview:large","max-video-preview":"max-video-preview:-1"},"canonical":"https:\/\/urbeamea.ro\/albaiulia\/programul-de-circulatie-al-stp-sa-pentru-zilele-de-23-si-24-ianuarie-2023-in-zona-metropolitana-alba-iulia\/","twitter_card":"summary_large_image","twitter_title":"Programul de circula\u021bie al STP SA\u00a0 pentru zilele\u00a0 de 23 \u0219i\u00a0 24 Ianuarie 2023 \u00een Zona Metropolitan\u0103 Alba Iulia - Revista Urbea Mea - Revista de Alba","twitter_description":"Societatea de Transport Public SA Alba Iulia \u00ee\u0219i adapteaz\u0103 programul de transport cu prilejul s\u0103rb\u0103toririi\u00a0 Micii Uniri din 24 Ianuarie 1859 - Unirea","twitter_image":"https:\/\/urbeamea.ro\/albaiulia\/wp-content\/uploads\/2016\/08\/autobuz-1.jpg","twitter_creator":"@urbeameaweb","twitter_site":"@urbeameaweb","schema":{"@context":"https:\/\/schema.org","@graph":[{"@type":"Article","@id":"https:\/\/urbeamea.ro\/albaiulia\/programul-de-circulatie-al-stp-sa-pentru-zilele-de-23-si-24-ianuarie-2023-in-zona-metropolitana-alba-iulia\/#article","isPartOf":{"@id":"https:\/\/urbeamea.ro\/albaiulia\/programul-de-circulatie-al-stp-sa-pentru-zilele-de-23-si-24-ianuarie-2023-in-zona-metropolitana-alba-iulia\/"},"author":{"name":"Redac\u021bia UrbeaMea","@id":"https:\/\/urbeamea.ro\/albaiulia\/#\/schema\/person\/272ae98052f8ee8980f59848df070247"},"headline":"Programul de circula\u021bie al STP SA\u00a0 pentru zilele\u00a0 de 23 \u0219i\u00a0 24 Ianuarie 2023 \u00een Zona Metropolitan\u0103 Alba Iulia","datePublished":"2023-01-21T09:56:39+00:00","dateModified":"2023-01-21T09:56:40+00:00","mainEntityOfPage":{"@id":"https:\/\/urbeamea.ro\/albaiulia\/programul-de-circulatie-al-stp-sa-pentru-zilele-de-23-si-24-ianuarie-2023-in-zona-metropolitana-alba-iulia\/"},"wordCount":238,"commentCount":0,"image":{"@id":"https:\/\/urbeamea.ro\/albaiulia\/programul-de-circulatie-al-stp-sa-pentru-zilele-de-23-si-24-ianuarie-2023-in-zona-metropolitana-alba-iulia\/#primaryimage"},"thumbnailUrl":"https:\/\/urbeamea.ro\/albaiulia\/wp-content\/uploads\/2016\/08\/autobuz-1.jpg","keywords":["STP Alba"],"articleSection":["\u015etiri Urbane"],"inLanguage":"ro-RO","potentialAction":[{"@type":"CommentAction","name":"Comment","target":["https:\/\/urbeamea.ro\/albaiulia\/programul-de-circulatie-al-stp-sa-pentru-zilele-de-23-si-24-ianuarie-2023-in-zona-metropolitana-alba-iulia\/#respond"]}]},{"@type":"WebPage","@id":"https:\/\/urbeamea.ro\/albaiulia\/programul-de-circulatie-al-stp-sa-pentru-zilele-de-23-si-24-ianuarie-2023-in-zona-metropolitana-alba-iulia\/","url":"https:\/\/urbeamea.ro\/albaiulia\/programul-de-circulatie-al-stp-sa-pentru-zilele-de-23-si-24-ianuarie-2023-in-zona-metropolitana-alba-iulia\/","name":"Programul de circula\u021bie al STP SA\u00a0 pentru zilele\u00a0 de 23 \u0219i\u00a0 24 Ianuarie 2023 \u00een Zona Metropolitan\u0103 Alba Iulia - Revista Urbea Mea - Revista de Alba","isPartOf":{"@id":"https:\/\/urbeamea.ro\/albaiulia\/#website"},"primaryImageOfPage":{"@id":"https:\/\/urbeamea.ro\/albaiulia\/programul-de-circulatie-al-stp-sa-pentru-zilele-de-23-si-24-ianuarie-2023-in-zona-metropolitana-alba-iulia\/#primaryimage"},"image":{"@id":"https:\/\/urbeamea.ro\/albaiulia\/programul-de-circulatie-al-stp-sa-pentru-zilele-de-23-si-24-ianuarie-2023-in-zona-metropolitana-alba-iulia\/#primaryimage"},"thumbnailUrl":"https:\/\/urbeamea.ro\/albaiulia\/wp-content\/uploads\/2016\/08\/autobuz-1.jpg","datePublished":"2023-01-21T09:56:39+00:00","dateModified":"2023-01-21T09:56:40+00:00","author":{"@id":"https:\/\/urbeamea.ro\/albaiulia\/#\/schema\/person\/272ae98052f8ee8980f59848df070247"},"description":"Societatea de Transport Public SA Alba Iulia \u00ee\u0219i adapteaz\u0103 programul de transport cu prilejul s\u0103rb\u0103toririi\u00a0 Micii Uniri din 24 Ianuarie 1859 - Unirea","breadcrumb":{"@id":"https:\/\/urbeamea.ro\/albaiulia\/programul-de-circulatie-al-stp-sa-pentru-zilele-de-23-si-24-ianuarie-2023-in-zona-metropolitana-alba-iulia\/#breadcrumb"},"inLanguage":"ro-RO","potentialAction":[{"@type":"ReadAction","target":["https:\/\/urbeamea.ro\/albaiulia\/programul-de-circulatie-al-stp-sa-pentru-zilele-de-23-si-24-ianuarie-2023-in-zona-metropolitana-alba-iulia\/"]}]},{"@type":"ImageObject","inLanguage":"ro-RO","@id":"https:\/\/urbeamea.ro\/albaiulia\/programul-de-circulatie-al-stp-sa-pentru-zilele-de-23-si-24-ianuarie-2023-in-zona-metropolitana-alba-iulia\/#primaryimage","url":"https:\/\/urbeamea.ro\/albaiulia\/wp-content\/uploads\/2016\/08\/autobuz-1.jpg","contentUrl":"https:\/\/urbeamea.ro\/albaiulia\/wp-content\/uploads\/2016\/08\/autobuz-1.jpg","width":646,"height":404},{"@type":"BreadcrumbList","@id":"https:\/\/urbeamea.ro\/albaiulia\/programul-de-circulatie-al-stp-sa-pentru-zilele-de-23-si-24-ianuarie-2023-in-zona-metropolitana-alba-iulia\/#breadcrumb","itemListElement":[{"@type":"ListItem","position":1,"name":"Prima pagin\u0103","item":"https:\/\/urbeamea.ro\/albaiulia\/"},{"@type":"ListItem","position":2,"name":"Programul de circula\u021bie al STP SA\u00a0 pentru zilele\u00a0 de 23 \u0219i\u00a0 24 Ianuarie 2023 \u00een Zona Metropolitan\u0103 Alba Iulia"}]},{"@type":"WebSite","@id":"https:\/\/urbeamea.ro\/albaiulia\/#website","url":"https:\/\/urbeamea.ro\/albaiulia\/","name":"Revista Urbea Mea, Stiri urbane","description":"Evenimente \u0219i \u0219tiri din Alba Iulia, Sebe\u0219, Aiud, Blaj","potentialAction":[{"@type":"SearchAction","target":{"@type":"EntryPoint","urlTemplate":"https:\/\/urbeamea.ro\/albaiulia\/?s={search_term_string}"},"query-input":{"@type":"PropertyValueSpecification","valueRequired":true,"valueName":"search_term_string"}}],"inLanguage":"ro-RO"},{"@type":"Person","@id":"https:\/\/urbeamea.ro\/albaiulia\/#\/schema\/person\/272ae98052f8ee8980f59848df070247","name":"Redac\u021bia UrbeaMea","image":{"@type":"ImageObject","inLanguage":"ro-RO","@id":"https:\/\/secure.gravatar.com\/avatar\/9ce5a9435071fa1037e8468053ead8e513dbbff59009d3069aadb85506d85a27?s=96&d=mm&r=g","url":"https:\/\/secure.gravatar.com\/avatar\/9ce5a9435071fa1037e8468053ead8e513dbbff59009d3069aadb85506d85a27?s=96&d=mm&r=g","contentUrl":"https:\/\/secure.gravatar.com\/avatar\/9ce5a9435071fa1037e8468053ead8e513dbbff59009d3069aadb85506d85a27?s=96&d=mm&r=g","caption":"Redac\u021bia UrbeaMea"},"description":"contact@urbeamea.ro","sameAs":["https:\/\/www.urbeamea.ro"],"url":"https:\/\/urbeamea.ro\/albaiulia\/author\/redactia-urbeamea\/"}]}},"_links":{"self":[{"href":"https:\/\/urbeamea.ro\/albaiulia\/wp-json\/wp\/v2\/posts\/106100","targetHints":{"allow":["GET"]}}],"collection":[{"href":"https:\/\/urbeamea.ro\/albaiulia\/wp-json\/wp\/v2\/posts"}],"about":[{"href":"https:\/\/urbeamea.ro\/albaiulia\/wp-json\/wp\/v2\/types\/post"}],"author":[{"embeddable":true,"href":"https:\/\/urbeamea.ro\/albaiulia\/wp-json\/wp\/v2\/users\/16"}],"replies":[{"embeddable":true,"href":"https:\/\/urbeamea.ro\/albaiulia\/wp-json\/wp\/v2\/comments?post=106100"}],"version-history":[{"count":1,"href":"https:\/\/urbeamea.ro\/albaiulia\/wp-json\/wp\/v2\/posts\/106100\/revisions"}],"predecessor-version":[{"id":106101,"href":"https:\/\/urbeamea.ro\/albaiulia\/wp-json\/wp\/v2\/posts\/106100\/revisions\/106101"}],"wp:featuredmedia":[{"embeddable":true,"href":"https:\/\/urbeamea.ro\/albaiulia\/wp-json\/wp\/v2\/media\/30066"}],"wp:attachment":[{"href":"https:\/\/urbeamea.ro\/albaiulia\/wp-json\/wp\/v2\/media?parent=106100"}],"wp:term":[{"taxonomy":"category","embeddable":true,"href":"https:\/\/urbeamea.ro\/albaiulia\/wp-json\/wp\/v2\/categories?post=106100"},{"taxonomy":"post_tag","embeddable":true,"href":"https:\/\/urbeamea.ro\/albaiulia\/wp-json\/wp\/v2\/tags?post=106100"}],"curies":[{"name":"wp","href":"https:\/\/api.w.org\/{rel}","templated":true}]}}