{"id":106102,"date":"2023-01-21T12:03:34","date_gmt":"2023-01-21T10:03:34","guid":{"rendered":"https:\/\/urbeamea.ro\/albaiulia\/?p=106102"},"modified":"2023-01-21T12:03:35","modified_gmt":"2023-01-21T10:03:35","slug":"conditii-mai-bune-de-studiu-pentru-mai-mult-de-530-elevi-din-comuna-mureseana-sanpaul","status":"publish","type":"post","link":"https:\/\/urbeamea.ro\/albaiulia\/conditii-mai-bune-de-studiu-pentru-mai-mult-de-530-elevi-din-comuna-mureseana-sanpaul\/","title":{"rendered":"<strong><em>Condi\u021bii mai bune de studiu pentru mai mult de 530 elevi din comuna mure\u0219ean\u0103 s\u00e2npaul<\/em><\/strong>"},"content":{"rendered":"\n<p><strong>Dup\u0103 patru ani de investi\u021bii \u2013finan\u021barea nerambursabil\u0103 fiind contractat\u0103 \u00een cadrul <\/strong><strong>Axei Prioritare 10.1 a Programului Opera\u021bional Regional 2014-2020 \u2013 Prim\u0103ria din comuna mure\u0219ean\u0103 S\u00e2npaul prezint\u0103 public rezultatele investi\u021biilor la cinci \u0219coli, dedicate cre\u0219terii calit\u0103\u021bii educa\u021biei pentru mai mult de 530 elevi din aceast\u0103 comunitate, <\/strong><strong>care frecventeaz\u0103 cursurile \u0219colilor <\/strong><strong>gimnaziale din localit\u0103\u021bile S\u00e2npaul (dou\u0103 unit\u0103\u021bi educa\u021bionale din centrul de comun\u0103) \u0219i satele Chirileu, S\u00e2nm\u0103rghita \u0219i Valea Izvoarelor. \u00cen cadrul unui eveniment dedicat finaliz\u0103rii lucr\u0103rilor la aceste obiective de investi\u021bii, Prim\u0103ria S\u00e2npaul a invitat conducerile MDLPA, CJ Mure\u0219 \u0219i ADR Centru, al\u0103turi de media \u0219i al\u021bi participan\u021bi, la o vizit\u0103 la proiectele implementate.<\/strong><\/p>\n\n\n\n<p>Primarul <a rel=\"noreferrer noopener\" href=\"https:\/\/www.google.com\/search?rlz=1C1GCEU_enRO819RO819&amp;sxsrf=AJOqlzV8QwhFbgHTQMHtpm-5cbq44_54fg:1674118947130&amp;q=s%C3%A2npaul+istv%C3%A1n+simon&amp;stick=H4sIAAAAAAAAAONgVuLVT9c3NCxMtzSorMgpfsRowS3w8sc9YSn9SWtOXmPU5OIKzsgvd80rySypFJLmYoOyBKX4uVB18ixiFSs-vCivILE0RyGzuKTs8MI8heLM3Pw8AFWGJTxlAAAA&amp;sa=X&amp;ved=2ahUKEwjS6J6Jo9P8AhXjlIsKHVSQBRsQzIcDKAB6BAgcEAE\" target=\"_blank\">Istv\u00e1n Simon<\/a> a organizat aceast\u0103 sesiune de documentare \u0219i prezentare a \u0219colilor reabilitate din centrul comunei \u2013 sub egida unui citat al marelui pedagog rom\u00e2n, Spiru Haret: <em>\u201dCum arat\u0103 ast\u0103zi \u0219coala, va ar\u0103ta m\u00e2ine \u021bara\u201d.<\/em> La acest eveniment i-a avut ca invita\u021bi pe domnii Kelemen Hunor \u2013 Viceprim-ministru al Rom\u00e2niei, Cseke Attila \u2013 Ministrul MDLPA, doamna Prefect Mara-Cristina Tog\u0103nel, domnul Peter Ferenc &#8211; Pre\u0219edintele CJ Mure\u0219 \u0219i al Consiliului pentru Dezvoltare Regional\u0103 Centru, precum \u0219i pe domnul Simion Cre\u021bu \u2013 Director general ADR Centru, al\u0103turi de directorul \u0219colii din S\u00e2npaul \u2013 prof. Kedei P\u00e1l-El\u00f6d \u0219i de al\u021bi participan\u021bi din administra\u021bia public\u0103 local\u0103, precum \u0219i \u00eempreun\u0103 cu echipele de speciali\u0219ti care au concurat la implementarea proiectului <em>\u201dModernizarea unit\u0103\u021bilor de \u00eenv\u0103\u021b\u0103m\u00e2nt din comuna S\u00e2npaul\u201d<\/em>. <strong>\u00a0<\/strong><\/p>\n\n\n\n<p>Pentru implementarea proiectului finan\u021bat \u00een cadrul Programului REGIO 2014-2020 &#8211; pentru investi\u021bii care au dus la dezvoltarea infrastructurii locale de educa\u021bie \u0219i formare, \u00een conformitate cu apelul de proiecte dedicat \u00eenv\u0103\u021b\u0103m\u00e2ntului obligatoriu \u2013 edilii din comuna S\u00e2npaul au suplimentat \u00een cadrul unui act adi\u021bional valoarea total\u0103 a proiectului, de la 8,4 milioane lei, la peste 11,85 milioane lei. Astfel a crescut \u0219i contribu\u021bia beneficiarului la cheltuielile neeligibile \u00een cadrul investi\u021biilor, de la aproximativ 51.000 lei, la mai mult de 3,48 milioane lei. Finan\u021barea nerambursabil\u0103 acordat\u0103 \u0219i coordonat\u0103 de ADR Centru a fost \u00een valoare de 8,2 milioane lei, adic\u0103 mai mult de 1,76 milioane euro, la cursul de schimb InforEuro din luna depunerii cererii de finan\u021bare.<\/p>\n\n\n\n<p>\u00cen cadrul vizitei la <em>\u0218coala Gimnazial\u0103 \u201dD<\/em><em>\u00f3<\/em><em>sa D<\/em><em>\u00e1<\/em><em>niel\u201d<\/em> din localitatea S\u00e2npaul, participan\u021bii la eveniment au putut observa cum proiectul european a asigurat modernizarea celor cinci cl\u0103diri ale unit\u0103\u021bilor de \u00eenv\u0103\u021b\u0103m\u00e2nt de pe raza comunei S\u00e2npaul, pentru \u00eembun\u0103t\u0103\u021birea calit\u0103\u021bii sistemului educa\u021bional \u0219i asigurarea tuturor condi\u021biilor necesare pentru desf\u0103\u0219urarea activit\u0103\u021bilor didactice \u00een cadrul acestor unit\u0103\u021bi de \u00eenv\u0103\u021b\u0103m\u00e2nt, astfel \u00eenc\u00e2t s\u0103 creasc\u0103 gradul de participare al elevilor la \u00eenv\u0103\u021b\u0103m\u00e2ntul obligatoriu.<\/p>\n\n\n\n<p>\u00cen fiecare din cele 5 \u0219coli au fost schimbate u\u0219ile \u0219i ferestrele \u0219i au fost ref\u0103cute finisajele interioare, at\u00e2t la nivelul pere\u021bilor, c\u00e2t \u0219i al pardoselilor \u0219i tavanelor, \u00een scopul cre\u0219terii eficien\u021bei energetice a cl\u0103dirilor. \u00cen acest scop, pere\u021bii \u0219i podul au fost termoizolate cu pl\u0103ci de vat\u0103 bazaltic\u0103 \u0219i pl\u0103ci de polistiren extrudat. \u00cen toate \u0219colile supuse interven\u021biilor au fost reabilitate instala\u021bii electrice \u0219i au fost \u00eenlocuite corpurilor de iluminat cu altele cu eficien\u021b\u0103 energetic\u0103 ridicat\u0103 \u0219i durat\u0103 mare de via\u021b\u0103. La \u0219colile din Chirileu \u0219i S\u00e2nm\u0103rghita a fost realizat\u0103 o nou\u0103 re\u021bea pentru \u00eenc\u0103lzirea \u00een sistem centralizat \u0219i pe toate construc\u021biile au fost montate panouri solare pentru \u00eenc\u0103lzirea apei menajere.<\/p>\n\n\n\n<p>\u0218coala Gimnazial\u0103 din Chirileu a beneficiat de o extindere \u0219i etajare, fiind amenajate noi s\u0103li de clas\u0103, grupuri sanitare, un spa\u021biu pentru centrala termic\u0103 \u0219i vestiare; \u0218coala Primar\u0103 din Chirileu a beneficiat de o extindere a cl\u0103dirii pentru amenajarea grupurilor sanitare interioare; la \u0218coala General\u0103 cu clasele I-IV S\u00e2npaul a fost realizat\u0103 o extindere pentru amenajarea unei s\u0103li de sport, cu vestiare \u0219i spa\u021bii de depozitare aferente, dar \u0219i pentru crearea unui spa\u021biu destinat noii centrale termice. C\u00e2te un teren de sport nou, complet \u00eemprejmuit \u0219i dotat cu obiecte specifice a fost realizat la \u0219colile gimnaziale din localit\u0103\u021bile Chirileu \u0219i S\u00e2npaul.<\/p>\n\n\n\n<p>La toate obiectivele de investi\u021bii au fost realizate instala\u021biile de semnalizare, detectare \u0219i stingere \u00een caz de incendiu, cl\u0103dirile reabilitate au fost dotate cu mobilier \u0219colar, materiale didactice \u0219i cu echipamente IT, de birotic\u0103 \u0219i alte active. Pentru toate cele cinci construc\u021bii s-au realizat trotuare de gard\u0103 \u0219i spa\u021bii de circula\u021bie exterioare, pe l\u00e2ng\u0103 alte lucr\u0103ri de amenajare exterioar\u0103.<\/p>\n\n\n\n<blockquote class=\"wp-block-quote is-layout-flow wp-block-quote-is-layout-flow\">\n<p><em>Am v\u0103zut la fa\u021ba locului ce s-a realizat \u00een comuna S\u00e2npaul, prin aceste proiect european. \u00cen toate aceste cinci unit\u0103\u021bi de \u00eenv\u0103\u021b\u0103m\u00e2nt studiaz\u0103 peste 530 de elevi \u0219i lucreaz\u0103 65 de cadre didactice, dar \u0219i personalul auxiliar.<\/em> <em>De acum, datorit\u0103 finan\u021b\u0103rilor structurate, coordonate de ADR Centru \u0219i MDLPA, \u0219colile din comun\u0103 sunt preg\u0103tite s\u0103 ofere condi\u021bii de bun\u0103 calitate \u00een educa\u021bie. La nivelul Regiunii Centru avem multe localit\u0103\u021bi mici, din mediul rural, care au decis s\u0103-\u0219i valorifice aceast\u0103 \u0219ans\u0103 de a accesa resurse financiare nerambursabile europene pentru \u00eembun\u0103t\u0103\u021birea bazei materiale \u00een educa\u021bie. La nivel regional avem un grad mare de acoperire a fondurilor alocate, care s-au dovedit a fi insuficiente pentru cererea mare de finan\u021bare a acestui domeniu. Am avut alocat\u0103 suma de 51,54 milioane lei \u0219i suma total\u0103 a celor 92 proiecte contractate pe acest domeniu dep\u0103\u0219e\u0219te 505 milioane lei, adic\u0103 aproape 110 milioane euro. Acum se finalizeaz\u0103 aceste investi\u021bii \u0219i, dac\u0103 vorbim numai de cererile de finan\u021bare pentru cre\u0219terea calit\u0103\u021bii educa\u021biei \u00een comunele din Regiune, este vorba de 60 proiecte, \u00een valoare total\u0103 de peste 51 milioane euro. Am v\u0103zut, aici la S\u00e2npaul cum resursele disponibile degreveaz\u0103 bugetele locale, pentru cre\u0219terea \u00eencrederii cet\u0103\u021benilor \u00een activitatea administra\u021biei publice, dar \u0219i pentru \u00eembun\u0103t\u0103\u021birea interesului elevilor \u0219i a p\u0103rin\u021bilor fa\u021b\u0103 de studiu. Prin modernizarea acestor unit\u0103\u021bi \u0219colare, vedem acum c\u0103 se vor atinge cu siguran\u021b\u0103 obiectivele specifice ale proiectului finan\u021bat de Programul REGIO, pentru asigurarea condi\u021biilor optime pentru educa\u021bia timpurie \u0219i a \u00eenv\u0103\u021b\u0103m\u00e2ntului obligatoriu, concomitent cu reducerea costurilor de \u00eentre\u021binere a acestor unit\u0103\u021bi de educa\u021bie, ca urmare a asigur\u0103rii eficien\u021bei energetice a cl\u0103dirilor acestora. Subliniez c\u0103 \u0219i pentru perioada 2021-2027, \u00een care noi avem calitatea de Autoritate de Management pentru implementarea noului Program REGIO CENTRU, vom coordona investi\u021bii \u00een valoare total\u0103 de peste 54,4 milioane euro pentru dezvoltarea infrastructurii de educa\u021bie<\/em>.<\/p>\n<cite>Simion Cre\u021bu, director general ADR Centru<\/cite><\/blockquote>\n\n\n\n<figure class=\"wp-block-gallery has-nested-images columns-default is-cropped wp-block-gallery-1 is-layout-flex wp-block-gallery-is-layout-flex\">\n<figure class=\"wp-block-image size-large\"><a href=\"https:\/\/urbeamea.ro\/albaiulia\/wp-content\/uploads\/2023\/01\/Foto8-Inaugurare_Scoli-Sanpaul.jpg\"><img loading=\"lazy\" decoding=\"async\" width=\"1074\" height=\"583\" data-id=\"106106\" src=\"https:\/\/urbeamea.ro\/albaiulia\/wp-content\/uploads\/2023\/01\/Foto8-Inaugurare_Scoli-Sanpaul.jpg\" alt=\"\" class=\"wp-image-106106\" srcset=\"https:\/\/urbeamea.ro\/albaiulia\/wp-content\/uploads\/2023\/01\/Foto8-Inaugurare_Scoli-Sanpaul.jpg 1074w, https:\/\/urbeamea.ro\/albaiulia\/wp-content\/uploads\/2023\/01\/Foto8-Inaugurare_Scoli-Sanpaul-640x347.jpg 640w, https:\/\/urbeamea.ro\/albaiulia\/wp-content\/uploads\/2023\/01\/Foto8-Inaugurare_Scoli-Sanpaul-150x81.jpg 150w, https:\/\/urbeamea.ro\/albaiulia\/wp-content\/uploads\/2023\/01\/Foto8-Inaugurare_Scoli-Sanpaul-768x417.jpg 768w\" sizes=\"auto, (max-width: 1074px) 100vw, 1074px\" \/><\/a><\/figure>\n\n\n\n<figure class=\"wp-block-image size-large\"><a href=\"https:\/\/urbeamea.ro\/albaiulia\/wp-content\/uploads\/2023\/01\/Foto9-Inaugurare_Scoli-Sanpaul.jpg\"><img loading=\"lazy\" decoding=\"async\" width=\"1019\" height=\"505\" data-id=\"106104\" src=\"https:\/\/urbeamea.ro\/albaiulia\/wp-content\/uploads\/2023\/01\/Foto9-Inaugurare_Scoli-Sanpaul.jpg\" alt=\"\" class=\"wp-image-106104\" srcset=\"https:\/\/urbeamea.ro\/albaiulia\/wp-content\/uploads\/2023\/01\/Foto9-Inaugurare_Scoli-Sanpaul.jpg 1019w, https:\/\/urbeamea.ro\/albaiulia\/wp-content\/uploads\/2023\/01\/Foto9-Inaugurare_Scoli-Sanpaul-640x317.jpg 640w, https:\/\/urbeamea.ro\/albaiulia\/wp-content\/uploads\/2023\/01\/Foto9-Inaugurare_Scoli-Sanpaul-150x74.jpg 150w, https:\/\/urbeamea.ro\/albaiulia\/wp-content\/uploads\/2023\/01\/Foto9-Inaugurare_Scoli-Sanpaul-768x381.jpg 768w\" sizes=\"auto, (max-width: 1019px) 100vw, 1019px\" \/><\/a><\/figure>\n\n\n\n<figure class=\"wp-block-image size-large\"><a href=\"https:\/\/urbeamea.ro\/albaiulia\/wp-content\/uploads\/2023\/01\/Foto6-Inaugurare_Scoli-Sanpaul.jpg\"><img loading=\"lazy\" decoding=\"async\" width=\"956\" height=\"461\" data-id=\"106105\" src=\"https:\/\/urbeamea.ro\/albaiulia\/wp-content\/uploads\/2023\/01\/Foto6-Inaugurare_Scoli-Sanpaul.jpg\" alt=\"\" class=\"wp-image-106105\" srcset=\"https:\/\/urbeamea.ro\/albaiulia\/wp-content\/uploads\/2023\/01\/Foto6-Inaugurare_Scoli-Sanpaul.jpg 956w, https:\/\/urbeamea.ro\/albaiulia\/wp-content\/uploads\/2023\/01\/Foto6-Inaugurare_Scoli-Sanpaul-640x309.jpg 640w, https:\/\/urbeamea.ro\/albaiulia\/wp-content\/uploads\/2023\/01\/Foto6-Inaugurare_Scoli-Sanpaul-150x72.jpg 150w, https:\/\/urbeamea.ro\/albaiulia\/wp-content\/uploads\/2023\/01\/Foto6-Inaugurare_Scoli-Sanpaul-768x370.jpg 768w\" sizes=\"auto, (max-width: 956px) 100vw, 956px\" \/><\/a><\/figure>\n\n\n\n<figure class=\"wp-block-image size-large\"><a href=\"https:\/\/urbeamea.ro\/albaiulia\/wp-content\/uploads\/2023\/01\/Foto3-Inaugurare_Scoli-Sanpaul.jpg\"><img loading=\"lazy\" decoding=\"async\" width=\"705\" height=\"384\" data-id=\"106103\" src=\"https:\/\/urbeamea.ro\/albaiulia\/wp-content\/uploads\/2023\/01\/Foto3-Inaugurare_Scoli-Sanpaul.jpg\" alt=\"\" class=\"wp-image-106103\" srcset=\"https:\/\/urbeamea.ro\/albaiulia\/wp-content\/uploads\/2023\/01\/Foto3-Inaugurare_Scoli-Sanpaul.jpg 705w, https:\/\/urbeamea.ro\/albaiulia\/wp-content\/uploads\/2023\/01\/Foto3-Inaugurare_Scoli-Sanpaul-640x349.jpg 640w, https:\/\/urbeamea.ro\/albaiulia\/wp-content\/uploads\/2023\/01\/Foto3-Inaugurare_Scoli-Sanpaul-150x82.jpg 150w\" sizes=\"auto, (max-width: 705px) 100vw, 705px\" \/><\/a><\/figure>\n\n\n\n<figure class=\"wp-block-image size-large\"><a href=\"https:\/\/urbeamea.ro\/albaiulia\/wp-content\/uploads\/2023\/01\/Foto2-Inaugurare_Scoli-Sanpaul.jpg\"><img loading=\"lazy\" decoding=\"async\" width=\"994\" height=\"565\" data-id=\"106107\" src=\"https:\/\/urbeamea.ro\/albaiulia\/wp-content\/uploads\/2023\/01\/Foto2-Inaugurare_Scoli-Sanpaul.jpg\" alt=\"\" class=\"wp-image-106107\" srcset=\"https:\/\/urbeamea.ro\/albaiulia\/wp-content\/uploads\/2023\/01\/Foto2-Inaugurare_Scoli-Sanpaul.jpg 994w, https:\/\/urbeamea.ro\/albaiulia\/wp-content\/uploads\/2023\/01\/Foto2-Inaugurare_Scoli-Sanpaul-640x364.jpg 640w, https:\/\/urbeamea.ro\/albaiulia\/wp-content\/uploads\/2023\/01\/Foto2-Inaugurare_Scoli-Sanpaul-150x85.jpg 150w, https:\/\/urbeamea.ro\/albaiulia\/wp-content\/uploads\/2023\/01\/Foto2-Inaugurare_Scoli-Sanpaul-768x437.jpg 768w\" sizes=\"auto, (max-width: 994px) 100vw, 994px\" \/><\/a><\/figure>\n<\/figure>\n","protected":false},"excerpt":{"rendered":"<p>Dup\u0103 patru ani de investi\u021bii \u2013finan\u021barea nerambursabil\u0103 fiind contractat\u0103 \u00een cadrul Axei Prioritare 10.1 a Programului Opera\u021bional Regional 2014-2020 \u2013 Prim\u0103ria din comuna mure\u0219ean\u0103 S\u00e2npaul prezint\u0103 public rezultatele investi\u021biilor la cinci \u0219coli, dedicate cre\u0219terii calit\u0103\u021bii educa\u021biei pentru mai mult de 530 elevi din aceast\u0103 comunitate, care frecventeaz\u0103 cursurile \u0219colilor gimnaziale din localit\u0103\u021bile S\u00e2npaul (dou\u0103 unit\u0103\u021bi &hellip;<\/p>\n","protected":false},"author":16,"featured_media":106108,"comment_status":"open","ping_status":"open","sticky":false,"template":"","format":"standard","meta":{"inline_featured_image":false,"footnotes":""},"categories":[6663],"tags":[343],"class_list":["post-106102","post","type-post","status-publish","format-standard","has-post-thumbnail","hentry","category-economic","tag-adr-centru"],"yoast_head":"<!-- This site is optimized with the Yoast SEO plugin v27.4 - https:\/\/yoast.com\/product\/yoast-seo-wordpress\/ -->\n<title>Condi\u021bii mai bune de studiu pentru mai mult de 530 elevi din comuna mure\u0219ean\u0103 s\u00e2npaul - Revista Urbea Mea - Revista de Alba<\/title>\n<meta name=\"description\" content=\"Dup\u0103 patru ani de investi\u021bii \u2013finan\u021barea nerambursabil\u0103 fiind contractat\u0103 \u00een cadrul Axei Prioritare 10.1 a Programului Opera\u021bional Regional 2014-2020 \u2013\" \/>\n<meta name=\"robots\" content=\"index, follow, max-snippet:-1, max-image-preview:large, max-video-preview:-1\" \/>\n<link rel=\"canonical\" href=\"https:\/\/urbeamea.ro\/albaiulia\/conditii-mai-bune-de-studiu-pentru-mai-mult-de-530-elevi-din-comuna-mureseana-sanpaul\/\" \/>\n<meta name=\"twitter:card\" content=\"summary_large_image\" \/>\n<meta name=\"twitter:title\" content=\"&lt;strong&gt;&lt;em&gt;Condi\u021bii mai bune de studiu pentru mai mult de 530 elevi din comuna mure\u0219ean\u0103 s\u00e2npaul&lt;\/em&gt;&lt;\/strong&gt; - Revista Urbea Mea - Revista de Alba\" \/>\n<meta name=\"twitter:description\" content=\"Dup\u0103 patru ani de investi\u021bii \u2013finan\u021barea nerambursabil\u0103 fiind contractat\u0103 \u00een cadrul Axei Prioritare 10.1 a Programului Opera\u021bional Regional 2014-2020 \u2013\" \/>\n<meta name=\"twitter:image\" content=\"https:\/\/urbeamea.ro\/albaiulia\/wp-content\/uploads\/2023\/01\/Foto1-Inaugurare_Scoli-Sanpaul.jpg\" \/>\n<meta name=\"twitter:creator\" content=\"@urbeameaweb\" \/>\n<meta name=\"twitter:site\" content=\"@urbeameaweb\" \/>\n<script type=\"application\/ld+json\" class=\"yoast-schema-graph\">{\"@context\":\"https:\\\/\\\/schema.org\",\"@graph\":[{\"@type\":\"Article\",\"@id\":\"https:\\\/\\\/urbeamea.ro\\\/albaiulia\\\/conditii-mai-bune-de-studiu-pentru-mai-mult-de-530-elevi-din-comuna-mureseana-sanpaul\\\/#article\",\"isPartOf\":{\"@id\":\"https:\\\/\\\/urbeamea.ro\\\/albaiulia\\\/conditii-mai-bune-de-studiu-pentru-mai-mult-de-530-elevi-din-comuna-mureseana-sanpaul\\\/\"},\"author\":{\"name\":\"Redac\u021bia UrbeaMea\",\"@id\":\"https:\\\/\\\/urbeamea.ro\\\/albaiulia\\\/#\\\/schema\\\/person\\\/272ae98052f8ee8980f59848df070247\"},\"headline\":\"Condi\u021bii mai bune de studiu pentru mai mult de 530 elevi din comuna mure\u0219ean\u0103 s\u00e2npaul\",\"datePublished\":\"2023-01-21T10:03:34+00:00\",\"dateModified\":\"2023-01-21T10:03:35+00:00\",\"mainEntityOfPage\":{\"@id\":\"https:\\\/\\\/urbeamea.ro\\\/albaiulia\\\/conditii-mai-bune-de-studiu-pentru-mai-mult-de-530-elevi-din-comuna-mureseana-sanpaul\\\/\"},\"wordCount\":1142,\"commentCount\":0,\"image\":{\"@id\":\"https:\\\/\\\/urbeamea.ro\\\/albaiulia\\\/conditii-mai-bune-de-studiu-pentru-mai-mult-de-530-elevi-din-comuna-mureseana-sanpaul\\\/#primaryimage\"},\"thumbnailUrl\":\"https:\\\/\\\/urbeamea.ro\\\/albaiulia\\\/wp-content\\\/uploads\\\/2023\\\/01\\\/Foto1-Inaugurare_Scoli-Sanpaul.jpg\",\"keywords\":[\"ADR Centru\"],\"articleSection\":[\"Economic\"],\"inLanguage\":\"ro-RO\",\"potentialAction\":[{\"@type\":\"CommentAction\",\"name\":\"Comment\",\"target\":[\"https:\\\/\\\/urbeamea.ro\\\/albaiulia\\\/conditii-mai-bune-de-studiu-pentru-mai-mult-de-530-elevi-din-comuna-mureseana-sanpaul\\\/#respond\"]}]},{\"@type\":\"WebPage\",\"@id\":\"https:\\\/\\\/urbeamea.ro\\\/albaiulia\\\/conditii-mai-bune-de-studiu-pentru-mai-mult-de-530-elevi-din-comuna-mureseana-sanpaul\\\/\",\"url\":\"https:\\\/\\\/urbeamea.ro\\\/albaiulia\\\/conditii-mai-bune-de-studiu-pentru-mai-mult-de-530-elevi-din-comuna-mureseana-sanpaul\\\/\",\"name\":\"Condi\u021bii mai bune de studiu pentru mai mult de 530 elevi din comuna mure\u0219ean\u0103 s\u00e2npaul - Revista Urbea Mea - Revista de Alba\",\"isPartOf\":{\"@id\":\"https:\\\/\\\/urbeamea.ro\\\/albaiulia\\\/#website\"},\"primaryImageOfPage\":{\"@id\":\"https:\\\/\\\/urbeamea.ro\\\/albaiulia\\\/conditii-mai-bune-de-studiu-pentru-mai-mult-de-530-elevi-din-comuna-mureseana-sanpaul\\\/#primaryimage\"},\"image\":{\"@id\":\"https:\\\/\\\/urbeamea.ro\\\/albaiulia\\\/conditii-mai-bune-de-studiu-pentru-mai-mult-de-530-elevi-din-comuna-mureseana-sanpaul\\\/#primaryimage\"},\"thumbnailUrl\":\"https:\\\/\\\/urbeamea.ro\\\/albaiulia\\\/wp-content\\\/uploads\\\/2023\\\/01\\\/Foto1-Inaugurare_Scoli-Sanpaul.jpg\",\"datePublished\":\"2023-01-21T10:03:34+00:00\",\"dateModified\":\"2023-01-21T10:03:35+00:00\",\"author\":{\"@id\":\"https:\\\/\\\/urbeamea.ro\\\/albaiulia\\\/#\\\/schema\\\/person\\\/272ae98052f8ee8980f59848df070247\"},\"description\":\"Dup\u0103 patru ani de investi\u021bii \u2013finan\u021barea nerambursabil\u0103 fiind contractat\u0103 \u00een cadrul Axei Prioritare 10.1 a Programului Opera\u021bional Regional 2014-2020 \u2013\",\"breadcrumb\":{\"@id\":\"https:\\\/\\\/urbeamea.ro\\\/albaiulia\\\/conditii-mai-bune-de-studiu-pentru-mai-mult-de-530-elevi-din-comuna-mureseana-sanpaul\\\/#breadcrumb\"},\"inLanguage\":\"ro-RO\",\"potentialAction\":[{\"@type\":\"ReadAction\",\"target\":[\"https:\\\/\\\/urbeamea.ro\\\/albaiulia\\\/conditii-mai-bune-de-studiu-pentru-mai-mult-de-530-elevi-din-comuna-mureseana-sanpaul\\\/\"]}]},{\"@type\":\"ImageObject\",\"inLanguage\":\"ro-RO\",\"@id\":\"https:\\\/\\\/urbeamea.ro\\\/albaiulia\\\/conditii-mai-bune-de-studiu-pentru-mai-mult-de-530-elevi-din-comuna-mureseana-sanpaul\\\/#primaryimage\",\"url\":\"https:\\\/\\\/urbeamea.ro\\\/albaiulia\\\/wp-content\\\/uploads\\\/2023\\\/01\\\/Foto1-Inaugurare_Scoli-Sanpaul.jpg\",\"contentUrl\":\"https:\\\/\\\/urbeamea.ro\\\/albaiulia\\\/wp-content\\\/uploads\\\/2023\\\/01\\\/Foto1-Inaugurare_Scoli-Sanpaul.jpg\",\"width\":962,\"height\":503},{\"@type\":\"BreadcrumbList\",\"@id\":\"https:\\\/\\\/urbeamea.ro\\\/albaiulia\\\/conditii-mai-bune-de-studiu-pentru-mai-mult-de-530-elevi-din-comuna-mureseana-sanpaul\\\/#breadcrumb\",\"itemListElement\":[{\"@type\":\"ListItem\",\"position\":1,\"name\":\"Prima pagin\u0103\",\"item\":\"https:\\\/\\\/urbeamea.ro\\\/albaiulia\\\/\"},{\"@type\":\"ListItem\",\"position\":2,\"name\":\"Condi\u021bii mai bune de studiu pentru mai mult de 530 elevi din comuna mure\u0219ean\u0103 s\u00e2npaul\"}]},{\"@type\":\"WebSite\",\"@id\":\"https:\\\/\\\/urbeamea.ro\\\/albaiulia\\\/#website\",\"url\":\"https:\\\/\\\/urbeamea.ro\\\/albaiulia\\\/\",\"name\":\"Revista Urbea Mea, Stiri urbane\",\"description\":\"Evenimente \u0219i \u0219tiri din Alba Iulia, Sebe\u0219, Aiud, Blaj\",\"potentialAction\":[{\"@type\":\"SearchAction\",\"target\":{\"@type\":\"EntryPoint\",\"urlTemplate\":\"https:\\\/\\\/urbeamea.ro\\\/albaiulia\\\/?s={search_term_string}\"},\"query-input\":{\"@type\":\"PropertyValueSpecification\",\"valueRequired\":true,\"valueName\":\"search_term_string\"}}],\"inLanguage\":\"ro-RO\"},{\"@type\":\"Person\",\"@id\":\"https:\\\/\\\/urbeamea.ro\\\/albaiulia\\\/#\\\/schema\\\/person\\\/272ae98052f8ee8980f59848df070247\",\"name\":\"Redac\u021bia UrbeaMea\",\"image\":{\"@type\":\"ImageObject\",\"inLanguage\":\"ro-RO\",\"@id\":\"https:\\\/\\\/secure.gravatar.com\\\/avatar\\\/9ce5a9435071fa1037e8468053ead8e513dbbff59009d3069aadb85506d85a27?s=96&d=mm&r=g\",\"url\":\"https:\\\/\\\/secure.gravatar.com\\\/avatar\\\/9ce5a9435071fa1037e8468053ead8e513dbbff59009d3069aadb85506d85a27?s=96&d=mm&r=g\",\"contentUrl\":\"https:\\\/\\\/secure.gravatar.com\\\/avatar\\\/9ce5a9435071fa1037e8468053ead8e513dbbff59009d3069aadb85506d85a27?s=96&d=mm&r=g\",\"caption\":\"Redac\u021bia UrbeaMea\"},\"description\":\"contact@urbeamea.ro\",\"sameAs\":[\"https:\\\/\\\/www.urbeamea.ro\"],\"url\":\"https:\\\/\\\/urbeamea.ro\\\/albaiulia\\\/author\\\/redactia-urbeamea\\\/\"}]}<\/script>\n<!-- \/ Yoast SEO plugin. -->","yoast_head_json":{"title":"Condi\u021bii mai bune de studiu pentru mai mult de 530 elevi din comuna mure\u0219ean\u0103 s\u00e2npaul - Revista Urbea Mea - Revista de Alba","description":"Dup\u0103 patru ani de investi\u021bii \u2013finan\u021barea nerambursabil\u0103 fiind contractat\u0103 \u00een cadrul Axei Prioritare 10.1 a Programului Opera\u021bional Regional 2014-2020 \u2013","robots":{"index":"index","follow":"follow","max-snippet":"max-snippet:-1","max-image-preview":"max-image-preview:large","max-video-preview":"max-video-preview:-1"},"canonical":"https:\/\/urbeamea.ro\/albaiulia\/conditii-mai-bune-de-studiu-pentru-mai-mult-de-530-elevi-din-comuna-mureseana-sanpaul\/","twitter_card":"summary_large_image","twitter_title":"<strong><em>Condi\u021bii mai bune de studiu pentru mai mult de 530 elevi din comuna mure\u0219ean\u0103 s\u00e2npaul<\/em><\/strong> - Revista Urbea Mea - Revista de Alba","twitter_description":"Dup\u0103 patru ani de investi\u021bii \u2013finan\u021barea nerambursabil\u0103 fiind contractat\u0103 \u00een cadrul Axei Prioritare 10.1 a Programului Opera\u021bional Regional 2014-2020 \u2013","twitter_image":"https:\/\/urbeamea.ro\/albaiulia\/wp-content\/uploads\/2023\/01\/Foto1-Inaugurare_Scoli-Sanpaul.jpg","twitter_creator":"@urbeameaweb","twitter_site":"@urbeameaweb","schema":{"@context":"https:\/\/schema.org","@graph":[{"@type":"Article","@id":"https:\/\/urbeamea.ro\/albaiulia\/conditii-mai-bune-de-studiu-pentru-mai-mult-de-530-elevi-din-comuna-mureseana-sanpaul\/#article","isPartOf":{"@id":"https:\/\/urbeamea.ro\/albaiulia\/conditii-mai-bune-de-studiu-pentru-mai-mult-de-530-elevi-din-comuna-mureseana-sanpaul\/"},"author":{"name":"Redac\u021bia UrbeaMea","@id":"https:\/\/urbeamea.ro\/albaiulia\/#\/schema\/person\/272ae98052f8ee8980f59848df070247"},"headline":"Condi\u021bii mai bune de studiu pentru mai mult de 530 elevi din comuna mure\u0219ean\u0103 s\u00e2npaul","datePublished":"2023-01-21T10:03:34+00:00","dateModified":"2023-01-21T10:03:35+00:00","mainEntityOfPage":{"@id":"https:\/\/urbeamea.ro\/albaiulia\/conditii-mai-bune-de-studiu-pentru-mai-mult-de-530-elevi-din-comuna-mureseana-sanpaul\/"},"wordCount":1142,"commentCount":0,"image":{"@id":"https:\/\/urbeamea.ro\/albaiulia\/conditii-mai-bune-de-studiu-pentru-mai-mult-de-530-elevi-din-comuna-mureseana-sanpaul\/#primaryimage"},"thumbnailUrl":"https:\/\/urbeamea.ro\/albaiulia\/wp-content\/uploads\/2023\/01\/Foto1-Inaugurare_Scoli-Sanpaul.jpg","keywords":["ADR Centru"],"articleSection":["Economic"],"inLanguage":"ro-RO","potentialAction":[{"@type":"CommentAction","name":"Comment","target":["https:\/\/urbeamea.ro\/albaiulia\/conditii-mai-bune-de-studiu-pentru-mai-mult-de-530-elevi-din-comuna-mureseana-sanpaul\/#respond"]}]},{"@type":"WebPage","@id":"https:\/\/urbeamea.ro\/albaiulia\/conditii-mai-bune-de-studiu-pentru-mai-mult-de-530-elevi-din-comuna-mureseana-sanpaul\/","url":"https:\/\/urbeamea.ro\/albaiulia\/conditii-mai-bune-de-studiu-pentru-mai-mult-de-530-elevi-din-comuna-mureseana-sanpaul\/","name":"Condi\u021bii mai bune de studiu pentru mai mult de 530 elevi din comuna mure\u0219ean\u0103 s\u00e2npaul - Revista Urbea Mea - Revista de Alba","isPartOf":{"@id":"https:\/\/urbeamea.ro\/albaiulia\/#website"},"primaryImageOfPage":{"@id":"https:\/\/urbeamea.ro\/albaiulia\/conditii-mai-bune-de-studiu-pentru-mai-mult-de-530-elevi-din-comuna-mureseana-sanpaul\/#primaryimage"},"image":{"@id":"https:\/\/urbeamea.ro\/albaiulia\/conditii-mai-bune-de-studiu-pentru-mai-mult-de-530-elevi-din-comuna-mureseana-sanpaul\/#primaryimage"},"thumbnailUrl":"https:\/\/urbeamea.ro\/albaiulia\/wp-content\/uploads\/2023\/01\/Foto1-Inaugurare_Scoli-Sanpaul.jpg","datePublished":"2023-01-21T10:03:34+00:00","dateModified":"2023-01-21T10:03:35+00:00","author":{"@id":"https:\/\/urbeamea.ro\/albaiulia\/#\/schema\/person\/272ae98052f8ee8980f59848df070247"},"description":"Dup\u0103 patru ani de investi\u021bii \u2013finan\u021barea nerambursabil\u0103 fiind contractat\u0103 \u00een cadrul Axei Prioritare 10.1 a Programului Opera\u021bional Regional 2014-2020 \u2013","breadcrumb":{"@id":"https:\/\/urbeamea.ro\/albaiulia\/conditii-mai-bune-de-studiu-pentru-mai-mult-de-530-elevi-din-comuna-mureseana-sanpaul\/#breadcrumb"},"inLanguage":"ro-RO","potentialAction":[{"@type":"ReadAction","target":["https:\/\/urbeamea.ro\/albaiulia\/conditii-mai-bune-de-studiu-pentru-mai-mult-de-530-elevi-din-comuna-mureseana-sanpaul\/"]}]},{"@type":"ImageObject","inLanguage":"ro-RO","@id":"https:\/\/urbeamea.ro\/albaiulia\/conditii-mai-bune-de-studiu-pentru-mai-mult-de-530-elevi-din-comuna-mureseana-sanpaul\/#primaryimage","url":"https:\/\/urbeamea.ro\/albaiulia\/wp-content\/uploads\/2023\/01\/Foto1-Inaugurare_Scoli-Sanpaul.jpg","contentUrl":"https:\/\/urbeamea.ro\/albaiulia\/wp-content\/uploads\/2023\/01\/Foto1-Inaugurare_Scoli-Sanpaul.jpg","width":962,"height":503},{"@type":"BreadcrumbList","@id":"https:\/\/urbeamea.ro\/albaiulia\/conditii-mai-bune-de-studiu-pentru-mai-mult-de-530-elevi-din-comuna-mureseana-sanpaul\/#breadcrumb","itemListElement":[{"@type":"ListItem","position":1,"name":"Prima pagin\u0103","item":"https:\/\/urbeamea.ro\/albaiulia\/"},{"@type":"ListItem","position":2,"name":"Condi\u021bii mai bune de studiu pentru mai mult de 530 elevi din comuna mure\u0219ean\u0103 s\u00e2npaul"}]},{"@type":"WebSite","@id":"https:\/\/urbeamea.ro\/albaiulia\/#website","url":"https:\/\/urbeamea.ro\/albaiulia\/","name":"Revista Urbea Mea, Stiri urbane","description":"Evenimente \u0219i \u0219tiri din Alba Iulia, Sebe\u0219, Aiud, Blaj","potentialAction":[{"@type":"SearchAction","target":{"@type":"EntryPoint","urlTemplate":"https:\/\/urbeamea.ro\/albaiulia\/?s={search_term_string}"},"query-input":{"@type":"PropertyValueSpecification","valueRequired":true,"valueName":"search_term_string"}}],"inLanguage":"ro-RO"},{"@type":"Person","@id":"https:\/\/urbeamea.ro\/albaiulia\/#\/schema\/person\/272ae98052f8ee8980f59848df070247","name":"Redac\u021bia UrbeaMea","image":{"@type":"ImageObject","inLanguage":"ro-RO","@id":"https:\/\/secure.gravatar.com\/avatar\/9ce5a9435071fa1037e8468053ead8e513dbbff59009d3069aadb85506d85a27?s=96&d=mm&r=g","url":"https:\/\/secure.gravatar.com\/avatar\/9ce5a9435071fa1037e8468053ead8e513dbbff59009d3069aadb85506d85a27?s=96&d=mm&r=g","contentUrl":"https:\/\/secure.gravatar.com\/avatar\/9ce5a9435071fa1037e8468053ead8e513dbbff59009d3069aadb85506d85a27?s=96&d=mm&r=g","caption":"Redac\u021bia UrbeaMea"},"description":"contact@urbeamea.ro","sameAs":["https:\/\/www.urbeamea.ro"],"url":"https:\/\/urbeamea.ro\/albaiulia\/author\/redactia-urbeamea\/"}]}},"_links":{"self":[{"href":"https:\/\/urbeamea.ro\/albaiulia\/wp-json\/wp\/v2\/posts\/106102","targetHints":{"allow":["GET"]}}],"collection":[{"href":"https:\/\/urbeamea.ro\/albaiulia\/wp-json\/wp\/v2\/posts"}],"about":[{"href":"https:\/\/urbeamea.ro\/albaiulia\/wp-json\/wp\/v2\/types\/post"}],"author":[{"embeddable":true,"href":"https:\/\/urbeamea.ro\/albaiulia\/wp-json\/wp\/v2\/users\/16"}],"replies":[{"embeddable":true,"href":"https:\/\/urbeamea.ro\/albaiulia\/wp-json\/wp\/v2\/comments?post=106102"}],"version-history":[{"count":1,"href":"https:\/\/urbeamea.ro\/albaiulia\/wp-json\/wp\/v2\/posts\/106102\/revisions"}],"predecessor-version":[{"id":106109,"href":"https:\/\/urbeamea.ro\/albaiulia\/wp-json\/wp\/v2\/posts\/106102\/revisions\/106109"}],"wp:featuredmedia":[{"embeddable":true,"href":"https:\/\/urbeamea.ro\/albaiulia\/wp-json\/wp\/v2\/media\/106108"}],"wp:attachment":[{"href":"https:\/\/urbeamea.ro\/albaiulia\/wp-json\/wp\/v2\/media?parent=106102"}],"wp:term":[{"taxonomy":"category","embeddable":true,"href":"https:\/\/urbeamea.ro\/albaiulia\/wp-json\/wp\/v2\/categories?post=106102"},{"taxonomy":"post_tag","embeddable":true,"href":"https:\/\/urbeamea.ro\/albaiulia\/wp-json\/wp\/v2\/tags?post=106102"}],"curies":[{"name":"wp","href":"https:\/\/api.w.org\/{rel}","templated":true}]}}