{"id":106110,"date":"2023-01-20T15:30:00","date_gmt":"2023-01-20T13:30:00","guid":{"rendered":"https:\/\/urbeamea.ro\/albaiulia\/?p=106110"},"modified":"2023-01-21T12:05:58","modified_gmt":"2023-01-21T10:05:58","slug":"asocierea-rer-vest-retim-ecologic-service-informeaza-clientii-ca-in-data-de-24-ianuarie-birourile-de-relatii-cu-clientii-vor-fi-inchise","status":"publish","type":"post","link":"https:\/\/urbeamea.ro\/albaiulia\/asocierea-rer-vest-retim-ecologic-service-informeaza-clientii-ca-in-data-de-24-ianuarie-birourile-de-relatii-cu-clientii-vor-fi-inchise\/","title":{"rendered":"Asocierea RER Vest &#8211; RETIM Ecologic Service informeaz\u0103 clien\u0163ii c\u0103 \u00een data de 24 ianuarie birourile de rela\u021bii cu clien\u021bii vor fi \u00eenchise.&nbsp;"},"content":{"rendered":"\n<p>At\u00e2t \u00een Zona 1, c\u00e2t \u0219i \u00een Zona 2 a jude\u021bului Alba, colectarea de\u0219eurilor se va face conform graficelor de colectare, f\u0103r\u0103 \u00eentreruperea serviciului.<\/p>\n\n\n\n<p>\u00cen ceea ce prive\u0219te rela\u021bia cu clien\u021bii, doar mar\u021bi, 24 ianuarie, toate birourile noastre vor fi \u00eenchise, activitatea normal\u0103 va fi reluat\u0103 \u00een 25 ianuarie. Amintim c\u0103 orarul birourilor asocierii este de la ora 8 la 16.&nbsp;<\/p>\n\n\n\n<p>Clien\u021bii care vor s\u0103 achite facturi \u00een data de 24 ianuarie o pot face folosind instrumentele de plat\u0103 electronice disponibile pe site-ul\u00a0<a href=\"http:\/\/www.rervest.ro\/\" target=\"_blank\" rel=\"noreferrer noopener\">www.rervest.ro<\/a>, a sistemelor de plat\u0103 rapid\u0103 PayPoint, Un-Doi, Self-Pay sau a aplica\u021biei mobile Pago.<\/p>\n\n\n\n<p>Asocierea r\u0103m\u00e2ne \u00een contact direct cu clien\u0163ii s\u0103i pe canalele de comunicare online \u2013 website\u00a0<a href=\"http:\/\/www.rervest.ro\/\" target=\"_blank\" rel=\"noreferrer noopener\">www.rervest.ro<\/a>,\u00a0<a href=\"http:\/\/www.retim.ro\/\" target=\"_blank\" rel=\"noreferrer noopener\">www.retim.ro<\/a>\u00a0\u0219i\u00a0<a href=\"https:\/\/www.facebook.com\/Asocierea-RER-VEST-RETIM-108946764838707\" target=\"_blank\" rel=\"noreferrer noopener\">pagina oficial\u0103 de Facebook<\/a>.\u00a0 De asemenea,\u00a0operatorii serviciului de\u00a0Call Center\u00a0sunt disponibili la num\u0103rul\u00a0+40 374 885 694, de luni p\u00e2n\u0103 vineri, \u00eentre orele 7 \u0219i 19.<\/p>\n\n\n\n<p><strong>Despre Asocierea RER Vest &#8211; RETIM \u0219i RER Group<\/strong><\/p>\n\n\n\n<p>Asocierea RER Vest S.A. \u2013 RETIM Ecologic Service Timi\u0219oara S.A. ofer\u0103 servicii de salubritate profesioniste locuitorilor din jude\u021bul Alba \u00eencep\u00e2nd cu 1 decembrie 2021. \u00cen baza licita\u021biei organizat\u0103 de ADI Salubris Alba, din anul 2019, asocierea este responsabil\u0103 de colectarea \u0219i sortarea de\u0219eurilor din Zona 1: ora\u0219ele Alba Iulia, Aiud, Ocna Mure\u0219, Teiu\u0219, respectiv comunele Ciugud, Berghin, Ohaba, Mihal\u021b, Strem\u021b, Galda de Jos, Cric\u0103u, \u00centregalde, Ighiu, S\u00e2ntimbru, R\u00e2me\u021b, R\u0103de\u0219ti, Rimetea, Lopadea Nou\u0103, Livezile, Mir\u0103sl\u0103u, Ponor, Hop\u00e2rta, F\u0103r\u0103u, No\u0219lac, Lunca Mure\u0219ului, Unirea \u0219i Zona 2: ora\u0219ele Sebe\u0219, Cugir, respectiv comunele Daia, Cut, Spring, Do\u0219tat, G\u00e2rbova, C\u00e2lnic, S\u0103sciori, Pianu, S\u0103li\u0219tea, Blandiana, Vin\u021bu de Jos, Ceru-B\u0103c\u0103in\u021bi, \u0218ibot \u0219i \u0218ugag.<\/p>\n\n\n\n<p>RER Vest S.A. \u0219i RETIM Ecologic Service Timi\u0219oara S.A. fac parte din RER Ecologic Group. Compania a fost \u00eenfiin\u021bat\u0103 \u00een anul 1994 de concernul german RWE, ce desf\u0103\u0219oar\u0103 activit\u0103\u021bi \u00een domeniul salubrit\u0103\u021bii, recuper\u0103rii ecologice \u0219i recicl\u0103rii. Grupul RER mai de\u021bine \u0219i companiile: REBU, RER Sud, RER Br\u0103ila, RER Servicii \u0219i RER DATA, iar la finalul anului 2021 avea 2300 de angaja\u021bi.<\/p>\n\n\n\n<p>Pentru mai multe detalii ne pute\u021bi contacta la <a href=\"mailto:comunicare@rervest.ro\" target=\"_blank\" rel=\"noreferrer noopener\">comunicare@rervest.ro<\/a>.<\/p>\n","protected":false},"excerpt":{"rendered":"<p>At\u00e2t \u00een Zona 1, c\u00e2t \u0219i \u00een Zona 2 a jude\u021bului Alba, colectarea de\u0219eurilor se va face conform graficelor de colectare, f\u0103r\u0103 \u00eentreruperea serviciului. \u00cen ceea ce prive\u0219te rela\u021bia cu clien\u021bii, doar mar\u021bi, 24 ianuarie, toate birourile noastre vor fi \u00eenchise, activitatea normal\u0103 va fi reluat\u0103 \u00een 25 ianuarie. Amintim c\u0103 orarul birourilor asocierii este &hellip;<\/p>\n","protected":false},"author":16,"featured_media":106111,"comment_status":"open","ping_status":"open","sticky":false,"template":"","format":"standard","meta":{"inline_featured_image":false,"footnotes":""},"categories":[1],"tags":[18621],"class_list":["post-106110","post","type-post","status-publish","format-standard","has-post-thumbnail","hentry","category-stiri-urbane","tag-rer-vest-si-retim"],"yoast_head":"<!-- This site is optimized with the Yoast SEO plugin v27.4 - https:\/\/yoast.com\/product\/yoast-seo-wordpress\/ -->\n<title>Asocierea RER Vest - RETIM Ecologic Service informeaz\u0103 clien\u0163ii c\u0103 \u00een data de 24 ianuarie birourile de rela\u021bii cu clien\u021bii vor fi \u00eenchise.&nbsp; - Revista Urbea Mea - Revista de Alba<\/title>\n<meta name=\"description\" content=\"At\u00e2t \u00een Zona 1, c\u00e2t \u0219i \u00een Zona 2 a jude\u021bului Alba, colectarea de\u0219eurilor se va face conform graficelor de colectare, f\u0103r\u0103 \u00eentreruperea serviciului. \u00cen\" \/>\n<meta name=\"robots\" content=\"index, follow, max-snippet:-1, max-image-preview:large, max-video-preview:-1\" \/>\n<link rel=\"canonical\" href=\"https:\/\/urbeamea.ro\/albaiulia\/asocierea-rer-vest-retim-ecologic-service-informeaza-clientii-ca-in-data-de-24-ianuarie-birourile-de-relatii-cu-clientii-vor-fi-inchise\/\" \/>\n<meta name=\"twitter:card\" content=\"summary_large_image\" \/>\n<meta name=\"twitter:title\" content=\"Asocierea RER Vest - RETIM Ecologic Service informeaz\u0103 clien\u0163ii c\u0103 \u00een data de 24 ianuarie birourile de rela\u021bii cu clien\u021bii vor fi \u00eenchise.&nbsp; - Revista Urbea Mea - Revista de Alba\" \/>\n<meta name=\"twitter:description\" content=\"At\u00e2t \u00een Zona 1, c\u00e2t \u0219i \u00een Zona 2 a jude\u021bului Alba, colectarea de\u0219eurilor se va face conform graficelor de colectare, f\u0103r\u0103 \u00eentreruperea serviciului. \u00cen\" \/>\n<meta name=\"twitter:image\" content=\"https:\/\/urbeamea.ro\/albaiulia\/wp-content\/uploads\/2023\/01\/ALBA_program-lucru-24-ianuarie-2023.jpeg\" \/>\n<meta name=\"twitter:creator\" content=\"@urbeameaweb\" \/>\n<meta name=\"twitter:site\" content=\"@urbeameaweb\" \/>\n<script type=\"application\/ld+json\" class=\"yoast-schema-graph\">{\"@context\":\"https:\\\/\\\/schema.org\",\"@graph\":[{\"@type\":\"Article\",\"@id\":\"https:\\\/\\\/urbeamea.ro\\\/albaiulia\\\/asocierea-rer-vest-retim-ecologic-service-informeaza-clientii-ca-in-data-de-24-ianuarie-birourile-de-relatii-cu-clientii-vor-fi-inchise\\\/#article\",\"isPartOf\":{\"@id\":\"https:\\\/\\\/urbeamea.ro\\\/albaiulia\\\/asocierea-rer-vest-retim-ecologic-service-informeaza-clientii-ca-in-data-de-24-ianuarie-birourile-de-relatii-cu-clientii-vor-fi-inchise\\\/\"},\"author\":{\"name\":\"Redac\u021bia UrbeaMea\",\"@id\":\"https:\\\/\\\/urbeamea.ro\\\/albaiulia\\\/#\\\/schema\\\/person\\\/272ae98052f8ee8980f59848df070247\"},\"headline\":\"Asocierea RER Vest &#8211; RETIM Ecologic Service informeaz\u0103 clien\u0163ii c\u0103 \u00een data de 24 ianuarie birourile de rela\u021bii cu clien\u021bii vor fi \u00eenchise.&nbsp;\",\"datePublished\":\"2023-01-20T13:30:00+00:00\",\"dateModified\":\"2023-01-21T10:05:58+00:00\",\"mainEntityOfPage\":{\"@id\":\"https:\\\/\\\/urbeamea.ro\\\/albaiulia\\\/asocierea-rer-vest-retim-ecologic-service-informeaza-clientii-ca-in-data-de-24-ianuarie-birourile-de-relatii-cu-clientii-vor-fi-inchise\\\/\"},\"wordCount\":401,\"commentCount\":0,\"image\":{\"@id\":\"https:\\\/\\\/urbeamea.ro\\\/albaiulia\\\/asocierea-rer-vest-retim-ecologic-service-informeaza-clientii-ca-in-data-de-24-ianuarie-birourile-de-relatii-cu-clientii-vor-fi-inchise\\\/#primaryimage\"},\"thumbnailUrl\":\"https:\\\/\\\/urbeamea.ro\\\/albaiulia\\\/wp-content\\\/uploads\\\/2023\\\/01\\\/ALBA_program-lucru-24-ianuarie-2023.jpeg\",\"keywords\":[\"rer vest si retim\"],\"articleSection\":[\"\u015etiri Urbane\"],\"inLanguage\":\"ro-RO\",\"potentialAction\":[{\"@type\":\"CommentAction\",\"name\":\"Comment\",\"target\":[\"https:\\\/\\\/urbeamea.ro\\\/albaiulia\\\/asocierea-rer-vest-retim-ecologic-service-informeaza-clientii-ca-in-data-de-24-ianuarie-birourile-de-relatii-cu-clientii-vor-fi-inchise\\\/#respond\"]}]},{\"@type\":\"WebPage\",\"@id\":\"https:\\\/\\\/urbeamea.ro\\\/albaiulia\\\/asocierea-rer-vest-retim-ecologic-service-informeaza-clientii-ca-in-data-de-24-ianuarie-birourile-de-relatii-cu-clientii-vor-fi-inchise\\\/\",\"url\":\"https:\\\/\\\/urbeamea.ro\\\/albaiulia\\\/asocierea-rer-vest-retim-ecologic-service-informeaza-clientii-ca-in-data-de-24-ianuarie-birourile-de-relatii-cu-clientii-vor-fi-inchise\\\/\",\"name\":\"Asocierea RER Vest - RETIM Ecologic Service informeaz\u0103 clien\u0163ii c\u0103 \u00een data de 24 ianuarie birourile de rela\u021bii cu clien\u021bii vor fi \u00eenchise.&nbsp; - Revista Urbea Mea - Revista de Alba\",\"isPartOf\":{\"@id\":\"https:\\\/\\\/urbeamea.ro\\\/albaiulia\\\/#website\"},\"primaryImageOfPage\":{\"@id\":\"https:\\\/\\\/urbeamea.ro\\\/albaiulia\\\/asocierea-rer-vest-retim-ecologic-service-informeaza-clientii-ca-in-data-de-24-ianuarie-birourile-de-relatii-cu-clientii-vor-fi-inchise\\\/#primaryimage\"},\"image\":{\"@id\":\"https:\\\/\\\/urbeamea.ro\\\/albaiulia\\\/asocierea-rer-vest-retim-ecologic-service-informeaza-clientii-ca-in-data-de-24-ianuarie-birourile-de-relatii-cu-clientii-vor-fi-inchise\\\/#primaryimage\"},\"thumbnailUrl\":\"https:\\\/\\\/urbeamea.ro\\\/albaiulia\\\/wp-content\\\/uploads\\\/2023\\\/01\\\/ALBA_program-lucru-24-ianuarie-2023.jpeg\",\"datePublished\":\"2023-01-20T13:30:00+00:00\",\"dateModified\":\"2023-01-21T10:05:58+00:00\",\"author\":{\"@id\":\"https:\\\/\\\/urbeamea.ro\\\/albaiulia\\\/#\\\/schema\\\/person\\\/272ae98052f8ee8980f59848df070247\"},\"description\":\"At\u00e2t \u00een Zona 1, c\u00e2t \u0219i \u00een Zona 2 a jude\u021bului Alba, colectarea de\u0219eurilor se va face conform graficelor de colectare, f\u0103r\u0103 \u00eentreruperea serviciului. \u00cen\",\"breadcrumb\":{\"@id\":\"https:\\\/\\\/urbeamea.ro\\\/albaiulia\\\/asocierea-rer-vest-retim-ecologic-service-informeaza-clientii-ca-in-data-de-24-ianuarie-birourile-de-relatii-cu-clientii-vor-fi-inchise\\\/#breadcrumb\"},\"inLanguage\":\"ro-RO\",\"potentialAction\":[{\"@type\":\"ReadAction\",\"target\":[\"https:\\\/\\\/urbeamea.ro\\\/albaiulia\\\/asocierea-rer-vest-retim-ecologic-service-informeaza-clientii-ca-in-data-de-24-ianuarie-birourile-de-relatii-cu-clientii-vor-fi-inchise\\\/\"]}]},{\"@type\":\"ImageObject\",\"inLanguage\":\"ro-RO\",\"@id\":\"https:\\\/\\\/urbeamea.ro\\\/albaiulia\\\/asocierea-rer-vest-retim-ecologic-service-informeaza-clientii-ca-in-data-de-24-ianuarie-birourile-de-relatii-cu-clientii-vor-fi-inchise\\\/#primaryimage\",\"url\":\"https:\\\/\\\/urbeamea.ro\\\/albaiulia\\\/wp-content\\\/uploads\\\/2023\\\/01\\\/ALBA_program-lucru-24-ianuarie-2023.jpeg\",\"contentUrl\":\"https:\\\/\\\/urbeamea.ro\\\/albaiulia\\\/wp-content\\\/uploads\\\/2023\\\/01\\\/ALBA_program-lucru-24-ianuarie-2023.jpeg\",\"width\":940,\"height\":788},{\"@type\":\"BreadcrumbList\",\"@id\":\"https:\\\/\\\/urbeamea.ro\\\/albaiulia\\\/asocierea-rer-vest-retim-ecologic-service-informeaza-clientii-ca-in-data-de-24-ianuarie-birourile-de-relatii-cu-clientii-vor-fi-inchise\\\/#breadcrumb\",\"itemListElement\":[{\"@type\":\"ListItem\",\"position\":1,\"name\":\"Prima pagin\u0103\",\"item\":\"https:\\\/\\\/urbeamea.ro\\\/albaiulia\\\/\"},{\"@type\":\"ListItem\",\"position\":2,\"name\":\"Asocierea RER Vest &#8211; RETIM Ecologic Service informeaz\u0103 clien\u0163ii c\u0103 \u00een data de 24 ianuarie birourile de rela\u021bii cu clien\u021bii vor fi \u00eenchise.&nbsp;\"}]},{\"@type\":\"WebSite\",\"@id\":\"https:\\\/\\\/urbeamea.ro\\\/albaiulia\\\/#website\",\"url\":\"https:\\\/\\\/urbeamea.ro\\\/albaiulia\\\/\",\"name\":\"Revista Urbea Mea, Stiri urbane\",\"description\":\"Evenimente \u0219i \u0219tiri din Alba Iulia, Sebe\u0219, Aiud, Blaj\",\"potentialAction\":[{\"@type\":\"SearchAction\",\"target\":{\"@type\":\"EntryPoint\",\"urlTemplate\":\"https:\\\/\\\/urbeamea.ro\\\/albaiulia\\\/?s={search_term_string}\"},\"query-input\":{\"@type\":\"PropertyValueSpecification\",\"valueRequired\":true,\"valueName\":\"search_term_string\"}}],\"inLanguage\":\"ro-RO\"},{\"@type\":\"Person\",\"@id\":\"https:\\\/\\\/urbeamea.ro\\\/albaiulia\\\/#\\\/schema\\\/person\\\/272ae98052f8ee8980f59848df070247\",\"name\":\"Redac\u021bia UrbeaMea\",\"image\":{\"@type\":\"ImageObject\",\"inLanguage\":\"ro-RO\",\"@id\":\"https:\\\/\\\/secure.gravatar.com\\\/avatar\\\/9ce5a9435071fa1037e8468053ead8e513dbbff59009d3069aadb85506d85a27?s=96&d=mm&r=g\",\"url\":\"https:\\\/\\\/secure.gravatar.com\\\/avatar\\\/9ce5a9435071fa1037e8468053ead8e513dbbff59009d3069aadb85506d85a27?s=96&d=mm&r=g\",\"contentUrl\":\"https:\\\/\\\/secure.gravatar.com\\\/avatar\\\/9ce5a9435071fa1037e8468053ead8e513dbbff59009d3069aadb85506d85a27?s=96&d=mm&r=g\",\"caption\":\"Redac\u021bia UrbeaMea\"},\"description\":\"contact@urbeamea.ro\",\"sameAs\":[\"https:\\\/\\\/www.urbeamea.ro\"],\"url\":\"https:\\\/\\\/urbeamea.ro\\\/albaiulia\\\/author\\\/redactia-urbeamea\\\/\"}]}<\/script>\n<!-- \/ Yoast SEO plugin. -->","yoast_head_json":{"title":"Asocierea RER Vest - RETIM Ecologic Service informeaz\u0103 clien\u0163ii c\u0103 \u00een data de 24 ianuarie birourile de rela\u021bii cu clien\u021bii vor fi \u00eenchise.&nbsp; - Revista Urbea Mea - Revista de Alba","description":"At\u00e2t \u00een Zona 1, c\u00e2t \u0219i \u00een Zona 2 a jude\u021bului Alba, colectarea de\u0219eurilor se va face conform graficelor de colectare, f\u0103r\u0103 \u00eentreruperea serviciului. \u00cen","robots":{"index":"index","follow":"follow","max-snippet":"max-snippet:-1","max-image-preview":"max-image-preview:large","max-video-preview":"max-video-preview:-1"},"canonical":"https:\/\/urbeamea.ro\/albaiulia\/asocierea-rer-vest-retim-ecologic-service-informeaza-clientii-ca-in-data-de-24-ianuarie-birourile-de-relatii-cu-clientii-vor-fi-inchise\/","twitter_card":"summary_large_image","twitter_title":"Asocierea RER Vest - RETIM Ecologic Service informeaz\u0103 clien\u0163ii c\u0103 \u00een data de 24 ianuarie birourile de rela\u021bii cu clien\u021bii vor fi \u00eenchise.&nbsp; - Revista Urbea Mea - Revista de Alba","twitter_description":"At\u00e2t \u00een Zona 1, c\u00e2t \u0219i \u00een Zona 2 a jude\u021bului Alba, colectarea de\u0219eurilor se va face conform graficelor de colectare, f\u0103r\u0103 \u00eentreruperea serviciului. \u00cen","twitter_image":"https:\/\/urbeamea.ro\/albaiulia\/wp-content\/uploads\/2023\/01\/ALBA_program-lucru-24-ianuarie-2023.jpeg","twitter_creator":"@urbeameaweb","twitter_site":"@urbeameaweb","schema":{"@context":"https:\/\/schema.org","@graph":[{"@type":"Article","@id":"https:\/\/urbeamea.ro\/albaiulia\/asocierea-rer-vest-retim-ecologic-service-informeaza-clientii-ca-in-data-de-24-ianuarie-birourile-de-relatii-cu-clientii-vor-fi-inchise\/#article","isPartOf":{"@id":"https:\/\/urbeamea.ro\/albaiulia\/asocierea-rer-vest-retim-ecologic-service-informeaza-clientii-ca-in-data-de-24-ianuarie-birourile-de-relatii-cu-clientii-vor-fi-inchise\/"},"author":{"name":"Redac\u021bia UrbeaMea","@id":"https:\/\/urbeamea.ro\/albaiulia\/#\/schema\/person\/272ae98052f8ee8980f59848df070247"},"headline":"Asocierea RER Vest &#8211; RETIM Ecologic Service informeaz\u0103 clien\u0163ii c\u0103 \u00een data de 24 ianuarie birourile de rela\u021bii cu clien\u021bii vor fi \u00eenchise.&nbsp;","datePublished":"2023-01-20T13:30:00+00:00","dateModified":"2023-01-21T10:05:58+00:00","mainEntityOfPage":{"@id":"https:\/\/urbeamea.ro\/albaiulia\/asocierea-rer-vest-retim-ecologic-service-informeaza-clientii-ca-in-data-de-24-ianuarie-birourile-de-relatii-cu-clientii-vor-fi-inchise\/"},"wordCount":401,"commentCount":0,"image":{"@id":"https:\/\/urbeamea.ro\/albaiulia\/asocierea-rer-vest-retim-ecologic-service-informeaza-clientii-ca-in-data-de-24-ianuarie-birourile-de-relatii-cu-clientii-vor-fi-inchise\/#primaryimage"},"thumbnailUrl":"https:\/\/urbeamea.ro\/albaiulia\/wp-content\/uploads\/2023\/01\/ALBA_program-lucru-24-ianuarie-2023.jpeg","keywords":["rer vest si retim"],"articleSection":["\u015etiri Urbane"],"inLanguage":"ro-RO","potentialAction":[{"@type":"CommentAction","name":"Comment","target":["https:\/\/urbeamea.ro\/albaiulia\/asocierea-rer-vest-retim-ecologic-service-informeaza-clientii-ca-in-data-de-24-ianuarie-birourile-de-relatii-cu-clientii-vor-fi-inchise\/#respond"]}]},{"@type":"WebPage","@id":"https:\/\/urbeamea.ro\/albaiulia\/asocierea-rer-vest-retim-ecologic-service-informeaza-clientii-ca-in-data-de-24-ianuarie-birourile-de-relatii-cu-clientii-vor-fi-inchise\/","url":"https:\/\/urbeamea.ro\/albaiulia\/asocierea-rer-vest-retim-ecologic-service-informeaza-clientii-ca-in-data-de-24-ianuarie-birourile-de-relatii-cu-clientii-vor-fi-inchise\/","name":"Asocierea RER Vest - RETIM Ecologic Service informeaz\u0103 clien\u0163ii c\u0103 \u00een data de 24 ianuarie birourile de rela\u021bii cu clien\u021bii vor fi \u00eenchise.&nbsp; - Revista Urbea Mea - Revista de Alba","isPartOf":{"@id":"https:\/\/urbeamea.ro\/albaiulia\/#website"},"primaryImageOfPage":{"@id":"https:\/\/urbeamea.ro\/albaiulia\/asocierea-rer-vest-retim-ecologic-service-informeaza-clientii-ca-in-data-de-24-ianuarie-birourile-de-relatii-cu-clientii-vor-fi-inchise\/#primaryimage"},"image":{"@id":"https:\/\/urbeamea.ro\/albaiulia\/asocierea-rer-vest-retim-ecologic-service-informeaza-clientii-ca-in-data-de-24-ianuarie-birourile-de-relatii-cu-clientii-vor-fi-inchise\/#primaryimage"},"thumbnailUrl":"https:\/\/urbeamea.ro\/albaiulia\/wp-content\/uploads\/2023\/01\/ALBA_program-lucru-24-ianuarie-2023.jpeg","datePublished":"2023-01-20T13:30:00+00:00","dateModified":"2023-01-21T10:05:58+00:00","author":{"@id":"https:\/\/urbeamea.ro\/albaiulia\/#\/schema\/person\/272ae98052f8ee8980f59848df070247"},"description":"At\u00e2t \u00een Zona 1, c\u00e2t \u0219i \u00een Zona 2 a jude\u021bului Alba, colectarea de\u0219eurilor se va face conform graficelor de colectare, f\u0103r\u0103 \u00eentreruperea serviciului. \u00cen","breadcrumb":{"@id":"https:\/\/urbeamea.ro\/albaiulia\/asocierea-rer-vest-retim-ecologic-service-informeaza-clientii-ca-in-data-de-24-ianuarie-birourile-de-relatii-cu-clientii-vor-fi-inchise\/#breadcrumb"},"inLanguage":"ro-RO","potentialAction":[{"@type":"ReadAction","target":["https:\/\/urbeamea.ro\/albaiulia\/asocierea-rer-vest-retim-ecologic-service-informeaza-clientii-ca-in-data-de-24-ianuarie-birourile-de-relatii-cu-clientii-vor-fi-inchise\/"]}]},{"@type":"ImageObject","inLanguage":"ro-RO","@id":"https:\/\/urbeamea.ro\/albaiulia\/asocierea-rer-vest-retim-ecologic-service-informeaza-clientii-ca-in-data-de-24-ianuarie-birourile-de-relatii-cu-clientii-vor-fi-inchise\/#primaryimage","url":"https:\/\/urbeamea.ro\/albaiulia\/wp-content\/uploads\/2023\/01\/ALBA_program-lucru-24-ianuarie-2023.jpeg","contentUrl":"https:\/\/urbeamea.ro\/albaiulia\/wp-content\/uploads\/2023\/01\/ALBA_program-lucru-24-ianuarie-2023.jpeg","width":940,"height":788},{"@type":"BreadcrumbList","@id":"https:\/\/urbeamea.ro\/albaiulia\/asocierea-rer-vest-retim-ecologic-service-informeaza-clientii-ca-in-data-de-24-ianuarie-birourile-de-relatii-cu-clientii-vor-fi-inchise\/#breadcrumb","itemListElement":[{"@type":"ListItem","position":1,"name":"Prima pagin\u0103","item":"https:\/\/urbeamea.ro\/albaiulia\/"},{"@type":"ListItem","position":2,"name":"Asocierea RER Vest &#8211; RETIM Ecologic Service informeaz\u0103 clien\u0163ii c\u0103 \u00een data de 24 ianuarie birourile de rela\u021bii cu clien\u021bii vor fi \u00eenchise.&nbsp;"}]},{"@type":"WebSite","@id":"https:\/\/urbeamea.ro\/albaiulia\/#website","url":"https:\/\/urbeamea.ro\/albaiulia\/","name":"Revista Urbea Mea, Stiri urbane","description":"Evenimente \u0219i \u0219tiri din Alba Iulia, Sebe\u0219, Aiud, Blaj","potentialAction":[{"@type":"SearchAction","target":{"@type":"EntryPoint","urlTemplate":"https:\/\/urbeamea.ro\/albaiulia\/?s={search_term_string}"},"query-input":{"@type":"PropertyValueSpecification","valueRequired":true,"valueName":"search_term_string"}}],"inLanguage":"ro-RO"},{"@type":"Person","@id":"https:\/\/urbeamea.ro\/albaiulia\/#\/schema\/person\/272ae98052f8ee8980f59848df070247","name":"Redac\u021bia UrbeaMea","image":{"@type":"ImageObject","inLanguage":"ro-RO","@id":"https:\/\/secure.gravatar.com\/avatar\/9ce5a9435071fa1037e8468053ead8e513dbbff59009d3069aadb85506d85a27?s=96&d=mm&r=g","url":"https:\/\/secure.gravatar.com\/avatar\/9ce5a9435071fa1037e8468053ead8e513dbbff59009d3069aadb85506d85a27?s=96&d=mm&r=g","contentUrl":"https:\/\/secure.gravatar.com\/avatar\/9ce5a9435071fa1037e8468053ead8e513dbbff59009d3069aadb85506d85a27?s=96&d=mm&r=g","caption":"Redac\u021bia UrbeaMea"},"description":"contact@urbeamea.ro","sameAs":["https:\/\/www.urbeamea.ro"],"url":"https:\/\/urbeamea.ro\/albaiulia\/author\/redactia-urbeamea\/"}]}},"_links":{"self":[{"href":"https:\/\/urbeamea.ro\/albaiulia\/wp-json\/wp\/v2\/posts\/106110","targetHints":{"allow":["GET"]}}],"collection":[{"href":"https:\/\/urbeamea.ro\/albaiulia\/wp-json\/wp\/v2\/posts"}],"about":[{"href":"https:\/\/urbeamea.ro\/albaiulia\/wp-json\/wp\/v2\/types\/post"}],"author":[{"embeddable":true,"href":"https:\/\/urbeamea.ro\/albaiulia\/wp-json\/wp\/v2\/users\/16"}],"replies":[{"embeddable":true,"href":"https:\/\/urbeamea.ro\/albaiulia\/wp-json\/wp\/v2\/comments?post=106110"}],"version-history":[{"count":1,"href":"https:\/\/urbeamea.ro\/albaiulia\/wp-json\/wp\/v2\/posts\/106110\/revisions"}],"predecessor-version":[{"id":106112,"href":"https:\/\/urbeamea.ro\/albaiulia\/wp-json\/wp\/v2\/posts\/106110\/revisions\/106112"}],"wp:featuredmedia":[{"embeddable":true,"href":"https:\/\/urbeamea.ro\/albaiulia\/wp-json\/wp\/v2\/media\/106111"}],"wp:attachment":[{"href":"https:\/\/urbeamea.ro\/albaiulia\/wp-json\/wp\/v2\/media?parent=106110"}],"wp:term":[{"taxonomy":"category","embeddable":true,"href":"https:\/\/urbeamea.ro\/albaiulia\/wp-json\/wp\/v2\/categories?post=106110"},{"taxonomy":"post_tag","embeddable":true,"href":"https:\/\/urbeamea.ro\/albaiulia\/wp-json\/wp\/v2\/tags?post=106110"}],"curies":[{"name":"wp","href":"https:\/\/api.w.org\/{rel}","templated":true}]}}