{"id":106116,"date":"2023-01-21T12:16:16","date_gmt":"2023-01-21T10:16:16","guid":{"rendered":"https:\/\/urbeamea.ro\/albaiulia\/?p=106116"},"modified":"2023-01-21T12:16:17","modified_gmt":"2023-01-21T10:16:17","slug":"21-22-ianuarie-winter-tour-ajunge-la-transalpina","status":"publish","type":"post","link":"https:\/\/urbeamea.ro\/albaiulia\/21-22-ianuarie-winter-tour-ajunge-la-transalpina\/","title":{"rendered":"21-22 ianuarie &#8211; Winter Tour ajunge la Transalpina!"},"content":{"rendered":"\n<p><strong>A 10-a edi\u021bie Winter Tour ajunge \u00een acest sf\u00e2r\u0219it de s\u0103pt\u0103m\u00e2n\u0103, 21-22 ianuarie, pe domeniul schiabil Transalpina-Voineasa. Caravana distrac\u021biei ar fi trebuit s\u0103 ajung\u0103 \u00een weekend la Predeal, \u00eens\u0103 temperaturile extrem de ridicate din zon\u0103 \u0219i lipsa z\u0103pezii au determinat organizatorii evenimentului s\u0103 schimbe loca\u021bia. \u0218i startul sezonului a fost \u00eent\u00e2rziat cu o s\u0103pt\u0103m\u00e2n\u0103, tot din cauza condi\u021biilor meteorologice nefavorabile.<\/strong><\/p>\n\n\n\n<figure class=\"wp-block-image size-large\"><img loading=\"lazy\" decoding=\"async\" width=\"1280\" height=\"854\" src=\"https:\/\/urbeamea.ro\/albaiulia\/wp-content\/uploads\/2023\/01\/WT_AZUGA_2-1280x854.jpeg\" alt=\"\" class=\"wp-image-106117\" srcset=\"https:\/\/urbeamea.ro\/albaiulia\/wp-content\/uploads\/2023\/01\/WT_AZUGA_2-1280x854.jpeg 1280w, https:\/\/urbeamea.ro\/albaiulia\/wp-content\/uploads\/2023\/01\/WT_AZUGA_2-640x427.jpeg 640w, https:\/\/urbeamea.ro\/albaiulia\/wp-content\/uploads\/2023\/01\/WT_AZUGA_2-150x100.jpeg 150w, https:\/\/urbeamea.ro\/albaiulia\/wp-content\/uploads\/2023\/01\/WT_AZUGA_2-768x512.jpeg 768w, https:\/\/urbeamea.ro\/albaiulia\/wp-content\/uploads\/2023\/01\/WT_AZUGA_2-1536x1024.jpeg 1536w, https:\/\/urbeamea.ro\/albaiulia\/wp-content\/uploads\/2023\/01\/WT_AZUGA_2.jpeg 1600w\" sizes=\"auto, (max-width: 1280px) 100vw, 1280px\" \/><\/figure>\n\n\n\n<blockquote class=\"wp-block-quote is-layout-flow wp-block-quote-is-layout-flow\">\n<p><em>Iarna se las\u0103 \u00eenc\u0103 a\u0219teptat\u0103 pe multe p\u00e2rtii din \u021bar\u0103 dar \u0219i din str\u0103in\u0103tate. Ne bucur\u0103m \u00eens\u0103 c\u0103, dup\u0103 ani \u00een care p\u00e2rtia de la Transalpina a fost deschis\u0103 mai t\u00e2rziu dec\u00e2t alte p\u00e2rtii, acum este una dintre pu\u021binele pe care se schiaz\u0103 \u0219i se schiaz\u0103 \u00een condi\u021bii bune. Ne bucur\u0103m s\u0103 ne petrecem unul dintre weekendurile aniversare pe una dintre cele mai \u00eendr\u0103gite p\u00e2rtii din \u021bar\u0103. Venim cu o mul\u021bime de surprize pentru comunitatea schiorilor \u0219i a snowboarderilor din zon\u0103.<\/em><\/p>\n\n\n\n<p><em>Primul weekend din Winter Tour 10 l-am petrecut la Azuga. A fost cu soare, cu z\u00e2mbete, cu bucurie \u0219i mult\u0103 voie bun\u0103. Z\u0103pad\u0103 nu c\u00e2t\u0103 ne-am dorit, \u00eens\u0103 am compensat la capitolul distrac\u021bie.<\/em><\/p>\n<cite><strong>Tiberiu Pop, organizator Winter Tour<\/strong><\/cite><\/blockquote>\n\n\n\n<p>\u00cen fiecare weekend, din ianuarie p\u00e2n\u0103 \u00een martie, Winter Tour popose\u0219te pe alt\u0103 p\u00e2rtie din \u021bar\u0103. Activit\u0103\u021bile se desf\u0103\u0219oar\u0103 \u00een fun lounge-ul instalat de obicei la baza p\u00e2rtiilor. Activit\u0103\u021bile \u00eencep la primele ore ale dimine\u021bii \u0219i \u021bin p\u00e2n\u0103 seara. Cei care ajung la lounge pot s\u0103 participe la zeci de jocuri de iarn\u0103 cu premii, la provoc\u0103ri, dar \u0219i s\u0103 se relaxeze pe fotolii-puf sau s\u0103 se \u00eenc\u0103lzeasc\u0103 \u00een cort. S\u00e2mb\u0103t\u0103 seara este timpul pentru apres ski party sau concerte pe z\u0103pad\u0103. Accesul la toate activit\u0103\u021bile Winter Tour este gratuit.\u00a0<\/p>\n\n\n\n<figure class=\"wp-block-image size-large\"><img loading=\"lazy\" decoding=\"async\" width=\"1280\" height=\"853\" src=\"https:\/\/urbeamea.ro\/albaiulia\/wp-content\/uploads\/2023\/01\/WT_Transalpina_Arhiva_2019-1280x853.jpeg\" alt=\"\" class=\"wp-image-106118\" srcset=\"https:\/\/urbeamea.ro\/albaiulia\/wp-content\/uploads\/2023\/01\/WT_Transalpina_Arhiva_2019-1280x853.jpeg 1280w, https:\/\/urbeamea.ro\/albaiulia\/wp-content\/uploads\/2023\/01\/WT_Transalpina_Arhiva_2019-640x427.jpeg 640w, https:\/\/urbeamea.ro\/albaiulia\/wp-content\/uploads\/2023\/01\/WT_Transalpina_Arhiva_2019-150x100.jpeg 150w, https:\/\/urbeamea.ro\/albaiulia\/wp-content\/uploads\/2023\/01\/WT_Transalpina_Arhiva_2019-768x512.jpeg 768w, https:\/\/urbeamea.ro\/albaiulia\/wp-content\/uploads\/2023\/01\/WT_Transalpina_Arhiva_2019-1536x1024.jpeg 1536w, https:\/\/urbeamea.ro\/albaiulia\/wp-content\/uploads\/2023\/01\/WT_Transalpina_Arhiva_2019.jpeg 2048w\" sizes=\"auto, (max-width: 1280px) 100vw, 1280px\" \/><\/figure>\n\n\n\n<p><strong>Calendarul Winter Tour 10<\/strong><\/p>\n\n\n\n<ul class=\"wp-block-list\">\n<li>14 \u2013 15 ianuarie &#8211; Azuga<\/li>\n\n\n\n<li>21 &#8211; 22 ianuarie &#8211; Transalpina&nbsp;<\/li>\n\n\n\n<li>28 &#8211; 29 ianuarie &#8211; Bu\u0219teni<\/li>\n\n\n\n<li>4 &#8211; 5 februarie &#8211; Muntele Mic<\/li>\n\n\n\n<li>11 &#8211; 12 februarie &#8211; Bor\u0219a<\/li>\n\n\n\n<li>18 &#8211; 19 februarie &#8211; Rar\u0103u<\/li>\n\n\n\n<li>25 &#8211; 26 februarie &#8211; Cavnic<\/li>\n\n\n\n<li>4 &#8211; 5 martie &#8211; Buscat&nbsp;<\/li>\n\n\n\n<li>11 &#8211; 12 martie &#8211; Sinaia<\/li>\n<\/ul>\n\n\n\n<p><strong>Winter Tour &#8211; cel mai vechi eveniment de iarn\u0103 din Rom\u00e2nia<\/strong><\/p>\n\n\n\n<p>Winter Tour este cel mai vechi eveniment de iarn\u0103 din Rom\u00e2nia, ajuns anul acesta la cea de-a zecea edi\u021bie. S-a n\u0103scut din dorin\u021ba unor pasiona\u021bi de munte de a promova p\u00e2rtiile din Rom\u00e2nia \u0219i de a aduce oamenii mai aproape de sporturile de iarn\u0103 \u0219i de natur\u0103. A devenit repede un eveniment de anvergur\u0103 pe p\u00e2rtiile de schi, marc\u00e2nd parteneriate cu cele mai frumoase sta\u021biuni de iarn\u0103 din \u021bar\u0103. An de an, \u00een fiecare weekend, din ianuarie p\u00e2n\u0103 \u00een martie, ga\u0219ca Winter Tour se afl\u0103 pe o alt\u0103 p\u00e2rtie din Rom\u00e2nia, cu jocuri de iarn\u0103, distrac\u021bie, muzic\u0103, lec\u021bii de schi gratuite \u0219i concursuri.<\/p>\n\n\n\n<figure class=\"wp-block-image size-large\"><img loading=\"lazy\" decoding=\"async\" width=\"1024\" height=\"1280\" src=\"https:\/\/urbeamea.ro\/albaiulia\/wp-content\/uploads\/2023\/01\/WT_TRANSALPINA_POST-1024x1280.jpeg\" alt=\"\" class=\"wp-image-106119\" srcset=\"https:\/\/urbeamea.ro\/albaiulia\/wp-content\/uploads\/2023\/01\/WT_TRANSALPINA_POST-1024x1280.jpeg 1024w, https:\/\/urbeamea.ro\/albaiulia\/wp-content\/uploads\/2023\/01\/WT_TRANSALPINA_POST-512x640.jpeg 512w, https:\/\/urbeamea.ro\/albaiulia\/wp-content\/uploads\/2023\/01\/WT_TRANSALPINA_POST-120x150.jpeg 120w, https:\/\/urbeamea.ro\/albaiulia\/wp-content\/uploads\/2023\/01\/WT_TRANSALPINA_POST-768x960.jpeg 768w, https:\/\/urbeamea.ro\/albaiulia\/wp-content\/uploads\/2023\/01\/WT_TRANSALPINA_POST.jpeg 1080w\" sizes=\"auto, (max-width: 1024px) 100vw, 1024px\" \/><\/figure>\n","protected":false},"excerpt":{"rendered":"<p>A 10-a edi\u021bie Winter Tour ajunge \u00een acest sf\u00e2r\u0219it de s\u0103pt\u0103m\u00e2n\u0103, 21-22 ianuarie, pe domeniul schiabil Transalpina-Voineasa. Caravana distrac\u021biei ar fi trebuit s\u0103 ajung\u0103 \u00een weekend la Predeal, \u00eens\u0103 temperaturile extrem de ridicate din zon\u0103 \u0219i lipsa z\u0103pezii au determinat organizatorii evenimentului s\u0103 schimbe loca\u021bia. \u0218i startul sezonului a fost \u00eent\u00e2rziat cu o s\u0103pt\u0103m\u00e2n\u0103, tot &hellip;<\/p>\n","protected":false},"author":5,"featured_media":106120,"comment_status":"open","ping_status":"open","sticky":false,"template":"","format":"standard","meta":{"inline_featured_image":false,"footnotes":""},"categories":[4],"tags":[24740],"class_list":["post-106116","post","type-post","status-publish","format-standard","has-post-thumbnail","hentry","category-eveniment","tag-winter-tour-2023"],"yoast_head":"<!-- This site is optimized with the Yoast SEO plugin v27.4 - https:\/\/yoast.com\/product\/yoast-seo-wordpress\/ -->\n<title>21-22 ianuarie - Winter Tour ajunge la Transalpina! - Revista Urbea Mea - Revista de Alba<\/title>\n<meta name=\"description\" content=\"A 10-a edi\u021bie Winter Tour ajunge \u00een acest sf\u00e2r\u0219it de s\u0103pt\u0103m\u00e2n\u0103, 21-22 ianuarie, pe domeniul schiabil Transalpina-Voineasa. Caravana distrac\u021biei ar fi\" \/>\n<meta name=\"robots\" content=\"index, follow, max-snippet:-1, max-image-preview:large, max-video-preview:-1\" \/>\n<link rel=\"canonical\" href=\"https:\/\/urbeamea.ro\/albaiulia\/21-22-ianuarie-winter-tour-ajunge-la-transalpina\/\" \/>\n<meta name=\"twitter:card\" content=\"summary_large_image\" \/>\n<meta name=\"twitter:title\" content=\"21-22 ianuarie - Winter Tour ajunge la Transalpina! - Revista Urbea Mea - Revista de Alba\" \/>\n<meta name=\"twitter:description\" content=\"A 10-a edi\u021bie Winter Tour ajunge \u00een acest sf\u00e2r\u0219it de s\u0103pt\u0103m\u00e2n\u0103, 21-22 ianuarie, pe domeniul schiabil Transalpina-Voineasa. Caravana distrac\u021biei ar fi\" \/>\n<meta name=\"twitter:image\" content=\"https:\/\/urbeamea.ro\/albaiulia\/wp-content\/uploads\/2023\/01\/WT_AZUGA_1.jpeg\" \/>\n<meta name=\"twitter:creator\" content=\"@urbeameaweb\" \/>\n<meta name=\"twitter:site\" content=\"@urbeameaweb\" \/>\n<script type=\"application\/ld+json\" class=\"yoast-schema-graph\">{\"@context\":\"https:\\\/\\\/schema.org\",\"@graph\":[{\"@type\":\"Article\",\"@id\":\"https:\\\/\\\/urbeamea.ro\\\/albaiulia\\\/21-22-ianuarie-winter-tour-ajunge-la-transalpina\\\/#article\",\"isPartOf\":{\"@id\":\"https:\\\/\\\/urbeamea.ro\\\/albaiulia\\\/21-22-ianuarie-winter-tour-ajunge-la-transalpina\\\/\"},\"author\":{\"name\":\"Bogdan P\u0103unescu\",\"@id\":\"https:\\\/\\\/urbeamea.ro\\\/albaiulia\\\/#\\\/schema\\\/person\\\/a115373ce8153754c6b084232d985956\"},\"headline\":\"21-22 ianuarie &#8211; Winter Tour ajunge la Transalpina!\",\"datePublished\":\"2023-01-21T10:16:16+00:00\",\"dateModified\":\"2023-01-21T10:16:17+00:00\",\"mainEntityOfPage\":{\"@id\":\"https:\\\/\\\/urbeamea.ro\\\/albaiulia\\\/21-22-ianuarie-winter-tour-ajunge-la-transalpina\\\/\"},\"wordCount\":499,\"commentCount\":0,\"image\":{\"@id\":\"https:\\\/\\\/urbeamea.ro\\\/albaiulia\\\/21-22-ianuarie-winter-tour-ajunge-la-transalpina\\\/#primaryimage\"},\"thumbnailUrl\":\"https:\\\/\\\/urbeamea.ro\\\/albaiulia\\\/wp-content\\\/uploads\\\/2023\\\/01\\\/WT_AZUGA_1.jpeg\",\"keywords\":[\"winter tour 2023\"],\"articleSection\":[\"Evenimente\"],\"inLanguage\":\"ro-RO\",\"potentialAction\":[{\"@type\":\"CommentAction\",\"name\":\"Comment\",\"target\":[\"https:\\\/\\\/urbeamea.ro\\\/albaiulia\\\/21-22-ianuarie-winter-tour-ajunge-la-transalpina\\\/#respond\"]}]},{\"@type\":\"WebPage\",\"@id\":\"https:\\\/\\\/urbeamea.ro\\\/albaiulia\\\/21-22-ianuarie-winter-tour-ajunge-la-transalpina\\\/\",\"url\":\"https:\\\/\\\/urbeamea.ro\\\/albaiulia\\\/21-22-ianuarie-winter-tour-ajunge-la-transalpina\\\/\",\"name\":\"21-22 ianuarie - Winter Tour ajunge la Transalpina! - Revista Urbea Mea - Revista de Alba\",\"isPartOf\":{\"@id\":\"https:\\\/\\\/urbeamea.ro\\\/albaiulia\\\/#website\"},\"primaryImageOfPage\":{\"@id\":\"https:\\\/\\\/urbeamea.ro\\\/albaiulia\\\/21-22-ianuarie-winter-tour-ajunge-la-transalpina\\\/#primaryimage\"},\"image\":{\"@id\":\"https:\\\/\\\/urbeamea.ro\\\/albaiulia\\\/21-22-ianuarie-winter-tour-ajunge-la-transalpina\\\/#primaryimage\"},\"thumbnailUrl\":\"https:\\\/\\\/urbeamea.ro\\\/albaiulia\\\/wp-content\\\/uploads\\\/2023\\\/01\\\/WT_AZUGA_1.jpeg\",\"datePublished\":\"2023-01-21T10:16:16+00:00\",\"dateModified\":\"2023-01-21T10:16:17+00:00\",\"author\":{\"@id\":\"https:\\\/\\\/urbeamea.ro\\\/albaiulia\\\/#\\\/schema\\\/person\\\/a115373ce8153754c6b084232d985956\"},\"description\":\"A 10-a edi\u021bie Winter Tour ajunge \u00een acest sf\u00e2r\u0219it de s\u0103pt\u0103m\u00e2n\u0103, 21-22 ianuarie, pe domeniul schiabil Transalpina-Voineasa. Caravana distrac\u021biei ar fi\",\"breadcrumb\":{\"@id\":\"https:\\\/\\\/urbeamea.ro\\\/albaiulia\\\/21-22-ianuarie-winter-tour-ajunge-la-transalpina\\\/#breadcrumb\"},\"inLanguage\":\"ro-RO\",\"potentialAction\":[{\"@type\":\"ReadAction\",\"target\":[\"https:\\\/\\\/urbeamea.ro\\\/albaiulia\\\/21-22-ianuarie-winter-tour-ajunge-la-transalpina\\\/\"]}]},{\"@type\":\"ImageObject\",\"inLanguage\":\"ro-RO\",\"@id\":\"https:\\\/\\\/urbeamea.ro\\\/albaiulia\\\/21-22-ianuarie-winter-tour-ajunge-la-transalpina\\\/#primaryimage\",\"url\":\"https:\\\/\\\/urbeamea.ro\\\/albaiulia\\\/wp-content\\\/uploads\\\/2023\\\/01\\\/WT_AZUGA_1.jpeg\",\"contentUrl\":\"https:\\\/\\\/urbeamea.ro\\\/albaiulia\\\/wp-content\\\/uploads\\\/2023\\\/01\\\/WT_AZUGA_1.jpeg\",\"width\":1600,\"height\":1066},{\"@type\":\"BreadcrumbList\",\"@id\":\"https:\\\/\\\/urbeamea.ro\\\/albaiulia\\\/21-22-ianuarie-winter-tour-ajunge-la-transalpina\\\/#breadcrumb\",\"itemListElement\":[{\"@type\":\"ListItem\",\"position\":1,\"name\":\"Prima pagin\u0103\",\"item\":\"https:\\\/\\\/urbeamea.ro\\\/albaiulia\\\/\"},{\"@type\":\"ListItem\",\"position\":2,\"name\":\"21-22 ianuarie &#8211; Winter Tour ajunge la Transalpina!\"}]},{\"@type\":\"WebSite\",\"@id\":\"https:\\\/\\\/urbeamea.ro\\\/albaiulia\\\/#website\",\"url\":\"https:\\\/\\\/urbeamea.ro\\\/albaiulia\\\/\",\"name\":\"Revista Urbea Mea, Stiri urbane\",\"description\":\"Evenimente \u0219i \u0219tiri din Alba Iulia, Sebe\u0219, Aiud, Blaj\",\"potentialAction\":[{\"@type\":\"SearchAction\",\"target\":{\"@type\":\"EntryPoint\",\"urlTemplate\":\"https:\\\/\\\/urbeamea.ro\\\/albaiulia\\\/?s={search_term_string}\"},\"query-input\":{\"@type\":\"PropertyValueSpecification\",\"valueRequired\":true,\"valueName\":\"search_term_string\"}}],\"inLanguage\":\"ro-RO\"},{\"@type\":\"Person\",\"@id\":\"https:\\\/\\\/urbeamea.ro\\\/albaiulia\\\/#\\\/schema\\\/person\\\/a115373ce8153754c6b084232d985956\",\"name\":\"Bogdan P\u0103unescu\",\"image\":{\"@type\":\"ImageObject\",\"inLanguage\":\"ro-RO\",\"@id\":\"https:\\\/\\\/secure.gravatar.com\\\/avatar\\\/f72aa881b5a32ea110a53aabc2049429e3ff68fcb09d283722d01fbf330e9dd9?s=96&d=mm&r=g\",\"url\":\"https:\\\/\\\/secure.gravatar.com\\\/avatar\\\/f72aa881b5a32ea110a53aabc2049429e3ff68fcb09d283722d01fbf330e9dd9?s=96&d=mm&r=g\",\"contentUrl\":\"https:\\\/\\\/secure.gravatar.com\\\/avatar\\\/f72aa881b5a32ea110a53aabc2049429e3ff68fcb09d283722d01fbf330e9dd9?s=96&d=mm&r=g\",\"caption\":\"Bogdan P\u0103unescu\"},\"description\":\"\u00cemi place tot ceea ce este legat de web \u015fi ajut la dezvoltarea \u015fi \u00eembun\u0103t\u0103\u0163irea lui prin tot ceea ce fac.\",\"sameAs\":[\"https:\\\/\\\/www.artonmedia.ro\",\"https:\\\/\\\/www.facebook.com\\\/bogdanvpaunescu\"],\"url\":\"https:\\\/\\\/urbeamea.ro\\\/albaiulia\\\/author\\\/bogdan-paunescu\\\/\"}]}<\/script>\n<!-- \/ Yoast SEO plugin. -->","yoast_head_json":{"title":"21-22 ianuarie - Winter Tour ajunge la Transalpina! - Revista Urbea Mea - Revista de Alba","description":"A 10-a edi\u021bie Winter Tour ajunge \u00een acest sf\u00e2r\u0219it de s\u0103pt\u0103m\u00e2n\u0103, 21-22 ianuarie, pe domeniul schiabil Transalpina-Voineasa. Caravana distrac\u021biei ar fi","robots":{"index":"index","follow":"follow","max-snippet":"max-snippet:-1","max-image-preview":"max-image-preview:large","max-video-preview":"max-video-preview:-1"},"canonical":"https:\/\/urbeamea.ro\/albaiulia\/21-22-ianuarie-winter-tour-ajunge-la-transalpina\/","twitter_card":"summary_large_image","twitter_title":"21-22 ianuarie - Winter Tour ajunge la Transalpina! - Revista Urbea Mea - Revista de Alba","twitter_description":"A 10-a edi\u021bie Winter Tour ajunge \u00een acest sf\u00e2r\u0219it de s\u0103pt\u0103m\u00e2n\u0103, 21-22 ianuarie, pe domeniul schiabil Transalpina-Voineasa. Caravana distrac\u021biei ar fi","twitter_image":"https:\/\/urbeamea.ro\/albaiulia\/wp-content\/uploads\/2023\/01\/WT_AZUGA_1.jpeg","twitter_creator":"@urbeameaweb","twitter_site":"@urbeameaweb","schema":{"@context":"https:\/\/schema.org","@graph":[{"@type":"Article","@id":"https:\/\/urbeamea.ro\/albaiulia\/21-22-ianuarie-winter-tour-ajunge-la-transalpina\/#article","isPartOf":{"@id":"https:\/\/urbeamea.ro\/albaiulia\/21-22-ianuarie-winter-tour-ajunge-la-transalpina\/"},"author":{"name":"Bogdan P\u0103unescu","@id":"https:\/\/urbeamea.ro\/albaiulia\/#\/schema\/person\/a115373ce8153754c6b084232d985956"},"headline":"21-22 ianuarie &#8211; Winter Tour ajunge la Transalpina!","datePublished":"2023-01-21T10:16:16+00:00","dateModified":"2023-01-21T10:16:17+00:00","mainEntityOfPage":{"@id":"https:\/\/urbeamea.ro\/albaiulia\/21-22-ianuarie-winter-tour-ajunge-la-transalpina\/"},"wordCount":499,"commentCount":0,"image":{"@id":"https:\/\/urbeamea.ro\/albaiulia\/21-22-ianuarie-winter-tour-ajunge-la-transalpina\/#primaryimage"},"thumbnailUrl":"https:\/\/urbeamea.ro\/albaiulia\/wp-content\/uploads\/2023\/01\/WT_AZUGA_1.jpeg","keywords":["winter tour 2023"],"articleSection":["Evenimente"],"inLanguage":"ro-RO","potentialAction":[{"@type":"CommentAction","name":"Comment","target":["https:\/\/urbeamea.ro\/albaiulia\/21-22-ianuarie-winter-tour-ajunge-la-transalpina\/#respond"]}]},{"@type":"WebPage","@id":"https:\/\/urbeamea.ro\/albaiulia\/21-22-ianuarie-winter-tour-ajunge-la-transalpina\/","url":"https:\/\/urbeamea.ro\/albaiulia\/21-22-ianuarie-winter-tour-ajunge-la-transalpina\/","name":"21-22 ianuarie - Winter Tour ajunge la Transalpina! - Revista Urbea Mea - Revista de Alba","isPartOf":{"@id":"https:\/\/urbeamea.ro\/albaiulia\/#website"},"primaryImageOfPage":{"@id":"https:\/\/urbeamea.ro\/albaiulia\/21-22-ianuarie-winter-tour-ajunge-la-transalpina\/#primaryimage"},"image":{"@id":"https:\/\/urbeamea.ro\/albaiulia\/21-22-ianuarie-winter-tour-ajunge-la-transalpina\/#primaryimage"},"thumbnailUrl":"https:\/\/urbeamea.ro\/albaiulia\/wp-content\/uploads\/2023\/01\/WT_AZUGA_1.jpeg","datePublished":"2023-01-21T10:16:16+00:00","dateModified":"2023-01-21T10:16:17+00:00","author":{"@id":"https:\/\/urbeamea.ro\/albaiulia\/#\/schema\/person\/a115373ce8153754c6b084232d985956"},"description":"A 10-a edi\u021bie Winter Tour ajunge \u00een acest sf\u00e2r\u0219it de s\u0103pt\u0103m\u00e2n\u0103, 21-22 ianuarie, pe domeniul schiabil Transalpina-Voineasa. Caravana distrac\u021biei ar fi","breadcrumb":{"@id":"https:\/\/urbeamea.ro\/albaiulia\/21-22-ianuarie-winter-tour-ajunge-la-transalpina\/#breadcrumb"},"inLanguage":"ro-RO","potentialAction":[{"@type":"ReadAction","target":["https:\/\/urbeamea.ro\/albaiulia\/21-22-ianuarie-winter-tour-ajunge-la-transalpina\/"]}]},{"@type":"ImageObject","inLanguage":"ro-RO","@id":"https:\/\/urbeamea.ro\/albaiulia\/21-22-ianuarie-winter-tour-ajunge-la-transalpina\/#primaryimage","url":"https:\/\/urbeamea.ro\/albaiulia\/wp-content\/uploads\/2023\/01\/WT_AZUGA_1.jpeg","contentUrl":"https:\/\/urbeamea.ro\/albaiulia\/wp-content\/uploads\/2023\/01\/WT_AZUGA_1.jpeg","width":1600,"height":1066},{"@type":"BreadcrumbList","@id":"https:\/\/urbeamea.ro\/albaiulia\/21-22-ianuarie-winter-tour-ajunge-la-transalpina\/#breadcrumb","itemListElement":[{"@type":"ListItem","position":1,"name":"Prima pagin\u0103","item":"https:\/\/urbeamea.ro\/albaiulia\/"},{"@type":"ListItem","position":2,"name":"21-22 ianuarie &#8211; Winter Tour ajunge la Transalpina!"}]},{"@type":"WebSite","@id":"https:\/\/urbeamea.ro\/albaiulia\/#website","url":"https:\/\/urbeamea.ro\/albaiulia\/","name":"Revista Urbea Mea, Stiri urbane","description":"Evenimente \u0219i \u0219tiri din Alba Iulia, Sebe\u0219, Aiud, Blaj","potentialAction":[{"@type":"SearchAction","target":{"@type":"EntryPoint","urlTemplate":"https:\/\/urbeamea.ro\/albaiulia\/?s={search_term_string}"},"query-input":{"@type":"PropertyValueSpecification","valueRequired":true,"valueName":"search_term_string"}}],"inLanguage":"ro-RO"},{"@type":"Person","@id":"https:\/\/urbeamea.ro\/albaiulia\/#\/schema\/person\/a115373ce8153754c6b084232d985956","name":"Bogdan P\u0103unescu","image":{"@type":"ImageObject","inLanguage":"ro-RO","@id":"https:\/\/secure.gravatar.com\/avatar\/f72aa881b5a32ea110a53aabc2049429e3ff68fcb09d283722d01fbf330e9dd9?s=96&d=mm&r=g","url":"https:\/\/secure.gravatar.com\/avatar\/f72aa881b5a32ea110a53aabc2049429e3ff68fcb09d283722d01fbf330e9dd9?s=96&d=mm&r=g","contentUrl":"https:\/\/secure.gravatar.com\/avatar\/f72aa881b5a32ea110a53aabc2049429e3ff68fcb09d283722d01fbf330e9dd9?s=96&d=mm&r=g","caption":"Bogdan P\u0103unescu"},"description":"\u00cemi place tot ceea ce este legat de web \u015fi ajut la dezvoltarea \u015fi \u00eembun\u0103t\u0103\u0163irea lui prin tot ceea ce fac.","sameAs":["https:\/\/www.artonmedia.ro","https:\/\/www.facebook.com\/bogdanvpaunescu"],"url":"https:\/\/urbeamea.ro\/albaiulia\/author\/bogdan-paunescu\/"}]}},"_links":{"self":[{"href":"https:\/\/urbeamea.ro\/albaiulia\/wp-json\/wp\/v2\/posts\/106116","targetHints":{"allow":["GET"]}}],"collection":[{"href":"https:\/\/urbeamea.ro\/albaiulia\/wp-json\/wp\/v2\/posts"}],"about":[{"href":"https:\/\/urbeamea.ro\/albaiulia\/wp-json\/wp\/v2\/types\/post"}],"author":[{"embeddable":true,"href":"https:\/\/urbeamea.ro\/albaiulia\/wp-json\/wp\/v2\/users\/5"}],"replies":[{"embeddable":true,"href":"https:\/\/urbeamea.ro\/albaiulia\/wp-json\/wp\/v2\/comments?post=106116"}],"version-history":[{"count":1,"href":"https:\/\/urbeamea.ro\/albaiulia\/wp-json\/wp\/v2\/posts\/106116\/revisions"}],"predecessor-version":[{"id":106121,"href":"https:\/\/urbeamea.ro\/albaiulia\/wp-json\/wp\/v2\/posts\/106116\/revisions\/106121"}],"wp:featuredmedia":[{"embeddable":true,"href":"https:\/\/urbeamea.ro\/albaiulia\/wp-json\/wp\/v2\/media\/106120"}],"wp:attachment":[{"href":"https:\/\/urbeamea.ro\/albaiulia\/wp-json\/wp\/v2\/media?parent=106116"}],"wp:term":[{"taxonomy":"category","embeddable":true,"href":"https:\/\/urbeamea.ro\/albaiulia\/wp-json\/wp\/v2\/categories?post=106116"},{"taxonomy":"post_tag","embeddable":true,"href":"https:\/\/urbeamea.ro\/albaiulia\/wp-json\/wp\/v2\/tags?post=106116"}],"curies":[{"name":"wp","href":"https:\/\/api.w.org\/{rel}","templated":true}]}}