{"id":106353,"date":"2023-04-06T12:32:12","date_gmt":"2023-04-06T09:32:12","guid":{"rendered":"https:\/\/urbeamea.ro\/albaiulia\/?p=106353"},"modified":"2023-04-06T12:32:17","modified_gmt":"2023-04-06T09:32:17","slug":"30-de-ani-de-la-infiintarea-la-ighiu-a-primei-fabrici-de-paine-cu-capital-privat-din-alba-povestea-transeuro-grup","status":"publish","type":"post","link":"https:\/\/urbeamea.ro\/albaiulia\/30-de-ani-de-la-infiintarea-la-ighiu-a-primei-fabrici-de-paine-cu-capital-privat-din-alba-povestea-transeuro-grup\/","title":{"rendered":"30 de ani de la \u00eenfiin\u021barea la Ighiu a primei fabrici de p\u00e2ine, cu capital privat, din Alba. Povestea TRANSEURO GRUP"},"content":{"rendered":"\n<h3 class=\"wp-block-heading\"><strong>TRANSEURO &#8211; printre pu\u021binele companii postdecembriste din jude\u021b, care au trecut proba timpului \u0219i continu\u0103 s\u0103 performeze \u00een industria alimentar\u0103<\/strong><\/h3>\n\n\n\n<p><strong>George Vesa<\/strong>: \u201eTata este modelul meu!&nbsp; Prototipul antreprenorului rom\u00e2n postdecembrist de succes. Ce i-a lipsit ca experien\u021b\u0103 \u0219i know-how \u00eentr-ale businessului, a compensat cu inteligen\u021b\u0103, voin\u021b\u0103, perseveren\u021b\u0103 \u0219i mult\u0103 munc\u0103!\u201d<\/p>\n\n\n\n<p>\u00cen Rom\u00e2nia, putem vorbi de antreprenoriat autohton abia dup\u0103 `90. Spre deosebire de cele din alte \u021b\u0103ri, pentru majoritatea companiilor din industria produc\u0103toare de la noi nu a existat un know-how prealabil, dat din genera\u021bie \u00een genera\u021bie. Nu am mo\u0219tenit nimic \u00een direc\u021bia businessului \u0219i a\u0219a se face c\u0103, dintre primele firme \u00eenfiin\u021bate \u00een primul an de capitalism al Rom\u00e2niei, au rezistat c\u00e2teva zeci! At\u00e2t! Anali\u0219ti financiari precum Iancu Guda vorbesc \u0219i despre o durat\u0103 medie de via\u021b\u0103 pentru companiile rom\u00e2ne\u0219ti active, de doar 10 ani. Totu\u0219i, \u00een jude\u021bul Alba, la Ighiu, nu doar c\u0103 rezist\u0103, dar continu\u0103 s\u0103 se dezvolte o firm\u0103 deschis\u0103 \u00een 1991 \u0219i care a devenit \u00eentre timp una dintre cele mai puternice companii de la noi, un juc\u0103tor important at\u00e2t \u00een industria c\u0103rnii, c\u00e2t \u0219i \u00een cea de panifica\u021bie: TRANSEURO!<\/p>\n\n\n\n<p><strong>\u00cenceputul<\/strong><\/p>\n\n\n\n<p>1990-Ighel, Alba \u2013 consiliu de familie, convocat de Gheorghe Vesa<\/p>\n\n\n\n<p>Trebuia pornit ceva! O afacere! Era, \u00een sf\u00e2r\u0219it, posibil s\u0103 munce\u0219ti c\u00e2t po\u021bi de mult \u0219i bine pentru propriul profit. Dar ce? O moar\u0103! Omul poate sta f\u0103r\u0103 multe, dar f\u0103r\u0103 pit\u0103, nu! Zis \u0219i f\u0103cut! Prima dat\u0103 au cump\u0103rat cl\u0103direa fostului CAP (cooperativ\u0103 agricol\u0103 de produc\u021bie \u2013 cooperativizarea agriculturii, cea mai puternic\u0103 lovitur\u0103 dat\u0103 satul rom\u00e2nesc!). \u00cen noiembrie 1991 au \u00eenfiin\u021bat compania, iar un an mai t\u00e2rziu, \u00een locul CAP-ului din comuna Ighiu era acum moara lui Vesa. Una cu o capacitate de 30 de tone de gr\u00e2u pe zi, care m\u0103cina una-ntruna, zi \u0219i noapte. Au pornit cu 6 angaja\u021bi, lucru pe trei schimburi, iar gr\u00e2u a fost mereu suficient, de pe p\u0103m\u00e2nturile lucrate acum de fiecare \u021b\u0103ran, pentru el.<\/p>\n\n\n\n<p>La un an de la deschiderea morii, \u00een 1993, Gheorghe Vesa \u00ee\u0219i construie\u0219te \u0219i fabric\u0103, <strong>prima fabric\u0103 de p\u00e2ine cu capital exclusiv privat din jude\u021bul ALBA, post comunism. <\/strong>Iar la pu\u021bini ani distan\u021b\u0103, tot la Ighiu, familia Vesa \u00eenfiin\u021beaz\u0103 \u0219i o ferm\u0103 de porcine, rul\u00e2nd anual peste 1.000 de capete. A urmat apoi abatorul \u0219i fabrica de produse din carne.<\/p>\n\n\n\n<p>Cum a evoluat compania \u0219i ce bun\u0103t\u0103\u021bi au mai intrat \u00een portofoliul D`ale lui Vesa am povestit cu fiul acestui pionier \u00eentr-ale antreprenoriatului de la nivelul jude\u021bului Alba, George Vesa!<\/p>\n\n\n\n<figure class=\"wp-block-image size-large\"><img loading=\"lazy\" decoding=\"async\" width=\"1280\" height=\"854\" src=\"https:\/\/urbeamea.ro\/albaiulia\/wp-content\/uploads\/2023\/02\/NK5_6475-1280x854.jpg\" alt=\"\" class=\"wp-image-106357\" srcset=\"https:\/\/urbeamea.ro\/albaiulia\/wp-content\/uploads\/2023\/02\/NK5_6475-1280x854.jpg 1280w, https:\/\/urbeamea.ro\/albaiulia\/wp-content\/uploads\/2023\/02\/NK5_6475-640x427.jpg 640w, https:\/\/urbeamea.ro\/albaiulia\/wp-content\/uploads\/2023\/02\/NK5_6475-150x100.jpg 150w, https:\/\/urbeamea.ro\/albaiulia\/wp-content\/uploads\/2023\/02\/NK5_6475-768x512.jpg 768w, https:\/\/urbeamea.ro\/albaiulia\/wp-content\/uploads\/2023\/02\/NK5_6475-1536x1024.jpg 1536w, https:\/\/urbeamea.ro\/albaiulia\/wp-content\/uploads\/2023\/02\/NK5_6475.jpg 1600w\" sizes=\"auto, (max-width: 1280px) 100vw, 1280px\" \/><\/figure>\n\n\n\n<p><strong>Urbea Mea: Ai crescut odat\u0103 cu acest business! Cum este, la 31 de ani, s\u0103 administrezi tot ce \u00eenseamn\u0103 ast\u0103zi D`ale lui Vesa, respectiv TRANSEURO Grup?<\/strong><\/p>\n\n\n\n<p><strong>George Vesa: <\/strong><em>Tata este modelul meu!&nbsp; Prototipul antreprenorului rom\u00e2n postdecembrist de succes. Ce i-a lipsit ca experien\u021b\u0103 \u0219i know-how \u00eentr-ale businessului, a compensat cu inteligen\u021b\u0103, voin\u021b\u0103, perseveren\u021b\u0103 \u0219i mult\u0103 munc\u0103! A prospectat, a \u00eenv\u0103\u021bat continuu, \u0219i a implementat cele mai bune solu\u021bii, chiar dac\u0103 asta a venit la pachet cu stat peste program, mai mult ca oricare altul. De altfel, programul antreprenorului se \u00eencheie atunci c\u00e2nd pune, noaptea, capul pe pern\u0103. \u0218i \u00een vis tot la ce mai are sau mai trebuie de f\u0103cut s-ar g\u00e2ndi. Eu nu am dec\u00e2t de men\u021bin standardul de calitate, condiment\u00e2nd, dac\u0103 vrei, afacerea cu tot ceea ce \u00eenseamn\u0103 inova\u021bie, pe partea de tehnologie, dezvolt\u00e2nd infrastructura existent\u0103 a fabricilor, f\u0103r\u0103 a precupe\u021bi nimic \u00een ceea ce prive\u0219te satisfac\u021bia consumatorului final, respectiv oricare client care trece pragul vreunuia dintre magazinele noastre. Asta \u00eencerc, s\u0103 ofer oamenilor exact ce am eu preten\u021bia s\u0103 primesc, indiferent c\u0103 este vorba despre un produs de patiserie, ori din carne.<\/em><\/p>\n\n\n\n<p><strong>Urbea Mea: <em>Moara lu`Vesa, Panero, tradi\u021bii \u0219i delicii rom\u00e2ne\u0219ti, Gustaro, gust\u0103 rom\u00e2ne\u0219te, D`ale lui Vesa, <\/em>toate aceste branduri ale TRANSEURO ascund tot felul de re\u021bete, gusturi \u0219i texturi. Ce a\u021bi p\u0103strat din re\u021betarul anilor `90?<\/strong><\/p>\n\n\n\n<p><strong>George Vesa:<\/strong><em> Am p\u0103strat ingredientele exclusiv naturale! P\u00e2ine f\u0103cut\u0103 doar cu ap\u0103, f\u0103in\u0103, sare, drojdie \u0219i nimic \u00een plus, iar f\u0103ina, pe care noi o producem, provine din gr\u00e2u rom\u00e2nesc.<\/em><\/p>\n\n\n\n<p><em>La fel pe partea de carmangerie, porcii pe care \u00eei sacrific\u0103m sunt crescu\u021bi cu cereale, de c\u0103tre cresc\u0103tori autoriza\u021bi din toat\u0103 regiunea Transilvaniei, iar \u00een ceea ce prive\u0219te bovinele, cump\u0103r\u0103m doar de la fermieri verifica\u021bi, numai din jude\u021bul Alba.<\/em><\/p>\n\n\n\n<p><em>\u00cen ceea ce prive\u0219te preparatele din carne, condimentele de baz\u0103 r\u0103m\u00e2n cele de la \u00eenceput: sare, boia, piper, cimbru, iar pentru afumarea lor nu renun\u021b\u0103m la tradi\u021bionalul fum dat de rumegu\u0219ul de fag.<\/em><\/p>\n\n\n\n<p><em>Dincolo de asta, unele re\u021bete au r\u0103mas identice cu cele \u00eencercate prima dat\u0103 de tata \u0219i de bunicul. Vir\u0219lii de Ighiu de exemplu, acolo nu umbl\u0103 nimeni la re\u021bet\u0103! De altfel, re\u021betarul se modific\u0103 cel mai des \u00een sensul c\u0103 mai cap\u0103t\u0103 o fil\u0103, cu ocazia unui produs nou intrat \u00een galeria ofertelor noastre. Or` dac\u0103 noi am stabilit c\u0103-i bun \u0219i ne place, nu mai schimb\u0103m re\u021beta c\u00e2\u0219tig\u0103toare.<\/em><\/p>\n\n\n\n<figure class=\"wp-block-gallery has-nested-images columns-default is-cropped wp-block-gallery-1 is-layout-flex wp-block-gallery-is-layout-flex\">\n<figure class=\"wp-block-image size-large\"><a href=\"https:\/\/urbeamea.ro\/albaiulia\/wp-content\/uploads\/2023\/02\/Transeuro-Grup-_0009.jpg\"><img loading=\"lazy\" decoding=\"async\" width=\"1280\" height=\"854\" data-id=\"106358\" src=\"https:\/\/urbeamea.ro\/albaiulia\/wp-content\/uploads\/2023\/02\/Transeuro-Grup-_0009-1280x854.jpg\" alt=\"\" class=\"wp-image-106358\" srcset=\"https:\/\/urbeamea.ro\/albaiulia\/wp-content\/uploads\/2023\/02\/Transeuro-Grup-_0009-1280x854.jpg 1280w, https:\/\/urbeamea.ro\/albaiulia\/wp-content\/uploads\/2023\/02\/Transeuro-Grup-_0009-640x427.jpg 640w, https:\/\/urbeamea.ro\/albaiulia\/wp-content\/uploads\/2023\/02\/Transeuro-Grup-_0009-150x100.jpg 150w, https:\/\/urbeamea.ro\/albaiulia\/wp-content\/uploads\/2023\/02\/Transeuro-Grup-_0009-768x512.jpg 768w, https:\/\/urbeamea.ro\/albaiulia\/wp-content\/uploads\/2023\/02\/Transeuro-Grup-_0009-1536x1024.jpg 1536w, https:\/\/urbeamea.ro\/albaiulia\/wp-content\/uploads\/2023\/02\/Transeuro-Grup-_0009.jpg 1600w\" sizes=\"auto, (max-width: 1280px) 100vw, 1280px\" \/><\/a><\/figure>\n\n\n\n<figure class=\"wp-block-image size-large\"><a href=\"https:\/\/urbeamea.ro\/albaiulia\/wp-content\/uploads\/2023\/02\/Imagine-WhatsApp-2023-03-28-la-17.34.58.jpg\"><img loading=\"lazy\" decoding=\"async\" width=\"1280\" height=\"794\" data-id=\"107178\" src=\"https:\/\/urbeamea.ro\/albaiulia\/wp-content\/uploads\/2023\/02\/Imagine-WhatsApp-2023-03-28-la-17.34.58-1280x794.jpg\" alt=\"\" class=\"wp-image-107178\" srcset=\"https:\/\/urbeamea.ro\/albaiulia\/wp-content\/uploads\/2023\/02\/Imagine-WhatsApp-2023-03-28-la-17.34.58-1280x794.jpg 1280w, https:\/\/urbeamea.ro\/albaiulia\/wp-content\/uploads\/2023\/02\/Imagine-WhatsApp-2023-03-28-la-17.34.58-640x397.jpg 640w, https:\/\/urbeamea.ro\/albaiulia\/wp-content\/uploads\/2023\/02\/Imagine-WhatsApp-2023-03-28-la-17.34.58-150x93.jpg 150w, https:\/\/urbeamea.ro\/albaiulia\/wp-content\/uploads\/2023\/02\/Imagine-WhatsApp-2023-03-28-la-17.34.58-768x476.jpg 768w, https:\/\/urbeamea.ro\/albaiulia\/wp-content\/uploads\/2023\/02\/Imagine-WhatsApp-2023-03-28-la-17.34.58-1536x952.jpg 1536w, https:\/\/urbeamea.ro\/albaiulia\/wp-content\/uploads\/2023\/02\/Imagine-WhatsApp-2023-03-28-la-17.34.58.jpg 1600w\" sizes=\"auto, (max-width: 1280px) 100vw, 1280px\" \/><\/a><\/figure>\n<\/figure>\n\n\n\n<p><strong>Urbea Mea: Din experien\u021ba mea, \u00een magazinele TRANSEURO e ve\u0219nic coad\u0103. Oamenii stau la r\u00e2nd s\u0103 cumpere produsele voastre, totu\u0219i, e nelipsit\u0103 \u00eentrebarea: \u201eE proasp\u0103t\u0103 marfa\u201d?<\/strong><\/p>\n\n\n\n<p><strong>George Vesa: <\/strong><em>Moara macin\u0103 zilnic 30 de tone de gr\u00e2u, din f\u0103in\u0103 proasp\u0103t m\u0103cinat\u0103, \u00een fabric\u0103 se produc, tot zilnic, 4.000 de p\u00e2ini iar returul este 0. Mai proasp\u0103t de at\u00e2t, nu se poate!<\/em><\/p>\n\n\n\n<p><em>S\u0103pt\u0103m\u00e2nal, la abator sunt sacrifica\u021bi 1.400 de porci \u0219i 30 de bovine. Carnea pleac\u0103 imediat spre punctele de desfacere, iar stocul de produse din carne este mereu re\u00eennoit<\/em><\/p>\n\n\n\n<p><em>Toate acestea sunt posibile prin calibrarea tuturor factorilor care concur\u0103 la parcurgea c\u00e2t mai rapid\u0103 a tuturor etapelor, p\u00e2n\u0103 la consumator. Dac\u0103 am crescut produc\u021bia, am redimensionat \u0219i spa\u021biile de depozitare, tran\u0219are, am sporit num\u0103rul aparatelor de ambalare \u00een vid \u0219i termoformare \u0219i, nu \u00een ultimul r\u00e2nd, am m\u0103rit flota ma\u0219inilor de transport.<\/em><\/p>\n\n\n\n<p><strong>Urbea Mea: Care este viziunea ta pe termen mediu \u0219i lung \u00een ceea ce prive\u0219te compania?<\/strong><\/p>\n\n\n\n<p><strong>George Vesa: <\/strong><em>Anul acesta demar\u0103m retehnologizarea celor dou\u0103 fabrici, printr-un proiect \u00een valoare de 1.500.000 de euro, cu finan\u021bare european\u0103. Acest fapt va conduce nu doar la cre\u0219terea produc\u021bie \u0219i la extinderea ori modernizarea punctelor de desfacere &#8211; am atins num\u0103rul de 41 de magazine proprii \u0219i dorim s\u0103 nu ne oprim aici, dar \u0219i la mai multe locuri de munc\u0103, \u00een condi\u021biile \u00een care ast\u0103zi avem peste 400 de angaja\u021bi. De asemenea, continu\u0103m campania prin care ne propunem s\u0103 producem c\u00e2t mai mult\u0103 energie verde, prin completarea seturilor de panouri fotovoltaice de pe fiecare unitate de produc\u021bie. Iar pe partea de gust \u0219i delicii, vom continua s\u0103 experiment\u0103m \u0219i s\u0103 explor\u0103m, nu at\u00e2t \u00een viitor, c\u00e2t \u00een trecutul nostru, \u00een c\u0103utarea gustului de alt\u0103 dat\u0103, dincolo de cel pe care deja \u00eel promov\u0103m, prin intermediul produselor noastre.<\/em><\/p>\n\n\n\n<p><strong>Urbea Mea: Chiar a\u0219a! Ce alege George Vesa din multitudinea de produse TRANSEURO? Care e recomandarea casei?<\/strong><\/p>\n\n\n\n<p><strong>George Vesa: <\/strong><em>Am convingerea c\u0103 fiecare produs al nostru are grupul lui \u021bint\u0103. Prin urmare nu discriminez niciunul dintre ele m\u0103rturisind c\u0103 eu sunt fanul crenvur\u0219tilor Prichindel, f\u0103cu\u021bi din piept de pui. \u00cei recomand at\u00e2t m\u0103micilor care vor s\u0103 diversifice meniul celor mici, c\u00e2t \u0219i oric\u0103rei persoane preocupate de siluet\u0103, dar care nu e dispus\u0103 s\u0103 sacrifice pl\u0103cerea gustului. R\u0103m\u00e2n\u00e2nd \u00een zona micului dejun, aleg parizerul TRANSEURO. \u0218tiu ce con\u021bine, nu am nicio emo\u021bie, \u0219i este singurul sortiment din comer\u021b care \u00eemi aminte\u0219te de sandviciurile copil\u0103riei, c\u00e2nd specialit\u0103\u021bile crud uscate, ori c\u00e2rna\u021bii cu ca\u0219caval \u0219i alte specialit\u0103\u021bi fine nu f\u0103ceau parte din oferta mamei.<\/em><\/p>\n\n\n\n<p><em>Pentru oricare alt\u0103 mas\u0103 a zilei, cu vir\u0219li de Ighiu, ori cu micii suculen\u021bi, potrivit de condimenta\u021bi \u0219i care nu-\u0219i schimb\u0103 forma dup\u0103 r\u0103cire, sigur nu ve\u021bi da gre\u0219!&nbsp; Eu recomand s\u0103-i m\u00e2nca\u021bi direct de pe gr\u0103tar, pe o o felie de p\u00e2ine tradi\u021bional\u0103 tot de la noi, rumenit\u0103 l\u00e2ng\u0103 ei. Dac\u0103 ave\u021bi \u0219i mu\u0219tar, \u0219i mai bine! Pe verificate, micii ace\u0219tia nu pic\u0103 greu, nu-\u021bi vin \u00eenapoi dec\u00e2t \u00een g\u00e2nd, c\u00e2nd \u00ee\u021bi aminte\u0219ti ce buni au fost \u0219i c-ai mai vrea. Iar dac\u0103 n-am timp de tratat termic primele variante, aleg cu siguran\u021b\u0103 c\u00e2\u021biva jum\u0103ri proaspe\u021bi, cu mult\u0103 carne, crocan\u021bi, niciodat\u0103 guma\u021bi!<\/em><\/p>\n\n\n\n<p><strong>Urbea Mea: Nimic despre desert? At\u00e2tea bun\u0103t\u0103\u021bi am v\u0103zut recent \u00een vitrina magazinului din Ighiu&#8230;<\/strong><\/p>\n\n\n\n<p><strong>George Vesa: <\/strong><em>Despre desert, numai de bine! Canelonni&nbsp; cu crem\u0103 de vanilie ori ciocolat\u0103, co\u0219ulete cu gem de prune \u0219i spum\u0103 de nuc\u0103, pr\u0103jiturile asortate, dar mai ales cozonacul gigant, bine crescut, cu mult\u0103 nuc\u0103 \u0219i rahat, pot oric\u00e2nd \u00eencununa o mas\u0103 cu ce am descris mai sus.<\/em><\/p>\n\n\n\n<p><em>De fapt, asta ne-am dorit \u00eentotdeauna! Oamenii s\u0103 g\u0103seasc\u0103 \u00een magazinele noastre tot ce au nevoie pentru o mas\u0103 complet\u0103, s\u0103n\u0103toas\u0103 \u0219i s\u0103\u021bioas\u0103, iar gustul s\u0103-i poarte mereu \u00eenapoi!<\/em><\/p>\n\n\n\n<p><strong>TRANSEURO desface produse pe carmangerie, panifica\u021bie \u0219i patiserie \u00een Alba, Cluj, Bistri\u021ba, Hunedoara<\/strong> <strong>\u0219i Mure\u0219. Panero, Gustaro, D`ale lui Vesa, toate pleac\u0103 din Ighiu, scrie acolo, pe etichet\u0103! Bravo lor, iar nou\u0103 s\u0103 ne fie de bine!<\/strong><\/p>\n\n\n\n<figure class=\"wp-block-gallery has-nested-images columns-default is-cropped wp-block-gallery-2 is-layout-flex wp-block-gallery-is-layout-flex\">\n<figure class=\"wp-block-image size-large\"><a href=\"https:\/\/urbeamea.ro\/albaiulia\/wp-content\/uploads\/2023\/02\/NK5_0714.jpg\"><img loading=\"lazy\" decoding=\"async\" width=\"1280\" height=\"854\" data-id=\"106360\" src=\"https:\/\/urbeamea.ro\/albaiulia\/wp-content\/uploads\/2023\/02\/NK5_0714-1280x854.jpg\" alt=\"\" class=\"wp-image-106360\" srcset=\"https:\/\/urbeamea.ro\/albaiulia\/wp-content\/uploads\/2023\/02\/NK5_0714-1280x854.jpg 1280w, https:\/\/urbeamea.ro\/albaiulia\/wp-content\/uploads\/2023\/02\/NK5_0714-640x427.jpg 640w, https:\/\/urbeamea.ro\/albaiulia\/wp-content\/uploads\/2023\/02\/NK5_0714-150x100.jpg 150w, https:\/\/urbeamea.ro\/albaiulia\/wp-content\/uploads\/2023\/02\/NK5_0714-768x512.jpg 768w, https:\/\/urbeamea.ro\/albaiulia\/wp-content\/uploads\/2023\/02\/NK5_0714-1536x1024.jpg 1536w, https:\/\/urbeamea.ro\/albaiulia\/wp-content\/uploads\/2023\/02\/NK5_0714.jpg 1600w\" sizes=\"auto, (max-width: 1280px) 100vw, 1280px\" \/><\/a><\/figure>\n\n\n\n<figure class=\"wp-block-image size-large\"><a href=\"https:\/\/urbeamea.ro\/albaiulia\/wp-content\/uploads\/2023\/02\/NK5_7938.jpg\"><img loading=\"lazy\" decoding=\"async\" width=\"1280\" height=\"854\" data-id=\"106361\" src=\"https:\/\/urbeamea.ro\/albaiulia\/wp-content\/uploads\/2023\/02\/NK5_7938-1280x854.jpg\" alt=\"\" class=\"wp-image-106361\" srcset=\"https:\/\/urbeamea.ro\/albaiulia\/wp-content\/uploads\/2023\/02\/NK5_7938-1280x854.jpg 1280w, https:\/\/urbeamea.ro\/albaiulia\/wp-content\/uploads\/2023\/02\/NK5_7938-640x427.jpg 640w, https:\/\/urbeamea.ro\/albaiulia\/wp-content\/uploads\/2023\/02\/NK5_7938-150x100.jpg 150w, https:\/\/urbeamea.ro\/albaiulia\/wp-content\/uploads\/2023\/02\/NK5_7938-768x512.jpg 768w, https:\/\/urbeamea.ro\/albaiulia\/wp-content\/uploads\/2023\/02\/NK5_7938-1536x1024.jpg 1536w, https:\/\/urbeamea.ro\/albaiulia\/wp-content\/uploads\/2023\/02\/NK5_7938.jpg 1600w\" sizes=\"auto, (max-width: 1280px) 100vw, 1280px\" \/><\/a><\/figure>\n\n\n\n<figure class=\"wp-block-image size-large\"><a href=\"https:\/\/urbeamea.ro\/albaiulia\/wp-content\/uploads\/2023\/02\/NK5_8061.jpg\"><img loading=\"lazy\" decoding=\"async\" width=\"1280\" height=\"854\" data-id=\"106362\" src=\"https:\/\/urbeamea.ro\/albaiulia\/wp-content\/uploads\/2023\/02\/NK5_8061-1280x854.jpg\" alt=\"\" class=\"wp-image-106362\" srcset=\"https:\/\/urbeamea.ro\/albaiulia\/wp-content\/uploads\/2023\/02\/NK5_8061-1280x854.jpg 1280w, https:\/\/urbeamea.ro\/albaiulia\/wp-content\/uploads\/2023\/02\/NK5_8061-640x427.jpg 640w, https:\/\/urbeamea.ro\/albaiulia\/wp-content\/uploads\/2023\/02\/NK5_8061-150x100.jpg 150w, https:\/\/urbeamea.ro\/albaiulia\/wp-content\/uploads\/2023\/02\/NK5_8061-768x512.jpg 768w, https:\/\/urbeamea.ro\/albaiulia\/wp-content\/uploads\/2023\/02\/NK5_8061-1536x1024.jpg 1536w, https:\/\/urbeamea.ro\/albaiulia\/wp-content\/uploads\/2023\/02\/NK5_8061.jpg 1600w\" sizes=\"auto, (max-width: 1280px) 100vw, 1280px\" \/><\/a><\/figure>\n\n\n\n<figure class=\"wp-block-image size-large\"><a href=\"https:\/\/urbeamea.ro\/albaiulia\/wp-content\/uploads\/2023\/02\/Transeuro-Grup-_0011.jpg\"><img loading=\"lazy\" decoding=\"async\" width=\"1280\" height=\"854\" data-id=\"106363\" src=\"https:\/\/urbeamea.ro\/albaiulia\/wp-content\/uploads\/2023\/02\/Transeuro-Grup-_0011-1280x854.jpg\" alt=\"\" class=\"wp-image-106363\" srcset=\"https:\/\/urbeamea.ro\/albaiulia\/wp-content\/uploads\/2023\/02\/Transeuro-Grup-_0011-1280x854.jpg 1280w, https:\/\/urbeamea.ro\/albaiulia\/wp-content\/uploads\/2023\/02\/Transeuro-Grup-_0011-640x427.jpg 640w, https:\/\/urbeamea.ro\/albaiulia\/wp-content\/uploads\/2023\/02\/Transeuro-Grup-_0011-150x100.jpg 150w, https:\/\/urbeamea.ro\/albaiulia\/wp-content\/uploads\/2023\/02\/Transeuro-Grup-_0011-768x512.jpg 768w, https:\/\/urbeamea.ro\/albaiulia\/wp-content\/uploads\/2023\/02\/Transeuro-Grup-_0011-1536x1024.jpg 1536w, https:\/\/urbeamea.ro\/albaiulia\/wp-content\/uploads\/2023\/02\/Transeuro-Grup-_0011.jpg 1600w\" sizes=\"auto, (max-width: 1280px) 100vw, 1280px\" \/><\/a><\/figure>\n\n\n\n<figure class=\"wp-block-image size-large\"><a href=\"https:\/\/urbeamea.ro\/albaiulia\/wp-content\/uploads\/2023\/02\/Transeuro-Grup-_0012.jpg\"><img loading=\"lazy\" decoding=\"async\" width=\"1280\" height=\"854\" data-id=\"106364\" src=\"https:\/\/urbeamea.ro\/albaiulia\/wp-content\/uploads\/2023\/02\/Transeuro-Grup-_0012-1280x854.jpg\" alt=\"\" class=\"wp-image-106364\" srcset=\"https:\/\/urbeamea.ro\/albaiulia\/wp-content\/uploads\/2023\/02\/Transeuro-Grup-_0012-1280x854.jpg 1280w, https:\/\/urbeamea.ro\/albaiulia\/wp-content\/uploads\/2023\/02\/Transeuro-Grup-_0012-640x427.jpg 640w, https:\/\/urbeamea.ro\/albaiulia\/wp-content\/uploads\/2023\/02\/Transeuro-Grup-_0012-150x100.jpg 150w, https:\/\/urbeamea.ro\/albaiulia\/wp-content\/uploads\/2023\/02\/Transeuro-Grup-_0012-768x512.jpg 768w, https:\/\/urbeamea.ro\/albaiulia\/wp-content\/uploads\/2023\/02\/Transeuro-Grup-_0012-1536x1024.jpg 1536w, https:\/\/urbeamea.ro\/albaiulia\/wp-content\/uploads\/2023\/02\/Transeuro-Grup-_0012.jpg 1600w\" sizes=\"auto, (max-width: 1280px) 100vw, 1280px\" \/><\/a><\/figure>\n\n\n\n<figure class=\"wp-block-image size-large\"><a href=\"https:\/\/urbeamea.ro\/albaiulia\/wp-content\/uploads\/2023\/02\/Transeuro-Grup-_0013.jpg\"><img loading=\"lazy\" decoding=\"async\" width=\"1280\" height=\"854\" data-id=\"106365\" src=\"https:\/\/urbeamea.ro\/albaiulia\/wp-content\/uploads\/2023\/02\/Transeuro-Grup-_0013-1280x854.jpg\" alt=\"\" class=\"wp-image-106365\" srcset=\"https:\/\/urbeamea.ro\/albaiulia\/wp-content\/uploads\/2023\/02\/Transeuro-Grup-_0013-1280x854.jpg 1280w, https:\/\/urbeamea.ro\/albaiulia\/wp-content\/uploads\/2023\/02\/Transeuro-Grup-_0013-640x427.jpg 640w, https:\/\/urbeamea.ro\/albaiulia\/wp-content\/uploads\/2023\/02\/Transeuro-Grup-_0013-150x100.jpg 150w, https:\/\/urbeamea.ro\/albaiulia\/wp-content\/uploads\/2023\/02\/Transeuro-Grup-_0013-768x512.jpg 768w, https:\/\/urbeamea.ro\/albaiulia\/wp-content\/uploads\/2023\/02\/Transeuro-Grup-_0013-1536x1024.jpg 1536w, https:\/\/urbeamea.ro\/albaiulia\/wp-content\/uploads\/2023\/02\/Transeuro-Grup-_0013.jpg 1600w\" sizes=\"auto, (max-width: 1280px) 100vw, 1280px\" \/><\/a><\/figure>\n\n\n\n<figure class=\"wp-block-image size-large\"><a href=\"https:\/\/urbeamea.ro\/albaiulia\/wp-content\/uploads\/2023\/02\/Transeuro-Grup-_0015.jpg\"><img loading=\"lazy\" decoding=\"async\" width=\"1280\" height=\"854\" data-id=\"106366\" src=\"https:\/\/urbeamea.ro\/albaiulia\/wp-content\/uploads\/2023\/02\/Transeuro-Grup-_0015-1280x854.jpg\" alt=\"\" class=\"wp-image-106366\" srcset=\"https:\/\/urbeamea.ro\/albaiulia\/wp-content\/uploads\/2023\/02\/Transeuro-Grup-_0015-1280x854.jpg 1280w, https:\/\/urbeamea.ro\/albaiulia\/wp-content\/uploads\/2023\/02\/Transeuro-Grup-_0015-640x427.jpg 640w, https:\/\/urbeamea.ro\/albaiulia\/wp-content\/uploads\/2023\/02\/Transeuro-Grup-_0015-150x100.jpg 150w, https:\/\/urbeamea.ro\/albaiulia\/wp-content\/uploads\/2023\/02\/Transeuro-Grup-_0015-768x512.jpg 768w, https:\/\/urbeamea.ro\/albaiulia\/wp-content\/uploads\/2023\/02\/Transeuro-Grup-_0015-1536x1024.jpg 1536w, https:\/\/urbeamea.ro\/albaiulia\/wp-content\/uploads\/2023\/02\/Transeuro-Grup-_0015.jpg 1600w\" sizes=\"auto, (max-width: 1280px) 100vw, 1280px\" \/><\/a><\/figure>\n\n\n\n<figure class=\"wp-block-image size-large\"><a href=\"https:\/\/urbeamea.ro\/albaiulia\/wp-content\/uploads\/2023\/02\/NK5_0647.jpg\"><img loading=\"lazy\" decoding=\"async\" width=\"1280\" height=\"854\" data-id=\"106367\" src=\"https:\/\/urbeamea.ro\/albaiulia\/wp-content\/uploads\/2023\/02\/NK5_0647-1280x854.jpg\" alt=\"\" class=\"wp-image-106367\" srcset=\"https:\/\/urbeamea.ro\/albaiulia\/wp-content\/uploads\/2023\/02\/NK5_0647-1280x854.jpg 1280w, https:\/\/urbeamea.ro\/albaiulia\/wp-content\/uploads\/2023\/02\/NK5_0647-640x427.jpg 640w, https:\/\/urbeamea.ro\/albaiulia\/wp-content\/uploads\/2023\/02\/NK5_0647-150x100.jpg 150w, https:\/\/urbeamea.ro\/albaiulia\/wp-content\/uploads\/2023\/02\/NK5_0647-768x512.jpg 768w, https:\/\/urbeamea.ro\/albaiulia\/wp-content\/uploads\/2023\/02\/NK5_0647-1536x1024.jpg 1536w, https:\/\/urbeamea.ro\/albaiulia\/wp-content\/uploads\/2023\/02\/NK5_0647.jpg 1600w\" sizes=\"auto, (max-width: 1280px) 100vw, 1280px\" \/><\/a><\/figure>\n<\/figure>\n","protected":false},"excerpt":{"rendered":"<p>TRANSEURO &#8211; printre pu\u021binele companii postdecembriste din jude\u021b, care au trecut proba timpului \u0219i continu\u0103 s\u0103 performeze \u00een industria alimentar\u0103 George Vesa: \u201eTata este modelul meu!&nbsp; Prototipul antreprenorului rom\u00e2n postdecembrist de succes. Ce i-a lipsit ca experien\u021b\u0103 \u0219i know-how \u00eentr-ale businessului, a compensat cu inteligen\u021b\u0103, voin\u021b\u0103, perseveren\u021b\u0103 \u0219i mult\u0103 munc\u0103!\u201d \u00cen Rom\u00e2nia, putem vorbi de &hellip;<\/p>\n","protected":false},"author":27,"featured_media":107177,"comment_status":"open","ping_status":"open","sticky":false,"template":"","format":"standard","meta":{"inline_featured_image":false,"footnotes":""},"categories":[812],"tags":[24757,24755,24759,24758,24756],"class_list":["post-106353","post","type-post","status-publish","format-standard","has-post-thumbnail","hentry","category-interviu","tag-dale-lui-vesa","tag-george-vesa","tag-gustaro","tag-panero","tag-transeuro-grup"],"yoast_head":"<!-- This site is optimized with the Yoast SEO plugin v27.4 - https:\/\/yoast.com\/product\/yoast-seo-wordpress\/ -->\n<title>30 de ani de la \u00eenfiin\u021barea la Ighiu a primei fabrici de p\u00e2ine, cu capital privat, din Alba. Povestea TRANSEURO GRUP - Revista Urbea Mea - Revista de Alba<\/title>\n<meta name=\"description\" content=\"TRANSEURO - printre pu\u021binele companii postdecembriste din jude\u021b, care au trecut proba timpului \u0219i continu\u0103 s\u0103 performeze \u00een industria alimentar\u0103 George\" \/>\n<meta name=\"robots\" content=\"index, follow, max-snippet:-1, max-image-preview:large, max-video-preview:-1\" \/>\n<link rel=\"canonical\" href=\"https:\/\/urbeamea.ro\/albaiulia\/30-de-ani-de-la-infiintarea-la-ighiu-a-primei-fabrici-de-paine-cu-capital-privat-din-alba-povestea-transeuro-grup\/\" \/>\n<meta name=\"twitter:card\" content=\"summary_large_image\" \/>\n<meta name=\"twitter:title\" content=\"30 de ani de la \u00eenfiin\u021barea la Ighiu a primei fabrici de p\u00e2ine, cu capital privat, din Alba. Povestea TRANSEURO GRUP - Revista Urbea Mea - Revista de Alba\" \/>\n<meta name=\"twitter:description\" content=\"TRANSEURO - printre pu\u021binele companii postdecembriste din jude\u021b, care au trecut proba timpului \u0219i continu\u0103 s\u0103 performeze \u00een industria alimentar\u0103 George\" \/>\n<meta name=\"twitter:image\" content=\"https:\/\/urbeamea.ro\/albaiulia\/wp-content\/uploads\/2023\/02\/NK5_7458.jpg\" \/>\n<meta name=\"twitter:creator\" content=\"@urbeameaweb\" \/>\n<meta name=\"twitter:site\" content=\"@urbeameaweb\" \/>\n<script type=\"application\/ld+json\" class=\"yoast-schema-graph\">{\"@context\":\"https:\\\/\\\/schema.org\",\"@graph\":[{\"@type\":\"Article\",\"@id\":\"https:\\\/\\\/urbeamea.ro\\\/albaiulia\\\/30-de-ani-de-la-infiintarea-la-ighiu-a-primei-fabrici-de-paine-cu-capital-privat-din-alba-povestea-transeuro-grup\\\/#article\",\"isPartOf\":{\"@id\":\"https:\\\/\\\/urbeamea.ro\\\/albaiulia\\\/30-de-ani-de-la-infiintarea-la-ighiu-a-primei-fabrici-de-paine-cu-capital-privat-din-alba-povestea-transeuro-grup\\\/\"},\"author\":{\"name\":\"Stoia Daniela\",\"@id\":\"https:\\\/\\\/urbeamea.ro\\\/albaiulia\\\/#\\\/schema\\\/person\\\/91e3c5a380c685aef9f0295ef6449b3c\"},\"headline\":\"30 de ani de la \u00eenfiin\u021barea la Ighiu a primei fabrici de p\u00e2ine, cu capital privat, din Alba. Povestea TRANSEURO GRUP\",\"datePublished\":\"2023-04-06T09:32:12+00:00\",\"dateModified\":\"2023-04-06T09:32:17+00:00\",\"mainEntityOfPage\":{\"@id\":\"https:\\\/\\\/urbeamea.ro\\\/albaiulia\\\/30-de-ani-de-la-infiintarea-la-ighiu-a-primei-fabrici-de-paine-cu-capital-privat-din-alba-povestea-transeuro-grup\\\/\"},\"wordCount\":1678,\"commentCount\":0,\"image\":{\"@id\":\"https:\\\/\\\/urbeamea.ro\\\/albaiulia\\\/30-de-ani-de-la-infiintarea-la-ighiu-a-primei-fabrici-de-paine-cu-capital-privat-din-alba-povestea-transeuro-grup\\\/#primaryimage\"},\"thumbnailUrl\":\"https:\\\/\\\/urbeamea.ro\\\/albaiulia\\\/wp-content\\\/uploads\\\/2023\\\/02\\\/NK5_7458.jpg\",\"keywords\":[\"D`ale lui Vesa\",\"George Vesa\",\"Gustaro\",\"Panero\",\"Transeuro Grup\"],\"articleSection\":[\"Interviuri\"],\"inLanguage\":\"ro-RO\",\"potentialAction\":[{\"@type\":\"CommentAction\",\"name\":\"Comment\",\"target\":[\"https:\\\/\\\/urbeamea.ro\\\/albaiulia\\\/30-de-ani-de-la-infiintarea-la-ighiu-a-primei-fabrici-de-paine-cu-capital-privat-din-alba-povestea-transeuro-grup\\\/#respond\"]}]},{\"@type\":\"WebPage\",\"@id\":\"https:\\\/\\\/urbeamea.ro\\\/albaiulia\\\/30-de-ani-de-la-infiintarea-la-ighiu-a-primei-fabrici-de-paine-cu-capital-privat-din-alba-povestea-transeuro-grup\\\/\",\"url\":\"https:\\\/\\\/urbeamea.ro\\\/albaiulia\\\/30-de-ani-de-la-infiintarea-la-ighiu-a-primei-fabrici-de-paine-cu-capital-privat-din-alba-povestea-transeuro-grup\\\/\",\"name\":\"30 de ani de la \u00eenfiin\u021barea la Ighiu a primei fabrici de p\u00e2ine, cu capital privat, din Alba. Povestea TRANSEURO GRUP - Revista Urbea Mea - Revista de Alba\",\"isPartOf\":{\"@id\":\"https:\\\/\\\/urbeamea.ro\\\/albaiulia\\\/#website\"},\"primaryImageOfPage\":{\"@id\":\"https:\\\/\\\/urbeamea.ro\\\/albaiulia\\\/30-de-ani-de-la-infiintarea-la-ighiu-a-primei-fabrici-de-paine-cu-capital-privat-din-alba-povestea-transeuro-grup\\\/#primaryimage\"},\"image\":{\"@id\":\"https:\\\/\\\/urbeamea.ro\\\/albaiulia\\\/30-de-ani-de-la-infiintarea-la-ighiu-a-primei-fabrici-de-paine-cu-capital-privat-din-alba-povestea-transeuro-grup\\\/#primaryimage\"},\"thumbnailUrl\":\"https:\\\/\\\/urbeamea.ro\\\/albaiulia\\\/wp-content\\\/uploads\\\/2023\\\/02\\\/NK5_7458.jpg\",\"datePublished\":\"2023-04-06T09:32:12+00:00\",\"dateModified\":\"2023-04-06T09:32:17+00:00\",\"author\":{\"@id\":\"https:\\\/\\\/urbeamea.ro\\\/albaiulia\\\/#\\\/schema\\\/person\\\/91e3c5a380c685aef9f0295ef6449b3c\"},\"description\":\"TRANSEURO - printre pu\u021binele companii postdecembriste din jude\u021b, care au trecut proba timpului \u0219i continu\u0103 s\u0103 performeze \u00een industria alimentar\u0103 George\",\"breadcrumb\":{\"@id\":\"https:\\\/\\\/urbeamea.ro\\\/albaiulia\\\/30-de-ani-de-la-infiintarea-la-ighiu-a-primei-fabrici-de-paine-cu-capital-privat-din-alba-povestea-transeuro-grup\\\/#breadcrumb\"},\"inLanguage\":\"ro-RO\",\"potentialAction\":[{\"@type\":\"ReadAction\",\"target\":[\"https:\\\/\\\/urbeamea.ro\\\/albaiulia\\\/30-de-ani-de-la-infiintarea-la-ighiu-a-primei-fabrici-de-paine-cu-capital-privat-din-alba-povestea-transeuro-grup\\\/\"]}]},{\"@type\":\"ImageObject\",\"inLanguage\":\"ro-RO\",\"@id\":\"https:\\\/\\\/urbeamea.ro\\\/albaiulia\\\/30-de-ani-de-la-infiintarea-la-ighiu-a-primei-fabrici-de-paine-cu-capital-privat-din-alba-povestea-transeuro-grup\\\/#primaryimage\",\"url\":\"https:\\\/\\\/urbeamea.ro\\\/albaiulia\\\/wp-content\\\/uploads\\\/2023\\\/02\\\/NK5_7458.jpg\",\"contentUrl\":\"https:\\\/\\\/urbeamea.ro\\\/albaiulia\\\/wp-content\\\/uploads\\\/2023\\\/02\\\/NK5_7458.jpg\",\"width\":1600,\"height\":1067},{\"@type\":\"BreadcrumbList\",\"@id\":\"https:\\\/\\\/urbeamea.ro\\\/albaiulia\\\/30-de-ani-de-la-infiintarea-la-ighiu-a-primei-fabrici-de-paine-cu-capital-privat-din-alba-povestea-transeuro-grup\\\/#breadcrumb\",\"itemListElement\":[{\"@type\":\"ListItem\",\"position\":1,\"name\":\"Prima pagin\u0103\",\"item\":\"https:\\\/\\\/urbeamea.ro\\\/albaiulia\\\/\"},{\"@type\":\"ListItem\",\"position\":2,\"name\":\"30 de ani de la \u00eenfiin\u021barea la Ighiu a primei fabrici de p\u00e2ine, cu capital privat, din Alba. Povestea TRANSEURO GRUP\"}]},{\"@type\":\"WebSite\",\"@id\":\"https:\\\/\\\/urbeamea.ro\\\/albaiulia\\\/#website\",\"url\":\"https:\\\/\\\/urbeamea.ro\\\/albaiulia\\\/\",\"name\":\"Revista Urbea Mea, Stiri urbane\",\"description\":\"Evenimente \u0219i \u0219tiri din Alba Iulia, Sebe\u0219, Aiud, Blaj\",\"potentialAction\":[{\"@type\":\"SearchAction\",\"target\":{\"@type\":\"EntryPoint\",\"urlTemplate\":\"https:\\\/\\\/urbeamea.ro\\\/albaiulia\\\/?s={search_term_string}\"},\"query-input\":{\"@type\":\"PropertyValueSpecification\",\"valueRequired\":true,\"valueName\":\"search_term_string\"}}],\"inLanguage\":\"ro-RO\"},{\"@type\":\"Person\",\"@id\":\"https:\\\/\\\/urbeamea.ro\\\/albaiulia\\\/#\\\/schema\\\/person\\\/91e3c5a380c685aef9f0295ef6449b3c\",\"name\":\"Stoia Daniela\",\"image\":{\"@type\":\"ImageObject\",\"inLanguage\":\"ro-RO\",\"@id\":\"https:\\\/\\\/secure.gravatar.com\\\/avatar\\\/5aaf6eef20c2b497aa6b10eb1d0ea3e79b9229f0518d4c68b0fe81d133d3c8ca?s=96&d=mm&r=g\",\"url\":\"https:\\\/\\\/secure.gravatar.com\\\/avatar\\\/5aaf6eef20c2b497aa6b10eb1d0ea3e79b9229f0518d4c68b0fe81d133d3c8ca?s=96&d=mm&r=g\",\"contentUrl\":\"https:\\\/\\\/secure.gravatar.com\\\/avatar\\\/5aaf6eef20c2b497aa6b10eb1d0ea3e79b9229f0518d4c68b0fe81d133d3c8ca?s=96&d=mm&r=g\",\"caption\":\"Stoia Daniela\"},\"url\":\"https:\\\/\\\/urbeamea.ro\\\/albaiulia\\\/author\\\/daniela-stoia\\\/\"}]}<\/script>\n<!-- \/ Yoast SEO plugin. -->","yoast_head_json":{"title":"30 de ani de la \u00eenfiin\u021barea la Ighiu a primei fabrici de p\u00e2ine, cu capital privat, din Alba. Povestea TRANSEURO GRUP - Revista Urbea Mea - Revista de Alba","description":"TRANSEURO - printre pu\u021binele companii postdecembriste din jude\u021b, care au trecut proba timpului \u0219i continu\u0103 s\u0103 performeze \u00een industria alimentar\u0103 George","robots":{"index":"index","follow":"follow","max-snippet":"max-snippet:-1","max-image-preview":"max-image-preview:large","max-video-preview":"max-video-preview:-1"},"canonical":"https:\/\/urbeamea.ro\/albaiulia\/30-de-ani-de-la-infiintarea-la-ighiu-a-primei-fabrici-de-paine-cu-capital-privat-din-alba-povestea-transeuro-grup\/","twitter_card":"summary_large_image","twitter_title":"30 de ani de la \u00eenfiin\u021barea la Ighiu a primei fabrici de p\u00e2ine, cu capital privat, din Alba. Povestea TRANSEURO GRUP - Revista Urbea Mea - Revista de Alba","twitter_description":"TRANSEURO - printre pu\u021binele companii postdecembriste din jude\u021b, care au trecut proba timpului \u0219i continu\u0103 s\u0103 performeze \u00een industria alimentar\u0103 George","twitter_image":"https:\/\/urbeamea.ro\/albaiulia\/wp-content\/uploads\/2023\/02\/NK5_7458.jpg","twitter_creator":"@urbeameaweb","twitter_site":"@urbeameaweb","schema":{"@context":"https:\/\/schema.org","@graph":[{"@type":"Article","@id":"https:\/\/urbeamea.ro\/albaiulia\/30-de-ani-de-la-infiintarea-la-ighiu-a-primei-fabrici-de-paine-cu-capital-privat-din-alba-povestea-transeuro-grup\/#article","isPartOf":{"@id":"https:\/\/urbeamea.ro\/albaiulia\/30-de-ani-de-la-infiintarea-la-ighiu-a-primei-fabrici-de-paine-cu-capital-privat-din-alba-povestea-transeuro-grup\/"},"author":{"name":"Stoia Daniela","@id":"https:\/\/urbeamea.ro\/albaiulia\/#\/schema\/person\/91e3c5a380c685aef9f0295ef6449b3c"},"headline":"30 de ani de la \u00eenfiin\u021barea la Ighiu a primei fabrici de p\u00e2ine, cu capital privat, din Alba. Povestea TRANSEURO GRUP","datePublished":"2023-04-06T09:32:12+00:00","dateModified":"2023-04-06T09:32:17+00:00","mainEntityOfPage":{"@id":"https:\/\/urbeamea.ro\/albaiulia\/30-de-ani-de-la-infiintarea-la-ighiu-a-primei-fabrici-de-paine-cu-capital-privat-din-alba-povestea-transeuro-grup\/"},"wordCount":1678,"commentCount":0,"image":{"@id":"https:\/\/urbeamea.ro\/albaiulia\/30-de-ani-de-la-infiintarea-la-ighiu-a-primei-fabrici-de-paine-cu-capital-privat-din-alba-povestea-transeuro-grup\/#primaryimage"},"thumbnailUrl":"https:\/\/urbeamea.ro\/albaiulia\/wp-content\/uploads\/2023\/02\/NK5_7458.jpg","keywords":["D`ale lui Vesa","George Vesa","Gustaro","Panero","Transeuro Grup"],"articleSection":["Interviuri"],"inLanguage":"ro-RO","potentialAction":[{"@type":"CommentAction","name":"Comment","target":["https:\/\/urbeamea.ro\/albaiulia\/30-de-ani-de-la-infiintarea-la-ighiu-a-primei-fabrici-de-paine-cu-capital-privat-din-alba-povestea-transeuro-grup\/#respond"]}]},{"@type":"WebPage","@id":"https:\/\/urbeamea.ro\/albaiulia\/30-de-ani-de-la-infiintarea-la-ighiu-a-primei-fabrici-de-paine-cu-capital-privat-din-alba-povestea-transeuro-grup\/","url":"https:\/\/urbeamea.ro\/albaiulia\/30-de-ani-de-la-infiintarea-la-ighiu-a-primei-fabrici-de-paine-cu-capital-privat-din-alba-povestea-transeuro-grup\/","name":"30 de ani de la \u00eenfiin\u021barea la Ighiu a primei fabrici de p\u00e2ine, cu capital privat, din Alba. Povestea TRANSEURO GRUP - Revista Urbea Mea - Revista de Alba","isPartOf":{"@id":"https:\/\/urbeamea.ro\/albaiulia\/#website"},"primaryImageOfPage":{"@id":"https:\/\/urbeamea.ro\/albaiulia\/30-de-ani-de-la-infiintarea-la-ighiu-a-primei-fabrici-de-paine-cu-capital-privat-din-alba-povestea-transeuro-grup\/#primaryimage"},"image":{"@id":"https:\/\/urbeamea.ro\/albaiulia\/30-de-ani-de-la-infiintarea-la-ighiu-a-primei-fabrici-de-paine-cu-capital-privat-din-alba-povestea-transeuro-grup\/#primaryimage"},"thumbnailUrl":"https:\/\/urbeamea.ro\/albaiulia\/wp-content\/uploads\/2023\/02\/NK5_7458.jpg","datePublished":"2023-04-06T09:32:12+00:00","dateModified":"2023-04-06T09:32:17+00:00","author":{"@id":"https:\/\/urbeamea.ro\/albaiulia\/#\/schema\/person\/91e3c5a380c685aef9f0295ef6449b3c"},"description":"TRANSEURO - printre pu\u021binele companii postdecembriste din jude\u021b, care au trecut proba timpului \u0219i continu\u0103 s\u0103 performeze \u00een industria alimentar\u0103 George","breadcrumb":{"@id":"https:\/\/urbeamea.ro\/albaiulia\/30-de-ani-de-la-infiintarea-la-ighiu-a-primei-fabrici-de-paine-cu-capital-privat-din-alba-povestea-transeuro-grup\/#breadcrumb"},"inLanguage":"ro-RO","potentialAction":[{"@type":"ReadAction","target":["https:\/\/urbeamea.ro\/albaiulia\/30-de-ani-de-la-infiintarea-la-ighiu-a-primei-fabrici-de-paine-cu-capital-privat-din-alba-povestea-transeuro-grup\/"]}]},{"@type":"ImageObject","inLanguage":"ro-RO","@id":"https:\/\/urbeamea.ro\/albaiulia\/30-de-ani-de-la-infiintarea-la-ighiu-a-primei-fabrici-de-paine-cu-capital-privat-din-alba-povestea-transeuro-grup\/#primaryimage","url":"https:\/\/urbeamea.ro\/albaiulia\/wp-content\/uploads\/2023\/02\/NK5_7458.jpg","contentUrl":"https:\/\/urbeamea.ro\/albaiulia\/wp-content\/uploads\/2023\/02\/NK5_7458.jpg","width":1600,"height":1067},{"@type":"BreadcrumbList","@id":"https:\/\/urbeamea.ro\/albaiulia\/30-de-ani-de-la-infiintarea-la-ighiu-a-primei-fabrici-de-paine-cu-capital-privat-din-alba-povestea-transeuro-grup\/#breadcrumb","itemListElement":[{"@type":"ListItem","position":1,"name":"Prima pagin\u0103","item":"https:\/\/urbeamea.ro\/albaiulia\/"},{"@type":"ListItem","position":2,"name":"30 de ani de la \u00eenfiin\u021barea la Ighiu a primei fabrici de p\u00e2ine, cu capital privat, din Alba. Povestea TRANSEURO GRUP"}]},{"@type":"WebSite","@id":"https:\/\/urbeamea.ro\/albaiulia\/#website","url":"https:\/\/urbeamea.ro\/albaiulia\/","name":"Revista Urbea Mea, Stiri urbane","description":"Evenimente \u0219i \u0219tiri din Alba Iulia, Sebe\u0219, Aiud, Blaj","potentialAction":[{"@type":"SearchAction","target":{"@type":"EntryPoint","urlTemplate":"https:\/\/urbeamea.ro\/albaiulia\/?s={search_term_string}"},"query-input":{"@type":"PropertyValueSpecification","valueRequired":true,"valueName":"search_term_string"}}],"inLanguage":"ro-RO"},{"@type":"Person","@id":"https:\/\/urbeamea.ro\/albaiulia\/#\/schema\/person\/91e3c5a380c685aef9f0295ef6449b3c","name":"Stoia Daniela","image":{"@type":"ImageObject","inLanguage":"ro-RO","@id":"https:\/\/secure.gravatar.com\/avatar\/5aaf6eef20c2b497aa6b10eb1d0ea3e79b9229f0518d4c68b0fe81d133d3c8ca?s=96&d=mm&r=g","url":"https:\/\/secure.gravatar.com\/avatar\/5aaf6eef20c2b497aa6b10eb1d0ea3e79b9229f0518d4c68b0fe81d133d3c8ca?s=96&d=mm&r=g","contentUrl":"https:\/\/secure.gravatar.com\/avatar\/5aaf6eef20c2b497aa6b10eb1d0ea3e79b9229f0518d4c68b0fe81d133d3c8ca?s=96&d=mm&r=g","caption":"Stoia Daniela"},"url":"https:\/\/urbeamea.ro\/albaiulia\/author\/daniela-stoia\/"}]}},"_links":{"self":[{"href":"https:\/\/urbeamea.ro\/albaiulia\/wp-json\/wp\/v2\/posts\/106353","targetHints":{"allow":["GET"]}}],"collection":[{"href":"https:\/\/urbeamea.ro\/albaiulia\/wp-json\/wp\/v2\/posts"}],"about":[{"href":"https:\/\/urbeamea.ro\/albaiulia\/wp-json\/wp\/v2\/types\/post"}],"author":[{"embeddable":true,"href":"https:\/\/urbeamea.ro\/albaiulia\/wp-json\/wp\/v2\/users\/27"}],"replies":[{"embeddable":true,"href":"https:\/\/urbeamea.ro\/albaiulia\/wp-json\/wp\/v2\/comments?post=106353"}],"version-history":[{"count":3,"href":"https:\/\/urbeamea.ro\/albaiulia\/wp-json\/wp\/v2\/posts\/106353\/revisions"}],"predecessor-version":[{"id":107179,"href":"https:\/\/urbeamea.ro\/albaiulia\/wp-json\/wp\/v2\/posts\/106353\/revisions\/107179"}],"wp:featuredmedia":[{"embeddable":true,"href":"https:\/\/urbeamea.ro\/albaiulia\/wp-json\/wp\/v2\/media\/107177"}],"wp:attachment":[{"href":"https:\/\/urbeamea.ro\/albaiulia\/wp-json\/wp\/v2\/media?parent=106353"}],"wp:term":[{"taxonomy":"category","embeddable":true,"href":"https:\/\/urbeamea.ro\/albaiulia\/wp-json\/wp\/v2\/categories?post=106353"},{"taxonomy":"post_tag","embeddable":true,"href":"https:\/\/urbeamea.ro\/albaiulia\/wp-json\/wp\/v2\/tags?post=106353"}],"curies":[{"name":"wp","href":"https:\/\/api.w.org\/{rel}","templated":true}]}}