{"id":106505,"date":"2023-02-23T13:55:11","date_gmt":"2023-02-23T11:55:11","guid":{"rendered":"https:\/\/urbeamea.ro\/albaiulia\/?p=106505"},"modified":"2023-02-24T02:15:08","modified_gmt":"2023-02-24T00:15:08","slug":"de-6-luni-zeci-de-albaiulieni-de-toata-varstele-bat-la-tobe-si-sufla-in-alamuri-la-alba-iulia-brassdrums","status":"publish","type":"post","link":"https:\/\/urbeamea.ro\/albaiulia\/de-6-luni-zeci-de-albaiulieni-de-toata-varstele-bat-la-tobe-si-sufla-in-alamuri-la-alba-iulia-brassdrums\/","title":{"rendered":"De 6 luni, zeci de albaiulieni de toate v\u00e2rstele bat la tobe \u0219i sufl\u0103 \u00een al\u0103muri, la Alba Iulia Brass&amp;Drums"},"content":{"rendered":"\n<h3 class=\"wp-block-heading\"><strong>Povestea, atmosfera \u0219i perspectivele acestui proiect inedit, \u00een materialul de mai jos<\/strong>.<\/h3>\n\n\n\n<p>\u00cen Alba Iulia, la caponiera din spatele Bibliotecii Batthyaneum, \u00een mai toat\u0103 seara e lumin\u0103. De luni p\u00e2n\u0103 vineri, \u00eentre orele 17 \u0219i 19, ceva se petrece acolo. Intr\u0103 copila\u0219i cu rucsacul \u00een spate, intr\u0103 b\u0103rbo\u0219i dintr-\u0103\u0219tia cu alur\u0103 de hipster, doamne respectabile \u0219i domni la costum, domni\u0219oare cu gentu\u021ba sub bra\u021b, ce mai, toate tipologiile \u0219i v\u00e2rstele! \u00ce\u0219i las\u0103 haina \u00een cuierul din tunel \u0219i apoi se duc ori spre st\u00e2nga, ori spre dreapta, \u00eentr-unul dintre spa\u021biile amenajate acolo, unde, ce s\u0103 vezi, fiecare apuc\u0103 de un instrument muzical \u0219i se pune pe acordat, pe c\u00e2ntat, fiecare \u00een legea lui, p\u00e2n\u0103 c\u00e2nd apare un fel de superior, ceva profesor, ori dirijor, care se agit\u0103 pe l\u00e2ng\u0103 ei, le \u00eemparte partituri, gesticuleaz\u0103, p\u00e2n\u0103 c\u00e2nd se lini\u0219te\u0219te \u0219i el la ceva instrument de suflat. Dup\u0103 vreun ceas, fac pauz\u0103, beau ceai, r\u00e2d, povestesc \u00eentre ei, b\u0103rba\u021bii se bat tov\u0103r\u0103\u0219e\u0219te pe spate, copii se fug\u0103resc prin-prejur, fetele schimb\u0103 impresii, iar la un semn, toat\u0103 lumea \u00ee\u0219i reia pozi\u021bia \u00een fa\u021ba suporturilor de partituri, instrumentul \u00een m\u00e2ini, \u0219i d\u0103-i \u0219i lupt\u0103: mi, mi, re, re, do, la, si, do, re! &nbsp;<\/p>\n\n\n\n<p>Pe scurt, a\u0219a se vede din-afar\u0103 \u0219i prin geam o repeti\u021bie a celor de la Brass&amp;Drums Alba Iulia! Singura fanfar\u0103 urban\u0103 din Rom\u00e2nia \u00eentemeiat\u0103 pe un proiect cu bugetare participativ\u0103, alc\u0103tuit\u0103 exclusiv din locuitori ai unui ora\u0219 care a decis prin vot \u00eenfiin\u021barea ei!<\/p>\n\n\n\n<figure class=\"wp-block-gallery has-nested-images columns-default is-cropped wp-block-gallery-1 is-layout-flex wp-block-gallery-is-layout-flex\">\n<figure class=\"wp-block-image size-large\"><a href=\"https:\/\/urbeamea.ro\/albaiulia\/wp-content\/uploads\/2023\/02\/DSC_0829.jpg\"><img loading=\"lazy\" decoding=\"async\" width=\"1280\" height=\"870\" data-id=\"106508\" src=\"https:\/\/urbeamea.ro\/albaiulia\/wp-content\/uploads\/2023\/02\/DSC_0829-1280x870.jpg\" alt=\"\" class=\"wp-image-106508\" srcset=\"https:\/\/urbeamea.ro\/albaiulia\/wp-content\/uploads\/2023\/02\/DSC_0829-1280x870.jpg 1280w, https:\/\/urbeamea.ro\/albaiulia\/wp-content\/uploads\/2023\/02\/DSC_0829-640x435.jpg 640w, https:\/\/urbeamea.ro\/albaiulia\/wp-content\/uploads\/2023\/02\/DSC_0829-150x102.jpg 150w, https:\/\/urbeamea.ro\/albaiulia\/wp-content\/uploads\/2023\/02\/DSC_0829-768x522.jpg 768w, https:\/\/urbeamea.ro\/albaiulia\/wp-content\/uploads\/2023\/02\/DSC_0829-1536x1044.jpg 1536w, https:\/\/urbeamea.ro\/albaiulia\/wp-content\/uploads\/2023\/02\/DSC_0829-220x150.jpg 220w, https:\/\/urbeamea.ro\/albaiulia\/wp-content\/uploads\/2023\/02\/DSC_0829.jpg 1600w\" sizes=\"auto, (max-width: 1280px) 100vw, 1280px\" \/><\/a><\/figure>\n\n\n\n<figure class=\"wp-block-image size-large\"><a href=\"https:\/\/urbeamea.ro\/albaiulia\/wp-content\/uploads\/2023\/02\/DSC_0803.jpg\"><img loading=\"lazy\" decoding=\"async\" width=\"1280\" height=\"854\" data-id=\"106515\" src=\"https:\/\/urbeamea.ro\/albaiulia\/wp-content\/uploads\/2023\/02\/DSC_0803-1280x854.jpg\" alt=\"\" class=\"wp-image-106515\" srcset=\"https:\/\/urbeamea.ro\/albaiulia\/wp-content\/uploads\/2023\/02\/DSC_0803-1280x854.jpg 1280w, https:\/\/urbeamea.ro\/albaiulia\/wp-content\/uploads\/2023\/02\/DSC_0803-640x427.jpg 640w, https:\/\/urbeamea.ro\/albaiulia\/wp-content\/uploads\/2023\/02\/DSC_0803-150x100.jpg 150w, https:\/\/urbeamea.ro\/albaiulia\/wp-content\/uploads\/2023\/02\/DSC_0803-768x513.jpg 768w, https:\/\/urbeamea.ro\/albaiulia\/wp-content\/uploads\/2023\/02\/DSC_0803-1536x1025.jpg 1536w, https:\/\/urbeamea.ro\/albaiulia\/wp-content\/uploads\/2023\/02\/DSC_0803.jpg 1600w\" sizes=\"auto, (max-width: 1280px) 100vw, 1280px\" \/><\/a><\/figure>\n\n\n\n<figure class=\"wp-block-image size-large\"><a href=\"https:\/\/urbeamea.ro\/albaiulia\/wp-content\/uploads\/2023\/02\/DSC_0924.jpg\"><img loading=\"lazy\" decoding=\"async\" width=\"1280\" height=\"854\" data-id=\"106513\" src=\"https:\/\/urbeamea.ro\/albaiulia\/wp-content\/uploads\/2023\/02\/DSC_0924-1280x854.jpg\" alt=\"\" class=\"wp-image-106513\" srcset=\"https:\/\/urbeamea.ro\/albaiulia\/wp-content\/uploads\/2023\/02\/DSC_0924-1280x854.jpg 1280w, https:\/\/urbeamea.ro\/albaiulia\/wp-content\/uploads\/2023\/02\/DSC_0924-640x427.jpg 640w, https:\/\/urbeamea.ro\/albaiulia\/wp-content\/uploads\/2023\/02\/DSC_0924-150x100.jpg 150w, https:\/\/urbeamea.ro\/albaiulia\/wp-content\/uploads\/2023\/02\/DSC_0924-768x513.jpg 768w, https:\/\/urbeamea.ro\/albaiulia\/wp-content\/uploads\/2023\/02\/DSC_0924-1536x1025.jpg 1536w, https:\/\/urbeamea.ro\/albaiulia\/wp-content\/uploads\/2023\/02\/DSC_0924.jpg 1600w\" sizes=\"auto, (max-width: 1280px) 100vw, 1280px\" \/><\/a><\/figure>\n\n\n\n<figure class=\"wp-block-image size-large\"><a href=\"https:\/\/urbeamea.ro\/albaiulia\/wp-content\/uploads\/2023\/02\/DSC_0920.jpg\"><img loading=\"lazy\" decoding=\"async\" width=\"1280\" height=\"854\" data-id=\"106512\" src=\"https:\/\/urbeamea.ro\/albaiulia\/wp-content\/uploads\/2023\/02\/DSC_0920-1280x854.jpg\" alt=\"\" class=\"wp-image-106512\" srcset=\"https:\/\/urbeamea.ro\/albaiulia\/wp-content\/uploads\/2023\/02\/DSC_0920-1280x854.jpg 1280w, https:\/\/urbeamea.ro\/albaiulia\/wp-content\/uploads\/2023\/02\/DSC_0920-640x427.jpg 640w, https:\/\/urbeamea.ro\/albaiulia\/wp-content\/uploads\/2023\/02\/DSC_0920-150x100.jpg 150w, https:\/\/urbeamea.ro\/albaiulia\/wp-content\/uploads\/2023\/02\/DSC_0920-768x513.jpg 768w, https:\/\/urbeamea.ro\/albaiulia\/wp-content\/uploads\/2023\/02\/DSC_0920-1536x1025.jpg 1536w, https:\/\/urbeamea.ro\/albaiulia\/wp-content\/uploads\/2023\/02\/DSC_0920.jpg 1600w\" sizes=\"auto, (max-width: 1280px) 100vw, 1280px\" \/><\/a><\/figure>\n\n\n\n<figure class=\"wp-block-image size-large\"><a href=\"https:\/\/urbeamea.ro\/albaiulia\/wp-content\/uploads\/2023\/02\/DSC_0905.jpg\"><img loading=\"lazy\" decoding=\"async\" width=\"1280\" height=\"854\" data-id=\"106511\" src=\"https:\/\/urbeamea.ro\/albaiulia\/wp-content\/uploads\/2023\/02\/DSC_0905-1280x854.jpg\" alt=\"\" class=\"wp-image-106511\" srcset=\"https:\/\/urbeamea.ro\/albaiulia\/wp-content\/uploads\/2023\/02\/DSC_0905-1280x854.jpg 1280w, https:\/\/urbeamea.ro\/albaiulia\/wp-content\/uploads\/2023\/02\/DSC_0905-640x427.jpg 640w, https:\/\/urbeamea.ro\/albaiulia\/wp-content\/uploads\/2023\/02\/DSC_0905-150x100.jpg 150w, https:\/\/urbeamea.ro\/albaiulia\/wp-content\/uploads\/2023\/02\/DSC_0905-768x513.jpg 768w, https:\/\/urbeamea.ro\/albaiulia\/wp-content\/uploads\/2023\/02\/DSC_0905-1536x1025.jpg 1536w, https:\/\/urbeamea.ro\/albaiulia\/wp-content\/uploads\/2023\/02\/DSC_0905.jpg 1600w\" sizes=\"auto, (max-width: 1280px) 100vw, 1280px\" \/><\/a><\/figure>\n\n\n\n<figure class=\"wp-block-image size-large\"><a href=\"https:\/\/urbeamea.ro\/albaiulia\/wp-content\/uploads\/2023\/02\/DSC_0903.jpg\"><img loading=\"lazy\" decoding=\"async\" width=\"1280\" height=\"854\" data-id=\"106510\" src=\"https:\/\/urbeamea.ro\/albaiulia\/wp-content\/uploads\/2023\/02\/DSC_0903-1280x854.jpg\" alt=\"\" class=\"wp-image-106510\" srcset=\"https:\/\/urbeamea.ro\/albaiulia\/wp-content\/uploads\/2023\/02\/DSC_0903-1280x854.jpg 1280w, https:\/\/urbeamea.ro\/albaiulia\/wp-content\/uploads\/2023\/02\/DSC_0903-640x427.jpg 640w, https:\/\/urbeamea.ro\/albaiulia\/wp-content\/uploads\/2023\/02\/DSC_0903-150x100.jpg 150w, https:\/\/urbeamea.ro\/albaiulia\/wp-content\/uploads\/2023\/02\/DSC_0903-768x513.jpg 768w, https:\/\/urbeamea.ro\/albaiulia\/wp-content\/uploads\/2023\/02\/DSC_0903-1536x1025.jpg 1536w, https:\/\/urbeamea.ro\/albaiulia\/wp-content\/uploads\/2023\/02\/DSC_0903.jpg 1600w\" sizes=\"auto, (max-width: 1280px) 100vw, 1280px\" \/><\/a><\/figure>\n<\/figure>\n\n\n\n<p>La \u00eenceput a fost Adam, Petru Adam. Artist instrumentist, cu experien\u021b\u0103 ca instructor de fanfar\u0103, el \u00eensu\u0219i un personaj \u00een toat\u0103 regula. N\u0103scut \u00een Republica Moldova, \u0219colit la Bucure\u0219ti, licen\u021biat \u00een Arte la Univeristatea Na\u021bional\u0103 de Muzic\u0103 Bucure\u0219ti, Facultatea de Interpretare Muzical\u0103, a trecut prin varii orchestere celebre (Ovidiu Lipan \u021a\u0103nd\u0103ric\u0103, Horia Brenciu, Rapsodia Rom\u00e2n\u0103), teatre (Teatrul Na\u021bional Bucure\u0219ti), radiouri (Big Bandul Societ\u0103\u021bii Rom\u00e2ne de radiodifuziune) \u0219i televiziuni (B1 TV), fie ca trompetist, instrumentist solist, \u0219ef partid\u0103, profesor \u0219i dirijor. A c\u00e2ntat cu Delia Matache, Marius Mihalache, Laura Orian \u0219.a.m.d., iar ast\u0103zi este pre\u0219edintele Asocia\u021biei Culturale Artele Cet\u0103\u021bii.<\/p>\n\n\n\n<p>Mai apoi i-a venit ideea \u00eenfiin\u021b\u0103rii unei fanfare care s\u0103 abordeze, \u00eentr-un stil modern, cu accente funk, disco etc., piese clasice, deja consacrate. A scris un proiect, l-a depus la Prim\u0103ria Alba Iulia, \u00een cea de-a doua edi\u021bie a Buget\u0103rii Participative, a luat cele mai multe voturi \u0219i, din septembrie 2022 i-a dat drumu` acestui proiect inedit pentru urbea noastr\u0103 mic\u0103, inedit \u0219i pentru Rom\u00e2nia zilelor noastre, o fanfar\u0103, s\u0103-i spunem urban\u0103, neafiliat\u0103 vreunei institu\u021bii de cultur\u0103, deschis\u0103 oric\u0103rui albaiulian, indiferent dac\u0103 a pus sau nu vreodat\u0103 m\u00e2na pe un instrument, ori dac\u0103 are au ba un pic habar care e treaba cu punctele acelea multe \u0219i negre, de pe portativ.<\/p>\n\n\n\n<p><strong>Petru Adam:<\/strong> \u201e<em>Prin acest proiect am aruncat talantul unei \u0219anse unice \u00een necunoscut, iar surpriza a fost s\u0103 v\u0103d c\u0103 nu sunt singur, nu sunt singurul care simte atrac\u021bia mistuitoare a armoniilor! Cei care au venit al\u0103turi de mine, s\u0103 profite de ocazia de a se \u00eent\u00e2lni \u00een mod profesionist cu un instrument la care, poate, doar au visat s\u0103 c\u00e2nte, m-au cople\u0219it prin calitatea lor uman\u0103, \u00een primul r\u00e2nd, \u0219i prin determinarea de a \u00eenv\u0103\u021ba, de a c\u00e2nta, de a fi parte dintr-un mecanism complex, cum este cel al unei orchestre!\u201d<\/em><\/p>\n\n\n\n<p>\u00cenc\u0103 de la \u00eenceput i-a avut al\u0103turi pe <strong>Emma Damian, Radu Be\u0219liu <\/strong>\u0219i <strong>Cristian Alexievici<\/strong>, profesori de flaut, clarinet \u0219i saxofon, respectiv de percu\u021bie, cu ajutorul c\u0103rora se ocup\u0103 ast\u0103zi de dou\u0103 grupe de instrumenti\u0219ti, una de avansa\u021bi \u0219i cealalt\u0103 de \u00eencep\u0103tori, fiecare \u00eemp\u0103r\u021bit\u0103 la r\u00e2ndul ei subgrupe, \u00een func\u021bie de tipul de instrument studiat: al\u0103muri, percu\u021bie, flaut, clarinet \u0219i sax. De men\u021bionat c\u0103 fiecare participant dintre cei aproximativ 80 de \u00eenscri\u0219i vine la dou\u0103 repeti\u021bii pe s\u0103pt\u0103m\u00e2n\u0103, unde beneficiaz\u0103 \u00een mod gratuit at\u00e2t de instrument (tub\u0103, bariton, trombon, atlhorn, corn, trompet\u0103, clarinet, flaut, tob\u0103 mare, cinele, set de tobe&nbsp; etc.), c\u00e2t \u0219i de cuno\u0219tin\u021bele profesorilor \u00eendrum\u0103tori.<\/p>\n\n\n\n<p>La una dintre aceste repeti\u021bii m-am strecurat \u0219i eu, \u00eentr-o joi, c\u00e2nd i-am nimerit \u00een ac\u021biune pe majoritatea celor care alc\u0103tuiesc grupa de \u00eencep\u0103tori, ocazie cu care i-am cunoscut pe: <strong>Sami <\/strong>(15 ani \u2013 Liceul de Arte \u201eRegina Maria\u201d), <strong>Ciprian<\/strong> (13 ani \u2013Seminarul Teologic Ortodox), <strong>Carol <\/strong>(10 ani \u2013 \u0218coala Gimnazial\u0103 \u201eMihai Eminescu\u201d), <strong>\u0218tefan<\/strong> (50 de ani &#8211; avocat), <strong>Mariana<\/strong> (55 de ani &#8211; informatician), <strong>Ovidiu<\/strong> (35 de ani &#8211; comer\u021b), <strong>C\u0103t\u0103lin (<\/strong>16 ani \u2013 Liceul economic), <strong>Lumini\u021ba<\/strong> (32 de ani, make-up artist), <strong>Alexa<\/strong> (37 de ani, designer florist), <strong>Alexandru<\/strong> (12 ani \u2013 \u0218coala Gimnazial\u0103 \u201eMihai Eminescu\u201d), <strong>Toma<\/strong> (12 ani \u2013 Liceul de Arte \u201eRegina Maria\u201d), <strong>M\u0103d\u0103lina<\/strong> (8 ani \u2013 Liceul de Arte \u201eRegina Maria\u201d), <strong>Ovidiu nr.2<\/strong> (44 de ani &#8211; logistic\u0103), <strong>Andrei <\/strong>(11 ani \u2013 Liceul de Arte \u201eRegina Maria\u201d), <strong>Timon<\/strong> (10 ani \u2013 Liceul de Arte \u201eRegina Maria\u201d), <strong>Adrian<\/strong> (36 de ani &#8211; HORECA), <strong>Andreea<\/strong> (36 de ani, artist plastic), <strong>Alma<\/strong> (37 de ani &#8211; comer\u021b), <strong>Bogdan<\/strong> (43 de ani &#8211; ISU), <strong>Mirela<\/strong> (40 &#8211; profesoar\u0103), <strong>Katia<\/strong> (12 ani \u2013 Liceul de Arte \u201eRegina Maria\u201d) \u0219i<strong> Clara<\/strong> (12 ani &#8211; \u0218coala Gimnazial\u0103 \u201eAvram Iancu\u201d). \u0218i pe 2 din cei 4 profi, respectiv <strong>Petru Adam<\/strong> \u0219i <strong>Cristian Alexievici<\/strong>.<\/p>\n\n\n\n<p>S\u0103 nu v\u0103 \u00eenchipui\u021bi c\u0103-i joac\u0103 ce fac ei aici. Deloc! Iar la cum curgeau apele de pe unii dintre ei, a\u0219 zice c\u0103 e chiar o form\u0103 de fitness.<\/p>\n\n\n\n<p>\u201e<strong><em>Fizic, suflatul \u00een instrument e solicitant! Abia dup\u0103 ce ai ocazia s\u0103 \u00eenve\u021bi s\u0103 c\u00e2n\u021bi la trompet\u0103, de exemplu, \u00een\u021belegi de ce, la o nunt\u0103, sufl\u0103torii sunt pl\u0103ti\u021bi dubu<\/em><\/strong><em>\u201d, <\/em>m\u0103 informeaz\u0103 Ovidiu nr.2, cel cu logistica, trompetist entuziast la Brass&amp;Drums, care sper\u0103 s\u0103 vad\u0103 acest proiect continuat m\u0103car \u00eenc\u0103 10 ani: \u201e<strong><em>Trebuie s\u0103 fac\u0103 Petru cumva, trebuie s\u0103 fie sus\u021binut. Avem nevoie s\u0103 fim \u00eempreun\u0103. Avem nevoie s\u0103-l auzim pe Ionel, c\u0103ruia \u00eei curge miere pe sax, nu note. Aici, prieteniile se fac f\u0103r\u0103 s\u0103 te str\u0103duie\u0219ti \u0219i e fain!&nbsp; Avem numitor comun muzica!\u201d<\/em><\/strong><\/p>\n\n\n\n<p>Se \u00eenva\u021b\u0103, se c\u00e2nt\u0103, se gre\u0219e\u0219te \u0219i se corecteaz\u0103. Petru pare cam exigent, dar nu se las\u0103 niciodat\u0103 cu sup\u0103rare. Oamenii ace\u0219tia au devenit o comunitate, s-au \u00eemprietenit, se ajut\u0103 \u0219i se sus\u021bin \u0219i \u00een afara scenei.<\/p>\n\n\n\n<p>\u201e<strong><em>Mereu mi-am dorit s\u0103 c\u00e2nt la flaut, iar ideea de a face parte dintr-o orchestr\u0103 m\u0103 \u00eenc\u00e2nt\u0103 \u00een mod deosebit! Am \u00eent\u00e2lnit aici o atmosfer\u0103 deosebit\u0103, m\u0103 simt ca \u00eentr-o familie, iar compania celor mici mi-a readus aminte de inocen\u021ba copil\u0103riei<\/em><\/strong>\u201d, spune Mariana, care \u00een via\u021ba \u201ecivil\u0103\u201d e informatician .<\/p>\n\n\n\n<p>De\u0219i au devenit c\u00e2nt\u0103re\u021bi aproape peste noapte, se descurc\u0103 de minune, \u0219i au avut deja c\u00e2teva reprezenta\u021bii publice. Ei au deschis T\u00e2rgul de Cr\u0103ciun de la Alba Iulia \u0219i apoi au dat o tur\u0103 \u0219i pe la cel de la Cric\u0103u, pe la institu\u021bii, localuri, iar at\u00e2t de tare i-a cuprins frenezia \u0219i spiritul s\u0103rb\u0103torilor, \u00eenc\u00e2t s-au colindat \u0219i \u00eentre ei, pe la casa fiec\u0103ruia, toat\u0103 trupa! \u0218i n-a spus nimeni c\u0103 n-are loc de fanfar\u0103. Au \u00eenc\u0103put \u0219i \u00een cur\u021bi frumos pavate \u0219i \u00een sufragerii de bloc, iar amintirea acelor zile le-a r\u0103mas, \u00een aceste 5 luni de c\u00e2nd s-au g\u0103sit unii pe al\u021bii la Alba Iulia Brass&amp;Drums, cea mai frumoas\u0103 experien\u021b\u0103.<\/p>\n\n\n\n<p>\u201e<strong><em>Cel mai tare mi-a pl\u0103cut la colindat, zile la r\u00e2nd nu am sim\u021bit nici frig, nici foame. Ajungeam noaptea acas\u0103 \u0219i adormeam pe canapea, nu mai aveam putere s\u0103 ajung \u00een camera mea. Visam numai ritmuri \u0219i la toba mea, abia a\u0219teptam s\u0103 v\u0103d unde mai mergem urm\u0103toarea dat\u0103!\u201d, <\/em><\/strong>\u00ee\u0219i aminte\u0219te Katia, mare artist plastic, \u00een devenire.<\/p>\n\n\n\n<p>Cum au ajuns la Brass &amp; Drums? Unii au v\u0103zut anun\u021bul pe Facebook, al\u021bii au auzit de \u00eenscrieri de la prieteni, cineva a venit s\u0103-\u0219i \u00eenscrie copilul, \u0219i a r\u0103mas el \u00een locul lui, c\u0103ci cel mic era chiar prea mic, dar atmosfera era at\u00e2t de fain\u0103, c\u0103 ar fi fost p\u0103cat s\u0103 nu profite m\u0103car cineva din familie. Ba, mai mult, a mai chemat \u0219i un frate, \u0219i-un cumnat, s\u0103 fie ga\u0219ca complet\u0103.<\/p>\n\n\n\n<p>\u201e<strong><em>Nu exist\u0103 c\u0103 n-ai timp. Este aici o m\u0103mic\u0103 cu trei copiii, \u00ee\u0219i face timp \u0219i vine. Totul este s\u0103 vrei, s\u0103 te \u00eemplineasc\u0103 activitatea asta cumva. Eu nu am c\u00e2ntat \u00een via\u021ba mea, c\u00e2nd am venit prima dat\u0103 \u0219i am v\u0103zut at\u00e2tea foi albe, cu multe puncte negre pe ele, am zis c\u0103 vreau la tobe, c\u0103 acolo nu o fi cu partitur\u0103. Ce vorbe\u0219ti? \u0218i aici m-am trezit cu notele \u00een fa\u021b\u0103, mi le-a desc\u00e2lcit un copil de clasa a V-a. Asta e interesant, diversitatea noastr\u0103. Um\u0103r la um\u0103r, mic cu mare, \u00eenv\u0103\u021b\u0103m \u00een acela\u0219i ritm!<\/em><\/strong> \u201d, spune Bogdan, de la ISU, care le lanseaz\u0103 \u0219i colegilor jandarmi provocarea de a veni la Brass&amp;Drums.<\/p>\n\n\n\n<p>Mirela a venit s\u0103 vad\u0103 unde merge so\u021bul, de dou\u0103 ori pe s\u0103pt\u0103m\u00e2n\u0103, \u0219i de unde vine el at\u00e2t de \u00eenc\u00e2ntat. Mai \u00eent\u00e2i a p\u00e2ndit pe la geam, apoi a intrat la o repeti\u021bie, \u0219i gata a fost! I-a deschis Petru u\u0219a la Raiul de care nu era corect s\u0103 se bucure doar consortul. Un fel de: \u201eAha, deci \u00ee\u021bi place, te sim\u021bi fericit? Las`c\u0103 vin \u0219i eu!\u201d. J Glumesc, desigur, dar cine a zis c\u0103 muzica nu poate fi \u0219i o form\u0103 de terapie, fie ea \u0219i de cuplu, fie \u0219i pentru cei care nu \u0219tiu c\u0103 au nevoie?<\/p>\n\n\n\n<p><em>\u201e<strong>De aici plec\u0103m to\u021bi bine veselo\u0219i! E un vibe pe care nu l-am mai \u00eent\u00e2lnit nic\u0103ieri!\u201d,<\/strong><\/em><strong> <\/strong>spune Alexa, care stabilise deja de mult c\u0103, la b\u0103tr\u00e2ne\u021be, va \u00eenv\u0103\u021ba s\u0103 c\u00e2nte la sax: \u201e<strong><em>Uite c\u0103 a venit ocazia mai repede, doar nu era s\u0103 o ratez! E bine \u0219i mai devreme, dec\u00e2t mai t\u00e2rziu.<\/em><\/strong><em>\u201d<\/em><\/p>\n\n\n\n<p>\u00cen perioada \u00een care a v\u0103zut anun\u021bul pentru \u00eenscrierile \u00een Alba Iulia Brass&amp;Drums, Lumini\u021ba c\u0103uta profesor de saxofon. Era musai pentru ea s\u0103 \u00eenve\u021be s\u0103 struneasc\u0103 acest instrument: \u201e<strong><em>Mereu am zis c\u0103, p\u00e2n\u0103 la 32 de ani fac 3 copii, \u0219i p\u00e2n\u0103 la 35 \u00eenv\u0103\u021b cu saxofonul! De prima parte m-am ocupat, acum rezolv \u0219i partea a doua<\/em><\/strong><em>! <\/em>Nu rateaz\u0103 nicio \u00eent\u00e2lnire, vrea s\u0103 fie c\u00e2t de profi se poate deveni \u00een timpul disponibil.<\/p>\n\n\n\n<p>O tip\u0103 a venit pentru c\u0103 a crezut c\u0103 \u00eenva\u021b\u0103 muzic\u0103 popular\u0103, pasiunea ei ascuns\u0103 fiind dansul popular: \u201e<strong><em>Dac\u0103 nu \u0219tiu juca, m\u0103car a c\u00e2nta s\u0103 \u00eenv\u0103\u021b<\/em><\/strong><em>!\u201d,<\/em> s-a g\u00e2ndit ea c\u00e2nd s-a \u00eenscris. Acum nu o mai dezlipe\u0219ti de clarinet, \u0219i-a cump\u0103rat unul numai al ei, s\u0103-l aib\u0103 acas\u0103. \u201e<strong><em>C\u00e2nd am ajuns \u0219i am v\u0103zut cu ce \u00abse m\u0103n\u00e2nc\u0103\u00bb &nbsp;toat\u0103 treaba, am \u00eenceput s\u0103 privesc cu al\u021bi ochi povestea asta cu muzica. Iar Petru ne ajut\u0103 foarte mult, are r\u0103bdare \u0219i \u00een\u021belegere pentru fiecare dintre noi!\u201d, <\/em><\/strong>spune Alexandra.<\/p>\n\n\n\n<p>\u00cen aripa t\u00e2n\u0103r\u0103 a forma\u021biei (8-10 ani), p\u0103rerile sunt \u00eemp\u0103r\u021bite. M\u0103d\u0103linei \u00eel place de Petru doar atunci c\u00e2nd c\u00e2nt\u0103, nu c\u00e2nd \u00eei aten\u021bioneaz\u0103. Timon crede c\u0103 aten\u021bion\u0103rile sunt binevenite, doar a\u0219a se \u00eenva\u021b\u0103. Carol a\u0219teapt\u0103 mai mul\u021bi colegi, vrea mai mult\u0103 lume la instrumentele cu corzi. \u0218i Ciprian vrea forma\u021bie mare. Alexandru, piese noi. Iar Sami, Klara, Toma \u0219i Andrei, vor din nou pe scen\u0103, s\u0103 fie c\u00e2t mai des \u00een concerte, s\u0103-i aplaude lumea.<\/p>\n\n\n\n<p>Cei mari, care \u00een\u021beleg mersul acestui proiect dincolo de repeti\u021bii \u0219i concerte, vor continuitate. F\u0103r\u0103 sprijin, proiectul se va \u00eencheia \u00een vara acestui an, dar povestea trebuie s\u0103 mearg\u0103 mai departe, trebuie!<\/p>\n\n\n\n<p>\u201e<strong><em>Proiectul l-am g\u00e2ndit, ini\u021bial, pentru o singur\u0103 trup\u0103, o singur\u0103 grup\u0103. Noi am dublat practic proiectul c\u00e2nd am decis s\u0103 separ\u0103m avansa\u021bii de \u00eencep\u0103tori. E mai greu, dar e frumos! \u00cemi repro\u0219ez uneori c\u0103 poate trag prea tare de ei, c\u0103 \u00eei \u00eemping prea mult, c\u0103 am preten\u021bii prea mari, dar v\u0103d poten\u021bial \u0219i nu pot s\u0103 nu \u00eencerc! Pentru ei, sper s\u0103 ob\u021bin finan\u021barea \u0219i continuarea acestui proiect. Cumva, nu \u0219tiu \u00eenc\u0103 cum, vom reu\u0219i! Fonduri europene, finan\u021bare privat\u0103, o sponsorizare, ceva va veni \u0219i va face posibil\u0103 povestea mai departe. Mul\u021bumesc pentru tot sprijinul acordat Prim\u0103riei Municipiului Alba Iulia, celor care au votat acest proiect, \u0219i tuturor celor care au venit al\u0103turi de mine, pentru a forma comunitatea Alba Iulia Brass&amp;Drums!\u201d,<\/em><\/strong> conchide Petru Adam.<\/p>\n\n\n\n<figure class=\"wp-block-gallery has-nested-images columns-default is-cropped wp-block-gallery-2 is-layout-flex wp-block-gallery-is-layout-flex\">\n<figure class=\"wp-block-image size-large\"><a href=\"https:\/\/urbeamea.ro\/albaiulia\/wp-content\/uploads\/2023\/02\/DSC_0807.jpg\"><img loading=\"lazy\" decoding=\"async\" width=\"1280\" height=\"854\" data-id=\"106519\" src=\"https:\/\/urbeamea.ro\/albaiulia\/wp-content\/uploads\/2023\/02\/DSC_0807-1280x854.jpg\" alt=\"\" class=\"wp-image-106519\" srcset=\"https:\/\/urbeamea.ro\/albaiulia\/wp-content\/uploads\/2023\/02\/DSC_0807-1280x854.jpg 1280w, https:\/\/urbeamea.ro\/albaiulia\/wp-content\/uploads\/2023\/02\/DSC_0807-640x427.jpg 640w, https:\/\/urbeamea.ro\/albaiulia\/wp-content\/uploads\/2023\/02\/DSC_0807-150x100.jpg 150w, https:\/\/urbeamea.ro\/albaiulia\/wp-content\/uploads\/2023\/02\/DSC_0807-768x513.jpg 768w, https:\/\/urbeamea.ro\/albaiulia\/wp-content\/uploads\/2023\/02\/DSC_0807-1536x1025.jpg 1536w, https:\/\/urbeamea.ro\/albaiulia\/wp-content\/uploads\/2023\/02\/DSC_0807.jpg 1600w\" sizes=\"auto, (max-width: 1280px) 100vw, 1280px\" \/><\/a><\/figure>\n\n\n\n<figure class=\"wp-block-image size-large\"><a href=\"https:\/\/urbeamea.ro\/albaiulia\/wp-content\/uploads\/2023\/02\/DSC_0806.jpg\"><img loading=\"lazy\" decoding=\"async\" width=\"1280\" height=\"854\" data-id=\"106518\" src=\"https:\/\/urbeamea.ro\/albaiulia\/wp-content\/uploads\/2023\/02\/DSC_0806-1280x854.jpg\" alt=\"\" class=\"wp-image-106518\" srcset=\"https:\/\/urbeamea.ro\/albaiulia\/wp-content\/uploads\/2023\/02\/DSC_0806-1280x854.jpg 1280w, https:\/\/urbeamea.ro\/albaiulia\/wp-content\/uploads\/2023\/02\/DSC_0806-640x427.jpg 640w, https:\/\/urbeamea.ro\/albaiulia\/wp-content\/uploads\/2023\/02\/DSC_0806-150x100.jpg 150w, https:\/\/urbeamea.ro\/albaiulia\/wp-content\/uploads\/2023\/02\/DSC_0806-768x513.jpg 768w, https:\/\/urbeamea.ro\/albaiulia\/wp-content\/uploads\/2023\/02\/DSC_0806-1536x1025.jpg 1536w, https:\/\/urbeamea.ro\/albaiulia\/wp-content\/uploads\/2023\/02\/DSC_0806.jpg 1600w\" sizes=\"auto, (max-width: 1280px) 100vw, 1280px\" \/><\/a><\/figure>\n\n\n\n<figure class=\"wp-block-image size-large\"><a href=\"https:\/\/urbeamea.ro\/albaiulia\/wp-content\/uploads\/2023\/02\/DSC_0805.jpg\"><img loading=\"lazy\" decoding=\"async\" width=\"1280\" height=\"854\" data-id=\"106517\" src=\"https:\/\/urbeamea.ro\/albaiulia\/wp-content\/uploads\/2023\/02\/DSC_0805-1280x854.jpg\" alt=\"\" class=\"wp-image-106517\" srcset=\"https:\/\/urbeamea.ro\/albaiulia\/wp-content\/uploads\/2023\/02\/DSC_0805-1280x854.jpg 1280w, https:\/\/urbeamea.ro\/albaiulia\/wp-content\/uploads\/2023\/02\/DSC_0805-640x427.jpg 640w, https:\/\/urbeamea.ro\/albaiulia\/wp-content\/uploads\/2023\/02\/DSC_0805-150x100.jpg 150w, https:\/\/urbeamea.ro\/albaiulia\/wp-content\/uploads\/2023\/02\/DSC_0805-768x513.jpg 768w, https:\/\/urbeamea.ro\/albaiulia\/wp-content\/uploads\/2023\/02\/DSC_0805-1536x1025.jpg 1536w, https:\/\/urbeamea.ro\/albaiulia\/wp-content\/uploads\/2023\/02\/DSC_0805.jpg 1600w\" sizes=\"auto, (max-width: 1280px) 100vw, 1280px\" \/><\/a><\/figure>\n\n\n\n<figure class=\"wp-block-image size-large\"><a href=\"https:\/\/urbeamea.ro\/albaiulia\/wp-content\/uploads\/2023\/02\/DSC_0897.jpg\"><img loading=\"lazy\" decoding=\"async\" width=\"1280\" height=\"843\" data-id=\"106509\" src=\"https:\/\/urbeamea.ro\/albaiulia\/wp-content\/uploads\/2023\/02\/DSC_0897-1280x843.jpg\" alt=\"\" class=\"wp-image-106509\" srcset=\"https:\/\/urbeamea.ro\/albaiulia\/wp-content\/uploads\/2023\/02\/DSC_0897-1280x843.jpg 1280w, https:\/\/urbeamea.ro\/albaiulia\/wp-content\/uploads\/2023\/02\/DSC_0897-640x422.jpg 640w, https:\/\/urbeamea.ro\/albaiulia\/wp-content\/uploads\/2023\/02\/DSC_0897-150x99.jpg 150w, https:\/\/urbeamea.ro\/albaiulia\/wp-content\/uploads\/2023\/02\/DSC_0897-768x506.jpg 768w, https:\/\/urbeamea.ro\/albaiulia\/wp-content\/uploads\/2023\/02\/DSC_0897-1536x1012.jpg 1536w, https:\/\/urbeamea.ro\/albaiulia\/wp-content\/uploads\/2023\/02\/DSC_0897.jpg 1600w\" sizes=\"auto, (max-width: 1280px) 100vw, 1280px\" \/><\/a><\/figure>\n\n\n\n<figure class=\"wp-block-image size-large\"><a href=\"https:\/\/urbeamea.ro\/albaiulia\/wp-content\/uploads\/2023\/02\/DSC_0927.jpg\"><img loading=\"lazy\" decoding=\"async\" width=\"1280\" height=\"854\" data-id=\"106514\" src=\"https:\/\/urbeamea.ro\/albaiulia\/wp-content\/uploads\/2023\/02\/DSC_0927-1280x854.jpg\" alt=\"\" class=\"wp-image-106514\" srcset=\"https:\/\/urbeamea.ro\/albaiulia\/wp-content\/uploads\/2023\/02\/DSC_0927-1280x854.jpg 1280w, https:\/\/urbeamea.ro\/albaiulia\/wp-content\/uploads\/2023\/02\/DSC_0927-640x427.jpg 640w, https:\/\/urbeamea.ro\/albaiulia\/wp-content\/uploads\/2023\/02\/DSC_0927-150x100.jpg 150w, https:\/\/urbeamea.ro\/albaiulia\/wp-content\/uploads\/2023\/02\/DSC_0927-768x513.jpg 768w, https:\/\/urbeamea.ro\/albaiulia\/wp-content\/uploads\/2023\/02\/DSC_0927-1536x1025.jpg 1536w, https:\/\/urbeamea.ro\/albaiulia\/wp-content\/uploads\/2023\/02\/DSC_0927.jpg 1600w\" sizes=\"auto, (max-width: 1280px) 100vw, 1280px\" \/><\/a><\/figure>\n<\/figure>\n\n\n\n<p>Pe Alba Iulia Brass &amp; Drums \u00eei pute\u021bi sus\u021bine \u0219i&nbsp; dumneavoastr\u0103, redirec\u021bion\u00e2nd cei 3,5% din impozitul anual, direct de pe telefon, pe linkul <a href=\"https:\/\/formular230.ro\/asociatia-culturala-artele-cetatii\" target=\"_blank\" rel=\"noreferrer noopener\">https:\/\/formular230.ro\/asociatia-culturala-artele-cetatii<\/a> . Mai au nevoie de echipamente, bani de consumabile, pentru deplas\u0103ri. \u0218i-au cump\u0103rat \u0219i singuri una, alta, dar e loc de mai bine!<\/p>\n\n\n\n<p>De v\u0103zut, \u00eei vom vedea din nou \u00een public, \u00een 25 martie, \u00een Pia\u021ba Cet\u0103\u021bii, de la ora 20.30, c\u00e2nd vor marca Ora P\u0103m\u00e2ntului. P\u00e2n\u0103 atunci au \u00een preg\u0103tire \u0219i un show de percu\u021bie, iar dac\u0103 dori\u021bi s\u0103 le urm\u0103ri\u021bi activitatea, o pute\u021bi face cu un simplu click, pe pagina lor de Facebook:&nbsp; <a href=\"https:\/\/www.facebook.com\/profile.php?id=100085360634976\" target=\"_blank\" rel=\"noreferrer noopener\">https:\/\/www.facebook.com\/profile.php?id=100085360634976<\/a>.<\/p>\n","protected":false},"excerpt":{"rendered":"<p>Povestea, atmosfera \u0219i perspectivele acestui proiect inedit, \u00een materialul de mai jos. \u00cen Alba Iulia, la caponiera din spatele Bibliotecii Batthyaneum, \u00een mai toat\u0103 seara e lumin\u0103. De luni p\u00e2n\u0103 vineri, \u00eentre orele 17 \u0219i 19, ceva se petrece acolo. Intr\u0103 copila\u0219i cu rucsacul \u00een spate, intr\u0103 b\u0103rbo\u0219i dintr-\u0103\u0219tia cu alur\u0103 de hipster, doamne respectabile &hellip;<\/p>\n","protected":false},"author":27,"featured_media":106506,"comment_status":"open","ping_status":"open","sticky":false,"template":"","format":"standard","meta":{"inline_featured_image":false,"footnotes":""},"categories":[1],"tags":[],"class_list":["post-106505","post","type-post","status-publish","format-standard","has-post-thumbnail","hentry","category-stiri-urbane"],"yoast_head":"<!-- This site is optimized with the Yoast SEO plugin v27.4 - https:\/\/yoast.com\/product\/yoast-seo-wordpress\/ -->\n<title>De 6 luni, zeci de albaiulieni de toate v\u00e2rstele bat la tobe \u0219i sufl\u0103 \u00een al\u0103muri, la Alba Iulia Brass&amp;Drums - Revista Urbea Mea - Revista de Alba<\/title>\n<meta name=\"description\" content=\"Povestea, atmosfera \u0219i perspectivele acestui proiect inedit, \u00een materialul de mai jos. \u00cen Alba Iulia, la caponiera din spatele Bibliotecii Batthyaneum, \u00een\" \/>\n<meta name=\"robots\" content=\"index, follow, max-snippet:-1, max-image-preview:large, max-video-preview:-1\" \/>\n<link rel=\"canonical\" href=\"https:\/\/urbeamea.ro\/albaiulia\/de-6-luni-zeci-de-albaiulieni-de-toata-varstele-bat-la-tobe-si-sufla-in-alamuri-la-alba-iulia-brassdrums\/\" \/>\n<meta name=\"twitter:card\" content=\"summary_large_image\" \/>\n<meta name=\"twitter:title\" content=\"De 6 luni, zeci de albaiulieni de toate v\u00e2rstele bat la tobe \u0219i sufl\u0103 \u00een al\u0103muri, la Alba Iulia Brass&amp;Drums - Revista Urbea Mea - Revista de Alba\" \/>\n<meta name=\"twitter:description\" content=\"Povestea, atmosfera \u0219i perspectivele acestui proiect inedit, \u00een materialul de mai jos. \u00cen Alba Iulia, la caponiera din spatele Bibliotecii Batthyaneum, \u00een\" \/>\n<meta name=\"twitter:image\" content=\"https:\/\/urbeamea.ro\/albaiulia\/wp-content\/uploads\/2023\/02\/DSC_0817.jpg\" \/>\n<meta name=\"twitter:creator\" content=\"@urbeameaweb\" \/>\n<meta name=\"twitter:site\" content=\"@urbeameaweb\" \/>\n<script type=\"application\/ld+json\" class=\"yoast-schema-graph\">{\"@context\":\"https:\\\/\\\/schema.org\",\"@graph\":[{\"@type\":\"Article\",\"@id\":\"https:\\\/\\\/urbeamea.ro\\\/albaiulia\\\/de-6-luni-zeci-de-albaiulieni-de-toata-varstele-bat-la-tobe-si-sufla-in-alamuri-la-alba-iulia-brassdrums\\\/#article\",\"isPartOf\":{\"@id\":\"https:\\\/\\\/urbeamea.ro\\\/albaiulia\\\/de-6-luni-zeci-de-albaiulieni-de-toata-varstele-bat-la-tobe-si-sufla-in-alamuri-la-alba-iulia-brassdrums\\\/\"},\"author\":{\"name\":\"Stoia Daniela\",\"@id\":\"https:\\\/\\\/urbeamea.ro\\\/albaiulia\\\/#\\\/schema\\\/person\\\/91e3c5a380c685aef9f0295ef6449b3c\"},\"headline\":\"De 6 luni, zeci de albaiulieni de toate v\u00e2rstele bat la tobe \u0219i sufl\u0103 \u00een al\u0103muri, la Alba Iulia Brass&amp;Drums\",\"datePublished\":\"2023-02-23T11:55:11+00:00\",\"dateModified\":\"2023-02-24T00:15:08+00:00\",\"mainEntityOfPage\":{\"@id\":\"https:\\\/\\\/urbeamea.ro\\\/albaiulia\\\/de-6-luni-zeci-de-albaiulieni-de-toata-varstele-bat-la-tobe-si-sufla-in-alamuri-la-alba-iulia-brassdrums\\\/\"},\"wordCount\":2363,\"commentCount\":0,\"image\":{\"@id\":\"https:\\\/\\\/urbeamea.ro\\\/albaiulia\\\/de-6-luni-zeci-de-albaiulieni-de-toata-varstele-bat-la-tobe-si-sufla-in-alamuri-la-alba-iulia-brassdrums\\\/#primaryimage\"},\"thumbnailUrl\":\"https:\\\/\\\/urbeamea.ro\\\/albaiulia\\\/wp-content\\\/uploads\\\/2023\\\/02\\\/DSC_0817.jpg\",\"articleSection\":[\"\u015etiri Urbane\"],\"inLanguage\":\"ro-RO\",\"potentialAction\":[{\"@type\":\"CommentAction\",\"name\":\"Comment\",\"target\":[\"https:\\\/\\\/urbeamea.ro\\\/albaiulia\\\/de-6-luni-zeci-de-albaiulieni-de-toata-varstele-bat-la-tobe-si-sufla-in-alamuri-la-alba-iulia-brassdrums\\\/#respond\"]}]},{\"@type\":\"WebPage\",\"@id\":\"https:\\\/\\\/urbeamea.ro\\\/albaiulia\\\/de-6-luni-zeci-de-albaiulieni-de-toata-varstele-bat-la-tobe-si-sufla-in-alamuri-la-alba-iulia-brassdrums\\\/\",\"url\":\"https:\\\/\\\/urbeamea.ro\\\/albaiulia\\\/de-6-luni-zeci-de-albaiulieni-de-toata-varstele-bat-la-tobe-si-sufla-in-alamuri-la-alba-iulia-brassdrums\\\/\",\"name\":\"De 6 luni, zeci de albaiulieni de toate v\u00e2rstele bat la tobe \u0219i sufl\u0103 \u00een al\u0103muri, la Alba Iulia Brass&amp;Drums - Revista Urbea Mea - Revista de Alba\",\"isPartOf\":{\"@id\":\"https:\\\/\\\/urbeamea.ro\\\/albaiulia\\\/#website\"},\"primaryImageOfPage\":{\"@id\":\"https:\\\/\\\/urbeamea.ro\\\/albaiulia\\\/de-6-luni-zeci-de-albaiulieni-de-toata-varstele-bat-la-tobe-si-sufla-in-alamuri-la-alba-iulia-brassdrums\\\/#primaryimage\"},\"image\":{\"@id\":\"https:\\\/\\\/urbeamea.ro\\\/albaiulia\\\/de-6-luni-zeci-de-albaiulieni-de-toata-varstele-bat-la-tobe-si-sufla-in-alamuri-la-alba-iulia-brassdrums\\\/#primaryimage\"},\"thumbnailUrl\":\"https:\\\/\\\/urbeamea.ro\\\/albaiulia\\\/wp-content\\\/uploads\\\/2023\\\/02\\\/DSC_0817.jpg\",\"datePublished\":\"2023-02-23T11:55:11+00:00\",\"dateModified\":\"2023-02-24T00:15:08+00:00\",\"author\":{\"@id\":\"https:\\\/\\\/urbeamea.ro\\\/albaiulia\\\/#\\\/schema\\\/person\\\/91e3c5a380c685aef9f0295ef6449b3c\"},\"description\":\"Povestea, atmosfera \u0219i perspectivele acestui proiect inedit, \u00een materialul de mai jos. \u00cen Alba Iulia, la caponiera din spatele Bibliotecii Batthyaneum, \u00een\",\"breadcrumb\":{\"@id\":\"https:\\\/\\\/urbeamea.ro\\\/albaiulia\\\/de-6-luni-zeci-de-albaiulieni-de-toata-varstele-bat-la-tobe-si-sufla-in-alamuri-la-alba-iulia-brassdrums\\\/#breadcrumb\"},\"inLanguage\":\"ro-RO\",\"potentialAction\":[{\"@type\":\"ReadAction\",\"target\":[\"https:\\\/\\\/urbeamea.ro\\\/albaiulia\\\/de-6-luni-zeci-de-albaiulieni-de-toata-varstele-bat-la-tobe-si-sufla-in-alamuri-la-alba-iulia-brassdrums\\\/\"]}]},{\"@type\":\"ImageObject\",\"inLanguage\":\"ro-RO\",\"@id\":\"https:\\\/\\\/urbeamea.ro\\\/albaiulia\\\/de-6-luni-zeci-de-albaiulieni-de-toata-varstele-bat-la-tobe-si-sufla-in-alamuri-la-alba-iulia-brassdrums\\\/#primaryimage\",\"url\":\"https:\\\/\\\/urbeamea.ro\\\/albaiulia\\\/wp-content\\\/uploads\\\/2023\\\/02\\\/DSC_0817.jpg\",\"contentUrl\":\"https:\\\/\\\/urbeamea.ro\\\/albaiulia\\\/wp-content\\\/uploads\\\/2023\\\/02\\\/DSC_0817.jpg\",\"width\":1600,\"height\":1068},{\"@type\":\"BreadcrumbList\",\"@id\":\"https:\\\/\\\/urbeamea.ro\\\/albaiulia\\\/de-6-luni-zeci-de-albaiulieni-de-toata-varstele-bat-la-tobe-si-sufla-in-alamuri-la-alba-iulia-brassdrums\\\/#breadcrumb\",\"itemListElement\":[{\"@type\":\"ListItem\",\"position\":1,\"name\":\"Prima pagin\u0103\",\"item\":\"https:\\\/\\\/urbeamea.ro\\\/albaiulia\\\/\"},{\"@type\":\"ListItem\",\"position\":2,\"name\":\"De 6 luni, zeci de albaiulieni de toate v\u00e2rstele bat la tobe \u0219i sufl\u0103 \u00een al\u0103muri, la Alba Iulia Brass&amp;Drums\"}]},{\"@type\":\"WebSite\",\"@id\":\"https:\\\/\\\/urbeamea.ro\\\/albaiulia\\\/#website\",\"url\":\"https:\\\/\\\/urbeamea.ro\\\/albaiulia\\\/\",\"name\":\"Revista Urbea Mea, Stiri urbane\",\"description\":\"Evenimente \u0219i \u0219tiri din Alba Iulia, Sebe\u0219, Aiud, Blaj\",\"potentialAction\":[{\"@type\":\"SearchAction\",\"target\":{\"@type\":\"EntryPoint\",\"urlTemplate\":\"https:\\\/\\\/urbeamea.ro\\\/albaiulia\\\/?s={search_term_string}\"},\"query-input\":{\"@type\":\"PropertyValueSpecification\",\"valueRequired\":true,\"valueName\":\"search_term_string\"}}],\"inLanguage\":\"ro-RO\"},{\"@type\":\"Person\",\"@id\":\"https:\\\/\\\/urbeamea.ro\\\/albaiulia\\\/#\\\/schema\\\/person\\\/91e3c5a380c685aef9f0295ef6449b3c\",\"name\":\"Stoia Daniela\",\"image\":{\"@type\":\"ImageObject\",\"inLanguage\":\"ro-RO\",\"@id\":\"https:\\\/\\\/secure.gravatar.com\\\/avatar\\\/5aaf6eef20c2b497aa6b10eb1d0ea3e79b9229f0518d4c68b0fe81d133d3c8ca?s=96&d=mm&r=g\",\"url\":\"https:\\\/\\\/secure.gravatar.com\\\/avatar\\\/5aaf6eef20c2b497aa6b10eb1d0ea3e79b9229f0518d4c68b0fe81d133d3c8ca?s=96&d=mm&r=g\",\"contentUrl\":\"https:\\\/\\\/secure.gravatar.com\\\/avatar\\\/5aaf6eef20c2b497aa6b10eb1d0ea3e79b9229f0518d4c68b0fe81d133d3c8ca?s=96&d=mm&r=g\",\"caption\":\"Stoia Daniela\"},\"url\":\"https:\\\/\\\/urbeamea.ro\\\/albaiulia\\\/author\\\/daniela-stoia\\\/\"}]}<\/script>\n<!-- \/ Yoast SEO plugin. -->","yoast_head_json":{"title":"De 6 luni, zeci de albaiulieni de toate v\u00e2rstele bat la tobe \u0219i sufl\u0103 \u00een al\u0103muri, la Alba Iulia Brass&amp;Drums - Revista Urbea Mea - Revista de Alba","description":"Povestea, atmosfera \u0219i perspectivele acestui proiect inedit, \u00een materialul de mai jos. \u00cen Alba Iulia, la caponiera din spatele Bibliotecii Batthyaneum, \u00een","robots":{"index":"index","follow":"follow","max-snippet":"max-snippet:-1","max-image-preview":"max-image-preview:large","max-video-preview":"max-video-preview:-1"},"canonical":"https:\/\/urbeamea.ro\/albaiulia\/de-6-luni-zeci-de-albaiulieni-de-toata-varstele-bat-la-tobe-si-sufla-in-alamuri-la-alba-iulia-brassdrums\/","twitter_card":"summary_large_image","twitter_title":"De 6 luni, zeci de albaiulieni de toate v\u00e2rstele bat la tobe \u0219i sufl\u0103 \u00een al\u0103muri, la Alba Iulia Brass&amp;Drums - Revista Urbea Mea - Revista de Alba","twitter_description":"Povestea, atmosfera \u0219i perspectivele acestui proiect inedit, \u00een materialul de mai jos. \u00cen Alba Iulia, la caponiera din spatele Bibliotecii Batthyaneum, \u00een","twitter_image":"https:\/\/urbeamea.ro\/albaiulia\/wp-content\/uploads\/2023\/02\/DSC_0817.jpg","twitter_creator":"@urbeameaweb","twitter_site":"@urbeameaweb","schema":{"@context":"https:\/\/schema.org","@graph":[{"@type":"Article","@id":"https:\/\/urbeamea.ro\/albaiulia\/de-6-luni-zeci-de-albaiulieni-de-toata-varstele-bat-la-tobe-si-sufla-in-alamuri-la-alba-iulia-brassdrums\/#article","isPartOf":{"@id":"https:\/\/urbeamea.ro\/albaiulia\/de-6-luni-zeci-de-albaiulieni-de-toata-varstele-bat-la-tobe-si-sufla-in-alamuri-la-alba-iulia-brassdrums\/"},"author":{"name":"Stoia Daniela","@id":"https:\/\/urbeamea.ro\/albaiulia\/#\/schema\/person\/91e3c5a380c685aef9f0295ef6449b3c"},"headline":"De 6 luni, zeci de albaiulieni de toate v\u00e2rstele bat la tobe \u0219i sufl\u0103 \u00een al\u0103muri, la Alba Iulia Brass&amp;Drums","datePublished":"2023-02-23T11:55:11+00:00","dateModified":"2023-02-24T00:15:08+00:00","mainEntityOfPage":{"@id":"https:\/\/urbeamea.ro\/albaiulia\/de-6-luni-zeci-de-albaiulieni-de-toata-varstele-bat-la-tobe-si-sufla-in-alamuri-la-alba-iulia-brassdrums\/"},"wordCount":2363,"commentCount":0,"image":{"@id":"https:\/\/urbeamea.ro\/albaiulia\/de-6-luni-zeci-de-albaiulieni-de-toata-varstele-bat-la-tobe-si-sufla-in-alamuri-la-alba-iulia-brassdrums\/#primaryimage"},"thumbnailUrl":"https:\/\/urbeamea.ro\/albaiulia\/wp-content\/uploads\/2023\/02\/DSC_0817.jpg","articleSection":["\u015etiri Urbane"],"inLanguage":"ro-RO","potentialAction":[{"@type":"CommentAction","name":"Comment","target":["https:\/\/urbeamea.ro\/albaiulia\/de-6-luni-zeci-de-albaiulieni-de-toata-varstele-bat-la-tobe-si-sufla-in-alamuri-la-alba-iulia-brassdrums\/#respond"]}]},{"@type":"WebPage","@id":"https:\/\/urbeamea.ro\/albaiulia\/de-6-luni-zeci-de-albaiulieni-de-toata-varstele-bat-la-tobe-si-sufla-in-alamuri-la-alba-iulia-brassdrums\/","url":"https:\/\/urbeamea.ro\/albaiulia\/de-6-luni-zeci-de-albaiulieni-de-toata-varstele-bat-la-tobe-si-sufla-in-alamuri-la-alba-iulia-brassdrums\/","name":"De 6 luni, zeci de albaiulieni de toate v\u00e2rstele bat la tobe \u0219i sufl\u0103 \u00een al\u0103muri, la Alba Iulia Brass&amp;Drums - Revista Urbea Mea - Revista de Alba","isPartOf":{"@id":"https:\/\/urbeamea.ro\/albaiulia\/#website"},"primaryImageOfPage":{"@id":"https:\/\/urbeamea.ro\/albaiulia\/de-6-luni-zeci-de-albaiulieni-de-toata-varstele-bat-la-tobe-si-sufla-in-alamuri-la-alba-iulia-brassdrums\/#primaryimage"},"image":{"@id":"https:\/\/urbeamea.ro\/albaiulia\/de-6-luni-zeci-de-albaiulieni-de-toata-varstele-bat-la-tobe-si-sufla-in-alamuri-la-alba-iulia-brassdrums\/#primaryimage"},"thumbnailUrl":"https:\/\/urbeamea.ro\/albaiulia\/wp-content\/uploads\/2023\/02\/DSC_0817.jpg","datePublished":"2023-02-23T11:55:11+00:00","dateModified":"2023-02-24T00:15:08+00:00","author":{"@id":"https:\/\/urbeamea.ro\/albaiulia\/#\/schema\/person\/91e3c5a380c685aef9f0295ef6449b3c"},"description":"Povestea, atmosfera \u0219i perspectivele acestui proiect inedit, \u00een materialul de mai jos. \u00cen Alba Iulia, la caponiera din spatele Bibliotecii Batthyaneum, \u00een","breadcrumb":{"@id":"https:\/\/urbeamea.ro\/albaiulia\/de-6-luni-zeci-de-albaiulieni-de-toata-varstele-bat-la-tobe-si-sufla-in-alamuri-la-alba-iulia-brassdrums\/#breadcrumb"},"inLanguage":"ro-RO","potentialAction":[{"@type":"ReadAction","target":["https:\/\/urbeamea.ro\/albaiulia\/de-6-luni-zeci-de-albaiulieni-de-toata-varstele-bat-la-tobe-si-sufla-in-alamuri-la-alba-iulia-brassdrums\/"]}]},{"@type":"ImageObject","inLanguage":"ro-RO","@id":"https:\/\/urbeamea.ro\/albaiulia\/de-6-luni-zeci-de-albaiulieni-de-toata-varstele-bat-la-tobe-si-sufla-in-alamuri-la-alba-iulia-brassdrums\/#primaryimage","url":"https:\/\/urbeamea.ro\/albaiulia\/wp-content\/uploads\/2023\/02\/DSC_0817.jpg","contentUrl":"https:\/\/urbeamea.ro\/albaiulia\/wp-content\/uploads\/2023\/02\/DSC_0817.jpg","width":1600,"height":1068},{"@type":"BreadcrumbList","@id":"https:\/\/urbeamea.ro\/albaiulia\/de-6-luni-zeci-de-albaiulieni-de-toata-varstele-bat-la-tobe-si-sufla-in-alamuri-la-alba-iulia-brassdrums\/#breadcrumb","itemListElement":[{"@type":"ListItem","position":1,"name":"Prima pagin\u0103","item":"https:\/\/urbeamea.ro\/albaiulia\/"},{"@type":"ListItem","position":2,"name":"De 6 luni, zeci de albaiulieni de toate v\u00e2rstele bat la tobe \u0219i sufl\u0103 \u00een al\u0103muri, la Alba Iulia Brass&amp;Drums"}]},{"@type":"WebSite","@id":"https:\/\/urbeamea.ro\/albaiulia\/#website","url":"https:\/\/urbeamea.ro\/albaiulia\/","name":"Revista Urbea Mea, Stiri urbane","description":"Evenimente \u0219i \u0219tiri din Alba Iulia, Sebe\u0219, Aiud, Blaj","potentialAction":[{"@type":"SearchAction","target":{"@type":"EntryPoint","urlTemplate":"https:\/\/urbeamea.ro\/albaiulia\/?s={search_term_string}"},"query-input":{"@type":"PropertyValueSpecification","valueRequired":true,"valueName":"search_term_string"}}],"inLanguage":"ro-RO"},{"@type":"Person","@id":"https:\/\/urbeamea.ro\/albaiulia\/#\/schema\/person\/91e3c5a380c685aef9f0295ef6449b3c","name":"Stoia Daniela","image":{"@type":"ImageObject","inLanguage":"ro-RO","@id":"https:\/\/secure.gravatar.com\/avatar\/5aaf6eef20c2b497aa6b10eb1d0ea3e79b9229f0518d4c68b0fe81d133d3c8ca?s=96&d=mm&r=g","url":"https:\/\/secure.gravatar.com\/avatar\/5aaf6eef20c2b497aa6b10eb1d0ea3e79b9229f0518d4c68b0fe81d133d3c8ca?s=96&d=mm&r=g","contentUrl":"https:\/\/secure.gravatar.com\/avatar\/5aaf6eef20c2b497aa6b10eb1d0ea3e79b9229f0518d4c68b0fe81d133d3c8ca?s=96&d=mm&r=g","caption":"Stoia Daniela"},"url":"https:\/\/urbeamea.ro\/albaiulia\/author\/daniela-stoia\/"}]}},"_links":{"self":[{"href":"https:\/\/urbeamea.ro\/albaiulia\/wp-json\/wp\/v2\/posts\/106505","targetHints":{"allow":["GET"]}}],"collection":[{"href":"https:\/\/urbeamea.ro\/albaiulia\/wp-json\/wp\/v2\/posts"}],"about":[{"href":"https:\/\/urbeamea.ro\/albaiulia\/wp-json\/wp\/v2\/types\/post"}],"author":[{"embeddable":true,"href":"https:\/\/urbeamea.ro\/albaiulia\/wp-json\/wp\/v2\/users\/27"}],"replies":[{"embeddable":true,"href":"https:\/\/urbeamea.ro\/albaiulia\/wp-json\/wp\/v2\/comments?post=106505"}],"version-history":[{"count":3,"href":"https:\/\/urbeamea.ro\/albaiulia\/wp-json\/wp\/v2\/posts\/106505\/revisions"}],"predecessor-version":[{"id":106523,"href":"https:\/\/urbeamea.ro\/albaiulia\/wp-json\/wp\/v2\/posts\/106505\/revisions\/106523"}],"wp:featuredmedia":[{"embeddable":true,"href":"https:\/\/urbeamea.ro\/albaiulia\/wp-json\/wp\/v2\/media\/106506"}],"wp:attachment":[{"href":"https:\/\/urbeamea.ro\/albaiulia\/wp-json\/wp\/v2\/media?parent=106505"}],"wp:term":[{"taxonomy":"category","embeddable":true,"href":"https:\/\/urbeamea.ro\/albaiulia\/wp-json\/wp\/v2\/categories?post=106505"},{"taxonomy":"post_tag","embeddable":true,"href":"https:\/\/urbeamea.ro\/albaiulia\/wp-json\/wp\/v2\/tags?post=106505"}],"curies":[{"name":"wp","href":"https:\/\/api.w.org\/{rel}","templated":true}]}}