{"id":106559,"date":"2023-02-24T11:18:57","date_gmt":"2023-02-24T09:18:57","guid":{"rendered":"https:\/\/urbeamea.ro\/albaiulia\/?p=106559"},"modified":"2023-02-24T11:18:59","modified_gmt":"2023-02-24T09:18:59","slug":"pnrr-fonduri-pentru-romania-moderna-si-reformata-4","status":"publish","type":"post","link":"https:\/\/urbeamea.ro\/albaiulia\/pnrr-fonduri-pentru-romania-moderna-si-reformata-4\/","title":{"rendered":"\u201dPNRR: Fonduri pentru Rom\u00e2nia modern\u0103 \u0219i reformat\u0103\u201d"},"content":{"rendered":"\n<p><strong>Unitatea Administrativ Teritorial\u0103 Municipiul Alba Iulia deruleaz\u0103 proiectul \u201cRENOVAREA ENERGETIC\u0102 A CL\u0102DIRILOR PUBLICE DIN MUNICIPIUL ALBA IULIA &#8211; SERVICIUL POLI\u021aIA LOCAL\u0102\u201d, cod proiect C5 \u2013 B2.2.a \u2013 128. <\/strong>\u00cen acest sens, la data de 13.02.2023, s-a semnat de c\u0103tre Municipiul Alba Iulia, Contractul de finan\u021bare nr. 10441\/26.01.2023, \u00eencheiat \u00eentre Ministerul Dezvolt\u0103rii, Lucr\u0103rilor Publice \u0219i Administra\u021biei, \u00een calitate de coordonator de investi\u021bii pentru Planul Na\u021bional de Redresare \u0219i Rezilien\u021b\u0103 \u0219i UAT Municipiul Alba Iulia, \u00een calitate de Beneficiar.<\/p>\n\n\n\n<p><strong>Proiectul este finan\u021bat prin Programul Na\u021bional de Redresare \u0219i Rezilien\u021b\u0103 (PNRR) \u00een cadrul apelului de proiecte PNRR\/2022\/C5\/2\/B.2.1\/1, PNRR\/2022\/C5\/B.2.2\/1, componenta 5 \u2014 Valul renov\u0103rii, axa 2 \u2014 Schema de granturi pentru eficien\u021b\u0103 energetic\u0103 \u0219i rezilien\u021b\u0103 \u00een cl\u0103diri publice, opera\u021biunea B.2: Renovarea energetic\u0103 moderat\u0103 sau aprofundat\u0103 a cl\u0103dirilor publice*).<\/strong><\/p>\n\n\n\n<p>Prin investi\u021bia propus\u0103 se urm\u0103re\u0219te cre\u0219terea eficien\u021bei energetice \u0219i reducerea consumului de energie pentru \u00eenc\u0103lzire peste 60% (conform Recomand\u0103rii Comisiei privind renovarea cl\u0103dirilor nr. 2019\/786, renovarea aprofundat\u0103 presupune economii de energie primar\u0103 cuprinse peste-60%) \u00een compara\u021bie cu situa\u021bia anterioar\u0103 renov\u0103rii \u0219i respectarea Comunic\u0103rii Comisiei &#8211; Orient\u0103ri tehnice privind aplicarea principiului de \u201ea nu aduce prejudicii semnificative\u201d \u00een temeiul Regulamentului privind Mecanismul de redresare \u0219i rezilien\u021b\u0103 (2021\/C58\/01).<\/p>\n\n\n\n<p>Punct\u0103m c\u00e2teva dintre lucr\u0103rile care se vor realiza:<\/p>\n\n\n\n<p>Activit\u0103\u021bi pentru reabilitarea termic\u0103 a elementelor de anvelop\u0103 a cl\u0103dirii: izolarea termic\u0103 a fa\u021badelor. Termoizola\u021bia se va monta continuu pentru evitarea pun\u021bilor termice, elimin\u00e2ndu-se complet spa\u021biul \u00eentre pl\u0103cile de termoizola\u021bie. De asemenea, se propune \u0219i&nbsp; bordarea cu f\u00e2\u0219ii orizontale continue de sisteme termoizolante rezistente la foc, dispuse \u00een dreptul plan\u0219eelor curente ale cl\u0103dirii cu aceea\u0219i grosime cu a materialului termoizolant utilizat la termoizolarea fa\u021badei.<\/p>\n\n\n\n<p>Izolarea termic\u0103 a pere\u021bilor exteriori<\/p>\n\n\n\n<p>Izolarea termic\u0103 a plan\u0219eului peste ultimul nivel.<\/p>\n\n\n\n<p>Izolarea termic\u0103 a plan\u0219eului peste subsol (unde este cazul).<\/p>\n\n\n\n<p>\u00cenlocuirea t\u00e2mpl\u0103riei exterioare existente, inclusiv a celei aferente accesului \u00een cl\u0103dire, cu t\u00e2mpl\u0103rie termoizolant\u0103 cu performan\u021b\u0103 ridicat\u0103.<\/p>\n\n\n\n<p>\u00cenlocuirea t\u00e2mpl\u0103riei interioare (u\u0219i de acces \u0219i ferestre) c\u0103tre spa\u021biile ne\u00eenc\u0103lzite sau insuficient \u00eenc\u0103lzite cu t\u00e2mpl\u0103rie performant\u0103 energetic.<\/p>\n\n\n\n<p>Reabilitarea termic\u0103 a sistemului de \u00eenc\u0103lzire\/a sistemului de furnizare a apei calde de consum:<\/p>\n\n\n\n<p>\u00cenlocuirea\/dotarea cu corpuri de \u00eenc\u0103lzire cu radiatoare\/ventiloconvectoare, montarea\/ repararea\/\u00eenlocuirea instala\u021biei de distribu\u021bie a agentului termic pentru \u00eenc\u0103lzire \u015fi ap\u0103 cald\u0103 de consum, inclusiv de leg\u0103tur\u0103 \u00eentre cl\u0103direa\/cl\u0103dirile eligibile care face\/fac obiectul proiectului \u0219i cl\u0103direa tip central\u0103 termic\u0103.<\/p>\n\n\n\n<p>\u00cenlocuirea corpurilor de \u00eenc\u0103lzire cu radiatoare.<\/p>\n\n\n\n<p>\u00cenlocuirea instala\u021biei de distribu\u021bie a agentului termic pentru \u00eenc\u0103lzire.<\/p>\n\n\n\n<p>\u00cenlocuirea instala\u021biei de distribu\u021bie a agentului termic pentru ap\u0103 cald\u0103 de consum.<\/p>\n\n\n\n<p>\u00cenlocuirea centralei termice proprii, \u00een scopul cre\u0219terii randamentului \u0219i al reducerii emisiilor echivalent CO2.<\/p>\n\n\n\n<p>Reabilitarea instala\u021biei de iluminat prin \u00eenlocuirea circuitelor de iluminat deteriorate sau subdimensionate, reabilitarea instala\u021biei de iluminat din cl\u0103dire.<\/p>\n\n\n\n<p>\u00cenlocuirea corpurilor de iluminat fluorescent \u0219i incandescent cu corpuri de iluminat cu eficien\u021b\u0103 energetic\u0103 ridicat\u0103 \u0219i durat\u0103 mare de via\u021b\u0103, inclusiv tehnologie LED.<\/p>\n\n\n\n<p>Instalarea unor sisteme alternative de producere a energiei.<\/p>\n\n\n\n<blockquote class=\"wp-block-quote is-layout-flow wp-block-quote-is-layout-flow\">\n<p><em>Proiectele de reabilitare a cl\u0103dirilor publice trebuie s\u0103 se afle pe lista de priorit\u0103\u021bi a oric\u0103rei administra\u021bii publice locale, dat fiind contextul global legat de criza energetic\u0103.<\/em> <em>Eficientizarea termic\u0103 ajut\u0103 la reducerea costurilor de \u00eenc\u0103lzire, prin \u00eembun\u0103t\u0103\u021birea izola\u021biei \u0219i a etan\u0219eit\u0103\u021bii \u0219i reduce emisiile de gaze cu efect de ser\u0103.<\/em><\/p>\n<cite>Ple\u0219a Gabriel Codru, Primar al Municipiului Alba Iulia<\/cite><\/blockquote>\n\n\n\n<p>Valoarea total\u0103 nerambursabil\u0103 a proiectului este <strong>de 2.577.525, 72 lei<\/strong> cu TVA.<\/p>\n\n\n\n<p>Durata de implementare a proiectului este de 36 de luni de la data semn\u0103rii contractului de finan\u021bare, respectiv de la data de 13 februarie 2023 p\u00e2n\u0103 la data de 30 iunie 2026.<\/p>\n\n\n\n<p>Apel de proiecte gestionat de Ministerul Dezvolt\u0103rii, Lucr\u0103rilor Publice \u0219i Administra\u021biei finan\u021bat din fonduri europene prin Planul Na\u021bional de Redresare \u0219i Rezilien\u021b\u0103 al Rom\u00e2niei \u0219i din fonduri na\u021bionale.<\/p>\n","protected":false},"excerpt":{"rendered":"<p>Unitatea Administrativ Teritorial\u0103 Municipiul Alba Iulia deruleaz\u0103 proiectul \u201cRENOVAREA ENERGETIC\u0102 A CL\u0102DIRILOR PUBLICE DIN MUNICIPIUL ALBA IULIA &#8211; SERVICIUL POLI\u021aIA LOCAL\u0102\u201d, cod proiect C5 \u2013 B2.2.a \u2013 128. \u00cen acest sens, la data de 13.02.2023, s-a semnat de c\u0103tre Municipiul Alba Iulia, Contractul de finan\u021bare nr. 10441\/26.01.2023, \u00eencheiat \u00eentre Ministerul Dezvolt\u0103rii, Lucr\u0103rilor Publice \u0219i Administra\u021biei, &hellip;<\/p>\n","protected":false},"author":16,"featured_media":4293,"comment_status":"open","ping_status":"open","sticky":false,"template":"","format":"standard","meta":{"inline_featured_image":false,"footnotes":""},"categories":[2035],"tags":[23887,1107],"class_list":["post-106559","post","type-post","status-publish","format-standard","has-post-thumbnail","hentry","category-administratie","tag-pnrr","tag-primaria-alba-iulia"],"yoast_head":"<!-- This site is optimized with the Yoast SEO plugin v27.4 - https:\/\/yoast.com\/product\/yoast-seo-wordpress\/ -->\n<title>\u201dPNRR: Fonduri pentru Rom\u00e2nia modern\u0103 \u0219i reformat\u0103\u201d - Revista Urbea Mea - Revista de Alba<\/title>\n<meta name=\"description\" content=\"Unitatea Administrativ Teritorial\u0103 Municipiul Alba Iulia deruleaz\u0103 proiectul \u201cRENOVAREA ENERGETIC\u0102 A CL\u0102DIRILOR PUBLICE DIN MUNICIPIUL ALBA IULIA -\" \/>\n<meta name=\"robots\" content=\"index, follow, max-snippet:-1, max-image-preview:large, max-video-preview:-1\" \/>\n<link rel=\"canonical\" href=\"https:\/\/urbeamea.ro\/albaiulia\/pnrr-fonduri-pentru-romania-moderna-si-reformata-4\/\" \/>\n<meta name=\"twitter:card\" content=\"summary_large_image\" \/>\n<meta name=\"twitter:title\" content=\"\u201dPNRR: Fonduri pentru Rom\u00e2nia modern\u0103 \u0219i reformat\u0103\u201d - Revista Urbea Mea - Revista de Alba\" \/>\n<meta name=\"twitter:description\" content=\"Unitatea Administrativ Teritorial\u0103 Municipiul Alba Iulia deruleaz\u0103 proiectul \u201cRENOVAREA ENERGETIC\u0102 A CL\u0102DIRILOR PUBLICE DIN MUNICIPIUL ALBA IULIA -\" \/>\n<meta name=\"twitter:image\" content=\"https:\/\/urbeamea.ro\/albaiulia\/wp-content\/uploads\/2015\/05\/Primaria-Alba-Iulia.jpg\" \/>\n<meta name=\"twitter:creator\" content=\"@urbeameaweb\" \/>\n<meta name=\"twitter:site\" content=\"@urbeameaweb\" \/>\n<script type=\"application\/ld+json\" class=\"yoast-schema-graph\">{\"@context\":\"https:\\\/\\\/schema.org\",\"@graph\":[{\"@type\":\"Article\",\"@id\":\"https:\\\/\\\/urbeamea.ro\\\/albaiulia\\\/pnrr-fonduri-pentru-romania-moderna-si-reformata-4\\\/#article\",\"isPartOf\":{\"@id\":\"https:\\\/\\\/urbeamea.ro\\\/albaiulia\\\/pnrr-fonduri-pentru-romania-moderna-si-reformata-4\\\/\"},\"author\":{\"name\":\"Redac\u021bia UrbeaMea\",\"@id\":\"https:\\\/\\\/urbeamea.ro\\\/albaiulia\\\/#\\\/schema\\\/person\\\/272ae98052f8ee8980f59848df070247\"},\"headline\":\"\u201dPNRR: Fonduri pentru Rom\u00e2nia modern\u0103 \u0219i reformat\u0103\u201d\",\"datePublished\":\"2023-02-24T09:18:57+00:00\",\"dateModified\":\"2023-02-24T09:18:59+00:00\",\"mainEntityOfPage\":{\"@id\":\"https:\\\/\\\/urbeamea.ro\\\/albaiulia\\\/pnrr-fonduri-pentru-romania-moderna-si-reformata-4\\\/\"},\"wordCount\":694,\"commentCount\":0,\"image\":{\"@id\":\"https:\\\/\\\/urbeamea.ro\\\/albaiulia\\\/pnrr-fonduri-pentru-romania-moderna-si-reformata-4\\\/#primaryimage\"},\"thumbnailUrl\":\"https:\\\/\\\/urbeamea.ro\\\/albaiulia\\\/wp-content\\\/uploads\\\/2015\\\/05\\\/Primaria-Alba-Iulia.jpg\",\"keywords\":[\"PNRR\",\"primaria alba iulia\"],\"articleSection\":[\"Administra\u021bie\"],\"inLanguage\":\"ro-RO\",\"potentialAction\":[{\"@type\":\"CommentAction\",\"name\":\"Comment\",\"target\":[\"https:\\\/\\\/urbeamea.ro\\\/albaiulia\\\/pnrr-fonduri-pentru-romania-moderna-si-reformata-4\\\/#respond\"]}]},{\"@type\":\"WebPage\",\"@id\":\"https:\\\/\\\/urbeamea.ro\\\/albaiulia\\\/pnrr-fonduri-pentru-romania-moderna-si-reformata-4\\\/\",\"url\":\"https:\\\/\\\/urbeamea.ro\\\/albaiulia\\\/pnrr-fonduri-pentru-romania-moderna-si-reformata-4\\\/\",\"name\":\"\u201dPNRR: Fonduri pentru Rom\u00e2nia modern\u0103 \u0219i reformat\u0103\u201d - Revista Urbea Mea - Revista de Alba\",\"isPartOf\":{\"@id\":\"https:\\\/\\\/urbeamea.ro\\\/albaiulia\\\/#website\"},\"primaryImageOfPage\":{\"@id\":\"https:\\\/\\\/urbeamea.ro\\\/albaiulia\\\/pnrr-fonduri-pentru-romania-moderna-si-reformata-4\\\/#primaryimage\"},\"image\":{\"@id\":\"https:\\\/\\\/urbeamea.ro\\\/albaiulia\\\/pnrr-fonduri-pentru-romania-moderna-si-reformata-4\\\/#primaryimage\"},\"thumbnailUrl\":\"https:\\\/\\\/urbeamea.ro\\\/albaiulia\\\/wp-content\\\/uploads\\\/2015\\\/05\\\/Primaria-Alba-Iulia.jpg\",\"datePublished\":\"2023-02-24T09:18:57+00:00\",\"dateModified\":\"2023-02-24T09:18:59+00:00\",\"author\":{\"@id\":\"https:\\\/\\\/urbeamea.ro\\\/albaiulia\\\/#\\\/schema\\\/person\\\/272ae98052f8ee8980f59848df070247\"},\"description\":\"Unitatea Administrativ Teritorial\u0103 Municipiul Alba Iulia deruleaz\u0103 proiectul \u201cRENOVAREA ENERGETIC\u0102 A CL\u0102DIRILOR PUBLICE DIN MUNICIPIUL ALBA IULIA -\",\"breadcrumb\":{\"@id\":\"https:\\\/\\\/urbeamea.ro\\\/albaiulia\\\/pnrr-fonduri-pentru-romania-moderna-si-reformata-4\\\/#breadcrumb\"},\"inLanguage\":\"ro-RO\",\"potentialAction\":[{\"@type\":\"ReadAction\",\"target\":[\"https:\\\/\\\/urbeamea.ro\\\/albaiulia\\\/pnrr-fonduri-pentru-romania-moderna-si-reformata-4\\\/\"]}]},{\"@type\":\"ImageObject\",\"inLanguage\":\"ro-RO\",\"@id\":\"https:\\\/\\\/urbeamea.ro\\\/albaiulia\\\/pnrr-fonduri-pentru-romania-moderna-si-reformata-4\\\/#primaryimage\",\"url\":\"https:\\\/\\\/urbeamea.ro\\\/albaiulia\\\/wp-content\\\/uploads\\\/2015\\\/05\\\/Primaria-Alba-Iulia.jpg\",\"contentUrl\":\"https:\\\/\\\/urbeamea.ro\\\/albaiulia\\\/wp-content\\\/uploads\\\/2015\\\/05\\\/Primaria-Alba-Iulia.jpg\",\"width\":770,\"height\":434},{\"@type\":\"BreadcrumbList\",\"@id\":\"https:\\\/\\\/urbeamea.ro\\\/albaiulia\\\/pnrr-fonduri-pentru-romania-moderna-si-reformata-4\\\/#breadcrumb\",\"itemListElement\":[{\"@type\":\"ListItem\",\"position\":1,\"name\":\"Prima pagin\u0103\",\"item\":\"https:\\\/\\\/urbeamea.ro\\\/albaiulia\\\/\"},{\"@type\":\"ListItem\",\"position\":2,\"name\":\"\u201dPNRR: Fonduri pentru Rom\u00e2nia modern\u0103 \u0219i reformat\u0103\u201d\"}]},{\"@type\":\"WebSite\",\"@id\":\"https:\\\/\\\/urbeamea.ro\\\/albaiulia\\\/#website\",\"url\":\"https:\\\/\\\/urbeamea.ro\\\/albaiulia\\\/\",\"name\":\"Revista Urbea Mea, Stiri urbane\",\"description\":\"Evenimente \u0219i \u0219tiri din Alba Iulia, Sebe\u0219, Aiud, Blaj\",\"potentialAction\":[{\"@type\":\"SearchAction\",\"target\":{\"@type\":\"EntryPoint\",\"urlTemplate\":\"https:\\\/\\\/urbeamea.ro\\\/albaiulia\\\/?s={search_term_string}\"},\"query-input\":{\"@type\":\"PropertyValueSpecification\",\"valueRequired\":true,\"valueName\":\"search_term_string\"}}],\"inLanguage\":\"ro-RO\"},{\"@type\":\"Person\",\"@id\":\"https:\\\/\\\/urbeamea.ro\\\/albaiulia\\\/#\\\/schema\\\/person\\\/272ae98052f8ee8980f59848df070247\",\"name\":\"Redac\u021bia UrbeaMea\",\"image\":{\"@type\":\"ImageObject\",\"inLanguage\":\"ro-RO\",\"@id\":\"https:\\\/\\\/secure.gravatar.com\\\/avatar\\\/9ce5a9435071fa1037e8468053ead8e513dbbff59009d3069aadb85506d85a27?s=96&d=mm&r=g\",\"url\":\"https:\\\/\\\/secure.gravatar.com\\\/avatar\\\/9ce5a9435071fa1037e8468053ead8e513dbbff59009d3069aadb85506d85a27?s=96&d=mm&r=g\",\"contentUrl\":\"https:\\\/\\\/secure.gravatar.com\\\/avatar\\\/9ce5a9435071fa1037e8468053ead8e513dbbff59009d3069aadb85506d85a27?s=96&d=mm&r=g\",\"caption\":\"Redac\u021bia UrbeaMea\"},\"description\":\"contact@urbeamea.ro\",\"sameAs\":[\"https:\\\/\\\/www.urbeamea.ro\"],\"url\":\"https:\\\/\\\/urbeamea.ro\\\/albaiulia\\\/author\\\/redactia-urbeamea\\\/\"}]}<\/script>\n<!-- \/ Yoast SEO plugin. -->","yoast_head_json":{"title":"\u201dPNRR: Fonduri pentru Rom\u00e2nia modern\u0103 \u0219i reformat\u0103\u201d - Revista Urbea Mea - Revista de Alba","description":"Unitatea Administrativ Teritorial\u0103 Municipiul Alba Iulia deruleaz\u0103 proiectul \u201cRENOVAREA ENERGETIC\u0102 A CL\u0102DIRILOR PUBLICE DIN MUNICIPIUL ALBA IULIA -","robots":{"index":"index","follow":"follow","max-snippet":"max-snippet:-1","max-image-preview":"max-image-preview:large","max-video-preview":"max-video-preview:-1"},"canonical":"https:\/\/urbeamea.ro\/albaiulia\/pnrr-fonduri-pentru-romania-moderna-si-reformata-4\/","twitter_card":"summary_large_image","twitter_title":"\u201dPNRR: Fonduri pentru Rom\u00e2nia modern\u0103 \u0219i reformat\u0103\u201d - Revista Urbea Mea - Revista de Alba","twitter_description":"Unitatea Administrativ Teritorial\u0103 Municipiul Alba Iulia deruleaz\u0103 proiectul \u201cRENOVAREA ENERGETIC\u0102 A CL\u0102DIRILOR PUBLICE DIN MUNICIPIUL ALBA IULIA -","twitter_image":"https:\/\/urbeamea.ro\/albaiulia\/wp-content\/uploads\/2015\/05\/Primaria-Alba-Iulia.jpg","twitter_creator":"@urbeameaweb","twitter_site":"@urbeameaweb","schema":{"@context":"https:\/\/schema.org","@graph":[{"@type":"Article","@id":"https:\/\/urbeamea.ro\/albaiulia\/pnrr-fonduri-pentru-romania-moderna-si-reformata-4\/#article","isPartOf":{"@id":"https:\/\/urbeamea.ro\/albaiulia\/pnrr-fonduri-pentru-romania-moderna-si-reformata-4\/"},"author":{"name":"Redac\u021bia UrbeaMea","@id":"https:\/\/urbeamea.ro\/albaiulia\/#\/schema\/person\/272ae98052f8ee8980f59848df070247"},"headline":"\u201dPNRR: Fonduri pentru Rom\u00e2nia modern\u0103 \u0219i reformat\u0103\u201d","datePublished":"2023-02-24T09:18:57+00:00","dateModified":"2023-02-24T09:18:59+00:00","mainEntityOfPage":{"@id":"https:\/\/urbeamea.ro\/albaiulia\/pnrr-fonduri-pentru-romania-moderna-si-reformata-4\/"},"wordCount":694,"commentCount":0,"image":{"@id":"https:\/\/urbeamea.ro\/albaiulia\/pnrr-fonduri-pentru-romania-moderna-si-reformata-4\/#primaryimage"},"thumbnailUrl":"https:\/\/urbeamea.ro\/albaiulia\/wp-content\/uploads\/2015\/05\/Primaria-Alba-Iulia.jpg","keywords":["PNRR","primaria alba iulia"],"articleSection":["Administra\u021bie"],"inLanguage":"ro-RO","potentialAction":[{"@type":"CommentAction","name":"Comment","target":["https:\/\/urbeamea.ro\/albaiulia\/pnrr-fonduri-pentru-romania-moderna-si-reformata-4\/#respond"]}]},{"@type":"WebPage","@id":"https:\/\/urbeamea.ro\/albaiulia\/pnrr-fonduri-pentru-romania-moderna-si-reformata-4\/","url":"https:\/\/urbeamea.ro\/albaiulia\/pnrr-fonduri-pentru-romania-moderna-si-reformata-4\/","name":"\u201dPNRR: Fonduri pentru Rom\u00e2nia modern\u0103 \u0219i reformat\u0103\u201d - Revista Urbea Mea - Revista de Alba","isPartOf":{"@id":"https:\/\/urbeamea.ro\/albaiulia\/#website"},"primaryImageOfPage":{"@id":"https:\/\/urbeamea.ro\/albaiulia\/pnrr-fonduri-pentru-romania-moderna-si-reformata-4\/#primaryimage"},"image":{"@id":"https:\/\/urbeamea.ro\/albaiulia\/pnrr-fonduri-pentru-romania-moderna-si-reformata-4\/#primaryimage"},"thumbnailUrl":"https:\/\/urbeamea.ro\/albaiulia\/wp-content\/uploads\/2015\/05\/Primaria-Alba-Iulia.jpg","datePublished":"2023-02-24T09:18:57+00:00","dateModified":"2023-02-24T09:18:59+00:00","author":{"@id":"https:\/\/urbeamea.ro\/albaiulia\/#\/schema\/person\/272ae98052f8ee8980f59848df070247"},"description":"Unitatea Administrativ Teritorial\u0103 Municipiul Alba Iulia deruleaz\u0103 proiectul \u201cRENOVAREA ENERGETIC\u0102 A CL\u0102DIRILOR PUBLICE DIN MUNICIPIUL ALBA IULIA -","breadcrumb":{"@id":"https:\/\/urbeamea.ro\/albaiulia\/pnrr-fonduri-pentru-romania-moderna-si-reformata-4\/#breadcrumb"},"inLanguage":"ro-RO","potentialAction":[{"@type":"ReadAction","target":["https:\/\/urbeamea.ro\/albaiulia\/pnrr-fonduri-pentru-romania-moderna-si-reformata-4\/"]}]},{"@type":"ImageObject","inLanguage":"ro-RO","@id":"https:\/\/urbeamea.ro\/albaiulia\/pnrr-fonduri-pentru-romania-moderna-si-reformata-4\/#primaryimage","url":"https:\/\/urbeamea.ro\/albaiulia\/wp-content\/uploads\/2015\/05\/Primaria-Alba-Iulia.jpg","contentUrl":"https:\/\/urbeamea.ro\/albaiulia\/wp-content\/uploads\/2015\/05\/Primaria-Alba-Iulia.jpg","width":770,"height":434},{"@type":"BreadcrumbList","@id":"https:\/\/urbeamea.ro\/albaiulia\/pnrr-fonduri-pentru-romania-moderna-si-reformata-4\/#breadcrumb","itemListElement":[{"@type":"ListItem","position":1,"name":"Prima pagin\u0103","item":"https:\/\/urbeamea.ro\/albaiulia\/"},{"@type":"ListItem","position":2,"name":"\u201dPNRR: Fonduri pentru Rom\u00e2nia modern\u0103 \u0219i reformat\u0103\u201d"}]},{"@type":"WebSite","@id":"https:\/\/urbeamea.ro\/albaiulia\/#website","url":"https:\/\/urbeamea.ro\/albaiulia\/","name":"Revista Urbea Mea, Stiri urbane","description":"Evenimente \u0219i \u0219tiri din Alba Iulia, Sebe\u0219, Aiud, Blaj","potentialAction":[{"@type":"SearchAction","target":{"@type":"EntryPoint","urlTemplate":"https:\/\/urbeamea.ro\/albaiulia\/?s={search_term_string}"},"query-input":{"@type":"PropertyValueSpecification","valueRequired":true,"valueName":"search_term_string"}}],"inLanguage":"ro-RO"},{"@type":"Person","@id":"https:\/\/urbeamea.ro\/albaiulia\/#\/schema\/person\/272ae98052f8ee8980f59848df070247","name":"Redac\u021bia UrbeaMea","image":{"@type":"ImageObject","inLanguage":"ro-RO","@id":"https:\/\/secure.gravatar.com\/avatar\/9ce5a9435071fa1037e8468053ead8e513dbbff59009d3069aadb85506d85a27?s=96&d=mm&r=g","url":"https:\/\/secure.gravatar.com\/avatar\/9ce5a9435071fa1037e8468053ead8e513dbbff59009d3069aadb85506d85a27?s=96&d=mm&r=g","contentUrl":"https:\/\/secure.gravatar.com\/avatar\/9ce5a9435071fa1037e8468053ead8e513dbbff59009d3069aadb85506d85a27?s=96&d=mm&r=g","caption":"Redac\u021bia UrbeaMea"},"description":"contact@urbeamea.ro","sameAs":["https:\/\/www.urbeamea.ro"],"url":"https:\/\/urbeamea.ro\/albaiulia\/author\/redactia-urbeamea\/"}]}},"_links":{"self":[{"href":"https:\/\/urbeamea.ro\/albaiulia\/wp-json\/wp\/v2\/posts\/106559","targetHints":{"allow":["GET"]}}],"collection":[{"href":"https:\/\/urbeamea.ro\/albaiulia\/wp-json\/wp\/v2\/posts"}],"about":[{"href":"https:\/\/urbeamea.ro\/albaiulia\/wp-json\/wp\/v2\/types\/post"}],"author":[{"embeddable":true,"href":"https:\/\/urbeamea.ro\/albaiulia\/wp-json\/wp\/v2\/users\/16"}],"replies":[{"embeddable":true,"href":"https:\/\/urbeamea.ro\/albaiulia\/wp-json\/wp\/v2\/comments?post=106559"}],"version-history":[{"count":1,"href":"https:\/\/urbeamea.ro\/albaiulia\/wp-json\/wp\/v2\/posts\/106559\/revisions"}],"predecessor-version":[{"id":106560,"href":"https:\/\/urbeamea.ro\/albaiulia\/wp-json\/wp\/v2\/posts\/106559\/revisions\/106560"}],"wp:featuredmedia":[{"embeddable":true,"href":"https:\/\/urbeamea.ro\/albaiulia\/wp-json\/wp\/v2\/media\/4293"}],"wp:attachment":[{"href":"https:\/\/urbeamea.ro\/albaiulia\/wp-json\/wp\/v2\/media?parent=106559"}],"wp:term":[{"taxonomy":"category","embeddable":true,"href":"https:\/\/urbeamea.ro\/albaiulia\/wp-json\/wp\/v2\/categories?post=106559"},{"taxonomy":"post_tag","embeddable":true,"href":"https:\/\/urbeamea.ro\/albaiulia\/wp-json\/wp\/v2\/tags?post=106559"}],"curies":[{"name":"wp","href":"https:\/\/api.w.org\/{rel}","templated":true}]}}