{"id":106561,"date":"2023-02-27T12:02:56","date_gmt":"2023-02-27T10:02:56","guid":{"rendered":"https:\/\/urbeamea.ro\/albaiulia\/?p=106561"},"modified":"2023-02-27T12:02:59","modified_gmt":"2023-02-27T10:02:59","slug":"ateliere-regionale-pentru-pregatirea-de-proiecte-destinate-spatiilor-urbane-cu-facilitati-atragatoare-pentru-cetateni","status":"publish","type":"post","link":"https:\/\/urbeamea.ro\/albaiulia\/ateliere-regionale-pentru-pregatirea-de-proiecte-destinate-spatiilor-urbane-cu-facilitati-atragatoare-pentru-cetateni\/","title":{"rendered":"<strong>Ateliere regionale pentru preg\u0103tirea de proiecte destinate spa\u021biilor urbane cu facilit\u0103\u021bi atr\u0103g\u0103toare pentru cet\u0103\u021beni<\/strong>"},"content":{"rendered":"\n<h3 class=\"wp-block-heading\"><strong><em>Rolul fondurilor europene \u201dREGIO Centru 2021-2027\u201d \u00een dezvoltarea comunit\u0103\u021bilor<\/em><\/strong><\/h3>\n\n\n\n<p><strong>Agen\u021bia pentru Dezvoltare Regional\u0103 Centru \u00eempreun\u0103 cu Asocia\u021bia ROREG (<\/strong><strong>Asocia\u021bia Agen\u021biilor pentru Dezvoltare Regional\u0103 din Rom\u00e2nia)<\/strong><strong> au organizat, \u00een perioada 22-24.02.2023, o suit\u0103 de ateliere regionale, axate pe discu\u021bii practice privind priorit\u0103\u021bile de finan\u021bare prev\u0103zute \u00een Programul \u201dRegiunea Centru\u201d 2021-2027, program coordonat de ADR Centru \u00een calitate de Autoritate de Management. Peste 50 de persoane au participat la patru ateliere practice de lucru, care au adus \u00een discu\u021bii tematica regener\u0103rii urbane, a cre\u0219terii eficien\u021bei energetice a cl\u0103dirilor, mobilitatea durabil\u0103, infrastructura verde-albastr\u0103, turismul \u0219i inovarea social\u0103, prin prisma cerin\u021belor fondurilor europene \u0219i a realit\u0103\u021bilor actuale din comunit\u0103\u021bile locale din Regiunea Centru. &nbsp;<\/strong><strong><\/strong><\/p>\n\n\n\n<p>Scopul acestor ateliere a fost ca exper\u021bii din administra\u021bia public\u0103 s\u0103 \u00een\u021beleag\u0103 mai bine noile concepte de \u201dBauhaus european\u201d, infrastructur\u0103 verde-albastr\u0103, cerin\u021bele de eficien\u021b\u0103 energetic\u0103, dar \u0219i provoc\u0103rile ce apar la proiectele de mobilitate electric\u0103, \u00een corelare cu aplica\u021biile de turism \u0219i inovare social\u0103. Toate aceste aspecte sunt esen\u021biale \u00een elaborarea cererilor de finan\u021bare prin\u00a0<a href=\"http:\/\/regio-adrcentru.ro\/programare-2021-2027\/\" target=\"_blank\" rel=\"noreferrer noopener\">Programul \u201dRegiunea Centru\u201d 2021-2027<\/a>.\u00a0 Viziunea european\u0103 a acestor priorit\u0103\u021bi a fost completat\u0103 de prezentarea unor solu\u021bii aplicabile \u00a0la cerin\u021bele ce vor fi prev\u0103zute \u00een ghidurile Programului, pe baza exemplelor \u0219i a informa\u021biilor din proiectele europene coordonate de ADR Centru \u00een Regiunea Centru: <a href=\"http:\/\/www.adrcentru.ro\/color-circle-connecting-and-empowering-local-authorities-with-research-capacities-to-unlock-the-full-potential-of-circular-economy\/\" target=\"_blank\" rel=\"noreferrer noopener\"><em>Color Circle<\/em><\/a><em>, <\/em><a href=\"http:\/\/www.adrcentru.ro\/ramsat\/\" target=\"_blank\" rel=\"noreferrer noopener\"><em>RAMSAT<\/em><\/a><em>, <\/em><a href=\"http:\/\/www.adrcentru.ro\/e-mob\/\" target=\"_blank\" rel=\"noreferrer noopener\"><em>E-MOB<\/em><\/a>.<\/p>\n\n\n\n<blockquote class=\"wp-block-quote is-layout-flow wp-block-quote-is-layout-flow\">\n<p><em>Fondurile europene \u00een perioada 2021-2027 sunt alocate proiectelor care vor rezolva problemele din domeniul regener\u0103rii urbane, pentru ora\u0219e care vor genera solu\u021bii de spa\u021bii verzi \u0219i suprafe\u021be de ap\u0103 pentru cet\u0103\u021beni, care sunt puse \u00een valoare \u0219i valorificate prin implicarea comunit\u0103\u021bilor locale. Am explicat de ce Uniunea European\u0103 finan\u021beaz\u0103 proiectele de mobilitate electric\u0103 \u0219i nu construc\u021bia de parc\u0103ri, am vorbit despre proiectele pentru spa\u021bii verzi verzi, care nu se rezum\u0103 doar la plante ci la sistemul ce e sub structura verde \u0219i p\u00e2nza freatic\u0103, am prezentat date concrete referitor la eficien\u021ba energetic\u0103 \u0219i fondurile europene care genereaz\u0103 economii, dar \u0219i despre patrimoniul cultural \u0219i istoric, incluziunea social\u0103 \u00een dezvoltarea turismului. Poate, mai important dec\u00e2t orice detaliu tehnic, am subliniat exper\u021bilor din administra\u021bie care preg\u0103tesc proiecte importan\u021ba de a preg\u0103ti cererile de finan\u021bare, centr\u00e2ndu-se pe nevoile reale ale cet\u0103\u021benilor, s\u0103 fac\u0103 proiecte cu \u0219i pentru oameni, s\u0103 implice comunit\u0103\u021bile locale \u00een definirea viitoarele investi\u021bii<\/em>.<\/p>\n<cite>Simion Cre\u021bu, director general ADR Centru<\/cite><\/blockquote>\n\n\n\n<p>Ora\u0219e atractive care cresc, dar \u00ee\u0219i respect\u0103 istoria, comunit\u0103\u021bi active prin oameni, construc\u021bia centrelor urbane pl\u0103cute ochiului \u0219i sufletului \u2013 cu \u201dlocuri instagramabile\u201d, cum plastic s-a exprimat un participant &#8211; au fost principalele mesaje ce au fost transmise constant pe parcursul atelierelor, desf\u0103\u0219urate la Sighi\u0219oara, \u00een centrul geografic al Regiunii Centru. Participan\u021bii la cele patru ateliere au reprezentat personalul tehnic din consilii jude\u021bene, prim\u0103rii de ora\u0219e \u0219i municipii din Regiune, cu experien\u021b\u0103 \u00een scrierea de proiecte europene \u0219i nu numai, care deja lucreaz\u0103 la viitoarele cereri de finan\u021bare. Lectori au fost exper\u021bi din ADR Centru, al\u0103turi de exper\u021bi independen\u021bi pe tematica fiec\u0103rui tip de atelier de lucru, care au prezentat informa\u021bii de actualitate pe temele propuse, exemple de proiecte \u0219i solu\u021bii.<\/p>\n\n\n\n<p>Aceste \u00eent\u00e2lniri au fost foarte utile prin dialogul generat \u00eentre exper\u021bii din administra\u021bie implica\u021bi \u00een scrierea proiectelor \u0219i exper\u021bii ADR Centru ce coordoneaz\u0103 viitoarele fonduri regionale \u00een perioada 2021-2027. Pe parcursul atelierelor a rezultat un schimb de informa\u021bii actualizate, s-au identificat problemele \u0219i provoc\u0103rile din teren, dar au fost subliniat\u0103 \u0219i necesitatea de a relua aceste discu\u021bii \u00eentr-un cadru l\u0103rgit, ce completeaz\u0103 prezen\u021ba exper\u021bilor tehnici, care elaboreaz\u0103 proiectele europene, cu exper\u021bii din direc\u021biile de urbanism \u0219i cu persoanele ce iau puterea de decizie \u00een administra\u021bie. &nbsp;<\/p>\n\n\n\n<p>\u201dEnergy is money and we can save both\u201d (energia cost\u0103 \u0219i v\u0103 sus\u021binem \u00een economisirea ambelor) a fost mesajul primului atelier pe tema regener\u0103rii urbane \u0219i \u00eembun\u0103t\u0103\u021birii eficien\u021bei energetice a cl\u0103dirilor, care au fost completate de exemplele practice din proiectul european Color Circle implementat de ADR Centru. Regenerarea urban\u0103 &#8211; \u0219i procesul complex care implic\u0103 \u00eembun\u0103t\u0103\u021birea condi\u021biilor de via\u021b\u0103 \u00een ora\u0219ele din Regiunea Centru &#8211; pot fi realizate prin dezvoltarea \u0219i modernizarea infrastructurii, reabilitarea cl\u0103dirilor \u0219i a spa\u021biilor verzi, at\u00e2t \u00een cartierele reziden\u021biale c\u00e2t \u0219i \u00een zonele centrale ale localit\u0103\u021bilor. De asemenea, ora\u0219ele trebuie s\u0103 poat\u0103 oferi servicii \u0219i solu\u0163ii integrate de energie durabil\u0103 mai eficiente, astfel \u00eenc\u00e2t, \u00eempreun\u0103, s\u0103 avem o amprent\u0103 pozitiv\u0103 asupra oamenilor \u015fi mediului \u00eenconjur\u0103tor.<\/p>\n\n\n\n<p>Electromobilitatea \u00een arealele urbane \u0219i provoc\u0103rile din domeniu au fost prezentate de exper\u021bii Ministerului Dezvol\u0103trii, Lucr\u0103rilor Publice \u0219i Administa\u021biei implica\u021bi \u00een derularea achizi\u021biilor din proiecte europene de vehicule electrice \u00een perioada 2014-2020 sau prin PNRR, dar \u0219i din prisma experien\u021bei de utilizare sus\u021binut\u0103 de c\u0103tre reprezentn\u021bii societ\u0103\u021bii de transport public Bra\u0219ov, unde sunt \u00een circula\u021bie peste 100 de autobuze electrice. Timpul trece repede \u0219i aten\u021bia ce trebuie acordat\u0103 \u00een aceste proiecte se mut\u0103 de pe achizi\u021bia mijloacelor de transport pe componentele de suport tehnic, mentenan\u021b\u0103, dar \u0219i a garan\u021biei s-a specificat pe parcursul atelierului.<\/p>\n\n\n\n<p>Atelierul de infrastructur\u0103 verde \u0219i spatii verzi a sublinit pa\u0219ii ce trebuie realiza\u021bi \u00een aceste proiecte:&nbsp;identificarea zonelor verzi \u0219i albastre existente \u00een ora\u0219 (parcuri, lacuri, zone umede \u0219i r\u00e2uri), &nbsp;evaluarea posibilit\u0103\u021bii de consolidare sau extindere, planificarea proiectului verde \u0219i albastru \u00een mod integrat, abord\u00e2nd problemele legate de ap\u0103, energie, transport \u0219i dezvoltare imobiliar\u0103 \u00een mod coerent \u0219i durabil, implic\u00e2nd activ comunitatea \u00een procesul de planificare \u0219i dezvoltare, prin consult\u0103ri publice, grupuri de lucru \u0219i alte mijloace de participare activ\u0103 a cet\u0103\u021benilor \u00een luarea deciziilor.<\/p>\n\n\n\n<p>Nu \u00een ultimul r\u00e2nd, \u00een privin\u021ba inov\u0103rii \u0219i a cre\u0219terii gradului de incluziune social\u0103 \u00een proiecte de dezvoltare a turismului, experien\u021ba ADR Centru \u00een proiectul RAMSAT, a fost valorificat\u0103 prin discu\u021bii cu reprezentan\u021bii comunit\u0103\u021bilor din R\u0103\u0219inari, Viscri \u0219i Biertan. Din partea Funda\u021biei \u201dMihai Eminescu Trust\u201d d-na Caroline Fernolend a prezentat modul cum spa\u021biul rural rom\u00e2nesc trebuie s\u0103-\u0219i valorifice oportunit\u0103\u021bile \u0219i unicitatea, prin utilizarea durabil\u0103 a resurselor oferite de patrimoniul cultural \u0219i natural, ceea ce va permite dezvoltarea unui turism responsabil, de calitate, av\u00e2nd grij\u0103 de mediul \u00eenconjur\u0103tor \u0219i de mo\u0219tenirea cultural\u0103, cu beneficii comunit\u0103\u021bilor locale.<\/p>\n\n\n\n<figure class=\"wp-block-gallery has-nested-images columns-default is-cropped wp-block-gallery-1 is-layout-flex wp-block-gallery-is-layout-flex\">\n<figure class=\"wp-block-image size-large\"><a href=\"https:\/\/urbeamea.ro\/albaiulia\/wp-content\/uploads\/2023\/02\/Foto12.jpg\"><img loading=\"lazy\" decoding=\"async\" width=\"1245\" height=\"611\" data-id=\"106563\" src=\"https:\/\/urbeamea.ro\/albaiulia\/wp-content\/uploads\/2023\/02\/Foto12.jpg\" alt=\"\" class=\"wp-image-106563\" srcset=\"https:\/\/urbeamea.ro\/albaiulia\/wp-content\/uploads\/2023\/02\/Foto12.jpg 1245w, https:\/\/urbeamea.ro\/albaiulia\/wp-content\/uploads\/2023\/02\/Foto12-640x314.jpg 640w, https:\/\/urbeamea.ro\/albaiulia\/wp-content\/uploads\/2023\/02\/Foto12-150x74.jpg 150w, https:\/\/urbeamea.ro\/albaiulia\/wp-content\/uploads\/2023\/02\/Foto12-768x377.jpg 768w\" sizes=\"auto, (max-width: 1245px) 100vw, 1245px\" \/><\/a><\/figure>\n\n\n\n<figure class=\"wp-block-image size-large\"><a href=\"https:\/\/urbeamea.ro\/albaiulia\/wp-content\/uploads\/2023\/02\/Foto19.jpg\"><img loading=\"lazy\" decoding=\"async\" width=\"1231\" height=\"551\" data-id=\"106565\" src=\"https:\/\/urbeamea.ro\/albaiulia\/wp-content\/uploads\/2023\/02\/Foto19.jpg\" alt=\"\" class=\"wp-image-106565\" srcset=\"https:\/\/urbeamea.ro\/albaiulia\/wp-content\/uploads\/2023\/02\/Foto19.jpg 1231w, https:\/\/urbeamea.ro\/albaiulia\/wp-content\/uploads\/2023\/02\/Foto19-640x286.jpg 640w, https:\/\/urbeamea.ro\/albaiulia\/wp-content\/uploads\/2023\/02\/Foto19-150x67.jpg 150w, https:\/\/urbeamea.ro\/albaiulia\/wp-content\/uploads\/2023\/02\/Foto19-768x344.jpg 768w\" sizes=\"auto, (max-width: 1231px) 100vw, 1231px\" \/><\/a><\/figure>\n\n\n\n<figure class=\"wp-block-image size-large\"><a href=\"https:\/\/urbeamea.ro\/albaiulia\/wp-content\/uploads\/2023\/02\/Foto8.jpg\"><img loading=\"lazy\" decoding=\"async\" width=\"986\" height=\"487\" data-id=\"106562\" src=\"https:\/\/urbeamea.ro\/albaiulia\/wp-content\/uploads\/2023\/02\/Foto8.jpg\" alt=\"\" class=\"wp-image-106562\" srcset=\"https:\/\/urbeamea.ro\/albaiulia\/wp-content\/uploads\/2023\/02\/Foto8.jpg 986w, https:\/\/urbeamea.ro\/albaiulia\/wp-content\/uploads\/2023\/02\/Foto8-640x316.jpg 640w, https:\/\/urbeamea.ro\/albaiulia\/wp-content\/uploads\/2023\/02\/Foto8-150x74.jpg 150w, https:\/\/urbeamea.ro\/albaiulia\/wp-content\/uploads\/2023\/02\/Foto8-768x379.jpg 768w\" sizes=\"auto, (max-width: 986px) 100vw, 986px\" \/><\/a><\/figure>\n\n\n\n<figure class=\"wp-block-image size-large\"><a href=\"https:\/\/urbeamea.ro\/albaiulia\/wp-content\/uploads\/2023\/02\/Foto3.jpg\"><img loading=\"lazy\" decoding=\"async\" width=\"1280\" height=\"568\" data-id=\"106566\" src=\"https:\/\/urbeamea.ro\/albaiulia\/wp-content\/uploads\/2023\/02\/Foto3-1280x568.jpg\" alt=\"\" class=\"wp-image-106566\" srcset=\"https:\/\/urbeamea.ro\/albaiulia\/wp-content\/uploads\/2023\/02\/Foto3-1280x568.jpg 1280w, https:\/\/urbeamea.ro\/albaiulia\/wp-content\/uploads\/2023\/02\/Foto3-640x284.jpg 640w, https:\/\/urbeamea.ro\/albaiulia\/wp-content\/uploads\/2023\/02\/Foto3-150x67.jpg 150w, https:\/\/urbeamea.ro\/albaiulia\/wp-content\/uploads\/2023\/02\/Foto3-768x341.jpg 768w, https:\/\/urbeamea.ro\/albaiulia\/wp-content\/uploads\/2023\/02\/Foto3.jpg 1405w\" sizes=\"auto, (max-width: 1280px) 100vw, 1280px\" \/><\/a><\/figure>\n\n\n\n<figure class=\"wp-block-image size-large\"><a href=\"https:\/\/urbeamea.ro\/albaiulia\/wp-content\/uploads\/2023\/02\/Foto1.jpg\"><img loading=\"lazy\" decoding=\"async\" width=\"1280\" height=\"559\" data-id=\"106564\" src=\"https:\/\/urbeamea.ro\/albaiulia\/wp-content\/uploads\/2023\/02\/Foto1-1280x559.jpg\" alt=\"\" class=\"wp-image-106564\" srcset=\"https:\/\/urbeamea.ro\/albaiulia\/wp-content\/uploads\/2023\/02\/Foto1-1280x559.jpg 1280w, https:\/\/urbeamea.ro\/albaiulia\/wp-content\/uploads\/2023\/02\/Foto1-640x279.jpg 640w, https:\/\/urbeamea.ro\/albaiulia\/wp-content\/uploads\/2023\/02\/Foto1-150x65.jpg 150w, https:\/\/urbeamea.ro\/albaiulia\/wp-content\/uploads\/2023\/02\/Foto1-768x335.jpg 768w, https:\/\/urbeamea.ro\/albaiulia\/wp-content\/uploads\/2023\/02\/Foto1.jpg 1439w\" sizes=\"auto, (max-width: 1280px) 100vw, 1280px\" \/><\/a><\/figure>\n<\/figure>\n","protected":false},"excerpt":{"rendered":"<p>Rolul fondurilor europene \u201dREGIO Centru 2021-2027\u201d \u00een dezvoltarea comunit\u0103\u021bilor Agen\u021bia pentru Dezvoltare Regional\u0103 Centru \u00eempreun\u0103 cu Asocia\u021bia ROREG (Asocia\u021bia Agen\u021biilor pentru Dezvoltare Regional\u0103 din Rom\u00e2nia) au organizat, \u00een perioada 22-24.02.2023, o suit\u0103 de ateliere regionale, axate pe discu\u021bii practice privind priorit\u0103\u021bile de finan\u021bare prev\u0103zute \u00een Programul \u201dRegiunea Centru\u201d 2021-2027, program coordonat de ADR Centru \u00een &hellip;<\/p>\n","protected":false},"author":16,"featured_media":106567,"comment_status":"open","ping_status":"open","sticky":false,"template":"","format":"standard","meta":{"inline_featured_image":false,"footnotes":""},"categories":[6663],"tags":[343,24771],"class_list":["post-106561","post","type-post","status-publish","format-standard","has-post-thumbnail","hentry","category-economic","tag-adr-centru","tag-regio-centru"],"yoast_head":"<!-- This site is optimized with the Yoast SEO plugin v27.4 - https:\/\/yoast.com\/product\/yoast-seo-wordpress\/ -->\n<title>Ateliere regionale pentru preg\u0103tirea de proiecte destinate spa\u021biilor urbane cu facilit\u0103\u021bi atr\u0103g\u0103toare pentru cet\u0103\u021beni - Revista Urbea Mea - Revista de Alba<\/title>\n<meta name=\"description\" content=\"Rolul fondurilor europene \u201dREGIO Centru 2021-2027\u201d \u00een dezvoltarea comunit\u0103\u021bilor Agen\u021bia pentru Dezvoltare Regional\u0103 Centru \u00eempreun\u0103 cu Asocia\u021bia ROREG\" \/>\n<meta name=\"robots\" content=\"index, follow, max-snippet:-1, max-image-preview:large, max-video-preview:-1\" \/>\n<link rel=\"canonical\" href=\"https:\/\/urbeamea.ro\/albaiulia\/ateliere-regionale-pentru-pregatirea-de-proiecte-destinate-spatiilor-urbane-cu-facilitati-atragatoare-pentru-cetateni\/\" \/>\n<meta name=\"twitter:card\" content=\"summary_large_image\" \/>\n<meta name=\"twitter:title\" content=\"&lt;strong&gt;Ateliere regionale pentru preg\u0103tirea de proiecte destinate spa\u021biilor urbane cu facilit\u0103\u021bi atr\u0103g\u0103toare pentru cet\u0103\u021beni&lt;\/strong&gt; - Revista Urbea Mea - Revista de Alba\" \/>\n<meta name=\"twitter:description\" content=\"Rolul fondurilor europene \u201dREGIO Centru 2021-2027\u201d \u00een dezvoltarea comunit\u0103\u021bilor Agen\u021bia pentru Dezvoltare Regional\u0103 Centru \u00eempreun\u0103 cu Asocia\u021bia ROREG\" \/>\n<meta name=\"twitter:image\" content=\"https:\/\/urbeamea.ro\/albaiulia\/wp-content\/uploads\/2023\/02\/Foto17.jpg\" \/>\n<meta name=\"twitter:creator\" content=\"@urbeameaweb\" \/>\n<meta name=\"twitter:site\" content=\"@urbeameaweb\" \/>\n<script type=\"application\/ld+json\" class=\"yoast-schema-graph\">{\"@context\":\"https:\\\/\\\/schema.org\",\"@graph\":[{\"@type\":\"Article\",\"@id\":\"https:\\\/\\\/urbeamea.ro\\\/albaiulia\\\/ateliere-regionale-pentru-pregatirea-de-proiecte-destinate-spatiilor-urbane-cu-facilitati-atragatoare-pentru-cetateni\\\/#article\",\"isPartOf\":{\"@id\":\"https:\\\/\\\/urbeamea.ro\\\/albaiulia\\\/ateliere-regionale-pentru-pregatirea-de-proiecte-destinate-spatiilor-urbane-cu-facilitati-atragatoare-pentru-cetateni\\\/\"},\"author\":{\"name\":\"Redac\u021bia UrbeaMea\",\"@id\":\"https:\\\/\\\/urbeamea.ro\\\/albaiulia\\\/#\\\/schema\\\/person\\\/272ae98052f8ee8980f59848df070247\"},\"headline\":\"Ateliere regionale pentru preg\u0103tirea de proiecte destinate spa\u021biilor urbane cu facilit\u0103\u021bi atr\u0103g\u0103toare pentru cet\u0103\u021beni\",\"datePublished\":\"2023-02-27T10:02:56+00:00\",\"dateModified\":\"2023-02-27T10:02:59+00:00\",\"mainEntityOfPage\":{\"@id\":\"https:\\\/\\\/urbeamea.ro\\\/albaiulia\\\/ateliere-regionale-pentru-pregatirea-de-proiecte-destinate-spatiilor-urbane-cu-facilitati-atragatoare-pentru-cetateni\\\/\"},\"wordCount\":1141,\"commentCount\":0,\"image\":{\"@id\":\"https:\\\/\\\/urbeamea.ro\\\/albaiulia\\\/ateliere-regionale-pentru-pregatirea-de-proiecte-destinate-spatiilor-urbane-cu-facilitati-atragatoare-pentru-cetateni\\\/#primaryimage\"},\"thumbnailUrl\":\"https:\\\/\\\/urbeamea.ro\\\/albaiulia\\\/wp-content\\\/uploads\\\/2023\\\/02\\\/Foto17.jpg\",\"keywords\":[\"ADR Centru\",\"regio centru\"],\"articleSection\":[\"Economic\"],\"inLanguage\":\"ro-RO\",\"potentialAction\":[{\"@type\":\"CommentAction\",\"name\":\"Comment\",\"target\":[\"https:\\\/\\\/urbeamea.ro\\\/albaiulia\\\/ateliere-regionale-pentru-pregatirea-de-proiecte-destinate-spatiilor-urbane-cu-facilitati-atragatoare-pentru-cetateni\\\/#respond\"]}]},{\"@type\":\"WebPage\",\"@id\":\"https:\\\/\\\/urbeamea.ro\\\/albaiulia\\\/ateliere-regionale-pentru-pregatirea-de-proiecte-destinate-spatiilor-urbane-cu-facilitati-atragatoare-pentru-cetateni\\\/\",\"url\":\"https:\\\/\\\/urbeamea.ro\\\/albaiulia\\\/ateliere-regionale-pentru-pregatirea-de-proiecte-destinate-spatiilor-urbane-cu-facilitati-atragatoare-pentru-cetateni\\\/\",\"name\":\"Ateliere regionale pentru preg\u0103tirea de proiecte destinate spa\u021biilor urbane cu facilit\u0103\u021bi atr\u0103g\u0103toare pentru cet\u0103\u021beni - Revista Urbea Mea - Revista de Alba\",\"isPartOf\":{\"@id\":\"https:\\\/\\\/urbeamea.ro\\\/albaiulia\\\/#website\"},\"primaryImageOfPage\":{\"@id\":\"https:\\\/\\\/urbeamea.ro\\\/albaiulia\\\/ateliere-regionale-pentru-pregatirea-de-proiecte-destinate-spatiilor-urbane-cu-facilitati-atragatoare-pentru-cetateni\\\/#primaryimage\"},\"image\":{\"@id\":\"https:\\\/\\\/urbeamea.ro\\\/albaiulia\\\/ateliere-regionale-pentru-pregatirea-de-proiecte-destinate-spatiilor-urbane-cu-facilitati-atragatoare-pentru-cetateni\\\/#primaryimage\"},\"thumbnailUrl\":\"https:\\\/\\\/urbeamea.ro\\\/albaiulia\\\/wp-content\\\/uploads\\\/2023\\\/02\\\/Foto17.jpg\",\"datePublished\":\"2023-02-27T10:02:56+00:00\",\"dateModified\":\"2023-02-27T10:02:59+00:00\",\"author\":{\"@id\":\"https:\\\/\\\/urbeamea.ro\\\/albaiulia\\\/#\\\/schema\\\/person\\\/272ae98052f8ee8980f59848df070247\"},\"description\":\"Rolul fondurilor europene \u201dREGIO Centru 2021-2027\u201d \u00een dezvoltarea comunit\u0103\u021bilor Agen\u021bia pentru Dezvoltare Regional\u0103 Centru \u00eempreun\u0103 cu Asocia\u021bia ROREG\",\"breadcrumb\":{\"@id\":\"https:\\\/\\\/urbeamea.ro\\\/albaiulia\\\/ateliere-regionale-pentru-pregatirea-de-proiecte-destinate-spatiilor-urbane-cu-facilitati-atragatoare-pentru-cetateni\\\/#breadcrumb\"},\"inLanguage\":\"ro-RO\",\"potentialAction\":[{\"@type\":\"ReadAction\",\"target\":[\"https:\\\/\\\/urbeamea.ro\\\/albaiulia\\\/ateliere-regionale-pentru-pregatirea-de-proiecte-destinate-spatiilor-urbane-cu-facilitati-atragatoare-pentru-cetateni\\\/\"]}]},{\"@type\":\"ImageObject\",\"inLanguage\":\"ro-RO\",\"@id\":\"https:\\\/\\\/urbeamea.ro\\\/albaiulia\\\/ateliere-regionale-pentru-pregatirea-de-proiecte-destinate-spatiilor-urbane-cu-facilitati-atragatoare-pentru-cetateni\\\/#primaryimage\",\"url\":\"https:\\\/\\\/urbeamea.ro\\\/albaiulia\\\/wp-content\\\/uploads\\\/2023\\\/02\\\/Foto17.jpg\",\"contentUrl\":\"https:\\\/\\\/urbeamea.ro\\\/albaiulia\\\/wp-content\\\/uploads\\\/2023\\\/02\\\/Foto17.jpg\",\"width\":1379,\"height\":647},{\"@type\":\"BreadcrumbList\",\"@id\":\"https:\\\/\\\/urbeamea.ro\\\/albaiulia\\\/ateliere-regionale-pentru-pregatirea-de-proiecte-destinate-spatiilor-urbane-cu-facilitati-atragatoare-pentru-cetateni\\\/#breadcrumb\",\"itemListElement\":[{\"@type\":\"ListItem\",\"position\":1,\"name\":\"Prima pagin\u0103\",\"item\":\"https:\\\/\\\/urbeamea.ro\\\/albaiulia\\\/\"},{\"@type\":\"ListItem\",\"position\":2,\"name\":\"Ateliere regionale pentru preg\u0103tirea de proiecte destinate spa\u021biilor urbane cu facilit\u0103\u021bi atr\u0103g\u0103toare pentru cet\u0103\u021beni\"}]},{\"@type\":\"WebSite\",\"@id\":\"https:\\\/\\\/urbeamea.ro\\\/albaiulia\\\/#website\",\"url\":\"https:\\\/\\\/urbeamea.ro\\\/albaiulia\\\/\",\"name\":\"Revista Urbea Mea, Stiri urbane\",\"description\":\"Evenimente \u0219i \u0219tiri din Alba Iulia, Sebe\u0219, Aiud, Blaj\",\"potentialAction\":[{\"@type\":\"SearchAction\",\"target\":{\"@type\":\"EntryPoint\",\"urlTemplate\":\"https:\\\/\\\/urbeamea.ro\\\/albaiulia\\\/?s={search_term_string}\"},\"query-input\":{\"@type\":\"PropertyValueSpecification\",\"valueRequired\":true,\"valueName\":\"search_term_string\"}}],\"inLanguage\":\"ro-RO\"},{\"@type\":\"Person\",\"@id\":\"https:\\\/\\\/urbeamea.ro\\\/albaiulia\\\/#\\\/schema\\\/person\\\/272ae98052f8ee8980f59848df070247\",\"name\":\"Redac\u021bia UrbeaMea\",\"image\":{\"@type\":\"ImageObject\",\"inLanguage\":\"ro-RO\",\"@id\":\"https:\\\/\\\/secure.gravatar.com\\\/avatar\\\/9ce5a9435071fa1037e8468053ead8e513dbbff59009d3069aadb85506d85a27?s=96&d=mm&r=g\",\"url\":\"https:\\\/\\\/secure.gravatar.com\\\/avatar\\\/9ce5a9435071fa1037e8468053ead8e513dbbff59009d3069aadb85506d85a27?s=96&d=mm&r=g\",\"contentUrl\":\"https:\\\/\\\/secure.gravatar.com\\\/avatar\\\/9ce5a9435071fa1037e8468053ead8e513dbbff59009d3069aadb85506d85a27?s=96&d=mm&r=g\",\"caption\":\"Redac\u021bia UrbeaMea\"},\"description\":\"contact@urbeamea.ro\",\"sameAs\":[\"https:\\\/\\\/www.urbeamea.ro\"],\"url\":\"https:\\\/\\\/urbeamea.ro\\\/albaiulia\\\/author\\\/redactia-urbeamea\\\/\"}]}<\/script>\n<!-- \/ Yoast SEO plugin. -->","yoast_head_json":{"title":"Ateliere regionale pentru preg\u0103tirea de proiecte destinate spa\u021biilor urbane cu facilit\u0103\u021bi atr\u0103g\u0103toare pentru cet\u0103\u021beni - Revista Urbea Mea - Revista de Alba","description":"Rolul fondurilor europene \u201dREGIO Centru 2021-2027\u201d \u00een dezvoltarea comunit\u0103\u021bilor Agen\u021bia pentru Dezvoltare Regional\u0103 Centru \u00eempreun\u0103 cu Asocia\u021bia ROREG","robots":{"index":"index","follow":"follow","max-snippet":"max-snippet:-1","max-image-preview":"max-image-preview:large","max-video-preview":"max-video-preview:-1"},"canonical":"https:\/\/urbeamea.ro\/albaiulia\/ateliere-regionale-pentru-pregatirea-de-proiecte-destinate-spatiilor-urbane-cu-facilitati-atragatoare-pentru-cetateni\/","twitter_card":"summary_large_image","twitter_title":"<strong>Ateliere regionale pentru preg\u0103tirea de proiecte destinate spa\u021biilor urbane cu facilit\u0103\u021bi atr\u0103g\u0103toare pentru cet\u0103\u021beni<\/strong> - Revista Urbea Mea - Revista de Alba","twitter_description":"Rolul fondurilor europene \u201dREGIO Centru 2021-2027\u201d \u00een dezvoltarea comunit\u0103\u021bilor Agen\u021bia pentru Dezvoltare Regional\u0103 Centru \u00eempreun\u0103 cu Asocia\u021bia ROREG","twitter_image":"https:\/\/urbeamea.ro\/albaiulia\/wp-content\/uploads\/2023\/02\/Foto17.jpg","twitter_creator":"@urbeameaweb","twitter_site":"@urbeameaweb","schema":{"@context":"https:\/\/schema.org","@graph":[{"@type":"Article","@id":"https:\/\/urbeamea.ro\/albaiulia\/ateliere-regionale-pentru-pregatirea-de-proiecte-destinate-spatiilor-urbane-cu-facilitati-atragatoare-pentru-cetateni\/#article","isPartOf":{"@id":"https:\/\/urbeamea.ro\/albaiulia\/ateliere-regionale-pentru-pregatirea-de-proiecte-destinate-spatiilor-urbane-cu-facilitati-atragatoare-pentru-cetateni\/"},"author":{"name":"Redac\u021bia UrbeaMea","@id":"https:\/\/urbeamea.ro\/albaiulia\/#\/schema\/person\/272ae98052f8ee8980f59848df070247"},"headline":"Ateliere regionale pentru preg\u0103tirea de proiecte destinate spa\u021biilor urbane cu facilit\u0103\u021bi atr\u0103g\u0103toare pentru cet\u0103\u021beni","datePublished":"2023-02-27T10:02:56+00:00","dateModified":"2023-02-27T10:02:59+00:00","mainEntityOfPage":{"@id":"https:\/\/urbeamea.ro\/albaiulia\/ateliere-regionale-pentru-pregatirea-de-proiecte-destinate-spatiilor-urbane-cu-facilitati-atragatoare-pentru-cetateni\/"},"wordCount":1141,"commentCount":0,"image":{"@id":"https:\/\/urbeamea.ro\/albaiulia\/ateliere-regionale-pentru-pregatirea-de-proiecte-destinate-spatiilor-urbane-cu-facilitati-atragatoare-pentru-cetateni\/#primaryimage"},"thumbnailUrl":"https:\/\/urbeamea.ro\/albaiulia\/wp-content\/uploads\/2023\/02\/Foto17.jpg","keywords":["ADR Centru","regio centru"],"articleSection":["Economic"],"inLanguage":"ro-RO","potentialAction":[{"@type":"CommentAction","name":"Comment","target":["https:\/\/urbeamea.ro\/albaiulia\/ateliere-regionale-pentru-pregatirea-de-proiecte-destinate-spatiilor-urbane-cu-facilitati-atragatoare-pentru-cetateni\/#respond"]}]},{"@type":"WebPage","@id":"https:\/\/urbeamea.ro\/albaiulia\/ateliere-regionale-pentru-pregatirea-de-proiecte-destinate-spatiilor-urbane-cu-facilitati-atragatoare-pentru-cetateni\/","url":"https:\/\/urbeamea.ro\/albaiulia\/ateliere-regionale-pentru-pregatirea-de-proiecte-destinate-spatiilor-urbane-cu-facilitati-atragatoare-pentru-cetateni\/","name":"Ateliere regionale pentru preg\u0103tirea de proiecte destinate spa\u021biilor urbane cu facilit\u0103\u021bi atr\u0103g\u0103toare pentru cet\u0103\u021beni - Revista Urbea Mea - Revista de Alba","isPartOf":{"@id":"https:\/\/urbeamea.ro\/albaiulia\/#website"},"primaryImageOfPage":{"@id":"https:\/\/urbeamea.ro\/albaiulia\/ateliere-regionale-pentru-pregatirea-de-proiecte-destinate-spatiilor-urbane-cu-facilitati-atragatoare-pentru-cetateni\/#primaryimage"},"image":{"@id":"https:\/\/urbeamea.ro\/albaiulia\/ateliere-regionale-pentru-pregatirea-de-proiecte-destinate-spatiilor-urbane-cu-facilitati-atragatoare-pentru-cetateni\/#primaryimage"},"thumbnailUrl":"https:\/\/urbeamea.ro\/albaiulia\/wp-content\/uploads\/2023\/02\/Foto17.jpg","datePublished":"2023-02-27T10:02:56+00:00","dateModified":"2023-02-27T10:02:59+00:00","author":{"@id":"https:\/\/urbeamea.ro\/albaiulia\/#\/schema\/person\/272ae98052f8ee8980f59848df070247"},"description":"Rolul fondurilor europene \u201dREGIO Centru 2021-2027\u201d \u00een dezvoltarea comunit\u0103\u021bilor Agen\u021bia pentru Dezvoltare Regional\u0103 Centru \u00eempreun\u0103 cu Asocia\u021bia ROREG","breadcrumb":{"@id":"https:\/\/urbeamea.ro\/albaiulia\/ateliere-regionale-pentru-pregatirea-de-proiecte-destinate-spatiilor-urbane-cu-facilitati-atragatoare-pentru-cetateni\/#breadcrumb"},"inLanguage":"ro-RO","potentialAction":[{"@type":"ReadAction","target":["https:\/\/urbeamea.ro\/albaiulia\/ateliere-regionale-pentru-pregatirea-de-proiecte-destinate-spatiilor-urbane-cu-facilitati-atragatoare-pentru-cetateni\/"]}]},{"@type":"ImageObject","inLanguage":"ro-RO","@id":"https:\/\/urbeamea.ro\/albaiulia\/ateliere-regionale-pentru-pregatirea-de-proiecte-destinate-spatiilor-urbane-cu-facilitati-atragatoare-pentru-cetateni\/#primaryimage","url":"https:\/\/urbeamea.ro\/albaiulia\/wp-content\/uploads\/2023\/02\/Foto17.jpg","contentUrl":"https:\/\/urbeamea.ro\/albaiulia\/wp-content\/uploads\/2023\/02\/Foto17.jpg","width":1379,"height":647},{"@type":"BreadcrumbList","@id":"https:\/\/urbeamea.ro\/albaiulia\/ateliere-regionale-pentru-pregatirea-de-proiecte-destinate-spatiilor-urbane-cu-facilitati-atragatoare-pentru-cetateni\/#breadcrumb","itemListElement":[{"@type":"ListItem","position":1,"name":"Prima pagin\u0103","item":"https:\/\/urbeamea.ro\/albaiulia\/"},{"@type":"ListItem","position":2,"name":"Ateliere regionale pentru preg\u0103tirea de proiecte destinate spa\u021biilor urbane cu facilit\u0103\u021bi atr\u0103g\u0103toare pentru cet\u0103\u021beni"}]},{"@type":"WebSite","@id":"https:\/\/urbeamea.ro\/albaiulia\/#website","url":"https:\/\/urbeamea.ro\/albaiulia\/","name":"Revista Urbea Mea, Stiri urbane","description":"Evenimente \u0219i \u0219tiri din Alba Iulia, Sebe\u0219, Aiud, Blaj","potentialAction":[{"@type":"SearchAction","target":{"@type":"EntryPoint","urlTemplate":"https:\/\/urbeamea.ro\/albaiulia\/?s={search_term_string}"},"query-input":{"@type":"PropertyValueSpecification","valueRequired":true,"valueName":"search_term_string"}}],"inLanguage":"ro-RO"},{"@type":"Person","@id":"https:\/\/urbeamea.ro\/albaiulia\/#\/schema\/person\/272ae98052f8ee8980f59848df070247","name":"Redac\u021bia UrbeaMea","image":{"@type":"ImageObject","inLanguage":"ro-RO","@id":"https:\/\/secure.gravatar.com\/avatar\/9ce5a9435071fa1037e8468053ead8e513dbbff59009d3069aadb85506d85a27?s=96&d=mm&r=g","url":"https:\/\/secure.gravatar.com\/avatar\/9ce5a9435071fa1037e8468053ead8e513dbbff59009d3069aadb85506d85a27?s=96&d=mm&r=g","contentUrl":"https:\/\/secure.gravatar.com\/avatar\/9ce5a9435071fa1037e8468053ead8e513dbbff59009d3069aadb85506d85a27?s=96&d=mm&r=g","caption":"Redac\u021bia UrbeaMea"},"description":"contact@urbeamea.ro","sameAs":["https:\/\/www.urbeamea.ro"],"url":"https:\/\/urbeamea.ro\/albaiulia\/author\/redactia-urbeamea\/"}]}},"_links":{"self":[{"href":"https:\/\/urbeamea.ro\/albaiulia\/wp-json\/wp\/v2\/posts\/106561","targetHints":{"allow":["GET"]}}],"collection":[{"href":"https:\/\/urbeamea.ro\/albaiulia\/wp-json\/wp\/v2\/posts"}],"about":[{"href":"https:\/\/urbeamea.ro\/albaiulia\/wp-json\/wp\/v2\/types\/post"}],"author":[{"embeddable":true,"href":"https:\/\/urbeamea.ro\/albaiulia\/wp-json\/wp\/v2\/users\/16"}],"replies":[{"embeddable":true,"href":"https:\/\/urbeamea.ro\/albaiulia\/wp-json\/wp\/v2\/comments?post=106561"}],"version-history":[{"count":1,"href":"https:\/\/urbeamea.ro\/albaiulia\/wp-json\/wp\/v2\/posts\/106561\/revisions"}],"predecessor-version":[{"id":106568,"href":"https:\/\/urbeamea.ro\/albaiulia\/wp-json\/wp\/v2\/posts\/106561\/revisions\/106568"}],"wp:featuredmedia":[{"embeddable":true,"href":"https:\/\/urbeamea.ro\/albaiulia\/wp-json\/wp\/v2\/media\/106567"}],"wp:attachment":[{"href":"https:\/\/urbeamea.ro\/albaiulia\/wp-json\/wp\/v2\/media?parent=106561"}],"wp:term":[{"taxonomy":"category","embeddable":true,"href":"https:\/\/urbeamea.ro\/albaiulia\/wp-json\/wp\/v2\/categories?post=106561"},{"taxonomy":"post_tag","embeddable":true,"href":"https:\/\/urbeamea.ro\/albaiulia\/wp-json\/wp\/v2\/tags?post=106561"}],"curies":[{"name":"wp","href":"https:\/\/api.w.org\/{rel}","templated":true}]}}