{"id":106577,"date":"2023-02-27T19:28:46","date_gmt":"2023-02-27T17:28:46","guid":{"rendered":"https:\/\/urbeamea.ro\/albaiulia\/?p=106577"},"modified":"2023-02-27T19:28:54","modified_gmt":"2023-02-27T17:28:54","slug":"300-de-elevi-din-centrele-educatie-spre-vocatie-au-primit-pachete-cu-rechizite-scolare","status":"publish","type":"post","link":"https:\/\/urbeamea.ro\/albaiulia\/300-de-elevi-din-centrele-educatie-spre-vocatie-au-primit-pachete-cu-rechizite-scolare\/","title":{"rendered":"<strong>300 DE ELEVI DIN CENTRELE \u201eEDUCA\u021aIE SPRE VOCA\u021aIE!\u201d AU PRIMIT PACHETE CU RECHIZITE \u0218COLARE<\/strong>"},"content":{"rendered":"\n<p>Copiii din centrele \u201eEduca\u021bie spre Voca\u021bie!\u201d, au primit \u0219i \u00een acest an rechizite \u00a0\u00eenso\u021bite de kit-uri \u0219colare. Acestea au fost distribuite, \u00een perioada 13-17 februarie a.c. unit\u0103\u021bilor de \u00eenv\u0103\u021b\u0103m\u00e2nt \u00eenscrise \u00een proiect pentru a fi \u00eenm\u00e2nate elevilor.<\/p>\n\n\n\n<p>Materialele didactice primite de cei mici sunt elementare \u00een desf\u0103\u0219urarea activit\u0103\u021bilor remediale, formativ-educative, respectiv recreative, pe care elevii le desf\u0103\u0219oar\u0103 zilnic \u00een cadrul programului \u201eafter school\u201d la care sunt \u00eenscri\u0219i. S-a urm\u0103rit sprijinirea categoriilor defavorizate de copiii, motivarea copiilor de a continua \u0219coala, respectiv \u00eembun\u0103t\u0103\u021birea condi\u021biilor de \u00eenv\u0103\u021bare ale elevilor din proiect.<\/p>\n\n\n\n<blockquote class=\"wp-block-quote is-layout-flow wp-block-quote-is-layout-flow\">\n<p>Avem at\u00e2t de mul\u021bi elevi care vin la \u0219coal\u0103 f\u0103r\u0103 resursele de care au nevoie. Niciun copil nu ar trebui s\u0103 mearg\u0103 la \u0219coal\u0103 f\u0103r\u0103 resursele de care are nevoie pentru a reu\u0219i la \u0219coal\u0103.<\/p>\n<cite>Cristina Con\u021bi\u0219 cadru didactic la Liceul cu Program Sportiv \u201eFlorin Fle\u0219er\u201d Sebe\u0219<\/cite><\/blockquote>\n\n\n\n<p>Aceast\u0103 ini\u021biativ\u0103 a \u00a0urm\u0103rit s\u0103 fac\u0103 o mare diferen\u021b\u0103 \u00een procesul lor de \u00eenv\u0103\u021bare \u0219i de a avea o continuitate \u00een procesul educa\u021bional. \u201eVrem ca fiecare elev s\u0103 aib\u0103 instrumentele de care are nevoie pentru a reu\u0219i&#8221;, ne-a transmis Estera D\u00eerlea, asistent manager \u00een cadrul proiectului.<\/p>\n\n\n\n<p>Beneficiarii acestui proiect sunt elevi \u00een urm\u0103toarele unit\u0103\u021bi de \u00eenv\u0103\u021b\u0103m\u00e2nt: \u0218coala Gimnazial\u0103 \u201eIoan de Hunedoara\u201d S\u00e2ntimbru; \u0218coala Gimnazial\u0103 \u201eMihai Eminescu\u201d \u0218ard, Ighiu \u0219i \u021aelna; \u0218coala Gimnazial\u0103 \u201eDemetriu Radu\u201d R\u0103de\u0219ti; \u0218coala Gimnazial\u0103 Berghin; \u0218coala cu clasele I-VIII Mirasl\u0103u, \u0218coala Gimnazial\u0103 \u201eSingidava\u201d Cugir; \u0218coala Gimnazial\u0103 \u201eAxente Sever\u201d Aiud, Liceul cu Program Sportiv \u201eFlorin Fle\u0219eriu\u201d Sebe\u0219.<\/p>\n\n\n\n<figure class=\"wp-block-gallery has-nested-images columns-default is-cropped wp-block-gallery-1 is-layout-flex wp-block-gallery-is-layout-flex\">\n<figure class=\"wp-block-image size-large\"><a href=\"https:\/\/urbeamea.ro\/albaiulia\/wp-content\/uploads\/2023\/02\/2-1.jpeg\"><img loading=\"lazy\" decoding=\"async\" width=\"1280\" height=\"810\" data-id=\"106580\" src=\"https:\/\/urbeamea.ro\/albaiulia\/wp-content\/uploads\/2023\/02\/2-1-1280x810.jpeg\" alt=\"\" class=\"wp-image-106580\" srcset=\"https:\/\/urbeamea.ro\/albaiulia\/wp-content\/uploads\/2023\/02\/2-1-1280x810.jpeg 1280w, https:\/\/urbeamea.ro\/albaiulia\/wp-content\/uploads\/2023\/02\/2-1-640x405.jpeg 640w, https:\/\/urbeamea.ro\/albaiulia\/wp-content\/uploads\/2023\/02\/2-1-150x95.jpeg 150w, https:\/\/urbeamea.ro\/albaiulia\/wp-content\/uploads\/2023\/02\/2-1-768x486.jpeg 768w, https:\/\/urbeamea.ro\/albaiulia\/wp-content\/uploads\/2023\/02\/2-1-1536x972.jpeg 1536w, https:\/\/urbeamea.ro\/albaiulia\/wp-content\/uploads\/2023\/02\/2-1.jpeg 1600w\" sizes=\"auto, (max-width: 1280px) 100vw, 1280px\" \/><\/a><\/figure>\n\n\n\n<figure class=\"wp-block-image size-large\"><a href=\"https:\/\/urbeamea.ro\/albaiulia\/wp-content\/uploads\/2023\/02\/5.jpeg\"><img loading=\"lazy\" decoding=\"async\" width=\"1280\" height=\"960\" data-id=\"106581\" src=\"https:\/\/urbeamea.ro\/albaiulia\/wp-content\/uploads\/2023\/02\/5-1280x960.jpeg\" alt=\"\" class=\"wp-image-106581\" srcset=\"https:\/\/urbeamea.ro\/albaiulia\/wp-content\/uploads\/2023\/02\/5-1280x960.jpeg 1280w, https:\/\/urbeamea.ro\/albaiulia\/wp-content\/uploads\/2023\/02\/5-640x480.jpeg 640w, https:\/\/urbeamea.ro\/albaiulia\/wp-content\/uploads\/2023\/02\/5-150x113.jpeg 150w, https:\/\/urbeamea.ro\/albaiulia\/wp-content\/uploads\/2023\/02\/5-768x576.jpeg 768w, https:\/\/urbeamea.ro\/albaiulia\/wp-content\/uploads\/2023\/02\/5-1536x1152.jpeg 1536w, https:\/\/urbeamea.ro\/albaiulia\/wp-content\/uploads\/2023\/02\/5.jpeg 2048w\" sizes=\"auto, (max-width: 1280px) 100vw, 1280px\" \/><\/a><\/figure>\n\n\n\n<figure class=\"wp-block-image size-large\"><a href=\"https:\/\/urbeamea.ro\/albaiulia\/wp-content\/uploads\/2023\/02\/3-1.jpeg\"><img loading=\"lazy\" decoding=\"async\" width=\"960\" height=\"1280\" data-id=\"106579\" src=\"https:\/\/urbeamea.ro\/albaiulia\/wp-content\/uploads\/2023\/02\/3-1-960x1280.jpeg\" alt=\"\" class=\"wp-image-106579\" srcset=\"https:\/\/urbeamea.ro\/albaiulia\/wp-content\/uploads\/2023\/02\/3-1-960x1280.jpeg 960w, https:\/\/urbeamea.ro\/albaiulia\/wp-content\/uploads\/2023\/02\/3-1-480x640.jpeg 480w, https:\/\/urbeamea.ro\/albaiulia\/wp-content\/uploads\/2023\/02\/3-1-113x150.jpeg 113w, https:\/\/urbeamea.ro\/albaiulia\/wp-content\/uploads\/2023\/02\/3-1-768x1024.jpeg 768w, https:\/\/urbeamea.ro\/albaiulia\/wp-content\/uploads\/2023\/02\/3-1-1152x1536.jpeg 1152w, https:\/\/urbeamea.ro\/albaiulia\/wp-content\/uploads\/2023\/02\/3-1.jpeg 1536w\" sizes=\"auto, (max-width: 960px) 100vw, 960px\" \/><\/a><\/figure>\n\n\n\n<figure class=\"wp-block-image size-large\"><a href=\"https:\/\/urbeamea.ro\/albaiulia\/wp-content\/uploads\/2023\/02\/4.jpeg\"><img loading=\"lazy\" decoding=\"async\" width=\"960\" height=\"1280\" data-id=\"106578\" src=\"https:\/\/urbeamea.ro\/albaiulia\/wp-content\/uploads\/2023\/02\/4-960x1280.jpeg\" alt=\"\" class=\"wp-image-106578\" srcset=\"https:\/\/urbeamea.ro\/albaiulia\/wp-content\/uploads\/2023\/02\/4-960x1280.jpeg 960w, https:\/\/urbeamea.ro\/albaiulia\/wp-content\/uploads\/2023\/02\/4-480x640.jpeg 480w, https:\/\/urbeamea.ro\/albaiulia\/wp-content\/uploads\/2023\/02\/4-113x150.jpeg 113w, https:\/\/urbeamea.ro\/albaiulia\/wp-content\/uploads\/2023\/02\/4-768x1024.jpeg 768w, https:\/\/urbeamea.ro\/albaiulia\/wp-content\/uploads\/2023\/02\/4-1152x1536.jpeg 1152w, https:\/\/urbeamea.ro\/albaiulia\/wp-content\/uploads\/2023\/02\/4.jpeg 1536w\" sizes=\"auto, (max-width: 960px) 100vw, 960px\" \/><\/a><\/figure>\n<\/figure>\n\n\n\n<p>Persoan\u0103 de contact:<\/p>\n\n\n\n<p>Manager de proiect<\/p>\n\n\n\n<p>Tru\u021ba Daniela<\/p>\n\n\n\n<p>e-mail: <a href=\"mailto:filantropia_ortodoxa@yahoo.com\" target=\"_blank\" rel=\"noreferrer noopener\">filantropia_ortodoxa@yahoo.com<\/a><\/p>\n\n\n\n<p>website pages: <a href=\"http:\/\/www.filantropiaortodoxa.ro\" target=\"_blank\" rel=\"noreferrer noopener\">www.filantropiaortodoxa.ro<\/a>, <a href=\"http:\/\/www.eeagrants.ro\" target=\"_blank\" rel=\"noreferrer noopener\">www.eeagrants.ro<\/a>, <a href=\"http:\/\/www.frds.ro\" target=\"_blank\" rel=\"noreferrer noopener\">www.frds.ro<\/a><\/p>\n","protected":false},"excerpt":{"rendered":"<p>Copiii din centrele \u201eEduca\u021bie spre Voca\u021bie!\u201d, au primit \u0219i \u00een acest an rechizite \u00a0\u00eenso\u021bite de kit-uri \u0219colare. Acestea au fost distribuite, \u00een perioada 13-17 februarie a.c. unit\u0103\u021bilor de \u00eenv\u0103\u021b\u0103m\u00e2nt \u00eenscrise \u00een proiect pentru a fi \u00eenm\u00e2nate elevilor. Materialele didactice primite de cei mici sunt elementare \u00een desf\u0103\u0219urarea activit\u0103\u021bilor remediale, formativ-educative, respectiv recreative, pe care elevii &hellip;<\/p>\n","protected":false},"author":16,"featured_media":106582,"comment_status":"open","ping_status":"open","sticky":false,"template":"","format":"standard","meta":{"inline_featured_image":false,"footnotes":""},"categories":[2034],"tags":[],"class_list":["post-106577","post","type-post","status-publish","format-standard","has-post-thumbnail","hentry","category-social"],"yoast_head":"<!-- This site is optimized with the Yoast SEO plugin v27.4 - https:\/\/yoast.com\/product\/yoast-seo-wordpress\/ -->\n<title>300 DE ELEVI DIN CENTRELE \u201eEDUCA\u021aIE SPRE VOCA\u021aIE!\u201d AU PRIMIT PACHETE CU RECHIZITE \u0218COLARE - Revista Urbea Mea - Revista de Alba<\/title>\n<meta name=\"description\" content=\"Copiii din centrele \u201eEduca\u021bie spre Voca\u021bie!\u201d, au primit \u0219i \u00een acest an rechizite \u00a0\u00eenso\u021bite de kit-uri \u0219colare. Acestea au fost distribuite, \u00een perioada\" \/>\n<meta name=\"robots\" content=\"index, follow, max-snippet:-1, max-image-preview:large, max-video-preview:-1\" \/>\n<link rel=\"canonical\" href=\"https:\/\/urbeamea.ro\/albaiulia\/300-de-elevi-din-centrele-educatie-spre-vocatie-au-primit-pachete-cu-rechizite-scolare\/\" \/>\n<meta name=\"twitter:card\" content=\"summary_large_image\" \/>\n<meta name=\"twitter:title\" content=\"&lt;strong&gt;300 DE ELEVI DIN CENTRELE \u201eEDUCA\u021aIE SPRE VOCA\u021aIE!\u201d AU PRIMIT PACHETE CU RECHIZITE \u0218COLARE&lt;\/strong&gt; - Revista Urbea Mea - Revista de Alba\" \/>\n<meta name=\"twitter:description\" content=\"Copiii din centrele \u201eEduca\u021bie spre Voca\u021bie!\u201d, au primit \u0219i \u00een acest an rechizite \u00a0\u00eenso\u021bite de kit-uri \u0219colare. Acestea au fost distribuite, \u00een perioada\" \/>\n<meta name=\"twitter:image\" content=\"https:\/\/urbeamea.ro\/albaiulia\/wp-content\/uploads\/2023\/02\/1-1.jpeg\" \/>\n<meta name=\"twitter:creator\" content=\"@urbeameaweb\" \/>\n<meta name=\"twitter:site\" content=\"@urbeameaweb\" \/>\n<script type=\"application\/ld+json\" class=\"yoast-schema-graph\">{\"@context\":\"https:\\\/\\\/schema.org\",\"@graph\":[{\"@type\":\"Article\",\"@id\":\"https:\\\/\\\/urbeamea.ro\\\/albaiulia\\\/300-de-elevi-din-centrele-educatie-spre-vocatie-au-primit-pachete-cu-rechizite-scolare\\\/#article\",\"isPartOf\":{\"@id\":\"https:\\\/\\\/urbeamea.ro\\\/albaiulia\\\/300-de-elevi-din-centrele-educatie-spre-vocatie-au-primit-pachete-cu-rechizite-scolare\\\/\"},\"author\":{\"name\":\"Redac\u021bia UrbeaMea\",\"@id\":\"https:\\\/\\\/urbeamea.ro\\\/albaiulia\\\/#\\\/schema\\\/person\\\/272ae98052f8ee8980f59848df070247\"},\"headline\":\"300 DE ELEVI DIN CENTRELE \u201eEDUCA\u021aIE SPRE VOCA\u021aIE!\u201d AU PRIMIT PACHETE CU RECHIZITE \u0218COLARE\",\"datePublished\":\"2023-02-27T17:28:46+00:00\",\"dateModified\":\"2023-02-27T17:28:54+00:00\",\"mainEntityOfPage\":{\"@id\":\"https:\\\/\\\/urbeamea.ro\\\/albaiulia\\\/300-de-elevi-din-centrele-educatie-spre-vocatie-au-primit-pachete-cu-rechizite-scolare\\\/\"},\"wordCount\":314,\"commentCount\":0,\"image\":{\"@id\":\"https:\\\/\\\/urbeamea.ro\\\/albaiulia\\\/300-de-elevi-din-centrele-educatie-spre-vocatie-au-primit-pachete-cu-rechizite-scolare\\\/#primaryimage\"},\"thumbnailUrl\":\"https:\\\/\\\/urbeamea.ro\\\/albaiulia\\\/wp-content\\\/uploads\\\/2023\\\/02\\\/1-1.jpeg\",\"articleSection\":[\"Social\"],\"inLanguage\":\"ro-RO\",\"potentialAction\":[{\"@type\":\"CommentAction\",\"name\":\"Comment\",\"target\":[\"https:\\\/\\\/urbeamea.ro\\\/albaiulia\\\/300-de-elevi-din-centrele-educatie-spre-vocatie-au-primit-pachete-cu-rechizite-scolare\\\/#respond\"]}]},{\"@type\":\"WebPage\",\"@id\":\"https:\\\/\\\/urbeamea.ro\\\/albaiulia\\\/300-de-elevi-din-centrele-educatie-spre-vocatie-au-primit-pachete-cu-rechizite-scolare\\\/\",\"url\":\"https:\\\/\\\/urbeamea.ro\\\/albaiulia\\\/300-de-elevi-din-centrele-educatie-spre-vocatie-au-primit-pachete-cu-rechizite-scolare\\\/\",\"name\":\"300 DE ELEVI DIN CENTRELE \u201eEDUCA\u021aIE SPRE VOCA\u021aIE!\u201d AU PRIMIT PACHETE CU RECHIZITE \u0218COLARE - Revista Urbea Mea - Revista de Alba\",\"isPartOf\":{\"@id\":\"https:\\\/\\\/urbeamea.ro\\\/albaiulia\\\/#website\"},\"primaryImageOfPage\":{\"@id\":\"https:\\\/\\\/urbeamea.ro\\\/albaiulia\\\/300-de-elevi-din-centrele-educatie-spre-vocatie-au-primit-pachete-cu-rechizite-scolare\\\/#primaryimage\"},\"image\":{\"@id\":\"https:\\\/\\\/urbeamea.ro\\\/albaiulia\\\/300-de-elevi-din-centrele-educatie-spre-vocatie-au-primit-pachete-cu-rechizite-scolare\\\/#primaryimage\"},\"thumbnailUrl\":\"https:\\\/\\\/urbeamea.ro\\\/albaiulia\\\/wp-content\\\/uploads\\\/2023\\\/02\\\/1-1.jpeg\",\"datePublished\":\"2023-02-27T17:28:46+00:00\",\"dateModified\":\"2023-02-27T17:28:54+00:00\",\"author\":{\"@id\":\"https:\\\/\\\/urbeamea.ro\\\/albaiulia\\\/#\\\/schema\\\/person\\\/272ae98052f8ee8980f59848df070247\"},\"description\":\"Copiii din centrele \u201eEduca\u021bie spre Voca\u021bie!\u201d, au primit \u0219i \u00een acest an rechizite \u00a0\u00eenso\u021bite de kit-uri \u0219colare. Acestea au fost distribuite, \u00een perioada\",\"breadcrumb\":{\"@id\":\"https:\\\/\\\/urbeamea.ro\\\/albaiulia\\\/300-de-elevi-din-centrele-educatie-spre-vocatie-au-primit-pachete-cu-rechizite-scolare\\\/#breadcrumb\"},\"inLanguage\":\"ro-RO\",\"potentialAction\":[{\"@type\":\"ReadAction\",\"target\":[\"https:\\\/\\\/urbeamea.ro\\\/albaiulia\\\/300-de-elevi-din-centrele-educatie-spre-vocatie-au-primit-pachete-cu-rechizite-scolare\\\/\"]}]},{\"@type\":\"ImageObject\",\"inLanguage\":\"ro-RO\",\"@id\":\"https:\\\/\\\/urbeamea.ro\\\/albaiulia\\\/300-de-elevi-din-centrele-educatie-spre-vocatie-au-primit-pachete-cu-rechizite-scolare\\\/#primaryimage\",\"url\":\"https:\\\/\\\/urbeamea.ro\\\/albaiulia\\\/wp-content\\\/uploads\\\/2023\\\/02\\\/1-1.jpeg\",\"contentUrl\":\"https:\\\/\\\/urbeamea.ro\\\/albaiulia\\\/wp-content\\\/uploads\\\/2023\\\/02\\\/1-1.jpeg\",\"width\":2048,\"height\":1536},{\"@type\":\"BreadcrumbList\",\"@id\":\"https:\\\/\\\/urbeamea.ro\\\/albaiulia\\\/300-de-elevi-din-centrele-educatie-spre-vocatie-au-primit-pachete-cu-rechizite-scolare\\\/#breadcrumb\",\"itemListElement\":[{\"@type\":\"ListItem\",\"position\":1,\"name\":\"Prima pagin\u0103\",\"item\":\"https:\\\/\\\/urbeamea.ro\\\/albaiulia\\\/\"},{\"@type\":\"ListItem\",\"position\":2,\"name\":\"300 DE ELEVI DIN CENTRELE \u201eEDUCA\u021aIE SPRE VOCA\u021aIE!\u201d AU PRIMIT PACHETE CU RECHIZITE \u0218COLARE\"}]},{\"@type\":\"WebSite\",\"@id\":\"https:\\\/\\\/urbeamea.ro\\\/albaiulia\\\/#website\",\"url\":\"https:\\\/\\\/urbeamea.ro\\\/albaiulia\\\/\",\"name\":\"Revista Urbea Mea, Stiri urbane\",\"description\":\"Evenimente \u0219i \u0219tiri din Alba Iulia, Sebe\u0219, Aiud, Blaj\",\"potentialAction\":[{\"@type\":\"SearchAction\",\"target\":{\"@type\":\"EntryPoint\",\"urlTemplate\":\"https:\\\/\\\/urbeamea.ro\\\/albaiulia\\\/?s={search_term_string}\"},\"query-input\":{\"@type\":\"PropertyValueSpecification\",\"valueRequired\":true,\"valueName\":\"search_term_string\"}}],\"inLanguage\":\"ro-RO\"},{\"@type\":\"Person\",\"@id\":\"https:\\\/\\\/urbeamea.ro\\\/albaiulia\\\/#\\\/schema\\\/person\\\/272ae98052f8ee8980f59848df070247\",\"name\":\"Redac\u021bia UrbeaMea\",\"image\":{\"@type\":\"ImageObject\",\"inLanguage\":\"ro-RO\",\"@id\":\"https:\\\/\\\/secure.gravatar.com\\\/avatar\\\/9ce5a9435071fa1037e8468053ead8e513dbbff59009d3069aadb85506d85a27?s=96&d=mm&r=g\",\"url\":\"https:\\\/\\\/secure.gravatar.com\\\/avatar\\\/9ce5a9435071fa1037e8468053ead8e513dbbff59009d3069aadb85506d85a27?s=96&d=mm&r=g\",\"contentUrl\":\"https:\\\/\\\/secure.gravatar.com\\\/avatar\\\/9ce5a9435071fa1037e8468053ead8e513dbbff59009d3069aadb85506d85a27?s=96&d=mm&r=g\",\"caption\":\"Redac\u021bia UrbeaMea\"},\"description\":\"contact@urbeamea.ro\",\"sameAs\":[\"https:\\\/\\\/www.urbeamea.ro\"],\"url\":\"https:\\\/\\\/urbeamea.ro\\\/albaiulia\\\/author\\\/redactia-urbeamea\\\/\"}]}<\/script>\n<!-- \/ Yoast SEO plugin. -->","yoast_head_json":{"title":"300 DE ELEVI DIN CENTRELE \u201eEDUCA\u021aIE SPRE VOCA\u021aIE!\u201d AU PRIMIT PACHETE CU RECHIZITE \u0218COLARE - Revista Urbea Mea - Revista de Alba","description":"Copiii din centrele \u201eEduca\u021bie spre Voca\u021bie!\u201d, au primit \u0219i \u00een acest an rechizite \u00a0\u00eenso\u021bite de kit-uri \u0219colare. Acestea au fost distribuite, \u00een perioada","robots":{"index":"index","follow":"follow","max-snippet":"max-snippet:-1","max-image-preview":"max-image-preview:large","max-video-preview":"max-video-preview:-1"},"canonical":"https:\/\/urbeamea.ro\/albaiulia\/300-de-elevi-din-centrele-educatie-spre-vocatie-au-primit-pachete-cu-rechizite-scolare\/","twitter_card":"summary_large_image","twitter_title":"<strong>300 DE ELEVI DIN CENTRELE \u201eEDUCA\u021aIE SPRE VOCA\u021aIE!\u201d AU PRIMIT PACHETE CU RECHIZITE \u0218COLARE<\/strong> - Revista Urbea Mea - Revista de Alba","twitter_description":"Copiii din centrele \u201eEduca\u021bie spre Voca\u021bie!\u201d, au primit \u0219i \u00een acest an rechizite \u00a0\u00eenso\u021bite de kit-uri \u0219colare. Acestea au fost distribuite, \u00een perioada","twitter_image":"https:\/\/urbeamea.ro\/albaiulia\/wp-content\/uploads\/2023\/02\/1-1.jpeg","twitter_creator":"@urbeameaweb","twitter_site":"@urbeameaweb","schema":{"@context":"https:\/\/schema.org","@graph":[{"@type":"Article","@id":"https:\/\/urbeamea.ro\/albaiulia\/300-de-elevi-din-centrele-educatie-spre-vocatie-au-primit-pachete-cu-rechizite-scolare\/#article","isPartOf":{"@id":"https:\/\/urbeamea.ro\/albaiulia\/300-de-elevi-din-centrele-educatie-spre-vocatie-au-primit-pachete-cu-rechizite-scolare\/"},"author":{"name":"Redac\u021bia UrbeaMea","@id":"https:\/\/urbeamea.ro\/albaiulia\/#\/schema\/person\/272ae98052f8ee8980f59848df070247"},"headline":"300 DE ELEVI DIN CENTRELE \u201eEDUCA\u021aIE SPRE VOCA\u021aIE!\u201d AU PRIMIT PACHETE CU RECHIZITE \u0218COLARE","datePublished":"2023-02-27T17:28:46+00:00","dateModified":"2023-02-27T17:28:54+00:00","mainEntityOfPage":{"@id":"https:\/\/urbeamea.ro\/albaiulia\/300-de-elevi-din-centrele-educatie-spre-vocatie-au-primit-pachete-cu-rechizite-scolare\/"},"wordCount":314,"commentCount":0,"image":{"@id":"https:\/\/urbeamea.ro\/albaiulia\/300-de-elevi-din-centrele-educatie-spre-vocatie-au-primit-pachete-cu-rechizite-scolare\/#primaryimage"},"thumbnailUrl":"https:\/\/urbeamea.ro\/albaiulia\/wp-content\/uploads\/2023\/02\/1-1.jpeg","articleSection":["Social"],"inLanguage":"ro-RO","potentialAction":[{"@type":"CommentAction","name":"Comment","target":["https:\/\/urbeamea.ro\/albaiulia\/300-de-elevi-din-centrele-educatie-spre-vocatie-au-primit-pachete-cu-rechizite-scolare\/#respond"]}]},{"@type":"WebPage","@id":"https:\/\/urbeamea.ro\/albaiulia\/300-de-elevi-din-centrele-educatie-spre-vocatie-au-primit-pachete-cu-rechizite-scolare\/","url":"https:\/\/urbeamea.ro\/albaiulia\/300-de-elevi-din-centrele-educatie-spre-vocatie-au-primit-pachete-cu-rechizite-scolare\/","name":"300 DE ELEVI DIN CENTRELE \u201eEDUCA\u021aIE SPRE VOCA\u021aIE!\u201d AU PRIMIT PACHETE CU RECHIZITE \u0218COLARE - Revista Urbea Mea - Revista de Alba","isPartOf":{"@id":"https:\/\/urbeamea.ro\/albaiulia\/#website"},"primaryImageOfPage":{"@id":"https:\/\/urbeamea.ro\/albaiulia\/300-de-elevi-din-centrele-educatie-spre-vocatie-au-primit-pachete-cu-rechizite-scolare\/#primaryimage"},"image":{"@id":"https:\/\/urbeamea.ro\/albaiulia\/300-de-elevi-din-centrele-educatie-spre-vocatie-au-primit-pachete-cu-rechizite-scolare\/#primaryimage"},"thumbnailUrl":"https:\/\/urbeamea.ro\/albaiulia\/wp-content\/uploads\/2023\/02\/1-1.jpeg","datePublished":"2023-02-27T17:28:46+00:00","dateModified":"2023-02-27T17:28:54+00:00","author":{"@id":"https:\/\/urbeamea.ro\/albaiulia\/#\/schema\/person\/272ae98052f8ee8980f59848df070247"},"description":"Copiii din centrele \u201eEduca\u021bie spre Voca\u021bie!\u201d, au primit \u0219i \u00een acest an rechizite \u00a0\u00eenso\u021bite de kit-uri \u0219colare. Acestea au fost distribuite, \u00een perioada","breadcrumb":{"@id":"https:\/\/urbeamea.ro\/albaiulia\/300-de-elevi-din-centrele-educatie-spre-vocatie-au-primit-pachete-cu-rechizite-scolare\/#breadcrumb"},"inLanguage":"ro-RO","potentialAction":[{"@type":"ReadAction","target":["https:\/\/urbeamea.ro\/albaiulia\/300-de-elevi-din-centrele-educatie-spre-vocatie-au-primit-pachete-cu-rechizite-scolare\/"]}]},{"@type":"ImageObject","inLanguage":"ro-RO","@id":"https:\/\/urbeamea.ro\/albaiulia\/300-de-elevi-din-centrele-educatie-spre-vocatie-au-primit-pachete-cu-rechizite-scolare\/#primaryimage","url":"https:\/\/urbeamea.ro\/albaiulia\/wp-content\/uploads\/2023\/02\/1-1.jpeg","contentUrl":"https:\/\/urbeamea.ro\/albaiulia\/wp-content\/uploads\/2023\/02\/1-1.jpeg","width":2048,"height":1536},{"@type":"BreadcrumbList","@id":"https:\/\/urbeamea.ro\/albaiulia\/300-de-elevi-din-centrele-educatie-spre-vocatie-au-primit-pachete-cu-rechizite-scolare\/#breadcrumb","itemListElement":[{"@type":"ListItem","position":1,"name":"Prima pagin\u0103","item":"https:\/\/urbeamea.ro\/albaiulia\/"},{"@type":"ListItem","position":2,"name":"300 DE ELEVI DIN CENTRELE \u201eEDUCA\u021aIE SPRE VOCA\u021aIE!\u201d AU PRIMIT PACHETE CU RECHIZITE \u0218COLARE"}]},{"@type":"WebSite","@id":"https:\/\/urbeamea.ro\/albaiulia\/#website","url":"https:\/\/urbeamea.ro\/albaiulia\/","name":"Revista Urbea Mea, Stiri urbane","description":"Evenimente \u0219i \u0219tiri din Alba Iulia, Sebe\u0219, Aiud, Blaj","potentialAction":[{"@type":"SearchAction","target":{"@type":"EntryPoint","urlTemplate":"https:\/\/urbeamea.ro\/albaiulia\/?s={search_term_string}"},"query-input":{"@type":"PropertyValueSpecification","valueRequired":true,"valueName":"search_term_string"}}],"inLanguage":"ro-RO"},{"@type":"Person","@id":"https:\/\/urbeamea.ro\/albaiulia\/#\/schema\/person\/272ae98052f8ee8980f59848df070247","name":"Redac\u021bia UrbeaMea","image":{"@type":"ImageObject","inLanguage":"ro-RO","@id":"https:\/\/secure.gravatar.com\/avatar\/9ce5a9435071fa1037e8468053ead8e513dbbff59009d3069aadb85506d85a27?s=96&d=mm&r=g","url":"https:\/\/secure.gravatar.com\/avatar\/9ce5a9435071fa1037e8468053ead8e513dbbff59009d3069aadb85506d85a27?s=96&d=mm&r=g","contentUrl":"https:\/\/secure.gravatar.com\/avatar\/9ce5a9435071fa1037e8468053ead8e513dbbff59009d3069aadb85506d85a27?s=96&d=mm&r=g","caption":"Redac\u021bia UrbeaMea"},"description":"contact@urbeamea.ro","sameAs":["https:\/\/www.urbeamea.ro"],"url":"https:\/\/urbeamea.ro\/albaiulia\/author\/redactia-urbeamea\/"}]}},"_links":{"self":[{"href":"https:\/\/urbeamea.ro\/albaiulia\/wp-json\/wp\/v2\/posts\/106577","targetHints":{"allow":["GET"]}}],"collection":[{"href":"https:\/\/urbeamea.ro\/albaiulia\/wp-json\/wp\/v2\/posts"}],"about":[{"href":"https:\/\/urbeamea.ro\/albaiulia\/wp-json\/wp\/v2\/types\/post"}],"author":[{"embeddable":true,"href":"https:\/\/urbeamea.ro\/albaiulia\/wp-json\/wp\/v2\/users\/16"}],"replies":[{"embeddable":true,"href":"https:\/\/urbeamea.ro\/albaiulia\/wp-json\/wp\/v2\/comments?post=106577"}],"version-history":[{"count":2,"href":"https:\/\/urbeamea.ro\/albaiulia\/wp-json\/wp\/v2\/posts\/106577\/revisions"}],"predecessor-version":[{"id":106584,"href":"https:\/\/urbeamea.ro\/albaiulia\/wp-json\/wp\/v2\/posts\/106577\/revisions\/106584"}],"wp:featuredmedia":[{"embeddable":true,"href":"https:\/\/urbeamea.ro\/albaiulia\/wp-json\/wp\/v2\/media\/106582"}],"wp:attachment":[{"href":"https:\/\/urbeamea.ro\/albaiulia\/wp-json\/wp\/v2\/media?parent=106577"}],"wp:term":[{"taxonomy":"category","embeddable":true,"href":"https:\/\/urbeamea.ro\/albaiulia\/wp-json\/wp\/v2\/categories?post=106577"},{"taxonomy":"post_tag","embeddable":true,"href":"https:\/\/urbeamea.ro\/albaiulia\/wp-json\/wp\/v2\/tags?post=106577"}],"curies":[{"name":"wp","href":"https:\/\/api.w.org\/{rel}","templated":true}]}}