{"id":106585,"date":"2023-02-27T19:34:33","date_gmt":"2023-02-27T17:34:33","guid":{"rendered":"https:\/\/urbeamea.ro\/albaiulia\/?p=106585"},"modified":"2023-02-27T19:34:35","modified_gmt":"2023-02-27T17:34:35","slug":"reuniune-de-lucru-a-comitetului-de-monitorizare-a-programului-regiunea-centru-2021-2027-organizata-de-adr-centru-si-cj-sibiu","status":"publish","type":"post","link":"https:\/\/urbeamea.ro\/albaiulia\/reuniune-de-lucru-a-comitetului-de-monitorizare-a-programului-regiunea-centru-2021-2027-organizata-de-adr-centru-si-cj-sibiu\/","title":{"rendered":"Reuniune de lucru a comitetului de monitorizare a programului \u201dRegiunea Centru\u201d 2021-2027 organizat\u0103 de ADR Centru \u0219i Cj Sibiu"},"content":{"rendered":"\n<p><strong>Agen\u021bia pentru Dezvoltare Regional\u0103 Centru &#8211; care are calitatea de Autoritate de Management a Programului \u201dRegiunea Centru\u201d (PR Centru) \u2013 a organizat cea de-a doua reuniune de lucru a Comitetului de Monitorizare a Programului (CMPR Centru), luni, 27 februarie 2023, \u00een Sala de Conferin\u021be a Consiliului Jude\u021bean Sibiu, pentru a discuta teme privind deschiderea sesiunilor de depuneri de proiecte pentru investi\u021bii \u00een valoare total\u0103 de peste 1,4 miliarde euro, destinate dezvolt\u0103rii jude\u021belor Alba, Bra\u0219ov, Covasna, Harghita, Mure\u0219 \u0219i Sibiu.<\/strong><\/p>\n\n\n\n<p>Peste 60 de persoane, reprezent\u00e2nd membrii Comitetului de Monitorizare a Programului Regiunea (CMPR) Centru 2021-2027 \u0219i observatorii desemna\u021bi \u00een cadrul acestui organism, au participat &#8211; \u00een format hibrid &#8211; la \u00eent\u00e2lnirea de lucru realizat\u0103 \u00een parteneriat cu CJ Sibiu, pentru analiza aspectelor privind implementarea noului program regional.<\/p>\n\n\n\n<p>\u0218edin\u021ba CM PR Centru a fost condus\u0103 de c\u0103tre Pre\u0219edintele acestui for, dl Simion Cre\u021bu, Director General ADR Centru, iar \u00een deschiderea lucr\u0103rilor au rostit alocu\u021biuni domnul P\u00e9ter Ferenc, Pre\u0219edintele Consiliului Jude\u021bean Mure\u0219 \u0219i al Consiliului pentru Dezvoltare Regional\u0103 Centru; domnul Marcel Constantin Luca, Vicepre\u0219edinte Consiliul Jude\u021bean Sibiu, \u00een calitate de gazd\u0103 a evenimentului, precum \u0219i domnul Ovidiu C\u00eempean, Secretar de Stat \u00een cadrul Ministerul Investi\u021biilor \u0219i Proiectelor Europene.<\/p>\n\n\n\n<p>La discu\u021bii au participat &#8211; cu rol consultativ \u0219i de monitorizare &#8211; reprezentan\u021bii Comisiei Europene, interven\u021bii online av\u00e2nd domnii Krzysztof\u00a0 Kasprzyk, Director adjunct al Unit\u0103\u021bii pentru Rom\u00e2nia \u0219i Croa\u021bia din cadrul DG Regio \u0219i Haroun Khalid, din cadrul acestei unit\u0103\u021bi, care au accentuat importan\u021ba Programului regional \u0219i a Noului Bauhaus European (NEB) \u00een preg\u0103tirea proiectelor destinate dezvolt\u0103rii urbane. Doamna Florentina T\u0103utu, coordonatoarea PR Centru din partea DG Regio, a prezentat pe scurt evolu\u021bia structurilor de management \u0219i control ale Programului sub coordonarea echipei DG REGIO.<\/p>\n\n\n\n<figure class=\"wp-block-gallery has-nested-images columns-default is-cropped wp-block-gallery-1 is-layout-flex wp-block-gallery-is-layout-flex\">\n<figure class=\"wp-block-image size-large\"><a href=\"https:\/\/urbeamea.ro\/albaiulia\/wp-content\/uploads\/2023\/02\/Foto03_CMPR-Centru-SB.jpg\"><img loading=\"lazy\" decoding=\"async\" width=\"1155\" height=\"549\" data-id=\"106586\" src=\"https:\/\/urbeamea.ro\/albaiulia\/wp-content\/uploads\/2023\/02\/Foto03_CMPR-Centru-SB.jpg\" alt=\"\" class=\"wp-image-106586\" srcset=\"https:\/\/urbeamea.ro\/albaiulia\/wp-content\/uploads\/2023\/02\/Foto03_CMPR-Centru-SB.jpg 1155w, https:\/\/urbeamea.ro\/albaiulia\/wp-content\/uploads\/2023\/02\/Foto03_CMPR-Centru-SB-640x304.jpg 640w, https:\/\/urbeamea.ro\/albaiulia\/wp-content\/uploads\/2023\/02\/Foto03_CMPR-Centru-SB-150x71.jpg 150w, https:\/\/urbeamea.ro\/albaiulia\/wp-content\/uploads\/2023\/02\/Foto03_CMPR-Centru-SB-768x365.jpg 768w\" sizes=\"auto, (max-width: 1155px) 100vw, 1155px\" \/><\/a><\/figure>\n\n\n\n<figure class=\"wp-block-image size-large\"><a href=\"https:\/\/urbeamea.ro\/albaiulia\/wp-content\/uploads\/2023\/02\/Foto05_CMPR-Centru-SB.jpg\"><img loading=\"lazy\" decoding=\"async\" width=\"1200\" height=\"624\" data-id=\"106588\" src=\"https:\/\/urbeamea.ro\/albaiulia\/wp-content\/uploads\/2023\/02\/Foto05_CMPR-Centru-SB.jpg\" alt=\"\" class=\"wp-image-106588\" srcset=\"https:\/\/urbeamea.ro\/albaiulia\/wp-content\/uploads\/2023\/02\/Foto05_CMPR-Centru-SB.jpg 1200w, https:\/\/urbeamea.ro\/albaiulia\/wp-content\/uploads\/2023\/02\/Foto05_CMPR-Centru-SB-640x333.jpg 640w, https:\/\/urbeamea.ro\/albaiulia\/wp-content\/uploads\/2023\/02\/Foto05_CMPR-Centru-SB-150x78.jpg 150w, https:\/\/urbeamea.ro\/albaiulia\/wp-content\/uploads\/2023\/02\/Foto05_CMPR-Centru-SB-768x399.jpg 768w\" sizes=\"auto, (max-width: 1200px) 100vw, 1200px\" \/><\/a><\/figure>\n\n\n\n<figure class=\"wp-block-image size-large\"><a href=\"https:\/\/urbeamea.ro\/albaiulia\/wp-content\/uploads\/2023\/02\/Foto04_CMPR-Centru-SB.jpg\"><img loading=\"lazy\" decoding=\"async\" width=\"1136\" height=\"523\" data-id=\"106587\" src=\"https:\/\/urbeamea.ro\/albaiulia\/wp-content\/uploads\/2023\/02\/Foto04_CMPR-Centru-SB.jpg\" alt=\"\" class=\"wp-image-106587\" srcset=\"https:\/\/urbeamea.ro\/albaiulia\/wp-content\/uploads\/2023\/02\/Foto04_CMPR-Centru-SB.jpg 1136w, https:\/\/urbeamea.ro\/albaiulia\/wp-content\/uploads\/2023\/02\/Foto04_CMPR-Centru-SB-640x295.jpg 640w, https:\/\/urbeamea.ro\/albaiulia\/wp-content\/uploads\/2023\/02\/Foto04_CMPR-Centru-SB-150x69.jpg 150w, https:\/\/urbeamea.ro\/albaiulia\/wp-content\/uploads\/2023\/02\/Foto04_CMPR-Centru-SB-768x354.jpg 768w\" sizes=\"auto, (max-width: 1136px) 100vw, 1136px\" \/><\/a><\/figure>\n\n\n\n<figure class=\"wp-block-image size-large\"><a href=\"https:\/\/urbeamea.ro\/albaiulia\/wp-content\/uploads\/2023\/02\/Foto02_CMPR-Centru-SB.jpg\"><img loading=\"lazy\" decoding=\"async\" width=\"1200\" height=\"584\" data-id=\"106590\" src=\"https:\/\/urbeamea.ro\/albaiulia\/wp-content\/uploads\/2023\/02\/Foto02_CMPR-Centru-SB.jpg\" alt=\"\" class=\"wp-image-106590\" srcset=\"https:\/\/urbeamea.ro\/albaiulia\/wp-content\/uploads\/2023\/02\/Foto02_CMPR-Centru-SB.jpg 1200w, https:\/\/urbeamea.ro\/albaiulia\/wp-content\/uploads\/2023\/02\/Foto02_CMPR-Centru-SB-640x311.jpg 640w, https:\/\/urbeamea.ro\/albaiulia\/wp-content\/uploads\/2023\/02\/Foto02_CMPR-Centru-SB-150x73.jpg 150w, https:\/\/urbeamea.ro\/albaiulia\/wp-content\/uploads\/2023\/02\/Foto02_CMPR-Centru-SB-768x374.jpg 768w\" sizes=\"auto, (max-width: 1200px) 100vw, 1200px\" \/><\/a><\/figure>\n\n\n\n<figure class=\"wp-block-image size-large\"><a href=\"https:\/\/urbeamea.ro\/albaiulia\/wp-content\/uploads\/2023\/02\/Foto01_CMPR-Centru-SB.jpg\"><img loading=\"lazy\" decoding=\"async\" width=\"1200\" height=\"592\" data-id=\"106589\" src=\"https:\/\/urbeamea.ro\/albaiulia\/wp-content\/uploads\/2023\/02\/Foto01_CMPR-Centru-SB.jpg\" alt=\"\" class=\"wp-image-106589\" srcset=\"https:\/\/urbeamea.ro\/albaiulia\/wp-content\/uploads\/2023\/02\/Foto01_CMPR-Centru-SB.jpg 1200w, https:\/\/urbeamea.ro\/albaiulia\/wp-content\/uploads\/2023\/02\/Foto01_CMPR-Centru-SB-640x316.jpg 640w, https:\/\/urbeamea.ro\/albaiulia\/wp-content\/uploads\/2023\/02\/Foto01_CMPR-Centru-SB-150x74.jpg 150w, https:\/\/urbeamea.ro\/albaiulia\/wp-content\/uploads\/2023\/02\/Foto01_CMPR-Centru-SB-768x379.jpg 768w\" sizes=\"auto, (max-width: 1200px) 100vw, 1200px\" \/><\/a><\/figure>\n\n\n\n<figure class=\"wp-block-image size-large\"><a href=\"https:\/\/urbeamea.ro\/albaiulia\/wp-content\/uploads\/2023\/02\/Foto00_CMPR-Centru-SB.jpg\"><img loading=\"lazy\" decoding=\"async\" width=\"1209\" height=\"519\" data-id=\"106591\" src=\"https:\/\/urbeamea.ro\/albaiulia\/wp-content\/uploads\/2023\/02\/Foto00_CMPR-Centru-SB.jpg\" alt=\"\" class=\"wp-image-106591\" srcset=\"https:\/\/urbeamea.ro\/albaiulia\/wp-content\/uploads\/2023\/02\/Foto00_CMPR-Centru-SB.jpg 1209w, https:\/\/urbeamea.ro\/albaiulia\/wp-content\/uploads\/2023\/02\/Foto00_CMPR-Centru-SB-640x275.jpg 640w, https:\/\/urbeamea.ro\/albaiulia\/wp-content\/uploads\/2023\/02\/Foto00_CMPR-Centru-SB-150x64.jpg 150w, https:\/\/urbeamea.ro\/albaiulia\/wp-content\/uploads\/2023\/02\/Foto00_CMPR-Centru-SB-768x330.jpg 768w\" sizes=\"auto, (max-width: 1209px) 100vw, 1209px\" \/><\/a><\/figure>\n<\/figure>\n\n\n\n<p>Aceast\u0103 reuniune de lucru survine dup\u0103 punerea \u00een dezbatere public\u0103 a patru ghiduri de finan\u021bare din cadrul Programului \u0219i dup\u0103 ce ADR Centru a publicat calendarul orientativ privind lans\u0103rile de apeluri de proiecte pentru perioada ianuarie \u2013 iulie 2023, conform c\u0103ruia \u00een primul semestru al acestui an se vor lansa 15 apeluri de proiecte, care au un buget total cumulat de aproape un miliard euro. De asemenea, pentru buna informare a poten\u021bialilor solicitan\u021bi de fonduri, ADR Centru a demarat o suit\u0103 de Conferin\u021be regionale, prin care, p\u00e2n\u0103 \u00een prezent, mai mult de 400 de persoane din mediul privat \u0219i din administra\u021bia public\u0103 au fost informate despre oportunit\u0103\u021bile de finan\u021bare disponibile \u00een aceast\u0103 perioad\u0103, prin \u00eent\u00e2lniri directe desf\u0103\u0219urate \u00een Alba Iulia, Bra\u0219ov \u0219i Sf\u00e2ntu Gheorghe.<\/p>\n\n\n\n<p>Ca atare, \u0219edin\u021ba CM PR Centru a inclus prezent\u0103ri referitoare la criteriile de eligibilitate \u0219i selec\u021bie a proiectelor aferente priorit\u0103\u021bilor 3, 4, 5, 6 \u0219i 9 ale PR Centru, pentru ac\u021biunile referitoare la renovarea energetic\u0103 moderat\u0103 sau aprofundat\u0103 a cl\u0103dirilor publice; dezvoltarea mobilit\u0103\u021bii urbane durabile in municipiile Regiunii Centru; investi\u021bii \u00een modernizarea infrastructurii rutiere de importan\u021b\u0103 regional\u0103 pentru asigurarea conectivit\u0103\u021bii la re\u021beaua TEN-T; \u00eenv\u0103\u021b\u0103m\u00e2ntul universitar, dar \u0219i pentru axa de Asisten\u021b\u0103 tehnic\u0103.<\/p>\n\n\n\n<p>\u00cen plus, \u00een cadrul acestei \u0219edin\u021be de lucru au fost discutate \u00een prim\u0103 lectur\u0103 metodologia de selec\u021bie, precum \u0219i criteriile de eligibilitate a proiectelor aferente priorit\u0103\u021bilor 1, 2, 3, 6, 7 \u0219i 8 din cadrul PR Centru 2021-2027. S-a realizat astfel o prim\u0103 analiz\u0103 privind finan\u021b\u0103rile nerambursabile pentru: investi\u021bii tehnologice \u00een IMM; ScaleUp pentru start-up-uri \u0219i micro\u00eentreprinderi; digitalizarea \u00eentreprinderilor din sectoarele de specializare inteligent\u0103 regional\u0103; cre\u0219terea gradului de participare la nivelul educa\u021biei timpurii; finan\u021barea proiectelor de conservare, protec\u021bie \u0219i valorificare durabil\u0103 a siturilor \/ monumentelor de patrimoniu cultural UNESCO \u0219i de clasa A din mediul rural, dar \u0219i pentru modernizarea spa\u021biilor urbane. Din aceast\u0103 perspectiv\u0103 au fost prezentate posibilit\u0103\u021bile de finan\u021bare pentru reabilitarea infrastructurii verzi \u0219i \u0219i albastre \u00een municipiile Regiunii Centru \u0219i cele pentru dezvoltare urban\u0103 integrat\u0103, prin regenerarea spa\u021biilor publice, punerea \u00een valoare a patrimoniului, infrastructurii culturale \u0219i a poten\u021bialului turistic din municipiile Regiunii Centru.<\/p>\n\n\n\n<p>\u00cen finalul reuniunii de la Sibiu, membrii CM PR Centru au fost informa\u021bi \u0219i despre activit\u0103\u021bile cuprinse \u00een Planul de comunicare pentru Programul \u201eRegiunea Centru\u201d, prin care resursele disponibile \u0219i activit\u0103\u021bile derulate vor fi aduse la cuno\u0219tin\u021ba publicului larg, concomitent cu sublinierea impactului pe care fondurile europene \u00eel au la dezvoltarea societ\u0103\u021bii rom\u00e2ne\u0219ti.<\/p>\n\n\n\n<blockquote class=\"wp-block-quote is-layout-flow wp-block-quote-is-layout-flow\">\n<p><em>Noul Program al Regiunii Centru a pornit la drum \u00een ultimul trimestru al anului trecut, dar partenerii no\u0219tri a\u0219teapt\u0103 informa\u021bii clare, de ultim\u0103 or\u0103, pentru preg\u0103tirea proiectelor. A\u0219a cum am preg\u0103tit toate priorit\u0103\u021bile de finan\u021bare, \u00eentr-un larg cadru partenerial, baz\u00e2ndu-ne pe experien\u021ba pe care am dob\u00e2ndit-o din 2007 \u00eencoace, acum suntem \u00een faza de a lansa noile cereri de apeluri de proiecte. De aceea, pe de o parte lucr\u0103m cu Comitetul de Monitorizare pentru definirea metodologiilor de evaluare \u0219i selec\u021bie a proiectelor, iar pe de alt\u0103 parte mergem \u00een teritoriu pentru a informa poten\u021bialii solicitan\u021bi de fonduri despre oportunit\u0103\u021bile de finan\u021bare.<\/em><\/p>\n\n\n\n<p><em>\u00cen urm\u0103torii \u0219apte ani se vor investi &#8211; \u00een jude\u021bele Alba, Bra\u0219ov, Covasna, Harghita, Mure\u0219 \u0219i Sibiu &#8211; peste 1,15 miliarde euro, fonduri europene nerambursabile, la care se vor ad\u0103uga peste 230 milioane euro cofinan\u021bare din partea Guvernului Rom\u00e2niei, resurse care vor fi gestionate de ADR Centru pentru dezvoltarea regiunii noastre. Am organizat deja dou\u0103 \u0219edin\u021be ale CM PR CENTRU 2021-2027 \u0219i am discutat detalii despre 10 priorit\u0103\u021bi, care cuprind interven\u021bii pe toate cele 5 obiective de politic\u0103 ale UE. La \u00eenceputul urm\u0103torului trimestru, la nivel regional, to\u021bi poten\u021bialii beneficiari vor \u0219ti exact care sunt condi\u021biile de finan\u021bare \u0219i vom putea lansa ghiduri de finan\u021bare clare \u0219i explicite. Este important s\u0103 prezent\u0103m lucruri concrete celor care doresc s\u0103 acceseze fonduri europene, astfel \u00eenc\u00e2t proiectele lor s\u0103 fie eligibile s\u0103 poat\u0103 fi rapid contractate \u0219i s\u0103 ne atingem \u021bintele de absorb\u021bie a fondurilor europene alocate<\/em>.<\/p>\n<cite>Simion Cre\u021bu, director general ADR Centru \u0219i Pre\u0219edinte al Comitetului de Monitorizare a Programului<\/cite><\/blockquote>\n\n\n\n<p>Versiunea integral\u0103 a Programului REGIUNEA CENTRU 2021-2027 este publicat\u0103 pe pagina de internet coordonat\u0103 de ADR Centru (link: <a href=\"http:\/\/regio-adrcentru.ro\/programare-2021-2027\/\" target=\"_blank\" rel=\"noreferrer noopener\">http:\/\/regio-adrcentru.ro\/programare-2021-2027\/<\/a>). \u00a0<\/p>\n","protected":false},"excerpt":{"rendered":"<p>Agen\u021bia pentru Dezvoltare Regional\u0103 Centru &#8211; care are calitatea de Autoritate de Management a Programului \u201dRegiunea Centru\u201d (PR Centru) \u2013 a organizat cea de-a doua reuniune de lucru a Comitetului de Monitorizare a Programului (CMPR Centru), luni, 27 februarie 2023, \u00een Sala de Conferin\u021be a Consiliului Jude\u021bean Sibiu, pentru a discuta teme privind deschiderea sesiunilor &hellip;<\/p>\n","protected":false},"author":16,"featured_media":106592,"comment_status":"open","ping_status":"open","sticky":false,"template":"","format":"standard","meta":{"inline_featured_image":false,"footnotes":""},"categories":[6663],"tags":[343],"class_list":["post-106585","post","type-post","status-publish","format-standard","has-post-thumbnail","hentry","category-economic","tag-adr-centru"],"yoast_head":"<!-- This site is optimized with the Yoast SEO plugin v27.4 - https:\/\/yoast.com\/product\/yoast-seo-wordpress\/ -->\n<title>Reuniune de lucru a comitetului de monitorizare a programului \u201dRegiunea Centru\u201d 2021-2027 organizat\u0103 de ADR Centru \u0219i Cj Sibiu - Revista Urbea Mea - Revista de Alba<\/title>\n<meta name=\"description\" content=\"Agen\u021bia pentru Dezvoltare Regional\u0103 Centru - care are calitatea de Autoritate de Management a Programului \u201dRegiunea Centru\u201d (PR Centru) \u2013 a organizat cea\" \/>\n<meta name=\"robots\" content=\"index, follow, max-snippet:-1, max-image-preview:large, max-video-preview:-1\" \/>\n<link rel=\"canonical\" href=\"https:\/\/urbeamea.ro\/albaiulia\/reuniune-de-lucru-a-comitetului-de-monitorizare-a-programului-regiunea-centru-2021-2027-organizata-de-adr-centru-si-cj-sibiu\/\" \/>\n<meta name=\"twitter:card\" content=\"summary_large_image\" \/>\n<meta name=\"twitter:title\" content=\"Reuniune de lucru a comitetului de monitorizare a programului \u201dRegiunea Centru\u201d 2021-2027 organizat\u0103 de ADR Centru \u0219i Cj Sibiu - Revista Urbea Mea - Revista de Alba\" \/>\n<meta name=\"twitter:description\" content=\"Agen\u021bia pentru Dezvoltare Regional\u0103 Centru - care are calitatea de Autoritate de Management a Programului \u201dRegiunea Centru\u201d (PR Centru) \u2013 a organizat cea\" \/>\n<meta name=\"twitter:image\" content=\"https:\/\/urbeamea.ro\/albaiulia\/wp-content\/uploads\/2023\/02\/Foto_CMPR-Centru-SB.jpg\" \/>\n<meta name=\"twitter:creator\" content=\"@urbeameaweb\" \/>\n<meta name=\"twitter:site\" content=\"@urbeameaweb\" \/>\n<script type=\"application\/ld+json\" class=\"yoast-schema-graph\">{\"@context\":\"https:\\\/\\\/schema.org\",\"@graph\":[{\"@type\":\"Article\",\"@id\":\"https:\\\/\\\/urbeamea.ro\\\/albaiulia\\\/reuniune-de-lucru-a-comitetului-de-monitorizare-a-programului-regiunea-centru-2021-2027-organizata-de-adr-centru-si-cj-sibiu\\\/#article\",\"isPartOf\":{\"@id\":\"https:\\\/\\\/urbeamea.ro\\\/albaiulia\\\/reuniune-de-lucru-a-comitetului-de-monitorizare-a-programului-regiunea-centru-2021-2027-organizata-de-adr-centru-si-cj-sibiu\\\/\"},\"author\":{\"name\":\"Redac\u021bia UrbeaMea\",\"@id\":\"https:\\\/\\\/urbeamea.ro\\\/albaiulia\\\/#\\\/schema\\\/person\\\/272ae98052f8ee8980f59848df070247\"},\"headline\":\"Reuniune de lucru a comitetului de monitorizare a programului \u201dRegiunea Centru\u201d 2021-2027 organizat\u0103 de ADR Centru \u0219i Cj Sibiu\",\"datePublished\":\"2023-02-27T17:34:33+00:00\",\"dateModified\":\"2023-02-27T17:34:35+00:00\",\"mainEntityOfPage\":{\"@id\":\"https:\\\/\\\/urbeamea.ro\\\/albaiulia\\\/reuniune-de-lucru-a-comitetului-de-monitorizare-a-programului-regiunea-centru-2021-2027-organizata-de-adr-centru-si-cj-sibiu\\\/\"},\"wordCount\":1073,\"commentCount\":0,\"image\":{\"@id\":\"https:\\\/\\\/urbeamea.ro\\\/albaiulia\\\/reuniune-de-lucru-a-comitetului-de-monitorizare-a-programului-regiunea-centru-2021-2027-organizata-de-adr-centru-si-cj-sibiu\\\/#primaryimage\"},\"thumbnailUrl\":\"https:\\\/\\\/urbeamea.ro\\\/albaiulia\\\/wp-content\\\/uploads\\\/2023\\\/02\\\/Foto_CMPR-Centru-SB.jpg\",\"keywords\":[\"ADR Centru\"],\"articleSection\":[\"Economic\"],\"inLanguage\":\"ro-RO\",\"potentialAction\":[{\"@type\":\"CommentAction\",\"name\":\"Comment\",\"target\":[\"https:\\\/\\\/urbeamea.ro\\\/albaiulia\\\/reuniune-de-lucru-a-comitetului-de-monitorizare-a-programului-regiunea-centru-2021-2027-organizata-de-adr-centru-si-cj-sibiu\\\/#respond\"]}]},{\"@type\":\"WebPage\",\"@id\":\"https:\\\/\\\/urbeamea.ro\\\/albaiulia\\\/reuniune-de-lucru-a-comitetului-de-monitorizare-a-programului-regiunea-centru-2021-2027-organizata-de-adr-centru-si-cj-sibiu\\\/\",\"url\":\"https:\\\/\\\/urbeamea.ro\\\/albaiulia\\\/reuniune-de-lucru-a-comitetului-de-monitorizare-a-programului-regiunea-centru-2021-2027-organizata-de-adr-centru-si-cj-sibiu\\\/\",\"name\":\"Reuniune de lucru a comitetului de monitorizare a programului \u201dRegiunea Centru\u201d 2021-2027 organizat\u0103 de ADR Centru \u0219i Cj Sibiu - Revista Urbea Mea - Revista de Alba\",\"isPartOf\":{\"@id\":\"https:\\\/\\\/urbeamea.ro\\\/albaiulia\\\/#website\"},\"primaryImageOfPage\":{\"@id\":\"https:\\\/\\\/urbeamea.ro\\\/albaiulia\\\/reuniune-de-lucru-a-comitetului-de-monitorizare-a-programului-regiunea-centru-2021-2027-organizata-de-adr-centru-si-cj-sibiu\\\/#primaryimage\"},\"image\":{\"@id\":\"https:\\\/\\\/urbeamea.ro\\\/albaiulia\\\/reuniune-de-lucru-a-comitetului-de-monitorizare-a-programului-regiunea-centru-2021-2027-organizata-de-adr-centru-si-cj-sibiu\\\/#primaryimage\"},\"thumbnailUrl\":\"https:\\\/\\\/urbeamea.ro\\\/albaiulia\\\/wp-content\\\/uploads\\\/2023\\\/02\\\/Foto_CMPR-Centru-SB.jpg\",\"datePublished\":\"2023-02-27T17:34:33+00:00\",\"dateModified\":\"2023-02-27T17:34:35+00:00\",\"author\":{\"@id\":\"https:\\\/\\\/urbeamea.ro\\\/albaiulia\\\/#\\\/schema\\\/person\\\/272ae98052f8ee8980f59848df070247\"},\"description\":\"Agen\u021bia pentru Dezvoltare Regional\u0103 Centru - care are calitatea de Autoritate de Management a Programului \u201dRegiunea Centru\u201d (PR Centru) \u2013 a organizat cea\",\"breadcrumb\":{\"@id\":\"https:\\\/\\\/urbeamea.ro\\\/albaiulia\\\/reuniune-de-lucru-a-comitetului-de-monitorizare-a-programului-regiunea-centru-2021-2027-organizata-de-adr-centru-si-cj-sibiu\\\/#breadcrumb\"},\"inLanguage\":\"ro-RO\",\"potentialAction\":[{\"@type\":\"ReadAction\",\"target\":[\"https:\\\/\\\/urbeamea.ro\\\/albaiulia\\\/reuniune-de-lucru-a-comitetului-de-monitorizare-a-programului-regiunea-centru-2021-2027-organizata-de-adr-centru-si-cj-sibiu\\\/\"]}]},{\"@type\":\"ImageObject\",\"inLanguage\":\"ro-RO\",\"@id\":\"https:\\\/\\\/urbeamea.ro\\\/albaiulia\\\/reuniune-de-lucru-a-comitetului-de-monitorizare-a-programului-regiunea-centru-2021-2027-organizata-de-adr-centru-si-cj-sibiu\\\/#primaryimage\",\"url\":\"https:\\\/\\\/urbeamea.ro\\\/albaiulia\\\/wp-content\\\/uploads\\\/2023\\\/02\\\/Foto_CMPR-Centru-SB.jpg\",\"contentUrl\":\"https:\\\/\\\/urbeamea.ro\\\/albaiulia\\\/wp-content\\\/uploads\\\/2023\\\/02\\\/Foto_CMPR-Centru-SB.jpg\",\"width\":1600,\"height\":847},{\"@type\":\"BreadcrumbList\",\"@id\":\"https:\\\/\\\/urbeamea.ro\\\/albaiulia\\\/reuniune-de-lucru-a-comitetului-de-monitorizare-a-programului-regiunea-centru-2021-2027-organizata-de-adr-centru-si-cj-sibiu\\\/#breadcrumb\",\"itemListElement\":[{\"@type\":\"ListItem\",\"position\":1,\"name\":\"Prima pagin\u0103\",\"item\":\"https:\\\/\\\/urbeamea.ro\\\/albaiulia\\\/\"},{\"@type\":\"ListItem\",\"position\":2,\"name\":\"Reuniune de lucru a comitetului de monitorizare a programului \u201dRegiunea Centru\u201d 2021-2027 organizat\u0103 de ADR Centru \u0219i Cj Sibiu\"}]},{\"@type\":\"WebSite\",\"@id\":\"https:\\\/\\\/urbeamea.ro\\\/albaiulia\\\/#website\",\"url\":\"https:\\\/\\\/urbeamea.ro\\\/albaiulia\\\/\",\"name\":\"Revista Urbea Mea, Stiri urbane\",\"description\":\"Evenimente \u0219i \u0219tiri din Alba Iulia, Sebe\u0219, Aiud, Blaj\",\"potentialAction\":[{\"@type\":\"SearchAction\",\"target\":{\"@type\":\"EntryPoint\",\"urlTemplate\":\"https:\\\/\\\/urbeamea.ro\\\/albaiulia\\\/?s={search_term_string}\"},\"query-input\":{\"@type\":\"PropertyValueSpecification\",\"valueRequired\":true,\"valueName\":\"search_term_string\"}}],\"inLanguage\":\"ro-RO\"},{\"@type\":\"Person\",\"@id\":\"https:\\\/\\\/urbeamea.ro\\\/albaiulia\\\/#\\\/schema\\\/person\\\/272ae98052f8ee8980f59848df070247\",\"name\":\"Redac\u021bia UrbeaMea\",\"image\":{\"@type\":\"ImageObject\",\"inLanguage\":\"ro-RO\",\"@id\":\"https:\\\/\\\/secure.gravatar.com\\\/avatar\\\/9ce5a9435071fa1037e8468053ead8e513dbbff59009d3069aadb85506d85a27?s=96&d=mm&r=g\",\"url\":\"https:\\\/\\\/secure.gravatar.com\\\/avatar\\\/9ce5a9435071fa1037e8468053ead8e513dbbff59009d3069aadb85506d85a27?s=96&d=mm&r=g\",\"contentUrl\":\"https:\\\/\\\/secure.gravatar.com\\\/avatar\\\/9ce5a9435071fa1037e8468053ead8e513dbbff59009d3069aadb85506d85a27?s=96&d=mm&r=g\",\"caption\":\"Redac\u021bia UrbeaMea\"},\"description\":\"contact@urbeamea.ro\",\"sameAs\":[\"https:\\\/\\\/www.urbeamea.ro\"],\"url\":\"https:\\\/\\\/urbeamea.ro\\\/albaiulia\\\/author\\\/redactia-urbeamea\\\/\"}]}<\/script>\n<!-- \/ Yoast SEO plugin. -->","yoast_head_json":{"title":"Reuniune de lucru a comitetului de monitorizare a programului \u201dRegiunea Centru\u201d 2021-2027 organizat\u0103 de ADR Centru \u0219i Cj Sibiu - Revista Urbea Mea - Revista de Alba","description":"Agen\u021bia pentru Dezvoltare Regional\u0103 Centru - care are calitatea de Autoritate de Management a Programului \u201dRegiunea Centru\u201d (PR Centru) \u2013 a organizat cea","robots":{"index":"index","follow":"follow","max-snippet":"max-snippet:-1","max-image-preview":"max-image-preview:large","max-video-preview":"max-video-preview:-1"},"canonical":"https:\/\/urbeamea.ro\/albaiulia\/reuniune-de-lucru-a-comitetului-de-monitorizare-a-programului-regiunea-centru-2021-2027-organizata-de-adr-centru-si-cj-sibiu\/","twitter_card":"summary_large_image","twitter_title":"Reuniune de lucru a comitetului de monitorizare a programului \u201dRegiunea Centru\u201d 2021-2027 organizat\u0103 de ADR Centru \u0219i Cj Sibiu - Revista Urbea Mea - Revista de Alba","twitter_description":"Agen\u021bia pentru Dezvoltare Regional\u0103 Centru - care are calitatea de Autoritate de Management a Programului \u201dRegiunea Centru\u201d (PR Centru) \u2013 a organizat cea","twitter_image":"https:\/\/urbeamea.ro\/albaiulia\/wp-content\/uploads\/2023\/02\/Foto_CMPR-Centru-SB.jpg","twitter_creator":"@urbeameaweb","twitter_site":"@urbeameaweb","schema":{"@context":"https:\/\/schema.org","@graph":[{"@type":"Article","@id":"https:\/\/urbeamea.ro\/albaiulia\/reuniune-de-lucru-a-comitetului-de-monitorizare-a-programului-regiunea-centru-2021-2027-organizata-de-adr-centru-si-cj-sibiu\/#article","isPartOf":{"@id":"https:\/\/urbeamea.ro\/albaiulia\/reuniune-de-lucru-a-comitetului-de-monitorizare-a-programului-regiunea-centru-2021-2027-organizata-de-adr-centru-si-cj-sibiu\/"},"author":{"name":"Redac\u021bia UrbeaMea","@id":"https:\/\/urbeamea.ro\/albaiulia\/#\/schema\/person\/272ae98052f8ee8980f59848df070247"},"headline":"Reuniune de lucru a comitetului de monitorizare a programului \u201dRegiunea Centru\u201d 2021-2027 organizat\u0103 de ADR Centru \u0219i Cj Sibiu","datePublished":"2023-02-27T17:34:33+00:00","dateModified":"2023-02-27T17:34:35+00:00","mainEntityOfPage":{"@id":"https:\/\/urbeamea.ro\/albaiulia\/reuniune-de-lucru-a-comitetului-de-monitorizare-a-programului-regiunea-centru-2021-2027-organizata-de-adr-centru-si-cj-sibiu\/"},"wordCount":1073,"commentCount":0,"image":{"@id":"https:\/\/urbeamea.ro\/albaiulia\/reuniune-de-lucru-a-comitetului-de-monitorizare-a-programului-regiunea-centru-2021-2027-organizata-de-adr-centru-si-cj-sibiu\/#primaryimage"},"thumbnailUrl":"https:\/\/urbeamea.ro\/albaiulia\/wp-content\/uploads\/2023\/02\/Foto_CMPR-Centru-SB.jpg","keywords":["ADR Centru"],"articleSection":["Economic"],"inLanguage":"ro-RO","potentialAction":[{"@type":"CommentAction","name":"Comment","target":["https:\/\/urbeamea.ro\/albaiulia\/reuniune-de-lucru-a-comitetului-de-monitorizare-a-programului-regiunea-centru-2021-2027-organizata-de-adr-centru-si-cj-sibiu\/#respond"]}]},{"@type":"WebPage","@id":"https:\/\/urbeamea.ro\/albaiulia\/reuniune-de-lucru-a-comitetului-de-monitorizare-a-programului-regiunea-centru-2021-2027-organizata-de-adr-centru-si-cj-sibiu\/","url":"https:\/\/urbeamea.ro\/albaiulia\/reuniune-de-lucru-a-comitetului-de-monitorizare-a-programului-regiunea-centru-2021-2027-organizata-de-adr-centru-si-cj-sibiu\/","name":"Reuniune de lucru a comitetului de monitorizare a programului \u201dRegiunea Centru\u201d 2021-2027 organizat\u0103 de ADR Centru \u0219i Cj Sibiu - Revista Urbea Mea - Revista de Alba","isPartOf":{"@id":"https:\/\/urbeamea.ro\/albaiulia\/#website"},"primaryImageOfPage":{"@id":"https:\/\/urbeamea.ro\/albaiulia\/reuniune-de-lucru-a-comitetului-de-monitorizare-a-programului-regiunea-centru-2021-2027-organizata-de-adr-centru-si-cj-sibiu\/#primaryimage"},"image":{"@id":"https:\/\/urbeamea.ro\/albaiulia\/reuniune-de-lucru-a-comitetului-de-monitorizare-a-programului-regiunea-centru-2021-2027-organizata-de-adr-centru-si-cj-sibiu\/#primaryimage"},"thumbnailUrl":"https:\/\/urbeamea.ro\/albaiulia\/wp-content\/uploads\/2023\/02\/Foto_CMPR-Centru-SB.jpg","datePublished":"2023-02-27T17:34:33+00:00","dateModified":"2023-02-27T17:34:35+00:00","author":{"@id":"https:\/\/urbeamea.ro\/albaiulia\/#\/schema\/person\/272ae98052f8ee8980f59848df070247"},"description":"Agen\u021bia pentru Dezvoltare Regional\u0103 Centru - care are calitatea de Autoritate de Management a Programului \u201dRegiunea Centru\u201d (PR Centru) \u2013 a organizat cea","breadcrumb":{"@id":"https:\/\/urbeamea.ro\/albaiulia\/reuniune-de-lucru-a-comitetului-de-monitorizare-a-programului-regiunea-centru-2021-2027-organizata-de-adr-centru-si-cj-sibiu\/#breadcrumb"},"inLanguage":"ro-RO","potentialAction":[{"@type":"ReadAction","target":["https:\/\/urbeamea.ro\/albaiulia\/reuniune-de-lucru-a-comitetului-de-monitorizare-a-programului-regiunea-centru-2021-2027-organizata-de-adr-centru-si-cj-sibiu\/"]}]},{"@type":"ImageObject","inLanguage":"ro-RO","@id":"https:\/\/urbeamea.ro\/albaiulia\/reuniune-de-lucru-a-comitetului-de-monitorizare-a-programului-regiunea-centru-2021-2027-organizata-de-adr-centru-si-cj-sibiu\/#primaryimage","url":"https:\/\/urbeamea.ro\/albaiulia\/wp-content\/uploads\/2023\/02\/Foto_CMPR-Centru-SB.jpg","contentUrl":"https:\/\/urbeamea.ro\/albaiulia\/wp-content\/uploads\/2023\/02\/Foto_CMPR-Centru-SB.jpg","width":1600,"height":847},{"@type":"BreadcrumbList","@id":"https:\/\/urbeamea.ro\/albaiulia\/reuniune-de-lucru-a-comitetului-de-monitorizare-a-programului-regiunea-centru-2021-2027-organizata-de-adr-centru-si-cj-sibiu\/#breadcrumb","itemListElement":[{"@type":"ListItem","position":1,"name":"Prima pagin\u0103","item":"https:\/\/urbeamea.ro\/albaiulia\/"},{"@type":"ListItem","position":2,"name":"Reuniune de lucru a comitetului de monitorizare a programului \u201dRegiunea Centru\u201d 2021-2027 organizat\u0103 de ADR Centru \u0219i Cj Sibiu"}]},{"@type":"WebSite","@id":"https:\/\/urbeamea.ro\/albaiulia\/#website","url":"https:\/\/urbeamea.ro\/albaiulia\/","name":"Revista Urbea Mea, Stiri urbane","description":"Evenimente \u0219i \u0219tiri din Alba Iulia, Sebe\u0219, Aiud, Blaj","potentialAction":[{"@type":"SearchAction","target":{"@type":"EntryPoint","urlTemplate":"https:\/\/urbeamea.ro\/albaiulia\/?s={search_term_string}"},"query-input":{"@type":"PropertyValueSpecification","valueRequired":true,"valueName":"search_term_string"}}],"inLanguage":"ro-RO"},{"@type":"Person","@id":"https:\/\/urbeamea.ro\/albaiulia\/#\/schema\/person\/272ae98052f8ee8980f59848df070247","name":"Redac\u021bia UrbeaMea","image":{"@type":"ImageObject","inLanguage":"ro-RO","@id":"https:\/\/secure.gravatar.com\/avatar\/9ce5a9435071fa1037e8468053ead8e513dbbff59009d3069aadb85506d85a27?s=96&d=mm&r=g","url":"https:\/\/secure.gravatar.com\/avatar\/9ce5a9435071fa1037e8468053ead8e513dbbff59009d3069aadb85506d85a27?s=96&d=mm&r=g","contentUrl":"https:\/\/secure.gravatar.com\/avatar\/9ce5a9435071fa1037e8468053ead8e513dbbff59009d3069aadb85506d85a27?s=96&d=mm&r=g","caption":"Redac\u021bia UrbeaMea"},"description":"contact@urbeamea.ro","sameAs":["https:\/\/www.urbeamea.ro"],"url":"https:\/\/urbeamea.ro\/albaiulia\/author\/redactia-urbeamea\/"}]}},"_links":{"self":[{"href":"https:\/\/urbeamea.ro\/albaiulia\/wp-json\/wp\/v2\/posts\/106585","targetHints":{"allow":["GET"]}}],"collection":[{"href":"https:\/\/urbeamea.ro\/albaiulia\/wp-json\/wp\/v2\/posts"}],"about":[{"href":"https:\/\/urbeamea.ro\/albaiulia\/wp-json\/wp\/v2\/types\/post"}],"author":[{"embeddable":true,"href":"https:\/\/urbeamea.ro\/albaiulia\/wp-json\/wp\/v2\/users\/16"}],"replies":[{"embeddable":true,"href":"https:\/\/urbeamea.ro\/albaiulia\/wp-json\/wp\/v2\/comments?post=106585"}],"version-history":[{"count":1,"href":"https:\/\/urbeamea.ro\/albaiulia\/wp-json\/wp\/v2\/posts\/106585\/revisions"}],"predecessor-version":[{"id":106593,"href":"https:\/\/urbeamea.ro\/albaiulia\/wp-json\/wp\/v2\/posts\/106585\/revisions\/106593"}],"wp:featuredmedia":[{"embeddable":true,"href":"https:\/\/urbeamea.ro\/albaiulia\/wp-json\/wp\/v2\/media\/106592"}],"wp:attachment":[{"href":"https:\/\/urbeamea.ro\/albaiulia\/wp-json\/wp\/v2\/media?parent=106585"}],"wp:term":[{"taxonomy":"category","embeddable":true,"href":"https:\/\/urbeamea.ro\/albaiulia\/wp-json\/wp\/v2\/categories?post=106585"},{"taxonomy":"post_tag","embeddable":true,"href":"https:\/\/urbeamea.ro\/albaiulia\/wp-json\/wp\/v2\/tags?post=106585"}],"curies":[{"name":"wp","href":"https:\/\/api.w.org\/{rel}","templated":true}]}}