{"id":106599,"date":"2023-02-28T11:35:48","date_gmt":"2023-02-28T09:35:48","guid":{"rendered":"https:\/\/urbeamea.ro\/albaiulia\/?p=106599"},"modified":"2023-02-28T11:35:50","modified_gmt":"2023-02-28T09:35:50","slug":"scriitorii-dumitru-malin-si-radu-todoran-conferentiaza-la-biblioteca-judeteana-lucian-blaga-alba","status":"publish","type":"post","link":"https:\/\/urbeamea.ro\/albaiulia\/scriitorii-dumitru-malin-si-radu-todoran-conferentiaza-la-biblioteca-judeteana-lucian-blaga-alba\/","title":{"rendered":"<strong>Scriitorii Dumitru M\u0103lin \u0219i Radu Todoran conferen\u021biaz\u0103 la Biblioteca Jude\u021bean\u0103 \u201eLucian Blaga\u201d Alba<\/strong>"},"content":{"rendered":"\n<p>Marcat\u0103 \u00een fiecare an pe data de 3 martie, Ziua Mondial\u0103 a Scriitorilor este o s\u0103rb\u0103toare a literaturii propus\u0103 \u00een 1986 de c\u0103tre PEN Club Interna\u021bional. PEN Club International (Poe\u021bi, Esei\u0219ti \u0219i Nuveli\u0219ti) a fost fondat \u00een anul 1921 \u0219i este cea mai important\u0103 organiza\u021bie literar\u0103 mondial\u0103, pled\u00e2nd \u00een special pentru libertatea cuv\u00e2ntului \u0219i promovarea prieteniei \u00eentre scriitorii de pretutindeni, indiferent de opiniile lor. \u00cen Rom\u00e2nia, PEN Club a luat fiin\u021b\u0103 \u00een 1923, printre membrii fondatori num\u0103r\u00e2ndu-se mari scriitori precum Liviu Rebreanu, Lucian Blaga, Mircea Eliade sau Octavian Goga.<\/p>\n\n\n\n<p>Cu prilejul Zilei Mondiale a Scriitorilor, vineri, 3 martie 2023, \u00eencep\u00e2nd cu ora 17:00, la sala de lectur\u0103 a Bibliotecii Jude\u021bene \u201eLucian Blaga\u201d Alba va avea loc conferin\u021ba cu tema \u201eCondi\u021bia scriitorului \u00een Rom\u00e2nia\u201d, conferin\u021b\u0103 ce va fi sus\u021binut\u0103 de c\u0103tre scriitorii albaiulieni Dumitru M\u0103lin \u0219i Radu Todoran, ambii membri ai Uniunii Scriitorilor din Rom\u00e2nia. To\u021bi cei interesa\u021bi de acest subiect sunt a\u0219tepta\u021bi la conferin\u021ba urmat\u0103 de dezbateri pe aceast\u0103 interesant\u0103 \u0219i incitant\u0103 tem\u0103. Intrarea la eveniment este liber\u0103.<\/p>\n\n\n\n<p>Proiectul 3.34 Conferin\u021bele bibliotecii face parte din programul 3 ANIMA\u021aIE CULTURAL\u0102 \u0219i este organizat de Consiliul Jude\u021bean Alba \u0219i Biblioteca Jude\u021bean\u0103 \u201eLucian Blaga\u201d Alba.<\/p>\n\n\n\n<p>Radu Matei Todoran este absolvent al Universit\u0103\u0163ii Tehnice \u201eTraian Vuia\u201d din Timi\u015foara, specialitatea Chimie Industrial\u0103 doctor \u00een management din anul 2009. Cu o prestigioas\u0103 activitate cultural\u0103 \u00eenceput\u0103 \u00een 1976, \u00een prezent este pre\u0219edintele Asocia\u021biei culturale \u201eMirabila s\u0103m\u00e2n\u021b\u0103\u201d din Alba Iulia \u0219i director-fondator al revistei culturale ZENIT22. A publicat volumele:&nbsp; \u201eLumina din propria-mi umbra\u201d, \u201eA\u0219 vrea s\u0103 fiu iar\u0103\u0219i mesteac\u0103n\u201d ,, \u201eClopote de lemn\u201d, \u201ePergamentele Uitarii\u201d, \u201eConspira\u021bia clepsidrei\u2019\u2019. A fost recompensat pentru activitatea sa cultural\u0103 cu Premiul \u201eCalatorul\u201d pentru proza al Uniunii Scriitorilor din Romania, Filiala Alba-Hunedoara; Premiul National de Proza \u201eDamian Izvericeanu\u201d al Centrului Cultural Oravi\u021ba, al Revistei bilingve (romana-italiana) ARTE si al Asociatiei romano-austriece Mittleeuropa, Titlul de CAVALER AL ORDINULUI CULTURAL \u201eEminescu-1868-Oravi\u0163a\u201d OPERA OMNIA la edi\u0163ia 2022 a Festivalului \u201eEminescu la Oravi\u0163a\u201d. A publicat proz\u0103 scurt\u0103, poezie \u0219i articole culturale \u00een peste 20 de publica\u0163ii literare din \u0163ara si str\u0103inatate, printre care amintim: Transilvania, Arca,Pro Saeculum,Discobolul, ARTE, Sintagme Literare,Caiete Silvane, Literatura de azi, Acolada, Orizont,Insemn\u0103ri Iesene, Poezia, Zenit22 etc.<\/p>\n\n\n\n<p>Dumitru M\u0103lin este profesor de limba rom\u00e2n\u0103 \u015fi limba francez\u0103, este doctor \u00een filologie din 2007 \u0219i unul dintre cei mai prolifici scriitori ai jude\u021bului Alba. De-a lungul timpului a ocupat mai multe func\u021bii publice printre care director la Biblioteca Jude\u0163ean\u0103 Alba, director la Centrul de \u00cendrumare a Crea\u0163iei Populare \u015fi a Mic\u0103rii Artistice de Mas\u0103, inspector la Comitetul Jude\u0163ean de Cultur\u0103, inspector \u015fcolar, director la Direc\u0163ia de Cultur\u0103, Culte \u015fi Patrimoniu Cultural-Na\u0163ional Alba, director la Palatul Copiilor Alba Iulia. A debutat publicistic, la v\u00e2rsta de 14 ani, a publicat apoi poezii \u00een aproape toate revistele de cultur\u0103 din \u0163ar\u0103: Orizont, Lucef\u0103rul, Transilvania, Familia, Tribuna, Flac\u0103ra, Tomis, Rom\u00e2nia literar\u0103, Convorbiri literare, Discobolul, G\u00e2nd rom\u00e2nesc, Ramuri, siteul Poemele de l\u00e2ng\u0103 noi de pe Bookblog, siteul Agonia.ro, siteul Re\u0163eaua literar\u0103 \u015fi \u00een ziarul local \u201eUnirea\u201d. Editorial a debutat \u00een anul 1982, cu placheta de versuri \u201eZodia m\u0103rturisirii\u201d, ap\u0103rut\u0103 la Editura \u201eFacla\u201d, Timi\u015foara. Ast\u0103zi opera sa num\u0103r\u0103 peste treizeci de volume de proz\u0103 \u0219i poezie. A primit numeroase premii \u0219i distinc\u021bii dintre care cel mai recent este premiul pentru poezie al Uniunii Scriitorilor din Rom\u00e2nia \u2013 Filiala Sibiu, \u00een anul 2020.&nbsp;<\/p>\n","protected":false},"excerpt":{"rendered":"<p>Marcat\u0103 \u00een fiecare an pe data de 3 martie, Ziua Mondial\u0103 a Scriitorilor este o s\u0103rb\u0103toare a literaturii propus\u0103 \u00een 1986 de c\u0103tre PEN Club Interna\u021bional. PEN Club International (Poe\u021bi, Esei\u0219ti \u0219i Nuveli\u0219ti) a fost fondat \u00een anul 1921 \u0219i este cea mai important\u0103 organiza\u021bie literar\u0103 mondial\u0103, pled\u00e2nd \u00een special pentru libertatea cuv\u00e2ntului \u0219i promovarea &hellip;<\/p>\n","protected":false},"author":16,"featured_media":106600,"comment_status":"open","ping_status":"open","sticky":false,"template":"","format":"standard","meta":{"inline_featured_image":false,"footnotes":""},"categories":[4],"tags":[2113,24772,24773],"class_list":["post-106599","post","type-post","status-publish","format-standard","has-post-thumbnail","hentry","category-eveniment","tag-biblioteca-judeteana-lucian-blaga-alba","tag-scriitor-dumitru-malin","tag-scriitor-radu-todoran"],"yoast_head":"<!-- This site is optimized with the Yoast SEO plugin v27.4 - https:\/\/yoast.com\/product\/yoast-seo-wordpress\/ -->\n<title>Scriitorii Dumitru M\u0103lin \u0219i Radu Todoran conferen\u021biaz\u0103 la Biblioteca Jude\u021bean\u0103 \u201eLucian Blaga\u201d Alba - Revista Urbea Mea - Revista de Alba<\/title>\n<meta name=\"description\" content=\"Marcat\u0103 \u00een fiecare an pe data de 3 martie, Ziua Mondial\u0103 a Scriitorilor este o s\u0103rb\u0103toare a literaturii propus\u0103 \u00een 1986 de c\u0103tre PEN Club Interna\u021bional.\" \/>\n<meta name=\"robots\" content=\"index, follow, max-snippet:-1, max-image-preview:large, max-video-preview:-1\" \/>\n<link rel=\"canonical\" href=\"https:\/\/urbeamea.ro\/albaiulia\/scriitorii-dumitru-malin-si-radu-todoran-conferentiaza-la-biblioteca-judeteana-lucian-blaga-alba\/\" \/>\n<meta name=\"twitter:card\" content=\"summary_large_image\" \/>\n<meta name=\"twitter:title\" content=\"&lt;strong&gt;Scriitorii Dumitru M\u0103lin \u0219i Radu Todoran conferen\u021biaz\u0103 la Biblioteca Jude\u021bean\u0103 \u201eLucian Blaga\u201d Alba&lt;\/strong&gt; - Revista Urbea Mea - Revista de Alba\" \/>\n<meta name=\"twitter:description\" content=\"Marcat\u0103 \u00een fiecare an pe data de 3 martie, Ziua Mondial\u0103 a Scriitorilor este o s\u0103rb\u0103toare a literaturii propus\u0103 \u00een 1986 de c\u0103tre PEN Club Interna\u021bional.\" \/>\n<meta name=\"twitter:image\" content=\"https:\/\/urbeamea.ro\/albaiulia\/wp-content\/uploads\/2023\/02\/Afis-3.34-Conferintele-bibliotecii-martie-2023.jpg\" \/>\n<meta name=\"twitter:creator\" content=\"@urbeameaweb\" \/>\n<meta name=\"twitter:site\" content=\"@urbeameaweb\" \/>\n<script type=\"application\/ld+json\" class=\"yoast-schema-graph\">{\"@context\":\"https:\\\/\\\/schema.org\",\"@graph\":[{\"@type\":\"Article\",\"@id\":\"https:\\\/\\\/urbeamea.ro\\\/albaiulia\\\/scriitorii-dumitru-malin-si-radu-todoran-conferentiaza-la-biblioteca-judeteana-lucian-blaga-alba\\\/#article\",\"isPartOf\":{\"@id\":\"https:\\\/\\\/urbeamea.ro\\\/albaiulia\\\/scriitorii-dumitru-malin-si-radu-todoran-conferentiaza-la-biblioteca-judeteana-lucian-blaga-alba\\\/\"},\"author\":{\"name\":\"Redac\u021bia UrbeaMea\",\"@id\":\"https:\\\/\\\/urbeamea.ro\\\/albaiulia\\\/#\\\/schema\\\/person\\\/272ae98052f8ee8980f59848df070247\"},\"headline\":\"Scriitorii Dumitru M\u0103lin \u0219i Radu Todoran conferen\u021biaz\u0103 la Biblioteca Jude\u021bean\u0103 \u201eLucian Blaga\u201d Alba\",\"datePublished\":\"2023-02-28T09:35:48+00:00\",\"dateModified\":\"2023-02-28T09:35:50+00:00\",\"mainEntityOfPage\":{\"@id\":\"https:\\\/\\\/urbeamea.ro\\\/albaiulia\\\/scriitorii-dumitru-malin-si-radu-todoran-conferentiaza-la-biblioteca-judeteana-lucian-blaga-alba\\\/\"},\"wordCount\":617,\"commentCount\":0,\"image\":{\"@id\":\"https:\\\/\\\/urbeamea.ro\\\/albaiulia\\\/scriitorii-dumitru-malin-si-radu-todoran-conferentiaza-la-biblioteca-judeteana-lucian-blaga-alba\\\/#primaryimage\"},\"thumbnailUrl\":\"https:\\\/\\\/urbeamea.ro\\\/albaiulia\\\/wp-content\\\/uploads\\\/2023\\\/02\\\/Afis-3.34-Conferintele-bibliotecii-martie-2023.jpg\",\"keywords\":[\"Biblioteca Jude\u0163ean\u0103 \u201cLucian Blaga\u201d Alba\",\"scriitor dumitru malin\",\"scriitor radu todoran\"],\"articleSection\":[\"Evenimente\"],\"inLanguage\":\"ro-RO\",\"potentialAction\":[{\"@type\":\"CommentAction\",\"name\":\"Comment\",\"target\":[\"https:\\\/\\\/urbeamea.ro\\\/albaiulia\\\/scriitorii-dumitru-malin-si-radu-todoran-conferentiaza-la-biblioteca-judeteana-lucian-blaga-alba\\\/#respond\"]}]},{\"@type\":\"WebPage\",\"@id\":\"https:\\\/\\\/urbeamea.ro\\\/albaiulia\\\/scriitorii-dumitru-malin-si-radu-todoran-conferentiaza-la-biblioteca-judeteana-lucian-blaga-alba\\\/\",\"url\":\"https:\\\/\\\/urbeamea.ro\\\/albaiulia\\\/scriitorii-dumitru-malin-si-radu-todoran-conferentiaza-la-biblioteca-judeteana-lucian-blaga-alba\\\/\",\"name\":\"Scriitorii Dumitru M\u0103lin \u0219i Radu Todoran conferen\u021biaz\u0103 la Biblioteca Jude\u021bean\u0103 \u201eLucian Blaga\u201d Alba - Revista Urbea Mea - Revista de Alba\",\"isPartOf\":{\"@id\":\"https:\\\/\\\/urbeamea.ro\\\/albaiulia\\\/#website\"},\"primaryImageOfPage\":{\"@id\":\"https:\\\/\\\/urbeamea.ro\\\/albaiulia\\\/scriitorii-dumitru-malin-si-radu-todoran-conferentiaza-la-biblioteca-judeteana-lucian-blaga-alba\\\/#primaryimage\"},\"image\":{\"@id\":\"https:\\\/\\\/urbeamea.ro\\\/albaiulia\\\/scriitorii-dumitru-malin-si-radu-todoran-conferentiaza-la-biblioteca-judeteana-lucian-blaga-alba\\\/#primaryimage\"},\"thumbnailUrl\":\"https:\\\/\\\/urbeamea.ro\\\/albaiulia\\\/wp-content\\\/uploads\\\/2023\\\/02\\\/Afis-3.34-Conferintele-bibliotecii-martie-2023.jpg\",\"datePublished\":\"2023-02-28T09:35:48+00:00\",\"dateModified\":\"2023-02-28T09:35:50+00:00\",\"author\":{\"@id\":\"https:\\\/\\\/urbeamea.ro\\\/albaiulia\\\/#\\\/schema\\\/person\\\/272ae98052f8ee8980f59848df070247\"},\"description\":\"Marcat\u0103 \u00een fiecare an pe data de 3 martie, Ziua Mondial\u0103 a Scriitorilor este o s\u0103rb\u0103toare a literaturii propus\u0103 \u00een 1986 de c\u0103tre PEN Club Interna\u021bional.\",\"breadcrumb\":{\"@id\":\"https:\\\/\\\/urbeamea.ro\\\/albaiulia\\\/scriitorii-dumitru-malin-si-radu-todoran-conferentiaza-la-biblioteca-judeteana-lucian-blaga-alba\\\/#breadcrumb\"},\"inLanguage\":\"ro-RO\",\"potentialAction\":[{\"@type\":\"ReadAction\",\"target\":[\"https:\\\/\\\/urbeamea.ro\\\/albaiulia\\\/scriitorii-dumitru-malin-si-radu-todoran-conferentiaza-la-biblioteca-judeteana-lucian-blaga-alba\\\/\"]}]},{\"@type\":\"ImageObject\",\"inLanguage\":\"ro-RO\",\"@id\":\"https:\\\/\\\/urbeamea.ro\\\/albaiulia\\\/scriitorii-dumitru-malin-si-radu-todoran-conferentiaza-la-biblioteca-judeteana-lucian-blaga-alba\\\/#primaryimage\",\"url\":\"https:\\\/\\\/urbeamea.ro\\\/albaiulia\\\/wp-content\\\/uploads\\\/2023\\\/02\\\/Afis-3.34-Conferintele-bibliotecii-martie-2023.jpg\",\"contentUrl\":\"https:\\\/\\\/urbeamea.ro\\\/albaiulia\\\/wp-content\\\/uploads\\\/2023\\\/02\\\/Afis-3.34-Conferintele-bibliotecii-martie-2023.jpg\",\"width\":1131,\"height\":1600},{\"@type\":\"BreadcrumbList\",\"@id\":\"https:\\\/\\\/urbeamea.ro\\\/albaiulia\\\/scriitorii-dumitru-malin-si-radu-todoran-conferentiaza-la-biblioteca-judeteana-lucian-blaga-alba\\\/#breadcrumb\",\"itemListElement\":[{\"@type\":\"ListItem\",\"position\":1,\"name\":\"Prima pagin\u0103\",\"item\":\"https:\\\/\\\/urbeamea.ro\\\/albaiulia\\\/\"},{\"@type\":\"ListItem\",\"position\":2,\"name\":\"Scriitorii Dumitru M\u0103lin \u0219i Radu Todoran conferen\u021biaz\u0103 la Biblioteca Jude\u021bean\u0103 \u201eLucian Blaga\u201d Alba\"}]},{\"@type\":\"WebSite\",\"@id\":\"https:\\\/\\\/urbeamea.ro\\\/albaiulia\\\/#website\",\"url\":\"https:\\\/\\\/urbeamea.ro\\\/albaiulia\\\/\",\"name\":\"Revista Urbea Mea, Stiri urbane\",\"description\":\"Evenimente \u0219i \u0219tiri din Alba Iulia, Sebe\u0219, Aiud, Blaj\",\"potentialAction\":[{\"@type\":\"SearchAction\",\"target\":{\"@type\":\"EntryPoint\",\"urlTemplate\":\"https:\\\/\\\/urbeamea.ro\\\/albaiulia\\\/?s={search_term_string}\"},\"query-input\":{\"@type\":\"PropertyValueSpecification\",\"valueRequired\":true,\"valueName\":\"search_term_string\"}}],\"inLanguage\":\"ro-RO\"},{\"@type\":\"Person\",\"@id\":\"https:\\\/\\\/urbeamea.ro\\\/albaiulia\\\/#\\\/schema\\\/person\\\/272ae98052f8ee8980f59848df070247\",\"name\":\"Redac\u021bia UrbeaMea\",\"image\":{\"@type\":\"ImageObject\",\"inLanguage\":\"ro-RO\",\"@id\":\"https:\\\/\\\/secure.gravatar.com\\\/avatar\\\/9ce5a9435071fa1037e8468053ead8e513dbbff59009d3069aadb85506d85a27?s=96&d=mm&r=g\",\"url\":\"https:\\\/\\\/secure.gravatar.com\\\/avatar\\\/9ce5a9435071fa1037e8468053ead8e513dbbff59009d3069aadb85506d85a27?s=96&d=mm&r=g\",\"contentUrl\":\"https:\\\/\\\/secure.gravatar.com\\\/avatar\\\/9ce5a9435071fa1037e8468053ead8e513dbbff59009d3069aadb85506d85a27?s=96&d=mm&r=g\",\"caption\":\"Redac\u021bia UrbeaMea\"},\"description\":\"contact@urbeamea.ro\",\"sameAs\":[\"https:\\\/\\\/www.urbeamea.ro\"],\"url\":\"https:\\\/\\\/urbeamea.ro\\\/albaiulia\\\/author\\\/redactia-urbeamea\\\/\"}]}<\/script>\n<!-- \/ Yoast SEO plugin. -->","yoast_head_json":{"title":"Scriitorii Dumitru M\u0103lin \u0219i Radu Todoran conferen\u021biaz\u0103 la Biblioteca Jude\u021bean\u0103 \u201eLucian Blaga\u201d Alba - Revista Urbea Mea - Revista de Alba","description":"Marcat\u0103 \u00een fiecare an pe data de 3 martie, Ziua Mondial\u0103 a Scriitorilor este o s\u0103rb\u0103toare a literaturii propus\u0103 \u00een 1986 de c\u0103tre PEN Club Interna\u021bional.","robots":{"index":"index","follow":"follow","max-snippet":"max-snippet:-1","max-image-preview":"max-image-preview:large","max-video-preview":"max-video-preview:-1"},"canonical":"https:\/\/urbeamea.ro\/albaiulia\/scriitorii-dumitru-malin-si-radu-todoran-conferentiaza-la-biblioteca-judeteana-lucian-blaga-alba\/","twitter_card":"summary_large_image","twitter_title":"<strong>Scriitorii Dumitru M\u0103lin \u0219i Radu Todoran conferen\u021biaz\u0103 la Biblioteca Jude\u021bean\u0103 \u201eLucian Blaga\u201d Alba<\/strong> - Revista Urbea Mea - Revista de Alba","twitter_description":"Marcat\u0103 \u00een fiecare an pe data de 3 martie, Ziua Mondial\u0103 a Scriitorilor este o s\u0103rb\u0103toare a literaturii propus\u0103 \u00een 1986 de c\u0103tre PEN Club Interna\u021bional.","twitter_image":"https:\/\/urbeamea.ro\/albaiulia\/wp-content\/uploads\/2023\/02\/Afis-3.34-Conferintele-bibliotecii-martie-2023.jpg","twitter_creator":"@urbeameaweb","twitter_site":"@urbeameaweb","schema":{"@context":"https:\/\/schema.org","@graph":[{"@type":"Article","@id":"https:\/\/urbeamea.ro\/albaiulia\/scriitorii-dumitru-malin-si-radu-todoran-conferentiaza-la-biblioteca-judeteana-lucian-blaga-alba\/#article","isPartOf":{"@id":"https:\/\/urbeamea.ro\/albaiulia\/scriitorii-dumitru-malin-si-radu-todoran-conferentiaza-la-biblioteca-judeteana-lucian-blaga-alba\/"},"author":{"name":"Redac\u021bia UrbeaMea","@id":"https:\/\/urbeamea.ro\/albaiulia\/#\/schema\/person\/272ae98052f8ee8980f59848df070247"},"headline":"Scriitorii Dumitru M\u0103lin \u0219i Radu Todoran conferen\u021biaz\u0103 la Biblioteca Jude\u021bean\u0103 \u201eLucian Blaga\u201d Alba","datePublished":"2023-02-28T09:35:48+00:00","dateModified":"2023-02-28T09:35:50+00:00","mainEntityOfPage":{"@id":"https:\/\/urbeamea.ro\/albaiulia\/scriitorii-dumitru-malin-si-radu-todoran-conferentiaza-la-biblioteca-judeteana-lucian-blaga-alba\/"},"wordCount":617,"commentCount":0,"image":{"@id":"https:\/\/urbeamea.ro\/albaiulia\/scriitorii-dumitru-malin-si-radu-todoran-conferentiaza-la-biblioteca-judeteana-lucian-blaga-alba\/#primaryimage"},"thumbnailUrl":"https:\/\/urbeamea.ro\/albaiulia\/wp-content\/uploads\/2023\/02\/Afis-3.34-Conferintele-bibliotecii-martie-2023.jpg","keywords":["Biblioteca Jude\u0163ean\u0103 \u201cLucian Blaga\u201d Alba","scriitor dumitru malin","scriitor radu todoran"],"articleSection":["Evenimente"],"inLanguage":"ro-RO","potentialAction":[{"@type":"CommentAction","name":"Comment","target":["https:\/\/urbeamea.ro\/albaiulia\/scriitorii-dumitru-malin-si-radu-todoran-conferentiaza-la-biblioteca-judeteana-lucian-blaga-alba\/#respond"]}]},{"@type":"WebPage","@id":"https:\/\/urbeamea.ro\/albaiulia\/scriitorii-dumitru-malin-si-radu-todoran-conferentiaza-la-biblioteca-judeteana-lucian-blaga-alba\/","url":"https:\/\/urbeamea.ro\/albaiulia\/scriitorii-dumitru-malin-si-radu-todoran-conferentiaza-la-biblioteca-judeteana-lucian-blaga-alba\/","name":"Scriitorii Dumitru M\u0103lin \u0219i Radu Todoran conferen\u021biaz\u0103 la Biblioteca Jude\u021bean\u0103 \u201eLucian Blaga\u201d Alba - Revista Urbea Mea - Revista de Alba","isPartOf":{"@id":"https:\/\/urbeamea.ro\/albaiulia\/#website"},"primaryImageOfPage":{"@id":"https:\/\/urbeamea.ro\/albaiulia\/scriitorii-dumitru-malin-si-radu-todoran-conferentiaza-la-biblioteca-judeteana-lucian-blaga-alba\/#primaryimage"},"image":{"@id":"https:\/\/urbeamea.ro\/albaiulia\/scriitorii-dumitru-malin-si-radu-todoran-conferentiaza-la-biblioteca-judeteana-lucian-blaga-alba\/#primaryimage"},"thumbnailUrl":"https:\/\/urbeamea.ro\/albaiulia\/wp-content\/uploads\/2023\/02\/Afis-3.34-Conferintele-bibliotecii-martie-2023.jpg","datePublished":"2023-02-28T09:35:48+00:00","dateModified":"2023-02-28T09:35:50+00:00","author":{"@id":"https:\/\/urbeamea.ro\/albaiulia\/#\/schema\/person\/272ae98052f8ee8980f59848df070247"},"description":"Marcat\u0103 \u00een fiecare an pe data de 3 martie, Ziua Mondial\u0103 a Scriitorilor este o s\u0103rb\u0103toare a literaturii propus\u0103 \u00een 1986 de c\u0103tre PEN Club Interna\u021bional.","breadcrumb":{"@id":"https:\/\/urbeamea.ro\/albaiulia\/scriitorii-dumitru-malin-si-radu-todoran-conferentiaza-la-biblioteca-judeteana-lucian-blaga-alba\/#breadcrumb"},"inLanguage":"ro-RO","potentialAction":[{"@type":"ReadAction","target":["https:\/\/urbeamea.ro\/albaiulia\/scriitorii-dumitru-malin-si-radu-todoran-conferentiaza-la-biblioteca-judeteana-lucian-blaga-alba\/"]}]},{"@type":"ImageObject","inLanguage":"ro-RO","@id":"https:\/\/urbeamea.ro\/albaiulia\/scriitorii-dumitru-malin-si-radu-todoran-conferentiaza-la-biblioteca-judeteana-lucian-blaga-alba\/#primaryimage","url":"https:\/\/urbeamea.ro\/albaiulia\/wp-content\/uploads\/2023\/02\/Afis-3.34-Conferintele-bibliotecii-martie-2023.jpg","contentUrl":"https:\/\/urbeamea.ro\/albaiulia\/wp-content\/uploads\/2023\/02\/Afis-3.34-Conferintele-bibliotecii-martie-2023.jpg","width":1131,"height":1600},{"@type":"BreadcrumbList","@id":"https:\/\/urbeamea.ro\/albaiulia\/scriitorii-dumitru-malin-si-radu-todoran-conferentiaza-la-biblioteca-judeteana-lucian-blaga-alba\/#breadcrumb","itemListElement":[{"@type":"ListItem","position":1,"name":"Prima pagin\u0103","item":"https:\/\/urbeamea.ro\/albaiulia\/"},{"@type":"ListItem","position":2,"name":"Scriitorii Dumitru M\u0103lin \u0219i Radu Todoran conferen\u021biaz\u0103 la Biblioteca Jude\u021bean\u0103 \u201eLucian Blaga\u201d Alba"}]},{"@type":"WebSite","@id":"https:\/\/urbeamea.ro\/albaiulia\/#website","url":"https:\/\/urbeamea.ro\/albaiulia\/","name":"Revista Urbea Mea, Stiri urbane","description":"Evenimente \u0219i \u0219tiri din Alba Iulia, Sebe\u0219, Aiud, Blaj","potentialAction":[{"@type":"SearchAction","target":{"@type":"EntryPoint","urlTemplate":"https:\/\/urbeamea.ro\/albaiulia\/?s={search_term_string}"},"query-input":{"@type":"PropertyValueSpecification","valueRequired":true,"valueName":"search_term_string"}}],"inLanguage":"ro-RO"},{"@type":"Person","@id":"https:\/\/urbeamea.ro\/albaiulia\/#\/schema\/person\/272ae98052f8ee8980f59848df070247","name":"Redac\u021bia UrbeaMea","image":{"@type":"ImageObject","inLanguage":"ro-RO","@id":"https:\/\/secure.gravatar.com\/avatar\/9ce5a9435071fa1037e8468053ead8e513dbbff59009d3069aadb85506d85a27?s=96&d=mm&r=g","url":"https:\/\/secure.gravatar.com\/avatar\/9ce5a9435071fa1037e8468053ead8e513dbbff59009d3069aadb85506d85a27?s=96&d=mm&r=g","contentUrl":"https:\/\/secure.gravatar.com\/avatar\/9ce5a9435071fa1037e8468053ead8e513dbbff59009d3069aadb85506d85a27?s=96&d=mm&r=g","caption":"Redac\u021bia UrbeaMea"},"description":"contact@urbeamea.ro","sameAs":["https:\/\/www.urbeamea.ro"],"url":"https:\/\/urbeamea.ro\/albaiulia\/author\/redactia-urbeamea\/"}]}},"_links":{"self":[{"href":"https:\/\/urbeamea.ro\/albaiulia\/wp-json\/wp\/v2\/posts\/106599","targetHints":{"allow":["GET"]}}],"collection":[{"href":"https:\/\/urbeamea.ro\/albaiulia\/wp-json\/wp\/v2\/posts"}],"about":[{"href":"https:\/\/urbeamea.ro\/albaiulia\/wp-json\/wp\/v2\/types\/post"}],"author":[{"embeddable":true,"href":"https:\/\/urbeamea.ro\/albaiulia\/wp-json\/wp\/v2\/users\/16"}],"replies":[{"embeddable":true,"href":"https:\/\/urbeamea.ro\/albaiulia\/wp-json\/wp\/v2\/comments?post=106599"}],"version-history":[{"count":1,"href":"https:\/\/urbeamea.ro\/albaiulia\/wp-json\/wp\/v2\/posts\/106599\/revisions"}],"predecessor-version":[{"id":106601,"href":"https:\/\/urbeamea.ro\/albaiulia\/wp-json\/wp\/v2\/posts\/106599\/revisions\/106601"}],"wp:featuredmedia":[{"embeddable":true,"href":"https:\/\/urbeamea.ro\/albaiulia\/wp-json\/wp\/v2\/media\/106600"}],"wp:attachment":[{"href":"https:\/\/urbeamea.ro\/albaiulia\/wp-json\/wp\/v2\/media?parent=106599"}],"wp:term":[{"taxonomy":"category","embeddable":true,"href":"https:\/\/urbeamea.ro\/albaiulia\/wp-json\/wp\/v2\/categories?post=106599"},{"taxonomy":"post_tag","embeddable":true,"href":"https:\/\/urbeamea.ro\/albaiulia\/wp-json\/wp\/v2\/tags?post=106599"}],"curies":[{"name":"wp","href":"https:\/\/api.w.org\/{rel}","templated":true}]}}