{"id":107035,"date":"2023-03-21T13:12:46","date_gmt":"2023-03-21T11:12:46","guid":{"rendered":"https:\/\/urbeamea.ro\/albaiulia\/?p=107035"},"modified":"2023-03-21T13:12:49","modified_gmt":"2023-03-21T11:12:49","slug":"skepsis-va-invita-la-celebrarea-zilei-mondiale-a-teatrului","status":"publish","type":"post","link":"https:\/\/urbeamea.ro\/albaiulia\/skepsis-va-invita-la-celebrarea-zilei-mondiale-a-teatrului\/","title":{"rendered":"SKEPSIS v\u0103 invit\u0103 la celebrarea Zilei Mondiale a Teatrului"},"content":{"rendered":"\n<p><strong>Luni, 27.03.2023, ora 19.00, la Casa de Cultur\u0103 a Studen\u021bilor Alba Iulia, Grupul Skepsis va celebra Ziua Mondial\u0103 a Teatrului prezent\u00e2nd spectacolul \u201dCerere \u00een C\u0103s\u0103torie\u201d, dup\u0103 A.P.Cehov<\/strong><strong><\/strong><\/p>\n\n\n\n<p>\u00cen fiecare an, la 27 martie, Ziua Mondial\u0103 a Teatrului este celebrat\u0103 \u00een scopul valoriz\u0103rii teatrului \u00een toate formele sale \u015fi pentru a permite comunit\u0103\u0163ilor de teatru s\u0103-\u015fi promoveze activitatea la nivel mondial.<\/p>\n\n\n\n<p>Conform&nbsp;<a href=\"https:\/\/www.world-theatre-day.org\/\" target=\"_blank\" rel=\"noreferrer noopener\">www.world-theatre-day.org<\/a>, Ziua Mondial\u0103 a Teatrului a fost instituit\u0103 \u00een 1961, de Institutul Interna\u0163ional de Teatru (ITI) \u0219i din 1962 a devenit un eveniment anual, organizat de centrele ITI \u015fi comunitatea interna\u0163ional\u0103 de teatru. Institutul Interna\u0163ional de Teatru reprezint\u0103 cea mai important\u0103 organiza\u0163ie non-guvernamental\u0103 din domeniul artistic \u015fi a fost \u00eenfiin\u0163at\u0103 \u00een 1948, la ini\u0163iativa UNESCO.<\/p>\n\n\n\n<p>\u201dPentru a omagia arta pe care o servim, cu ocazia Zilei Mondiale a Teatrului v\u0103 oferim o comedie savuroas\u0103, un spectacol de suflet pentru trupa noastr\u0103, un spectacol &nbsp;care&nbsp;reprezint\u0103 una dintre primele trepte \u00een evolu\u021bia noastr\u0103 \u201d \u2013 Viorel Cioflic\u0103.<\/p>\n\n\n\n<p>Spectacolul \u201eCerere \u00een C\u0103s\u0103torie\u201d, dup\u0103 A.P. Cehov, este construit pe baza uneia dintre piesele \u00eentr-un singur act ale autorului, care satirizeaz\u0103 convenien\u0163a cu care era tratat\u0103 c\u0103s\u0103toria \u00een epoca sa. \u00cen pofida simplit\u0103\u0163ii intrigii Cehov reu\u015fe\u015fte s\u0103 creeze c\u00e2teva personaje pe care le putem recunoa\u015fte \u015fi ast\u0103zi \u00een lumea din jur, prin motiva\u0163iile, inten\u0163iile \u015fi comportamentele lor.<\/p>\n\n\n\n<p>Biletele (20 lei pt adul\u021bi; 10 lei pt elevi, studen\u021bi \u0219i pensionari; 5 lei pt copii) pot fi achizi\u021bionate de la secretariatul Casei de Cultur\u0103 a Studen\u021bilor \u00eencep\u00e2nd de Miercuri, 22.03.2023, \u00eentre orele 09.00-15.00 \u0219i Luni, 27.03.2023 p\u00e2n\u0103 la ora 18.30. Fondurile ob\u021binute astfel sunt direc\u021bionate exclusiv spre sus\u021binerea proiectului cultural \u201dStagiunea cu Skepsis 2023\u201d.<\/p>\n\n\n\n<p>Evenimentul este prezentat \u00een cadrul proiectului <em>Stagiunea cu Skepsis 2023<\/em> \u2013 un proiect care urm\u0103re\u015fte implicarea tineretului \u00een diversificarea ofertei cultural-artistice a ora\u015fului \u015fi participarea civic\u0103 la via\u0163a sociocultural\u0103. Prin acest proiect Grupul Skepsis formeaz\u0103 tineri actori, dezvolt\u0103 colabor\u0103ri cu arti\u015fti din \u0163ar\u0103 \u015fi din str\u0103in\u0103tate, preg\u0103te\u015fte \u015fi ofer\u0103 \u00een mod riguros \u015fi sistematic publicului albaiulian spectacole de teatru \u015fi divertisment pe \u00eentreg parcursul anului.<\/p>\n\n\n\n<p><strong>Parteneri:<\/strong> Prim\u0103ria Municipiului Alba Iulia; Casa de Cultur\u0103 a Studen\u0163ilor Alba Iulia; Funda\u0163ia \u201eInter-Art\u201d Aiud; Universitatea \u201d1 Decembrie 1918\u201d Alba Iulia; Muzeul Na\u021bional al Unirii Alba Iullia<\/p>\n\n\n\n<figure class=\"wp-block-gallery has-nested-images columns-default is-cropped wp-block-gallery-1 is-layout-flex wp-block-gallery-is-layout-flex\">\n<figure class=\"wp-block-image size-large\"><a href=\"https:\/\/urbeamea.ro\/albaiulia\/wp-content\/uploads\/2023\/03\/DSC_0294-2.jpg\"><img loading=\"lazy\" decoding=\"async\" width=\"1280\" height=\"780\" data-id=\"107036\" src=\"https:\/\/urbeamea.ro\/albaiulia\/wp-content\/uploads\/2023\/03\/DSC_0294-2-1280x780.jpg\" alt=\"\" class=\"wp-image-107036\" srcset=\"https:\/\/urbeamea.ro\/albaiulia\/wp-content\/uploads\/2023\/03\/DSC_0294-2-1280x780.jpg 1280w, https:\/\/urbeamea.ro\/albaiulia\/wp-content\/uploads\/2023\/03\/DSC_0294-2-640x390.jpg 640w, https:\/\/urbeamea.ro\/albaiulia\/wp-content\/uploads\/2023\/03\/DSC_0294-2-150x91.jpg 150w, https:\/\/urbeamea.ro\/albaiulia\/wp-content\/uploads\/2023\/03\/DSC_0294-2-768x468.jpg 768w, https:\/\/urbeamea.ro\/albaiulia\/wp-content\/uploads\/2023\/03\/DSC_0294-2-1536x936.jpg 1536w, https:\/\/urbeamea.ro\/albaiulia\/wp-content\/uploads\/2023\/03\/DSC_0294-2.jpg 1600w\" sizes=\"auto, (max-width: 1280px) 100vw, 1280px\" \/><\/a><\/figure>\n\n\n\n<figure class=\"wp-block-image size-large\"><a href=\"https:\/\/urbeamea.ro\/albaiulia\/wp-content\/uploads\/2023\/03\/DSC_0301-2.jpg\"><img loading=\"lazy\" decoding=\"async\" width=\"1280\" height=\"851\" data-id=\"107038\" src=\"https:\/\/urbeamea.ro\/albaiulia\/wp-content\/uploads\/2023\/03\/DSC_0301-2-1280x851.jpg\" alt=\"\" class=\"wp-image-107038\" srcset=\"https:\/\/urbeamea.ro\/albaiulia\/wp-content\/uploads\/2023\/03\/DSC_0301-2-1280x851.jpg 1280w, https:\/\/urbeamea.ro\/albaiulia\/wp-content\/uploads\/2023\/03\/DSC_0301-2-640x426.jpg 640w, https:\/\/urbeamea.ro\/albaiulia\/wp-content\/uploads\/2023\/03\/DSC_0301-2-150x100.jpg 150w, https:\/\/urbeamea.ro\/albaiulia\/wp-content\/uploads\/2023\/03\/DSC_0301-2-768x511.jpg 768w, https:\/\/urbeamea.ro\/albaiulia\/wp-content\/uploads\/2023\/03\/DSC_0301-2-1536x1021.jpg 1536w, https:\/\/urbeamea.ro\/albaiulia\/wp-content\/uploads\/2023\/03\/DSC_0301-2.jpg 1600w\" sizes=\"auto, (max-width: 1280px) 100vw, 1280px\" \/><\/a><\/figure>\n\n\n\n<figure class=\"wp-block-image size-large\"><a href=\"https:\/\/urbeamea.ro\/albaiulia\/wp-content\/uploads\/2023\/03\/DSC_0229-2.jpg\"><img loading=\"lazy\" decoding=\"async\" width=\"1280\" height=\"851\" data-id=\"107037\" src=\"https:\/\/urbeamea.ro\/albaiulia\/wp-content\/uploads\/2023\/03\/DSC_0229-2-1280x851.jpg\" alt=\"\" class=\"wp-image-107037\" srcset=\"https:\/\/urbeamea.ro\/albaiulia\/wp-content\/uploads\/2023\/03\/DSC_0229-2-1280x851.jpg 1280w, https:\/\/urbeamea.ro\/albaiulia\/wp-content\/uploads\/2023\/03\/DSC_0229-2-640x426.jpg 640w, https:\/\/urbeamea.ro\/albaiulia\/wp-content\/uploads\/2023\/03\/DSC_0229-2-150x100.jpg 150w, https:\/\/urbeamea.ro\/albaiulia\/wp-content\/uploads\/2023\/03\/DSC_0229-2-768x511.jpg 768w, https:\/\/urbeamea.ro\/albaiulia\/wp-content\/uploads\/2023\/03\/DSC_0229-2-1536x1021.jpg 1536w, https:\/\/urbeamea.ro\/albaiulia\/wp-content\/uploads\/2023\/03\/DSC_0229-2.jpg 1600w\" sizes=\"auto, (max-width: 1280px) 100vw, 1280px\" \/><\/a><\/figure>\n<\/figure>\n","protected":false},"excerpt":{"rendered":"<p>Luni, 27.03.2023, ora 19.00, la Casa de Cultur\u0103 a Studen\u021bilor Alba Iulia, Grupul Skepsis va celebra Ziua Mondial\u0103 a Teatrului prezent\u00e2nd spectacolul \u201dCerere \u00een C\u0103s\u0103torie\u201d, dup\u0103 A.P.Cehov \u00cen fiecare an, la 27 martie, Ziua Mondial\u0103 a Teatrului este celebrat\u0103 \u00een scopul valoriz\u0103rii teatrului \u00een toate formele sale \u015fi pentru a permite comunit\u0103\u0163ilor de teatru s\u0103-\u015fi &hellip;<\/p>\n","protected":false},"author":16,"featured_media":107039,"comment_status":"open","ping_status":"open","sticky":false,"template":"","format":"standard","meta":{"inline_featured_image":false,"footnotes":""},"categories":[4],"tags":[378],"class_list":["post-107035","post","type-post","status-publish","format-standard","has-post-thumbnail","hentry","category-eveniment","tag-skepsis"],"yoast_head":"<!-- This site is optimized with the Yoast SEO plugin v27.4 - https:\/\/yoast.com\/product\/yoast-seo-wordpress\/ -->\n<title>SKEPSIS v\u0103 invit\u0103 la celebrarea Zilei Mondiale a Teatrului - Revista Urbea Mea - Revista de Alba<\/title>\n<meta name=\"description\" content=\"Luni, 27.03.2023, ora 19.00, la Casa de Cultur\u0103 a Studen\u021bilor Alba Iulia, Grupul Skepsis va celebra Ziua Mondial\u0103 a Teatrului prezent\u00e2nd spectacolul\" \/>\n<meta name=\"robots\" content=\"index, follow, max-snippet:-1, max-image-preview:large, max-video-preview:-1\" \/>\n<link rel=\"canonical\" href=\"https:\/\/urbeamea.ro\/albaiulia\/skepsis-va-invita-la-celebrarea-zilei-mondiale-a-teatrului\/\" \/>\n<meta name=\"twitter:card\" content=\"summary_large_image\" \/>\n<meta name=\"twitter:title\" content=\"SKEPSIS v\u0103 invit\u0103 la celebrarea Zilei Mondiale a Teatrului - Revista Urbea Mea - Revista de Alba\" \/>\n<meta name=\"twitter:description\" content=\"Luni, 27.03.2023, ora 19.00, la Casa de Cultur\u0103 a Studen\u021bilor Alba Iulia, Grupul Skepsis va celebra Ziua Mondial\u0103 a Teatrului prezent\u00e2nd spectacolul\" \/>\n<meta name=\"twitter:image\" content=\"https:\/\/urbeamea.ro\/albaiulia\/wp-content\/uploads\/2023\/03\/cerere-afis.jpeg\" \/>\n<meta name=\"twitter:creator\" content=\"@urbeameaweb\" \/>\n<meta name=\"twitter:site\" content=\"@urbeameaweb\" \/>\n<script type=\"application\/ld+json\" class=\"yoast-schema-graph\">{\"@context\":\"https:\\\/\\\/schema.org\",\"@graph\":[{\"@type\":\"Article\",\"@id\":\"https:\\\/\\\/urbeamea.ro\\\/albaiulia\\\/skepsis-va-invita-la-celebrarea-zilei-mondiale-a-teatrului\\\/#article\",\"isPartOf\":{\"@id\":\"https:\\\/\\\/urbeamea.ro\\\/albaiulia\\\/skepsis-va-invita-la-celebrarea-zilei-mondiale-a-teatrului\\\/\"},\"author\":{\"name\":\"Redac\u021bia UrbeaMea\",\"@id\":\"https:\\\/\\\/urbeamea.ro\\\/albaiulia\\\/#\\\/schema\\\/person\\\/272ae98052f8ee8980f59848df070247\"},\"headline\":\"SKEPSIS v\u0103 invit\u0103 la celebrarea Zilei Mondiale a Teatrului\",\"datePublished\":\"2023-03-21T11:12:46+00:00\",\"dateModified\":\"2023-03-21T11:12:49+00:00\",\"mainEntityOfPage\":{\"@id\":\"https:\\\/\\\/urbeamea.ro\\\/albaiulia\\\/skepsis-va-invita-la-celebrarea-zilei-mondiale-a-teatrului\\\/\"},\"wordCount\":410,\"commentCount\":0,\"image\":{\"@id\":\"https:\\\/\\\/urbeamea.ro\\\/albaiulia\\\/skepsis-va-invita-la-celebrarea-zilei-mondiale-a-teatrului\\\/#primaryimage\"},\"thumbnailUrl\":\"https:\\\/\\\/urbeamea.ro\\\/albaiulia\\\/wp-content\\\/uploads\\\/2023\\\/03\\\/cerere-afis.jpeg\",\"keywords\":[\"skepsis\"],\"articleSection\":[\"Evenimente\"],\"inLanguage\":\"ro-RO\",\"potentialAction\":[{\"@type\":\"CommentAction\",\"name\":\"Comment\",\"target\":[\"https:\\\/\\\/urbeamea.ro\\\/albaiulia\\\/skepsis-va-invita-la-celebrarea-zilei-mondiale-a-teatrului\\\/#respond\"]}]},{\"@type\":\"WebPage\",\"@id\":\"https:\\\/\\\/urbeamea.ro\\\/albaiulia\\\/skepsis-va-invita-la-celebrarea-zilei-mondiale-a-teatrului\\\/\",\"url\":\"https:\\\/\\\/urbeamea.ro\\\/albaiulia\\\/skepsis-va-invita-la-celebrarea-zilei-mondiale-a-teatrului\\\/\",\"name\":\"SKEPSIS v\u0103 invit\u0103 la celebrarea Zilei Mondiale a Teatrului - Revista Urbea Mea - Revista de Alba\",\"isPartOf\":{\"@id\":\"https:\\\/\\\/urbeamea.ro\\\/albaiulia\\\/#website\"},\"primaryImageOfPage\":{\"@id\":\"https:\\\/\\\/urbeamea.ro\\\/albaiulia\\\/skepsis-va-invita-la-celebrarea-zilei-mondiale-a-teatrului\\\/#primaryimage\"},\"image\":{\"@id\":\"https:\\\/\\\/urbeamea.ro\\\/albaiulia\\\/skepsis-va-invita-la-celebrarea-zilei-mondiale-a-teatrului\\\/#primaryimage\"},\"thumbnailUrl\":\"https:\\\/\\\/urbeamea.ro\\\/albaiulia\\\/wp-content\\\/uploads\\\/2023\\\/03\\\/cerere-afis.jpeg\",\"datePublished\":\"2023-03-21T11:12:46+00:00\",\"dateModified\":\"2023-03-21T11:12:49+00:00\",\"author\":{\"@id\":\"https:\\\/\\\/urbeamea.ro\\\/albaiulia\\\/#\\\/schema\\\/person\\\/272ae98052f8ee8980f59848df070247\"},\"description\":\"Luni, 27.03.2023, ora 19.00, la Casa de Cultur\u0103 a Studen\u021bilor Alba Iulia, Grupul Skepsis va celebra Ziua Mondial\u0103 a Teatrului prezent\u00e2nd spectacolul\",\"breadcrumb\":{\"@id\":\"https:\\\/\\\/urbeamea.ro\\\/albaiulia\\\/skepsis-va-invita-la-celebrarea-zilei-mondiale-a-teatrului\\\/#breadcrumb\"},\"inLanguage\":\"ro-RO\",\"potentialAction\":[{\"@type\":\"ReadAction\",\"target\":[\"https:\\\/\\\/urbeamea.ro\\\/albaiulia\\\/skepsis-va-invita-la-celebrarea-zilei-mondiale-a-teatrului\\\/\"]}]},{\"@type\":\"ImageObject\",\"inLanguage\":\"ro-RO\",\"@id\":\"https:\\\/\\\/urbeamea.ro\\\/albaiulia\\\/skepsis-va-invita-la-celebrarea-zilei-mondiale-a-teatrului\\\/#primaryimage\",\"url\":\"https:\\\/\\\/urbeamea.ro\\\/albaiulia\\\/wp-content\\\/uploads\\\/2023\\\/03\\\/cerere-afis.jpeg\",\"contentUrl\":\"https:\\\/\\\/urbeamea.ro\\\/albaiulia\\\/wp-content\\\/uploads\\\/2023\\\/03\\\/cerere-afis.jpeg\",\"width\":1592,\"height\":990},{\"@type\":\"BreadcrumbList\",\"@id\":\"https:\\\/\\\/urbeamea.ro\\\/albaiulia\\\/skepsis-va-invita-la-celebrarea-zilei-mondiale-a-teatrului\\\/#breadcrumb\",\"itemListElement\":[{\"@type\":\"ListItem\",\"position\":1,\"name\":\"Prima pagin\u0103\",\"item\":\"https:\\\/\\\/urbeamea.ro\\\/albaiulia\\\/\"},{\"@type\":\"ListItem\",\"position\":2,\"name\":\"SKEPSIS v\u0103 invit\u0103 la celebrarea Zilei Mondiale a Teatrului\"}]},{\"@type\":\"WebSite\",\"@id\":\"https:\\\/\\\/urbeamea.ro\\\/albaiulia\\\/#website\",\"url\":\"https:\\\/\\\/urbeamea.ro\\\/albaiulia\\\/\",\"name\":\"Revista Urbea Mea, Stiri urbane\",\"description\":\"Evenimente \u0219i \u0219tiri din Alba Iulia, Sebe\u0219, Aiud, Blaj\",\"potentialAction\":[{\"@type\":\"SearchAction\",\"target\":{\"@type\":\"EntryPoint\",\"urlTemplate\":\"https:\\\/\\\/urbeamea.ro\\\/albaiulia\\\/?s={search_term_string}\"},\"query-input\":{\"@type\":\"PropertyValueSpecification\",\"valueRequired\":true,\"valueName\":\"search_term_string\"}}],\"inLanguage\":\"ro-RO\"},{\"@type\":\"Person\",\"@id\":\"https:\\\/\\\/urbeamea.ro\\\/albaiulia\\\/#\\\/schema\\\/person\\\/272ae98052f8ee8980f59848df070247\",\"name\":\"Redac\u021bia UrbeaMea\",\"image\":{\"@type\":\"ImageObject\",\"inLanguage\":\"ro-RO\",\"@id\":\"https:\\\/\\\/secure.gravatar.com\\\/avatar\\\/9ce5a9435071fa1037e8468053ead8e513dbbff59009d3069aadb85506d85a27?s=96&d=mm&r=g\",\"url\":\"https:\\\/\\\/secure.gravatar.com\\\/avatar\\\/9ce5a9435071fa1037e8468053ead8e513dbbff59009d3069aadb85506d85a27?s=96&d=mm&r=g\",\"contentUrl\":\"https:\\\/\\\/secure.gravatar.com\\\/avatar\\\/9ce5a9435071fa1037e8468053ead8e513dbbff59009d3069aadb85506d85a27?s=96&d=mm&r=g\",\"caption\":\"Redac\u021bia UrbeaMea\"},\"description\":\"contact@urbeamea.ro\",\"sameAs\":[\"https:\\\/\\\/www.urbeamea.ro\"],\"url\":\"https:\\\/\\\/urbeamea.ro\\\/albaiulia\\\/author\\\/redactia-urbeamea\\\/\"}]}<\/script>\n<!-- \/ Yoast SEO plugin. -->","yoast_head_json":{"title":"SKEPSIS v\u0103 invit\u0103 la celebrarea Zilei Mondiale a Teatrului - Revista Urbea Mea - Revista de Alba","description":"Luni, 27.03.2023, ora 19.00, la Casa de Cultur\u0103 a Studen\u021bilor Alba Iulia, Grupul Skepsis va celebra Ziua Mondial\u0103 a Teatrului prezent\u00e2nd spectacolul","robots":{"index":"index","follow":"follow","max-snippet":"max-snippet:-1","max-image-preview":"max-image-preview:large","max-video-preview":"max-video-preview:-1"},"canonical":"https:\/\/urbeamea.ro\/albaiulia\/skepsis-va-invita-la-celebrarea-zilei-mondiale-a-teatrului\/","twitter_card":"summary_large_image","twitter_title":"SKEPSIS v\u0103 invit\u0103 la celebrarea Zilei Mondiale a Teatrului - Revista Urbea Mea - Revista de Alba","twitter_description":"Luni, 27.03.2023, ora 19.00, la Casa de Cultur\u0103 a Studen\u021bilor Alba Iulia, Grupul Skepsis va celebra Ziua Mondial\u0103 a Teatrului prezent\u00e2nd spectacolul","twitter_image":"https:\/\/urbeamea.ro\/albaiulia\/wp-content\/uploads\/2023\/03\/cerere-afis.jpeg","twitter_creator":"@urbeameaweb","twitter_site":"@urbeameaweb","schema":{"@context":"https:\/\/schema.org","@graph":[{"@type":"Article","@id":"https:\/\/urbeamea.ro\/albaiulia\/skepsis-va-invita-la-celebrarea-zilei-mondiale-a-teatrului\/#article","isPartOf":{"@id":"https:\/\/urbeamea.ro\/albaiulia\/skepsis-va-invita-la-celebrarea-zilei-mondiale-a-teatrului\/"},"author":{"name":"Redac\u021bia UrbeaMea","@id":"https:\/\/urbeamea.ro\/albaiulia\/#\/schema\/person\/272ae98052f8ee8980f59848df070247"},"headline":"SKEPSIS v\u0103 invit\u0103 la celebrarea Zilei Mondiale a Teatrului","datePublished":"2023-03-21T11:12:46+00:00","dateModified":"2023-03-21T11:12:49+00:00","mainEntityOfPage":{"@id":"https:\/\/urbeamea.ro\/albaiulia\/skepsis-va-invita-la-celebrarea-zilei-mondiale-a-teatrului\/"},"wordCount":410,"commentCount":0,"image":{"@id":"https:\/\/urbeamea.ro\/albaiulia\/skepsis-va-invita-la-celebrarea-zilei-mondiale-a-teatrului\/#primaryimage"},"thumbnailUrl":"https:\/\/urbeamea.ro\/albaiulia\/wp-content\/uploads\/2023\/03\/cerere-afis.jpeg","keywords":["skepsis"],"articleSection":["Evenimente"],"inLanguage":"ro-RO","potentialAction":[{"@type":"CommentAction","name":"Comment","target":["https:\/\/urbeamea.ro\/albaiulia\/skepsis-va-invita-la-celebrarea-zilei-mondiale-a-teatrului\/#respond"]}]},{"@type":"WebPage","@id":"https:\/\/urbeamea.ro\/albaiulia\/skepsis-va-invita-la-celebrarea-zilei-mondiale-a-teatrului\/","url":"https:\/\/urbeamea.ro\/albaiulia\/skepsis-va-invita-la-celebrarea-zilei-mondiale-a-teatrului\/","name":"SKEPSIS v\u0103 invit\u0103 la celebrarea Zilei Mondiale a Teatrului - Revista Urbea Mea - Revista de Alba","isPartOf":{"@id":"https:\/\/urbeamea.ro\/albaiulia\/#website"},"primaryImageOfPage":{"@id":"https:\/\/urbeamea.ro\/albaiulia\/skepsis-va-invita-la-celebrarea-zilei-mondiale-a-teatrului\/#primaryimage"},"image":{"@id":"https:\/\/urbeamea.ro\/albaiulia\/skepsis-va-invita-la-celebrarea-zilei-mondiale-a-teatrului\/#primaryimage"},"thumbnailUrl":"https:\/\/urbeamea.ro\/albaiulia\/wp-content\/uploads\/2023\/03\/cerere-afis.jpeg","datePublished":"2023-03-21T11:12:46+00:00","dateModified":"2023-03-21T11:12:49+00:00","author":{"@id":"https:\/\/urbeamea.ro\/albaiulia\/#\/schema\/person\/272ae98052f8ee8980f59848df070247"},"description":"Luni, 27.03.2023, ora 19.00, la Casa de Cultur\u0103 a Studen\u021bilor Alba Iulia, Grupul Skepsis va celebra Ziua Mondial\u0103 a Teatrului prezent\u00e2nd spectacolul","breadcrumb":{"@id":"https:\/\/urbeamea.ro\/albaiulia\/skepsis-va-invita-la-celebrarea-zilei-mondiale-a-teatrului\/#breadcrumb"},"inLanguage":"ro-RO","potentialAction":[{"@type":"ReadAction","target":["https:\/\/urbeamea.ro\/albaiulia\/skepsis-va-invita-la-celebrarea-zilei-mondiale-a-teatrului\/"]}]},{"@type":"ImageObject","inLanguage":"ro-RO","@id":"https:\/\/urbeamea.ro\/albaiulia\/skepsis-va-invita-la-celebrarea-zilei-mondiale-a-teatrului\/#primaryimage","url":"https:\/\/urbeamea.ro\/albaiulia\/wp-content\/uploads\/2023\/03\/cerere-afis.jpeg","contentUrl":"https:\/\/urbeamea.ro\/albaiulia\/wp-content\/uploads\/2023\/03\/cerere-afis.jpeg","width":1592,"height":990},{"@type":"BreadcrumbList","@id":"https:\/\/urbeamea.ro\/albaiulia\/skepsis-va-invita-la-celebrarea-zilei-mondiale-a-teatrului\/#breadcrumb","itemListElement":[{"@type":"ListItem","position":1,"name":"Prima pagin\u0103","item":"https:\/\/urbeamea.ro\/albaiulia\/"},{"@type":"ListItem","position":2,"name":"SKEPSIS v\u0103 invit\u0103 la celebrarea Zilei Mondiale a Teatrului"}]},{"@type":"WebSite","@id":"https:\/\/urbeamea.ro\/albaiulia\/#website","url":"https:\/\/urbeamea.ro\/albaiulia\/","name":"Revista Urbea Mea, Stiri urbane","description":"Evenimente \u0219i \u0219tiri din Alba Iulia, Sebe\u0219, Aiud, Blaj","potentialAction":[{"@type":"SearchAction","target":{"@type":"EntryPoint","urlTemplate":"https:\/\/urbeamea.ro\/albaiulia\/?s={search_term_string}"},"query-input":{"@type":"PropertyValueSpecification","valueRequired":true,"valueName":"search_term_string"}}],"inLanguage":"ro-RO"},{"@type":"Person","@id":"https:\/\/urbeamea.ro\/albaiulia\/#\/schema\/person\/272ae98052f8ee8980f59848df070247","name":"Redac\u021bia UrbeaMea","image":{"@type":"ImageObject","inLanguage":"ro-RO","@id":"https:\/\/secure.gravatar.com\/avatar\/9ce5a9435071fa1037e8468053ead8e513dbbff59009d3069aadb85506d85a27?s=96&d=mm&r=g","url":"https:\/\/secure.gravatar.com\/avatar\/9ce5a9435071fa1037e8468053ead8e513dbbff59009d3069aadb85506d85a27?s=96&d=mm&r=g","contentUrl":"https:\/\/secure.gravatar.com\/avatar\/9ce5a9435071fa1037e8468053ead8e513dbbff59009d3069aadb85506d85a27?s=96&d=mm&r=g","caption":"Redac\u021bia UrbeaMea"},"description":"contact@urbeamea.ro","sameAs":["https:\/\/www.urbeamea.ro"],"url":"https:\/\/urbeamea.ro\/albaiulia\/author\/redactia-urbeamea\/"}]}},"_links":{"self":[{"href":"https:\/\/urbeamea.ro\/albaiulia\/wp-json\/wp\/v2\/posts\/107035","targetHints":{"allow":["GET"]}}],"collection":[{"href":"https:\/\/urbeamea.ro\/albaiulia\/wp-json\/wp\/v2\/posts"}],"about":[{"href":"https:\/\/urbeamea.ro\/albaiulia\/wp-json\/wp\/v2\/types\/post"}],"author":[{"embeddable":true,"href":"https:\/\/urbeamea.ro\/albaiulia\/wp-json\/wp\/v2\/users\/16"}],"replies":[{"embeddable":true,"href":"https:\/\/urbeamea.ro\/albaiulia\/wp-json\/wp\/v2\/comments?post=107035"}],"version-history":[{"count":1,"href":"https:\/\/urbeamea.ro\/albaiulia\/wp-json\/wp\/v2\/posts\/107035\/revisions"}],"predecessor-version":[{"id":107040,"href":"https:\/\/urbeamea.ro\/albaiulia\/wp-json\/wp\/v2\/posts\/107035\/revisions\/107040"}],"wp:featuredmedia":[{"embeddable":true,"href":"https:\/\/urbeamea.ro\/albaiulia\/wp-json\/wp\/v2\/media\/107039"}],"wp:attachment":[{"href":"https:\/\/urbeamea.ro\/albaiulia\/wp-json\/wp\/v2\/media?parent=107035"}],"wp:term":[{"taxonomy":"category","embeddable":true,"href":"https:\/\/urbeamea.ro\/albaiulia\/wp-json\/wp\/v2\/categories?post=107035"},{"taxonomy":"post_tag","embeddable":true,"href":"https:\/\/urbeamea.ro\/albaiulia\/wp-json\/wp\/v2\/tags?post=107035"}],"curies":[{"name":"wp","href":"https:\/\/api.w.org\/{rel}","templated":true}]}}