{"id":107169,"date":"2023-04-05T10:09:43","date_gmt":"2023-04-05T07:09:43","guid":{"rendered":"https:\/\/urbeamea.ro\/albaiulia\/?p=107169"},"modified":"2023-04-05T10:09:45","modified_gmt":"2023-04-05T07:09:45","slug":"noaptea-despartirii-de-jennifer-a-nielsen-cartea-lunii-la-clubul-de-lectura-al-bibliotecii-judetene-lucian-blaga-alba","status":"publish","type":"post","link":"https:\/\/urbeamea.ro\/albaiulia\/noaptea-despartirii-de-jennifer-a-nielsen-cartea-lunii-la-clubul-de-lectura-al-bibliotecii-judetene-lucian-blaga-alba\/","title":{"rendered":"Noaptea desp\u0103r\u021birii, de Jennifer A. Nielsen, cartea lunii la Clubul de lectur\u0103 al Bibliotecii Jude\u021bene \u201eLucian Blaga\u201d Alba"},"content":{"rendered":"\n<h3 class=\"wp-block-heading\">Vineri, 7 aprilie 2023, la ora 17.00, \u00een organizarea Consiliului Jude\u021bean Alba \u0219i a Bibliotecii Jude\u021bene \u201eLucian Blaga\u201d Alba, are loc o nou\u0103 \u00eent\u00e2lnire a Clubului de lectur\u0103 \u201eLucian Blaga\u201d.<\/h3>\n\n\n\n<p>Dac\u0103 v\u0103 place Jennifer A. Nielsen, sunte\u021bi a\u0219tepta\u021bi \u0219i dumneavoastr\u0103, \u00een Sala de lectur\u0103, s\u0103 dezbate\u021bi \u00eempreun\u0103 cu membrii clubului, care au ales ca tem\u0103 de pornire romanul <em>Noaptea desp\u0103r\u021birii.<\/em><em> <\/em><em>Noaptea \u00een care R\u0103zboiul Rece ridic\u0103 un zid \u00een inima Berlinului.<\/em><em> <\/em>\u201eUn roman istoric foarte bine construit, despre curaj, perseveren\u021b\u0103 \u0219i dorin\u021ba de a supravie\u021bui. <em>Noaptea desp\u0103r\u021birii<\/em> exceleaz\u0103 din toate punctele de vedere\u201d, scria, la momentul apari\u021biei, gazeta <em>The Times Herald.<\/em><em><\/em><\/p>\n\n\n\n<p>Jennifer Anne Nielsen (n\u0103scut\u0103 la 10 iulie 1971) este o autoare american\u0103 cunoscut\u0103 \u00een primul r\u00e2nd pentru lucr\u0103rile de fic\u021biune adresate tinerilor. Acestea includ seria <em>Ascendance<\/em>, <em>Behind Enemy Lines<\/em>, <em>The Mark of the Thief<\/em>, <em>A Night Divided<\/em> \u0219i <em>Underworld Chronicles<\/em>.<em><\/em><\/p>\n\n\n\n<p>Proiectul 3.18 Clubul de lectur\u0103 Lucian Blaga face parte din Programul 2 Anima\u021bie cultural\u0103 \u0219i este un proiect al Consiliului Jude\u021bean Alba \u0219i al Bibliotecii Jude\u021bene \u201eLucian Blaga\u201d Alba.<\/p>\n","protected":false},"excerpt":{"rendered":"<p>Vineri, 7 aprilie 2023, la ora 17.00, \u00een organizarea Consiliului Jude\u021bean Alba \u0219i a Bibliotecii Jude\u021bene \u201eLucian Blaga\u201d Alba, are loc o nou\u0103 \u00eent\u00e2lnire a Clubului de lectur\u0103 \u201eLucian Blaga\u201d. Dac\u0103 v\u0103 place Jennifer A. Nielsen, sunte\u021bi a\u0219tepta\u021bi \u0219i dumneavoastr\u0103, \u00een Sala de lectur\u0103, s\u0103 dezbate\u021bi \u00eempreun\u0103 cu membrii clubului, care au ales ca tem\u0103 &hellip;<\/p>\n","protected":false},"author":16,"featured_media":107170,"comment_status":"open","ping_status":"open","sticky":false,"template":"","format":"standard","meta":{"inline_featured_image":false,"footnotes":""},"categories":[4],"tags":[],"class_list":["post-107169","post","type-post","status-publish","format-standard","has-post-thumbnail","hentry","category-eveniment"],"yoast_head":"<!-- This site is optimized with the Yoast SEO plugin v27.4 - https:\/\/yoast.com\/product\/yoast-seo-wordpress\/ -->\n<title>Noaptea desp\u0103r\u021birii, de Jennifer A. Nielsen, cartea lunii la Clubul de lectur\u0103 al Bibliotecii Jude\u021bene \u201eLucian Blaga\u201d Alba - Revista Urbea Mea - Revista de Alba<\/title>\n<meta name=\"description\" content=\"Vineri, 7 aprilie 2023, la ora 17.00, \u00een organizarea Consiliului Jude\u021bean Alba \u0219i a Bibliotecii Jude\u021bene \u201eLucian Blaga\u201d Alba, are loc o nou\u0103 \u00eent\u00e2lnire a\" \/>\n<meta name=\"robots\" content=\"index, follow, max-snippet:-1, max-image-preview:large, max-video-preview:-1\" \/>\n<link rel=\"canonical\" href=\"https:\/\/urbeamea.ro\/albaiulia\/noaptea-despartirii-de-jennifer-a-nielsen-cartea-lunii-la-clubul-de-lectura-al-bibliotecii-judetene-lucian-blaga-alba\/\" \/>\n<meta name=\"twitter:card\" content=\"summary_large_image\" \/>\n<meta name=\"twitter:title\" content=\"Noaptea desp\u0103r\u021birii, de Jennifer A. Nielsen, cartea lunii la Clubul de lectur\u0103 al Bibliotecii Jude\u021bene \u201eLucian Blaga\u201d Alba - Revista Urbea Mea - Revista de Alba\" \/>\n<meta name=\"twitter:description\" content=\"Vineri, 7 aprilie 2023, la ora 17.00, \u00een organizarea Consiliului Jude\u021bean Alba \u0219i a Bibliotecii Jude\u021bene \u201eLucian Blaga\u201d Alba, are loc o nou\u0103 \u00eent\u00e2lnire a\" \/>\n<meta name=\"twitter:image\" content=\"https:\/\/urbeamea.ro\/albaiulia\/wp-content\/uploads\/2023\/04\/Afis-3.18-Clubul-de-lectura-7-aprilie-2023.jpg\" \/>\n<meta name=\"twitter:creator\" content=\"@urbeameaweb\" \/>\n<meta name=\"twitter:site\" content=\"@urbeameaweb\" \/>\n<script type=\"application\/ld+json\" class=\"yoast-schema-graph\">{\"@context\":\"https:\\\/\\\/schema.org\",\"@graph\":[{\"@type\":\"Article\",\"@id\":\"https:\\\/\\\/urbeamea.ro\\\/albaiulia\\\/noaptea-despartirii-de-jennifer-a-nielsen-cartea-lunii-la-clubul-de-lectura-al-bibliotecii-judetene-lucian-blaga-alba\\\/#article\",\"isPartOf\":{\"@id\":\"https:\\\/\\\/urbeamea.ro\\\/albaiulia\\\/noaptea-despartirii-de-jennifer-a-nielsen-cartea-lunii-la-clubul-de-lectura-al-bibliotecii-judetene-lucian-blaga-alba\\\/\"},\"author\":{\"name\":\"Redac\u021bia UrbeaMea\",\"@id\":\"https:\\\/\\\/urbeamea.ro\\\/albaiulia\\\/#\\\/schema\\\/person\\\/272ae98052f8ee8980f59848df070247\"},\"headline\":\"Noaptea desp\u0103r\u021birii, de Jennifer A. Nielsen, cartea lunii la Clubul de lectur\u0103 al Bibliotecii Jude\u021bene \u201eLucian Blaga\u201d Alba\",\"datePublished\":\"2023-04-05T07:09:43+00:00\",\"dateModified\":\"2023-04-05T07:09:45+00:00\",\"mainEntityOfPage\":{\"@id\":\"https:\\\/\\\/urbeamea.ro\\\/albaiulia\\\/noaptea-despartirii-de-jennifer-a-nielsen-cartea-lunii-la-clubul-de-lectura-al-bibliotecii-judetene-lucian-blaga-alba\\\/\"},\"wordCount\":206,\"commentCount\":0,\"image\":{\"@id\":\"https:\\\/\\\/urbeamea.ro\\\/albaiulia\\\/noaptea-despartirii-de-jennifer-a-nielsen-cartea-lunii-la-clubul-de-lectura-al-bibliotecii-judetene-lucian-blaga-alba\\\/#primaryimage\"},\"thumbnailUrl\":\"https:\\\/\\\/urbeamea.ro\\\/albaiulia\\\/wp-content\\\/uploads\\\/2023\\\/04\\\/Afis-3.18-Clubul-de-lectura-7-aprilie-2023.jpg\",\"articleSection\":[\"Evenimente\"],\"inLanguage\":\"ro-RO\",\"potentialAction\":[{\"@type\":\"CommentAction\",\"name\":\"Comment\",\"target\":[\"https:\\\/\\\/urbeamea.ro\\\/albaiulia\\\/noaptea-despartirii-de-jennifer-a-nielsen-cartea-lunii-la-clubul-de-lectura-al-bibliotecii-judetene-lucian-blaga-alba\\\/#respond\"]}]},{\"@type\":\"WebPage\",\"@id\":\"https:\\\/\\\/urbeamea.ro\\\/albaiulia\\\/noaptea-despartirii-de-jennifer-a-nielsen-cartea-lunii-la-clubul-de-lectura-al-bibliotecii-judetene-lucian-blaga-alba\\\/\",\"url\":\"https:\\\/\\\/urbeamea.ro\\\/albaiulia\\\/noaptea-despartirii-de-jennifer-a-nielsen-cartea-lunii-la-clubul-de-lectura-al-bibliotecii-judetene-lucian-blaga-alba\\\/\",\"name\":\"Noaptea desp\u0103r\u021birii, de Jennifer A. Nielsen, cartea lunii la Clubul de lectur\u0103 al Bibliotecii Jude\u021bene \u201eLucian Blaga\u201d Alba - Revista Urbea Mea - Revista de Alba\",\"isPartOf\":{\"@id\":\"https:\\\/\\\/urbeamea.ro\\\/albaiulia\\\/#website\"},\"primaryImageOfPage\":{\"@id\":\"https:\\\/\\\/urbeamea.ro\\\/albaiulia\\\/noaptea-despartirii-de-jennifer-a-nielsen-cartea-lunii-la-clubul-de-lectura-al-bibliotecii-judetene-lucian-blaga-alba\\\/#primaryimage\"},\"image\":{\"@id\":\"https:\\\/\\\/urbeamea.ro\\\/albaiulia\\\/noaptea-despartirii-de-jennifer-a-nielsen-cartea-lunii-la-clubul-de-lectura-al-bibliotecii-judetene-lucian-blaga-alba\\\/#primaryimage\"},\"thumbnailUrl\":\"https:\\\/\\\/urbeamea.ro\\\/albaiulia\\\/wp-content\\\/uploads\\\/2023\\\/04\\\/Afis-3.18-Clubul-de-lectura-7-aprilie-2023.jpg\",\"datePublished\":\"2023-04-05T07:09:43+00:00\",\"dateModified\":\"2023-04-05T07:09:45+00:00\",\"author\":{\"@id\":\"https:\\\/\\\/urbeamea.ro\\\/albaiulia\\\/#\\\/schema\\\/person\\\/272ae98052f8ee8980f59848df070247\"},\"description\":\"Vineri, 7 aprilie 2023, la ora 17.00, \u00een organizarea Consiliului Jude\u021bean Alba \u0219i a Bibliotecii Jude\u021bene \u201eLucian Blaga\u201d Alba, are loc o nou\u0103 \u00eent\u00e2lnire a\",\"breadcrumb\":{\"@id\":\"https:\\\/\\\/urbeamea.ro\\\/albaiulia\\\/noaptea-despartirii-de-jennifer-a-nielsen-cartea-lunii-la-clubul-de-lectura-al-bibliotecii-judetene-lucian-blaga-alba\\\/#breadcrumb\"},\"inLanguage\":\"ro-RO\",\"potentialAction\":[{\"@type\":\"ReadAction\",\"target\":[\"https:\\\/\\\/urbeamea.ro\\\/albaiulia\\\/noaptea-despartirii-de-jennifer-a-nielsen-cartea-lunii-la-clubul-de-lectura-al-bibliotecii-judetene-lucian-blaga-alba\\\/\"]}]},{\"@type\":\"ImageObject\",\"inLanguage\":\"ro-RO\",\"@id\":\"https:\\\/\\\/urbeamea.ro\\\/albaiulia\\\/noaptea-despartirii-de-jennifer-a-nielsen-cartea-lunii-la-clubul-de-lectura-al-bibliotecii-judetene-lucian-blaga-alba\\\/#primaryimage\",\"url\":\"https:\\\/\\\/urbeamea.ro\\\/albaiulia\\\/wp-content\\\/uploads\\\/2023\\\/04\\\/Afis-3.18-Clubul-de-lectura-7-aprilie-2023.jpg\",\"contentUrl\":\"https:\\\/\\\/urbeamea.ro\\\/albaiulia\\\/wp-content\\\/uploads\\\/2023\\\/04\\\/Afis-3.18-Clubul-de-lectura-7-aprilie-2023.jpg\",\"width\":1132,\"height\":1600},{\"@type\":\"BreadcrumbList\",\"@id\":\"https:\\\/\\\/urbeamea.ro\\\/albaiulia\\\/noaptea-despartirii-de-jennifer-a-nielsen-cartea-lunii-la-clubul-de-lectura-al-bibliotecii-judetene-lucian-blaga-alba\\\/#breadcrumb\",\"itemListElement\":[{\"@type\":\"ListItem\",\"position\":1,\"name\":\"Prima pagin\u0103\",\"item\":\"https:\\\/\\\/urbeamea.ro\\\/albaiulia\\\/\"},{\"@type\":\"ListItem\",\"position\":2,\"name\":\"Noaptea desp\u0103r\u021birii, de Jennifer A. Nielsen, cartea lunii la Clubul de lectur\u0103 al Bibliotecii Jude\u021bene \u201eLucian Blaga\u201d Alba\"}]},{\"@type\":\"WebSite\",\"@id\":\"https:\\\/\\\/urbeamea.ro\\\/albaiulia\\\/#website\",\"url\":\"https:\\\/\\\/urbeamea.ro\\\/albaiulia\\\/\",\"name\":\"Revista Urbea Mea, Stiri urbane\",\"description\":\"Evenimente \u0219i \u0219tiri din Alba Iulia, Sebe\u0219, Aiud, Blaj\",\"potentialAction\":[{\"@type\":\"SearchAction\",\"target\":{\"@type\":\"EntryPoint\",\"urlTemplate\":\"https:\\\/\\\/urbeamea.ro\\\/albaiulia\\\/?s={search_term_string}\"},\"query-input\":{\"@type\":\"PropertyValueSpecification\",\"valueRequired\":true,\"valueName\":\"search_term_string\"}}],\"inLanguage\":\"ro-RO\"},{\"@type\":\"Person\",\"@id\":\"https:\\\/\\\/urbeamea.ro\\\/albaiulia\\\/#\\\/schema\\\/person\\\/272ae98052f8ee8980f59848df070247\",\"name\":\"Redac\u021bia UrbeaMea\",\"image\":{\"@type\":\"ImageObject\",\"inLanguage\":\"ro-RO\",\"@id\":\"https:\\\/\\\/secure.gravatar.com\\\/avatar\\\/9ce5a9435071fa1037e8468053ead8e513dbbff59009d3069aadb85506d85a27?s=96&d=mm&r=g\",\"url\":\"https:\\\/\\\/secure.gravatar.com\\\/avatar\\\/9ce5a9435071fa1037e8468053ead8e513dbbff59009d3069aadb85506d85a27?s=96&d=mm&r=g\",\"contentUrl\":\"https:\\\/\\\/secure.gravatar.com\\\/avatar\\\/9ce5a9435071fa1037e8468053ead8e513dbbff59009d3069aadb85506d85a27?s=96&d=mm&r=g\",\"caption\":\"Redac\u021bia UrbeaMea\"},\"description\":\"contact@urbeamea.ro\",\"sameAs\":[\"https:\\\/\\\/www.urbeamea.ro\"],\"url\":\"https:\\\/\\\/urbeamea.ro\\\/albaiulia\\\/author\\\/redactia-urbeamea\\\/\"}]}<\/script>\n<!-- \/ Yoast SEO plugin. -->","yoast_head_json":{"title":"Noaptea desp\u0103r\u021birii, de Jennifer A. Nielsen, cartea lunii la Clubul de lectur\u0103 al Bibliotecii Jude\u021bene \u201eLucian Blaga\u201d Alba - Revista Urbea Mea - Revista de Alba","description":"Vineri, 7 aprilie 2023, la ora 17.00, \u00een organizarea Consiliului Jude\u021bean Alba \u0219i a Bibliotecii Jude\u021bene \u201eLucian Blaga\u201d Alba, are loc o nou\u0103 \u00eent\u00e2lnire a","robots":{"index":"index","follow":"follow","max-snippet":"max-snippet:-1","max-image-preview":"max-image-preview:large","max-video-preview":"max-video-preview:-1"},"canonical":"https:\/\/urbeamea.ro\/albaiulia\/noaptea-despartirii-de-jennifer-a-nielsen-cartea-lunii-la-clubul-de-lectura-al-bibliotecii-judetene-lucian-blaga-alba\/","twitter_card":"summary_large_image","twitter_title":"Noaptea desp\u0103r\u021birii, de Jennifer A. Nielsen, cartea lunii la Clubul de lectur\u0103 al Bibliotecii Jude\u021bene \u201eLucian Blaga\u201d Alba - Revista Urbea Mea - Revista de Alba","twitter_description":"Vineri, 7 aprilie 2023, la ora 17.00, \u00een organizarea Consiliului Jude\u021bean Alba \u0219i a Bibliotecii Jude\u021bene \u201eLucian Blaga\u201d Alba, are loc o nou\u0103 \u00eent\u00e2lnire a","twitter_image":"https:\/\/urbeamea.ro\/albaiulia\/wp-content\/uploads\/2023\/04\/Afis-3.18-Clubul-de-lectura-7-aprilie-2023.jpg","twitter_creator":"@urbeameaweb","twitter_site":"@urbeameaweb","schema":{"@context":"https:\/\/schema.org","@graph":[{"@type":"Article","@id":"https:\/\/urbeamea.ro\/albaiulia\/noaptea-despartirii-de-jennifer-a-nielsen-cartea-lunii-la-clubul-de-lectura-al-bibliotecii-judetene-lucian-blaga-alba\/#article","isPartOf":{"@id":"https:\/\/urbeamea.ro\/albaiulia\/noaptea-despartirii-de-jennifer-a-nielsen-cartea-lunii-la-clubul-de-lectura-al-bibliotecii-judetene-lucian-blaga-alba\/"},"author":{"name":"Redac\u021bia UrbeaMea","@id":"https:\/\/urbeamea.ro\/albaiulia\/#\/schema\/person\/272ae98052f8ee8980f59848df070247"},"headline":"Noaptea desp\u0103r\u021birii, de Jennifer A. Nielsen, cartea lunii la Clubul de lectur\u0103 al Bibliotecii Jude\u021bene \u201eLucian Blaga\u201d Alba","datePublished":"2023-04-05T07:09:43+00:00","dateModified":"2023-04-05T07:09:45+00:00","mainEntityOfPage":{"@id":"https:\/\/urbeamea.ro\/albaiulia\/noaptea-despartirii-de-jennifer-a-nielsen-cartea-lunii-la-clubul-de-lectura-al-bibliotecii-judetene-lucian-blaga-alba\/"},"wordCount":206,"commentCount":0,"image":{"@id":"https:\/\/urbeamea.ro\/albaiulia\/noaptea-despartirii-de-jennifer-a-nielsen-cartea-lunii-la-clubul-de-lectura-al-bibliotecii-judetene-lucian-blaga-alba\/#primaryimage"},"thumbnailUrl":"https:\/\/urbeamea.ro\/albaiulia\/wp-content\/uploads\/2023\/04\/Afis-3.18-Clubul-de-lectura-7-aprilie-2023.jpg","articleSection":["Evenimente"],"inLanguage":"ro-RO","potentialAction":[{"@type":"CommentAction","name":"Comment","target":["https:\/\/urbeamea.ro\/albaiulia\/noaptea-despartirii-de-jennifer-a-nielsen-cartea-lunii-la-clubul-de-lectura-al-bibliotecii-judetene-lucian-blaga-alba\/#respond"]}]},{"@type":"WebPage","@id":"https:\/\/urbeamea.ro\/albaiulia\/noaptea-despartirii-de-jennifer-a-nielsen-cartea-lunii-la-clubul-de-lectura-al-bibliotecii-judetene-lucian-blaga-alba\/","url":"https:\/\/urbeamea.ro\/albaiulia\/noaptea-despartirii-de-jennifer-a-nielsen-cartea-lunii-la-clubul-de-lectura-al-bibliotecii-judetene-lucian-blaga-alba\/","name":"Noaptea desp\u0103r\u021birii, de Jennifer A. Nielsen, cartea lunii la Clubul de lectur\u0103 al Bibliotecii Jude\u021bene \u201eLucian Blaga\u201d Alba - Revista Urbea Mea - Revista de Alba","isPartOf":{"@id":"https:\/\/urbeamea.ro\/albaiulia\/#website"},"primaryImageOfPage":{"@id":"https:\/\/urbeamea.ro\/albaiulia\/noaptea-despartirii-de-jennifer-a-nielsen-cartea-lunii-la-clubul-de-lectura-al-bibliotecii-judetene-lucian-blaga-alba\/#primaryimage"},"image":{"@id":"https:\/\/urbeamea.ro\/albaiulia\/noaptea-despartirii-de-jennifer-a-nielsen-cartea-lunii-la-clubul-de-lectura-al-bibliotecii-judetene-lucian-blaga-alba\/#primaryimage"},"thumbnailUrl":"https:\/\/urbeamea.ro\/albaiulia\/wp-content\/uploads\/2023\/04\/Afis-3.18-Clubul-de-lectura-7-aprilie-2023.jpg","datePublished":"2023-04-05T07:09:43+00:00","dateModified":"2023-04-05T07:09:45+00:00","author":{"@id":"https:\/\/urbeamea.ro\/albaiulia\/#\/schema\/person\/272ae98052f8ee8980f59848df070247"},"description":"Vineri, 7 aprilie 2023, la ora 17.00, \u00een organizarea Consiliului Jude\u021bean Alba \u0219i a Bibliotecii Jude\u021bene \u201eLucian Blaga\u201d Alba, are loc o nou\u0103 \u00eent\u00e2lnire a","breadcrumb":{"@id":"https:\/\/urbeamea.ro\/albaiulia\/noaptea-despartirii-de-jennifer-a-nielsen-cartea-lunii-la-clubul-de-lectura-al-bibliotecii-judetene-lucian-blaga-alba\/#breadcrumb"},"inLanguage":"ro-RO","potentialAction":[{"@type":"ReadAction","target":["https:\/\/urbeamea.ro\/albaiulia\/noaptea-despartirii-de-jennifer-a-nielsen-cartea-lunii-la-clubul-de-lectura-al-bibliotecii-judetene-lucian-blaga-alba\/"]}]},{"@type":"ImageObject","inLanguage":"ro-RO","@id":"https:\/\/urbeamea.ro\/albaiulia\/noaptea-despartirii-de-jennifer-a-nielsen-cartea-lunii-la-clubul-de-lectura-al-bibliotecii-judetene-lucian-blaga-alba\/#primaryimage","url":"https:\/\/urbeamea.ro\/albaiulia\/wp-content\/uploads\/2023\/04\/Afis-3.18-Clubul-de-lectura-7-aprilie-2023.jpg","contentUrl":"https:\/\/urbeamea.ro\/albaiulia\/wp-content\/uploads\/2023\/04\/Afis-3.18-Clubul-de-lectura-7-aprilie-2023.jpg","width":1132,"height":1600},{"@type":"BreadcrumbList","@id":"https:\/\/urbeamea.ro\/albaiulia\/noaptea-despartirii-de-jennifer-a-nielsen-cartea-lunii-la-clubul-de-lectura-al-bibliotecii-judetene-lucian-blaga-alba\/#breadcrumb","itemListElement":[{"@type":"ListItem","position":1,"name":"Prima pagin\u0103","item":"https:\/\/urbeamea.ro\/albaiulia\/"},{"@type":"ListItem","position":2,"name":"Noaptea desp\u0103r\u021birii, de Jennifer A. Nielsen, cartea lunii la Clubul de lectur\u0103 al Bibliotecii Jude\u021bene \u201eLucian Blaga\u201d Alba"}]},{"@type":"WebSite","@id":"https:\/\/urbeamea.ro\/albaiulia\/#website","url":"https:\/\/urbeamea.ro\/albaiulia\/","name":"Revista Urbea Mea, Stiri urbane","description":"Evenimente \u0219i \u0219tiri din Alba Iulia, Sebe\u0219, Aiud, Blaj","potentialAction":[{"@type":"SearchAction","target":{"@type":"EntryPoint","urlTemplate":"https:\/\/urbeamea.ro\/albaiulia\/?s={search_term_string}"},"query-input":{"@type":"PropertyValueSpecification","valueRequired":true,"valueName":"search_term_string"}}],"inLanguage":"ro-RO"},{"@type":"Person","@id":"https:\/\/urbeamea.ro\/albaiulia\/#\/schema\/person\/272ae98052f8ee8980f59848df070247","name":"Redac\u021bia UrbeaMea","image":{"@type":"ImageObject","inLanguage":"ro-RO","@id":"https:\/\/secure.gravatar.com\/avatar\/9ce5a9435071fa1037e8468053ead8e513dbbff59009d3069aadb85506d85a27?s=96&d=mm&r=g","url":"https:\/\/secure.gravatar.com\/avatar\/9ce5a9435071fa1037e8468053ead8e513dbbff59009d3069aadb85506d85a27?s=96&d=mm&r=g","contentUrl":"https:\/\/secure.gravatar.com\/avatar\/9ce5a9435071fa1037e8468053ead8e513dbbff59009d3069aadb85506d85a27?s=96&d=mm&r=g","caption":"Redac\u021bia UrbeaMea"},"description":"contact@urbeamea.ro","sameAs":["https:\/\/www.urbeamea.ro"],"url":"https:\/\/urbeamea.ro\/albaiulia\/author\/redactia-urbeamea\/"}]}},"_links":{"self":[{"href":"https:\/\/urbeamea.ro\/albaiulia\/wp-json\/wp\/v2\/posts\/107169","targetHints":{"allow":["GET"]}}],"collection":[{"href":"https:\/\/urbeamea.ro\/albaiulia\/wp-json\/wp\/v2\/posts"}],"about":[{"href":"https:\/\/urbeamea.ro\/albaiulia\/wp-json\/wp\/v2\/types\/post"}],"author":[{"embeddable":true,"href":"https:\/\/urbeamea.ro\/albaiulia\/wp-json\/wp\/v2\/users\/16"}],"replies":[{"embeddable":true,"href":"https:\/\/urbeamea.ro\/albaiulia\/wp-json\/wp\/v2\/comments?post=107169"}],"version-history":[{"count":1,"href":"https:\/\/urbeamea.ro\/albaiulia\/wp-json\/wp\/v2\/posts\/107169\/revisions"}],"predecessor-version":[{"id":107171,"href":"https:\/\/urbeamea.ro\/albaiulia\/wp-json\/wp\/v2\/posts\/107169\/revisions\/107171"}],"wp:featuredmedia":[{"embeddable":true,"href":"https:\/\/urbeamea.ro\/albaiulia\/wp-json\/wp\/v2\/media\/107170"}],"wp:attachment":[{"href":"https:\/\/urbeamea.ro\/albaiulia\/wp-json\/wp\/v2\/media?parent=107169"}],"wp:term":[{"taxonomy":"category","embeddable":true,"href":"https:\/\/urbeamea.ro\/albaiulia\/wp-json\/wp\/v2\/categories?post=107169"},{"taxonomy":"post_tag","embeddable":true,"href":"https:\/\/urbeamea.ro\/albaiulia\/wp-json\/wp\/v2\/tags?post=107169"}],"curies":[{"name":"wp","href":"https:\/\/api.w.org\/{rel}","templated":true}]}}