{"id":107172,"date":"2023-04-05T10:16:01","date_gmt":"2023-04-05T07:16:01","guid":{"rendered":"https:\/\/urbeamea.ro\/albaiulia\/?p=107172"},"modified":"2023-04-05T10:16:03","modified_gmt":"2023-04-05T07:16:03","slug":"anunt-public-privind-procedura-de-atribuire-a-autorizatiilor-de-taxi-la-sebes","status":"publish","type":"post","link":"https:\/\/urbeamea.ro\/albaiulia\/anunt-public-privind-procedura-de-atribuire-a-autorizatiilor-de-taxi-la-sebes\/","title":{"rendered":"Anun\u0163 public privind procedura de atribuire a autoriza\u021biilor de taxi la Sebe\u0219"},"content":{"rendered":"\n<p>Conform prevederilor Legii nr. 38\/2003, cu modific\u0103rile \u0219i complet\u0103rile ulterioare privind transportul \u00een regim de taxi \u0219i \u00een regim de \u00eenchiriere \u0219i a <a>Ordinului nr. 356\/2007 pentru aprobarea normelor metodologice de aplicare a prevederilor Legii nr. 38\/2003<\/a>.<\/p>\n\n\n\n<p>Municipiul Sebe\u0219, cu sediul \u00een Sebe\u0219, Pia\u021ba Prim\u0103riei nr. 1, \u00een conformitate cu HCL nr. 66\/2023, anun\u021b\u0103 public declan\u0219area procedurii de atribuire a unui num\u0103r de <strong>28 autoriza\u021bii taxi<\/strong>, respectiv autoriza\u021biile taxi cu nr.<strong> 1, 8, 24, 27, 37, 40, 42, 46, 47, 48, 52, 58, 63, 65, 73, 81, 82, 83, 85, 86, 88, 90, 91, 92, 93, 95, 97, 99.<\/strong><\/p>\n\n\n\n<p>La procedur\u0103 pot participa transportatorii autoriza\u021bi pentru transportul de persoane \u00een regim de taxi din Municipiul Sebe\u0219.<\/p>\n\n\n\n<p>Depunerea cererilor de participare, \u00eenso\u021bite de documenta\u021bia necesar\u0103, se poate face p\u00e2n\u0103 la data de <strong>05.05.2023, ora 12:00<\/strong> la sediul Prim\u0103riei Municipiului Sebe\u0219, Pia\u021ba Prim\u0103riei nr. 1.<\/p>\n\n\n\n<p>Documentele necesare a fi depuse:<\/p>\n\n\n\n<p><strong>a)<\/strong> cerere de participare la procedura de atribuire;<\/p>\n\n\n\n<p><strong>b)<\/strong> declara\u021bia pe propria r\u0103spundere c\u0103 de\u021bine autoriza\u021bie de transport valabil\u0103;<\/p>\n\n\n\n<p><strong>c)<\/strong> declara\u021bie pe proprie r\u0103spundere c\u0103 de\u021bine sau va de\u021bine, \u00een termen de maximum 6 luni de la data declara\u021biei, \u00een proprietate sau \u00een temeiul unui contract de leasing, autovehicul de culoare alb\u0103, \u0219i c\u0103 vechimea autovehiculului nu dep\u0103\u0219e\u0219te 5 ani de la data fabrica\u021biei, pe care \u00eel va utiliza pentru transportul de persoane \u00een regim de taxi;<\/p>\n\n\n\n<p><strong>d)<\/strong> \u00een cazul de\u021binerii autovehiculului transportatorul va depune copia c\u0103r\u021bii de identitate a autovehiculului \u0219i a certificatului de \u00eenmatriculare;<\/p>\n\n\n\n<p><strong>e)<\/strong> declara\u021bia pe propria r\u0103spundere, cu precizarea punctajelor aferente criteriilor de departajare pentru fiecare autovehicul;<\/p>\n\n\n\n<p><strong>f)<\/strong> scrisoare de garan\u021bie sau dovada achit\u0103rii garan\u021biei, \u00een cuantum de <strong>5%<\/strong> din valoarea cu care va fi achizi\u021bionat fiecare autovehicul, pentru fiecare dintre acestea, \u00een cazul \u00een care transportatorul autorizat nu de\u021bine autovehiculele necesare la data depunerii declara\u021biei prev\u0103zute la lit. <strong>d)<\/strong>, conform Ordinului nr. 356\/2007 pentru aprobarea normelor metodologice de aplicare a prevederilor Legii nr. 38\/2003.<\/p>\n\n\n\n<p>Criteriile de departajare \u0219i modul de acordare a punctajului sunt prev\u0103zute \u00een Anexa 23 la Regulamentul privind activitatea de transport \u00een regim de taxi pe raza Municipiului Sebe\u0219.<\/p>\n\n\n\n<p>Documenta\u021bia de participare la procedur\u0103 depus\u0103 <strong>\u00een termen<\/strong>, trebuie s\u0103 fie <strong>complet\u0103 \u0219i conform\u0103<\/strong>, <strong>depus\u0103 \u00een plic \u00eenchis, ata\u0219at\u0103 cererii<\/strong>. Nerespectarea acestor cerin\u021be atrage respingerea cererii \u0219i, implicit, neparticiparea la procedura de atribuire.<\/p>\n\n\n\n<p>Procedura se deruleaz\u0103 dup\u0103 urm\u0103torul calendar:<\/p>\n\n\n\n<ul class=\"wp-block-list\">\n<li><strong>05.05.2023<\/strong> \u2013 data limit\u0103 p\u00e2n\u0103 la care pot fi depuse cererile de participare la procedur\u0103<\/li>\n\n\n\n<li><strong>12.05.2023<\/strong> \u2013 data anun\u021b\u0103rii rezultatelor procedurii \u0219i a punctajelor ob\u021binute din \u00eendeplinirea criteriilor de departajare pentru fiecare autovehicul<\/li>\n\n\n\n<li><strong>19.05.2023<\/strong>, ora <strong>12:00<\/strong> \u2013 data p\u00e2n\u0103 la care pot fi depuse contesta\u021bii legate de rezultatele anun\u021bate<\/li>\n\n\n\n<li><strong>26.05.2023<\/strong> \u2013 data p\u00e2n\u0103 la care vor fi rezolvate contesta\u021biile \u0219i publicate rezultatele finale<\/li>\n\n\n\n<li><strong>31.05.2023<\/strong> \u2013 data de la care, dup\u0103 depunerea documenta\u021biei necesare, poate fi demarat\u0103 procedura de eliberare a autoriza\u021biilor taxi.<\/li>\n<\/ul>\n\n\n\n<p>Formularele necesare \u0219i informa\u021bii suplimentare se pot ob\u021bine la Autoritatea de Autorizare \u00een Transport, de la sediul Prim\u0103riei Municipiului Sebe\u0219, str. Parc Arini nr.1.<\/p>\n","protected":false},"excerpt":{"rendered":"<p>Conform prevederilor Legii nr. 38\/2003, cu modific\u0103rile \u0219i complet\u0103rile ulterioare privind transportul \u00een regim de taxi \u0219i \u00een regim de \u00eenchiriere \u0219i a Ordinului nr. 356\/2007 pentru aprobarea normelor metodologice de aplicare a prevederilor Legii nr. 38\/2003. Municipiul Sebe\u0219, cu sediul \u00een Sebe\u0219, Pia\u021ba Prim\u0103riei nr. 1, \u00een conformitate cu HCL nr. 66\/2023, anun\u021b\u0103 public &hellip;<\/p>\n","protected":false},"author":16,"featured_media":107173,"comment_status":"open","ping_status":"open","sticky":false,"template":"","format":"standard","meta":{"inline_featured_image":false,"footnotes":""},"categories":[2035],"tags":[],"class_list":["post-107172","post","type-post","status-publish","format-standard","has-post-thumbnail","hentry","category-administratie"],"yoast_head":"<!-- This site is optimized with the Yoast SEO plugin v27.4 - https:\/\/yoast.com\/product\/yoast-seo-wordpress\/ -->\n<title>Anun\u0163 public privind procedura de atribuire a autoriza\u021biilor de taxi la Sebe\u0219 - Revista Urbea Mea - Revista de Alba<\/title>\n<meta name=\"description\" content=\"Conform prevederilor Legii nr. 38\/2003, cu modific\u0103rile \u0219i complet\u0103rile ulterioare privind transportul \u00een regim de taxi \u0219i \u00een regim de \u00eenchiriere \u0219i a\" \/>\n<meta name=\"robots\" content=\"index, follow, max-snippet:-1, max-image-preview:large, max-video-preview:-1\" \/>\n<link rel=\"canonical\" href=\"https:\/\/urbeamea.ro\/albaiulia\/anunt-public-privind-procedura-de-atribuire-a-autorizatiilor-de-taxi-la-sebes\/\" \/>\n<meta name=\"twitter:card\" content=\"summary_large_image\" \/>\n<meta name=\"twitter:title\" content=\"Anun\u0163 public privind procedura de atribuire a autoriza\u021biilor de taxi la Sebe\u0219 - Revista Urbea Mea - Revista de Alba\" \/>\n<meta name=\"twitter:description\" content=\"Conform prevederilor Legii nr. 38\/2003, cu modific\u0103rile \u0219i complet\u0103rile ulterioare privind transportul \u00een regim de taxi \u0219i \u00een regim de \u00eenchiriere \u0219i a\" \/>\n<meta name=\"twitter:image\" content=\"https:\/\/urbeamea.ro\/albaiulia\/wp-content\/uploads\/2023\/04\/taxi.jpg\" \/>\n<meta name=\"twitter:creator\" content=\"@urbeameaweb\" \/>\n<meta name=\"twitter:site\" content=\"@urbeameaweb\" \/>\n<script type=\"application\/ld+json\" class=\"yoast-schema-graph\">{\"@context\":\"https:\\\/\\\/schema.org\",\"@graph\":[{\"@type\":\"Article\",\"@id\":\"https:\\\/\\\/urbeamea.ro\\\/albaiulia\\\/anunt-public-privind-procedura-de-atribuire-a-autorizatiilor-de-taxi-la-sebes\\\/#article\",\"isPartOf\":{\"@id\":\"https:\\\/\\\/urbeamea.ro\\\/albaiulia\\\/anunt-public-privind-procedura-de-atribuire-a-autorizatiilor-de-taxi-la-sebes\\\/\"},\"author\":{\"name\":\"Redac\u021bia UrbeaMea\",\"@id\":\"https:\\\/\\\/urbeamea.ro\\\/albaiulia\\\/#\\\/schema\\\/person\\\/272ae98052f8ee8980f59848df070247\"},\"headline\":\"Anun\u0163 public privind procedura de atribuire a autoriza\u021biilor de taxi la Sebe\u0219\",\"datePublished\":\"2023-04-05T07:16:01+00:00\",\"dateModified\":\"2023-04-05T07:16:03+00:00\",\"mainEntityOfPage\":{\"@id\":\"https:\\\/\\\/urbeamea.ro\\\/albaiulia\\\/anunt-public-privind-procedura-de-atribuire-a-autorizatiilor-de-taxi-la-sebes\\\/\"},\"wordCount\":506,\"commentCount\":0,\"image\":{\"@id\":\"https:\\\/\\\/urbeamea.ro\\\/albaiulia\\\/anunt-public-privind-procedura-de-atribuire-a-autorizatiilor-de-taxi-la-sebes\\\/#primaryimage\"},\"thumbnailUrl\":\"https:\\\/\\\/urbeamea.ro\\\/albaiulia\\\/wp-content\\\/uploads\\\/2023\\\/04\\\/taxi.jpg\",\"articleSection\":[\"Administra\u021bie\"],\"inLanguage\":\"ro-RO\",\"potentialAction\":[{\"@type\":\"CommentAction\",\"name\":\"Comment\",\"target\":[\"https:\\\/\\\/urbeamea.ro\\\/albaiulia\\\/anunt-public-privind-procedura-de-atribuire-a-autorizatiilor-de-taxi-la-sebes\\\/#respond\"]}]},{\"@type\":\"WebPage\",\"@id\":\"https:\\\/\\\/urbeamea.ro\\\/albaiulia\\\/anunt-public-privind-procedura-de-atribuire-a-autorizatiilor-de-taxi-la-sebes\\\/\",\"url\":\"https:\\\/\\\/urbeamea.ro\\\/albaiulia\\\/anunt-public-privind-procedura-de-atribuire-a-autorizatiilor-de-taxi-la-sebes\\\/\",\"name\":\"Anun\u0163 public privind procedura de atribuire a autoriza\u021biilor de taxi la Sebe\u0219 - Revista Urbea Mea - Revista de Alba\",\"isPartOf\":{\"@id\":\"https:\\\/\\\/urbeamea.ro\\\/albaiulia\\\/#website\"},\"primaryImageOfPage\":{\"@id\":\"https:\\\/\\\/urbeamea.ro\\\/albaiulia\\\/anunt-public-privind-procedura-de-atribuire-a-autorizatiilor-de-taxi-la-sebes\\\/#primaryimage\"},\"image\":{\"@id\":\"https:\\\/\\\/urbeamea.ro\\\/albaiulia\\\/anunt-public-privind-procedura-de-atribuire-a-autorizatiilor-de-taxi-la-sebes\\\/#primaryimage\"},\"thumbnailUrl\":\"https:\\\/\\\/urbeamea.ro\\\/albaiulia\\\/wp-content\\\/uploads\\\/2023\\\/04\\\/taxi.jpg\",\"datePublished\":\"2023-04-05T07:16:01+00:00\",\"dateModified\":\"2023-04-05T07:16:03+00:00\",\"author\":{\"@id\":\"https:\\\/\\\/urbeamea.ro\\\/albaiulia\\\/#\\\/schema\\\/person\\\/272ae98052f8ee8980f59848df070247\"},\"description\":\"Conform prevederilor Legii nr. 38\\\/2003, cu modific\u0103rile \u0219i complet\u0103rile ulterioare privind transportul \u00een regim de taxi \u0219i \u00een regim de \u00eenchiriere \u0219i a\",\"breadcrumb\":{\"@id\":\"https:\\\/\\\/urbeamea.ro\\\/albaiulia\\\/anunt-public-privind-procedura-de-atribuire-a-autorizatiilor-de-taxi-la-sebes\\\/#breadcrumb\"},\"inLanguage\":\"ro-RO\",\"potentialAction\":[{\"@type\":\"ReadAction\",\"target\":[\"https:\\\/\\\/urbeamea.ro\\\/albaiulia\\\/anunt-public-privind-procedura-de-atribuire-a-autorizatiilor-de-taxi-la-sebes\\\/\"]}]},{\"@type\":\"ImageObject\",\"inLanguage\":\"ro-RO\",\"@id\":\"https:\\\/\\\/urbeamea.ro\\\/albaiulia\\\/anunt-public-privind-procedura-de-atribuire-a-autorizatiilor-de-taxi-la-sebes\\\/#primaryimage\",\"url\":\"https:\\\/\\\/urbeamea.ro\\\/albaiulia\\\/wp-content\\\/uploads\\\/2023\\\/04\\\/taxi.jpg\",\"contentUrl\":\"https:\\\/\\\/urbeamea.ro\\\/albaiulia\\\/wp-content\\\/uploads\\\/2023\\\/04\\\/taxi.jpg\",\"width\":1063,\"height\":560},{\"@type\":\"BreadcrumbList\",\"@id\":\"https:\\\/\\\/urbeamea.ro\\\/albaiulia\\\/anunt-public-privind-procedura-de-atribuire-a-autorizatiilor-de-taxi-la-sebes\\\/#breadcrumb\",\"itemListElement\":[{\"@type\":\"ListItem\",\"position\":1,\"name\":\"Prima pagin\u0103\",\"item\":\"https:\\\/\\\/urbeamea.ro\\\/albaiulia\\\/\"},{\"@type\":\"ListItem\",\"position\":2,\"name\":\"Anun\u0163 public privind procedura de atribuire a autoriza\u021biilor de taxi la Sebe\u0219\"}]},{\"@type\":\"WebSite\",\"@id\":\"https:\\\/\\\/urbeamea.ro\\\/albaiulia\\\/#website\",\"url\":\"https:\\\/\\\/urbeamea.ro\\\/albaiulia\\\/\",\"name\":\"Revista Urbea Mea, Stiri urbane\",\"description\":\"Evenimente \u0219i \u0219tiri din Alba Iulia, Sebe\u0219, Aiud, Blaj\",\"potentialAction\":[{\"@type\":\"SearchAction\",\"target\":{\"@type\":\"EntryPoint\",\"urlTemplate\":\"https:\\\/\\\/urbeamea.ro\\\/albaiulia\\\/?s={search_term_string}\"},\"query-input\":{\"@type\":\"PropertyValueSpecification\",\"valueRequired\":true,\"valueName\":\"search_term_string\"}}],\"inLanguage\":\"ro-RO\"},{\"@type\":\"Person\",\"@id\":\"https:\\\/\\\/urbeamea.ro\\\/albaiulia\\\/#\\\/schema\\\/person\\\/272ae98052f8ee8980f59848df070247\",\"name\":\"Redac\u021bia UrbeaMea\",\"image\":{\"@type\":\"ImageObject\",\"inLanguage\":\"ro-RO\",\"@id\":\"https:\\\/\\\/secure.gravatar.com\\\/avatar\\\/9ce5a9435071fa1037e8468053ead8e513dbbff59009d3069aadb85506d85a27?s=96&d=mm&r=g\",\"url\":\"https:\\\/\\\/secure.gravatar.com\\\/avatar\\\/9ce5a9435071fa1037e8468053ead8e513dbbff59009d3069aadb85506d85a27?s=96&d=mm&r=g\",\"contentUrl\":\"https:\\\/\\\/secure.gravatar.com\\\/avatar\\\/9ce5a9435071fa1037e8468053ead8e513dbbff59009d3069aadb85506d85a27?s=96&d=mm&r=g\",\"caption\":\"Redac\u021bia UrbeaMea\"},\"description\":\"contact@urbeamea.ro\",\"sameAs\":[\"https:\\\/\\\/www.urbeamea.ro\"],\"url\":\"https:\\\/\\\/urbeamea.ro\\\/albaiulia\\\/author\\\/redactia-urbeamea\\\/\"}]}<\/script>\n<!-- \/ Yoast SEO plugin. -->","yoast_head_json":{"title":"Anun\u0163 public privind procedura de atribuire a autoriza\u021biilor de taxi la Sebe\u0219 - Revista Urbea Mea - Revista de Alba","description":"Conform prevederilor Legii nr. 38\/2003, cu modific\u0103rile \u0219i complet\u0103rile ulterioare privind transportul \u00een regim de taxi \u0219i \u00een regim de \u00eenchiriere \u0219i a","robots":{"index":"index","follow":"follow","max-snippet":"max-snippet:-1","max-image-preview":"max-image-preview:large","max-video-preview":"max-video-preview:-1"},"canonical":"https:\/\/urbeamea.ro\/albaiulia\/anunt-public-privind-procedura-de-atribuire-a-autorizatiilor-de-taxi-la-sebes\/","twitter_card":"summary_large_image","twitter_title":"Anun\u0163 public privind procedura de atribuire a autoriza\u021biilor de taxi la Sebe\u0219 - Revista Urbea Mea - Revista de Alba","twitter_description":"Conform prevederilor Legii nr. 38\/2003, cu modific\u0103rile \u0219i complet\u0103rile ulterioare privind transportul \u00een regim de taxi \u0219i \u00een regim de \u00eenchiriere \u0219i a","twitter_image":"https:\/\/urbeamea.ro\/albaiulia\/wp-content\/uploads\/2023\/04\/taxi.jpg","twitter_creator":"@urbeameaweb","twitter_site":"@urbeameaweb","schema":{"@context":"https:\/\/schema.org","@graph":[{"@type":"Article","@id":"https:\/\/urbeamea.ro\/albaiulia\/anunt-public-privind-procedura-de-atribuire-a-autorizatiilor-de-taxi-la-sebes\/#article","isPartOf":{"@id":"https:\/\/urbeamea.ro\/albaiulia\/anunt-public-privind-procedura-de-atribuire-a-autorizatiilor-de-taxi-la-sebes\/"},"author":{"name":"Redac\u021bia UrbeaMea","@id":"https:\/\/urbeamea.ro\/albaiulia\/#\/schema\/person\/272ae98052f8ee8980f59848df070247"},"headline":"Anun\u0163 public privind procedura de atribuire a autoriza\u021biilor de taxi la Sebe\u0219","datePublished":"2023-04-05T07:16:01+00:00","dateModified":"2023-04-05T07:16:03+00:00","mainEntityOfPage":{"@id":"https:\/\/urbeamea.ro\/albaiulia\/anunt-public-privind-procedura-de-atribuire-a-autorizatiilor-de-taxi-la-sebes\/"},"wordCount":506,"commentCount":0,"image":{"@id":"https:\/\/urbeamea.ro\/albaiulia\/anunt-public-privind-procedura-de-atribuire-a-autorizatiilor-de-taxi-la-sebes\/#primaryimage"},"thumbnailUrl":"https:\/\/urbeamea.ro\/albaiulia\/wp-content\/uploads\/2023\/04\/taxi.jpg","articleSection":["Administra\u021bie"],"inLanguage":"ro-RO","potentialAction":[{"@type":"CommentAction","name":"Comment","target":["https:\/\/urbeamea.ro\/albaiulia\/anunt-public-privind-procedura-de-atribuire-a-autorizatiilor-de-taxi-la-sebes\/#respond"]}]},{"@type":"WebPage","@id":"https:\/\/urbeamea.ro\/albaiulia\/anunt-public-privind-procedura-de-atribuire-a-autorizatiilor-de-taxi-la-sebes\/","url":"https:\/\/urbeamea.ro\/albaiulia\/anunt-public-privind-procedura-de-atribuire-a-autorizatiilor-de-taxi-la-sebes\/","name":"Anun\u0163 public privind procedura de atribuire a autoriza\u021biilor de taxi la Sebe\u0219 - Revista Urbea Mea - Revista de Alba","isPartOf":{"@id":"https:\/\/urbeamea.ro\/albaiulia\/#website"},"primaryImageOfPage":{"@id":"https:\/\/urbeamea.ro\/albaiulia\/anunt-public-privind-procedura-de-atribuire-a-autorizatiilor-de-taxi-la-sebes\/#primaryimage"},"image":{"@id":"https:\/\/urbeamea.ro\/albaiulia\/anunt-public-privind-procedura-de-atribuire-a-autorizatiilor-de-taxi-la-sebes\/#primaryimage"},"thumbnailUrl":"https:\/\/urbeamea.ro\/albaiulia\/wp-content\/uploads\/2023\/04\/taxi.jpg","datePublished":"2023-04-05T07:16:01+00:00","dateModified":"2023-04-05T07:16:03+00:00","author":{"@id":"https:\/\/urbeamea.ro\/albaiulia\/#\/schema\/person\/272ae98052f8ee8980f59848df070247"},"description":"Conform prevederilor Legii nr. 38\/2003, cu modific\u0103rile \u0219i complet\u0103rile ulterioare privind transportul \u00een regim de taxi \u0219i \u00een regim de \u00eenchiriere \u0219i a","breadcrumb":{"@id":"https:\/\/urbeamea.ro\/albaiulia\/anunt-public-privind-procedura-de-atribuire-a-autorizatiilor-de-taxi-la-sebes\/#breadcrumb"},"inLanguage":"ro-RO","potentialAction":[{"@type":"ReadAction","target":["https:\/\/urbeamea.ro\/albaiulia\/anunt-public-privind-procedura-de-atribuire-a-autorizatiilor-de-taxi-la-sebes\/"]}]},{"@type":"ImageObject","inLanguage":"ro-RO","@id":"https:\/\/urbeamea.ro\/albaiulia\/anunt-public-privind-procedura-de-atribuire-a-autorizatiilor-de-taxi-la-sebes\/#primaryimage","url":"https:\/\/urbeamea.ro\/albaiulia\/wp-content\/uploads\/2023\/04\/taxi.jpg","contentUrl":"https:\/\/urbeamea.ro\/albaiulia\/wp-content\/uploads\/2023\/04\/taxi.jpg","width":1063,"height":560},{"@type":"BreadcrumbList","@id":"https:\/\/urbeamea.ro\/albaiulia\/anunt-public-privind-procedura-de-atribuire-a-autorizatiilor-de-taxi-la-sebes\/#breadcrumb","itemListElement":[{"@type":"ListItem","position":1,"name":"Prima pagin\u0103","item":"https:\/\/urbeamea.ro\/albaiulia\/"},{"@type":"ListItem","position":2,"name":"Anun\u0163 public privind procedura de atribuire a autoriza\u021biilor de taxi la Sebe\u0219"}]},{"@type":"WebSite","@id":"https:\/\/urbeamea.ro\/albaiulia\/#website","url":"https:\/\/urbeamea.ro\/albaiulia\/","name":"Revista Urbea Mea, Stiri urbane","description":"Evenimente \u0219i \u0219tiri din Alba Iulia, Sebe\u0219, Aiud, Blaj","potentialAction":[{"@type":"SearchAction","target":{"@type":"EntryPoint","urlTemplate":"https:\/\/urbeamea.ro\/albaiulia\/?s={search_term_string}"},"query-input":{"@type":"PropertyValueSpecification","valueRequired":true,"valueName":"search_term_string"}}],"inLanguage":"ro-RO"},{"@type":"Person","@id":"https:\/\/urbeamea.ro\/albaiulia\/#\/schema\/person\/272ae98052f8ee8980f59848df070247","name":"Redac\u021bia UrbeaMea","image":{"@type":"ImageObject","inLanguage":"ro-RO","@id":"https:\/\/secure.gravatar.com\/avatar\/9ce5a9435071fa1037e8468053ead8e513dbbff59009d3069aadb85506d85a27?s=96&d=mm&r=g","url":"https:\/\/secure.gravatar.com\/avatar\/9ce5a9435071fa1037e8468053ead8e513dbbff59009d3069aadb85506d85a27?s=96&d=mm&r=g","contentUrl":"https:\/\/secure.gravatar.com\/avatar\/9ce5a9435071fa1037e8468053ead8e513dbbff59009d3069aadb85506d85a27?s=96&d=mm&r=g","caption":"Redac\u021bia UrbeaMea"},"description":"contact@urbeamea.ro","sameAs":["https:\/\/www.urbeamea.ro"],"url":"https:\/\/urbeamea.ro\/albaiulia\/author\/redactia-urbeamea\/"}]}},"_links":{"self":[{"href":"https:\/\/urbeamea.ro\/albaiulia\/wp-json\/wp\/v2\/posts\/107172","targetHints":{"allow":["GET"]}}],"collection":[{"href":"https:\/\/urbeamea.ro\/albaiulia\/wp-json\/wp\/v2\/posts"}],"about":[{"href":"https:\/\/urbeamea.ro\/albaiulia\/wp-json\/wp\/v2\/types\/post"}],"author":[{"embeddable":true,"href":"https:\/\/urbeamea.ro\/albaiulia\/wp-json\/wp\/v2\/users\/16"}],"replies":[{"embeddable":true,"href":"https:\/\/urbeamea.ro\/albaiulia\/wp-json\/wp\/v2\/comments?post=107172"}],"version-history":[{"count":1,"href":"https:\/\/urbeamea.ro\/albaiulia\/wp-json\/wp\/v2\/posts\/107172\/revisions"}],"predecessor-version":[{"id":107174,"href":"https:\/\/urbeamea.ro\/albaiulia\/wp-json\/wp\/v2\/posts\/107172\/revisions\/107174"}],"wp:featuredmedia":[{"embeddable":true,"href":"https:\/\/urbeamea.ro\/albaiulia\/wp-json\/wp\/v2\/media\/107173"}],"wp:attachment":[{"href":"https:\/\/urbeamea.ro\/albaiulia\/wp-json\/wp\/v2\/media?parent=107172"}],"wp:term":[{"taxonomy":"category","embeddable":true,"href":"https:\/\/urbeamea.ro\/albaiulia\/wp-json\/wp\/v2\/categories?post=107172"},{"taxonomy":"post_tag","embeddable":true,"href":"https:\/\/urbeamea.ro\/albaiulia\/wp-json\/wp\/v2\/tags?post=107172"}],"curies":[{"name":"wp","href":"https:\/\/api.w.org\/{rel}","templated":true}]}}