{"id":107181,"date":"2023-04-08T11:33:59","date_gmt":"2023-04-08T08:33:59","guid":{"rendered":"https:\/\/urbeamea.ro\/albaiulia\/?p=107181"},"modified":"2023-04-08T11:34:02","modified_gmt":"2023-04-08T08:34:02","slug":"13-milioane-lei-finantare-nerambursabila-obtinuta-de-primaria-sebes-prin-pnrr-in-beneficiul-persoanelor-cu-dizabilitati-centru-de-zi-cu-gradina-terapeutica-cabinete-de-kinetoterapie-si-psiholog","status":"publish","type":"post","link":"https:\/\/urbeamea.ro\/albaiulia\/13-milioane-lei-finantare-nerambursabila-obtinuta-de-primaria-sebes-prin-pnrr-in-beneficiul-persoanelor-cu-dizabilitati-centru-de-zi-cu-gradina-terapeutica-cabinete-de-kinetoterapie-si-psiholog\/","title":{"rendered":"1,3 milioane lei &#8211; finan\u021bare nerambursabil\u0103 ob\u021binut\u0103 de Prim\u0103ria Sebe\u0219, prin PNRR, \u00een beneficiul persoanelor cu dizabilit\u0103\u021bi: centru de zi cu gr\u0103din\u0103 terapeutic\u0103, cabinete de kinetoterapie \u0219i psihologie"},"content":{"rendered":"\n<p>Prin cererea de finan\u021bare care a fost aprobat\u0103 \u00een beneficiul Municipiului Sebe\u0219, \u00een cadrul liniei de finan\u021bare Reabilitarea\/renovarea infrastructurii sociale pentru persoanele cu dizabilit\u0103\u021bi din cadrul punctului I2. Reabilitarea\/renovarea \u0219i dezvoltarea infrastructurii sociale pentru persoanele cu dizabilit\u0103\u021bi al Pilonului V S\u0103n\u0103tate, precum \u0219i rezilien\u021b\u0103 economic\u0103, social\u0103 \u0219i institu\u021bional\u0103 al Planului Na\u021bional de Redresare \u0219i Rezilien\u021b\u0103, Componenta 13 Reforme sociale, au fost ob\u021binute fonduri nerambursabile \u00een valoare de 1.317.330 lei.<\/p>\n\n\n\n<p>Proiectul aprobat are ca obiect Centrul de Zi pentru Persoane Adulte cu Dizabilit\u0103\u021bi care func\u021bioneaz\u0103 \u00een imobilul situat pe strada Lucian Blaga nr. 45A.<\/p>\n\n\n\n<p>Grupul \u021bint\u0103 al proiectului este format din persoane adulte cu dizabilit\u0103\u021bi din comunitate.<\/p>\n\n\n\n<p>Prin proiect se vor efectua lucr\u0103ri de reabilitare \u0219i dot\u0103ri specifice la centrul de zi, astfel \u00eenc\u00e2t acesta s\u0103 fie accesibil persoanelor cu dizabilit\u0103\u021bi, \u00een conformitate cu prevederile normativului privind adaptarea cl\u0103dirilor civile \u0219i spa\u021biului urban la nevoile individuale ale persoanelor cu handicap, indicativ NP 051-2012, aprobat prin Ordinul ministrului dezvolt\u0103rii regionale \u0219i administra\u021biei publice nr. 189\/2013. Totodat\u0103, va fi montat un sistem de panouri fotovoltaice care s\u0103 asigure energia electric\u0103 pentru func\u021bionarea cl\u0103dirii. Dot\u0103rile care vor fi efectuate prin intermediul proiectului cuprind ascensor pentru persoane, echipamente pentru gr\u0103dina terapeutic\u0103, dot\u0103ri pentru un atelier de lum\u00e2n\u0103ri, pentru cabinetele de kinetoterapie \u0219i psihologie, mobilier.<\/p>\n\n\n\n<p>\u201eCentrul de zi va asigura accesul beneficiarilor din comunitate la resursele \u0219i facilit\u0103\u021bile oferite, precum \u0219i la cele din comunitate (s\u0103n\u0103tate, educa\u021bie, munc\u0103, cultur\u0103, transport, petrecerea timpului liber etc.), cu scopul de a \u00eembun\u0103t\u0103\u021bi abilit\u0103\u021bile \u0219i capacitatea acestora de a participa activ pe pia\u021ba for\u021bei de munc\u0103 \u0219i la via\u021ba social\u0103.<\/p>\n\n\n\n<p>Printre principalele activit\u0103\u021bi desf\u0103\u0219urate \u00een serviciul social de tip centru de zi se afl\u0103: informare \u0219i consiliere, dezvoltarea abilit\u0103\u021bilor pentru via\u021b\u0103 independent\u0103, abilitare \u0219i reabilitare, integrare social\u0103, terapie ocupa\u021bional\u0103, terapii de recuperare, alte terapii, sprijin pentru integrarea \u00een munc\u0103 (inclusiv munca asistat\u0103), servicii specializate \u00een func\u021bie de nevoile specifice \u0219i individuale ale persoanelor cu dizabilit\u0103\u021bi, activit\u0103\u021bi culturale, recreative \u0219i sportive\u201d a transmis Dorin Nistor, primarul Municipiului Sebe\u0219.<\/p>\n\n\n\n<figure class=\"wp-block-gallery has-nested-images columns-default is-cropped wp-block-gallery-1 is-layout-flex wp-block-gallery-is-layout-flex\">\n<figure class=\"wp-block-image size-large\"><a href=\"https:\/\/urbeamea.ro\/albaiulia\/wp-content\/uploads\/2023\/04\/48393440_2158059457778314_6855288513366065152_n.jpg\"><img loading=\"lazy\" decoding=\"async\" width=\"720\" height=\"960\" data-id=\"107182\" src=\"https:\/\/urbeamea.ro\/albaiulia\/wp-content\/uploads\/2023\/04\/48393440_2158059457778314_6855288513366065152_n.jpg\" alt=\"\" class=\"wp-image-107182\" srcset=\"https:\/\/urbeamea.ro\/albaiulia\/wp-content\/uploads\/2023\/04\/48393440_2158059457778314_6855288513366065152_n.jpg 720w, https:\/\/urbeamea.ro\/albaiulia\/wp-content\/uploads\/2023\/04\/48393440_2158059457778314_6855288513366065152_n-480x640.jpg 480w, https:\/\/urbeamea.ro\/albaiulia\/wp-content\/uploads\/2023\/04\/48393440_2158059457778314_6855288513366065152_n-113x150.jpg 113w\" sizes=\"auto, (max-width: 720px) 100vw, 720px\" \/><\/a><\/figure>\n\n\n\n<figure class=\"wp-block-image size-large\"><a href=\"https:\/\/urbeamea.ro\/albaiulia\/wp-content\/uploads\/2023\/04\/304035691_5422140701155740_3687833693042603518_n.jpg\"><img loading=\"lazy\" decoding=\"async\" width=\"1280\" height=\"622\" data-id=\"107187\" src=\"https:\/\/urbeamea.ro\/albaiulia\/wp-content\/uploads\/2023\/04\/304035691_5422140701155740_3687833693042603518_n-1280x622.jpg\" alt=\"\" class=\"wp-image-107187\" srcset=\"https:\/\/urbeamea.ro\/albaiulia\/wp-content\/uploads\/2023\/04\/304035691_5422140701155740_3687833693042603518_n-1280x622.jpg 1280w, https:\/\/urbeamea.ro\/albaiulia\/wp-content\/uploads\/2023\/04\/304035691_5422140701155740_3687833693042603518_n-640x311.jpg 640w, https:\/\/urbeamea.ro\/albaiulia\/wp-content\/uploads\/2023\/04\/304035691_5422140701155740_3687833693042603518_n-150x73.jpg 150w, https:\/\/urbeamea.ro\/albaiulia\/wp-content\/uploads\/2023\/04\/304035691_5422140701155740_3687833693042603518_n-768x373.jpg 768w, https:\/\/urbeamea.ro\/albaiulia\/wp-content\/uploads\/2023\/04\/304035691_5422140701155740_3687833693042603518_n-1536x747.jpg 1536w, https:\/\/urbeamea.ro\/albaiulia\/wp-content\/uploads\/2023\/04\/304035691_5422140701155740_3687833693042603518_n.jpg 1600w\" sizes=\"auto, (max-width: 1280px) 100vw, 1280px\" \/><\/a><\/figure>\n\n\n\n<figure class=\"wp-block-image size-large\"><a href=\"https:\/\/urbeamea.ro\/albaiulia\/wp-content\/uploads\/2023\/04\/307129781_1029572311122291_1298700295628243735_n.jpg\"><img loading=\"lazy\" decoding=\"async\" width=\"1280\" height=\"720\" data-id=\"107184\" src=\"https:\/\/urbeamea.ro\/albaiulia\/wp-content\/uploads\/2023\/04\/307129781_1029572311122291_1298700295628243735_n-1280x720.jpg\" alt=\"\" class=\"wp-image-107184\" srcset=\"https:\/\/urbeamea.ro\/albaiulia\/wp-content\/uploads\/2023\/04\/307129781_1029572311122291_1298700295628243735_n-1280x720.jpg 1280w, https:\/\/urbeamea.ro\/albaiulia\/wp-content\/uploads\/2023\/04\/307129781_1029572311122291_1298700295628243735_n-640x360.jpg 640w, https:\/\/urbeamea.ro\/albaiulia\/wp-content\/uploads\/2023\/04\/307129781_1029572311122291_1298700295628243735_n-150x84.jpg 150w, https:\/\/urbeamea.ro\/albaiulia\/wp-content\/uploads\/2023\/04\/307129781_1029572311122291_1298700295628243735_n-768x432.jpg 768w, https:\/\/urbeamea.ro\/albaiulia\/wp-content\/uploads\/2023\/04\/307129781_1029572311122291_1298700295628243735_n-390x220.jpg 390w, https:\/\/urbeamea.ro\/albaiulia\/wp-content\/uploads\/2023\/04\/307129781_1029572311122291_1298700295628243735_n.jpg 1440w\" sizes=\"auto, (max-width: 1280px) 100vw, 1280px\" \/><\/a><\/figure>\n\n\n\n<figure class=\"wp-block-image size-large\"><a href=\"https:\/\/urbeamea.ro\/albaiulia\/wp-content\/uploads\/2023\/04\/302871455_5422139304489213_4386304694607966210_n.jpg\"><img loading=\"lazy\" decoding=\"async\" width=\"1280\" height=\"704\" data-id=\"107186\" src=\"https:\/\/urbeamea.ro\/albaiulia\/wp-content\/uploads\/2023\/04\/302871455_5422139304489213_4386304694607966210_n-1280x704.jpg\" alt=\"\" class=\"wp-image-107186\" srcset=\"https:\/\/urbeamea.ro\/albaiulia\/wp-content\/uploads\/2023\/04\/302871455_5422139304489213_4386304694607966210_n-1280x704.jpg 1280w, https:\/\/urbeamea.ro\/albaiulia\/wp-content\/uploads\/2023\/04\/302871455_5422139304489213_4386304694607966210_n-640x352.jpg 640w, https:\/\/urbeamea.ro\/albaiulia\/wp-content\/uploads\/2023\/04\/302871455_5422139304489213_4386304694607966210_n-150x83.jpg 150w, https:\/\/urbeamea.ro\/albaiulia\/wp-content\/uploads\/2023\/04\/302871455_5422139304489213_4386304694607966210_n-768x422.jpg 768w, https:\/\/urbeamea.ro\/albaiulia\/wp-content\/uploads\/2023\/04\/302871455_5422139304489213_4386304694607966210_n-1536x845.jpg 1536w, https:\/\/urbeamea.ro\/albaiulia\/wp-content\/uploads\/2023\/04\/302871455_5422139304489213_4386304694607966210_n.jpg 1600w\" sizes=\"auto, (max-width: 1280px) 100vw, 1280px\" \/><\/a><\/figure>\n\n\n\n<figure class=\"wp-block-image size-large\"><a href=\"https:\/\/urbeamea.ro\/albaiulia\/wp-content\/uploads\/2023\/04\/78913460_2419250984992492_5566854846335680512_n.jpg\"><img loading=\"lazy\" decoding=\"async\" width=\"960\" height=\"720\" data-id=\"107183\" src=\"https:\/\/urbeamea.ro\/albaiulia\/wp-content\/uploads\/2023\/04\/78913460_2419250984992492_5566854846335680512_n.jpg\" alt=\"\" class=\"wp-image-107183\" srcset=\"https:\/\/urbeamea.ro\/albaiulia\/wp-content\/uploads\/2023\/04\/78913460_2419250984992492_5566854846335680512_n.jpg 960w, https:\/\/urbeamea.ro\/albaiulia\/wp-content\/uploads\/2023\/04\/78913460_2419250984992492_5566854846335680512_n-640x480.jpg 640w, https:\/\/urbeamea.ro\/albaiulia\/wp-content\/uploads\/2023\/04\/78913460_2419250984992492_5566854846335680512_n-150x113.jpg 150w, https:\/\/urbeamea.ro\/albaiulia\/wp-content\/uploads\/2023\/04\/78913460_2419250984992492_5566854846335680512_n-768x576.jpg 768w\" sizes=\"auto, (max-width: 960px) 100vw, 960px\" \/><\/a><\/figure>\n\n\n\n<figure class=\"wp-block-image size-large\"><a href=\"https:\/\/urbeamea.ro\/albaiulia\/wp-content\/uploads\/2023\/04\/71380023_2360856530831938_1405470976090570752_n.jpg\"><img loading=\"lazy\" decoding=\"async\" width=\"960\" height=\"1280\" data-id=\"107185\" src=\"https:\/\/urbeamea.ro\/albaiulia\/wp-content\/uploads\/2023\/04\/71380023_2360856530831938_1405470976090570752_n-960x1280.jpg\" alt=\"\" class=\"wp-image-107185\" srcset=\"https:\/\/urbeamea.ro\/albaiulia\/wp-content\/uploads\/2023\/04\/71380023_2360856530831938_1405470976090570752_n-960x1280.jpg 960w, https:\/\/urbeamea.ro\/albaiulia\/wp-content\/uploads\/2023\/04\/71380023_2360856530831938_1405470976090570752_n-480x640.jpg 480w, https:\/\/urbeamea.ro\/albaiulia\/wp-content\/uploads\/2023\/04\/71380023_2360856530831938_1405470976090570752_n-113x150.jpg 113w, https:\/\/urbeamea.ro\/albaiulia\/wp-content\/uploads\/2023\/04\/71380023_2360856530831938_1405470976090570752_n-768x1024.jpg 768w, https:\/\/urbeamea.ro\/albaiulia\/wp-content\/uploads\/2023\/04\/71380023_2360856530831938_1405470976090570752_n-1152x1536.jpg 1152w, https:\/\/urbeamea.ro\/albaiulia\/wp-content\/uploads\/2023\/04\/71380023_2360856530831938_1405470976090570752_n.jpg 1200w\" sizes=\"auto, (max-width: 960px) 100vw, 960px\" \/><\/a><\/figure>\n<\/figure>\n","protected":false},"excerpt":{"rendered":"<p>Prin cererea de finan\u021bare care a fost aprobat\u0103 \u00een beneficiul Municipiului Sebe\u0219, \u00een cadrul liniei de finan\u021bare Reabilitarea\/renovarea infrastructurii sociale pentru persoanele cu dizabilit\u0103\u021bi din cadrul punctului I2. Reabilitarea\/renovarea \u0219i dezvoltarea infrastructurii sociale pentru persoanele cu dizabilit\u0103\u021bi al Pilonului V S\u0103n\u0103tate, precum \u0219i rezilien\u021b\u0103 economic\u0103, social\u0103 \u0219i institu\u021bional\u0103 al Planului Na\u021bional de Redresare \u0219i Rezilien\u021b\u0103, &hellip;<\/p>\n","protected":false},"author":16,"featured_media":0,"comment_status":"open","ping_status":"open","sticky":false,"template":"","format":"standard","meta":{"inline_featured_image":false,"footnotes":""},"categories":[2035],"tags":[],"class_list":["post-107181","post","type-post","status-publish","format-standard","hentry","category-administratie"],"yoast_head":"<!-- This site is optimized with the Yoast SEO plugin v27.4 - https:\/\/yoast.com\/product\/yoast-seo-wordpress\/ -->\n<title>1,3 milioane lei - finan\u021bare nerambursabil\u0103 ob\u021binut\u0103 de Prim\u0103ria Sebe\u0219, prin PNRR, \u00een beneficiul persoanelor cu dizabilit\u0103\u021bi: centru de zi cu gr\u0103din\u0103 terapeutic\u0103, cabinete de kinetoterapie \u0219i psihologie - Revista Urbea Mea - Revista de Alba<\/title>\n<meta name=\"description\" content=\"Prin cererea de finan\u021bare care a fost aprobat\u0103 \u00een beneficiul Municipiului Sebe\u0219, \u00een cadrul liniei de finan\u021bare Reabilitarea\/renovarea infrastructurii\" \/>\n<meta name=\"robots\" content=\"index, follow, max-snippet:-1, max-image-preview:large, max-video-preview:-1\" \/>\n<link rel=\"canonical\" href=\"https:\/\/urbeamea.ro\/albaiulia\/13-milioane-lei-finantare-nerambursabila-obtinuta-de-primaria-sebes-prin-pnrr-in-beneficiul-persoanelor-cu-dizabilitati-centru-de-zi-cu-gradina-terapeutica-cabinete-de-kinetoterapie-si-psiholog\/\" \/>\n<meta name=\"twitter:card\" content=\"summary_large_image\" \/>\n<meta name=\"twitter:title\" content=\"1,3 milioane lei - finan\u021bare nerambursabil\u0103 ob\u021binut\u0103 de Prim\u0103ria Sebe\u0219, prin PNRR, \u00een beneficiul persoanelor cu dizabilit\u0103\u021bi: centru de zi cu gr\u0103din\u0103 terapeutic\u0103, cabinete de kinetoterapie \u0219i psihologie - Revista Urbea Mea - Revista de Alba\" \/>\n<meta name=\"twitter:description\" content=\"Prin cererea de finan\u021bare care a fost aprobat\u0103 \u00een beneficiul Municipiului Sebe\u0219, \u00een cadrul liniei de finan\u021bare Reabilitarea\/renovarea infrastructurii\" \/>\n<meta name=\"twitter:image\" content=\"https:\/\/urbeamea.ro\/albaiulia\/wp-content\/uploads\/2023\/04\/48393440_2158059457778314_6855288513366065152_n.jpg\" \/>\n<meta name=\"twitter:creator\" content=\"@urbeameaweb\" \/>\n<meta name=\"twitter:site\" content=\"@urbeameaweb\" \/>\n<script type=\"application\/ld+json\" class=\"yoast-schema-graph\">{\"@context\":\"https:\\\/\\\/schema.org\",\"@graph\":[{\"@type\":\"Article\",\"@id\":\"https:\\\/\\\/urbeamea.ro\\\/albaiulia\\\/13-milioane-lei-finantare-nerambursabila-obtinuta-de-primaria-sebes-prin-pnrr-in-beneficiul-persoanelor-cu-dizabilitati-centru-de-zi-cu-gradina-terapeutica-cabinete-de-kinetoterapie-si-psiholog\\\/#article\",\"isPartOf\":{\"@id\":\"https:\\\/\\\/urbeamea.ro\\\/albaiulia\\\/13-milioane-lei-finantare-nerambursabila-obtinuta-de-primaria-sebes-prin-pnrr-in-beneficiul-persoanelor-cu-dizabilitati-centru-de-zi-cu-gradina-terapeutica-cabinete-de-kinetoterapie-si-psiholog\\\/\"},\"author\":{\"name\":\"Redac\u021bia UrbeaMea\",\"@id\":\"https:\\\/\\\/urbeamea.ro\\\/albaiulia\\\/#\\\/schema\\\/person\\\/272ae98052f8ee8980f59848df070247\"},\"headline\":\"1,3 milioane lei &#8211; finan\u021bare nerambursabil\u0103 ob\u021binut\u0103 de Prim\u0103ria Sebe\u0219, prin PNRR, \u00een beneficiul persoanelor cu dizabilit\u0103\u021bi: centru de zi cu gr\u0103din\u0103 terapeutic\u0103, cabinete de kinetoterapie \u0219i psihologie\",\"datePublished\":\"2023-04-08T08:33:59+00:00\",\"dateModified\":\"2023-04-08T08:34:02+00:00\",\"mainEntityOfPage\":{\"@id\":\"https:\\\/\\\/urbeamea.ro\\\/albaiulia\\\/13-milioane-lei-finantare-nerambursabila-obtinuta-de-primaria-sebes-prin-pnrr-in-beneficiul-persoanelor-cu-dizabilitati-centru-de-zi-cu-gradina-terapeutica-cabinete-de-kinetoterapie-si-psiholog\\\/\"},\"wordCount\":402,\"commentCount\":0,\"image\":{\"@id\":\"https:\\\/\\\/urbeamea.ro\\\/albaiulia\\\/13-milioane-lei-finantare-nerambursabila-obtinuta-de-primaria-sebes-prin-pnrr-in-beneficiul-persoanelor-cu-dizabilitati-centru-de-zi-cu-gradina-terapeutica-cabinete-de-kinetoterapie-si-psiholog\\\/#primaryimage\"},\"thumbnailUrl\":\"https:\\\/\\\/urbeamea.ro\\\/albaiulia\\\/wp-content\\\/uploads\\\/2023\\\/04\\\/48393440_2158059457778314_6855288513366065152_n.jpg\",\"articleSection\":[\"Administra\u021bie\"],\"inLanguage\":\"ro-RO\",\"potentialAction\":[{\"@type\":\"CommentAction\",\"name\":\"Comment\",\"target\":[\"https:\\\/\\\/urbeamea.ro\\\/albaiulia\\\/13-milioane-lei-finantare-nerambursabila-obtinuta-de-primaria-sebes-prin-pnrr-in-beneficiul-persoanelor-cu-dizabilitati-centru-de-zi-cu-gradina-terapeutica-cabinete-de-kinetoterapie-si-psiholog\\\/#respond\"]}]},{\"@type\":\"WebPage\",\"@id\":\"https:\\\/\\\/urbeamea.ro\\\/albaiulia\\\/13-milioane-lei-finantare-nerambursabila-obtinuta-de-primaria-sebes-prin-pnrr-in-beneficiul-persoanelor-cu-dizabilitati-centru-de-zi-cu-gradina-terapeutica-cabinete-de-kinetoterapie-si-psiholog\\\/\",\"url\":\"https:\\\/\\\/urbeamea.ro\\\/albaiulia\\\/13-milioane-lei-finantare-nerambursabila-obtinuta-de-primaria-sebes-prin-pnrr-in-beneficiul-persoanelor-cu-dizabilitati-centru-de-zi-cu-gradina-terapeutica-cabinete-de-kinetoterapie-si-psiholog\\\/\",\"name\":\"1,3 milioane lei - finan\u021bare nerambursabil\u0103 ob\u021binut\u0103 de Prim\u0103ria Sebe\u0219, prin PNRR, \u00een beneficiul persoanelor cu dizabilit\u0103\u021bi: centru de zi cu gr\u0103din\u0103 terapeutic\u0103, cabinete de kinetoterapie \u0219i psihologie - Revista Urbea Mea - Revista de Alba\",\"isPartOf\":{\"@id\":\"https:\\\/\\\/urbeamea.ro\\\/albaiulia\\\/#website\"},\"primaryImageOfPage\":{\"@id\":\"https:\\\/\\\/urbeamea.ro\\\/albaiulia\\\/13-milioane-lei-finantare-nerambursabila-obtinuta-de-primaria-sebes-prin-pnrr-in-beneficiul-persoanelor-cu-dizabilitati-centru-de-zi-cu-gradina-terapeutica-cabinete-de-kinetoterapie-si-psiholog\\\/#primaryimage\"},\"image\":{\"@id\":\"https:\\\/\\\/urbeamea.ro\\\/albaiulia\\\/13-milioane-lei-finantare-nerambursabila-obtinuta-de-primaria-sebes-prin-pnrr-in-beneficiul-persoanelor-cu-dizabilitati-centru-de-zi-cu-gradina-terapeutica-cabinete-de-kinetoterapie-si-psiholog\\\/#primaryimage\"},\"thumbnailUrl\":\"https:\\\/\\\/urbeamea.ro\\\/albaiulia\\\/wp-content\\\/uploads\\\/2023\\\/04\\\/48393440_2158059457778314_6855288513366065152_n.jpg\",\"datePublished\":\"2023-04-08T08:33:59+00:00\",\"dateModified\":\"2023-04-08T08:34:02+00:00\",\"author\":{\"@id\":\"https:\\\/\\\/urbeamea.ro\\\/albaiulia\\\/#\\\/schema\\\/person\\\/272ae98052f8ee8980f59848df070247\"},\"description\":\"Prin cererea de finan\u021bare care a fost aprobat\u0103 \u00een beneficiul Municipiului Sebe\u0219, \u00een cadrul liniei de finan\u021bare Reabilitarea\\\/renovarea infrastructurii\",\"breadcrumb\":{\"@id\":\"https:\\\/\\\/urbeamea.ro\\\/albaiulia\\\/13-milioane-lei-finantare-nerambursabila-obtinuta-de-primaria-sebes-prin-pnrr-in-beneficiul-persoanelor-cu-dizabilitati-centru-de-zi-cu-gradina-terapeutica-cabinete-de-kinetoterapie-si-psiholog\\\/#breadcrumb\"},\"inLanguage\":\"ro-RO\",\"potentialAction\":[{\"@type\":\"ReadAction\",\"target\":[\"https:\\\/\\\/urbeamea.ro\\\/albaiulia\\\/13-milioane-lei-finantare-nerambursabila-obtinuta-de-primaria-sebes-prin-pnrr-in-beneficiul-persoanelor-cu-dizabilitati-centru-de-zi-cu-gradina-terapeutica-cabinete-de-kinetoterapie-si-psiholog\\\/\"]}]},{\"@type\":\"ImageObject\",\"inLanguage\":\"ro-RO\",\"@id\":\"https:\\\/\\\/urbeamea.ro\\\/albaiulia\\\/13-milioane-lei-finantare-nerambursabila-obtinuta-de-primaria-sebes-prin-pnrr-in-beneficiul-persoanelor-cu-dizabilitati-centru-de-zi-cu-gradina-terapeutica-cabinete-de-kinetoterapie-si-psiholog\\\/#primaryimage\",\"url\":\"https:\\\/\\\/urbeamea.ro\\\/albaiulia\\\/wp-content\\\/uploads\\\/2023\\\/04\\\/48393440_2158059457778314_6855288513366065152_n.jpg\",\"contentUrl\":\"https:\\\/\\\/urbeamea.ro\\\/albaiulia\\\/wp-content\\\/uploads\\\/2023\\\/04\\\/48393440_2158059457778314_6855288513366065152_n.jpg\"},{\"@type\":\"BreadcrumbList\",\"@id\":\"https:\\\/\\\/urbeamea.ro\\\/albaiulia\\\/13-milioane-lei-finantare-nerambursabila-obtinuta-de-primaria-sebes-prin-pnrr-in-beneficiul-persoanelor-cu-dizabilitati-centru-de-zi-cu-gradina-terapeutica-cabinete-de-kinetoterapie-si-psiholog\\\/#breadcrumb\",\"itemListElement\":[{\"@type\":\"ListItem\",\"position\":1,\"name\":\"Prima pagin\u0103\",\"item\":\"https:\\\/\\\/urbeamea.ro\\\/albaiulia\\\/\"},{\"@type\":\"ListItem\",\"position\":2,\"name\":\"1,3 milioane lei &#8211; finan\u021bare nerambursabil\u0103 ob\u021binut\u0103 de Prim\u0103ria Sebe\u0219, prin PNRR, \u00een beneficiul persoanelor cu dizabilit\u0103\u021bi: centru de zi cu gr\u0103din\u0103 terapeutic\u0103, cabinete de kinetoterapie \u0219i psihologie\"}]},{\"@type\":\"WebSite\",\"@id\":\"https:\\\/\\\/urbeamea.ro\\\/albaiulia\\\/#website\",\"url\":\"https:\\\/\\\/urbeamea.ro\\\/albaiulia\\\/\",\"name\":\"Revista Urbea Mea, Stiri urbane\",\"description\":\"Evenimente \u0219i \u0219tiri din Alba Iulia, Sebe\u0219, Aiud, Blaj\",\"potentialAction\":[{\"@type\":\"SearchAction\",\"target\":{\"@type\":\"EntryPoint\",\"urlTemplate\":\"https:\\\/\\\/urbeamea.ro\\\/albaiulia\\\/?s={search_term_string}\"},\"query-input\":{\"@type\":\"PropertyValueSpecification\",\"valueRequired\":true,\"valueName\":\"search_term_string\"}}],\"inLanguage\":\"ro-RO\"},{\"@type\":\"Person\",\"@id\":\"https:\\\/\\\/urbeamea.ro\\\/albaiulia\\\/#\\\/schema\\\/person\\\/272ae98052f8ee8980f59848df070247\",\"name\":\"Redac\u021bia UrbeaMea\",\"image\":{\"@type\":\"ImageObject\",\"inLanguage\":\"ro-RO\",\"@id\":\"https:\\\/\\\/secure.gravatar.com\\\/avatar\\\/9ce5a9435071fa1037e8468053ead8e513dbbff59009d3069aadb85506d85a27?s=96&d=mm&r=g\",\"url\":\"https:\\\/\\\/secure.gravatar.com\\\/avatar\\\/9ce5a9435071fa1037e8468053ead8e513dbbff59009d3069aadb85506d85a27?s=96&d=mm&r=g\",\"contentUrl\":\"https:\\\/\\\/secure.gravatar.com\\\/avatar\\\/9ce5a9435071fa1037e8468053ead8e513dbbff59009d3069aadb85506d85a27?s=96&d=mm&r=g\",\"caption\":\"Redac\u021bia UrbeaMea\"},\"description\":\"contact@urbeamea.ro\",\"sameAs\":[\"https:\\\/\\\/www.urbeamea.ro\"],\"url\":\"https:\\\/\\\/urbeamea.ro\\\/albaiulia\\\/author\\\/redactia-urbeamea\\\/\"}]}<\/script>\n<!-- \/ Yoast SEO plugin. -->","yoast_head_json":{"title":"1,3 milioane lei - finan\u021bare nerambursabil\u0103 ob\u021binut\u0103 de Prim\u0103ria Sebe\u0219, prin PNRR, \u00een beneficiul persoanelor cu dizabilit\u0103\u021bi: centru de zi cu gr\u0103din\u0103 terapeutic\u0103, cabinete de kinetoterapie \u0219i psihologie - Revista Urbea Mea - Revista de Alba","description":"Prin cererea de finan\u021bare care a fost aprobat\u0103 \u00een beneficiul Municipiului Sebe\u0219, \u00een cadrul liniei de finan\u021bare Reabilitarea\/renovarea infrastructurii","robots":{"index":"index","follow":"follow","max-snippet":"max-snippet:-1","max-image-preview":"max-image-preview:large","max-video-preview":"max-video-preview:-1"},"canonical":"https:\/\/urbeamea.ro\/albaiulia\/13-milioane-lei-finantare-nerambursabila-obtinuta-de-primaria-sebes-prin-pnrr-in-beneficiul-persoanelor-cu-dizabilitati-centru-de-zi-cu-gradina-terapeutica-cabinete-de-kinetoterapie-si-psiholog\/","twitter_card":"summary_large_image","twitter_title":"1,3 milioane lei - finan\u021bare nerambursabil\u0103 ob\u021binut\u0103 de Prim\u0103ria Sebe\u0219, prin PNRR, \u00een beneficiul persoanelor cu dizabilit\u0103\u021bi: centru de zi cu gr\u0103din\u0103 terapeutic\u0103, cabinete de kinetoterapie \u0219i psihologie - Revista Urbea Mea - Revista de Alba","twitter_description":"Prin cererea de finan\u021bare care a fost aprobat\u0103 \u00een beneficiul Municipiului Sebe\u0219, \u00een cadrul liniei de finan\u021bare Reabilitarea\/renovarea infrastructurii","twitter_image":"https:\/\/urbeamea.ro\/albaiulia\/wp-content\/uploads\/2023\/04\/48393440_2158059457778314_6855288513366065152_n.jpg","twitter_creator":"@urbeameaweb","twitter_site":"@urbeameaweb","schema":{"@context":"https:\/\/schema.org","@graph":[{"@type":"Article","@id":"https:\/\/urbeamea.ro\/albaiulia\/13-milioane-lei-finantare-nerambursabila-obtinuta-de-primaria-sebes-prin-pnrr-in-beneficiul-persoanelor-cu-dizabilitati-centru-de-zi-cu-gradina-terapeutica-cabinete-de-kinetoterapie-si-psiholog\/#article","isPartOf":{"@id":"https:\/\/urbeamea.ro\/albaiulia\/13-milioane-lei-finantare-nerambursabila-obtinuta-de-primaria-sebes-prin-pnrr-in-beneficiul-persoanelor-cu-dizabilitati-centru-de-zi-cu-gradina-terapeutica-cabinete-de-kinetoterapie-si-psiholog\/"},"author":{"name":"Redac\u021bia UrbeaMea","@id":"https:\/\/urbeamea.ro\/albaiulia\/#\/schema\/person\/272ae98052f8ee8980f59848df070247"},"headline":"1,3 milioane lei &#8211; finan\u021bare nerambursabil\u0103 ob\u021binut\u0103 de Prim\u0103ria Sebe\u0219, prin PNRR, \u00een beneficiul persoanelor cu dizabilit\u0103\u021bi: centru de zi cu gr\u0103din\u0103 terapeutic\u0103, cabinete de kinetoterapie \u0219i psihologie","datePublished":"2023-04-08T08:33:59+00:00","dateModified":"2023-04-08T08:34:02+00:00","mainEntityOfPage":{"@id":"https:\/\/urbeamea.ro\/albaiulia\/13-milioane-lei-finantare-nerambursabila-obtinuta-de-primaria-sebes-prin-pnrr-in-beneficiul-persoanelor-cu-dizabilitati-centru-de-zi-cu-gradina-terapeutica-cabinete-de-kinetoterapie-si-psiholog\/"},"wordCount":402,"commentCount":0,"image":{"@id":"https:\/\/urbeamea.ro\/albaiulia\/13-milioane-lei-finantare-nerambursabila-obtinuta-de-primaria-sebes-prin-pnrr-in-beneficiul-persoanelor-cu-dizabilitati-centru-de-zi-cu-gradina-terapeutica-cabinete-de-kinetoterapie-si-psiholog\/#primaryimage"},"thumbnailUrl":"https:\/\/urbeamea.ro\/albaiulia\/wp-content\/uploads\/2023\/04\/48393440_2158059457778314_6855288513366065152_n.jpg","articleSection":["Administra\u021bie"],"inLanguage":"ro-RO","potentialAction":[{"@type":"CommentAction","name":"Comment","target":["https:\/\/urbeamea.ro\/albaiulia\/13-milioane-lei-finantare-nerambursabila-obtinuta-de-primaria-sebes-prin-pnrr-in-beneficiul-persoanelor-cu-dizabilitati-centru-de-zi-cu-gradina-terapeutica-cabinete-de-kinetoterapie-si-psiholog\/#respond"]}]},{"@type":"WebPage","@id":"https:\/\/urbeamea.ro\/albaiulia\/13-milioane-lei-finantare-nerambursabila-obtinuta-de-primaria-sebes-prin-pnrr-in-beneficiul-persoanelor-cu-dizabilitati-centru-de-zi-cu-gradina-terapeutica-cabinete-de-kinetoterapie-si-psiholog\/","url":"https:\/\/urbeamea.ro\/albaiulia\/13-milioane-lei-finantare-nerambursabila-obtinuta-de-primaria-sebes-prin-pnrr-in-beneficiul-persoanelor-cu-dizabilitati-centru-de-zi-cu-gradina-terapeutica-cabinete-de-kinetoterapie-si-psiholog\/","name":"1,3 milioane lei - finan\u021bare nerambursabil\u0103 ob\u021binut\u0103 de Prim\u0103ria Sebe\u0219, prin PNRR, \u00een beneficiul persoanelor cu dizabilit\u0103\u021bi: centru de zi cu gr\u0103din\u0103 terapeutic\u0103, cabinete de kinetoterapie \u0219i psihologie - Revista Urbea Mea - Revista de Alba","isPartOf":{"@id":"https:\/\/urbeamea.ro\/albaiulia\/#website"},"primaryImageOfPage":{"@id":"https:\/\/urbeamea.ro\/albaiulia\/13-milioane-lei-finantare-nerambursabila-obtinuta-de-primaria-sebes-prin-pnrr-in-beneficiul-persoanelor-cu-dizabilitati-centru-de-zi-cu-gradina-terapeutica-cabinete-de-kinetoterapie-si-psiholog\/#primaryimage"},"image":{"@id":"https:\/\/urbeamea.ro\/albaiulia\/13-milioane-lei-finantare-nerambursabila-obtinuta-de-primaria-sebes-prin-pnrr-in-beneficiul-persoanelor-cu-dizabilitati-centru-de-zi-cu-gradina-terapeutica-cabinete-de-kinetoterapie-si-psiholog\/#primaryimage"},"thumbnailUrl":"https:\/\/urbeamea.ro\/albaiulia\/wp-content\/uploads\/2023\/04\/48393440_2158059457778314_6855288513366065152_n.jpg","datePublished":"2023-04-08T08:33:59+00:00","dateModified":"2023-04-08T08:34:02+00:00","author":{"@id":"https:\/\/urbeamea.ro\/albaiulia\/#\/schema\/person\/272ae98052f8ee8980f59848df070247"},"description":"Prin cererea de finan\u021bare care a fost aprobat\u0103 \u00een beneficiul Municipiului Sebe\u0219, \u00een cadrul liniei de finan\u021bare Reabilitarea\/renovarea infrastructurii","breadcrumb":{"@id":"https:\/\/urbeamea.ro\/albaiulia\/13-milioane-lei-finantare-nerambursabila-obtinuta-de-primaria-sebes-prin-pnrr-in-beneficiul-persoanelor-cu-dizabilitati-centru-de-zi-cu-gradina-terapeutica-cabinete-de-kinetoterapie-si-psiholog\/#breadcrumb"},"inLanguage":"ro-RO","potentialAction":[{"@type":"ReadAction","target":["https:\/\/urbeamea.ro\/albaiulia\/13-milioane-lei-finantare-nerambursabila-obtinuta-de-primaria-sebes-prin-pnrr-in-beneficiul-persoanelor-cu-dizabilitati-centru-de-zi-cu-gradina-terapeutica-cabinete-de-kinetoterapie-si-psiholog\/"]}]},{"@type":"ImageObject","inLanguage":"ro-RO","@id":"https:\/\/urbeamea.ro\/albaiulia\/13-milioane-lei-finantare-nerambursabila-obtinuta-de-primaria-sebes-prin-pnrr-in-beneficiul-persoanelor-cu-dizabilitati-centru-de-zi-cu-gradina-terapeutica-cabinete-de-kinetoterapie-si-psiholog\/#primaryimage","url":"https:\/\/urbeamea.ro\/albaiulia\/wp-content\/uploads\/2023\/04\/48393440_2158059457778314_6855288513366065152_n.jpg","contentUrl":"https:\/\/urbeamea.ro\/albaiulia\/wp-content\/uploads\/2023\/04\/48393440_2158059457778314_6855288513366065152_n.jpg"},{"@type":"BreadcrumbList","@id":"https:\/\/urbeamea.ro\/albaiulia\/13-milioane-lei-finantare-nerambursabila-obtinuta-de-primaria-sebes-prin-pnrr-in-beneficiul-persoanelor-cu-dizabilitati-centru-de-zi-cu-gradina-terapeutica-cabinete-de-kinetoterapie-si-psiholog\/#breadcrumb","itemListElement":[{"@type":"ListItem","position":1,"name":"Prima pagin\u0103","item":"https:\/\/urbeamea.ro\/albaiulia\/"},{"@type":"ListItem","position":2,"name":"1,3 milioane lei &#8211; finan\u021bare nerambursabil\u0103 ob\u021binut\u0103 de Prim\u0103ria Sebe\u0219, prin PNRR, \u00een beneficiul persoanelor cu dizabilit\u0103\u021bi: centru de zi cu gr\u0103din\u0103 terapeutic\u0103, cabinete de kinetoterapie \u0219i psihologie"}]},{"@type":"WebSite","@id":"https:\/\/urbeamea.ro\/albaiulia\/#website","url":"https:\/\/urbeamea.ro\/albaiulia\/","name":"Revista Urbea Mea, Stiri urbane","description":"Evenimente \u0219i \u0219tiri din Alba Iulia, Sebe\u0219, Aiud, Blaj","potentialAction":[{"@type":"SearchAction","target":{"@type":"EntryPoint","urlTemplate":"https:\/\/urbeamea.ro\/albaiulia\/?s={search_term_string}"},"query-input":{"@type":"PropertyValueSpecification","valueRequired":true,"valueName":"search_term_string"}}],"inLanguage":"ro-RO"},{"@type":"Person","@id":"https:\/\/urbeamea.ro\/albaiulia\/#\/schema\/person\/272ae98052f8ee8980f59848df070247","name":"Redac\u021bia UrbeaMea","image":{"@type":"ImageObject","inLanguage":"ro-RO","@id":"https:\/\/secure.gravatar.com\/avatar\/9ce5a9435071fa1037e8468053ead8e513dbbff59009d3069aadb85506d85a27?s=96&d=mm&r=g","url":"https:\/\/secure.gravatar.com\/avatar\/9ce5a9435071fa1037e8468053ead8e513dbbff59009d3069aadb85506d85a27?s=96&d=mm&r=g","contentUrl":"https:\/\/secure.gravatar.com\/avatar\/9ce5a9435071fa1037e8468053ead8e513dbbff59009d3069aadb85506d85a27?s=96&d=mm&r=g","caption":"Redac\u021bia UrbeaMea"},"description":"contact@urbeamea.ro","sameAs":["https:\/\/www.urbeamea.ro"],"url":"https:\/\/urbeamea.ro\/albaiulia\/author\/redactia-urbeamea\/"}]}},"_links":{"self":[{"href":"https:\/\/urbeamea.ro\/albaiulia\/wp-json\/wp\/v2\/posts\/107181","targetHints":{"allow":["GET"]}}],"collection":[{"href":"https:\/\/urbeamea.ro\/albaiulia\/wp-json\/wp\/v2\/posts"}],"about":[{"href":"https:\/\/urbeamea.ro\/albaiulia\/wp-json\/wp\/v2\/types\/post"}],"author":[{"embeddable":true,"href":"https:\/\/urbeamea.ro\/albaiulia\/wp-json\/wp\/v2\/users\/16"}],"replies":[{"embeddable":true,"href":"https:\/\/urbeamea.ro\/albaiulia\/wp-json\/wp\/v2\/comments?post=107181"}],"version-history":[{"count":1,"href":"https:\/\/urbeamea.ro\/albaiulia\/wp-json\/wp\/v2\/posts\/107181\/revisions"}],"predecessor-version":[{"id":107188,"href":"https:\/\/urbeamea.ro\/albaiulia\/wp-json\/wp\/v2\/posts\/107181\/revisions\/107188"}],"wp:attachment":[{"href":"https:\/\/urbeamea.ro\/albaiulia\/wp-json\/wp\/v2\/media?parent=107181"}],"wp:term":[{"taxonomy":"category","embeddable":true,"href":"https:\/\/urbeamea.ro\/albaiulia\/wp-json\/wp\/v2\/categories?post=107181"},{"taxonomy":"post_tag","embeddable":true,"href":"https:\/\/urbeamea.ro\/albaiulia\/wp-json\/wp\/v2\/tags?post=107181"}],"curies":[{"name":"wp","href":"https:\/\/api.w.org\/{rel}","templated":true}]}}