{"id":107210,"date":"2023-04-10T13:34:54","date_gmt":"2023-04-10T10:34:54","guid":{"rendered":"https:\/\/urbeamea.ro\/albaiulia\/?p=107210"},"modified":"2023-04-10T13:34:56","modified_gmt":"2023-04-10T10:34:56","slug":"barbu-stefanescu-delavrancea-omagiat-de-consiliul-judetean-alba-si-biblioteca-judeteana-lucian-blaga-alba","status":"publish","type":"post","link":"https:\/\/urbeamea.ro\/albaiulia\/barbu-stefanescu-delavrancea-omagiat-de-consiliul-judetean-alba-si-biblioteca-judeteana-lucian-blaga-alba\/","title":{"rendered":"Barbu \u0218tef\u0103nescu Delavrancea, omagiat de Consiliul Jude\u021bean Alba \u0219i Biblioteca Jude\u021bean\u0103 \u201eLucian Blaga\u201d Alba"},"content":{"rendered":"\n<p>Mar\u021bi, 11 aprilie 2023, la 165 de ani de la na\u0219terea scriitorului Barbu \u0218tef\u0103nescu Delavrancea, Consiliul Jude\u021bean Alba \u0219i Biblioteca Jude\u021bean\u0103 \u201eLucian Blaga\u201d Alba \u00ee\u0219i propun s\u0103-l readuc\u0103 \u00een aten\u021bia public\u0103 \u0219i s\u0103-l omagieze printr-o serie de manifest\u0103ri.<\/p>\n\n\n\n<p>Astfel, pe Aleea Scriitorilor din Alba Iulia, la ora 12.00, sunte\u021bi a\u0219tepta\u021bi s\u0103 participa\u021bi la momentul depunerii de flori, la bustul acestuia, iar pe parcursul zilei, pe pagina de Facebook a Bibliotecii Jude\u021bene \u201eLucian Blaga\u201d Alba, ve\u021bi putea g\u0103si informa\u021bii interesante despre scriitorul Barbu \u0218tef\u0103nescu Delavrancea, al\u0103turi de recomand\u0103ri de carte. La sediu v\u0103 a\u0219tept\u0103m cu o expozi\u021bie dedicat\u0103, volumele fiind disponibile \u0219i pentru \u00eemprumut la domiciliu.<\/p>\n\n\n\n<p>Barbu \u0218tef\u0103nescu Delavrancea (n. 11 aprilie 1858, Bucure\u0219ti \u2013 d. 29 aprilie 1918, Ia\u0219i ) este unul dintre cei mai cunoscu\u021bi romancieri \u0219i dramaturgi rom\u00e2ni. A fost membru al Academiei Rom\u00e2ne \u0219i primar de Bucure\u0219ti, tat\u0103l pianistei \u0219i scriitoarei Cella Delavrancea, precum \u0219i al arhitectei Henrieta Delavrancea, una dintre primele femei-arhitect din Rom\u00e2nia.<\/p>\n\n\n\n<p>A scris nuvele \u0219i povestiri (printre cele mai cunoscute \u2013 Sult\u0103nica, Domnul Vucea, Hagi Tudose, etc.), basme (Neghini\u021b\u0103, Palatul de cle\u0219tar, Mo\u0219 Cr\u0103ciun etc.), proz\u0103 poetic\u0103 (Nu e giaba cafea, Sentino etc.), dramaturgie (Apus de soare, Viforul, Luceaf\u0103rul, Hagi-Tudose etc.).<\/p>\n\n\n\n<blockquote class=\"wp-block-quote is-layout-flow wp-block-quote-is-layout-flow\">\n<p>Delavrancea r\u0103m\u00e2ne un scriitor reprezentativ pentru climatul literar rom\u00e2nesc de la r\u0103scrucea celor dou\u0103 secole: romantic prin temperament \u0219i afinit\u0103\u021bi estetice, el e atras de realismul observa\u021biei sociale \u0219i de experimentalismul naturalist al investiga\u021biilor psihologice. Totodat\u0103, dezavu\u00e2nd prezentul corupt, e continuu fascinat de orizontul istoriei \u0219i al sufletului popular. Orator de prim\u0103 m\u0103rime (\u00abcel mai str\u0103lucit al Rom\u00e2niei contemporane\u00bb, dup\u0103 apreciere lui Titu Maiorescu \u00eensu\u0219i), scriitorul se resimte \u00een proza \u0219i teatrul s\u0103u de procedeele \u0219i maniera retoricii; stilul s\u0103u av\u00e2ntat, poetic \u0219i patetic e amenin\u021bat de artificiu \u0219i desuetudine.<\/p>\n<cite>apreciaz\u0103 Aurel Sasu, \u00een Dic\u021bionarul biografic al literaturii rom\u00e2ne<\/cite><\/blockquote>\n","protected":false},"excerpt":{"rendered":"<p>Mar\u021bi, 11 aprilie 2023, la 165 de ani de la na\u0219terea scriitorului Barbu \u0218tef\u0103nescu Delavrancea, Consiliul Jude\u021bean Alba \u0219i Biblioteca Jude\u021bean\u0103 \u201eLucian Blaga\u201d Alba \u00ee\u0219i propun s\u0103-l readuc\u0103 \u00een aten\u021bia public\u0103 \u0219i s\u0103-l omagieze printr-o serie de manifest\u0103ri. Astfel, pe Aleea Scriitorilor din Alba Iulia, la ora 12.00, sunte\u021bi a\u0219tepta\u021bi s\u0103 participa\u021bi la momentul depunerii &hellip;<\/p>\n","protected":false},"author":16,"featured_media":107211,"comment_status":"open","ping_status":"open","sticky":false,"template":"","format":"standard","meta":{"inline_featured_image":false,"footnotes":""},"categories":[4],"tags":[2113],"class_list":["post-107210","post","type-post","status-publish","format-standard","has-post-thumbnail","hentry","category-eveniment","tag-biblioteca-judeteana-lucian-blaga-alba"],"yoast_head":"<!-- This site is optimized with the Yoast SEO plugin v27.4 - https:\/\/yoast.com\/product\/yoast-seo-wordpress\/ -->\n<title>Barbu \u0218tef\u0103nescu Delavrancea, omagiat de Consiliul Jude\u021bean Alba \u0219i Biblioteca Jude\u021bean\u0103 \u201eLucian Blaga\u201d Alba - Revista Urbea Mea - Revista de Alba<\/title>\n<meta name=\"description\" content=\"Mar\u021bi, 11 aprilie 2023, la 165 de ani de la na\u0219terea scriitorului Barbu \u0218tef\u0103nescu Delavrancea, Consiliul Jude\u021bean Alba \u0219i Biblioteca Jude\u021bean\u0103 \u201eLucian\" \/>\n<meta name=\"robots\" content=\"index, follow, max-snippet:-1, max-image-preview:large, max-video-preview:-1\" \/>\n<link rel=\"canonical\" href=\"https:\/\/urbeamea.ro\/albaiulia\/barbu-stefanescu-delavrancea-omagiat-de-consiliul-judetean-alba-si-biblioteca-judeteana-lucian-blaga-alba\/\" \/>\n<meta name=\"twitter:card\" content=\"summary_large_image\" \/>\n<meta name=\"twitter:title\" content=\"Barbu \u0218tef\u0103nescu Delavrancea, omagiat de Consiliul Jude\u021bean Alba \u0219i Biblioteca Jude\u021bean\u0103 \u201eLucian Blaga\u201d Alba - Revista Urbea Mea - Revista de Alba\" \/>\n<meta name=\"twitter:description\" content=\"Mar\u021bi, 11 aprilie 2023, la 165 de ani de la na\u0219terea scriitorului Barbu \u0218tef\u0103nescu Delavrancea, Consiliul Jude\u021bean Alba \u0219i Biblioteca Jude\u021bean\u0103 \u201eLucian\" \/>\n<meta name=\"twitter:image\" content=\"https:\/\/urbeamea.ro\/albaiulia\/wp-content\/uploads\/2023\/04\/339866262_2462623823888570_3622343487929330292_n.jpg\" \/>\n<meta name=\"twitter:creator\" content=\"@urbeameaweb\" \/>\n<meta name=\"twitter:site\" content=\"@urbeameaweb\" \/>\n<script type=\"application\/ld+json\" class=\"yoast-schema-graph\">{\"@context\":\"https:\\\/\\\/schema.org\",\"@graph\":[{\"@type\":\"Article\",\"@id\":\"https:\\\/\\\/urbeamea.ro\\\/albaiulia\\\/barbu-stefanescu-delavrancea-omagiat-de-consiliul-judetean-alba-si-biblioteca-judeteana-lucian-blaga-alba\\\/#article\",\"isPartOf\":{\"@id\":\"https:\\\/\\\/urbeamea.ro\\\/albaiulia\\\/barbu-stefanescu-delavrancea-omagiat-de-consiliul-judetean-alba-si-biblioteca-judeteana-lucian-blaga-alba\\\/\"},\"author\":{\"name\":\"Redac\u021bia UrbeaMea\",\"@id\":\"https:\\\/\\\/urbeamea.ro\\\/albaiulia\\\/#\\\/schema\\\/person\\\/272ae98052f8ee8980f59848df070247\"},\"headline\":\"Barbu \u0218tef\u0103nescu Delavrancea, omagiat de Consiliul Jude\u021bean Alba \u0219i Biblioteca Jude\u021bean\u0103 \u201eLucian Blaga\u201d Alba\",\"datePublished\":\"2023-04-10T10:34:54+00:00\",\"dateModified\":\"2023-04-10T10:34:56+00:00\",\"mainEntityOfPage\":{\"@id\":\"https:\\\/\\\/urbeamea.ro\\\/albaiulia\\\/barbu-stefanescu-delavrancea-omagiat-de-consiliul-judetean-alba-si-biblioteca-judeteana-lucian-blaga-alba\\\/\"},\"wordCount\":357,\"commentCount\":0,\"image\":{\"@id\":\"https:\\\/\\\/urbeamea.ro\\\/albaiulia\\\/barbu-stefanescu-delavrancea-omagiat-de-consiliul-judetean-alba-si-biblioteca-judeteana-lucian-blaga-alba\\\/#primaryimage\"},\"thumbnailUrl\":\"https:\\\/\\\/urbeamea.ro\\\/albaiulia\\\/wp-content\\\/uploads\\\/2023\\\/04\\\/339866262_2462623823888570_3622343487929330292_n.jpg\",\"keywords\":[\"Biblioteca Jude\u0163ean\u0103 \u201cLucian Blaga\u201d Alba\"],\"articleSection\":[\"Evenimente\"],\"inLanguage\":\"ro-RO\",\"potentialAction\":[{\"@type\":\"CommentAction\",\"name\":\"Comment\",\"target\":[\"https:\\\/\\\/urbeamea.ro\\\/albaiulia\\\/barbu-stefanescu-delavrancea-omagiat-de-consiliul-judetean-alba-si-biblioteca-judeteana-lucian-blaga-alba\\\/#respond\"]}]},{\"@type\":\"WebPage\",\"@id\":\"https:\\\/\\\/urbeamea.ro\\\/albaiulia\\\/barbu-stefanescu-delavrancea-omagiat-de-consiliul-judetean-alba-si-biblioteca-judeteana-lucian-blaga-alba\\\/\",\"url\":\"https:\\\/\\\/urbeamea.ro\\\/albaiulia\\\/barbu-stefanescu-delavrancea-omagiat-de-consiliul-judetean-alba-si-biblioteca-judeteana-lucian-blaga-alba\\\/\",\"name\":\"Barbu \u0218tef\u0103nescu Delavrancea, omagiat de Consiliul Jude\u021bean Alba \u0219i Biblioteca Jude\u021bean\u0103 \u201eLucian Blaga\u201d Alba - Revista Urbea Mea - Revista de Alba\",\"isPartOf\":{\"@id\":\"https:\\\/\\\/urbeamea.ro\\\/albaiulia\\\/#website\"},\"primaryImageOfPage\":{\"@id\":\"https:\\\/\\\/urbeamea.ro\\\/albaiulia\\\/barbu-stefanescu-delavrancea-omagiat-de-consiliul-judetean-alba-si-biblioteca-judeteana-lucian-blaga-alba\\\/#primaryimage\"},\"image\":{\"@id\":\"https:\\\/\\\/urbeamea.ro\\\/albaiulia\\\/barbu-stefanescu-delavrancea-omagiat-de-consiliul-judetean-alba-si-biblioteca-judeteana-lucian-blaga-alba\\\/#primaryimage\"},\"thumbnailUrl\":\"https:\\\/\\\/urbeamea.ro\\\/albaiulia\\\/wp-content\\\/uploads\\\/2023\\\/04\\\/339866262_2462623823888570_3622343487929330292_n.jpg\",\"datePublished\":\"2023-04-10T10:34:54+00:00\",\"dateModified\":\"2023-04-10T10:34:56+00:00\",\"author\":{\"@id\":\"https:\\\/\\\/urbeamea.ro\\\/albaiulia\\\/#\\\/schema\\\/person\\\/272ae98052f8ee8980f59848df070247\"},\"description\":\"Mar\u021bi, 11 aprilie 2023, la 165 de ani de la na\u0219terea scriitorului Barbu \u0218tef\u0103nescu Delavrancea, Consiliul Jude\u021bean Alba \u0219i Biblioteca Jude\u021bean\u0103 \u201eLucian\",\"breadcrumb\":{\"@id\":\"https:\\\/\\\/urbeamea.ro\\\/albaiulia\\\/barbu-stefanescu-delavrancea-omagiat-de-consiliul-judetean-alba-si-biblioteca-judeteana-lucian-blaga-alba\\\/#breadcrumb\"},\"inLanguage\":\"ro-RO\",\"potentialAction\":[{\"@type\":\"ReadAction\",\"target\":[\"https:\\\/\\\/urbeamea.ro\\\/albaiulia\\\/barbu-stefanescu-delavrancea-omagiat-de-consiliul-judetean-alba-si-biblioteca-judeteana-lucian-blaga-alba\\\/\"]}]},{\"@type\":\"ImageObject\",\"inLanguage\":\"ro-RO\",\"@id\":\"https:\\\/\\\/urbeamea.ro\\\/albaiulia\\\/barbu-stefanescu-delavrancea-omagiat-de-consiliul-judetean-alba-si-biblioteca-judeteana-lucian-blaga-alba\\\/#primaryimage\",\"url\":\"https:\\\/\\\/urbeamea.ro\\\/albaiulia\\\/wp-content\\\/uploads\\\/2023\\\/04\\\/339866262_2462623823888570_3622343487929330292_n.jpg\",\"contentUrl\":\"https:\\\/\\\/urbeamea.ro\\\/albaiulia\\\/wp-content\\\/uploads\\\/2023\\\/04\\\/339866262_2462623823888570_3622343487929330292_n.jpg\",\"width\":1600,\"height\":1131},{\"@type\":\"BreadcrumbList\",\"@id\":\"https:\\\/\\\/urbeamea.ro\\\/albaiulia\\\/barbu-stefanescu-delavrancea-omagiat-de-consiliul-judetean-alba-si-biblioteca-judeteana-lucian-blaga-alba\\\/#breadcrumb\",\"itemListElement\":[{\"@type\":\"ListItem\",\"position\":1,\"name\":\"Prima pagin\u0103\",\"item\":\"https:\\\/\\\/urbeamea.ro\\\/albaiulia\\\/\"},{\"@type\":\"ListItem\",\"position\":2,\"name\":\"Barbu \u0218tef\u0103nescu Delavrancea, omagiat de Consiliul Jude\u021bean Alba \u0219i Biblioteca Jude\u021bean\u0103 \u201eLucian Blaga\u201d Alba\"}]},{\"@type\":\"WebSite\",\"@id\":\"https:\\\/\\\/urbeamea.ro\\\/albaiulia\\\/#website\",\"url\":\"https:\\\/\\\/urbeamea.ro\\\/albaiulia\\\/\",\"name\":\"Revista Urbea Mea, Stiri urbane\",\"description\":\"Evenimente \u0219i \u0219tiri din Alba Iulia, Sebe\u0219, Aiud, Blaj\",\"potentialAction\":[{\"@type\":\"SearchAction\",\"target\":{\"@type\":\"EntryPoint\",\"urlTemplate\":\"https:\\\/\\\/urbeamea.ro\\\/albaiulia\\\/?s={search_term_string}\"},\"query-input\":{\"@type\":\"PropertyValueSpecification\",\"valueRequired\":true,\"valueName\":\"search_term_string\"}}],\"inLanguage\":\"ro-RO\"},{\"@type\":\"Person\",\"@id\":\"https:\\\/\\\/urbeamea.ro\\\/albaiulia\\\/#\\\/schema\\\/person\\\/272ae98052f8ee8980f59848df070247\",\"name\":\"Redac\u021bia UrbeaMea\",\"image\":{\"@type\":\"ImageObject\",\"inLanguage\":\"ro-RO\",\"@id\":\"https:\\\/\\\/secure.gravatar.com\\\/avatar\\\/9ce5a9435071fa1037e8468053ead8e513dbbff59009d3069aadb85506d85a27?s=96&d=mm&r=g\",\"url\":\"https:\\\/\\\/secure.gravatar.com\\\/avatar\\\/9ce5a9435071fa1037e8468053ead8e513dbbff59009d3069aadb85506d85a27?s=96&d=mm&r=g\",\"contentUrl\":\"https:\\\/\\\/secure.gravatar.com\\\/avatar\\\/9ce5a9435071fa1037e8468053ead8e513dbbff59009d3069aadb85506d85a27?s=96&d=mm&r=g\",\"caption\":\"Redac\u021bia UrbeaMea\"},\"description\":\"contact@urbeamea.ro\",\"sameAs\":[\"https:\\\/\\\/www.urbeamea.ro\"],\"url\":\"https:\\\/\\\/urbeamea.ro\\\/albaiulia\\\/author\\\/redactia-urbeamea\\\/\"}]}<\/script>\n<!-- \/ Yoast SEO plugin. -->","yoast_head_json":{"title":"Barbu \u0218tef\u0103nescu Delavrancea, omagiat de Consiliul Jude\u021bean Alba \u0219i Biblioteca Jude\u021bean\u0103 \u201eLucian Blaga\u201d Alba - Revista Urbea Mea - Revista de Alba","description":"Mar\u021bi, 11 aprilie 2023, la 165 de ani de la na\u0219terea scriitorului Barbu \u0218tef\u0103nescu Delavrancea, Consiliul Jude\u021bean Alba \u0219i Biblioteca Jude\u021bean\u0103 \u201eLucian","robots":{"index":"index","follow":"follow","max-snippet":"max-snippet:-1","max-image-preview":"max-image-preview:large","max-video-preview":"max-video-preview:-1"},"canonical":"https:\/\/urbeamea.ro\/albaiulia\/barbu-stefanescu-delavrancea-omagiat-de-consiliul-judetean-alba-si-biblioteca-judeteana-lucian-blaga-alba\/","twitter_card":"summary_large_image","twitter_title":"Barbu \u0218tef\u0103nescu Delavrancea, omagiat de Consiliul Jude\u021bean Alba \u0219i Biblioteca Jude\u021bean\u0103 \u201eLucian Blaga\u201d Alba - Revista Urbea Mea - Revista de Alba","twitter_description":"Mar\u021bi, 11 aprilie 2023, la 165 de ani de la na\u0219terea scriitorului Barbu \u0218tef\u0103nescu Delavrancea, Consiliul Jude\u021bean Alba \u0219i Biblioteca Jude\u021bean\u0103 \u201eLucian","twitter_image":"https:\/\/urbeamea.ro\/albaiulia\/wp-content\/uploads\/2023\/04\/339866262_2462623823888570_3622343487929330292_n.jpg","twitter_creator":"@urbeameaweb","twitter_site":"@urbeameaweb","schema":{"@context":"https:\/\/schema.org","@graph":[{"@type":"Article","@id":"https:\/\/urbeamea.ro\/albaiulia\/barbu-stefanescu-delavrancea-omagiat-de-consiliul-judetean-alba-si-biblioteca-judeteana-lucian-blaga-alba\/#article","isPartOf":{"@id":"https:\/\/urbeamea.ro\/albaiulia\/barbu-stefanescu-delavrancea-omagiat-de-consiliul-judetean-alba-si-biblioteca-judeteana-lucian-blaga-alba\/"},"author":{"name":"Redac\u021bia UrbeaMea","@id":"https:\/\/urbeamea.ro\/albaiulia\/#\/schema\/person\/272ae98052f8ee8980f59848df070247"},"headline":"Barbu \u0218tef\u0103nescu Delavrancea, omagiat de Consiliul Jude\u021bean Alba \u0219i Biblioteca Jude\u021bean\u0103 \u201eLucian Blaga\u201d Alba","datePublished":"2023-04-10T10:34:54+00:00","dateModified":"2023-04-10T10:34:56+00:00","mainEntityOfPage":{"@id":"https:\/\/urbeamea.ro\/albaiulia\/barbu-stefanescu-delavrancea-omagiat-de-consiliul-judetean-alba-si-biblioteca-judeteana-lucian-blaga-alba\/"},"wordCount":357,"commentCount":0,"image":{"@id":"https:\/\/urbeamea.ro\/albaiulia\/barbu-stefanescu-delavrancea-omagiat-de-consiliul-judetean-alba-si-biblioteca-judeteana-lucian-blaga-alba\/#primaryimage"},"thumbnailUrl":"https:\/\/urbeamea.ro\/albaiulia\/wp-content\/uploads\/2023\/04\/339866262_2462623823888570_3622343487929330292_n.jpg","keywords":["Biblioteca Jude\u0163ean\u0103 \u201cLucian Blaga\u201d Alba"],"articleSection":["Evenimente"],"inLanguage":"ro-RO","potentialAction":[{"@type":"CommentAction","name":"Comment","target":["https:\/\/urbeamea.ro\/albaiulia\/barbu-stefanescu-delavrancea-omagiat-de-consiliul-judetean-alba-si-biblioteca-judeteana-lucian-blaga-alba\/#respond"]}]},{"@type":"WebPage","@id":"https:\/\/urbeamea.ro\/albaiulia\/barbu-stefanescu-delavrancea-omagiat-de-consiliul-judetean-alba-si-biblioteca-judeteana-lucian-blaga-alba\/","url":"https:\/\/urbeamea.ro\/albaiulia\/barbu-stefanescu-delavrancea-omagiat-de-consiliul-judetean-alba-si-biblioteca-judeteana-lucian-blaga-alba\/","name":"Barbu \u0218tef\u0103nescu Delavrancea, omagiat de Consiliul Jude\u021bean Alba \u0219i Biblioteca Jude\u021bean\u0103 \u201eLucian Blaga\u201d Alba - Revista Urbea Mea - Revista de Alba","isPartOf":{"@id":"https:\/\/urbeamea.ro\/albaiulia\/#website"},"primaryImageOfPage":{"@id":"https:\/\/urbeamea.ro\/albaiulia\/barbu-stefanescu-delavrancea-omagiat-de-consiliul-judetean-alba-si-biblioteca-judeteana-lucian-blaga-alba\/#primaryimage"},"image":{"@id":"https:\/\/urbeamea.ro\/albaiulia\/barbu-stefanescu-delavrancea-omagiat-de-consiliul-judetean-alba-si-biblioteca-judeteana-lucian-blaga-alba\/#primaryimage"},"thumbnailUrl":"https:\/\/urbeamea.ro\/albaiulia\/wp-content\/uploads\/2023\/04\/339866262_2462623823888570_3622343487929330292_n.jpg","datePublished":"2023-04-10T10:34:54+00:00","dateModified":"2023-04-10T10:34:56+00:00","author":{"@id":"https:\/\/urbeamea.ro\/albaiulia\/#\/schema\/person\/272ae98052f8ee8980f59848df070247"},"description":"Mar\u021bi, 11 aprilie 2023, la 165 de ani de la na\u0219terea scriitorului Barbu \u0218tef\u0103nescu Delavrancea, Consiliul Jude\u021bean Alba \u0219i Biblioteca Jude\u021bean\u0103 \u201eLucian","breadcrumb":{"@id":"https:\/\/urbeamea.ro\/albaiulia\/barbu-stefanescu-delavrancea-omagiat-de-consiliul-judetean-alba-si-biblioteca-judeteana-lucian-blaga-alba\/#breadcrumb"},"inLanguage":"ro-RO","potentialAction":[{"@type":"ReadAction","target":["https:\/\/urbeamea.ro\/albaiulia\/barbu-stefanescu-delavrancea-omagiat-de-consiliul-judetean-alba-si-biblioteca-judeteana-lucian-blaga-alba\/"]}]},{"@type":"ImageObject","inLanguage":"ro-RO","@id":"https:\/\/urbeamea.ro\/albaiulia\/barbu-stefanescu-delavrancea-omagiat-de-consiliul-judetean-alba-si-biblioteca-judeteana-lucian-blaga-alba\/#primaryimage","url":"https:\/\/urbeamea.ro\/albaiulia\/wp-content\/uploads\/2023\/04\/339866262_2462623823888570_3622343487929330292_n.jpg","contentUrl":"https:\/\/urbeamea.ro\/albaiulia\/wp-content\/uploads\/2023\/04\/339866262_2462623823888570_3622343487929330292_n.jpg","width":1600,"height":1131},{"@type":"BreadcrumbList","@id":"https:\/\/urbeamea.ro\/albaiulia\/barbu-stefanescu-delavrancea-omagiat-de-consiliul-judetean-alba-si-biblioteca-judeteana-lucian-blaga-alba\/#breadcrumb","itemListElement":[{"@type":"ListItem","position":1,"name":"Prima pagin\u0103","item":"https:\/\/urbeamea.ro\/albaiulia\/"},{"@type":"ListItem","position":2,"name":"Barbu \u0218tef\u0103nescu Delavrancea, omagiat de Consiliul Jude\u021bean Alba \u0219i Biblioteca Jude\u021bean\u0103 \u201eLucian Blaga\u201d Alba"}]},{"@type":"WebSite","@id":"https:\/\/urbeamea.ro\/albaiulia\/#website","url":"https:\/\/urbeamea.ro\/albaiulia\/","name":"Revista Urbea Mea, Stiri urbane","description":"Evenimente \u0219i \u0219tiri din Alba Iulia, Sebe\u0219, Aiud, Blaj","potentialAction":[{"@type":"SearchAction","target":{"@type":"EntryPoint","urlTemplate":"https:\/\/urbeamea.ro\/albaiulia\/?s={search_term_string}"},"query-input":{"@type":"PropertyValueSpecification","valueRequired":true,"valueName":"search_term_string"}}],"inLanguage":"ro-RO"},{"@type":"Person","@id":"https:\/\/urbeamea.ro\/albaiulia\/#\/schema\/person\/272ae98052f8ee8980f59848df070247","name":"Redac\u021bia UrbeaMea","image":{"@type":"ImageObject","inLanguage":"ro-RO","@id":"https:\/\/secure.gravatar.com\/avatar\/9ce5a9435071fa1037e8468053ead8e513dbbff59009d3069aadb85506d85a27?s=96&d=mm&r=g","url":"https:\/\/secure.gravatar.com\/avatar\/9ce5a9435071fa1037e8468053ead8e513dbbff59009d3069aadb85506d85a27?s=96&d=mm&r=g","contentUrl":"https:\/\/secure.gravatar.com\/avatar\/9ce5a9435071fa1037e8468053ead8e513dbbff59009d3069aadb85506d85a27?s=96&d=mm&r=g","caption":"Redac\u021bia UrbeaMea"},"description":"contact@urbeamea.ro","sameAs":["https:\/\/www.urbeamea.ro"],"url":"https:\/\/urbeamea.ro\/albaiulia\/author\/redactia-urbeamea\/"}]}},"_links":{"self":[{"href":"https:\/\/urbeamea.ro\/albaiulia\/wp-json\/wp\/v2\/posts\/107210","targetHints":{"allow":["GET"]}}],"collection":[{"href":"https:\/\/urbeamea.ro\/albaiulia\/wp-json\/wp\/v2\/posts"}],"about":[{"href":"https:\/\/urbeamea.ro\/albaiulia\/wp-json\/wp\/v2\/types\/post"}],"author":[{"embeddable":true,"href":"https:\/\/urbeamea.ro\/albaiulia\/wp-json\/wp\/v2\/users\/16"}],"replies":[{"embeddable":true,"href":"https:\/\/urbeamea.ro\/albaiulia\/wp-json\/wp\/v2\/comments?post=107210"}],"version-history":[{"count":1,"href":"https:\/\/urbeamea.ro\/albaiulia\/wp-json\/wp\/v2\/posts\/107210\/revisions"}],"predecessor-version":[{"id":107212,"href":"https:\/\/urbeamea.ro\/albaiulia\/wp-json\/wp\/v2\/posts\/107210\/revisions\/107212"}],"wp:featuredmedia":[{"embeddable":true,"href":"https:\/\/urbeamea.ro\/albaiulia\/wp-json\/wp\/v2\/media\/107211"}],"wp:attachment":[{"href":"https:\/\/urbeamea.ro\/albaiulia\/wp-json\/wp\/v2\/media?parent=107210"}],"wp:term":[{"taxonomy":"category","embeddable":true,"href":"https:\/\/urbeamea.ro\/albaiulia\/wp-json\/wp\/v2\/categories?post=107210"},{"taxonomy":"post_tag","embeddable":true,"href":"https:\/\/urbeamea.ro\/albaiulia\/wp-json\/wp\/v2\/tags?post=107210"}],"curies":[{"name":"wp","href":"https:\/\/api.w.org\/{rel}","templated":true}]}}