{"id":107215,"date":"2023-04-10T13:38:43","date_gmt":"2023-04-10T10:38:43","guid":{"rendered":"https:\/\/urbeamea.ro\/albaiulia\/?p=107215"},"modified":"2023-04-10T13:38:45","modified_gmt":"2023-04-10T10:38:45","slug":"sprijin-pentru-autoritatile-publice-din-romania-in-vederea-elaborarii-planurilor-de-actiune-pentru-energie-durabila-si-clima-paedc-furnizat-de-agentia-locala-a-energiei-alba-alea","status":"publish","type":"post","link":"https:\/\/urbeamea.ro\/albaiulia\/sprijin-pentru-autoritatile-publice-din-romania-in-vederea-elaborarii-planurilor-de-actiune-pentru-energie-durabila-si-clima-paedc-furnizat-de-agentia-locala-a-energiei-alba-alea\/","title":{"rendered":"Sprijin pentru autorit\u0103\u021bile publice din Rom\u00e2nia \u00een vederea elabor\u0103rii planurilor de ac\u021biune pentru Energie Durabil\u0103 \u0219i Clim\u0103 (PAEDC) furnizat de Agen\u021bia Local\u0103 a Energiei Alba (ALEA)"},"content":{"rendered":"\n<p class=\"wp-block-paragraph\">\u00cen data de 6 aprilie 2023 ALEA a derulat la Alba Iulia un eveniment consistent de consolidare a capacit\u0103\u021bii autorit\u0103\u021bilor locale pentru elaborarea planurilor de ac\u021biune pentru Energie Durabil\u0103 \u0219i Clim\u0103 (PAEDC), sesiune de formare organizat\u0103 \u00een cadrul proiectelor CEESEU \u0219i ENERGee Watch.<\/p>\n\n\n\n<p class=\"wp-block-paragraph\">Evenimentul, parte a unui program mai amplu de training, a fost g\u00e2ndit a fi unul interactiv si aplicat la nevoile reprezentan\u021bilor municipalit\u0103\u021bilor organizat prin sprijinul a 2 proiecte cofinan\u021bate prin Programul Orizont 2020 al Uniunii Europene, proiecte \u00een care ALEA este partener na\u021bional.<\/p>\n\n\n\n<p class=\"wp-block-paragraph\">\u00cen prima parte a sesiunii de formare s-a desf\u0103\u0219urat programul de training dezvoltat de proiectul CEESEU prin care ALEA a oferit informa\u021bii despre aspectele cheie care stau la baza stabilirii&nbsp; viziunilor municipalit\u0103\u021bilor \u00een domeniul energiei durabile \u0219i a schimb\u0103rilor climatice, respectiv \u00een domeniul s\u0103r\u0103ciei energetice la nivel local. Totodat\u0103 s-a realizat un consistent transfer de cuno\u0219tin\u021be privind metodologia Conven\u021biei Primarilor (ini\u021biativ\u0103 de anvergur\u0103 la nivel Mondial privind planificarea energetic\u0103 \u0219i climatic\u0103 durabil\u0103). S-au atins aspecte practice prin care autorit\u0103\u021bile locale pot beneficia de platforma \u0219i metodologia CoM \u00een realizarea PAEDC.<\/p>\n\n\n\n<p class=\"wp-block-paragraph\">\u00cen a 2-a parte a evenimentului s-a realizat un eveniment de replicare na\u021bional\u0103, cu suport oferit din partea proiectului ENERGee Watch. \u00cen cadrul acestei p\u0103r\u021bi au fost furnizate detalii privind date \u0219i indicatori necesari pentru elaborarea inventarelor de consumuri\/emisii \u0219i a analizelor de riscuri \u0219i vulnerabilit\u0103\u021bi la schimb\u0103ri climatice. S-au atins \u0219i aspecte legate de colectarea datelor energetice necesare, monitorizarea inventarelor de consumuri si emisii, precum \u0219i metode de ob\u021binere a indicatorilor de hazarduri climatice<\/p>\n\n\n\n<p class=\"wp-block-paragraph\">Organizat \u00een format hibrid, la eveniment au fost prezen\u021bi \u00een jur de 30 de reprezentan\u021bi ai autorit\u0103\u021bilor locale din Rom\u00e2nia dar \u0219i ai altor organiza\u021bii care opereaz\u0103 \u00een domeniul planific\u0103rii energetice durabile.<\/p>\n\n\n\n<p class=\"wp-block-paragraph\">ALEA va continua s\u0103 furnizeze sprijin pentru autorit\u0103\u021bile publice din Rom\u00e2nia \u00een vederea elabor\u0103rii PAEDC \u0219i \u00een viitor, urm\u0103torul pas fiind organizarea sesiunilor care vor continua demersurile legate de identificarea m\u0103surilor potrivite pentru PAEDC-uri.<\/p>\n\n\n","protected":false},"excerpt":{"rendered":"<p>\u00cen data de 6 aprilie 2023 ALEA a derulat la Alba Iulia un eveniment consistent de consolidare a capacit\u0103\u021bii autorit\u0103\u021bilor locale pentru elaborarea planurilor de ac\u021biune pentru Energie Durabil\u0103 \u0219i Clim\u0103 (PAEDC), sesiune de formare organizat\u0103 \u00een cadrul proiectelor CEESEU \u0219i ENERGee Watch. Evenimentul, parte a unui program mai amplu de training, a fost g\u00e2ndit &hellip;<\/p>\n","protected":false},"author":16,"featured_media":107216,"comment_status":"open","ping_status":"open","sticky":false,"template":"","format":"standard","meta":{"inline_featured_image":false,"footnotes":""},"categories":[2035],"tags":[7033],"class_list":["post-107215","post","type-post","status-publish","format-standard","has-post-thumbnail","hentry","category-administratie","tag-alea"],"yoast_head":"<!-- This site is optimized with the Yoast SEO plugin v28.3 - https:\/\/yoast.com\/product\/yoast-seo-wordpress\/ -->\n<title>Sprijin pentru autorit\u0103\u021bile publice din Rom\u00e2nia \u00een vederea elabor\u0103rii planurilor de ac\u021biune pentru Energie Durabil\u0103 \u0219i Clim\u0103 (PAEDC) furnizat de Agen\u021bia Local\u0103 a Energiei Alba (ALEA) - Revista Urbea Mea - Revista de Alba<\/title>\n<meta name=\"description\" content=\"\u00cen data de 6 aprilie 2023 ALEA a derulat la Alba Iulia un eveniment consistent de consolidare a capacit\u0103\u021bii autorit\u0103\u021bilor locale pentru elaborarea\" \/>\n<meta name=\"robots\" content=\"index, follow, max-snippet:-1, max-image-preview:large, max-video-preview:-1\" \/>\n<link rel=\"canonical\" href=\"https:\/\/urbeamea.ro\/albaiulia\/sprijin-pentru-autoritatile-publice-din-romania-in-vederea-elaborarii-planurilor-de-actiune-pentru-energie-durabila-si-clima-paedc-furnizat-de-agentia-locala-a-energiei-alba-alea\/\" \/>\n<meta name=\"twitter:card\" content=\"summary_large_image\" \/>\n<meta name=\"twitter:title\" content=\"Sprijin pentru autorit\u0103\u021bile publice din Rom\u00e2nia \u00een vederea elabor\u0103rii planurilor de ac\u021biune pentru Energie Durabil\u0103 \u0219i Clim\u0103 (PAEDC) furnizat de Agen\u021bia Local\u0103 a Energiei Alba (ALEA) - Revista Urbea Mea - Revista de Alba\" \/>\n<meta name=\"twitter:description\" content=\"\u00cen data de 6 aprilie 2023 ALEA a derulat la Alba Iulia un eveniment consistent de consolidare a capacit\u0103\u021bii autorit\u0103\u021bilor locale pentru elaborarea\" \/>\n<meta name=\"twitter:image\" content=\"https:\/\/urbeamea.ro\/albaiulia\/wp-content\/uploads\/2023\/04\/Comunicat.poza2_.jpg\" \/>\n<meta name=\"twitter:creator\" content=\"@urbeameaweb\" \/>\n<meta name=\"twitter:site\" content=\"@urbeameaweb\" \/>\n<script type=\"application\/ld+json\" class=\"yoast-schema-graph\">{\"@context\":\"https:\\\/\\\/schema.org\",\"@graph\":[{\"@type\":\"Article\",\"@id\":\"https:\\\/\\\/urbeamea.ro\\\/albaiulia\\\/sprijin-pentru-autoritatile-publice-din-romania-in-vederea-elaborarii-planurilor-de-actiune-pentru-energie-durabila-si-clima-paedc-furnizat-de-agentia-locala-a-energiei-alba-alea\\\/#article\",\"isPartOf\":{\"@id\":\"https:\\\/\\\/urbeamea.ro\\\/albaiulia\\\/sprijin-pentru-autoritatile-publice-din-romania-in-vederea-elaborarii-planurilor-de-actiune-pentru-energie-durabila-si-clima-paedc-furnizat-de-agentia-locala-a-energiei-alba-alea\\\/\"},\"author\":{\"name\":\"Redac\u021bia UrbeaMea\",\"@id\":\"https:\\\/\\\/urbeamea.ro\\\/albaiulia\\\/#\\\/schema\\\/person\\\/272ae98052f8ee8980f59848df070247\"},\"headline\":\"Sprijin pentru autorit\u0103\u021bile publice din Rom\u00e2nia \u00een vederea elabor\u0103rii planurilor de ac\u021biune pentru Energie Durabil\u0103 \u0219i Clim\u0103 (PAEDC) furnizat de Agen\u021bia Local\u0103 a Energiei Alba (ALEA)\",\"datePublished\":\"2023-04-10T10:38:43+00:00\",\"dateModified\":\"2023-04-10T10:38:45+00:00\",\"mainEntityOfPage\":{\"@id\":\"https:\\\/\\\/urbeamea.ro\\\/albaiulia\\\/sprijin-pentru-autoritatile-publice-din-romania-in-vederea-elaborarii-planurilor-de-actiune-pentru-energie-durabila-si-clima-paedc-furnizat-de-agentia-locala-a-energiei-alba-alea\\\/\"},\"wordCount\":381,\"commentCount\":0,\"image\":{\"@id\":\"https:\\\/\\\/urbeamea.ro\\\/albaiulia\\\/sprijin-pentru-autoritatile-publice-din-romania-in-vederea-elaborarii-planurilor-de-actiune-pentru-energie-durabila-si-clima-paedc-furnizat-de-agentia-locala-a-energiei-alba-alea\\\/#primaryimage\"},\"thumbnailUrl\":\"https:\\\/\\\/urbeamea.ro\\\/albaiulia\\\/wp-content\\\/uploads\\\/2023\\\/04\\\/Comunicat.poza2_.jpg\",\"keywords\":[\"ALEA\"],\"articleSection\":[\"Administra\u021bie\"],\"inLanguage\":\"ro-RO\",\"potentialAction\":[{\"@type\":\"CommentAction\",\"name\":\"Comment\",\"target\":[\"https:\\\/\\\/urbeamea.ro\\\/albaiulia\\\/sprijin-pentru-autoritatile-publice-din-romania-in-vederea-elaborarii-planurilor-de-actiune-pentru-energie-durabila-si-clima-paedc-furnizat-de-agentia-locala-a-energiei-alba-alea\\\/#respond\"]}]},{\"@type\":\"WebPage\",\"@id\":\"https:\\\/\\\/urbeamea.ro\\\/albaiulia\\\/sprijin-pentru-autoritatile-publice-din-romania-in-vederea-elaborarii-planurilor-de-actiune-pentru-energie-durabila-si-clima-paedc-furnizat-de-agentia-locala-a-energiei-alba-alea\\\/\",\"url\":\"https:\\\/\\\/urbeamea.ro\\\/albaiulia\\\/sprijin-pentru-autoritatile-publice-din-romania-in-vederea-elaborarii-planurilor-de-actiune-pentru-energie-durabila-si-clima-paedc-furnizat-de-agentia-locala-a-energiei-alba-alea\\\/\",\"name\":\"Sprijin pentru autorit\u0103\u021bile publice din Rom\u00e2nia \u00een vederea elabor\u0103rii planurilor de ac\u021biune pentru Energie Durabil\u0103 \u0219i Clim\u0103 (PAEDC) furnizat de Agen\u021bia Local\u0103 a Energiei Alba (ALEA) - Revista Urbea Mea - Revista de Alba\",\"isPartOf\":{\"@id\":\"https:\\\/\\\/urbeamea.ro\\\/albaiulia\\\/#website\"},\"primaryImageOfPage\":{\"@id\":\"https:\\\/\\\/urbeamea.ro\\\/albaiulia\\\/sprijin-pentru-autoritatile-publice-din-romania-in-vederea-elaborarii-planurilor-de-actiune-pentru-energie-durabila-si-clima-paedc-furnizat-de-agentia-locala-a-energiei-alba-alea\\\/#primaryimage\"},\"image\":{\"@id\":\"https:\\\/\\\/urbeamea.ro\\\/albaiulia\\\/sprijin-pentru-autoritatile-publice-din-romania-in-vederea-elaborarii-planurilor-de-actiune-pentru-energie-durabila-si-clima-paedc-furnizat-de-agentia-locala-a-energiei-alba-alea\\\/#primaryimage\"},\"thumbnailUrl\":\"https:\\\/\\\/urbeamea.ro\\\/albaiulia\\\/wp-content\\\/uploads\\\/2023\\\/04\\\/Comunicat.poza2_.jpg\",\"datePublished\":\"2023-04-10T10:38:43+00:00\",\"dateModified\":\"2023-04-10T10:38:45+00:00\",\"author\":{\"@id\":\"https:\\\/\\\/urbeamea.ro\\\/albaiulia\\\/#\\\/schema\\\/person\\\/272ae98052f8ee8980f59848df070247\"},\"description\":\"\u00cen data de 6 aprilie 2023 ALEA a derulat la Alba Iulia un eveniment consistent de consolidare a capacit\u0103\u021bii autorit\u0103\u021bilor locale pentru elaborarea\",\"breadcrumb\":{\"@id\":\"https:\\\/\\\/urbeamea.ro\\\/albaiulia\\\/sprijin-pentru-autoritatile-publice-din-romania-in-vederea-elaborarii-planurilor-de-actiune-pentru-energie-durabila-si-clima-paedc-furnizat-de-agentia-locala-a-energiei-alba-alea\\\/#breadcrumb\"},\"inLanguage\":\"ro-RO\",\"potentialAction\":[{\"@type\":\"ReadAction\",\"target\":[\"https:\\\/\\\/urbeamea.ro\\\/albaiulia\\\/sprijin-pentru-autoritatile-publice-din-romania-in-vederea-elaborarii-planurilor-de-actiune-pentru-energie-durabila-si-clima-paedc-furnizat-de-agentia-locala-a-energiei-alba-alea\\\/\"]}]},{\"@type\":\"ImageObject\",\"inLanguage\":\"ro-RO\",\"@id\":\"https:\\\/\\\/urbeamea.ro\\\/albaiulia\\\/sprijin-pentru-autoritatile-publice-din-romania-in-vederea-elaborarii-planurilor-de-actiune-pentru-energie-durabila-si-clima-paedc-furnizat-de-agentia-locala-a-energiei-alba-alea\\\/#primaryimage\",\"url\":\"https:\\\/\\\/urbeamea.ro\\\/albaiulia\\\/wp-content\\\/uploads\\\/2023\\\/04\\\/Comunicat.poza2_.jpg\",\"contentUrl\":\"https:\\\/\\\/urbeamea.ro\\\/albaiulia\\\/wp-content\\\/uploads\\\/2023\\\/04\\\/Comunicat.poza2_.jpg\",\"width\":1600,\"height\":900},{\"@type\":\"BreadcrumbList\",\"@id\":\"https:\\\/\\\/urbeamea.ro\\\/albaiulia\\\/sprijin-pentru-autoritatile-publice-din-romania-in-vederea-elaborarii-planurilor-de-actiune-pentru-energie-durabila-si-clima-paedc-furnizat-de-agentia-locala-a-energiei-alba-alea\\\/#breadcrumb\",\"itemListElement\":[{\"@type\":\"ListItem\",\"position\":1,\"name\":\"Prima pagin\u0103\",\"item\":\"https:\\\/\\\/urbeamea.ro\\\/albaiulia\\\/\"},{\"@type\":\"ListItem\",\"position\":2,\"name\":\"Sprijin pentru autorit\u0103\u021bile publice din Rom\u00e2nia \u00een vederea elabor\u0103rii planurilor de ac\u021biune pentru Energie Durabil\u0103 \u0219i Clim\u0103 (PAEDC) furnizat de Agen\u021bia Local\u0103 a Energiei Alba (ALEA)\"}]},{\"@type\":\"WebSite\",\"@id\":\"https:\\\/\\\/urbeamea.ro\\\/albaiulia\\\/#website\",\"url\":\"https:\\\/\\\/urbeamea.ro\\\/albaiulia\\\/\",\"name\":\"Revista Urbea Mea, Stiri urbane\",\"description\":\"Evenimente \u0219i \u0219tiri din Alba Iulia, Sebe\u0219, Aiud, Blaj\",\"potentialAction\":[{\"@type\":\"SearchAction\",\"target\":{\"@type\":\"EntryPoint\",\"urlTemplate\":\"https:\\\/\\\/urbeamea.ro\\\/albaiulia\\\/?s={search_term_string}\"},\"query-input\":{\"@type\":\"PropertyValueSpecification\",\"valueRequired\":true,\"valueName\":\"search_term_string\"}}],\"inLanguage\":\"ro-RO\"},{\"@type\":\"Person\",\"@id\":\"https:\\\/\\\/urbeamea.ro\\\/albaiulia\\\/#\\\/schema\\\/person\\\/272ae98052f8ee8980f59848df070247\",\"name\":\"Redac\u021bia UrbeaMea\",\"image\":{\"@type\":\"ImageObject\",\"inLanguage\":\"ro-RO\",\"@id\":\"https:\\\/\\\/secure.gravatar.com\\\/avatar\\\/9ce5a9435071fa1037e8468053ead8e513dbbff59009d3069aadb85506d85a27?s=96&d=mm&r=g\",\"url\":\"https:\\\/\\\/secure.gravatar.com\\\/avatar\\\/9ce5a9435071fa1037e8468053ead8e513dbbff59009d3069aadb85506d85a27?s=96&d=mm&r=g\",\"contentUrl\":\"https:\\\/\\\/secure.gravatar.com\\\/avatar\\\/9ce5a9435071fa1037e8468053ead8e513dbbff59009d3069aadb85506d85a27?s=96&d=mm&r=g\",\"caption\":\"Redac\u021bia UrbeaMea\"},\"description\":\"contact@urbeamea.ro\",\"sameAs\":[\"https:\\\/\\\/www.urbeamea.ro\"],\"url\":\"https:\\\/\\\/urbeamea.ro\\\/albaiulia\\\/author\\\/redactia-urbeamea\\\/\"}]}<\/script>\n<!-- \/ Yoast SEO plugin. -->","yoast_head_json":{"title":"Sprijin pentru autorit\u0103\u021bile publice din Rom\u00e2nia \u00een vederea elabor\u0103rii planurilor de ac\u021biune pentru Energie Durabil\u0103 \u0219i Clim\u0103 (PAEDC) furnizat de Agen\u021bia Local\u0103 a Energiei Alba (ALEA) - Revista Urbea Mea - Revista de Alba","description":"\u00cen data de 6 aprilie 2023 ALEA a derulat la Alba Iulia un eveniment consistent de consolidare a capacit\u0103\u021bii autorit\u0103\u021bilor locale pentru elaborarea","robots":{"index":"index","follow":"follow","max-snippet":"max-snippet:-1","max-image-preview":"max-image-preview:large","max-video-preview":"max-video-preview:-1"},"canonical":"https:\/\/urbeamea.ro\/albaiulia\/sprijin-pentru-autoritatile-publice-din-romania-in-vederea-elaborarii-planurilor-de-actiune-pentru-energie-durabila-si-clima-paedc-furnizat-de-agentia-locala-a-energiei-alba-alea\/","twitter_card":"summary_large_image","twitter_title":"Sprijin pentru autorit\u0103\u021bile publice din Rom\u00e2nia \u00een vederea elabor\u0103rii planurilor de ac\u021biune pentru Energie Durabil\u0103 \u0219i Clim\u0103 (PAEDC) furnizat de Agen\u021bia Local\u0103 a Energiei Alba (ALEA) - Revista Urbea Mea - Revista de Alba","twitter_description":"\u00cen data de 6 aprilie 2023 ALEA a derulat la Alba Iulia un eveniment consistent de consolidare a capacit\u0103\u021bii autorit\u0103\u021bilor locale pentru elaborarea","twitter_image":"https:\/\/urbeamea.ro\/albaiulia\/wp-content\/uploads\/2023\/04\/Comunicat.poza2_.jpg","twitter_creator":"@urbeameaweb","twitter_site":"@urbeameaweb","schema":{"@context":"https:\/\/schema.org","@graph":[{"@type":"Article","@id":"https:\/\/urbeamea.ro\/albaiulia\/sprijin-pentru-autoritatile-publice-din-romania-in-vederea-elaborarii-planurilor-de-actiune-pentru-energie-durabila-si-clima-paedc-furnizat-de-agentia-locala-a-energiei-alba-alea\/#article","isPartOf":{"@id":"https:\/\/urbeamea.ro\/albaiulia\/sprijin-pentru-autoritatile-publice-din-romania-in-vederea-elaborarii-planurilor-de-actiune-pentru-energie-durabila-si-clima-paedc-furnizat-de-agentia-locala-a-energiei-alba-alea\/"},"author":{"name":"Redac\u021bia UrbeaMea","@id":"https:\/\/urbeamea.ro\/albaiulia\/#\/schema\/person\/272ae98052f8ee8980f59848df070247"},"headline":"Sprijin pentru autorit\u0103\u021bile publice din Rom\u00e2nia \u00een vederea elabor\u0103rii planurilor de ac\u021biune pentru Energie Durabil\u0103 \u0219i Clim\u0103 (PAEDC) furnizat de Agen\u021bia Local\u0103 a Energiei Alba (ALEA)","datePublished":"2023-04-10T10:38:43+00:00","dateModified":"2023-04-10T10:38:45+00:00","mainEntityOfPage":{"@id":"https:\/\/urbeamea.ro\/albaiulia\/sprijin-pentru-autoritatile-publice-din-romania-in-vederea-elaborarii-planurilor-de-actiune-pentru-energie-durabila-si-clima-paedc-furnizat-de-agentia-locala-a-energiei-alba-alea\/"},"wordCount":381,"commentCount":0,"image":{"@id":"https:\/\/urbeamea.ro\/albaiulia\/sprijin-pentru-autoritatile-publice-din-romania-in-vederea-elaborarii-planurilor-de-actiune-pentru-energie-durabila-si-clima-paedc-furnizat-de-agentia-locala-a-energiei-alba-alea\/#primaryimage"},"thumbnailUrl":"https:\/\/urbeamea.ro\/albaiulia\/wp-content\/uploads\/2023\/04\/Comunicat.poza2_.jpg","keywords":["ALEA"],"articleSection":["Administra\u021bie"],"inLanguage":"ro-RO","potentialAction":[{"@type":"CommentAction","name":"Comment","target":["https:\/\/urbeamea.ro\/albaiulia\/sprijin-pentru-autoritatile-publice-din-romania-in-vederea-elaborarii-planurilor-de-actiune-pentru-energie-durabila-si-clima-paedc-furnizat-de-agentia-locala-a-energiei-alba-alea\/#respond"]}]},{"@type":"WebPage","@id":"https:\/\/urbeamea.ro\/albaiulia\/sprijin-pentru-autoritatile-publice-din-romania-in-vederea-elaborarii-planurilor-de-actiune-pentru-energie-durabila-si-clima-paedc-furnizat-de-agentia-locala-a-energiei-alba-alea\/","url":"https:\/\/urbeamea.ro\/albaiulia\/sprijin-pentru-autoritatile-publice-din-romania-in-vederea-elaborarii-planurilor-de-actiune-pentru-energie-durabila-si-clima-paedc-furnizat-de-agentia-locala-a-energiei-alba-alea\/","name":"Sprijin pentru autorit\u0103\u021bile publice din Rom\u00e2nia \u00een vederea elabor\u0103rii planurilor de ac\u021biune pentru Energie Durabil\u0103 \u0219i Clim\u0103 (PAEDC) furnizat de Agen\u021bia Local\u0103 a Energiei Alba (ALEA) - Revista Urbea Mea - Revista de Alba","isPartOf":{"@id":"https:\/\/urbeamea.ro\/albaiulia\/#website"},"primaryImageOfPage":{"@id":"https:\/\/urbeamea.ro\/albaiulia\/sprijin-pentru-autoritatile-publice-din-romania-in-vederea-elaborarii-planurilor-de-actiune-pentru-energie-durabila-si-clima-paedc-furnizat-de-agentia-locala-a-energiei-alba-alea\/#primaryimage"},"image":{"@id":"https:\/\/urbeamea.ro\/albaiulia\/sprijin-pentru-autoritatile-publice-din-romania-in-vederea-elaborarii-planurilor-de-actiune-pentru-energie-durabila-si-clima-paedc-furnizat-de-agentia-locala-a-energiei-alba-alea\/#primaryimage"},"thumbnailUrl":"https:\/\/urbeamea.ro\/albaiulia\/wp-content\/uploads\/2023\/04\/Comunicat.poza2_.jpg","datePublished":"2023-04-10T10:38:43+00:00","dateModified":"2023-04-10T10:38:45+00:00","author":{"@id":"https:\/\/urbeamea.ro\/albaiulia\/#\/schema\/person\/272ae98052f8ee8980f59848df070247"},"description":"\u00cen data de 6 aprilie 2023 ALEA a derulat la Alba Iulia un eveniment consistent de consolidare a capacit\u0103\u021bii autorit\u0103\u021bilor locale pentru elaborarea","breadcrumb":{"@id":"https:\/\/urbeamea.ro\/albaiulia\/sprijin-pentru-autoritatile-publice-din-romania-in-vederea-elaborarii-planurilor-de-actiune-pentru-energie-durabila-si-clima-paedc-furnizat-de-agentia-locala-a-energiei-alba-alea\/#breadcrumb"},"inLanguage":"ro-RO","potentialAction":[{"@type":"ReadAction","target":["https:\/\/urbeamea.ro\/albaiulia\/sprijin-pentru-autoritatile-publice-din-romania-in-vederea-elaborarii-planurilor-de-actiune-pentru-energie-durabila-si-clima-paedc-furnizat-de-agentia-locala-a-energiei-alba-alea\/"]}]},{"@type":"ImageObject","inLanguage":"ro-RO","@id":"https:\/\/urbeamea.ro\/albaiulia\/sprijin-pentru-autoritatile-publice-din-romania-in-vederea-elaborarii-planurilor-de-actiune-pentru-energie-durabila-si-clima-paedc-furnizat-de-agentia-locala-a-energiei-alba-alea\/#primaryimage","url":"https:\/\/urbeamea.ro\/albaiulia\/wp-content\/uploads\/2023\/04\/Comunicat.poza2_.jpg","contentUrl":"https:\/\/urbeamea.ro\/albaiulia\/wp-content\/uploads\/2023\/04\/Comunicat.poza2_.jpg","width":1600,"height":900},{"@type":"BreadcrumbList","@id":"https:\/\/urbeamea.ro\/albaiulia\/sprijin-pentru-autoritatile-publice-din-romania-in-vederea-elaborarii-planurilor-de-actiune-pentru-energie-durabila-si-clima-paedc-furnizat-de-agentia-locala-a-energiei-alba-alea\/#breadcrumb","itemListElement":[{"@type":"ListItem","position":1,"name":"Prima pagin\u0103","item":"https:\/\/urbeamea.ro\/albaiulia\/"},{"@type":"ListItem","position":2,"name":"Sprijin pentru autorit\u0103\u021bile publice din Rom\u00e2nia \u00een vederea elabor\u0103rii planurilor de ac\u021biune pentru Energie Durabil\u0103 \u0219i Clim\u0103 (PAEDC) furnizat de Agen\u021bia Local\u0103 a Energiei Alba (ALEA)"}]},{"@type":"WebSite","@id":"https:\/\/urbeamea.ro\/albaiulia\/#website","url":"https:\/\/urbeamea.ro\/albaiulia\/","name":"Revista Urbea Mea, Stiri urbane","description":"Evenimente \u0219i \u0219tiri din Alba Iulia, Sebe\u0219, Aiud, Blaj","potentialAction":[{"@type":"SearchAction","target":{"@type":"EntryPoint","urlTemplate":"https:\/\/urbeamea.ro\/albaiulia\/?s={search_term_string}"},"query-input":{"@type":"PropertyValueSpecification","valueRequired":true,"valueName":"search_term_string"}}],"inLanguage":"ro-RO"},{"@type":"Person","@id":"https:\/\/urbeamea.ro\/albaiulia\/#\/schema\/person\/272ae98052f8ee8980f59848df070247","name":"Redac\u021bia UrbeaMea","image":{"@type":"ImageObject","inLanguage":"ro-RO","@id":"https:\/\/secure.gravatar.com\/avatar\/9ce5a9435071fa1037e8468053ead8e513dbbff59009d3069aadb85506d85a27?s=96&d=mm&r=g","url":"https:\/\/secure.gravatar.com\/avatar\/9ce5a9435071fa1037e8468053ead8e513dbbff59009d3069aadb85506d85a27?s=96&d=mm&r=g","contentUrl":"https:\/\/secure.gravatar.com\/avatar\/9ce5a9435071fa1037e8468053ead8e513dbbff59009d3069aadb85506d85a27?s=96&d=mm&r=g","caption":"Redac\u021bia UrbeaMea"},"description":"contact@urbeamea.ro","sameAs":["https:\/\/www.urbeamea.ro"],"url":"https:\/\/urbeamea.ro\/albaiulia\/author\/redactia-urbeamea\/"}]}},"_links":{"self":[{"href":"https:\/\/urbeamea.ro\/albaiulia\/wp-json\/wp\/v2\/posts\/107215","targetHints":{"allow":["GET"]}}],"collection":[{"href":"https:\/\/urbeamea.ro\/albaiulia\/wp-json\/wp\/v2\/posts"}],"about":[{"href":"https:\/\/urbeamea.ro\/albaiulia\/wp-json\/wp\/v2\/types\/post"}],"author":[{"embeddable":true,"href":"https:\/\/urbeamea.ro\/albaiulia\/wp-json\/wp\/v2\/users\/16"}],"replies":[{"embeddable":true,"href":"https:\/\/urbeamea.ro\/albaiulia\/wp-json\/wp\/v2\/comments?post=107215"}],"version-history":[{"count":2,"href":"https:\/\/urbeamea.ro\/albaiulia\/wp-json\/wp\/v2\/posts\/107215\/revisions"}],"predecessor-version":[{"id":107219,"href":"https:\/\/urbeamea.ro\/albaiulia\/wp-json\/wp\/v2\/posts\/107215\/revisions\/107219"}],"wp:featuredmedia":[{"embeddable":true,"href":"https:\/\/urbeamea.ro\/albaiulia\/wp-json\/wp\/v2\/media\/107216"}],"wp:attachment":[{"href":"https:\/\/urbeamea.ro\/albaiulia\/wp-json\/wp\/v2\/media?parent=107215"}],"wp:term":[{"taxonomy":"category","embeddable":true,"href":"https:\/\/urbeamea.ro\/albaiulia\/wp-json\/wp\/v2\/categories?post=107215"},{"taxonomy":"post_tag","embeddable":true,"href":"https:\/\/urbeamea.ro\/albaiulia\/wp-json\/wp\/v2\/tags?post=107215"}],"curies":[{"name":"wp","href":"https:\/\/api.w.org\/{rel}","templated":true}]}}