{"id":107291,"date":"2023-04-19T11:01:54","date_gmt":"2023-04-19T08:01:54","guid":{"rendered":"https:\/\/urbeamea.ro\/albaiulia\/?p=107291"},"modified":"2023-04-19T11:01:55","modified_gmt":"2023-04-19T08:01:55","slug":"alba-iulia-ocna-mures-teius-aiud-zile-de-colectare-modificate-in-zonele-de-case-din-1-mai","status":"publish","type":"post","link":"https:\/\/urbeamea.ro\/albaiulia\/alba-iulia-ocna-mures-teius-aiud-zile-de-colectare-modificate-in-zonele-de-case-din-1-mai\/","title":{"rendered":"Alba Iulia, Ocna Mure\u0219, Teiu\u0219, Aiud &#8211; Zile de colectare modificate, \u00een zonele de case din 1 MAI"},"content":{"rendered":"\n<p>Din 1 Mai, se modific\u0103 graficele de colectare a de\u0219eurilor din zonele de case din Alba Iulia, Aiud, Teiu\u0219 \u0219i Ocna Mure\u0219.<\/p>\n\n\n\n<p>Echipele RER Vest &#8211; RETIM au \u00eenceput deja distribuirea de pliante cu programul de colectare, asigur\u00e2ndu-se c\u0103 to\u021bi clien\u021bii asocierii le vor primi \u00een urm\u0103toarea perioad\u0103, p\u00e2n\u0103 la intrarea \u00een vigoare a graficelor modificate. \u00cen func\u021bie de ora\u0219ul \u0219i de strada pe care locuiesc, clien\u021bii no\u0219tri pot c\u0103uta graficul de colectare\u00a0 din zonele de case ale municipiilor din Zona 1 pe site-ul <a href=\"http:\/\/www.rervest.ro\/utile\/zona-alba\" target=\"_blank\" rel=\"noreferrer noopener\">www.rervest.ro\/utile\/zona-alba<\/a>\u00a0 \u00a0<\/p>\n\n\n\n<p>Pentru o mai bun\u0103 \u00een\u021belegere a graficelor, men\u021bion\u0103m c\u0103 prima s\u0103pt\u0103m\u00e2na din luna mai (1-7 mai) este s\u0103pt\u0103m\u00e2n\u0103 par\u0103.<\/p>\n\n\n\n<p>Le reamintim clien\u021bilor no\u0219tri c\u0103 de\u0219eurile reciclabile care se colecteaz\u0103 \u00een sacii galbeni sunt plastic, metal, h\u00e2rtie \u0219i carton, care au fost golite, cl\u0103tite, strivite sau pliate. Acestea au frecven\u021b\u0103 s\u0103pt\u0103m\u00e2nal\u0103 de ridicare. De\u0219eurile din sticl\u0103 se depoziteaz\u0103 fie \u00een containerele verzi amplasate pe domeniul public, fie se pun \u00een saci \u0219i se scot la limita de proprietate \u00een zilele de colectare, \u00een cazul unora dintre ora\u0219e. De\u0219eurile reziduale sunt colectate \u00een pubela neagr\u0103, o dat\u0103 pe s\u0103pt\u0103m\u00e2n\u0103.<\/p>\n\n\n\n<p><strong>Despre Asocierea RER Vest &#8211; RETIM \u0219i RER Group<\/strong><\/p>\n\n\n\n<p>Asocierea RER Vest S.A. \u2013 RETIM Ecologic Service Timi\u0219oara S.A. ofer\u0103 servicii de salubritate profesioniste locuitorilor din jude\u021bul Alba \u00eencep\u00e2nd cu 1 decembrie 2021. \u00cen baza licita\u021biei organizat\u0103 de ADI Salubris Alba, din anul 2019, asocierea este responsabil\u0103 de colectarea \u0219i sortarea de\u0219eurilor din Zona 1: ora\u0219ele Alba Iulia, Aiud, Ocna Mure\u0219, Teiu\u0219, respectiv comunele Ciugud, Berghin, Ohaba, Mihal\u021b, Strem\u021b, Galda de Jos, Cric\u0103u, \u00centregalde, Ighiu, S\u00e2ntimbru, R\u00e2me\u021b, R\u0103de\u0219ti, Rimetea, Lopadea Nou\u0103, Livezile, Mir\u0103sl\u0103u, Ponor, Hop\u00e2rta, F\u0103r\u0103u, No\u0219lac, Lunca Mure\u0219ului, Unirea \u0219i Zona 2: ora\u0219ele Sebe\u0219, Cugir, respectiv comunele Daia, Cut, Spring, Do\u0219tat, G\u00e2rbova, C\u00e2lnic, S\u0103sciori, Pianu, S\u0103li\u0219tea, Blandiana, Vin\u021bu de Jos, Ceru-B\u0103c\u0103in\u021bi, \u0218ibot \u0219i \u0218ugag.<\/p>\n\n\n\n<p>RER Vest S.A. \u0219i RETIM Ecologic Service Timi\u0219oara S.A. fac parte din RER Ecologic Group. Compania a fost \u00eenfiin\u021bat\u0103 \u00een anul 1994 de concernul german RWE, ce desf\u0103\u0219oar\u0103 activit\u0103\u021bi \u00een domeniul salubrit\u0103\u021bii, recuper\u0103rii ecologice \u0219i recicl\u0103rii. Grupul RER mai de\u021bine \u0219i companiile: REBU, RER Sud, RER Br\u0103ila, RER Servicii \u0219i RER DATA, iar la finalul anului 2021 avea 2300 de angaja\u021bi.<\/p>\n","protected":false},"excerpt":{"rendered":"<p>Din 1 Mai, se modific\u0103 graficele de colectare a de\u0219eurilor din zonele de case din Alba Iulia, Aiud, Teiu\u0219 \u0219i Ocna Mure\u0219. Echipele RER Vest &#8211; RETIM au \u00eenceput deja distribuirea de pliante cu programul de colectare, asigur\u00e2ndu-se c\u0103 to\u021bi clien\u021bii asocierii le vor primi \u00een urm\u0103toarea perioad\u0103, p\u00e2n\u0103 la intrarea \u00een vigoare a graficelor &hellip;<\/p>\n","protected":false},"author":16,"featured_media":105099,"comment_status":"open","ping_status":"open","sticky":false,"template":"","format":"standard","meta":{"inline_featured_image":false,"footnotes":""},"categories":[1],"tags":[24310],"class_list":["post-107291","post","type-post","status-publish","format-standard","has-post-thumbnail","hentry","category-stiri-urbane","tag-rer-vest-retim"],"yoast_head":"<!-- This site is optimized with the Yoast SEO plugin v27.4 - https:\/\/yoast.com\/product\/yoast-seo-wordpress\/ -->\n<title>Alba Iulia, Ocna Mure\u0219, Teiu\u0219, Aiud - Zile de colectare modificate, \u00een zonele de case din 1 MAI - Revista Urbea Mea - Revista de Alba<\/title>\n<meta name=\"description\" content=\"Din 1 Mai, se modific\u0103 graficele de colectare a de\u0219eurilor din zonele de case din Alba Iulia, Aiud, Teiu\u0219 \u0219i Ocna Mure\u0219. Echipele RER Vest - RETIM au\" \/>\n<meta name=\"robots\" content=\"index, follow, max-snippet:-1, max-image-preview:large, max-video-preview:-1\" \/>\n<link rel=\"canonical\" href=\"https:\/\/urbeamea.ro\/albaiulia\/alba-iulia-ocna-mures-teius-aiud-zile-de-colectare-modificate-in-zonele-de-case-din-1-mai\/\" \/>\n<meta name=\"twitter:card\" content=\"summary_large_image\" \/>\n<meta name=\"twitter:title\" content=\"Alba Iulia, Ocna Mure\u0219, Teiu\u0219, Aiud - Zile de colectare modificate, \u00een zonele de case din 1 MAI - Revista Urbea Mea - Revista de Alba\" \/>\n<meta name=\"twitter:description\" content=\"Din 1 Mai, se modific\u0103 graficele de colectare a de\u0219eurilor din zonele de case din Alba Iulia, Aiud, Teiu\u0219 \u0219i Ocna Mure\u0219. Echipele RER Vest - RETIM au\" \/>\n<meta name=\"twitter:image\" content=\"https:\/\/urbeamea.ro\/albaiulia\/wp-content\/uploads\/2022\/11\/298500467_582779110300879_2253136162720263957_n.jpg\" \/>\n<meta name=\"twitter:creator\" content=\"@urbeameaweb\" \/>\n<meta name=\"twitter:site\" content=\"@urbeameaweb\" \/>\n<script type=\"application\/ld+json\" class=\"yoast-schema-graph\">{\"@context\":\"https:\\\/\\\/schema.org\",\"@graph\":[{\"@type\":\"Article\",\"@id\":\"https:\\\/\\\/urbeamea.ro\\\/albaiulia\\\/alba-iulia-ocna-mures-teius-aiud-zile-de-colectare-modificate-in-zonele-de-case-din-1-mai\\\/#article\",\"isPartOf\":{\"@id\":\"https:\\\/\\\/urbeamea.ro\\\/albaiulia\\\/alba-iulia-ocna-mures-teius-aiud-zile-de-colectare-modificate-in-zonele-de-case-din-1-mai\\\/\"},\"author\":{\"name\":\"Redac\u021bia UrbeaMea\",\"@id\":\"https:\\\/\\\/urbeamea.ro\\\/albaiulia\\\/#\\\/schema\\\/person\\\/272ae98052f8ee8980f59848df070247\"},\"headline\":\"Alba Iulia, Ocna Mure\u0219, Teiu\u0219, Aiud &#8211; Zile de colectare modificate, \u00een zonele de case din 1 MAI\",\"datePublished\":\"2023-04-19T08:01:54+00:00\",\"dateModified\":\"2023-04-19T08:01:55+00:00\",\"mainEntityOfPage\":{\"@id\":\"https:\\\/\\\/urbeamea.ro\\\/albaiulia\\\/alba-iulia-ocna-mures-teius-aiud-zile-de-colectare-modificate-in-zonele-de-case-din-1-mai\\\/\"},\"wordCount\":445,\"commentCount\":0,\"image\":{\"@id\":\"https:\\\/\\\/urbeamea.ro\\\/albaiulia\\\/alba-iulia-ocna-mures-teius-aiud-zile-de-colectare-modificate-in-zonele-de-case-din-1-mai\\\/#primaryimage\"},\"thumbnailUrl\":\"https:\\\/\\\/urbeamea.ro\\\/albaiulia\\\/wp-content\\\/uploads\\\/2022\\\/11\\\/298500467_582779110300879_2253136162720263957_n.jpg\",\"keywords\":[\"rer vest retim\"],\"articleSection\":[\"\u015etiri Urbane\"],\"inLanguage\":\"ro-RO\",\"potentialAction\":[{\"@type\":\"CommentAction\",\"name\":\"Comment\",\"target\":[\"https:\\\/\\\/urbeamea.ro\\\/albaiulia\\\/alba-iulia-ocna-mures-teius-aiud-zile-de-colectare-modificate-in-zonele-de-case-din-1-mai\\\/#respond\"]}]},{\"@type\":\"WebPage\",\"@id\":\"https:\\\/\\\/urbeamea.ro\\\/albaiulia\\\/alba-iulia-ocna-mures-teius-aiud-zile-de-colectare-modificate-in-zonele-de-case-din-1-mai\\\/\",\"url\":\"https:\\\/\\\/urbeamea.ro\\\/albaiulia\\\/alba-iulia-ocna-mures-teius-aiud-zile-de-colectare-modificate-in-zonele-de-case-din-1-mai\\\/\",\"name\":\"Alba Iulia, Ocna Mure\u0219, Teiu\u0219, Aiud - Zile de colectare modificate, \u00een zonele de case din 1 MAI - Revista Urbea Mea - Revista de Alba\",\"isPartOf\":{\"@id\":\"https:\\\/\\\/urbeamea.ro\\\/albaiulia\\\/#website\"},\"primaryImageOfPage\":{\"@id\":\"https:\\\/\\\/urbeamea.ro\\\/albaiulia\\\/alba-iulia-ocna-mures-teius-aiud-zile-de-colectare-modificate-in-zonele-de-case-din-1-mai\\\/#primaryimage\"},\"image\":{\"@id\":\"https:\\\/\\\/urbeamea.ro\\\/albaiulia\\\/alba-iulia-ocna-mures-teius-aiud-zile-de-colectare-modificate-in-zonele-de-case-din-1-mai\\\/#primaryimage\"},\"thumbnailUrl\":\"https:\\\/\\\/urbeamea.ro\\\/albaiulia\\\/wp-content\\\/uploads\\\/2022\\\/11\\\/298500467_582779110300879_2253136162720263957_n.jpg\",\"datePublished\":\"2023-04-19T08:01:54+00:00\",\"dateModified\":\"2023-04-19T08:01:55+00:00\",\"author\":{\"@id\":\"https:\\\/\\\/urbeamea.ro\\\/albaiulia\\\/#\\\/schema\\\/person\\\/272ae98052f8ee8980f59848df070247\"},\"description\":\"Din 1 Mai, se modific\u0103 graficele de colectare a de\u0219eurilor din zonele de case din Alba Iulia, Aiud, Teiu\u0219 \u0219i Ocna Mure\u0219. Echipele RER Vest - RETIM au\",\"breadcrumb\":{\"@id\":\"https:\\\/\\\/urbeamea.ro\\\/albaiulia\\\/alba-iulia-ocna-mures-teius-aiud-zile-de-colectare-modificate-in-zonele-de-case-din-1-mai\\\/#breadcrumb\"},\"inLanguage\":\"ro-RO\",\"potentialAction\":[{\"@type\":\"ReadAction\",\"target\":[\"https:\\\/\\\/urbeamea.ro\\\/albaiulia\\\/alba-iulia-ocna-mures-teius-aiud-zile-de-colectare-modificate-in-zonele-de-case-din-1-mai\\\/\"]}]},{\"@type\":\"ImageObject\",\"inLanguage\":\"ro-RO\",\"@id\":\"https:\\\/\\\/urbeamea.ro\\\/albaiulia\\\/alba-iulia-ocna-mures-teius-aiud-zile-de-colectare-modificate-in-zonele-de-case-din-1-mai\\\/#primaryimage\",\"url\":\"https:\\\/\\\/urbeamea.ro\\\/albaiulia\\\/wp-content\\\/uploads\\\/2022\\\/11\\\/298500467_582779110300879_2253136162720263957_n.jpg\",\"contentUrl\":\"https:\\\/\\\/urbeamea.ro\\\/albaiulia\\\/wp-content\\\/uploads\\\/2022\\\/11\\\/298500467_582779110300879_2253136162720263957_n.jpg\",\"width\":1200,\"height\":1200},{\"@type\":\"BreadcrumbList\",\"@id\":\"https:\\\/\\\/urbeamea.ro\\\/albaiulia\\\/alba-iulia-ocna-mures-teius-aiud-zile-de-colectare-modificate-in-zonele-de-case-din-1-mai\\\/#breadcrumb\",\"itemListElement\":[{\"@type\":\"ListItem\",\"position\":1,\"name\":\"Prima pagin\u0103\",\"item\":\"https:\\\/\\\/urbeamea.ro\\\/albaiulia\\\/\"},{\"@type\":\"ListItem\",\"position\":2,\"name\":\"Alba Iulia, Ocna Mure\u0219, Teiu\u0219, Aiud &#8211; Zile de colectare modificate, \u00een zonele de case din 1 MAI\"}]},{\"@type\":\"WebSite\",\"@id\":\"https:\\\/\\\/urbeamea.ro\\\/albaiulia\\\/#website\",\"url\":\"https:\\\/\\\/urbeamea.ro\\\/albaiulia\\\/\",\"name\":\"Revista Urbea Mea, Stiri urbane\",\"description\":\"Evenimente \u0219i \u0219tiri din Alba Iulia, Sebe\u0219, Aiud, Blaj\",\"potentialAction\":[{\"@type\":\"SearchAction\",\"target\":{\"@type\":\"EntryPoint\",\"urlTemplate\":\"https:\\\/\\\/urbeamea.ro\\\/albaiulia\\\/?s={search_term_string}\"},\"query-input\":{\"@type\":\"PropertyValueSpecification\",\"valueRequired\":true,\"valueName\":\"search_term_string\"}}],\"inLanguage\":\"ro-RO\"},{\"@type\":\"Person\",\"@id\":\"https:\\\/\\\/urbeamea.ro\\\/albaiulia\\\/#\\\/schema\\\/person\\\/272ae98052f8ee8980f59848df070247\",\"name\":\"Redac\u021bia UrbeaMea\",\"image\":{\"@type\":\"ImageObject\",\"inLanguage\":\"ro-RO\",\"@id\":\"https:\\\/\\\/secure.gravatar.com\\\/avatar\\\/9ce5a9435071fa1037e8468053ead8e513dbbff59009d3069aadb85506d85a27?s=96&d=mm&r=g\",\"url\":\"https:\\\/\\\/secure.gravatar.com\\\/avatar\\\/9ce5a9435071fa1037e8468053ead8e513dbbff59009d3069aadb85506d85a27?s=96&d=mm&r=g\",\"contentUrl\":\"https:\\\/\\\/secure.gravatar.com\\\/avatar\\\/9ce5a9435071fa1037e8468053ead8e513dbbff59009d3069aadb85506d85a27?s=96&d=mm&r=g\",\"caption\":\"Redac\u021bia UrbeaMea\"},\"description\":\"contact@urbeamea.ro\",\"sameAs\":[\"https:\\\/\\\/www.urbeamea.ro\"],\"url\":\"https:\\\/\\\/urbeamea.ro\\\/albaiulia\\\/author\\\/redactia-urbeamea\\\/\"}]}<\/script>\n<!-- \/ Yoast SEO plugin. -->","yoast_head_json":{"title":"Alba Iulia, Ocna Mure\u0219, Teiu\u0219, Aiud - Zile de colectare modificate, \u00een zonele de case din 1 MAI - Revista Urbea Mea - Revista de Alba","description":"Din 1 Mai, se modific\u0103 graficele de colectare a de\u0219eurilor din zonele de case din Alba Iulia, Aiud, Teiu\u0219 \u0219i Ocna Mure\u0219. Echipele RER Vest - RETIM au","robots":{"index":"index","follow":"follow","max-snippet":"max-snippet:-1","max-image-preview":"max-image-preview:large","max-video-preview":"max-video-preview:-1"},"canonical":"https:\/\/urbeamea.ro\/albaiulia\/alba-iulia-ocna-mures-teius-aiud-zile-de-colectare-modificate-in-zonele-de-case-din-1-mai\/","twitter_card":"summary_large_image","twitter_title":"Alba Iulia, Ocna Mure\u0219, Teiu\u0219, Aiud - Zile de colectare modificate, \u00een zonele de case din 1 MAI - Revista Urbea Mea - Revista de Alba","twitter_description":"Din 1 Mai, se modific\u0103 graficele de colectare a de\u0219eurilor din zonele de case din Alba Iulia, Aiud, Teiu\u0219 \u0219i Ocna Mure\u0219. Echipele RER Vest - RETIM au","twitter_image":"https:\/\/urbeamea.ro\/albaiulia\/wp-content\/uploads\/2022\/11\/298500467_582779110300879_2253136162720263957_n.jpg","twitter_creator":"@urbeameaweb","twitter_site":"@urbeameaweb","schema":{"@context":"https:\/\/schema.org","@graph":[{"@type":"Article","@id":"https:\/\/urbeamea.ro\/albaiulia\/alba-iulia-ocna-mures-teius-aiud-zile-de-colectare-modificate-in-zonele-de-case-din-1-mai\/#article","isPartOf":{"@id":"https:\/\/urbeamea.ro\/albaiulia\/alba-iulia-ocna-mures-teius-aiud-zile-de-colectare-modificate-in-zonele-de-case-din-1-mai\/"},"author":{"name":"Redac\u021bia UrbeaMea","@id":"https:\/\/urbeamea.ro\/albaiulia\/#\/schema\/person\/272ae98052f8ee8980f59848df070247"},"headline":"Alba Iulia, Ocna Mure\u0219, Teiu\u0219, Aiud &#8211; Zile de colectare modificate, \u00een zonele de case din 1 MAI","datePublished":"2023-04-19T08:01:54+00:00","dateModified":"2023-04-19T08:01:55+00:00","mainEntityOfPage":{"@id":"https:\/\/urbeamea.ro\/albaiulia\/alba-iulia-ocna-mures-teius-aiud-zile-de-colectare-modificate-in-zonele-de-case-din-1-mai\/"},"wordCount":445,"commentCount":0,"image":{"@id":"https:\/\/urbeamea.ro\/albaiulia\/alba-iulia-ocna-mures-teius-aiud-zile-de-colectare-modificate-in-zonele-de-case-din-1-mai\/#primaryimage"},"thumbnailUrl":"https:\/\/urbeamea.ro\/albaiulia\/wp-content\/uploads\/2022\/11\/298500467_582779110300879_2253136162720263957_n.jpg","keywords":["rer vest retim"],"articleSection":["\u015etiri Urbane"],"inLanguage":"ro-RO","potentialAction":[{"@type":"CommentAction","name":"Comment","target":["https:\/\/urbeamea.ro\/albaiulia\/alba-iulia-ocna-mures-teius-aiud-zile-de-colectare-modificate-in-zonele-de-case-din-1-mai\/#respond"]}]},{"@type":"WebPage","@id":"https:\/\/urbeamea.ro\/albaiulia\/alba-iulia-ocna-mures-teius-aiud-zile-de-colectare-modificate-in-zonele-de-case-din-1-mai\/","url":"https:\/\/urbeamea.ro\/albaiulia\/alba-iulia-ocna-mures-teius-aiud-zile-de-colectare-modificate-in-zonele-de-case-din-1-mai\/","name":"Alba Iulia, Ocna Mure\u0219, Teiu\u0219, Aiud - Zile de colectare modificate, \u00een zonele de case din 1 MAI - Revista Urbea Mea - Revista de Alba","isPartOf":{"@id":"https:\/\/urbeamea.ro\/albaiulia\/#website"},"primaryImageOfPage":{"@id":"https:\/\/urbeamea.ro\/albaiulia\/alba-iulia-ocna-mures-teius-aiud-zile-de-colectare-modificate-in-zonele-de-case-din-1-mai\/#primaryimage"},"image":{"@id":"https:\/\/urbeamea.ro\/albaiulia\/alba-iulia-ocna-mures-teius-aiud-zile-de-colectare-modificate-in-zonele-de-case-din-1-mai\/#primaryimage"},"thumbnailUrl":"https:\/\/urbeamea.ro\/albaiulia\/wp-content\/uploads\/2022\/11\/298500467_582779110300879_2253136162720263957_n.jpg","datePublished":"2023-04-19T08:01:54+00:00","dateModified":"2023-04-19T08:01:55+00:00","author":{"@id":"https:\/\/urbeamea.ro\/albaiulia\/#\/schema\/person\/272ae98052f8ee8980f59848df070247"},"description":"Din 1 Mai, se modific\u0103 graficele de colectare a de\u0219eurilor din zonele de case din Alba Iulia, Aiud, Teiu\u0219 \u0219i Ocna Mure\u0219. Echipele RER Vest - RETIM au","breadcrumb":{"@id":"https:\/\/urbeamea.ro\/albaiulia\/alba-iulia-ocna-mures-teius-aiud-zile-de-colectare-modificate-in-zonele-de-case-din-1-mai\/#breadcrumb"},"inLanguage":"ro-RO","potentialAction":[{"@type":"ReadAction","target":["https:\/\/urbeamea.ro\/albaiulia\/alba-iulia-ocna-mures-teius-aiud-zile-de-colectare-modificate-in-zonele-de-case-din-1-mai\/"]}]},{"@type":"ImageObject","inLanguage":"ro-RO","@id":"https:\/\/urbeamea.ro\/albaiulia\/alba-iulia-ocna-mures-teius-aiud-zile-de-colectare-modificate-in-zonele-de-case-din-1-mai\/#primaryimage","url":"https:\/\/urbeamea.ro\/albaiulia\/wp-content\/uploads\/2022\/11\/298500467_582779110300879_2253136162720263957_n.jpg","contentUrl":"https:\/\/urbeamea.ro\/albaiulia\/wp-content\/uploads\/2022\/11\/298500467_582779110300879_2253136162720263957_n.jpg","width":1200,"height":1200},{"@type":"BreadcrumbList","@id":"https:\/\/urbeamea.ro\/albaiulia\/alba-iulia-ocna-mures-teius-aiud-zile-de-colectare-modificate-in-zonele-de-case-din-1-mai\/#breadcrumb","itemListElement":[{"@type":"ListItem","position":1,"name":"Prima pagin\u0103","item":"https:\/\/urbeamea.ro\/albaiulia\/"},{"@type":"ListItem","position":2,"name":"Alba Iulia, Ocna Mure\u0219, Teiu\u0219, Aiud &#8211; Zile de colectare modificate, \u00een zonele de case din 1 MAI"}]},{"@type":"WebSite","@id":"https:\/\/urbeamea.ro\/albaiulia\/#website","url":"https:\/\/urbeamea.ro\/albaiulia\/","name":"Revista Urbea Mea, Stiri urbane","description":"Evenimente \u0219i \u0219tiri din Alba Iulia, Sebe\u0219, Aiud, Blaj","potentialAction":[{"@type":"SearchAction","target":{"@type":"EntryPoint","urlTemplate":"https:\/\/urbeamea.ro\/albaiulia\/?s={search_term_string}"},"query-input":{"@type":"PropertyValueSpecification","valueRequired":true,"valueName":"search_term_string"}}],"inLanguage":"ro-RO"},{"@type":"Person","@id":"https:\/\/urbeamea.ro\/albaiulia\/#\/schema\/person\/272ae98052f8ee8980f59848df070247","name":"Redac\u021bia UrbeaMea","image":{"@type":"ImageObject","inLanguage":"ro-RO","@id":"https:\/\/secure.gravatar.com\/avatar\/9ce5a9435071fa1037e8468053ead8e513dbbff59009d3069aadb85506d85a27?s=96&d=mm&r=g","url":"https:\/\/secure.gravatar.com\/avatar\/9ce5a9435071fa1037e8468053ead8e513dbbff59009d3069aadb85506d85a27?s=96&d=mm&r=g","contentUrl":"https:\/\/secure.gravatar.com\/avatar\/9ce5a9435071fa1037e8468053ead8e513dbbff59009d3069aadb85506d85a27?s=96&d=mm&r=g","caption":"Redac\u021bia UrbeaMea"},"description":"contact@urbeamea.ro","sameAs":["https:\/\/www.urbeamea.ro"],"url":"https:\/\/urbeamea.ro\/albaiulia\/author\/redactia-urbeamea\/"}]}},"_links":{"self":[{"href":"https:\/\/urbeamea.ro\/albaiulia\/wp-json\/wp\/v2\/posts\/107291","targetHints":{"allow":["GET"]}}],"collection":[{"href":"https:\/\/urbeamea.ro\/albaiulia\/wp-json\/wp\/v2\/posts"}],"about":[{"href":"https:\/\/urbeamea.ro\/albaiulia\/wp-json\/wp\/v2\/types\/post"}],"author":[{"embeddable":true,"href":"https:\/\/urbeamea.ro\/albaiulia\/wp-json\/wp\/v2\/users\/16"}],"replies":[{"embeddable":true,"href":"https:\/\/urbeamea.ro\/albaiulia\/wp-json\/wp\/v2\/comments?post=107291"}],"version-history":[{"count":1,"href":"https:\/\/urbeamea.ro\/albaiulia\/wp-json\/wp\/v2\/posts\/107291\/revisions"}],"predecessor-version":[{"id":107292,"href":"https:\/\/urbeamea.ro\/albaiulia\/wp-json\/wp\/v2\/posts\/107291\/revisions\/107292"}],"wp:featuredmedia":[{"embeddable":true,"href":"https:\/\/urbeamea.ro\/albaiulia\/wp-json\/wp\/v2\/media\/105099"}],"wp:attachment":[{"href":"https:\/\/urbeamea.ro\/albaiulia\/wp-json\/wp\/v2\/media?parent=107291"}],"wp:term":[{"taxonomy":"category","embeddable":true,"href":"https:\/\/urbeamea.ro\/albaiulia\/wp-json\/wp\/v2\/categories?post=107291"},{"taxonomy":"post_tag","embeddable":true,"href":"https:\/\/urbeamea.ro\/albaiulia\/wp-json\/wp\/v2\/tags?post=107291"}],"curies":[{"name":"wp","href":"https:\/\/api.w.org\/{rel}","templated":true}]}}