{"id":107325,"date":"2023-04-21T13:37:13","date_gmt":"2023-04-21T10:37:13","guid":{"rendered":"https:\/\/urbeamea.ro\/albaiulia\/?p=107325"},"modified":"2023-04-21T13:37:15","modified_gmt":"2023-04-21T10:37:15","slug":"consumul-de-droguri-ne-priveste-pe-toti-campanie-de-prevenire-a-consumului-de-droguri-derulata-si-in-judetul-alba","status":"publish","type":"post","link":"https:\/\/urbeamea.ro\/albaiulia\/consumul-de-droguri-ne-priveste-pe-toti-campanie-de-prevenire-a-consumului-de-droguri-derulata-si-in-judetul-alba\/","title":{"rendered":"\u201dConsumul de droguri ne prive\u0219te pe to\u021bi!\u201d, campanie de prevenire a consumului de droguri derulat\u0103 \u0219i \u00een jude\u021bul Alba"},"content":{"rendered":"\n<p><strong>\u00cen perioada 7 aprilie \u2013 2 mai a.c., speciali\u0219tii Centrului de Prevenire, Evaluare \u0219i Consiliere Antidrog (CPECA) Alba&nbsp;deruleaz\u0103 o serie de sesiuni de informare \u00een domeniul prevenirii consumului de droguri, adresate personalului angajat al unit\u0103\u021bilor de cazare, restaurantelor, teraselor \u0219i barurilor din jude\u021bul Alba.<\/strong><strong><\/strong><\/p>\n\n\n\n<p>Activit\u0103\u021bile preventive fac parte din campania na\u021bional\u0103 \u201cConsumul de droguri ne prive\u0219te pe to\u021bi!\u201d, iar p\u00e2n\u0103 \u00een prezent au avut loc ac\u021biuni de informare pentru reprezentan\u021bii unit\u0103\u021bilor turistice \u0219i persoanele aflate \u00een zonele de agrement de pe Valea Sebe\u0219ului, zona mun\u021bilor Apuseni (Albac, Arie\u0219eni), Valea G\u0103lzii \u0219i din municipiile Alba Iulia, Sebe\u0219 \u0219i Aiud, privind riscurile consumului de droguri, serviciile de asisten\u021b\u0103 \u0219i datele de contact ale CPECA Alba.<\/p>\n\n\n\n<p>O parte dintre aceste activit\u0103\u021bi sunt realizate \u00een parteneriat cu Inspectoratul de Poli\u021bie Jude\u021bean Alba \u0219i vor continua inclusiv \u00een cadrul evenimentelor organizate cu ocazia Zilei Interna\u021bionale a Muncii \u0219i Zilei Na\u021bionale a Tineretului.<\/p>\n\n\n\n<figure class=\"wp-block-image size-large\"><img loading=\"lazy\" decoding=\"async\" width=\"905\" height=\"1280\" src=\"https:\/\/urbeamea.ro\/albaiulia\/wp-content\/uploads\/2023\/04\/Afis-SAFE-SPACE-905x1280.jpg\" alt=\"\" class=\"wp-image-107327\" srcset=\"https:\/\/urbeamea.ro\/albaiulia\/wp-content\/uploads\/2023\/04\/Afis-SAFE-SPACE-905x1280.jpg 905w, https:\/\/urbeamea.ro\/albaiulia\/wp-content\/uploads\/2023\/04\/Afis-SAFE-SPACE-452x640.jpg 452w, https:\/\/urbeamea.ro\/albaiulia\/wp-content\/uploads\/2023\/04\/Afis-SAFE-SPACE-106x150.jpg 106w, https:\/\/urbeamea.ro\/albaiulia\/wp-content\/uploads\/2023\/04\/Afis-SAFE-SPACE-768x1086.jpg 768w, https:\/\/urbeamea.ro\/albaiulia\/wp-content\/uploads\/2023\/04\/Afis-SAFE-SPACE-1086x1536.jpg 1086w, https:\/\/urbeamea.ro\/albaiulia\/wp-content\/uploads\/2023\/04\/Afis-SAFE-SPACE.jpg 1131w\" sizes=\"auto, (max-width: 905px) 100vw, 905px\" \/><\/figure>\n","protected":false},"excerpt":{"rendered":"<p>\u00cen perioada 7 aprilie \u2013 2 mai a.c., speciali\u0219tii Centrului de Prevenire, Evaluare \u0219i Consiliere Antidrog (CPECA) Alba&nbsp;deruleaz\u0103 o serie de sesiuni de informare \u00een domeniul prevenirii consumului de droguri, adresate personalului angajat al unit\u0103\u021bilor de cazare, restaurantelor, teraselor \u0219i barurilor din jude\u021bul Alba. Activit\u0103\u021bile preventive fac parte din campania na\u021bional\u0103 \u201cConsumul de droguri ne &hellip;<\/p>\n","protected":false},"author":16,"featured_media":107326,"comment_status":"open","ping_status":"open","sticky":false,"template":"","format":"standard","meta":{"inline_featured_image":false,"footnotes":""},"categories":[4],"tags":[2335],"class_list":["post-107325","post","type-post","status-publish","format-standard","has-post-thumbnail","hentry","category-eveniment","tag-centrul-de-prevenire-evaluare-si-consiliere-antidrog-alba"],"yoast_head":"<!-- This site is optimized with the Yoast SEO plugin v27.4 - https:\/\/yoast.com\/product\/yoast-seo-wordpress\/ -->\n<title>\u201dConsumul de droguri ne prive\u0219te pe to\u021bi!\u201d, campanie de prevenire a consumului de droguri derulat\u0103 \u0219i \u00een jude\u021bul Alba - Revista Urbea Mea - Revista de Alba<\/title>\n<meta name=\"description\" content=\"\u00cen perioada 7 aprilie \u2013 2 mai a.c., speciali\u0219tii Centrului de Prevenire, Evaluare \u0219i Consiliere Antidrog (CPECA) Alba&nbsp;deruleaz\u0103 o serie de sesiuni de\" \/>\n<meta name=\"robots\" content=\"index, follow, max-snippet:-1, max-image-preview:large, max-video-preview:-1\" \/>\n<link rel=\"canonical\" href=\"https:\/\/urbeamea.ro\/albaiulia\/consumul-de-droguri-ne-priveste-pe-toti-campanie-de-prevenire-a-consumului-de-droguri-derulata-si-in-judetul-alba\/\" \/>\n<meta name=\"twitter:card\" content=\"summary_large_image\" \/>\n<meta name=\"twitter:title\" content=\"\u201dConsumul de droguri ne prive\u0219te pe to\u021bi!\u201d, campanie de prevenire a consumului de droguri derulat\u0103 \u0219i \u00een jude\u021bul Alba - Revista Urbea Mea - Revista de Alba\" \/>\n<meta name=\"twitter:description\" content=\"\u00cen perioada 7 aprilie \u2013 2 mai a.c., speciali\u0219tii Centrului de Prevenire, Evaluare \u0219i Consiliere Antidrog (CPECA) Alba&nbsp;deruleaz\u0103 o serie de sesiuni de\" \/>\n<meta name=\"twitter:image\" content=\"https:\/\/urbeamea.ro\/albaiulia\/wp-content\/uploads\/2023\/04\/Afis-Consumul-de-droguri.jpg\" \/>\n<meta name=\"twitter:creator\" content=\"@urbeameaweb\" \/>\n<meta name=\"twitter:site\" content=\"@urbeameaweb\" \/>\n<script type=\"application\/ld+json\" class=\"yoast-schema-graph\">{\"@context\":\"https:\\\/\\\/schema.org\",\"@graph\":[{\"@type\":\"Article\",\"@id\":\"https:\\\/\\\/urbeamea.ro\\\/albaiulia\\\/consumul-de-droguri-ne-priveste-pe-toti-campanie-de-prevenire-a-consumului-de-droguri-derulata-si-in-judetul-alba\\\/#article\",\"isPartOf\":{\"@id\":\"https:\\\/\\\/urbeamea.ro\\\/albaiulia\\\/consumul-de-droguri-ne-priveste-pe-toti-campanie-de-prevenire-a-consumului-de-droguri-derulata-si-in-judetul-alba\\\/\"},\"author\":{\"name\":\"Redac\u021bia UrbeaMea\",\"@id\":\"https:\\\/\\\/urbeamea.ro\\\/albaiulia\\\/#\\\/schema\\\/person\\\/272ae98052f8ee8980f59848df070247\"},\"headline\":\"\u201dConsumul de droguri ne prive\u0219te pe to\u021bi!\u201d, campanie de prevenire a consumului de droguri derulat\u0103 \u0219i \u00een jude\u021bul Alba\",\"datePublished\":\"2023-04-21T10:37:13+00:00\",\"dateModified\":\"2023-04-21T10:37:15+00:00\",\"mainEntityOfPage\":{\"@id\":\"https:\\\/\\\/urbeamea.ro\\\/albaiulia\\\/consumul-de-droguri-ne-priveste-pe-toti-campanie-de-prevenire-a-consumului-de-droguri-derulata-si-in-judetul-alba\\\/\"},\"wordCount\":189,\"commentCount\":0,\"image\":{\"@id\":\"https:\\\/\\\/urbeamea.ro\\\/albaiulia\\\/consumul-de-droguri-ne-priveste-pe-toti-campanie-de-prevenire-a-consumului-de-droguri-derulata-si-in-judetul-alba\\\/#primaryimage\"},\"thumbnailUrl\":\"https:\\\/\\\/urbeamea.ro\\\/albaiulia\\\/wp-content\\\/uploads\\\/2023\\\/04\\\/Afis-Consumul-de-droguri.jpg\",\"keywords\":[\"Centrul de Prevenire Evaluare \u015fi Consiliere Antidrog Alba\"],\"articleSection\":[\"Evenimente\"],\"inLanguage\":\"ro-RO\",\"potentialAction\":[{\"@type\":\"CommentAction\",\"name\":\"Comment\",\"target\":[\"https:\\\/\\\/urbeamea.ro\\\/albaiulia\\\/consumul-de-droguri-ne-priveste-pe-toti-campanie-de-prevenire-a-consumului-de-droguri-derulata-si-in-judetul-alba\\\/#respond\"]}]},{\"@type\":\"WebPage\",\"@id\":\"https:\\\/\\\/urbeamea.ro\\\/albaiulia\\\/consumul-de-droguri-ne-priveste-pe-toti-campanie-de-prevenire-a-consumului-de-droguri-derulata-si-in-judetul-alba\\\/\",\"url\":\"https:\\\/\\\/urbeamea.ro\\\/albaiulia\\\/consumul-de-droguri-ne-priveste-pe-toti-campanie-de-prevenire-a-consumului-de-droguri-derulata-si-in-judetul-alba\\\/\",\"name\":\"\u201dConsumul de droguri ne prive\u0219te pe to\u021bi!\u201d, campanie de prevenire a consumului de droguri derulat\u0103 \u0219i \u00een jude\u021bul Alba - Revista Urbea Mea - Revista de Alba\",\"isPartOf\":{\"@id\":\"https:\\\/\\\/urbeamea.ro\\\/albaiulia\\\/#website\"},\"primaryImageOfPage\":{\"@id\":\"https:\\\/\\\/urbeamea.ro\\\/albaiulia\\\/consumul-de-droguri-ne-priveste-pe-toti-campanie-de-prevenire-a-consumului-de-droguri-derulata-si-in-judetul-alba\\\/#primaryimage\"},\"image\":{\"@id\":\"https:\\\/\\\/urbeamea.ro\\\/albaiulia\\\/consumul-de-droguri-ne-priveste-pe-toti-campanie-de-prevenire-a-consumului-de-droguri-derulata-si-in-judetul-alba\\\/#primaryimage\"},\"thumbnailUrl\":\"https:\\\/\\\/urbeamea.ro\\\/albaiulia\\\/wp-content\\\/uploads\\\/2023\\\/04\\\/Afis-Consumul-de-droguri.jpg\",\"datePublished\":\"2023-04-21T10:37:13+00:00\",\"dateModified\":\"2023-04-21T10:37:15+00:00\",\"author\":{\"@id\":\"https:\\\/\\\/urbeamea.ro\\\/albaiulia\\\/#\\\/schema\\\/person\\\/272ae98052f8ee8980f59848df070247\"},\"description\":\"\u00cen perioada 7 aprilie \u2013 2 mai a.c., speciali\u0219tii Centrului de Prevenire, Evaluare \u0219i Consiliere Antidrog (CPECA) Alba&nbsp;deruleaz\u0103 o serie de sesiuni de\",\"breadcrumb\":{\"@id\":\"https:\\\/\\\/urbeamea.ro\\\/albaiulia\\\/consumul-de-droguri-ne-priveste-pe-toti-campanie-de-prevenire-a-consumului-de-droguri-derulata-si-in-judetul-alba\\\/#breadcrumb\"},\"inLanguage\":\"ro-RO\",\"potentialAction\":[{\"@type\":\"ReadAction\",\"target\":[\"https:\\\/\\\/urbeamea.ro\\\/albaiulia\\\/consumul-de-droguri-ne-priveste-pe-toti-campanie-de-prevenire-a-consumului-de-droguri-derulata-si-in-judetul-alba\\\/\"]}]},{\"@type\":\"ImageObject\",\"inLanguage\":\"ro-RO\",\"@id\":\"https:\\\/\\\/urbeamea.ro\\\/albaiulia\\\/consumul-de-droguri-ne-priveste-pe-toti-campanie-de-prevenire-a-consumului-de-droguri-derulata-si-in-judetul-alba\\\/#primaryimage\",\"url\":\"https:\\\/\\\/urbeamea.ro\\\/albaiulia\\\/wp-content\\\/uploads\\\/2023\\\/04\\\/Afis-Consumul-de-droguri.jpg\",\"contentUrl\":\"https:\\\/\\\/urbeamea.ro\\\/albaiulia\\\/wp-content\\\/uploads\\\/2023\\\/04\\\/Afis-Consumul-de-droguri.jpg\",\"width\":1131,\"height\":1600},{\"@type\":\"BreadcrumbList\",\"@id\":\"https:\\\/\\\/urbeamea.ro\\\/albaiulia\\\/consumul-de-droguri-ne-priveste-pe-toti-campanie-de-prevenire-a-consumului-de-droguri-derulata-si-in-judetul-alba\\\/#breadcrumb\",\"itemListElement\":[{\"@type\":\"ListItem\",\"position\":1,\"name\":\"Prima pagin\u0103\",\"item\":\"https:\\\/\\\/urbeamea.ro\\\/albaiulia\\\/\"},{\"@type\":\"ListItem\",\"position\":2,\"name\":\"\u201dConsumul de droguri ne prive\u0219te pe to\u021bi!\u201d, campanie de prevenire a consumului de droguri derulat\u0103 \u0219i \u00een jude\u021bul Alba\"}]},{\"@type\":\"WebSite\",\"@id\":\"https:\\\/\\\/urbeamea.ro\\\/albaiulia\\\/#website\",\"url\":\"https:\\\/\\\/urbeamea.ro\\\/albaiulia\\\/\",\"name\":\"Revista Urbea Mea, Stiri urbane\",\"description\":\"Evenimente \u0219i \u0219tiri din Alba Iulia, Sebe\u0219, Aiud, Blaj\",\"potentialAction\":[{\"@type\":\"SearchAction\",\"target\":{\"@type\":\"EntryPoint\",\"urlTemplate\":\"https:\\\/\\\/urbeamea.ro\\\/albaiulia\\\/?s={search_term_string}\"},\"query-input\":{\"@type\":\"PropertyValueSpecification\",\"valueRequired\":true,\"valueName\":\"search_term_string\"}}],\"inLanguage\":\"ro-RO\"},{\"@type\":\"Person\",\"@id\":\"https:\\\/\\\/urbeamea.ro\\\/albaiulia\\\/#\\\/schema\\\/person\\\/272ae98052f8ee8980f59848df070247\",\"name\":\"Redac\u021bia UrbeaMea\",\"image\":{\"@type\":\"ImageObject\",\"inLanguage\":\"ro-RO\",\"@id\":\"https:\\\/\\\/secure.gravatar.com\\\/avatar\\\/9ce5a9435071fa1037e8468053ead8e513dbbff59009d3069aadb85506d85a27?s=96&d=mm&r=g\",\"url\":\"https:\\\/\\\/secure.gravatar.com\\\/avatar\\\/9ce5a9435071fa1037e8468053ead8e513dbbff59009d3069aadb85506d85a27?s=96&d=mm&r=g\",\"contentUrl\":\"https:\\\/\\\/secure.gravatar.com\\\/avatar\\\/9ce5a9435071fa1037e8468053ead8e513dbbff59009d3069aadb85506d85a27?s=96&d=mm&r=g\",\"caption\":\"Redac\u021bia UrbeaMea\"},\"description\":\"contact@urbeamea.ro\",\"sameAs\":[\"https:\\\/\\\/www.urbeamea.ro\"],\"url\":\"https:\\\/\\\/urbeamea.ro\\\/albaiulia\\\/author\\\/redactia-urbeamea\\\/\"}]}<\/script>\n<!-- \/ Yoast SEO plugin. -->","yoast_head_json":{"title":"\u201dConsumul de droguri ne prive\u0219te pe to\u021bi!\u201d, campanie de prevenire a consumului de droguri derulat\u0103 \u0219i \u00een jude\u021bul Alba - Revista Urbea Mea - Revista de Alba","description":"\u00cen perioada 7 aprilie \u2013 2 mai a.c., speciali\u0219tii Centrului de Prevenire, Evaluare \u0219i Consiliere Antidrog (CPECA) Alba&nbsp;deruleaz\u0103 o serie de sesiuni de","robots":{"index":"index","follow":"follow","max-snippet":"max-snippet:-1","max-image-preview":"max-image-preview:large","max-video-preview":"max-video-preview:-1"},"canonical":"https:\/\/urbeamea.ro\/albaiulia\/consumul-de-droguri-ne-priveste-pe-toti-campanie-de-prevenire-a-consumului-de-droguri-derulata-si-in-judetul-alba\/","twitter_card":"summary_large_image","twitter_title":"\u201dConsumul de droguri ne prive\u0219te pe to\u021bi!\u201d, campanie de prevenire a consumului de droguri derulat\u0103 \u0219i \u00een jude\u021bul Alba - Revista Urbea Mea - Revista de Alba","twitter_description":"\u00cen perioada 7 aprilie \u2013 2 mai a.c., speciali\u0219tii Centrului de Prevenire, Evaluare \u0219i Consiliere Antidrog (CPECA) Alba&nbsp;deruleaz\u0103 o serie de sesiuni de","twitter_image":"https:\/\/urbeamea.ro\/albaiulia\/wp-content\/uploads\/2023\/04\/Afis-Consumul-de-droguri.jpg","twitter_creator":"@urbeameaweb","twitter_site":"@urbeameaweb","schema":{"@context":"https:\/\/schema.org","@graph":[{"@type":"Article","@id":"https:\/\/urbeamea.ro\/albaiulia\/consumul-de-droguri-ne-priveste-pe-toti-campanie-de-prevenire-a-consumului-de-droguri-derulata-si-in-judetul-alba\/#article","isPartOf":{"@id":"https:\/\/urbeamea.ro\/albaiulia\/consumul-de-droguri-ne-priveste-pe-toti-campanie-de-prevenire-a-consumului-de-droguri-derulata-si-in-judetul-alba\/"},"author":{"name":"Redac\u021bia UrbeaMea","@id":"https:\/\/urbeamea.ro\/albaiulia\/#\/schema\/person\/272ae98052f8ee8980f59848df070247"},"headline":"\u201dConsumul de droguri ne prive\u0219te pe to\u021bi!\u201d, campanie de prevenire a consumului de droguri derulat\u0103 \u0219i \u00een jude\u021bul Alba","datePublished":"2023-04-21T10:37:13+00:00","dateModified":"2023-04-21T10:37:15+00:00","mainEntityOfPage":{"@id":"https:\/\/urbeamea.ro\/albaiulia\/consumul-de-droguri-ne-priveste-pe-toti-campanie-de-prevenire-a-consumului-de-droguri-derulata-si-in-judetul-alba\/"},"wordCount":189,"commentCount":0,"image":{"@id":"https:\/\/urbeamea.ro\/albaiulia\/consumul-de-droguri-ne-priveste-pe-toti-campanie-de-prevenire-a-consumului-de-droguri-derulata-si-in-judetul-alba\/#primaryimage"},"thumbnailUrl":"https:\/\/urbeamea.ro\/albaiulia\/wp-content\/uploads\/2023\/04\/Afis-Consumul-de-droguri.jpg","keywords":["Centrul de Prevenire Evaluare \u015fi Consiliere Antidrog Alba"],"articleSection":["Evenimente"],"inLanguage":"ro-RO","potentialAction":[{"@type":"CommentAction","name":"Comment","target":["https:\/\/urbeamea.ro\/albaiulia\/consumul-de-droguri-ne-priveste-pe-toti-campanie-de-prevenire-a-consumului-de-droguri-derulata-si-in-judetul-alba\/#respond"]}]},{"@type":"WebPage","@id":"https:\/\/urbeamea.ro\/albaiulia\/consumul-de-droguri-ne-priveste-pe-toti-campanie-de-prevenire-a-consumului-de-droguri-derulata-si-in-judetul-alba\/","url":"https:\/\/urbeamea.ro\/albaiulia\/consumul-de-droguri-ne-priveste-pe-toti-campanie-de-prevenire-a-consumului-de-droguri-derulata-si-in-judetul-alba\/","name":"\u201dConsumul de droguri ne prive\u0219te pe to\u021bi!\u201d, campanie de prevenire a consumului de droguri derulat\u0103 \u0219i \u00een jude\u021bul Alba - Revista Urbea Mea - Revista de Alba","isPartOf":{"@id":"https:\/\/urbeamea.ro\/albaiulia\/#website"},"primaryImageOfPage":{"@id":"https:\/\/urbeamea.ro\/albaiulia\/consumul-de-droguri-ne-priveste-pe-toti-campanie-de-prevenire-a-consumului-de-droguri-derulata-si-in-judetul-alba\/#primaryimage"},"image":{"@id":"https:\/\/urbeamea.ro\/albaiulia\/consumul-de-droguri-ne-priveste-pe-toti-campanie-de-prevenire-a-consumului-de-droguri-derulata-si-in-judetul-alba\/#primaryimage"},"thumbnailUrl":"https:\/\/urbeamea.ro\/albaiulia\/wp-content\/uploads\/2023\/04\/Afis-Consumul-de-droguri.jpg","datePublished":"2023-04-21T10:37:13+00:00","dateModified":"2023-04-21T10:37:15+00:00","author":{"@id":"https:\/\/urbeamea.ro\/albaiulia\/#\/schema\/person\/272ae98052f8ee8980f59848df070247"},"description":"\u00cen perioada 7 aprilie \u2013 2 mai a.c., speciali\u0219tii Centrului de Prevenire, Evaluare \u0219i Consiliere Antidrog (CPECA) Alba&nbsp;deruleaz\u0103 o serie de sesiuni de","breadcrumb":{"@id":"https:\/\/urbeamea.ro\/albaiulia\/consumul-de-droguri-ne-priveste-pe-toti-campanie-de-prevenire-a-consumului-de-droguri-derulata-si-in-judetul-alba\/#breadcrumb"},"inLanguage":"ro-RO","potentialAction":[{"@type":"ReadAction","target":["https:\/\/urbeamea.ro\/albaiulia\/consumul-de-droguri-ne-priveste-pe-toti-campanie-de-prevenire-a-consumului-de-droguri-derulata-si-in-judetul-alba\/"]}]},{"@type":"ImageObject","inLanguage":"ro-RO","@id":"https:\/\/urbeamea.ro\/albaiulia\/consumul-de-droguri-ne-priveste-pe-toti-campanie-de-prevenire-a-consumului-de-droguri-derulata-si-in-judetul-alba\/#primaryimage","url":"https:\/\/urbeamea.ro\/albaiulia\/wp-content\/uploads\/2023\/04\/Afis-Consumul-de-droguri.jpg","contentUrl":"https:\/\/urbeamea.ro\/albaiulia\/wp-content\/uploads\/2023\/04\/Afis-Consumul-de-droguri.jpg","width":1131,"height":1600},{"@type":"BreadcrumbList","@id":"https:\/\/urbeamea.ro\/albaiulia\/consumul-de-droguri-ne-priveste-pe-toti-campanie-de-prevenire-a-consumului-de-droguri-derulata-si-in-judetul-alba\/#breadcrumb","itemListElement":[{"@type":"ListItem","position":1,"name":"Prima pagin\u0103","item":"https:\/\/urbeamea.ro\/albaiulia\/"},{"@type":"ListItem","position":2,"name":"\u201dConsumul de droguri ne prive\u0219te pe to\u021bi!\u201d, campanie de prevenire a consumului de droguri derulat\u0103 \u0219i \u00een jude\u021bul Alba"}]},{"@type":"WebSite","@id":"https:\/\/urbeamea.ro\/albaiulia\/#website","url":"https:\/\/urbeamea.ro\/albaiulia\/","name":"Revista Urbea Mea, Stiri urbane","description":"Evenimente \u0219i \u0219tiri din Alba Iulia, Sebe\u0219, Aiud, Blaj","potentialAction":[{"@type":"SearchAction","target":{"@type":"EntryPoint","urlTemplate":"https:\/\/urbeamea.ro\/albaiulia\/?s={search_term_string}"},"query-input":{"@type":"PropertyValueSpecification","valueRequired":true,"valueName":"search_term_string"}}],"inLanguage":"ro-RO"},{"@type":"Person","@id":"https:\/\/urbeamea.ro\/albaiulia\/#\/schema\/person\/272ae98052f8ee8980f59848df070247","name":"Redac\u021bia UrbeaMea","image":{"@type":"ImageObject","inLanguage":"ro-RO","@id":"https:\/\/secure.gravatar.com\/avatar\/9ce5a9435071fa1037e8468053ead8e513dbbff59009d3069aadb85506d85a27?s=96&d=mm&r=g","url":"https:\/\/secure.gravatar.com\/avatar\/9ce5a9435071fa1037e8468053ead8e513dbbff59009d3069aadb85506d85a27?s=96&d=mm&r=g","contentUrl":"https:\/\/secure.gravatar.com\/avatar\/9ce5a9435071fa1037e8468053ead8e513dbbff59009d3069aadb85506d85a27?s=96&d=mm&r=g","caption":"Redac\u021bia UrbeaMea"},"description":"contact@urbeamea.ro","sameAs":["https:\/\/www.urbeamea.ro"],"url":"https:\/\/urbeamea.ro\/albaiulia\/author\/redactia-urbeamea\/"}]}},"_links":{"self":[{"href":"https:\/\/urbeamea.ro\/albaiulia\/wp-json\/wp\/v2\/posts\/107325","targetHints":{"allow":["GET"]}}],"collection":[{"href":"https:\/\/urbeamea.ro\/albaiulia\/wp-json\/wp\/v2\/posts"}],"about":[{"href":"https:\/\/urbeamea.ro\/albaiulia\/wp-json\/wp\/v2\/types\/post"}],"author":[{"embeddable":true,"href":"https:\/\/urbeamea.ro\/albaiulia\/wp-json\/wp\/v2\/users\/16"}],"replies":[{"embeddable":true,"href":"https:\/\/urbeamea.ro\/albaiulia\/wp-json\/wp\/v2\/comments?post=107325"}],"version-history":[{"count":1,"href":"https:\/\/urbeamea.ro\/albaiulia\/wp-json\/wp\/v2\/posts\/107325\/revisions"}],"predecessor-version":[{"id":107328,"href":"https:\/\/urbeamea.ro\/albaiulia\/wp-json\/wp\/v2\/posts\/107325\/revisions\/107328"}],"wp:featuredmedia":[{"embeddable":true,"href":"https:\/\/urbeamea.ro\/albaiulia\/wp-json\/wp\/v2\/media\/107326"}],"wp:attachment":[{"href":"https:\/\/urbeamea.ro\/albaiulia\/wp-json\/wp\/v2\/media?parent=107325"}],"wp:term":[{"taxonomy":"category","embeddable":true,"href":"https:\/\/urbeamea.ro\/albaiulia\/wp-json\/wp\/v2\/categories?post=107325"},{"taxonomy":"post_tag","embeddable":true,"href":"https:\/\/urbeamea.ro\/albaiulia\/wp-json\/wp\/v2\/tags?post=107325"}],"curies":[{"name":"wp","href":"https:\/\/api.w.org\/{rel}","templated":true}]}}