{"id":107330,"date":"2023-04-24T14:03:47","date_gmt":"2023-04-24T11:03:47","guid":{"rendered":"https:\/\/urbeamea.ro\/albaiulia\/?p=107330"},"modified":"2023-04-24T14:03:49","modified_gmt":"2023-04-24T11:03:49","slug":"modificari-ale-circulatiei-rutiere-la-sebes","status":"publish","type":"post","link":"https:\/\/urbeamea.ro\/albaiulia\/modificari-ale-circulatiei-rutiere-la-sebes\/","title":{"rendered":"Modific\u0103ri ale circula\u021biei rutiere la Sebe\u0219"},"content":{"rendered":"\n<p>\u00cen vederea fluidiz\u0103rii traficului auto din municipiul Sebe\u0219, circula\u021bia rutier\u0103 pe str\u0103zile Aviator Olteanu \u0219i C\u0103lug\u0103reni va fi modificat\u0103 astfel:<\/p>\n\n\n\n<p>&#8211;&nbsp;&nbsp;&nbsp;&nbsp;&nbsp;&nbsp;&nbsp; \u00eencep\u00e2nd cu data de 25 aprilie, va fi amplasat indicatorul de sens unic la intersec\u021bia str\u0103zilor Doroban\u021bi cu strada Aviator Olteanu (instalarea indicatorului de restric\u021bie \u201eacces interzis\u201d la intrarea pe strada Aviator Olteanu \u00een dreptul imobilului cu nr. 16 \u0219i instalarea indicatorului cu semnifica\u021bia \u201ela st\u00e2nga\u201d la intersec\u021bia str\u0103zilor 1848 prelungire cu strada Aviator Olteanu);<\/p>\n\n\n\n<p>&#8211;&nbsp;&nbsp;&nbsp;&nbsp;&nbsp;&nbsp;&nbsp; \u00eencep\u00e2nd cu data de 27 aprilie, va fi amplasat indicatorul de sens unic pe strada Spitalului \u00eenspre strada C\u0103lug\u0103reni.<\/p>\n\n\n\n<p>Noile reguli de circula\u021bie vor avea, ini\u021bial, caracter temporar, iar traficul va fi monitorizat de c\u0103tre comisia de circula\u021bie, urm\u00e2nd ca dup\u0103 90 de zile de la instituire, comisia s\u0103 stabileasc\u0103 permanentizarea sau modificarea acestor noi reguli.<\/p>\n","protected":false},"excerpt":{"rendered":"<p>\u00cen vederea fluidiz\u0103rii traficului auto din municipiul Sebe\u0219, circula\u021bia rutier\u0103 pe str\u0103zile Aviator Olteanu \u0219i C\u0103lug\u0103reni va fi modificat\u0103 astfel: &#8211;&nbsp;&nbsp;&nbsp;&nbsp;&nbsp;&nbsp;&nbsp; \u00eencep\u00e2nd cu data de 25 aprilie, va fi amplasat indicatorul de sens unic la intersec\u021bia str\u0103zilor Doroban\u021bi cu strada Aviator Olteanu (instalarea indicatorului de restric\u021bie \u201eacces interzis\u201d la intrarea pe strada Aviator Olteanu \u00een &hellip;<\/p>\n","protected":false},"author":16,"featured_media":107331,"comment_status":"open","ping_status":"open","sticky":false,"template":"","format":"standard","meta":{"inline_featured_image":false,"footnotes":""},"categories":[2035],"tags":[17300],"class_list":["post-107330","post","type-post","status-publish","format-standard","has-post-thumbnail","hentry","category-administratie","tag-municipiul-sebes"],"yoast_head":"<!-- This site is optimized with the Yoast SEO plugin v27.4 - https:\/\/yoast.com\/product\/yoast-seo-wordpress\/ -->\n<title>Modific\u0103ri ale circula\u021biei rutiere la Sebe\u0219 - Revista Urbea Mea - Revista de Alba<\/title>\n<meta name=\"description\" content=\"\u00cen vederea fluidiz\u0103rii traficului auto din municipiul Sebe\u0219, circula\u021bia rutier\u0103 pe str\u0103zile Aviator Olteanu \u0219i C\u0103lug\u0103reni va fi modificat\u0103 astfel:\" \/>\n<meta name=\"robots\" content=\"index, follow, max-snippet:-1, max-image-preview:large, max-video-preview:-1\" \/>\n<link rel=\"canonical\" href=\"https:\/\/urbeamea.ro\/albaiulia\/modificari-ale-circulatiei-rutiere-la-sebes\/\" \/>\n<meta name=\"twitter:card\" content=\"summary_large_image\" \/>\n<meta name=\"twitter:title\" content=\"Modific\u0103ri ale circula\u021biei rutiere la Sebe\u0219 - Revista Urbea Mea - Revista de Alba\" \/>\n<meta name=\"twitter:description\" content=\"\u00cen vederea fluidiz\u0103rii traficului auto din municipiul Sebe\u0219, circula\u021bia rutier\u0103 pe str\u0103zile Aviator Olteanu \u0219i C\u0103lug\u0103reni va fi modificat\u0103 astfel:\" \/>\n<meta name=\"twitter:image\" content=\"https:\/\/urbeamea.ro\/albaiulia\/wp-content\/uploads\/2023\/04\/sens-unic.jpg\" \/>\n<meta name=\"twitter:creator\" content=\"@urbeameaweb\" \/>\n<meta name=\"twitter:site\" content=\"@urbeameaweb\" \/>\n<script type=\"application\/ld+json\" class=\"yoast-schema-graph\">{\"@context\":\"https:\\\/\\\/schema.org\",\"@graph\":[{\"@type\":\"Article\",\"@id\":\"https:\\\/\\\/urbeamea.ro\\\/albaiulia\\\/modificari-ale-circulatiei-rutiere-la-sebes\\\/#article\",\"isPartOf\":{\"@id\":\"https:\\\/\\\/urbeamea.ro\\\/albaiulia\\\/modificari-ale-circulatiei-rutiere-la-sebes\\\/\"},\"author\":{\"name\":\"Redac\u021bia UrbeaMea\",\"@id\":\"https:\\\/\\\/urbeamea.ro\\\/albaiulia\\\/#\\\/schema\\\/person\\\/272ae98052f8ee8980f59848df070247\"},\"headline\":\"Modific\u0103ri ale circula\u021biei rutiere la Sebe\u0219\",\"datePublished\":\"2023-04-24T11:03:47+00:00\",\"dateModified\":\"2023-04-24T11:03:49+00:00\",\"mainEntityOfPage\":{\"@id\":\"https:\\\/\\\/urbeamea.ro\\\/albaiulia\\\/modificari-ale-circulatiei-rutiere-la-sebes\\\/\"},\"wordCount\":172,\"commentCount\":0,\"image\":{\"@id\":\"https:\\\/\\\/urbeamea.ro\\\/albaiulia\\\/modificari-ale-circulatiei-rutiere-la-sebes\\\/#primaryimage\"},\"thumbnailUrl\":\"https:\\\/\\\/urbeamea.ro\\\/albaiulia\\\/wp-content\\\/uploads\\\/2023\\\/04\\\/sens-unic.jpg\",\"keywords\":[\"municipiul sebes\"],\"articleSection\":[\"Administra\u021bie\"],\"inLanguage\":\"ro-RO\",\"potentialAction\":[{\"@type\":\"CommentAction\",\"name\":\"Comment\",\"target\":[\"https:\\\/\\\/urbeamea.ro\\\/albaiulia\\\/modificari-ale-circulatiei-rutiere-la-sebes\\\/#respond\"]}]},{\"@type\":\"WebPage\",\"@id\":\"https:\\\/\\\/urbeamea.ro\\\/albaiulia\\\/modificari-ale-circulatiei-rutiere-la-sebes\\\/\",\"url\":\"https:\\\/\\\/urbeamea.ro\\\/albaiulia\\\/modificari-ale-circulatiei-rutiere-la-sebes\\\/\",\"name\":\"Modific\u0103ri ale circula\u021biei rutiere la Sebe\u0219 - Revista Urbea Mea - Revista de Alba\",\"isPartOf\":{\"@id\":\"https:\\\/\\\/urbeamea.ro\\\/albaiulia\\\/#website\"},\"primaryImageOfPage\":{\"@id\":\"https:\\\/\\\/urbeamea.ro\\\/albaiulia\\\/modificari-ale-circulatiei-rutiere-la-sebes\\\/#primaryimage\"},\"image\":{\"@id\":\"https:\\\/\\\/urbeamea.ro\\\/albaiulia\\\/modificari-ale-circulatiei-rutiere-la-sebes\\\/#primaryimage\"},\"thumbnailUrl\":\"https:\\\/\\\/urbeamea.ro\\\/albaiulia\\\/wp-content\\\/uploads\\\/2023\\\/04\\\/sens-unic.jpg\",\"datePublished\":\"2023-04-24T11:03:47+00:00\",\"dateModified\":\"2023-04-24T11:03:49+00:00\",\"author\":{\"@id\":\"https:\\\/\\\/urbeamea.ro\\\/albaiulia\\\/#\\\/schema\\\/person\\\/272ae98052f8ee8980f59848df070247\"},\"description\":\"\u00cen vederea fluidiz\u0103rii traficului auto din municipiul Sebe\u0219, circula\u021bia rutier\u0103 pe str\u0103zile Aviator Olteanu \u0219i C\u0103lug\u0103reni va fi modificat\u0103 astfel:\",\"breadcrumb\":{\"@id\":\"https:\\\/\\\/urbeamea.ro\\\/albaiulia\\\/modificari-ale-circulatiei-rutiere-la-sebes\\\/#breadcrumb\"},\"inLanguage\":\"ro-RO\",\"potentialAction\":[{\"@type\":\"ReadAction\",\"target\":[\"https:\\\/\\\/urbeamea.ro\\\/albaiulia\\\/modificari-ale-circulatiei-rutiere-la-sebes\\\/\"]}]},{\"@type\":\"ImageObject\",\"inLanguage\":\"ro-RO\",\"@id\":\"https:\\\/\\\/urbeamea.ro\\\/albaiulia\\\/modificari-ale-circulatiei-rutiere-la-sebes\\\/#primaryimage\",\"url\":\"https:\\\/\\\/urbeamea.ro\\\/albaiulia\\\/wp-content\\\/uploads\\\/2023\\\/04\\\/sens-unic.jpg\",\"contentUrl\":\"https:\\\/\\\/urbeamea.ro\\\/albaiulia\\\/wp-content\\\/uploads\\\/2023\\\/04\\\/sens-unic.jpg\",\"width\":855,\"height\":571},{\"@type\":\"BreadcrumbList\",\"@id\":\"https:\\\/\\\/urbeamea.ro\\\/albaiulia\\\/modificari-ale-circulatiei-rutiere-la-sebes\\\/#breadcrumb\",\"itemListElement\":[{\"@type\":\"ListItem\",\"position\":1,\"name\":\"Prima pagin\u0103\",\"item\":\"https:\\\/\\\/urbeamea.ro\\\/albaiulia\\\/\"},{\"@type\":\"ListItem\",\"position\":2,\"name\":\"Modific\u0103ri ale circula\u021biei rutiere la Sebe\u0219\"}]},{\"@type\":\"WebSite\",\"@id\":\"https:\\\/\\\/urbeamea.ro\\\/albaiulia\\\/#website\",\"url\":\"https:\\\/\\\/urbeamea.ro\\\/albaiulia\\\/\",\"name\":\"Revista Urbea Mea, Stiri urbane\",\"description\":\"Evenimente \u0219i \u0219tiri din Alba Iulia, Sebe\u0219, Aiud, Blaj\",\"potentialAction\":[{\"@type\":\"SearchAction\",\"target\":{\"@type\":\"EntryPoint\",\"urlTemplate\":\"https:\\\/\\\/urbeamea.ro\\\/albaiulia\\\/?s={search_term_string}\"},\"query-input\":{\"@type\":\"PropertyValueSpecification\",\"valueRequired\":true,\"valueName\":\"search_term_string\"}}],\"inLanguage\":\"ro-RO\"},{\"@type\":\"Person\",\"@id\":\"https:\\\/\\\/urbeamea.ro\\\/albaiulia\\\/#\\\/schema\\\/person\\\/272ae98052f8ee8980f59848df070247\",\"name\":\"Redac\u021bia UrbeaMea\",\"image\":{\"@type\":\"ImageObject\",\"inLanguage\":\"ro-RO\",\"@id\":\"https:\\\/\\\/secure.gravatar.com\\\/avatar\\\/9ce5a9435071fa1037e8468053ead8e513dbbff59009d3069aadb85506d85a27?s=96&d=mm&r=g\",\"url\":\"https:\\\/\\\/secure.gravatar.com\\\/avatar\\\/9ce5a9435071fa1037e8468053ead8e513dbbff59009d3069aadb85506d85a27?s=96&d=mm&r=g\",\"contentUrl\":\"https:\\\/\\\/secure.gravatar.com\\\/avatar\\\/9ce5a9435071fa1037e8468053ead8e513dbbff59009d3069aadb85506d85a27?s=96&d=mm&r=g\",\"caption\":\"Redac\u021bia UrbeaMea\"},\"description\":\"contact@urbeamea.ro\",\"sameAs\":[\"https:\\\/\\\/www.urbeamea.ro\"],\"url\":\"https:\\\/\\\/urbeamea.ro\\\/albaiulia\\\/author\\\/redactia-urbeamea\\\/\"}]}<\/script>\n<!-- \/ Yoast SEO plugin. -->","yoast_head_json":{"title":"Modific\u0103ri ale circula\u021biei rutiere la Sebe\u0219 - Revista Urbea Mea - Revista de Alba","description":"\u00cen vederea fluidiz\u0103rii traficului auto din municipiul Sebe\u0219, circula\u021bia rutier\u0103 pe str\u0103zile Aviator Olteanu \u0219i C\u0103lug\u0103reni va fi modificat\u0103 astfel:","robots":{"index":"index","follow":"follow","max-snippet":"max-snippet:-1","max-image-preview":"max-image-preview:large","max-video-preview":"max-video-preview:-1"},"canonical":"https:\/\/urbeamea.ro\/albaiulia\/modificari-ale-circulatiei-rutiere-la-sebes\/","twitter_card":"summary_large_image","twitter_title":"Modific\u0103ri ale circula\u021biei rutiere la Sebe\u0219 - Revista Urbea Mea - Revista de Alba","twitter_description":"\u00cen vederea fluidiz\u0103rii traficului auto din municipiul Sebe\u0219, circula\u021bia rutier\u0103 pe str\u0103zile Aviator Olteanu \u0219i C\u0103lug\u0103reni va fi modificat\u0103 astfel:","twitter_image":"https:\/\/urbeamea.ro\/albaiulia\/wp-content\/uploads\/2023\/04\/sens-unic.jpg","twitter_creator":"@urbeameaweb","twitter_site":"@urbeameaweb","schema":{"@context":"https:\/\/schema.org","@graph":[{"@type":"Article","@id":"https:\/\/urbeamea.ro\/albaiulia\/modificari-ale-circulatiei-rutiere-la-sebes\/#article","isPartOf":{"@id":"https:\/\/urbeamea.ro\/albaiulia\/modificari-ale-circulatiei-rutiere-la-sebes\/"},"author":{"name":"Redac\u021bia UrbeaMea","@id":"https:\/\/urbeamea.ro\/albaiulia\/#\/schema\/person\/272ae98052f8ee8980f59848df070247"},"headline":"Modific\u0103ri ale circula\u021biei rutiere la Sebe\u0219","datePublished":"2023-04-24T11:03:47+00:00","dateModified":"2023-04-24T11:03:49+00:00","mainEntityOfPage":{"@id":"https:\/\/urbeamea.ro\/albaiulia\/modificari-ale-circulatiei-rutiere-la-sebes\/"},"wordCount":172,"commentCount":0,"image":{"@id":"https:\/\/urbeamea.ro\/albaiulia\/modificari-ale-circulatiei-rutiere-la-sebes\/#primaryimage"},"thumbnailUrl":"https:\/\/urbeamea.ro\/albaiulia\/wp-content\/uploads\/2023\/04\/sens-unic.jpg","keywords":["municipiul sebes"],"articleSection":["Administra\u021bie"],"inLanguage":"ro-RO","potentialAction":[{"@type":"CommentAction","name":"Comment","target":["https:\/\/urbeamea.ro\/albaiulia\/modificari-ale-circulatiei-rutiere-la-sebes\/#respond"]}]},{"@type":"WebPage","@id":"https:\/\/urbeamea.ro\/albaiulia\/modificari-ale-circulatiei-rutiere-la-sebes\/","url":"https:\/\/urbeamea.ro\/albaiulia\/modificari-ale-circulatiei-rutiere-la-sebes\/","name":"Modific\u0103ri ale circula\u021biei rutiere la Sebe\u0219 - Revista Urbea Mea - Revista de Alba","isPartOf":{"@id":"https:\/\/urbeamea.ro\/albaiulia\/#website"},"primaryImageOfPage":{"@id":"https:\/\/urbeamea.ro\/albaiulia\/modificari-ale-circulatiei-rutiere-la-sebes\/#primaryimage"},"image":{"@id":"https:\/\/urbeamea.ro\/albaiulia\/modificari-ale-circulatiei-rutiere-la-sebes\/#primaryimage"},"thumbnailUrl":"https:\/\/urbeamea.ro\/albaiulia\/wp-content\/uploads\/2023\/04\/sens-unic.jpg","datePublished":"2023-04-24T11:03:47+00:00","dateModified":"2023-04-24T11:03:49+00:00","author":{"@id":"https:\/\/urbeamea.ro\/albaiulia\/#\/schema\/person\/272ae98052f8ee8980f59848df070247"},"description":"\u00cen vederea fluidiz\u0103rii traficului auto din municipiul Sebe\u0219, circula\u021bia rutier\u0103 pe str\u0103zile Aviator Olteanu \u0219i C\u0103lug\u0103reni va fi modificat\u0103 astfel:","breadcrumb":{"@id":"https:\/\/urbeamea.ro\/albaiulia\/modificari-ale-circulatiei-rutiere-la-sebes\/#breadcrumb"},"inLanguage":"ro-RO","potentialAction":[{"@type":"ReadAction","target":["https:\/\/urbeamea.ro\/albaiulia\/modificari-ale-circulatiei-rutiere-la-sebes\/"]}]},{"@type":"ImageObject","inLanguage":"ro-RO","@id":"https:\/\/urbeamea.ro\/albaiulia\/modificari-ale-circulatiei-rutiere-la-sebes\/#primaryimage","url":"https:\/\/urbeamea.ro\/albaiulia\/wp-content\/uploads\/2023\/04\/sens-unic.jpg","contentUrl":"https:\/\/urbeamea.ro\/albaiulia\/wp-content\/uploads\/2023\/04\/sens-unic.jpg","width":855,"height":571},{"@type":"BreadcrumbList","@id":"https:\/\/urbeamea.ro\/albaiulia\/modificari-ale-circulatiei-rutiere-la-sebes\/#breadcrumb","itemListElement":[{"@type":"ListItem","position":1,"name":"Prima pagin\u0103","item":"https:\/\/urbeamea.ro\/albaiulia\/"},{"@type":"ListItem","position":2,"name":"Modific\u0103ri ale circula\u021biei rutiere la Sebe\u0219"}]},{"@type":"WebSite","@id":"https:\/\/urbeamea.ro\/albaiulia\/#website","url":"https:\/\/urbeamea.ro\/albaiulia\/","name":"Revista Urbea Mea, Stiri urbane","description":"Evenimente \u0219i \u0219tiri din Alba Iulia, Sebe\u0219, Aiud, Blaj","potentialAction":[{"@type":"SearchAction","target":{"@type":"EntryPoint","urlTemplate":"https:\/\/urbeamea.ro\/albaiulia\/?s={search_term_string}"},"query-input":{"@type":"PropertyValueSpecification","valueRequired":true,"valueName":"search_term_string"}}],"inLanguage":"ro-RO"},{"@type":"Person","@id":"https:\/\/urbeamea.ro\/albaiulia\/#\/schema\/person\/272ae98052f8ee8980f59848df070247","name":"Redac\u021bia UrbeaMea","image":{"@type":"ImageObject","inLanguage":"ro-RO","@id":"https:\/\/secure.gravatar.com\/avatar\/9ce5a9435071fa1037e8468053ead8e513dbbff59009d3069aadb85506d85a27?s=96&d=mm&r=g","url":"https:\/\/secure.gravatar.com\/avatar\/9ce5a9435071fa1037e8468053ead8e513dbbff59009d3069aadb85506d85a27?s=96&d=mm&r=g","contentUrl":"https:\/\/secure.gravatar.com\/avatar\/9ce5a9435071fa1037e8468053ead8e513dbbff59009d3069aadb85506d85a27?s=96&d=mm&r=g","caption":"Redac\u021bia UrbeaMea"},"description":"contact@urbeamea.ro","sameAs":["https:\/\/www.urbeamea.ro"],"url":"https:\/\/urbeamea.ro\/albaiulia\/author\/redactia-urbeamea\/"}]}},"_links":{"self":[{"href":"https:\/\/urbeamea.ro\/albaiulia\/wp-json\/wp\/v2\/posts\/107330","targetHints":{"allow":["GET"]}}],"collection":[{"href":"https:\/\/urbeamea.ro\/albaiulia\/wp-json\/wp\/v2\/posts"}],"about":[{"href":"https:\/\/urbeamea.ro\/albaiulia\/wp-json\/wp\/v2\/types\/post"}],"author":[{"embeddable":true,"href":"https:\/\/urbeamea.ro\/albaiulia\/wp-json\/wp\/v2\/users\/16"}],"replies":[{"embeddable":true,"href":"https:\/\/urbeamea.ro\/albaiulia\/wp-json\/wp\/v2\/comments?post=107330"}],"version-history":[{"count":1,"href":"https:\/\/urbeamea.ro\/albaiulia\/wp-json\/wp\/v2\/posts\/107330\/revisions"}],"predecessor-version":[{"id":107332,"href":"https:\/\/urbeamea.ro\/albaiulia\/wp-json\/wp\/v2\/posts\/107330\/revisions\/107332"}],"wp:featuredmedia":[{"embeddable":true,"href":"https:\/\/urbeamea.ro\/albaiulia\/wp-json\/wp\/v2\/media\/107331"}],"wp:attachment":[{"href":"https:\/\/urbeamea.ro\/albaiulia\/wp-json\/wp\/v2\/media?parent=107330"}],"wp:term":[{"taxonomy":"category","embeddable":true,"href":"https:\/\/urbeamea.ro\/albaiulia\/wp-json\/wp\/v2\/categories?post=107330"},{"taxonomy":"post_tag","embeddable":true,"href":"https:\/\/urbeamea.ro\/albaiulia\/wp-json\/wp\/v2\/tags?post=107330"}],"curies":[{"name":"wp","href":"https:\/\/api.w.org\/{rel}","templated":true}]}}