{"id":107333,"date":"2023-04-24T14:05:55","date_gmt":"2023-04-24T11:05:55","guid":{"rendered":"https:\/\/urbeamea.ro\/albaiulia\/?p=107333"},"modified":"2023-04-24T14:05:57","modified_gmt":"2023-04-24T11:05:57","slug":"municipiul-sebes-s-a-inscris-in-programul-privind-casarea-autovehiculelor-uzate","status":"publish","type":"post","link":"https:\/\/urbeamea.ro\/albaiulia\/municipiul-sebes-s-a-inscris-in-programul-privind-casarea-autovehiculelor-uzate\/","title":{"rendered":"Municipiul Sebe\u0219 s-a \u00eenscris \u00een programul privind casarea autovehiculelor uzate"},"content":{"rendered":"\n<p>Av\u00e2nd \u00een vedere necesitatea \u00eembun\u0103t\u0103\u021birii calit\u0103\u021bii aerului pentru protec\u021bia s\u0103n\u0103t\u0103\u021bii popula\u021biei, Prim\u0103ria Municipiului Sebe\u0219 a abordat oportunitatea oferit\u0103 de Administra\u021bia Fondului pentru Mediu, prin lansarea apelului de proiecte, care vizeaz\u0103 acordarea de finan\u021b\u0103ri nerambursabile pentru autovehiculele uzate, \u00een schimbul pred\u0103rii acestora spre casare.<\/p>\n\n\n\n<p>Stimulentul pentru casare, \u00een cuantum de 3.000 lei, se acord\u0103 de c\u0103tre unitatea administrativ teritorial\u0103, proprietarilor care \u00eendeplinesc condi\u021biile de eligibilitate prev\u0103zute de ghidul de finan\u021bare a programului \u0219i care au predat spre casare \u015fi radiere din circula\u021bie \u0219i din evidenta fiscal\u0103 un autovehicul uzat av\u00e2nd o vechime egal\u0103 sau mai mare de 15 ani de la anul fabrica\u021biei.<\/p>\n\n\n\n<p>&nbsp;Stimulentul pentru casare este constituit din suma de 2.400 lei alocat\u0103 de Administra\u021bia Fondului pentru Mediu din veniturile Fondului pentru mediu \u015fi suma de 600 lei sus\u021binut\u0103 din bugetul local al Municipiului Sebe\u0219.<\/p>\n\n\n\n<p>Av\u00e2nd \u00een vedere c\u0103 \u00een municipiul Sebe\u0219 exist\u0103 numeroase autovehicule uzate, cu o vechime mai mare de 15 ani, care se \u00eencadreaz\u0103 \u00een condi\u021biile de eligibilitate stabilite de ghidul de finan\u021bare, Prim\u0103ria Sebe\u0219 a depus o cerere de \u00eenscriere \u00een cadrul programului privind casarea autovehiculelor uzate, \u00een vederea \u00eencheierii unui contract de delegare \u0219i ob\u021binerea unei finan\u021b\u0103ri nerambursabile de 1.200.000 de lei, reprezent\u00e2nd stimulente de casare pentru un num\u0103r de 500 de autovehicule uzate casate \u00een cadrul programului. Num\u0103rul maxim de 500 de autovehicule pentru primul an este stabilit de cadrul legal pentru un municipiu de m\u0103rimea Sebe\u0219ului.<\/p>\n\n\n\n<p>Prim\u0103ria Municipiului Sebe\u0219 \u00eei va anun\u021ba \u00een timp util pe cet\u0103\u021benii interesa\u021bi de program asupra pa\u0219ilor de urmat \u0219i asupra termenelor care vor trebui respectate.<\/p>\n\n\n\n<p><strong>Condi\u021bii de acordare a stimulentului pentru casare<\/strong><\/p>\n\n\n\n<p>Municipiul Sebe\u0219 acord\u0103 suma de 3.000 de lei, cu titlu de stimulent pentru casare, numai dup\u0103:<\/p>\n\n\n\n<p>a) \u00eencheierea contractului de finan\u0163are cu solicitantul stimulentului\/solicitantul finan\u021b\u0103rii &#8211; persoane fizice;<\/p>\n\n\n\n<p>b) casarea autovehiculului uzat, numai prin intermediul colectorilor autoriza\u0163i;<\/p>\n\n\n\n<p>c) radierea autovehiculului uzat din circula\u0163ie \u015fi din eviden\u0163a fiscal\u0103 a Municipiului Sebe\u0219.<\/p>\n\n\n\n<p><strong>Criteriile de eligibilitate<\/strong>, pentru persoanele fizice \u0219i pentru vehicule, care vor sta la baza acord\u0103rii stimulentelor pentru casare:<\/p>\n\n\n\n<ul class=\"wp-block-list\">\n<li><strong>Este considerat eligibil solicitantul de finan\u0163are care, la data solicit\u0103rii stimulentului pentru casare, \u00eendepline\u015fte urm\u0103toarele condi\u0163ii:<\/strong><\/li>\n<\/ul>\n\n\n\n<p><strong>a) <\/strong>este persoan\u0103 fizic\u0103 cu domiciliul pe raza teritorial\u0103 a Municipiului Sebe\u0219;<\/p>\n\n\n\n<p><strong>b) <\/strong>de\u0163ine \u00een proprietate un autovehicul uzat \u00eenmatriculat pe numele s\u0103u de cel pu\u0163in 5 ani \u015fi se afl\u0103 \u00een eviden\u0163ele fiscale ale Municipiului Sebe\u0219, cu excep\u0163ia persoanei fizice care a devenit proprietar ca urmare a partajului judiciar sau a dezbaterii procedurii succesorale;<\/p>\n\n\n\n<p><strong>c) <\/strong>nu este \u00eenregistrat cu obliga\u0163ii restante de plat\u0103 a taxelor, impozitelor, amenzilor \u015fi contribu\u0163iilor c\u0103tre bugetul de stat \u015fi bugetul local, conform prevederilor legale \u00een vigoare;<\/p>\n\n\n\n<p><strong>d) <\/strong>nu a ob\u0163inut \u015fi nu este pe cale s\u0103 ob\u0163in\u0103 finan\u0163are prin proiecte ori programe finan\u0163ate din alte fonduri publice, fonduri comunitare, inclusiv prin Programul de stimulare a \u00eennoirii Parcului auto na\u0163ional 2020-2024 sau prin Programul privind reducerea emisiilor de gaze cu efect de ser\u0103 \u00een transporturi, prin promovarea vehiculelor de transport rutier nepoluante \u015fi eficiente din punct de vedere energetic, 2020-2024, pentru acela\u015fi autovehicul uzat cu care particip\u0103 \u00een Program;<\/p>\n\n\n\n<p><strong>e)<\/strong> nu este condamnat pentru infrac\u0163iuni \u00eempotriva mediului, prin hot\u0103r\u00e2re judec\u0103toreasc\u0103 definitiv\u0103;<\/p>\n\n\n\n<p><strong>f) <\/strong>se angajeaz\u0103 s\u0103 predea spre casare \u015fi s\u0103 radieze din circula\u0163ie \u015fi din eviden\u0163ele fiscale autovehiculul uzat pentru care solicit\u0103 stimulentul pentru casare;<\/p>\n\n\n\n<p><strong>g)<\/strong> se angajeaz\u0103 c\u0103 nu va achizi\u0163iona un autoturism cu norma de poluare Euro 5 \u015fi\/sau inferioar\u0103 \u00een termen de 3 ani de la primirea stimulentului pentru casare.<\/p>\n\n\n\n<p>\u00cen situa\u0163ia \u00een care solicitantul de finan\u0163are este proprietar ca urmare a partajului judiciar sau a dezbaterii procedurii succesorale, acesta va depune la Prim\u0103ria municipiului Sebe\u0219 declara\u0163ia pe propria r\u0103spundere conform c\u0103reia autovehiculul uzat nu a fost folosit de coproprietari\/fostul proprietar at\u00e2t \u00een cadrul Programului, c\u00e2t \u015fi pentru proiecte ori programe finan\u0163ate din alte fonduri publice, fonduri comunitare, inclusiv prin Programul de stimulare a \u00eennoirii Parcului auto na\u0163ional 2020-2024 sau prin Programul privind reducerea emisiilor de gaze cu efect de ser\u0103 \u00een transporturi, prin promovarea vehiculelor de transport rutier nepoluante \u015fi eficiente din punct de vedere energetic, 2020-2024. \u00cen situa\u0163ia \u00een care autovehiculul uzat este de\u0163inut \u00een coproprietate, solicitantul de finan\u0163are va depune la Prim\u0103ria Municipiului Sebe\u0219 \u015fi acordul scris al coproprietarilor privind participarea \u00een cadrul Programului<\/p>\n\n\n\n<ul class=\"wp-block-list\">\n<li><strong>Este considerat eligibil autovehiculul care \u00eendepline\u015fte cumulativ urm\u0103toarele condi\u0163ii:<\/strong><\/li>\n<\/ul>\n\n\n\n<p>a)este \u00eenregistrat \u00een eviden\u0163ele fiscale ale delegatului;<\/p>\n\n\n\n<p>b)la data solicit\u0103rii acord\u0103rii stimulentului pentru casare, are o vechime mai mare sau egal\u0103 cu 15 ani, calculat\u0103 de la anul fabrica\u0163iei; dac\u0103 anul \u00eenmatricul\u0103rii \u00eenscris \u00een cartea de identitate este anterior anului fabrica\u0163iei, se consider\u0103 an de fabrica\u0163ie anul \u00eenmatricul\u0103rii;<\/p>\n\n\n\n<p>c)are norma de poluare Euro 3 \u015fi\/sau inferioar\u0103; d)con\u0163ine componentele esen\u0163iale: motor, transmisie, tren de rulare, caroserie, \u015fasiu, precum \u015fi echipamente electronice de gestionare a func\u0163iilor autovehiculului \u015fi dispozitive catalizator, dac\u0103 acestea au fost prev\u0103zute din fabrica\u0163ie.<\/p>\n","protected":false},"excerpt":{"rendered":"<p>Av\u00e2nd \u00een vedere necesitatea \u00eembun\u0103t\u0103\u021birii calit\u0103\u021bii aerului pentru protec\u021bia s\u0103n\u0103t\u0103\u021bii popula\u021biei, Prim\u0103ria Municipiului Sebe\u0219 a abordat oportunitatea oferit\u0103 de Administra\u021bia Fondului pentru Mediu, prin lansarea apelului de proiecte, care vizeaz\u0103 acordarea de finan\u021b\u0103ri nerambursabile pentru autovehiculele uzate, \u00een schimbul pred\u0103rii acestora spre casare. Stimulentul pentru casare, \u00een cuantum de 3.000 lei, se acord\u0103 de c\u0103tre &hellip;<\/p>\n","protected":false},"author":16,"featured_media":107334,"comment_status":"open","ping_status":"open","sticky":false,"template":"","format":"standard","meta":{"inline_featured_image":false,"footnotes":""},"categories":[2035],"tags":[17300],"class_list":["post-107333","post","type-post","status-publish","format-standard","has-post-thumbnail","hentry","category-administratie","tag-municipiul-sebes"],"yoast_head":"<!-- This site is optimized with the Yoast SEO plugin v27.4 - https:\/\/yoast.com\/product\/yoast-seo-wordpress\/ -->\n<title>Municipiul Sebe\u0219 s-a \u00eenscris \u00een programul privind casarea autovehiculelor uzate - Revista Urbea Mea - Revista de Alba<\/title>\n<meta name=\"description\" content=\"Av\u00e2nd \u00een vedere necesitatea \u00eembun\u0103t\u0103\u021birii calit\u0103\u021bii aerului pentru protec\u021bia s\u0103n\u0103t\u0103\u021bii popula\u021biei, Prim\u0103ria Municipiului Sebe\u0219 a abordat oportunitatea\" \/>\n<meta name=\"robots\" content=\"index, follow, max-snippet:-1, max-image-preview:large, max-video-preview:-1\" \/>\n<link rel=\"canonical\" href=\"https:\/\/urbeamea.ro\/albaiulia\/municipiul-sebes-s-a-inscris-in-programul-privind-casarea-autovehiculelor-uzate\/\" \/>\n<meta name=\"twitter:card\" content=\"summary_large_image\" \/>\n<meta name=\"twitter:title\" content=\"Municipiul Sebe\u0219 s-a \u00eenscris \u00een programul privind casarea autovehiculelor uzate - Revista Urbea Mea - Revista de Alba\" \/>\n<meta name=\"twitter:description\" content=\"Av\u00e2nd \u00een vedere necesitatea \u00eembun\u0103t\u0103\u021birii calit\u0103\u021bii aerului pentru protec\u021bia s\u0103n\u0103t\u0103\u021bii popula\u021biei, Prim\u0103ria Municipiului Sebe\u0219 a abordat oportunitatea\" \/>\n<meta name=\"twitter:image\" content=\"https:\/\/urbeamea.ro\/albaiulia\/wp-content\/uploads\/2023\/04\/Depositphotos_6564612_L-770x540-1.jpg\" \/>\n<meta name=\"twitter:creator\" content=\"@urbeameaweb\" \/>\n<meta name=\"twitter:site\" content=\"@urbeameaweb\" \/>\n<script type=\"application\/ld+json\" class=\"yoast-schema-graph\">{\"@context\":\"https:\\\/\\\/schema.org\",\"@graph\":[{\"@type\":\"Article\",\"@id\":\"https:\\\/\\\/urbeamea.ro\\\/albaiulia\\\/municipiul-sebes-s-a-inscris-in-programul-privind-casarea-autovehiculelor-uzate\\\/#article\",\"isPartOf\":{\"@id\":\"https:\\\/\\\/urbeamea.ro\\\/albaiulia\\\/municipiul-sebes-s-a-inscris-in-programul-privind-casarea-autovehiculelor-uzate\\\/\"},\"author\":{\"name\":\"Redac\u021bia UrbeaMea\",\"@id\":\"https:\\\/\\\/urbeamea.ro\\\/albaiulia\\\/#\\\/schema\\\/person\\\/272ae98052f8ee8980f59848df070247\"},\"headline\":\"Municipiul Sebe\u0219 s-a \u00eenscris \u00een programul privind casarea autovehiculelor uzate\",\"datePublished\":\"2023-04-24T11:05:55+00:00\",\"dateModified\":\"2023-04-24T11:05:57+00:00\",\"mainEntityOfPage\":{\"@id\":\"https:\\\/\\\/urbeamea.ro\\\/albaiulia\\\/municipiul-sebes-s-a-inscris-in-programul-privind-casarea-autovehiculelor-uzate\\\/\"},\"wordCount\":894,\"commentCount\":0,\"image\":{\"@id\":\"https:\\\/\\\/urbeamea.ro\\\/albaiulia\\\/municipiul-sebes-s-a-inscris-in-programul-privind-casarea-autovehiculelor-uzate\\\/#primaryimage\"},\"thumbnailUrl\":\"https:\\\/\\\/urbeamea.ro\\\/albaiulia\\\/wp-content\\\/uploads\\\/2023\\\/04\\\/Depositphotos_6564612_L-770x540-1.jpg\",\"keywords\":[\"municipiul sebes\"],\"articleSection\":[\"Administra\u021bie\"],\"inLanguage\":\"ro-RO\",\"potentialAction\":[{\"@type\":\"CommentAction\",\"name\":\"Comment\",\"target\":[\"https:\\\/\\\/urbeamea.ro\\\/albaiulia\\\/municipiul-sebes-s-a-inscris-in-programul-privind-casarea-autovehiculelor-uzate\\\/#respond\"]}]},{\"@type\":\"WebPage\",\"@id\":\"https:\\\/\\\/urbeamea.ro\\\/albaiulia\\\/municipiul-sebes-s-a-inscris-in-programul-privind-casarea-autovehiculelor-uzate\\\/\",\"url\":\"https:\\\/\\\/urbeamea.ro\\\/albaiulia\\\/municipiul-sebes-s-a-inscris-in-programul-privind-casarea-autovehiculelor-uzate\\\/\",\"name\":\"Municipiul Sebe\u0219 s-a \u00eenscris \u00een programul privind casarea autovehiculelor uzate - Revista Urbea Mea - Revista de Alba\",\"isPartOf\":{\"@id\":\"https:\\\/\\\/urbeamea.ro\\\/albaiulia\\\/#website\"},\"primaryImageOfPage\":{\"@id\":\"https:\\\/\\\/urbeamea.ro\\\/albaiulia\\\/municipiul-sebes-s-a-inscris-in-programul-privind-casarea-autovehiculelor-uzate\\\/#primaryimage\"},\"image\":{\"@id\":\"https:\\\/\\\/urbeamea.ro\\\/albaiulia\\\/municipiul-sebes-s-a-inscris-in-programul-privind-casarea-autovehiculelor-uzate\\\/#primaryimage\"},\"thumbnailUrl\":\"https:\\\/\\\/urbeamea.ro\\\/albaiulia\\\/wp-content\\\/uploads\\\/2023\\\/04\\\/Depositphotos_6564612_L-770x540-1.jpg\",\"datePublished\":\"2023-04-24T11:05:55+00:00\",\"dateModified\":\"2023-04-24T11:05:57+00:00\",\"author\":{\"@id\":\"https:\\\/\\\/urbeamea.ro\\\/albaiulia\\\/#\\\/schema\\\/person\\\/272ae98052f8ee8980f59848df070247\"},\"description\":\"Av\u00e2nd \u00een vedere necesitatea \u00eembun\u0103t\u0103\u021birii calit\u0103\u021bii aerului pentru protec\u021bia s\u0103n\u0103t\u0103\u021bii popula\u021biei, Prim\u0103ria Municipiului Sebe\u0219 a abordat oportunitatea\",\"breadcrumb\":{\"@id\":\"https:\\\/\\\/urbeamea.ro\\\/albaiulia\\\/municipiul-sebes-s-a-inscris-in-programul-privind-casarea-autovehiculelor-uzate\\\/#breadcrumb\"},\"inLanguage\":\"ro-RO\",\"potentialAction\":[{\"@type\":\"ReadAction\",\"target\":[\"https:\\\/\\\/urbeamea.ro\\\/albaiulia\\\/municipiul-sebes-s-a-inscris-in-programul-privind-casarea-autovehiculelor-uzate\\\/\"]}]},{\"@type\":\"ImageObject\",\"inLanguage\":\"ro-RO\",\"@id\":\"https:\\\/\\\/urbeamea.ro\\\/albaiulia\\\/municipiul-sebes-s-a-inscris-in-programul-privind-casarea-autovehiculelor-uzate\\\/#primaryimage\",\"url\":\"https:\\\/\\\/urbeamea.ro\\\/albaiulia\\\/wp-content\\\/uploads\\\/2023\\\/04\\\/Depositphotos_6564612_L-770x540-1.jpg\",\"contentUrl\":\"https:\\\/\\\/urbeamea.ro\\\/albaiulia\\\/wp-content\\\/uploads\\\/2023\\\/04\\\/Depositphotos_6564612_L-770x540-1.jpg\",\"width\":770,\"height\":540},{\"@type\":\"BreadcrumbList\",\"@id\":\"https:\\\/\\\/urbeamea.ro\\\/albaiulia\\\/municipiul-sebes-s-a-inscris-in-programul-privind-casarea-autovehiculelor-uzate\\\/#breadcrumb\",\"itemListElement\":[{\"@type\":\"ListItem\",\"position\":1,\"name\":\"Prima pagin\u0103\",\"item\":\"https:\\\/\\\/urbeamea.ro\\\/albaiulia\\\/\"},{\"@type\":\"ListItem\",\"position\":2,\"name\":\"Municipiul Sebe\u0219 s-a \u00eenscris \u00een programul privind casarea autovehiculelor uzate\"}]},{\"@type\":\"WebSite\",\"@id\":\"https:\\\/\\\/urbeamea.ro\\\/albaiulia\\\/#website\",\"url\":\"https:\\\/\\\/urbeamea.ro\\\/albaiulia\\\/\",\"name\":\"Revista Urbea Mea, Stiri urbane\",\"description\":\"Evenimente \u0219i \u0219tiri din Alba Iulia, Sebe\u0219, Aiud, Blaj\",\"potentialAction\":[{\"@type\":\"SearchAction\",\"target\":{\"@type\":\"EntryPoint\",\"urlTemplate\":\"https:\\\/\\\/urbeamea.ro\\\/albaiulia\\\/?s={search_term_string}\"},\"query-input\":{\"@type\":\"PropertyValueSpecification\",\"valueRequired\":true,\"valueName\":\"search_term_string\"}}],\"inLanguage\":\"ro-RO\"},{\"@type\":\"Person\",\"@id\":\"https:\\\/\\\/urbeamea.ro\\\/albaiulia\\\/#\\\/schema\\\/person\\\/272ae98052f8ee8980f59848df070247\",\"name\":\"Redac\u021bia UrbeaMea\",\"image\":{\"@type\":\"ImageObject\",\"inLanguage\":\"ro-RO\",\"@id\":\"https:\\\/\\\/secure.gravatar.com\\\/avatar\\\/9ce5a9435071fa1037e8468053ead8e513dbbff59009d3069aadb85506d85a27?s=96&d=mm&r=g\",\"url\":\"https:\\\/\\\/secure.gravatar.com\\\/avatar\\\/9ce5a9435071fa1037e8468053ead8e513dbbff59009d3069aadb85506d85a27?s=96&d=mm&r=g\",\"contentUrl\":\"https:\\\/\\\/secure.gravatar.com\\\/avatar\\\/9ce5a9435071fa1037e8468053ead8e513dbbff59009d3069aadb85506d85a27?s=96&d=mm&r=g\",\"caption\":\"Redac\u021bia UrbeaMea\"},\"description\":\"contact@urbeamea.ro\",\"sameAs\":[\"https:\\\/\\\/www.urbeamea.ro\"],\"url\":\"https:\\\/\\\/urbeamea.ro\\\/albaiulia\\\/author\\\/redactia-urbeamea\\\/\"}]}<\/script>\n<!-- \/ Yoast SEO plugin. -->","yoast_head_json":{"title":"Municipiul Sebe\u0219 s-a \u00eenscris \u00een programul privind casarea autovehiculelor uzate - Revista Urbea Mea - Revista de Alba","description":"Av\u00e2nd \u00een vedere necesitatea \u00eembun\u0103t\u0103\u021birii calit\u0103\u021bii aerului pentru protec\u021bia s\u0103n\u0103t\u0103\u021bii popula\u021biei, Prim\u0103ria Municipiului Sebe\u0219 a abordat oportunitatea","robots":{"index":"index","follow":"follow","max-snippet":"max-snippet:-1","max-image-preview":"max-image-preview:large","max-video-preview":"max-video-preview:-1"},"canonical":"https:\/\/urbeamea.ro\/albaiulia\/municipiul-sebes-s-a-inscris-in-programul-privind-casarea-autovehiculelor-uzate\/","twitter_card":"summary_large_image","twitter_title":"Municipiul Sebe\u0219 s-a \u00eenscris \u00een programul privind casarea autovehiculelor uzate - Revista Urbea Mea - Revista de Alba","twitter_description":"Av\u00e2nd \u00een vedere necesitatea \u00eembun\u0103t\u0103\u021birii calit\u0103\u021bii aerului pentru protec\u021bia s\u0103n\u0103t\u0103\u021bii popula\u021biei, Prim\u0103ria Municipiului Sebe\u0219 a abordat oportunitatea","twitter_image":"https:\/\/urbeamea.ro\/albaiulia\/wp-content\/uploads\/2023\/04\/Depositphotos_6564612_L-770x540-1.jpg","twitter_creator":"@urbeameaweb","twitter_site":"@urbeameaweb","schema":{"@context":"https:\/\/schema.org","@graph":[{"@type":"Article","@id":"https:\/\/urbeamea.ro\/albaiulia\/municipiul-sebes-s-a-inscris-in-programul-privind-casarea-autovehiculelor-uzate\/#article","isPartOf":{"@id":"https:\/\/urbeamea.ro\/albaiulia\/municipiul-sebes-s-a-inscris-in-programul-privind-casarea-autovehiculelor-uzate\/"},"author":{"name":"Redac\u021bia UrbeaMea","@id":"https:\/\/urbeamea.ro\/albaiulia\/#\/schema\/person\/272ae98052f8ee8980f59848df070247"},"headline":"Municipiul Sebe\u0219 s-a \u00eenscris \u00een programul privind casarea autovehiculelor uzate","datePublished":"2023-04-24T11:05:55+00:00","dateModified":"2023-04-24T11:05:57+00:00","mainEntityOfPage":{"@id":"https:\/\/urbeamea.ro\/albaiulia\/municipiul-sebes-s-a-inscris-in-programul-privind-casarea-autovehiculelor-uzate\/"},"wordCount":894,"commentCount":0,"image":{"@id":"https:\/\/urbeamea.ro\/albaiulia\/municipiul-sebes-s-a-inscris-in-programul-privind-casarea-autovehiculelor-uzate\/#primaryimage"},"thumbnailUrl":"https:\/\/urbeamea.ro\/albaiulia\/wp-content\/uploads\/2023\/04\/Depositphotos_6564612_L-770x540-1.jpg","keywords":["municipiul sebes"],"articleSection":["Administra\u021bie"],"inLanguage":"ro-RO","potentialAction":[{"@type":"CommentAction","name":"Comment","target":["https:\/\/urbeamea.ro\/albaiulia\/municipiul-sebes-s-a-inscris-in-programul-privind-casarea-autovehiculelor-uzate\/#respond"]}]},{"@type":"WebPage","@id":"https:\/\/urbeamea.ro\/albaiulia\/municipiul-sebes-s-a-inscris-in-programul-privind-casarea-autovehiculelor-uzate\/","url":"https:\/\/urbeamea.ro\/albaiulia\/municipiul-sebes-s-a-inscris-in-programul-privind-casarea-autovehiculelor-uzate\/","name":"Municipiul Sebe\u0219 s-a \u00eenscris \u00een programul privind casarea autovehiculelor uzate - Revista Urbea Mea - Revista de Alba","isPartOf":{"@id":"https:\/\/urbeamea.ro\/albaiulia\/#website"},"primaryImageOfPage":{"@id":"https:\/\/urbeamea.ro\/albaiulia\/municipiul-sebes-s-a-inscris-in-programul-privind-casarea-autovehiculelor-uzate\/#primaryimage"},"image":{"@id":"https:\/\/urbeamea.ro\/albaiulia\/municipiul-sebes-s-a-inscris-in-programul-privind-casarea-autovehiculelor-uzate\/#primaryimage"},"thumbnailUrl":"https:\/\/urbeamea.ro\/albaiulia\/wp-content\/uploads\/2023\/04\/Depositphotos_6564612_L-770x540-1.jpg","datePublished":"2023-04-24T11:05:55+00:00","dateModified":"2023-04-24T11:05:57+00:00","author":{"@id":"https:\/\/urbeamea.ro\/albaiulia\/#\/schema\/person\/272ae98052f8ee8980f59848df070247"},"description":"Av\u00e2nd \u00een vedere necesitatea \u00eembun\u0103t\u0103\u021birii calit\u0103\u021bii aerului pentru protec\u021bia s\u0103n\u0103t\u0103\u021bii popula\u021biei, Prim\u0103ria Municipiului Sebe\u0219 a abordat oportunitatea","breadcrumb":{"@id":"https:\/\/urbeamea.ro\/albaiulia\/municipiul-sebes-s-a-inscris-in-programul-privind-casarea-autovehiculelor-uzate\/#breadcrumb"},"inLanguage":"ro-RO","potentialAction":[{"@type":"ReadAction","target":["https:\/\/urbeamea.ro\/albaiulia\/municipiul-sebes-s-a-inscris-in-programul-privind-casarea-autovehiculelor-uzate\/"]}]},{"@type":"ImageObject","inLanguage":"ro-RO","@id":"https:\/\/urbeamea.ro\/albaiulia\/municipiul-sebes-s-a-inscris-in-programul-privind-casarea-autovehiculelor-uzate\/#primaryimage","url":"https:\/\/urbeamea.ro\/albaiulia\/wp-content\/uploads\/2023\/04\/Depositphotos_6564612_L-770x540-1.jpg","contentUrl":"https:\/\/urbeamea.ro\/albaiulia\/wp-content\/uploads\/2023\/04\/Depositphotos_6564612_L-770x540-1.jpg","width":770,"height":540},{"@type":"BreadcrumbList","@id":"https:\/\/urbeamea.ro\/albaiulia\/municipiul-sebes-s-a-inscris-in-programul-privind-casarea-autovehiculelor-uzate\/#breadcrumb","itemListElement":[{"@type":"ListItem","position":1,"name":"Prima pagin\u0103","item":"https:\/\/urbeamea.ro\/albaiulia\/"},{"@type":"ListItem","position":2,"name":"Municipiul Sebe\u0219 s-a \u00eenscris \u00een programul privind casarea autovehiculelor uzate"}]},{"@type":"WebSite","@id":"https:\/\/urbeamea.ro\/albaiulia\/#website","url":"https:\/\/urbeamea.ro\/albaiulia\/","name":"Revista Urbea Mea, Stiri urbane","description":"Evenimente \u0219i \u0219tiri din Alba Iulia, Sebe\u0219, Aiud, Blaj","potentialAction":[{"@type":"SearchAction","target":{"@type":"EntryPoint","urlTemplate":"https:\/\/urbeamea.ro\/albaiulia\/?s={search_term_string}"},"query-input":{"@type":"PropertyValueSpecification","valueRequired":true,"valueName":"search_term_string"}}],"inLanguage":"ro-RO"},{"@type":"Person","@id":"https:\/\/urbeamea.ro\/albaiulia\/#\/schema\/person\/272ae98052f8ee8980f59848df070247","name":"Redac\u021bia UrbeaMea","image":{"@type":"ImageObject","inLanguage":"ro-RO","@id":"https:\/\/secure.gravatar.com\/avatar\/9ce5a9435071fa1037e8468053ead8e513dbbff59009d3069aadb85506d85a27?s=96&d=mm&r=g","url":"https:\/\/secure.gravatar.com\/avatar\/9ce5a9435071fa1037e8468053ead8e513dbbff59009d3069aadb85506d85a27?s=96&d=mm&r=g","contentUrl":"https:\/\/secure.gravatar.com\/avatar\/9ce5a9435071fa1037e8468053ead8e513dbbff59009d3069aadb85506d85a27?s=96&d=mm&r=g","caption":"Redac\u021bia UrbeaMea"},"description":"contact@urbeamea.ro","sameAs":["https:\/\/www.urbeamea.ro"],"url":"https:\/\/urbeamea.ro\/albaiulia\/author\/redactia-urbeamea\/"}]}},"_links":{"self":[{"href":"https:\/\/urbeamea.ro\/albaiulia\/wp-json\/wp\/v2\/posts\/107333","targetHints":{"allow":["GET"]}}],"collection":[{"href":"https:\/\/urbeamea.ro\/albaiulia\/wp-json\/wp\/v2\/posts"}],"about":[{"href":"https:\/\/urbeamea.ro\/albaiulia\/wp-json\/wp\/v2\/types\/post"}],"author":[{"embeddable":true,"href":"https:\/\/urbeamea.ro\/albaiulia\/wp-json\/wp\/v2\/users\/16"}],"replies":[{"embeddable":true,"href":"https:\/\/urbeamea.ro\/albaiulia\/wp-json\/wp\/v2\/comments?post=107333"}],"version-history":[{"count":1,"href":"https:\/\/urbeamea.ro\/albaiulia\/wp-json\/wp\/v2\/posts\/107333\/revisions"}],"predecessor-version":[{"id":107335,"href":"https:\/\/urbeamea.ro\/albaiulia\/wp-json\/wp\/v2\/posts\/107333\/revisions\/107335"}],"wp:featuredmedia":[{"embeddable":true,"href":"https:\/\/urbeamea.ro\/albaiulia\/wp-json\/wp\/v2\/media\/107334"}],"wp:attachment":[{"href":"https:\/\/urbeamea.ro\/albaiulia\/wp-json\/wp\/v2\/media?parent=107333"}],"wp:term":[{"taxonomy":"category","embeddable":true,"href":"https:\/\/urbeamea.ro\/albaiulia\/wp-json\/wp\/v2\/categories?post=107333"},{"taxonomy":"post_tag","embeddable":true,"href":"https:\/\/urbeamea.ro\/albaiulia\/wp-json\/wp\/v2\/tags?post=107333"}],"curies":[{"name":"wp","href":"https:\/\/api.w.org\/{rel}","templated":true}]}}