{"id":107340,"date":"2023-04-24T17:44:04","date_gmt":"2023-04-24T14:44:04","guid":{"rendered":"https:\/\/urbeamea.ro\/albaiulia\/?p=107340"},"modified":"2023-04-24T17:44:06","modified_gmt":"2023-04-24T14:44:06","slug":"anunt-sedinta-publica-ordinara-a-consiliului-local-al-municipiului-sebes-2","status":"publish","type":"post","link":"https:\/\/urbeamea.ro\/albaiulia\/anunt-sedinta-publica-ordinara-a-consiliului-local-al-municipiului-sebes-2\/","title":{"rendered":"Anun\u021b &#8211; \u0218edin\u021ba public\u0103 ordinar\u0103 a Consiliului Local al Municipiului Sebe\u0219"},"content":{"rendered":"\n<h3 class=\"wp-block-heading\">\u0218edin\u021ba public\u0103 ordinar\u0103 a Consiliului Local al Municipiului Sebe\u0219 va avea loc \u00een data de 27 aprilie 2023, \u00eencep\u00e2nd cu ora 14.00, \u00een sala \u201eGheorghe Maniu\u201d a Centrului Cultural \u201eLucian Blaga\u201d Sebe\u0219.<\/h3>\n\n\n\n<p>DISPUNE<br>Art.1. Se convoac\u0103 Consiliul Local al Municipiului Sebe\u0219, jud. Alba \u00een \u0219edin\u021b\u0103 public\u0103<br>ordinar\u0103, \u00een data 27.04.2023, ora 14,00. \u0218edin\u021ba se va desf\u0103\u0219ura cu participarea fizic\u0103 a<br>consilierilor locali \u00een sala ,,Gheorghe Maniu &#8222;din cadrul Centrului Cultural ,,Lucian Blaga&#8221; Sebe\u0219.<br>Art.2. Proiectul ordinii de zi al \u0219edin\u021bei de consiliu ordinare este cuprins \u00een anexa 1 a<br>prezentei dispozi\u021bii.<br>Art.3. Proiectele de hot\u0103r\u00e2re \u00eenscrise pe proiectul ordinii de zi, \u00eenso\u021bite de anexele<br>corespunz\u0103toare, referatele de aprobare, rapoartele de specialitate, precum \u0219i de celelalte<br>documente conexe, sunt puse la dispozi\u021bia consilierilor locali prin e-mail (comunicare pe adresele<br>po\u0219t\u0103 electronic\u0103 aflat\u0103 \u00een baza de date).<br>Art.4. Consilierii locali sunt invita\u021bi s\u0103 formuleze \u0219i s\u0103 depun\u0103 amendamente asupra<br>proiectelor de hot\u0103r\u00e2re \u00eenscrise pe proiectul ordinii de zi.<br>Art.5. Prezenta poate fi atacat\u0103 de persoanele \u00eendrept\u0103\u021bite, \u00een termenul \u0219i \u00een condi\u021biile<br>prev\u0103zute de Legea nr. 554\/2004 privind contenciosul administrativ cu modific\u0103rile \u0219i<br>complet\u0103rile ulterioare.<br>Prezenta dispozi\u021bie va fi afi\u0219at\u0103, se va publica pe site-ul Prim\u0103riei \u0219i \u00een Monitorul oficial al<br>Municipiului Sebe\u0219 \u0219i se comunic\u0103 \u00een conformitate cu art. 134 alin 2 din O.U.G nr. 57\/2019<br>privind Codul Administrativ:<\/p>\n\n\n\n<ul class=\"wp-block-list\">\n<li>Institu\u021biei Prefectului Jude\u021bului Alba<\/li>\n\n\n\n<li>Primarului Municipiului Sebe\u0219<\/li>\n\n\n\n<li>Viceprimarului Municipiului Sebe\u0219<\/li>\n\n\n\n<li>Consiliului Local Sebe\u0219<\/li>\n\n\n\n<li>Direc\u021biilor, birourilor \u0219i tuturor serviciilor subordonate Consiliului Local cu \u0219i f\u0103r\u0103 personalitate<br>juridic\u0103.<\/li>\n<\/ul>\n","protected":false},"excerpt":{"rendered":"<p>\u0218edin\u021ba public\u0103 ordinar\u0103 a Consiliului Local al Municipiului Sebe\u0219 va avea loc \u00een data de 27 aprilie 2023, \u00eencep\u00e2nd cu ora 14.00, \u00een sala \u201eGheorghe Maniu\u201d a Centrului Cultural \u201eLucian Blaga\u201d Sebe\u0219. DISPUNEArt.1. Se convoac\u0103 Consiliul Local al Municipiului Sebe\u0219, jud. Alba \u00een \u0219edin\u021b\u0103 public\u0103ordinar\u0103, \u00een data 27.04.2023, ora 14,00. \u0218edin\u021ba se va desf\u0103\u0219ura cu &hellip;<\/p>\n","protected":false},"author":16,"featured_media":81952,"comment_status":"open","ping_status":"open","sticky":false,"template":"","format":"standard","meta":{"inline_featured_image":false,"footnotes":""},"categories":[2035],"tags":[17300],"class_list":["post-107340","post","type-post","status-publish","format-standard","has-post-thumbnail","hentry","category-administratie","tag-municipiul-sebes"],"yoast_head":"<!-- This site is optimized with the Yoast SEO plugin v27.4 - https:\/\/yoast.com\/product\/yoast-seo-wordpress\/ -->\n<title>Anun\u021b - \u0218edin\u021ba public\u0103 ordinar\u0103 a Consiliului Local al Municipiului Sebe\u0219 - Revista Urbea Mea - Revista de Alba<\/title>\n<meta name=\"description\" content=\"\u0218edin\u021ba public\u0103 ordinar\u0103 a Consiliului Local al Municipiului Sebe\u0219 va avea loc \u00een data de 27 aprilie 2023, \u00eencep\u00e2nd cu ora 14.00, \u00een sala \u201eGheorghe Maniu\u201d\" \/>\n<meta name=\"robots\" content=\"index, follow, max-snippet:-1, max-image-preview:large, max-video-preview:-1\" \/>\n<link rel=\"canonical\" href=\"https:\/\/urbeamea.ro\/albaiulia\/anunt-sedinta-publica-ordinara-a-consiliului-local-al-municipiului-sebes-2\/\" \/>\n<meta name=\"twitter:card\" content=\"summary_large_image\" \/>\n<meta name=\"twitter:title\" content=\"Anun\u021b - \u0218edin\u021ba public\u0103 ordinar\u0103 a Consiliului Local al Municipiului Sebe\u0219 - Revista Urbea Mea - Revista de Alba\" \/>\n<meta name=\"twitter:description\" content=\"\u0218edin\u021ba public\u0103 ordinar\u0103 a Consiliului Local al Municipiului Sebe\u0219 va avea loc \u00een data de 27 aprilie 2023, \u00eencep\u00e2nd cu ora 14.00, \u00een sala \u201eGheorghe Maniu\u201d\" \/>\n<meta name=\"twitter:image\" content=\"https:\/\/urbeamea.ro\/albaiulia\/wp-content\/uploads\/2019\/09\/logo_primaria_sebes_primarie_2019.jpg\" \/>\n<meta name=\"twitter:creator\" content=\"@urbeameaweb\" \/>\n<meta name=\"twitter:site\" content=\"@urbeameaweb\" \/>\n<script type=\"application\/ld+json\" class=\"yoast-schema-graph\">{\"@context\":\"https:\\\/\\\/schema.org\",\"@graph\":[{\"@type\":\"Article\",\"@id\":\"https:\\\/\\\/urbeamea.ro\\\/albaiulia\\\/anunt-sedinta-publica-ordinara-a-consiliului-local-al-municipiului-sebes-2\\\/#article\",\"isPartOf\":{\"@id\":\"https:\\\/\\\/urbeamea.ro\\\/albaiulia\\\/anunt-sedinta-publica-ordinara-a-consiliului-local-al-municipiului-sebes-2\\\/\"},\"author\":{\"name\":\"Redac\u021bia UrbeaMea\",\"@id\":\"https:\\\/\\\/urbeamea.ro\\\/albaiulia\\\/#\\\/schema\\\/person\\\/272ae98052f8ee8980f59848df070247\"},\"headline\":\"Anun\u021b &#8211; \u0218edin\u021ba public\u0103 ordinar\u0103 a Consiliului Local al Municipiului Sebe\u0219\",\"datePublished\":\"2023-04-24T14:44:04+00:00\",\"dateModified\":\"2023-04-24T14:44:06+00:00\",\"mainEntityOfPage\":{\"@id\":\"https:\\\/\\\/urbeamea.ro\\\/albaiulia\\\/anunt-sedinta-publica-ordinara-a-consiliului-local-al-municipiului-sebes-2\\\/\"},\"wordCount\":263,\"commentCount\":0,\"image\":{\"@id\":\"https:\\\/\\\/urbeamea.ro\\\/albaiulia\\\/anunt-sedinta-publica-ordinara-a-consiliului-local-al-municipiului-sebes-2\\\/#primaryimage\"},\"thumbnailUrl\":\"https:\\\/\\\/urbeamea.ro\\\/albaiulia\\\/wp-content\\\/uploads\\\/2019\\\/09\\\/logo_primaria_sebes_primarie_2019.jpg\",\"keywords\":[\"municipiul sebes\"],\"articleSection\":[\"Administra\u021bie\"],\"inLanguage\":\"ro-RO\",\"potentialAction\":[{\"@type\":\"CommentAction\",\"name\":\"Comment\",\"target\":[\"https:\\\/\\\/urbeamea.ro\\\/albaiulia\\\/anunt-sedinta-publica-ordinara-a-consiliului-local-al-municipiului-sebes-2\\\/#respond\"]}]},{\"@type\":\"WebPage\",\"@id\":\"https:\\\/\\\/urbeamea.ro\\\/albaiulia\\\/anunt-sedinta-publica-ordinara-a-consiliului-local-al-municipiului-sebes-2\\\/\",\"url\":\"https:\\\/\\\/urbeamea.ro\\\/albaiulia\\\/anunt-sedinta-publica-ordinara-a-consiliului-local-al-municipiului-sebes-2\\\/\",\"name\":\"Anun\u021b - \u0218edin\u021ba public\u0103 ordinar\u0103 a Consiliului Local al Municipiului Sebe\u0219 - Revista Urbea Mea - Revista de Alba\",\"isPartOf\":{\"@id\":\"https:\\\/\\\/urbeamea.ro\\\/albaiulia\\\/#website\"},\"primaryImageOfPage\":{\"@id\":\"https:\\\/\\\/urbeamea.ro\\\/albaiulia\\\/anunt-sedinta-publica-ordinara-a-consiliului-local-al-municipiului-sebes-2\\\/#primaryimage\"},\"image\":{\"@id\":\"https:\\\/\\\/urbeamea.ro\\\/albaiulia\\\/anunt-sedinta-publica-ordinara-a-consiliului-local-al-municipiului-sebes-2\\\/#primaryimage\"},\"thumbnailUrl\":\"https:\\\/\\\/urbeamea.ro\\\/albaiulia\\\/wp-content\\\/uploads\\\/2019\\\/09\\\/logo_primaria_sebes_primarie_2019.jpg\",\"datePublished\":\"2023-04-24T14:44:04+00:00\",\"dateModified\":\"2023-04-24T14:44:06+00:00\",\"author\":{\"@id\":\"https:\\\/\\\/urbeamea.ro\\\/albaiulia\\\/#\\\/schema\\\/person\\\/272ae98052f8ee8980f59848df070247\"},\"description\":\"\u0218edin\u021ba public\u0103 ordinar\u0103 a Consiliului Local al Municipiului Sebe\u0219 va avea loc \u00een data de 27 aprilie 2023, \u00eencep\u00e2nd cu ora 14.00, \u00een sala \u201eGheorghe Maniu\u201d\",\"breadcrumb\":{\"@id\":\"https:\\\/\\\/urbeamea.ro\\\/albaiulia\\\/anunt-sedinta-publica-ordinara-a-consiliului-local-al-municipiului-sebes-2\\\/#breadcrumb\"},\"inLanguage\":\"ro-RO\",\"potentialAction\":[{\"@type\":\"ReadAction\",\"target\":[\"https:\\\/\\\/urbeamea.ro\\\/albaiulia\\\/anunt-sedinta-publica-ordinara-a-consiliului-local-al-municipiului-sebes-2\\\/\"]}]},{\"@type\":\"ImageObject\",\"inLanguage\":\"ro-RO\",\"@id\":\"https:\\\/\\\/urbeamea.ro\\\/albaiulia\\\/anunt-sedinta-publica-ordinara-a-consiliului-local-al-municipiului-sebes-2\\\/#primaryimage\",\"url\":\"https:\\\/\\\/urbeamea.ro\\\/albaiulia\\\/wp-content\\\/uploads\\\/2019\\\/09\\\/logo_primaria_sebes_primarie_2019.jpg\",\"contentUrl\":\"https:\\\/\\\/urbeamea.ro\\\/albaiulia\\\/wp-content\\\/uploads\\\/2019\\\/09\\\/logo_primaria_sebes_primarie_2019.jpg\",\"width\":960,\"height\":640},{\"@type\":\"BreadcrumbList\",\"@id\":\"https:\\\/\\\/urbeamea.ro\\\/albaiulia\\\/anunt-sedinta-publica-ordinara-a-consiliului-local-al-municipiului-sebes-2\\\/#breadcrumb\",\"itemListElement\":[{\"@type\":\"ListItem\",\"position\":1,\"name\":\"Prima pagin\u0103\",\"item\":\"https:\\\/\\\/urbeamea.ro\\\/albaiulia\\\/\"},{\"@type\":\"ListItem\",\"position\":2,\"name\":\"Anun\u021b &#8211; \u0218edin\u021ba public\u0103 ordinar\u0103 a Consiliului Local al Municipiului Sebe\u0219\"}]},{\"@type\":\"WebSite\",\"@id\":\"https:\\\/\\\/urbeamea.ro\\\/albaiulia\\\/#website\",\"url\":\"https:\\\/\\\/urbeamea.ro\\\/albaiulia\\\/\",\"name\":\"Revista Urbea Mea, Stiri urbane\",\"description\":\"Evenimente \u0219i \u0219tiri din Alba Iulia, Sebe\u0219, Aiud, Blaj\",\"potentialAction\":[{\"@type\":\"SearchAction\",\"target\":{\"@type\":\"EntryPoint\",\"urlTemplate\":\"https:\\\/\\\/urbeamea.ro\\\/albaiulia\\\/?s={search_term_string}\"},\"query-input\":{\"@type\":\"PropertyValueSpecification\",\"valueRequired\":true,\"valueName\":\"search_term_string\"}}],\"inLanguage\":\"ro-RO\"},{\"@type\":\"Person\",\"@id\":\"https:\\\/\\\/urbeamea.ro\\\/albaiulia\\\/#\\\/schema\\\/person\\\/272ae98052f8ee8980f59848df070247\",\"name\":\"Redac\u021bia UrbeaMea\",\"image\":{\"@type\":\"ImageObject\",\"inLanguage\":\"ro-RO\",\"@id\":\"https:\\\/\\\/secure.gravatar.com\\\/avatar\\\/9ce5a9435071fa1037e8468053ead8e513dbbff59009d3069aadb85506d85a27?s=96&d=mm&r=g\",\"url\":\"https:\\\/\\\/secure.gravatar.com\\\/avatar\\\/9ce5a9435071fa1037e8468053ead8e513dbbff59009d3069aadb85506d85a27?s=96&d=mm&r=g\",\"contentUrl\":\"https:\\\/\\\/secure.gravatar.com\\\/avatar\\\/9ce5a9435071fa1037e8468053ead8e513dbbff59009d3069aadb85506d85a27?s=96&d=mm&r=g\",\"caption\":\"Redac\u021bia UrbeaMea\"},\"description\":\"contact@urbeamea.ro\",\"sameAs\":[\"https:\\\/\\\/www.urbeamea.ro\"],\"url\":\"https:\\\/\\\/urbeamea.ro\\\/albaiulia\\\/author\\\/redactia-urbeamea\\\/\"}]}<\/script>\n<!-- \/ Yoast SEO plugin. -->","yoast_head_json":{"title":"Anun\u021b - \u0218edin\u021ba public\u0103 ordinar\u0103 a Consiliului Local al Municipiului Sebe\u0219 - Revista Urbea Mea - Revista de Alba","description":"\u0218edin\u021ba public\u0103 ordinar\u0103 a Consiliului Local al Municipiului Sebe\u0219 va avea loc \u00een data de 27 aprilie 2023, \u00eencep\u00e2nd cu ora 14.00, \u00een sala \u201eGheorghe Maniu\u201d","robots":{"index":"index","follow":"follow","max-snippet":"max-snippet:-1","max-image-preview":"max-image-preview:large","max-video-preview":"max-video-preview:-1"},"canonical":"https:\/\/urbeamea.ro\/albaiulia\/anunt-sedinta-publica-ordinara-a-consiliului-local-al-municipiului-sebes-2\/","twitter_card":"summary_large_image","twitter_title":"Anun\u021b - \u0218edin\u021ba public\u0103 ordinar\u0103 a Consiliului Local al Municipiului Sebe\u0219 - Revista Urbea Mea - Revista de Alba","twitter_description":"\u0218edin\u021ba public\u0103 ordinar\u0103 a Consiliului Local al Municipiului Sebe\u0219 va avea loc \u00een data de 27 aprilie 2023, \u00eencep\u00e2nd cu ora 14.00, \u00een sala \u201eGheorghe Maniu\u201d","twitter_image":"https:\/\/urbeamea.ro\/albaiulia\/wp-content\/uploads\/2019\/09\/logo_primaria_sebes_primarie_2019.jpg","twitter_creator":"@urbeameaweb","twitter_site":"@urbeameaweb","schema":{"@context":"https:\/\/schema.org","@graph":[{"@type":"Article","@id":"https:\/\/urbeamea.ro\/albaiulia\/anunt-sedinta-publica-ordinara-a-consiliului-local-al-municipiului-sebes-2\/#article","isPartOf":{"@id":"https:\/\/urbeamea.ro\/albaiulia\/anunt-sedinta-publica-ordinara-a-consiliului-local-al-municipiului-sebes-2\/"},"author":{"name":"Redac\u021bia UrbeaMea","@id":"https:\/\/urbeamea.ro\/albaiulia\/#\/schema\/person\/272ae98052f8ee8980f59848df070247"},"headline":"Anun\u021b &#8211; \u0218edin\u021ba public\u0103 ordinar\u0103 a Consiliului Local al Municipiului Sebe\u0219","datePublished":"2023-04-24T14:44:04+00:00","dateModified":"2023-04-24T14:44:06+00:00","mainEntityOfPage":{"@id":"https:\/\/urbeamea.ro\/albaiulia\/anunt-sedinta-publica-ordinara-a-consiliului-local-al-municipiului-sebes-2\/"},"wordCount":263,"commentCount":0,"image":{"@id":"https:\/\/urbeamea.ro\/albaiulia\/anunt-sedinta-publica-ordinara-a-consiliului-local-al-municipiului-sebes-2\/#primaryimage"},"thumbnailUrl":"https:\/\/urbeamea.ro\/albaiulia\/wp-content\/uploads\/2019\/09\/logo_primaria_sebes_primarie_2019.jpg","keywords":["municipiul sebes"],"articleSection":["Administra\u021bie"],"inLanguage":"ro-RO","potentialAction":[{"@type":"CommentAction","name":"Comment","target":["https:\/\/urbeamea.ro\/albaiulia\/anunt-sedinta-publica-ordinara-a-consiliului-local-al-municipiului-sebes-2\/#respond"]}]},{"@type":"WebPage","@id":"https:\/\/urbeamea.ro\/albaiulia\/anunt-sedinta-publica-ordinara-a-consiliului-local-al-municipiului-sebes-2\/","url":"https:\/\/urbeamea.ro\/albaiulia\/anunt-sedinta-publica-ordinara-a-consiliului-local-al-municipiului-sebes-2\/","name":"Anun\u021b - \u0218edin\u021ba public\u0103 ordinar\u0103 a Consiliului Local al Municipiului Sebe\u0219 - Revista Urbea Mea - Revista de Alba","isPartOf":{"@id":"https:\/\/urbeamea.ro\/albaiulia\/#website"},"primaryImageOfPage":{"@id":"https:\/\/urbeamea.ro\/albaiulia\/anunt-sedinta-publica-ordinara-a-consiliului-local-al-municipiului-sebes-2\/#primaryimage"},"image":{"@id":"https:\/\/urbeamea.ro\/albaiulia\/anunt-sedinta-publica-ordinara-a-consiliului-local-al-municipiului-sebes-2\/#primaryimage"},"thumbnailUrl":"https:\/\/urbeamea.ro\/albaiulia\/wp-content\/uploads\/2019\/09\/logo_primaria_sebes_primarie_2019.jpg","datePublished":"2023-04-24T14:44:04+00:00","dateModified":"2023-04-24T14:44:06+00:00","author":{"@id":"https:\/\/urbeamea.ro\/albaiulia\/#\/schema\/person\/272ae98052f8ee8980f59848df070247"},"description":"\u0218edin\u021ba public\u0103 ordinar\u0103 a Consiliului Local al Municipiului Sebe\u0219 va avea loc \u00een data de 27 aprilie 2023, \u00eencep\u00e2nd cu ora 14.00, \u00een sala \u201eGheorghe Maniu\u201d","breadcrumb":{"@id":"https:\/\/urbeamea.ro\/albaiulia\/anunt-sedinta-publica-ordinara-a-consiliului-local-al-municipiului-sebes-2\/#breadcrumb"},"inLanguage":"ro-RO","potentialAction":[{"@type":"ReadAction","target":["https:\/\/urbeamea.ro\/albaiulia\/anunt-sedinta-publica-ordinara-a-consiliului-local-al-municipiului-sebes-2\/"]}]},{"@type":"ImageObject","inLanguage":"ro-RO","@id":"https:\/\/urbeamea.ro\/albaiulia\/anunt-sedinta-publica-ordinara-a-consiliului-local-al-municipiului-sebes-2\/#primaryimage","url":"https:\/\/urbeamea.ro\/albaiulia\/wp-content\/uploads\/2019\/09\/logo_primaria_sebes_primarie_2019.jpg","contentUrl":"https:\/\/urbeamea.ro\/albaiulia\/wp-content\/uploads\/2019\/09\/logo_primaria_sebes_primarie_2019.jpg","width":960,"height":640},{"@type":"BreadcrumbList","@id":"https:\/\/urbeamea.ro\/albaiulia\/anunt-sedinta-publica-ordinara-a-consiliului-local-al-municipiului-sebes-2\/#breadcrumb","itemListElement":[{"@type":"ListItem","position":1,"name":"Prima pagin\u0103","item":"https:\/\/urbeamea.ro\/albaiulia\/"},{"@type":"ListItem","position":2,"name":"Anun\u021b &#8211; \u0218edin\u021ba public\u0103 ordinar\u0103 a Consiliului Local al Municipiului Sebe\u0219"}]},{"@type":"WebSite","@id":"https:\/\/urbeamea.ro\/albaiulia\/#website","url":"https:\/\/urbeamea.ro\/albaiulia\/","name":"Revista Urbea Mea, Stiri urbane","description":"Evenimente \u0219i \u0219tiri din Alba Iulia, Sebe\u0219, Aiud, Blaj","potentialAction":[{"@type":"SearchAction","target":{"@type":"EntryPoint","urlTemplate":"https:\/\/urbeamea.ro\/albaiulia\/?s={search_term_string}"},"query-input":{"@type":"PropertyValueSpecification","valueRequired":true,"valueName":"search_term_string"}}],"inLanguage":"ro-RO"},{"@type":"Person","@id":"https:\/\/urbeamea.ro\/albaiulia\/#\/schema\/person\/272ae98052f8ee8980f59848df070247","name":"Redac\u021bia UrbeaMea","image":{"@type":"ImageObject","inLanguage":"ro-RO","@id":"https:\/\/secure.gravatar.com\/avatar\/9ce5a9435071fa1037e8468053ead8e513dbbff59009d3069aadb85506d85a27?s=96&d=mm&r=g","url":"https:\/\/secure.gravatar.com\/avatar\/9ce5a9435071fa1037e8468053ead8e513dbbff59009d3069aadb85506d85a27?s=96&d=mm&r=g","contentUrl":"https:\/\/secure.gravatar.com\/avatar\/9ce5a9435071fa1037e8468053ead8e513dbbff59009d3069aadb85506d85a27?s=96&d=mm&r=g","caption":"Redac\u021bia UrbeaMea"},"description":"contact@urbeamea.ro","sameAs":["https:\/\/www.urbeamea.ro"],"url":"https:\/\/urbeamea.ro\/albaiulia\/author\/redactia-urbeamea\/"}]}},"_links":{"self":[{"href":"https:\/\/urbeamea.ro\/albaiulia\/wp-json\/wp\/v2\/posts\/107340","targetHints":{"allow":["GET"]}}],"collection":[{"href":"https:\/\/urbeamea.ro\/albaiulia\/wp-json\/wp\/v2\/posts"}],"about":[{"href":"https:\/\/urbeamea.ro\/albaiulia\/wp-json\/wp\/v2\/types\/post"}],"author":[{"embeddable":true,"href":"https:\/\/urbeamea.ro\/albaiulia\/wp-json\/wp\/v2\/users\/16"}],"replies":[{"embeddable":true,"href":"https:\/\/urbeamea.ro\/albaiulia\/wp-json\/wp\/v2\/comments?post=107340"}],"version-history":[{"count":1,"href":"https:\/\/urbeamea.ro\/albaiulia\/wp-json\/wp\/v2\/posts\/107340\/revisions"}],"predecessor-version":[{"id":107341,"href":"https:\/\/urbeamea.ro\/albaiulia\/wp-json\/wp\/v2\/posts\/107340\/revisions\/107341"}],"wp:featuredmedia":[{"embeddable":true,"href":"https:\/\/urbeamea.ro\/albaiulia\/wp-json\/wp\/v2\/media\/81952"}],"wp:attachment":[{"href":"https:\/\/urbeamea.ro\/albaiulia\/wp-json\/wp\/v2\/media?parent=107340"}],"wp:term":[{"taxonomy":"category","embeddable":true,"href":"https:\/\/urbeamea.ro\/albaiulia\/wp-json\/wp\/v2\/categories?post=107340"},{"taxonomy":"post_tag","embeddable":true,"href":"https:\/\/urbeamea.ro\/albaiulia\/wp-json\/wp\/v2\/tags?post=107340"}],"curies":[{"name":"wp","href":"https:\/\/api.w.org\/{rel}","templated":true}]}}