{"id":107343,"date":"2023-04-25T17:22:06","date_gmt":"2023-04-25T14:22:06","guid":{"rendered":"https:\/\/urbeamea.ro\/albaiulia\/?p=107343"},"modified":"2023-04-25T17:22:09","modified_gmt":"2023-04-25T14:22:09","slug":"5-7-mai-2023-targul-de-carte-alba-transilvana-editia-a-xiv-a-programul-evenimentului","status":"publish","type":"post","link":"https:\/\/urbeamea.ro\/albaiulia\/5-7-mai-2023-targul-de-carte-alba-transilvana-editia-a-xiv-a-programul-evenimentului\/","title":{"rendered":"5-7 mai 2023 &#8211; T\u00e2rgul de cArte Alba Transilvana, edi\u021bia a XIV-a \u2013 programul evenimentului"},"content":{"rendered":"\n<p>Este oficial, e gata, avem programul celei de-a XIV-a edi\u021bii a T\u00e2rgului de cArte Alba Transilvana, de la Alba Iulia!<\/p>\n\n\n\n<p>\u00cen perioada 5-7 mai 2023, \u00een Cetatea Alba Carolina, \u00eentre Muzeul Na\u021bional al Unirii \u0219i Sala Unirii, se petrece cel mai important eveniment cultural dedicat c\u0103r\u021bii, organizat de Consiliul Jude\u021bean Alba, Biblioteca Jude\u021bean\u0103 \u201eLucian Blaga\u201d Alba \u0219i parteneri: T\u00e2rgul de cArte Alba Transilvana.<\/p>\n\n\n\n<p>Prima edi\u021bie a avut loc \u00een 2008, iar pe parcursul anilor, manifestarea a devenit un veritabil brand al jude\u021bului Alba, t\u00e2rgul fiind a\u0219teptat cu entuziasm de to\u021bi iubitorii lecturii.<\/p>\n\n\n\n<p>La \u201estartul\u201d t\u00e2rgului s-au aliniat, ca de obicei, zeci de edituri \u0219i scriitori care \u00ee\u0219i vor lansa la noi volumele publicate \u00een ultimii ani.<\/p>\n\n\n\n<p>\u00cen completarea expozi\u021biilor de carte cu v\u00e2nzare \u0219i a manifest\u0103rilor legate de carte, \u0219i \u00een acest an ve\u021bi avea parte de o sumedenie de alte propuneri culturale inedite.<\/p>\n\n\n\n<p>Pe scen\u0103, pentru dumneavoastr\u0103, vor c\u00e2nta, vor conferen\u021bia, ori vor sus\u021bine prezent\u0103ri, Adrian Cioroianu, Mircea Dinescu, Nicu Alifantis, Daniel David \u0219i Daniel Nazare, dar nu numai. Ve\u021bi avea ocazia s\u0103 v\u0103 bucura\u021bi \u0219i de arti\u0219ti precum Trupa Taxi, Radu Pietranu, ori s\u0103 cunoa\u0219te\u021bi povestea viorii lui Radu Gyr, prin intermediul lui Ovidiu P\u00e2rjol \u0219i al Ioanei P\u0103una.<\/p>\n\n\n\n<p>De neratat, expozi\u021bia fotografic\u0103 permanent\u0103 GEOFOLK \u2013 Costume populare ale popoarelor lumii, rezultatul unui proiect interna\u021bional inedit, pus la cale de fotograful David Botond.<\/p>\n\n\n\n<p>Copiii sunt a\u0219tepta\u021bi la t\u00e2rg, s\u0103-\u0219i aleag\u0103 c\u0103r\u021bile potrivite, av\u00e2nd la dispozi\u021bie \u0219i o mul\u021bime de ateliere \u0219i activit\u0103\u021bi din care s\u0103 aleag\u0103: desen, facepainting, muzic\u0103 \u0219i poezie, englez\u0103, teatru, \u0219ah, cultur\u0103 general\u0103, chiar \u0219i de robotic\u0103.<\/p>\n\n\n\n<p>Expozi\u021bii, spectacole, ateliere de cusut semne tradi\u021bionale, de parenting, de psihologie practic\u0103, posibile cu sprijinul colaboratorilor no\u0219tri constan\u021bi, la toate v\u0103 a\u0219tept\u0103m cu drag!<\/p>\n\n\n\n<p>Organizatorii T\u00e2rgului de cArte Alba Transilvana, edi\u021bia a XIV-a, sunt Consiliul Jude\u021bean Alba \u0219i Biblioteca Jude\u021bean\u0103 \u201eLucian Blaga\u201d Alba, al\u0103turi de partenerii: Prim\u0103ria Municipiului Alba Iulia, Muzeul Na\u021bional al Unirii Alba Iulia, Teatrul de P\u0103pu\u0219i \u201ePrichindel\u201d Alba Iulia, Filiala Alba-Hunedoara a Uniunii Scriitorilor din Rom\u00e2nia, Palatul Copiilor Alba Iulia, Colegiul Na\u021bional \u201eHorea, Clo\u0219ca \u0219i Cri\u0219an, al\u0103turi de cunoscutul Grup Skepsis.<\/p>\n\n\n\n<p>Programul complet al evenimentelor t\u00e2rgului \u00eel pute\u021bi consulta at\u00e2t pe site-urile \u0219i pe paginile de Facebook ale organizatorilor, c\u00e2t \u0219i \u00een documentul al\u0103turat.<\/p>\n\n\n\n<p><strong>Aten\u021bie! Av\u00e2nd \u00een vedere amploarea evenimentului, vineri, 5 mai 2023, sediul Bibliotecii Jude\u021bene \u201eLucian Blaga\u201d Alba va fi \u00eenchis pentru \u00eemprumutul de carte.<\/strong><\/p>\n\n\n\n<p>Ne vedem la T\u00e2rgul de cArte Alba Transilvana, edi\u021bia a XIV-a, 5-7 mai 2023, la Alba Iulia!<\/p>\n\n\n\n<div data-wp-interactive=\"core\/file\" class=\"wp-block-file\"><object data-wp-bind--hidden=\"!state.hasPdfPreview\" hidden class=\"wp-block-file__embed\" data=\"https:\/\/urbeamea.ro\/albaiulia\/wp-content\/uploads\/2023\/04\/PROGRAM-TARGUL-DE-CARTE-ALBA-TRANSILVANA-2023-2.pdf\" type=\"application\/pdf\" style=\"width:100%;height:600px\" aria-label=\"\u00cenglobare pentru PROGRAM-TARGUL-DE-CARTE-ALBA-TRANSILVANA-2023-2.\"><\/object><a id=\"wp-block-file--media-9ce757f1-0aba-462c-9029-0f7a40e0eca6\" href=\"https:\/\/urbeamea.ro\/albaiulia\/wp-content\/uploads\/2023\/04\/PROGRAM-TARGUL-DE-CARTE-ALBA-TRANSILVANA-2023-2.pdf\">PROGRAM-TARGUL-DE-CARTE-ALBA-TRANSILVANA-2023-2<\/a><a href=\"https:\/\/urbeamea.ro\/albaiulia\/wp-content\/uploads\/2023\/04\/PROGRAM-TARGUL-DE-CARTE-ALBA-TRANSILVANA-2023-2.pdf\" class=\"wp-block-file__button wp-element-button\" download aria-describedby=\"wp-block-file--media-9ce757f1-0aba-462c-9029-0f7a40e0eca6\">Descarc\u0103<\/a><\/div>\n\n\n\n<figure class=\"wp-block-image size-large\"><img loading=\"lazy\" decoding=\"async\" width=\"1024\" height=\"1280\" src=\"https:\/\/urbeamea.ro\/albaiulia\/wp-content\/uploads\/2023\/04\/Afis-de-imagine-pt-FACEBOOK-Targul-de-cArte-Alba-Transilvana-2023-1024x1280.jpg\" alt=\"\" class=\"wp-image-107344\" srcset=\"https:\/\/urbeamea.ro\/albaiulia\/wp-content\/uploads\/2023\/04\/Afis-de-imagine-pt-FACEBOOK-Targul-de-cArte-Alba-Transilvana-2023-1024x1280.jpg 1024w, https:\/\/urbeamea.ro\/albaiulia\/wp-content\/uploads\/2023\/04\/Afis-de-imagine-pt-FACEBOOK-Targul-de-cArte-Alba-Transilvana-2023-512x640.jpg 512w, https:\/\/urbeamea.ro\/albaiulia\/wp-content\/uploads\/2023\/04\/Afis-de-imagine-pt-FACEBOOK-Targul-de-cArte-Alba-Transilvana-2023-120x150.jpg 120w, https:\/\/urbeamea.ro\/albaiulia\/wp-content\/uploads\/2023\/04\/Afis-de-imagine-pt-FACEBOOK-Targul-de-cArte-Alba-Transilvana-2023-768x960.jpg 768w, https:\/\/urbeamea.ro\/albaiulia\/wp-content\/uploads\/2023\/04\/Afis-de-imagine-pt-FACEBOOK-Targul-de-cArte-Alba-Transilvana-2023.jpg 1080w\" sizes=\"auto, (max-width: 1024px) 100vw, 1024px\" \/><\/figure>\n","protected":false},"excerpt":{"rendered":"<p>Este oficial, e gata, avem programul celei de-a XIV-a edi\u021bii a T\u00e2rgului de cArte Alba Transilvana, de la Alba Iulia! \u00cen perioada 5-7 mai 2023, \u00een Cetatea Alba Carolina, \u00eentre Muzeul Na\u021bional al Unirii \u0219i Sala Unirii, se petrece cel mai important eveniment cultural dedicat c\u0103r\u021bii, organizat de Consiliul Jude\u021bean Alba, Biblioteca Jude\u021bean\u0103 \u201eLucian Blaga\u201d &hellip;<\/p>\n","protected":false},"author":16,"featured_media":107345,"comment_status":"open","ping_status":"open","sticky":false,"template":"","format":"standard","meta":{"inline_featured_image":false,"footnotes":""},"categories":[4],"tags":[2113,5333],"class_list":["post-107343","post","type-post","status-publish","format-standard","has-post-thumbnail","hentry","category-eveniment","tag-biblioteca-judeteana-lucian-blaga-alba","tag-targul-de-carte-alba-transilvana"],"yoast_head":"<!-- This site is optimized with the Yoast SEO plugin v27.4 - https:\/\/yoast.com\/product\/yoast-seo-wordpress\/ -->\n<title>5-7 mai 2023 - T\u00e2rgul de cArte Alba Transilvana, edi\u021bia a XIV-a \u2013 programul evenimentului - Revista Urbea Mea - Revista de Alba<\/title>\n<meta name=\"description\" content=\"Este oficial, e gata, avem programul celei de-a XIV-a edi\u021bii a T\u00e2rgului de cArte Alba Transilvana, de la Alba Iulia! \u00cen perioada 5-7 mai 2023, \u00een Cetatea\" \/>\n<meta name=\"robots\" content=\"index, follow, max-snippet:-1, max-image-preview:large, max-video-preview:-1\" \/>\n<link rel=\"canonical\" href=\"https:\/\/urbeamea.ro\/albaiulia\/5-7-mai-2023-targul-de-carte-alba-transilvana-editia-a-xiv-a-programul-evenimentului\/\" \/>\n<meta name=\"twitter:card\" content=\"summary_large_image\" \/>\n<meta name=\"twitter:title\" content=\"5-7 mai 2023 - T\u00e2rgul de cArte Alba Transilvana, edi\u021bia a XIV-a \u2013 programul evenimentului - Revista Urbea Mea - Revista de Alba\" \/>\n<meta name=\"twitter:description\" content=\"Este oficial, e gata, avem programul celei de-a XIV-a edi\u021bii a T\u00e2rgului de cArte Alba Transilvana, de la Alba Iulia! \u00cen perioada 5-7 mai 2023, \u00een Cetatea\" \/>\n<meta name=\"twitter:image\" content=\"https:\/\/urbeamea.ro\/albaiulia\/wp-content\/uploads\/2023\/04\/Fara-titlu4.png\" \/>\n<meta name=\"twitter:creator\" content=\"@urbeameaweb\" \/>\n<meta name=\"twitter:site\" content=\"@urbeameaweb\" \/>\n<script type=\"application\/ld+json\" class=\"yoast-schema-graph\">{\"@context\":\"https:\\\/\\\/schema.org\",\"@graph\":[{\"@type\":\"Article\",\"@id\":\"https:\\\/\\\/urbeamea.ro\\\/albaiulia\\\/5-7-mai-2023-targul-de-carte-alba-transilvana-editia-a-xiv-a-programul-evenimentului\\\/#article\",\"isPartOf\":{\"@id\":\"https:\\\/\\\/urbeamea.ro\\\/albaiulia\\\/5-7-mai-2023-targul-de-carte-alba-transilvana-editia-a-xiv-a-programul-evenimentului\\\/\"},\"author\":{\"name\":\"Redac\u021bia UrbeaMea\",\"@id\":\"https:\\\/\\\/urbeamea.ro\\\/albaiulia\\\/#\\\/schema\\\/person\\\/272ae98052f8ee8980f59848df070247\"},\"headline\":\"5-7 mai 2023 &#8211; T\u00e2rgul de cArte Alba Transilvana, edi\u021bia a XIV-a \u2013 programul evenimentului\",\"datePublished\":\"2023-04-25T14:22:06+00:00\",\"dateModified\":\"2023-04-25T14:22:09+00:00\",\"mainEntityOfPage\":{\"@id\":\"https:\\\/\\\/urbeamea.ro\\\/albaiulia\\\/5-7-mai-2023-targul-de-carte-alba-transilvana-editia-a-xiv-a-programul-evenimentului\\\/\"},\"wordCount\":493,\"commentCount\":0,\"image\":{\"@id\":\"https:\\\/\\\/urbeamea.ro\\\/albaiulia\\\/5-7-mai-2023-targul-de-carte-alba-transilvana-editia-a-xiv-a-programul-evenimentului\\\/#primaryimage\"},\"thumbnailUrl\":\"https:\\\/\\\/urbeamea.ro\\\/albaiulia\\\/wp-content\\\/uploads\\\/2023\\\/04\\\/Fara-titlu4.png\",\"keywords\":[\"Biblioteca Jude\u0163ean\u0103 \u201cLucian Blaga\u201d Alba\",\"targul de carte alba transilvana\"],\"articleSection\":[\"Evenimente\"],\"inLanguage\":\"ro-RO\",\"potentialAction\":[{\"@type\":\"CommentAction\",\"name\":\"Comment\",\"target\":[\"https:\\\/\\\/urbeamea.ro\\\/albaiulia\\\/5-7-mai-2023-targul-de-carte-alba-transilvana-editia-a-xiv-a-programul-evenimentului\\\/#respond\"]}]},{\"@type\":\"WebPage\",\"@id\":\"https:\\\/\\\/urbeamea.ro\\\/albaiulia\\\/5-7-mai-2023-targul-de-carte-alba-transilvana-editia-a-xiv-a-programul-evenimentului\\\/\",\"url\":\"https:\\\/\\\/urbeamea.ro\\\/albaiulia\\\/5-7-mai-2023-targul-de-carte-alba-transilvana-editia-a-xiv-a-programul-evenimentului\\\/\",\"name\":\"5-7 mai 2023 - T\u00e2rgul de cArte Alba Transilvana, edi\u021bia a XIV-a \u2013 programul evenimentului - Revista Urbea Mea - Revista de Alba\",\"isPartOf\":{\"@id\":\"https:\\\/\\\/urbeamea.ro\\\/albaiulia\\\/#website\"},\"primaryImageOfPage\":{\"@id\":\"https:\\\/\\\/urbeamea.ro\\\/albaiulia\\\/5-7-mai-2023-targul-de-carte-alba-transilvana-editia-a-xiv-a-programul-evenimentului\\\/#primaryimage\"},\"image\":{\"@id\":\"https:\\\/\\\/urbeamea.ro\\\/albaiulia\\\/5-7-mai-2023-targul-de-carte-alba-transilvana-editia-a-xiv-a-programul-evenimentului\\\/#primaryimage\"},\"thumbnailUrl\":\"https:\\\/\\\/urbeamea.ro\\\/albaiulia\\\/wp-content\\\/uploads\\\/2023\\\/04\\\/Fara-titlu4.png\",\"datePublished\":\"2023-04-25T14:22:06+00:00\",\"dateModified\":\"2023-04-25T14:22:09+00:00\",\"author\":{\"@id\":\"https:\\\/\\\/urbeamea.ro\\\/albaiulia\\\/#\\\/schema\\\/person\\\/272ae98052f8ee8980f59848df070247\"},\"description\":\"Este oficial, e gata, avem programul celei de-a XIV-a edi\u021bii a T\u00e2rgului de cArte Alba Transilvana, de la Alba Iulia! \u00cen perioada 5-7 mai 2023, \u00een Cetatea\",\"breadcrumb\":{\"@id\":\"https:\\\/\\\/urbeamea.ro\\\/albaiulia\\\/5-7-mai-2023-targul-de-carte-alba-transilvana-editia-a-xiv-a-programul-evenimentului\\\/#breadcrumb\"},\"inLanguage\":\"ro-RO\",\"potentialAction\":[{\"@type\":\"ReadAction\",\"target\":[\"https:\\\/\\\/urbeamea.ro\\\/albaiulia\\\/5-7-mai-2023-targul-de-carte-alba-transilvana-editia-a-xiv-a-programul-evenimentului\\\/\"]}]},{\"@type\":\"ImageObject\",\"inLanguage\":\"ro-RO\",\"@id\":\"https:\\\/\\\/urbeamea.ro\\\/albaiulia\\\/5-7-mai-2023-targul-de-carte-alba-transilvana-editia-a-xiv-a-programul-evenimentului\\\/#primaryimage\",\"url\":\"https:\\\/\\\/urbeamea.ro\\\/albaiulia\\\/wp-content\\\/uploads\\\/2023\\\/04\\\/Fara-titlu4.png\",\"contentUrl\":\"https:\\\/\\\/urbeamea.ro\\\/albaiulia\\\/wp-content\\\/uploads\\\/2023\\\/04\\\/Fara-titlu4.png\",\"width\":1053,\"height\":439},{\"@type\":\"BreadcrumbList\",\"@id\":\"https:\\\/\\\/urbeamea.ro\\\/albaiulia\\\/5-7-mai-2023-targul-de-carte-alba-transilvana-editia-a-xiv-a-programul-evenimentului\\\/#breadcrumb\",\"itemListElement\":[{\"@type\":\"ListItem\",\"position\":1,\"name\":\"Prima pagin\u0103\",\"item\":\"https:\\\/\\\/urbeamea.ro\\\/albaiulia\\\/\"},{\"@type\":\"ListItem\",\"position\":2,\"name\":\"5-7 mai 2023 &#8211; T\u00e2rgul de cArte Alba Transilvana, edi\u021bia a XIV-a \u2013 programul evenimentului\"}]},{\"@type\":\"WebSite\",\"@id\":\"https:\\\/\\\/urbeamea.ro\\\/albaiulia\\\/#website\",\"url\":\"https:\\\/\\\/urbeamea.ro\\\/albaiulia\\\/\",\"name\":\"Revista Urbea Mea, Stiri urbane\",\"description\":\"Evenimente \u0219i \u0219tiri din Alba Iulia, Sebe\u0219, Aiud, Blaj\",\"potentialAction\":[{\"@type\":\"SearchAction\",\"target\":{\"@type\":\"EntryPoint\",\"urlTemplate\":\"https:\\\/\\\/urbeamea.ro\\\/albaiulia\\\/?s={search_term_string}\"},\"query-input\":{\"@type\":\"PropertyValueSpecification\",\"valueRequired\":true,\"valueName\":\"search_term_string\"}}],\"inLanguage\":\"ro-RO\"},{\"@type\":\"Person\",\"@id\":\"https:\\\/\\\/urbeamea.ro\\\/albaiulia\\\/#\\\/schema\\\/person\\\/272ae98052f8ee8980f59848df070247\",\"name\":\"Redac\u021bia UrbeaMea\",\"image\":{\"@type\":\"ImageObject\",\"inLanguage\":\"ro-RO\",\"@id\":\"https:\\\/\\\/secure.gravatar.com\\\/avatar\\\/9ce5a9435071fa1037e8468053ead8e513dbbff59009d3069aadb85506d85a27?s=96&d=mm&r=g\",\"url\":\"https:\\\/\\\/secure.gravatar.com\\\/avatar\\\/9ce5a9435071fa1037e8468053ead8e513dbbff59009d3069aadb85506d85a27?s=96&d=mm&r=g\",\"contentUrl\":\"https:\\\/\\\/secure.gravatar.com\\\/avatar\\\/9ce5a9435071fa1037e8468053ead8e513dbbff59009d3069aadb85506d85a27?s=96&d=mm&r=g\",\"caption\":\"Redac\u021bia UrbeaMea\"},\"description\":\"contact@urbeamea.ro\",\"sameAs\":[\"https:\\\/\\\/www.urbeamea.ro\"],\"url\":\"https:\\\/\\\/urbeamea.ro\\\/albaiulia\\\/author\\\/redactia-urbeamea\\\/\"}]}<\/script>\n<!-- \/ Yoast SEO plugin. -->","yoast_head_json":{"title":"5-7 mai 2023 - T\u00e2rgul de cArte Alba Transilvana, edi\u021bia a XIV-a \u2013 programul evenimentului - Revista Urbea Mea - Revista de Alba","description":"Este oficial, e gata, avem programul celei de-a XIV-a edi\u021bii a T\u00e2rgului de cArte Alba Transilvana, de la Alba Iulia! \u00cen perioada 5-7 mai 2023, \u00een Cetatea","robots":{"index":"index","follow":"follow","max-snippet":"max-snippet:-1","max-image-preview":"max-image-preview:large","max-video-preview":"max-video-preview:-1"},"canonical":"https:\/\/urbeamea.ro\/albaiulia\/5-7-mai-2023-targul-de-carte-alba-transilvana-editia-a-xiv-a-programul-evenimentului\/","twitter_card":"summary_large_image","twitter_title":"5-7 mai 2023 - T\u00e2rgul de cArte Alba Transilvana, edi\u021bia a XIV-a \u2013 programul evenimentului - Revista Urbea Mea - Revista de Alba","twitter_description":"Este oficial, e gata, avem programul celei de-a XIV-a edi\u021bii a T\u00e2rgului de cArte Alba Transilvana, de la Alba Iulia! \u00cen perioada 5-7 mai 2023, \u00een Cetatea","twitter_image":"https:\/\/urbeamea.ro\/albaiulia\/wp-content\/uploads\/2023\/04\/Fara-titlu4.png","twitter_creator":"@urbeameaweb","twitter_site":"@urbeameaweb","schema":{"@context":"https:\/\/schema.org","@graph":[{"@type":"Article","@id":"https:\/\/urbeamea.ro\/albaiulia\/5-7-mai-2023-targul-de-carte-alba-transilvana-editia-a-xiv-a-programul-evenimentului\/#article","isPartOf":{"@id":"https:\/\/urbeamea.ro\/albaiulia\/5-7-mai-2023-targul-de-carte-alba-transilvana-editia-a-xiv-a-programul-evenimentului\/"},"author":{"name":"Redac\u021bia UrbeaMea","@id":"https:\/\/urbeamea.ro\/albaiulia\/#\/schema\/person\/272ae98052f8ee8980f59848df070247"},"headline":"5-7 mai 2023 &#8211; T\u00e2rgul de cArte Alba Transilvana, edi\u021bia a XIV-a \u2013 programul evenimentului","datePublished":"2023-04-25T14:22:06+00:00","dateModified":"2023-04-25T14:22:09+00:00","mainEntityOfPage":{"@id":"https:\/\/urbeamea.ro\/albaiulia\/5-7-mai-2023-targul-de-carte-alba-transilvana-editia-a-xiv-a-programul-evenimentului\/"},"wordCount":493,"commentCount":0,"image":{"@id":"https:\/\/urbeamea.ro\/albaiulia\/5-7-mai-2023-targul-de-carte-alba-transilvana-editia-a-xiv-a-programul-evenimentului\/#primaryimage"},"thumbnailUrl":"https:\/\/urbeamea.ro\/albaiulia\/wp-content\/uploads\/2023\/04\/Fara-titlu4.png","keywords":["Biblioteca Jude\u0163ean\u0103 \u201cLucian Blaga\u201d Alba","targul de carte alba transilvana"],"articleSection":["Evenimente"],"inLanguage":"ro-RO","potentialAction":[{"@type":"CommentAction","name":"Comment","target":["https:\/\/urbeamea.ro\/albaiulia\/5-7-mai-2023-targul-de-carte-alba-transilvana-editia-a-xiv-a-programul-evenimentului\/#respond"]}]},{"@type":"WebPage","@id":"https:\/\/urbeamea.ro\/albaiulia\/5-7-mai-2023-targul-de-carte-alba-transilvana-editia-a-xiv-a-programul-evenimentului\/","url":"https:\/\/urbeamea.ro\/albaiulia\/5-7-mai-2023-targul-de-carte-alba-transilvana-editia-a-xiv-a-programul-evenimentului\/","name":"5-7 mai 2023 - T\u00e2rgul de cArte Alba Transilvana, edi\u021bia a XIV-a \u2013 programul evenimentului - Revista Urbea Mea - Revista de Alba","isPartOf":{"@id":"https:\/\/urbeamea.ro\/albaiulia\/#website"},"primaryImageOfPage":{"@id":"https:\/\/urbeamea.ro\/albaiulia\/5-7-mai-2023-targul-de-carte-alba-transilvana-editia-a-xiv-a-programul-evenimentului\/#primaryimage"},"image":{"@id":"https:\/\/urbeamea.ro\/albaiulia\/5-7-mai-2023-targul-de-carte-alba-transilvana-editia-a-xiv-a-programul-evenimentului\/#primaryimage"},"thumbnailUrl":"https:\/\/urbeamea.ro\/albaiulia\/wp-content\/uploads\/2023\/04\/Fara-titlu4.png","datePublished":"2023-04-25T14:22:06+00:00","dateModified":"2023-04-25T14:22:09+00:00","author":{"@id":"https:\/\/urbeamea.ro\/albaiulia\/#\/schema\/person\/272ae98052f8ee8980f59848df070247"},"description":"Este oficial, e gata, avem programul celei de-a XIV-a edi\u021bii a T\u00e2rgului de cArte Alba Transilvana, de la Alba Iulia! \u00cen perioada 5-7 mai 2023, \u00een Cetatea","breadcrumb":{"@id":"https:\/\/urbeamea.ro\/albaiulia\/5-7-mai-2023-targul-de-carte-alba-transilvana-editia-a-xiv-a-programul-evenimentului\/#breadcrumb"},"inLanguage":"ro-RO","potentialAction":[{"@type":"ReadAction","target":["https:\/\/urbeamea.ro\/albaiulia\/5-7-mai-2023-targul-de-carte-alba-transilvana-editia-a-xiv-a-programul-evenimentului\/"]}]},{"@type":"ImageObject","inLanguage":"ro-RO","@id":"https:\/\/urbeamea.ro\/albaiulia\/5-7-mai-2023-targul-de-carte-alba-transilvana-editia-a-xiv-a-programul-evenimentului\/#primaryimage","url":"https:\/\/urbeamea.ro\/albaiulia\/wp-content\/uploads\/2023\/04\/Fara-titlu4.png","contentUrl":"https:\/\/urbeamea.ro\/albaiulia\/wp-content\/uploads\/2023\/04\/Fara-titlu4.png","width":1053,"height":439},{"@type":"BreadcrumbList","@id":"https:\/\/urbeamea.ro\/albaiulia\/5-7-mai-2023-targul-de-carte-alba-transilvana-editia-a-xiv-a-programul-evenimentului\/#breadcrumb","itemListElement":[{"@type":"ListItem","position":1,"name":"Prima pagin\u0103","item":"https:\/\/urbeamea.ro\/albaiulia\/"},{"@type":"ListItem","position":2,"name":"5-7 mai 2023 &#8211; T\u00e2rgul de cArte Alba Transilvana, edi\u021bia a XIV-a \u2013 programul evenimentului"}]},{"@type":"WebSite","@id":"https:\/\/urbeamea.ro\/albaiulia\/#website","url":"https:\/\/urbeamea.ro\/albaiulia\/","name":"Revista Urbea Mea, Stiri urbane","description":"Evenimente \u0219i \u0219tiri din Alba Iulia, Sebe\u0219, Aiud, Blaj","potentialAction":[{"@type":"SearchAction","target":{"@type":"EntryPoint","urlTemplate":"https:\/\/urbeamea.ro\/albaiulia\/?s={search_term_string}"},"query-input":{"@type":"PropertyValueSpecification","valueRequired":true,"valueName":"search_term_string"}}],"inLanguage":"ro-RO"},{"@type":"Person","@id":"https:\/\/urbeamea.ro\/albaiulia\/#\/schema\/person\/272ae98052f8ee8980f59848df070247","name":"Redac\u021bia UrbeaMea","image":{"@type":"ImageObject","inLanguage":"ro-RO","@id":"https:\/\/secure.gravatar.com\/avatar\/9ce5a9435071fa1037e8468053ead8e513dbbff59009d3069aadb85506d85a27?s=96&d=mm&r=g","url":"https:\/\/secure.gravatar.com\/avatar\/9ce5a9435071fa1037e8468053ead8e513dbbff59009d3069aadb85506d85a27?s=96&d=mm&r=g","contentUrl":"https:\/\/secure.gravatar.com\/avatar\/9ce5a9435071fa1037e8468053ead8e513dbbff59009d3069aadb85506d85a27?s=96&d=mm&r=g","caption":"Redac\u021bia UrbeaMea"},"description":"contact@urbeamea.ro","sameAs":["https:\/\/www.urbeamea.ro"],"url":"https:\/\/urbeamea.ro\/albaiulia\/author\/redactia-urbeamea\/"}]}},"_links":{"self":[{"href":"https:\/\/urbeamea.ro\/albaiulia\/wp-json\/wp\/v2\/posts\/107343","targetHints":{"allow":["GET"]}}],"collection":[{"href":"https:\/\/urbeamea.ro\/albaiulia\/wp-json\/wp\/v2\/posts"}],"about":[{"href":"https:\/\/urbeamea.ro\/albaiulia\/wp-json\/wp\/v2\/types\/post"}],"author":[{"embeddable":true,"href":"https:\/\/urbeamea.ro\/albaiulia\/wp-json\/wp\/v2\/users\/16"}],"replies":[{"embeddable":true,"href":"https:\/\/urbeamea.ro\/albaiulia\/wp-json\/wp\/v2\/comments?post=107343"}],"version-history":[{"count":1,"href":"https:\/\/urbeamea.ro\/albaiulia\/wp-json\/wp\/v2\/posts\/107343\/revisions"}],"predecessor-version":[{"id":107347,"href":"https:\/\/urbeamea.ro\/albaiulia\/wp-json\/wp\/v2\/posts\/107343\/revisions\/107347"}],"wp:featuredmedia":[{"embeddable":true,"href":"https:\/\/urbeamea.ro\/albaiulia\/wp-json\/wp\/v2\/media\/107345"}],"wp:attachment":[{"href":"https:\/\/urbeamea.ro\/albaiulia\/wp-json\/wp\/v2\/media?parent=107343"}],"wp:term":[{"taxonomy":"category","embeddable":true,"href":"https:\/\/urbeamea.ro\/albaiulia\/wp-json\/wp\/v2\/categories?post=107343"},{"taxonomy":"post_tag","embeddable":true,"href":"https:\/\/urbeamea.ro\/albaiulia\/wp-json\/wp\/v2\/tags?post=107343"}],"curies":[{"name":"wp","href":"https:\/\/api.w.org\/{rel}","templated":true}]}}