{"id":107354,"date":"2023-04-27T09:30:58","date_gmt":"2023-04-27T06:30:58","guid":{"rendered":"https:\/\/urbeamea.ro\/albaiulia\/?p=107354"},"modified":"2023-04-27T09:31:00","modified_gmt":"2023-04-27T06:31:00","slug":"liceul-cu-program-sportiv-alba-iulia-se-pregateste-sa-gazduiasca-a-doua-editie-a-competitiei-de-baschet-cupa-nicusor-marcu-2023","status":"publish","type":"post","link":"https:\/\/urbeamea.ro\/albaiulia\/liceul-cu-program-sportiv-alba-iulia-se-pregateste-sa-gazduiasca-a-doua-editie-a-competitiei-de-baschet-cupa-nicusor-marcu-2023\/","title":{"rendered":"Liceul cu Program Sportiv Alba Iulia se preg\u0103te\u0219te s\u0103 g\u0103zduiasc\u0103 a doua edi\u021bie a competi\u021biei de baschet \u201eCupa Nicu\u0219or Marcu &#8211; 2023&#8243;. \u00a0"},"content":{"rendered":"\n<p>Evenimentul va avea loc \u00een Sala de Sport \u201eNicu\u0219or Marcu&#8221; \u0219i este dedicat memoriei fostului antrenor care a inspirat multe genera\u021bii de juc\u0103tori de baschet.&nbsp;<\/p>\n\n\n\n<p>Turneul ofer\u0103 oportunitate juc\u0103torilor s\u0103 se \u00eent\u00e2lneasc\u0103 \u0219i s\u0103 \u00eemp\u0103rt\u0103\u0219easc\u0103 pasiunea pentru acest sport \u0219i&nbsp;\u00een acela\u0219i timp s\u0103 onoreze memoria celui care a f\u0103cut posibil\u0103 apari\u021bia \u0219i dezvoltarea baschetului \u00een&nbsp;Alba Iulia, fostul antrenor Nicu\u0219or Marcu, care din p\u0103cate nu se mai afl\u0103 printre noi. &nbsp;<\/p>\n\n\n\n<p>Aproximativ 90 de juc\u0103toare de baschet U13 feminin, vor participa pe parcursul zilelor de 6 \u2013 7 mai&nbsp; la un eveniment sportiv \u0219i educativ \u00een acela\u0219i timp.&nbsp;<\/p>\n\n\n\n<p>Echipele de baschet feminin care intr\u0103 \u00een&nbsp;competi\u021bie anul acesta sunt:<\/p>\n\n\n\n<p>1. LPS Alba Iulia &nbsp;<\/p>\n\n\n\n<p>2. ACS Smart Basketball Team Cluj-Napoca &nbsp;<\/p>\n\n\n\n<p>3. ACS Premium Sibiu&nbsp;<\/p>\n\n\n\n<p>4. CSS Sibiu<\/p>\n\n\n\n<p>5. LAPI Dej&nbsp;<\/p>\n\n\n\n<p>6. CSTBv Olimpia Bra\u0219ov&nbsp;<\/p>\n\n\n\n<p>Pe data de 6 mai, se vor juca meciurile din cadrul grupelor, iar pe 7 mai, vor juca pentru stabilirea clasamentului.<\/p>\n\n\n\n<p>De asemenea juc\u0103toarele vor participa la un curs educativ pe parte de nutri\u021bie, sus\u021binut de unul din partenerii evenimentului: NUTRITIK PERFORMACE, dar \u0219i c\u00e2teva cuvinte despre ce \u00eenseamn\u0103 #CURAJUL, #LUPTA, #SPERAN\u021aA, acestea fiind sus\u021binute de un alt partener al evenimentului: ASOCIA\u021aIA LITTLE PEOPLE ROMANIA .<\/p>\n\n\n\n<p>Pe l\u00e2ng\u0103 acest curs educativ, sportivele vor primii vizita unor juc\u0103toare\/sportive de performan\u021b\u0103 &#8221; MEET THE PRO PLAYERS&#8221; &#8211; VINO LA CUP\u0102 S\u0102 \u00ceNTALNE\u0218TI PROFESIONI\u0218TII T\u0102I PREFERA\u021aI!<\/p>\n\n\n\n<p>FESTIVITATEA DE PREMIERE (7 mai, ora 16:00) &#8211; prezen\u021ba trupei de majorete a Liceului cu Program Sportiv Alba<\/p>\n\n\n\n<p>&#8211; un ~BEST FIVE~ al turneului &#8211; Cupe \u0219i medalii echipelor participante (oferite tot de PeakSport Romania) &nbsp;<\/p>\n\n\n\n<p>&#8211; Diplome (oferite de Direc\u021bia Jude\u021bean\u0103 pentru Sport Alba) &nbsp;<\/p>\n\n\n\n<p>Sportivele participante vor primii \u0219i alte premii din partea organizatorilor \u0219i sponsorilor &nbsp;<\/p>\n\n\n\n<p>JOCUL DEMONSTRATIV \u2013 fostele juc\u0103toare ale antrenorului, se \u00eentorc pe parchet ( 7 mai, ora 16:30). &nbsp;<\/p>\n\n\n\n<p>Multumim sponsorilor, pentru sprijinul \u0219i generozitatea lor!&nbsp;<\/p>\n\n\n\n<ul class=\"wp-block-list\">\n<li>&#8211; PIZZA ENJOY ALBA-IULIA&nbsp;<\/li>\n\n\n\n<li>&#8211; MRIRON&nbsp;<\/li>\n\n\n\n<li>&#8211; ZUZU&nbsp;<\/li>\n\n\n\n<li>&#8211; PEAK SPORT ROM\u00c2NIA&nbsp;<\/li>\n\n\n\n<li>&#8211; NUTRITIK PERFORMANCE&nbsp;<\/li>\n\n\n\n<li>&#8211; CTC STORE \u2013 CORA OFFICE SOLUTIONS&nbsp;<\/li>\n\n\n\n<li>&#8211; BULEVARD PRINT&nbsp; ARAD&nbsp;<\/li>\n\n\n\n<li>&#8211; ASOCIA\u021aA LITTLE PEOPLE ROM\u00c2NIA&nbsp;<\/li>\n\n\n\n<li>&#8211; DIREC\u021aIA JUDE\u021aEAN\u0102 DE SPORT ALBA&nbsp;<\/li>\n\n\n\n<li>&#8211; BENCHEA<\/li>\n\n\n\n<li>&#8211; HOTEL PRESTIGE ALBA IULIA&nbsp;<\/li>\n<\/ul>\n\n\n\n<p>Sportivele participante vor primii \u0219i alte premii din partea organizatorilor \u0219i sponsorilor.&nbsp;<\/p>\n\n\n\n<ul class=\"wp-block-list\">\n<li>Un turneu captivant&nbsp;<\/li>\n\n\n\n<li>Experien\u021be de neuitat pentru to\u021bi participan\u021bii&nbsp;<\/li>\n\n\n\n<li>Un format nou \u0219i mai captivant &nbsp;<\/li>\n\n\n\n<li>Ofer\u0103 oportunitate juc\u0103torilor s\u0103 se \u00eentalneasc\u0103, s\u0103 se \u00eentreac\u0103 \u0219i s\u0103 \u00eemp\u0103rt\u0103\u0219easc\u0103 pasiunea pentru acest sport minunat&nbsp;<\/li>\n\n\n\n<li>Premii atractive pentru public (giveaway online; tombol\u0103; concurs&nbsp;~3 point shot &amp; free throw~&nbsp;<\/li>\n\n\n\n<li>O atmosfer\u0103 plin\u0103 de energie \u0219i entuziasm (prezen\u021ba MC-ului C\u0103t\u0103lin Bogdan [ K2 ] \u0219i DJ R\u0103zvan&nbsp;<\/li>\n\n\n\n<li>Eveniment ce s\u0103rb\u0103tore\u0219te baschetul \u0219i onoreaz\u0103 memoria unui antrenor remarcabil\u00a0<\/li>\n<\/ul>\n\n\n\n<figure class=\"wp-block-image size-full\"><img loading=\"lazy\" decoding=\"async\" width=\"780\" height=\"980\" src=\"https:\/\/urbeamea.ro\/albaiulia\/wp-content\/uploads\/2023\/04\/WhatsApp-Image-2023-03-27-at-09.21.56.jpeg\" alt=\"\" class=\"wp-image-107355\" srcset=\"https:\/\/urbeamea.ro\/albaiulia\/wp-content\/uploads\/2023\/04\/WhatsApp-Image-2023-03-27-at-09.21.56.jpeg 780w, https:\/\/urbeamea.ro\/albaiulia\/wp-content\/uploads\/2023\/04\/WhatsApp-Image-2023-03-27-at-09.21.56-509x640.jpeg 509w, https:\/\/urbeamea.ro\/albaiulia\/wp-content\/uploads\/2023\/04\/WhatsApp-Image-2023-03-27-at-09.21.56-119x150.jpeg 119w, https:\/\/urbeamea.ro\/albaiulia\/wp-content\/uploads\/2023\/04\/WhatsApp-Image-2023-03-27-at-09.21.56-768x965.jpeg 768w\" sizes=\"auto, (max-width: 780px) 100vw, 780px\" \/><\/figure>\n","protected":false},"excerpt":{"rendered":"<p>Evenimentul va avea loc \u00een Sala de Sport \u201eNicu\u0219or Marcu&#8221; \u0219i este dedicat memoriei fostului antrenor care a inspirat multe genera\u021bii de juc\u0103tori de baschet.&nbsp; Turneul ofer\u0103 oportunitate juc\u0103torilor s\u0103 se \u00eent\u00e2lneasc\u0103 \u0219i s\u0103 \u00eemp\u0103rt\u0103\u0219easc\u0103 pasiunea pentru acest sport \u0219i&nbsp;\u00een acela\u0219i timp s\u0103 onoreze memoria celui care a f\u0103cut posibil\u0103 apari\u021bia \u0219i dezvoltarea baschetului \u00een&nbsp;Alba &hellip;<\/p>\n","protected":false},"author":16,"featured_media":107356,"comment_status":"open","ping_status":"open","sticky":false,"template":"","format":"standard","meta":{"inline_featured_image":false,"footnotes":""},"categories":[4],"tags":[19036],"class_list":["post-107354","post","type-post","status-publish","format-standard","has-post-thumbnail","hentry","category-eveniment","tag-liceul-cu-program-sportiv-alba-iulia"],"yoast_head":"<!-- This site is optimized with the Yoast SEO plugin v27.4 - https:\/\/yoast.com\/product\/yoast-seo-wordpress\/ -->\n<title>Liceul cu Program Sportiv Alba Iulia se preg\u0103te\u0219te s\u0103 g\u0103zduiasc\u0103 a doua edi\u021bie a competi\u021biei de baschet \u201eCupa Nicu\u0219or Marcu - 2023&quot;. \u00a0 - Revista Urbea Mea - Revista de Alba<\/title>\n<meta name=\"description\" content=\"Evenimentul va avea loc \u00een Sala de Sport \u201eNicu\u0219or Marcu&quot; \u0219i este dedicat memoriei fostului antrenor care a inspirat multe genera\u021bii de juc\u0103tori de\" \/>\n<meta name=\"robots\" content=\"index, follow, max-snippet:-1, max-image-preview:large, max-video-preview:-1\" \/>\n<link rel=\"canonical\" href=\"https:\/\/urbeamea.ro\/albaiulia\/liceul-cu-program-sportiv-alba-iulia-se-pregateste-sa-gazduiasca-a-doua-editie-a-competitiei-de-baschet-cupa-nicusor-marcu-2023\/\" \/>\n<meta name=\"twitter:card\" content=\"summary_large_image\" \/>\n<meta name=\"twitter:title\" content=\"Liceul cu Program Sportiv Alba Iulia se preg\u0103te\u0219te s\u0103 g\u0103zduiasc\u0103 a doua edi\u021bie a competi\u021biei de baschet \u201eCupa Nicu\u0219or Marcu - 2023&quot;. \u00a0 - Revista Urbea Mea - Revista de Alba\" \/>\n<meta name=\"twitter:description\" content=\"Evenimentul va avea loc \u00een Sala de Sport \u201eNicu\u0219or Marcu&quot; \u0219i este dedicat memoriei fostului antrenor care a inspirat multe genera\u021bii de juc\u0103tori de\" \/>\n<meta name=\"twitter:image\" content=\"https:\/\/urbeamea.ro\/albaiulia\/wp-content\/uploads\/2023\/04\/2.jpg\" \/>\n<meta name=\"twitter:creator\" content=\"@urbeameaweb\" \/>\n<meta name=\"twitter:site\" content=\"@urbeameaweb\" \/>\n<script type=\"application\/ld+json\" class=\"yoast-schema-graph\">{\"@context\":\"https:\\\/\\\/schema.org\",\"@graph\":[{\"@type\":\"Article\",\"@id\":\"https:\\\/\\\/urbeamea.ro\\\/albaiulia\\\/liceul-cu-program-sportiv-alba-iulia-se-pregateste-sa-gazduiasca-a-doua-editie-a-competitiei-de-baschet-cupa-nicusor-marcu-2023\\\/#article\",\"isPartOf\":{\"@id\":\"https:\\\/\\\/urbeamea.ro\\\/albaiulia\\\/liceul-cu-program-sportiv-alba-iulia-se-pregateste-sa-gazduiasca-a-doua-editie-a-competitiei-de-baschet-cupa-nicusor-marcu-2023\\\/\"},\"author\":{\"name\":\"Redac\u021bia UrbeaMea\",\"@id\":\"https:\\\/\\\/urbeamea.ro\\\/albaiulia\\\/#\\\/schema\\\/person\\\/272ae98052f8ee8980f59848df070247\"},\"headline\":\"Liceul cu Program Sportiv Alba Iulia se preg\u0103te\u0219te s\u0103 g\u0103zduiasc\u0103 a doua edi\u021bie a competi\u021biei de baschet \u201eCupa Nicu\u0219or Marcu &#8211; 2023&#8243;. \u00a0\",\"datePublished\":\"2023-04-27T06:30:58+00:00\",\"dateModified\":\"2023-04-27T06:31:00+00:00\",\"mainEntityOfPage\":{\"@id\":\"https:\\\/\\\/urbeamea.ro\\\/albaiulia\\\/liceul-cu-program-sportiv-alba-iulia-se-pregateste-sa-gazduiasca-a-doua-editie-a-competitiei-de-baschet-cupa-nicusor-marcu-2023\\\/\"},\"wordCount\":525,\"commentCount\":0,\"image\":{\"@id\":\"https:\\\/\\\/urbeamea.ro\\\/albaiulia\\\/liceul-cu-program-sportiv-alba-iulia-se-pregateste-sa-gazduiasca-a-doua-editie-a-competitiei-de-baschet-cupa-nicusor-marcu-2023\\\/#primaryimage\"},\"thumbnailUrl\":\"https:\\\/\\\/urbeamea.ro\\\/albaiulia\\\/wp-content\\\/uploads\\\/2023\\\/04\\\/2.jpg\",\"keywords\":[\"Liceul cu Program Sportiv Alba Iulia\"],\"articleSection\":[\"Evenimente\"],\"inLanguage\":\"ro-RO\",\"potentialAction\":[{\"@type\":\"CommentAction\",\"name\":\"Comment\",\"target\":[\"https:\\\/\\\/urbeamea.ro\\\/albaiulia\\\/liceul-cu-program-sportiv-alba-iulia-se-pregateste-sa-gazduiasca-a-doua-editie-a-competitiei-de-baschet-cupa-nicusor-marcu-2023\\\/#respond\"]}]},{\"@type\":\"WebPage\",\"@id\":\"https:\\\/\\\/urbeamea.ro\\\/albaiulia\\\/liceul-cu-program-sportiv-alba-iulia-se-pregateste-sa-gazduiasca-a-doua-editie-a-competitiei-de-baschet-cupa-nicusor-marcu-2023\\\/\",\"url\":\"https:\\\/\\\/urbeamea.ro\\\/albaiulia\\\/liceul-cu-program-sportiv-alba-iulia-se-pregateste-sa-gazduiasca-a-doua-editie-a-competitiei-de-baschet-cupa-nicusor-marcu-2023\\\/\",\"name\":\"Liceul cu Program Sportiv Alba Iulia se preg\u0103te\u0219te s\u0103 g\u0103zduiasc\u0103 a doua edi\u021bie a competi\u021biei de baschet \u201eCupa Nicu\u0219or Marcu - 2023\\\". \u00a0 - Revista Urbea Mea - Revista de Alba\",\"isPartOf\":{\"@id\":\"https:\\\/\\\/urbeamea.ro\\\/albaiulia\\\/#website\"},\"primaryImageOfPage\":{\"@id\":\"https:\\\/\\\/urbeamea.ro\\\/albaiulia\\\/liceul-cu-program-sportiv-alba-iulia-se-pregateste-sa-gazduiasca-a-doua-editie-a-competitiei-de-baschet-cupa-nicusor-marcu-2023\\\/#primaryimage\"},\"image\":{\"@id\":\"https:\\\/\\\/urbeamea.ro\\\/albaiulia\\\/liceul-cu-program-sportiv-alba-iulia-se-pregateste-sa-gazduiasca-a-doua-editie-a-competitiei-de-baschet-cupa-nicusor-marcu-2023\\\/#primaryimage\"},\"thumbnailUrl\":\"https:\\\/\\\/urbeamea.ro\\\/albaiulia\\\/wp-content\\\/uploads\\\/2023\\\/04\\\/2.jpg\",\"datePublished\":\"2023-04-27T06:30:58+00:00\",\"dateModified\":\"2023-04-27T06:31:00+00:00\",\"author\":{\"@id\":\"https:\\\/\\\/urbeamea.ro\\\/albaiulia\\\/#\\\/schema\\\/person\\\/272ae98052f8ee8980f59848df070247\"},\"description\":\"Evenimentul va avea loc \u00een Sala de Sport \u201eNicu\u0219or Marcu\\\" \u0219i este dedicat memoriei fostului antrenor care a inspirat multe genera\u021bii de juc\u0103tori de\",\"breadcrumb\":{\"@id\":\"https:\\\/\\\/urbeamea.ro\\\/albaiulia\\\/liceul-cu-program-sportiv-alba-iulia-se-pregateste-sa-gazduiasca-a-doua-editie-a-competitiei-de-baschet-cupa-nicusor-marcu-2023\\\/#breadcrumb\"},\"inLanguage\":\"ro-RO\",\"potentialAction\":[{\"@type\":\"ReadAction\",\"target\":[\"https:\\\/\\\/urbeamea.ro\\\/albaiulia\\\/liceul-cu-program-sportiv-alba-iulia-se-pregateste-sa-gazduiasca-a-doua-editie-a-competitiei-de-baschet-cupa-nicusor-marcu-2023\\\/\"]}]},{\"@type\":\"ImageObject\",\"inLanguage\":\"ro-RO\",\"@id\":\"https:\\\/\\\/urbeamea.ro\\\/albaiulia\\\/liceul-cu-program-sportiv-alba-iulia-se-pregateste-sa-gazduiasca-a-doua-editie-a-competitiei-de-baschet-cupa-nicusor-marcu-2023\\\/#primaryimage\",\"url\":\"https:\\\/\\\/urbeamea.ro\\\/albaiulia\\\/wp-content\\\/uploads\\\/2023\\\/04\\\/2.jpg\",\"contentUrl\":\"https:\\\/\\\/urbeamea.ro\\\/albaiulia\\\/wp-content\\\/uploads\\\/2023\\\/04\\\/2.jpg\",\"width\":1600,\"height\":608},{\"@type\":\"BreadcrumbList\",\"@id\":\"https:\\\/\\\/urbeamea.ro\\\/albaiulia\\\/liceul-cu-program-sportiv-alba-iulia-se-pregateste-sa-gazduiasca-a-doua-editie-a-competitiei-de-baschet-cupa-nicusor-marcu-2023\\\/#breadcrumb\",\"itemListElement\":[{\"@type\":\"ListItem\",\"position\":1,\"name\":\"Prima pagin\u0103\",\"item\":\"https:\\\/\\\/urbeamea.ro\\\/albaiulia\\\/\"},{\"@type\":\"ListItem\",\"position\":2,\"name\":\"Liceul cu Program Sportiv Alba Iulia se preg\u0103te\u0219te s\u0103 g\u0103zduiasc\u0103 a doua edi\u021bie a competi\u021biei de baschet \u201eCupa Nicu\u0219or Marcu &#8211; 2023&#8243;. \u00a0\"}]},{\"@type\":\"WebSite\",\"@id\":\"https:\\\/\\\/urbeamea.ro\\\/albaiulia\\\/#website\",\"url\":\"https:\\\/\\\/urbeamea.ro\\\/albaiulia\\\/\",\"name\":\"Revista Urbea Mea, Stiri urbane\",\"description\":\"Evenimente \u0219i \u0219tiri din Alba Iulia, Sebe\u0219, Aiud, Blaj\",\"potentialAction\":[{\"@type\":\"SearchAction\",\"target\":{\"@type\":\"EntryPoint\",\"urlTemplate\":\"https:\\\/\\\/urbeamea.ro\\\/albaiulia\\\/?s={search_term_string}\"},\"query-input\":{\"@type\":\"PropertyValueSpecification\",\"valueRequired\":true,\"valueName\":\"search_term_string\"}}],\"inLanguage\":\"ro-RO\"},{\"@type\":\"Person\",\"@id\":\"https:\\\/\\\/urbeamea.ro\\\/albaiulia\\\/#\\\/schema\\\/person\\\/272ae98052f8ee8980f59848df070247\",\"name\":\"Redac\u021bia UrbeaMea\",\"image\":{\"@type\":\"ImageObject\",\"inLanguage\":\"ro-RO\",\"@id\":\"https:\\\/\\\/secure.gravatar.com\\\/avatar\\\/9ce5a9435071fa1037e8468053ead8e513dbbff59009d3069aadb85506d85a27?s=96&d=mm&r=g\",\"url\":\"https:\\\/\\\/secure.gravatar.com\\\/avatar\\\/9ce5a9435071fa1037e8468053ead8e513dbbff59009d3069aadb85506d85a27?s=96&d=mm&r=g\",\"contentUrl\":\"https:\\\/\\\/secure.gravatar.com\\\/avatar\\\/9ce5a9435071fa1037e8468053ead8e513dbbff59009d3069aadb85506d85a27?s=96&d=mm&r=g\",\"caption\":\"Redac\u021bia UrbeaMea\"},\"description\":\"contact@urbeamea.ro\",\"sameAs\":[\"https:\\\/\\\/www.urbeamea.ro\"],\"url\":\"https:\\\/\\\/urbeamea.ro\\\/albaiulia\\\/author\\\/redactia-urbeamea\\\/\"}]}<\/script>\n<!-- \/ Yoast SEO plugin. -->","yoast_head_json":{"title":"Liceul cu Program Sportiv Alba Iulia se preg\u0103te\u0219te s\u0103 g\u0103zduiasc\u0103 a doua edi\u021bie a competi\u021biei de baschet \u201eCupa Nicu\u0219or Marcu - 2023\". \u00a0 - Revista Urbea Mea - Revista de Alba","description":"Evenimentul va avea loc \u00een Sala de Sport \u201eNicu\u0219or Marcu\" \u0219i este dedicat memoriei fostului antrenor care a inspirat multe genera\u021bii de juc\u0103tori de","robots":{"index":"index","follow":"follow","max-snippet":"max-snippet:-1","max-image-preview":"max-image-preview:large","max-video-preview":"max-video-preview:-1"},"canonical":"https:\/\/urbeamea.ro\/albaiulia\/liceul-cu-program-sportiv-alba-iulia-se-pregateste-sa-gazduiasca-a-doua-editie-a-competitiei-de-baschet-cupa-nicusor-marcu-2023\/","twitter_card":"summary_large_image","twitter_title":"Liceul cu Program Sportiv Alba Iulia se preg\u0103te\u0219te s\u0103 g\u0103zduiasc\u0103 a doua edi\u021bie a competi\u021biei de baschet \u201eCupa Nicu\u0219or Marcu - 2023\". \u00a0 - Revista Urbea Mea - Revista de Alba","twitter_description":"Evenimentul va avea loc \u00een Sala de Sport \u201eNicu\u0219or Marcu\" \u0219i este dedicat memoriei fostului antrenor care a inspirat multe genera\u021bii de juc\u0103tori de","twitter_image":"https:\/\/urbeamea.ro\/albaiulia\/wp-content\/uploads\/2023\/04\/2.jpg","twitter_creator":"@urbeameaweb","twitter_site":"@urbeameaweb","schema":{"@context":"https:\/\/schema.org","@graph":[{"@type":"Article","@id":"https:\/\/urbeamea.ro\/albaiulia\/liceul-cu-program-sportiv-alba-iulia-se-pregateste-sa-gazduiasca-a-doua-editie-a-competitiei-de-baschet-cupa-nicusor-marcu-2023\/#article","isPartOf":{"@id":"https:\/\/urbeamea.ro\/albaiulia\/liceul-cu-program-sportiv-alba-iulia-se-pregateste-sa-gazduiasca-a-doua-editie-a-competitiei-de-baschet-cupa-nicusor-marcu-2023\/"},"author":{"name":"Redac\u021bia UrbeaMea","@id":"https:\/\/urbeamea.ro\/albaiulia\/#\/schema\/person\/272ae98052f8ee8980f59848df070247"},"headline":"Liceul cu Program Sportiv Alba Iulia se preg\u0103te\u0219te s\u0103 g\u0103zduiasc\u0103 a doua edi\u021bie a competi\u021biei de baschet \u201eCupa Nicu\u0219or Marcu &#8211; 2023&#8243;. \u00a0","datePublished":"2023-04-27T06:30:58+00:00","dateModified":"2023-04-27T06:31:00+00:00","mainEntityOfPage":{"@id":"https:\/\/urbeamea.ro\/albaiulia\/liceul-cu-program-sportiv-alba-iulia-se-pregateste-sa-gazduiasca-a-doua-editie-a-competitiei-de-baschet-cupa-nicusor-marcu-2023\/"},"wordCount":525,"commentCount":0,"image":{"@id":"https:\/\/urbeamea.ro\/albaiulia\/liceul-cu-program-sportiv-alba-iulia-se-pregateste-sa-gazduiasca-a-doua-editie-a-competitiei-de-baschet-cupa-nicusor-marcu-2023\/#primaryimage"},"thumbnailUrl":"https:\/\/urbeamea.ro\/albaiulia\/wp-content\/uploads\/2023\/04\/2.jpg","keywords":["Liceul cu Program Sportiv Alba Iulia"],"articleSection":["Evenimente"],"inLanguage":"ro-RO","potentialAction":[{"@type":"CommentAction","name":"Comment","target":["https:\/\/urbeamea.ro\/albaiulia\/liceul-cu-program-sportiv-alba-iulia-se-pregateste-sa-gazduiasca-a-doua-editie-a-competitiei-de-baschet-cupa-nicusor-marcu-2023\/#respond"]}]},{"@type":"WebPage","@id":"https:\/\/urbeamea.ro\/albaiulia\/liceul-cu-program-sportiv-alba-iulia-se-pregateste-sa-gazduiasca-a-doua-editie-a-competitiei-de-baschet-cupa-nicusor-marcu-2023\/","url":"https:\/\/urbeamea.ro\/albaiulia\/liceul-cu-program-sportiv-alba-iulia-se-pregateste-sa-gazduiasca-a-doua-editie-a-competitiei-de-baschet-cupa-nicusor-marcu-2023\/","name":"Liceul cu Program Sportiv Alba Iulia se preg\u0103te\u0219te s\u0103 g\u0103zduiasc\u0103 a doua edi\u021bie a competi\u021biei de baschet \u201eCupa Nicu\u0219or Marcu - 2023\". \u00a0 - Revista Urbea Mea - Revista de Alba","isPartOf":{"@id":"https:\/\/urbeamea.ro\/albaiulia\/#website"},"primaryImageOfPage":{"@id":"https:\/\/urbeamea.ro\/albaiulia\/liceul-cu-program-sportiv-alba-iulia-se-pregateste-sa-gazduiasca-a-doua-editie-a-competitiei-de-baschet-cupa-nicusor-marcu-2023\/#primaryimage"},"image":{"@id":"https:\/\/urbeamea.ro\/albaiulia\/liceul-cu-program-sportiv-alba-iulia-se-pregateste-sa-gazduiasca-a-doua-editie-a-competitiei-de-baschet-cupa-nicusor-marcu-2023\/#primaryimage"},"thumbnailUrl":"https:\/\/urbeamea.ro\/albaiulia\/wp-content\/uploads\/2023\/04\/2.jpg","datePublished":"2023-04-27T06:30:58+00:00","dateModified":"2023-04-27T06:31:00+00:00","author":{"@id":"https:\/\/urbeamea.ro\/albaiulia\/#\/schema\/person\/272ae98052f8ee8980f59848df070247"},"description":"Evenimentul va avea loc \u00een Sala de Sport \u201eNicu\u0219or Marcu\" \u0219i este dedicat memoriei fostului antrenor care a inspirat multe genera\u021bii de juc\u0103tori de","breadcrumb":{"@id":"https:\/\/urbeamea.ro\/albaiulia\/liceul-cu-program-sportiv-alba-iulia-se-pregateste-sa-gazduiasca-a-doua-editie-a-competitiei-de-baschet-cupa-nicusor-marcu-2023\/#breadcrumb"},"inLanguage":"ro-RO","potentialAction":[{"@type":"ReadAction","target":["https:\/\/urbeamea.ro\/albaiulia\/liceul-cu-program-sportiv-alba-iulia-se-pregateste-sa-gazduiasca-a-doua-editie-a-competitiei-de-baschet-cupa-nicusor-marcu-2023\/"]}]},{"@type":"ImageObject","inLanguage":"ro-RO","@id":"https:\/\/urbeamea.ro\/albaiulia\/liceul-cu-program-sportiv-alba-iulia-se-pregateste-sa-gazduiasca-a-doua-editie-a-competitiei-de-baschet-cupa-nicusor-marcu-2023\/#primaryimage","url":"https:\/\/urbeamea.ro\/albaiulia\/wp-content\/uploads\/2023\/04\/2.jpg","contentUrl":"https:\/\/urbeamea.ro\/albaiulia\/wp-content\/uploads\/2023\/04\/2.jpg","width":1600,"height":608},{"@type":"BreadcrumbList","@id":"https:\/\/urbeamea.ro\/albaiulia\/liceul-cu-program-sportiv-alba-iulia-se-pregateste-sa-gazduiasca-a-doua-editie-a-competitiei-de-baschet-cupa-nicusor-marcu-2023\/#breadcrumb","itemListElement":[{"@type":"ListItem","position":1,"name":"Prima pagin\u0103","item":"https:\/\/urbeamea.ro\/albaiulia\/"},{"@type":"ListItem","position":2,"name":"Liceul cu Program Sportiv Alba Iulia se preg\u0103te\u0219te s\u0103 g\u0103zduiasc\u0103 a doua edi\u021bie a competi\u021biei de baschet \u201eCupa Nicu\u0219or Marcu &#8211; 2023&#8243;. \u00a0"}]},{"@type":"WebSite","@id":"https:\/\/urbeamea.ro\/albaiulia\/#website","url":"https:\/\/urbeamea.ro\/albaiulia\/","name":"Revista Urbea Mea, Stiri urbane","description":"Evenimente \u0219i \u0219tiri din Alba Iulia, Sebe\u0219, Aiud, Blaj","potentialAction":[{"@type":"SearchAction","target":{"@type":"EntryPoint","urlTemplate":"https:\/\/urbeamea.ro\/albaiulia\/?s={search_term_string}"},"query-input":{"@type":"PropertyValueSpecification","valueRequired":true,"valueName":"search_term_string"}}],"inLanguage":"ro-RO"},{"@type":"Person","@id":"https:\/\/urbeamea.ro\/albaiulia\/#\/schema\/person\/272ae98052f8ee8980f59848df070247","name":"Redac\u021bia UrbeaMea","image":{"@type":"ImageObject","inLanguage":"ro-RO","@id":"https:\/\/secure.gravatar.com\/avatar\/9ce5a9435071fa1037e8468053ead8e513dbbff59009d3069aadb85506d85a27?s=96&d=mm&r=g","url":"https:\/\/secure.gravatar.com\/avatar\/9ce5a9435071fa1037e8468053ead8e513dbbff59009d3069aadb85506d85a27?s=96&d=mm&r=g","contentUrl":"https:\/\/secure.gravatar.com\/avatar\/9ce5a9435071fa1037e8468053ead8e513dbbff59009d3069aadb85506d85a27?s=96&d=mm&r=g","caption":"Redac\u021bia UrbeaMea"},"description":"contact@urbeamea.ro","sameAs":["https:\/\/www.urbeamea.ro"],"url":"https:\/\/urbeamea.ro\/albaiulia\/author\/redactia-urbeamea\/"}]}},"_links":{"self":[{"href":"https:\/\/urbeamea.ro\/albaiulia\/wp-json\/wp\/v2\/posts\/107354","targetHints":{"allow":["GET"]}}],"collection":[{"href":"https:\/\/urbeamea.ro\/albaiulia\/wp-json\/wp\/v2\/posts"}],"about":[{"href":"https:\/\/urbeamea.ro\/albaiulia\/wp-json\/wp\/v2\/types\/post"}],"author":[{"embeddable":true,"href":"https:\/\/urbeamea.ro\/albaiulia\/wp-json\/wp\/v2\/users\/16"}],"replies":[{"embeddable":true,"href":"https:\/\/urbeamea.ro\/albaiulia\/wp-json\/wp\/v2\/comments?post=107354"}],"version-history":[{"count":1,"href":"https:\/\/urbeamea.ro\/albaiulia\/wp-json\/wp\/v2\/posts\/107354\/revisions"}],"predecessor-version":[{"id":107357,"href":"https:\/\/urbeamea.ro\/albaiulia\/wp-json\/wp\/v2\/posts\/107354\/revisions\/107357"}],"wp:featuredmedia":[{"embeddable":true,"href":"https:\/\/urbeamea.ro\/albaiulia\/wp-json\/wp\/v2\/media\/107356"}],"wp:attachment":[{"href":"https:\/\/urbeamea.ro\/albaiulia\/wp-json\/wp\/v2\/media?parent=107354"}],"wp:term":[{"taxonomy":"category","embeddable":true,"href":"https:\/\/urbeamea.ro\/albaiulia\/wp-json\/wp\/v2\/categories?post=107354"},{"taxonomy":"post_tag","embeddable":true,"href":"https:\/\/urbeamea.ro\/albaiulia\/wp-json\/wp\/v2\/tags?post=107354"}],"curies":[{"name":"wp","href":"https:\/\/api.w.org\/{rel}","templated":true}]}}