{"id":107365,"date":"2023-04-27T09:36:55","date_gmt":"2023-04-27T06:36:55","guid":{"rendered":"https:\/\/urbeamea.ro\/albaiulia\/?p=107365"},"modified":"2023-04-27T09:36:57","modified_gmt":"2023-04-27T06:36:57","slug":"adrian-cioroianu-daniel-david-si-daniel-nazare-conferentiarii-editiei-a-xiv-a-a-targului-de-carte-alba-transilvana","status":"publish","type":"post","link":"https:\/\/urbeamea.ro\/albaiulia\/adrian-cioroianu-daniel-david-si-daniel-nazare-conferentiarii-editiei-a-xiv-a-a-targului-de-carte-alba-transilvana\/","title":{"rendered":"Adrian Cioroianu, Daniel David \u0219i Daniel Nazare, conferen\u021biarii edi\u021biei a XIV-a a T\u00e2rgului de cArte Alba Transilvana"},"content":{"rendered":"\n<p>\u00cen perioada 5-7 mai 2023, Consiliul Jude\u021bean Alba \u0219i Biblioteca Jude\u021bean\u0103 \u201eLucian Blaga\u201d Alba, al\u0103turi de parteneri, v\u0103 invit\u0103 \u00een inima Cet\u0103\u021bii Alba Carolina, pe esplanada Muzeului Na\u021bional al Unirii din Alba Iulia, la cea de-a XIV-a edi\u021bie a T\u00e2rgului de cArte Alba Transilvana.<\/p>\n\n\n\n<p>A\u0219a cum v-am obi\u0219nuit deja, \u0219i anul aceasta aducem la Alba Iulia o seam\u0103 de personalit\u0103\u021bi culturale, speciali\u0219ti \u0219i arti\u0219ti, care vor sus\u021bine prezent\u0103ri \u0219i prelegeri, abord\u00e2nd o tematic\u0103 actual\u0103 \u0219i de interes.<\/p>\n\n\n\n<p>La categoria conferin\u021be, \u00een prima zi a t\u00e2rgului, vineri, 5 mai, ve\u021bi avea ocazia s\u0103-i \u00eent\u00e2lni\u021bi \u0219i s\u0103-i asculta\u021bi pe <strong>Adrian Cioroianu<\/strong> \u2013 managerul Bibliotecii Na\u021bionale a Rom\u00e2niei, care ne va vorbi despre <em>Dilemele \u0219i problemele patrimoniului na\u021bional <\/em>(ora 18.00, esplanada Muzeului Na\u021bional al Unirii)<em>,<\/em> \u0219i pe <strong>Daniel Nazare<\/strong> \u2013 managerul Bibliotecii Jude\u021bene \u201eGeorge Bari\u021biu\u201d din Bra\u0219ov, care ne va l\u0103muri cum a ajuns la concluzia c\u0103 <em>\u0218i canibalii se satur\u0103 de oameni <\/em>(ora 17.00, esplanada Muzeului Na\u021bional al Unirii).<\/p>\n\n\n\n<p>Duminic\u0103, 7 mai, \u00eencheie seria conferin\u021belor acestei edi\u021bii a T\u00e2rgului de cArte Alba Transilvana <strong>Daniel David,<\/strong> rectorul Universit\u0103\u021bii Babe\u0219-Bolyai din Cluj-Napoca, care va sus\u021bine prelegerea cu titlul <em>Despre psihologia rom\u00e2nilor \u00een educa\u021bie \u0219i tehnologie <\/em>(ora 18.00, esplanada Muzeului Na\u021bional al Unirii).<\/p>\n\n\n\n<p><strong>*Adrian Cioroianu<\/strong>: istoric, jurnalist, scriitor \u0219i om politic, a ocupat func\u021bia de Ministru al Afacerilor Externe, \u00eentre 2007 \u0219i 2008. Din 2012 p\u00e2n\u0103 \u00een 2015, a fost decanul Facult\u0103\u021bii de Istorie a Universit\u0103\u021bii Bucure\u0219ti, unde ast\u0103zi activeaz\u0103 ca profesor universitar. \u00cen anul 2021 a fost numit manager interimar al Bibliotecii Na\u021bionale a Rom\u00e2niei, iar \u00eencep\u00e2nd cu anul 2015 este delegat permanent al Rom\u00e2niei pe l\u00e2ng\u0103 UNESCO.<\/p>\n\n\n\n<p><strong>*Daniel David:<\/strong> este profesor universitar doctor \u0219i rector la Universitatea \u201eBabe\u0219\u2011Bolyai\u201d din Cluj\u2011Napoca, profesor asociat la Icahn School of Medicine at Mount Sinai, New York, \u0219i directorul pentru cercetare al Albert Ellis Institute, New York. Este directorul International Institute for the Advanced Study of Psychotherapy and Applied Mental Health, fiind cel mai citat psiholog din Rom\u00e2nia conform analizelor scientometrice (Web of Science\/Google Scholar). Profesorul Daniel David este cel care a introdus \u00een \u021bar\u0103 primele cursuri de psihologie pozitiv\u0103, \u00een cadrul \u0218colii clujene de psihologie clinic\u0103 \u0219i psihoterapie, fondat\u0103 de acesta la Universitatea \u201eBabe\u0219\u2011Bolyai\u201d.<\/p>\n\n\n\n<p>*<strong>Daniel Nazare<\/strong>: doctor \u00een istorie, iar \u00eencep\u00e2nd cu anul 2016 este managerul Bibliotecii Jude\u021bene \u201eGeorge Bari\u021biu\u201d din Bra\u0219ov. Un obi\u0219nuit al simpozioanelor de profil din \u021bar\u0103 \u0219i str\u0103in\u0103tate, a sus\u021binut \u0219i sus\u021bine numeroase conferin\u021be.<\/p>\n\n\n\n<p>Organizatorii T\u00e2rgului de cArte Alba Transilvana, edi\u021bia a XIV-a, sunt Consiliul Jude\u021bean Alba \u0219i Biblioteca Jude\u021bean\u0103 \u201eLucian Blaga\u201d Alba, al\u0103turi de partenerii: Prim\u0103ria Municipiului Alba Iulia, Muzeul Na\u021bional al Unirii Alba Iulia, Teatrul de P\u0103pu\u0219i \u201ePrichindel\u201d Alba Iulia, Filiala Alba-Hunedoara a Uniunii Scriitorilor din Rom\u00e2nia, Palatul Copiilor Alba Iulia, Colegiul Na\u021bional \u201eHorea, Clo\u0219ca \u0219i Cri\u0219an \u0219i cunoscutul Grup Skepsis.<\/p>\n\n\n\n<figure class=\"wp-block-image size-large\"><img loading=\"lazy\" decoding=\"async\" width=\"1024\" height=\"1280\" src=\"https:\/\/urbeamea.ro\/albaiulia\/wp-content\/uploads\/2023\/04\/Afis-de-imagine-pt-FACEBOOK-Targul-de-cArte-Alba-Transilvana-2023-1024x1280.jpg\" alt=\"\" class=\"wp-image-107344\" srcset=\"https:\/\/urbeamea.ro\/albaiulia\/wp-content\/uploads\/2023\/04\/Afis-de-imagine-pt-FACEBOOK-Targul-de-cArte-Alba-Transilvana-2023-1024x1280.jpg 1024w, https:\/\/urbeamea.ro\/albaiulia\/wp-content\/uploads\/2023\/04\/Afis-de-imagine-pt-FACEBOOK-Targul-de-cArte-Alba-Transilvana-2023-512x640.jpg 512w, https:\/\/urbeamea.ro\/albaiulia\/wp-content\/uploads\/2023\/04\/Afis-de-imagine-pt-FACEBOOK-Targul-de-cArte-Alba-Transilvana-2023-120x150.jpg 120w, https:\/\/urbeamea.ro\/albaiulia\/wp-content\/uploads\/2023\/04\/Afis-de-imagine-pt-FACEBOOK-Targul-de-cArte-Alba-Transilvana-2023-768x960.jpg 768w, https:\/\/urbeamea.ro\/albaiulia\/wp-content\/uploads\/2023\/04\/Afis-de-imagine-pt-FACEBOOK-Targul-de-cArte-Alba-Transilvana-2023.jpg 1080w\" sizes=\"auto, (max-width: 1024px) 100vw, 1024px\" \/><\/figure>\n\n\n\n<figure class=\"wp-block-image size-full\"><img loading=\"lazy\" decoding=\"async\" width=\"800\" height=\"1154\" src=\"https:\/\/urbeamea.ro\/albaiulia\/wp-content\/uploads\/2023\/04\/Afis-general-de-litera-WEB-2.jpg\" alt=\"\" class=\"wp-image-107366\" srcset=\"https:\/\/urbeamea.ro\/albaiulia\/wp-content\/uploads\/2023\/04\/Afis-general-de-litera-WEB-2.jpg 800w, https:\/\/urbeamea.ro\/albaiulia\/wp-content\/uploads\/2023\/04\/Afis-general-de-litera-WEB-2-444x640.jpg 444w, https:\/\/urbeamea.ro\/albaiulia\/wp-content\/uploads\/2023\/04\/Afis-general-de-litera-WEB-2-104x150.jpg 104w, https:\/\/urbeamea.ro\/albaiulia\/wp-content\/uploads\/2023\/04\/Afis-general-de-litera-WEB-2-768x1108.jpg 768w\" sizes=\"auto, (max-width: 800px) 100vw, 800px\" \/><\/figure>\n","protected":false},"excerpt":{"rendered":"<p>\u00cen perioada 5-7 mai 2023, Consiliul Jude\u021bean Alba \u0219i Biblioteca Jude\u021bean\u0103 \u201eLucian Blaga\u201d Alba, al\u0103turi de parteneri, v\u0103 invit\u0103 \u00een inima Cet\u0103\u021bii Alba Carolina, pe esplanada Muzeului Na\u021bional al Unirii din Alba Iulia, la cea de-a XIV-a edi\u021bie a T\u00e2rgului de cArte Alba Transilvana. A\u0219a cum v-am obi\u0219nuit deja, \u0219i anul aceasta aducem la Alba &hellip;<\/p>\n","protected":false},"author":16,"featured_media":107345,"comment_status":"open","ping_status":"open","sticky":false,"template":"","format":"standard","meta":{"inline_featured_image":false,"footnotes":""},"categories":[4],"tags":[5333],"class_list":["post-107365","post","type-post","status-publish","format-standard","has-post-thumbnail","hentry","category-eveniment","tag-targul-de-carte-alba-transilvana"],"yoast_head":"<!-- This site is optimized with the Yoast SEO plugin v27.4 - https:\/\/yoast.com\/product\/yoast-seo-wordpress\/ -->\n<title>Adrian Cioroianu, Daniel David \u0219i Daniel Nazare, conferen\u021biarii edi\u021biei a XIV-a a T\u00e2rgului de cArte Alba Transilvana - Revista Urbea Mea - Revista de Alba<\/title>\n<meta name=\"description\" content=\"\u00cen perioada 5-7 mai 2023, Consiliul Jude\u021bean Alba \u0219i Biblioteca Jude\u021bean\u0103 \u201eLucian Blaga\u201d Alba, al\u0103turi de parteneri, v\u0103 invit\u0103 \u00een inima Cet\u0103\u021bii Alba\" \/>\n<meta name=\"robots\" content=\"index, follow, max-snippet:-1, max-image-preview:large, max-video-preview:-1\" \/>\n<link rel=\"canonical\" href=\"https:\/\/urbeamea.ro\/albaiulia\/adrian-cioroianu-daniel-david-si-daniel-nazare-conferentiarii-editiei-a-xiv-a-a-targului-de-carte-alba-transilvana\/\" \/>\n<meta name=\"twitter:card\" content=\"summary_large_image\" \/>\n<meta name=\"twitter:title\" content=\"Adrian Cioroianu, Daniel David \u0219i Daniel Nazare, conferen\u021biarii edi\u021biei a XIV-a a T\u00e2rgului de cArte Alba Transilvana - Revista Urbea Mea - Revista de Alba\" \/>\n<meta name=\"twitter:description\" content=\"\u00cen perioada 5-7 mai 2023, Consiliul Jude\u021bean Alba \u0219i Biblioteca Jude\u021bean\u0103 \u201eLucian Blaga\u201d Alba, al\u0103turi de parteneri, v\u0103 invit\u0103 \u00een inima Cet\u0103\u021bii Alba\" \/>\n<meta name=\"twitter:image\" content=\"https:\/\/urbeamea.ro\/albaiulia\/wp-content\/uploads\/2023\/04\/Fara-titlu4.png\" \/>\n<meta name=\"twitter:creator\" content=\"@urbeameaweb\" \/>\n<meta name=\"twitter:site\" content=\"@urbeameaweb\" \/>\n<script type=\"application\/ld+json\" class=\"yoast-schema-graph\">{\"@context\":\"https:\\\/\\\/schema.org\",\"@graph\":[{\"@type\":\"Article\",\"@id\":\"https:\\\/\\\/urbeamea.ro\\\/albaiulia\\\/adrian-cioroianu-daniel-david-si-daniel-nazare-conferentiarii-editiei-a-xiv-a-a-targului-de-carte-alba-transilvana\\\/#article\",\"isPartOf\":{\"@id\":\"https:\\\/\\\/urbeamea.ro\\\/albaiulia\\\/adrian-cioroianu-daniel-david-si-daniel-nazare-conferentiarii-editiei-a-xiv-a-a-targului-de-carte-alba-transilvana\\\/\"},\"author\":{\"name\":\"Redac\u021bia UrbeaMea\",\"@id\":\"https:\\\/\\\/urbeamea.ro\\\/albaiulia\\\/#\\\/schema\\\/person\\\/272ae98052f8ee8980f59848df070247\"},\"headline\":\"Adrian Cioroianu, Daniel David \u0219i Daniel Nazare, conferen\u021biarii edi\u021biei a XIV-a a T\u00e2rgului de cArte Alba Transilvana\",\"datePublished\":\"2023-04-27T06:36:55+00:00\",\"dateModified\":\"2023-04-27T06:36:57+00:00\",\"mainEntityOfPage\":{\"@id\":\"https:\\\/\\\/urbeamea.ro\\\/albaiulia\\\/adrian-cioroianu-daniel-david-si-daniel-nazare-conferentiarii-editiei-a-xiv-a-a-targului-de-carte-alba-transilvana\\\/\"},\"wordCount\":535,\"commentCount\":0,\"image\":{\"@id\":\"https:\\\/\\\/urbeamea.ro\\\/albaiulia\\\/adrian-cioroianu-daniel-david-si-daniel-nazare-conferentiarii-editiei-a-xiv-a-a-targului-de-carte-alba-transilvana\\\/#primaryimage\"},\"thumbnailUrl\":\"https:\\\/\\\/urbeamea.ro\\\/albaiulia\\\/wp-content\\\/uploads\\\/2023\\\/04\\\/Fara-titlu4.png\",\"keywords\":[\"targul de carte alba transilvana\"],\"articleSection\":[\"Evenimente\"],\"inLanguage\":\"ro-RO\",\"potentialAction\":[{\"@type\":\"CommentAction\",\"name\":\"Comment\",\"target\":[\"https:\\\/\\\/urbeamea.ro\\\/albaiulia\\\/adrian-cioroianu-daniel-david-si-daniel-nazare-conferentiarii-editiei-a-xiv-a-a-targului-de-carte-alba-transilvana\\\/#respond\"]}]},{\"@type\":\"WebPage\",\"@id\":\"https:\\\/\\\/urbeamea.ro\\\/albaiulia\\\/adrian-cioroianu-daniel-david-si-daniel-nazare-conferentiarii-editiei-a-xiv-a-a-targului-de-carte-alba-transilvana\\\/\",\"url\":\"https:\\\/\\\/urbeamea.ro\\\/albaiulia\\\/adrian-cioroianu-daniel-david-si-daniel-nazare-conferentiarii-editiei-a-xiv-a-a-targului-de-carte-alba-transilvana\\\/\",\"name\":\"Adrian Cioroianu, Daniel David \u0219i Daniel Nazare, conferen\u021biarii edi\u021biei a XIV-a a T\u00e2rgului de cArte Alba Transilvana - Revista Urbea Mea - Revista de Alba\",\"isPartOf\":{\"@id\":\"https:\\\/\\\/urbeamea.ro\\\/albaiulia\\\/#website\"},\"primaryImageOfPage\":{\"@id\":\"https:\\\/\\\/urbeamea.ro\\\/albaiulia\\\/adrian-cioroianu-daniel-david-si-daniel-nazare-conferentiarii-editiei-a-xiv-a-a-targului-de-carte-alba-transilvana\\\/#primaryimage\"},\"image\":{\"@id\":\"https:\\\/\\\/urbeamea.ro\\\/albaiulia\\\/adrian-cioroianu-daniel-david-si-daniel-nazare-conferentiarii-editiei-a-xiv-a-a-targului-de-carte-alba-transilvana\\\/#primaryimage\"},\"thumbnailUrl\":\"https:\\\/\\\/urbeamea.ro\\\/albaiulia\\\/wp-content\\\/uploads\\\/2023\\\/04\\\/Fara-titlu4.png\",\"datePublished\":\"2023-04-27T06:36:55+00:00\",\"dateModified\":\"2023-04-27T06:36:57+00:00\",\"author\":{\"@id\":\"https:\\\/\\\/urbeamea.ro\\\/albaiulia\\\/#\\\/schema\\\/person\\\/272ae98052f8ee8980f59848df070247\"},\"description\":\"\u00cen perioada 5-7 mai 2023, Consiliul Jude\u021bean Alba \u0219i Biblioteca Jude\u021bean\u0103 \u201eLucian Blaga\u201d Alba, al\u0103turi de parteneri, v\u0103 invit\u0103 \u00een inima Cet\u0103\u021bii Alba\",\"breadcrumb\":{\"@id\":\"https:\\\/\\\/urbeamea.ro\\\/albaiulia\\\/adrian-cioroianu-daniel-david-si-daniel-nazare-conferentiarii-editiei-a-xiv-a-a-targului-de-carte-alba-transilvana\\\/#breadcrumb\"},\"inLanguage\":\"ro-RO\",\"potentialAction\":[{\"@type\":\"ReadAction\",\"target\":[\"https:\\\/\\\/urbeamea.ro\\\/albaiulia\\\/adrian-cioroianu-daniel-david-si-daniel-nazare-conferentiarii-editiei-a-xiv-a-a-targului-de-carte-alba-transilvana\\\/\"]}]},{\"@type\":\"ImageObject\",\"inLanguage\":\"ro-RO\",\"@id\":\"https:\\\/\\\/urbeamea.ro\\\/albaiulia\\\/adrian-cioroianu-daniel-david-si-daniel-nazare-conferentiarii-editiei-a-xiv-a-a-targului-de-carte-alba-transilvana\\\/#primaryimage\",\"url\":\"https:\\\/\\\/urbeamea.ro\\\/albaiulia\\\/wp-content\\\/uploads\\\/2023\\\/04\\\/Fara-titlu4.png\",\"contentUrl\":\"https:\\\/\\\/urbeamea.ro\\\/albaiulia\\\/wp-content\\\/uploads\\\/2023\\\/04\\\/Fara-titlu4.png\",\"width\":1053,\"height\":439},{\"@type\":\"BreadcrumbList\",\"@id\":\"https:\\\/\\\/urbeamea.ro\\\/albaiulia\\\/adrian-cioroianu-daniel-david-si-daniel-nazare-conferentiarii-editiei-a-xiv-a-a-targului-de-carte-alba-transilvana\\\/#breadcrumb\",\"itemListElement\":[{\"@type\":\"ListItem\",\"position\":1,\"name\":\"Prima pagin\u0103\",\"item\":\"https:\\\/\\\/urbeamea.ro\\\/albaiulia\\\/\"},{\"@type\":\"ListItem\",\"position\":2,\"name\":\"Adrian Cioroianu, Daniel David \u0219i Daniel Nazare, conferen\u021biarii edi\u021biei a XIV-a a T\u00e2rgului de cArte Alba Transilvana\"}]},{\"@type\":\"WebSite\",\"@id\":\"https:\\\/\\\/urbeamea.ro\\\/albaiulia\\\/#website\",\"url\":\"https:\\\/\\\/urbeamea.ro\\\/albaiulia\\\/\",\"name\":\"Revista Urbea Mea, Stiri urbane\",\"description\":\"Evenimente \u0219i \u0219tiri din Alba Iulia, Sebe\u0219, Aiud, Blaj\",\"potentialAction\":[{\"@type\":\"SearchAction\",\"target\":{\"@type\":\"EntryPoint\",\"urlTemplate\":\"https:\\\/\\\/urbeamea.ro\\\/albaiulia\\\/?s={search_term_string}\"},\"query-input\":{\"@type\":\"PropertyValueSpecification\",\"valueRequired\":true,\"valueName\":\"search_term_string\"}}],\"inLanguage\":\"ro-RO\"},{\"@type\":\"Person\",\"@id\":\"https:\\\/\\\/urbeamea.ro\\\/albaiulia\\\/#\\\/schema\\\/person\\\/272ae98052f8ee8980f59848df070247\",\"name\":\"Redac\u021bia UrbeaMea\",\"image\":{\"@type\":\"ImageObject\",\"inLanguage\":\"ro-RO\",\"@id\":\"https:\\\/\\\/secure.gravatar.com\\\/avatar\\\/9ce5a9435071fa1037e8468053ead8e513dbbff59009d3069aadb85506d85a27?s=96&d=mm&r=g\",\"url\":\"https:\\\/\\\/secure.gravatar.com\\\/avatar\\\/9ce5a9435071fa1037e8468053ead8e513dbbff59009d3069aadb85506d85a27?s=96&d=mm&r=g\",\"contentUrl\":\"https:\\\/\\\/secure.gravatar.com\\\/avatar\\\/9ce5a9435071fa1037e8468053ead8e513dbbff59009d3069aadb85506d85a27?s=96&d=mm&r=g\",\"caption\":\"Redac\u021bia UrbeaMea\"},\"description\":\"contact@urbeamea.ro\",\"sameAs\":[\"https:\\\/\\\/www.urbeamea.ro\"],\"url\":\"https:\\\/\\\/urbeamea.ro\\\/albaiulia\\\/author\\\/redactia-urbeamea\\\/\"}]}<\/script>\n<!-- \/ Yoast SEO plugin. -->","yoast_head_json":{"title":"Adrian Cioroianu, Daniel David \u0219i Daniel Nazare, conferen\u021biarii edi\u021biei a XIV-a a T\u00e2rgului de cArte Alba Transilvana - Revista Urbea Mea - Revista de Alba","description":"\u00cen perioada 5-7 mai 2023, Consiliul Jude\u021bean Alba \u0219i Biblioteca Jude\u021bean\u0103 \u201eLucian Blaga\u201d Alba, al\u0103turi de parteneri, v\u0103 invit\u0103 \u00een inima Cet\u0103\u021bii Alba","robots":{"index":"index","follow":"follow","max-snippet":"max-snippet:-1","max-image-preview":"max-image-preview:large","max-video-preview":"max-video-preview:-1"},"canonical":"https:\/\/urbeamea.ro\/albaiulia\/adrian-cioroianu-daniel-david-si-daniel-nazare-conferentiarii-editiei-a-xiv-a-a-targului-de-carte-alba-transilvana\/","twitter_card":"summary_large_image","twitter_title":"Adrian Cioroianu, Daniel David \u0219i Daniel Nazare, conferen\u021biarii edi\u021biei a XIV-a a T\u00e2rgului de cArte Alba Transilvana - Revista Urbea Mea - Revista de Alba","twitter_description":"\u00cen perioada 5-7 mai 2023, Consiliul Jude\u021bean Alba \u0219i Biblioteca Jude\u021bean\u0103 \u201eLucian Blaga\u201d Alba, al\u0103turi de parteneri, v\u0103 invit\u0103 \u00een inima Cet\u0103\u021bii Alba","twitter_image":"https:\/\/urbeamea.ro\/albaiulia\/wp-content\/uploads\/2023\/04\/Fara-titlu4.png","twitter_creator":"@urbeameaweb","twitter_site":"@urbeameaweb","schema":{"@context":"https:\/\/schema.org","@graph":[{"@type":"Article","@id":"https:\/\/urbeamea.ro\/albaiulia\/adrian-cioroianu-daniel-david-si-daniel-nazare-conferentiarii-editiei-a-xiv-a-a-targului-de-carte-alba-transilvana\/#article","isPartOf":{"@id":"https:\/\/urbeamea.ro\/albaiulia\/adrian-cioroianu-daniel-david-si-daniel-nazare-conferentiarii-editiei-a-xiv-a-a-targului-de-carte-alba-transilvana\/"},"author":{"name":"Redac\u021bia UrbeaMea","@id":"https:\/\/urbeamea.ro\/albaiulia\/#\/schema\/person\/272ae98052f8ee8980f59848df070247"},"headline":"Adrian Cioroianu, Daniel David \u0219i Daniel Nazare, conferen\u021biarii edi\u021biei a XIV-a a T\u00e2rgului de cArte Alba Transilvana","datePublished":"2023-04-27T06:36:55+00:00","dateModified":"2023-04-27T06:36:57+00:00","mainEntityOfPage":{"@id":"https:\/\/urbeamea.ro\/albaiulia\/adrian-cioroianu-daniel-david-si-daniel-nazare-conferentiarii-editiei-a-xiv-a-a-targului-de-carte-alba-transilvana\/"},"wordCount":535,"commentCount":0,"image":{"@id":"https:\/\/urbeamea.ro\/albaiulia\/adrian-cioroianu-daniel-david-si-daniel-nazare-conferentiarii-editiei-a-xiv-a-a-targului-de-carte-alba-transilvana\/#primaryimage"},"thumbnailUrl":"https:\/\/urbeamea.ro\/albaiulia\/wp-content\/uploads\/2023\/04\/Fara-titlu4.png","keywords":["targul de carte alba transilvana"],"articleSection":["Evenimente"],"inLanguage":"ro-RO","potentialAction":[{"@type":"CommentAction","name":"Comment","target":["https:\/\/urbeamea.ro\/albaiulia\/adrian-cioroianu-daniel-david-si-daniel-nazare-conferentiarii-editiei-a-xiv-a-a-targului-de-carte-alba-transilvana\/#respond"]}]},{"@type":"WebPage","@id":"https:\/\/urbeamea.ro\/albaiulia\/adrian-cioroianu-daniel-david-si-daniel-nazare-conferentiarii-editiei-a-xiv-a-a-targului-de-carte-alba-transilvana\/","url":"https:\/\/urbeamea.ro\/albaiulia\/adrian-cioroianu-daniel-david-si-daniel-nazare-conferentiarii-editiei-a-xiv-a-a-targului-de-carte-alba-transilvana\/","name":"Adrian Cioroianu, Daniel David \u0219i Daniel Nazare, conferen\u021biarii edi\u021biei a XIV-a a T\u00e2rgului de cArte Alba Transilvana - Revista Urbea Mea - Revista de Alba","isPartOf":{"@id":"https:\/\/urbeamea.ro\/albaiulia\/#website"},"primaryImageOfPage":{"@id":"https:\/\/urbeamea.ro\/albaiulia\/adrian-cioroianu-daniel-david-si-daniel-nazare-conferentiarii-editiei-a-xiv-a-a-targului-de-carte-alba-transilvana\/#primaryimage"},"image":{"@id":"https:\/\/urbeamea.ro\/albaiulia\/adrian-cioroianu-daniel-david-si-daniel-nazare-conferentiarii-editiei-a-xiv-a-a-targului-de-carte-alba-transilvana\/#primaryimage"},"thumbnailUrl":"https:\/\/urbeamea.ro\/albaiulia\/wp-content\/uploads\/2023\/04\/Fara-titlu4.png","datePublished":"2023-04-27T06:36:55+00:00","dateModified":"2023-04-27T06:36:57+00:00","author":{"@id":"https:\/\/urbeamea.ro\/albaiulia\/#\/schema\/person\/272ae98052f8ee8980f59848df070247"},"description":"\u00cen perioada 5-7 mai 2023, Consiliul Jude\u021bean Alba \u0219i Biblioteca Jude\u021bean\u0103 \u201eLucian Blaga\u201d Alba, al\u0103turi de parteneri, v\u0103 invit\u0103 \u00een inima Cet\u0103\u021bii Alba","breadcrumb":{"@id":"https:\/\/urbeamea.ro\/albaiulia\/adrian-cioroianu-daniel-david-si-daniel-nazare-conferentiarii-editiei-a-xiv-a-a-targului-de-carte-alba-transilvana\/#breadcrumb"},"inLanguage":"ro-RO","potentialAction":[{"@type":"ReadAction","target":["https:\/\/urbeamea.ro\/albaiulia\/adrian-cioroianu-daniel-david-si-daniel-nazare-conferentiarii-editiei-a-xiv-a-a-targului-de-carte-alba-transilvana\/"]}]},{"@type":"ImageObject","inLanguage":"ro-RO","@id":"https:\/\/urbeamea.ro\/albaiulia\/adrian-cioroianu-daniel-david-si-daniel-nazare-conferentiarii-editiei-a-xiv-a-a-targului-de-carte-alba-transilvana\/#primaryimage","url":"https:\/\/urbeamea.ro\/albaiulia\/wp-content\/uploads\/2023\/04\/Fara-titlu4.png","contentUrl":"https:\/\/urbeamea.ro\/albaiulia\/wp-content\/uploads\/2023\/04\/Fara-titlu4.png","width":1053,"height":439},{"@type":"BreadcrumbList","@id":"https:\/\/urbeamea.ro\/albaiulia\/adrian-cioroianu-daniel-david-si-daniel-nazare-conferentiarii-editiei-a-xiv-a-a-targului-de-carte-alba-transilvana\/#breadcrumb","itemListElement":[{"@type":"ListItem","position":1,"name":"Prima pagin\u0103","item":"https:\/\/urbeamea.ro\/albaiulia\/"},{"@type":"ListItem","position":2,"name":"Adrian Cioroianu, Daniel David \u0219i Daniel Nazare, conferen\u021biarii edi\u021biei a XIV-a a T\u00e2rgului de cArte Alba Transilvana"}]},{"@type":"WebSite","@id":"https:\/\/urbeamea.ro\/albaiulia\/#website","url":"https:\/\/urbeamea.ro\/albaiulia\/","name":"Revista Urbea Mea, Stiri urbane","description":"Evenimente \u0219i \u0219tiri din Alba Iulia, Sebe\u0219, Aiud, Blaj","potentialAction":[{"@type":"SearchAction","target":{"@type":"EntryPoint","urlTemplate":"https:\/\/urbeamea.ro\/albaiulia\/?s={search_term_string}"},"query-input":{"@type":"PropertyValueSpecification","valueRequired":true,"valueName":"search_term_string"}}],"inLanguage":"ro-RO"},{"@type":"Person","@id":"https:\/\/urbeamea.ro\/albaiulia\/#\/schema\/person\/272ae98052f8ee8980f59848df070247","name":"Redac\u021bia UrbeaMea","image":{"@type":"ImageObject","inLanguage":"ro-RO","@id":"https:\/\/secure.gravatar.com\/avatar\/9ce5a9435071fa1037e8468053ead8e513dbbff59009d3069aadb85506d85a27?s=96&d=mm&r=g","url":"https:\/\/secure.gravatar.com\/avatar\/9ce5a9435071fa1037e8468053ead8e513dbbff59009d3069aadb85506d85a27?s=96&d=mm&r=g","contentUrl":"https:\/\/secure.gravatar.com\/avatar\/9ce5a9435071fa1037e8468053ead8e513dbbff59009d3069aadb85506d85a27?s=96&d=mm&r=g","caption":"Redac\u021bia UrbeaMea"},"description":"contact@urbeamea.ro","sameAs":["https:\/\/www.urbeamea.ro"],"url":"https:\/\/urbeamea.ro\/albaiulia\/author\/redactia-urbeamea\/"}]}},"_links":{"self":[{"href":"https:\/\/urbeamea.ro\/albaiulia\/wp-json\/wp\/v2\/posts\/107365","targetHints":{"allow":["GET"]}}],"collection":[{"href":"https:\/\/urbeamea.ro\/albaiulia\/wp-json\/wp\/v2\/posts"}],"about":[{"href":"https:\/\/urbeamea.ro\/albaiulia\/wp-json\/wp\/v2\/types\/post"}],"author":[{"embeddable":true,"href":"https:\/\/urbeamea.ro\/albaiulia\/wp-json\/wp\/v2\/users\/16"}],"replies":[{"embeddable":true,"href":"https:\/\/urbeamea.ro\/albaiulia\/wp-json\/wp\/v2\/comments?post=107365"}],"version-history":[{"count":1,"href":"https:\/\/urbeamea.ro\/albaiulia\/wp-json\/wp\/v2\/posts\/107365\/revisions"}],"predecessor-version":[{"id":107367,"href":"https:\/\/urbeamea.ro\/albaiulia\/wp-json\/wp\/v2\/posts\/107365\/revisions\/107367"}],"wp:featuredmedia":[{"embeddable":true,"href":"https:\/\/urbeamea.ro\/albaiulia\/wp-json\/wp\/v2\/media\/107345"}],"wp:attachment":[{"href":"https:\/\/urbeamea.ro\/albaiulia\/wp-json\/wp\/v2\/media?parent=107365"}],"wp:term":[{"taxonomy":"category","embeddable":true,"href":"https:\/\/urbeamea.ro\/albaiulia\/wp-json\/wp\/v2\/categories?post=107365"},{"taxonomy":"post_tag","embeddable":true,"href":"https:\/\/urbeamea.ro\/albaiulia\/wp-json\/wp\/v2\/tags?post=107365"}],"curies":[{"name":"wp","href":"https:\/\/api.w.org\/{rel}","templated":true}]}}