{"id":107370,"date":"2023-04-27T09:46:22","date_gmt":"2023-04-27T06:46:22","guid":{"rendered":"https:\/\/urbeamea.ro\/albaiulia\/?p=107370"},"modified":"2023-04-27T09:46:35","modified_gmt":"2023-04-27T06:46:35","slug":"campanie-de-mediu-pentru-colectarea-deseurilor-de-echipamente-electrice-si-electronice-3","status":"publish","type":"post","link":"https:\/\/urbeamea.ro\/albaiulia\/campanie-de-mediu-pentru-colectarea-deseurilor-de-echipamente-electrice-si-electronice-3\/","title":{"rendered":"Campanie de mediu pentru colectarea de\u0219eurilor de echipamente electrice \u0219i electronice"},"content":{"rendered":"\n<h2 class=\"wp-block-heading\">Sebe\u0219ul colecteaz\u0103 responsabil!<\/h2>\n\n\n\n<p>Prim\u0103ria Municipiului Sebe\u015f informeaz\u0103 cet\u0103\u0163enii c\u0103 \u00een data de 29 aprilie 2023, la Sebe\u0219, se deruleaz\u0103 o nou\u0103 campanie de con\u015ftientizare \u015fi educare a popula\u0163iei cu privire la de\u015feurile de echipamente electrice \u015fi electronice (DEEE), care include \u015fi colectarea acestora de la popula\u0163ie.<\/p>\n\n\n\n<p>Campania se desf\u0103\u0219oar\u0103 pe raza Municipiului Sebe\u0219 \u0219i \u00een localit\u0103\u021bile apar\u021bin\u0103toare (Lancr\u0103m, Petre\u0219ti, R\u0103h\u0103u). Pentru ridicarea de acas\u0103 a de\u0219eurilor, cet\u0103\u021benii pot apela num\u0103rul de telefon 0755-406406 sau completa formularul online <a href=\"https:\/\/l.facebook.com\/l.php?u=http%3A%2F%2Froecollect.ro%2Fsolicita-ridicare-deee%3Ffbclid%3DIwAR1ObCOdiyvfKWlOmxOcb69HQnO1yvNR-pyesHGsSF97wM6uYrtiXWsFym0&amp;h=AT2SmQgCOrULyh0xyP7Uqt1LVVGLh6HOQbXIOG0l1nv4PrBC96_HWQCo-4An8LKw6tORiIvn_4XzdnOkWJAzIbkqLPOIyjhhDpr8-yV_3Z_YI_LmA57AbfMEGMsaCD-5DTM5&amp;__tn__=-UK-R&amp;c%5b0%5d=AT1jeWAKNuzg9ZvYOz734LT8pY9mAAWXuLuM5tqvWpUW6lker4eZao5k9BMBR8QLUaIsF_4YUU3eW7J0Xkffv1FOixwSqX2Y6PzK_TnLNLRz2CQ9-z_ErT92By7LAV4mwQkkq-qb0IVdseWU4TcYonx0H3Ng_S9W1h8ySQoMp9Py4MQ\" target=\"_blank\" rel=\"noreferrer noopener\">roecollect.ro\/solicita-ridicare-deee<\/a>.<\/p>\n\n\n\n<p>Ce \u00eenseamn\u0103 DEEE?<\/p>\n\n\n\n<p>Orice aparat electric, electronic sau electrocasnic, baterii portabile, corpuri de iluminat, care nu mai sunt utilizate, de\u0219euri de echipamente electrice \u0219i electrocasnice care trebuie reciclate.<\/p>\n\n\n\n<p>Serviciul se adreseaz\u0103 at\u00e2t gospod\u0103riilor individuale, c\u00e2t \u0219i institu\u021biilor \u0219i firmelor private. Pentru firme\/institu\u021bii se pune la dispozi\u021bie \u00eentreaga documenta\u021bie necesar\u0103 cas\u0103rii\/scoaterii din gestiune \u0219i raport\u0103rii c\u0103tre autoritatea na\u021bional\u0103 responsabil\u0103 de protec\u021bia mediului.<\/p>\n\n\n\n<p>Astfel de campanii sunt organizate lunar, \u00een ultima s\u00e2mb\u0103t\u0103 din lun\u0103.<\/p>\n","protected":false},"excerpt":{"rendered":"<p>Sebe\u0219ul colecteaz\u0103 responsabil! Prim\u0103ria Municipiului Sebe\u015f informeaz\u0103 cet\u0103\u0163enii c\u0103 \u00een data de 29 aprilie 2023, la Sebe\u0219, se deruleaz\u0103 o nou\u0103 campanie de con\u015ftientizare \u015fi educare a popula\u0163iei cu privire la de\u015feurile de echipamente electrice \u015fi electronice (DEEE), care include \u015fi colectarea acestora de la popula\u0163ie. Campania se desf\u0103\u0219oar\u0103 pe raza Municipiului Sebe\u0219 \u0219i \u00een &hellip;<\/p>\n","protected":false},"author":16,"featured_media":107371,"comment_status":"open","ping_status":"open","sticky":false,"template":"","format":"standard","meta":{"inline_featured_image":false,"footnotes":""},"categories":[1],"tags":[9129,17300],"class_list":["post-107370","post","type-post","status-publish","format-standard","has-post-thumbnail","hentry","category-stiri-urbane","tag-colectare-deseuri","tag-municipiul-sebes"],"yoast_head":"<!-- This site is optimized with the Yoast SEO plugin v27.4 - https:\/\/yoast.com\/product\/yoast-seo-wordpress\/ -->\n<title>Campanie de mediu pentru colectarea de\u0219eurilor de echipamente electrice \u0219i electronice - Revista Urbea Mea - Revista de Alba<\/title>\n<meta name=\"description\" content=\"Sebe\u0219ul colecteaz\u0103 responsabil! Prim\u0103ria Municipiului Sebe\u015f informeaz\u0103 cet\u0103\u0163enii c\u0103 \u00een data de 29 aprilie 2023, la Sebe\u0219, se deruleaz\u0103 o nou\u0103 campanie de\" \/>\n<meta name=\"robots\" content=\"index, follow, max-snippet:-1, max-image-preview:large, max-video-preview:-1\" \/>\n<link rel=\"canonical\" href=\"https:\/\/urbeamea.ro\/albaiulia\/campanie-de-mediu-pentru-colectarea-deseurilor-de-echipamente-electrice-si-electronice-3\/\" \/>\n<meta name=\"twitter:card\" content=\"summary_large_image\" \/>\n<meta name=\"twitter:title\" content=\"Campanie de mediu pentru colectarea de\u0219eurilor de echipamente electrice \u0219i electronice - Revista Urbea Mea - Revista de Alba\" \/>\n<meta name=\"twitter:description\" content=\"Sebe\u0219ul colecteaz\u0103 responsabil! Prim\u0103ria Municipiului Sebe\u015f informeaz\u0103 cet\u0103\u0163enii c\u0103 \u00een data de 29 aprilie 2023, la Sebe\u0219, se deruleaz\u0103 o nou\u0103 campanie de\" \/>\n<meta name=\"twitter:image\" content=\"https:\/\/urbeamea.ro\/albaiulia\/wp-content\/uploads\/2023\/04\/sebes_29aprilie.png\" \/>\n<meta name=\"twitter:creator\" content=\"@urbeameaweb\" \/>\n<meta name=\"twitter:site\" content=\"@urbeameaweb\" \/>\n<script type=\"application\/ld+json\" class=\"yoast-schema-graph\">{\"@context\":\"https:\\\/\\\/schema.org\",\"@graph\":[{\"@type\":\"Article\",\"@id\":\"https:\\\/\\\/urbeamea.ro\\\/albaiulia\\\/campanie-de-mediu-pentru-colectarea-deseurilor-de-echipamente-electrice-si-electronice-3\\\/#article\",\"isPartOf\":{\"@id\":\"https:\\\/\\\/urbeamea.ro\\\/albaiulia\\\/campanie-de-mediu-pentru-colectarea-deseurilor-de-echipamente-electrice-si-electronice-3\\\/\"},\"author\":{\"name\":\"Redac\u021bia UrbeaMea\",\"@id\":\"https:\\\/\\\/urbeamea.ro\\\/albaiulia\\\/#\\\/schema\\\/person\\\/272ae98052f8ee8980f59848df070247\"},\"headline\":\"Campanie de mediu pentru colectarea de\u0219eurilor de echipamente electrice \u0219i electronice\",\"datePublished\":\"2023-04-27T06:46:22+00:00\",\"dateModified\":\"2023-04-27T06:46:35+00:00\",\"mainEntityOfPage\":{\"@id\":\"https:\\\/\\\/urbeamea.ro\\\/albaiulia\\\/campanie-de-mediu-pentru-colectarea-deseurilor-de-echipamente-electrice-si-electronice-3\\\/\"},\"wordCount\":197,\"commentCount\":0,\"image\":{\"@id\":\"https:\\\/\\\/urbeamea.ro\\\/albaiulia\\\/campanie-de-mediu-pentru-colectarea-deseurilor-de-echipamente-electrice-si-electronice-3\\\/#primaryimage\"},\"thumbnailUrl\":\"https:\\\/\\\/urbeamea.ro\\\/albaiulia\\\/wp-content\\\/uploads\\\/2023\\\/04\\\/sebes_29aprilie.png\",\"keywords\":[\"colectare deseuri\",\"municipiul sebes\"],\"articleSection\":[\"\u015etiri Urbane\"],\"inLanguage\":\"ro-RO\",\"potentialAction\":[{\"@type\":\"CommentAction\",\"name\":\"Comment\",\"target\":[\"https:\\\/\\\/urbeamea.ro\\\/albaiulia\\\/campanie-de-mediu-pentru-colectarea-deseurilor-de-echipamente-electrice-si-electronice-3\\\/#respond\"]}]},{\"@type\":\"WebPage\",\"@id\":\"https:\\\/\\\/urbeamea.ro\\\/albaiulia\\\/campanie-de-mediu-pentru-colectarea-deseurilor-de-echipamente-electrice-si-electronice-3\\\/\",\"url\":\"https:\\\/\\\/urbeamea.ro\\\/albaiulia\\\/campanie-de-mediu-pentru-colectarea-deseurilor-de-echipamente-electrice-si-electronice-3\\\/\",\"name\":\"Campanie de mediu pentru colectarea de\u0219eurilor de echipamente electrice \u0219i electronice - Revista Urbea Mea - Revista de Alba\",\"isPartOf\":{\"@id\":\"https:\\\/\\\/urbeamea.ro\\\/albaiulia\\\/#website\"},\"primaryImageOfPage\":{\"@id\":\"https:\\\/\\\/urbeamea.ro\\\/albaiulia\\\/campanie-de-mediu-pentru-colectarea-deseurilor-de-echipamente-electrice-si-electronice-3\\\/#primaryimage\"},\"image\":{\"@id\":\"https:\\\/\\\/urbeamea.ro\\\/albaiulia\\\/campanie-de-mediu-pentru-colectarea-deseurilor-de-echipamente-electrice-si-electronice-3\\\/#primaryimage\"},\"thumbnailUrl\":\"https:\\\/\\\/urbeamea.ro\\\/albaiulia\\\/wp-content\\\/uploads\\\/2023\\\/04\\\/sebes_29aprilie.png\",\"datePublished\":\"2023-04-27T06:46:22+00:00\",\"dateModified\":\"2023-04-27T06:46:35+00:00\",\"author\":{\"@id\":\"https:\\\/\\\/urbeamea.ro\\\/albaiulia\\\/#\\\/schema\\\/person\\\/272ae98052f8ee8980f59848df070247\"},\"description\":\"Sebe\u0219ul colecteaz\u0103 responsabil! Prim\u0103ria Municipiului Sebe\u015f informeaz\u0103 cet\u0103\u0163enii c\u0103 \u00een data de 29 aprilie 2023, la Sebe\u0219, se deruleaz\u0103 o nou\u0103 campanie de\",\"breadcrumb\":{\"@id\":\"https:\\\/\\\/urbeamea.ro\\\/albaiulia\\\/campanie-de-mediu-pentru-colectarea-deseurilor-de-echipamente-electrice-si-electronice-3\\\/#breadcrumb\"},\"inLanguage\":\"ro-RO\",\"potentialAction\":[{\"@type\":\"ReadAction\",\"target\":[\"https:\\\/\\\/urbeamea.ro\\\/albaiulia\\\/campanie-de-mediu-pentru-colectarea-deseurilor-de-echipamente-electrice-si-electronice-3\\\/\"]}]},{\"@type\":\"ImageObject\",\"inLanguage\":\"ro-RO\",\"@id\":\"https:\\\/\\\/urbeamea.ro\\\/albaiulia\\\/campanie-de-mediu-pentru-colectarea-deseurilor-de-echipamente-electrice-si-electronice-3\\\/#primaryimage\",\"url\":\"https:\\\/\\\/urbeamea.ro\\\/albaiulia\\\/wp-content\\\/uploads\\\/2023\\\/04\\\/sebes_29aprilie.png\",\"contentUrl\":\"https:\\\/\\\/urbeamea.ro\\\/albaiulia\\\/wp-content\\\/uploads\\\/2023\\\/04\\\/sebes_29aprilie.png\",\"width\":1280,\"height\":720},{\"@type\":\"BreadcrumbList\",\"@id\":\"https:\\\/\\\/urbeamea.ro\\\/albaiulia\\\/campanie-de-mediu-pentru-colectarea-deseurilor-de-echipamente-electrice-si-electronice-3\\\/#breadcrumb\",\"itemListElement\":[{\"@type\":\"ListItem\",\"position\":1,\"name\":\"Prima pagin\u0103\",\"item\":\"https:\\\/\\\/urbeamea.ro\\\/albaiulia\\\/\"},{\"@type\":\"ListItem\",\"position\":2,\"name\":\"Campanie de mediu pentru colectarea de\u0219eurilor de echipamente electrice \u0219i electronice\"}]},{\"@type\":\"WebSite\",\"@id\":\"https:\\\/\\\/urbeamea.ro\\\/albaiulia\\\/#website\",\"url\":\"https:\\\/\\\/urbeamea.ro\\\/albaiulia\\\/\",\"name\":\"Revista Urbea Mea, Stiri urbane\",\"description\":\"Evenimente \u0219i \u0219tiri din Alba Iulia, Sebe\u0219, Aiud, Blaj\",\"potentialAction\":[{\"@type\":\"SearchAction\",\"target\":{\"@type\":\"EntryPoint\",\"urlTemplate\":\"https:\\\/\\\/urbeamea.ro\\\/albaiulia\\\/?s={search_term_string}\"},\"query-input\":{\"@type\":\"PropertyValueSpecification\",\"valueRequired\":true,\"valueName\":\"search_term_string\"}}],\"inLanguage\":\"ro-RO\"},{\"@type\":\"Person\",\"@id\":\"https:\\\/\\\/urbeamea.ro\\\/albaiulia\\\/#\\\/schema\\\/person\\\/272ae98052f8ee8980f59848df070247\",\"name\":\"Redac\u021bia UrbeaMea\",\"image\":{\"@type\":\"ImageObject\",\"inLanguage\":\"ro-RO\",\"@id\":\"https:\\\/\\\/secure.gravatar.com\\\/avatar\\\/9ce5a9435071fa1037e8468053ead8e513dbbff59009d3069aadb85506d85a27?s=96&d=mm&r=g\",\"url\":\"https:\\\/\\\/secure.gravatar.com\\\/avatar\\\/9ce5a9435071fa1037e8468053ead8e513dbbff59009d3069aadb85506d85a27?s=96&d=mm&r=g\",\"contentUrl\":\"https:\\\/\\\/secure.gravatar.com\\\/avatar\\\/9ce5a9435071fa1037e8468053ead8e513dbbff59009d3069aadb85506d85a27?s=96&d=mm&r=g\",\"caption\":\"Redac\u021bia UrbeaMea\"},\"description\":\"contact@urbeamea.ro\",\"sameAs\":[\"https:\\\/\\\/www.urbeamea.ro\"],\"url\":\"https:\\\/\\\/urbeamea.ro\\\/albaiulia\\\/author\\\/redactia-urbeamea\\\/\"}]}<\/script>\n<!-- \/ Yoast SEO plugin. -->","yoast_head_json":{"title":"Campanie de mediu pentru colectarea de\u0219eurilor de echipamente electrice \u0219i electronice - Revista Urbea Mea - Revista de Alba","description":"Sebe\u0219ul colecteaz\u0103 responsabil! Prim\u0103ria Municipiului Sebe\u015f informeaz\u0103 cet\u0103\u0163enii c\u0103 \u00een data de 29 aprilie 2023, la Sebe\u0219, se deruleaz\u0103 o nou\u0103 campanie de","robots":{"index":"index","follow":"follow","max-snippet":"max-snippet:-1","max-image-preview":"max-image-preview:large","max-video-preview":"max-video-preview:-1"},"canonical":"https:\/\/urbeamea.ro\/albaiulia\/campanie-de-mediu-pentru-colectarea-deseurilor-de-echipamente-electrice-si-electronice-3\/","twitter_card":"summary_large_image","twitter_title":"Campanie de mediu pentru colectarea de\u0219eurilor de echipamente electrice \u0219i electronice - Revista Urbea Mea - Revista de Alba","twitter_description":"Sebe\u0219ul colecteaz\u0103 responsabil! Prim\u0103ria Municipiului Sebe\u015f informeaz\u0103 cet\u0103\u0163enii c\u0103 \u00een data de 29 aprilie 2023, la Sebe\u0219, se deruleaz\u0103 o nou\u0103 campanie de","twitter_image":"https:\/\/urbeamea.ro\/albaiulia\/wp-content\/uploads\/2023\/04\/sebes_29aprilie.png","twitter_creator":"@urbeameaweb","twitter_site":"@urbeameaweb","schema":{"@context":"https:\/\/schema.org","@graph":[{"@type":"Article","@id":"https:\/\/urbeamea.ro\/albaiulia\/campanie-de-mediu-pentru-colectarea-deseurilor-de-echipamente-electrice-si-electronice-3\/#article","isPartOf":{"@id":"https:\/\/urbeamea.ro\/albaiulia\/campanie-de-mediu-pentru-colectarea-deseurilor-de-echipamente-electrice-si-electronice-3\/"},"author":{"name":"Redac\u021bia UrbeaMea","@id":"https:\/\/urbeamea.ro\/albaiulia\/#\/schema\/person\/272ae98052f8ee8980f59848df070247"},"headline":"Campanie de mediu pentru colectarea de\u0219eurilor de echipamente electrice \u0219i electronice","datePublished":"2023-04-27T06:46:22+00:00","dateModified":"2023-04-27T06:46:35+00:00","mainEntityOfPage":{"@id":"https:\/\/urbeamea.ro\/albaiulia\/campanie-de-mediu-pentru-colectarea-deseurilor-de-echipamente-electrice-si-electronice-3\/"},"wordCount":197,"commentCount":0,"image":{"@id":"https:\/\/urbeamea.ro\/albaiulia\/campanie-de-mediu-pentru-colectarea-deseurilor-de-echipamente-electrice-si-electronice-3\/#primaryimage"},"thumbnailUrl":"https:\/\/urbeamea.ro\/albaiulia\/wp-content\/uploads\/2023\/04\/sebes_29aprilie.png","keywords":["colectare deseuri","municipiul sebes"],"articleSection":["\u015etiri Urbane"],"inLanguage":"ro-RO","potentialAction":[{"@type":"CommentAction","name":"Comment","target":["https:\/\/urbeamea.ro\/albaiulia\/campanie-de-mediu-pentru-colectarea-deseurilor-de-echipamente-electrice-si-electronice-3\/#respond"]}]},{"@type":"WebPage","@id":"https:\/\/urbeamea.ro\/albaiulia\/campanie-de-mediu-pentru-colectarea-deseurilor-de-echipamente-electrice-si-electronice-3\/","url":"https:\/\/urbeamea.ro\/albaiulia\/campanie-de-mediu-pentru-colectarea-deseurilor-de-echipamente-electrice-si-electronice-3\/","name":"Campanie de mediu pentru colectarea de\u0219eurilor de echipamente electrice \u0219i electronice - Revista Urbea Mea - Revista de Alba","isPartOf":{"@id":"https:\/\/urbeamea.ro\/albaiulia\/#website"},"primaryImageOfPage":{"@id":"https:\/\/urbeamea.ro\/albaiulia\/campanie-de-mediu-pentru-colectarea-deseurilor-de-echipamente-electrice-si-electronice-3\/#primaryimage"},"image":{"@id":"https:\/\/urbeamea.ro\/albaiulia\/campanie-de-mediu-pentru-colectarea-deseurilor-de-echipamente-electrice-si-electronice-3\/#primaryimage"},"thumbnailUrl":"https:\/\/urbeamea.ro\/albaiulia\/wp-content\/uploads\/2023\/04\/sebes_29aprilie.png","datePublished":"2023-04-27T06:46:22+00:00","dateModified":"2023-04-27T06:46:35+00:00","author":{"@id":"https:\/\/urbeamea.ro\/albaiulia\/#\/schema\/person\/272ae98052f8ee8980f59848df070247"},"description":"Sebe\u0219ul colecteaz\u0103 responsabil! Prim\u0103ria Municipiului Sebe\u015f informeaz\u0103 cet\u0103\u0163enii c\u0103 \u00een data de 29 aprilie 2023, la Sebe\u0219, se deruleaz\u0103 o nou\u0103 campanie de","breadcrumb":{"@id":"https:\/\/urbeamea.ro\/albaiulia\/campanie-de-mediu-pentru-colectarea-deseurilor-de-echipamente-electrice-si-electronice-3\/#breadcrumb"},"inLanguage":"ro-RO","potentialAction":[{"@type":"ReadAction","target":["https:\/\/urbeamea.ro\/albaiulia\/campanie-de-mediu-pentru-colectarea-deseurilor-de-echipamente-electrice-si-electronice-3\/"]}]},{"@type":"ImageObject","inLanguage":"ro-RO","@id":"https:\/\/urbeamea.ro\/albaiulia\/campanie-de-mediu-pentru-colectarea-deseurilor-de-echipamente-electrice-si-electronice-3\/#primaryimage","url":"https:\/\/urbeamea.ro\/albaiulia\/wp-content\/uploads\/2023\/04\/sebes_29aprilie.png","contentUrl":"https:\/\/urbeamea.ro\/albaiulia\/wp-content\/uploads\/2023\/04\/sebes_29aprilie.png","width":1280,"height":720},{"@type":"BreadcrumbList","@id":"https:\/\/urbeamea.ro\/albaiulia\/campanie-de-mediu-pentru-colectarea-deseurilor-de-echipamente-electrice-si-electronice-3\/#breadcrumb","itemListElement":[{"@type":"ListItem","position":1,"name":"Prima pagin\u0103","item":"https:\/\/urbeamea.ro\/albaiulia\/"},{"@type":"ListItem","position":2,"name":"Campanie de mediu pentru colectarea de\u0219eurilor de echipamente electrice \u0219i electronice"}]},{"@type":"WebSite","@id":"https:\/\/urbeamea.ro\/albaiulia\/#website","url":"https:\/\/urbeamea.ro\/albaiulia\/","name":"Revista Urbea Mea, Stiri urbane","description":"Evenimente \u0219i \u0219tiri din Alba Iulia, Sebe\u0219, Aiud, Blaj","potentialAction":[{"@type":"SearchAction","target":{"@type":"EntryPoint","urlTemplate":"https:\/\/urbeamea.ro\/albaiulia\/?s={search_term_string}"},"query-input":{"@type":"PropertyValueSpecification","valueRequired":true,"valueName":"search_term_string"}}],"inLanguage":"ro-RO"},{"@type":"Person","@id":"https:\/\/urbeamea.ro\/albaiulia\/#\/schema\/person\/272ae98052f8ee8980f59848df070247","name":"Redac\u021bia UrbeaMea","image":{"@type":"ImageObject","inLanguage":"ro-RO","@id":"https:\/\/secure.gravatar.com\/avatar\/9ce5a9435071fa1037e8468053ead8e513dbbff59009d3069aadb85506d85a27?s=96&d=mm&r=g","url":"https:\/\/secure.gravatar.com\/avatar\/9ce5a9435071fa1037e8468053ead8e513dbbff59009d3069aadb85506d85a27?s=96&d=mm&r=g","contentUrl":"https:\/\/secure.gravatar.com\/avatar\/9ce5a9435071fa1037e8468053ead8e513dbbff59009d3069aadb85506d85a27?s=96&d=mm&r=g","caption":"Redac\u021bia UrbeaMea"},"description":"contact@urbeamea.ro","sameAs":["https:\/\/www.urbeamea.ro"],"url":"https:\/\/urbeamea.ro\/albaiulia\/author\/redactia-urbeamea\/"}]}},"_links":{"self":[{"href":"https:\/\/urbeamea.ro\/albaiulia\/wp-json\/wp\/v2\/posts\/107370","targetHints":{"allow":["GET"]}}],"collection":[{"href":"https:\/\/urbeamea.ro\/albaiulia\/wp-json\/wp\/v2\/posts"}],"about":[{"href":"https:\/\/urbeamea.ro\/albaiulia\/wp-json\/wp\/v2\/types\/post"}],"author":[{"embeddable":true,"href":"https:\/\/urbeamea.ro\/albaiulia\/wp-json\/wp\/v2\/users\/16"}],"replies":[{"embeddable":true,"href":"https:\/\/urbeamea.ro\/albaiulia\/wp-json\/wp\/v2\/comments?post=107370"}],"version-history":[{"count":2,"href":"https:\/\/urbeamea.ro\/albaiulia\/wp-json\/wp\/v2\/posts\/107370\/revisions"}],"predecessor-version":[{"id":107373,"href":"https:\/\/urbeamea.ro\/albaiulia\/wp-json\/wp\/v2\/posts\/107370\/revisions\/107373"}],"wp:featuredmedia":[{"embeddable":true,"href":"https:\/\/urbeamea.ro\/albaiulia\/wp-json\/wp\/v2\/media\/107371"}],"wp:attachment":[{"href":"https:\/\/urbeamea.ro\/albaiulia\/wp-json\/wp\/v2\/media?parent=107370"}],"wp:term":[{"taxonomy":"category","embeddable":true,"href":"https:\/\/urbeamea.ro\/albaiulia\/wp-json\/wp\/v2\/categories?post=107370"},{"taxonomy":"post_tag","embeddable":true,"href":"https:\/\/urbeamea.ro\/albaiulia\/wp-json\/wp\/v2\/tags?post=107370"}],"curies":[{"name":"wp","href":"https:\/\/api.w.org\/{rel}","templated":true}]}}