{"id":107490,"date":"2023-05-08T11:00:00","date_gmt":"2023-05-08T08:00:00","guid":{"rendered":"https:\/\/urbeamea.ro\/albaiulia\/?p=107490"},"modified":"2023-05-09T00:15:21","modified_gmt":"2023-05-08T21:15:21","slug":"interviu-de-14-ani-nelutu-si-anca-farcasiu-se-ocupa-cu-succes-de-afacerea-prin-care-cea-mai-sanatoasa-carne-cea-de-strut-ajunge-tot-mai-des-si-pe-mesele-romanilor","status":"publish","type":"post","link":"https:\/\/urbeamea.ro\/albaiulia\/interviu-de-14-ani-nelutu-si-anca-farcasiu-se-ocupa-cu-succes-de-afacerea-prin-care-cea-mai-sanatoasa-carne-cea-de-strut-ajunge-tot-mai-des-si-pe-mesele-romanilor\/","title":{"rendered":"INTERVIU: De 14 ani, Nelu\u021bu \u0219i Anca Farca\u0219iu se ocup\u0103 cu succes de afacerea prin care cea mai s\u0103n\u0103toas\u0103 carne, cea de stru\u021b, ajunge tot mai des \u0219i pe mesele rom\u00e2nilor"},"content":{"rendered":"\n<h3 class=\"wp-block-heading\"><strong>La Ograda cu stru\u021bi din Sebe\u0219, cea mai mare ferm\u0103 de profil din Rom\u00e2nia, cei peste 100 de stru\u021bii o duc at\u00e2t de bine, \u00eenc\u00e2t au timp \u0219i de amante!<\/strong><\/h3>\n\n\n\n<p>Zilele trecute am aflat cea mai tare chestie despre stru\u021b! Individu` e foarte tare, pe l\u00e2ng\u0103 nevast\u0103, \u021bine, \u00een bun\u0103 pace \u0219i conlucrare, \u0219i una, dou\u0103 amante! Nu agreeaz\u0103 s\u0103 te uiti prea lung la niciuna, \u0219i imediat se \u00eenfoaie la tine, te distrage cl\u0103mp\u0103nind din cioc, dup\u0103 care \u00ee\u021bi articuleaz\u0103 una cu ce nu te a\u0219tep\u021bi, cu oricare dintre picioarele lui puternice, echipate cu un deget cu ghear\u0103 lung\u0103 \u0219i ascu\u021bit\u0103. Brr..<\/p>\n\n\n\n<p>\u0218i dac\u0103 tot am intrat \u00een familia stru\u021bului, direct la intimit\u0103\u021bi, tot din cas\u0103 dau c\u00e2nd v\u0103 spun c\u0103 el, domnul, face cu picioarele un soi de gaur\u0103, un cuibar, pentru ca doamnele din via\u021ba lui s\u0103 aib\u0103 unde s\u0103-\u0219i depun\u0103 oul. Ou care este produs mereu \u00een acela\u0219i interval orar, undeva \u00eentre 16:00 \u0219i 18:00. Cum, necum, ele \u00ee\u0219i aliniaz\u0103 ciclul acesta de ouat \u00een a\u0219a fel \u00eenc\u00e2t s\u0103 le apuce \u00een aceea\u0219i zi! \u0218i cum intervalul este scurt, e un fel de care pe care. Dac\u0103 vine una dintre \u021biitoarea prima \u0219i nu termin\u0103 \u00een timp util, stru\u021bul o alung\u0103, ca s\u0103-i lase cuibarul nevestei \u201eoficiale\u201d. \u0218i, de\u0219i are creierul mai mic dec\u00e2t globul ocular, \u021bine el cumva minte care e \u00eent\u00e2iul n\u0103scut, pardon, ouat, a\u0219a \u00eenc\u00e2t, c\u00e2nd au terminat fetele treaba, se duce \u0103sta micu` \u0219i aranjeaz\u0103 ou\u0103le, fain frumos: ale nevestei \u00een mijloc, ale amantelor, pe margini. Dac\u0103 vine vreun pr\u0103d\u0103tor, s\u0103 nu apuce la viitorii copii pur s\u00e2nge.<\/p>\n\n\n\n<p>Picanteriile acestea le-am aflat nu cu ocazie vreunei excursii prin Africa, oric\u00e2t de binemeritat\u0103, ci la 16 kilometri de Alba Iulia, \u00een Sebe\u0219, unde se afl\u0103, aten\u021bie, <strong>cea mai mare ferm\u0103 de stru\u021bi din Rom\u00e2nia, singura care are \u0219i abator, \u0219i fabric\u0103 de furaje! <\/strong>Dac\u0103 n-a\u021bi ghicit deja, am fost la <strong>\u201e<em>Ograda cu stru\u021bi\u201d<\/em><\/strong>, o afacere \u00eenceput\u0103 acum 14 ani de Ioan Marius Farca\u0219iu (Nelu\u021bu, cum \u00eei spun familia \u0219i prietenii) cu sprijinul concret \u0219i constant al so\u021biei, Anca. Omul recunoa\u0219te c\u0103, f\u0103r\u0103 ea, ideile care i-au dat \u0219i \u00eei dau \u00een continuare aripi l-ar fi \u00een\u0103l\u021bat la o distan\u021b\u0103 numai bun\u0103 de c\u0103zut \u0219i f\u0103cut zob. Dragostea, respectul \u0219i echilibrul dintre ei a f\u0103cut ca, \u00eempreun\u0103, s\u0103 fie echipa ideal\u0103. Nu e de mirare c\u0103, odat\u0103 cu afacerea a crescut \u0219i familia, feti\u021bele lor fiind deja iscusite mici fermiere, de mare ajutor p\u0103rin\u021bilor.&nbsp;<\/p>\n\n\n\n<figure class=\"wp-block-image size-large\"><img loading=\"lazy\" decoding=\"async\" width=\"1024\" height=\"1280\" src=\"https:\/\/urbeamea.ro\/albaiulia\/wp-content\/uploads\/2023\/05\/nelu-2-1024x1280.jpg\" alt=\"\" class=\"wp-image-107499\" srcset=\"https:\/\/urbeamea.ro\/albaiulia\/wp-content\/uploads\/2023\/05\/nelu-2-1024x1280.jpg 1024w, https:\/\/urbeamea.ro\/albaiulia\/wp-content\/uploads\/2023\/05\/nelu-2-512x640.jpg 512w, https:\/\/urbeamea.ro\/albaiulia\/wp-content\/uploads\/2023\/05\/nelu-2-120x150.jpg 120w, https:\/\/urbeamea.ro\/albaiulia\/wp-content\/uploads\/2023\/05\/nelu-2-768x960.jpg 768w, https:\/\/urbeamea.ro\/albaiulia\/wp-content\/uploads\/2023\/05\/nelu-2-1229x1536.jpg 1229w, https:\/\/urbeamea.ro\/albaiulia\/wp-content\/uploads\/2023\/05\/nelu-2.jpg 1440w\" sizes=\"auto, (max-width: 1024px) 100vw, 1024px\" \/><figcaption class=\"wp-element-caption\">Nelu\u021bu \u0219i Anca Farca\u0219iu<\/figcaption><\/figure>\n\n\n\n<p>Ce am c\u0103utat la Ograda cu stru\u021bi? P\u0103i, m-am dus s\u0103 v\u0103d p\u0103s\u0103rile astea spectaculoase, cele mai mari de pe P\u0103m\u00e2nt, care ajung \u0219i la 170 de kilograme, \u0219i s\u0103 aflu povestea acestor oameni direct de la ei, f\u0103r\u0103 filtrul numeroaselor televiziuni \u0219i publica\u021bii care i-au avut p\u00e2n\u0103 acum ca subiect.<\/p>\n\n\n\n<figure class=\"wp-block-image size-full\"><img loading=\"lazy\" decoding=\"async\" width=\"960\" height=\"958\" src=\"https:\/\/urbeamea.ro\/albaiulia\/wp-content\/uploads\/2023\/05\/nelu-1.jpg\" alt=\"\" class=\"wp-image-107496\" srcset=\"https:\/\/urbeamea.ro\/albaiulia\/wp-content\/uploads\/2023\/05\/nelu-1.jpg 960w, https:\/\/urbeamea.ro\/albaiulia\/wp-content\/uploads\/2023\/05\/nelu-1-640x640.jpg 640w, https:\/\/urbeamea.ro\/albaiulia\/wp-content\/uploads\/2023\/05\/nelu-1-150x150.jpg 150w, https:\/\/urbeamea.ro\/albaiulia\/wp-content\/uploads\/2023\/05\/nelu-1-768x766.jpg 768w\" sizes=\"auto, (max-width: 960px) 100vw, 960px\" \/><\/figure>\n\n\n\n<p>Totul a \u00eenceput cu un g\u00e2nd, g\u00e2ndul de a face ceva! \u00cen 200 de metri p\u0103tra\u021bi, \u00een curtea mamei, respectiv a soacrei, au crescut prima pereche de stru\u021bi. \u00cen 2011 au cump\u0103rat teren \u0219i s-au extins, iar ast\u0103zi au grij\u0103, \u00eempreun\u0103 cu al\u021bi 4 angaja\u021bi, de 150 de stru\u021bi reproduc\u0103tori, iar ferma se \u00eentinde pe 7 hectare de teren. Fabrica de furaje au deschis-o dup\u0103 c\u00e2\u021biva ani, pentru a fi cat mai autonomi \u0219i din dorin\u021ba de a-\u0219i ajuta clien\u021bii, s\u0103 nu le mai moar\u0103 stru\u021bii, s\u0103 aib\u0103 hrana adecvat\u0103, calitativ\u0103, care s\u0103 asigure un randament bun pentru reproducere. \u0218i dac\u0103 au f\u0103cut furaje pentru stru\u021bi, au f\u0103cut \u0219i pentru vaci, pentru g\u0103ini \u0219i alte animale, clientela r\u0103m\u00e2n\u00e2nd fidel\u0103. \u0218i cum s\u0103 nu r\u0103m\u00e2n\u0103, dac\u0103 \u00een loc de 10 litri de lapte au scos 28, de la acela\u0219i animal, schimb\u00e2nd meniul. Se pare c\u0103, p\u00e2n\u0103 la urm\u0103, \u0219tiu ei nutri\u021bioni\u0219tii ceva c\u00e2nd spun c\u0103 totul st\u0103 \u00een alimenta\u021bie!<\/p>\n\n\n\n<p>Din 2017 \u0219i-au deschis \u0219i abator, singurul din Rom\u00e2nia, iar de atunci, tone de carne de stru\u021b au ie\u0219it, uneori \u0219i s\u0103pt\u0103m\u00e2nal, pe por\u021bile fermei. \u00cen total, cu abatorul \u0219i fabrica de furaje au 15 angaja\u021bi. Ce am mai povestit cu Nelu\u021bu \u0219i Anca Farca\u0219iu, despre stru\u021bi \u0219i afacerea asta \u00eenc\u0103 inedit\u0103 pentru rom\u00e2nul de r\u00e2nd, afla\u021bi mai jos!<\/p>\n\n\n\n<p><strong>Urbea Mea: Cum s-au adaptat aceste p\u0103s\u0103ri africane la clima din Rom\u00e2nia \u0219i care este regimul lor de via\u021b\u0103 \u00een Orada cu stru\u021bi?<\/strong><\/p>\n\n\n\n<p><strong>Anca Farca\u0219iu:<\/strong><em> P\u0103s\u0103rile acestea s-au adaptat incredibil de bine la clima noastr\u0103. Mai mult, temuta grip\u0103 aviar\u0103, care decimeaz\u0103 efective \u00eentregi \u00een Africa, aici nu \u00eei afecteaz\u0103. Nu fac viroze, nu fac limb\u0103 albastr\u0103. Noi, din precau\u021bie, i-am \u00eenscris \u00eentr-un program na\u021bional de monitorizare pentru gripa aviar\u0103, facem studii \u0219i pe aceast\u0103 parte, dar p\u00e2n\u0103 acum, \u00een 14 ani, nu am avut nicio problem\u0103 cu ei. Le facem un singur vaccin, pentru pseudo pest\u0103, \u00een perioada de iarn\u0103, c\u00e2nd nu ou\u0103.<\/em><\/p>\n\n\n\n<p><em>Pentru s\u0103n\u0103tatea stru\u021bului conteaz\u0103 foarte mult at\u00e2t ce m\u0103n\u00e2nc\u0103, c\u00e2t \u0219i condi\u021biile de trai. La noi \u00een ograd\u0103, toat\u0103 lumea zburd\u0103 \u00een semi libertate \u0219i m\u0103n\u00e2nc\u0103 furaje produse de noi. Au spa\u021biu suficient, tr\u0103iesc \u00een aer liber, \u0219i ne str\u0103duim s\u0103-i deranj\u0103m c\u00e2t mai pu\u021bin. P\u00e2n\u0103 \u0219i ou\u0103le sunt recoltate cu \u201eho\u021boaica\u201d.<\/em><\/p>\n\n\n\n<p><em>Totu\u0219i, pentru c\u0103 sunt foarte curio\u0219i, nu sunt deranja\u021bi de vizitatori, at\u00e2ta timp c\u00e2t nu le este \u00eenc\u0103lcat perimetrul. Primim \u00een timpul anului vizite \u0219i de la \u0219coli. Vin copila\u0219ii s\u0103 vad\u0103 stru\u021bii, ou\u0103le, cum ies puii. Cei mai curajo\u0219i \u00eei iau \u0219i \u00een bra\u021be. Iar asemenea gest, \u00een sala de cre\u0219tere, este imediat remarcat de restul puilor, care vin \u00een graba mare, s\u0103 fie \u0219i ei lua\u021bi \u0219i dr\u0103g\u0103li\u021bi.<\/em><\/p>\n\n\n\n<p><strong>Nelu\u021bu Farca\u0219iu:<\/strong><em> V\u0103 aminti\u021bi reclama la vitaminele acelea celebre, \u00een care Gabi Szabo fuge pe str\u0103zile capitalei cu un stru\u021b? Exemplarul acela alearg\u0103 acum la noi \u00een ferm\u0103.<\/em> <em>De altfel, noi avem familii \u0219i de 12 ani, iar durata medie de via\u021b\u0103 a unui exemplar este de 60 de ani!<\/em><\/p>\n\n\n\n<p><em>Pentru abatorizare cump\u0103r\u0103m circa 1.000 de exemplare pe an, dar nu t\u0103iem dintr-ai no\u0219tri. Nu din familiile noastre gata formate!<\/em><\/p>\n\n\n\n<p><em>Practic, la Sebe\u0219 se taie to\u021bi stru\u021bii din Rom\u00e2nia, nemaiexist\u00e2nd alt abator, vin clien\u021bi \u0219i din Bulgaria \u0219i Ungaria, strict pentru sacrificare.<\/em><\/p>\n\n\n\n<figure class=\"wp-block-video\"><video height=\"2160\" style=\"aspect-ratio: 3840 \/ 2160;\" width=\"3840\" controls src=\"https:\/\/urbeamea.ro\/albaiulia\/wp-content\/uploads\/2023\/05\/despre-ograda-cu-struti.mp4\"><\/video><\/figure>\n\n\n\n<p><strong>Urbea Mea: C\u00e2t de complicat este s\u0103 cre\u0219ti stru\u021bi \u0219i cum se face c\u0103 nu avem mai mul\u021bi cresc\u0103tori pe plan local \u0219i na\u021bional?<\/strong><\/p>\n\n\n\n<p><strong>Nelu\u021bu Farca\u0219iu:<\/strong><em> De\u0219i nu sunt p\u0103s\u0103ri preten\u021bioase, fiind alerg\u0103toare, \u0219i dat\u0103 fiind dimensiunea lor, au nevoie de spa\u021bii foarte mari de desf\u0103\u0219urare. Nu toat\u0103 lumea are asemenea spa\u021biu la dispozi\u021bie, apoi trebuie s\u0103 \u0219tii ce s\u0103 le dai de m\u00e2ncare, \u0219i s\u0103 nu faci rabat la calitatea furajelor. Noi le d\u0103m amestecuri cu 70% lucern\u0103, f\u0103r\u0103 hormoni sau alte ingrediente care s\u0103 le for\u021beze cre\u0219terea.<\/em><\/p>\n\n\n\n<p><em>Am avut un client c\u0103ruia \u00eei mureau stru\u021bii, nu mai \u0219tia ce s\u0103 fac\u0103, p\u00e2n\u0103 am descoperit c\u0103 le d\u0103dea cu preponderen\u021b\u0103 porumb. P\u0103i de la porumb erau \u0219i mai energici, alergau p\u00e2n\u0103 la epuizare, sl\u0103beau \u0219i se stingeau pe picioare!<\/em><\/p>\n\n\n\n<p><em>Dac\u0103 n-au spa\u021biu suficient, cum preocuparea lor constant\u0103 este s\u0103 m\u0103n\u00e2nce, dac\u0103 n-au iarb\u0103 \u0219i verdea\u021b\u0103 la dispozi\u021bie, ciugulesc tot ce prind, tot ce e str\u0103lucitor, ba chiar \u0219i p\u0103m\u00e2nt. Dac\u0103 nu este curat, \u00eenghit de-a valma fecale, mizerii, se \u00eemboln\u0103vesc \u0219i mor. Practic, stru\u021bul nu moare dec\u00e2t din neglijen\u021ba ori ne\u0219tiin\u021ba st\u0103p\u00e2nului! Am convingerea c\u0103 ar duce-o bine merci \u0219i \u00een s\u0103lb\u0103ticie, drept dovad\u0103, unui client i-a sc\u0103pat un stru\u021b, a s\u0103rit gardul \u0219i dus a fost. Nu l-a mai g\u0103sit nic\u0103ieri, \u0219i-a luat g\u00e2ndul. Dup\u0103 vreo dou\u0103 luni, \u00eel sun\u0103 un vecin, c\u0103 i-a v\u0103zut stru\u021bul pe c\u00e2mpurile din apropierea casei. A rezistat f\u0103r\u0103 asisten\u021b\u0103 \u0219i \u00eengrijire, f\u0103r\u0103 nicio problem\u0103, at\u00e2ta vreme. Bine, c\u0103 nu l-a mai prins dec\u00e2t \u00eempu\u0219cat, e alt\u0103 discu\u021bie. Nou\u0103 ne-a sc\u0103pat odat\u0103 un pui, 8 ore am alergat dup\u0103 el, 2 in\u0219i am fost, din aproape \u00een aproape, mare minune c\u0103 l-am prins.&nbsp;<\/em><\/p>\n\n\n\n<p><strong>Anca Farca\u0219iu: <\/strong><em>De la na\u0219tere, din momentul \u00een care au eclozat, stru\u021bii devin reproduc\u0103tori abia dup\u0103 3 ani, mai t\u00e2rziu ca p\u0103s\u0103rile de curte, iar \u00een ciuda faptului c\u0103 nu este o pas\u0103re foarte inteligent\u0103, este c\u00e2t de poate de intuitiv\u0103. Nu o po\u021bi p\u0103c\u0103li nicicum. Ou\u0103 face doar din martie p\u00e2n\u0103 \u00een octombrie, at\u00e2ta timp c\u00e2t vremea ar fi prielnic\u0103 \u0219i pentru clocit. Nu-i po\u021bi p\u0103c\u0103li cu lumin\u0103 artificial\u0103, nu-i po\u021bi cre\u0219te \u00een baterii, nu ou\u0103 zilnic nici \u00een sezon, iar dintr-o pas\u0103re de 150 de kilograme, doar 28 se pot valorifica, respectiv pulpele, br\u0103zdate la r\u00e2ndul lor de 17 grupe de mu\u0219chi, \u00een traducere liber\u0103, 12 kilograme de carne curat\u0103, restul merge la gula\u0219, salam \u0219i alte produse.<\/em><\/p>\n\n\n\n<p><strong>Urbea Mea: Ce se mai poate valorifica de la un stru\u021b, \u00een afar\u0103 de ou\u0103 \u0219i carne?<\/strong><\/p>\n\n\n\n<p><strong>Nelu\u021bu Farca\u0219iu: <\/strong><em>Se poate valorifica aproape tot, penele, pielea. Aceasta din urm\u0103 este nu doar deosebit de elastic\u0103, dar \u0219i foarte rezistent\u0103, nu o po\u021bi rupe, efectiv. Poate a\u021bi auzit de \u0218tefan Burdea, el face pantofi de lux, lucra\u021bi exclusiv manual, inclusiv din piele de stru\u021b. Cine a cump\u0103rat, a constatat dup\u0103 o vreme c\u0103 i s-a tocit talpa, dar pielea era perfect\u0103, la fel ca \u00een prima zi.<\/em><\/p>\n\n\n\n<p><em>Am v\u0103zut, \u00een str\u0103in\u0103tate, \u0219i tendoane de stru\u021b deshidratate, v\u00e2ndute \u00een magazinele pentru animale de companie. Sunt foarte c\u0103utate acolo pentru vindecarea bolilor care le afecteaz\u0103 blana c\u0103\u021beilor. Tendoanele con\u021bin foarte mult colagen, care ajut\u0103 la regenerarea acesteia.<\/em><\/p>\n\n\n\n<p><em>Avem cereri \u0219i pentru coaj\u0103 de ou eclozat. Mult mai sub\u021bire dec\u00e2t a ou\u0103lor neincubate, aceasta poate fi m\u0103cinat\u0103 \u0219i amestecat\u0103 cu propolis \u0219i miere, fiind un adjuvant pentru asimilarea calciului \u00een oase.<\/em><\/p>\n\n\n\n<p><em>Noi, la Ograda cu stru\u021bi, vindem doar ou\u0103, pui, carne \u0219i preparate din carne. Deocamdat\u0103 ne este suficient \u0219i ca activitate, \u0219i ca volum de munc\u0103. Fabrica de furaje, ferma \u0219i abatorul ne ocup\u0103 tot timpul. Pe partea de produse colabor\u0103m cu o carmangerie serioas\u0103, cu aparatur\u0103 modern\u0103 \u0219i capacitate mare de produc\u021bie, a\u0219a \u00eenc\u00e2t nu a trebuit s\u0103 investim \u0219i \u00een direc\u021bia asta, cel pu\u021bin nu deocamdat\u0103.<\/em><\/p>\n\n\n\n<figure class=\"wp-block-image size-large\"><img loading=\"lazy\" decoding=\"async\" width=\"1280\" height=\"845\" src=\"https:\/\/urbeamea.ro\/albaiulia\/wp-content\/uploads\/2023\/05\/struti-1280x845.jpg\" alt=\"\" class=\"wp-image-107493\" srcset=\"https:\/\/urbeamea.ro\/albaiulia\/wp-content\/uploads\/2023\/05\/struti-1280x845.jpg 1280w, https:\/\/urbeamea.ro\/albaiulia\/wp-content\/uploads\/2023\/05\/struti-640x423.jpg 640w, https:\/\/urbeamea.ro\/albaiulia\/wp-content\/uploads\/2023\/05\/struti-150x99.jpg 150w, https:\/\/urbeamea.ro\/albaiulia\/wp-content\/uploads\/2023\/05\/struti-768x507.jpg 768w, https:\/\/urbeamea.ro\/albaiulia\/wp-content\/uploads\/2023\/05\/struti.jpg 1440w\" sizes=\"auto, (max-width: 1280px) 100vw, 1280px\" \/><\/figure>\n\n\n\n<p><strong>Urbea Mea: Cump\u0103r\u0103 lumea carne de stru\u021b? Unde desface\u021bi produsele din Ograda cu stru\u021bi?<\/strong><\/p>\n\n\n\n<p><strong>Nelu\u021bu Farca\u0219iu: <\/strong><em>Dac\u0103 p\u00e2n\u0103 anul trecut, 70% din produc\u021bie mergea la export, \u00eencep\u00e2nd cu 2022 am observat o echilibrare a balan\u021bei. Acum raportul este aproape egal. Lumea a \u00eenceput s\u0103 pun\u0103 mai mult pre\u021b pe s\u0103n\u0103tate, pe ce are \u00een farfurie. Nu mai conteaz\u0103 at\u00e2t de mult cantitativul, c\u00e2t calitativul. De altfel, \u00eencepem s\u0103 \u00een\u021belegem \u0219i noi, rom\u00e2nii, c\u0103 nu ne trebuie mult\u0103 carne la o mas\u0103. \u0218i c\u0103 e mai important s\u0103 fie bun\u0103, nu doar ca gust, ci \u0219i ca valoare nutritiv\u0103. Nu \u0219tiu, poate prea mult\u0103 vreme ne-a lipsit, ca popor, carnea din farfurii, dac\u0103 abia acum \u00eencepem s\u0103 renun\u021b\u0103m la dorin\u021ba de a compensa cantitativ aceast\u0103 lips\u0103.<\/em><\/p>\n\n\n\n<p><em>Produsele noastre le g\u0103si\u021bi la noi pe site <\/em><strong>www.ogradacustruti.ro<\/strong><em>.<\/em> <em>Le ve\u021bi primi prin curier, livrate \u00een ma\u0219ini speciale, \u00een cele mai bune condi\u021bii, \u0219i \u00een cel mai scurt timp.<\/em><\/p>\n\n\n\n<p><strong>Urbea Mea: Care sunt planurile de viitor pentru Ograda cu stru\u021bi? Unde vede\u021bi afacerea peste 10 ani?<\/strong><\/p>\n\n\n\n<p><strong>Nelu\u021bu Farca\u0219iu: <\/strong><em>Avem \u00een derulare o investi\u021bie de 1.800.000 de euro, cu scopul de a moderniza tot ce am realizat p\u00e2n\u0103 acum: incubatoarele, eclozoarele, sala de cre\u0219tere, fabrica de furaje, abatorul, tot. Investi\u021bia este privat\u0103, \u00een sensul \u00een care, pentru stru\u021b, statul nu ofer\u0103 niciun ajutor, nicio subven\u021bie. E ca \u0219i cum nu am exista. Oricum, la nivel macro, suntem dup\u0103 virgul\u0103. Dup\u0103 porc, pui, vit\u0103&#8230; Poate c\u0103 ar exista mai mul\u021bi cresc\u0103tori de stru\u021bi, iar aceast\u0103 carne deosebit de s\u0103n\u0103toas\u0103 ar deveni mai u\u0219or de procurat, mai ieftin\u0103, dac\u0103 am fi sus\u021binu\u021bi \u0219i noi, ca oricare al\u021bi fermieri.<\/em><\/p>\n\n\n\n<p><em>De c\u00e2nd am \u00eenceput, din prima zi, visul meu a fost s\u0103 ajung s\u0103 v\u00e2nd tone pe s\u0103pt\u0103m\u00e2n\u0103. Se \u00eent\u00e2mpl\u0103 acum, dar nu chiar \u00een toat\u0103 s\u0103pt\u0103m\u00e2na. P\u0103str\u00e2nd ritmul, peste 10 ani ar trebui s\u0103 ne fi extins de 10 ori fa\u021b\u0103 de capacitatea actual\u0103. Atunci cu siguran\u021b\u0103 \u00eemi voi atinge s\u0103pt\u0103m\u00e2nal visul. Dac\u0103 munce\u0219ti, \u0219i muncim, treaba merge! \u0218i avem \u0219i pentru cine! Am patru copii, pentru ei trag! Lor le r\u0103m\u00e2ne tot.<\/em><\/p>\n\n\n\n<p><em>Bine, nu exclud nici v\u00e2nzarea, dac\u0103 vine cineva s\u0103-mi ofere contravaloarea la tot ce am investit ori 10.<\/em><\/p>\n\n\n\n<p>Un kilogram de carne de stru\u021b variaz\u0103 \u00eentre 60 \u0219i 150 de lei, iar un ou, care c\u00e2nt\u0103re\u0219te, \u00een medie, cam un kilogram jum\u0103tate, cost\u0103 100 de lei. Acesta din urm\u0103 con\u021bine mult mai pu\u021bin colesterol dec\u00e2t oul de g\u0103in\u0103, iar carnea, cu pu\u021bine calorii, are o concentra\u021bie proteic\u0103 foarte mare, de aceea este recomandat\u0103 sportivilor \u0219i atle\u021bilor. De altfel, printre clien\u021bii fideli ai familiei Farca\u0219iu se afl\u0103 antrenorii multor campioni na\u021bionali \u0219i europeni.<\/p>\n\n\n\n<p>Speciali\u0219tii consider\u0103 carnea de stru\u021b, carnea viitorului. \u0218i nici nu e de mirare, consumul ei ajut\u0103 la reglarea metabolismului \u0219i men\u021binerea s\u0103n\u0103t\u0103\u021bii cardiace, contribuie la cre\u0219terea tonusului muscular, \u00eembun\u0103t\u0103\u021birea memoriei \u0219i la controlul st\u0103rilor de stres.<\/p>\n\n\n\n<p>Mai s\u0103n\u0103toas\u0103 dec\u00e2t carnea de pe\u0219te, nu \u00eengra\u0219\u0103 \u0219i dac\u0103 \u0219tii s\u0103 o g\u0103te\u0219ti, se tope\u0219te \u00een gur\u0103! Pentru cine nu a \u00eencercat \u00eenc\u0103, pot s\u0103 o asem\u0103n cu v\u00e2natul. Are potasiu, un foarte bun antioxidant, fier, acizi gra\u0219i, Omega 3, vitaminele E, B12 \u0219i B6. Este un aliment complet, care poate lua orice form\u0103 dori\u021bi: de la friptur\u0103 la c\u00e2rna\u021bi, crenvur\u0219ti, carne pentru burgeri, mici, pastram\u0103, salam, orice! Dac\u0103 nu v-am l\u0103murit s\u0103 \u00eencerca\u021bi carnea de stru\u021b, pozele din galerie o vor face, cu siguran\u021b\u0103!<\/p>\n\n\n\n<p>\u0218i \u00eenc\u0103 ceva, un mic teaser! \u00cen Alba Iulia v\u0103 pute\u021bi delecta cu delicioasa carne de stru\u021b, potrivit\u0103 \u00eentre jum\u0103t\u0103\u021bile perfecte ale unei chifle calde \u0219i pufoase, asezonat\u0103 cu trufe \u0219i alte ingrediente de top, disponibile \u00een regim catering, adic\u0103 oriunde v\u0103 pofte\u0219te inima, dar numai din meniul <strong><a rel=\"noreferrer noopener\" href=\"https:\/\/miculburg.ro\/\" data-type=\"URL\" data-id=\"https:\/\/miculburg.ro\/\" target=\"_blank\">Micul Burg<\/a><\/strong>, cea mai nou\u0103 loca\u021bie premium cu burgeri de te lingi pe degete.<\/p>\n","protected":false},"excerpt":{"rendered":"<p>La Ograda cu stru\u021bi din Sebe\u0219, cea mai mare ferm\u0103 de profil din Rom\u00e2nia, cei peste 100 de stru\u021bii o duc at\u00e2t de bine, \u00eenc\u00e2t au timp \u0219i de amante! Zilele trecute am aflat cea mai tare chestie despre stru\u021b! Individu` e foarte tare, pe l\u00e2ng\u0103 nevast\u0103, \u021bine, \u00een bun\u0103 pace \u0219i conlucrare, \u0219i una, &hellip;<\/p>\n","protected":false},"author":27,"featured_media":107495,"comment_status":"open","ping_status":"open","sticky":false,"template":"","format":"standard","meta":{"inline_featured_image":false,"footnotes":""},"categories":[812],"tags":[24814,24813],"class_list":["post-107490","post","type-post","status-publish","format-standard","has-post-thumbnail","hentry","category-interviu","tag-nelutu-farcasiu","tag-ograda-cu-struti"],"yoast_head":"<!-- This site is optimized with the Yoast SEO plugin v27.4 - https:\/\/yoast.com\/product\/yoast-seo-wordpress\/ -->\n<title>INTERVIU: De 14 ani, Nelu\u021bu \u0219i Anca Farca\u0219iu se ocup\u0103 cu succes de afacerea prin care cea mai s\u0103n\u0103toas\u0103 carne, cea de stru\u021b, ajunge tot mai des \u0219i pe mesele rom\u00e2nilor - Revista Urbea Mea - Revista de Alba<\/title>\n<meta name=\"description\" content=\"La Ograda cu stru\u021bi din Sebe\u0219, cea mai mare ferm\u0103 de profil din Rom\u00e2nia, cei peste 100 de stru\u021bii o duc at\u00e2t de bine, \u00eenc\u00e2t au timp \u0219i de amante! Zilele\" \/>\n<meta name=\"robots\" content=\"index, follow, max-snippet:-1, max-image-preview:large, max-video-preview:-1\" \/>\n<link rel=\"canonical\" href=\"https:\/\/urbeamea.ro\/albaiulia\/interviu-de-14-ani-nelutu-si-anca-farcasiu-se-ocupa-cu-succes-de-afacerea-prin-care-cea-mai-sanatoasa-carne-cea-de-strut-ajunge-tot-mai-des-si-pe-mesele-romanilor\/\" \/>\n<meta name=\"twitter:card\" content=\"summary_large_image\" \/>\n<meta name=\"twitter:title\" content=\"INTERVIU: De 14 ani, Nelu\u021bu \u0219i Anca Farca\u0219iu se ocup\u0103 cu succes de afacerea prin care cea mai s\u0103n\u0103toas\u0103 carne, cea de stru\u021b, ajunge tot mai des \u0219i pe mesele rom\u00e2nilor - Revista Urbea Mea - Revista de Alba\" \/>\n<meta name=\"twitter:description\" content=\"La Ograda cu stru\u021bi din Sebe\u0219, cea mai mare ferm\u0103 de profil din Rom\u00e2nia, cei peste 100 de stru\u021bii o duc at\u00e2t de bine, \u00eenc\u00e2t au timp \u0219i de amante! Zilele\" \/>\n<meta name=\"twitter:image\" content=\"https:\/\/urbeamea.ro\/albaiulia\/wp-content\/uploads\/2023\/05\/nelu_anca.jpg\" \/>\n<meta name=\"twitter:creator\" content=\"@urbeameaweb\" \/>\n<meta name=\"twitter:site\" content=\"@urbeameaweb\" \/>\n<script type=\"application\/ld+json\" class=\"yoast-schema-graph\">{\"@context\":\"https:\\\/\\\/schema.org\",\"@graph\":[{\"@type\":\"Article\",\"@id\":\"https:\\\/\\\/urbeamea.ro\\\/albaiulia\\\/interviu-de-14-ani-nelutu-si-anca-farcasiu-se-ocupa-cu-succes-de-afacerea-prin-care-cea-mai-sanatoasa-carne-cea-de-strut-ajunge-tot-mai-des-si-pe-mesele-romanilor\\\/#article\",\"isPartOf\":{\"@id\":\"https:\\\/\\\/urbeamea.ro\\\/albaiulia\\\/interviu-de-14-ani-nelutu-si-anca-farcasiu-se-ocupa-cu-succes-de-afacerea-prin-care-cea-mai-sanatoasa-carne-cea-de-strut-ajunge-tot-mai-des-si-pe-mesele-romanilor\\\/\"},\"author\":{\"name\":\"Stoia Daniela\",\"@id\":\"https:\\\/\\\/urbeamea.ro\\\/albaiulia\\\/#\\\/schema\\\/person\\\/91e3c5a380c685aef9f0295ef6449b3c\"},\"headline\":\"INTERVIU: De 14 ani, Nelu\u021bu \u0219i Anca Farca\u0219iu se ocup\u0103 cu succes de afacerea prin care cea mai s\u0103n\u0103toas\u0103 carne, cea de stru\u021b, ajunge tot mai des \u0219i pe mesele rom\u00e2nilor\",\"datePublished\":\"2023-05-08T08:00:00+00:00\",\"dateModified\":\"2023-05-08T21:15:21+00:00\",\"mainEntityOfPage\":{\"@id\":\"https:\\\/\\\/urbeamea.ro\\\/albaiulia\\\/interviu-de-14-ani-nelutu-si-anca-farcasiu-se-ocupa-cu-succes-de-afacerea-prin-care-cea-mai-sanatoasa-carne-cea-de-strut-ajunge-tot-mai-des-si-pe-mesele-romanilor\\\/\"},\"wordCount\":2630,\"commentCount\":0,\"image\":{\"@id\":\"https:\\\/\\\/urbeamea.ro\\\/albaiulia\\\/interviu-de-14-ani-nelutu-si-anca-farcasiu-se-ocupa-cu-succes-de-afacerea-prin-care-cea-mai-sanatoasa-carne-cea-de-strut-ajunge-tot-mai-des-si-pe-mesele-romanilor\\\/#primaryimage\"},\"thumbnailUrl\":\"https:\\\/\\\/urbeamea.ro\\\/albaiulia\\\/wp-content\\\/uploads\\\/2023\\\/05\\\/nelu_anca.jpg\",\"keywords\":[\"Nelutu Farcasiu\",\"Ograda cu Struti\"],\"articleSection\":[\"Interviuri\"],\"inLanguage\":\"ro-RO\",\"potentialAction\":[{\"@type\":\"CommentAction\",\"name\":\"Comment\",\"target\":[\"https:\\\/\\\/urbeamea.ro\\\/albaiulia\\\/interviu-de-14-ani-nelutu-si-anca-farcasiu-se-ocupa-cu-succes-de-afacerea-prin-care-cea-mai-sanatoasa-carne-cea-de-strut-ajunge-tot-mai-des-si-pe-mesele-romanilor\\\/#respond\"]}]},{\"@type\":\"WebPage\",\"@id\":\"https:\\\/\\\/urbeamea.ro\\\/albaiulia\\\/interviu-de-14-ani-nelutu-si-anca-farcasiu-se-ocupa-cu-succes-de-afacerea-prin-care-cea-mai-sanatoasa-carne-cea-de-strut-ajunge-tot-mai-des-si-pe-mesele-romanilor\\\/\",\"url\":\"https:\\\/\\\/urbeamea.ro\\\/albaiulia\\\/interviu-de-14-ani-nelutu-si-anca-farcasiu-se-ocupa-cu-succes-de-afacerea-prin-care-cea-mai-sanatoasa-carne-cea-de-strut-ajunge-tot-mai-des-si-pe-mesele-romanilor\\\/\",\"name\":\"INTERVIU: De 14 ani, Nelu\u021bu \u0219i Anca Farca\u0219iu se ocup\u0103 cu succes de afacerea prin care cea mai s\u0103n\u0103toas\u0103 carne, cea de stru\u021b, ajunge tot mai des \u0219i pe mesele rom\u00e2nilor - Revista Urbea Mea - Revista de Alba\",\"isPartOf\":{\"@id\":\"https:\\\/\\\/urbeamea.ro\\\/albaiulia\\\/#website\"},\"primaryImageOfPage\":{\"@id\":\"https:\\\/\\\/urbeamea.ro\\\/albaiulia\\\/interviu-de-14-ani-nelutu-si-anca-farcasiu-se-ocupa-cu-succes-de-afacerea-prin-care-cea-mai-sanatoasa-carne-cea-de-strut-ajunge-tot-mai-des-si-pe-mesele-romanilor\\\/#primaryimage\"},\"image\":{\"@id\":\"https:\\\/\\\/urbeamea.ro\\\/albaiulia\\\/interviu-de-14-ani-nelutu-si-anca-farcasiu-se-ocupa-cu-succes-de-afacerea-prin-care-cea-mai-sanatoasa-carne-cea-de-strut-ajunge-tot-mai-des-si-pe-mesele-romanilor\\\/#primaryimage\"},\"thumbnailUrl\":\"https:\\\/\\\/urbeamea.ro\\\/albaiulia\\\/wp-content\\\/uploads\\\/2023\\\/05\\\/nelu_anca.jpg\",\"datePublished\":\"2023-05-08T08:00:00+00:00\",\"dateModified\":\"2023-05-08T21:15:21+00:00\",\"author\":{\"@id\":\"https:\\\/\\\/urbeamea.ro\\\/albaiulia\\\/#\\\/schema\\\/person\\\/91e3c5a380c685aef9f0295ef6449b3c\"},\"description\":\"La Ograda cu stru\u021bi din Sebe\u0219, cea mai mare ferm\u0103 de profil din Rom\u00e2nia, cei peste 100 de stru\u021bii o duc at\u00e2t de bine, \u00eenc\u00e2t au timp \u0219i de amante! Zilele\",\"breadcrumb\":{\"@id\":\"https:\\\/\\\/urbeamea.ro\\\/albaiulia\\\/interviu-de-14-ani-nelutu-si-anca-farcasiu-se-ocupa-cu-succes-de-afacerea-prin-care-cea-mai-sanatoasa-carne-cea-de-strut-ajunge-tot-mai-des-si-pe-mesele-romanilor\\\/#breadcrumb\"},\"inLanguage\":\"ro-RO\",\"potentialAction\":[{\"@type\":\"ReadAction\",\"target\":[\"https:\\\/\\\/urbeamea.ro\\\/albaiulia\\\/interviu-de-14-ani-nelutu-si-anca-farcasiu-se-ocupa-cu-succes-de-afacerea-prin-care-cea-mai-sanatoasa-carne-cea-de-strut-ajunge-tot-mai-des-si-pe-mesele-romanilor\\\/\"]}]},{\"@type\":\"ImageObject\",\"inLanguage\":\"ro-RO\",\"@id\":\"https:\\\/\\\/urbeamea.ro\\\/albaiulia\\\/interviu-de-14-ani-nelutu-si-anca-farcasiu-se-ocupa-cu-succes-de-afacerea-prin-care-cea-mai-sanatoasa-carne-cea-de-strut-ajunge-tot-mai-des-si-pe-mesele-romanilor\\\/#primaryimage\",\"url\":\"https:\\\/\\\/urbeamea.ro\\\/albaiulia\\\/wp-content\\\/uploads\\\/2023\\\/05\\\/nelu_anca.jpg\",\"contentUrl\":\"https:\\\/\\\/urbeamea.ro\\\/albaiulia\\\/wp-content\\\/uploads\\\/2023\\\/05\\\/nelu_anca.jpg\",\"width\":2048,\"height\":1366},{\"@type\":\"BreadcrumbList\",\"@id\":\"https:\\\/\\\/urbeamea.ro\\\/albaiulia\\\/interviu-de-14-ani-nelutu-si-anca-farcasiu-se-ocupa-cu-succes-de-afacerea-prin-care-cea-mai-sanatoasa-carne-cea-de-strut-ajunge-tot-mai-des-si-pe-mesele-romanilor\\\/#breadcrumb\",\"itemListElement\":[{\"@type\":\"ListItem\",\"position\":1,\"name\":\"Prima pagin\u0103\",\"item\":\"https:\\\/\\\/urbeamea.ro\\\/albaiulia\\\/\"},{\"@type\":\"ListItem\",\"position\":2,\"name\":\"INTERVIU: De 14 ani, Nelu\u021bu \u0219i Anca Farca\u0219iu se ocup\u0103 cu succes de afacerea prin care cea mai s\u0103n\u0103toas\u0103 carne, cea de stru\u021b, ajunge tot mai des \u0219i pe mesele rom\u00e2nilor\"}]},{\"@type\":\"WebSite\",\"@id\":\"https:\\\/\\\/urbeamea.ro\\\/albaiulia\\\/#website\",\"url\":\"https:\\\/\\\/urbeamea.ro\\\/albaiulia\\\/\",\"name\":\"Revista Urbea Mea, Stiri urbane\",\"description\":\"Evenimente \u0219i \u0219tiri din Alba Iulia, Sebe\u0219, Aiud, Blaj\",\"potentialAction\":[{\"@type\":\"SearchAction\",\"target\":{\"@type\":\"EntryPoint\",\"urlTemplate\":\"https:\\\/\\\/urbeamea.ro\\\/albaiulia\\\/?s={search_term_string}\"},\"query-input\":{\"@type\":\"PropertyValueSpecification\",\"valueRequired\":true,\"valueName\":\"search_term_string\"}}],\"inLanguage\":\"ro-RO\"},{\"@type\":\"Person\",\"@id\":\"https:\\\/\\\/urbeamea.ro\\\/albaiulia\\\/#\\\/schema\\\/person\\\/91e3c5a380c685aef9f0295ef6449b3c\",\"name\":\"Stoia Daniela\",\"image\":{\"@type\":\"ImageObject\",\"inLanguage\":\"ro-RO\",\"@id\":\"https:\\\/\\\/secure.gravatar.com\\\/avatar\\\/5aaf6eef20c2b497aa6b10eb1d0ea3e79b9229f0518d4c68b0fe81d133d3c8ca?s=96&d=mm&r=g\",\"url\":\"https:\\\/\\\/secure.gravatar.com\\\/avatar\\\/5aaf6eef20c2b497aa6b10eb1d0ea3e79b9229f0518d4c68b0fe81d133d3c8ca?s=96&d=mm&r=g\",\"contentUrl\":\"https:\\\/\\\/secure.gravatar.com\\\/avatar\\\/5aaf6eef20c2b497aa6b10eb1d0ea3e79b9229f0518d4c68b0fe81d133d3c8ca?s=96&d=mm&r=g\",\"caption\":\"Stoia Daniela\"},\"url\":\"https:\\\/\\\/urbeamea.ro\\\/albaiulia\\\/author\\\/daniela-stoia\\\/\"}]}<\/script>\n<!-- \/ Yoast SEO plugin. -->","yoast_head_json":{"title":"INTERVIU: De 14 ani, Nelu\u021bu \u0219i Anca Farca\u0219iu se ocup\u0103 cu succes de afacerea prin care cea mai s\u0103n\u0103toas\u0103 carne, cea de stru\u021b, ajunge tot mai des \u0219i pe mesele rom\u00e2nilor - Revista Urbea Mea - Revista de Alba","description":"La Ograda cu stru\u021bi din Sebe\u0219, cea mai mare ferm\u0103 de profil din Rom\u00e2nia, cei peste 100 de stru\u021bii o duc at\u00e2t de bine, \u00eenc\u00e2t au timp \u0219i de amante! Zilele","robots":{"index":"index","follow":"follow","max-snippet":"max-snippet:-1","max-image-preview":"max-image-preview:large","max-video-preview":"max-video-preview:-1"},"canonical":"https:\/\/urbeamea.ro\/albaiulia\/interviu-de-14-ani-nelutu-si-anca-farcasiu-se-ocupa-cu-succes-de-afacerea-prin-care-cea-mai-sanatoasa-carne-cea-de-strut-ajunge-tot-mai-des-si-pe-mesele-romanilor\/","twitter_card":"summary_large_image","twitter_title":"INTERVIU: De 14 ani, Nelu\u021bu \u0219i Anca Farca\u0219iu se ocup\u0103 cu succes de afacerea prin care cea mai s\u0103n\u0103toas\u0103 carne, cea de stru\u021b, ajunge tot mai des \u0219i pe mesele rom\u00e2nilor - Revista Urbea Mea - Revista de Alba","twitter_description":"La Ograda cu stru\u021bi din Sebe\u0219, cea mai mare ferm\u0103 de profil din Rom\u00e2nia, cei peste 100 de stru\u021bii o duc at\u00e2t de bine, \u00eenc\u00e2t au timp \u0219i de amante! Zilele","twitter_image":"https:\/\/urbeamea.ro\/albaiulia\/wp-content\/uploads\/2023\/05\/nelu_anca.jpg","twitter_creator":"@urbeameaweb","twitter_site":"@urbeameaweb","schema":{"@context":"https:\/\/schema.org","@graph":[{"@type":"Article","@id":"https:\/\/urbeamea.ro\/albaiulia\/interviu-de-14-ani-nelutu-si-anca-farcasiu-se-ocupa-cu-succes-de-afacerea-prin-care-cea-mai-sanatoasa-carne-cea-de-strut-ajunge-tot-mai-des-si-pe-mesele-romanilor\/#article","isPartOf":{"@id":"https:\/\/urbeamea.ro\/albaiulia\/interviu-de-14-ani-nelutu-si-anca-farcasiu-se-ocupa-cu-succes-de-afacerea-prin-care-cea-mai-sanatoasa-carne-cea-de-strut-ajunge-tot-mai-des-si-pe-mesele-romanilor\/"},"author":{"name":"Stoia Daniela","@id":"https:\/\/urbeamea.ro\/albaiulia\/#\/schema\/person\/91e3c5a380c685aef9f0295ef6449b3c"},"headline":"INTERVIU: De 14 ani, Nelu\u021bu \u0219i Anca Farca\u0219iu se ocup\u0103 cu succes de afacerea prin care cea mai s\u0103n\u0103toas\u0103 carne, cea de stru\u021b, ajunge tot mai des \u0219i pe mesele rom\u00e2nilor","datePublished":"2023-05-08T08:00:00+00:00","dateModified":"2023-05-08T21:15:21+00:00","mainEntityOfPage":{"@id":"https:\/\/urbeamea.ro\/albaiulia\/interviu-de-14-ani-nelutu-si-anca-farcasiu-se-ocupa-cu-succes-de-afacerea-prin-care-cea-mai-sanatoasa-carne-cea-de-strut-ajunge-tot-mai-des-si-pe-mesele-romanilor\/"},"wordCount":2630,"commentCount":0,"image":{"@id":"https:\/\/urbeamea.ro\/albaiulia\/interviu-de-14-ani-nelutu-si-anca-farcasiu-se-ocupa-cu-succes-de-afacerea-prin-care-cea-mai-sanatoasa-carne-cea-de-strut-ajunge-tot-mai-des-si-pe-mesele-romanilor\/#primaryimage"},"thumbnailUrl":"https:\/\/urbeamea.ro\/albaiulia\/wp-content\/uploads\/2023\/05\/nelu_anca.jpg","keywords":["Nelutu Farcasiu","Ograda cu Struti"],"articleSection":["Interviuri"],"inLanguage":"ro-RO","potentialAction":[{"@type":"CommentAction","name":"Comment","target":["https:\/\/urbeamea.ro\/albaiulia\/interviu-de-14-ani-nelutu-si-anca-farcasiu-se-ocupa-cu-succes-de-afacerea-prin-care-cea-mai-sanatoasa-carne-cea-de-strut-ajunge-tot-mai-des-si-pe-mesele-romanilor\/#respond"]}]},{"@type":"WebPage","@id":"https:\/\/urbeamea.ro\/albaiulia\/interviu-de-14-ani-nelutu-si-anca-farcasiu-se-ocupa-cu-succes-de-afacerea-prin-care-cea-mai-sanatoasa-carne-cea-de-strut-ajunge-tot-mai-des-si-pe-mesele-romanilor\/","url":"https:\/\/urbeamea.ro\/albaiulia\/interviu-de-14-ani-nelutu-si-anca-farcasiu-se-ocupa-cu-succes-de-afacerea-prin-care-cea-mai-sanatoasa-carne-cea-de-strut-ajunge-tot-mai-des-si-pe-mesele-romanilor\/","name":"INTERVIU: De 14 ani, Nelu\u021bu \u0219i Anca Farca\u0219iu se ocup\u0103 cu succes de afacerea prin care cea mai s\u0103n\u0103toas\u0103 carne, cea de stru\u021b, ajunge tot mai des \u0219i pe mesele rom\u00e2nilor - Revista Urbea Mea - Revista de Alba","isPartOf":{"@id":"https:\/\/urbeamea.ro\/albaiulia\/#website"},"primaryImageOfPage":{"@id":"https:\/\/urbeamea.ro\/albaiulia\/interviu-de-14-ani-nelutu-si-anca-farcasiu-se-ocupa-cu-succes-de-afacerea-prin-care-cea-mai-sanatoasa-carne-cea-de-strut-ajunge-tot-mai-des-si-pe-mesele-romanilor\/#primaryimage"},"image":{"@id":"https:\/\/urbeamea.ro\/albaiulia\/interviu-de-14-ani-nelutu-si-anca-farcasiu-se-ocupa-cu-succes-de-afacerea-prin-care-cea-mai-sanatoasa-carne-cea-de-strut-ajunge-tot-mai-des-si-pe-mesele-romanilor\/#primaryimage"},"thumbnailUrl":"https:\/\/urbeamea.ro\/albaiulia\/wp-content\/uploads\/2023\/05\/nelu_anca.jpg","datePublished":"2023-05-08T08:00:00+00:00","dateModified":"2023-05-08T21:15:21+00:00","author":{"@id":"https:\/\/urbeamea.ro\/albaiulia\/#\/schema\/person\/91e3c5a380c685aef9f0295ef6449b3c"},"description":"La Ograda cu stru\u021bi din Sebe\u0219, cea mai mare ferm\u0103 de profil din Rom\u00e2nia, cei peste 100 de stru\u021bii o duc at\u00e2t de bine, \u00eenc\u00e2t au timp \u0219i de amante! Zilele","breadcrumb":{"@id":"https:\/\/urbeamea.ro\/albaiulia\/interviu-de-14-ani-nelutu-si-anca-farcasiu-se-ocupa-cu-succes-de-afacerea-prin-care-cea-mai-sanatoasa-carne-cea-de-strut-ajunge-tot-mai-des-si-pe-mesele-romanilor\/#breadcrumb"},"inLanguage":"ro-RO","potentialAction":[{"@type":"ReadAction","target":["https:\/\/urbeamea.ro\/albaiulia\/interviu-de-14-ani-nelutu-si-anca-farcasiu-se-ocupa-cu-succes-de-afacerea-prin-care-cea-mai-sanatoasa-carne-cea-de-strut-ajunge-tot-mai-des-si-pe-mesele-romanilor\/"]}]},{"@type":"ImageObject","inLanguage":"ro-RO","@id":"https:\/\/urbeamea.ro\/albaiulia\/interviu-de-14-ani-nelutu-si-anca-farcasiu-se-ocupa-cu-succes-de-afacerea-prin-care-cea-mai-sanatoasa-carne-cea-de-strut-ajunge-tot-mai-des-si-pe-mesele-romanilor\/#primaryimage","url":"https:\/\/urbeamea.ro\/albaiulia\/wp-content\/uploads\/2023\/05\/nelu_anca.jpg","contentUrl":"https:\/\/urbeamea.ro\/albaiulia\/wp-content\/uploads\/2023\/05\/nelu_anca.jpg","width":2048,"height":1366},{"@type":"BreadcrumbList","@id":"https:\/\/urbeamea.ro\/albaiulia\/interviu-de-14-ani-nelutu-si-anca-farcasiu-se-ocupa-cu-succes-de-afacerea-prin-care-cea-mai-sanatoasa-carne-cea-de-strut-ajunge-tot-mai-des-si-pe-mesele-romanilor\/#breadcrumb","itemListElement":[{"@type":"ListItem","position":1,"name":"Prima pagin\u0103","item":"https:\/\/urbeamea.ro\/albaiulia\/"},{"@type":"ListItem","position":2,"name":"INTERVIU: De 14 ani, Nelu\u021bu \u0219i Anca Farca\u0219iu se ocup\u0103 cu succes de afacerea prin care cea mai s\u0103n\u0103toas\u0103 carne, cea de stru\u021b, ajunge tot mai des \u0219i pe mesele rom\u00e2nilor"}]},{"@type":"WebSite","@id":"https:\/\/urbeamea.ro\/albaiulia\/#website","url":"https:\/\/urbeamea.ro\/albaiulia\/","name":"Revista Urbea Mea, Stiri urbane","description":"Evenimente \u0219i \u0219tiri din Alba Iulia, Sebe\u0219, Aiud, Blaj","potentialAction":[{"@type":"SearchAction","target":{"@type":"EntryPoint","urlTemplate":"https:\/\/urbeamea.ro\/albaiulia\/?s={search_term_string}"},"query-input":{"@type":"PropertyValueSpecification","valueRequired":true,"valueName":"search_term_string"}}],"inLanguage":"ro-RO"},{"@type":"Person","@id":"https:\/\/urbeamea.ro\/albaiulia\/#\/schema\/person\/91e3c5a380c685aef9f0295ef6449b3c","name":"Stoia Daniela","image":{"@type":"ImageObject","inLanguage":"ro-RO","@id":"https:\/\/secure.gravatar.com\/avatar\/5aaf6eef20c2b497aa6b10eb1d0ea3e79b9229f0518d4c68b0fe81d133d3c8ca?s=96&d=mm&r=g","url":"https:\/\/secure.gravatar.com\/avatar\/5aaf6eef20c2b497aa6b10eb1d0ea3e79b9229f0518d4c68b0fe81d133d3c8ca?s=96&d=mm&r=g","contentUrl":"https:\/\/secure.gravatar.com\/avatar\/5aaf6eef20c2b497aa6b10eb1d0ea3e79b9229f0518d4c68b0fe81d133d3c8ca?s=96&d=mm&r=g","caption":"Stoia Daniela"},"url":"https:\/\/urbeamea.ro\/albaiulia\/author\/daniela-stoia\/"}]}},"_links":{"self":[{"href":"https:\/\/urbeamea.ro\/albaiulia\/wp-json\/wp\/v2\/posts\/107490","targetHints":{"allow":["GET"]}}],"collection":[{"href":"https:\/\/urbeamea.ro\/albaiulia\/wp-json\/wp\/v2\/posts"}],"about":[{"href":"https:\/\/urbeamea.ro\/albaiulia\/wp-json\/wp\/v2\/types\/post"}],"author":[{"embeddable":true,"href":"https:\/\/urbeamea.ro\/albaiulia\/wp-json\/wp\/v2\/users\/27"}],"replies":[{"embeddable":true,"href":"https:\/\/urbeamea.ro\/albaiulia\/wp-json\/wp\/v2\/comments?post=107490"}],"version-history":[{"count":6,"href":"https:\/\/urbeamea.ro\/albaiulia\/wp-json\/wp\/v2\/posts\/107490\/revisions"}],"predecessor-version":[{"id":107537,"href":"https:\/\/urbeamea.ro\/albaiulia\/wp-json\/wp\/v2\/posts\/107490\/revisions\/107537"}],"wp:featuredmedia":[{"embeddable":true,"href":"https:\/\/urbeamea.ro\/albaiulia\/wp-json\/wp\/v2\/media\/107495"}],"wp:attachment":[{"href":"https:\/\/urbeamea.ro\/albaiulia\/wp-json\/wp\/v2\/media?parent=107490"}],"wp:term":[{"taxonomy":"category","embeddable":true,"href":"https:\/\/urbeamea.ro\/albaiulia\/wp-json\/wp\/v2\/categories?post=107490"},{"taxonomy":"post_tag","embeddable":true,"href":"https:\/\/urbeamea.ro\/albaiulia\/wp-json\/wp\/v2\/tags?post=107490"}],"curies":[{"name":"wp","href":"https:\/\/api.w.org\/{rel}","templated":true}]}}