{"id":107521,"date":"2023-05-08T15:08:50","date_gmt":"2023-05-08T12:08:50","guid":{"rendered":"https:\/\/urbeamea.ro\/albaiulia\/?p=107521"},"modified":"2023-05-08T15:08:52","modified_gmt":"2023-05-08T12:08:52","slug":"aventurile-copilariei-aduc-bucurie-si-speranta-in-sufletele-copiilor-din-asezamintele-sociale-din-eparhia-ortodoxa-a-alba-iuliei","status":"publish","type":"post","link":"https:\/\/urbeamea.ro\/albaiulia\/aventurile-copilariei-aduc-bucurie-si-speranta-in-sufletele-copiilor-din-asezamintele-sociale-din-eparhia-ortodoxa-a-alba-iuliei\/","title":{"rendered":"\u201eAventurile copil\u0103riei\u201d aduc bucurie \u0219i speran\u021b\u0103 \u00een sufletele copiilor din a\u0219ez\u0103mintele sociale din Eparhia Ortodox\u0103 a Alba Iuliei"},"content":{"rendered":"\n<p>Peste o mie de copii ocroti\u0163i \u00een a\u015fez\u0103mintele sociale Arhiepiscopiei Ortodoxe a Alba Iuliei se preg\u0103tesc, \u00een perioada 08 mai \u2013 01 iunie a.c., s\u0103 desf\u0103\u0219oare activit\u0103\u021bi specificie copil\u0103riei, tema din acest an fiind \u201eAventurile Copil\u0103riei\u201d.<\/p>\n\n\n\n<p>Pe tot parcursul lunii mai, copiii, al\u0103turi de personalul de specialitate, vor urma s\u0103 desf\u0103\u0219oare activit\u0103\u021bi care pun accent pe copil\u0103rie. Centrate \u00een jurul a patru valori fundamentale, grija pentru natur\u0103; sportul \u0219i mi\u0219carea; curajul; buna dispozi\u021bie \u00eentre prieteni, activit\u0103\u021bile urm\u0103resc recunoa\u0219terea \u0219i recompensarea lor, chiar \u0219i prin aprecieri sincere, atunci c\u00e2nd sunt manifestate \u00een comportamentul copiilor<\/p>\n\n\n\n<p>Astfel, \u00een aceast\u0103 perioad\u0103, cei mici vor participa la o serie de activit\u0103\u021bi desf\u0103\u0219urate \u00een cea mai mare parte \u00een aer liber. Pentru copii, aceste s\u0103pt\u0103m\u00e2ni reprezint\u0103 una dintre cele mai a\u0219teptate evenimente din an. Ei se vor putea bucura pe parcursul acestei luni de activit\u0103\u021bi \u00een spiritul s\u0103rb\u0103torii de 1 iunie. O adev\u0103rat\u0103 bucurie pentru copii de a tr\u0103i experien\u021be autentice de \u00eenv\u0103\u021bare \u0219i dezvoltare personal\u0103.<\/p>\n\n\n\n<p>\u00cen prima s\u0103pt\u0103m\u00e2n\u0103 cu prilejul <strong><em>Zilei p\u0103s\u0103rilor \u0219i a arborilor<\/em><\/strong>, s\u0103rb\u0103torit\u0103 pe 10 mai, se vor realiza activit\u0103\u021bi dedicate&nbsp;<strong>cunoa\u0219terii \u0219i conect\u0103rii omului cu mediul \u00eenconjur\u0103tor<\/strong>.&nbsp;Copiii vor pune accent pe cunoa\u0219terea \u0219i specificul natural al zonei din care fac parte, pentru a cre\u0219te sentimentul de apartenen\u021b\u0103 la locurile natale \u0219i pentru a \u00eencuraja atitudinea ecologist\u0103.<\/p>\n\n\n\n<p>Urm\u0103toarea s\u0103pt\u0103m\u00e2n\u0103 este destinat\u0103 <strong>sportului \u0219i mi\u0219c\u0103rii, <\/strong>datorit\u0103 <strong>Zilei Interna\u021bionale a sportului \u2013 18 mai. <\/strong>\u00cen aceste zile se vor organiza diferite competi\u021bii \u0219i activit\u0103\u021bi \u00een aer liber. Activit\u0103\u021bile reprezint\u0103 o parte important\u0103 a educa\u021biei fizice \u0219i a dezvolt\u0103rii copiilor. Acestea nu numai c\u0103 \u00eei motiveaz\u0103 s\u0103 fie activi \u0219i s\u0103 \u00ee\u0219i \u00eembun\u0103t\u0103\u021beasc\u0103 abilit\u0103\u021bile sportive, dar \u00eei \u00eenva\u021b\u0103 \u0219i valori importante spiritul de echip\u0103 \u0219i perseveren\u021ba.<\/p>\n\n\n\n<p>\u00cen s\u0103pt\u0103m\u00e2na 22-26 mai, copiii vor avea partea de adev\u0103rate provoc\u0103ri prin care \u00ee\u0219i vor testa abilit\u0103\u021bile \u0219i calit\u0103\u021bile de mici aventurieri. Drept urmare, ace\u0219tia vor lua parte \u0219i la o mic\u0103 aventur\u0103 prin care vor trebui s\u0103 g\u0103seasc\u0103 o comoar\u0103. Iar ultimele zile din luna mai, premerg\u0103toare Zilei Interna\u021bionale ale copilului, vor fi dedicate muzicii, dansului \u0219i a bunei dispozi\u021bii<\/p>\n\n\n\n<p>\u00cen cadrul Arhiepiscopiei Ortodoxe a Alba Iuliei&nbsp;func\u021bioneaz\u0103, cu binecuv\u00e2ntarea \u00cenaltpreasfin\u021bitului P\u0103rinte Arhiepiscop Irineu, 18 Case de Tip Familial \u0219i Centre de Plasament, 15 Centre de zi \u0219i 15 Centre \u201eEduca\u021bie spre Voca\u021bie. Aceste a\u0219ez\u0103minte \u00ee\u0219i desf\u0103\u0219oar\u0103 activitatea sub administrarea organiza\u021biilor nonguvernamentale eparhiale, finan\u021bate din fonduri proprii, \u00een parteneriat cu autorit\u0103\u021bile publice jude\u021bene \u0219i locale.<\/p>\n","protected":false},"excerpt":{"rendered":"<p>Peste o mie de copii ocroti\u0163i \u00een a\u015fez\u0103mintele sociale Arhiepiscopiei Ortodoxe a Alba Iuliei se preg\u0103tesc, \u00een perioada 08 mai \u2013 01 iunie a.c., s\u0103 desf\u0103\u0219oare activit\u0103\u021bi specificie copil\u0103riei, tema din acest an fiind \u201eAventurile Copil\u0103riei\u201d. Pe tot parcursul lunii mai, copiii, al\u0103turi de personalul de specialitate, vor urma s\u0103 desf\u0103\u0219oare activit\u0103\u021bi care pun accent &hellip;<\/p>\n","protected":false},"author":16,"featured_media":107522,"comment_status":"open","ping_status":"open","sticky":false,"template":"","format":"standard","meta":{"inline_featured_image":false,"footnotes":""},"categories":[2034],"tags":[24816],"class_list":["post-107521","post","type-post","status-publish","format-standard","has-post-thumbnail","hentry","category-social","tag-eparhia-ortodoxa-alba-iulia"],"yoast_head":"<!-- This site is optimized with the Yoast SEO plugin v27.4 - https:\/\/yoast.com\/product\/yoast-seo-wordpress\/ -->\n<title>\u201eAventurile copil\u0103riei\u201d aduc bucurie \u0219i speran\u021b\u0103 \u00een sufletele copiilor din a\u0219ez\u0103mintele sociale din Eparhia Ortodox\u0103 a Alba Iuliei - Revista Urbea Mea - Revista de Alba<\/title>\n<meta name=\"description\" content=\"Peste o mie de copii ocroti\u0163i \u00een a\u015fez\u0103mintele sociale Arhiepiscopiei Ortodoxe a Alba Iuliei se preg\u0103tesc, \u00een perioada 08 mai \u2013 01 iunie a.c., s\u0103\" \/>\n<meta name=\"robots\" content=\"index, follow, max-snippet:-1, max-image-preview:large, max-video-preview:-1\" \/>\n<link rel=\"canonical\" href=\"https:\/\/urbeamea.ro\/albaiulia\/aventurile-copilariei-aduc-bucurie-si-speranta-in-sufletele-copiilor-din-asezamintele-sociale-din-eparhia-ortodoxa-a-alba-iuliei\/\" \/>\n<meta name=\"twitter:card\" content=\"summary_large_image\" \/>\n<meta name=\"twitter:title\" content=\"\u201eAventurile copil\u0103riei\u201d aduc bucurie \u0219i speran\u021b\u0103 \u00een sufletele copiilor din a\u0219ez\u0103mintele sociale din Eparhia Ortodox\u0103 a Alba Iuliei - Revista Urbea Mea - Revista de Alba\" \/>\n<meta name=\"twitter:description\" content=\"Peste o mie de copii ocroti\u0163i \u00een a\u015fez\u0103mintele sociale Arhiepiscopiei Ortodoxe a Alba Iuliei se preg\u0103tesc, \u00een perioada 08 mai \u2013 01 iunie a.c., s\u0103\" \/>\n<meta name=\"twitter:image\" content=\"https:\/\/urbeamea.ro\/albaiulia\/wp-content\/uploads\/2023\/05\/1.jpg\" \/>\n<meta name=\"twitter:creator\" content=\"@urbeameaweb\" \/>\n<meta name=\"twitter:site\" content=\"@urbeameaweb\" \/>\n<script type=\"application\/ld+json\" class=\"yoast-schema-graph\">{\"@context\":\"https:\\\/\\\/schema.org\",\"@graph\":[{\"@type\":\"Article\",\"@id\":\"https:\\\/\\\/urbeamea.ro\\\/albaiulia\\\/aventurile-copilariei-aduc-bucurie-si-speranta-in-sufletele-copiilor-din-asezamintele-sociale-din-eparhia-ortodoxa-a-alba-iuliei\\\/#article\",\"isPartOf\":{\"@id\":\"https:\\\/\\\/urbeamea.ro\\\/albaiulia\\\/aventurile-copilariei-aduc-bucurie-si-speranta-in-sufletele-copiilor-din-asezamintele-sociale-din-eparhia-ortodoxa-a-alba-iuliei\\\/\"},\"author\":{\"name\":\"Redac\u021bia UrbeaMea\",\"@id\":\"https:\\\/\\\/urbeamea.ro\\\/albaiulia\\\/#\\\/schema\\\/person\\\/272ae98052f8ee8980f59848df070247\"},\"headline\":\"\u201eAventurile copil\u0103riei\u201d aduc bucurie \u0219i speran\u021b\u0103 \u00een sufletele copiilor din a\u0219ez\u0103mintele sociale din Eparhia Ortodox\u0103 a Alba Iuliei\",\"datePublished\":\"2023-05-08T12:08:50+00:00\",\"dateModified\":\"2023-05-08T12:08:52+00:00\",\"mainEntityOfPage\":{\"@id\":\"https:\\\/\\\/urbeamea.ro\\\/albaiulia\\\/aventurile-copilariei-aduc-bucurie-si-speranta-in-sufletele-copiilor-din-asezamintele-sociale-din-eparhia-ortodoxa-a-alba-iuliei\\\/\"},\"wordCount\":498,\"commentCount\":0,\"image\":{\"@id\":\"https:\\\/\\\/urbeamea.ro\\\/albaiulia\\\/aventurile-copilariei-aduc-bucurie-si-speranta-in-sufletele-copiilor-din-asezamintele-sociale-din-eparhia-ortodoxa-a-alba-iuliei\\\/#primaryimage\"},\"thumbnailUrl\":\"https:\\\/\\\/urbeamea.ro\\\/albaiulia\\\/wp-content\\\/uploads\\\/2023\\\/05\\\/1.jpg\",\"keywords\":[\"eparhia ortodoxa alba iulia\"],\"articleSection\":[\"Social\"],\"inLanguage\":\"ro-RO\",\"potentialAction\":[{\"@type\":\"CommentAction\",\"name\":\"Comment\",\"target\":[\"https:\\\/\\\/urbeamea.ro\\\/albaiulia\\\/aventurile-copilariei-aduc-bucurie-si-speranta-in-sufletele-copiilor-din-asezamintele-sociale-din-eparhia-ortodoxa-a-alba-iuliei\\\/#respond\"]}]},{\"@type\":\"WebPage\",\"@id\":\"https:\\\/\\\/urbeamea.ro\\\/albaiulia\\\/aventurile-copilariei-aduc-bucurie-si-speranta-in-sufletele-copiilor-din-asezamintele-sociale-din-eparhia-ortodoxa-a-alba-iuliei\\\/\",\"url\":\"https:\\\/\\\/urbeamea.ro\\\/albaiulia\\\/aventurile-copilariei-aduc-bucurie-si-speranta-in-sufletele-copiilor-din-asezamintele-sociale-din-eparhia-ortodoxa-a-alba-iuliei\\\/\",\"name\":\"\u201eAventurile copil\u0103riei\u201d aduc bucurie \u0219i speran\u021b\u0103 \u00een sufletele copiilor din a\u0219ez\u0103mintele sociale din Eparhia Ortodox\u0103 a Alba Iuliei - Revista Urbea Mea - Revista de Alba\",\"isPartOf\":{\"@id\":\"https:\\\/\\\/urbeamea.ro\\\/albaiulia\\\/#website\"},\"primaryImageOfPage\":{\"@id\":\"https:\\\/\\\/urbeamea.ro\\\/albaiulia\\\/aventurile-copilariei-aduc-bucurie-si-speranta-in-sufletele-copiilor-din-asezamintele-sociale-din-eparhia-ortodoxa-a-alba-iuliei\\\/#primaryimage\"},\"image\":{\"@id\":\"https:\\\/\\\/urbeamea.ro\\\/albaiulia\\\/aventurile-copilariei-aduc-bucurie-si-speranta-in-sufletele-copiilor-din-asezamintele-sociale-din-eparhia-ortodoxa-a-alba-iuliei\\\/#primaryimage\"},\"thumbnailUrl\":\"https:\\\/\\\/urbeamea.ro\\\/albaiulia\\\/wp-content\\\/uploads\\\/2023\\\/05\\\/1.jpg\",\"datePublished\":\"2023-05-08T12:08:50+00:00\",\"dateModified\":\"2023-05-08T12:08:52+00:00\",\"author\":{\"@id\":\"https:\\\/\\\/urbeamea.ro\\\/albaiulia\\\/#\\\/schema\\\/person\\\/272ae98052f8ee8980f59848df070247\"},\"description\":\"Peste o mie de copii ocroti\u0163i \u00een a\u015fez\u0103mintele sociale Arhiepiscopiei Ortodoxe a Alba Iuliei se preg\u0103tesc, \u00een perioada 08 mai \u2013 01 iunie a.c., s\u0103\",\"breadcrumb\":{\"@id\":\"https:\\\/\\\/urbeamea.ro\\\/albaiulia\\\/aventurile-copilariei-aduc-bucurie-si-speranta-in-sufletele-copiilor-din-asezamintele-sociale-din-eparhia-ortodoxa-a-alba-iuliei\\\/#breadcrumb\"},\"inLanguage\":\"ro-RO\",\"potentialAction\":[{\"@type\":\"ReadAction\",\"target\":[\"https:\\\/\\\/urbeamea.ro\\\/albaiulia\\\/aventurile-copilariei-aduc-bucurie-si-speranta-in-sufletele-copiilor-din-asezamintele-sociale-din-eparhia-ortodoxa-a-alba-iuliei\\\/\"]}]},{\"@type\":\"ImageObject\",\"inLanguage\":\"ro-RO\",\"@id\":\"https:\\\/\\\/urbeamea.ro\\\/albaiulia\\\/aventurile-copilariei-aduc-bucurie-si-speranta-in-sufletele-copiilor-din-asezamintele-sociale-din-eparhia-ortodoxa-a-alba-iuliei\\\/#primaryimage\",\"url\":\"https:\\\/\\\/urbeamea.ro\\\/albaiulia\\\/wp-content\\\/uploads\\\/2023\\\/05\\\/1.jpg\",\"contentUrl\":\"https:\\\/\\\/urbeamea.ro\\\/albaiulia\\\/wp-content\\\/uploads\\\/2023\\\/05\\\/1.jpg\",\"width\":1600,\"height\":1067},{\"@type\":\"BreadcrumbList\",\"@id\":\"https:\\\/\\\/urbeamea.ro\\\/albaiulia\\\/aventurile-copilariei-aduc-bucurie-si-speranta-in-sufletele-copiilor-din-asezamintele-sociale-din-eparhia-ortodoxa-a-alba-iuliei\\\/#breadcrumb\",\"itemListElement\":[{\"@type\":\"ListItem\",\"position\":1,\"name\":\"Prima pagin\u0103\",\"item\":\"https:\\\/\\\/urbeamea.ro\\\/albaiulia\\\/\"},{\"@type\":\"ListItem\",\"position\":2,\"name\":\"\u201eAventurile copil\u0103riei\u201d aduc bucurie \u0219i speran\u021b\u0103 \u00een sufletele copiilor din a\u0219ez\u0103mintele sociale din Eparhia Ortodox\u0103 a Alba Iuliei\"}]},{\"@type\":\"WebSite\",\"@id\":\"https:\\\/\\\/urbeamea.ro\\\/albaiulia\\\/#website\",\"url\":\"https:\\\/\\\/urbeamea.ro\\\/albaiulia\\\/\",\"name\":\"Revista Urbea Mea, Stiri urbane\",\"description\":\"Evenimente \u0219i \u0219tiri din Alba Iulia, Sebe\u0219, Aiud, Blaj\",\"potentialAction\":[{\"@type\":\"SearchAction\",\"target\":{\"@type\":\"EntryPoint\",\"urlTemplate\":\"https:\\\/\\\/urbeamea.ro\\\/albaiulia\\\/?s={search_term_string}\"},\"query-input\":{\"@type\":\"PropertyValueSpecification\",\"valueRequired\":true,\"valueName\":\"search_term_string\"}}],\"inLanguage\":\"ro-RO\"},{\"@type\":\"Person\",\"@id\":\"https:\\\/\\\/urbeamea.ro\\\/albaiulia\\\/#\\\/schema\\\/person\\\/272ae98052f8ee8980f59848df070247\",\"name\":\"Redac\u021bia UrbeaMea\",\"image\":{\"@type\":\"ImageObject\",\"inLanguage\":\"ro-RO\",\"@id\":\"https:\\\/\\\/secure.gravatar.com\\\/avatar\\\/9ce5a9435071fa1037e8468053ead8e513dbbff59009d3069aadb85506d85a27?s=96&d=mm&r=g\",\"url\":\"https:\\\/\\\/secure.gravatar.com\\\/avatar\\\/9ce5a9435071fa1037e8468053ead8e513dbbff59009d3069aadb85506d85a27?s=96&d=mm&r=g\",\"contentUrl\":\"https:\\\/\\\/secure.gravatar.com\\\/avatar\\\/9ce5a9435071fa1037e8468053ead8e513dbbff59009d3069aadb85506d85a27?s=96&d=mm&r=g\",\"caption\":\"Redac\u021bia UrbeaMea\"},\"description\":\"contact@urbeamea.ro\",\"sameAs\":[\"https:\\\/\\\/www.urbeamea.ro\"],\"url\":\"https:\\\/\\\/urbeamea.ro\\\/albaiulia\\\/author\\\/redactia-urbeamea\\\/\"}]}<\/script>\n<!-- \/ Yoast SEO plugin. -->","yoast_head_json":{"title":"\u201eAventurile copil\u0103riei\u201d aduc bucurie \u0219i speran\u021b\u0103 \u00een sufletele copiilor din a\u0219ez\u0103mintele sociale din Eparhia Ortodox\u0103 a Alba Iuliei - Revista Urbea Mea - Revista de Alba","description":"Peste o mie de copii ocroti\u0163i \u00een a\u015fez\u0103mintele sociale Arhiepiscopiei Ortodoxe a Alba Iuliei se preg\u0103tesc, \u00een perioada 08 mai \u2013 01 iunie a.c., s\u0103","robots":{"index":"index","follow":"follow","max-snippet":"max-snippet:-1","max-image-preview":"max-image-preview:large","max-video-preview":"max-video-preview:-1"},"canonical":"https:\/\/urbeamea.ro\/albaiulia\/aventurile-copilariei-aduc-bucurie-si-speranta-in-sufletele-copiilor-din-asezamintele-sociale-din-eparhia-ortodoxa-a-alba-iuliei\/","twitter_card":"summary_large_image","twitter_title":"\u201eAventurile copil\u0103riei\u201d aduc bucurie \u0219i speran\u021b\u0103 \u00een sufletele copiilor din a\u0219ez\u0103mintele sociale din Eparhia Ortodox\u0103 a Alba Iuliei - Revista Urbea Mea - Revista de Alba","twitter_description":"Peste o mie de copii ocroti\u0163i \u00een a\u015fez\u0103mintele sociale Arhiepiscopiei Ortodoxe a Alba Iuliei se preg\u0103tesc, \u00een perioada 08 mai \u2013 01 iunie a.c., s\u0103","twitter_image":"https:\/\/urbeamea.ro\/albaiulia\/wp-content\/uploads\/2023\/05\/1.jpg","twitter_creator":"@urbeameaweb","twitter_site":"@urbeameaweb","schema":{"@context":"https:\/\/schema.org","@graph":[{"@type":"Article","@id":"https:\/\/urbeamea.ro\/albaiulia\/aventurile-copilariei-aduc-bucurie-si-speranta-in-sufletele-copiilor-din-asezamintele-sociale-din-eparhia-ortodoxa-a-alba-iuliei\/#article","isPartOf":{"@id":"https:\/\/urbeamea.ro\/albaiulia\/aventurile-copilariei-aduc-bucurie-si-speranta-in-sufletele-copiilor-din-asezamintele-sociale-din-eparhia-ortodoxa-a-alba-iuliei\/"},"author":{"name":"Redac\u021bia UrbeaMea","@id":"https:\/\/urbeamea.ro\/albaiulia\/#\/schema\/person\/272ae98052f8ee8980f59848df070247"},"headline":"\u201eAventurile copil\u0103riei\u201d aduc bucurie \u0219i speran\u021b\u0103 \u00een sufletele copiilor din a\u0219ez\u0103mintele sociale din Eparhia Ortodox\u0103 a Alba Iuliei","datePublished":"2023-05-08T12:08:50+00:00","dateModified":"2023-05-08T12:08:52+00:00","mainEntityOfPage":{"@id":"https:\/\/urbeamea.ro\/albaiulia\/aventurile-copilariei-aduc-bucurie-si-speranta-in-sufletele-copiilor-din-asezamintele-sociale-din-eparhia-ortodoxa-a-alba-iuliei\/"},"wordCount":498,"commentCount":0,"image":{"@id":"https:\/\/urbeamea.ro\/albaiulia\/aventurile-copilariei-aduc-bucurie-si-speranta-in-sufletele-copiilor-din-asezamintele-sociale-din-eparhia-ortodoxa-a-alba-iuliei\/#primaryimage"},"thumbnailUrl":"https:\/\/urbeamea.ro\/albaiulia\/wp-content\/uploads\/2023\/05\/1.jpg","keywords":["eparhia ortodoxa alba iulia"],"articleSection":["Social"],"inLanguage":"ro-RO","potentialAction":[{"@type":"CommentAction","name":"Comment","target":["https:\/\/urbeamea.ro\/albaiulia\/aventurile-copilariei-aduc-bucurie-si-speranta-in-sufletele-copiilor-din-asezamintele-sociale-din-eparhia-ortodoxa-a-alba-iuliei\/#respond"]}]},{"@type":"WebPage","@id":"https:\/\/urbeamea.ro\/albaiulia\/aventurile-copilariei-aduc-bucurie-si-speranta-in-sufletele-copiilor-din-asezamintele-sociale-din-eparhia-ortodoxa-a-alba-iuliei\/","url":"https:\/\/urbeamea.ro\/albaiulia\/aventurile-copilariei-aduc-bucurie-si-speranta-in-sufletele-copiilor-din-asezamintele-sociale-din-eparhia-ortodoxa-a-alba-iuliei\/","name":"\u201eAventurile copil\u0103riei\u201d aduc bucurie \u0219i speran\u021b\u0103 \u00een sufletele copiilor din a\u0219ez\u0103mintele sociale din Eparhia Ortodox\u0103 a Alba Iuliei - Revista Urbea Mea - Revista de Alba","isPartOf":{"@id":"https:\/\/urbeamea.ro\/albaiulia\/#website"},"primaryImageOfPage":{"@id":"https:\/\/urbeamea.ro\/albaiulia\/aventurile-copilariei-aduc-bucurie-si-speranta-in-sufletele-copiilor-din-asezamintele-sociale-din-eparhia-ortodoxa-a-alba-iuliei\/#primaryimage"},"image":{"@id":"https:\/\/urbeamea.ro\/albaiulia\/aventurile-copilariei-aduc-bucurie-si-speranta-in-sufletele-copiilor-din-asezamintele-sociale-din-eparhia-ortodoxa-a-alba-iuliei\/#primaryimage"},"thumbnailUrl":"https:\/\/urbeamea.ro\/albaiulia\/wp-content\/uploads\/2023\/05\/1.jpg","datePublished":"2023-05-08T12:08:50+00:00","dateModified":"2023-05-08T12:08:52+00:00","author":{"@id":"https:\/\/urbeamea.ro\/albaiulia\/#\/schema\/person\/272ae98052f8ee8980f59848df070247"},"description":"Peste o mie de copii ocroti\u0163i \u00een a\u015fez\u0103mintele sociale Arhiepiscopiei Ortodoxe a Alba Iuliei se preg\u0103tesc, \u00een perioada 08 mai \u2013 01 iunie a.c., s\u0103","breadcrumb":{"@id":"https:\/\/urbeamea.ro\/albaiulia\/aventurile-copilariei-aduc-bucurie-si-speranta-in-sufletele-copiilor-din-asezamintele-sociale-din-eparhia-ortodoxa-a-alba-iuliei\/#breadcrumb"},"inLanguage":"ro-RO","potentialAction":[{"@type":"ReadAction","target":["https:\/\/urbeamea.ro\/albaiulia\/aventurile-copilariei-aduc-bucurie-si-speranta-in-sufletele-copiilor-din-asezamintele-sociale-din-eparhia-ortodoxa-a-alba-iuliei\/"]}]},{"@type":"ImageObject","inLanguage":"ro-RO","@id":"https:\/\/urbeamea.ro\/albaiulia\/aventurile-copilariei-aduc-bucurie-si-speranta-in-sufletele-copiilor-din-asezamintele-sociale-din-eparhia-ortodoxa-a-alba-iuliei\/#primaryimage","url":"https:\/\/urbeamea.ro\/albaiulia\/wp-content\/uploads\/2023\/05\/1.jpg","contentUrl":"https:\/\/urbeamea.ro\/albaiulia\/wp-content\/uploads\/2023\/05\/1.jpg","width":1600,"height":1067},{"@type":"BreadcrumbList","@id":"https:\/\/urbeamea.ro\/albaiulia\/aventurile-copilariei-aduc-bucurie-si-speranta-in-sufletele-copiilor-din-asezamintele-sociale-din-eparhia-ortodoxa-a-alba-iuliei\/#breadcrumb","itemListElement":[{"@type":"ListItem","position":1,"name":"Prima pagin\u0103","item":"https:\/\/urbeamea.ro\/albaiulia\/"},{"@type":"ListItem","position":2,"name":"\u201eAventurile copil\u0103riei\u201d aduc bucurie \u0219i speran\u021b\u0103 \u00een sufletele copiilor din a\u0219ez\u0103mintele sociale din Eparhia Ortodox\u0103 a Alba Iuliei"}]},{"@type":"WebSite","@id":"https:\/\/urbeamea.ro\/albaiulia\/#website","url":"https:\/\/urbeamea.ro\/albaiulia\/","name":"Revista Urbea Mea, Stiri urbane","description":"Evenimente \u0219i \u0219tiri din Alba Iulia, Sebe\u0219, Aiud, Blaj","potentialAction":[{"@type":"SearchAction","target":{"@type":"EntryPoint","urlTemplate":"https:\/\/urbeamea.ro\/albaiulia\/?s={search_term_string}"},"query-input":{"@type":"PropertyValueSpecification","valueRequired":true,"valueName":"search_term_string"}}],"inLanguage":"ro-RO"},{"@type":"Person","@id":"https:\/\/urbeamea.ro\/albaiulia\/#\/schema\/person\/272ae98052f8ee8980f59848df070247","name":"Redac\u021bia UrbeaMea","image":{"@type":"ImageObject","inLanguage":"ro-RO","@id":"https:\/\/secure.gravatar.com\/avatar\/9ce5a9435071fa1037e8468053ead8e513dbbff59009d3069aadb85506d85a27?s=96&d=mm&r=g","url":"https:\/\/secure.gravatar.com\/avatar\/9ce5a9435071fa1037e8468053ead8e513dbbff59009d3069aadb85506d85a27?s=96&d=mm&r=g","contentUrl":"https:\/\/secure.gravatar.com\/avatar\/9ce5a9435071fa1037e8468053ead8e513dbbff59009d3069aadb85506d85a27?s=96&d=mm&r=g","caption":"Redac\u021bia UrbeaMea"},"description":"contact@urbeamea.ro","sameAs":["https:\/\/www.urbeamea.ro"],"url":"https:\/\/urbeamea.ro\/albaiulia\/author\/redactia-urbeamea\/"}]}},"_links":{"self":[{"href":"https:\/\/urbeamea.ro\/albaiulia\/wp-json\/wp\/v2\/posts\/107521","targetHints":{"allow":["GET"]}}],"collection":[{"href":"https:\/\/urbeamea.ro\/albaiulia\/wp-json\/wp\/v2\/posts"}],"about":[{"href":"https:\/\/urbeamea.ro\/albaiulia\/wp-json\/wp\/v2\/types\/post"}],"author":[{"embeddable":true,"href":"https:\/\/urbeamea.ro\/albaiulia\/wp-json\/wp\/v2\/users\/16"}],"replies":[{"embeddable":true,"href":"https:\/\/urbeamea.ro\/albaiulia\/wp-json\/wp\/v2\/comments?post=107521"}],"version-history":[{"count":1,"href":"https:\/\/urbeamea.ro\/albaiulia\/wp-json\/wp\/v2\/posts\/107521\/revisions"}],"predecessor-version":[{"id":107523,"href":"https:\/\/urbeamea.ro\/albaiulia\/wp-json\/wp\/v2\/posts\/107521\/revisions\/107523"}],"wp:featuredmedia":[{"embeddable":true,"href":"https:\/\/urbeamea.ro\/albaiulia\/wp-json\/wp\/v2\/media\/107522"}],"wp:attachment":[{"href":"https:\/\/urbeamea.ro\/albaiulia\/wp-json\/wp\/v2\/media?parent=107521"}],"wp:term":[{"taxonomy":"category","embeddable":true,"href":"https:\/\/urbeamea.ro\/albaiulia\/wp-json\/wp\/v2\/categories?post=107521"},{"taxonomy":"post_tag","embeddable":true,"href":"https:\/\/urbeamea.ro\/albaiulia\/wp-json\/wp\/v2\/tags?post=107521"}],"curies":[{"name":"wp","href":"https:\/\/api.w.org\/{rel}","templated":true}]}}