{"id":107524,"date":"2023-05-08T15:16:32","date_gmt":"2023-05-08T12:16:32","guid":{"rendered":"https:\/\/urbeamea.ro\/albaiulia\/?p=107524"},"modified":"2023-05-08T15:16:34","modified_gmt":"2023-05-08T12:16:34","slug":"lucian-blaga-omagiat-de-consiliul-judetean-alba-si-biblioteca-judeteana-lucian-blaga-alba","status":"publish","type":"post","link":"https:\/\/urbeamea.ro\/albaiulia\/lucian-blaga-omagiat-de-consiliul-judetean-alba-si-biblioteca-judeteana-lucian-blaga-alba\/","title":{"rendered":"Lucian Blaga, omagiat de Consiliul Jude\u021bean Alba \u0219i Biblioteca Jude\u021bean\u0103 \u201eLucian Blaga\u201d Alba"},"content":{"rendered":"\n<p><strong>Mar\u021bi, 9 mai 2023, Consiliul Jude\u021bean Alba \u0219i Biblioteca Jude\u021bean\u0103 \u201eLucian Blaga\u201d Alba propun publicului o serie de momente dedicate scriitorului Lucian Blaga, patronul spiritual al institu\u021biei de cultur\u0103, de la a c\u0103rui na\u0219tere se \u00eemplinesc 128 de ani.<\/strong> Acestea pot fi urm\u0103rite online, pe pagina de socializare a institu\u021biei, \u00eencep\u00e2nd cu ora 08.00, iar doritorii pot participa la momentul depunerii de flori, la bustul autorului, pe Aleea Scriitorilor din Alba Iulia, la ora 09.00.<\/p>\n\n\n\n<p>Atunci \u0219i-au anun\u021bat participarea \u0219i elevi ai \u0218colii Gimnaziale \u201eVasile Goldi\u0219\u201d din Alba Iulia, cu un moment recitativ, ocazie cu care vor afla lucruri interesante din prezentarea preg\u0103tit\u0103 de bibliograful institu\u021biei, Ana Maria Pienar.<\/p>\n\n\n\n<p>La ora 13.00, prin intermediul proiectului Seniori prin anotimpurile culturii, pe aceea\u0219i Alee a Scriitorilor din Alba Iulia, Lucian Blaga va primi un omagiu \u0219i din partea beneficiarilor Centrului de Zi pentru Persoane V\u00e2rstnice din Alba Iulia, care vor desf\u0103\u0219ura aici o activitate de anima\u021bie cultural\u0103, \u00eempreun\u0103 cu bibliotecara Mariana Zaharie.<\/p>\n\n\n\n<p>Pe parcursul zilei, pe pagina de Facebook a Bibliotecii Jude\u021bene \u201eLucian Blaga\u201d Alba ve\u021bi putea g\u0103si citate, poezii, recomand\u0103ri de carte pentru copii \u0219i adul\u021bi, precum \u0219i un medalion literar \u0219i o expozi\u021bie de carte, toate av\u00e2nd la baz\u0103 opera marelui Lucian Blaga.<\/p>\n\n\n\n<p>Poet, dramaturg, filosof \u0219i diplomat rom\u00e2n, Lucian Blaga s-a n\u0103scut \u00een data de 9 mai 1895, la Lancr\u0103m, Sebe\u0219, unde a urmat \u0219i \u0219coala primar\u0103. \u0218i-a continuat studiile la liceul \u201eAndrei \u0218aguna\u201d din Bra\u0219ov, urm\u00e2nd apoi Seminarul Teologic de la Sibiu, unde se \u00eenscrie pentru a evita \u00eenrolarea \u00een armata austro-ungar\u0103. Licen\u021biat al Facult\u0103\u021bii de Filosofie din Viena, apoi doctor \u00een filosofie, intr\u0103 \u00een diploma\u021bie mai \u00eent\u00e2i ca ata\u0219at de pres\u0103 \u0219i consilier la lega\u021biile Rom\u00e2niei din Var\u0219ovia, Praga, Berna \u0219i Viena, devenind ministru plenipoten\u021bial la Lisabona (1938-1939). Membru al Academiei Rom\u00e2ne, preia catedra de Filosofia Culturii a Universit\u0103\u021bii din Cluj, creat\u0103 special pentru el (1939-1948). Destituit dup\u0103 reforma \u00eenv\u0103\u021b\u0103m\u00e2ntului, devine cercet\u0103tor la Institutul de Istorie \u0219i Filosofie din Cluj, \u0219i la sec\u021bia de istorie literar\u0103 \u0219i folclor a Academiei, filiala Cluj. Moare \u00een data de 6 mai 1961, la Cluj.<\/p>\n\n\n\n<p>\u201eInaugurat\u0103 cu <em>Poemele luminii (1919), <\/em>opera poetic\u0103 antum\u0103 a lui Lucian Blaga cuprinde, p\u00e2n\u0103 \u00een 1943, \u00eenc\u0103 \u0219ase volume: <em>Pa\u0219ii profetului, \u00cen marea trecere, Lauda somnului, La cump\u0103na dintre ape, La cur\u021bile dorului, Neb\u0103nuitele trepte<\/em>, la care se adaug\u0103 versuri, majoritatea postume, din ciclurile <em>V\u00e2rsta de fier, C\u00e2ntecul focului, Cor\u0103bii cu cenu\u0219\u0103, Ce aude unicornul.<\/em><\/p>\n\n\n\n<p>La r\u00e2ndul s\u0103u, dramaturgia blagian\u0103 \u2013 de la misterul p\u0103g\u00e2n <em>Zamolxe, <\/em>la <em>Tulburarea apelor, Me\u0219terul Manole, Cruciada copiilor, Avram Iancu, etc. <\/em>pune frecvent \u00een ecua\u021bie elementaritatea existen\u021bei cu aspira\u021bia spre absolut, miticul cu istoricul.<\/p>\n\n\n\n<p>Foarte vast\u0103 este \u0219i opera filosofului Lucian Blaga, organizat\u0103 \u00een patru trilogii (a cunoa\u0219terii, a culturii, a valorilor \u0219i cosmologic\u0103), alc\u0103tuind un sistem \u00een care cugetarea pur\u0103 comunic\u0103 substan\u021bial cu g\u00e2ndirea mitic\u0103. C\u00e2teva culegeri de aforisme \u0219i eseuri rotunjesc, al\u0103turi de memorialistica din <em>Hronicul \u0219i c\u00e2ntecul v\u00e2rstelor <\/em>\u0219i de romanul autobiografic postum <em>Luntrea lui Charon<\/em>, imaginea uneia dintre cele mai complexe personalit\u0103\u021bi ale culturii moderne\u201d, se arat\u0103 \u00een Dic\u021bionarul Scriitorilor Rom\u00e2ni, coordonat de Mircea Zaciu, Marian Papahagi \u0219i Aurel Sasu.<\/p>\n","protected":false},"excerpt":{"rendered":"<p>Mar\u021bi, 9 mai 2023, Consiliul Jude\u021bean Alba \u0219i Biblioteca Jude\u021bean\u0103 \u201eLucian Blaga\u201d Alba propun publicului o serie de momente dedicate scriitorului Lucian Blaga, patronul spiritual al institu\u021biei de cultur\u0103, de la a c\u0103rui na\u0219tere se \u00eemplinesc 128 de ani. Acestea pot fi urm\u0103rite online, pe pagina de socializare a institu\u021biei, \u00eencep\u00e2nd cu ora 08.00, iar &hellip;<\/p>\n","protected":false},"author":16,"featured_media":107525,"comment_status":"open","ping_status":"open","sticky":false,"template":"","format":"standard","meta":{"inline_featured_image":false,"footnotes":""},"categories":[4],"tags":[2113,10858],"class_list":["post-107524","post","type-post","status-publish","format-standard","has-post-thumbnail","hentry","category-eveniment","tag-biblioteca-judeteana-lucian-blaga-alba","tag-lucian-blaga"],"yoast_head":"<!-- This site is optimized with the Yoast SEO plugin v27.4 - https:\/\/yoast.com\/product\/yoast-seo-wordpress\/ -->\n<title>Lucian Blaga, omagiat de Consiliul Jude\u021bean Alba \u0219i Biblioteca Jude\u021bean\u0103 \u201eLucian Blaga\u201d Alba - Revista Urbea Mea - Revista de Alba<\/title>\n<meta name=\"description\" content=\"Mar\u021bi, 9 mai 2023, Consiliul Jude\u021bean Alba \u0219i Biblioteca Jude\u021bean\u0103 \u201eLucian Blaga\u201d Alba propun publicului o serie de momente dedicate scriitorului Lucian\" \/>\n<meta name=\"robots\" content=\"index, follow, max-snippet:-1, max-image-preview:large, max-video-preview:-1\" \/>\n<link rel=\"canonical\" href=\"https:\/\/urbeamea.ro\/albaiulia\/lucian-blaga-omagiat-de-consiliul-judetean-alba-si-biblioteca-judeteana-lucian-blaga-alba\/\" \/>\n<meta name=\"twitter:card\" content=\"summary_large_image\" \/>\n<meta name=\"twitter:title\" content=\"Lucian Blaga, omagiat de Consiliul Jude\u021bean Alba \u0219i Biblioteca Jude\u021bean\u0103 \u201eLucian Blaga\u201d Alba - Revista Urbea Mea - Revista de Alba\" \/>\n<meta name=\"twitter:description\" content=\"Mar\u021bi, 9 mai 2023, Consiliul Jude\u021bean Alba \u0219i Biblioteca Jude\u021bean\u0103 \u201eLucian Blaga\u201d Alba propun publicului o serie de momente dedicate scriitorului Lucian\" \/>\n<meta name=\"twitter:image\" content=\"https:\/\/urbeamea.ro\/albaiulia\/wp-content\/uploads\/2023\/05\/4.4-Monumentele-literaturii-romane-Blaga-9-mai-2023.jpg\" \/>\n<meta name=\"twitter:creator\" content=\"@urbeameaweb\" \/>\n<meta name=\"twitter:site\" content=\"@urbeameaweb\" \/>\n<script type=\"application\/ld+json\" class=\"yoast-schema-graph\">{\"@context\":\"https:\\\/\\\/schema.org\",\"@graph\":[{\"@type\":\"Article\",\"@id\":\"https:\\\/\\\/urbeamea.ro\\\/albaiulia\\\/lucian-blaga-omagiat-de-consiliul-judetean-alba-si-biblioteca-judeteana-lucian-blaga-alba\\\/#article\",\"isPartOf\":{\"@id\":\"https:\\\/\\\/urbeamea.ro\\\/albaiulia\\\/lucian-blaga-omagiat-de-consiliul-judetean-alba-si-biblioteca-judeteana-lucian-blaga-alba\\\/\"},\"author\":{\"name\":\"Redac\u021bia UrbeaMea\",\"@id\":\"https:\\\/\\\/urbeamea.ro\\\/albaiulia\\\/#\\\/schema\\\/person\\\/272ae98052f8ee8980f59848df070247\"},\"headline\":\"Lucian Blaga, omagiat de Consiliul Jude\u021bean Alba \u0219i Biblioteca Jude\u021bean\u0103 \u201eLucian Blaga\u201d Alba\",\"datePublished\":\"2023-05-08T12:16:32+00:00\",\"dateModified\":\"2023-05-08T12:16:34+00:00\",\"mainEntityOfPage\":{\"@id\":\"https:\\\/\\\/urbeamea.ro\\\/albaiulia\\\/lucian-blaga-omagiat-de-consiliul-judetean-alba-si-biblioteca-judeteana-lucian-blaga-alba\\\/\"},\"wordCount\":585,\"commentCount\":0,\"image\":{\"@id\":\"https:\\\/\\\/urbeamea.ro\\\/albaiulia\\\/lucian-blaga-omagiat-de-consiliul-judetean-alba-si-biblioteca-judeteana-lucian-blaga-alba\\\/#primaryimage\"},\"thumbnailUrl\":\"https:\\\/\\\/urbeamea.ro\\\/albaiulia\\\/wp-content\\\/uploads\\\/2023\\\/05\\\/4.4-Monumentele-literaturii-romane-Blaga-9-mai-2023.jpg\",\"keywords\":[\"Biblioteca Jude\u0163ean\u0103 \u201cLucian Blaga\u201d Alba\",\"lucian blaga\"],\"articleSection\":[\"Evenimente\"],\"inLanguage\":\"ro-RO\",\"potentialAction\":[{\"@type\":\"CommentAction\",\"name\":\"Comment\",\"target\":[\"https:\\\/\\\/urbeamea.ro\\\/albaiulia\\\/lucian-blaga-omagiat-de-consiliul-judetean-alba-si-biblioteca-judeteana-lucian-blaga-alba\\\/#respond\"]}]},{\"@type\":\"WebPage\",\"@id\":\"https:\\\/\\\/urbeamea.ro\\\/albaiulia\\\/lucian-blaga-omagiat-de-consiliul-judetean-alba-si-biblioteca-judeteana-lucian-blaga-alba\\\/\",\"url\":\"https:\\\/\\\/urbeamea.ro\\\/albaiulia\\\/lucian-blaga-omagiat-de-consiliul-judetean-alba-si-biblioteca-judeteana-lucian-blaga-alba\\\/\",\"name\":\"Lucian Blaga, omagiat de Consiliul Jude\u021bean Alba \u0219i Biblioteca Jude\u021bean\u0103 \u201eLucian Blaga\u201d Alba - Revista Urbea Mea - Revista de Alba\",\"isPartOf\":{\"@id\":\"https:\\\/\\\/urbeamea.ro\\\/albaiulia\\\/#website\"},\"primaryImageOfPage\":{\"@id\":\"https:\\\/\\\/urbeamea.ro\\\/albaiulia\\\/lucian-blaga-omagiat-de-consiliul-judetean-alba-si-biblioteca-judeteana-lucian-blaga-alba\\\/#primaryimage\"},\"image\":{\"@id\":\"https:\\\/\\\/urbeamea.ro\\\/albaiulia\\\/lucian-blaga-omagiat-de-consiliul-judetean-alba-si-biblioteca-judeteana-lucian-blaga-alba\\\/#primaryimage\"},\"thumbnailUrl\":\"https:\\\/\\\/urbeamea.ro\\\/albaiulia\\\/wp-content\\\/uploads\\\/2023\\\/05\\\/4.4-Monumentele-literaturii-romane-Blaga-9-mai-2023.jpg\",\"datePublished\":\"2023-05-08T12:16:32+00:00\",\"dateModified\":\"2023-05-08T12:16:34+00:00\",\"author\":{\"@id\":\"https:\\\/\\\/urbeamea.ro\\\/albaiulia\\\/#\\\/schema\\\/person\\\/272ae98052f8ee8980f59848df070247\"},\"description\":\"Mar\u021bi, 9 mai 2023, Consiliul Jude\u021bean Alba \u0219i Biblioteca Jude\u021bean\u0103 \u201eLucian Blaga\u201d Alba propun publicului o serie de momente dedicate scriitorului Lucian\",\"breadcrumb\":{\"@id\":\"https:\\\/\\\/urbeamea.ro\\\/albaiulia\\\/lucian-blaga-omagiat-de-consiliul-judetean-alba-si-biblioteca-judeteana-lucian-blaga-alba\\\/#breadcrumb\"},\"inLanguage\":\"ro-RO\",\"potentialAction\":[{\"@type\":\"ReadAction\",\"target\":[\"https:\\\/\\\/urbeamea.ro\\\/albaiulia\\\/lucian-blaga-omagiat-de-consiliul-judetean-alba-si-biblioteca-judeteana-lucian-blaga-alba\\\/\"]}]},{\"@type\":\"ImageObject\",\"inLanguage\":\"ro-RO\",\"@id\":\"https:\\\/\\\/urbeamea.ro\\\/albaiulia\\\/lucian-blaga-omagiat-de-consiliul-judetean-alba-si-biblioteca-judeteana-lucian-blaga-alba\\\/#primaryimage\",\"url\":\"https:\\\/\\\/urbeamea.ro\\\/albaiulia\\\/wp-content\\\/uploads\\\/2023\\\/05\\\/4.4-Monumentele-literaturii-romane-Blaga-9-mai-2023.jpg\",\"contentUrl\":\"https:\\\/\\\/urbeamea.ro\\\/albaiulia\\\/wp-content\\\/uploads\\\/2023\\\/05\\\/4.4-Monumentele-literaturii-romane-Blaga-9-mai-2023.jpg\",\"width\":1131,\"height\":1600},{\"@type\":\"BreadcrumbList\",\"@id\":\"https:\\\/\\\/urbeamea.ro\\\/albaiulia\\\/lucian-blaga-omagiat-de-consiliul-judetean-alba-si-biblioteca-judeteana-lucian-blaga-alba\\\/#breadcrumb\",\"itemListElement\":[{\"@type\":\"ListItem\",\"position\":1,\"name\":\"Prima pagin\u0103\",\"item\":\"https:\\\/\\\/urbeamea.ro\\\/albaiulia\\\/\"},{\"@type\":\"ListItem\",\"position\":2,\"name\":\"Lucian Blaga, omagiat de Consiliul Jude\u021bean Alba \u0219i Biblioteca Jude\u021bean\u0103 \u201eLucian Blaga\u201d Alba\"}]},{\"@type\":\"WebSite\",\"@id\":\"https:\\\/\\\/urbeamea.ro\\\/albaiulia\\\/#website\",\"url\":\"https:\\\/\\\/urbeamea.ro\\\/albaiulia\\\/\",\"name\":\"Revista Urbea Mea, Stiri urbane\",\"description\":\"Evenimente \u0219i \u0219tiri din Alba Iulia, Sebe\u0219, Aiud, Blaj\",\"potentialAction\":[{\"@type\":\"SearchAction\",\"target\":{\"@type\":\"EntryPoint\",\"urlTemplate\":\"https:\\\/\\\/urbeamea.ro\\\/albaiulia\\\/?s={search_term_string}\"},\"query-input\":{\"@type\":\"PropertyValueSpecification\",\"valueRequired\":true,\"valueName\":\"search_term_string\"}}],\"inLanguage\":\"ro-RO\"},{\"@type\":\"Person\",\"@id\":\"https:\\\/\\\/urbeamea.ro\\\/albaiulia\\\/#\\\/schema\\\/person\\\/272ae98052f8ee8980f59848df070247\",\"name\":\"Redac\u021bia UrbeaMea\",\"image\":{\"@type\":\"ImageObject\",\"inLanguage\":\"ro-RO\",\"@id\":\"https:\\\/\\\/secure.gravatar.com\\\/avatar\\\/9ce5a9435071fa1037e8468053ead8e513dbbff59009d3069aadb85506d85a27?s=96&d=mm&r=g\",\"url\":\"https:\\\/\\\/secure.gravatar.com\\\/avatar\\\/9ce5a9435071fa1037e8468053ead8e513dbbff59009d3069aadb85506d85a27?s=96&d=mm&r=g\",\"contentUrl\":\"https:\\\/\\\/secure.gravatar.com\\\/avatar\\\/9ce5a9435071fa1037e8468053ead8e513dbbff59009d3069aadb85506d85a27?s=96&d=mm&r=g\",\"caption\":\"Redac\u021bia UrbeaMea\"},\"description\":\"contact@urbeamea.ro\",\"sameAs\":[\"https:\\\/\\\/www.urbeamea.ro\"],\"url\":\"https:\\\/\\\/urbeamea.ro\\\/albaiulia\\\/author\\\/redactia-urbeamea\\\/\"}]}<\/script>\n<!-- \/ Yoast SEO plugin. -->","yoast_head_json":{"title":"Lucian Blaga, omagiat de Consiliul Jude\u021bean Alba \u0219i Biblioteca Jude\u021bean\u0103 \u201eLucian Blaga\u201d Alba - Revista Urbea Mea - Revista de Alba","description":"Mar\u021bi, 9 mai 2023, Consiliul Jude\u021bean Alba \u0219i Biblioteca Jude\u021bean\u0103 \u201eLucian Blaga\u201d Alba propun publicului o serie de momente dedicate scriitorului Lucian","robots":{"index":"index","follow":"follow","max-snippet":"max-snippet:-1","max-image-preview":"max-image-preview:large","max-video-preview":"max-video-preview:-1"},"canonical":"https:\/\/urbeamea.ro\/albaiulia\/lucian-blaga-omagiat-de-consiliul-judetean-alba-si-biblioteca-judeteana-lucian-blaga-alba\/","twitter_card":"summary_large_image","twitter_title":"Lucian Blaga, omagiat de Consiliul Jude\u021bean Alba \u0219i Biblioteca Jude\u021bean\u0103 \u201eLucian Blaga\u201d Alba - Revista Urbea Mea - Revista de Alba","twitter_description":"Mar\u021bi, 9 mai 2023, Consiliul Jude\u021bean Alba \u0219i Biblioteca Jude\u021bean\u0103 \u201eLucian Blaga\u201d Alba propun publicului o serie de momente dedicate scriitorului Lucian","twitter_image":"https:\/\/urbeamea.ro\/albaiulia\/wp-content\/uploads\/2023\/05\/4.4-Monumentele-literaturii-romane-Blaga-9-mai-2023.jpg","twitter_creator":"@urbeameaweb","twitter_site":"@urbeameaweb","schema":{"@context":"https:\/\/schema.org","@graph":[{"@type":"Article","@id":"https:\/\/urbeamea.ro\/albaiulia\/lucian-blaga-omagiat-de-consiliul-judetean-alba-si-biblioteca-judeteana-lucian-blaga-alba\/#article","isPartOf":{"@id":"https:\/\/urbeamea.ro\/albaiulia\/lucian-blaga-omagiat-de-consiliul-judetean-alba-si-biblioteca-judeteana-lucian-blaga-alba\/"},"author":{"name":"Redac\u021bia UrbeaMea","@id":"https:\/\/urbeamea.ro\/albaiulia\/#\/schema\/person\/272ae98052f8ee8980f59848df070247"},"headline":"Lucian Blaga, omagiat de Consiliul Jude\u021bean Alba \u0219i Biblioteca Jude\u021bean\u0103 \u201eLucian Blaga\u201d Alba","datePublished":"2023-05-08T12:16:32+00:00","dateModified":"2023-05-08T12:16:34+00:00","mainEntityOfPage":{"@id":"https:\/\/urbeamea.ro\/albaiulia\/lucian-blaga-omagiat-de-consiliul-judetean-alba-si-biblioteca-judeteana-lucian-blaga-alba\/"},"wordCount":585,"commentCount":0,"image":{"@id":"https:\/\/urbeamea.ro\/albaiulia\/lucian-blaga-omagiat-de-consiliul-judetean-alba-si-biblioteca-judeteana-lucian-blaga-alba\/#primaryimage"},"thumbnailUrl":"https:\/\/urbeamea.ro\/albaiulia\/wp-content\/uploads\/2023\/05\/4.4-Monumentele-literaturii-romane-Blaga-9-mai-2023.jpg","keywords":["Biblioteca Jude\u0163ean\u0103 \u201cLucian Blaga\u201d Alba","lucian blaga"],"articleSection":["Evenimente"],"inLanguage":"ro-RO","potentialAction":[{"@type":"CommentAction","name":"Comment","target":["https:\/\/urbeamea.ro\/albaiulia\/lucian-blaga-omagiat-de-consiliul-judetean-alba-si-biblioteca-judeteana-lucian-blaga-alba\/#respond"]}]},{"@type":"WebPage","@id":"https:\/\/urbeamea.ro\/albaiulia\/lucian-blaga-omagiat-de-consiliul-judetean-alba-si-biblioteca-judeteana-lucian-blaga-alba\/","url":"https:\/\/urbeamea.ro\/albaiulia\/lucian-blaga-omagiat-de-consiliul-judetean-alba-si-biblioteca-judeteana-lucian-blaga-alba\/","name":"Lucian Blaga, omagiat de Consiliul Jude\u021bean Alba \u0219i Biblioteca Jude\u021bean\u0103 \u201eLucian Blaga\u201d Alba - Revista Urbea Mea - Revista de Alba","isPartOf":{"@id":"https:\/\/urbeamea.ro\/albaiulia\/#website"},"primaryImageOfPage":{"@id":"https:\/\/urbeamea.ro\/albaiulia\/lucian-blaga-omagiat-de-consiliul-judetean-alba-si-biblioteca-judeteana-lucian-blaga-alba\/#primaryimage"},"image":{"@id":"https:\/\/urbeamea.ro\/albaiulia\/lucian-blaga-omagiat-de-consiliul-judetean-alba-si-biblioteca-judeteana-lucian-blaga-alba\/#primaryimage"},"thumbnailUrl":"https:\/\/urbeamea.ro\/albaiulia\/wp-content\/uploads\/2023\/05\/4.4-Monumentele-literaturii-romane-Blaga-9-mai-2023.jpg","datePublished":"2023-05-08T12:16:32+00:00","dateModified":"2023-05-08T12:16:34+00:00","author":{"@id":"https:\/\/urbeamea.ro\/albaiulia\/#\/schema\/person\/272ae98052f8ee8980f59848df070247"},"description":"Mar\u021bi, 9 mai 2023, Consiliul Jude\u021bean Alba \u0219i Biblioteca Jude\u021bean\u0103 \u201eLucian Blaga\u201d Alba propun publicului o serie de momente dedicate scriitorului Lucian","breadcrumb":{"@id":"https:\/\/urbeamea.ro\/albaiulia\/lucian-blaga-omagiat-de-consiliul-judetean-alba-si-biblioteca-judeteana-lucian-blaga-alba\/#breadcrumb"},"inLanguage":"ro-RO","potentialAction":[{"@type":"ReadAction","target":["https:\/\/urbeamea.ro\/albaiulia\/lucian-blaga-omagiat-de-consiliul-judetean-alba-si-biblioteca-judeteana-lucian-blaga-alba\/"]}]},{"@type":"ImageObject","inLanguage":"ro-RO","@id":"https:\/\/urbeamea.ro\/albaiulia\/lucian-blaga-omagiat-de-consiliul-judetean-alba-si-biblioteca-judeteana-lucian-blaga-alba\/#primaryimage","url":"https:\/\/urbeamea.ro\/albaiulia\/wp-content\/uploads\/2023\/05\/4.4-Monumentele-literaturii-romane-Blaga-9-mai-2023.jpg","contentUrl":"https:\/\/urbeamea.ro\/albaiulia\/wp-content\/uploads\/2023\/05\/4.4-Monumentele-literaturii-romane-Blaga-9-mai-2023.jpg","width":1131,"height":1600},{"@type":"BreadcrumbList","@id":"https:\/\/urbeamea.ro\/albaiulia\/lucian-blaga-omagiat-de-consiliul-judetean-alba-si-biblioteca-judeteana-lucian-blaga-alba\/#breadcrumb","itemListElement":[{"@type":"ListItem","position":1,"name":"Prima pagin\u0103","item":"https:\/\/urbeamea.ro\/albaiulia\/"},{"@type":"ListItem","position":2,"name":"Lucian Blaga, omagiat de Consiliul Jude\u021bean Alba \u0219i Biblioteca Jude\u021bean\u0103 \u201eLucian Blaga\u201d Alba"}]},{"@type":"WebSite","@id":"https:\/\/urbeamea.ro\/albaiulia\/#website","url":"https:\/\/urbeamea.ro\/albaiulia\/","name":"Revista Urbea Mea, Stiri urbane","description":"Evenimente \u0219i \u0219tiri din Alba Iulia, Sebe\u0219, Aiud, Blaj","potentialAction":[{"@type":"SearchAction","target":{"@type":"EntryPoint","urlTemplate":"https:\/\/urbeamea.ro\/albaiulia\/?s={search_term_string}"},"query-input":{"@type":"PropertyValueSpecification","valueRequired":true,"valueName":"search_term_string"}}],"inLanguage":"ro-RO"},{"@type":"Person","@id":"https:\/\/urbeamea.ro\/albaiulia\/#\/schema\/person\/272ae98052f8ee8980f59848df070247","name":"Redac\u021bia UrbeaMea","image":{"@type":"ImageObject","inLanguage":"ro-RO","@id":"https:\/\/secure.gravatar.com\/avatar\/9ce5a9435071fa1037e8468053ead8e513dbbff59009d3069aadb85506d85a27?s=96&d=mm&r=g","url":"https:\/\/secure.gravatar.com\/avatar\/9ce5a9435071fa1037e8468053ead8e513dbbff59009d3069aadb85506d85a27?s=96&d=mm&r=g","contentUrl":"https:\/\/secure.gravatar.com\/avatar\/9ce5a9435071fa1037e8468053ead8e513dbbff59009d3069aadb85506d85a27?s=96&d=mm&r=g","caption":"Redac\u021bia UrbeaMea"},"description":"contact@urbeamea.ro","sameAs":["https:\/\/www.urbeamea.ro"],"url":"https:\/\/urbeamea.ro\/albaiulia\/author\/redactia-urbeamea\/"}]}},"_links":{"self":[{"href":"https:\/\/urbeamea.ro\/albaiulia\/wp-json\/wp\/v2\/posts\/107524","targetHints":{"allow":["GET"]}}],"collection":[{"href":"https:\/\/urbeamea.ro\/albaiulia\/wp-json\/wp\/v2\/posts"}],"about":[{"href":"https:\/\/urbeamea.ro\/albaiulia\/wp-json\/wp\/v2\/types\/post"}],"author":[{"embeddable":true,"href":"https:\/\/urbeamea.ro\/albaiulia\/wp-json\/wp\/v2\/users\/16"}],"replies":[{"embeddable":true,"href":"https:\/\/urbeamea.ro\/albaiulia\/wp-json\/wp\/v2\/comments?post=107524"}],"version-history":[{"count":1,"href":"https:\/\/urbeamea.ro\/albaiulia\/wp-json\/wp\/v2\/posts\/107524\/revisions"}],"predecessor-version":[{"id":107526,"href":"https:\/\/urbeamea.ro\/albaiulia\/wp-json\/wp\/v2\/posts\/107524\/revisions\/107526"}],"wp:featuredmedia":[{"embeddable":true,"href":"https:\/\/urbeamea.ro\/albaiulia\/wp-json\/wp\/v2\/media\/107525"}],"wp:attachment":[{"href":"https:\/\/urbeamea.ro\/albaiulia\/wp-json\/wp\/v2\/media?parent=107524"}],"wp:term":[{"taxonomy":"category","embeddable":true,"href":"https:\/\/urbeamea.ro\/albaiulia\/wp-json\/wp\/v2\/categories?post=107524"},{"taxonomy":"post_tag","embeddable":true,"href":"https:\/\/urbeamea.ro\/albaiulia\/wp-json\/wp\/v2\/tags?post=107524"}],"curies":[{"name":"wp","href":"https:\/\/api.w.org\/{rel}","templated":true}]}}