{"id":107527,"date":"2023-05-08T15:19:50","date_gmt":"2023-05-08T12:19:50","guid":{"rendered":"https:\/\/urbeamea.ro\/albaiulia\/?p=107527"},"modified":"2023-05-08T15:19:54","modified_gmt":"2023-05-08T12:19:54","slug":"8-mai-ziua-mondiala-a-crucii-rosii-si-a-semilunii-rosii-3","status":"publish","type":"post","link":"https:\/\/urbeamea.ro\/albaiulia\/8-mai-ziua-mondiala-a-crucii-rosii-si-a-semilunii-rosii-3\/","title":{"rendered":"8 mai &#8211; Ziua Mondiala a Crucii Ro\u0219ii \u0219i a Semilunii Ro\u0219ii"},"content":{"rendered":"\n<h2 class=\"wp-block-heading\"><strong>#Tot ceea ce facem vine din inim\u0103<\/strong><strong><\/strong><\/h2>\n\n\n\n<p><strong>Bucure\u0219ti, 8 mai 2023<\/strong> \u2013<strong><em> <\/em><\/strong><strong>Ast\u0103zi, 8 mai, s\u0103rb\u0103torim Ziua Mondial\u0103 a Crucii Ro\u0219ii \u0219i a Semilunii Ro\u0219ii. Este o zi \u00een care celebr\u0103m <\/strong><strong>mo\u0219tenirea lui Henry Dunant &#8211; a c\u0103rui viziune a dus la crearea Mi\u0219c\u0103rii Mondiale a Crucii Ro\u0219ii \u0219i Semilunii Ro\u0219ii &#8211; \u0219i a numero\u0219ilor voluntari care l-au urmat. Angajamentul lor neclintit \u0219i dedicarea exemplar\u0103 de a ajuta pe oricine are nevoie, oriunde \u0219i de a respecta \u00eentotdeauna Principiile Fundamentale, fie c\u0103 r\u0103spund la catastrofe naturale, crize climatice, conflicte, urgen\u021be de s\u0103n\u0103tate sau migra\u021bie, sunt admirate \u00een \u00eentreaga lume.<\/strong><\/p>\n\n\n\n<p>Mi\u0219carea Interna\u021bional\u0103 de Cruce Ro\u0219ie \u0219i Semilun\u0103 Ro\u0219ie s\u0103rb\u0103tore\u0219te peste 160 de ani de ac\u021biune umanitar\u0103 la nivel global. Ea este format\u0103 din Comitetul Interna\u021bional al Crucii Ro\u0219ii, Federa\u021bia Interna\u021bional\u0103 a Societ\u0103\u021bilor de Cruce Ro\u0219ie \u0219i Semilun\u0103 Ro\u0219ie \u0219i 192 de Societ\u0103\u021bi Na\u021bionale. Voluntarii sunt primii care r\u0103spund nevoilor, lucr\u00e2nd ne\u00eencetat pentru a-i sprijini pe cei mai afecta\u021bi.&nbsp; Ace\u0219tia se afl\u0103 pe teren \u00een locurile afectate de dezastre \u0219i conflicte, acord\u00e2nd primul ajutor, oferind \u00eengrijire, distribuind materiale umanitare esen\u021biale, sunt oameni care, \u00een mod obi\u0219nuit, \u00eei pun pe ceilal\u021bi pe primul loc pentru c\u0103 toate ac\u021biunile lor vin <strong>&nbsp;\u2019\u2019din inim\u0103\u2019\u2019.<\/strong><\/p>\n\n\n\n<p>\u00cen Rom\u00e2nia, Crucea Ro\u0219ie Rom\u00e2n\u0103, parte a Mi\u0219c\u0103rii Interna\u021bionale de Cruce Ro\u0219ie \u0219i Semilun\u0103 Ro\u0219ie, are \u00een Rom\u00e2nia o lung\u0103 tradi\u021bie de ajutorare a celor mai vulnerabili. Cei peste 5000 de voluntari la nivel national, prin intermediul programelor de s\u0103n\u0103tate, reducerea riscului de dezastre, incluziune social\u0103 \u0219i multe altele, ajung la mii de oameni \u00een fiecare an \u0219i permit ca schimbarea s\u0103 se produc\u0103 din interiorul comunit\u0103\u021bilor, \u00een concordan\u021b\u0103 cu nevoile, aspira\u021biile \u0219i contextele locale.<\/p>\n\n\n\n<blockquote class=\"wp-block-quote is-layout-flow wp-block-quote-is-layout-flow\">\n<p><em>\u00cen aceast\u0103 zi special\u0103, mul\u021bumesc voluntarilor \u0219i angaja\u021bilor Crucii Ro\u0219ii \u0219i Semilunii Ro\u0219ii din \u00eentreaga lume, care, \u00een fiecare zi, \u00een \u021b\u0103rile, regiunile \u0219i comunit\u0103\u021bile lor, ofer\u0103 ajutor, speran\u021b\u0103\u00a0 \u0219i \u00eencredere persoanelor aflate \u00een situa\u021bii vulnerabile. For\u021ba noastr\u0103 const\u0103 \u00een unitatea noastr\u0103, \u00een hot\u0103r\u00e2rea de a duce mai departe idealurile unei ac\u021biuni umanitare neutre, impar\u021biale \u0219i independente. Ne men\u021binem angajamentul de a implementa, acum \u0219i \u00een viitor, proiecte umanitare relevante \u0219i oportune comunit\u0103\u021bilor vulnerabile astfel \u00eenc\u00e2t s\u0103 putem schimba vie\u021bi.<\/em><\/p>\n<cite>Ioan Silviu Lefter, director general al Crucii Ro\u0219ii Rom\u00e2ne<\/cite><\/blockquote>\n\n\n\n<p>\u00cen ciuda provoc\u0103rilor cu care se confrunt\u0103 umanitatea &#8211; cre\u0219terea num\u0103rului de dezastre naturale \u0219i de urgen\u021be sanitare, nerespectarea dreptului umanitar interna\u021bional \u0219i dificult\u0103\u021bile \u00eent\u00e2mpinate de actorii umanitari pentru a ajunge la persoanele aflate \u00een nevoie \u00een anumite context &#8211; Mi\u0219carea de Cruce Ro\u0219ie \u0219i Semiluna Ro\u0219ie r\u0103m\u00e2ne dedicat\u0103 ajut\u0103rii celor mai vulnerabili. Toate ac\u021biunile Crucii Ro\u0219ii \u0219i ale Semilunii Ro\u0219ii sunt conduse de valori umanitare precum neutralitatea, protec\u021bia demnit\u0103\u021bii umane \u0219i respectul pentru diversitate, care sunt \u00eencorporate \u00een cele \u0219apte principii fundamentale ale Mi\u0219c\u0103rii de Cruce Ro\u0219ie \u0219i Semilun\u0103 Ro\u0219ie. \u00cen contextul unei lumi \u00een schimbare rapid\u0103, aceste principii fundamentale sunt mai relevante ca niciodat\u0103, ghid\u00e2nd ac\u021biunile noastre pentru a r\u0103spunde nevoilor umane emergente.<\/p>\n\n\n\n<p>Privind spre viitor, pe m\u0103sur\u0103 ce nevoile umanitare evolueaz\u0103, Mi\u0219carea de Cruce Ro\u0219ie \u0219i Semiluna Ro\u0219ie \u00ee\u0219i men\u021bine angajamentul fa\u021b\u0103 de umanitate \u0219i va c\u0103uta \u00eentotdeauna abord\u0103ri inovatoare \u0219i cu impact \u00een ajutorarea persoanelor vulnerabile.<\/p>\n\n\n\n<p>Pentru c\u0103 tot ceea ce facem vine #Din inim\u0103<\/p>\n\n\n\n<figure class=\"wp-block-gallery has-nested-images columns-default is-cropped wp-block-gallery-1 is-layout-flex wp-block-gallery-is-layout-flex\">\n<figure class=\"wp-block-image size-large\"><a href=\"https:\/\/urbeamea.ro\/albaiulia\/wp-content\/uploads\/2023\/05\/8.png\"><img loading=\"lazy\" decoding=\"async\" width=\"820\" height=\"312\" data-id=\"107529\" src=\"https:\/\/urbeamea.ro\/albaiulia\/wp-content\/uploads\/2023\/05\/8.png\" alt=\"\" class=\"wp-image-107529\" srcset=\"https:\/\/urbeamea.ro\/albaiulia\/wp-content\/uploads\/2023\/05\/8.png 820w, https:\/\/urbeamea.ro\/albaiulia\/wp-content\/uploads\/2023\/05\/8-640x244.png 640w, https:\/\/urbeamea.ro\/albaiulia\/wp-content\/uploads\/2023\/05\/8-150x57.png 150w, https:\/\/urbeamea.ro\/albaiulia\/wp-content\/uploads\/2023\/05\/8-768x292.png 768w\" sizes=\"auto, (max-width: 820px) 100vw, 820px\" \/><\/a><\/figure>\n\n\n\n<figure class=\"wp-block-image size-large\"><a href=\"https:\/\/urbeamea.ro\/albaiulia\/wp-content\/uploads\/2023\/05\/7.png\"><img loading=\"lazy\" decoding=\"async\" width=\"820\" height=\"312\" data-id=\"107534\" src=\"https:\/\/urbeamea.ro\/albaiulia\/wp-content\/uploads\/2023\/05\/7.png\" alt=\"\" class=\"wp-image-107534\" srcset=\"https:\/\/urbeamea.ro\/albaiulia\/wp-content\/uploads\/2023\/05\/7.png 820w, https:\/\/urbeamea.ro\/albaiulia\/wp-content\/uploads\/2023\/05\/7-640x244.png 640w, https:\/\/urbeamea.ro\/albaiulia\/wp-content\/uploads\/2023\/05\/7-150x57.png 150w, https:\/\/urbeamea.ro\/albaiulia\/wp-content\/uploads\/2023\/05\/7-768x292.png 768w\" sizes=\"auto, (max-width: 820px) 100vw, 820px\" \/><\/a><\/figure>\n\n\n\n<figure class=\"wp-block-image size-large\"><a href=\"https:\/\/urbeamea.ro\/albaiulia\/wp-content\/uploads\/2023\/05\/6.png\"><img loading=\"lazy\" decoding=\"async\" width=\"820\" height=\"312\" data-id=\"107530\" src=\"https:\/\/urbeamea.ro\/albaiulia\/wp-content\/uploads\/2023\/05\/6.png\" alt=\"\" class=\"wp-image-107530\" srcset=\"https:\/\/urbeamea.ro\/albaiulia\/wp-content\/uploads\/2023\/05\/6.png 820w, https:\/\/urbeamea.ro\/albaiulia\/wp-content\/uploads\/2023\/05\/6-640x244.png 640w, https:\/\/urbeamea.ro\/albaiulia\/wp-content\/uploads\/2023\/05\/6-150x57.png 150w, https:\/\/urbeamea.ro\/albaiulia\/wp-content\/uploads\/2023\/05\/6-768x292.png 768w\" sizes=\"auto, (max-width: 820px) 100vw, 820px\" \/><\/a><\/figure>\n\n\n\n<figure class=\"wp-block-image size-large\"><a href=\"https:\/\/urbeamea.ro\/albaiulia\/wp-content\/uploads\/2023\/05\/3.png\"><img loading=\"lazy\" decoding=\"async\" width=\"820\" height=\"312\" data-id=\"107531\" src=\"https:\/\/urbeamea.ro\/albaiulia\/wp-content\/uploads\/2023\/05\/3.png\" alt=\"\" class=\"wp-image-107531\" srcset=\"https:\/\/urbeamea.ro\/albaiulia\/wp-content\/uploads\/2023\/05\/3.png 820w, https:\/\/urbeamea.ro\/albaiulia\/wp-content\/uploads\/2023\/05\/3-640x244.png 640w, https:\/\/urbeamea.ro\/albaiulia\/wp-content\/uploads\/2023\/05\/3-150x57.png 150w, https:\/\/urbeamea.ro\/albaiulia\/wp-content\/uploads\/2023\/05\/3-768x292.png 768w\" sizes=\"auto, (max-width: 820px) 100vw, 820px\" \/><\/a><\/figure>\n\n\n\n<figure class=\"wp-block-image size-large\"><a href=\"https:\/\/urbeamea.ro\/albaiulia\/wp-content\/uploads\/2023\/05\/4.png\"><img loading=\"lazy\" decoding=\"async\" width=\"820\" height=\"312\" data-id=\"107528\" src=\"https:\/\/urbeamea.ro\/albaiulia\/wp-content\/uploads\/2023\/05\/4.png\" alt=\"\" class=\"wp-image-107528\" srcset=\"https:\/\/urbeamea.ro\/albaiulia\/wp-content\/uploads\/2023\/05\/4.png 820w, https:\/\/urbeamea.ro\/albaiulia\/wp-content\/uploads\/2023\/05\/4-640x244.png 640w, https:\/\/urbeamea.ro\/albaiulia\/wp-content\/uploads\/2023\/05\/4-150x57.png 150w, https:\/\/urbeamea.ro\/albaiulia\/wp-content\/uploads\/2023\/05\/4-768x292.png 768w\" sizes=\"auto, (max-width: 820px) 100vw, 820px\" \/><\/a><\/figure>\n\n\n\n<figure class=\"wp-block-image size-large\"><a href=\"https:\/\/urbeamea.ro\/albaiulia\/wp-content\/uploads\/2023\/05\/5.png\"><img loading=\"lazy\" decoding=\"async\" width=\"820\" height=\"312\" data-id=\"107532\" src=\"https:\/\/urbeamea.ro\/albaiulia\/wp-content\/uploads\/2023\/05\/5.png\" alt=\"\" class=\"wp-image-107532\" srcset=\"https:\/\/urbeamea.ro\/albaiulia\/wp-content\/uploads\/2023\/05\/5.png 820w, https:\/\/urbeamea.ro\/albaiulia\/wp-content\/uploads\/2023\/05\/5-640x244.png 640w, https:\/\/urbeamea.ro\/albaiulia\/wp-content\/uploads\/2023\/05\/5-150x57.png 150w, https:\/\/urbeamea.ro\/albaiulia\/wp-content\/uploads\/2023\/05\/5-768x292.png 768w\" sizes=\"auto, (max-width: 820px) 100vw, 820px\" \/><\/a><\/figure>\n\n\n\n<figure class=\"wp-block-image size-large\"><a href=\"https:\/\/urbeamea.ro\/albaiulia\/wp-content\/uploads\/2023\/05\/1_1.png\"><img loading=\"lazy\" decoding=\"async\" width=\"820\" height=\"312\" data-id=\"107533\" src=\"https:\/\/urbeamea.ro\/albaiulia\/wp-content\/uploads\/2023\/05\/1_1.png\" alt=\"\" class=\"wp-image-107533\" srcset=\"https:\/\/urbeamea.ro\/albaiulia\/wp-content\/uploads\/2023\/05\/1_1.png 820w, https:\/\/urbeamea.ro\/albaiulia\/wp-content\/uploads\/2023\/05\/1_1-640x244.png 640w, https:\/\/urbeamea.ro\/albaiulia\/wp-content\/uploads\/2023\/05\/1_1-150x57.png 150w, https:\/\/urbeamea.ro\/albaiulia\/wp-content\/uploads\/2023\/05\/1_1-768x292.png 768w\" sizes=\"auto, (max-width: 820px) 100vw, 820px\" \/><\/a><\/figure>\n<\/figure>\n","protected":false},"excerpt":{"rendered":"<p>#Tot ceea ce facem vine din inim\u0103 Bucure\u0219ti, 8 mai 2023 \u2013 Ast\u0103zi, 8 mai, s\u0103rb\u0103torim Ziua Mondial\u0103 a Crucii Ro\u0219ii \u0219i a Semilunii Ro\u0219ii. Este o zi \u00een care celebr\u0103m mo\u0219tenirea lui Henry Dunant &#8211; a c\u0103rui viziune a dus la crearea Mi\u0219c\u0103rii Mondiale a Crucii Ro\u0219ii \u0219i Semilunii Ro\u0219ii &#8211; \u0219i a numero\u0219ilor &hellip;<\/p>\n","protected":false},"author":16,"featured_media":107535,"comment_status":"open","ping_status":"open","sticky":false,"template":"","format":"standard","meta":{"inline_featured_image":false,"footnotes":""},"categories":[4],"tags":[15940],"class_list":["post-107527","post","type-post","status-publish","format-standard","has-post-thumbnail","hentry","category-eveniment","tag-crucea-rosie-romana"],"yoast_head":"<!-- This site is optimized with the Yoast SEO plugin v27.4 - https:\/\/yoast.com\/product\/yoast-seo-wordpress\/ -->\n<title>8 mai - Ziua Mondiala a Crucii Ro\u0219ii \u0219i a Semilunii Ro\u0219ii - Revista Urbea Mea - Revista de Alba<\/title>\n<meta name=\"description\" content=\"#Tot ceea ce facem vine din inim\u0103 Bucure\u0219ti, 8 mai 2023 \u2013 Ast\u0103zi, 8 mai, s\u0103rb\u0103torim Ziua Mondial\u0103 a Crucii Ro\u0219ii \u0219i a Semilunii Ro\u0219ii. Este o zi \u00een care\" \/>\n<meta name=\"robots\" content=\"index, follow, max-snippet:-1, max-image-preview:large, max-video-preview:-1\" \/>\n<link rel=\"canonical\" href=\"https:\/\/urbeamea.ro\/albaiulia\/8-mai-ziua-mondiala-a-crucii-rosii-si-a-semilunii-rosii-3\/\" \/>\n<meta name=\"twitter:card\" content=\"summary_large_image\" \/>\n<meta name=\"twitter:title\" content=\"8 mai - Ziua Mondiala a Crucii Ro\u0219ii \u0219i a Semilunii Ro\u0219ii - Revista Urbea Mea - Revista de Alba\" \/>\n<meta name=\"twitter:description\" content=\"#Tot ceea ce facem vine din inim\u0103 Bucure\u0219ti, 8 mai 2023 \u2013 Ast\u0103zi, 8 mai, s\u0103rb\u0103torim Ziua Mondial\u0103 a Crucii Ro\u0219ii \u0219i a Semilunii Ro\u0219ii. Este o zi \u00een care\" \/>\n<meta name=\"twitter:image\" content=\"https:\/\/urbeamea.ro\/albaiulia\/wp-content\/uploads\/2023\/05\/1.png\" \/>\n<meta name=\"twitter:creator\" content=\"@urbeameaweb\" \/>\n<meta name=\"twitter:site\" content=\"@urbeameaweb\" \/>\n<script type=\"application\/ld+json\" class=\"yoast-schema-graph\">{\"@context\":\"https:\\\/\\\/schema.org\",\"@graph\":[{\"@type\":\"Article\",\"@id\":\"https:\\\/\\\/urbeamea.ro\\\/albaiulia\\\/8-mai-ziua-mondiala-a-crucii-rosii-si-a-semilunii-rosii-3\\\/#article\",\"isPartOf\":{\"@id\":\"https:\\\/\\\/urbeamea.ro\\\/albaiulia\\\/8-mai-ziua-mondiala-a-crucii-rosii-si-a-semilunii-rosii-3\\\/\"},\"author\":{\"name\":\"Redac\u021bia UrbeaMea\",\"@id\":\"https:\\\/\\\/urbeamea.ro\\\/albaiulia\\\/#\\\/schema\\\/person\\\/272ae98052f8ee8980f59848df070247\"},\"headline\":\"8 mai &#8211; Ziua Mondiala a Crucii Ro\u0219ii \u0219i a Semilunii Ro\u0219ii\",\"datePublished\":\"2023-05-08T12:19:50+00:00\",\"dateModified\":\"2023-05-08T12:19:54+00:00\",\"mainEntityOfPage\":{\"@id\":\"https:\\\/\\\/urbeamea.ro\\\/albaiulia\\\/8-mai-ziua-mondiala-a-crucii-rosii-si-a-semilunii-rosii-3\\\/\"},\"wordCount\":639,\"commentCount\":0,\"image\":{\"@id\":\"https:\\\/\\\/urbeamea.ro\\\/albaiulia\\\/8-mai-ziua-mondiala-a-crucii-rosii-si-a-semilunii-rosii-3\\\/#primaryimage\"},\"thumbnailUrl\":\"https:\\\/\\\/urbeamea.ro\\\/albaiulia\\\/wp-content\\\/uploads\\\/2023\\\/05\\\/1.png\",\"keywords\":[\"crucea rosie romana\"],\"articleSection\":[\"Evenimente\"],\"inLanguage\":\"ro-RO\",\"potentialAction\":[{\"@type\":\"CommentAction\",\"name\":\"Comment\",\"target\":[\"https:\\\/\\\/urbeamea.ro\\\/albaiulia\\\/8-mai-ziua-mondiala-a-crucii-rosii-si-a-semilunii-rosii-3\\\/#respond\"]}]},{\"@type\":\"WebPage\",\"@id\":\"https:\\\/\\\/urbeamea.ro\\\/albaiulia\\\/8-mai-ziua-mondiala-a-crucii-rosii-si-a-semilunii-rosii-3\\\/\",\"url\":\"https:\\\/\\\/urbeamea.ro\\\/albaiulia\\\/8-mai-ziua-mondiala-a-crucii-rosii-si-a-semilunii-rosii-3\\\/\",\"name\":\"8 mai - Ziua Mondiala a Crucii Ro\u0219ii \u0219i a Semilunii Ro\u0219ii - Revista Urbea Mea - Revista de Alba\",\"isPartOf\":{\"@id\":\"https:\\\/\\\/urbeamea.ro\\\/albaiulia\\\/#website\"},\"primaryImageOfPage\":{\"@id\":\"https:\\\/\\\/urbeamea.ro\\\/albaiulia\\\/8-mai-ziua-mondiala-a-crucii-rosii-si-a-semilunii-rosii-3\\\/#primaryimage\"},\"image\":{\"@id\":\"https:\\\/\\\/urbeamea.ro\\\/albaiulia\\\/8-mai-ziua-mondiala-a-crucii-rosii-si-a-semilunii-rosii-3\\\/#primaryimage\"},\"thumbnailUrl\":\"https:\\\/\\\/urbeamea.ro\\\/albaiulia\\\/wp-content\\\/uploads\\\/2023\\\/05\\\/1.png\",\"datePublished\":\"2023-05-08T12:19:50+00:00\",\"dateModified\":\"2023-05-08T12:19:54+00:00\",\"author\":{\"@id\":\"https:\\\/\\\/urbeamea.ro\\\/albaiulia\\\/#\\\/schema\\\/person\\\/272ae98052f8ee8980f59848df070247\"},\"description\":\"#Tot ceea ce facem vine din inim\u0103 Bucure\u0219ti, 8 mai 2023 \u2013 Ast\u0103zi, 8 mai, s\u0103rb\u0103torim Ziua Mondial\u0103 a Crucii Ro\u0219ii \u0219i a Semilunii Ro\u0219ii. Este o zi \u00een care\",\"breadcrumb\":{\"@id\":\"https:\\\/\\\/urbeamea.ro\\\/albaiulia\\\/8-mai-ziua-mondiala-a-crucii-rosii-si-a-semilunii-rosii-3\\\/#breadcrumb\"},\"inLanguage\":\"ro-RO\",\"potentialAction\":[{\"@type\":\"ReadAction\",\"target\":[\"https:\\\/\\\/urbeamea.ro\\\/albaiulia\\\/8-mai-ziua-mondiala-a-crucii-rosii-si-a-semilunii-rosii-3\\\/\"]}]},{\"@type\":\"ImageObject\",\"inLanguage\":\"ro-RO\",\"@id\":\"https:\\\/\\\/urbeamea.ro\\\/albaiulia\\\/8-mai-ziua-mondiala-a-crucii-rosii-si-a-semilunii-rosii-3\\\/#primaryimage\",\"url\":\"https:\\\/\\\/urbeamea.ro\\\/albaiulia\\\/wp-content\\\/uploads\\\/2023\\\/05\\\/1.png\",\"contentUrl\":\"https:\\\/\\\/urbeamea.ro\\\/albaiulia\\\/wp-content\\\/uploads\\\/2023\\\/05\\\/1.png\",\"width\":1080,\"height\":1080},{\"@type\":\"BreadcrumbList\",\"@id\":\"https:\\\/\\\/urbeamea.ro\\\/albaiulia\\\/8-mai-ziua-mondiala-a-crucii-rosii-si-a-semilunii-rosii-3\\\/#breadcrumb\",\"itemListElement\":[{\"@type\":\"ListItem\",\"position\":1,\"name\":\"Prima pagin\u0103\",\"item\":\"https:\\\/\\\/urbeamea.ro\\\/albaiulia\\\/\"},{\"@type\":\"ListItem\",\"position\":2,\"name\":\"8 mai &#8211; Ziua Mondiala a Crucii Ro\u0219ii \u0219i a Semilunii Ro\u0219ii\"}]},{\"@type\":\"WebSite\",\"@id\":\"https:\\\/\\\/urbeamea.ro\\\/albaiulia\\\/#website\",\"url\":\"https:\\\/\\\/urbeamea.ro\\\/albaiulia\\\/\",\"name\":\"Revista Urbea Mea, Stiri urbane\",\"description\":\"Evenimente \u0219i \u0219tiri din Alba Iulia, Sebe\u0219, Aiud, Blaj\",\"potentialAction\":[{\"@type\":\"SearchAction\",\"target\":{\"@type\":\"EntryPoint\",\"urlTemplate\":\"https:\\\/\\\/urbeamea.ro\\\/albaiulia\\\/?s={search_term_string}\"},\"query-input\":{\"@type\":\"PropertyValueSpecification\",\"valueRequired\":true,\"valueName\":\"search_term_string\"}}],\"inLanguage\":\"ro-RO\"},{\"@type\":\"Person\",\"@id\":\"https:\\\/\\\/urbeamea.ro\\\/albaiulia\\\/#\\\/schema\\\/person\\\/272ae98052f8ee8980f59848df070247\",\"name\":\"Redac\u021bia UrbeaMea\",\"image\":{\"@type\":\"ImageObject\",\"inLanguage\":\"ro-RO\",\"@id\":\"https:\\\/\\\/secure.gravatar.com\\\/avatar\\\/9ce5a9435071fa1037e8468053ead8e513dbbff59009d3069aadb85506d85a27?s=96&d=mm&r=g\",\"url\":\"https:\\\/\\\/secure.gravatar.com\\\/avatar\\\/9ce5a9435071fa1037e8468053ead8e513dbbff59009d3069aadb85506d85a27?s=96&d=mm&r=g\",\"contentUrl\":\"https:\\\/\\\/secure.gravatar.com\\\/avatar\\\/9ce5a9435071fa1037e8468053ead8e513dbbff59009d3069aadb85506d85a27?s=96&d=mm&r=g\",\"caption\":\"Redac\u021bia UrbeaMea\"},\"description\":\"contact@urbeamea.ro\",\"sameAs\":[\"https:\\\/\\\/www.urbeamea.ro\"],\"url\":\"https:\\\/\\\/urbeamea.ro\\\/albaiulia\\\/author\\\/redactia-urbeamea\\\/\"}]}<\/script>\n<!-- \/ Yoast SEO plugin. -->","yoast_head_json":{"title":"8 mai - Ziua Mondiala a Crucii Ro\u0219ii \u0219i a Semilunii Ro\u0219ii - Revista Urbea Mea - Revista de Alba","description":"#Tot ceea ce facem vine din inim\u0103 Bucure\u0219ti, 8 mai 2023 \u2013 Ast\u0103zi, 8 mai, s\u0103rb\u0103torim Ziua Mondial\u0103 a Crucii Ro\u0219ii \u0219i a Semilunii Ro\u0219ii. Este o zi \u00een care","robots":{"index":"index","follow":"follow","max-snippet":"max-snippet:-1","max-image-preview":"max-image-preview:large","max-video-preview":"max-video-preview:-1"},"canonical":"https:\/\/urbeamea.ro\/albaiulia\/8-mai-ziua-mondiala-a-crucii-rosii-si-a-semilunii-rosii-3\/","twitter_card":"summary_large_image","twitter_title":"8 mai - Ziua Mondiala a Crucii Ro\u0219ii \u0219i a Semilunii Ro\u0219ii - Revista Urbea Mea - Revista de Alba","twitter_description":"#Tot ceea ce facem vine din inim\u0103 Bucure\u0219ti, 8 mai 2023 \u2013 Ast\u0103zi, 8 mai, s\u0103rb\u0103torim Ziua Mondial\u0103 a Crucii Ro\u0219ii \u0219i a Semilunii Ro\u0219ii. Este o zi \u00een care","twitter_image":"https:\/\/urbeamea.ro\/albaiulia\/wp-content\/uploads\/2023\/05\/1.png","twitter_creator":"@urbeameaweb","twitter_site":"@urbeameaweb","schema":{"@context":"https:\/\/schema.org","@graph":[{"@type":"Article","@id":"https:\/\/urbeamea.ro\/albaiulia\/8-mai-ziua-mondiala-a-crucii-rosii-si-a-semilunii-rosii-3\/#article","isPartOf":{"@id":"https:\/\/urbeamea.ro\/albaiulia\/8-mai-ziua-mondiala-a-crucii-rosii-si-a-semilunii-rosii-3\/"},"author":{"name":"Redac\u021bia UrbeaMea","@id":"https:\/\/urbeamea.ro\/albaiulia\/#\/schema\/person\/272ae98052f8ee8980f59848df070247"},"headline":"8 mai &#8211; Ziua Mondiala a Crucii Ro\u0219ii \u0219i a Semilunii Ro\u0219ii","datePublished":"2023-05-08T12:19:50+00:00","dateModified":"2023-05-08T12:19:54+00:00","mainEntityOfPage":{"@id":"https:\/\/urbeamea.ro\/albaiulia\/8-mai-ziua-mondiala-a-crucii-rosii-si-a-semilunii-rosii-3\/"},"wordCount":639,"commentCount":0,"image":{"@id":"https:\/\/urbeamea.ro\/albaiulia\/8-mai-ziua-mondiala-a-crucii-rosii-si-a-semilunii-rosii-3\/#primaryimage"},"thumbnailUrl":"https:\/\/urbeamea.ro\/albaiulia\/wp-content\/uploads\/2023\/05\/1.png","keywords":["crucea rosie romana"],"articleSection":["Evenimente"],"inLanguage":"ro-RO","potentialAction":[{"@type":"CommentAction","name":"Comment","target":["https:\/\/urbeamea.ro\/albaiulia\/8-mai-ziua-mondiala-a-crucii-rosii-si-a-semilunii-rosii-3\/#respond"]}]},{"@type":"WebPage","@id":"https:\/\/urbeamea.ro\/albaiulia\/8-mai-ziua-mondiala-a-crucii-rosii-si-a-semilunii-rosii-3\/","url":"https:\/\/urbeamea.ro\/albaiulia\/8-mai-ziua-mondiala-a-crucii-rosii-si-a-semilunii-rosii-3\/","name":"8 mai - Ziua Mondiala a Crucii Ro\u0219ii \u0219i a Semilunii Ro\u0219ii - Revista Urbea Mea - Revista de Alba","isPartOf":{"@id":"https:\/\/urbeamea.ro\/albaiulia\/#website"},"primaryImageOfPage":{"@id":"https:\/\/urbeamea.ro\/albaiulia\/8-mai-ziua-mondiala-a-crucii-rosii-si-a-semilunii-rosii-3\/#primaryimage"},"image":{"@id":"https:\/\/urbeamea.ro\/albaiulia\/8-mai-ziua-mondiala-a-crucii-rosii-si-a-semilunii-rosii-3\/#primaryimage"},"thumbnailUrl":"https:\/\/urbeamea.ro\/albaiulia\/wp-content\/uploads\/2023\/05\/1.png","datePublished":"2023-05-08T12:19:50+00:00","dateModified":"2023-05-08T12:19:54+00:00","author":{"@id":"https:\/\/urbeamea.ro\/albaiulia\/#\/schema\/person\/272ae98052f8ee8980f59848df070247"},"description":"#Tot ceea ce facem vine din inim\u0103 Bucure\u0219ti, 8 mai 2023 \u2013 Ast\u0103zi, 8 mai, s\u0103rb\u0103torim Ziua Mondial\u0103 a Crucii Ro\u0219ii \u0219i a Semilunii Ro\u0219ii. Este o zi \u00een care","breadcrumb":{"@id":"https:\/\/urbeamea.ro\/albaiulia\/8-mai-ziua-mondiala-a-crucii-rosii-si-a-semilunii-rosii-3\/#breadcrumb"},"inLanguage":"ro-RO","potentialAction":[{"@type":"ReadAction","target":["https:\/\/urbeamea.ro\/albaiulia\/8-mai-ziua-mondiala-a-crucii-rosii-si-a-semilunii-rosii-3\/"]}]},{"@type":"ImageObject","inLanguage":"ro-RO","@id":"https:\/\/urbeamea.ro\/albaiulia\/8-mai-ziua-mondiala-a-crucii-rosii-si-a-semilunii-rosii-3\/#primaryimage","url":"https:\/\/urbeamea.ro\/albaiulia\/wp-content\/uploads\/2023\/05\/1.png","contentUrl":"https:\/\/urbeamea.ro\/albaiulia\/wp-content\/uploads\/2023\/05\/1.png","width":1080,"height":1080},{"@type":"BreadcrumbList","@id":"https:\/\/urbeamea.ro\/albaiulia\/8-mai-ziua-mondiala-a-crucii-rosii-si-a-semilunii-rosii-3\/#breadcrumb","itemListElement":[{"@type":"ListItem","position":1,"name":"Prima pagin\u0103","item":"https:\/\/urbeamea.ro\/albaiulia\/"},{"@type":"ListItem","position":2,"name":"8 mai &#8211; Ziua Mondiala a Crucii Ro\u0219ii \u0219i a Semilunii Ro\u0219ii"}]},{"@type":"WebSite","@id":"https:\/\/urbeamea.ro\/albaiulia\/#website","url":"https:\/\/urbeamea.ro\/albaiulia\/","name":"Revista Urbea Mea, Stiri urbane","description":"Evenimente \u0219i \u0219tiri din Alba Iulia, Sebe\u0219, Aiud, Blaj","potentialAction":[{"@type":"SearchAction","target":{"@type":"EntryPoint","urlTemplate":"https:\/\/urbeamea.ro\/albaiulia\/?s={search_term_string}"},"query-input":{"@type":"PropertyValueSpecification","valueRequired":true,"valueName":"search_term_string"}}],"inLanguage":"ro-RO"},{"@type":"Person","@id":"https:\/\/urbeamea.ro\/albaiulia\/#\/schema\/person\/272ae98052f8ee8980f59848df070247","name":"Redac\u021bia UrbeaMea","image":{"@type":"ImageObject","inLanguage":"ro-RO","@id":"https:\/\/secure.gravatar.com\/avatar\/9ce5a9435071fa1037e8468053ead8e513dbbff59009d3069aadb85506d85a27?s=96&d=mm&r=g","url":"https:\/\/secure.gravatar.com\/avatar\/9ce5a9435071fa1037e8468053ead8e513dbbff59009d3069aadb85506d85a27?s=96&d=mm&r=g","contentUrl":"https:\/\/secure.gravatar.com\/avatar\/9ce5a9435071fa1037e8468053ead8e513dbbff59009d3069aadb85506d85a27?s=96&d=mm&r=g","caption":"Redac\u021bia UrbeaMea"},"description":"contact@urbeamea.ro","sameAs":["https:\/\/www.urbeamea.ro"],"url":"https:\/\/urbeamea.ro\/albaiulia\/author\/redactia-urbeamea\/"}]}},"_links":{"self":[{"href":"https:\/\/urbeamea.ro\/albaiulia\/wp-json\/wp\/v2\/posts\/107527","targetHints":{"allow":["GET"]}}],"collection":[{"href":"https:\/\/urbeamea.ro\/albaiulia\/wp-json\/wp\/v2\/posts"}],"about":[{"href":"https:\/\/urbeamea.ro\/albaiulia\/wp-json\/wp\/v2\/types\/post"}],"author":[{"embeddable":true,"href":"https:\/\/urbeamea.ro\/albaiulia\/wp-json\/wp\/v2\/users\/16"}],"replies":[{"embeddable":true,"href":"https:\/\/urbeamea.ro\/albaiulia\/wp-json\/wp\/v2\/comments?post=107527"}],"version-history":[{"count":1,"href":"https:\/\/urbeamea.ro\/albaiulia\/wp-json\/wp\/v2\/posts\/107527\/revisions"}],"predecessor-version":[{"id":107536,"href":"https:\/\/urbeamea.ro\/albaiulia\/wp-json\/wp\/v2\/posts\/107527\/revisions\/107536"}],"wp:featuredmedia":[{"embeddable":true,"href":"https:\/\/urbeamea.ro\/albaiulia\/wp-json\/wp\/v2\/media\/107535"}],"wp:attachment":[{"href":"https:\/\/urbeamea.ro\/albaiulia\/wp-json\/wp\/v2\/media?parent=107527"}],"wp:term":[{"taxonomy":"category","embeddable":true,"href":"https:\/\/urbeamea.ro\/albaiulia\/wp-json\/wp\/v2\/categories?post=107527"},{"taxonomy":"post_tag","embeddable":true,"href":"https:\/\/urbeamea.ro\/albaiulia\/wp-json\/wp\/v2\/tags?post=107527"}],"curies":[{"name":"wp","href":"https:\/\/api.w.org\/{rel}","templated":true}]}}