{"id":107541,"date":"2023-05-09T18:30:00","date_gmt":"2023-05-09T15:30:00","guid":{"rendered":"https:\/\/urbeamea.ro\/albaiulia\/?p=107541"},"modified":"2023-05-10T12:03:09","modified_gmt":"2023-05-10T09:03:09","slug":"ziua-europei-incredere-in-rezultatele-muncii-noastre-incredere-in-viitorul-nostru-comun","status":"publish","type":"post","link":"https:\/\/urbeamea.ro\/albaiulia\/ziua-europei-incredere-in-rezultatele-muncii-noastre-incredere-in-viitorul-nostru-comun\/","title":{"rendered":"Ziua Europei &#8211; &#8222;\u00cencredere \u00een rezultatele muncii noastre, \u00eencredere \u00een viitorul nostru comun!&#8221;"},"content":{"rendered":"\n<p>\u00cen fiecare an, \u00een 9 Mai, rom\u00e2nii \u0219i Rom\u00e2nia aniverseaz\u0103 Ziua Europei, dar \u0219i pacea ob\u021binut\u0103 prin sf\u00e2r\u0219irea celui de-al doilea r\u0103zboi mondial.\u00a0Semnifica\u021biile zilei de 9 Mai trec dincolo de o simpl\u0103 zi din calendar, valen\u021ba sa istoric\u0103 definind viitorul nostru. Suntem rom\u00e2ni, suntem cet\u0103\u021beni liberi \u0219i europeni, de aceea, \u00een fiecare an, \u00een 9 Mai celebr\u0103m str\u0103duin\u021ba noastr\u0103 comun\u0103, continu\u0103 \u0219i sacrificiul celor mul\u021bi, munca \u0219i rezultatele ob\u021binute de noi to\u021bi de-a lungul anilor. Ziua Europei este, mai ales acum, o zi \u00een care trebuie s\u0103 reflect\u0103m foarte mult la solidaritatea noastr\u0103 european\u0103.<\/p>\n\n\n\n<p>\u00cen Uniunea celor 27 de state membre \u0219i a celor aproape 450 milioane de europeni,\u00a0Ziua Europei\u00a0marcheaz\u0103\u00a0 declara\u021bia istoric\u0103 ministrului francez de externe Robert Schuman, care, \u00een urm\u0103 cu 73 de ani (la 9 mai 1950), propunea primul plan concret de colaborare economic\u0103 \u00eentre Fran\u021ba \u0219i Germania, pentru eliminarea rivalit\u0103\u021bilor dintre cele dou\u0103 state \u0219i pentru ca pe continentul nostru s\u0103 nu mai apar\u0103 nicio conflagra\u021bie devastatoare cum au fost conflictele mondiale.\u00a0<\/p>\n\n\n\n<blockquote class=\"wp-block-quote is-layout-flow wp-block-quote-is-layout-flow\">\n<p><em>Uniunea European\u0103 a fost \u0219i este pentru noi cea mai bun\u0103 \u0219ans\u0103 \u0219i op\u021biune, din mai multe puncte de vedere, ca evolu\u021bie,\u00a0 sprijin \u0219i direc\u021bii pentru dezvoltare, ca drepturi \u0219i nivel de trai pentru cet\u0103\u021beni, ca solidaritate \u00een momente de criz\u0103, cum au fost pandemia sau r\u0103zboiul din Ucraina.<\/em><\/p>\n\n\n\n<p><em>Ca \u00een orice familie mai numeroas\u0103 e greu s\u0103 ob\u021bii unanimitate sau consens, de aceea nici Uniunea European\u0103 nu este chiar perfect\u0103. Totu\u0219i, pentru noi &#8211; Rom\u00e2nia, Regiunea Centru cu jude\u021bele Alba, Bra\u0219ov, Covasna, Harghita, Mure\u0219 \u0219i Sibiu \u2013 Uniunea este un partener credibil \u0219i serios, care de multe ori a v\u0103zut aspectele bune acolo&nbsp; unde noi eram plini de dezam\u0103gire. Banii europeni primi\u021bi \u0219i cheltui\u021bi cu chibzuin\u021b\u0103 au simplificat via\u021ba administra\u021biilor locale \u0219i regionale, dar au \u0219i impus reguli \u0219i condi\u021bii. Descentralizarea, \u00een aceast\u0103 prim\u0103 etap\u0103 prin programul \u0219i fondurile europene pe care le coordon\u0103m noi ca Autoritate de Management a Programului Regiunea Centru, este o idee devenit\u0103 realitate, o speran\u021b\u0103 concretizat\u0103, cu toate c\u0103 \u00eenc\u0103 persist\u0103 dubii referitoare la \u00een\u021belepciunea acestei decizii. \u00cen ace\u0219ti 16 ani am crescut mult, dar \u00eenc\u0103 \u00eenv\u0103\u021b\u0103m s\u0103 \u00eencheg\u0103m proiecte de lung\u0103 durat\u0103 care s\u0103 gr\u0103beasc\u0103 dezvoltarea \u021b\u0103rii.<\/em><\/p>\n\n\n\n<p><em>Noi, Rom\u00e2nia, \u00een aceast\u0103 familie european\u0103, primim mai mult dec\u00e2t contribuim pentru c\u0103 \u021b\u0103rile mai dezvoltate \u0219tiu\u00a0c\u0103 pacea social\u0103 \u0219i cre\u0219terea economic\u0103 sustenabil\u0103 la nivelul \u00eentregului continent pot fi construite doar dup\u0103 eliminarea discrepan\u021belor de dezvoltare<\/em>.<\/p>\n<cite>Simion Cre\u021bu, director general ADR Centru<\/cite><\/blockquote>\n\n\n\n<p>Activit\u0103\u021bile ADR Centru dedicate Zilei Europei sunt marcate prin mai multe evenimente care se desf\u0103\u0219oar\u0103 \u00een diferite loca\u021bii din regiune, pe parcursul lunii mai.<\/p>\n\n\n\n<p>&#8211;&nbsp;&nbsp;&nbsp;&nbsp;\u00cen data de 6 mai am avut \u00eent\u00e2lniri cu elevii \u0219i cu tinerii care particip\u0103 \u00een proiectul educa\u021bional&nbsp;<em>&#8222;Societatea rom\u00e2neasc\u0103 \u2013 societate european\u0103&#8221;<\/em>, precum \u0219i cu participan\u021bii la&nbsp;<em>&#8222;T\u00e2rgul de c&#8217;Arte Alba-Transilvana&#8221;<\/em>.<\/p>\n\n\n\n<p>&#8211;&nbsp;&nbsp;&nbsp;&nbsp;\u00cen perioada 8-11 mai vom discuta cu&nbsp;cet\u0103\u021benii despre implica \u00een diseminarea impactului investi\u021biilor realizate cu resurse publice la nivel local \u0219i regional&nbsp;\u2013 \u00een cadrul suitei de conferin\u021be \u0219i dezbateri din Proiectul&nbsp;<em>GROW<\/em>, finan\u021bat de UEFISCDI \u2013 la Bra\u0219ov, Sibiu, Ciugud \u0219i Alba Iulia.<\/p>\n\n\n\n<p>&#8211;&nbsp;&nbsp;&nbsp;&nbsp;\u00cen 9 mai ne vom \u00eencepe ziua al\u0103turi de studen\u021bii de la Universitatea&nbsp;<em>&#8222;1 Decembrie 1918&#8221;<\/em>, \u00een cadrul Sesiunii de Comunic\u0103ri \u0219tiin\u021bifice pe teme economice, apoi vom ajunge la Biblioteca&nbsp;<em>&#8222;Lucian Blaga&#8221;<\/em>&nbsp;din Alba Iulia, unde vom discuta pe teme europene cu tinerii din 4 clase de liceu albaiuliene, iar apoi vom sprijini Centrul de Excelen\u021b\u0103 \u00een Educa\u021bie din Alba Iulia, pentru a preg\u0103ti concursul celor mai bune eseuri pe teme europene, a c\u0103rui act final va fi \u00een 27 mai.<\/p>\n\n\n\n<p>&#8211;&nbsp;&nbsp;&nbsp;&nbsp;\u00cen 10 mai, prin evenimentul&nbsp;<em>&#8222;Europe \u00een a plate&#8221;<\/em>&nbsp;la Sibiu,&nbsp; vom sublinia&nbsp;<strong><em>&#8222;unitatea \u00een diversitate&#8221;<\/em><\/strong>&nbsp;a opt \u021b\u0103ri din Uniunea European\u0103. Elevii de la \u0219coala cu profil de alimenta\u021bie public\u0103 din ora\u0219ul de pe Cibin vor preg\u0103ti re\u021bete culinare pentru a fi degustate de invita\u021bi din zece \u021b\u0103ri, pentru a sublinia cooperarea \u0219i \u00eenfr\u0103\u021birea european\u0103.<\/p>\n\n\n\n<p>&#8211;&nbsp;&nbsp;&nbsp;&nbsp;\u00cen 11 mai ADR Centru organizeaz\u0103 un eveniment interna\u021bional dedicat mobilit\u0103\u021bii verzi, eveniment pe care-l vom desf\u0103\u0219ura tot la Sibiu, un municipiu unde putem vedea la fiecare pas autobuze verzi, trotinetele electrice, piste de biciclete moderne, spa\u021bii verzi reabilitate, cl\u0103diri publice izolate termic \u0219i modernizate, dar \u0219i sta\u021bii sau b\u0103nci cu \u00eenc\u0103rcare electric\u0103 din energie solar\u0103, realizate din fonduri europene.<\/p>\n\n\n\n<p>&#8211;&nbsp;&nbsp;&nbsp;&nbsp;\u00cen zilele de 11 \u0219i 12 mai, vom fi al\u0103turi de platforma online&nbsp;<em>Energynomics<\/em>, la Hotel Ambient din Bra\u0219ov la prima conferin\u021b\u0103 din campania&nbsp;<em>&#8222;Eficien\u021b\u0103 energetic\u0103 pentru tranzi\u021bie energetic\u0103&#8221;.<\/em><\/p>\n\n\n\n<p>&#8211;&nbsp;&nbsp;&nbsp;&nbsp;\u00cen perioada 15-17 mai vom participa la Forumul Economic Interna\u021bional din Polonia, care vizeaz\u0103 consolidarea regiunilor est-europene prin cooperare, modernizarea infrastructurii \u0219i sprijin pentru afaceri.<\/p>\n\n\n\n<p>&#8211;&nbsp;&nbsp;&nbsp;&nbsp;La Alba Iulia, noi, al\u0103turi de colegii no\u0219tri care coordoneaz\u0103 alte programe europene, vom fi gazdele unei delega\u021bii a Comisiei de Dezvoltare Regional\u0103 (REGI) a Parlamentului European &#8211; \u00een perioada 16-17 mai &#8211; care va vizita proiectele europene dedicate dezvolt\u0103rii municipiului re\u0219edin\u021b\u0103 de jude\u021b, dar \u0219i a comunit\u0103\u021bilor din Alba.<\/p>\n\n\n\n<p>&#8211;&nbsp;&nbsp;&nbsp;&nbsp;Vom colabora cu OIR-PECU Regiunea Centru care organizeaz\u0103, pe parcursul lunii mai 2023, \u00eent\u00e2lniri cu beneficiarii publici si priva\u021bi, actuali \u0219i poten\u021biali, pe tema finan\u021b\u0103rilor europene prin Programele de Educa\u021bie \u0219i Ocupare, precum \u0219i cel de Incluziune \u0219i Demnitate Social\u0103.<\/p>\n\n\n\n<p>&#8211;&nbsp;&nbsp;&nbsp;&nbsp;\u00cen aceast\u0103 lun\u0103 vom demara Crosul Europei, \u00een mai multe licee din jude\u021bele Regiunii Centru \u0219i vom organiza&nbsp;<em>&#8222;S\u0103pt\u0103m\u00e2na verde&#8221;<\/em>&nbsp;pentru angaja\u021bii ADR Centru.<\/p>\n\n\n\n<p>&#8211;&nbsp;&nbsp;&nbsp;&nbsp;\u00cen 30.05.2023, la T\u00e2rgu Mure\u0219, vom vorbi despre fondurile europene de Tranzi\u021bie Just\u0103, \u00een cadrul unei activit\u0103\u021bi organizat\u0103 de Business Saga \u0219i Academia Fondurilor Europene.<\/p>\n\n\n\n<p>Agen\u021bia pentru Dezvoltare Regional\u0103 Centru sus\u021bine de aproape 25 ani dezvoltarea european\u0103 a comunit\u0103\u021bilor din jude\u021bele Alba, Bra\u0219ov, Covasna, Harghita, Mure\u0219 \u0219i Sibiu, dedic\u00e2nd an de an aceast\u0103 zi de 9 Mai pentru s\u0103rb\u0103torirea cet\u0103\u021beanului \u0219i a drepturilor sale. Zi dup\u0103 zi, ADR Centru furnizeaz\u0103 informa\u021bii \u0219i coordoneaz\u0103 implementarea a sute de proiecte pentru cre\u0219terea calit\u0103\u021bii vie\u021bii cet\u0103\u021benilor din regiune.<\/p>\n\n\n\n<figure class=\"wp-block-gallery has-nested-images columns-default is-cropped wp-block-gallery-1 is-layout-flex wp-block-gallery-is-layout-flex\">\n<figure class=\"wp-block-image size-large\"><a href=\"https:\/\/urbeamea.ro\/albaiulia\/wp-content\/uploads\/2023\/05\/foto-actiuni-3.jpg\"><img loading=\"lazy\" decoding=\"async\" width=\"1280\" height=\"460\" data-id=\"107543\" src=\"https:\/\/urbeamea.ro\/albaiulia\/wp-content\/uploads\/2023\/05\/foto-actiuni-3-1280x460.jpg\" alt=\"\" class=\"wp-image-107543\" srcset=\"https:\/\/urbeamea.ro\/albaiulia\/wp-content\/uploads\/2023\/05\/foto-actiuni-3-1280x460.jpg 1280w, https:\/\/urbeamea.ro\/albaiulia\/wp-content\/uploads\/2023\/05\/foto-actiuni-3-640x230.jpg 640w, https:\/\/urbeamea.ro\/albaiulia\/wp-content\/uploads\/2023\/05\/foto-actiuni-3-150x54.jpg 150w, https:\/\/urbeamea.ro\/albaiulia\/wp-content\/uploads\/2023\/05\/foto-actiuni-3-768x276.jpg 768w, https:\/\/urbeamea.ro\/albaiulia\/wp-content\/uploads\/2023\/05\/foto-actiuni-3-1536x552.jpg 1536w, https:\/\/urbeamea.ro\/albaiulia\/wp-content\/uploads\/2023\/05\/foto-actiuni-3.jpg 1600w\" sizes=\"auto, (max-width: 1280px) 100vw, 1280px\" \/><\/a><\/figure>\n\n\n\n<figure class=\"wp-block-image size-large\"><a href=\"https:\/\/urbeamea.ro\/albaiulia\/wp-content\/uploads\/2023\/05\/foto-actiuni-2.jpeg\"><img loading=\"lazy\" decoding=\"async\" width=\"1280\" height=\"460\" data-id=\"107542\" src=\"https:\/\/urbeamea.ro\/albaiulia\/wp-content\/uploads\/2023\/05\/foto-actiuni-2-1280x460.jpeg\" alt=\"\" class=\"wp-image-107542\" srcset=\"https:\/\/urbeamea.ro\/albaiulia\/wp-content\/uploads\/2023\/05\/foto-actiuni-2-1280x460.jpeg 1280w, https:\/\/urbeamea.ro\/albaiulia\/wp-content\/uploads\/2023\/05\/foto-actiuni-2-640x230.jpeg 640w, https:\/\/urbeamea.ro\/albaiulia\/wp-content\/uploads\/2023\/05\/foto-actiuni-2-150x54.jpeg 150w, https:\/\/urbeamea.ro\/albaiulia\/wp-content\/uploads\/2023\/05\/foto-actiuni-2-768x276.jpeg 768w, https:\/\/urbeamea.ro\/albaiulia\/wp-content\/uploads\/2023\/05\/foto-actiuni-2-1536x552.jpeg 1536w, https:\/\/urbeamea.ro\/albaiulia\/wp-content\/uploads\/2023\/05\/foto-actiuni-2.jpeg 1600w\" sizes=\"auto, (max-width: 1280px) 100vw, 1280px\" \/><\/a><\/figure>\n<\/figure>\n","protected":false},"excerpt":{"rendered":"<p>\u00cen fiecare an, \u00een 9 Mai, rom\u00e2nii \u0219i Rom\u00e2nia aniverseaz\u0103 Ziua Europei, dar \u0219i pacea ob\u021binut\u0103 prin sf\u00e2r\u0219irea celui de-al doilea r\u0103zboi mondial.\u00a0Semnifica\u021biile zilei de 9 Mai trec dincolo de o simpl\u0103 zi din calendar, valen\u021ba sa istoric\u0103 definind viitorul nostru. Suntem rom\u00e2ni, suntem cet\u0103\u021beni liberi \u0219i europeni, de aceea, \u00een fiecare an, \u00een 9 &hellip;<\/p>\n","protected":false},"author":5,"featured_media":107544,"comment_status":"open","ping_status":"open","sticky":false,"template":"","format":"standard","meta":{"inline_featured_image":false,"footnotes":""},"categories":[4],"tags":[343],"class_list":["post-107541","post","type-post","status-publish","format-standard","has-post-thumbnail","hentry","category-eveniment","tag-adr-centru"],"yoast_head":"<!-- This site is optimized with the Yoast SEO plugin v27.4 - https:\/\/yoast.com\/product\/yoast-seo-wordpress\/ -->\n<title>Ziua Europei - &quot;\u00cencredere \u00een rezultatele muncii noastre, \u00eencredere \u00een viitorul nostru comun!&quot; - Revista Urbea Mea - Revista de Alba<\/title>\n<meta name=\"description\" content=\"\u00cen fiecare an, \u00een 9 Mai, rom\u00e2nii \u0219i Rom\u00e2nia aniverseaz\u0103 Ziua Europei, dar \u0219i pacea ob\u021binut\u0103 prin sf\u00e2r\u0219irea celui de-al doilea r\u0103zboi\" \/>\n<meta name=\"robots\" content=\"index, follow, max-snippet:-1, max-image-preview:large, max-video-preview:-1\" \/>\n<link rel=\"canonical\" href=\"https:\/\/urbeamea.ro\/albaiulia\/ziua-europei-incredere-in-rezultatele-muncii-noastre-incredere-in-viitorul-nostru-comun\/\" \/>\n<meta name=\"twitter:card\" content=\"summary_large_image\" \/>\n<meta name=\"twitter:title\" content=\"Ziua Europei - &quot;\u00cencredere \u00een rezultatele muncii noastre, \u00eencredere \u00een viitorul nostru comun!&quot; - Revista Urbea Mea - Revista de Alba\" \/>\n<meta name=\"twitter:description\" content=\"\u00cen fiecare an, \u00een 9 Mai, rom\u00e2nii \u0219i Rom\u00e2nia aniverseaz\u0103 Ziua Europei, dar \u0219i pacea ob\u021binut\u0103 prin sf\u00e2r\u0219irea celui de-al doilea r\u0103zboi\" \/>\n<meta name=\"twitter:image\" content=\"https:\/\/urbeamea.ro\/albaiulia\/wp-content\/uploads\/2023\/05\/foto-actiuni-3.jpeg\" \/>\n<meta name=\"twitter:creator\" content=\"@urbeameaweb\" \/>\n<meta name=\"twitter:site\" content=\"@urbeameaweb\" \/>\n<script type=\"application\/ld+json\" class=\"yoast-schema-graph\">{\"@context\":\"https:\\\/\\\/schema.org\",\"@graph\":[{\"@type\":\"Article\",\"@id\":\"https:\\\/\\\/urbeamea.ro\\\/albaiulia\\\/ziua-europei-incredere-in-rezultatele-muncii-noastre-incredere-in-viitorul-nostru-comun\\\/#article\",\"isPartOf\":{\"@id\":\"https:\\\/\\\/urbeamea.ro\\\/albaiulia\\\/ziua-europei-incredere-in-rezultatele-muncii-noastre-incredere-in-viitorul-nostru-comun\\\/\"},\"author\":{\"name\":\"Bogdan P\u0103unescu\",\"@id\":\"https:\\\/\\\/urbeamea.ro\\\/albaiulia\\\/#\\\/schema\\\/person\\\/a115373ce8153754c6b084232d985956\"},\"headline\":\"Ziua Europei &#8211; &#8222;\u00cencredere \u00een rezultatele muncii noastre, \u00eencredere \u00een viitorul nostru comun!&#8221;\",\"datePublished\":\"2023-05-09T15:30:00+00:00\",\"dateModified\":\"2023-05-10T09:03:09+00:00\",\"mainEntityOfPage\":{\"@id\":\"https:\\\/\\\/urbeamea.ro\\\/albaiulia\\\/ziua-europei-incredere-in-rezultatele-muncii-noastre-incredere-in-viitorul-nostru-comun\\\/\"},\"wordCount\":1136,\"commentCount\":0,\"image\":{\"@id\":\"https:\\\/\\\/urbeamea.ro\\\/albaiulia\\\/ziua-europei-incredere-in-rezultatele-muncii-noastre-incredere-in-viitorul-nostru-comun\\\/#primaryimage\"},\"thumbnailUrl\":\"https:\\\/\\\/urbeamea.ro\\\/albaiulia\\\/wp-content\\\/uploads\\\/2023\\\/05\\\/foto-actiuni-3.jpeg\",\"keywords\":[\"ADR Centru\"],\"articleSection\":[\"Evenimente\"],\"inLanguage\":\"ro-RO\",\"potentialAction\":[{\"@type\":\"CommentAction\",\"name\":\"Comment\",\"target\":[\"https:\\\/\\\/urbeamea.ro\\\/albaiulia\\\/ziua-europei-incredere-in-rezultatele-muncii-noastre-incredere-in-viitorul-nostru-comun\\\/#respond\"]}]},{\"@type\":\"WebPage\",\"@id\":\"https:\\\/\\\/urbeamea.ro\\\/albaiulia\\\/ziua-europei-incredere-in-rezultatele-muncii-noastre-incredere-in-viitorul-nostru-comun\\\/\",\"url\":\"https:\\\/\\\/urbeamea.ro\\\/albaiulia\\\/ziua-europei-incredere-in-rezultatele-muncii-noastre-incredere-in-viitorul-nostru-comun\\\/\",\"name\":\"Ziua Europei - \\\"\u00cencredere \u00een rezultatele muncii noastre, \u00eencredere \u00een viitorul nostru comun!\\\" - Revista Urbea Mea - Revista de Alba\",\"isPartOf\":{\"@id\":\"https:\\\/\\\/urbeamea.ro\\\/albaiulia\\\/#website\"},\"primaryImageOfPage\":{\"@id\":\"https:\\\/\\\/urbeamea.ro\\\/albaiulia\\\/ziua-europei-incredere-in-rezultatele-muncii-noastre-incredere-in-viitorul-nostru-comun\\\/#primaryimage\"},\"image\":{\"@id\":\"https:\\\/\\\/urbeamea.ro\\\/albaiulia\\\/ziua-europei-incredere-in-rezultatele-muncii-noastre-incredere-in-viitorul-nostru-comun\\\/#primaryimage\"},\"thumbnailUrl\":\"https:\\\/\\\/urbeamea.ro\\\/albaiulia\\\/wp-content\\\/uploads\\\/2023\\\/05\\\/foto-actiuni-3.jpeg\",\"datePublished\":\"2023-05-09T15:30:00+00:00\",\"dateModified\":\"2023-05-10T09:03:09+00:00\",\"author\":{\"@id\":\"https:\\\/\\\/urbeamea.ro\\\/albaiulia\\\/#\\\/schema\\\/person\\\/a115373ce8153754c6b084232d985956\"},\"description\":\"\u00cen fiecare an, \u00een 9 Mai, rom\u00e2nii \u0219i Rom\u00e2nia aniverseaz\u0103 Ziua Europei, dar \u0219i pacea ob\u021binut\u0103 prin sf\u00e2r\u0219irea celui de-al doilea r\u0103zboi\",\"breadcrumb\":{\"@id\":\"https:\\\/\\\/urbeamea.ro\\\/albaiulia\\\/ziua-europei-incredere-in-rezultatele-muncii-noastre-incredere-in-viitorul-nostru-comun\\\/#breadcrumb\"},\"inLanguage\":\"ro-RO\",\"potentialAction\":[{\"@type\":\"ReadAction\",\"target\":[\"https:\\\/\\\/urbeamea.ro\\\/albaiulia\\\/ziua-europei-incredere-in-rezultatele-muncii-noastre-incredere-in-viitorul-nostru-comun\\\/\"]}]},{\"@type\":\"ImageObject\",\"inLanguage\":\"ro-RO\",\"@id\":\"https:\\\/\\\/urbeamea.ro\\\/albaiulia\\\/ziua-europei-incredere-in-rezultatele-muncii-noastre-incredere-in-viitorul-nostru-comun\\\/#primaryimage\",\"url\":\"https:\\\/\\\/urbeamea.ro\\\/albaiulia\\\/wp-content\\\/uploads\\\/2023\\\/05\\\/foto-actiuni-3.jpeg\",\"contentUrl\":\"https:\\\/\\\/urbeamea.ro\\\/albaiulia\\\/wp-content\\\/uploads\\\/2023\\\/05\\\/foto-actiuni-3.jpeg\",\"width\":1024,\"height\":368},{\"@type\":\"BreadcrumbList\",\"@id\":\"https:\\\/\\\/urbeamea.ro\\\/albaiulia\\\/ziua-europei-incredere-in-rezultatele-muncii-noastre-incredere-in-viitorul-nostru-comun\\\/#breadcrumb\",\"itemListElement\":[{\"@type\":\"ListItem\",\"position\":1,\"name\":\"Prima pagin\u0103\",\"item\":\"https:\\\/\\\/urbeamea.ro\\\/albaiulia\\\/\"},{\"@type\":\"ListItem\",\"position\":2,\"name\":\"Ziua Europei &#8211; &#8222;\u00cencredere \u00een rezultatele muncii noastre, \u00eencredere \u00een viitorul nostru comun!&#8221;\"}]},{\"@type\":\"WebSite\",\"@id\":\"https:\\\/\\\/urbeamea.ro\\\/albaiulia\\\/#website\",\"url\":\"https:\\\/\\\/urbeamea.ro\\\/albaiulia\\\/\",\"name\":\"Revista Urbea Mea, Stiri urbane\",\"description\":\"Evenimente \u0219i \u0219tiri din Alba Iulia, Sebe\u0219, Aiud, Blaj\",\"potentialAction\":[{\"@type\":\"SearchAction\",\"target\":{\"@type\":\"EntryPoint\",\"urlTemplate\":\"https:\\\/\\\/urbeamea.ro\\\/albaiulia\\\/?s={search_term_string}\"},\"query-input\":{\"@type\":\"PropertyValueSpecification\",\"valueRequired\":true,\"valueName\":\"search_term_string\"}}],\"inLanguage\":\"ro-RO\"},{\"@type\":\"Person\",\"@id\":\"https:\\\/\\\/urbeamea.ro\\\/albaiulia\\\/#\\\/schema\\\/person\\\/a115373ce8153754c6b084232d985956\",\"name\":\"Bogdan P\u0103unescu\",\"image\":{\"@type\":\"ImageObject\",\"inLanguage\":\"ro-RO\",\"@id\":\"https:\\\/\\\/secure.gravatar.com\\\/avatar\\\/f72aa881b5a32ea110a53aabc2049429e3ff68fcb09d283722d01fbf330e9dd9?s=96&d=mm&r=g\",\"url\":\"https:\\\/\\\/secure.gravatar.com\\\/avatar\\\/f72aa881b5a32ea110a53aabc2049429e3ff68fcb09d283722d01fbf330e9dd9?s=96&d=mm&r=g\",\"contentUrl\":\"https:\\\/\\\/secure.gravatar.com\\\/avatar\\\/f72aa881b5a32ea110a53aabc2049429e3ff68fcb09d283722d01fbf330e9dd9?s=96&d=mm&r=g\",\"caption\":\"Bogdan P\u0103unescu\"},\"description\":\"\u00cemi place tot ceea ce este legat de web \u015fi ajut la dezvoltarea \u015fi \u00eembun\u0103t\u0103\u0163irea lui prin tot ceea ce fac.\",\"sameAs\":[\"https:\\\/\\\/www.artonmedia.ro\",\"https:\\\/\\\/www.facebook.com\\\/bogdanvpaunescu\"],\"url\":\"https:\\\/\\\/urbeamea.ro\\\/albaiulia\\\/author\\\/bogdan-paunescu\\\/\"}]}<\/script>\n<!-- \/ Yoast SEO plugin. -->","yoast_head_json":{"title":"Ziua Europei - \"\u00cencredere \u00een rezultatele muncii noastre, \u00eencredere \u00een viitorul nostru comun!\" - Revista Urbea Mea - Revista de Alba","description":"\u00cen fiecare an, \u00een 9 Mai, rom\u00e2nii \u0219i Rom\u00e2nia aniverseaz\u0103 Ziua Europei, dar \u0219i pacea ob\u021binut\u0103 prin sf\u00e2r\u0219irea celui de-al doilea r\u0103zboi","robots":{"index":"index","follow":"follow","max-snippet":"max-snippet:-1","max-image-preview":"max-image-preview:large","max-video-preview":"max-video-preview:-1"},"canonical":"https:\/\/urbeamea.ro\/albaiulia\/ziua-europei-incredere-in-rezultatele-muncii-noastre-incredere-in-viitorul-nostru-comun\/","twitter_card":"summary_large_image","twitter_title":"Ziua Europei - \"\u00cencredere \u00een rezultatele muncii noastre, \u00eencredere \u00een viitorul nostru comun!\" - Revista Urbea Mea - Revista de Alba","twitter_description":"\u00cen fiecare an, \u00een 9 Mai, rom\u00e2nii \u0219i Rom\u00e2nia aniverseaz\u0103 Ziua Europei, dar \u0219i pacea ob\u021binut\u0103 prin sf\u00e2r\u0219irea celui de-al doilea r\u0103zboi","twitter_image":"https:\/\/urbeamea.ro\/albaiulia\/wp-content\/uploads\/2023\/05\/foto-actiuni-3.jpeg","twitter_creator":"@urbeameaweb","twitter_site":"@urbeameaweb","schema":{"@context":"https:\/\/schema.org","@graph":[{"@type":"Article","@id":"https:\/\/urbeamea.ro\/albaiulia\/ziua-europei-incredere-in-rezultatele-muncii-noastre-incredere-in-viitorul-nostru-comun\/#article","isPartOf":{"@id":"https:\/\/urbeamea.ro\/albaiulia\/ziua-europei-incredere-in-rezultatele-muncii-noastre-incredere-in-viitorul-nostru-comun\/"},"author":{"name":"Bogdan P\u0103unescu","@id":"https:\/\/urbeamea.ro\/albaiulia\/#\/schema\/person\/a115373ce8153754c6b084232d985956"},"headline":"Ziua Europei &#8211; &#8222;\u00cencredere \u00een rezultatele muncii noastre, \u00eencredere \u00een viitorul nostru comun!&#8221;","datePublished":"2023-05-09T15:30:00+00:00","dateModified":"2023-05-10T09:03:09+00:00","mainEntityOfPage":{"@id":"https:\/\/urbeamea.ro\/albaiulia\/ziua-europei-incredere-in-rezultatele-muncii-noastre-incredere-in-viitorul-nostru-comun\/"},"wordCount":1136,"commentCount":0,"image":{"@id":"https:\/\/urbeamea.ro\/albaiulia\/ziua-europei-incredere-in-rezultatele-muncii-noastre-incredere-in-viitorul-nostru-comun\/#primaryimage"},"thumbnailUrl":"https:\/\/urbeamea.ro\/albaiulia\/wp-content\/uploads\/2023\/05\/foto-actiuni-3.jpeg","keywords":["ADR Centru"],"articleSection":["Evenimente"],"inLanguage":"ro-RO","potentialAction":[{"@type":"CommentAction","name":"Comment","target":["https:\/\/urbeamea.ro\/albaiulia\/ziua-europei-incredere-in-rezultatele-muncii-noastre-incredere-in-viitorul-nostru-comun\/#respond"]}]},{"@type":"WebPage","@id":"https:\/\/urbeamea.ro\/albaiulia\/ziua-europei-incredere-in-rezultatele-muncii-noastre-incredere-in-viitorul-nostru-comun\/","url":"https:\/\/urbeamea.ro\/albaiulia\/ziua-europei-incredere-in-rezultatele-muncii-noastre-incredere-in-viitorul-nostru-comun\/","name":"Ziua Europei - \"\u00cencredere \u00een rezultatele muncii noastre, \u00eencredere \u00een viitorul nostru comun!\" - Revista Urbea Mea - Revista de Alba","isPartOf":{"@id":"https:\/\/urbeamea.ro\/albaiulia\/#website"},"primaryImageOfPage":{"@id":"https:\/\/urbeamea.ro\/albaiulia\/ziua-europei-incredere-in-rezultatele-muncii-noastre-incredere-in-viitorul-nostru-comun\/#primaryimage"},"image":{"@id":"https:\/\/urbeamea.ro\/albaiulia\/ziua-europei-incredere-in-rezultatele-muncii-noastre-incredere-in-viitorul-nostru-comun\/#primaryimage"},"thumbnailUrl":"https:\/\/urbeamea.ro\/albaiulia\/wp-content\/uploads\/2023\/05\/foto-actiuni-3.jpeg","datePublished":"2023-05-09T15:30:00+00:00","dateModified":"2023-05-10T09:03:09+00:00","author":{"@id":"https:\/\/urbeamea.ro\/albaiulia\/#\/schema\/person\/a115373ce8153754c6b084232d985956"},"description":"\u00cen fiecare an, \u00een 9 Mai, rom\u00e2nii \u0219i Rom\u00e2nia aniverseaz\u0103 Ziua Europei, dar \u0219i pacea ob\u021binut\u0103 prin sf\u00e2r\u0219irea celui de-al doilea r\u0103zboi","breadcrumb":{"@id":"https:\/\/urbeamea.ro\/albaiulia\/ziua-europei-incredere-in-rezultatele-muncii-noastre-incredere-in-viitorul-nostru-comun\/#breadcrumb"},"inLanguage":"ro-RO","potentialAction":[{"@type":"ReadAction","target":["https:\/\/urbeamea.ro\/albaiulia\/ziua-europei-incredere-in-rezultatele-muncii-noastre-incredere-in-viitorul-nostru-comun\/"]}]},{"@type":"ImageObject","inLanguage":"ro-RO","@id":"https:\/\/urbeamea.ro\/albaiulia\/ziua-europei-incredere-in-rezultatele-muncii-noastre-incredere-in-viitorul-nostru-comun\/#primaryimage","url":"https:\/\/urbeamea.ro\/albaiulia\/wp-content\/uploads\/2023\/05\/foto-actiuni-3.jpeg","contentUrl":"https:\/\/urbeamea.ro\/albaiulia\/wp-content\/uploads\/2023\/05\/foto-actiuni-3.jpeg","width":1024,"height":368},{"@type":"BreadcrumbList","@id":"https:\/\/urbeamea.ro\/albaiulia\/ziua-europei-incredere-in-rezultatele-muncii-noastre-incredere-in-viitorul-nostru-comun\/#breadcrumb","itemListElement":[{"@type":"ListItem","position":1,"name":"Prima pagin\u0103","item":"https:\/\/urbeamea.ro\/albaiulia\/"},{"@type":"ListItem","position":2,"name":"Ziua Europei &#8211; &#8222;\u00cencredere \u00een rezultatele muncii noastre, \u00eencredere \u00een viitorul nostru comun!&#8221;"}]},{"@type":"WebSite","@id":"https:\/\/urbeamea.ro\/albaiulia\/#website","url":"https:\/\/urbeamea.ro\/albaiulia\/","name":"Revista Urbea Mea, Stiri urbane","description":"Evenimente \u0219i \u0219tiri din Alba Iulia, Sebe\u0219, Aiud, Blaj","potentialAction":[{"@type":"SearchAction","target":{"@type":"EntryPoint","urlTemplate":"https:\/\/urbeamea.ro\/albaiulia\/?s={search_term_string}"},"query-input":{"@type":"PropertyValueSpecification","valueRequired":true,"valueName":"search_term_string"}}],"inLanguage":"ro-RO"},{"@type":"Person","@id":"https:\/\/urbeamea.ro\/albaiulia\/#\/schema\/person\/a115373ce8153754c6b084232d985956","name":"Bogdan P\u0103unescu","image":{"@type":"ImageObject","inLanguage":"ro-RO","@id":"https:\/\/secure.gravatar.com\/avatar\/f72aa881b5a32ea110a53aabc2049429e3ff68fcb09d283722d01fbf330e9dd9?s=96&d=mm&r=g","url":"https:\/\/secure.gravatar.com\/avatar\/f72aa881b5a32ea110a53aabc2049429e3ff68fcb09d283722d01fbf330e9dd9?s=96&d=mm&r=g","contentUrl":"https:\/\/secure.gravatar.com\/avatar\/f72aa881b5a32ea110a53aabc2049429e3ff68fcb09d283722d01fbf330e9dd9?s=96&d=mm&r=g","caption":"Bogdan P\u0103unescu"},"description":"\u00cemi place tot ceea ce este legat de web \u015fi ajut la dezvoltarea \u015fi \u00eembun\u0103t\u0103\u0163irea lui prin tot ceea ce fac.","sameAs":["https:\/\/www.artonmedia.ro","https:\/\/www.facebook.com\/bogdanvpaunescu"],"url":"https:\/\/urbeamea.ro\/albaiulia\/author\/bogdan-paunescu\/"}]}},"_links":{"self":[{"href":"https:\/\/urbeamea.ro\/albaiulia\/wp-json\/wp\/v2\/posts\/107541","targetHints":{"allow":["GET"]}}],"collection":[{"href":"https:\/\/urbeamea.ro\/albaiulia\/wp-json\/wp\/v2\/posts"}],"about":[{"href":"https:\/\/urbeamea.ro\/albaiulia\/wp-json\/wp\/v2\/types\/post"}],"author":[{"embeddable":true,"href":"https:\/\/urbeamea.ro\/albaiulia\/wp-json\/wp\/v2\/users\/5"}],"replies":[{"embeddable":true,"href":"https:\/\/urbeamea.ro\/albaiulia\/wp-json\/wp\/v2\/comments?post=107541"}],"version-history":[{"count":1,"href":"https:\/\/urbeamea.ro\/albaiulia\/wp-json\/wp\/v2\/posts\/107541\/revisions"}],"predecessor-version":[{"id":107545,"href":"https:\/\/urbeamea.ro\/albaiulia\/wp-json\/wp\/v2\/posts\/107541\/revisions\/107545"}],"wp:featuredmedia":[{"embeddable":true,"href":"https:\/\/urbeamea.ro\/albaiulia\/wp-json\/wp\/v2\/media\/107544"}],"wp:attachment":[{"href":"https:\/\/urbeamea.ro\/albaiulia\/wp-json\/wp\/v2\/media?parent=107541"}],"wp:term":[{"taxonomy":"category","embeddable":true,"href":"https:\/\/urbeamea.ro\/albaiulia\/wp-json\/wp\/v2\/categories?post=107541"},{"taxonomy":"post_tag","embeddable":true,"href":"https:\/\/urbeamea.ro\/albaiulia\/wp-json\/wp\/v2\/tags?post=107541"}],"curies":[{"name":"wp","href":"https:\/\/api.w.org\/{rel}","templated":true}]}}