{"id":107637,"date":"2023-05-16T15:00:49","date_gmt":"2023-05-16T12:00:49","guid":{"rendered":"https:\/\/urbeamea.ro\/albaiulia\/?p=107637"},"modified":"2023-05-16T15:00:51","modified_gmt":"2023-05-16T12:00:51","slug":"casa-de-cultura-a-studentilor-alba-iulia-gazda-si-partener-al-editiei-din-acest-an-a-festivalului-international-de-teatru-povesti","status":"publish","type":"post","link":"https:\/\/urbeamea.ro\/albaiulia\/casa-de-cultura-a-studentilor-alba-iulia-gazda-si-partener-al-editiei-din-acest-an-a-festivalului-international-de-teatru-povesti\/","title":{"rendered":"Casa de Cultur\u0103 a Studen\u021bilor Alba Iulia \u2013 gazd\u0103 \u0219i partener al edi\u021biei din acest an a Festivalului Interna\u021bional de Teatru \u201dPove\u0219ti\u201d"},"content":{"rendered":"\n<p>A \u00eenceput cea de-a XVI-a edi\u021bie a Festivalului Interna\u021bional de Teatru \u201dPove\u0219ti\u201d, organizat de Teatrul de P\u0103pu\u015fi Prichindel Alba Iulia \u0219i Consiliul Jude\u0163ean Alba.<\/p>\n\n\n\n<p>P\u00e2n\u0103 s\u00e2mb\u0103t\u0103, 20 mai, spa\u021biile Casei de Cultur\u0103 a Studen\u021bilor sunt dedicate minunatei arte a teatrului. Spectacole pentru copii \u0219i adul\u021bi, expozi\u021bii \u0219i ateliere v\u0103 a\u0219teapt\u0103 zilnic s\u0103 v\u0103 \u00eenc\u00e2nte.<\/p>\n\n\n\n<blockquote class=\"wp-block-quote is-layout-flow wp-block-quote-is-layout-flow\">\n<p>Este o pl\u0103cere s\u0103 g\u0103zduim, \u0219i \u00een acest an, Festivalul Interna\u021bional de Teatru &lt;Pove\u0219ti>. Dedicarea organizatorilor, pe care \u00eei felicit\u0103m \u0219i emo\u021bia participan\u021bilor, mici sau mari, fac din \u00a0festival un eveniment de la care nu trebuie s\u0103 lipsi\u021bi.<\/p>\n<cite>Gheorghe Berghian, directorul Casei de Cultur\u0103 a Studen\u021bilor<\/cite><\/blockquote>\n\n\n\n<p>Programul complet \u0219i informa\u021bii despre bilete se g\u0103sesc pe <a href=\"http:\/\/fitab.ro\" target=\"_blank\" rel=\"noreferrer noopener\">http:\/\/fitab.ro<\/a>.<\/p>\n","protected":false},"excerpt":{"rendered":"<p>A \u00eenceput cea de-a XVI-a edi\u021bie a Festivalului Interna\u021bional de Teatru \u201dPove\u0219ti\u201d, organizat de Teatrul de P\u0103pu\u015fi Prichindel Alba Iulia \u0219i Consiliul Jude\u0163ean Alba. P\u00e2n\u0103 s\u00e2mb\u0103t\u0103, 20 mai, spa\u021biile Casei de Cultur\u0103 a Studen\u021bilor sunt dedicate minunatei arte a teatrului. Spectacole pentru copii \u0219i adul\u021bi, expozi\u021bii \u0219i ateliere v\u0103 a\u0219teapt\u0103 zilnic s\u0103 v\u0103 \u00eenc\u00e2nte. Este &hellip;<\/p>\n","protected":false},"author":16,"featured_media":107638,"comment_status":"open","ping_status":"open","sticky":false,"template":"","format":"standard","meta":{"inline_featured_image":false,"footnotes":""},"categories":[4],"tags":[18230],"class_list":["post-107637","post","type-post","status-publish","format-standard","has-post-thumbnail","hentry","category-eveniment","tag-casa-de-cultura-a-studentilor-alba-iulia"],"yoast_head":"<!-- This site is optimized with the Yoast SEO plugin v27.4 - https:\/\/yoast.com\/product\/yoast-seo-wordpress\/ -->\n<title>Casa de Cultur\u0103 a Studen\u021bilor Alba Iulia \u2013 gazd\u0103 \u0219i partener al edi\u021biei din acest an a Festivalului Interna\u021bional de Teatru \u201dPove\u0219ti\u201d - Revista Urbea Mea - Revista de Alba<\/title>\n<meta name=\"description\" content=\"A \u00eenceput cea de-a XVI-a edi\u021bie a Festivalului Interna\u021bional de Teatru \u201dPove\u0219ti\u201d, organizat de Teatrul de P\u0103pu\u015fi Prichindel Alba Iulia \u0219i Consiliul\" \/>\n<meta name=\"robots\" content=\"index, follow, max-snippet:-1, max-image-preview:large, max-video-preview:-1\" \/>\n<link rel=\"canonical\" href=\"https:\/\/urbeamea.ro\/albaiulia\/casa-de-cultura-a-studentilor-alba-iulia-gazda-si-partener-al-editiei-din-acest-an-a-festivalului-international-de-teatru-povesti\/\" \/>\n<meta name=\"twitter:card\" content=\"summary_large_image\" \/>\n<meta name=\"twitter:title\" content=\"Casa de Cultur\u0103 a Studen\u021bilor Alba Iulia \u2013 gazd\u0103 \u0219i partener al edi\u021biei din acest an a Festivalului Interna\u021bional de Teatru \u201dPove\u0219ti\u201d - Revista Urbea Mea - Revista de Alba\" \/>\n<meta name=\"twitter:description\" content=\"A \u00eenceput cea de-a XVI-a edi\u021bie a Festivalului Interna\u021bional de Teatru \u201dPove\u0219ti\u201d, organizat de Teatrul de P\u0103pu\u015fi Prichindel Alba Iulia \u0219i Consiliul\" \/>\n<meta name=\"twitter:image\" content=\"https:\/\/urbeamea.ro\/albaiulia\/wp-content\/uploads\/2023\/05\/CCS-AI.jpg\" \/>\n<meta name=\"twitter:creator\" content=\"@urbeameaweb\" \/>\n<meta name=\"twitter:site\" content=\"@urbeameaweb\" \/>\n<script type=\"application\/ld+json\" class=\"yoast-schema-graph\">{\"@context\":\"https:\\\/\\\/schema.org\",\"@graph\":[{\"@type\":\"Article\",\"@id\":\"https:\\\/\\\/urbeamea.ro\\\/albaiulia\\\/casa-de-cultura-a-studentilor-alba-iulia-gazda-si-partener-al-editiei-din-acest-an-a-festivalului-international-de-teatru-povesti\\\/#article\",\"isPartOf\":{\"@id\":\"https:\\\/\\\/urbeamea.ro\\\/albaiulia\\\/casa-de-cultura-a-studentilor-alba-iulia-gazda-si-partener-al-editiei-din-acest-an-a-festivalului-international-de-teatru-povesti\\\/\"},\"author\":{\"name\":\"Redac\u021bia UrbeaMea\",\"@id\":\"https:\\\/\\\/urbeamea.ro\\\/albaiulia\\\/#\\\/schema\\\/person\\\/272ae98052f8ee8980f59848df070247\"},\"headline\":\"Casa de Cultur\u0103 a Studen\u021bilor Alba Iulia \u2013 gazd\u0103 \u0219i partener al edi\u021biei din acest an a Festivalului Interna\u021bional de Teatru \u201dPove\u0219ti\u201d\",\"datePublished\":\"2023-05-16T12:00:49+00:00\",\"dateModified\":\"2023-05-16T12:00:51+00:00\",\"mainEntityOfPage\":{\"@id\":\"https:\\\/\\\/urbeamea.ro\\\/albaiulia\\\/casa-de-cultura-a-studentilor-alba-iulia-gazda-si-partener-al-editiei-din-acest-an-a-festivalului-international-de-teatru-povesti\\\/\"},\"wordCount\":163,\"commentCount\":0,\"image\":{\"@id\":\"https:\\\/\\\/urbeamea.ro\\\/albaiulia\\\/casa-de-cultura-a-studentilor-alba-iulia-gazda-si-partener-al-editiei-din-acest-an-a-festivalului-international-de-teatru-povesti\\\/#primaryimage\"},\"thumbnailUrl\":\"https:\\\/\\\/urbeamea.ro\\\/albaiulia\\\/wp-content\\\/uploads\\\/2023\\\/05\\\/CCS-AI.jpg\",\"keywords\":[\"casa de cultura a studentilor alba iulia\"],\"articleSection\":[\"Evenimente\"],\"inLanguage\":\"ro-RO\",\"potentialAction\":[{\"@type\":\"CommentAction\",\"name\":\"Comment\",\"target\":[\"https:\\\/\\\/urbeamea.ro\\\/albaiulia\\\/casa-de-cultura-a-studentilor-alba-iulia-gazda-si-partener-al-editiei-din-acest-an-a-festivalului-international-de-teatru-povesti\\\/#respond\"]}]},{\"@type\":\"WebPage\",\"@id\":\"https:\\\/\\\/urbeamea.ro\\\/albaiulia\\\/casa-de-cultura-a-studentilor-alba-iulia-gazda-si-partener-al-editiei-din-acest-an-a-festivalului-international-de-teatru-povesti\\\/\",\"url\":\"https:\\\/\\\/urbeamea.ro\\\/albaiulia\\\/casa-de-cultura-a-studentilor-alba-iulia-gazda-si-partener-al-editiei-din-acest-an-a-festivalului-international-de-teatru-povesti\\\/\",\"name\":\"Casa de Cultur\u0103 a Studen\u021bilor Alba Iulia \u2013 gazd\u0103 \u0219i partener al edi\u021biei din acest an a Festivalului Interna\u021bional de Teatru \u201dPove\u0219ti\u201d - Revista Urbea Mea - Revista de Alba\",\"isPartOf\":{\"@id\":\"https:\\\/\\\/urbeamea.ro\\\/albaiulia\\\/#website\"},\"primaryImageOfPage\":{\"@id\":\"https:\\\/\\\/urbeamea.ro\\\/albaiulia\\\/casa-de-cultura-a-studentilor-alba-iulia-gazda-si-partener-al-editiei-din-acest-an-a-festivalului-international-de-teatru-povesti\\\/#primaryimage\"},\"image\":{\"@id\":\"https:\\\/\\\/urbeamea.ro\\\/albaiulia\\\/casa-de-cultura-a-studentilor-alba-iulia-gazda-si-partener-al-editiei-din-acest-an-a-festivalului-international-de-teatru-povesti\\\/#primaryimage\"},\"thumbnailUrl\":\"https:\\\/\\\/urbeamea.ro\\\/albaiulia\\\/wp-content\\\/uploads\\\/2023\\\/05\\\/CCS-AI.jpg\",\"datePublished\":\"2023-05-16T12:00:49+00:00\",\"dateModified\":\"2023-05-16T12:00:51+00:00\",\"author\":{\"@id\":\"https:\\\/\\\/urbeamea.ro\\\/albaiulia\\\/#\\\/schema\\\/person\\\/272ae98052f8ee8980f59848df070247\"},\"description\":\"A \u00eenceput cea de-a XVI-a edi\u021bie a Festivalului Interna\u021bional de Teatru \u201dPove\u0219ti\u201d, organizat de Teatrul de P\u0103pu\u015fi Prichindel Alba Iulia \u0219i Consiliul\",\"breadcrumb\":{\"@id\":\"https:\\\/\\\/urbeamea.ro\\\/albaiulia\\\/casa-de-cultura-a-studentilor-alba-iulia-gazda-si-partener-al-editiei-din-acest-an-a-festivalului-international-de-teatru-povesti\\\/#breadcrumb\"},\"inLanguage\":\"ro-RO\",\"potentialAction\":[{\"@type\":\"ReadAction\",\"target\":[\"https:\\\/\\\/urbeamea.ro\\\/albaiulia\\\/casa-de-cultura-a-studentilor-alba-iulia-gazda-si-partener-al-editiei-din-acest-an-a-festivalului-international-de-teatru-povesti\\\/\"]}]},{\"@type\":\"ImageObject\",\"inLanguage\":\"ro-RO\",\"@id\":\"https:\\\/\\\/urbeamea.ro\\\/albaiulia\\\/casa-de-cultura-a-studentilor-alba-iulia-gazda-si-partener-al-editiei-din-acest-an-a-festivalului-international-de-teatru-povesti\\\/#primaryimage\",\"url\":\"https:\\\/\\\/urbeamea.ro\\\/albaiulia\\\/wp-content\\\/uploads\\\/2023\\\/05\\\/CCS-AI.jpg\",\"contentUrl\":\"https:\\\/\\\/urbeamea.ro\\\/albaiulia\\\/wp-content\\\/uploads\\\/2023\\\/05\\\/CCS-AI.jpg\",\"width\":1148,\"height\":656},{\"@type\":\"BreadcrumbList\",\"@id\":\"https:\\\/\\\/urbeamea.ro\\\/albaiulia\\\/casa-de-cultura-a-studentilor-alba-iulia-gazda-si-partener-al-editiei-din-acest-an-a-festivalului-international-de-teatru-povesti\\\/#breadcrumb\",\"itemListElement\":[{\"@type\":\"ListItem\",\"position\":1,\"name\":\"Prima pagin\u0103\",\"item\":\"https:\\\/\\\/urbeamea.ro\\\/albaiulia\\\/\"},{\"@type\":\"ListItem\",\"position\":2,\"name\":\"Casa de Cultur\u0103 a Studen\u021bilor Alba Iulia \u2013 gazd\u0103 \u0219i partener al edi\u021biei din acest an a Festivalului Interna\u021bional de Teatru \u201dPove\u0219ti\u201d\"}]},{\"@type\":\"WebSite\",\"@id\":\"https:\\\/\\\/urbeamea.ro\\\/albaiulia\\\/#website\",\"url\":\"https:\\\/\\\/urbeamea.ro\\\/albaiulia\\\/\",\"name\":\"Revista Urbea Mea, Stiri urbane\",\"description\":\"Evenimente \u0219i \u0219tiri din Alba Iulia, Sebe\u0219, Aiud, Blaj\",\"potentialAction\":[{\"@type\":\"SearchAction\",\"target\":{\"@type\":\"EntryPoint\",\"urlTemplate\":\"https:\\\/\\\/urbeamea.ro\\\/albaiulia\\\/?s={search_term_string}\"},\"query-input\":{\"@type\":\"PropertyValueSpecification\",\"valueRequired\":true,\"valueName\":\"search_term_string\"}}],\"inLanguage\":\"ro-RO\"},{\"@type\":\"Person\",\"@id\":\"https:\\\/\\\/urbeamea.ro\\\/albaiulia\\\/#\\\/schema\\\/person\\\/272ae98052f8ee8980f59848df070247\",\"name\":\"Redac\u021bia UrbeaMea\",\"image\":{\"@type\":\"ImageObject\",\"inLanguage\":\"ro-RO\",\"@id\":\"https:\\\/\\\/secure.gravatar.com\\\/avatar\\\/9ce5a9435071fa1037e8468053ead8e513dbbff59009d3069aadb85506d85a27?s=96&d=mm&r=g\",\"url\":\"https:\\\/\\\/secure.gravatar.com\\\/avatar\\\/9ce5a9435071fa1037e8468053ead8e513dbbff59009d3069aadb85506d85a27?s=96&d=mm&r=g\",\"contentUrl\":\"https:\\\/\\\/secure.gravatar.com\\\/avatar\\\/9ce5a9435071fa1037e8468053ead8e513dbbff59009d3069aadb85506d85a27?s=96&d=mm&r=g\",\"caption\":\"Redac\u021bia UrbeaMea\"},\"description\":\"contact@urbeamea.ro\",\"sameAs\":[\"https:\\\/\\\/www.urbeamea.ro\"],\"url\":\"https:\\\/\\\/urbeamea.ro\\\/albaiulia\\\/author\\\/redactia-urbeamea\\\/\"}]}<\/script>\n<!-- \/ Yoast SEO plugin. -->","yoast_head_json":{"title":"Casa de Cultur\u0103 a Studen\u021bilor Alba Iulia \u2013 gazd\u0103 \u0219i partener al edi\u021biei din acest an a Festivalului Interna\u021bional de Teatru \u201dPove\u0219ti\u201d - Revista Urbea Mea - Revista de Alba","description":"A \u00eenceput cea de-a XVI-a edi\u021bie a Festivalului Interna\u021bional de Teatru \u201dPove\u0219ti\u201d, organizat de Teatrul de P\u0103pu\u015fi Prichindel Alba Iulia \u0219i Consiliul","robots":{"index":"index","follow":"follow","max-snippet":"max-snippet:-1","max-image-preview":"max-image-preview:large","max-video-preview":"max-video-preview:-1"},"canonical":"https:\/\/urbeamea.ro\/albaiulia\/casa-de-cultura-a-studentilor-alba-iulia-gazda-si-partener-al-editiei-din-acest-an-a-festivalului-international-de-teatru-povesti\/","twitter_card":"summary_large_image","twitter_title":"Casa de Cultur\u0103 a Studen\u021bilor Alba Iulia \u2013 gazd\u0103 \u0219i partener al edi\u021biei din acest an a Festivalului Interna\u021bional de Teatru \u201dPove\u0219ti\u201d - Revista Urbea Mea - Revista de Alba","twitter_description":"A \u00eenceput cea de-a XVI-a edi\u021bie a Festivalului Interna\u021bional de Teatru \u201dPove\u0219ti\u201d, organizat de Teatrul de P\u0103pu\u015fi Prichindel Alba Iulia \u0219i Consiliul","twitter_image":"https:\/\/urbeamea.ro\/albaiulia\/wp-content\/uploads\/2023\/05\/CCS-AI.jpg","twitter_creator":"@urbeameaweb","twitter_site":"@urbeameaweb","schema":{"@context":"https:\/\/schema.org","@graph":[{"@type":"Article","@id":"https:\/\/urbeamea.ro\/albaiulia\/casa-de-cultura-a-studentilor-alba-iulia-gazda-si-partener-al-editiei-din-acest-an-a-festivalului-international-de-teatru-povesti\/#article","isPartOf":{"@id":"https:\/\/urbeamea.ro\/albaiulia\/casa-de-cultura-a-studentilor-alba-iulia-gazda-si-partener-al-editiei-din-acest-an-a-festivalului-international-de-teatru-povesti\/"},"author":{"name":"Redac\u021bia UrbeaMea","@id":"https:\/\/urbeamea.ro\/albaiulia\/#\/schema\/person\/272ae98052f8ee8980f59848df070247"},"headline":"Casa de Cultur\u0103 a Studen\u021bilor Alba Iulia \u2013 gazd\u0103 \u0219i partener al edi\u021biei din acest an a Festivalului Interna\u021bional de Teatru \u201dPove\u0219ti\u201d","datePublished":"2023-05-16T12:00:49+00:00","dateModified":"2023-05-16T12:00:51+00:00","mainEntityOfPage":{"@id":"https:\/\/urbeamea.ro\/albaiulia\/casa-de-cultura-a-studentilor-alba-iulia-gazda-si-partener-al-editiei-din-acest-an-a-festivalului-international-de-teatru-povesti\/"},"wordCount":163,"commentCount":0,"image":{"@id":"https:\/\/urbeamea.ro\/albaiulia\/casa-de-cultura-a-studentilor-alba-iulia-gazda-si-partener-al-editiei-din-acest-an-a-festivalului-international-de-teatru-povesti\/#primaryimage"},"thumbnailUrl":"https:\/\/urbeamea.ro\/albaiulia\/wp-content\/uploads\/2023\/05\/CCS-AI.jpg","keywords":["casa de cultura a studentilor alba iulia"],"articleSection":["Evenimente"],"inLanguage":"ro-RO","potentialAction":[{"@type":"CommentAction","name":"Comment","target":["https:\/\/urbeamea.ro\/albaiulia\/casa-de-cultura-a-studentilor-alba-iulia-gazda-si-partener-al-editiei-din-acest-an-a-festivalului-international-de-teatru-povesti\/#respond"]}]},{"@type":"WebPage","@id":"https:\/\/urbeamea.ro\/albaiulia\/casa-de-cultura-a-studentilor-alba-iulia-gazda-si-partener-al-editiei-din-acest-an-a-festivalului-international-de-teatru-povesti\/","url":"https:\/\/urbeamea.ro\/albaiulia\/casa-de-cultura-a-studentilor-alba-iulia-gazda-si-partener-al-editiei-din-acest-an-a-festivalului-international-de-teatru-povesti\/","name":"Casa de Cultur\u0103 a Studen\u021bilor Alba Iulia \u2013 gazd\u0103 \u0219i partener al edi\u021biei din acest an a Festivalului Interna\u021bional de Teatru \u201dPove\u0219ti\u201d - Revista Urbea Mea - Revista de Alba","isPartOf":{"@id":"https:\/\/urbeamea.ro\/albaiulia\/#website"},"primaryImageOfPage":{"@id":"https:\/\/urbeamea.ro\/albaiulia\/casa-de-cultura-a-studentilor-alba-iulia-gazda-si-partener-al-editiei-din-acest-an-a-festivalului-international-de-teatru-povesti\/#primaryimage"},"image":{"@id":"https:\/\/urbeamea.ro\/albaiulia\/casa-de-cultura-a-studentilor-alba-iulia-gazda-si-partener-al-editiei-din-acest-an-a-festivalului-international-de-teatru-povesti\/#primaryimage"},"thumbnailUrl":"https:\/\/urbeamea.ro\/albaiulia\/wp-content\/uploads\/2023\/05\/CCS-AI.jpg","datePublished":"2023-05-16T12:00:49+00:00","dateModified":"2023-05-16T12:00:51+00:00","author":{"@id":"https:\/\/urbeamea.ro\/albaiulia\/#\/schema\/person\/272ae98052f8ee8980f59848df070247"},"description":"A \u00eenceput cea de-a XVI-a edi\u021bie a Festivalului Interna\u021bional de Teatru \u201dPove\u0219ti\u201d, organizat de Teatrul de P\u0103pu\u015fi Prichindel Alba Iulia \u0219i Consiliul","breadcrumb":{"@id":"https:\/\/urbeamea.ro\/albaiulia\/casa-de-cultura-a-studentilor-alba-iulia-gazda-si-partener-al-editiei-din-acest-an-a-festivalului-international-de-teatru-povesti\/#breadcrumb"},"inLanguage":"ro-RO","potentialAction":[{"@type":"ReadAction","target":["https:\/\/urbeamea.ro\/albaiulia\/casa-de-cultura-a-studentilor-alba-iulia-gazda-si-partener-al-editiei-din-acest-an-a-festivalului-international-de-teatru-povesti\/"]}]},{"@type":"ImageObject","inLanguage":"ro-RO","@id":"https:\/\/urbeamea.ro\/albaiulia\/casa-de-cultura-a-studentilor-alba-iulia-gazda-si-partener-al-editiei-din-acest-an-a-festivalului-international-de-teatru-povesti\/#primaryimage","url":"https:\/\/urbeamea.ro\/albaiulia\/wp-content\/uploads\/2023\/05\/CCS-AI.jpg","contentUrl":"https:\/\/urbeamea.ro\/albaiulia\/wp-content\/uploads\/2023\/05\/CCS-AI.jpg","width":1148,"height":656},{"@type":"BreadcrumbList","@id":"https:\/\/urbeamea.ro\/albaiulia\/casa-de-cultura-a-studentilor-alba-iulia-gazda-si-partener-al-editiei-din-acest-an-a-festivalului-international-de-teatru-povesti\/#breadcrumb","itemListElement":[{"@type":"ListItem","position":1,"name":"Prima pagin\u0103","item":"https:\/\/urbeamea.ro\/albaiulia\/"},{"@type":"ListItem","position":2,"name":"Casa de Cultur\u0103 a Studen\u021bilor Alba Iulia \u2013 gazd\u0103 \u0219i partener al edi\u021biei din acest an a Festivalului Interna\u021bional de Teatru \u201dPove\u0219ti\u201d"}]},{"@type":"WebSite","@id":"https:\/\/urbeamea.ro\/albaiulia\/#website","url":"https:\/\/urbeamea.ro\/albaiulia\/","name":"Revista Urbea Mea, Stiri urbane","description":"Evenimente \u0219i \u0219tiri din Alba Iulia, Sebe\u0219, Aiud, Blaj","potentialAction":[{"@type":"SearchAction","target":{"@type":"EntryPoint","urlTemplate":"https:\/\/urbeamea.ro\/albaiulia\/?s={search_term_string}"},"query-input":{"@type":"PropertyValueSpecification","valueRequired":true,"valueName":"search_term_string"}}],"inLanguage":"ro-RO"},{"@type":"Person","@id":"https:\/\/urbeamea.ro\/albaiulia\/#\/schema\/person\/272ae98052f8ee8980f59848df070247","name":"Redac\u021bia UrbeaMea","image":{"@type":"ImageObject","inLanguage":"ro-RO","@id":"https:\/\/secure.gravatar.com\/avatar\/9ce5a9435071fa1037e8468053ead8e513dbbff59009d3069aadb85506d85a27?s=96&d=mm&r=g","url":"https:\/\/secure.gravatar.com\/avatar\/9ce5a9435071fa1037e8468053ead8e513dbbff59009d3069aadb85506d85a27?s=96&d=mm&r=g","contentUrl":"https:\/\/secure.gravatar.com\/avatar\/9ce5a9435071fa1037e8468053ead8e513dbbff59009d3069aadb85506d85a27?s=96&d=mm&r=g","caption":"Redac\u021bia UrbeaMea"},"description":"contact@urbeamea.ro","sameAs":["https:\/\/www.urbeamea.ro"],"url":"https:\/\/urbeamea.ro\/albaiulia\/author\/redactia-urbeamea\/"}]}},"_links":{"self":[{"href":"https:\/\/urbeamea.ro\/albaiulia\/wp-json\/wp\/v2\/posts\/107637","targetHints":{"allow":["GET"]}}],"collection":[{"href":"https:\/\/urbeamea.ro\/albaiulia\/wp-json\/wp\/v2\/posts"}],"about":[{"href":"https:\/\/urbeamea.ro\/albaiulia\/wp-json\/wp\/v2\/types\/post"}],"author":[{"embeddable":true,"href":"https:\/\/urbeamea.ro\/albaiulia\/wp-json\/wp\/v2\/users\/16"}],"replies":[{"embeddable":true,"href":"https:\/\/urbeamea.ro\/albaiulia\/wp-json\/wp\/v2\/comments?post=107637"}],"version-history":[{"count":1,"href":"https:\/\/urbeamea.ro\/albaiulia\/wp-json\/wp\/v2\/posts\/107637\/revisions"}],"predecessor-version":[{"id":107639,"href":"https:\/\/urbeamea.ro\/albaiulia\/wp-json\/wp\/v2\/posts\/107637\/revisions\/107639"}],"wp:featuredmedia":[{"embeddable":true,"href":"https:\/\/urbeamea.ro\/albaiulia\/wp-json\/wp\/v2\/media\/107638"}],"wp:attachment":[{"href":"https:\/\/urbeamea.ro\/albaiulia\/wp-json\/wp\/v2\/media?parent=107637"}],"wp:term":[{"taxonomy":"category","embeddable":true,"href":"https:\/\/urbeamea.ro\/albaiulia\/wp-json\/wp\/v2\/categories?post=107637"},{"taxonomy":"post_tag","embeddable":true,"href":"https:\/\/urbeamea.ro\/albaiulia\/wp-json\/wp\/v2\/tags?post=107637"}],"curies":[{"name":"wp","href":"https:\/\/api.w.org\/{rel}","templated":true}]}}