{"id":107640,"date":"2023-05-16T15:05:32","date_gmt":"2023-05-16T12:05:32","guid":{"rendered":"https:\/\/urbeamea.ro\/albaiulia\/?p=107640"},"modified":"2023-05-16T15:05:33","modified_gmt":"2023-05-16T12:05:33","slug":"exponatul-lunii-mai-la-muzeul-municipal-ioan-raica-sebes-afisul-primei-editii-a-festivalului-international-lucian-blaga-1981","status":"publish","type":"post","link":"https:\/\/urbeamea.ro\/albaiulia\/exponatul-lunii-mai-la-muzeul-municipal-ioan-raica-sebes-afisul-primei-editii-a-festivalului-international-lucian-blaga-1981\/","title":{"rendered":"Exponatul lunii mai la muzeul municipal \u201eIoan Raica&#8221; Sebe\u015f \u2013 Afi\u015ful primei edi\u0163ii a Festivalului Interna\u0163ional \u201eLucian Blaga&#8221; (1981)"},"content":{"rendered":"\n<p>Cu r\u0103d\u0103cini ad\u00e2nci \u00een tradi\u0163ia interbelic\u0103 a Sebe\u015fului, ora\u015f \u00een care evenimentele culturale, de\u015fi de amploare mai mic\u0103, erau frecvente \u015fi, \u00een ciuda controlului total pe care Partidul Comunist Rom\u00e2n \u00eel exercita asupra culturii, care devenise exclusiv un instrument de propagand\u0103, c\u00e2\u021biva intelectuali curajo\u015fi au reu\u015fit s\u0103 ob\u0163in\u0103 aprobarea autorit\u0103\u0163ilor locale \u015fi jude\u0163ene pentru a ini\u0163ia \u201eFestivalul de poezie Lucian Blaga&#8221;, a c\u0103rui prim\u0103 edi\u021bie s-a desf\u0103\u015furat \u00eentre 15 \u0219i 17 mai 1981.<\/p>\n\n\n\n<p>Fondatorii acestuia au fost profesorii Mircea Tomu\u015f \u015fi Achim Mihu, poetul Ion M\u0103rgineanu \u015fi directorul din acea vreme a casei de cultur\u0103, Gheorghe Maniu. \u00cempreun\u0103 au g\u00e2ndit un proiect cultural pe care l-au preg\u0103tit minu\u0163ios, reu\u015find s\u0103-l protejeze \u00eentr-o oarecare m\u0103sur\u0103 de cenzura comunist\u0103 \u015fi s\u0103 aduc\u0103 \u00een fa\u0163a publicului o personalitate cultural\u0103 pe care regimul comunist o dorea uitat\u0103. La succesul festivalului au contribuit \u015fi al\u0163i intelectuali din ora\u015f, unul dintre ace\u015ftia fiind Nicolae Sterca, cel care a realizat manual primul afi\u015f al festivalului. Un exemplar al acestuia este propunerea Muzeului Municipal \u201eIoan Raica&#8221; Sebe\u015f drept exponat al lunii mai.<strong><\/strong><\/p>\n\n\n\n<p>Afi\u015ful are dimensiunile de 100 x 60 cm \u015fi este realizat pe un fundal albastru petrol. Central este pozi\u0163ionat\u0103 o fotografie portret a lui Lucian Blaga, realizat\u0103 \u00een alb-negru, \u00een care poetul este surprins \u00een profil, meditativ, cu degetul ar\u0103t\u0103tor a\u015fezat la t\u00e2mpl\u0103 \u015fi urm\u0103toarele c\u0103zute comod, privind \u00een dep\u0103rt\u0103ri. Portretul este \u00eencadrat de un medalion oval negru, pe care este caligrafiat cu alb: \u201eFestivalul de poezie Lucian Blaga, edi\u0163ia -I- 15-17 mai&#8221;, iar \u00een partea de jos, central, este scris anul: 1981. Deasupra medalionului este scris tot cu alb un vers din poezia \u201eMirabila S\u0103m\u00e2n\u0163\u0103&#8221;: \u201eLaud\u0103 semin\u0163elor, celor de fa\u0163\u0103 \u015fi \u00een veci tuturor!&#8221;, vers devenit motto-ul festivalului,&nbsp; iar \u00een partea de jos este scris locul de desf\u0103\u015furare al evenimentului: \u201eSebe\u015f-Alba&#8221;. Semn\u0103tura artistului este pozi\u0163ionat\u0103 \u00een partea st\u00e2ng\u0103, jos.<strong><\/strong><\/p>\n\n\n\n<p>Autorul afi\u015fului, artistul plastic Nicolae Sterca (1935-2022), s-a n\u0103scut la 16 noiembrie 1935, \u00een satul C\u0103rpini\u015f, deprinderile artistice mo\u015ftenindu-le de la tat\u0103l s\u0103u care era sculptor \u00een lemn \u015fi de la bunica sa, o foarte \u00eendem\u00e2natic\u0103 \u0163es\u0103toare. \u015ei-a perfec\u0163ionat talentul nativ urm\u00e2nd cursurile Facult\u0103\u0163ii de Arte Plastice din Timi\u015foara, unde, ca student, a participat la numeroase expozi\u0163ii de profil at\u00e2t \u00een centrul universitar&nbsp; unde studia, c\u00e2t \u015fi la Bucure\u015fti. Dup\u0103 absolvirea facult\u0103\u0163ii \u00een anul 1964, s-a stabilit la Sebe\u015f, unde a activat ca profesor de desen la \u015ecoala General\u0103 nr. 2, p\u00e2n\u0103 la pensionarea sa survenit\u0103 \u00een anul 1988. Lucr\u0103ri semnate de Nicolae Sterca se g\u0103sesc \u00een colec\u0163ii particulare din Rom\u00e2nia, Germania, Fran\u0163a, Olanda, Anglia, Suedia, Australia, SUA \u015fi Canada.<strong><\/strong><\/p>\n\n\n\n<p>Drepturi de autor text: Centrul Cultural \u201eLucian Blaga&#8221; Sebe\u0219<\/p>\n","protected":false},"excerpt":{"rendered":"<p>Cu r\u0103d\u0103cini ad\u00e2nci \u00een tradi\u0163ia interbelic\u0103 a Sebe\u015fului, ora\u015f \u00een care evenimentele culturale, de\u015fi de amploare mai mic\u0103, erau frecvente \u015fi, \u00een ciuda controlului total pe care Partidul Comunist Rom\u00e2n \u00eel exercita asupra culturii, care devenise exclusiv un instrument de propagand\u0103, c\u00e2\u021biva intelectuali curajo\u015fi au reu\u015fit s\u0103 ob\u0163in\u0103 aprobarea autorit\u0103\u0163ilor locale \u015fi jude\u0163ene pentru a &hellip;<\/p>\n","protected":false},"author":16,"featured_media":107641,"comment_status":"open","ping_status":"open","sticky":false,"template":"","format":"standard","meta":{"inline_featured_image":false,"footnotes":""},"categories":[4],"tags":[15279],"class_list":["post-107640","post","type-post","status-publish","format-standard","has-post-thumbnail","hentry","category-eveniment","tag-muzeul-municipal-ioan-raica-sebes"],"yoast_head":"<!-- This site is optimized with the Yoast SEO plugin v27.4 - https:\/\/yoast.com\/product\/yoast-seo-wordpress\/ -->\n<title>Exponatul lunii mai la muzeul municipal \u201eIoan Raica&quot; Sebe\u015f \u2013 Afi\u015ful primei edi\u0163ii a Festivalului Interna\u0163ional \u201eLucian Blaga&quot; (1981) - Revista Urbea Mea - Revista de Alba<\/title>\n<meta name=\"description\" content=\"Cu r\u0103d\u0103cini ad\u00e2nci \u00een tradi\u0163ia interbelic\u0103 a Sebe\u015fului, ora\u015f \u00een care evenimentele culturale, de\u015fi de amploare mai mic\u0103, erau frecvente \u015fi, \u00een ciuda\" \/>\n<meta name=\"robots\" content=\"index, follow, max-snippet:-1, max-image-preview:large, max-video-preview:-1\" \/>\n<link rel=\"canonical\" href=\"https:\/\/urbeamea.ro\/albaiulia\/exponatul-lunii-mai-la-muzeul-municipal-ioan-raica-sebes-afisul-primei-editii-a-festivalului-international-lucian-blaga-1981\/\" \/>\n<meta name=\"twitter:card\" content=\"summary_large_image\" \/>\n<meta name=\"twitter:title\" content=\"Exponatul lunii mai la muzeul municipal \u201eIoan Raica&quot; Sebe\u015f \u2013 Afi\u015ful primei edi\u0163ii a Festivalului Interna\u0163ional \u201eLucian Blaga&quot; (1981) - Revista Urbea Mea - Revista de Alba\" \/>\n<meta name=\"twitter:description\" content=\"Cu r\u0103d\u0103cini ad\u00e2nci \u00een tradi\u0163ia interbelic\u0103 a Sebe\u015fului, ora\u015f \u00een care evenimentele culturale, de\u015fi de amploare mai mic\u0103, erau frecvente \u015fi, \u00een ciuda\" \/>\n<meta name=\"twitter:image\" content=\"https:\/\/urbeamea.ro\/albaiulia\/wp-content\/uploads\/2023\/05\/Afis-EXPONAT-MAI-editia-1_1981-2.jpg\" \/>\n<meta name=\"twitter:creator\" content=\"@urbeameaweb\" \/>\n<meta name=\"twitter:site\" content=\"@urbeameaweb\" \/>\n<script type=\"application\/ld+json\" class=\"yoast-schema-graph\">{\"@context\":\"https:\\\/\\\/schema.org\",\"@graph\":[{\"@type\":\"Article\",\"@id\":\"https:\\\/\\\/urbeamea.ro\\\/albaiulia\\\/exponatul-lunii-mai-la-muzeul-municipal-ioan-raica-sebes-afisul-primei-editii-a-festivalului-international-lucian-blaga-1981\\\/#article\",\"isPartOf\":{\"@id\":\"https:\\\/\\\/urbeamea.ro\\\/albaiulia\\\/exponatul-lunii-mai-la-muzeul-municipal-ioan-raica-sebes-afisul-primei-editii-a-festivalului-international-lucian-blaga-1981\\\/\"},\"author\":{\"name\":\"Redac\u021bia UrbeaMea\",\"@id\":\"https:\\\/\\\/urbeamea.ro\\\/albaiulia\\\/#\\\/schema\\\/person\\\/272ae98052f8ee8980f59848df070247\"},\"headline\":\"Exponatul lunii mai la muzeul municipal \u201eIoan Raica&#8221; Sebe\u015f \u2013 Afi\u015ful primei edi\u0163ii a Festivalului Interna\u0163ional \u201eLucian Blaga&#8221; (1981)\",\"datePublished\":\"2023-05-16T12:05:32+00:00\",\"dateModified\":\"2023-05-16T12:05:33+00:00\",\"mainEntityOfPage\":{\"@id\":\"https:\\\/\\\/urbeamea.ro\\\/albaiulia\\\/exponatul-lunii-mai-la-muzeul-municipal-ioan-raica-sebes-afisul-primei-editii-a-festivalului-international-lucian-blaga-1981\\\/\"},\"wordCount\":513,\"commentCount\":0,\"image\":{\"@id\":\"https:\\\/\\\/urbeamea.ro\\\/albaiulia\\\/exponatul-lunii-mai-la-muzeul-municipal-ioan-raica-sebes-afisul-primei-editii-a-festivalului-international-lucian-blaga-1981\\\/#primaryimage\"},\"thumbnailUrl\":\"https:\\\/\\\/urbeamea.ro\\\/albaiulia\\\/wp-content\\\/uploads\\\/2023\\\/05\\\/Afis-EXPONAT-MAI-editia-1_1981-2.jpg\",\"keywords\":[\"muzeul municipal \\\"Ioan Raica\\\" Sebes\"],\"articleSection\":[\"Evenimente\"],\"inLanguage\":\"ro-RO\",\"potentialAction\":[{\"@type\":\"CommentAction\",\"name\":\"Comment\",\"target\":[\"https:\\\/\\\/urbeamea.ro\\\/albaiulia\\\/exponatul-lunii-mai-la-muzeul-municipal-ioan-raica-sebes-afisul-primei-editii-a-festivalului-international-lucian-blaga-1981\\\/#respond\"]}]},{\"@type\":\"WebPage\",\"@id\":\"https:\\\/\\\/urbeamea.ro\\\/albaiulia\\\/exponatul-lunii-mai-la-muzeul-municipal-ioan-raica-sebes-afisul-primei-editii-a-festivalului-international-lucian-blaga-1981\\\/\",\"url\":\"https:\\\/\\\/urbeamea.ro\\\/albaiulia\\\/exponatul-lunii-mai-la-muzeul-municipal-ioan-raica-sebes-afisul-primei-editii-a-festivalului-international-lucian-blaga-1981\\\/\",\"name\":\"Exponatul lunii mai la muzeul municipal \u201eIoan Raica\\\" Sebe\u015f \u2013 Afi\u015ful primei edi\u0163ii a Festivalului Interna\u0163ional \u201eLucian Blaga\\\" (1981) - Revista Urbea Mea - Revista de Alba\",\"isPartOf\":{\"@id\":\"https:\\\/\\\/urbeamea.ro\\\/albaiulia\\\/#website\"},\"primaryImageOfPage\":{\"@id\":\"https:\\\/\\\/urbeamea.ro\\\/albaiulia\\\/exponatul-lunii-mai-la-muzeul-municipal-ioan-raica-sebes-afisul-primei-editii-a-festivalului-international-lucian-blaga-1981\\\/#primaryimage\"},\"image\":{\"@id\":\"https:\\\/\\\/urbeamea.ro\\\/albaiulia\\\/exponatul-lunii-mai-la-muzeul-municipal-ioan-raica-sebes-afisul-primei-editii-a-festivalului-international-lucian-blaga-1981\\\/#primaryimage\"},\"thumbnailUrl\":\"https:\\\/\\\/urbeamea.ro\\\/albaiulia\\\/wp-content\\\/uploads\\\/2023\\\/05\\\/Afis-EXPONAT-MAI-editia-1_1981-2.jpg\",\"datePublished\":\"2023-05-16T12:05:32+00:00\",\"dateModified\":\"2023-05-16T12:05:33+00:00\",\"author\":{\"@id\":\"https:\\\/\\\/urbeamea.ro\\\/albaiulia\\\/#\\\/schema\\\/person\\\/272ae98052f8ee8980f59848df070247\"},\"description\":\"Cu r\u0103d\u0103cini ad\u00e2nci \u00een tradi\u0163ia interbelic\u0103 a Sebe\u015fului, ora\u015f \u00een care evenimentele culturale, de\u015fi de amploare mai mic\u0103, erau frecvente \u015fi, \u00een ciuda\",\"breadcrumb\":{\"@id\":\"https:\\\/\\\/urbeamea.ro\\\/albaiulia\\\/exponatul-lunii-mai-la-muzeul-municipal-ioan-raica-sebes-afisul-primei-editii-a-festivalului-international-lucian-blaga-1981\\\/#breadcrumb\"},\"inLanguage\":\"ro-RO\",\"potentialAction\":[{\"@type\":\"ReadAction\",\"target\":[\"https:\\\/\\\/urbeamea.ro\\\/albaiulia\\\/exponatul-lunii-mai-la-muzeul-municipal-ioan-raica-sebes-afisul-primei-editii-a-festivalului-international-lucian-blaga-1981\\\/\"]}]},{\"@type\":\"ImageObject\",\"inLanguage\":\"ro-RO\",\"@id\":\"https:\\\/\\\/urbeamea.ro\\\/albaiulia\\\/exponatul-lunii-mai-la-muzeul-municipal-ioan-raica-sebes-afisul-primei-editii-a-festivalului-international-lucian-blaga-1981\\\/#primaryimage\",\"url\":\"https:\\\/\\\/urbeamea.ro\\\/albaiulia\\\/wp-content\\\/uploads\\\/2023\\\/05\\\/Afis-EXPONAT-MAI-editia-1_1981-2.jpg\",\"contentUrl\":\"https:\\\/\\\/urbeamea.ro\\\/albaiulia\\\/wp-content\\\/uploads\\\/2023\\\/05\\\/Afis-EXPONAT-MAI-editia-1_1981-2.jpg\",\"width\":1107,\"height\":1600},{\"@type\":\"BreadcrumbList\",\"@id\":\"https:\\\/\\\/urbeamea.ro\\\/albaiulia\\\/exponatul-lunii-mai-la-muzeul-municipal-ioan-raica-sebes-afisul-primei-editii-a-festivalului-international-lucian-blaga-1981\\\/#breadcrumb\",\"itemListElement\":[{\"@type\":\"ListItem\",\"position\":1,\"name\":\"Prima pagin\u0103\",\"item\":\"https:\\\/\\\/urbeamea.ro\\\/albaiulia\\\/\"},{\"@type\":\"ListItem\",\"position\":2,\"name\":\"Exponatul lunii mai la muzeul municipal \u201eIoan Raica&#8221; Sebe\u015f \u2013 Afi\u015ful primei edi\u0163ii a Festivalului Interna\u0163ional \u201eLucian Blaga&#8221; (1981)\"}]},{\"@type\":\"WebSite\",\"@id\":\"https:\\\/\\\/urbeamea.ro\\\/albaiulia\\\/#website\",\"url\":\"https:\\\/\\\/urbeamea.ro\\\/albaiulia\\\/\",\"name\":\"Revista Urbea Mea, Stiri urbane\",\"description\":\"Evenimente \u0219i \u0219tiri din Alba Iulia, Sebe\u0219, Aiud, Blaj\",\"potentialAction\":[{\"@type\":\"SearchAction\",\"target\":{\"@type\":\"EntryPoint\",\"urlTemplate\":\"https:\\\/\\\/urbeamea.ro\\\/albaiulia\\\/?s={search_term_string}\"},\"query-input\":{\"@type\":\"PropertyValueSpecification\",\"valueRequired\":true,\"valueName\":\"search_term_string\"}}],\"inLanguage\":\"ro-RO\"},{\"@type\":\"Person\",\"@id\":\"https:\\\/\\\/urbeamea.ro\\\/albaiulia\\\/#\\\/schema\\\/person\\\/272ae98052f8ee8980f59848df070247\",\"name\":\"Redac\u021bia UrbeaMea\",\"image\":{\"@type\":\"ImageObject\",\"inLanguage\":\"ro-RO\",\"@id\":\"https:\\\/\\\/secure.gravatar.com\\\/avatar\\\/9ce5a9435071fa1037e8468053ead8e513dbbff59009d3069aadb85506d85a27?s=96&d=mm&r=g\",\"url\":\"https:\\\/\\\/secure.gravatar.com\\\/avatar\\\/9ce5a9435071fa1037e8468053ead8e513dbbff59009d3069aadb85506d85a27?s=96&d=mm&r=g\",\"contentUrl\":\"https:\\\/\\\/secure.gravatar.com\\\/avatar\\\/9ce5a9435071fa1037e8468053ead8e513dbbff59009d3069aadb85506d85a27?s=96&d=mm&r=g\",\"caption\":\"Redac\u021bia UrbeaMea\"},\"description\":\"contact@urbeamea.ro\",\"sameAs\":[\"https:\\\/\\\/www.urbeamea.ro\"],\"url\":\"https:\\\/\\\/urbeamea.ro\\\/albaiulia\\\/author\\\/redactia-urbeamea\\\/\"}]}<\/script>\n<!-- \/ Yoast SEO plugin. -->","yoast_head_json":{"title":"Exponatul lunii mai la muzeul municipal \u201eIoan Raica\" Sebe\u015f \u2013 Afi\u015ful primei edi\u0163ii a Festivalului Interna\u0163ional \u201eLucian Blaga\" (1981) - Revista Urbea Mea - Revista de Alba","description":"Cu r\u0103d\u0103cini ad\u00e2nci \u00een tradi\u0163ia interbelic\u0103 a Sebe\u015fului, ora\u015f \u00een care evenimentele culturale, de\u015fi de amploare mai mic\u0103, erau frecvente \u015fi, \u00een ciuda","robots":{"index":"index","follow":"follow","max-snippet":"max-snippet:-1","max-image-preview":"max-image-preview:large","max-video-preview":"max-video-preview:-1"},"canonical":"https:\/\/urbeamea.ro\/albaiulia\/exponatul-lunii-mai-la-muzeul-municipal-ioan-raica-sebes-afisul-primei-editii-a-festivalului-international-lucian-blaga-1981\/","twitter_card":"summary_large_image","twitter_title":"Exponatul lunii mai la muzeul municipal \u201eIoan Raica\" Sebe\u015f \u2013 Afi\u015ful primei edi\u0163ii a Festivalului Interna\u0163ional \u201eLucian Blaga\" (1981) - Revista Urbea Mea - Revista de Alba","twitter_description":"Cu r\u0103d\u0103cini ad\u00e2nci \u00een tradi\u0163ia interbelic\u0103 a Sebe\u015fului, ora\u015f \u00een care evenimentele culturale, de\u015fi de amploare mai mic\u0103, erau frecvente \u015fi, \u00een ciuda","twitter_image":"https:\/\/urbeamea.ro\/albaiulia\/wp-content\/uploads\/2023\/05\/Afis-EXPONAT-MAI-editia-1_1981-2.jpg","twitter_creator":"@urbeameaweb","twitter_site":"@urbeameaweb","schema":{"@context":"https:\/\/schema.org","@graph":[{"@type":"Article","@id":"https:\/\/urbeamea.ro\/albaiulia\/exponatul-lunii-mai-la-muzeul-municipal-ioan-raica-sebes-afisul-primei-editii-a-festivalului-international-lucian-blaga-1981\/#article","isPartOf":{"@id":"https:\/\/urbeamea.ro\/albaiulia\/exponatul-lunii-mai-la-muzeul-municipal-ioan-raica-sebes-afisul-primei-editii-a-festivalului-international-lucian-blaga-1981\/"},"author":{"name":"Redac\u021bia UrbeaMea","@id":"https:\/\/urbeamea.ro\/albaiulia\/#\/schema\/person\/272ae98052f8ee8980f59848df070247"},"headline":"Exponatul lunii mai la muzeul municipal \u201eIoan Raica&#8221; Sebe\u015f \u2013 Afi\u015ful primei edi\u0163ii a Festivalului Interna\u0163ional \u201eLucian Blaga&#8221; (1981)","datePublished":"2023-05-16T12:05:32+00:00","dateModified":"2023-05-16T12:05:33+00:00","mainEntityOfPage":{"@id":"https:\/\/urbeamea.ro\/albaiulia\/exponatul-lunii-mai-la-muzeul-municipal-ioan-raica-sebes-afisul-primei-editii-a-festivalului-international-lucian-blaga-1981\/"},"wordCount":513,"commentCount":0,"image":{"@id":"https:\/\/urbeamea.ro\/albaiulia\/exponatul-lunii-mai-la-muzeul-municipal-ioan-raica-sebes-afisul-primei-editii-a-festivalului-international-lucian-blaga-1981\/#primaryimage"},"thumbnailUrl":"https:\/\/urbeamea.ro\/albaiulia\/wp-content\/uploads\/2023\/05\/Afis-EXPONAT-MAI-editia-1_1981-2.jpg","keywords":["muzeul municipal \"Ioan Raica\" Sebes"],"articleSection":["Evenimente"],"inLanguage":"ro-RO","potentialAction":[{"@type":"CommentAction","name":"Comment","target":["https:\/\/urbeamea.ro\/albaiulia\/exponatul-lunii-mai-la-muzeul-municipal-ioan-raica-sebes-afisul-primei-editii-a-festivalului-international-lucian-blaga-1981\/#respond"]}]},{"@type":"WebPage","@id":"https:\/\/urbeamea.ro\/albaiulia\/exponatul-lunii-mai-la-muzeul-municipal-ioan-raica-sebes-afisul-primei-editii-a-festivalului-international-lucian-blaga-1981\/","url":"https:\/\/urbeamea.ro\/albaiulia\/exponatul-lunii-mai-la-muzeul-municipal-ioan-raica-sebes-afisul-primei-editii-a-festivalului-international-lucian-blaga-1981\/","name":"Exponatul lunii mai la muzeul municipal \u201eIoan Raica\" Sebe\u015f \u2013 Afi\u015ful primei edi\u0163ii a Festivalului Interna\u0163ional \u201eLucian Blaga\" (1981) - Revista Urbea Mea - Revista de Alba","isPartOf":{"@id":"https:\/\/urbeamea.ro\/albaiulia\/#website"},"primaryImageOfPage":{"@id":"https:\/\/urbeamea.ro\/albaiulia\/exponatul-lunii-mai-la-muzeul-municipal-ioan-raica-sebes-afisul-primei-editii-a-festivalului-international-lucian-blaga-1981\/#primaryimage"},"image":{"@id":"https:\/\/urbeamea.ro\/albaiulia\/exponatul-lunii-mai-la-muzeul-municipal-ioan-raica-sebes-afisul-primei-editii-a-festivalului-international-lucian-blaga-1981\/#primaryimage"},"thumbnailUrl":"https:\/\/urbeamea.ro\/albaiulia\/wp-content\/uploads\/2023\/05\/Afis-EXPONAT-MAI-editia-1_1981-2.jpg","datePublished":"2023-05-16T12:05:32+00:00","dateModified":"2023-05-16T12:05:33+00:00","author":{"@id":"https:\/\/urbeamea.ro\/albaiulia\/#\/schema\/person\/272ae98052f8ee8980f59848df070247"},"description":"Cu r\u0103d\u0103cini ad\u00e2nci \u00een tradi\u0163ia interbelic\u0103 a Sebe\u015fului, ora\u015f \u00een care evenimentele culturale, de\u015fi de amploare mai mic\u0103, erau frecvente \u015fi, \u00een ciuda","breadcrumb":{"@id":"https:\/\/urbeamea.ro\/albaiulia\/exponatul-lunii-mai-la-muzeul-municipal-ioan-raica-sebes-afisul-primei-editii-a-festivalului-international-lucian-blaga-1981\/#breadcrumb"},"inLanguage":"ro-RO","potentialAction":[{"@type":"ReadAction","target":["https:\/\/urbeamea.ro\/albaiulia\/exponatul-lunii-mai-la-muzeul-municipal-ioan-raica-sebes-afisul-primei-editii-a-festivalului-international-lucian-blaga-1981\/"]}]},{"@type":"ImageObject","inLanguage":"ro-RO","@id":"https:\/\/urbeamea.ro\/albaiulia\/exponatul-lunii-mai-la-muzeul-municipal-ioan-raica-sebes-afisul-primei-editii-a-festivalului-international-lucian-blaga-1981\/#primaryimage","url":"https:\/\/urbeamea.ro\/albaiulia\/wp-content\/uploads\/2023\/05\/Afis-EXPONAT-MAI-editia-1_1981-2.jpg","contentUrl":"https:\/\/urbeamea.ro\/albaiulia\/wp-content\/uploads\/2023\/05\/Afis-EXPONAT-MAI-editia-1_1981-2.jpg","width":1107,"height":1600},{"@type":"BreadcrumbList","@id":"https:\/\/urbeamea.ro\/albaiulia\/exponatul-lunii-mai-la-muzeul-municipal-ioan-raica-sebes-afisul-primei-editii-a-festivalului-international-lucian-blaga-1981\/#breadcrumb","itemListElement":[{"@type":"ListItem","position":1,"name":"Prima pagin\u0103","item":"https:\/\/urbeamea.ro\/albaiulia\/"},{"@type":"ListItem","position":2,"name":"Exponatul lunii mai la muzeul municipal \u201eIoan Raica&#8221; Sebe\u015f \u2013 Afi\u015ful primei edi\u0163ii a Festivalului Interna\u0163ional \u201eLucian Blaga&#8221; (1981)"}]},{"@type":"WebSite","@id":"https:\/\/urbeamea.ro\/albaiulia\/#website","url":"https:\/\/urbeamea.ro\/albaiulia\/","name":"Revista Urbea Mea, Stiri urbane","description":"Evenimente \u0219i \u0219tiri din Alba Iulia, Sebe\u0219, Aiud, Blaj","potentialAction":[{"@type":"SearchAction","target":{"@type":"EntryPoint","urlTemplate":"https:\/\/urbeamea.ro\/albaiulia\/?s={search_term_string}"},"query-input":{"@type":"PropertyValueSpecification","valueRequired":true,"valueName":"search_term_string"}}],"inLanguage":"ro-RO"},{"@type":"Person","@id":"https:\/\/urbeamea.ro\/albaiulia\/#\/schema\/person\/272ae98052f8ee8980f59848df070247","name":"Redac\u021bia UrbeaMea","image":{"@type":"ImageObject","inLanguage":"ro-RO","@id":"https:\/\/secure.gravatar.com\/avatar\/9ce5a9435071fa1037e8468053ead8e513dbbff59009d3069aadb85506d85a27?s=96&d=mm&r=g","url":"https:\/\/secure.gravatar.com\/avatar\/9ce5a9435071fa1037e8468053ead8e513dbbff59009d3069aadb85506d85a27?s=96&d=mm&r=g","contentUrl":"https:\/\/secure.gravatar.com\/avatar\/9ce5a9435071fa1037e8468053ead8e513dbbff59009d3069aadb85506d85a27?s=96&d=mm&r=g","caption":"Redac\u021bia UrbeaMea"},"description":"contact@urbeamea.ro","sameAs":["https:\/\/www.urbeamea.ro"],"url":"https:\/\/urbeamea.ro\/albaiulia\/author\/redactia-urbeamea\/"}]}},"_links":{"self":[{"href":"https:\/\/urbeamea.ro\/albaiulia\/wp-json\/wp\/v2\/posts\/107640","targetHints":{"allow":["GET"]}}],"collection":[{"href":"https:\/\/urbeamea.ro\/albaiulia\/wp-json\/wp\/v2\/posts"}],"about":[{"href":"https:\/\/urbeamea.ro\/albaiulia\/wp-json\/wp\/v2\/types\/post"}],"author":[{"embeddable":true,"href":"https:\/\/urbeamea.ro\/albaiulia\/wp-json\/wp\/v2\/users\/16"}],"replies":[{"embeddable":true,"href":"https:\/\/urbeamea.ro\/albaiulia\/wp-json\/wp\/v2\/comments?post=107640"}],"version-history":[{"count":1,"href":"https:\/\/urbeamea.ro\/albaiulia\/wp-json\/wp\/v2\/posts\/107640\/revisions"}],"predecessor-version":[{"id":107642,"href":"https:\/\/urbeamea.ro\/albaiulia\/wp-json\/wp\/v2\/posts\/107640\/revisions\/107642"}],"wp:featuredmedia":[{"embeddable":true,"href":"https:\/\/urbeamea.ro\/albaiulia\/wp-json\/wp\/v2\/media\/107641"}],"wp:attachment":[{"href":"https:\/\/urbeamea.ro\/albaiulia\/wp-json\/wp\/v2\/media?parent=107640"}],"wp:term":[{"taxonomy":"category","embeddable":true,"href":"https:\/\/urbeamea.ro\/albaiulia\/wp-json\/wp\/v2\/categories?post=107640"},{"taxonomy":"post_tag","embeddable":true,"href":"https:\/\/urbeamea.ro\/albaiulia\/wp-json\/wp\/v2\/tags?post=107640"}],"curies":[{"name":"wp","href":"https:\/\/api.w.org\/{rel}","templated":true}]}}