{"id":107656,"date":"2023-05-18T14:34:08","date_gmt":"2023-05-18T11:34:08","guid":{"rendered":"https:\/\/urbeamea.ro\/albaiulia\/?p=107656"},"modified":"2023-05-18T14:34:10","modified_gmt":"2023-05-18T11:34:10","slug":"lil-pump-unul-dintre-cei-mai-mari-artisti-de-rap-din-lume-urca-pe-scena-principala-de-la-neversea","status":"publish","type":"post","link":"https:\/\/urbeamea.ro\/albaiulia\/lil-pump-unul-dintre-cei-mai-mari-artisti-de-rap-din-lume-urca-pe-scena-principala-de-la-neversea\/","title":{"rendered":"LIL PUMP, unul dintre cei mai mari arti\u0219ti de rap din lume, urc\u0103 pe scena principal\u0103 de la NEVERSEA\u00a0\u00a0"},"content":{"rendered":"\n<p><strong>\u201eGUCCI GANG\u201d, piesa certificat\u0103 cu cinci discuri de platin\u0103, se va auzi vara aceasta la festivalul de pe malul M\u0103rii Negre\u00a0<\/strong><\/p>\n\n\n\n<p>Rapper-ul \u0219i compozitorul american <strong>LIL PUMP <\/strong>urc\u0103 anul acesta, \u00een premier\u0103 la <strong>NEVERSEA<\/strong>, pe scena principal\u0103 a festivalului. Cel mai mare festival de pe o plaj\u0103 din Europa are loc \u00eentre<strong> 6-9 iulie<\/strong>, pe Neversea Beach din <strong>Constan\u021ba<\/strong>. Pentru cele 4 zile \u0219i 4 nop\u021bi sunt a\u0219tepta\u021bi peste 150 de arti\u0219ti \u0219i DJ-i de top, la nivel na\u021bional \u0219i interna\u021bional \u0219i zeci de mii de fani din Rom\u00e2nia \u0219i din afara \u021b\u0103rii.&nbsp;<\/p>\n\n\n\n<p><strong>Gazzy Garcia,<\/strong> cunoscut sub numele de scen\u0103 <strong>Lil Pump<\/strong>, este unul dintre cei mai mari arti\u0219ti ai genului rap. Lil Pump este apreciat mai ales datorit\u0103 ascensiunii sale pe platforma de streaming SoundCloud. Artistul a integrat \u00een muzica lui elemente din genul minimalist, detaliu care e \u00een antitez\u0103 cu personalitatea sa hiperactiv\u0103. A devenit un juc\u0103tor cheie \u00een spectrul rap \u00een 2017, an \u00een care \u0219i-a lansat albumul de debut intitulat \u201eLil Pump\u201d.&nbsp;<\/p>\n\n\n\n<p>Cu<strong> \u201eGucci Gang\u201d<\/strong>, single-ul de promovare pentru acest material discografic, a debutat direct pe locul 3 \u00een chart-ul oficial din Statele Unite, Billboard Hot 100, iar piesa a fost certificat\u0103 cu cinci Discuri de Platin\u0103 pentru v\u00e2nz\u0103ri record. A urmat <strong>\u201eWelcome To The Party\u201d<\/strong>, single la care a colaborat cu French Montana \u0219i Zhavia Ward, inclus \u00een coloana sonor\u0103 a blockbuster-ului \u201eDeadpool 2\u201d.&nbsp;<\/p>\n\n\n\n<p>Cu un num\u0103r foarte mare de fani \u00een toat\u0103 lumea, rapper-ul american a continuat s\u0103 domine \u00een clasamente \u0219i \u00een anul 2019, c\u00e2nd \u0219i-a lansat cel de-al doilea album din carier\u0103:<strong> \u201eHarverd Dropout\u201d,<\/strong> cu care a ocupat locul 7 \u00een Billboard 200, clasament dedicat v\u00e2nz\u0103rilor de albume.&nbsp;<\/p>\n\n\n\n<p>Anul acesta, Lil Pump i-a impresionat \u0219i pe criticii muzicali cu noul album \u201eLil Pump 2\u201d, primind deosebit de multe recenzii pozitive.&nbsp;<\/p>\n\n\n\n<p><strong>Lil Pump<\/strong> va \u00eemp\u0103r\u021bi scena festivalului NEVERSEA anul acesta cu arti\u0219ti \u0219i DJ-i de top, printre care: <strong>J Balvin, Lil Uzi Vert, CKay, Alok, Claptone, Don Diablo, Lost Frequencies, Steve Aoki, Timmy Trumpet, Tujamo, Morten, Paul Kalkbrenner, Salvatore Ganacci,<\/strong> duo-ul <strong>Vini Vici<\/strong> \u0219i mul\u021bi al\u021bii.&nbsp;<\/p>\n\n\n\n<p>Festivalul NEVERSEA se afl\u0103 anul acesta la edi\u021bia <strong>aniversar\u0103<\/strong>, astfel promite s\u0103 ofere tuturor participan\u021bilor la eveniment o experien\u021b\u0103 de neuitat. Pe l\u00e2ng\u0103 arti\u0219tii \u0219i DJ-ii a\u0219tepta\u021bi de zeci de mii de fani, show-ul va fi completat de jocuri de lumini, artificii, arti\u0219ti stradali \u0219i dansatori, decoruri spectaculoase, acroba\u021bi \u0219i multe alte surprize, care \u00eei vor face pe cei prezen\u021bi s\u0103 se \u00eendr\u0103gosteasc\u0103 de var\u0103 \u0219i s\u0103 tr\u0103iasc\u0103 4 zile \u0219i 4 nop\u021bi c\u00e2t o vacan\u021b\u0103 de vis.&nbsp;<\/p>\n\n\n\n<p>Festivalul de la malul M\u0103rii Negre are loc \u00eentre <strong>6-9 iulie 2023<\/strong>, iar to\u021bi cei interesa\u021bi sunt invita\u021bi s\u0103 \u00ee\u0219i achizi\u021bioneze abonamentele de intrare de pe site-ul oficial: neversea.com. Biletele pot fi cump\u0103rate prin plat\u0103 integral\u0103, dar \u0219i \u00een rate, prin aplica\u021bia Extasy. De asemenea, organizatorii au lansat \u0219i pachete pentru grup, iar pentru tinerii sub 21 de ani o campanie dedicat\u0103, UNDER21, cu abonamente la pre\u021b special.<\/p>\n\n\n\n<p>Mai multe detalii pe neversea.com.\u00a0<\/p>\n\n\n\n<figure class=\"wp-block-image size-large\"><img loading=\"lazy\" decoding=\"async\" width=\"720\" height=\"1280\" src=\"https:\/\/urbeamea.ro\/albaiulia\/wp-content\/uploads\/2023\/05\/NVS_LIL-PUMP-MAIN-STAGE_Story-1-1-720x1280.png\" alt=\"\" class=\"wp-image-107657\" srcset=\"https:\/\/urbeamea.ro\/albaiulia\/wp-content\/uploads\/2023\/05\/NVS_LIL-PUMP-MAIN-STAGE_Story-1-1-720x1280.png 720w, https:\/\/urbeamea.ro\/albaiulia\/wp-content\/uploads\/2023\/05\/NVS_LIL-PUMP-MAIN-STAGE_Story-1-1-360x640.png 360w, https:\/\/urbeamea.ro\/albaiulia\/wp-content\/uploads\/2023\/05\/NVS_LIL-PUMP-MAIN-STAGE_Story-1-1-84x150.png 84w, https:\/\/urbeamea.ro\/albaiulia\/wp-content\/uploads\/2023\/05\/NVS_LIL-PUMP-MAIN-STAGE_Story-1-1-768x1365.png 768w, https:\/\/urbeamea.ro\/albaiulia\/wp-content\/uploads\/2023\/05\/NVS_LIL-PUMP-MAIN-STAGE_Story-1-1-864x1536.png 864w, https:\/\/urbeamea.ro\/albaiulia\/wp-content\/uploads\/2023\/05\/NVS_LIL-PUMP-MAIN-STAGE_Story-1-1.png 900w\" sizes=\"auto, (max-width: 720px) 100vw, 720px\" \/><\/figure>\n","protected":false},"excerpt":{"rendered":"<p>\u201eGUCCI GANG\u201d, piesa certificat\u0103 cu cinci discuri de platin\u0103, se va auzi vara aceasta la festivalul de pe malul M\u0103rii Negre\u00a0 Rapper-ul \u0219i compozitorul american LIL PUMP urc\u0103 anul acesta, \u00een premier\u0103 la NEVERSEA, pe scena principal\u0103 a festivalului. Cel mai mare festival de pe o plaj\u0103 din Europa are loc \u00eentre 6-9 iulie, pe &hellip;<\/p>\n","protected":false},"author":16,"featured_media":107658,"comment_status":"open","ping_status":"open","sticky":false,"template":"","format":"standard","meta":{"inline_featured_image":false,"footnotes":""},"categories":[4],"tags":[24232],"class_list":["post-107656","post","type-post","status-publish","format-standard","has-post-thumbnail","hentry","category-eveniment","tag-neversea"],"yoast_head":"<!-- This site is optimized with the Yoast SEO plugin v27.4 - https:\/\/yoast.com\/product\/yoast-seo-wordpress\/ -->\n<title>LIL PUMP, unul dintre cei mai mari arti\u0219ti de rap din lume, urc\u0103 pe scena principal\u0103 de la NEVERSEA\u00a0\u00a0 - Revista Urbea Mea - Revista de Alba<\/title>\n<meta name=\"description\" content=\"\u201eGUCCI GANG\u201d, piesa certificat\u0103 cu cinci discuri de platin\u0103, se va auzi vara aceasta la festivalul de pe malul M\u0103rii Negre\u00a0 Rapper-ul \u0219i compozitorul\" \/>\n<meta name=\"robots\" content=\"index, follow, max-snippet:-1, max-image-preview:large, max-video-preview:-1\" \/>\n<link rel=\"canonical\" href=\"https:\/\/urbeamea.ro\/albaiulia\/lil-pump-unul-dintre-cei-mai-mari-artisti-de-rap-din-lume-urca-pe-scena-principala-de-la-neversea\/\" \/>\n<meta name=\"twitter:card\" content=\"summary_large_image\" \/>\n<meta name=\"twitter:title\" content=\"LIL PUMP, unul dintre cei mai mari arti\u0219ti de rap din lume, urc\u0103 pe scena principal\u0103 de la NEVERSEA\u00a0\u00a0 - Revista Urbea Mea - Revista de Alba\" \/>\n<meta name=\"twitter:description\" content=\"\u201eGUCCI GANG\u201d, piesa certificat\u0103 cu cinci discuri de platin\u0103, se va auzi vara aceasta la festivalul de pe malul M\u0103rii Negre\u00a0 Rapper-ul \u0219i compozitorul\" \/>\n<meta name=\"twitter:image\" content=\"https:\/\/urbeamea.ro\/albaiulia\/wp-content\/uploads\/2023\/05\/NVS_LIL-PUMP-MAINSTAGE_1-1.png\" \/>\n<meta name=\"twitter:creator\" content=\"@urbeameaweb\" \/>\n<meta name=\"twitter:site\" content=\"@urbeameaweb\" \/>\n<script type=\"application\/ld+json\" class=\"yoast-schema-graph\">{\"@context\":\"https:\\\/\\\/schema.org\",\"@graph\":[{\"@type\":\"Article\",\"@id\":\"https:\\\/\\\/urbeamea.ro\\\/albaiulia\\\/lil-pump-unul-dintre-cei-mai-mari-artisti-de-rap-din-lume-urca-pe-scena-principala-de-la-neversea\\\/#article\",\"isPartOf\":{\"@id\":\"https:\\\/\\\/urbeamea.ro\\\/albaiulia\\\/lil-pump-unul-dintre-cei-mai-mari-artisti-de-rap-din-lume-urca-pe-scena-principala-de-la-neversea\\\/\"},\"author\":{\"name\":\"Redac\u021bia UrbeaMea\",\"@id\":\"https:\\\/\\\/urbeamea.ro\\\/albaiulia\\\/#\\\/schema\\\/person\\\/272ae98052f8ee8980f59848df070247\"},\"headline\":\"LIL PUMP, unul dintre cei mai mari arti\u0219ti de rap din lume, urc\u0103 pe scena principal\u0103 de la NEVERSEA\u00a0\u00a0\",\"datePublished\":\"2023-05-18T11:34:08+00:00\",\"dateModified\":\"2023-05-18T11:34:10+00:00\",\"mainEntityOfPage\":{\"@id\":\"https:\\\/\\\/urbeamea.ro\\\/albaiulia\\\/lil-pump-unul-dintre-cei-mai-mari-artisti-de-rap-din-lume-urca-pe-scena-principala-de-la-neversea\\\/\"},\"wordCount\":550,\"commentCount\":0,\"image\":{\"@id\":\"https:\\\/\\\/urbeamea.ro\\\/albaiulia\\\/lil-pump-unul-dintre-cei-mai-mari-artisti-de-rap-din-lume-urca-pe-scena-principala-de-la-neversea\\\/#primaryimage\"},\"thumbnailUrl\":\"https:\\\/\\\/urbeamea.ro\\\/albaiulia\\\/wp-content\\\/uploads\\\/2023\\\/05\\\/NVS_LIL-PUMP-MAINSTAGE_1-1.png\",\"keywords\":[\"neversea\"],\"articleSection\":[\"Evenimente\"],\"inLanguage\":\"ro-RO\",\"potentialAction\":[{\"@type\":\"CommentAction\",\"name\":\"Comment\",\"target\":[\"https:\\\/\\\/urbeamea.ro\\\/albaiulia\\\/lil-pump-unul-dintre-cei-mai-mari-artisti-de-rap-din-lume-urca-pe-scena-principala-de-la-neversea\\\/#respond\"]}]},{\"@type\":\"WebPage\",\"@id\":\"https:\\\/\\\/urbeamea.ro\\\/albaiulia\\\/lil-pump-unul-dintre-cei-mai-mari-artisti-de-rap-din-lume-urca-pe-scena-principala-de-la-neversea\\\/\",\"url\":\"https:\\\/\\\/urbeamea.ro\\\/albaiulia\\\/lil-pump-unul-dintre-cei-mai-mari-artisti-de-rap-din-lume-urca-pe-scena-principala-de-la-neversea\\\/\",\"name\":\"LIL PUMP, unul dintre cei mai mari arti\u0219ti de rap din lume, urc\u0103 pe scena principal\u0103 de la NEVERSEA\u00a0\u00a0 - Revista Urbea Mea - Revista de Alba\",\"isPartOf\":{\"@id\":\"https:\\\/\\\/urbeamea.ro\\\/albaiulia\\\/#website\"},\"primaryImageOfPage\":{\"@id\":\"https:\\\/\\\/urbeamea.ro\\\/albaiulia\\\/lil-pump-unul-dintre-cei-mai-mari-artisti-de-rap-din-lume-urca-pe-scena-principala-de-la-neversea\\\/#primaryimage\"},\"image\":{\"@id\":\"https:\\\/\\\/urbeamea.ro\\\/albaiulia\\\/lil-pump-unul-dintre-cei-mai-mari-artisti-de-rap-din-lume-urca-pe-scena-principala-de-la-neversea\\\/#primaryimage\"},\"thumbnailUrl\":\"https:\\\/\\\/urbeamea.ro\\\/albaiulia\\\/wp-content\\\/uploads\\\/2023\\\/05\\\/NVS_LIL-PUMP-MAINSTAGE_1-1.png\",\"datePublished\":\"2023-05-18T11:34:08+00:00\",\"dateModified\":\"2023-05-18T11:34:10+00:00\",\"author\":{\"@id\":\"https:\\\/\\\/urbeamea.ro\\\/albaiulia\\\/#\\\/schema\\\/person\\\/272ae98052f8ee8980f59848df070247\"},\"description\":\"\u201eGUCCI GANG\u201d, piesa certificat\u0103 cu cinci discuri de platin\u0103, se va auzi vara aceasta la festivalul de pe malul M\u0103rii Negre\u00a0 Rapper-ul \u0219i compozitorul\",\"breadcrumb\":{\"@id\":\"https:\\\/\\\/urbeamea.ro\\\/albaiulia\\\/lil-pump-unul-dintre-cei-mai-mari-artisti-de-rap-din-lume-urca-pe-scena-principala-de-la-neversea\\\/#breadcrumb\"},\"inLanguage\":\"ro-RO\",\"potentialAction\":[{\"@type\":\"ReadAction\",\"target\":[\"https:\\\/\\\/urbeamea.ro\\\/albaiulia\\\/lil-pump-unul-dintre-cei-mai-mari-artisti-de-rap-din-lume-urca-pe-scena-principala-de-la-neversea\\\/\"]}]},{\"@type\":\"ImageObject\",\"inLanguage\":\"ro-RO\",\"@id\":\"https:\\\/\\\/urbeamea.ro\\\/albaiulia\\\/lil-pump-unul-dintre-cei-mai-mari-artisti-de-rap-din-lume-urca-pe-scena-principala-de-la-neversea\\\/#primaryimage\",\"url\":\"https:\\\/\\\/urbeamea.ro\\\/albaiulia\\\/wp-content\\\/uploads\\\/2023\\\/05\\\/NVS_LIL-PUMP-MAINSTAGE_1-1.png\",\"contentUrl\":\"https:\\\/\\\/urbeamea.ro\\\/albaiulia\\\/wp-content\\\/uploads\\\/2023\\\/05\\\/NVS_LIL-PUMP-MAINSTAGE_1-1.png\",\"width\":1080,\"height\":1080},{\"@type\":\"BreadcrumbList\",\"@id\":\"https:\\\/\\\/urbeamea.ro\\\/albaiulia\\\/lil-pump-unul-dintre-cei-mai-mari-artisti-de-rap-din-lume-urca-pe-scena-principala-de-la-neversea\\\/#breadcrumb\",\"itemListElement\":[{\"@type\":\"ListItem\",\"position\":1,\"name\":\"Prima pagin\u0103\",\"item\":\"https:\\\/\\\/urbeamea.ro\\\/albaiulia\\\/\"},{\"@type\":\"ListItem\",\"position\":2,\"name\":\"LIL PUMP, unul dintre cei mai mari arti\u0219ti de rap din lume, urc\u0103 pe scena principal\u0103 de la NEVERSEA\u00a0\u00a0\"}]},{\"@type\":\"WebSite\",\"@id\":\"https:\\\/\\\/urbeamea.ro\\\/albaiulia\\\/#website\",\"url\":\"https:\\\/\\\/urbeamea.ro\\\/albaiulia\\\/\",\"name\":\"Revista Urbea Mea, Stiri urbane\",\"description\":\"Evenimente \u0219i \u0219tiri din Alba Iulia, Sebe\u0219, Aiud, Blaj\",\"potentialAction\":[{\"@type\":\"SearchAction\",\"target\":{\"@type\":\"EntryPoint\",\"urlTemplate\":\"https:\\\/\\\/urbeamea.ro\\\/albaiulia\\\/?s={search_term_string}\"},\"query-input\":{\"@type\":\"PropertyValueSpecification\",\"valueRequired\":true,\"valueName\":\"search_term_string\"}}],\"inLanguage\":\"ro-RO\"},{\"@type\":\"Person\",\"@id\":\"https:\\\/\\\/urbeamea.ro\\\/albaiulia\\\/#\\\/schema\\\/person\\\/272ae98052f8ee8980f59848df070247\",\"name\":\"Redac\u021bia UrbeaMea\",\"image\":{\"@type\":\"ImageObject\",\"inLanguage\":\"ro-RO\",\"@id\":\"https:\\\/\\\/secure.gravatar.com\\\/avatar\\\/9ce5a9435071fa1037e8468053ead8e513dbbff59009d3069aadb85506d85a27?s=96&d=mm&r=g\",\"url\":\"https:\\\/\\\/secure.gravatar.com\\\/avatar\\\/9ce5a9435071fa1037e8468053ead8e513dbbff59009d3069aadb85506d85a27?s=96&d=mm&r=g\",\"contentUrl\":\"https:\\\/\\\/secure.gravatar.com\\\/avatar\\\/9ce5a9435071fa1037e8468053ead8e513dbbff59009d3069aadb85506d85a27?s=96&d=mm&r=g\",\"caption\":\"Redac\u021bia UrbeaMea\"},\"description\":\"contact@urbeamea.ro\",\"sameAs\":[\"https:\\\/\\\/www.urbeamea.ro\"],\"url\":\"https:\\\/\\\/urbeamea.ro\\\/albaiulia\\\/author\\\/redactia-urbeamea\\\/\"}]}<\/script>\n<!-- \/ Yoast SEO plugin. -->","yoast_head_json":{"title":"LIL PUMP, unul dintre cei mai mari arti\u0219ti de rap din lume, urc\u0103 pe scena principal\u0103 de la NEVERSEA\u00a0\u00a0 - Revista Urbea Mea - Revista de Alba","description":"\u201eGUCCI GANG\u201d, piesa certificat\u0103 cu cinci discuri de platin\u0103, se va auzi vara aceasta la festivalul de pe malul M\u0103rii Negre\u00a0 Rapper-ul \u0219i compozitorul","robots":{"index":"index","follow":"follow","max-snippet":"max-snippet:-1","max-image-preview":"max-image-preview:large","max-video-preview":"max-video-preview:-1"},"canonical":"https:\/\/urbeamea.ro\/albaiulia\/lil-pump-unul-dintre-cei-mai-mari-artisti-de-rap-din-lume-urca-pe-scena-principala-de-la-neversea\/","twitter_card":"summary_large_image","twitter_title":"LIL PUMP, unul dintre cei mai mari arti\u0219ti de rap din lume, urc\u0103 pe scena principal\u0103 de la NEVERSEA\u00a0\u00a0 - Revista Urbea Mea - Revista de Alba","twitter_description":"\u201eGUCCI GANG\u201d, piesa certificat\u0103 cu cinci discuri de platin\u0103, se va auzi vara aceasta la festivalul de pe malul M\u0103rii Negre\u00a0 Rapper-ul \u0219i compozitorul","twitter_image":"https:\/\/urbeamea.ro\/albaiulia\/wp-content\/uploads\/2023\/05\/NVS_LIL-PUMP-MAINSTAGE_1-1.png","twitter_creator":"@urbeameaweb","twitter_site":"@urbeameaweb","schema":{"@context":"https:\/\/schema.org","@graph":[{"@type":"Article","@id":"https:\/\/urbeamea.ro\/albaiulia\/lil-pump-unul-dintre-cei-mai-mari-artisti-de-rap-din-lume-urca-pe-scena-principala-de-la-neversea\/#article","isPartOf":{"@id":"https:\/\/urbeamea.ro\/albaiulia\/lil-pump-unul-dintre-cei-mai-mari-artisti-de-rap-din-lume-urca-pe-scena-principala-de-la-neversea\/"},"author":{"name":"Redac\u021bia UrbeaMea","@id":"https:\/\/urbeamea.ro\/albaiulia\/#\/schema\/person\/272ae98052f8ee8980f59848df070247"},"headline":"LIL PUMP, unul dintre cei mai mari arti\u0219ti de rap din lume, urc\u0103 pe scena principal\u0103 de la NEVERSEA\u00a0\u00a0","datePublished":"2023-05-18T11:34:08+00:00","dateModified":"2023-05-18T11:34:10+00:00","mainEntityOfPage":{"@id":"https:\/\/urbeamea.ro\/albaiulia\/lil-pump-unul-dintre-cei-mai-mari-artisti-de-rap-din-lume-urca-pe-scena-principala-de-la-neversea\/"},"wordCount":550,"commentCount":0,"image":{"@id":"https:\/\/urbeamea.ro\/albaiulia\/lil-pump-unul-dintre-cei-mai-mari-artisti-de-rap-din-lume-urca-pe-scena-principala-de-la-neversea\/#primaryimage"},"thumbnailUrl":"https:\/\/urbeamea.ro\/albaiulia\/wp-content\/uploads\/2023\/05\/NVS_LIL-PUMP-MAINSTAGE_1-1.png","keywords":["neversea"],"articleSection":["Evenimente"],"inLanguage":"ro-RO","potentialAction":[{"@type":"CommentAction","name":"Comment","target":["https:\/\/urbeamea.ro\/albaiulia\/lil-pump-unul-dintre-cei-mai-mari-artisti-de-rap-din-lume-urca-pe-scena-principala-de-la-neversea\/#respond"]}]},{"@type":"WebPage","@id":"https:\/\/urbeamea.ro\/albaiulia\/lil-pump-unul-dintre-cei-mai-mari-artisti-de-rap-din-lume-urca-pe-scena-principala-de-la-neversea\/","url":"https:\/\/urbeamea.ro\/albaiulia\/lil-pump-unul-dintre-cei-mai-mari-artisti-de-rap-din-lume-urca-pe-scena-principala-de-la-neversea\/","name":"LIL PUMP, unul dintre cei mai mari arti\u0219ti de rap din lume, urc\u0103 pe scena principal\u0103 de la NEVERSEA\u00a0\u00a0 - Revista Urbea Mea - Revista de Alba","isPartOf":{"@id":"https:\/\/urbeamea.ro\/albaiulia\/#website"},"primaryImageOfPage":{"@id":"https:\/\/urbeamea.ro\/albaiulia\/lil-pump-unul-dintre-cei-mai-mari-artisti-de-rap-din-lume-urca-pe-scena-principala-de-la-neversea\/#primaryimage"},"image":{"@id":"https:\/\/urbeamea.ro\/albaiulia\/lil-pump-unul-dintre-cei-mai-mari-artisti-de-rap-din-lume-urca-pe-scena-principala-de-la-neversea\/#primaryimage"},"thumbnailUrl":"https:\/\/urbeamea.ro\/albaiulia\/wp-content\/uploads\/2023\/05\/NVS_LIL-PUMP-MAINSTAGE_1-1.png","datePublished":"2023-05-18T11:34:08+00:00","dateModified":"2023-05-18T11:34:10+00:00","author":{"@id":"https:\/\/urbeamea.ro\/albaiulia\/#\/schema\/person\/272ae98052f8ee8980f59848df070247"},"description":"\u201eGUCCI GANG\u201d, piesa certificat\u0103 cu cinci discuri de platin\u0103, se va auzi vara aceasta la festivalul de pe malul M\u0103rii Negre\u00a0 Rapper-ul \u0219i compozitorul","breadcrumb":{"@id":"https:\/\/urbeamea.ro\/albaiulia\/lil-pump-unul-dintre-cei-mai-mari-artisti-de-rap-din-lume-urca-pe-scena-principala-de-la-neversea\/#breadcrumb"},"inLanguage":"ro-RO","potentialAction":[{"@type":"ReadAction","target":["https:\/\/urbeamea.ro\/albaiulia\/lil-pump-unul-dintre-cei-mai-mari-artisti-de-rap-din-lume-urca-pe-scena-principala-de-la-neversea\/"]}]},{"@type":"ImageObject","inLanguage":"ro-RO","@id":"https:\/\/urbeamea.ro\/albaiulia\/lil-pump-unul-dintre-cei-mai-mari-artisti-de-rap-din-lume-urca-pe-scena-principala-de-la-neversea\/#primaryimage","url":"https:\/\/urbeamea.ro\/albaiulia\/wp-content\/uploads\/2023\/05\/NVS_LIL-PUMP-MAINSTAGE_1-1.png","contentUrl":"https:\/\/urbeamea.ro\/albaiulia\/wp-content\/uploads\/2023\/05\/NVS_LIL-PUMP-MAINSTAGE_1-1.png","width":1080,"height":1080},{"@type":"BreadcrumbList","@id":"https:\/\/urbeamea.ro\/albaiulia\/lil-pump-unul-dintre-cei-mai-mari-artisti-de-rap-din-lume-urca-pe-scena-principala-de-la-neversea\/#breadcrumb","itemListElement":[{"@type":"ListItem","position":1,"name":"Prima pagin\u0103","item":"https:\/\/urbeamea.ro\/albaiulia\/"},{"@type":"ListItem","position":2,"name":"LIL PUMP, unul dintre cei mai mari arti\u0219ti de rap din lume, urc\u0103 pe scena principal\u0103 de la NEVERSEA\u00a0\u00a0"}]},{"@type":"WebSite","@id":"https:\/\/urbeamea.ro\/albaiulia\/#website","url":"https:\/\/urbeamea.ro\/albaiulia\/","name":"Revista Urbea Mea, Stiri urbane","description":"Evenimente \u0219i \u0219tiri din Alba Iulia, Sebe\u0219, Aiud, Blaj","potentialAction":[{"@type":"SearchAction","target":{"@type":"EntryPoint","urlTemplate":"https:\/\/urbeamea.ro\/albaiulia\/?s={search_term_string}"},"query-input":{"@type":"PropertyValueSpecification","valueRequired":true,"valueName":"search_term_string"}}],"inLanguage":"ro-RO"},{"@type":"Person","@id":"https:\/\/urbeamea.ro\/albaiulia\/#\/schema\/person\/272ae98052f8ee8980f59848df070247","name":"Redac\u021bia UrbeaMea","image":{"@type":"ImageObject","inLanguage":"ro-RO","@id":"https:\/\/secure.gravatar.com\/avatar\/9ce5a9435071fa1037e8468053ead8e513dbbff59009d3069aadb85506d85a27?s=96&d=mm&r=g","url":"https:\/\/secure.gravatar.com\/avatar\/9ce5a9435071fa1037e8468053ead8e513dbbff59009d3069aadb85506d85a27?s=96&d=mm&r=g","contentUrl":"https:\/\/secure.gravatar.com\/avatar\/9ce5a9435071fa1037e8468053ead8e513dbbff59009d3069aadb85506d85a27?s=96&d=mm&r=g","caption":"Redac\u021bia UrbeaMea"},"description":"contact@urbeamea.ro","sameAs":["https:\/\/www.urbeamea.ro"],"url":"https:\/\/urbeamea.ro\/albaiulia\/author\/redactia-urbeamea\/"}]}},"_links":{"self":[{"href":"https:\/\/urbeamea.ro\/albaiulia\/wp-json\/wp\/v2\/posts\/107656","targetHints":{"allow":["GET"]}}],"collection":[{"href":"https:\/\/urbeamea.ro\/albaiulia\/wp-json\/wp\/v2\/posts"}],"about":[{"href":"https:\/\/urbeamea.ro\/albaiulia\/wp-json\/wp\/v2\/types\/post"}],"author":[{"embeddable":true,"href":"https:\/\/urbeamea.ro\/albaiulia\/wp-json\/wp\/v2\/users\/16"}],"replies":[{"embeddable":true,"href":"https:\/\/urbeamea.ro\/albaiulia\/wp-json\/wp\/v2\/comments?post=107656"}],"version-history":[{"count":1,"href":"https:\/\/urbeamea.ro\/albaiulia\/wp-json\/wp\/v2\/posts\/107656\/revisions"}],"predecessor-version":[{"id":107659,"href":"https:\/\/urbeamea.ro\/albaiulia\/wp-json\/wp\/v2\/posts\/107656\/revisions\/107659"}],"wp:featuredmedia":[{"embeddable":true,"href":"https:\/\/urbeamea.ro\/albaiulia\/wp-json\/wp\/v2\/media\/107658"}],"wp:attachment":[{"href":"https:\/\/urbeamea.ro\/albaiulia\/wp-json\/wp\/v2\/media?parent=107656"}],"wp:term":[{"taxonomy":"category","embeddable":true,"href":"https:\/\/urbeamea.ro\/albaiulia\/wp-json\/wp\/v2\/categories?post=107656"},{"taxonomy":"post_tag","embeddable":true,"href":"https:\/\/urbeamea.ro\/albaiulia\/wp-json\/wp\/v2\/tags?post=107656"}],"curies":[{"name":"wp","href":"https:\/\/api.w.org\/{rel}","templated":true}]}}