{"id":107660,"date":"2023-05-18T14:37:46","date_gmt":"2023-05-18T11:37:46","guid":{"rendered":"https:\/\/urbeamea.ro\/albaiulia\/?p=107660"},"modified":"2023-05-18T14:37:47","modified_gmt":"2023-05-18T11:37:47","slug":"conferinta-internationala-conservation-and-restoration-of-stone-monuments-technical-data-regarding-the-preservation-of-lithic-goods-la-sinagoga-mare-yehezkel-din-alba-iulia","status":"publish","type":"post","link":"https:\/\/urbeamea.ro\/albaiulia\/conferinta-internationala-conservation-and-restoration-of-stone-monuments-technical-data-regarding-the-preservation-of-lithic-goods-la-sinagoga-mare-yehezkel-din-alba-iulia\/","title":{"rendered":"Conferin\u021ba interna\u021bional\u0103\u00a0Conservation and restoration of stone monuments. Technical data regarding the preservation of lithic goods, la Sinagoga &#8222;Mar\u00e8 Yehezkel&#8221; din Alba\u00a0\u00a0Iulia"},"content":{"rendered":"\n<p>Vineri, 19 mai 2023, ora 10:00, la&nbsp;Sinagoga &#8222;Mar\u00e8 Yehezkel&#8221; din Alba&nbsp;&nbsp;Iulia,&nbsp;va avea loc deschiderea&nbsp;conferin\u021bei interna\u021bionale&nbsp;<em>Conservation and restoration of stone monuments. Technical data regarding the preservation of lithic goods.&nbsp;<\/em>Evenimentul face parte din proiectul&nbsp;<em>Conservation and restoration of the monumental funerary stones of the jewish cemetery in Alba Iulia<\/em>&nbsp;derulat de Muzeul Na\u021bional al Unirii Alba Iulia.<\/p>\n\n\n\n<p>Manifestarea este organizat\u0103 cu rol educativ, fiind destinat\u0103 participan\u021bilor implica\u021bi \u00een proiectului, av\u00e2nd \u0219i un rol de diseminare a informa\u021biilor de specialitate din diverse domenii (istorie, arheologie, conservare \u0219i restaurare, epigrafie, arhitectur\u0103), \u00een str\u00e2ns\u0103 leg\u0103tur\u0103 cu prezervarea patrimoniului cultural mobil \u0219i imobil.\u00a0<\/p>\n\n\n\n<p>Conferin\u021ba&nbsp;reune\u0219te speciali\u0219ti din cadrul unor institu\u021bii muzeale \u0219i universitare din \u021bar\u0103 \u0219i din str\u0103in\u0103tate (Alba Iulia, Cluj-Napoca, F\u0103g\u0103ra\u0219, Bucure\u0219ti, Sibiu \u0219i Ierusalim). Ace\u0219tia reprezint\u0103&nbsp;domenii adiacente istoriei, dar \u00een centrul comunic\u0103rilor vor sta teme legate de patrimoniul cultural, fie c\u0103 este vorba de cel mobil ori imobil. De fapt, subiectul principal al evenimentului este axat pe cercetarea, prezervarea \u0219i promovarea monumentelor litice, cu prec\u0103dere a monumentelor sepulcrale\/ funerare.<\/p>\n\n\n\n<p>Organizatorii evenimentului sunt Consiliul Jude\u021bean Alba, Ambasada Statelor Unite ale Americii, Comunitatea Evreilor din Alba Iulia \u0219i Muzeul Na\u021bional al Unirii Alba Iulia.<\/p>\n\n\n\n<div data-wp-interactive=\"core\/file\" class=\"wp-block-file\"><object data-wp-bind--hidden=\"!state.hasPdfPreview\" hidden class=\"wp-block-file__embed\" data=\"https:\/\/urbeamea.ro\/albaiulia\/wp-content\/uploads\/2023\/05\/PROGRAM-CONFERINTA-MNUAI.pdf\" type=\"application\/pdf\" style=\"width:100%;height:600px\" aria-label=\"\u00cenglobare pentru PROGRAM-CONFERINTA-MNUAI.\"><\/object><a id=\"wp-block-file--media-364f02d2-4a2b-4a26-9788-e091da86dad3\" href=\"https:\/\/urbeamea.ro\/albaiulia\/wp-content\/uploads\/2023\/05\/PROGRAM-CONFERINTA-MNUAI.pdf\">PROGRAM-CONFERINTA-MNUAI<\/a><a href=\"https:\/\/urbeamea.ro\/albaiulia\/wp-content\/uploads\/2023\/05\/PROGRAM-CONFERINTA-MNUAI.pdf\" class=\"wp-block-file__button wp-element-button\" download aria-describedby=\"wp-block-file--media-364f02d2-4a2b-4a26-9788-e091da86dad3\">Descarc\u0103<\/a><\/div>\n","protected":false},"excerpt":{"rendered":"<p>Vineri, 19 mai 2023, ora 10:00, la&nbsp;Sinagoga &#8222;Mar\u00e8 Yehezkel&#8221; din Alba&nbsp;&nbsp;Iulia,&nbsp;va avea loc deschiderea&nbsp;conferin\u021bei interna\u021bionale&nbsp;Conservation and restoration of stone monuments. Technical data regarding the preservation of lithic goods.&nbsp;Evenimentul face parte din proiectul&nbsp;Conservation and restoration of the monumental funerary stones of the jewish cemetery in Alba Iulia&nbsp;derulat de Muzeul Na\u021bional al Unirii Alba Iulia. Manifestarea este &hellip;<\/p>\n","protected":false},"author":16,"featured_media":107662,"comment_status":"open","ping_status":"open","sticky":false,"template":"","format":"standard","meta":{"inline_featured_image":false,"footnotes":""},"categories":[4],"tags":[],"class_list":["post-107660","post","type-post","status-publish","format-standard","has-post-thumbnail","hentry","category-eveniment"],"yoast_head":"<!-- This site is optimized with the Yoast SEO plugin v27.4 - https:\/\/yoast.com\/product\/yoast-seo-wordpress\/ -->\n<title>Conferin\u021ba interna\u021bional\u0103\u00a0Conservation and restoration of stone monuments. Technical data regarding the preservation of lithic goods, la Sinagoga &quot;Mar\u00e8 Yehezkel&quot; din Alba\u00a0\u00a0Iulia - Revista Urbea Mea - Revista de Alba<\/title>\n<meta name=\"description\" content=\"Vineri, 19 mai 2023, ora 10:00, la&nbsp;Sinagoga &quot;Mar\u00e8 Yehezkel&quot; din Alba&nbsp;&nbsp;Iulia,&nbsp;va avea loc deschiderea&nbsp;conferin\u021bei\" \/>\n<meta name=\"robots\" content=\"index, follow, max-snippet:-1, max-image-preview:large, max-video-preview:-1\" \/>\n<link rel=\"canonical\" href=\"https:\/\/urbeamea.ro\/albaiulia\/conferinta-internationala-conservation-and-restoration-of-stone-monuments-technical-data-regarding-the-preservation-of-lithic-goods-la-sinagoga-mare-yehezkel-din-alba-iulia\/\" \/>\n<meta name=\"twitter:card\" content=\"summary_large_image\" \/>\n<meta name=\"twitter:title\" content=\"Conferin\u021ba interna\u021bional\u0103\u00a0Conservation and restoration of stone monuments. Technical data regarding the preservation of lithic goods, la Sinagoga &quot;Mar\u00e8 Yehezkel&quot; din Alba\u00a0\u00a0Iulia - Revista Urbea Mea - Revista de Alba\" \/>\n<meta name=\"twitter:description\" content=\"Vineri, 19 mai 2023, ora 10:00, la&nbsp;Sinagoga &quot;Mar\u00e8 Yehezkel&quot; din Alba&nbsp;&nbsp;Iulia,&nbsp;va avea loc deschiderea&nbsp;conferin\u021bei\" \/>\n<meta name=\"twitter:image\" content=\"https:\/\/urbeamea.ro\/albaiulia\/wp-content\/uploads\/2023\/05\/afis-conferinta-calin-suteu-1.jpg\" \/>\n<meta name=\"twitter:creator\" content=\"@urbeameaweb\" \/>\n<meta name=\"twitter:site\" content=\"@urbeameaweb\" \/>\n<script type=\"application\/ld+json\" class=\"yoast-schema-graph\">{\"@context\":\"https:\\\/\\\/schema.org\",\"@graph\":[{\"@type\":\"Article\",\"@id\":\"https:\\\/\\\/urbeamea.ro\\\/albaiulia\\\/conferinta-internationala-conservation-and-restoration-of-stone-monuments-technical-data-regarding-the-preservation-of-lithic-goods-la-sinagoga-mare-yehezkel-din-alba-iulia\\\/#article\",\"isPartOf\":{\"@id\":\"https:\\\/\\\/urbeamea.ro\\\/albaiulia\\\/conferinta-internationala-conservation-and-restoration-of-stone-monuments-technical-data-regarding-the-preservation-of-lithic-goods-la-sinagoga-mare-yehezkel-din-alba-iulia\\\/\"},\"author\":{\"name\":\"Redac\u021bia UrbeaMea\",\"@id\":\"https:\\\/\\\/urbeamea.ro\\\/albaiulia\\\/#\\\/schema\\\/person\\\/272ae98052f8ee8980f59848df070247\"},\"headline\":\"Conferin\u021ba interna\u021bional\u0103\u00a0Conservation and restoration of stone monuments. Technical data regarding the preservation of lithic goods, la Sinagoga &#8222;Mar\u00e8 Yehezkel&#8221; din Alba\u00a0\u00a0Iulia\",\"datePublished\":\"2023-05-18T11:37:46+00:00\",\"dateModified\":\"2023-05-18T11:37:47+00:00\",\"mainEntityOfPage\":{\"@id\":\"https:\\\/\\\/urbeamea.ro\\\/albaiulia\\\/conferinta-internationala-conservation-and-restoration-of-stone-monuments-technical-data-regarding-the-preservation-of-lithic-goods-la-sinagoga-mare-yehezkel-din-alba-iulia\\\/\"},\"wordCount\":253,\"commentCount\":0,\"image\":{\"@id\":\"https:\\\/\\\/urbeamea.ro\\\/albaiulia\\\/conferinta-internationala-conservation-and-restoration-of-stone-monuments-technical-data-regarding-the-preservation-of-lithic-goods-la-sinagoga-mare-yehezkel-din-alba-iulia\\\/#primaryimage\"},\"thumbnailUrl\":\"https:\\\/\\\/urbeamea.ro\\\/albaiulia\\\/wp-content\\\/uploads\\\/2023\\\/05\\\/afis-conferinta-calin-suteu-1.jpg\",\"articleSection\":[\"Evenimente\"],\"inLanguage\":\"ro-RO\",\"potentialAction\":[{\"@type\":\"CommentAction\",\"name\":\"Comment\",\"target\":[\"https:\\\/\\\/urbeamea.ro\\\/albaiulia\\\/conferinta-internationala-conservation-and-restoration-of-stone-monuments-technical-data-regarding-the-preservation-of-lithic-goods-la-sinagoga-mare-yehezkel-din-alba-iulia\\\/#respond\"]}]},{\"@type\":\"WebPage\",\"@id\":\"https:\\\/\\\/urbeamea.ro\\\/albaiulia\\\/conferinta-internationala-conservation-and-restoration-of-stone-monuments-technical-data-regarding-the-preservation-of-lithic-goods-la-sinagoga-mare-yehezkel-din-alba-iulia\\\/\",\"url\":\"https:\\\/\\\/urbeamea.ro\\\/albaiulia\\\/conferinta-internationala-conservation-and-restoration-of-stone-monuments-technical-data-regarding-the-preservation-of-lithic-goods-la-sinagoga-mare-yehezkel-din-alba-iulia\\\/\",\"name\":\"Conferin\u021ba interna\u021bional\u0103\u00a0Conservation and restoration of stone monuments. Technical data regarding the preservation of lithic goods, la Sinagoga \\\"Mar\u00e8 Yehezkel\\\" din Alba\u00a0\u00a0Iulia - Revista Urbea Mea - Revista de Alba\",\"isPartOf\":{\"@id\":\"https:\\\/\\\/urbeamea.ro\\\/albaiulia\\\/#website\"},\"primaryImageOfPage\":{\"@id\":\"https:\\\/\\\/urbeamea.ro\\\/albaiulia\\\/conferinta-internationala-conservation-and-restoration-of-stone-monuments-technical-data-regarding-the-preservation-of-lithic-goods-la-sinagoga-mare-yehezkel-din-alba-iulia\\\/#primaryimage\"},\"image\":{\"@id\":\"https:\\\/\\\/urbeamea.ro\\\/albaiulia\\\/conferinta-internationala-conservation-and-restoration-of-stone-monuments-technical-data-regarding-the-preservation-of-lithic-goods-la-sinagoga-mare-yehezkel-din-alba-iulia\\\/#primaryimage\"},\"thumbnailUrl\":\"https:\\\/\\\/urbeamea.ro\\\/albaiulia\\\/wp-content\\\/uploads\\\/2023\\\/05\\\/afis-conferinta-calin-suteu-1.jpg\",\"datePublished\":\"2023-05-18T11:37:46+00:00\",\"dateModified\":\"2023-05-18T11:37:47+00:00\",\"author\":{\"@id\":\"https:\\\/\\\/urbeamea.ro\\\/albaiulia\\\/#\\\/schema\\\/person\\\/272ae98052f8ee8980f59848df070247\"},\"description\":\"Vineri, 19 mai 2023, ora 10:00, la&nbsp;Sinagoga \\\"Mar\u00e8 Yehezkel\\\" din Alba&nbsp;&nbsp;Iulia,&nbsp;va avea loc deschiderea&nbsp;conferin\u021bei\",\"breadcrumb\":{\"@id\":\"https:\\\/\\\/urbeamea.ro\\\/albaiulia\\\/conferinta-internationala-conservation-and-restoration-of-stone-monuments-technical-data-regarding-the-preservation-of-lithic-goods-la-sinagoga-mare-yehezkel-din-alba-iulia\\\/#breadcrumb\"},\"inLanguage\":\"ro-RO\",\"potentialAction\":[{\"@type\":\"ReadAction\",\"target\":[\"https:\\\/\\\/urbeamea.ro\\\/albaiulia\\\/conferinta-internationala-conservation-and-restoration-of-stone-monuments-technical-data-regarding-the-preservation-of-lithic-goods-la-sinagoga-mare-yehezkel-din-alba-iulia\\\/\"]}]},{\"@type\":\"ImageObject\",\"inLanguage\":\"ro-RO\",\"@id\":\"https:\\\/\\\/urbeamea.ro\\\/albaiulia\\\/conferinta-internationala-conservation-and-restoration-of-stone-monuments-technical-data-regarding-the-preservation-of-lithic-goods-la-sinagoga-mare-yehezkel-din-alba-iulia\\\/#primaryimage\",\"url\":\"https:\\\/\\\/urbeamea.ro\\\/albaiulia\\\/wp-content\\\/uploads\\\/2023\\\/05\\\/afis-conferinta-calin-suteu-1.jpg\",\"contentUrl\":\"https:\\\/\\\/urbeamea.ro\\\/albaiulia\\\/wp-content\\\/uploads\\\/2023\\\/05\\\/afis-conferinta-calin-suteu-1.jpg\",\"width\":1131,\"height\":1600},{\"@type\":\"BreadcrumbList\",\"@id\":\"https:\\\/\\\/urbeamea.ro\\\/albaiulia\\\/conferinta-internationala-conservation-and-restoration-of-stone-monuments-technical-data-regarding-the-preservation-of-lithic-goods-la-sinagoga-mare-yehezkel-din-alba-iulia\\\/#breadcrumb\",\"itemListElement\":[{\"@type\":\"ListItem\",\"position\":1,\"name\":\"Prima pagin\u0103\",\"item\":\"https:\\\/\\\/urbeamea.ro\\\/albaiulia\\\/\"},{\"@type\":\"ListItem\",\"position\":2,\"name\":\"Conferin\u021ba interna\u021bional\u0103\u00a0Conservation and restoration of stone monuments. Technical data regarding the preservation of lithic goods, la Sinagoga &#8222;Mar\u00e8 Yehezkel&#8221; din Alba\u00a0\u00a0Iulia\"}]},{\"@type\":\"WebSite\",\"@id\":\"https:\\\/\\\/urbeamea.ro\\\/albaiulia\\\/#website\",\"url\":\"https:\\\/\\\/urbeamea.ro\\\/albaiulia\\\/\",\"name\":\"Revista Urbea Mea, Stiri urbane\",\"description\":\"Evenimente \u0219i \u0219tiri din Alba Iulia, Sebe\u0219, Aiud, Blaj\",\"potentialAction\":[{\"@type\":\"SearchAction\",\"target\":{\"@type\":\"EntryPoint\",\"urlTemplate\":\"https:\\\/\\\/urbeamea.ro\\\/albaiulia\\\/?s={search_term_string}\"},\"query-input\":{\"@type\":\"PropertyValueSpecification\",\"valueRequired\":true,\"valueName\":\"search_term_string\"}}],\"inLanguage\":\"ro-RO\"},{\"@type\":\"Person\",\"@id\":\"https:\\\/\\\/urbeamea.ro\\\/albaiulia\\\/#\\\/schema\\\/person\\\/272ae98052f8ee8980f59848df070247\",\"name\":\"Redac\u021bia UrbeaMea\",\"image\":{\"@type\":\"ImageObject\",\"inLanguage\":\"ro-RO\",\"@id\":\"https:\\\/\\\/secure.gravatar.com\\\/avatar\\\/9ce5a9435071fa1037e8468053ead8e513dbbff59009d3069aadb85506d85a27?s=96&d=mm&r=g\",\"url\":\"https:\\\/\\\/secure.gravatar.com\\\/avatar\\\/9ce5a9435071fa1037e8468053ead8e513dbbff59009d3069aadb85506d85a27?s=96&d=mm&r=g\",\"contentUrl\":\"https:\\\/\\\/secure.gravatar.com\\\/avatar\\\/9ce5a9435071fa1037e8468053ead8e513dbbff59009d3069aadb85506d85a27?s=96&d=mm&r=g\",\"caption\":\"Redac\u021bia UrbeaMea\"},\"description\":\"contact@urbeamea.ro\",\"sameAs\":[\"https:\\\/\\\/www.urbeamea.ro\"],\"url\":\"https:\\\/\\\/urbeamea.ro\\\/albaiulia\\\/author\\\/redactia-urbeamea\\\/\"}]}<\/script>\n<!-- \/ Yoast SEO plugin. -->","yoast_head_json":{"title":"Conferin\u021ba interna\u021bional\u0103\u00a0Conservation and restoration of stone monuments. Technical data regarding the preservation of lithic goods, la Sinagoga \"Mar\u00e8 Yehezkel\" din Alba\u00a0\u00a0Iulia - Revista Urbea Mea - Revista de Alba","description":"Vineri, 19 mai 2023, ora 10:00, la&nbsp;Sinagoga \"Mar\u00e8 Yehezkel\" din Alba&nbsp;&nbsp;Iulia,&nbsp;va avea loc deschiderea&nbsp;conferin\u021bei","robots":{"index":"index","follow":"follow","max-snippet":"max-snippet:-1","max-image-preview":"max-image-preview:large","max-video-preview":"max-video-preview:-1"},"canonical":"https:\/\/urbeamea.ro\/albaiulia\/conferinta-internationala-conservation-and-restoration-of-stone-monuments-technical-data-regarding-the-preservation-of-lithic-goods-la-sinagoga-mare-yehezkel-din-alba-iulia\/","twitter_card":"summary_large_image","twitter_title":"Conferin\u021ba interna\u021bional\u0103\u00a0Conservation and restoration of stone monuments. Technical data regarding the preservation of lithic goods, la Sinagoga \"Mar\u00e8 Yehezkel\" din Alba\u00a0\u00a0Iulia - Revista Urbea Mea - Revista de Alba","twitter_description":"Vineri, 19 mai 2023, ora 10:00, la&nbsp;Sinagoga \"Mar\u00e8 Yehezkel\" din Alba&nbsp;&nbsp;Iulia,&nbsp;va avea loc deschiderea&nbsp;conferin\u021bei","twitter_image":"https:\/\/urbeamea.ro\/albaiulia\/wp-content\/uploads\/2023\/05\/afis-conferinta-calin-suteu-1.jpg","twitter_creator":"@urbeameaweb","twitter_site":"@urbeameaweb","schema":{"@context":"https:\/\/schema.org","@graph":[{"@type":"Article","@id":"https:\/\/urbeamea.ro\/albaiulia\/conferinta-internationala-conservation-and-restoration-of-stone-monuments-technical-data-regarding-the-preservation-of-lithic-goods-la-sinagoga-mare-yehezkel-din-alba-iulia\/#article","isPartOf":{"@id":"https:\/\/urbeamea.ro\/albaiulia\/conferinta-internationala-conservation-and-restoration-of-stone-monuments-technical-data-regarding-the-preservation-of-lithic-goods-la-sinagoga-mare-yehezkel-din-alba-iulia\/"},"author":{"name":"Redac\u021bia UrbeaMea","@id":"https:\/\/urbeamea.ro\/albaiulia\/#\/schema\/person\/272ae98052f8ee8980f59848df070247"},"headline":"Conferin\u021ba interna\u021bional\u0103\u00a0Conservation and restoration of stone monuments. Technical data regarding the preservation of lithic goods, la Sinagoga &#8222;Mar\u00e8 Yehezkel&#8221; din Alba\u00a0\u00a0Iulia","datePublished":"2023-05-18T11:37:46+00:00","dateModified":"2023-05-18T11:37:47+00:00","mainEntityOfPage":{"@id":"https:\/\/urbeamea.ro\/albaiulia\/conferinta-internationala-conservation-and-restoration-of-stone-monuments-technical-data-regarding-the-preservation-of-lithic-goods-la-sinagoga-mare-yehezkel-din-alba-iulia\/"},"wordCount":253,"commentCount":0,"image":{"@id":"https:\/\/urbeamea.ro\/albaiulia\/conferinta-internationala-conservation-and-restoration-of-stone-monuments-technical-data-regarding-the-preservation-of-lithic-goods-la-sinagoga-mare-yehezkel-din-alba-iulia\/#primaryimage"},"thumbnailUrl":"https:\/\/urbeamea.ro\/albaiulia\/wp-content\/uploads\/2023\/05\/afis-conferinta-calin-suteu-1.jpg","articleSection":["Evenimente"],"inLanguage":"ro-RO","potentialAction":[{"@type":"CommentAction","name":"Comment","target":["https:\/\/urbeamea.ro\/albaiulia\/conferinta-internationala-conservation-and-restoration-of-stone-monuments-technical-data-regarding-the-preservation-of-lithic-goods-la-sinagoga-mare-yehezkel-din-alba-iulia\/#respond"]}]},{"@type":"WebPage","@id":"https:\/\/urbeamea.ro\/albaiulia\/conferinta-internationala-conservation-and-restoration-of-stone-monuments-technical-data-regarding-the-preservation-of-lithic-goods-la-sinagoga-mare-yehezkel-din-alba-iulia\/","url":"https:\/\/urbeamea.ro\/albaiulia\/conferinta-internationala-conservation-and-restoration-of-stone-monuments-technical-data-regarding-the-preservation-of-lithic-goods-la-sinagoga-mare-yehezkel-din-alba-iulia\/","name":"Conferin\u021ba interna\u021bional\u0103\u00a0Conservation and restoration of stone monuments. Technical data regarding the preservation of lithic goods, la Sinagoga \"Mar\u00e8 Yehezkel\" din Alba\u00a0\u00a0Iulia - Revista Urbea Mea - Revista de Alba","isPartOf":{"@id":"https:\/\/urbeamea.ro\/albaiulia\/#website"},"primaryImageOfPage":{"@id":"https:\/\/urbeamea.ro\/albaiulia\/conferinta-internationala-conservation-and-restoration-of-stone-monuments-technical-data-regarding-the-preservation-of-lithic-goods-la-sinagoga-mare-yehezkel-din-alba-iulia\/#primaryimage"},"image":{"@id":"https:\/\/urbeamea.ro\/albaiulia\/conferinta-internationala-conservation-and-restoration-of-stone-monuments-technical-data-regarding-the-preservation-of-lithic-goods-la-sinagoga-mare-yehezkel-din-alba-iulia\/#primaryimage"},"thumbnailUrl":"https:\/\/urbeamea.ro\/albaiulia\/wp-content\/uploads\/2023\/05\/afis-conferinta-calin-suteu-1.jpg","datePublished":"2023-05-18T11:37:46+00:00","dateModified":"2023-05-18T11:37:47+00:00","author":{"@id":"https:\/\/urbeamea.ro\/albaiulia\/#\/schema\/person\/272ae98052f8ee8980f59848df070247"},"description":"Vineri, 19 mai 2023, ora 10:00, la&nbsp;Sinagoga \"Mar\u00e8 Yehezkel\" din Alba&nbsp;&nbsp;Iulia,&nbsp;va avea loc deschiderea&nbsp;conferin\u021bei","breadcrumb":{"@id":"https:\/\/urbeamea.ro\/albaiulia\/conferinta-internationala-conservation-and-restoration-of-stone-monuments-technical-data-regarding-the-preservation-of-lithic-goods-la-sinagoga-mare-yehezkel-din-alba-iulia\/#breadcrumb"},"inLanguage":"ro-RO","potentialAction":[{"@type":"ReadAction","target":["https:\/\/urbeamea.ro\/albaiulia\/conferinta-internationala-conservation-and-restoration-of-stone-monuments-technical-data-regarding-the-preservation-of-lithic-goods-la-sinagoga-mare-yehezkel-din-alba-iulia\/"]}]},{"@type":"ImageObject","inLanguage":"ro-RO","@id":"https:\/\/urbeamea.ro\/albaiulia\/conferinta-internationala-conservation-and-restoration-of-stone-monuments-technical-data-regarding-the-preservation-of-lithic-goods-la-sinagoga-mare-yehezkel-din-alba-iulia\/#primaryimage","url":"https:\/\/urbeamea.ro\/albaiulia\/wp-content\/uploads\/2023\/05\/afis-conferinta-calin-suteu-1.jpg","contentUrl":"https:\/\/urbeamea.ro\/albaiulia\/wp-content\/uploads\/2023\/05\/afis-conferinta-calin-suteu-1.jpg","width":1131,"height":1600},{"@type":"BreadcrumbList","@id":"https:\/\/urbeamea.ro\/albaiulia\/conferinta-internationala-conservation-and-restoration-of-stone-monuments-technical-data-regarding-the-preservation-of-lithic-goods-la-sinagoga-mare-yehezkel-din-alba-iulia\/#breadcrumb","itemListElement":[{"@type":"ListItem","position":1,"name":"Prima pagin\u0103","item":"https:\/\/urbeamea.ro\/albaiulia\/"},{"@type":"ListItem","position":2,"name":"Conferin\u021ba interna\u021bional\u0103\u00a0Conservation and restoration of stone monuments. Technical data regarding the preservation of lithic goods, la Sinagoga &#8222;Mar\u00e8 Yehezkel&#8221; din Alba\u00a0\u00a0Iulia"}]},{"@type":"WebSite","@id":"https:\/\/urbeamea.ro\/albaiulia\/#website","url":"https:\/\/urbeamea.ro\/albaiulia\/","name":"Revista Urbea Mea, Stiri urbane","description":"Evenimente \u0219i \u0219tiri din Alba Iulia, Sebe\u0219, Aiud, Blaj","potentialAction":[{"@type":"SearchAction","target":{"@type":"EntryPoint","urlTemplate":"https:\/\/urbeamea.ro\/albaiulia\/?s={search_term_string}"},"query-input":{"@type":"PropertyValueSpecification","valueRequired":true,"valueName":"search_term_string"}}],"inLanguage":"ro-RO"},{"@type":"Person","@id":"https:\/\/urbeamea.ro\/albaiulia\/#\/schema\/person\/272ae98052f8ee8980f59848df070247","name":"Redac\u021bia UrbeaMea","image":{"@type":"ImageObject","inLanguage":"ro-RO","@id":"https:\/\/secure.gravatar.com\/avatar\/9ce5a9435071fa1037e8468053ead8e513dbbff59009d3069aadb85506d85a27?s=96&d=mm&r=g","url":"https:\/\/secure.gravatar.com\/avatar\/9ce5a9435071fa1037e8468053ead8e513dbbff59009d3069aadb85506d85a27?s=96&d=mm&r=g","contentUrl":"https:\/\/secure.gravatar.com\/avatar\/9ce5a9435071fa1037e8468053ead8e513dbbff59009d3069aadb85506d85a27?s=96&d=mm&r=g","caption":"Redac\u021bia UrbeaMea"},"description":"contact@urbeamea.ro","sameAs":["https:\/\/www.urbeamea.ro"],"url":"https:\/\/urbeamea.ro\/albaiulia\/author\/redactia-urbeamea\/"}]}},"_links":{"self":[{"href":"https:\/\/urbeamea.ro\/albaiulia\/wp-json\/wp\/v2\/posts\/107660","targetHints":{"allow":["GET"]}}],"collection":[{"href":"https:\/\/urbeamea.ro\/albaiulia\/wp-json\/wp\/v2\/posts"}],"about":[{"href":"https:\/\/urbeamea.ro\/albaiulia\/wp-json\/wp\/v2\/types\/post"}],"author":[{"embeddable":true,"href":"https:\/\/urbeamea.ro\/albaiulia\/wp-json\/wp\/v2\/users\/16"}],"replies":[{"embeddable":true,"href":"https:\/\/urbeamea.ro\/albaiulia\/wp-json\/wp\/v2\/comments?post=107660"}],"version-history":[{"count":1,"href":"https:\/\/urbeamea.ro\/albaiulia\/wp-json\/wp\/v2\/posts\/107660\/revisions"}],"predecessor-version":[{"id":107663,"href":"https:\/\/urbeamea.ro\/albaiulia\/wp-json\/wp\/v2\/posts\/107660\/revisions\/107663"}],"wp:featuredmedia":[{"embeddable":true,"href":"https:\/\/urbeamea.ro\/albaiulia\/wp-json\/wp\/v2\/media\/107662"}],"wp:attachment":[{"href":"https:\/\/urbeamea.ro\/albaiulia\/wp-json\/wp\/v2\/media?parent=107660"}],"wp:term":[{"taxonomy":"category","embeddable":true,"href":"https:\/\/urbeamea.ro\/albaiulia\/wp-json\/wp\/v2\/categories?post=107660"},{"taxonomy":"post_tag","embeddable":true,"href":"https:\/\/urbeamea.ro\/albaiulia\/wp-json\/wp\/v2\/tags?post=107660"}],"curies":[{"name":"wp","href":"https:\/\/api.w.org\/{rel}","templated":true}]}}