{"id":107933,"date":"2023-06-08T16:09:26","date_gmt":"2023-06-08T13:09:26","guid":{"rendered":"https:\/\/urbeamea.ro\/albaiulia\/?p=107933"},"modified":"2023-06-08T16:09:29","modified_gmt":"2023-06-08T13:09:29","slug":"peste-160-de-sali-de-clasa-vor-fi-modernizate-la-sebes","status":"publish","type":"post","link":"https:\/\/urbeamea.ro\/albaiulia\/peste-160-de-sali-de-clasa-vor-fi-modernizate-la-sebes\/","title":{"rendered":"Peste 160 de s\u0103li de clas\u0103 vor fi modernizate la sebe\u0219."},"content":{"rendered":"\n<blockquote class=\"wp-block-quote is-layout-flow wp-block-quote-is-layout-flow\">\n<p><strong>Bugetul municipal pentru educa\u021bie se \u00eembog\u0103\u021be\u0219te cu 11 milioane de lei, finan\u021bare nerambursabil\u0103 ob\u021binut\u0103 de prim\u0103rie<\/strong>.<\/p>\n<cite><strong>Dorin Nistor<\/strong><\/cite><\/blockquote>\n\n\n\n<p>Prim\u0103ria Municipiului Sebe\u0219 a ob\u021binut o finan\u021bare nerambursabil\u0103 din Planul Na\u021bional de Redresare \u0219i Rezilien\u021b\u0103 (PNRR) pentru proiectul \u201eDotarea cu mobilier, materiale didactice \u0219i echipamente digitale a unit\u0103\u021bilor de \u00eenv\u0103\u021b\u0103m\u00e2nt din Municipiul Sebe\u0219\u201d \u00een valoare total\u0103 de 11.074.120,96 lei, cu o contribu\u021bie de la bugetul local&nbsp; de 186.627,70 lei.<\/p>\n\n\n\n<p>Prin intermediul acestui proiect, toate unit\u0103\u021bile de \u00eenv\u0103\u021b\u0103m\u00e2nt din Sebe\u0219 (gr\u0103dini\u021be, \u0219coli \u0219i licee) vor putea beneficia de \u00eennoirea bazei materiale prin dotarea cu echipamente \u0219i elemente de mobilier moderne, cu accent pe digitalizare: table interactive, sisteme de tip desktop \u0219i sisteme all-in-one, sisteme video \u0219i de sunet, camere pentru videoconferin\u021be, imprimante \u0219i scannere, dot\u0103ri specifice laboratoarelor de \u0219tiin\u021be \u0219i de informatic\u0103, dot\u0103ri \u0219i mobilier pentru s\u0103li de clas\u0103, ateliere de practic\u0103 \u0219i s\u0103li de sport.<\/p>\n\n\n\n<p>Obiectivul proiectului vizeaz\u0103 transformarea digital\u0103 a \u0219colilor, dezvoltarea competen\u021belor digitale ale elevilor, echiparea atelierelor de practic\u0103 din unit\u0103\u021bile de \u00eenv\u0103\u021b\u0103m\u00e2nt profesional \u0219i tehnic, crearea unei infrastructuri de calitate, a unui sistem de educa\u021bie performant \u0219i a unor servicii esen\u021biale privind oferta educa\u021bional\u0103, \u00een vederea asigur\u0103rii particip\u0103rii la un proces educa\u021bional de calitate, modern \u0219i incluziv.<\/p>\n\n\n\n<p>Se va realiza echiparea cabinetelor, a cabinetelor de asisten\u021b\u0103 psihopedagogic\u0103 \u0219i a laboratoarelor de \u0219tiin\u021be, precum \u0219i \u00eenfiin\u021barea unora noi, \u0219i echiparea atelierelor de practic\u0103, inclusiv cu componente digitale specifice domeniului de calificare.<\/p>\n\n\n\n<p>Rezultatele proiectului se vor reg\u0103si \u00een toate gr\u0103dini\u021bele, \u0219colile \u0219i liceele Sebe\u0219ului:<\/p>\n\n\n\n<p>&#8211;&nbsp;&nbsp;&nbsp;&nbsp;&nbsp;&nbsp;&nbsp;&nbsp;&nbsp; dotarea cu echipamente de tehnologie a informa\u021biei (TIC) a s\u0103lilor de clas\u0103 existente &#8211; 160 de s\u0103li de clas\u0103;<\/p>\n\n\n\n<p>&#8211;&nbsp;&nbsp;&nbsp;&nbsp;&nbsp;&nbsp;&nbsp;&nbsp;&nbsp; dotarea cu mobilier \u0219i materiale didactice a s\u0103lilor de clas\u0103 existente \u2013 169 de s\u0103li de clas\u0103;<\/p>\n\n\n\n<p>&#8211;&nbsp;&nbsp;&nbsp;&nbsp;&nbsp;&nbsp;&nbsp;&nbsp;&nbsp; dotarea cu echipamente TIC a laboratoarelor de informatic\u0103 \u2013 6 laboratoare;<\/p>\n\n\n\n<p>&#8211;&nbsp;&nbsp;&nbsp;&nbsp;&nbsp;&nbsp;&nbsp;&nbsp;&nbsp; dotarea cu mobilier, materiale didactice \u0219i echipament digital a laboratoarelor de \u0219tiin\u021be (fizic\u0103, chimie, biologie) \u2013 6 laboratoare de \u0219tiin\u021be;<\/p>\n\n\n\n<p>&#8211;&nbsp;&nbsp;&nbsp;&nbsp;&nbsp;&nbsp;&nbsp;&nbsp;&nbsp; dotarea cu mobilier, materiale didactice \u0219i echipament digital a cabinetelor \u0219colare \u2013 6 cabinete \u0219colare;<\/p>\n\n\n\n<p>&#8211;&nbsp;&nbsp;&nbsp;&nbsp;&nbsp;&nbsp;&nbsp;&nbsp;&nbsp; dotarea cu mobilier, materiale didactice \u0219i echipament digital a cabinetelor de consiliere \u0219i asisten\u021b\u0103 \u2013 7 cabinete;<\/p>\n\n\n\n<p>&#8211;&nbsp;&nbsp;&nbsp;&nbsp;&nbsp;&nbsp;&nbsp;&nbsp;&nbsp; dotarea cu mobilier \u0219i materiale didactice a s\u0103lilor de sport \u2013 6 s\u0103li de sport.<\/p>\n\n\n\n<figure class=\"wp-block-image size-large\"><img loading=\"lazy\" decoding=\"async\" width=\"1280\" height=\"718\" src=\"https:\/\/urbeamea.ro\/albaiulia\/wp-content\/uploads\/2023\/06\/Tombola-pt-copii-Sc.Koga-Lic.-Sportiv-Lic-Tehno-Lic-German-29-Mai-2023-@Adrian-Pamfilie-79-1280x718.jpg\" alt=\"\" class=\"wp-image-107934\" srcset=\"https:\/\/urbeamea.ro\/albaiulia\/wp-content\/uploads\/2023\/06\/Tombola-pt-copii-Sc.Koga-Lic.-Sportiv-Lic-Tehno-Lic-German-29-Mai-2023-@Adrian-Pamfilie-79-1280x718.jpg 1280w, https:\/\/urbeamea.ro\/albaiulia\/wp-content\/uploads\/2023\/06\/Tombola-pt-copii-Sc.Koga-Lic.-Sportiv-Lic-Tehno-Lic-German-29-Mai-2023-@Adrian-Pamfilie-79-640x359.jpg 640w, https:\/\/urbeamea.ro\/albaiulia\/wp-content\/uploads\/2023\/06\/Tombola-pt-copii-Sc.Koga-Lic.-Sportiv-Lic-Tehno-Lic-German-29-Mai-2023-@Adrian-Pamfilie-79-150x84.jpg 150w, https:\/\/urbeamea.ro\/albaiulia\/wp-content\/uploads\/2023\/06\/Tombola-pt-copii-Sc.Koga-Lic.-Sportiv-Lic-Tehno-Lic-German-29-Mai-2023-@Adrian-Pamfilie-79-768x431.jpg 768w, https:\/\/urbeamea.ro\/albaiulia\/wp-content\/uploads\/2023\/06\/Tombola-pt-copii-Sc.Koga-Lic.-Sportiv-Lic-Tehno-Lic-German-29-Mai-2023-@Adrian-Pamfilie-79-1536x862.jpg 1536w, https:\/\/urbeamea.ro\/albaiulia\/wp-content\/uploads\/2023\/06\/Tombola-pt-copii-Sc.Koga-Lic.-Sportiv-Lic-Tehno-Lic-German-29-Mai-2023-@Adrian-Pamfilie-79-390x220.jpg 390w, https:\/\/urbeamea.ro\/albaiulia\/wp-content\/uploads\/2023\/06\/Tombola-pt-copii-Sc.Koga-Lic.-Sportiv-Lic-Tehno-Lic-German-29-Mai-2023-@Adrian-Pamfilie-79.jpg 1600w\" sizes=\"auto, (max-width: 1280px) 100vw, 1280px\" \/><\/figure>\n","protected":false},"excerpt":{"rendered":"<p>Bugetul municipal pentru educa\u021bie se \u00eembog\u0103\u021be\u0219te cu 11 milioane de lei, finan\u021bare nerambursabil\u0103 ob\u021binut\u0103 de prim\u0103rie. Dorin Nistor Prim\u0103ria Municipiului Sebe\u0219 a ob\u021binut o finan\u021bare nerambursabil\u0103 din Planul Na\u021bional de Redresare \u0219i Rezilien\u021b\u0103 (PNRR) pentru proiectul \u201eDotarea cu mobilier, materiale didactice \u0219i echipamente digitale a unit\u0103\u021bilor de \u00eenv\u0103\u021b\u0103m\u00e2nt din Municipiul Sebe\u0219\u201d \u00een valoare total\u0103 de &hellip;<\/p>\n","protected":false},"author":16,"featured_media":107935,"comment_status":"open","ping_status":"open","sticky":false,"template":"","format":"standard","meta":{"inline_featured_image":false,"footnotes":""},"categories":[2035],"tags":[17300],"class_list":["post-107933","post","type-post","status-publish","format-standard","has-post-thumbnail","hentry","category-administratie","tag-municipiul-sebes"],"yoast_head":"<!-- This site is optimized with the Yoast SEO plugin v27.4 - https:\/\/yoast.com\/product\/yoast-seo-wordpress\/ -->\n<title>Peste 160 de s\u0103li de clas\u0103 vor fi modernizate la sebe\u0219. - Revista Urbea Mea - Revista de Alba<\/title>\n<meta name=\"description\" content=\"Bugetul municipal pentru educa\u021bie se \u00eembog\u0103\u021be\u0219te cu 11 milioane de lei, finan\u021bare nerambursabil\u0103 ob\u021binut\u0103 de prim\u0103rie. Dorin Nistor Prim\u0103ria Municipiului\" \/>\n<meta name=\"robots\" content=\"index, follow, max-snippet:-1, max-image-preview:large, max-video-preview:-1\" \/>\n<link rel=\"canonical\" href=\"https:\/\/urbeamea.ro\/albaiulia\/peste-160-de-sali-de-clasa-vor-fi-modernizate-la-sebes\/\" \/>\n<meta name=\"twitter:card\" content=\"summary_large_image\" \/>\n<meta name=\"twitter:title\" content=\"Peste 160 de s\u0103li de clas\u0103 vor fi modernizate la sebe\u0219. - Revista Urbea Mea - Revista de Alba\" \/>\n<meta name=\"twitter:description\" content=\"Bugetul municipal pentru educa\u021bie se \u00eembog\u0103\u021be\u0219te cu 11 milioane de lei, finan\u021bare nerambursabil\u0103 ob\u021binut\u0103 de prim\u0103rie. Dorin Nistor Prim\u0103ria Municipiului\" \/>\n<meta name=\"twitter:image\" content=\"https:\/\/urbeamea.ro\/albaiulia\/wp-content\/uploads\/2023\/06\/Prezentare-primar-Dorin-Nistor-EDUCATIE.jpg\" \/>\n<meta name=\"twitter:creator\" content=\"@urbeameaweb\" \/>\n<meta name=\"twitter:site\" content=\"@urbeameaweb\" \/>\n<script type=\"application\/ld+json\" class=\"yoast-schema-graph\">{\"@context\":\"https:\\\/\\\/schema.org\",\"@graph\":[{\"@type\":\"Article\",\"@id\":\"https:\\\/\\\/urbeamea.ro\\\/albaiulia\\\/peste-160-de-sali-de-clasa-vor-fi-modernizate-la-sebes\\\/#article\",\"isPartOf\":{\"@id\":\"https:\\\/\\\/urbeamea.ro\\\/albaiulia\\\/peste-160-de-sali-de-clasa-vor-fi-modernizate-la-sebes\\\/\"},\"author\":{\"name\":\"Redac\u021bia UrbeaMea\",\"@id\":\"https:\\\/\\\/urbeamea.ro\\\/albaiulia\\\/#\\\/schema\\\/person\\\/272ae98052f8ee8980f59848df070247\"},\"headline\":\"Peste 160 de s\u0103li de clas\u0103 vor fi modernizate la sebe\u0219.\",\"datePublished\":\"2023-06-08T13:09:26+00:00\",\"dateModified\":\"2023-06-08T13:09:29+00:00\",\"mainEntityOfPage\":{\"@id\":\"https:\\\/\\\/urbeamea.ro\\\/albaiulia\\\/peste-160-de-sali-de-clasa-vor-fi-modernizate-la-sebes\\\/\"},\"wordCount\":473,\"commentCount\":0,\"image\":{\"@id\":\"https:\\\/\\\/urbeamea.ro\\\/albaiulia\\\/peste-160-de-sali-de-clasa-vor-fi-modernizate-la-sebes\\\/#primaryimage\"},\"thumbnailUrl\":\"https:\\\/\\\/urbeamea.ro\\\/albaiulia\\\/wp-content\\\/uploads\\\/2023\\\/06\\\/Prezentare-primar-Dorin-Nistor-EDUCATIE.jpg\",\"keywords\":[\"municipiul sebes\"],\"articleSection\":[\"Administra\u021bie\"],\"inLanguage\":\"ro-RO\",\"potentialAction\":[{\"@type\":\"CommentAction\",\"name\":\"Comment\",\"target\":[\"https:\\\/\\\/urbeamea.ro\\\/albaiulia\\\/peste-160-de-sali-de-clasa-vor-fi-modernizate-la-sebes\\\/#respond\"]}]},{\"@type\":\"WebPage\",\"@id\":\"https:\\\/\\\/urbeamea.ro\\\/albaiulia\\\/peste-160-de-sali-de-clasa-vor-fi-modernizate-la-sebes\\\/\",\"url\":\"https:\\\/\\\/urbeamea.ro\\\/albaiulia\\\/peste-160-de-sali-de-clasa-vor-fi-modernizate-la-sebes\\\/\",\"name\":\"Peste 160 de s\u0103li de clas\u0103 vor fi modernizate la sebe\u0219. - Revista Urbea Mea - Revista de Alba\",\"isPartOf\":{\"@id\":\"https:\\\/\\\/urbeamea.ro\\\/albaiulia\\\/#website\"},\"primaryImageOfPage\":{\"@id\":\"https:\\\/\\\/urbeamea.ro\\\/albaiulia\\\/peste-160-de-sali-de-clasa-vor-fi-modernizate-la-sebes\\\/#primaryimage\"},\"image\":{\"@id\":\"https:\\\/\\\/urbeamea.ro\\\/albaiulia\\\/peste-160-de-sali-de-clasa-vor-fi-modernizate-la-sebes\\\/#primaryimage\"},\"thumbnailUrl\":\"https:\\\/\\\/urbeamea.ro\\\/albaiulia\\\/wp-content\\\/uploads\\\/2023\\\/06\\\/Prezentare-primar-Dorin-Nistor-EDUCATIE.jpg\",\"datePublished\":\"2023-06-08T13:09:26+00:00\",\"dateModified\":\"2023-06-08T13:09:29+00:00\",\"author\":{\"@id\":\"https:\\\/\\\/urbeamea.ro\\\/albaiulia\\\/#\\\/schema\\\/person\\\/272ae98052f8ee8980f59848df070247\"},\"description\":\"Bugetul municipal pentru educa\u021bie se \u00eembog\u0103\u021be\u0219te cu 11 milioane de lei, finan\u021bare nerambursabil\u0103 ob\u021binut\u0103 de prim\u0103rie. Dorin Nistor Prim\u0103ria Municipiului\",\"breadcrumb\":{\"@id\":\"https:\\\/\\\/urbeamea.ro\\\/albaiulia\\\/peste-160-de-sali-de-clasa-vor-fi-modernizate-la-sebes\\\/#breadcrumb\"},\"inLanguage\":\"ro-RO\",\"potentialAction\":[{\"@type\":\"ReadAction\",\"target\":[\"https:\\\/\\\/urbeamea.ro\\\/albaiulia\\\/peste-160-de-sali-de-clasa-vor-fi-modernizate-la-sebes\\\/\"]}]},{\"@type\":\"ImageObject\",\"inLanguage\":\"ro-RO\",\"@id\":\"https:\\\/\\\/urbeamea.ro\\\/albaiulia\\\/peste-160-de-sali-de-clasa-vor-fi-modernizate-la-sebes\\\/#primaryimage\",\"url\":\"https:\\\/\\\/urbeamea.ro\\\/albaiulia\\\/wp-content\\\/uploads\\\/2023\\\/06\\\/Prezentare-primar-Dorin-Nistor-EDUCATIE.jpg\",\"contentUrl\":\"https:\\\/\\\/urbeamea.ro\\\/albaiulia\\\/wp-content\\\/uploads\\\/2023\\\/06\\\/Prezentare-primar-Dorin-Nistor-EDUCATIE.jpg\",\"width\":1280,\"height\":720},{\"@type\":\"BreadcrumbList\",\"@id\":\"https:\\\/\\\/urbeamea.ro\\\/albaiulia\\\/peste-160-de-sali-de-clasa-vor-fi-modernizate-la-sebes\\\/#breadcrumb\",\"itemListElement\":[{\"@type\":\"ListItem\",\"position\":1,\"name\":\"Prima pagin\u0103\",\"item\":\"https:\\\/\\\/urbeamea.ro\\\/albaiulia\\\/\"},{\"@type\":\"ListItem\",\"position\":2,\"name\":\"Peste 160 de s\u0103li de clas\u0103 vor fi modernizate la sebe\u0219.\"}]},{\"@type\":\"WebSite\",\"@id\":\"https:\\\/\\\/urbeamea.ro\\\/albaiulia\\\/#website\",\"url\":\"https:\\\/\\\/urbeamea.ro\\\/albaiulia\\\/\",\"name\":\"Revista Urbea Mea, Stiri urbane\",\"description\":\"Evenimente \u0219i \u0219tiri din Alba Iulia, Sebe\u0219, Aiud, Blaj\",\"potentialAction\":[{\"@type\":\"SearchAction\",\"target\":{\"@type\":\"EntryPoint\",\"urlTemplate\":\"https:\\\/\\\/urbeamea.ro\\\/albaiulia\\\/?s={search_term_string}\"},\"query-input\":{\"@type\":\"PropertyValueSpecification\",\"valueRequired\":true,\"valueName\":\"search_term_string\"}}],\"inLanguage\":\"ro-RO\"},{\"@type\":\"Person\",\"@id\":\"https:\\\/\\\/urbeamea.ro\\\/albaiulia\\\/#\\\/schema\\\/person\\\/272ae98052f8ee8980f59848df070247\",\"name\":\"Redac\u021bia UrbeaMea\",\"image\":{\"@type\":\"ImageObject\",\"inLanguage\":\"ro-RO\",\"@id\":\"https:\\\/\\\/secure.gravatar.com\\\/avatar\\\/9ce5a9435071fa1037e8468053ead8e513dbbff59009d3069aadb85506d85a27?s=96&d=mm&r=g\",\"url\":\"https:\\\/\\\/secure.gravatar.com\\\/avatar\\\/9ce5a9435071fa1037e8468053ead8e513dbbff59009d3069aadb85506d85a27?s=96&d=mm&r=g\",\"contentUrl\":\"https:\\\/\\\/secure.gravatar.com\\\/avatar\\\/9ce5a9435071fa1037e8468053ead8e513dbbff59009d3069aadb85506d85a27?s=96&d=mm&r=g\",\"caption\":\"Redac\u021bia UrbeaMea\"},\"description\":\"contact@urbeamea.ro\",\"sameAs\":[\"https:\\\/\\\/www.urbeamea.ro\"],\"url\":\"https:\\\/\\\/urbeamea.ro\\\/albaiulia\\\/author\\\/redactia-urbeamea\\\/\"}]}<\/script>\n<!-- \/ Yoast SEO plugin. -->","yoast_head_json":{"title":"Peste 160 de s\u0103li de clas\u0103 vor fi modernizate la sebe\u0219. - Revista Urbea Mea - Revista de Alba","description":"Bugetul municipal pentru educa\u021bie se \u00eembog\u0103\u021be\u0219te cu 11 milioane de lei, finan\u021bare nerambursabil\u0103 ob\u021binut\u0103 de prim\u0103rie. Dorin Nistor Prim\u0103ria Municipiului","robots":{"index":"index","follow":"follow","max-snippet":"max-snippet:-1","max-image-preview":"max-image-preview:large","max-video-preview":"max-video-preview:-1"},"canonical":"https:\/\/urbeamea.ro\/albaiulia\/peste-160-de-sali-de-clasa-vor-fi-modernizate-la-sebes\/","twitter_card":"summary_large_image","twitter_title":"Peste 160 de s\u0103li de clas\u0103 vor fi modernizate la sebe\u0219. - Revista Urbea Mea - Revista de Alba","twitter_description":"Bugetul municipal pentru educa\u021bie se \u00eembog\u0103\u021be\u0219te cu 11 milioane de lei, finan\u021bare nerambursabil\u0103 ob\u021binut\u0103 de prim\u0103rie. Dorin Nistor Prim\u0103ria Municipiului","twitter_image":"https:\/\/urbeamea.ro\/albaiulia\/wp-content\/uploads\/2023\/06\/Prezentare-primar-Dorin-Nistor-EDUCATIE.jpg","twitter_creator":"@urbeameaweb","twitter_site":"@urbeameaweb","schema":{"@context":"https:\/\/schema.org","@graph":[{"@type":"Article","@id":"https:\/\/urbeamea.ro\/albaiulia\/peste-160-de-sali-de-clasa-vor-fi-modernizate-la-sebes\/#article","isPartOf":{"@id":"https:\/\/urbeamea.ro\/albaiulia\/peste-160-de-sali-de-clasa-vor-fi-modernizate-la-sebes\/"},"author":{"name":"Redac\u021bia UrbeaMea","@id":"https:\/\/urbeamea.ro\/albaiulia\/#\/schema\/person\/272ae98052f8ee8980f59848df070247"},"headline":"Peste 160 de s\u0103li de clas\u0103 vor fi modernizate la sebe\u0219.","datePublished":"2023-06-08T13:09:26+00:00","dateModified":"2023-06-08T13:09:29+00:00","mainEntityOfPage":{"@id":"https:\/\/urbeamea.ro\/albaiulia\/peste-160-de-sali-de-clasa-vor-fi-modernizate-la-sebes\/"},"wordCount":473,"commentCount":0,"image":{"@id":"https:\/\/urbeamea.ro\/albaiulia\/peste-160-de-sali-de-clasa-vor-fi-modernizate-la-sebes\/#primaryimage"},"thumbnailUrl":"https:\/\/urbeamea.ro\/albaiulia\/wp-content\/uploads\/2023\/06\/Prezentare-primar-Dorin-Nistor-EDUCATIE.jpg","keywords":["municipiul sebes"],"articleSection":["Administra\u021bie"],"inLanguage":"ro-RO","potentialAction":[{"@type":"CommentAction","name":"Comment","target":["https:\/\/urbeamea.ro\/albaiulia\/peste-160-de-sali-de-clasa-vor-fi-modernizate-la-sebes\/#respond"]}]},{"@type":"WebPage","@id":"https:\/\/urbeamea.ro\/albaiulia\/peste-160-de-sali-de-clasa-vor-fi-modernizate-la-sebes\/","url":"https:\/\/urbeamea.ro\/albaiulia\/peste-160-de-sali-de-clasa-vor-fi-modernizate-la-sebes\/","name":"Peste 160 de s\u0103li de clas\u0103 vor fi modernizate la sebe\u0219. - Revista Urbea Mea - Revista de Alba","isPartOf":{"@id":"https:\/\/urbeamea.ro\/albaiulia\/#website"},"primaryImageOfPage":{"@id":"https:\/\/urbeamea.ro\/albaiulia\/peste-160-de-sali-de-clasa-vor-fi-modernizate-la-sebes\/#primaryimage"},"image":{"@id":"https:\/\/urbeamea.ro\/albaiulia\/peste-160-de-sali-de-clasa-vor-fi-modernizate-la-sebes\/#primaryimage"},"thumbnailUrl":"https:\/\/urbeamea.ro\/albaiulia\/wp-content\/uploads\/2023\/06\/Prezentare-primar-Dorin-Nistor-EDUCATIE.jpg","datePublished":"2023-06-08T13:09:26+00:00","dateModified":"2023-06-08T13:09:29+00:00","author":{"@id":"https:\/\/urbeamea.ro\/albaiulia\/#\/schema\/person\/272ae98052f8ee8980f59848df070247"},"description":"Bugetul municipal pentru educa\u021bie se \u00eembog\u0103\u021be\u0219te cu 11 milioane de lei, finan\u021bare nerambursabil\u0103 ob\u021binut\u0103 de prim\u0103rie. Dorin Nistor Prim\u0103ria Municipiului","breadcrumb":{"@id":"https:\/\/urbeamea.ro\/albaiulia\/peste-160-de-sali-de-clasa-vor-fi-modernizate-la-sebes\/#breadcrumb"},"inLanguage":"ro-RO","potentialAction":[{"@type":"ReadAction","target":["https:\/\/urbeamea.ro\/albaiulia\/peste-160-de-sali-de-clasa-vor-fi-modernizate-la-sebes\/"]}]},{"@type":"ImageObject","inLanguage":"ro-RO","@id":"https:\/\/urbeamea.ro\/albaiulia\/peste-160-de-sali-de-clasa-vor-fi-modernizate-la-sebes\/#primaryimage","url":"https:\/\/urbeamea.ro\/albaiulia\/wp-content\/uploads\/2023\/06\/Prezentare-primar-Dorin-Nistor-EDUCATIE.jpg","contentUrl":"https:\/\/urbeamea.ro\/albaiulia\/wp-content\/uploads\/2023\/06\/Prezentare-primar-Dorin-Nistor-EDUCATIE.jpg","width":1280,"height":720},{"@type":"BreadcrumbList","@id":"https:\/\/urbeamea.ro\/albaiulia\/peste-160-de-sali-de-clasa-vor-fi-modernizate-la-sebes\/#breadcrumb","itemListElement":[{"@type":"ListItem","position":1,"name":"Prima pagin\u0103","item":"https:\/\/urbeamea.ro\/albaiulia\/"},{"@type":"ListItem","position":2,"name":"Peste 160 de s\u0103li de clas\u0103 vor fi modernizate la sebe\u0219."}]},{"@type":"WebSite","@id":"https:\/\/urbeamea.ro\/albaiulia\/#website","url":"https:\/\/urbeamea.ro\/albaiulia\/","name":"Revista Urbea Mea, Stiri urbane","description":"Evenimente \u0219i \u0219tiri din Alba Iulia, Sebe\u0219, Aiud, Blaj","potentialAction":[{"@type":"SearchAction","target":{"@type":"EntryPoint","urlTemplate":"https:\/\/urbeamea.ro\/albaiulia\/?s={search_term_string}"},"query-input":{"@type":"PropertyValueSpecification","valueRequired":true,"valueName":"search_term_string"}}],"inLanguage":"ro-RO"},{"@type":"Person","@id":"https:\/\/urbeamea.ro\/albaiulia\/#\/schema\/person\/272ae98052f8ee8980f59848df070247","name":"Redac\u021bia UrbeaMea","image":{"@type":"ImageObject","inLanguage":"ro-RO","@id":"https:\/\/secure.gravatar.com\/avatar\/9ce5a9435071fa1037e8468053ead8e513dbbff59009d3069aadb85506d85a27?s=96&d=mm&r=g","url":"https:\/\/secure.gravatar.com\/avatar\/9ce5a9435071fa1037e8468053ead8e513dbbff59009d3069aadb85506d85a27?s=96&d=mm&r=g","contentUrl":"https:\/\/secure.gravatar.com\/avatar\/9ce5a9435071fa1037e8468053ead8e513dbbff59009d3069aadb85506d85a27?s=96&d=mm&r=g","caption":"Redac\u021bia UrbeaMea"},"description":"contact@urbeamea.ro","sameAs":["https:\/\/www.urbeamea.ro"],"url":"https:\/\/urbeamea.ro\/albaiulia\/author\/redactia-urbeamea\/"}]}},"_links":{"self":[{"href":"https:\/\/urbeamea.ro\/albaiulia\/wp-json\/wp\/v2\/posts\/107933","targetHints":{"allow":["GET"]}}],"collection":[{"href":"https:\/\/urbeamea.ro\/albaiulia\/wp-json\/wp\/v2\/posts"}],"about":[{"href":"https:\/\/urbeamea.ro\/albaiulia\/wp-json\/wp\/v2\/types\/post"}],"author":[{"embeddable":true,"href":"https:\/\/urbeamea.ro\/albaiulia\/wp-json\/wp\/v2\/users\/16"}],"replies":[{"embeddable":true,"href":"https:\/\/urbeamea.ro\/albaiulia\/wp-json\/wp\/v2\/comments?post=107933"}],"version-history":[{"count":1,"href":"https:\/\/urbeamea.ro\/albaiulia\/wp-json\/wp\/v2\/posts\/107933\/revisions"}],"predecessor-version":[{"id":107936,"href":"https:\/\/urbeamea.ro\/albaiulia\/wp-json\/wp\/v2\/posts\/107933\/revisions\/107936"}],"wp:featuredmedia":[{"embeddable":true,"href":"https:\/\/urbeamea.ro\/albaiulia\/wp-json\/wp\/v2\/media\/107935"}],"wp:attachment":[{"href":"https:\/\/urbeamea.ro\/albaiulia\/wp-json\/wp\/v2\/media?parent=107933"}],"wp:term":[{"taxonomy":"category","embeddable":true,"href":"https:\/\/urbeamea.ro\/albaiulia\/wp-json\/wp\/v2\/categories?post=107933"},{"taxonomy":"post_tag","embeddable":true,"href":"https:\/\/urbeamea.ro\/albaiulia\/wp-json\/wp\/v2\/tags?post=107933"}],"curies":[{"name":"wp","href":"https:\/\/api.w.org\/{rel}","templated":true}]}}