{"id":108060,"date":"2023-06-16T14:13:31","date_gmt":"2023-06-16T11:13:31","guid":{"rendered":"https:\/\/urbeamea.ro\/albaiulia\/?p=108060"},"modified":"2023-06-16T14:13:33","modified_gmt":"2023-06-16T11:13:33","slug":"lansarea-campaniei-nationale-de-prevenire-a-traficului-de-persoane-nu-renunta-la-tine-traficul-de-persoane-nu-este-o-optiune-pentru-viitor","status":"publish","type":"post","link":"https:\/\/urbeamea.ro\/albaiulia\/lansarea-campaniei-nationale-de-prevenire-a-traficului-de-persoane-nu-renunta-la-tine-traficul-de-persoane-nu-este-o-optiune-pentru-viitor\/","title":{"rendered":"Lansarea campaniei na\u021bionale de prevenire a traficului de persoane ,,Nu renun\u021ba la tine! Traficul de persoane nu este o op\u021biune pentru viitor.\u201d"},"content":{"rendered":"\n<p>\u00cen data de 15 iunie 2023, \u00eencep\u00e2nd cu ora 15.00, Agen\u021bia\u00a0Na\u021bional\u0103 \u00eempotriva Traficului de Persoane \u0219i Academia de Poli\u021bie\u00a0<em>Alexandru Ioan Cuza<\/em>, au organizat \u00een incinta institu\u021biei de \u00eenv\u0103\u021b\u0103m\u00e2nt amintite evenimentul de lansare al campaniei de prevenire\u00a0<strong>,,Nu renun\u021ba la tine ! Traficul de persoane nu este o op\u021biune pentru viitor.\u201d<\/strong><\/p>\n\n\n\n<p>Campania se desf\u0103\u0219oar\u0103 \u00een perioada iunie 2023 \u2013 iunie 2024 \u0219i urm\u0103re\u0219te cre\u0219terea gradului de informare cu privire la riscurile \u0219i implica\u021biile traficului de persoane, \u00een special tineri \u00eentre 15 \u0219i 25 de ani, \u00een scopul adopt\u0103rii unei conduite preventive care s\u0103 permit\u0103 evitarea pericolelor ce pot conduce la situa\u021bii de exploatare, prin \u00eembun\u0103t\u0103\u021birea nivelului de informare \u0219i con\u0219tientizare cu privire la aceste forme grave de abuz.<\/p>\n\n\n\n<p>Activit\u0103\u021bile de implementare a campaniei vor fi derulate la nivel na\u021bional, prin intermediul re\u021belelor de socializare. Totodat\u0103, \u00een cadrul campaniei vor avea loc \u0219i \u00eent\u00e2lniri directe cu tinerii pentru a le fi prezentate informa\u021bii preventive \u0219i c\u0103i de ac\u021biune atunci c\u00e2nd se confrunt\u0103 cu un caz de trafic, inclusiv prin sesizarea acestora utiliz\u00e2nd linia Telverde 0800 800 678, oferit\u0103 gratuit de ANITP.<\/p>\n\n\n\n<p>Este important de men\u021bionat c\u0103 materialele distribuite \u00een cadrul campaniei de prevenire sunt realizate prin contribu\u021bia voluntar\u0103 a tinerilor studen\u021bi ai Academiei de Poli\u021bie&nbsp;<em>Alexandru Ioan Cuza<\/em>. Con\u0219tien\u021bi de provoc\u0103rile lumii moderne, amploarea influen\u021belor mediului online, tinerii studen\u021bi au conceput \u0219i realizat mesaje foto-video prin care doresc s\u0103-\u0219i manifeste sprijinul \u00een lupta \u00eempotriva traficului de persoane.<\/p>\n\n\n\n<p>Propria experien\u021ba de via\u021b\u0103, dar \u0219i mediul universitar de performan\u021b\u0103, unde sunt forma\u021bi viitorii ofi\u021beri de poli\u021bie au contribuit la conturarea unei viziuni pozitive de via\u021b\u0103 \u0219i la formarea unor caractere puternice.<\/p>\n\n\n\n<p>Con\u0219tien\u021bi c\u0103 reprezint\u0103 un model \u00een comunit\u0103\u021bile din care fac parte, ace\u0219tia \u0219i-au pus propriile experien\u021be \u00een slujba comunit\u0103\u021bii, pentru a inspira al\u021bi tineri, pentru a sublinia c\u0103 valoarea uman\u0103 este superioar\u0103 tuturor valorilor societ\u0103\u021bii, iar implicarea \u00een lupta \u00eempotriva traficului de persoane este un gest firesc pentru cei ce \u0219i-au ales o carier\u0103 \u00een folosul cet\u0103\u021beanului.<\/p>\n\n\n\n<p>Este important s\u0103 re\u021binem faptul c\u0103, p\u00e2n\u0103 s\u0103 ajung\u0103 la dimensiunea infrac\u021bional\u0103, elementele incipiente ale traficului pornesc de la nivelul comunit\u0103\u021bilor, unde cresc, se dezvolt\u0103 organic, iar apoi evolueaz\u0103 \u00een organisme ale criminalit\u0103\u021bii organizate, alimentate cu banii clien\u021bilor care pl\u0103tesc exploatarea, abuzul, amenin\u021barea, constr\u00e2ngerea, privarea de libertate a victimelor.<\/p>\n\n\n\n<p>De aceea, suntem pe deplin convin\u0219i c\u0103 lupta \u00eempotriva traficului de persoane nu este atributul exclusiv al institu\u021biilor \u0219i organiza\u021biilor de profil, ci trebuie s\u0103 reprezinte frontul comun al diferi\u021bilor actori sociali, mediul privat, respectiv al unei mase critice de cet\u0103\u021beni con\u0219tien\u021bi \u0219i solidari.<\/p>\n","protected":false},"excerpt":{"rendered":"<p>\u00cen data de 15 iunie 2023, \u00eencep\u00e2nd cu ora 15.00, Agen\u021bia\u00a0Na\u021bional\u0103 \u00eempotriva Traficului de Persoane \u0219i Academia de Poli\u021bie\u00a0Alexandru Ioan Cuza, au organizat \u00een incinta institu\u021biei de \u00eenv\u0103\u021b\u0103m\u00e2nt amintite evenimentul de lansare al campaniei de prevenire\u00a0,,Nu renun\u021ba la tine ! Traficul de persoane nu este o op\u021biune pentru viitor.\u201d Campania se desf\u0103\u0219oar\u0103 \u00een perioada iunie &hellip;<\/p>\n","protected":false},"author":16,"featured_media":108061,"comment_status":"open","ping_status":"open","sticky":false,"template":"","format":"standard","meta":{"inline_featured_image":false,"footnotes":""},"categories":[2034],"tags":[8061],"class_list":["post-108060","post","type-post","status-publish","format-standard","has-post-thumbnail","hentry","category-social","tag-agentia-nationala-impotriva-traficului-de-persoane"],"yoast_head":"<!-- This site is optimized with the Yoast SEO plugin v27.4 - https:\/\/yoast.com\/product\/yoast-seo-wordpress\/ -->\n<title>Lansarea campaniei na\u021bionale de prevenire a traficului de persoane ,,Nu renun\u021ba la tine! Traficul de persoane nu este o op\u021biune pentru viitor.\u201d - Revista Urbea Mea - Revista de Alba<\/title>\n<meta name=\"description\" content=\"\u00cen data de 15 iunie 2023, \u00eencep\u00e2nd cu ora 15.00, Agen\u021bia\u00a0Na\u021bional\u0103 \u00eempotriva Traficului de Persoane \u0219i Academia de Poli\u021bie\u00a0Alexandru Ioan Cuza, au\" \/>\n<meta name=\"robots\" content=\"index, follow, max-snippet:-1, max-image-preview:large, max-video-preview:-1\" \/>\n<link rel=\"canonical\" href=\"https:\/\/urbeamea.ro\/albaiulia\/lansarea-campaniei-nationale-de-prevenire-a-traficului-de-persoane-nu-renunta-la-tine-traficul-de-persoane-nu-este-o-optiune-pentru-viitor\/\" \/>\n<meta name=\"twitter:card\" content=\"summary_large_image\" \/>\n<meta name=\"twitter:title\" content=\"Lansarea campaniei na\u021bionale de prevenire a traficului de persoane ,,Nu renun\u021ba la tine! Traficul de persoane nu este o op\u021biune pentru viitor.\u201d - Revista Urbea Mea - Revista de Alba\" \/>\n<meta name=\"twitter:description\" content=\"\u00cen data de 15 iunie 2023, \u00eencep\u00e2nd cu ora 15.00, Agen\u021bia\u00a0Na\u021bional\u0103 \u00eempotriva Traficului de Persoane \u0219i Academia de Poli\u021bie\u00a0Alexandru Ioan Cuza, au\" \/>\n<meta name=\"twitter:image\" content=\"https:\/\/urbeamea.ro\/albaiulia\/wp-content\/uploads\/2023\/06\/AFIS-CAMPANIE.png\" \/>\n<meta name=\"twitter:creator\" content=\"@urbeameaweb\" \/>\n<meta name=\"twitter:site\" content=\"@urbeameaweb\" \/>\n<script type=\"application\/ld+json\" class=\"yoast-schema-graph\">{\"@context\":\"https:\\\/\\\/schema.org\",\"@graph\":[{\"@type\":\"Article\",\"@id\":\"https:\\\/\\\/urbeamea.ro\\\/albaiulia\\\/lansarea-campaniei-nationale-de-prevenire-a-traficului-de-persoane-nu-renunta-la-tine-traficul-de-persoane-nu-este-o-optiune-pentru-viitor\\\/#article\",\"isPartOf\":{\"@id\":\"https:\\\/\\\/urbeamea.ro\\\/albaiulia\\\/lansarea-campaniei-nationale-de-prevenire-a-traficului-de-persoane-nu-renunta-la-tine-traficul-de-persoane-nu-este-o-optiune-pentru-viitor\\\/\"},\"author\":{\"name\":\"Redac\u021bia UrbeaMea\",\"@id\":\"https:\\\/\\\/urbeamea.ro\\\/albaiulia\\\/#\\\/schema\\\/person\\\/272ae98052f8ee8980f59848df070247\"},\"headline\":\"Lansarea campaniei na\u021bionale de prevenire a traficului de persoane ,,Nu renun\u021ba la tine! Traficul de persoane nu este o op\u021biune pentru viitor.\u201d\",\"datePublished\":\"2023-06-16T11:13:31+00:00\",\"dateModified\":\"2023-06-16T11:13:33+00:00\",\"mainEntityOfPage\":{\"@id\":\"https:\\\/\\\/urbeamea.ro\\\/albaiulia\\\/lansarea-campaniei-nationale-de-prevenire-a-traficului-de-persoane-nu-renunta-la-tine-traficul-de-persoane-nu-este-o-optiune-pentru-viitor\\\/\"},\"wordCount\":501,\"commentCount\":0,\"image\":{\"@id\":\"https:\\\/\\\/urbeamea.ro\\\/albaiulia\\\/lansarea-campaniei-nationale-de-prevenire-a-traficului-de-persoane-nu-renunta-la-tine-traficul-de-persoane-nu-este-o-optiune-pentru-viitor\\\/#primaryimage\"},\"thumbnailUrl\":\"https:\\\/\\\/urbeamea.ro\\\/albaiulia\\\/wp-content\\\/uploads\\\/2023\\\/06\\\/AFIS-CAMPANIE.png\",\"keywords\":[\"agentia nationala impotriva traficului de persoane\"],\"articleSection\":[\"Social\"],\"inLanguage\":\"ro-RO\",\"potentialAction\":[{\"@type\":\"CommentAction\",\"name\":\"Comment\",\"target\":[\"https:\\\/\\\/urbeamea.ro\\\/albaiulia\\\/lansarea-campaniei-nationale-de-prevenire-a-traficului-de-persoane-nu-renunta-la-tine-traficul-de-persoane-nu-este-o-optiune-pentru-viitor\\\/#respond\"]}]},{\"@type\":\"WebPage\",\"@id\":\"https:\\\/\\\/urbeamea.ro\\\/albaiulia\\\/lansarea-campaniei-nationale-de-prevenire-a-traficului-de-persoane-nu-renunta-la-tine-traficul-de-persoane-nu-este-o-optiune-pentru-viitor\\\/\",\"url\":\"https:\\\/\\\/urbeamea.ro\\\/albaiulia\\\/lansarea-campaniei-nationale-de-prevenire-a-traficului-de-persoane-nu-renunta-la-tine-traficul-de-persoane-nu-este-o-optiune-pentru-viitor\\\/\",\"name\":\"Lansarea campaniei na\u021bionale de prevenire a traficului de persoane ,,Nu renun\u021ba la tine! Traficul de persoane nu este o op\u021biune pentru viitor.\u201d - Revista Urbea Mea - Revista de Alba\",\"isPartOf\":{\"@id\":\"https:\\\/\\\/urbeamea.ro\\\/albaiulia\\\/#website\"},\"primaryImageOfPage\":{\"@id\":\"https:\\\/\\\/urbeamea.ro\\\/albaiulia\\\/lansarea-campaniei-nationale-de-prevenire-a-traficului-de-persoane-nu-renunta-la-tine-traficul-de-persoane-nu-este-o-optiune-pentru-viitor\\\/#primaryimage\"},\"image\":{\"@id\":\"https:\\\/\\\/urbeamea.ro\\\/albaiulia\\\/lansarea-campaniei-nationale-de-prevenire-a-traficului-de-persoane-nu-renunta-la-tine-traficul-de-persoane-nu-este-o-optiune-pentru-viitor\\\/#primaryimage\"},\"thumbnailUrl\":\"https:\\\/\\\/urbeamea.ro\\\/albaiulia\\\/wp-content\\\/uploads\\\/2023\\\/06\\\/AFIS-CAMPANIE.png\",\"datePublished\":\"2023-06-16T11:13:31+00:00\",\"dateModified\":\"2023-06-16T11:13:33+00:00\",\"author\":{\"@id\":\"https:\\\/\\\/urbeamea.ro\\\/albaiulia\\\/#\\\/schema\\\/person\\\/272ae98052f8ee8980f59848df070247\"},\"description\":\"\u00cen data de 15 iunie 2023, \u00eencep\u00e2nd cu ora 15.00, Agen\u021bia\u00a0Na\u021bional\u0103 \u00eempotriva Traficului de Persoane \u0219i Academia de Poli\u021bie\u00a0Alexandru Ioan Cuza, au\",\"breadcrumb\":{\"@id\":\"https:\\\/\\\/urbeamea.ro\\\/albaiulia\\\/lansarea-campaniei-nationale-de-prevenire-a-traficului-de-persoane-nu-renunta-la-tine-traficul-de-persoane-nu-este-o-optiune-pentru-viitor\\\/#breadcrumb\"},\"inLanguage\":\"ro-RO\",\"potentialAction\":[{\"@type\":\"ReadAction\",\"target\":[\"https:\\\/\\\/urbeamea.ro\\\/albaiulia\\\/lansarea-campaniei-nationale-de-prevenire-a-traficului-de-persoane-nu-renunta-la-tine-traficul-de-persoane-nu-este-o-optiune-pentru-viitor\\\/\"]}]},{\"@type\":\"ImageObject\",\"inLanguage\":\"ro-RO\",\"@id\":\"https:\\\/\\\/urbeamea.ro\\\/albaiulia\\\/lansarea-campaniei-nationale-de-prevenire-a-traficului-de-persoane-nu-renunta-la-tine-traficul-de-persoane-nu-este-o-optiune-pentru-viitor\\\/#primaryimage\",\"url\":\"https:\\\/\\\/urbeamea.ro\\\/albaiulia\\\/wp-content\\\/uploads\\\/2023\\\/06\\\/AFIS-CAMPANIE.png\",\"contentUrl\":\"https:\\\/\\\/urbeamea.ro\\\/albaiulia\\\/wp-content\\\/uploads\\\/2023\\\/06\\\/AFIS-CAMPANIE.png\",\"width\":1600,\"height\":901},{\"@type\":\"BreadcrumbList\",\"@id\":\"https:\\\/\\\/urbeamea.ro\\\/albaiulia\\\/lansarea-campaniei-nationale-de-prevenire-a-traficului-de-persoane-nu-renunta-la-tine-traficul-de-persoane-nu-este-o-optiune-pentru-viitor\\\/#breadcrumb\",\"itemListElement\":[{\"@type\":\"ListItem\",\"position\":1,\"name\":\"Prima pagin\u0103\",\"item\":\"https:\\\/\\\/urbeamea.ro\\\/albaiulia\\\/\"},{\"@type\":\"ListItem\",\"position\":2,\"name\":\"Lansarea campaniei na\u021bionale de prevenire a traficului de persoane ,,Nu renun\u021ba la tine! Traficul de persoane nu este o op\u021biune pentru viitor.\u201d\"}]},{\"@type\":\"WebSite\",\"@id\":\"https:\\\/\\\/urbeamea.ro\\\/albaiulia\\\/#website\",\"url\":\"https:\\\/\\\/urbeamea.ro\\\/albaiulia\\\/\",\"name\":\"Revista Urbea Mea, Stiri urbane\",\"description\":\"Evenimente \u0219i \u0219tiri din Alba Iulia, Sebe\u0219, Aiud, Blaj\",\"potentialAction\":[{\"@type\":\"SearchAction\",\"target\":{\"@type\":\"EntryPoint\",\"urlTemplate\":\"https:\\\/\\\/urbeamea.ro\\\/albaiulia\\\/?s={search_term_string}\"},\"query-input\":{\"@type\":\"PropertyValueSpecification\",\"valueRequired\":true,\"valueName\":\"search_term_string\"}}],\"inLanguage\":\"ro-RO\"},{\"@type\":\"Person\",\"@id\":\"https:\\\/\\\/urbeamea.ro\\\/albaiulia\\\/#\\\/schema\\\/person\\\/272ae98052f8ee8980f59848df070247\",\"name\":\"Redac\u021bia UrbeaMea\",\"image\":{\"@type\":\"ImageObject\",\"inLanguage\":\"ro-RO\",\"@id\":\"https:\\\/\\\/secure.gravatar.com\\\/avatar\\\/9ce5a9435071fa1037e8468053ead8e513dbbff59009d3069aadb85506d85a27?s=96&d=mm&r=g\",\"url\":\"https:\\\/\\\/secure.gravatar.com\\\/avatar\\\/9ce5a9435071fa1037e8468053ead8e513dbbff59009d3069aadb85506d85a27?s=96&d=mm&r=g\",\"contentUrl\":\"https:\\\/\\\/secure.gravatar.com\\\/avatar\\\/9ce5a9435071fa1037e8468053ead8e513dbbff59009d3069aadb85506d85a27?s=96&d=mm&r=g\",\"caption\":\"Redac\u021bia UrbeaMea\"},\"description\":\"contact@urbeamea.ro\",\"sameAs\":[\"https:\\\/\\\/www.urbeamea.ro\"],\"url\":\"https:\\\/\\\/urbeamea.ro\\\/albaiulia\\\/author\\\/redactia-urbeamea\\\/\"}]}<\/script>\n<!-- \/ Yoast SEO plugin. -->","yoast_head_json":{"title":"Lansarea campaniei na\u021bionale de prevenire a traficului de persoane ,,Nu renun\u021ba la tine! Traficul de persoane nu este o op\u021biune pentru viitor.\u201d - Revista Urbea Mea - Revista de Alba","description":"\u00cen data de 15 iunie 2023, \u00eencep\u00e2nd cu ora 15.00, Agen\u021bia\u00a0Na\u021bional\u0103 \u00eempotriva Traficului de Persoane \u0219i Academia de Poli\u021bie\u00a0Alexandru Ioan Cuza, au","robots":{"index":"index","follow":"follow","max-snippet":"max-snippet:-1","max-image-preview":"max-image-preview:large","max-video-preview":"max-video-preview:-1"},"canonical":"https:\/\/urbeamea.ro\/albaiulia\/lansarea-campaniei-nationale-de-prevenire-a-traficului-de-persoane-nu-renunta-la-tine-traficul-de-persoane-nu-este-o-optiune-pentru-viitor\/","twitter_card":"summary_large_image","twitter_title":"Lansarea campaniei na\u021bionale de prevenire a traficului de persoane ,,Nu renun\u021ba la tine! Traficul de persoane nu este o op\u021biune pentru viitor.\u201d - Revista Urbea Mea - Revista de Alba","twitter_description":"\u00cen data de 15 iunie 2023, \u00eencep\u00e2nd cu ora 15.00, Agen\u021bia\u00a0Na\u021bional\u0103 \u00eempotriva Traficului de Persoane \u0219i Academia de Poli\u021bie\u00a0Alexandru Ioan Cuza, au","twitter_image":"https:\/\/urbeamea.ro\/albaiulia\/wp-content\/uploads\/2023\/06\/AFIS-CAMPANIE.png","twitter_creator":"@urbeameaweb","twitter_site":"@urbeameaweb","schema":{"@context":"https:\/\/schema.org","@graph":[{"@type":"Article","@id":"https:\/\/urbeamea.ro\/albaiulia\/lansarea-campaniei-nationale-de-prevenire-a-traficului-de-persoane-nu-renunta-la-tine-traficul-de-persoane-nu-este-o-optiune-pentru-viitor\/#article","isPartOf":{"@id":"https:\/\/urbeamea.ro\/albaiulia\/lansarea-campaniei-nationale-de-prevenire-a-traficului-de-persoane-nu-renunta-la-tine-traficul-de-persoane-nu-este-o-optiune-pentru-viitor\/"},"author":{"name":"Redac\u021bia UrbeaMea","@id":"https:\/\/urbeamea.ro\/albaiulia\/#\/schema\/person\/272ae98052f8ee8980f59848df070247"},"headline":"Lansarea campaniei na\u021bionale de prevenire a traficului de persoane ,,Nu renun\u021ba la tine! Traficul de persoane nu este o op\u021biune pentru viitor.\u201d","datePublished":"2023-06-16T11:13:31+00:00","dateModified":"2023-06-16T11:13:33+00:00","mainEntityOfPage":{"@id":"https:\/\/urbeamea.ro\/albaiulia\/lansarea-campaniei-nationale-de-prevenire-a-traficului-de-persoane-nu-renunta-la-tine-traficul-de-persoane-nu-este-o-optiune-pentru-viitor\/"},"wordCount":501,"commentCount":0,"image":{"@id":"https:\/\/urbeamea.ro\/albaiulia\/lansarea-campaniei-nationale-de-prevenire-a-traficului-de-persoane-nu-renunta-la-tine-traficul-de-persoane-nu-este-o-optiune-pentru-viitor\/#primaryimage"},"thumbnailUrl":"https:\/\/urbeamea.ro\/albaiulia\/wp-content\/uploads\/2023\/06\/AFIS-CAMPANIE.png","keywords":["agentia nationala impotriva traficului de persoane"],"articleSection":["Social"],"inLanguage":"ro-RO","potentialAction":[{"@type":"CommentAction","name":"Comment","target":["https:\/\/urbeamea.ro\/albaiulia\/lansarea-campaniei-nationale-de-prevenire-a-traficului-de-persoane-nu-renunta-la-tine-traficul-de-persoane-nu-este-o-optiune-pentru-viitor\/#respond"]}]},{"@type":"WebPage","@id":"https:\/\/urbeamea.ro\/albaiulia\/lansarea-campaniei-nationale-de-prevenire-a-traficului-de-persoane-nu-renunta-la-tine-traficul-de-persoane-nu-este-o-optiune-pentru-viitor\/","url":"https:\/\/urbeamea.ro\/albaiulia\/lansarea-campaniei-nationale-de-prevenire-a-traficului-de-persoane-nu-renunta-la-tine-traficul-de-persoane-nu-este-o-optiune-pentru-viitor\/","name":"Lansarea campaniei na\u021bionale de prevenire a traficului de persoane ,,Nu renun\u021ba la tine! Traficul de persoane nu este o op\u021biune pentru viitor.\u201d - Revista Urbea Mea - Revista de Alba","isPartOf":{"@id":"https:\/\/urbeamea.ro\/albaiulia\/#website"},"primaryImageOfPage":{"@id":"https:\/\/urbeamea.ro\/albaiulia\/lansarea-campaniei-nationale-de-prevenire-a-traficului-de-persoane-nu-renunta-la-tine-traficul-de-persoane-nu-este-o-optiune-pentru-viitor\/#primaryimage"},"image":{"@id":"https:\/\/urbeamea.ro\/albaiulia\/lansarea-campaniei-nationale-de-prevenire-a-traficului-de-persoane-nu-renunta-la-tine-traficul-de-persoane-nu-este-o-optiune-pentru-viitor\/#primaryimage"},"thumbnailUrl":"https:\/\/urbeamea.ro\/albaiulia\/wp-content\/uploads\/2023\/06\/AFIS-CAMPANIE.png","datePublished":"2023-06-16T11:13:31+00:00","dateModified":"2023-06-16T11:13:33+00:00","author":{"@id":"https:\/\/urbeamea.ro\/albaiulia\/#\/schema\/person\/272ae98052f8ee8980f59848df070247"},"description":"\u00cen data de 15 iunie 2023, \u00eencep\u00e2nd cu ora 15.00, Agen\u021bia\u00a0Na\u021bional\u0103 \u00eempotriva Traficului de Persoane \u0219i Academia de Poli\u021bie\u00a0Alexandru Ioan Cuza, au","breadcrumb":{"@id":"https:\/\/urbeamea.ro\/albaiulia\/lansarea-campaniei-nationale-de-prevenire-a-traficului-de-persoane-nu-renunta-la-tine-traficul-de-persoane-nu-este-o-optiune-pentru-viitor\/#breadcrumb"},"inLanguage":"ro-RO","potentialAction":[{"@type":"ReadAction","target":["https:\/\/urbeamea.ro\/albaiulia\/lansarea-campaniei-nationale-de-prevenire-a-traficului-de-persoane-nu-renunta-la-tine-traficul-de-persoane-nu-este-o-optiune-pentru-viitor\/"]}]},{"@type":"ImageObject","inLanguage":"ro-RO","@id":"https:\/\/urbeamea.ro\/albaiulia\/lansarea-campaniei-nationale-de-prevenire-a-traficului-de-persoane-nu-renunta-la-tine-traficul-de-persoane-nu-este-o-optiune-pentru-viitor\/#primaryimage","url":"https:\/\/urbeamea.ro\/albaiulia\/wp-content\/uploads\/2023\/06\/AFIS-CAMPANIE.png","contentUrl":"https:\/\/urbeamea.ro\/albaiulia\/wp-content\/uploads\/2023\/06\/AFIS-CAMPANIE.png","width":1600,"height":901},{"@type":"BreadcrumbList","@id":"https:\/\/urbeamea.ro\/albaiulia\/lansarea-campaniei-nationale-de-prevenire-a-traficului-de-persoane-nu-renunta-la-tine-traficul-de-persoane-nu-este-o-optiune-pentru-viitor\/#breadcrumb","itemListElement":[{"@type":"ListItem","position":1,"name":"Prima pagin\u0103","item":"https:\/\/urbeamea.ro\/albaiulia\/"},{"@type":"ListItem","position":2,"name":"Lansarea campaniei na\u021bionale de prevenire a traficului de persoane ,,Nu renun\u021ba la tine! Traficul de persoane nu este o op\u021biune pentru viitor.\u201d"}]},{"@type":"WebSite","@id":"https:\/\/urbeamea.ro\/albaiulia\/#website","url":"https:\/\/urbeamea.ro\/albaiulia\/","name":"Revista Urbea Mea, Stiri urbane","description":"Evenimente \u0219i \u0219tiri din Alba Iulia, Sebe\u0219, Aiud, Blaj","potentialAction":[{"@type":"SearchAction","target":{"@type":"EntryPoint","urlTemplate":"https:\/\/urbeamea.ro\/albaiulia\/?s={search_term_string}"},"query-input":{"@type":"PropertyValueSpecification","valueRequired":true,"valueName":"search_term_string"}}],"inLanguage":"ro-RO"},{"@type":"Person","@id":"https:\/\/urbeamea.ro\/albaiulia\/#\/schema\/person\/272ae98052f8ee8980f59848df070247","name":"Redac\u021bia UrbeaMea","image":{"@type":"ImageObject","inLanguage":"ro-RO","@id":"https:\/\/secure.gravatar.com\/avatar\/9ce5a9435071fa1037e8468053ead8e513dbbff59009d3069aadb85506d85a27?s=96&d=mm&r=g","url":"https:\/\/secure.gravatar.com\/avatar\/9ce5a9435071fa1037e8468053ead8e513dbbff59009d3069aadb85506d85a27?s=96&d=mm&r=g","contentUrl":"https:\/\/secure.gravatar.com\/avatar\/9ce5a9435071fa1037e8468053ead8e513dbbff59009d3069aadb85506d85a27?s=96&d=mm&r=g","caption":"Redac\u021bia UrbeaMea"},"description":"contact@urbeamea.ro","sameAs":["https:\/\/www.urbeamea.ro"],"url":"https:\/\/urbeamea.ro\/albaiulia\/author\/redactia-urbeamea\/"}]}},"_links":{"self":[{"href":"https:\/\/urbeamea.ro\/albaiulia\/wp-json\/wp\/v2\/posts\/108060","targetHints":{"allow":["GET"]}}],"collection":[{"href":"https:\/\/urbeamea.ro\/albaiulia\/wp-json\/wp\/v2\/posts"}],"about":[{"href":"https:\/\/urbeamea.ro\/albaiulia\/wp-json\/wp\/v2\/types\/post"}],"author":[{"embeddable":true,"href":"https:\/\/urbeamea.ro\/albaiulia\/wp-json\/wp\/v2\/users\/16"}],"replies":[{"embeddable":true,"href":"https:\/\/urbeamea.ro\/albaiulia\/wp-json\/wp\/v2\/comments?post=108060"}],"version-history":[{"count":1,"href":"https:\/\/urbeamea.ro\/albaiulia\/wp-json\/wp\/v2\/posts\/108060\/revisions"}],"predecessor-version":[{"id":108062,"href":"https:\/\/urbeamea.ro\/albaiulia\/wp-json\/wp\/v2\/posts\/108060\/revisions\/108062"}],"wp:featuredmedia":[{"embeddable":true,"href":"https:\/\/urbeamea.ro\/albaiulia\/wp-json\/wp\/v2\/media\/108061"}],"wp:attachment":[{"href":"https:\/\/urbeamea.ro\/albaiulia\/wp-json\/wp\/v2\/media?parent=108060"}],"wp:term":[{"taxonomy":"category","embeddable":true,"href":"https:\/\/urbeamea.ro\/albaiulia\/wp-json\/wp\/v2\/categories?post=108060"},{"taxonomy":"post_tag","embeddable":true,"href":"https:\/\/urbeamea.ro\/albaiulia\/wp-json\/wp\/v2\/tags?post=108060"}],"curies":[{"name":"wp","href":"https:\/\/api.w.org\/{rel}","templated":true}]}}