{"id":108085,"date":"2023-06-16T16:14:27","date_gmt":"2023-06-16T13:14:27","guid":{"rendered":"https:\/\/urbeamea.ro\/albaiulia\/?p=108085"},"modified":"2023-06-16T16:16:34","modified_gmt":"2023-06-16T13:16:34","slug":"avertizari-cod-galben-si-portocaliu-de-furtuni-in-alba-perioada-16-17-iunie","status":"publish","type":"post","link":"https:\/\/urbeamea.ro\/albaiulia\/avertizari-cod-galben-si-portocaliu-de-furtuni-in-alba-perioada-16-17-iunie\/","title":{"rendered":"Avertiz\u0103ri Cod Galben \u0219i Portocaliu de FURTUNI \u00een Alba, perioada 16 &#8211; 17 iunie"},"content":{"rendered":"\n<p><strong>Administra\u021bia Na\u021bional\u0103 de Meteorologie (ANM) a emis avertiz\u0103ri Cod Ro\u0219u, Portocaliu \u0219i Cod Galben de furtuni \u0219i ploi, valabile de ast\u0103zi, 16 iunie, p\u00e2n\u0103 s\u00e2mb\u0103t\u0103, 17 iunie &#8211; <strong>ora 12,<\/strong> \u00een Alba \u0219i alte zone din \u021bar\u0103.<\/strong><\/p>\n\n\n\n<p><img decoding=\"async\" src=\"https:\/\/www.meteoromania.ro\/wp-content\/plugins\/meteo\/\/admin\/images\/galben.gif\" alt=\"\"><strong>COD GALBEN<br><\/strong><strong>Interval de valabilitate: 16 iunie, ora 10 \u2013 17 iunie, ora 12<br><\/strong><strong>Fenomene vizate: instabilitate atmosferic\u0103<br><\/strong><strong>Zone afectate: conform textului \u0219i h\u0103r\u021bii<\/strong><\/p>\n\n\n\n<p>\u00cen intervalul men\u021bionat, local vor fi perioade cu instabilitate atmosferic\u0103 \u00een Cri\u0219ana, nordul Banatului, Maramure\u0219, cea mai mare parte a Transilvaniei, nord-vestul Moldovei \u0219i estul Olteniei. Aceasta se va manifesta prin averse, desc\u0103rc\u0103ri electrice, intensific\u0103ri de scurt\u0103 durat\u0103 ale v\u00e2ntului \u0219i izolat vijelii \u0219i grindin\u0103. \u00cen intervale scurte de timp sau prin acumulare cantit\u0103\u021bile de ap\u0103 vor fi de 20&#8230;25 l\/mp \u0219i izolat de peste 30&#8230;40 l\/mp.<\/p>\n\n\n\n<p>&nbsp;<strong>Not\u0103:<\/strong>&nbsp;Manifest\u0103ri de instabilitate atmosferic\u0103 vor fi pentru scurte intervale de timp \u0219i \u00een restul teritoriului.<br>&nbsp; &nbsp; &nbsp; &nbsp; &nbsp;Vremea va fi \u00een general instabil\u0103 \u0219i \u00een zilele urm\u0103toare.<\/p>\n\n\n\n<p><img decoding=\"async\" src=\"https:\/\/www.meteoromania.ro\/wp-content\/plugins\/meteo\/\/admin\/images\/portocaliu.gif\" alt=\"\"><strong>COD PORTOCALIU<\/strong><strong><br><\/strong><strong>Interval de valabilitate: 16 iunie, ora 10 \u2013 17 iunie, ora 12<br><\/strong><strong>Fenomene vizate:<\/strong><strong>instabilitate atmosferic\u0103 accentuat\u0103, cantit\u0103\u021bi \u00eensemnate de ap\u0103<br><\/strong><strong>Zone afectate:<\/strong><strong>&nbsp;conform textului \u0219i h\u0103r\u021bii<\/strong><\/p>\n\n\n\n<p>\u00cen&nbsp;jum\u0103tatea de vest a Olteniei, sudul Banatului, zona Carpa\u021bilor Occidentali, nordul Carpa\u021bilor Orientali \u0219i vestul Carpa\u021bilor Meridionali vor fi averse toren\u021biale, desc\u0103rc\u0103ri electrice, intensific\u0103ri de scurt\u0103 durat\u0103 ale v\u00e2ntului \u0219i izolat vijelii \u0219i grindin\u0103. \u00cen intervale scurte de timp sau prin acumulare cantit\u0103\u021bile de ap\u0103 vor fi de 30&#8230;40 l\/mp \u0219i izolat de peste 50 l\/mp.<\/p>\n\n\n\n<p><img decoding=\"async\" src=\"https:\/\/www.meteoromania.ro\/wp-content\/plugins\/meteo\/\/admin\/images\/rosu.gif\" alt=\"\"><strong>COD RO\u0218U<br><\/strong><strong>Interval de valabilitate: 16 iunie, ora 12 \u2013 17 iunie, ora 12<br><\/strong><strong>Fenomene vizate:<\/strong><strong>averse toren\u021biale \u0219i abundente<br><\/strong><strong>Zone afectate:&nbsp;<\/strong><strong>jude\u021bele Mehedin\u021bi, Cara\u0219-Severin \u0219i zona de munte a jude\u021belor Gorj \u0219i Hunedoara<\/strong><\/p>\n\n\n\n<p>\u00cen&nbsp;jude\u021bele Mehedin\u021bi, Cara\u0219-Severin \u0219i zona de munte a jude\u021belor Gorj \u0219i Hunedoara,&nbsp;vor fi averse toren\u021biale \u0219i abundente. \u00cen intervale scurte de timp \u0219i prin acumulare cantit\u0103\u021bile de ap\u0103 vor fi de 50&#8230;70 l\/mp \u0219i izolat vor dep\u0103\u0219i 80 l\/mp.<\/p>\n\n\n\n<figure class=\"wp-block-image size-large\"><img loading=\"lazy\" decoding=\"async\" width=\"1280\" height=\"878\" src=\"https:\/\/urbeamea.ro\/albaiulia\/wp-content\/uploads\/2023\/06\/anm-16.06-1280x878.jpg\" alt=\"\" class=\"wp-image-108087\" srcset=\"https:\/\/urbeamea.ro\/albaiulia\/wp-content\/uploads\/2023\/06\/anm-16.06-1280x878.jpg 1280w, https:\/\/urbeamea.ro\/albaiulia\/wp-content\/uploads\/2023\/06\/anm-16.06-640x439.jpg 640w, https:\/\/urbeamea.ro\/albaiulia\/wp-content\/uploads\/2023\/06\/anm-16.06-150x103.jpg 150w, https:\/\/urbeamea.ro\/albaiulia\/wp-content\/uploads\/2023\/06\/anm-16.06-768x527.jpg 768w, https:\/\/urbeamea.ro\/albaiulia\/wp-content\/uploads\/2023\/06\/anm-16.06-1536x1054.jpg 1536w, https:\/\/urbeamea.ro\/albaiulia\/wp-content\/uploads\/2023\/06\/anm-16.06-220x150.jpg 220w, https:\/\/urbeamea.ro\/albaiulia\/wp-content\/uploads\/2023\/06\/anm-16.06.jpg 1600w\" sizes=\"auto, (max-width: 1280px) 100vw, 1280px\" \/><\/figure>\n","protected":false},"excerpt":{"rendered":"<p>Administra\u021bia Na\u021bional\u0103 de Meteorologie (ANM) a emis avertiz\u0103ri Cod Ro\u0219u, Portocaliu \u0219i Cod Galben de furtuni \u0219i ploi, valabile de ast\u0103zi, 16 iunie, p\u00e2n\u0103 s\u00e2mb\u0103t\u0103, 17 iunie &#8211; ora 12, \u00een Alba \u0219i alte zone din \u021bar\u0103. COD GALBENInterval de valabilitate: 16 iunie, ora 10 \u2013 17 iunie, ora 12Fenomene vizate: instabilitate atmosferic\u0103Zone afectate: conform &hellip;<\/p>\n","protected":false},"author":16,"featured_media":108086,"comment_status":"open","ping_status":"open","sticky":false,"template":"","format":"standard","meta":{"inline_featured_image":false,"footnotes":""},"categories":[23926],"tags":[],"class_list":["post-108085","post","type-post","status-publish","format-standard","has-post-thumbnail","hentry","category-actualitate"],"yoast_head":"<!-- This site is optimized with the Yoast SEO plugin v27.4 - https:\/\/yoast.com\/product\/yoast-seo-wordpress\/ -->\n<title>Avertiz\u0103ri Cod Galben \u0219i Portocaliu de FURTUNI \u00een Alba, perioada 16 - 17 iunie - Revista Urbea Mea - Revista de Alba<\/title>\n<meta name=\"description\" content=\"Administra\u021bia Na\u021bional\u0103 de Meteorologie (ANM) a emis avertiz\u0103ri Cod Ro\u0219u, Portocaliu \u0219i Cod Galben de furtuni \u0219i ploi, valabile de ast\u0103zi, 16 iunie, p\u00e2n\u0103\" \/>\n<meta name=\"robots\" content=\"index, follow, max-snippet:-1, max-image-preview:large, max-video-preview:-1\" \/>\n<link rel=\"canonical\" href=\"https:\/\/urbeamea.ro\/albaiulia\/avertizari-cod-galben-si-portocaliu-de-furtuni-in-alba-perioada-16-17-iunie\/\" \/>\n<meta name=\"twitter:card\" content=\"summary_large_image\" \/>\n<meta name=\"twitter:title\" content=\"Avertiz\u0103ri Cod Galben \u0219i Portocaliu de FURTUNI \u00een Alba, perioada 16 - 17 iunie - Revista Urbea Mea - Revista de Alba\" \/>\n<meta name=\"twitter:description\" content=\"Administra\u021bia Na\u021bional\u0103 de Meteorologie (ANM) a emis avertiz\u0103ri Cod Ro\u0219u, Portocaliu \u0219i Cod Galben de furtuni \u0219i ploi, valabile de ast\u0103zi, 16 iunie, p\u00e2n\u0103\" \/>\n<meta name=\"twitter:image\" content=\"https:\/\/urbeamea.ro\/albaiulia\/wp-content\/uploads\/2023\/06\/hiding-from-snow.jpg\" \/>\n<meta name=\"twitter:creator\" content=\"@urbeameaweb\" \/>\n<meta name=\"twitter:site\" content=\"@urbeameaweb\" \/>\n<script type=\"application\/ld+json\" class=\"yoast-schema-graph\">{\"@context\":\"https:\\\/\\\/schema.org\",\"@graph\":[{\"@type\":\"Article\",\"@id\":\"https:\\\/\\\/urbeamea.ro\\\/albaiulia\\\/avertizari-cod-galben-si-portocaliu-de-furtuni-in-alba-perioada-16-17-iunie\\\/#article\",\"isPartOf\":{\"@id\":\"https:\\\/\\\/urbeamea.ro\\\/albaiulia\\\/avertizari-cod-galben-si-portocaliu-de-furtuni-in-alba-perioada-16-17-iunie\\\/\"},\"author\":{\"name\":\"Redac\u021bia UrbeaMea\",\"@id\":\"https:\\\/\\\/urbeamea.ro\\\/albaiulia\\\/#\\\/schema\\\/person\\\/272ae98052f8ee8980f59848df070247\"},\"headline\":\"Avertiz\u0103ri Cod Galben \u0219i Portocaliu de FURTUNI \u00een Alba, perioada 16 &#8211; 17 iunie\",\"datePublished\":\"2023-06-16T13:14:27+00:00\",\"dateModified\":\"2023-06-16T13:16:34+00:00\",\"mainEntityOfPage\":{\"@id\":\"https:\\\/\\\/urbeamea.ro\\\/albaiulia\\\/avertizari-cod-galben-si-portocaliu-de-furtuni-in-alba-perioada-16-17-iunie\\\/\"},\"wordCount\":367,\"commentCount\":0,\"image\":{\"@id\":\"https:\\\/\\\/urbeamea.ro\\\/albaiulia\\\/avertizari-cod-galben-si-portocaliu-de-furtuni-in-alba-perioada-16-17-iunie\\\/#primaryimage\"},\"thumbnailUrl\":\"https:\\\/\\\/urbeamea.ro\\\/albaiulia\\\/wp-content\\\/uploads\\\/2023\\\/06\\\/hiding-from-snow.jpg\",\"articleSection\":[\"Actualitate\"],\"inLanguage\":\"ro-RO\",\"potentialAction\":[{\"@type\":\"CommentAction\",\"name\":\"Comment\",\"target\":[\"https:\\\/\\\/urbeamea.ro\\\/albaiulia\\\/avertizari-cod-galben-si-portocaliu-de-furtuni-in-alba-perioada-16-17-iunie\\\/#respond\"]}]},{\"@type\":\"WebPage\",\"@id\":\"https:\\\/\\\/urbeamea.ro\\\/albaiulia\\\/avertizari-cod-galben-si-portocaliu-de-furtuni-in-alba-perioada-16-17-iunie\\\/\",\"url\":\"https:\\\/\\\/urbeamea.ro\\\/albaiulia\\\/avertizari-cod-galben-si-portocaliu-de-furtuni-in-alba-perioada-16-17-iunie\\\/\",\"name\":\"Avertiz\u0103ri Cod Galben \u0219i Portocaliu de FURTUNI \u00een Alba, perioada 16 - 17 iunie - Revista Urbea Mea - Revista de Alba\",\"isPartOf\":{\"@id\":\"https:\\\/\\\/urbeamea.ro\\\/albaiulia\\\/#website\"},\"primaryImageOfPage\":{\"@id\":\"https:\\\/\\\/urbeamea.ro\\\/albaiulia\\\/avertizari-cod-galben-si-portocaliu-de-furtuni-in-alba-perioada-16-17-iunie\\\/#primaryimage\"},\"image\":{\"@id\":\"https:\\\/\\\/urbeamea.ro\\\/albaiulia\\\/avertizari-cod-galben-si-portocaliu-de-furtuni-in-alba-perioada-16-17-iunie\\\/#primaryimage\"},\"thumbnailUrl\":\"https:\\\/\\\/urbeamea.ro\\\/albaiulia\\\/wp-content\\\/uploads\\\/2023\\\/06\\\/hiding-from-snow.jpg\",\"datePublished\":\"2023-06-16T13:14:27+00:00\",\"dateModified\":\"2023-06-16T13:16:34+00:00\",\"author\":{\"@id\":\"https:\\\/\\\/urbeamea.ro\\\/albaiulia\\\/#\\\/schema\\\/person\\\/272ae98052f8ee8980f59848df070247\"},\"description\":\"Administra\u021bia Na\u021bional\u0103 de Meteorologie (ANM) a emis avertiz\u0103ri Cod Ro\u0219u, Portocaliu \u0219i Cod Galben de furtuni \u0219i ploi, valabile de ast\u0103zi, 16 iunie, p\u00e2n\u0103\",\"breadcrumb\":{\"@id\":\"https:\\\/\\\/urbeamea.ro\\\/albaiulia\\\/avertizari-cod-galben-si-portocaliu-de-furtuni-in-alba-perioada-16-17-iunie\\\/#breadcrumb\"},\"inLanguage\":\"ro-RO\",\"potentialAction\":[{\"@type\":\"ReadAction\",\"target\":[\"https:\\\/\\\/urbeamea.ro\\\/albaiulia\\\/avertizari-cod-galben-si-portocaliu-de-furtuni-in-alba-perioada-16-17-iunie\\\/\"]}]},{\"@type\":\"ImageObject\",\"inLanguage\":\"ro-RO\",\"@id\":\"https:\\\/\\\/urbeamea.ro\\\/albaiulia\\\/avertizari-cod-galben-si-portocaliu-de-furtuni-in-alba-perioada-16-17-iunie\\\/#primaryimage\",\"url\":\"https:\\\/\\\/urbeamea.ro\\\/albaiulia\\\/wp-content\\\/uploads\\\/2023\\\/06\\\/hiding-from-snow.jpg\",\"contentUrl\":\"https:\\\/\\\/urbeamea.ro\\\/albaiulia\\\/wp-content\\\/uploads\\\/2023\\\/06\\\/hiding-from-snow.jpg\",\"width\":1600,\"height\":1067},{\"@type\":\"BreadcrumbList\",\"@id\":\"https:\\\/\\\/urbeamea.ro\\\/albaiulia\\\/avertizari-cod-galben-si-portocaliu-de-furtuni-in-alba-perioada-16-17-iunie\\\/#breadcrumb\",\"itemListElement\":[{\"@type\":\"ListItem\",\"position\":1,\"name\":\"Prima pagin\u0103\",\"item\":\"https:\\\/\\\/urbeamea.ro\\\/albaiulia\\\/\"},{\"@type\":\"ListItem\",\"position\":2,\"name\":\"Avertiz\u0103ri Cod Galben \u0219i Portocaliu de FURTUNI \u00een Alba, perioada 16 &#8211; 17 iunie\"}]},{\"@type\":\"WebSite\",\"@id\":\"https:\\\/\\\/urbeamea.ro\\\/albaiulia\\\/#website\",\"url\":\"https:\\\/\\\/urbeamea.ro\\\/albaiulia\\\/\",\"name\":\"Revista Urbea Mea, Stiri urbane\",\"description\":\"Evenimente \u0219i \u0219tiri din Alba Iulia, Sebe\u0219, Aiud, Blaj\",\"potentialAction\":[{\"@type\":\"SearchAction\",\"target\":{\"@type\":\"EntryPoint\",\"urlTemplate\":\"https:\\\/\\\/urbeamea.ro\\\/albaiulia\\\/?s={search_term_string}\"},\"query-input\":{\"@type\":\"PropertyValueSpecification\",\"valueRequired\":true,\"valueName\":\"search_term_string\"}}],\"inLanguage\":\"ro-RO\"},{\"@type\":\"Person\",\"@id\":\"https:\\\/\\\/urbeamea.ro\\\/albaiulia\\\/#\\\/schema\\\/person\\\/272ae98052f8ee8980f59848df070247\",\"name\":\"Redac\u021bia UrbeaMea\",\"image\":{\"@type\":\"ImageObject\",\"inLanguage\":\"ro-RO\",\"@id\":\"https:\\\/\\\/secure.gravatar.com\\\/avatar\\\/9ce5a9435071fa1037e8468053ead8e513dbbff59009d3069aadb85506d85a27?s=96&d=mm&r=g\",\"url\":\"https:\\\/\\\/secure.gravatar.com\\\/avatar\\\/9ce5a9435071fa1037e8468053ead8e513dbbff59009d3069aadb85506d85a27?s=96&d=mm&r=g\",\"contentUrl\":\"https:\\\/\\\/secure.gravatar.com\\\/avatar\\\/9ce5a9435071fa1037e8468053ead8e513dbbff59009d3069aadb85506d85a27?s=96&d=mm&r=g\",\"caption\":\"Redac\u021bia UrbeaMea\"},\"description\":\"contact@urbeamea.ro\",\"sameAs\":[\"https:\\\/\\\/www.urbeamea.ro\"],\"url\":\"https:\\\/\\\/urbeamea.ro\\\/albaiulia\\\/author\\\/redactia-urbeamea\\\/\"}]}<\/script>\n<!-- \/ Yoast SEO plugin. -->","yoast_head_json":{"title":"Avertiz\u0103ri Cod Galben \u0219i Portocaliu de FURTUNI \u00een Alba, perioada 16 - 17 iunie - Revista Urbea Mea - Revista de Alba","description":"Administra\u021bia Na\u021bional\u0103 de Meteorologie (ANM) a emis avertiz\u0103ri Cod Ro\u0219u, Portocaliu \u0219i Cod Galben de furtuni \u0219i ploi, valabile de ast\u0103zi, 16 iunie, p\u00e2n\u0103","robots":{"index":"index","follow":"follow","max-snippet":"max-snippet:-1","max-image-preview":"max-image-preview:large","max-video-preview":"max-video-preview:-1"},"canonical":"https:\/\/urbeamea.ro\/albaiulia\/avertizari-cod-galben-si-portocaliu-de-furtuni-in-alba-perioada-16-17-iunie\/","twitter_card":"summary_large_image","twitter_title":"Avertiz\u0103ri Cod Galben \u0219i Portocaliu de FURTUNI \u00een Alba, perioada 16 - 17 iunie - Revista Urbea Mea - Revista de Alba","twitter_description":"Administra\u021bia Na\u021bional\u0103 de Meteorologie (ANM) a emis avertiz\u0103ri Cod Ro\u0219u, Portocaliu \u0219i Cod Galben de furtuni \u0219i ploi, valabile de ast\u0103zi, 16 iunie, p\u00e2n\u0103","twitter_image":"https:\/\/urbeamea.ro\/albaiulia\/wp-content\/uploads\/2023\/06\/hiding-from-snow.jpg","twitter_creator":"@urbeameaweb","twitter_site":"@urbeameaweb","schema":{"@context":"https:\/\/schema.org","@graph":[{"@type":"Article","@id":"https:\/\/urbeamea.ro\/albaiulia\/avertizari-cod-galben-si-portocaliu-de-furtuni-in-alba-perioada-16-17-iunie\/#article","isPartOf":{"@id":"https:\/\/urbeamea.ro\/albaiulia\/avertizari-cod-galben-si-portocaliu-de-furtuni-in-alba-perioada-16-17-iunie\/"},"author":{"name":"Redac\u021bia UrbeaMea","@id":"https:\/\/urbeamea.ro\/albaiulia\/#\/schema\/person\/272ae98052f8ee8980f59848df070247"},"headline":"Avertiz\u0103ri Cod Galben \u0219i Portocaliu de FURTUNI \u00een Alba, perioada 16 &#8211; 17 iunie","datePublished":"2023-06-16T13:14:27+00:00","dateModified":"2023-06-16T13:16:34+00:00","mainEntityOfPage":{"@id":"https:\/\/urbeamea.ro\/albaiulia\/avertizari-cod-galben-si-portocaliu-de-furtuni-in-alba-perioada-16-17-iunie\/"},"wordCount":367,"commentCount":0,"image":{"@id":"https:\/\/urbeamea.ro\/albaiulia\/avertizari-cod-galben-si-portocaliu-de-furtuni-in-alba-perioada-16-17-iunie\/#primaryimage"},"thumbnailUrl":"https:\/\/urbeamea.ro\/albaiulia\/wp-content\/uploads\/2023\/06\/hiding-from-snow.jpg","articleSection":["Actualitate"],"inLanguage":"ro-RO","potentialAction":[{"@type":"CommentAction","name":"Comment","target":["https:\/\/urbeamea.ro\/albaiulia\/avertizari-cod-galben-si-portocaliu-de-furtuni-in-alba-perioada-16-17-iunie\/#respond"]}]},{"@type":"WebPage","@id":"https:\/\/urbeamea.ro\/albaiulia\/avertizari-cod-galben-si-portocaliu-de-furtuni-in-alba-perioada-16-17-iunie\/","url":"https:\/\/urbeamea.ro\/albaiulia\/avertizari-cod-galben-si-portocaliu-de-furtuni-in-alba-perioada-16-17-iunie\/","name":"Avertiz\u0103ri Cod Galben \u0219i Portocaliu de FURTUNI \u00een Alba, perioada 16 - 17 iunie - Revista Urbea Mea - Revista de Alba","isPartOf":{"@id":"https:\/\/urbeamea.ro\/albaiulia\/#website"},"primaryImageOfPage":{"@id":"https:\/\/urbeamea.ro\/albaiulia\/avertizari-cod-galben-si-portocaliu-de-furtuni-in-alba-perioada-16-17-iunie\/#primaryimage"},"image":{"@id":"https:\/\/urbeamea.ro\/albaiulia\/avertizari-cod-galben-si-portocaliu-de-furtuni-in-alba-perioada-16-17-iunie\/#primaryimage"},"thumbnailUrl":"https:\/\/urbeamea.ro\/albaiulia\/wp-content\/uploads\/2023\/06\/hiding-from-snow.jpg","datePublished":"2023-06-16T13:14:27+00:00","dateModified":"2023-06-16T13:16:34+00:00","author":{"@id":"https:\/\/urbeamea.ro\/albaiulia\/#\/schema\/person\/272ae98052f8ee8980f59848df070247"},"description":"Administra\u021bia Na\u021bional\u0103 de Meteorologie (ANM) a emis avertiz\u0103ri Cod Ro\u0219u, Portocaliu \u0219i Cod Galben de furtuni \u0219i ploi, valabile de ast\u0103zi, 16 iunie, p\u00e2n\u0103","breadcrumb":{"@id":"https:\/\/urbeamea.ro\/albaiulia\/avertizari-cod-galben-si-portocaliu-de-furtuni-in-alba-perioada-16-17-iunie\/#breadcrumb"},"inLanguage":"ro-RO","potentialAction":[{"@type":"ReadAction","target":["https:\/\/urbeamea.ro\/albaiulia\/avertizari-cod-galben-si-portocaliu-de-furtuni-in-alba-perioada-16-17-iunie\/"]}]},{"@type":"ImageObject","inLanguage":"ro-RO","@id":"https:\/\/urbeamea.ro\/albaiulia\/avertizari-cod-galben-si-portocaliu-de-furtuni-in-alba-perioada-16-17-iunie\/#primaryimage","url":"https:\/\/urbeamea.ro\/albaiulia\/wp-content\/uploads\/2023\/06\/hiding-from-snow.jpg","contentUrl":"https:\/\/urbeamea.ro\/albaiulia\/wp-content\/uploads\/2023\/06\/hiding-from-snow.jpg","width":1600,"height":1067},{"@type":"BreadcrumbList","@id":"https:\/\/urbeamea.ro\/albaiulia\/avertizari-cod-galben-si-portocaliu-de-furtuni-in-alba-perioada-16-17-iunie\/#breadcrumb","itemListElement":[{"@type":"ListItem","position":1,"name":"Prima pagin\u0103","item":"https:\/\/urbeamea.ro\/albaiulia\/"},{"@type":"ListItem","position":2,"name":"Avertiz\u0103ri Cod Galben \u0219i Portocaliu de FURTUNI \u00een Alba, perioada 16 &#8211; 17 iunie"}]},{"@type":"WebSite","@id":"https:\/\/urbeamea.ro\/albaiulia\/#website","url":"https:\/\/urbeamea.ro\/albaiulia\/","name":"Revista Urbea Mea, Stiri urbane","description":"Evenimente \u0219i \u0219tiri din Alba Iulia, Sebe\u0219, Aiud, Blaj","potentialAction":[{"@type":"SearchAction","target":{"@type":"EntryPoint","urlTemplate":"https:\/\/urbeamea.ro\/albaiulia\/?s={search_term_string}"},"query-input":{"@type":"PropertyValueSpecification","valueRequired":true,"valueName":"search_term_string"}}],"inLanguage":"ro-RO"},{"@type":"Person","@id":"https:\/\/urbeamea.ro\/albaiulia\/#\/schema\/person\/272ae98052f8ee8980f59848df070247","name":"Redac\u021bia UrbeaMea","image":{"@type":"ImageObject","inLanguage":"ro-RO","@id":"https:\/\/secure.gravatar.com\/avatar\/9ce5a9435071fa1037e8468053ead8e513dbbff59009d3069aadb85506d85a27?s=96&d=mm&r=g","url":"https:\/\/secure.gravatar.com\/avatar\/9ce5a9435071fa1037e8468053ead8e513dbbff59009d3069aadb85506d85a27?s=96&d=mm&r=g","contentUrl":"https:\/\/secure.gravatar.com\/avatar\/9ce5a9435071fa1037e8468053ead8e513dbbff59009d3069aadb85506d85a27?s=96&d=mm&r=g","caption":"Redac\u021bia UrbeaMea"},"description":"contact@urbeamea.ro","sameAs":["https:\/\/www.urbeamea.ro"],"url":"https:\/\/urbeamea.ro\/albaiulia\/author\/redactia-urbeamea\/"}]}},"_links":{"self":[{"href":"https:\/\/urbeamea.ro\/albaiulia\/wp-json\/wp\/v2\/posts\/108085","targetHints":{"allow":["GET"]}}],"collection":[{"href":"https:\/\/urbeamea.ro\/albaiulia\/wp-json\/wp\/v2\/posts"}],"about":[{"href":"https:\/\/urbeamea.ro\/albaiulia\/wp-json\/wp\/v2\/types\/post"}],"author":[{"embeddable":true,"href":"https:\/\/urbeamea.ro\/albaiulia\/wp-json\/wp\/v2\/users\/16"}],"replies":[{"embeddable":true,"href":"https:\/\/urbeamea.ro\/albaiulia\/wp-json\/wp\/v2\/comments?post=108085"}],"version-history":[{"count":3,"href":"https:\/\/urbeamea.ro\/albaiulia\/wp-json\/wp\/v2\/posts\/108085\/revisions"}],"predecessor-version":[{"id":108092,"href":"https:\/\/urbeamea.ro\/albaiulia\/wp-json\/wp\/v2\/posts\/108085\/revisions\/108092"}],"wp:featuredmedia":[{"embeddable":true,"href":"https:\/\/urbeamea.ro\/albaiulia\/wp-json\/wp\/v2\/media\/108086"}],"wp:attachment":[{"href":"https:\/\/urbeamea.ro\/albaiulia\/wp-json\/wp\/v2\/media?parent=108085"}],"wp:term":[{"taxonomy":"category","embeddable":true,"href":"https:\/\/urbeamea.ro\/albaiulia\/wp-json\/wp\/v2\/categories?post=108085"},{"taxonomy":"post_tag","embeddable":true,"href":"https:\/\/urbeamea.ro\/albaiulia\/wp-json\/wp\/v2\/tags?post=108085"}],"curies":[{"name":"wp","href":"https:\/\/api.w.org\/{rel}","templated":true}]}}