{"id":108101,"date":"2023-06-16T22:15:55","date_gmt":"2023-06-16T19:15:55","guid":{"rendered":"https:\/\/urbeamea.ro\/albaiulia\/?p=108101"},"modified":"2023-06-16T22:16:00","modified_gmt":"2023-06-16T19:16:00","slug":"dorin-pavel-fondatorul-hidroenergeticii-romanesti-a-fost-evocat-de-municipiul-sebes-printr-o-incursiune-documentara-la-care-au-participat-50-de-elevi","status":"publish","type":"post","link":"https:\/\/urbeamea.ro\/albaiulia\/dorin-pavel-fondatorul-hidroenergeticii-romanesti-a-fost-evocat-de-municipiul-sebes-printr-o-incursiune-documentara-la-care-au-participat-50-de-elevi\/","title":{"rendered":"Dorin Pavel, fondatorul hidroenergeticii rom\u00e2ne\u0219ti, a fost evocat de municipiul Sebe\u0219 printr-o incursiune documentar\u0103 la care au participat 50 de elevi"},"content":{"rendered":"\n<p>Profesorul Dorin Pavel, membru de onoare post-mortem al Academiei de \u015etiin\u0163e Tehnice din Rom\u00e2nia, n\u0103scut la Sebe\u015f, la 31 mai 1900, este una dintre marile personalit\u0103\u021bi ale acestor locuri. Era fiul \u00eenv\u0103\u021b\u0103torului Ioan Pavel din Lancr\u0103m \u0219i al Leti\u021biei, sora mai mare a lui Lucian Blaga. Primii ani de \u0219coal\u0103 i-a urmat la Sebe\u0219, la <a><\/a>gimnaziul s\u0103sesc, studiile liceale efectu\u00e2ndu-le la Or\u0103\u0219tie \u0219i la Bra\u0219ov. Pa\u015fii l-au purtat apoi spre Politehnica din Z\u00fcrich \u2013 Elve\u0163ia, unde a ob\u0163inut diploma de inginer electromecanic \u00een anul 1923 \u015fi titlul de doctor \u00een \u015ftiin\u0163e tehnice \u00een 1925.<\/p>\n\n\n\n<p>Pentru a omagia memoria academicianului Dorin Pavel, cel care \u00ee\u0219i doarme somnul de veci \u00een cimitirul din Lancr\u0103m, al\u0103turi de ilustrul s\u0103u unchi, Lucian Blaga, Prim\u0103ria Municipiului Sebe\u0219 \u0219i Centrul Cultural \u201eLucian Blaga&#8221; Sebe\u0219 au propus, \u0219i \u00een acest an, o incursiune documentar\u0103 pe Valea Sebe\u0219ului, la care au participat 50 de elevi de la Liceul Tehnologic Sebe\u0219, \u00eenso\u021bi\u021bi de cadre didactice. Pentru a descoperi \u201earhitectura apelor&#8221;, tinerii au fost ghida\u021bi \u00eentr-o vizit\u0103 la Centrala Hidroelectric\u0103 de la \u0218ugag, dar \u0219i la muzeul local, unde au fost primi\u021bi cu ospitalitate. Reprezentan\u021bii Centrului Cultural \u201eLucian Blaga&#8221; le-au vorbit despre biografia \u0219i realiz\u0103rile inginerului Dorin Pavel, dar \u0219i despre ata\u0219amentul acestuia fa\u021b\u0103 de locurile natale \u0219i fa\u021b\u0103 de frumuse\u021bile V\u0103ii Sebe\u0219ului. Pentru c\u0103 liceenii au fost \u0219i voluntari ai Festivalului Interna\u021bional \u201eLucian Blaga&#8221; care s-a desf\u0103\u0219urat la Sebe\u0219, \u00een perioada 11-14 mai 2023, au fost recompensa\u021bi cu diplome de mul\u021bumire pentru implicarea lor \u00een via\u021ba cultural\u0103 a ora\u0219ului.<\/p>\n\n\n\n<p>La bustul lui Dorin Pavel din municipiul Sebe\u0219, precum \u0219i la morm\u00e2ntul acestuia din Lancr\u0103m, primarul Municipiului Sebe\u0219, Dorin Nistor, a depus flori, \u00een semn de recuno\u0219tin\u021b\u0103.<\/p>\n\n\n\n<p>S\u0103 nu uit\u0103m c\u0103 Dorin Pavel a fost prezent aproape 40 de ani pe \u015fantiere \u015fi peste 50 de ani la catedr\u0103. A desf\u0103\u0219urat o activitate uria\u0219\u0103, elabor\u00e2nd schemele a 567 uzine hidroelectrice pe toate r\u00e2urile \u0163\u0103rii. A tip\u0103rit 22 de manuale \u015fi cursuri, peste 150 de publica\u0163ii, totaliz\u00e2nd peste 11.000 de pagini cu numeroase figuri \u015fi plan\u015fe. Activitatea teoretic\u0103 a sus\u0163inut-o practic prin dezvoltarea Laboratorului academicianului V\u00e2lcovici, ini\u0163iind un Compartiment de Hidraulic\u0103, dar mai ales prin participarea \u00een teren, at\u00e2t cu studen\u0163ii, c\u00e2t \u015fi cu speciali\u015ftii. Cu o forma\u0163ie \u015ftiin\u0163ific\u0103 fundamental\u0103 \u00een domeniu, profesorul Dorin Pavel a abordat \u00eenc\u0103 din tinere\u0163e studiul hidroenergeticii \u00een str\u00e2ns\u0103 leg\u0103tur\u0103 cu activitatea practic\u0103, fiind direct implicat \u00een realizarea unor proiecte care, pentru Rom\u00e2nia de atunci, reprezentau o oper\u0103 de pionierat. La baza realiz\u0103rilor sale st\u0103 lucrarea \u201ePlan general de amenajare a for\u021belor hidraulice din Rom\u00e2nia&#8221;, \u00eentocmit\u0103 \u00een anul 1933, plan perfec\u021bionat \u0219i completat prin alte numeroase lucr\u0103ri teoretice \u0219i practice de teren, care au dus la finalizarea obiectivelor hidroenergetice din \u021bara noastr\u0103, toate incluz\u00e2nd, sub o form\u0103 sau alta \u0219i contribu\u021bia lui Dorin Pavel ca autor sau coautor al proiectelor \u0219i al lucr\u0103rilor efective de amenajare hidrotehnic\u0103 a apelor de pe r\u00e2urile B\u00e2rzava, Nera, Semenic, Timi\u0219, Bistri\u021ba, Arge\u0219, Lotru, Some\u0219, Dr\u0103gan, Sebe\u0219, R\u00e2ul Mare, Olt \u0219i Dun\u0103re.<\/p>\n\n\n\n<p>\u00cen anul 1976, Dorin Pavel a publicat o important\u0103 lucrare, \u201eArhitectura apelor&#8221;, \u00eentr-un tiraj de doar 1600 de exemplare, care s-a epuizat \u00een scurt timp. Reeditarea acestei c\u0103r\u021bi, \u00een anul 2015, la Editura Mega din Cluj Napoca, a fost ini\u021biativa de excep\u021bie a doamnei dr. Monica Fomino, medic stomatolog \u00een Limburg, Germania, nepoata de suflet a lui Dorin Pavel. Cartea a fost lansat\u0103 \u00een cadrul celei de-a XV-a Conferin\u021be Interna\u021bionale multidisciplinare \u201eProfesorul Dorin Pavel \u2013 fondatorul hidroenergeticii rom\u00e2ne\u0219ti&#8221;, la Sebe\u0219.<\/p>\n\n\n\n<p>Pentru prestigiul \u015fi demnitatea pe care \u015fi le-a creat printr-o munc\u0103 necurmat\u0103 \u015fi tenace, comparat\u0103 cu st\u00e2nca pe care \u015fi-a amplasat barajele, pentru \u00eencrederea \u015fi dragostea pe care a purtat-o mereu \u015ftiin\u0163ei rom\u00e2ne\u015fti pe care a slujit-o cu credin\u0163\u0103, \u00eel putem include pe profesorul Dorin Pavel \u2013 fondatorul hidroenergeticii rom\u00e2ne\u015fti \u2013 \u00een galeria marilor ingineri pe care i-a dat Rom\u00e2nia: George (Gogu) Constantinescu, Anghel Saligny, Ilie Radu, Ion Ionescu, Dimitrie Leonida, Cristea Mateescu, Emil Prager, Dumitru Dumitrescu \u015fi mul\u0163i al\u0163ii.<\/p>\n\n\n\n<p>A fost, prin excelen\u021b\u0103, un priceput tehnician, dar \u0219i un mare dasc\u0103l, un \u00eendr\u0103gostit de natur\u0103, un patriot adev\u0103rat, dar \u0219i un fin artist, un poet al apelor, nu numai un arhitect al lor \u2013 a\u0219a cum \u00eel apreciaz\u0103 Dr. Radu C\u0103rpini\u0219ianu, fiind recompensat cu numeroase premii, ordine \u0219i distinc\u021bii pentru meritele didactice \u0219i contribu\u021biile tehnico-\u0219tiin\u021bifice.<\/p>\n\n\n\n<p>Dorin Pavel este unul dintre pu\u021binii nepo\u021bi ai lui Lucian Blaga. S-a stins din via\u021b\u0103 la 6 iulie 1979, la Bucure\u0219ti, dar \u00ee\u0219i doarme somnul de veci \u00een Lancr\u0103m, al\u0103turi de str\u0103mo\u0219i, de p\u0103rin\u021bi \u0219i ilustrul s\u0103u unchi, Lucian Blaga.<\/p>\n\n\n\n<p>Post-mortem, \u00een anul 1995, i-a fost conferit titlul de \u201eCet\u0103\u021bean de onoare&#8221; al Municipiului Sebe\u0219. De asemenea, memoria profesorului este cinstit\u0103 prin cele dou\u0103 busturi ridicate \u00een incinta S.C. Electrocentrale S.A. \u0219i \u00een centrul municipiului Sebe\u0219; strada care porne\u0219te spre Valea Sebe\u0219ului \u00eei poart\u0103 numele.<\/p>\n\n\n\n<p>Surse bibliografice:<\/p>\n\n\n\n<p>*** Locuri \u0219i oameni \u00een \u021aara Sebe\u0219ului, Studii \u0219i cercet\u0103ri din domeniul culturii, Alba Iulia, Editura Altip, 2004.<\/p>\n\n\n\n<p>*** Sebe\u0219 \u2013 750 de ani, Omagiu ora\u0219ului \u0219i oamenilor s\u0103i, Petre\u0219ti, Editura Alba Print S.R.L., 1995.<\/p>\n\n\n\n<p>Dorin Pavel, Arhitectura apelor, Cluj-Napoca, Editura Mega, 2015.<\/p>\n\n\n\n<figure class=\"wp-block-gallery has-nested-images columns-default is-cropped wp-block-gallery-1 is-layout-flex wp-block-gallery-is-layout-flex\">\n<figure class=\"wp-block-image size-large\"><a href=\"https:\/\/urbeamea.ro\/albaiulia\/wp-content\/uploads\/2023\/06\/Dorin-Pavel-15.06.2023-@Adrian-Pamfilie-8.jpg\"><img loading=\"lazy\" decoding=\"async\" width=\"1280\" height=\"720\" data-id=\"108106\" src=\"https:\/\/urbeamea.ro\/albaiulia\/wp-content\/uploads\/2023\/06\/Dorin-Pavel-15.06.2023-@Adrian-Pamfilie-8-1280x720.jpg\" alt=\"\" class=\"wp-image-108106\" srcset=\"https:\/\/urbeamea.ro\/albaiulia\/wp-content\/uploads\/2023\/06\/Dorin-Pavel-15.06.2023-@Adrian-Pamfilie-8-1280x720.jpg 1280w, https:\/\/urbeamea.ro\/albaiulia\/wp-content\/uploads\/2023\/06\/Dorin-Pavel-15.06.2023-@Adrian-Pamfilie-8-640x360.jpg 640w, https:\/\/urbeamea.ro\/albaiulia\/wp-content\/uploads\/2023\/06\/Dorin-Pavel-15.06.2023-@Adrian-Pamfilie-8-150x84.jpg 150w, https:\/\/urbeamea.ro\/albaiulia\/wp-content\/uploads\/2023\/06\/Dorin-Pavel-15.06.2023-@Adrian-Pamfilie-8-768x432.jpg 768w, https:\/\/urbeamea.ro\/albaiulia\/wp-content\/uploads\/2023\/06\/Dorin-Pavel-15.06.2023-@Adrian-Pamfilie-8-1536x864.jpg 1536w, https:\/\/urbeamea.ro\/albaiulia\/wp-content\/uploads\/2023\/06\/Dorin-Pavel-15.06.2023-@Adrian-Pamfilie-8-390x220.jpg 390w, https:\/\/urbeamea.ro\/albaiulia\/wp-content\/uploads\/2023\/06\/Dorin-Pavel-15.06.2023-@Adrian-Pamfilie-8.jpg 1600w\" sizes=\"auto, (max-width: 1280px) 100vw, 1280px\" \/><\/a><\/figure>\n\n\n\n<figure class=\"wp-block-image size-large\"><a href=\"https:\/\/urbeamea.ro\/albaiulia\/wp-content\/uploads\/2023\/06\/Dorin-Pavel-15.06.2023-@Adrian-Pamfilie-4.jpg\"><img loading=\"lazy\" decoding=\"async\" width=\"1280\" height=\"720\" data-id=\"108107\" src=\"https:\/\/urbeamea.ro\/albaiulia\/wp-content\/uploads\/2023\/06\/Dorin-Pavel-15.06.2023-@Adrian-Pamfilie-4-1280x720.jpg\" alt=\"\" class=\"wp-image-108107\" srcset=\"https:\/\/urbeamea.ro\/albaiulia\/wp-content\/uploads\/2023\/06\/Dorin-Pavel-15.06.2023-@Adrian-Pamfilie-4-1280x720.jpg 1280w, https:\/\/urbeamea.ro\/albaiulia\/wp-content\/uploads\/2023\/06\/Dorin-Pavel-15.06.2023-@Adrian-Pamfilie-4-640x360.jpg 640w, https:\/\/urbeamea.ro\/albaiulia\/wp-content\/uploads\/2023\/06\/Dorin-Pavel-15.06.2023-@Adrian-Pamfilie-4-150x84.jpg 150w, https:\/\/urbeamea.ro\/albaiulia\/wp-content\/uploads\/2023\/06\/Dorin-Pavel-15.06.2023-@Adrian-Pamfilie-4-768x432.jpg 768w, https:\/\/urbeamea.ro\/albaiulia\/wp-content\/uploads\/2023\/06\/Dorin-Pavel-15.06.2023-@Adrian-Pamfilie-4-1536x864.jpg 1536w, https:\/\/urbeamea.ro\/albaiulia\/wp-content\/uploads\/2023\/06\/Dorin-Pavel-15.06.2023-@Adrian-Pamfilie-4-390x220.jpg 390w, https:\/\/urbeamea.ro\/albaiulia\/wp-content\/uploads\/2023\/06\/Dorin-Pavel-15.06.2023-@Adrian-Pamfilie-4.jpg 1600w\" sizes=\"auto, (max-width: 1280px) 100vw, 1280px\" \/><\/a><\/figure>\n\n\n\n<figure class=\"wp-block-image size-large\"><a href=\"https:\/\/urbeamea.ro\/albaiulia\/wp-content\/uploads\/2023\/06\/Dorin-Pavel-15.06.2023-@Adrian-Pamfilie-11.jpg\"><img loading=\"lazy\" decoding=\"async\" width=\"1280\" height=\"720\" data-id=\"108105\" src=\"https:\/\/urbeamea.ro\/albaiulia\/wp-content\/uploads\/2023\/06\/Dorin-Pavel-15.06.2023-@Adrian-Pamfilie-11-1280x720.jpg\" alt=\"\" class=\"wp-image-108105\" srcset=\"https:\/\/urbeamea.ro\/albaiulia\/wp-content\/uploads\/2023\/06\/Dorin-Pavel-15.06.2023-@Adrian-Pamfilie-11-1280x720.jpg 1280w, https:\/\/urbeamea.ro\/albaiulia\/wp-content\/uploads\/2023\/06\/Dorin-Pavel-15.06.2023-@Adrian-Pamfilie-11-640x360.jpg 640w, https:\/\/urbeamea.ro\/albaiulia\/wp-content\/uploads\/2023\/06\/Dorin-Pavel-15.06.2023-@Adrian-Pamfilie-11-150x84.jpg 150w, https:\/\/urbeamea.ro\/albaiulia\/wp-content\/uploads\/2023\/06\/Dorin-Pavel-15.06.2023-@Adrian-Pamfilie-11-768x432.jpg 768w, https:\/\/urbeamea.ro\/albaiulia\/wp-content\/uploads\/2023\/06\/Dorin-Pavel-15.06.2023-@Adrian-Pamfilie-11-1536x864.jpg 1536w, https:\/\/urbeamea.ro\/albaiulia\/wp-content\/uploads\/2023\/06\/Dorin-Pavel-15.06.2023-@Adrian-Pamfilie-11-390x220.jpg 390w, https:\/\/urbeamea.ro\/albaiulia\/wp-content\/uploads\/2023\/06\/Dorin-Pavel-15.06.2023-@Adrian-Pamfilie-11.jpg 1600w\" sizes=\"auto, (max-width: 1280px) 100vw, 1280px\" \/><\/a><\/figure>\n\n\n\n<figure class=\"wp-block-image size-large\"><a href=\"https:\/\/urbeamea.ro\/albaiulia\/wp-content\/uploads\/2023\/06\/Dorin-Pavel-15.06.2023-@Adrian-Pamfilie-10.jpg\"><img loading=\"lazy\" decoding=\"async\" width=\"1280\" height=\"720\" data-id=\"108104\" src=\"https:\/\/urbeamea.ro\/albaiulia\/wp-content\/uploads\/2023\/06\/Dorin-Pavel-15.06.2023-@Adrian-Pamfilie-10-1280x720.jpg\" alt=\"\" class=\"wp-image-108104\" srcset=\"https:\/\/urbeamea.ro\/albaiulia\/wp-content\/uploads\/2023\/06\/Dorin-Pavel-15.06.2023-@Adrian-Pamfilie-10-1280x720.jpg 1280w, https:\/\/urbeamea.ro\/albaiulia\/wp-content\/uploads\/2023\/06\/Dorin-Pavel-15.06.2023-@Adrian-Pamfilie-10-640x360.jpg 640w, https:\/\/urbeamea.ro\/albaiulia\/wp-content\/uploads\/2023\/06\/Dorin-Pavel-15.06.2023-@Adrian-Pamfilie-10-150x84.jpg 150w, https:\/\/urbeamea.ro\/albaiulia\/wp-content\/uploads\/2023\/06\/Dorin-Pavel-15.06.2023-@Adrian-Pamfilie-10-768x432.jpg 768w, https:\/\/urbeamea.ro\/albaiulia\/wp-content\/uploads\/2023\/06\/Dorin-Pavel-15.06.2023-@Adrian-Pamfilie-10-1536x864.jpg 1536w, https:\/\/urbeamea.ro\/albaiulia\/wp-content\/uploads\/2023\/06\/Dorin-Pavel-15.06.2023-@Adrian-Pamfilie-10-390x220.jpg 390w, https:\/\/urbeamea.ro\/albaiulia\/wp-content\/uploads\/2023\/06\/Dorin-Pavel-15.06.2023-@Adrian-Pamfilie-10.jpg 1600w\" sizes=\"auto, (max-width: 1280px) 100vw, 1280px\" \/><\/a><\/figure>\n\n\n\n<figure class=\"wp-block-image size-large\"><a href=\"https:\/\/urbeamea.ro\/albaiulia\/wp-content\/uploads\/2023\/06\/Dorin-Pavel-15.06.2023-@Adrian-Pamfilie-37.jpg\"><img loading=\"lazy\" decoding=\"async\" width=\"1280\" height=\"854\" data-id=\"108103\" src=\"https:\/\/urbeamea.ro\/albaiulia\/wp-content\/uploads\/2023\/06\/Dorin-Pavel-15.06.2023-@Adrian-Pamfilie-37-1280x854.jpg\" alt=\"\" class=\"wp-image-108103\" srcset=\"https:\/\/urbeamea.ro\/albaiulia\/wp-content\/uploads\/2023\/06\/Dorin-Pavel-15.06.2023-@Adrian-Pamfilie-37-1280x854.jpg 1280w, https:\/\/urbeamea.ro\/albaiulia\/wp-content\/uploads\/2023\/06\/Dorin-Pavel-15.06.2023-@Adrian-Pamfilie-37-640x427.jpg 640w, https:\/\/urbeamea.ro\/albaiulia\/wp-content\/uploads\/2023\/06\/Dorin-Pavel-15.06.2023-@Adrian-Pamfilie-37-150x100.jpg 150w, https:\/\/urbeamea.ro\/albaiulia\/wp-content\/uploads\/2023\/06\/Dorin-Pavel-15.06.2023-@Adrian-Pamfilie-37-768x512.jpg 768w, https:\/\/urbeamea.ro\/albaiulia\/wp-content\/uploads\/2023\/06\/Dorin-Pavel-15.06.2023-@Adrian-Pamfilie-37-1536x1024.jpg 1536w, https:\/\/urbeamea.ro\/albaiulia\/wp-content\/uploads\/2023\/06\/Dorin-Pavel-15.06.2023-@Adrian-Pamfilie-37.jpg 1600w\" sizes=\"auto, (max-width: 1280px) 100vw, 1280px\" \/><\/a><\/figure>\n\n\n\n<figure class=\"wp-block-image size-large\"><a href=\"https:\/\/urbeamea.ro\/albaiulia\/wp-content\/uploads\/2023\/06\/Dorin-Pavel-15.06.2023-@Adrian-Pamfilie-23.jpg\"><img loading=\"lazy\" decoding=\"async\" width=\"1280\" height=\"864\" data-id=\"108102\" src=\"https:\/\/urbeamea.ro\/albaiulia\/wp-content\/uploads\/2023\/06\/Dorin-Pavel-15.06.2023-@Adrian-Pamfilie-23-1280x864.jpg\" alt=\"\" class=\"wp-image-108102\" srcset=\"https:\/\/urbeamea.ro\/albaiulia\/wp-content\/uploads\/2023\/06\/Dorin-Pavel-15.06.2023-@Adrian-Pamfilie-23-1280x864.jpg 1280w, https:\/\/urbeamea.ro\/albaiulia\/wp-content\/uploads\/2023\/06\/Dorin-Pavel-15.06.2023-@Adrian-Pamfilie-23-640x432.jpg 640w, https:\/\/urbeamea.ro\/albaiulia\/wp-content\/uploads\/2023\/06\/Dorin-Pavel-15.06.2023-@Adrian-Pamfilie-23-150x101.jpg 150w, https:\/\/urbeamea.ro\/albaiulia\/wp-content\/uploads\/2023\/06\/Dorin-Pavel-15.06.2023-@Adrian-Pamfilie-23-768x518.jpg 768w, https:\/\/urbeamea.ro\/albaiulia\/wp-content\/uploads\/2023\/06\/Dorin-Pavel-15.06.2023-@Adrian-Pamfilie-23-1536x1037.jpg 1536w, https:\/\/urbeamea.ro\/albaiulia\/wp-content\/uploads\/2023\/06\/Dorin-Pavel-15.06.2023-@Adrian-Pamfilie-23-220x150.jpg 220w, https:\/\/urbeamea.ro\/albaiulia\/wp-content\/uploads\/2023\/06\/Dorin-Pavel-15.06.2023-@Adrian-Pamfilie-23.jpg 1600w\" sizes=\"auto, (max-width: 1280px) 100vw, 1280px\" \/><\/a><\/figure>\n<\/figure>\n","protected":false},"excerpt":{"rendered":"<p>Profesorul Dorin Pavel, membru de onoare post-mortem al Academiei de \u015etiin\u0163e Tehnice din Rom\u00e2nia, n\u0103scut la Sebe\u015f, la 31 mai 1900, este una dintre marile personalit\u0103\u021bi ale acestor locuri. Era fiul \u00eenv\u0103\u021b\u0103torului Ioan Pavel din Lancr\u0103m \u0219i al Leti\u021biei, sora mai mare a lui Lucian Blaga. Primii ani de \u0219coal\u0103 i-a urmat la Sebe\u0219, la &hellip;<\/p>\n","protected":false},"author":16,"featured_media":108108,"comment_status":"open","ping_status":"open","sticky":false,"template":"","format":"standard","meta":{"inline_featured_image":false,"footnotes":""},"categories":[1],"tags":[20819,17300],"class_list":["post-108101","post","type-post","status-publish","format-standard","has-post-thumbnail","hentry","category-stiri-urbane","tag-dorin-pavel","tag-municipiul-sebes"],"yoast_head":"<!-- This site is optimized with the Yoast SEO plugin v27.4 - https:\/\/yoast.com\/product\/yoast-seo-wordpress\/ -->\n<title>Dorin Pavel, fondatorul hidroenergeticii rom\u00e2ne\u0219ti, a fost evocat de municipiul Sebe\u0219 printr-o incursiune documentar\u0103 la care au participat 50 de elevi - Revista Urbea Mea - Revista de Alba<\/title>\n<meta name=\"description\" content=\"Profesorul Dorin Pavel, membru de onoare post-mortem al Academiei de \u015etiin\u0163e Tehnice din Rom\u00e2nia, n\u0103scut la Sebe\u015f, la 31 mai 1900, este una dintre marile\" \/>\n<meta name=\"robots\" content=\"index, follow, max-snippet:-1, max-image-preview:large, max-video-preview:-1\" \/>\n<link rel=\"canonical\" href=\"https:\/\/urbeamea.ro\/albaiulia\/dorin-pavel-fondatorul-hidroenergeticii-romanesti-a-fost-evocat-de-municipiul-sebes-printr-o-incursiune-documentara-la-care-au-participat-50-de-elevi\/\" \/>\n<meta name=\"twitter:card\" content=\"summary_large_image\" \/>\n<meta name=\"twitter:title\" content=\"Dorin Pavel, fondatorul hidroenergeticii rom\u00e2ne\u0219ti, a fost evocat de municipiul Sebe\u0219 printr-o incursiune documentar\u0103 la care au participat 50 de elevi - Revista Urbea Mea - Revista de Alba\" \/>\n<meta name=\"twitter:description\" content=\"Profesorul Dorin Pavel, membru de onoare post-mortem al Academiei de \u015etiin\u0163e Tehnice din Rom\u00e2nia, n\u0103scut la Sebe\u015f, la 31 mai 1900, este una dintre marile\" \/>\n<meta name=\"twitter:image\" content=\"https:\/\/urbeamea.ro\/albaiulia\/wp-content\/uploads\/2023\/06\/Dorin-Pavel-15.06.2023-@Adrian-Pamfilie-3.jpg\" \/>\n<meta name=\"twitter:creator\" content=\"@urbeameaweb\" \/>\n<meta name=\"twitter:site\" content=\"@urbeameaweb\" \/>\n<script type=\"application\/ld+json\" class=\"yoast-schema-graph\">{\"@context\":\"https:\\\/\\\/schema.org\",\"@graph\":[{\"@type\":\"Article\",\"@id\":\"https:\\\/\\\/urbeamea.ro\\\/albaiulia\\\/dorin-pavel-fondatorul-hidroenergeticii-romanesti-a-fost-evocat-de-municipiul-sebes-printr-o-incursiune-documentara-la-care-au-participat-50-de-elevi\\\/#article\",\"isPartOf\":{\"@id\":\"https:\\\/\\\/urbeamea.ro\\\/albaiulia\\\/dorin-pavel-fondatorul-hidroenergeticii-romanesti-a-fost-evocat-de-municipiul-sebes-printr-o-incursiune-documentara-la-care-au-participat-50-de-elevi\\\/\"},\"author\":{\"name\":\"Redac\u021bia UrbeaMea\",\"@id\":\"https:\\\/\\\/urbeamea.ro\\\/albaiulia\\\/#\\\/schema\\\/person\\\/272ae98052f8ee8980f59848df070247\"},\"headline\":\"Dorin Pavel, fondatorul hidroenergeticii rom\u00e2ne\u0219ti, a fost evocat de municipiul Sebe\u0219 printr-o incursiune documentar\u0103 la care au participat 50 de elevi\",\"datePublished\":\"2023-06-16T19:15:55+00:00\",\"dateModified\":\"2023-06-16T19:16:00+00:00\",\"mainEntityOfPage\":{\"@id\":\"https:\\\/\\\/urbeamea.ro\\\/albaiulia\\\/dorin-pavel-fondatorul-hidroenergeticii-romanesti-a-fost-evocat-de-municipiul-sebes-printr-o-incursiune-documentara-la-care-au-participat-50-de-elevi\\\/\"},\"wordCount\":952,\"commentCount\":0,\"image\":{\"@id\":\"https:\\\/\\\/urbeamea.ro\\\/albaiulia\\\/dorin-pavel-fondatorul-hidroenergeticii-romanesti-a-fost-evocat-de-municipiul-sebes-printr-o-incursiune-documentara-la-care-au-participat-50-de-elevi\\\/#primaryimage\"},\"thumbnailUrl\":\"https:\\\/\\\/urbeamea.ro\\\/albaiulia\\\/wp-content\\\/uploads\\\/2023\\\/06\\\/Dorin-Pavel-15.06.2023-@Adrian-Pamfilie-3.jpg\",\"keywords\":[\"dorin pavel\",\"municipiul sebes\"],\"articleSection\":[\"\u015etiri Urbane\"],\"inLanguage\":\"ro-RO\",\"potentialAction\":[{\"@type\":\"CommentAction\",\"name\":\"Comment\",\"target\":[\"https:\\\/\\\/urbeamea.ro\\\/albaiulia\\\/dorin-pavel-fondatorul-hidroenergeticii-romanesti-a-fost-evocat-de-municipiul-sebes-printr-o-incursiune-documentara-la-care-au-participat-50-de-elevi\\\/#respond\"]}]},{\"@type\":\"WebPage\",\"@id\":\"https:\\\/\\\/urbeamea.ro\\\/albaiulia\\\/dorin-pavel-fondatorul-hidroenergeticii-romanesti-a-fost-evocat-de-municipiul-sebes-printr-o-incursiune-documentara-la-care-au-participat-50-de-elevi\\\/\",\"url\":\"https:\\\/\\\/urbeamea.ro\\\/albaiulia\\\/dorin-pavel-fondatorul-hidroenergeticii-romanesti-a-fost-evocat-de-municipiul-sebes-printr-o-incursiune-documentara-la-care-au-participat-50-de-elevi\\\/\",\"name\":\"Dorin Pavel, fondatorul hidroenergeticii rom\u00e2ne\u0219ti, a fost evocat de municipiul Sebe\u0219 printr-o incursiune documentar\u0103 la care au participat 50 de elevi - Revista Urbea Mea - Revista de Alba\",\"isPartOf\":{\"@id\":\"https:\\\/\\\/urbeamea.ro\\\/albaiulia\\\/#website\"},\"primaryImageOfPage\":{\"@id\":\"https:\\\/\\\/urbeamea.ro\\\/albaiulia\\\/dorin-pavel-fondatorul-hidroenergeticii-romanesti-a-fost-evocat-de-municipiul-sebes-printr-o-incursiune-documentara-la-care-au-participat-50-de-elevi\\\/#primaryimage\"},\"image\":{\"@id\":\"https:\\\/\\\/urbeamea.ro\\\/albaiulia\\\/dorin-pavel-fondatorul-hidroenergeticii-romanesti-a-fost-evocat-de-municipiul-sebes-printr-o-incursiune-documentara-la-care-au-participat-50-de-elevi\\\/#primaryimage\"},\"thumbnailUrl\":\"https:\\\/\\\/urbeamea.ro\\\/albaiulia\\\/wp-content\\\/uploads\\\/2023\\\/06\\\/Dorin-Pavel-15.06.2023-@Adrian-Pamfilie-3.jpg\",\"datePublished\":\"2023-06-16T19:15:55+00:00\",\"dateModified\":\"2023-06-16T19:16:00+00:00\",\"author\":{\"@id\":\"https:\\\/\\\/urbeamea.ro\\\/albaiulia\\\/#\\\/schema\\\/person\\\/272ae98052f8ee8980f59848df070247\"},\"description\":\"Profesorul Dorin Pavel, membru de onoare post-mortem al Academiei de \u015etiin\u0163e Tehnice din Rom\u00e2nia, n\u0103scut la Sebe\u015f, la 31 mai 1900, este una dintre marile\",\"breadcrumb\":{\"@id\":\"https:\\\/\\\/urbeamea.ro\\\/albaiulia\\\/dorin-pavel-fondatorul-hidroenergeticii-romanesti-a-fost-evocat-de-municipiul-sebes-printr-o-incursiune-documentara-la-care-au-participat-50-de-elevi\\\/#breadcrumb\"},\"inLanguage\":\"ro-RO\",\"potentialAction\":[{\"@type\":\"ReadAction\",\"target\":[\"https:\\\/\\\/urbeamea.ro\\\/albaiulia\\\/dorin-pavel-fondatorul-hidroenergeticii-romanesti-a-fost-evocat-de-municipiul-sebes-printr-o-incursiune-documentara-la-care-au-participat-50-de-elevi\\\/\"]}]},{\"@type\":\"ImageObject\",\"inLanguage\":\"ro-RO\",\"@id\":\"https:\\\/\\\/urbeamea.ro\\\/albaiulia\\\/dorin-pavel-fondatorul-hidroenergeticii-romanesti-a-fost-evocat-de-municipiul-sebes-printr-o-incursiune-documentara-la-care-au-participat-50-de-elevi\\\/#primaryimage\",\"url\":\"https:\\\/\\\/urbeamea.ro\\\/albaiulia\\\/wp-content\\\/uploads\\\/2023\\\/06\\\/Dorin-Pavel-15.06.2023-@Adrian-Pamfilie-3.jpg\",\"contentUrl\":\"https:\\\/\\\/urbeamea.ro\\\/albaiulia\\\/wp-content\\\/uploads\\\/2023\\\/06\\\/Dorin-Pavel-15.06.2023-@Adrian-Pamfilie-3.jpg\",\"width\":1600,\"height\":900},{\"@type\":\"BreadcrumbList\",\"@id\":\"https:\\\/\\\/urbeamea.ro\\\/albaiulia\\\/dorin-pavel-fondatorul-hidroenergeticii-romanesti-a-fost-evocat-de-municipiul-sebes-printr-o-incursiune-documentara-la-care-au-participat-50-de-elevi\\\/#breadcrumb\",\"itemListElement\":[{\"@type\":\"ListItem\",\"position\":1,\"name\":\"Prima pagin\u0103\",\"item\":\"https:\\\/\\\/urbeamea.ro\\\/albaiulia\\\/\"},{\"@type\":\"ListItem\",\"position\":2,\"name\":\"Dorin Pavel, fondatorul hidroenergeticii rom\u00e2ne\u0219ti, a fost evocat de municipiul Sebe\u0219 printr-o incursiune documentar\u0103 la care au participat 50 de elevi\"}]},{\"@type\":\"WebSite\",\"@id\":\"https:\\\/\\\/urbeamea.ro\\\/albaiulia\\\/#website\",\"url\":\"https:\\\/\\\/urbeamea.ro\\\/albaiulia\\\/\",\"name\":\"Revista Urbea Mea, Stiri urbane\",\"description\":\"Evenimente \u0219i \u0219tiri din Alba Iulia, Sebe\u0219, Aiud, Blaj\",\"potentialAction\":[{\"@type\":\"SearchAction\",\"target\":{\"@type\":\"EntryPoint\",\"urlTemplate\":\"https:\\\/\\\/urbeamea.ro\\\/albaiulia\\\/?s={search_term_string}\"},\"query-input\":{\"@type\":\"PropertyValueSpecification\",\"valueRequired\":true,\"valueName\":\"search_term_string\"}}],\"inLanguage\":\"ro-RO\"},{\"@type\":\"Person\",\"@id\":\"https:\\\/\\\/urbeamea.ro\\\/albaiulia\\\/#\\\/schema\\\/person\\\/272ae98052f8ee8980f59848df070247\",\"name\":\"Redac\u021bia UrbeaMea\",\"image\":{\"@type\":\"ImageObject\",\"inLanguage\":\"ro-RO\",\"@id\":\"https:\\\/\\\/secure.gravatar.com\\\/avatar\\\/9ce5a9435071fa1037e8468053ead8e513dbbff59009d3069aadb85506d85a27?s=96&d=mm&r=g\",\"url\":\"https:\\\/\\\/secure.gravatar.com\\\/avatar\\\/9ce5a9435071fa1037e8468053ead8e513dbbff59009d3069aadb85506d85a27?s=96&d=mm&r=g\",\"contentUrl\":\"https:\\\/\\\/secure.gravatar.com\\\/avatar\\\/9ce5a9435071fa1037e8468053ead8e513dbbff59009d3069aadb85506d85a27?s=96&d=mm&r=g\",\"caption\":\"Redac\u021bia UrbeaMea\"},\"description\":\"contact@urbeamea.ro\",\"sameAs\":[\"https:\\\/\\\/www.urbeamea.ro\"],\"url\":\"https:\\\/\\\/urbeamea.ro\\\/albaiulia\\\/author\\\/redactia-urbeamea\\\/\"}]}<\/script>\n<!-- \/ Yoast SEO plugin. -->","yoast_head_json":{"title":"Dorin Pavel, fondatorul hidroenergeticii rom\u00e2ne\u0219ti, a fost evocat de municipiul Sebe\u0219 printr-o incursiune documentar\u0103 la care au participat 50 de elevi - Revista Urbea Mea - Revista de Alba","description":"Profesorul Dorin Pavel, membru de onoare post-mortem al Academiei de \u015etiin\u0163e Tehnice din Rom\u00e2nia, n\u0103scut la Sebe\u015f, la 31 mai 1900, este una dintre marile","robots":{"index":"index","follow":"follow","max-snippet":"max-snippet:-1","max-image-preview":"max-image-preview:large","max-video-preview":"max-video-preview:-1"},"canonical":"https:\/\/urbeamea.ro\/albaiulia\/dorin-pavel-fondatorul-hidroenergeticii-romanesti-a-fost-evocat-de-municipiul-sebes-printr-o-incursiune-documentara-la-care-au-participat-50-de-elevi\/","twitter_card":"summary_large_image","twitter_title":"Dorin Pavel, fondatorul hidroenergeticii rom\u00e2ne\u0219ti, a fost evocat de municipiul Sebe\u0219 printr-o incursiune documentar\u0103 la care au participat 50 de elevi - Revista Urbea Mea - Revista de Alba","twitter_description":"Profesorul Dorin Pavel, membru de onoare post-mortem al Academiei de \u015etiin\u0163e Tehnice din Rom\u00e2nia, n\u0103scut la Sebe\u015f, la 31 mai 1900, este una dintre marile","twitter_image":"https:\/\/urbeamea.ro\/albaiulia\/wp-content\/uploads\/2023\/06\/Dorin-Pavel-15.06.2023-@Adrian-Pamfilie-3.jpg","twitter_creator":"@urbeameaweb","twitter_site":"@urbeameaweb","schema":{"@context":"https:\/\/schema.org","@graph":[{"@type":"Article","@id":"https:\/\/urbeamea.ro\/albaiulia\/dorin-pavel-fondatorul-hidroenergeticii-romanesti-a-fost-evocat-de-municipiul-sebes-printr-o-incursiune-documentara-la-care-au-participat-50-de-elevi\/#article","isPartOf":{"@id":"https:\/\/urbeamea.ro\/albaiulia\/dorin-pavel-fondatorul-hidroenergeticii-romanesti-a-fost-evocat-de-municipiul-sebes-printr-o-incursiune-documentara-la-care-au-participat-50-de-elevi\/"},"author":{"name":"Redac\u021bia UrbeaMea","@id":"https:\/\/urbeamea.ro\/albaiulia\/#\/schema\/person\/272ae98052f8ee8980f59848df070247"},"headline":"Dorin Pavel, fondatorul hidroenergeticii rom\u00e2ne\u0219ti, a fost evocat de municipiul Sebe\u0219 printr-o incursiune documentar\u0103 la care au participat 50 de elevi","datePublished":"2023-06-16T19:15:55+00:00","dateModified":"2023-06-16T19:16:00+00:00","mainEntityOfPage":{"@id":"https:\/\/urbeamea.ro\/albaiulia\/dorin-pavel-fondatorul-hidroenergeticii-romanesti-a-fost-evocat-de-municipiul-sebes-printr-o-incursiune-documentara-la-care-au-participat-50-de-elevi\/"},"wordCount":952,"commentCount":0,"image":{"@id":"https:\/\/urbeamea.ro\/albaiulia\/dorin-pavel-fondatorul-hidroenergeticii-romanesti-a-fost-evocat-de-municipiul-sebes-printr-o-incursiune-documentara-la-care-au-participat-50-de-elevi\/#primaryimage"},"thumbnailUrl":"https:\/\/urbeamea.ro\/albaiulia\/wp-content\/uploads\/2023\/06\/Dorin-Pavel-15.06.2023-@Adrian-Pamfilie-3.jpg","keywords":["dorin pavel","municipiul sebes"],"articleSection":["\u015etiri Urbane"],"inLanguage":"ro-RO","potentialAction":[{"@type":"CommentAction","name":"Comment","target":["https:\/\/urbeamea.ro\/albaiulia\/dorin-pavel-fondatorul-hidroenergeticii-romanesti-a-fost-evocat-de-municipiul-sebes-printr-o-incursiune-documentara-la-care-au-participat-50-de-elevi\/#respond"]}]},{"@type":"WebPage","@id":"https:\/\/urbeamea.ro\/albaiulia\/dorin-pavel-fondatorul-hidroenergeticii-romanesti-a-fost-evocat-de-municipiul-sebes-printr-o-incursiune-documentara-la-care-au-participat-50-de-elevi\/","url":"https:\/\/urbeamea.ro\/albaiulia\/dorin-pavel-fondatorul-hidroenergeticii-romanesti-a-fost-evocat-de-municipiul-sebes-printr-o-incursiune-documentara-la-care-au-participat-50-de-elevi\/","name":"Dorin Pavel, fondatorul hidroenergeticii rom\u00e2ne\u0219ti, a fost evocat de municipiul Sebe\u0219 printr-o incursiune documentar\u0103 la care au participat 50 de elevi - Revista Urbea Mea - Revista de Alba","isPartOf":{"@id":"https:\/\/urbeamea.ro\/albaiulia\/#website"},"primaryImageOfPage":{"@id":"https:\/\/urbeamea.ro\/albaiulia\/dorin-pavel-fondatorul-hidroenergeticii-romanesti-a-fost-evocat-de-municipiul-sebes-printr-o-incursiune-documentara-la-care-au-participat-50-de-elevi\/#primaryimage"},"image":{"@id":"https:\/\/urbeamea.ro\/albaiulia\/dorin-pavel-fondatorul-hidroenergeticii-romanesti-a-fost-evocat-de-municipiul-sebes-printr-o-incursiune-documentara-la-care-au-participat-50-de-elevi\/#primaryimage"},"thumbnailUrl":"https:\/\/urbeamea.ro\/albaiulia\/wp-content\/uploads\/2023\/06\/Dorin-Pavel-15.06.2023-@Adrian-Pamfilie-3.jpg","datePublished":"2023-06-16T19:15:55+00:00","dateModified":"2023-06-16T19:16:00+00:00","author":{"@id":"https:\/\/urbeamea.ro\/albaiulia\/#\/schema\/person\/272ae98052f8ee8980f59848df070247"},"description":"Profesorul Dorin Pavel, membru de onoare post-mortem al Academiei de \u015etiin\u0163e Tehnice din Rom\u00e2nia, n\u0103scut la Sebe\u015f, la 31 mai 1900, este una dintre marile","breadcrumb":{"@id":"https:\/\/urbeamea.ro\/albaiulia\/dorin-pavel-fondatorul-hidroenergeticii-romanesti-a-fost-evocat-de-municipiul-sebes-printr-o-incursiune-documentara-la-care-au-participat-50-de-elevi\/#breadcrumb"},"inLanguage":"ro-RO","potentialAction":[{"@type":"ReadAction","target":["https:\/\/urbeamea.ro\/albaiulia\/dorin-pavel-fondatorul-hidroenergeticii-romanesti-a-fost-evocat-de-municipiul-sebes-printr-o-incursiune-documentara-la-care-au-participat-50-de-elevi\/"]}]},{"@type":"ImageObject","inLanguage":"ro-RO","@id":"https:\/\/urbeamea.ro\/albaiulia\/dorin-pavel-fondatorul-hidroenergeticii-romanesti-a-fost-evocat-de-municipiul-sebes-printr-o-incursiune-documentara-la-care-au-participat-50-de-elevi\/#primaryimage","url":"https:\/\/urbeamea.ro\/albaiulia\/wp-content\/uploads\/2023\/06\/Dorin-Pavel-15.06.2023-@Adrian-Pamfilie-3.jpg","contentUrl":"https:\/\/urbeamea.ro\/albaiulia\/wp-content\/uploads\/2023\/06\/Dorin-Pavel-15.06.2023-@Adrian-Pamfilie-3.jpg","width":1600,"height":900},{"@type":"BreadcrumbList","@id":"https:\/\/urbeamea.ro\/albaiulia\/dorin-pavel-fondatorul-hidroenergeticii-romanesti-a-fost-evocat-de-municipiul-sebes-printr-o-incursiune-documentara-la-care-au-participat-50-de-elevi\/#breadcrumb","itemListElement":[{"@type":"ListItem","position":1,"name":"Prima pagin\u0103","item":"https:\/\/urbeamea.ro\/albaiulia\/"},{"@type":"ListItem","position":2,"name":"Dorin Pavel, fondatorul hidroenergeticii rom\u00e2ne\u0219ti, a fost evocat de municipiul Sebe\u0219 printr-o incursiune documentar\u0103 la care au participat 50 de elevi"}]},{"@type":"WebSite","@id":"https:\/\/urbeamea.ro\/albaiulia\/#website","url":"https:\/\/urbeamea.ro\/albaiulia\/","name":"Revista Urbea Mea, Stiri urbane","description":"Evenimente \u0219i \u0219tiri din Alba Iulia, Sebe\u0219, Aiud, Blaj","potentialAction":[{"@type":"SearchAction","target":{"@type":"EntryPoint","urlTemplate":"https:\/\/urbeamea.ro\/albaiulia\/?s={search_term_string}"},"query-input":{"@type":"PropertyValueSpecification","valueRequired":true,"valueName":"search_term_string"}}],"inLanguage":"ro-RO"},{"@type":"Person","@id":"https:\/\/urbeamea.ro\/albaiulia\/#\/schema\/person\/272ae98052f8ee8980f59848df070247","name":"Redac\u021bia UrbeaMea","image":{"@type":"ImageObject","inLanguage":"ro-RO","@id":"https:\/\/secure.gravatar.com\/avatar\/9ce5a9435071fa1037e8468053ead8e513dbbff59009d3069aadb85506d85a27?s=96&d=mm&r=g","url":"https:\/\/secure.gravatar.com\/avatar\/9ce5a9435071fa1037e8468053ead8e513dbbff59009d3069aadb85506d85a27?s=96&d=mm&r=g","contentUrl":"https:\/\/secure.gravatar.com\/avatar\/9ce5a9435071fa1037e8468053ead8e513dbbff59009d3069aadb85506d85a27?s=96&d=mm&r=g","caption":"Redac\u021bia UrbeaMea"},"description":"contact@urbeamea.ro","sameAs":["https:\/\/www.urbeamea.ro"],"url":"https:\/\/urbeamea.ro\/albaiulia\/author\/redactia-urbeamea\/"}]}},"_links":{"self":[{"href":"https:\/\/urbeamea.ro\/albaiulia\/wp-json\/wp\/v2\/posts\/108101","targetHints":{"allow":["GET"]}}],"collection":[{"href":"https:\/\/urbeamea.ro\/albaiulia\/wp-json\/wp\/v2\/posts"}],"about":[{"href":"https:\/\/urbeamea.ro\/albaiulia\/wp-json\/wp\/v2\/types\/post"}],"author":[{"embeddable":true,"href":"https:\/\/urbeamea.ro\/albaiulia\/wp-json\/wp\/v2\/users\/16"}],"replies":[{"embeddable":true,"href":"https:\/\/urbeamea.ro\/albaiulia\/wp-json\/wp\/v2\/comments?post=108101"}],"version-history":[{"count":1,"href":"https:\/\/urbeamea.ro\/albaiulia\/wp-json\/wp\/v2\/posts\/108101\/revisions"}],"predecessor-version":[{"id":108109,"href":"https:\/\/urbeamea.ro\/albaiulia\/wp-json\/wp\/v2\/posts\/108101\/revisions\/108109"}],"wp:featuredmedia":[{"embeddable":true,"href":"https:\/\/urbeamea.ro\/albaiulia\/wp-json\/wp\/v2\/media\/108108"}],"wp:attachment":[{"href":"https:\/\/urbeamea.ro\/albaiulia\/wp-json\/wp\/v2\/media?parent=108101"}],"wp:term":[{"taxonomy":"category","embeddable":true,"href":"https:\/\/urbeamea.ro\/albaiulia\/wp-json\/wp\/v2\/categories?post=108101"},{"taxonomy":"post_tag","embeddable":true,"href":"https:\/\/urbeamea.ro\/albaiulia\/wp-json\/wp\/v2\/tags?post=108101"}],"curies":[{"name":"wp","href":"https:\/\/api.w.org\/{rel}","templated":true}]}}