{"id":108167,"date":"2023-06-24T11:59:49","date_gmt":"2023-06-24T08:59:49","guid":{"rendered":"https:\/\/urbeamea.ro\/albaiulia\/?p=108167"},"modified":"2023-06-24T11:59:54","modified_gmt":"2023-06-24T08:59:54","slug":"filme-premiate-la-cannes-productii-americane-independente-si-pelicule-romanesti-sosesc-la-sebes","status":"publish","type":"post","link":"https:\/\/urbeamea.ro\/albaiulia\/filme-premiate-la-cannes-productii-americane-independente-si-pelicule-romanesti-sosesc-la-sebes\/","title":{"rendered":"Filme premiate la Cannes, produc\u021bii americane independente, \u0219i pelicule rom\u00e2ne\u0219ti sosesc la Sebe\u0219"},"content":{"rendered":"\n<p>Finalul lunii iunie aduce caravane cu filme bune la Sebe\u0219, iar pelicule premiate se vor vedea \u00een Parcul Tineretului, \u00een perioada cuprins\u0103 \u00eentre 27 \u0219i 29 iunie.<\/p>\n\n\n\n<p>Pentru prima oar\u0103 la Sebe\u0219, <strong>American Independent Film Festival \u2013 Itinerant <\/strong>debuteaz\u0103 \u00een aer liber, mar\u021bi, 27 iunie \u00een Parcul Tineretului, cu <strong><em>My Salinger Year<\/em><\/strong>, de Philippe Falardeau, \u0219i o distribu\u021bie de zile mari \u2013 Sigourney Weaver \u0219i Margaret Qualley. Sunt anii 90 la New York, \u00eentr-o agen\u021bie literar\u0103 care \u00eel reprezint\u0103 pe faimosul J.D. Salinger. \u00cens\u0103rcinat\u0103 de \u0219efa sa excentric\u0103 (Weaver) s\u0103 prelucreze coresponden\u021ba lui Salinger, Joana (Qualley) decide s\u0103 personalizeze r\u0103spunsul sec oferit de agen\u021bi fanilor scriitorului. Rezultatele sunt&nbsp;emo\u021bionante&nbsp;\u0219i&nbsp;pline de umor. \u00cen timp ce folose\u0219te vocea marelui autor,&nbsp;Joanna&nbsp;\u00eencepe s\u0103 o descopere pe a ei.<\/p>\n\n\n\n<p>Miercuri, 28 iunie, urmeaz\u0103 <strong><em>Un beau matin<\/em><\/strong><em>, <\/em>de Mia Hansen-L\u00f8ve \u00een cadrul <strong>Caravanei Les Films de Cannes<\/strong> <strong>\u00e0<\/strong> <strong>Sebe\u0219<\/strong>. Filmul o are \u00een rol principal pe Lea Seydoux, premiat\u0103 cu Palm d\u2019Or pentru interpretare feminin\u0103, \u0219i bine-cunoscut\u0103 pentru rolul ei din seria Bond. Un Beau Matin este o poveste \u00eenduio\u0219\u0103toare despre natura uman\u0103, cu gre\u0219elile, regretele, bucuriile \u0219i speran\u021bele ei. Un film turnat integral pe pelicul\u0103, care nu te las\u0103 rece.<\/p>\n\n\n\n<p><strong>Caravana Zilele Filmului Rom\u00e2nesc 2023 <\/strong>ajunge \u00een ora\u0219 pe 29 iunie, c\u00e2nd va rula la Sebe\u0219 filmul <strong>Metronom, <\/strong>semnat de Alexandru Belc, care a ob\u021binut \u00een 2022 premiul pentru regie, \u00een sec\u021biunea Un Certain Regard a festivalului de la Cannes. Pelicula urm\u0103re\u0219te \u00eendeaproape o adolescent\u0103 din Bucure\u015ftiul anului 1972. Ana are 17 ani \u015fi viseaz\u0103 la dragoste \u015fi libertate. \u00centr-o sear\u0103, ea particip\u0103 la o petrecere unde prietenii ei decid s\u0103 trimit\u0103 o scrisoare la emisiunea Metronom, pe care to\u0163i o ascult\u0103 clandestin la Europa Liber\u0103. \u015ei deodat\u0103 dau n\u0103val\u0103 agen\u0163ii Securit\u0103\u0163ii\u2026 Filmul va fi \u00eenso\u021bit de un mesaj din partea echipei.<\/p>\n\n\n\n<p>Caravanele cu filme ajung <strong>\u00eentre 27 \u0219i 29 iunie la<\/strong> <strong>Sebe\u0219, \u00een Parcul Tineretului<\/strong>, iar intrarea este liber\u0103. \u00cen caz de vreme rea proiec\u021biile se vor muta \u00een Centrul Cultural \u201eLucian Blaga\u201d.<\/p>\n\n\n\n<p>Programul proiec\u021biilor se g\u0103se\u0219te mai jos:<\/p>\n\n\n\n<p><strong><u>American Independent Film Festival \u2013 Itinerant<\/u><\/strong><\/p>\n\n\n\n<p>Mar\u021bi, 27 iunie, ora 21:00, <strong>My Salinger Year, <\/strong>regia Philippe Falardeau, Premier\u0103 la Berlinale, 2020<\/p>\n\n\n\n<p><strong><u>Caravana Les Films de Cannes \u00e0 Sebe\u0219<\/u><\/strong><\/p>\n\n\n\n<p>Miercuri, 28 iunie, ora 21:00, <strong>Un beau matin<\/strong>, regia Mia Hansen-L\u00f8ve, Cannes 2022<\/p>\n\n\n\n<p><strong><u>Caravana Zilele Filmului Rom\u00e2nesc<\/u><\/strong><\/p>\n\n\n\n<p>Joi, 29 iunie, ora 21:00: <strong>Metronom<\/strong>, regia Alexandru Belc, Premiul pentru regie, Un Certain Regard, Cannes 2022<\/p>\n\n\n\n<p>Caravanele de la Sebe\u0219 sunt prezentate de Asocia\u021bia Cinemascop, Voodoo Films, \u0219i Mobra Films, cu sprijinul Centrului Cultural \u201eLucian Blaga\u201d Sebe\u0219 \u0219i al Prim\u0103riei Municipiului Sebe\u0219.<\/p>\n\n\n\n<p>Proiect finan\u021bat de Centrul Na\u021bional al Cinematografiei.<\/p>\n\n\n\n<p>Parteneri Europa Cinemas, Radio Rom\u00e2nia Cultural.\u00a0<\/p>\n\n\n\n<figure class=\"wp-block-gallery has-nested-images columns-default is-cropped wp-block-gallery-1 is-layout-flex wp-block-gallery-is-layout-flex\">\n<figure class=\"wp-block-image size-large\"><a href=\"https:\/\/urbeamea.ro\/albaiulia\/wp-content\/uploads\/2023\/06\/WhatsApp-Image-2023-06-07-at-13.08.40-1.jpeg\"><img loading=\"lazy\" decoding=\"async\" width=\"896\" height=\"1280\" data-id=\"108168\" src=\"https:\/\/urbeamea.ro\/albaiulia\/wp-content\/uploads\/2023\/06\/WhatsApp-Image-2023-06-07-at-13.08.40-1-896x1280.jpeg\" alt=\"\" class=\"wp-image-108168\" srcset=\"https:\/\/urbeamea.ro\/albaiulia\/wp-content\/uploads\/2023\/06\/WhatsApp-Image-2023-06-07-at-13.08.40-1-896x1280.jpeg 896w, https:\/\/urbeamea.ro\/albaiulia\/wp-content\/uploads\/2023\/06\/WhatsApp-Image-2023-06-07-at-13.08.40-1-448x640.jpeg 448w, https:\/\/urbeamea.ro\/albaiulia\/wp-content\/uploads\/2023\/06\/WhatsApp-Image-2023-06-07-at-13.08.40-1-105x150.jpeg 105w, https:\/\/urbeamea.ro\/albaiulia\/wp-content\/uploads\/2023\/06\/WhatsApp-Image-2023-06-07-at-13.08.40-1-768x1097.jpeg 768w, https:\/\/urbeamea.ro\/albaiulia\/wp-content\/uploads\/2023\/06\/WhatsApp-Image-2023-06-07-at-13.08.40-1-1075x1536.jpeg 1075w, https:\/\/urbeamea.ro\/albaiulia\/wp-content\/uploads\/2023\/06\/WhatsApp-Image-2023-06-07-at-13.08.40-1.jpeg 1120w\" sizes=\"auto, (max-width: 896px) 100vw, 896px\" \/><\/a><\/figure>\n\n\n\n<figure class=\"wp-block-image size-large\"><a href=\"https:\/\/urbeamea.ro\/albaiulia\/wp-content\/uploads\/2023\/06\/WhatsApp-Image-2023-06-07-at-13.08.40-2.jpeg\"><img loading=\"lazy\" decoding=\"async\" width=\"891\" height=\"1280\" data-id=\"108170\" src=\"https:\/\/urbeamea.ro\/albaiulia\/wp-content\/uploads\/2023\/06\/WhatsApp-Image-2023-06-07-at-13.08.40-2-891x1280.jpeg\" alt=\"\" class=\"wp-image-108170\" srcset=\"https:\/\/urbeamea.ro\/albaiulia\/wp-content\/uploads\/2023\/06\/WhatsApp-Image-2023-06-07-at-13.08.40-2-891x1280.jpeg 891w, https:\/\/urbeamea.ro\/albaiulia\/wp-content\/uploads\/2023\/06\/WhatsApp-Image-2023-06-07-at-13.08.40-2-446x640.jpeg 446w, https:\/\/urbeamea.ro\/albaiulia\/wp-content\/uploads\/2023\/06\/WhatsApp-Image-2023-06-07-at-13.08.40-2-104x150.jpeg 104w, https:\/\/urbeamea.ro\/albaiulia\/wp-content\/uploads\/2023\/06\/WhatsApp-Image-2023-06-07-at-13.08.40-2-768x1103.jpeg 768w, https:\/\/urbeamea.ro\/albaiulia\/wp-content\/uploads\/2023\/06\/WhatsApp-Image-2023-06-07-at-13.08.40-2-1069x1536.jpeg 1069w, https:\/\/urbeamea.ro\/albaiulia\/wp-content\/uploads\/2023\/06\/WhatsApp-Image-2023-06-07-at-13.08.40-2.jpeg 1114w\" sizes=\"auto, (max-width: 891px) 100vw, 891px\" \/><\/a><\/figure>\n\n\n\n<figure class=\"wp-block-image size-large\"><a href=\"https:\/\/urbeamea.ro\/albaiulia\/wp-content\/uploads\/2023\/06\/WhatsApp-Image-2023-06-07-at-13.08.40.jpeg\"><img loading=\"lazy\" decoding=\"async\" width=\"896\" height=\"1280\" data-id=\"108169\" src=\"https:\/\/urbeamea.ro\/albaiulia\/wp-content\/uploads\/2023\/06\/WhatsApp-Image-2023-06-07-at-13.08.40-896x1280.jpeg\" alt=\"\" class=\"wp-image-108169\" srcset=\"https:\/\/urbeamea.ro\/albaiulia\/wp-content\/uploads\/2023\/06\/WhatsApp-Image-2023-06-07-at-13.08.40-896x1280.jpeg 896w, https:\/\/urbeamea.ro\/albaiulia\/wp-content\/uploads\/2023\/06\/WhatsApp-Image-2023-06-07-at-13.08.40-448x640.jpeg 448w, https:\/\/urbeamea.ro\/albaiulia\/wp-content\/uploads\/2023\/06\/WhatsApp-Image-2023-06-07-at-13.08.40-105x150.jpeg 105w, https:\/\/urbeamea.ro\/albaiulia\/wp-content\/uploads\/2023\/06\/WhatsApp-Image-2023-06-07-at-13.08.40-768x1097.jpeg 768w, https:\/\/urbeamea.ro\/albaiulia\/wp-content\/uploads\/2023\/06\/WhatsApp-Image-2023-06-07-at-13.08.40-1075x1536.jpeg 1075w, https:\/\/urbeamea.ro\/albaiulia\/wp-content\/uploads\/2023\/06\/WhatsApp-Image-2023-06-07-at-13.08.40.jpeg 1120w\" sizes=\"auto, (max-width: 896px) 100vw, 896px\" \/><\/a><\/figure>\n<\/figure>\n\n\n\n<figure class=\"wp-block-gallery has-nested-images columns-default is-cropped wp-block-gallery-2 is-layout-flex wp-block-gallery-is-layout-flex\">\n<figure class=\"wp-block-image size-large\"><img loading=\"lazy\" decoding=\"async\" width=\"1280\" height=\"692\" data-id=\"108171\" src=\"https:\/\/urbeamea.ro\/albaiulia\/wp-content\/uploads\/2023\/06\/My-SalingerYear.jpeg\" alt=\"\" class=\"wp-image-108171\" srcset=\"https:\/\/urbeamea.ro\/albaiulia\/wp-content\/uploads\/2023\/06\/My-SalingerYear.jpeg 1280w, https:\/\/urbeamea.ro\/albaiulia\/wp-content\/uploads\/2023\/06\/My-SalingerYear-640x346.jpeg 640w, https:\/\/urbeamea.ro\/albaiulia\/wp-content\/uploads\/2023\/06\/My-SalingerYear-150x81.jpeg 150w, https:\/\/urbeamea.ro\/albaiulia\/wp-content\/uploads\/2023\/06\/My-SalingerYear-768x415.jpeg 768w\" sizes=\"auto, (max-width: 1280px) 100vw, 1280px\" \/><\/figure>\n\n\n\n<figure class=\"wp-block-image size-large\"><img loading=\"lazy\" decoding=\"async\" width=\"1280\" height=\"853\" data-id=\"108172\" src=\"https:\/\/urbeamea.ro\/albaiulia\/wp-content\/uploads\/2023\/06\/METRONOM.jpeg\" alt=\"\" class=\"wp-image-108172\" srcset=\"https:\/\/urbeamea.ro\/albaiulia\/wp-content\/uploads\/2023\/06\/METRONOM.jpeg 1280w, https:\/\/urbeamea.ro\/albaiulia\/wp-content\/uploads\/2023\/06\/METRONOM-640x427.jpeg 640w, https:\/\/urbeamea.ro\/albaiulia\/wp-content\/uploads\/2023\/06\/METRONOM-150x100.jpeg 150w, https:\/\/urbeamea.ro\/albaiulia\/wp-content\/uploads\/2023\/06\/METRONOM-768x512.jpeg 768w\" sizes=\"auto, (max-width: 1280px) 100vw, 1280px\" \/><\/figure>\n<\/figure>\n","protected":false},"excerpt":{"rendered":"<p>Finalul lunii iunie aduce caravane cu filme bune la Sebe\u0219, iar pelicule premiate se vor vedea \u00een Parcul Tineretului, \u00een perioada cuprins\u0103 \u00eentre 27 \u0219i 29 iunie. Pentru prima oar\u0103 la Sebe\u0219, American Independent Film Festival \u2013 Itinerant debuteaz\u0103 \u00een aer liber, mar\u021bi, 27 iunie \u00een Parcul Tineretului, cu My Salinger Year, de Philippe Falardeau, &hellip;<\/p>\n","protected":false},"author":16,"featured_media":108173,"comment_status":"open","ping_status":"open","sticky":false,"template":"","format":"standard","meta":{"inline_featured_image":false,"footnotes":""},"categories":[28],"tags":[17300],"class_list":["post-108167","post","type-post","status-publish","format-standard","has-post-thumbnail","hentry","category-cinema","tag-municipiul-sebes"],"yoast_head":"<!-- This site is optimized with the Yoast SEO plugin v27.4 - https:\/\/yoast.com\/product\/yoast-seo-wordpress\/ -->\n<title>Filme premiate la Cannes, produc\u021bii americane independente, \u0219i pelicule rom\u00e2ne\u0219ti sosesc la Sebe\u0219 - Revista Urbea Mea - Revista de Alba<\/title>\n<meta name=\"description\" content=\"Finalul lunii iunie aduce caravane cu filme bune la Sebe\u0219, iar pelicule premiate se vor vedea \u00een Parcul Tineretului, \u00een perioada cuprins\u0103 \u00eentre 27 \u0219i 29\" \/>\n<meta name=\"robots\" content=\"index, follow, max-snippet:-1, max-image-preview:large, max-video-preview:-1\" \/>\n<link rel=\"canonical\" href=\"https:\/\/urbeamea.ro\/albaiulia\/filme-premiate-la-cannes-productii-americane-independente-si-pelicule-romanesti-sosesc-la-sebes\/\" \/>\n<meta name=\"twitter:card\" content=\"summary_large_image\" \/>\n<meta name=\"twitter:title\" content=\"Filme premiate la Cannes, produc\u021bii americane independente, \u0219i pelicule rom\u00e2ne\u0219ti sosesc la Sebe\u0219 - Revista Urbea Mea - Revista de Alba\" \/>\n<meta name=\"twitter:description\" content=\"Finalul lunii iunie aduce caravane cu filme bune la Sebe\u0219, iar pelicule premiate se vor vedea \u00een Parcul Tineretului, \u00een perioada cuprins\u0103 \u00eentre 27 \u0219i 29\" \/>\n<meta name=\"twitter:image\" content=\"https:\/\/urbeamea.ro\/albaiulia\/wp-content\/uploads\/2023\/06\/Un-beau-matin2.jpeg\" \/>\n<meta name=\"twitter:creator\" content=\"@urbeameaweb\" \/>\n<meta name=\"twitter:site\" content=\"@urbeameaweb\" \/>\n<script type=\"application\/ld+json\" class=\"yoast-schema-graph\">{\"@context\":\"https:\\\/\\\/schema.org\",\"@graph\":[{\"@type\":\"Article\",\"@id\":\"https:\\\/\\\/urbeamea.ro\\\/albaiulia\\\/filme-premiate-la-cannes-productii-americane-independente-si-pelicule-romanesti-sosesc-la-sebes\\\/#article\",\"isPartOf\":{\"@id\":\"https:\\\/\\\/urbeamea.ro\\\/albaiulia\\\/filme-premiate-la-cannes-productii-americane-independente-si-pelicule-romanesti-sosesc-la-sebes\\\/\"},\"author\":{\"name\":\"Redac\u021bia UrbeaMea\",\"@id\":\"https:\\\/\\\/urbeamea.ro\\\/albaiulia\\\/#\\\/schema\\\/person\\\/272ae98052f8ee8980f59848df070247\"},\"headline\":\"Filme premiate la Cannes, produc\u021bii americane independente, \u0219i pelicule rom\u00e2ne\u0219ti sosesc la Sebe\u0219\",\"datePublished\":\"2023-06-24T08:59:49+00:00\",\"dateModified\":\"2023-06-24T08:59:54+00:00\",\"mainEntityOfPage\":{\"@id\":\"https:\\\/\\\/urbeamea.ro\\\/albaiulia\\\/filme-premiate-la-cannes-productii-americane-independente-si-pelicule-romanesti-sosesc-la-sebes\\\/\"},\"wordCount\":474,\"commentCount\":0,\"image\":{\"@id\":\"https:\\\/\\\/urbeamea.ro\\\/albaiulia\\\/filme-premiate-la-cannes-productii-americane-independente-si-pelicule-romanesti-sosesc-la-sebes\\\/#primaryimage\"},\"thumbnailUrl\":\"https:\\\/\\\/urbeamea.ro\\\/albaiulia\\\/wp-content\\\/uploads\\\/2023\\\/06\\\/Un-beau-matin2.jpeg\",\"keywords\":[\"municipiul sebes\"],\"articleSection\":[\"Cinema, Filme \u0219i seriale\"],\"inLanguage\":\"ro-RO\",\"potentialAction\":[{\"@type\":\"CommentAction\",\"name\":\"Comment\",\"target\":[\"https:\\\/\\\/urbeamea.ro\\\/albaiulia\\\/filme-premiate-la-cannes-productii-americane-independente-si-pelicule-romanesti-sosesc-la-sebes\\\/#respond\"]}]},{\"@type\":\"WebPage\",\"@id\":\"https:\\\/\\\/urbeamea.ro\\\/albaiulia\\\/filme-premiate-la-cannes-productii-americane-independente-si-pelicule-romanesti-sosesc-la-sebes\\\/\",\"url\":\"https:\\\/\\\/urbeamea.ro\\\/albaiulia\\\/filme-premiate-la-cannes-productii-americane-independente-si-pelicule-romanesti-sosesc-la-sebes\\\/\",\"name\":\"Filme premiate la Cannes, produc\u021bii americane independente, \u0219i pelicule rom\u00e2ne\u0219ti sosesc la Sebe\u0219 - Revista Urbea Mea - Revista de Alba\",\"isPartOf\":{\"@id\":\"https:\\\/\\\/urbeamea.ro\\\/albaiulia\\\/#website\"},\"primaryImageOfPage\":{\"@id\":\"https:\\\/\\\/urbeamea.ro\\\/albaiulia\\\/filme-premiate-la-cannes-productii-americane-independente-si-pelicule-romanesti-sosesc-la-sebes\\\/#primaryimage\"},\"image\":{\"@id\":\"https:\\\/\\\/urbeamea.ro\\\/albaiulia\\\/filme-premiate-la-cannes-productii-americane-independente-si-pelicule-romanesti-sosesc-la-sebes\\\/#primaryimage\"},\"thumbnailUrl\":\"https:\\\/\\\/urbeamea.ro\\\/albaiulia\\\/wp-content\\\/uploads\\\/2023\\\/06\\\/Un-beau-matin2.jpeg\",\"datePublished\":\"2023-06-24T08:59:49+00:00\",\"dateModified\":\"2023-06-24T08:59:54+00:00\",\"author\":{\"@id\":\"https:\\\/\\\/urbeamea.ro\\\/albaiulia\\\/#\\\/schema\\\/person\\\/272ae98052f8ee8980f59848df070247\"},\"description\":\"Finalul lunii iunie aduce caravane cu filme bune la Sebe\u0219, iar pelicule premiate se vor vedea \u00een Parcul Tineretului, \u00een perioada cuprins\u0103 \u00eentre 27 \u0219i 29\",\"breadcrumb\":{\"@id\":\"https:\\\/\\\/urbeamea.ro\\\/albaiulia\\\/filme-premiate-la-cannes-productii-americane-independente-si-pelicule-romanesti-sosesc-la-sebes\\\/#breadcrumb\"},\"inLanguage\":\"ro-RO\",\"potentialAction\":[{\"@type\":\"ReadAction\",\"target\":[\"https:\\\/\\\/urbeamea.ro\\\/albaiulia\\\/filme-premiate-la-cannes-productii-americane-independente-si-pelicule-romanesti-sosesc-la-sebes\\\/\"]}]},{\"@type\":\"ImageObject\",\"inLanguage\":\"ro-RO\",\"@id\":\"https:\\\/\\\/urbeamea.ro\\\/albaiulia\\\/filme-premiate-la-cannes-productii-americane-independente-si-pelicule-romanesti-sosesc-la-sebes\\\/#primaryimage\",\"url\":\"https:\\\/\\\/urbeamea.ro\\\/albaiulia\\\/wp-content\\\/uploads\\\/2023\\\/06\\\/Un-beau-matin2.jpeg\",\"contentUrl\":\"https:\\\/\\\/urbeamea.ro\\\/albaiulia\\\/wp-content\\\/uploads\\\/2023\\\/06\\\/Un-beau-matin2.jpeg\",\"width\":1280,\"height\":692},{\"@type\":\"BreadcrumbList\",\"@id\":\"https:\\\/\\\/urbeamea.ro\\\/albaiulia\\\/filme-premiate-la-cannes-productii-americane-independente-si-pelicule-romanesti-sosesc-la-sebes\\\/#breadcrumb\",\"itemListElement\":[{\"@type\":\"ListItem\",\"position\":1,\"name\":\"Prima pagin\u0103\",\"item\":\"https:\\\/\\\/urbeamea.ro\\\/albaiulia\\\/\"},{\"@type\":\"ListItem\",\"position\":2,\"name\":\"Filme premiate la Cannes, produc\u021bii americane independente, \u0219i pelicule rom\u00e2ne\u0219ti sosesc la Sebe\u0219\"}]},{\"@type\":\"WebSite\",\"@id\":\"https:\\\/\\\/urbeamea.ro\\\/albaiulia\\\/#website\",\"url\":\"https:\\\/\\\/urbeamea.ro\\\/albaiulia\\\/\",\"name\":\"Revista Urbea Mea, Stiri urbane\",\"description\":\"Evenimente \u0219i \u0219tiri din Alba Iulia, Sebe\u0219, Aiud, Blaj\",\"potentialAction\":[{\"@type\":\"SearchAction\",\"target\":{\"@type\":\"EntryPoint\",\"urlTemplate\":\"https:\\\/\\\/urbeamea.ro\\\/albaiulia\\\/?s={search_term_string}\"},\"query-input\":{\"@type\":\"PropertyValueSpecification\",\"valueRequired\":true,\"valueName\":\"search_term_string\"}}],\"inLanguage\":\"ro-RO\"},{\"@type\":\"Person\",\"@id\":\"https:\\\/\\\/urbeamea.ro\\\/albaiulia\\\/#\\\/schema\\\/person\\\/272ae98052f8ee8980f59848df070247\",\"name\":\"Redac\u021bia UrbeaMea\",\"image\":{\"@type\":\"ImageObject\",\"inLanguage\":\"ro-RO\",\"@id\":\"https:\\\/\\\/secure.gravatar.com\\\/avatar\\\/9ce5a9435071fa1037e8468053ead8e513dbbff59009d3069aadb85506d85a27?s=96&d=mm&r=g\",\"url\":\"https:\\\/\\\/secure.gravatar.com\\\/avatar\\\/9ce5a9435071fa1037e8468053ead8e513dbbff59009d3069aadb85506d85a27?s=96&d=mm&r=g\",\"contentUrl\":\"https:\\\/\\\/secure.gravatar.com\\\/avatar\\\/9ce5a9435071fa1037e8468053ead8e513dbbff59009d3069aadb85506d85a27?s=96&d=mm&r=g\",\"caption\":\"Redac\u021bia UrbeaMea\"},\"description\":\"contact@urbeamea.ro\",\"sameAs\":[\"https:\\\/\\\/www.urbeamea.ro\"],\"url\":\"https:\\\/\\\/urbeamea.ro\\\/albaiulia\\\/author\\\/redactia-urbeamea\\\/\"}]}<\/script>\n<!-- \/ Yoast SEO plugin. -->","yoast_head_json":{"title":"Filme premiate la Cannes, produc\u021bii americane independente, \u0219i pelicule rom\u00e2ne\u0219ti sosesc la Sebe\u0219 - Revista Urbea Mea - Revista de Alba","description":"Finalul lunii iunie aduce caravane cu filme bune la Sebe\u0219, iar pelicule premiate se vor vedea \u00een Parcul Tineretului, \u00een perioada cuprins\u0103 \u00eentre 27 \u0219i 29","robots":{"index":"index","follow":"follow","max-snippet":"max-snippet:-1","max-image-preview":"max-image-preview:large","max-video-preview":"max-video-preview:-1"},"canonical":"https:\/\/urbeamea.ro\/albaiulia\/filme-premiate-la-cannes-productii-americane-independente-si-pelicule-romanesti-sosesc-la-sebes\/","twitter_card":"summary_large_image","twitter_title":"Filme premiate la Cannes, produc\u021bii americane independente, \u0219i pelicule rom\u00e2ne\u0219ti sosesc la Sebe\u0219 - Revista Urbea Mea - Revista de Alba","twitter_description":"Finalul lunii iunie aduce caravane cu filme bune la Sebe\u0219, iar pelicule premiate se vor vedea \u00een Parcul Tineretului, \u00een perioada cuprins\u0103 \u00eentre 27 \u0219i 29","twitter_image":"https:\/\/urbeamea.ro\/albaiulia\/wp-content\/uploads\/2023\/06\/Un-beau-matin2.jpeg","twitter_creator":"@urbeameaweb","twitter_site":"@urbeameaweb","schema":{"@context":"https:\/\/schema.org","@graph":[{"@type":"Article","@id":"https:\/\/urbeamea.ro\/albaiulia\/filme-premiate-la-cannes-productii-americane-independente-si-pelicule-romanesti-sosesc-la-sebes\/#article","isPartOf":{"@id":"https:\/\/urbeamea.ro\/albaiulia\/filme-premiate-la-cannes-productii-americane-independente-si-pelicule-romanesti-sosesc-la-sebes\/"},"author":{"name":"Redac\u021bia UrbeaMea","@id":"https:\/\/urbeamea.ro\/albaiulia\/#\/schema\/person\/272ae98052f8ee8980f59848df070247"},"headline":"Filme premiate la Cannes, produc\u021bii americane independente, \u0219i pelicule rom\u00e2ne\u0219ti sosesc la Sebe\u0219","datePublished":"2023-06-24T08:59:49+00:00","dateModified":"2023-06-24T08:59:54+00:00","mainEntityOfPage":{"@id":"https:\/\/urbeamea.ro\/albaiulia\/filme-premiate-la-cannes-productii-americane-independente-si-pelicule-romanesti-sosesc-la-sebes\/"},"wordCount":474,"commentCount":0,"image":{"@id":"https:\/\/urbeamea.ro\/albaiulia\/filme-premiate-la-cannes-productii-americane-independente-si-pelicule-romanesti-sosesc-la-sebes\/#primaryimage"},"thumbnailUrl":"https:\/\/urbeamea.ro\/albaiulia\/wp-content\/uploads\/2023\/06\/Un-beau-matin2.jpeg","keywords":["municipiul sebes"],"articleSection":["Cinema, Filme \u0219i seriale"],"inLanguage":"ro-RO","potentialAction":[{"@type":"CommentAction","name":"Comment","target":["https:\/\/urbeamea.ro\/albaiulia\/filme-premiate-la-cannes-productii-americane-independente-si-pelicule-romanesti-sosesc-la-sebes\/#respond"]}]},{"@type":"WebPage","@id":"https:\/\/urbeamea.ro\/albaiulia\/filme-premiate-la-cannes-productii-americane-independente-si-pelicule-romanesti-sosesc-la-sebes\/","url":"https:\/\/urbeamea.ro\/albaiulia\/filme-premiate-la-cannes-productii-americane-independente-si-pelicule-romanesti-sosesc-la-sebes\/","name":"Filme premiate la Cannes, produc\u021bii americane independente, \u0219i pelicule rom\u00e2ne\u0219ti sosesc la Sebe\u0219 - Revista Urbea Mea - Revista de Alba","isPartOf":{"@id":"https:\/\/urbeamea.ro\/albaiulia\/#website"},"primaryImageOfPage":{"@id":"https:\/\/urbeamea.ro\/albaiulia\/filme-premiate-la-cannes-productii-americane-independente-si-pelicule-romanesti-sosesc-la-sebes\/#primaryimage"},"image":{"@id":"https:\/\/urbeamea.ro\/albaiulia\/filme-premiate-la-cannes-productii-americane-independente-si-pelicule-romanesti-sosesc-la-sebes\/#primaryimage"},"thumbnailUrl":"https:\/\/urbeamea.ro\/albaiulia\/wp-content\/uploads\/2023\/06\/Un-beau-matin2.jpeg","datePublished":"2023-06-24T08:59:49+00:00","dateModified":"2023-06-24T08:59:54+00:00","author":{"@id":"https:\/\/urbeamea.ro\/albaiulia\/#\/schema\/person\/272ae98052f8ee8980f59848df070247"},"description":"Finalul lunii iunie aduce caravane cu filme bune la Sebe\u0219, iar pelicule premiate se vor vedea \u00een Parcul Tineretului, \u00een perioada cuprins\u0103 \u00eentre 27 \u0219i 29","breadcrumb":{"@id":"https:\/\/urbeamea.ro\/albaiulia\/filme-premiate-la-cannes-productii-americane-independente-si-pelicule-romanesti-sosesc-la-sebes\/#breadcrumb"},"inLanguage":"ro-RO","potentialAction":[{"@type":"ReadAction","target":["https:\/\/urbeamea.ro\/albaiulia\/filme-premiate-la-cannes-productii-americane-independente-si-pelicule-romanesti-sosesc-la-sebes\/"]}]},{"@type":"ImageObject","inLanguage":"ro-RO","@id":"https:\/\/urbeamea.ro\/albaiulia\/filme-premiate-la-cannes-productii-americane-independente-si-pelicule-romanesti-sosesc-la-sebes\/#primaryimage","url":"https:\/\/urbeamea.ro\/albaiulia\/wp-content\/uploads\/2023\/06\/Un-beau-matin2.jpeg","contentUrl":"https:\/\/urbeamea.ro\/albaiulia\/wp-content\/uploads\/2023\/06\/Un-beau-matin2.jpeg","width":1280,"height":692},{"@type":"BreadcrumbList","@id":"https:\/\/urbeamea.ro\/albaiulia\/filme-premiate-la-cannes-productii-americane-independente-si-pelicule-romanesti-sosesc-la-sebes\/#breadcrumb","itemListElement":[{"@type":"ListItem","position":1,"name":"Prima pagin\u0103","item":"https:\/\/urbeamea.ro\/albaiulia\/"},{"@type":"ListItem","position":2,"name":"Filme premiate la Cannes, produc\u021bii americane independente, \u0219i pelicule rom\u00e2ne\u0219ti sosesc la Sebe\u0219"}]},{"@type":"WebSite","@id":"https:\/\/urbeamea.ro\/albaiulia\/#website","url":"https:\/\/urbeamea.ro\/albaiulia\/","name":"Revista Urbea Mea, Stiri urbane","description":"Evenimente \u0219i \u0219tiri din Alba Iulia, Sebe\u0219, Aiud, Blaj","potentialAction":[{"@type":"SearchAction","target":{"@type":"EntryPoint","urlTemplate":"https:\/\/urbeamea.ro\/albaiulia\/?s={search_term_string}"},"query-input":{"@type":"PropertyValueSpecification","valueRequired":true,"valueName":"search_term_string"}}],"inLanguage":"ro-RO"},{"@type":"Person","@id":"https:\/\/urbeamea.ro\/albaiulia\/#\/schema\/person\/272ae98052f8ee8980f59848df070247","name":"Redac\u021bia UrbeaMea","image":{"@type":"ImageObject","inLanguage":"ro-RO","@id":"https:\/\/secure.gravatar.com\/avatar\/9ce5a9435071fa1037e8468053ead8e513dbbff59009d3069aadb85506d85a27?s=96&d=mm&r=g","url":"https:\/\/secure.gravatar.com\/avatar\/9ce5a9435071fa1037e8468053ead8e513dbbff59009d3069aadb85506d85a27?s=96&d=mm&r=g","contentUrl":"https:\/\/secure.gravatar.com\/avatar\/9ce5a9435071fa1037e8468053ead8e513dbbff59009d3069aadb85506d85a27?s=96&d=mm&r=g","caption":"Redac\u021bia UrbeaMea"},"description":"contact@urbeamea.ro","sameAs":["https:\/\/www.urbeamea.ro"],"url":"https:\/\/urbeamea.ro\/albaiulia\/author\/redactia-urbeamea\/"}]}},"_links":{"self":[{"href":"https:\/\/urbeamea.ro\/albaiulia\/wp-json\/wp\/v2\/posts\/108167","targetHints":{"allow":["GET"]}}],"collection":[{"href":"https:\/\/urbeamea.ro\/albaiulia\/wp-json\/wp\/v2\/posts"}],"about":[{"href":"https:\/\/urbeamea.ro\/albaiulia\/wp-json\/wp\/v2\/types\/post"}],"author":[{"embeddable":true,"href":"https:\/\/urbeamea.ro\/albaiulia\/wp-json\/wp\/v2\/users\/16"}],"replies":[{"embeddable":true,"href":"https:\/\/urbeamea.ro\/albaiulia\/wp-json\/wp\/v2\/comments?post=108167"}],"version-history":[{"count":1,"href":"https:\/\/urbeamea.ro\/albaiulia\/wp-json\/wp\/v2\/posts\/108167\/revisions"}],"predecessor-version":[{"id":108174,"href":"https:\/\/urbeamea.ro\/albaiulia\/wp-json\/wp\/v2\/posts\/108167\/revisions\/108174"}],"wp:featuredmedia":[{"embeddable":true,"href":"https:\/\/urbeamea.ro\/albaiulia\/wp-json\/wp\/v2\/media\/108173"}],"wp:attachment":[{"href":"https:\/\/urbeamea.ro\/albaiulia\/wp-json\/wp\/v2\/media?parent=108167"}],"wp:term":[{"taxonomy":"category","embeddable":true,"href":"https:\/\/urbeamea.ro\/albaiulia\/wp-json\/wp\/v2\/categories?post=108167"},{"taxonomy":"post_tag","embeddable":true,"href":"https:\/\/urbeamea.ro\/albaiulia\/wp-json\/wp\/v2\/tags?post=108167"}],"curies":[{"name":"wp","href":"https:\/\/api.w.org\/{rel}","templated":true}]}}