{"id":108232,"date":"2023-06-26T16:01:06","date_gmt":"2023-06-26T13:01:06","guid":{"rendered":"https:\/\/urbeamea.ro\/albaiulia\/?p=108232"},"modified":"2023-06-26T16:01:08","modified_gmt":"2023-06-26T13:01:08","slug":"cine-sunt-eu-cu-adevarat-ne-intrebam-marti-la-atelierul-de-biblioterapie-al-bibliotecii-judetene-lucian-blaga-alba","status":"publish","type":"post","link":"https:\/\/urbeamea.ro\/albaiulia\/cine-sunt-eu-cu-adevarat-ne-intrebam-marti-la-atelierul-de-biblioterapie-al-bibliotecii-judetene-lucian-blaga-alba\/","title":{"rendered":"\u201eCine sunt eu cu adev\u0103rat?\u201d ne \u00eentreb\u0103m mar\u021bi, la atelierul de Biblioterapie al Bibliotecii Jude\u021bene \u201eLucian Blaga\u201d Alba"},"content":{"rendered":"\n<p>Mar\u021bi, 27 iunie 2023, de la ora 17.00, psihoterapeutul Cosmin Bara \u0219i bibliotecara Luiza Pop v\u0103 a\u0219teapt\u0103 la Biblioterapia, atelier de psihologie practic\u0103 organizat de Consiliul Jude\u021bean Alba \u0219i Biblioteca Jude\u021bean\u0103 \u201eLucian Blaga\u201d Alba.<\/p>\n\n\n\n<p>Discu\u021biile generate de metodele propuse pentru a descoperi r\u0103spunsul la \u00eentrebarea <em>\u201e<\/em>Cine sunt eu cu adev\u0103rat?<em>\u201d <\/em>vor avea loc \u00een Sala de lectur\u0103 a Bibliotecii Jude\u021bene \u201eLucian Blaga\u201d Alba, \u0219i <em>&nbsp;<\/em>vor putea fi urm\u0103rite \u0219i live, pe pagina de Facebook a institu\u021biei.<\/p>\n\n\n\n<p>\u201e\u00cemi place ca la aceast\u0103 \u00eentrebare s\u0103 ofer ca r\u0103spuns metafora diamantului acoperit cu un strat de noroi. Un noroi gros, cu iarb\u0103 \u0219i crengu\u021be prin el, de nu-\u021bi vine s\u0103 pui m\u00e2na \u0219i \u021bi-e \u0219i groaz\u0103 ce ai putea g\u0103si pe acolo. Iar tot gogoloiul \u0103sta este ambalat foarte frumos.<\/p>\n\n\n\n<p>Avem deci 3 straturi: diamantul, noroiul \u0219i ambalajul. Diamantul este sinele nostru autentic, cine suntem noi cu adev\u0103rat. Noroiul? Toate fricile \u0219i \u00eendoielile pe care le avem despre noi, cine cu fric\u0103 ne g\u00e2ndim c\u0103 suntem. Iar ambalajul este imaginea pe care o proiect\u0103m pentru lume, cine pretindem c\u0103 suntem.\u2028V\u0103 pute\u021bi imagina? Dac\u0103 te-am f\u0103cut curios, te invit la aceast\u0103 \u00eent\u00e2lnire, s\u0103 descoperim prin tehnici psihoterapeutice moderne diamantul din fiecare dintre noi\u201d, transmite Cosmin Bara.<\/p>\n\n\n\n<p>Proiectul cultural 3.30 Biblioterapia face parte din programul 3 ANIMA\u021aIE CULTURAL\u0102 al Bibliotecii Jude\u021bene \u201eLucian Blaga\u201d Alba, prin intermediul atelierelor de psihologie practic\u0103 fiind promovate c\u0103r\u021bi tematice din colec\u021biile bibliotecii.<strong><\/strong><\/p>\n","protected":false},"excerpt":{"rendered":"<p>Mar\u021bi, 27 iunie 2023, de la ora 17.00, psihoterapeutul Cosmin Bara \u0219i bibliotecara Luiza Pop v\u0103 a\u0219teapt\u0103 la Biblioterapia, atelier de psihologie practic\u0103 organizat de Consiliul Jude\u021bean Alba \u0219i Biblioteca Jude\u021bean\u0103 \u201eLucian Blaga\u201d Alba. Discu\u021biile generate de metodele propuse pentru a descoperi r\u0103spunsul la \u00eentrebarea \u201eCine sunt eu cu adev\u0103rat?\u201d vor avea loc \u00een Sala &hellip;<\/p>\n","protected":false},"author":16,"featured_media":108233,"comment_status":"open","ping_status":"open","sticky":false,"template":"","format":"standard","meta":{"inline_featured_image":false,"footnotes":""},"categories":[4],"tags":[2113,22413],"class_list":["post-108232","post","type-post","status-publish","format-standard","has-post-thumbnail","hentry","category-eveniment","tag-biblioteca-judeteana-lucian-blaga-alba","tag-biblioterapia"],"yoast_head":"<!-- This site is optimized with the Yoast SEO plugin v27.4 - https:\/\/yoast.com\/product\/yoast-seo-wordpress\/ -->\n<title>\u201eCine sunt eu cu adev\u0103rat?\u201d ne \u00eentreb\u0103m mar\u021bi, la atelierul de Biblioterapie al Bibliotecii Jude\u021bene \u201eLucian Blaga\u201d Alba - Revista Urbea Mea - Revista de Alba<\/title>\n<meta name=\"description\" content=\"Mar\u021bi, 27 iunie 2023, de la ora 17.00, psihoterapeutul Cosmin Bara \u0219i bibliotecara Luiza Pop v\u0103 a\u0219teapt\u0103 la Biblioterapia, atelier de psihologie practic\u0103\" \/>\n<meta name=\"robots\" content=\"index, follow, max-snippet:-1, max-image-preview:large, max-video-preview:-1\" \/>\n<link rel=\"canonical\" href=\"https:\/\/urbeamea.ro\/albaiulia\/cine-sunt-eu-cu-adevarat-ne-intrebam-marti-la-atelierul-de-biblioterapie-al-bibliotecii-judetene-lucian-blaga-alba\/\" \/>\n<meta name=\"twitter:card\" content=\"summary_large_image\" \/>\n<meta name=\"twitter:title\" content=\"\u201eCine sunt eu cu adev\u0103rat?\u201d ne \u00eentreb\u0103m mar\u021bi, la atelierul de Biblioterapie al Bibliotecii Jude\u021bene \u201eLucian Blaga\u201d Alba - Revista Urbea Mea - Revista de Alba\" \/>\n<meta name=\"twitter:description\" content=\"Mar\u021bi, 27 iunie 2023, de la ora 17.00, psihoterapeutul Cosmin Bara \u0219i bibliotecara Luiza Pop v\u0103 a\u0219teapt\u0103 la Biblioterapia, atelier de psihologie practic\u0103\" \/>\n<meta name=\"twitter:image\" content=\"https:\/\/urbeamea.ro\/albaiulia\/wp-content\/uploads\/2023\/06\/Afis-3.30-Biblioterapia-27-iunie-2023.jpg\" \/>\n<meta name=\"twitter:creator\" content=\"@urbeameaweb\" \/>\n<meta name=\"twitter:site\" content=\"@urbeameaweb\" \/>\n<script type=\"application\/ld+json\" class=\"yoast-schema-graph\">{\"@context\":\"https:\\\/\\\/schema.org\",\"@graph\":[{\"@type\":\"Article\",\"@id\":\"https:\\\/\\\/urbeamea.ro\\\/albaiulia\\\/cine-sunt-eu-cu-adevarat-ne-intrebam-marti-la-atelierul-de-biblioterapie-al-bibliotecii-judetene-lucian-blaga-alba\\\/#article\",\"isPartOf\":{\"@id\":\"https:\\\/\\\/urbeamea.ro\\\/albaiulia\\\/cine-sunt-eu-cu-adevarat-ne-intrebam-marti-la-atelierul-de-biblioterapie-al-bibliotecii-judetene-lucian-blaga-alba\\\/\"},\"author\":{\"name\":\"Redac\u021bia UrbeaMea\",\"@id\":\"https:\\\/\\\/urbeamea.ro\\\/albaiulia\\\/#\\\/schema\\\/person\\\/272ae98052f8ee8980f59848df070247\"},\"headline\":\"\u201eCine sunt eu cu adev\u0103rat?\u201d ne \u00eentreb\u0103m mar\u021bi, la atelierul de Biblioterapie al Bibliotecii Jude\u021bene \u201eLucian Blaga\u201d Alba\",\"datePublished\":\"2023-06-26T13:01:06+00:00\",\"dateModified\":\"2023-06-26T13:01:08+00:00\",\"mainEntityOfPage\":{\"@id\":\"https:\\\/\\\/urbeamea.ro\\\/albaiulia\\\/cine-sunt-eu-cu-adevarat-ne-intrebam-marti-la-atelierul-de-biblioterapie-al-bibliotecii-judetene-lucian-blaga-alba\\\/\"},\"wordCount\":276,\"commentCount\":0,\"image\":{\"@id\":\"https:\\\/\\\/urbeamea.ro\\\/albaiulia\\\/cine-sunt-eu-cu-adevarat-ne-intrebam-marti-la-atelierul-de-biblioterapie-al-bibliotecii-judetene-lucian-blaga-alba\\\/#primaryimage\"},\"thumbnailUrl\":\"https:\\\/\\\/urbeamea.ro\\\/albaiulia\\\/wp-content\\\/uploads\\\/2023\\\/06\\\/Afis-3.30-Biblioterapia-27-iunie-2023.jpg\",\"keywords\":[\"Biblioteca Jude\u0163ean\u0103 \u201cLucian Blaga\u201d Alba\",\"biblioterapia\"],\"articleSection\":[\"Evenimente\"],\"inLanguage\":\"ro-RO\",\"potentialAction\":[{\"@type\":\"CommentAction\",\"name\":\"Comment\",\"target\":[\"https:\\\/\\\/urbeamea.ro\\\/albaiulia\\\/cine-sunt-eu-cu-adevarat-ne-intrebam-marti-la-atelierul-de-biblioterapie-al-bibliotecii-judetene-lucian-blaga-alba\\\/#respond\"]}]},{\"@type\":\"WebPage\",\"@id\":\"https:\\\/\\\/urbeamea.ro\\\/albaiulia\\\/cine-sunt-eu-cu-adevarat-ne-intrebam-marti-la-atelierul-de-biblioterapie-al-bibliotecii-judetene-lucian-blaga-alba\\\/\",\"url\":\"https:\\\/\\\/urbeamea.ro\\\/albaiulia\\\/cine-sunt-eu-cu-adevarat-ne-intrebam-marti-la-atelierul-de-biblioterapie-al-bibliotecii-judetene-lucian-blaga-alba\\\/\",\"name\":\"\u201eCine sunt eu cu adev\u0103rat?\u201d ne \u00eentreb\u0103m mar\u021bi, la atelierul de Biblioterapie al Bibliotecii Jude\u021bene \u201eLucian Blaga\u201d Alba - Revista Urbea Mea - Revista de Alba\",\"isPartOf\":{\"@id\":\"https:\\\/\\\/urbeamea.ro\\\/albaiulia\\\/#website\"},\"primaryImageOfPage\":{\"@id\":\"https:\\\/\\\/urbeamea.ro\\\/albaiulia\\\/cine-sunt-eu-cu-adevarat-ne-intrebam-marti-la-atelierul-de-biblioterapie-al-bibliotecii-judetene-lucian-blaga-alba\\\/#primaryimage\"},\"image\":{\"@id\":\"https:\\\/\\\/urbeamea.ro\\\/albaiulia\\\/cine-sunt-eu-cu-adevarat-ne-intrebam-marti-la-atelierul-de-biblioterapie-al-bibliotecii-judetene-lucian-blaga-alba\\\/#primaryimage\"},\"thumbnailUrl\":\"https:\\\/\\\/urbeamea.ro\\\/albaiulia\\\/wp-content\\\/uploads\\\/2023\\\/06\\\/Afis-3.30-Biblioterapia-27-iunie-2023.jpg\",\"datePublished\":\"2023-06-26T13:01:06+00:00\",\"dateModified\":\"2023-06-26T13:01:08+00:00\",\"author\":{\"@id\":\"https:\\\/\\\/urbeamea.ro\\\/albaiulia\\\/#\\\/schema\\\/person\\\/272ae98052f8ee8980f59848df070247\"},\"description\":\"Mar\u021bi, 27 iunie 2023, de la ora 17.00, psihoterapeutul Cosmin Bara \u0219i bibliotecara Luiza Pop v\u0103 a\u0219teapt\u0103 la Biblioterapia, atelier de psihologie practic\u0103\",\"breadcrumb\":{\"@id\":\"https:\\\/\\\/urbeamea.ro\\\/albaiulia\\\/cine-sunt-eu-cu-adevarat-ne-intrebam-marti-la-atelierul-de-biblioterapie-al-bibliotecii-judetene-lucian-blaga-alba\\\/#breadcrumb\"},\"inLanguage\":\"ro-RO\",\"potentialAction\":[{\"@type\":\"ReadAction\",\"target\":[\"https:\\\/\\\/urbeamea.ro\\\/albaiulia\\\/cine-sunt-eu-cu-adevarat-ne-intrebam-marti-la-atelierul-de-biblioterapie-al-bibliotecii-judetene-lucian-blaga-alba\\\/\"]}]},{\"@type\":\"ImageObject\",\"inLanguage\":\"ro-RO\",\"@id\":\"https:\\\/\\\/urbeamea.ro\\\/albaiulia\\\/cine-sunt-eu-cu-adevarat-ne-intrebam-marti-la-atelierul-de-biblioterapie-al-bibliotecii-judetene-lucian-blaga-alba\\\/#primaryimage\",\"url\":\"https:\\\/\\\/urbeamea.ro\\\/albaiulia\\\/wp-content\\\/uploads\\\/2023\\\/06\\\/Afis-3.30-Biblioterapia-27-iunie-2023.jpg\",\"contentUrl\":\"https:\\\/\\\/urbeamea.ro\\\/albaiulia\\\/wp-content\\\/uploads\\\/2023\\\/06\\\/Afis-3.30-Biblioterapia-27-iunie-2023.jpg\",\"width\":1067,\"height\":1600},{\"@type\":\"BreadcrumbList\",\"@id\":\"https:\\\/\\\/urbeamea.ro\\\/albaiulia\\\/cine-sunt-eu-cu-adevarat-ne-intrebam-marti-la-atelierul-de-biblioterapie-al-bibliotecii-judetene-lucian-blaga-alba\\\/#breadcrumb\",\"itemListElement\":[{\"@type\":\"ListItem\",\"position\":1,\"name\":\"Prima pagin\u0103\",\"item\":\"https:\\\/\\\/urbeamea.ro\\\/albaiulia\\\/\"},{\"@type\":\"ListItem\",\"position\":2,\"name\":\"\u201eCine sunt eu cu adev\u0103rat?\u201d ne \u00eentreb\u0103m mar\u021bi, la atelierul de Biblioterapie al Bibliotecii Jude\u021bene \u201eLucian Blaga\u201d Alba\"}]},{\"@type\":\"WebSite\",\"@id\":\"https:\\\/\\\/urbeamea.ro\\\/albaiulia\\\/#website\",\"url\":\"https:\\\/\\\/urbeamea.ro\\\/albaiulia\\\/\",\"name\":\"Revista Urbea Mea, Stiri urbane\",\"description\":\"Evenimente \u0219i \u0219tiri din Alba Iulia, Sebe\u0219, Aiud, Blaj\",\"potentialAction\":[{\"@type\":\"SearchAction\",\"target\":{\"@type\":\"EntryPoint\",\"urlTemplate\":\"https:\\\/\\\/urbeamea.ro\\\/albaiulia\\\/?s={search_term_string}\"},\"query-input\":{\"@type\":\"PropertyValueSpecification\",\"valueRequired\":true,\"valueName\":\"search_term_string\"}}],\"inLanguage\":\"ro-RO\"},{\"@type\":\"Person\",\"@id\":\"https:\\\/\\\/urbeamea.ro\\\/albaiulia\\\/#\\\/schema\\\/person\\\/272ae98052f8ee8980f59848df070247\",\"name\":\"Redac\u021bia UrbeaMea\",\"image\":{\"@type\":\"ImageObject\",\"inLanguage\":\"ro-RO\",\"@id\":\"https:\\\/\\\/secure.gravatar.com\\\/avatar\\\/9ce5a9435071fa1037e8468053ead8e513dbbff59009d3069aadb85506d85a27?s=96&d=mm&r=g\",\"url\":\"https:\\\/\\\/secure.gravatar.com\\\/avatar\\\/9ce5a9435071fa1037e8468053ead8e513dbbff59009d3069aadb85506d85a27?s=96&d=mm&r=g\",\"contentUrl\":\"https:\\\/\\\/secure.gravatar.com\\\/avatar\\\/9ce5a9435071fa1037e8468053ead8e513dbbff59009d3069aadb85506d85a27?s=96&d=mm&r=g\",\"caption\":\"Redac\u021bia UrbeaMea\"},\"description\":\"contact@urbeamea.ro\",\"sameAs\":[\"https:\\\/\\\/www.urbeamea.ro\"],\"url\":\"https:\\\/\\\/urbeamea.ro\\\/albaiulia\\\/author\\\/redactia-urbeamea\\\/\"}]}<\/script>\n<!-- \/ Yoast SEO plugin. -->","yoast_head_json":{"title":"\u201eCine sunt eu cu adev\u0103rat?\u201d ne \u00eentreb\u0103m mar\u021bi, la atelierul de Biblioterapie al Bibliotecii Jude\u021bene \u201eLucian Blaga\u201d Alba - Revista Urbea Mea - Revista de Alba","description":"Mar\u021bi, 27 iunie 2023, de la ora 17.00, psihoterapeutul Cosmin Bara \u0219i bibliotecara Luiza Pop v\u0103 a\u0219teapt\u0103 la Biblioterapia, atelier de psihologie practic\u0103","robots":{"index":"index","follow":"follow","max-snippet":"max-snippet:-1","max-image-preview":"max-image-preview:large","max-video-preview":"max-video-preview:-1"},"canonical":"https:\/\/urbeamea.ro\/albaiulia\/cine-sunt-eu-cu-adevarat-ne-intrebam-marti-la-atelierul-de-biblioterapie-al-bibliotecii-judetene-lucian-blaga-alba\/","twitter_card":"summary_large_image","twitter_title":"\u201eCine sunt eu cu adev\u0103rat?\u201d ne \u00eentreb\u0103m mar\u021bi, la atelierul de Biblioterapie al Bibliotecii Jude\u021bene \u201eLucian Blaga\u201d Alba - Revista Urbea Mea - Revista de Alba","twitter_description":"Mar\u021bi, 27 iunie 2023, de la ora 17.00, psihoterapeutul Cosmin Bara \u0219i bibliotecara Luiza Pop v\u0103 a\u0219teapt\u0103 la Biblioterapia, atelier de psihologie practic\u0103","twitter_image":"https:\/\/urbeamea.ro\/albaiulia\/wp-content\/uploads\/2023\/06\/Afis-3.30-Biblioterapia-27-iunie-2023.jpg","twitter_creator":"@urbeameaweb","twitter_site":"@urbeameaweb","schema":{"@context":"https:\/\/schema.org","@graph":[{"@type":"Article","@id":"https:\/\/urbeamea.ro\/albaiulia\/cine-sunt-eu-cu-adevarat-ne-intrebam-marti-la-atelierul-de-biblioterapie-al-bibliotecii-judetene-lucian-blaga-alba\/#article","isPartOf":{"@id":"https:\/\/urbeamea.ro\/albaiulia\/cine-sunt-eu-cu-adevarat-ne-intrebam-marti-la-atelierul-de-biblioterapie-al-bibliotecii-judetene-lucian-blaga-alba\/"},"author":{"name":"Redac\u021bia UrbeaMea","@id":"https:\/\/urbeamea.ro\/albaiulia\/#\/schema\/person\/272ae98052f8ee8980f59848df070247"},"headline":"\u201eCine sunt eu cu adev\u0103rat?\u201d ne \u00eentreb\u0103m mar\u021bi, la atelierul de Biblioterapie al Bibliotecii Jude\u021bene \u201eLucian Blaga\u201d Alba","datePublished":"2023-06-26T13:01:06+00:00","dateModified":"2023-06-26T13:01:08+00:00","mainEntityOfPage":{"@id":"https:\/\/urbeamea.ro\/albaiulia\/cine-sunt-eu-cu-adevarat-ne-intrebam-marti-la-atelierul-de-biblioterapie-al-bibliotecii-judetene-lucian-blaga-alba\/"},"wordCount":276,"commentCount":0,"image":{"@id":"https:\/\/urbeamea.ro\/albaiulia\/cine-sunt-eu-cu-adevarat-ne-intrebam-marti-la-atelierul-de-biblioterapie-al-bibliotecii-judetene-lucian-blaga-alba\/#primaryimage"},"thumbnailUrl":"https:\/\/urbeamea.ro\/albaiulia\/wp-content\/uploads\/2023\/06\/Afis-3.30-Biblioterapia-27-iunie-2023.jpg","keywords":["Biblioteca Jude\u0163ean\u0103 \u201cLucian Blaga\u201d Alba","biblioterapia"],"articleSection":["Evenimente"],"inLanguage":"ro-RO","potentialAction":[{"@type":"CommentAction","name":"Comment","target":["https:\/\/urbeamea.ro\/albaiulia\/cine-sunt-eu-cu-adevarat-ne-intrebam-marti-la-atelierul-de-biblioterapie-al-bibliotecii-judetene-lucian-blaga-alba\/#respond"]}]},{"@type":"WebPage","@id":"https:\/\/urbeamea.ro\/albaiulia\/cine-sunt-eu-cu-adevarat-ne-intrebam-marti-la-atelierul-de-biblioterapie-al-bibliotecii-judetene-lucian-blaga-alba\/","url":"https:\/\/urbeamea.ro\/albaiulia\/cine-sunt-eu-cu-adevarat-ne-intrebam-marti-la-atelierul-de-biblioterapie-al-bibliotecii-judetene-lucian-blaga-alba\/","name":"\u201eCine sunt eu cu adev\u0103rat?\u201d ne \u00eentreb\u0103m mar\u021bi, la atelierul de Biblioterapie al Bibliotecii Jude\u021bene \u201eLucian Blaga\u201d Alba - Revista Urbea Mea - Revista de Alba","isPartOf":{"@id":"https:\/\/urbeamea.ro\/albaiulia\/#website"},"primaryImageOfPage":{"@id":"https:\/\/urbeamea.ro\/albaiulia\/cine-sunt-eu-cu-adevarat-ne-intrebam-marti-la-atelierul-de-biblioterapie-al-bibliotecii-judetene-lucian-blaga-alba\/#primaryimage"},"image":{"@id":"https:\/\/urbeamea.ro\/albaiulia\/cine-sunt-eu-cu-adevarat-ne-intrebam-marti-la-atelierul-de-biblioterapie-al-bibliotecii-judetene-lucian-blaga-alba\/#primaryimage"},"thumbnailUrl":"https:\/\/urbeamea.ro\/albaiulia\/wp-content\/uploads\/2023\/06\/Afis-3.30-Biblioterapia-27-iunie-2023.jpg","datePublished":"2023-06-26T13:01:06+00:00","dateModified":"2023-06-26T13:01:08+00:00","author":{"@id":"https:\/\/urbeamea.ro\/albaiulia\/#\/schema\/person\/272ae98052f8ee8980f59848df070247"},"description":"Mar\u021bi, 27 iunie 2023, de la ora 17.00, psihoterapeutul Cosmin Bara \u0219i bibliotecara Luiza Pop v\u0103 a\u0219teapt\u0103 la Biblioterapia, atelier de psihologie practic\u0103","breadcrumb":{"@id":"https:\/\/urbeamea.ro\/albaiulia\/cine-sunt-eu-cu-adevarat-ne-intrebam-marti-la-atelierul-de-biblioterapie-al-bibliotecii-judetene-lucian-blaga-alba\/#breadcrumb"},"inLanguage":"ro-RO","potentialAction":[{"@type":"ReadAction","target":["https:\/\/urbeamea.ro\/albaiulia\/cine-sunt-eu-cu-adevarat-ne-intrebam-marti-la-atelierul-de-biblioterapie-al-bibliotecii-judetene-lucian-blaga-alba\/"]}]},{"@type":"ImageObject","inLanguage":"ro-RO","@id":"https:\/\/urbeamea.ro\/albaiulia\/cine-sunt-eu-cu-adevarat-ne-intrebam-marti-la-atelierul-de-biblioterapie-al-bibliotecii-judetene-lucian-blaga-alba\/#primaryimage","url":"https:\/\/urbeamea.ro\/albaiulia\/wp-content\/uploads\/2023\/06\/Afis-3.30-Biblioterapia-27-iunie-2023.jpg","contentUrl":"https:\/\/urbeamea.ro\/albaiulia\/wp-content\/uploads\/2023\/06\/Afis-3.30-Biblioterapia-27-iunie-2023.jpg","width":1067,"height":1600},{"@type":"BreadcrumbList","@id":"https:\/\/urbeamea.ro\/albaiulia\/cine-sunt-eu-cu-adevarat-ne-intrebam-marti-la-atelierul-de-biblioterapie-al-bibliotecii-judetene-lucian-blaga-alba\/#breadcrumb","itemListElement":[{"@type":"ListItem","position":1,"name":"Prima pagin\u0103","item":"https:\/\/urbeamea.ro\/albaiulia\/"},{"@type":"ListItem","position":2,"name":"\u201eCine sunt eu cu adev\u0103rat?\u201d ne \u00eentreb\u0103m mar\u021bi, la atelierul de Biblioterapie al Bibliotecii Jude\u021bene \u201eLucian Blaga\u201d Alba"}]},{"@type":"WebSite","@id":"https:\/\/urbeamea.ro\/albaiulia\/#website","url":"https:\/\/urbeamea.ro\/albaiulia\/","name":"Revista Urbea Mea, Stiri urbane","description":"Evenimente \u0219i \u0219tiri din Alba Iulia, Sebe\u0219, Aiud, Blaj","potentialAction":[{"@type":"SearchAction","target":{"@type":"EntryPoint","urlTemplate":"https:\/\/urbeamea.ro\/albaiulia\/?s={search_term_string}"},"query-input":{"@type":"PropertyValueSpecification","valueRequired":true,"valueName":"search_term_string"}}],"inLanguage":"ro-RO"},{"@type":"Person","@id":"https:\/\/urbeamea.ro\/albaiulia\/#\/schema\/person\/272ae98052f8ee8980f59848df070247","name":"Redac\u021bia UrbeaMea","image":{"@type":"ImageObject","inLanguage":"ro-RO","@id":"https:\/\/secure.gravatar.com\/avatar\/9ce5a9435071fa1037e8468053ead8e513dbbff59009d3069aadb85506d85a27?s=96&d=mm&r=g","url":"https:\/\/secure.gravatar.com\/avatar\/9ce5a9435071fa1037e8468053ead8e513dbbff59009d3069aadb85506d85a27?s=96&d=mm&r=g","contentUrl":"https:\/\/secure.gravatar.com\/avatar\/9ce5a9435071fa1037e8468053ead8e513dbbff59009d3069aadb85506d85a27?s=96&d=mm&r=g","caption":"Redac\u021bia UrbeaMea"},"description":"contact@urbeamea.ro","sameAs":["https:\/\/www.urbeamea.ro"],"url":"https:\/\/urbeamea.ro\/albaiulia\/author\/redactia-urbeamea\/"}]}},"_links":{"self":[{"href":"https:\/\/urbeamea.ro\/albaiulia\/wp-json\/wp\/v2\/posts\/108232","targetHints":{"allow":["GET"]}}],"collection":[{"href":"https:\/\/urbeamea.ro\/albaiulia\/wp-json\/wp\/v2\/posts"}],"about":[{"href":"https:\/\/urbeamea.ro\/albaiulia\/wp-json\/wp\/v2\/types\/post"}],"author":[{"embeddable":true,"href":"https:\/\/urbeamea.ro\/albaiulia\/wp-json\/wp\/v2\/users\/16"}],"replies":[{"embeddable":true,"href":"https:\/\/urbeamea.ro\/albaiulia\/wp-json\/wp\/v2\/comments?post=108232"}],"version-history":[{"count":1,"href":"https:\/\/urbeamea.ro\/albaiulia\/wp-json\/wp\/v2\/posts\/108232\/revisions"}],"predecessor-version":[{"id":108234,"href":"https:\/\/urbeamea.ro\/albaiulia\/wp-json\/wp\/v2\/posts\/108232\/revisions\/108234"}],"wp:featuredmedia":[{"embeddable":true,"href":"https:\/\/urbeamea.ro\/albaiulia\/wp-json\/wp\/v2\/media\/108233"}],"wp:attachment":[{"href":"https:\/\/urbeamea.ro\/albaiulia\/wp-json\/wp\/v2\/media?parent=108232"}],"wp:term":[{"taxonomy":"category","embeddable":true,"href":"https:\/\/urbeamea.ro\/albaiulia\/wp-json\/wp\/v2\/categories?post=108232"},{"taxonomy":"post_tag","embeddable":true,"href":"https:\/\/urbeamea.ro\/albaiulia\/wp-json\/wp\/v2\/tags?post=108232"}],"curies":[{"name":"wp","href":"https:\/\/api.w.org\/{rel}","templated":true}]}}