{"id":108238,"date":"2023-06-27T12:36:44","date_gmt":"2023-06-27T09:36:44","guid":{"rendered":"https:\/\/urbeamea.ro\/albaiulia\/?p=108238"},"modified":"2023-06-27T12:36:47","modified_gmt":"2023-06-27T09:36:47","slug":"un-nou-raft-al-bibliotecii-judetene-lucian-blaga-alba-va-fi-inaugurat-vineri-30-iunie-la-vidra","status":"publish","type":"post","link":"https:\/\/urbeamea.ro\/albaiulia\/un-nou-raft-al-bibliotecii-judetene-lucian-blaga-alba-va-fi-inaugurat-vineri-30-iunie-la-vidra\/","title":{"rendered":"Un nou raft al Bibliotecii Jude\u021bene \u201eLucian Blaga\u201d Alba va fi inaugurat vineri, 30 iunie, la Vidra"},"content":{"rendered":"\n<p>Vineri, 30 iunie 2023, la ora 12.00, Consiliul Jude\u021bean Alba \u0219i Biblioteca Jude\u021bean\u0103 \u201eLucian Blaga\u201d Alba inaugureaz\u0103 un nou raft \u00een teritoriu, al XXVII-lea, la Vidra.<\/p>\n\n\n\n<p>La momentele ce se vor desf\u0103\u0219ura la Biblioteca Comunal\u0103 Vidra vor participa, al\u0103turi de delega\u021bia Bibliotecii Jude\u021bene \u201eLucian Blaga\u201d Alba, pre\u0219edintele Consiliului Jude\u021bean Alba, Ion Dumitrel, primarul comunei Vidra, Doru Petricele, bibliotecara Georgeta Pogan \u0219i al\u021bi invita\u021bi. Cu aceast\u0103 ocazie, \u00eentre Prim\u0103ria Comunei Vidra \u0219i Biblioteca Jude\u021bean\u0103 \u201eLucian Blaga\u201d Alba se va \u00eencheia un parteneriat \u00een baza c\u0103ruia se vor putea organiza diferite alte activit\u0103\u021bi culturale.<\/p>\n\n\n\n<p>Prin intermediul proiectului 2.9 Fondul special \u2013 Raftul Bibliotecii Jude\u021bene Lucian Blaga \u00een Jude\u021bul Alba, Consiliul Jude\u021bean Alba, \u00eempreun\u0103 cu Biblioteca Jude\u021bean\u0103 \u201eLucian Blaga\u201d Alba, ofer\u0103 comunit\u0103\u021bilor din jude\u021b c\u00e2te o mini bibliotec\u0103, cu circa 300 de volume, c\u0103r\u021bi noi, din toate domeniile biblioteconomice, sporind atractivitatea bibliotecilor partenere. Dincolo de fondul de carte dat \u00een custodia Bibliotecii Comunale Vidra, prin parteneriatul semnat cu aceast\u0103 ocazie, \u00eentre administra\u021bia local\u0103 \u0219i institu\u021bia de cultur\u0103 se pun bazele unor noi colabor\u0103ri culturale.<\/p>\n\n\n\n<p>Evenimentul de vineri, 30 iunie 2023, este organizat de Consiliul Jude\u021bean Alba \u0219i Biblioteca Jude\u021bean\u0103 \u201eLucian Blaga\u201d Alba, \u00een parteneriat cu Prim\u0103ria Comunei Vidra \u0219i Biblioteca Comunal\u0103 Vidra.<\/p>\n\n\n\n<figure class=\"wp-block-image size-large\"><img loading=\"lazy\" decoding=\"async\" width=\"905\" height=\"1280\" src=\"https:\/\/urbeamea.ro\/albaiulia\/wp-content\/uploads\/2023\/06\/Afis-2.9-Fondul-special-Raftul-Bibliotecii-Judetene-Lucian-Blaga-in-Judetul-Alba-Vidra-30-iunie-2023-905x1280.jpg\" alt=\"\" class=\"wp-image-108239\" srcset=\"https:\/\/urbeamea.ro\/albaiulia\/wp-content\/uploads\/2023\/06\/Afis-2.9-Fondul-special-Raftul-Bibliotecii-Judetene-Lucian-Blaga-in-Judetul-Alba-Vidra-30-iunie-2023-905x1280.jpg 905w, https:\/\/urbeamea.ro\/albaiulia\/wp-content\/uploads\/2023\/06\/Afis-2.9-Fondul-special-Raftul-Bibliotecii-Judetene-Lucian-Blaga-in-Judetul-Alba-Vidra-30-iunie-2023-452x640.jpg 452w, https:\/\/urbeamea.ro\/albaiulia\/wp-content\/uploads\/2023\/06\/Afis-2.9-Fondul-special-Raftul-Bibliotecii-Judetene-Lucian-Blaga-in-Judetul-Alba-Vidra-30-iunie-2023-106x150.jpg 106w, https:\/\/urbeamea.ro\/albaiulia\/wp-content\/uploads\/2023\/06\/Afis-2.9-Fondul-special-Raftul-Bibliotecii-Judetene-Lucian-Blaga-in-Judetul-Alba-Vidra-30-iunie-2023-768x1086.jpg 768w, https:\/\/urbeamea.ro\/albaiulia\/wp-content\/uploads\/2023\/06\/Afis-2.9-Fondul-special-Raftul-Bibliotecii-Judetene-Lucian-Blaga-in-Judetul-Alba-Vidra-30-iunie-2023-1086x1536.jpg 1086w, https:\/\/urbeamea.ro\/albaiulia\/wp-content\/uploads\/2023\/06\/Afis-2.9-Fondul-special-Raftul-Bibliotecii-Judetene-Lucian-Blaga-in-Judetul-Alba-Vidra-30-iunie-2023.jpg 1131w\" sizes=\"auto, (max-width: 905px) 100vw, 905px\" \/><\/figure>\n","protected":false},"excerpt":{"rendered":"<p>Vineri, 30 iunie 2023, la ora 12.00, Consiliul Jude\u021bean Alba \u0219i Biblioteca Jude\u021bean\u0103 \u201eLucian Blaga\u201d Alba inaugureaz\u0103 un nou raft \u00een teritoriu, al XXVII-lea, la Vidra. La momentele ce se vor desf\u0103\u0219ura la Biblioteca Comunal\u0103 Vidra vor participa, al\u0103turi de delega\u021bia Bibliotecii Jude\u021bene \u201eLucian Blaga\u201d Alba, pre\u0219edintele Consiliului Jude\u021bean Alba, Ion Dumitrel, primarul comunei Vidra, &hellip;<\/p>\n","protected":false},"author":16,"featured_media":100235,"comment_status":"open","ping_status":"open","sticky":false,"template":"","format":"standard","meta":{"inline_featured_image":false,"footnotes":""},"categories":[4],"tags":[2113],"class_list":["post-108238","post","type-post","status-publish","format-standard","has-post-thumbnail","hentry","category-eveniment","tag-biblioteca-judeteana-lucian-blaga-alba"],"yoast_head":"<!-- This site is optimized with the Yoast SEO plugin v27.4 - https:\/\/yoast.com\/product\/yoast-seo-wordpress\/ -->\n<title>Un nou raft al Bibliotecii Jude\u021bene \u201eLucian Blaga\u201d Alba va fi inaugurat vineri, 30 iunie, la Vidra - Revista Urbea Mea - Revista de Alba<\/title>\n<meta name=\"description\" content=\"Vineri, 30 iunie 2023, la ora 12.00, Consiliul Jude\u021bean Alba \u0219i Biblioteca Jude\u021bean\u0103 \u201eLucian Blaga\u201d Alba inaugureaz\u0103 un nou raft \u00een teritoriu, al\" \/>\n<meta name=\"robots\" content=\"index, follow, max-snippet:-1, max-image-preview:large, max-video-preview:-1\" \/>\n<link rel=\"canonical\" href=\"https:\/\/urbeamea.ro\/albaiulia\/un-nou-raft-al-bibliotecii-judetene-lucian-blaga-alba-va-fi-inaugurat-vineri-30-iunie-la-vidra\/\" \/>\n<meta name=\"twitter:card\" content=\"summary_large_image\" \/>\n<meta name=\"twitter:title\" content=\"Un nou raft al Bibliotecii Jude\u021bene \u201eLucian Blaga\u201d Alba va fi inaugurat vineri, 30 iunie, la Vidra - Revista Urbea Mea - Revista de Alba\" \/>\n<meta name=\"twitter:description\" content=\"Vineri, 30 iunie 2023, la ora 12.00, Consiliul Jude\u021bean Alba \u0219i Biblioteca Jude\u021bean\u0103 \u201eLucian Blaga\u201d Alba inaugureaz\u0103 un nou raft \u00een teritoriu, al\" \/>\n<meta name=\"twitter:image\" content=\"https:\/\/urbeamea.ro\/albaiulia\/wp-content\/uploads\/2022\/02\/Carti-raft.jpg\" \/>\n<meta name=\"twitter:creator\" content=\"@urbeameaweb\" \/>\n<meta name=\"twitter:site\" content=\"@urbeameaweb\" \/>\n<script type=\"application\/ld+json\" class=\"yoast-schema-graph\">{\"@context\":\"https:\\\/\\\/schema.org\",\"@graph\":[{\"@type\":\"Article\",\"@id\":\"https:\\\/\\\/urbeamea.ro\\\/albaiulia\\\/un-nou-raft-al-bibliotecii-judetene-lucian-blaga-alba-va-fi-inaugurat-vineri-30-iunie-la-vidra\\\/#article\",\"isPartOf\":{\"@id\":\"https:\\\/\\\/urbeamea.ro\\\/albaiulia\\\/un-nou-raft-al-bibliotecii-judetene-lucian-blaga-alba-va-fi-inaugurat-vineri-30-iunie-la-vidra\\\/\"},\"author\":{\"name\":\"Redac\u021bia UrbeaMea\",\"@id\":\"https:\\\/\\\/urbeamea.ro\\\/albaiulia\\\/#\\\/schema\\\/person\\\/272ae98052f8ee8980f59848df070247\"},\"headline\":\"Un nou raft al Bibliotecii Jude\u021bene \u201eLucian Blaga\u201d Alba va fi inaugurat vineri, 30 iunie, la Vidra\",\"datePublished\":\"2023-06-27T09:36:44+00:00\",\"dateModified\":\"2023-06-27T09:36:47+00:00\",\"mainEntityOfPage\":{\"@id\":\"https:\\\/\\\/urbeamea.ro\\\/albaiulia\\\/un-nou-raft-al-bibliotecii-judetene-lucian-blaga-alba-va-fi-inaugurat-vineri-30-iunie-la-vidra\\\/\"},\"wordCount\":236,\"commentCount\":0,\"image\":{\"@id\":\"https:\\\/\\\/urbeamea.ro\\\/albaiulia\\\/un-nou-raft-al-bibliotecii-judetene-lucian-blaga-alba-va-fi-inaugurat-vineri-30-iunie-la-vidra\\\/#primaryimage\"},\"thumbnailUrl\":\"https:\\\/\\\/urbeamea.ro\\\/albaiulia\\\/wp-content\\\/uploads\\\/2022\\\/02\\\/Carti-raft.jpg\",\"keywords\":[\"Biblioteca Jude\u0163ean\u0103 \u201cLucian Blaga\u201d Alba\"],\"articleSection\":[\"Evenimente\"],\"inLanguage\":\"ro-RO\",\"potentialAction\":[{\"@type\":\"CommentAction\",\"name\":\"Comment\",\"target\":[\"https:\\\/\\\/urbeamea.ro\\\/albaiulia\\\/un-nou-raft-al-bibliotecii-judetene-lucian-blaga-alba-va-fi-inaugurat-vineri-30-iunie-la-vidra\\\/#respond\"]}]},{\"@type\":\"WebPage\",\"@id\":\"https:\\\/\\\/urbeamea.ro\\\/albaiulia\\\/un-nou-raft-al-bibliotecii-judetene-lucian-blaga-alba-va-fi-inaugurat-vineri-30-iunie-la-vidra\\\/\",\"url\":\"https:\\\/\\\/urbeamea.ro\\\/albaiulia\\\/un-nou-raft-al-bibliotecii-judetene-lucian-blaga-alba-va-fi-inaugurat-vineri-30-iunie-la-vidra\\\/\",\"name\":\"Un nou raft al Bibliotecii Jude\u021bene \u201eLucian Blaga\u201d Alba va fi inaugurat vineri, 30 iunie, la Vidra - Revista Urbea Mea - Revista de Alba\",\"isPartOf\":{\"@id\":\"https:\\\/\\\/urbeamea.ro\\\/albaiulia\\\/#website\"},\"primaryImageOfPage\":{\"@id\":\"https:\\\/\\\/urbeamea.ro\\\/albaiulia\\\/un-nou-raft-al-bibliotecii-judetene-lucian-blaga-alba-va-fi-inaugurat-vineri-30-iunie-la-vidra\\\/#primaryimage\"},\"image\":{\"@id\":\"https:\\\/\\\/urbeamea.ro\\\/albaiulia\\\/un-nou-raft-al-bibliotecii-judetene-lucian-blaga-alba-va-fi-inaugurat-vineri-30-iunie-la-vidra\\\/#primaryimage\"},\"thumbnailUrl\":\"https:\\\/\\\/urbeamea.ro\\\/albaiulia\\\/wp-content\\\/uploads\\\/2022\\\/02\\\/Carti-raft.jpg\",\"datePublished\":\"2023-06-27T09:36:44+00:00\",\"dateModified\":\"2023-06-27T09:36:47+00:00\",\"author\":{\"@id\":\"https:\\\/\\\/urbeamea.ro\\\/albaiulia\\\/#\\\/schema\\\/person\\\/272ae98052f8ee8980f59848df070247\"},\"description\":\"Vineri, 30 iunie 2023, la ora 12.00, Consiliul Jude\u021bean Alba \u0219i Biblioteca Jude\u021bean\u0103 \u201eLucian Blaga\u201d Alba inaugureaz\u0103 un nou raft \u00een teritoriu, al\",\"breadcrumb\":{\"@id\":\"https:\\\/\\\/urbeamea.ro\\\/albaiulia\\\/un-nou-raft-al-bibliotecii-judetene-lucian-blaga-alba-va-fi-inaugurat-vineri-30-iunie-la-vidra\\\/#breadcrumb\"},\"inLanguage\":\"ro-RO\",\"potentialAction\":[{\"@type\":\"ReadAction\",\"target\":[\"https:\\\/\\\/urbeamea.ro\\\/albaiulia\\\/un-nou-raft-al-bibliotecii-judetene-lucian-blaga-alba-va-fi-inaugurat-vineri-30-iunie-la-vidra\\\/\"]}]},{\"@type\":\"ImageObject\",\"inLanguage\":\"ro-RO\",\"@id\":\"https:\\\/\\\/urbeamea.ro\\\/albaiulia\\\/un-nou-raft-al-bibliotecii-judetene-lucian-blaga-alba-va-fi-inaugurat-vineri-30-iunie-la-vidra\\\/#primaryimage\",\"url\":\"https:\\\/\\\/urbeamea.ro\\\/albaiulia\\\/wp-content\\\/uploads\\\/2022\\\/02\\\/Carti-raft.jpg\",\"contentUrl\":\"https:\\\/\\\/urbeamea.ro\\\/albaiulia\\\/wp-content\\\/uploads\\\/2022\\\/02\\\/Carti-raft.jpg\",\"width\":1600,\"height\":1067},{\"@type\":\"BreadcrumbList\",\"@id\":\"https:\\\/\\\/urbeamea.ro\\\/albaiulia\\\/un-nou-raft-al-bibliotecii-judetene-lucian-blaga-alba-va-fi-inaugurat-vineri-30-iunie-la-vidra\\\/#breadcrumb\",\"itemListElement\":[{\"@type\":\"ListItem\",\"position\":1,\"name\":\"Prima pagin\u0103\",\"item\":\"https:\\\/\\\/urbeamea.ro\\\/albaiulia\\\/\"},{\"@type\":\"ListItem\",\"position\":2,\"name\":\"Un nou raft al Bibliotecii Jude\u021bene \u201eLucian Blaga\u201d Alba va fi inaugurat vineri, 30 iunie, la Vidra\"}]},{\"@type\":\"WebSite\",\"@id\":\"https:\\\/\\\/urbeamea.ro\\\/albaiulia\\\/#website\",\"url\":\"https:\\\/\\\/urbeamea.ro\\\/albaiulia\\\/\",\"name\":\"Revista Urbea Mea, Stiri urbane\",\"description\":\"Evenimente \u0219i \u0219tiri din Alba Iulia, Sebe\u0219, Aiud, Blaj\",\"potentialAction\":[{\"@type\":\"SearchAction\",\"target\":{\"@type\":\"EntryPoint\",\"urlTemplate\":\"https:\\\/\\\/urbeamea.ro\\\/albaiulia\\\/?s={search_term_string}\"},\"query-input\":{\"@type\":\"PropertyValueSpecification\",\"valueRequired\":true,\"valueName\":\"search_term_string\"}}],\"inLanguage\":\"ro-RO\"},{\"@type\":\"Person\",\"@id\":\"https:\\\/\\\/urbeamea.ro\\\/albaiulia\\\/#\\\/schema\\\/person\\\/272ae98052f8ee8980f59848df070247\",\"name\":\"Redac\u021bia UrbeaMea\",\"image\":{\"@type\":\"ImageObject\",\"inLanguage\":\"ro-RO\",\"@id\":\"https:\\\/\\\/secure.gravatar.com\\\/avatar\\\/9ce5a9435071fa1037e8468053ead8e513dbbff59009d3069aadb85506d85a27?s=96&d=mm&r=g\",\"url\":\"https:\\\/\\\/secure.gravatar.com\\\/avatar\\\/9ce5a9435071fa1037e8468053ead8e513dbbff59009d3069aadb85506d85a27?s=96&d=mm&r=g\",\"contentUrl\":\"https:\\\/\\\/secure.gravatar.com\\\/avatar\\\/9ce5a9435071fa1037e8468053ead8e513dbbff59009d3069aadb85506d85a27?s=96&d=mm&r=g\",\"caption\":\"Redac\u021bia UrbeaMea\"},\"description\":\"contact@urbeamea.ro\",\"sameAs\":[\"https:\\\/\\\/www.urbeamea.ro\"],\"url\":\"https:\\\/\\\/urbeamea.ro\\\/albaiulia\\\/author\\\/redactia-urbeamea\\\/\"}]}<\/script>\n<!-- \/ Yoast SEO plugin. -->","yoast_head_json":{"title":"Un nou raft al Bibliotecii Jude\u021bene \u201eLucian Blaga\u201d Alba va fi inaugurat vineri, 30 iunie, la Vidra - Revista Urbea Mea - Revista de Alba","description":"Vineri, 30 iunie 2023, la ora 12.00, Consiliul Jude\u021bean Alba \u0219i Biblioteca Jude\u021bean\u0103 \u201eLucian Blaga\u201d Alba inaugureaz\u0103 un nou raft \u00een teritoriu, al","robots":{"index":"index","follow":"follow","max-snippet":"max-snippet:-1","max-image-preview":"max-image-preview:large","max-video-preview":"max-video-preview:-1"},"canonical":"https:\/\/urbeamea.ro\/albaiulia\/un-nou-raft-al-bibliotecii-judetene-lucian-blaga-alba-va-fi-inaugurat-vineri-30-iunie-la-vidra\/","twitter_card":"summary_large_image","twitter_title":"Un nou raft al Bibliotecii Jude\u021bene \u201eLucian Blaga\u201d Alba va fi inaugurat vineri, 30 iunie, la Vidra - Revista Urbea Mea - Revista de Alba","twitter_description":"Vineri, 30 iunie 2023, la ora 12.00, Consiliul Jude\u021bean Alba \u0219i Biblioteca Jude\u021bean\u0103 \u201eLucian Blaga\u201d Alba inaugureaz\u0103 un nou raft \u00een teritoriu, al","twitter_image":"https:\/\/urbeamea.ro\/albaiulia\/wp-content\/uploads\/2022\/02\/Carti-raft.jpg","twitter_creator":"@urbeameaweb","twitter_site":"@urbeameaweb","schema":{"@context":"https:\/\/schema.org","@graph":[{"@type":"Article","@id":"https:\/\/urbeamea.ro\/albaiulia\/un-nou-raft-al-bibliotecii-judetene-lucian-blaga-alba-va-fi-inaugurat-vineri-30-iunie-la-vidra\/#article","isPartOf":{"@id":"https:\/\/urbeamea.ro\/albaiulia\/un-nou-raft-al-bibliotecii-judetene-lucian-blaga-alba-va-fi-inaugurat-vineri-30-iunie-la-vidra\/"},"author":{"name":"Redac\u021bia UrbeaMea","@id":"https:\/\/urbeamea.ro\/albaiulia\/#\/schema\/person\/272ae98052f8ee8980f59848df070247"},"headline":"Un nou raft al Bibliotecii Jude\u021bene \u201eLucian Blaga\u201d Alba va fi inaugurat vineri, 30 iunie, la Vidra","datePublished":"2023-06-27T09:36:44+00:00","dateModified":"2023-06-27T09:36:47+00:00","mainEntityOfPage":{"@id":"https:\/\/urbeamea.ro\/albaiulia\/un-nou-raft-al-bibliotecii-judetene-lucian-blaga-alba-va-fi-inaugurat-vineri-30-iunie-la-vidra\/"},"wordCount":236,"commentCount":0,"image":{"@id":"https:\/\/urbeamea.ro\/albaiulia\/un-nou-raft-al-bibliotecii-judetene-lucian-blaga-alba-va-fi-inaugurat-vineri-30-iunie-la-vidra\/#primaryimage"},"thumbnailUrl":"https:\/\/urbeamea.ro\/albaiulia\/wp-content\/uploads\/2022\/02\/Carti-raft.jpg","keywords":["Biblioteca Jude\u0163ean\u0103 \u201cLucian Blaga\u201d Alba"],"articleSection":["Evenimente"],"inLanguage":"ro-RO","potentialAction":[{"@type":"CommentAction","name":"Comment","target":["https:\/\/urbeamea.ro\/albaiulia\/un-nou-raft-al-bibliotecii-judetene-lucian-blaga-alba-va-fi-inaugurat-vineri-30-iunie-la-vidra\/#respond"]}]},{"@type":"WebPage","@id":"https:\/\/urbeamea.ro\/albaiulia\/un-nou-raft-al-bibliotecii-judetene-lucian-blaga-alba-va-fi-inaugurat-vineri-30-iunie-la-vidra\/","url":"https:\/\/urbeamea.ro\/albaiulia\/un-nou-raft-al-bibliotecii-judetene-lucian-blaga-alba-va-fi-inaugurat-vineri-30-iunie-la-vidra\/","name":"Un nou raft al Bibliotecii Jude\u021bene \u201eLucian Blaga\u201d Alba va fi inaugurat vineri, 30 iunie, la Vidra - Revista Urbea Mea - Revista de Alba","isPartOf":{"@id":"https:\/\/urbeamea.ro\/albaiulia\/#website"},"primaryImageOfPage":{"@id":"https:\/\/urbeamea.ro\/albaiulia\/un-nou-raft-al-bibliotecii-judetene-lucian-blaga-alba-va-fi-inaugurat-vineri-30-iunie-la-vidra\/#primaryimage"},"image":{"@id":"https:\/\/urbeamea.ro\/albaiulia\/un-nou-raft-al-bibliotecii-judetene-lucian-blaga-alba-va-fi-inaugurat-vineri-30-iunie-la-vidra\/#primaryimage"},"thumbnailUrl":"https:\/\/urbeamea.ro\/albaiulia\/wp-content\/uploads\/2022\/02\/Carti-raft.jpg","datePublished":"2023-06-27T09:36:44+00:00","dateModified":"2023-06-27T09:36:47+00:00","author":{"@id":"https:\/\/urbeamea.ro\/albaiulia\/#\/schema\/person\/272ae98052f8ee8980f59848df070247"},"description":"Vineri, 30 iunie 2023, la ora 12.00, Consiliul Jude\u021bean Alba \u0219i Biblioteca Jude\u021bean\u0103 \u201eLucian Blaga\u201d Alba inaugureaz\u0103 un nou raft \u00een teritoriu, al","breadcrumb":{"@id":"https:\/\/urbeamea.ro\/albaiulia\/un-nou-raft-al-bibliotecii-judetene-lucian-blaga-alba-va-fi-inaugurat-vineri-30-iunie-la-vidra\/#breadcrumb"},"inLanguage":"ro-RO","potentialAction":[{"@type":"ReadAction","target":["https:\/\/urbeamea.ro\/albaiulia\/un-nou-raft-al-bibliotecii-judetene-lucian-blaga-alba-va-fi-inaugurat-vineri-30-iunie-la-vidra\/"]}]},{"@type":"ImageObject","inLanguage":"ro-RO","@id":"https:\/\/urbeamea.ro\/albaiulia\/un-nou-raft-al-bibliotecii-judetene-lucian-blaga-alba-va-fi-inaugurat-vineri-30-iunie-la-vidra\/#primaryimage","url":"https:\/\/urbeamea.ro\/albaiulia\/wp-content\/uploads\/2022\/02\/Carti-raft.jpg","contentUrl":"https:\/\/urbeamea.ro\/albaiulia\/wp-content\/uploads\/2022\/02\/Carti-raft.jpg","width":1600,"height":1067},{"@type":"BreadcrumbList","@id":"https:\/\/urbeamea.ro\/albaiulia\/un-nou-raft-al-bibliotecii-judetene-lucian-blaga-alba-va-fi-inaugurat-vineri-30-iunie-la-vidra\/#breadcrumb","itemListElement":[{"@type":"ListItem","position":1,"name":"Prima pagin\u0103","item":"https:\/\/urbeamea.ro\/albaiulia\/"},{"@type":"ListItem","position":2,"name":"Un nou raft al Bibliotecii Jude\u021bene \u201eLucian Blaga\u201d Alba va fi inaugurat vineri, 30 iunie, la Vidra"}]},{"@type":"WebSite","@id":"https:\/\/urbeamea.ro\/albaiulia\/#website","url":"https:\/\/urbeamea.ro\/albaiulia\/","name":"Revista Urbea Mea, Stiri urbane","description":"Evenimente \u0219i \u0219tiri din Alba Iulia, Sebe\u0219, Aiud, Blaj","potentialAction":[{"@type":"SearchAction","target":{"@type":"EntryPoint","urlTemplate":"https:\/\/urbeamea.ro\/albaiulia\/?s={search_term_string}"},"query-input":{"@type":"PropertyValueSpecification","valueRequired":true,"valueName":"search_term_string"}}],"inLanguage":"ro-RO"},{"@type":"Person","@id":"https:\/\/urbeamea.ro\/albaiulia\/#\/schema\/person\/272ae98052f8ee8980f59848df070247","name":"Redac\u021bia UrbeaMea","image":{"@type":"ImageObject","inLanguage":"ro-RO","@id":"https:\/\/secure.gravatar.com\/avatar\/9ce5a9435071fa1037e8468053ead8e513dbbff59009d3069aadb85506d85a27?s=96&d=mm&r=g","url":"https:\/\/secure.gravatar.com\/avatar\/9ce5a9435071fa1037e8468053ead8e513dbbff59009d3069aadb85506d85a27?s=96&d=mm&r=g","contentUrl":"https:\/\/secure.gravatar.com\/avatar\/9ce5a9435071fa1037e8468053ead8e513dbbff59009d3069aadb85506d85a27?s=96&d=mm&r=g","caption":"Redac\u021bia UrbeaMea"},"description":"contact@urbeamea.ro","sameAs":["https:\/\/www.urbeamea.ro"],"url":"https:\/\/urbeamea.ro\/albaiulia\/author\/redactia-urbeamea\/"}]}},"_links":{"self":[{"href":"https:\/\/urbeamea.ro\/albaiulia\/wp-json\/wp\/v2\/posts\/108238","targetHints":{"allow":["GET"]}}],"collection":[{"href":"https:\/\/urbeamea.ro\/albaiulia\/wp-json\/wp\/v2\/posts"}],"about":[{"href":"https:\/\/urbeamea.ro\/albaiulia\/wp-json\/wp\/v2\/types\/post"}],"author":[{"embeddable":true,"href":"https:\/\/urbeamea.ro\/albaiulia\/wp-json\/wp\/v2\/users\/16"}],"replies":[{"embeddable":true,"href":"https:\/\/urbeamea.ro\/albaiulia\/wp-json\/wp\/v2\/comments?post=108238"}],"version-history":[{"count":1,"href":"https:\/\/urbeamea.ro\/albaiulia\/wp-json\/wp\/v2\/posts\/108238\/revisions"}],"predecessor-version":[{"id":108240,"href":"https:\/\/urbeamea.ro\/albaiulia\/wp-json\/wp\/v2\/posts\/108238\/revisions\/108240"}],"wp:featuredmedia":[{"embeddable":true,"href":"https:\/\/urbeamea.ro\/albaiulia\/wp-json\/wp\/v2\/media\/100235"}],"wp:attachment":[{"href":"https:\/\/urbeamea.ro\/albaiulia\/wp-json\/wp\/v2\/media?parent=108238"}],"wp:term":[{"taxonomy":"category","embeddable":true,"href":"https:\/\/urbeamea.ro\/albaiulia\/wp-json\/wp\/v2\/categories?post=108238"},{"taxonomy":"post_tag","embeddable":true,"href":"https:\/\/urbeamea.ro\/albaiulia\/wp-json\/wp\/v2\/tags?post=108238"}],"curies":[{"name":"wp","href":"https:\/\/api.w.org\/{rel}","templated":true}]}}