{"id":108262,"date":"2023-07-03T17:35:22","date_gmt":"2023-07-03T14:35:22","guid":{"rendered":"https:\/\/urbeamea.ro\/albaiulia\/?p=108262"},"modified":"2023-07-03T17:35:47","modified_gmt":"2023-07-03T14:35:47","slug":"in-the-mood-for-love-sau-asculta-cum-infloreste-muzica-pe-care-alexandru-tomescu-o-aduce-in-turneul-international-stradivarius-2023","status":"publish","type":"post","link":"https:\/\/urbeamea.ro\/albaiulia\/in-the-mood-for-love-sau-asculta-cum-infloreste-muzica-pe-care-alexandru-tomescu-o-aduce-in-turneul-international-stradivarius-2023\/","title":{"rendered":"\u201eIN THE MOOD FOR LOVE\u201d sau ascult\u0103 cum \u00eenflore\u0219te muzica pe care ALEXANDRU TOMESCU o aduce \u00een Turneul Interna\u021bional Stradivarius 2023"},"content":{"rendered":"\n<p><strong>Turneul Interna\u021bional Stradivarius<\/strong>, ajuns \u00een acest an la a XVIa edi\u021bie, denumit <strong>\u201eIN THE MOOD FOR LOVE\u201d<\/strong>&#8211; este o invita\u021bie adresat\u0103 publicului la Medita\u021bie, Reflec\u021bie \u0219i Iubire. O conexiune \u00een armonie de sunete \u00eentre vioar\u0103 \u0219i pian, \u00eentre muzica marilor compozitori universali \u0219i na\u021bionali, adus\u0103 \u00een fa\u021ba publicului de Violonistul Alexandru Tomescu \u0219i a lui Vioar\u0103 Stradivarius Elder-Voicu, acompaniat de pianista Adela Liculescu.<\/p>\n\n\n\n<blockquote class=\"wp-block-quote is-layout-flow wp-block-quote-is-layout-flow\">\n<p><em>De c\u00e2te ori nu am sim\u021bit c\u0103 \u00een fa\u021ba tr\u0103irilor noastre cele mai \u00eenalte, mai intime, pe scurt &#8211; \u00een fa\u021ba iubirii adev\u0103rate, cuvintele noastre devin neputincioase, incapabile s\u0103 zugraveasc\u0103 tot ceea ce sim\u021bim? Cred c\u0103 muzica ofer\u0103 \u0219i aici un posibil r\u0103spuns, un limbaj care se adreseaz\u0103 direct sufletului, reu\u0219ind s\u0103 exprime inexprimabilul.<\/em><em> <\/em><em>Vreau s\u0103 v\u0103 asigur c\u0103 lucr\u0103rile pe care vi le propun \u00een programul acestui turneu reprezint\u0103 doar o mic\u0103 parte, chiar una infinitezimal\u0103 din tot ce \u00eenseamn\u0103 muzica legat\u0103 de iubire. De fapt, dac\u0103 stau s\u0103 m\u0103 g\u00e2ndesc bine, toat\u0103 muzica vorbe\u0219te despre iubire, \u00een cele mai spectaculoase si nea\u0219teptate feluri. Dac\u0103 \u00eel pot parafraza pe Marin Preda, dac\u0103 &#8211; iubire nu e, atunci nici muzica nu-\u0219i mai are rostul&#8230;<\/em><\/p>\n\n\n\n<p><em>M\u0103 simt foarte privilegiat s\u0103 o am al\u0103turi de mine \u00een aceast\u0103 c\u0103l\u0103torie muzical\u0103, \u00a0fascinant\u0103 pe pianista Adela Liculescu &#8211; un artist de o sensibilitate remarcabil\u0103, al\u0103turi de care voi da via\u021b\u0103 lucr\u0103rilor semnate de Kreisler, Massenet sau Franck. Turneul Interna\u021bional Stradivarius nu ar fi fost posibil f\u0103r\u0103 sprijinul constant al partenerilor no\u0219tri, f\u0103r\u0103 munca asidu\u0103 a echipei de organizare. \u0218i toate acestea nu ar fi avut niciun rost dac\u0103 nu a\u021bi fi existat Dumneavoastr\u0103, publicul nostru pentru care suntem gata oric\u00e2nd s\u0103 ne d\u0103m tot sufletul pe scen\u0103. Mul\u021bumindu-v\u0103 tuturor, v\u0103 urez audi\u021bie placut\u0103!<\/em><\/p>\n<cite><strong>spune violonistul Alexandru Tomescu.<\/strong><\/cite><\/blockquote>\n\n\n\n<figure class=\"wp-block-image size-large\"><img loading=\"lazy\" decoding=\"async\" width=\"851\" height=\"1280\" src=\"https:\/\/urbeamea.ro\/albaiulia\/wp-content\/uploads\/2023\/07\/982f97fe-7b11-49b0-968c-a77c56c669e3-851x1280.jpg\" alt=\"\" class=\"wp-image-108263\" srcset=\"https:\/\/urbeamea.ro\/albaiulia\/wp-content\/uploads\/2023\/07\/982f97fe-7b11-49b0-968c-a77c56c669e3-851x1280.jpg 851w, https:\/\/urbeamea.ro\/albaiulia\/wp-content\/uploads\/2023\/07\/982f97fe-7b11-49b0-968c-a77c56c669e3-426x640.jpg 426w, https:\/\/urbeamea.ro\/albaiulia\/wp-content\/uploads\/2023\/07\/982f97fe-7b11-49b0-968c-a77c56c669e3-100x150.jpg 100w, https:\/\/urbeamea.ro\/albaiulia\/wp-content\/uploads\/2023\/07\/982f97fe-7b11-49b0-968c-a77c56c669e3-768x1155.jpg 768w, https:\/\/urbeamea.ro\/albaiulia\/wp-content\/uploads\/2023\/07\/982f97fe-7b11-49b0-968c-a77c56c669e3-1021x1536.jpg 1021w, https:\/\/urbeamea.ro\/albaiulia\/wp-content\/uploads\/2023\/07\/982f97fe-7b11-49b0-968c-a77c56c669e3.jpg 1064w\" sizes=\"auto, (max-width: 851px) 100vw, 851px\" \/><\/figure>\n\n\n\n<p>Turneul se desf\u0103\u0219oar\u0103\u00een perioada <strong>20 iunie-9 iulie 2023, <\/strong>cu un num\u0103r de 17 concerte, cu durata unui concert de 75 minute, \u00een 17 localit\u0103\u021bi urbane \u0219i rurale din Rom\u00e2nia.<\/p>\n\n\n\n<p>Este un turneu dedicat muzicii romantice, armoniei, dragostei care anim\u0103 cele mai frumoase sentimente cunoscute de oameni. Compozi\u021biile vin din perioada romantismului t\u00e2rziu, exprimate prin lucr\u0103ri de Jules Massenet cu \u201eMedita\u021bie\u201d din Opera \u201eThais\u201d, Fritz Kreisler\u00a0&#8211; \u201eLiebesleid\u201d, Fritz Kreisler &#8211; \u201eLiebesfreud\u201d, Edward Elgar &#8211; \u201eSalut d&#8217; amour\u201d, Camille Saint-Sa\u00ebns &#8211; \u201eIntroducere \u0219i Rondo Capriccioso\u201d sau Cesar Franck &#8211; \u201eSonata \u00een La Major\u201d \u0219i c\u00e2teva bissuri surpriz\u0103.<\/p>\n\n\n\n<blockquote class=\"wp-block-quote is-layout-flow wp-block-quote-is-layout-flow\">\n<p><em>Sunt foarte bucuroas\u0103 \u0219i onorat\u0103 de colaborarea cu Alexandru Tomescu. \u00cempreun\u0103 am preg\u0103tit un program deosebit de frumos, cu muzic\u0103 romantic\u0103, pe care abia a\u0219tept\u0103m s\u0103 \u00eel prezent\u0103m \u00een 17 loca\u021bii din Rom\u00e2nia pe parcursul Turneului Interna\u021bional Stradivarius. V\u0103 a\u0219tept\u0103m \u00een num\u0103r c\u00e2t mai mare la concerte, s\u0103 ne bucur\u0103m \u00eempreun\u0103 de muzic\u0103 pentru c\u0103 va fi un program de neuitat!<\/em><\/p>\n<cite><strong>Pianista Adela Liculescu<\/strong><\/cite><\/blockquote>\n\n\n\n<figure class=\"wp-block-image size-large\"><img loading=\"lazy\" decoding=\"async\" width=\"1238\" height=\"1280\" src=\"https:\/\/urbeamea.ro\/albaiulia\/wp-content\/uploads\/2023\/07\/DSC4869-1238x1280.jpg\" alt=\"\" class=\"wp-image-108264\" srcset=\"https:\/\/urbeamea.ro\/albaiulia\/wp-content\/uploads\/2023\/07\/DSC4869-1238x1280.jpg 1238w, https:\/\/urbeamea.ro\/albaiulia\/wp-content\/uploads\/2023\/07\/DSC4869-619x640.jpg 619w, https:\/\/urbeamea.ro\/albaiulia\/wp-content\/uploads\/2023\/07\/DSC4869-145x150.jpg 145w, https:\/\/urbeamea.ro\/albaiulia\/wp-content\/uploads\/2023\/07\/DSC4869-768x794.jpg 768w, https:\/\/urbeamea.ro\/albaiulia\/wp-content\/uploads\/2023\/07\/DSC4869-1485x1536.jpg 1485w, https:\/\/urbeamea.ro\/albaiulia\/wp-content\/uploads\/2023\/07\/DSC4869.jpg 1547w\" sizes=\"auto, (max-width: 1238px) 100vw, 1238px\" \/><\/figure>\n\n\n\n<p><strong>Turneul Interna\u021bional Stradivarius 2023 &#8211; \u201cIN THE MOOD FOR LOVE\u201d<\/strong> deschide seria de 17concerte, \u00een 17localit\u0103\u021bi, pe 20iunie, ora 19:00, la Tulcea-Teatrul \u201cJean Bart\u201d, 21iunie, ora 19:00 la Gala\u021bi-Teatrul de Oper\u0103 \u0219i Operet\u0103 \u201cNae Leonard\u201d, 23iunie, ora 19:00\/Ia\u0219i-Palatul Culturii, Sala \u201cHenri Coand\u0103\u201d, 24iunie, ora 13:00\/Mih\u0103ileni\/Boto\u0219ani-C\u0103minul Cultural, pe 25iunie, ora 18:00 la Suceava-Teatrul Matei Vi\u0219niec, 26 iunie, ora 19:00, Ghime\u0219\/Bac\u0103u-Biserica Romano-Catolic\u0103, 28iunie, ora 19:00- Satu-Mare-Filarmonica \u201cDinu Lipatti\u201d, 29iunie, ora 19:00, Oradea-Catedrala Greco-Catolic\u0103 \u201cSf\u00e2ntul Nicolae\u201d, pe 1iulie, ora 19:00 la Timi\u0219oara Capital\u0103 Cultural\u0103 Europen\u0103 la Filarmonica \u201cBanatul\u201d, 2iulie, ora 20:00-Sibiu- Muzeul de Istorie, 3iulie, ora 19:00, Bistri\u021ba\/Crama Jelna, 4iulie, ora 19:00, Bra\u0219ov\/Biserica Neagr\u0103, 5iulie, ora 19:00, Sebe\u0219, Catedrala Lutheran\u0103-Evanghelic\u0103, 6iulie, ora 20:00\/T\u00e2rgu-Jiu-Parcul Coloana f\u0103r\u0103 sf\u00e2r\u0219it a lui Br\u00e2ncu\u0219i, 7iulie, ora 19:00, Hobi\u021ba- Casa Memorial\u0103 \u201cConstantin Br\u00e2ncu\u0219i\u201d, 8iulie, ora 19:00-Filarmonica \u201cOltenia\u201d-Craiova, iar turneul se va \u00eencheie pe 9iulie, ora 19:00, Bucure\u0219ti- Sala Radio.<\/p>\n\n\n\n<p><strong>\u201cIN THE MOOD FOR LOVE\u201d-<\/strong> Turneul Interna\u021bional Stradivarius este dedicat \u0219i \u00een acest an unei cauze de interes public, prin mesajul #Conecta\u021bilaFapteBune \u2013 Bursa \u201cAdrian Tomescu\u201d, prin care propunem publicului s\u0103 se implice \u0219i s\u0103 vin\u0103 \u00een sprijinul tinerilor arti\u0219ti, astfel pot dona pentru aceast\u0103 cauz\u0103.<\/p>\n\n\n\n<blockquote class=\"wp-block-quote is-layout-flow wp-block-quote-is-layout-flow\">\n<p><em>Anul acesta, Turneul Stradivarius, a c\u0103rui edi\u021bie se intituleaz\u0103 \u00ab<strong>In the Mood for Love\u00bb,<\/strong> ne propune un traseu al acestui sentiment care \u00eensumeaz\u0103 peste 4000 de kilometri, se parcurge \u00een 21 de zile \u0219i are 17 \u00abpopasuri\u00bb \u00een diverse locuri din \u021bar\u0103. Acolo ne dau \u00eent\u00e2lnire Alexandru Tomescu \u0219i vioara lui, dar \u0219i Adela Liculescu \u0219i pianul ei. <strong>\u00abIn the Mood for Love<\/strong>\u00bb evoc\u0103 \u0219i ceea ce sim\u021bim noi, cei din BRD, fa\u021b\u0103 de muzica clasic\u0103, pe care o sus\u021binem cu consecven\u021b\u0103 de decenii \u0219i pe care astfel o putem oferi cu drag clien\u021bilor no\u0219tri \u0219i tuturor iubitorilor de muzic\u0103. V\u0103 invit\u0103m s\u0103 petrecem \u00eempreun\u0103 o var\u0103 de neuitat, pres\u0103rat\u0103 cu muzic\u0103 \u0219i iubire<\/em>.<\/p>\n<cite><em>Flavia Popa, Secretar General BRD, Partener Principal<\/em><\/cite><\/blockquote>\n\n\n\n<p>Turneul Interna\u021bional Stradivarius este un proiect care are loc an de an prin generozitatea \u0219i \u00eencrederea pe care Partenerii proiectului o investesc. &nbsp;Datorit\u0103 sus\u021binerii lor financiare, emo\u021bionale \u0219i de comunicare au contribuit extraordinar la crearea unei comunit\u0103\u021bi importante \u0219i extinse, iubitoare de muzic\u0103 clasic\u0103, iar ast\u0103zi am ajuns la edi\u021bia a XVIa. &nbsp;<\/p>\n\n\n\n<p>Pentru aceast\u0103 \u00eencredere, \u00eencurajare \u0219i pentru c\u0103 mesajul nostru este transmis publicului prin dumneavoastr\u0103,<strong> V\u0103 MUL\u021aUMIM!<\/strong><\/p>\n\n\n\n<p><strong>Parteneri \u0219i Sponsori:<\/strong><\/p>\n\n\n\n<p><strong>BRD GROUPE SOCIETE GENERAL- PARTENER PRINCIPAL<\/strong><\/p>\n\n\n\n<p><strong>SPONSORI:<\/strong> <strong>ANGELLI, POPOVICI NI\u021aU STOICA &amp; ASOCIA\u021aII, AQUA CARPATICA, S\u00c2MBURE\u0218TI, AUCHAN RETAIL, TOYOTA CRAIOVA- PARTENER MOBILITATE, SECURITAS ROM\u00c2NIA \u2013 PARTENER SECURITATE, F64, IBIS STYLES Bucure\u0219ti,<\/strong><\/p>\n\n\n\n<p><strong>PARTENERI INSTITU\u021aIONALI&amp;MEDIA<\/strong>:<strong> RADIO ROM\u00c2NIA, TVR, AGERPRES, RFI, OBSERVATORUL CULTURAL, C\u0102RTURE\u0218TI, VERIDICA.RO,&nbsp; HAUTE CULTURE<\/strong><\/p>\n\n\n\n<p><strong>PRODUC\u0102TORI: FUNDA\u021aIA CULTURAL\u0102 \u201dREMEMBER ENESCU\u201d, BRANDYOU-UP, KUB<\/strong><\/p>\n\n\n\n<p><strong>CO-ORGANIZATORI:<\/strong> Teatrul \u201eJean-Bart\u201d Tulcea, Teatrul de Oper\u0103 \u0219i Operet\u0103 \u201eNae Leonard\u201d Gala\u021bi, Muzeul de Istorie-Sibiu, Biserica Greco-Catolic\u0103 \u201eSf\u00e2ntul Nicolae\u201d Oradea,&nbsp; Centrul Cultural \u201dLucian Blaga\u201d \u0219i Prim\u0103ria Sebe\u0219,&nbsp; Crama Jelna-Bistri\u021ba-N\u0103s\u0103ud, Prim\u0103ria Mih\u0103ileni\/Boto\u0219ani, Centrul Cultural \u201eBucovina\u201d \u0219i Teatrul \u201eMatei Vi\u0219niec\u201d Suceava, Biserica Neagr\u0103-Bra\u0219ov, Biserica Romano-Catolic\u0103 din Ghime\u0219-F\u0103get\/Bac\u0103u, Degustarium \u0219i Oameniiinspir\u0103.ro \u2013Ghime\u0219-F\u0103get\/Bac\u0103u, Centrul Muzeal \u201eMoldova\u201d &#8211; Palatul Culturi \u0219i Prim\u0103ria Ia\u0219i, Rotary Club T\u00e2rgu-Jiu, Prim\u0103ria Pe\u0219ti\u0219ani \u0219i Casa Memorial\u0103 \u201eBr\u00e2ncu\u0219i\u201d Hobi\u021ba-Gorj, Filarmonica \u201eDinu Lipatti\u201d Satu-Mare, Filarmonica \u201eBanatul\u201d Timi\u0219oara, Filarmonica \u201eOltenia\u201d Craiova \u0219i Orchestrele Radio Rom\u00e2nia.<\/p>\n\n\n\n<p><em>Detalii suplimentare pe: turneulstradivarius.ro \u0219i FB&amp;INSTAGRAM- alexandru tomescu oficial<\/em><\/p>\n\n\n\n<p><em>&nbsp;<\/em>Departament Comunicare Turneul Stradivarius &amp; Alexandru Tomescu<\/p>\n\n\n\n<p>@contact@rememeberenescu.ro\/anca.gheorghe@brandyou-up.ro<\/p>\n\n\n\n<p><\/p>\n","protected":false},"excerpt":{"rendered":"<p>Turneul Interna\u021bional Stradivarius, ajuns \u00een acest an la a XVIa edi\u021bie, denumit \u201eIN THE MOOD FOR LOVE\u201d&#8211; este o invita\u021bie adresat\u0103 publicului la Medita\u021bie, Reflec\u021bie \u0219i Iubire. O conexiune \u00een armonie de sunete \u00eentre vioar\u0103 \u0219i pian, \u00eentre muzica marilor compozitori universali \u0219i na\u021bionali, adus\u0103 \u00een fa\u021ba publicului de Violonistul Alexandru Tomescu \u0219i a lui &hellip;<\/p>\n","protected":false},"author":16,"featured_media":108265,"comment_status":"open","ping_status":"open","sticky":false,"template":"","format":"standard","meta":{"inline_featured_image":false,"footnotes":""},"categories":[4],"tags":[17803],"class_list":["post-108262","post","type-post","status-publish","format-standard","has-post-thumbnail","hentry","category-eveniment","tag-turneul-international-stradivarius"],"yoast_head":"<!-- This site is optimized with the Yoast SEO plugin v27.4 - https:\/\/yoast.com\/product\/yoast-seo-wordpress\/ -->\n<title>\u201eIN THE MOOD FOR LOVE\u201d sau ascult\u0103 cum \u00eenflore\u0219te muzica pe care ALEXANDRU TOMESCU o aduce \u00een Turneul Interna\u021bional Stradivarius 2023 - Revista Urbea Mea - Revista de Alba<\/title>\n<meta name=\"description\" content=\"Turneul Interna\u021bional Stradivarius, ajuns \u00een acest an la a XVIa edi\u021bie, denumit \u201eIN THE MOOD FOR LOVE\u201d- este o invita\u021bie adresat\u0103 publicului la Medita\u021bie,\" \/>\n<meta name=\"robots\" content=\"index, follow, max-snippet:-1, max-image-preview:large, max-video-preview:-1\" \/>\n<link rel=\"canonical\" href=\"https:\/\/urbeamea.ro\/albaiulia\/in-the-mood-for-love-sau-asculta-cum-infloreste-muzica-pe-care-alexandru-tomescu-o-aduce-in-turneul-international-stradivarius-2023\/\" \/>\n<meta name=\"twitter:card\" content=\"summary_large_image\" \/>\n<meta name=\"twitter:title\" content=\"\u201eIN THE MOOD FOR LOVE\u201d sau ascult\u0103 cum \u00eenflore\u0219te muzica pe care ALEXANDRU TOMESCU o aduce \u00een Turneul Interna\u021bional Stradivarius 2023 - Revista Urbea Mea - Revista de Alba\" \/>\n<meta name=\"twitter:description\" content=\"Turneul Interna\u021bional Stradivarius, ajuns \u00een acest an la a XVIa edi\u021bie, denumit \u201eIN THE MOOD FOR LOVE\u201d- este o invita\u021bie adresat\u0103 publicului la Medita\u021bie,\" \/>\n<meta name=\"twitter:image\" content=\"https:\/\/urbeamea.ro\/albaiulia\/wp-content\/uploads\/2023\/07\/Invitatie-Stradivarius-2023.jpg\" \/>\n<meta name=\"twitter:creator\" content=\"@urbeameaweb\" \/>\n<meta name=\"twitter:site\" content=\"@urbeameaweb\" \/>\n<script type=\"application\/ld+json\" class=\"yoast-schema-graph\">{\"@context\":\"https:\\\/\\\/schema.org\",\"@graph\":[{\"@type\":\"Article\",\"@id\":\"https:\\\/\\\/urbeamea.ro\\\/albaiulia\\\/in-the-mood-for-love-sau-asculta-cum-infloreste-muzica-pe-care-alexandru-tomescu-o-aduce-in-turneul-international-stradivarius-2023\\\/#article\",\"isPartOf\":{\"@id\":\"https:\\\/\\\/urbeamea.ro\\\/albaiulia\\\/in-the-mood-for-love-sau-asculta-cum-infloreste-muzica-pe-care-alexandru-tomescu-o-aduce-in-turneul-international-stradivarius-2023\\\/\"},\"author\":{\"name\":\"Redac\u021bia UrbeaMea\",\"@id\":\"https:\\\/\\\/urbeamea.ro\\\/albaiulia\\\/#\\\/schema\\\/person\\\/272ae98052f8ee8980f59848df070247\"},\"headline\":\"\u201eIN THE MOOD FOR LOVE\u201d sau ascult\u0103 cum \u00eenflore\u0219te muzica pe care ALEXANDRU TOMESCU o aduce \u00een Turneul Interna\u021bional Stradivarius 2023\",\"datePublished\":\"2023-07-03T14:35:22+00:00\",\"dateModified\":\"2023-07-03T14:35:47+00:00\",\"mainEntityOfPage\":{\"@id\":\"https:\\\/\\\/urbeamea.ro\\\/albaiulia\\\/in-the-mood-for-love-sau-asculta-cum-infloreste-muzica-pe-care-alexandru-tomescu-o-aduce-in-turneul-international-stradivarius-2023\\\/\"},\"wordCount\":1143,\"commentCount\":0,\"image\":{\"@id\":\"https:\\\/\\\/urbeamea.ro\\\/albaiulia\\\/in-the-mood-for-love-sau-asculta-cum-infloreste-muzica-pe-care-alexandru-tomescu-o-aduce-in-turneul-international-stradivarius-2023\\\/#primaryimage\"},\"thumbnailUrl\":\"https:\\\/\\\/urbeamea.ro\\\/albaiulia\\\/wp-content\\\/uploads\\\/2023\\\/07\\\/Invitatie-Stradivarius-2023.jpg\",\"keywords\":[\"turneul international stradivarius\"],\"articleSection\":[\"Evenimente\"],\"inLanguage\":\"ro-RO\",\"potentialAction\":[{\"@type\":\"CommentAction\",\"name\":\"Comment\",\"target\":[\"https:\\\/\\\/urbeamea.ro\\\/albaiulia\\\/in-the-mood-for-love-sau-asculta-cum-infloreste-muzica-pe-care-alexandru-tomescu-o-aduce-in-turneul-international-stradivarius-2023\\\/#respond\"]}]},{\"@type\":\"WebPage\",\"@id\":\"https:\\\/\\\/urbeamea.ro\\\/albaiulia\\\/in-the-mood-for-love-sau-asculta-cum-infloreste-muzica-pe-care-alexandru-tomescu-o-aduce-in-turneul-international-stradivarius-2023\\\/\",\"url\":\"https:\\\/\\\/urbeamea.ro\\\/albaiulia\\\/in-the-mood-for-love-sau-asculta-cum-infloreste-muzica-pe-care-alexandru-tomescu-o-aduce-in-turneul-international-stradivarius-2023\\\/\",\"name\":\"\u201eIN THE MOOD FOR LOVE\u201d sau ascult\u0103 cum \u00eenflore\u0219te muzica pe care ALEXANDRU TOMESCU o aduce \u00een Turneul Interna\u021bional Stradivarius 2023 - Revista Urbea Mea - Revista de Alba\",\"isPartOf\":{\"@id\":\"https:\\\/\\\/urbeamea.ro\\\/albaiulia\\\/#website\"},\"primaryImageOfPage\":{\"@id\":\"https:\\\/\\\/urbeamea.ro\\\/albaiulia\\\/in-the-mood-for-love-sau-asculta-cum-infloreste-muzica-pe-care-alexandru-tomescu-o-aduce-in-turneul-international-stradivarius-2023\\\/#primaryimage\"},\"image\":{\"@id\":\"https:\\\/\\\/urbeamea.ro\\\/albaiulia\\\/in-the-mood-for-love-sau-asculta-cum-infloreste-muzica-pe-care-alexandru-tomescu-o-aduce-in-turneul-international-stradivarius-2023\\\/#primaryimage\"},\"thumbnailUrl\":\"https:\\\/\\\/urbeamea.ro\\\/albaiulia\\\/wp-content\\\/uploads\\\/2023\\\/07\\\/Invitatie-Stradivarius-2023.jpg\",\"datePublished\":\"2023-07-03T14:35:22+00:00\",\"dateModified\":\"2023-07-03T14:35:47+00:00\",\"author\":{\"@id\":\"https:\\\/\\\/urbeamea.ro\\\/albaiulia\\\/#\\\/schema\\\/person\\\/272ae98052f8ee8980f59848df070247\"},\"description\":\"Turneul Interna\u021bional Stradivarius, ajuns \u00een acest an la a XVIa edi\u021bie, denumit \u201eIN THE MOOD FOR LOVE\u201d- este o invita\u021bie adresat\u0103 publicului la Medita\u021bie,\",\"breadcrumb\":{\"@id\":\"https:\\\/\\\/urbeamea.ro\\\/albaiulia\\\/in-the-mood-for-love-sau-asculta-cum-infloreste-muzica-pe-care-alexandru-tomescu-o-aduce-in-turneul-international-stradivarius-2023\\\/#breadcrumb\"},\"inLanguage\":\"ro-RO\",\"potentialAction\":[{\"@type\":\"ReadAction\",\"target\":[\"https:\\\/\\\/urbeamea.ro\\\/albaiulia\\\/in-the-mood-for-love-sau-asculta-cum-infloreste-muzica-pe-care-alexandru-tomescu-o-aduce-in-turneul-international-stradivarius-2023\\\/\"]}]},{\"@type\":\"ImageObject\",\"inLanguage\":\"ro-RO\",\"@id\":\"https:\\\/\\\/urbeamea.ro\\\/albaiulia\\\/in-the-mood-for-love-sau-asculta-cum-infloreste-muzica-pe-care-alexandru-tomescu-o-aduce-in-turneul-international-stradivarius-2023\\\/#primaryimage\",\"url\":\"https:\\\/\\\/urbeamea.ro\\\/albaiulia\\\/wp-content\\\/uploads\\\/2023\\\/07\\\/Invitatie-Stradivarius-2023.jpg\",\"contentUrl\":\"https:\\\/\\\/urbeamea.ro\\\/albaiulia\\\/wp-content\\\/uploads\\\/2023\\\/07\\\/Invitatie-Stradivarius-2023.jpg\",\"width\":1600,\"height\":794},{\"@type\":\"BreadcrumbList\",\"@id\":\"https:\\\/\\\/urbeamea.ro\\\/albaiulia\\\/in-the-mood-for-love-sau-asculta-cum-infloreste-muzica-pe-care-alexandru-tomescu-o-aduce-in-turneul-international-stradivarius-2023\\\/#breadcrumb\",\"itemListElement\":[{\"@type\":\"ListItem\",\"position\":1,\"name\":\"Prima pagin\u0103\",\"item\":\"https:\\\/\\\/urbeamea.ro\\\/albaiulia\\\/\"},{\"@type\":\"ListItem\",\"position\":2,\"name\":\"\u201eIN THE MOOD FOR LOVE\u201d sau ascult\u0103 cum \u00eenflore\u0219te muzica pe care ALEXANDRU TOMESCU o aduce \u00een Turneul Interna\u021bional Stradivarius 2023\"}]},{\"@type\":\"WebSite\",\"@id\":\"https:\\\/\\\/urbeamea.ro\\\/albaiulia\\\/#website\",\"url\":\"https:\\\/\\\/urbeamea.ro\\\/albaiulia\\\/\",\"name\":\"Revista Urbea Mea, Stiri urbane\",\"description\":\"Evenimente \u0219i \u0219tiri din Alba Iulia, Sebe\u0219, Aiud, Blaj\",\"potentialAction\":[{\"@type\":\"SearchAction\",\"target\":{\"@type\":\"EntryPoint\",\"urlTemplate\":\"https:\\\/\\\/urbeamea.ro\\\/albaiulia\\\/?s={search_term_string}\"},\"query-input\":{\"@type\":\"PropertyValueSpecification\",\"valueRequired\":true,\"valueName\":\"search_term_string\"}}],\"inLanguage\":\"ro-RO\"},{\"@type\":\"Person\",\"@id\":\"https:\\\/\\\/urbeamea.ro\\\/albaiulia\\\/#\\\/schema\\\/person\\\/272ae98052f8ee8980f59848df070247\",\"name\":\"Redac\u021bia UrbeaMea\",\"image\":{\"@type\":\"ImageObject\",\"inLanguage\":\"ro-RO\",\"@id\":\"https:\\\/\\\/secure.gravatar.com\\\/avatar\\\/9ce5a9435071fa1037e8468053ead8e513dbbff59009d3069aadb85506d85a27?s=96&d=mm&r=g\",\"url\":\"https:\\\/\\\/secure.gravatar.com\\\/avatar\\\/9ce5a9435071fa1037e8468053ead8e513dbbff59009d3069aadb85506d85a27?s=96&d=mm&r=g\",\"contentUrl\":\"https:\\\/\\\/secure.gravatar.com\\\/avatar\\\/9ce5a9435071fa1037e8468053ead8e513dbbff59009d3069aadb85506d85a27?s=96&d=mm&r=g\",\"caption\":\"Redac\u021bia UrbeaMea\"},\"description\":\"contact@urbeamea.ro\",\"sameAs\":[\"https:\\\/\\\/www.urbeamea.ro\"],\"url\":\"https:\\\/\\\/urbeamea.ro\\\/albaiulia\\\/author\\\/redactia-urbeamea\\\/\"}]}<\/script>\n<!-- \/ Yoast SEO plugin. -->","yoast_head_json":{"title":"\u201eIN THE MOOD FOR LOVE\u201d sau ascult\u0103 cum \u00eenflore\u0219te muzica pe care ALEXANDRU TOMESCU o aduce \u00een Turneul Interna\u021bional Stradivarius 2023 - Revista Urbea Mea - Revista de Alba","description":"Turneul Interna\u021bional Stradivarius, ajuns \u00een acest an la a XVIa edi\u021bie, denumit \u201eIN THE MOOD FOR LOVE\u201d- este o invita\u021bie adresat\u0103 publicului la Medita\u021bie,","robots":{"index":"index","follow":"follow","max-snippet":"max-snippet:-1","max-image-preview":"max-image-preview:large","max-video-preview":"max-video-preview:-1"},"canonical":"https:\/\/urbeamea.ro\/albaiulia\/in-the-mood-for-love-sau-asculta-cum-infloreste-muzica-pe-care-alexandru-tomescu-o-aduce-in-turneul-international-stradivarius-2023\/","twitter_card":"summary_large_image","twitter_title":"\u201eIN THE MOOD FOR LOVE\u201d sau ascult\u0103 cum \u00eenflore\u0219te muzica pe care ALEXANDRU TOMESCU o aduce \u00een Turneul Interna\u021bional Stradivarius 2023 - Revista Urbea Mea - Revista de Alba","twitter_description":"Turneul Interna\u021bional Stradivarius, ajuns \u00een acest an la a XVIa edi\u021bie, denumit \u201eIN THE MOOD FOR LOVE\u201d- este o invita\u021bie adresat\u0103 publicului la Medita\u021bie,","twitter_image":"https:\/\/urbeamea.ro\/albaiulia\/wp-content\/uploads\/2023\/07\/Invitatie-Stradivarius-2023.jpg","twitter_creator":"@urbeameaweb","twitter_site":"@urbeameaweb","schema":{"@context":"https:\/\/schema.org","@graph":[{"@type":"Article","@id":"https:\/\/urbeamea.ro\/albaiulia\/in-the-mood-for-love-sau-asculta-cum-infloreste-muzica-pe-care-alexandru-tomescu-o-aduce-in-turneul-international-stradivarius-2023\/#article","isPartOf":{"@id":"https:\/\/urbeamea.ro\/albaiulia\/in-the-mood-for-love-sau-asculta-cum-infloreste-muzica-pe-care-alexandru-tomescu-o-aduce-in-turneul-international-stradivarius-2023\/"},"author":{"name":"Redac\u021bia UrbeaMea","@id":"https:\/\/urbeamea.ro\/albaiulia\/#\/schema\/person\/272ae98052f8ee8980f59848df070247"},"headline":"\u201eIN THE MOOD FOR LOVE\u201d sau ascult\u0103 cum \u00eenflore\u0219te muzica pe care ALEXANDRU TOMESCU o aduce \u00een Turneul Interna\u021bional Stradivarius 2023","datePublished":"2023-07-03T14:35:22+00:00","dateModified":"2023-07-03T14:35:47+00:00","mainEntityOfPage":{"@id":"https:\/\/urbeamea.ro\/albaiulia\/in-the-mood-for-love-sau-asculta-cum-infloreste-muzica-pe-care-alexandru-tomescu-o-aduce-in-turneul-international-stradivarius-2023\/"},"wordCount":1143,"commentCount":0,"image":{"@id":"https:\/\/urbeamea.ro\/albaiulia\/in-the-mood-for-love-sau-asculta-cum-infloreste-muzica-pe-care-alexandru-tomescu-o-aduce-in-turneul-international-stradivarius-2023\/#primaryimage"},"thumbnailUrl":"https:\/\/urbeamea.ro\/albaiulia\/wp-content\/uploads\/2023\/07\/Invitatie-Stradivarius-2023.jpg","keywords":["turneul international stradivarius"],"articleSection":["Evenimente"],"inLanguage":"ro-RO","potentialAction":[{"@type":"CommentAction","name":"Comment","target":["https:\/\/urbeamea.ro\/albaiulia\/in-the-mood-for-love-sau-asculta-cum-infloreste-muzica-pe-care-alexandru-tomescu-o-aduce-in-turneul-international-stradivarius-2023\/#respond"]}]},{"@type":"WebPage","@id":"https:\/\/urbeamea.ro\/albaiulia\/in-the-mood-for-love-sau-asculta-cum-infloreste-muzica-pe-care-alexandru-tomescu-o-aduce-in-turneul-international-stradivarius-2023\/","url":"https:\/\/urbeamea.ro\/albaiulia\/in-the-mood-for-love-sau-asculta-cum-infloreste-muzica-pe-care-alexandru-tomescu-o-aduce-in-turneul-international-stradivarius-2023\/","name":"\u201eIN THE MOOD FOR LOVE\u201d sau ascult\u0103 cum \u00eenflore\u0219te muzica pe care ALEXANDRU TOMESCU o aduce \u00een Turneul Interna\u021bional Stradivarius 2023 - Revista Urbea Mea - Revista de Alba","isPartOf":{"@id":"https:\/\/urbeamea.ro\/albaiulia\/#website"},"primaryImageOfPage":{"@id":"https:\/\/urbeamea.ro\/albaiulia\/in-the-mood-for-love-sau-asculta-cum-infloreste-muzica-pe-care-alexandru-tomescu-o-aduce-in-turneul-international-stradivarius-2023\/#primaryimage"},"image":{"@id":"https:\/\/urbeamea.ro\/albaiulia\/in-the-mood-for-love-sau-asculta-cum-infloreste-muzica-pe-care-alexandru-tomescu-o-aduce-in-turneul-international-stradivarius-2023\/#primaryimage"},"thumbnailUrl":"https:\/\/urbeamea.ro\/albaiulia\/wp-content\/uploads\/2023\/07\/Invitatie-Stradivarius-2023.jpg","datePublished":"2023-07-03T14:35:22+00:00","dateModified":"2023-07-03T14:35:47+00:00","author":{"@id":"https:\/\/urbeamea.ro\/albaiulia\/#\/schema\/person\/272ae98052f8ee8980f59848df070247"},"description":"Turneul Interna\u021bional Stradivarius, ajuns \u00een acest an la a XVIa edi\u021bie, denumit \u201eIN THE MOOD FOR LOVE\u201d- este o invita\u021bie adresat\u0103 publicului la Medita\u021bie,","breadcrumb":{"@id":"https:\/\/urbeamea.ro\/albaiulia\/in-the-mood-for-love-sau-asculta-cum-infloreste-muzica-pe-care-alexandru-tomescu-o-aduce-in-turneul-international-stradivarius-2023\/#breadcrumb"},"inLanguage":"ro-RO","potentialAction":[{"@type":"ReadAction","target":["https:\/\/urbeamea.ro\/albaiulia\/in-the-mood-for-love-sau-asculta-cum-infloreste-muzica-pe-care-alexandru-tomescu-o-aduce-in-turneul-international-stradivarius-2023\/"]}]},{"@type":"ImageObject","inLanguage":"ro-RO","@id":"https:\/\/urbeamea.ro\/albaiulia\/in-the-mood-for-love-sau-asculta-cum-infloreste-muzica-pe-care-alexandru-tomescu-o-aduce-in-turneul-international-stradivarius-2023\/#primaryimage","url":"https:\/\/urbeamea.ro\/albaiulia\/wp-content\/uploads\/2023\/07\/Invitatie-Stradivarius-2023.jpg","contentUrl":"https:\/\/urbeamea.ro\/albaiulia\/wp-content\/uploads\/2023\/07\/Invitatie-Stradivarius-2023.jpg","width":1600,"height":794},{"@type":"BreadcrumbList","@id":"https:\/\/urbeamea.ro\/albaiulia\/in-the-mood-for-love-sau-asculta-cum-infloreste-muzica-pe-care-alexandru-tomescu-o-aduce-in-turneul-international-stradivarius-2023\/#breadcrumb","itemListElement":[{"@type":"ListItem","position":1,"name":"Prima pagin\u0103","item":"https:\/\/urbeamea.ro\/albaiulia\/"},{"@type":"ListItem","position":2,"name":"\u201eIN THE MOOD FOR LOVE\u201d sau ascult\u0103 cum \u00eenflore\u0219te muzica pe care ALEXANDRU TOMESCU o aduce \u00een Turneul Interna\u021bional Stradivarius 2023"}]},{"@type":"WebSite","@id":"https:\/\/urbeamea.ro\/albaiulia\/#website","url":"https:\/\/urbeamea.ro\/albaiulia\/","name":"Revista Urbea Mea, Stiri urbane","description":"Evenimente \u0219i \u0219tiri din Alba Iulia, Sebe\u0219, Aiud, Blaj","potentialAction":[{"@type":"SearchAction","target":{"@type":"EntryPoint","urlTemplate":"https:\/\/urbeamea.ro\/albaiulia\/?s={search_term_string}"},"query-input":{"@type":"PropertyValueSpecification","valueRequired":true,"valueName":"search_term_string"}}],"inLanguage":"ro-RO"},{"@type":"Person","@id":"https:\/\/urbeamea.ro\/albaiulia\/#\/schema\/person\/272ae98052f8ee8980f59848df070247","name":"Redac\u021bia UrbeaMea","image":{"@type":"ImageObject","inLanguage":"ro-RO","@id":"https:\/\/secure.gravatar.com\/avatar\/9ce5a9435071fa1037e8468053ead8e513dbbff59009d3069aadb85506d85a27?s=96&d=mm&r=g","url":"https:\/\/secure.gravatar.com\/avatar\/9ce5a9435071fa1037e8468053ead8e513dbbff59009d3069aadb85506d85a27?s=96&d=mm&r=g","contentUrl":"https:\/\/secure.gravatar.com\/avatar\/9ce5a9435071fa1037e8468053ead8e513dbbff59009d3069aadb85506d85a27?s=96&d=mm&r=g","caption":"Redac\u021bia UrbeaMea"},"description":"contact@urbeamea.ro","sameAs":["https:\/\/www.urbeamea.ro"],"url":"https:\/\/urbeamea.ro\/albaiulia\/author\/redactia-urbeamea\/"}]}},"_links":{"self":[{"href":"https:\/\/urbeamea.ro\/albaiulia\/wp-json\/wp\/v2\/posts\/108262","targetHints":{"allow":["GET"]}}],"collection":[{"href":"https:\/\/urbeamea.ro\/albaiulia\/wp-json\/wp\/v2\/posts"}],"about":[{"href":"https:\/\/urbeamea.ro\/albaiulia\/wp-json\/wp\/v2\/types\/post"}],"author":[{"embeddable":true,"href":"https:\/\/urbeamea.ro\/albaiulia\/wp-json\/wp\/v2\/users\/16"}],"replies":[{"embeddable":true,"href":"https:\/\/urbeamea.ro\/albaiulia\/wp-json\/wp\/v2\/comments?post=108262"}],"version-history":[{"count":2,"href":"https:\/\/urbeamea.ro\/albaiulia\/wp-json\/wp\/v2\/posts\/108262\/revisions"}],"predecessor-version":[{"id":108267,"href":"https:\/\/urbeamea.ro\/albaiulia\/wp-json\/wp\/v2\/posts\/108262\/revisions\/108267"}],"wp:featuredmedia":[{"embeddable":true,"href":"https:\/\/urbeamea.ro\/albaiulia\/wp-json\/wp\/v2\/media\/108265"}],"wp:attachment":[{"href":"https:\/\/urbeamea.ro\/albaiulia\/wp-json\/wp\/v2\/media?parent=108262"}],"wp:term":[{"taxonomy":"category","embeddable":true,"href":"https:\/\/urbeamea.ro\/albaiulia\/wp-json\/wp\/v2\/categories?post=108262"},{"taxonomy":"post_tag","embeddable":true,"href":"https:\/\/urbeamea.ro\/albaiulia\/wp-json\/wp\/v2\/tags?post=108262"}],"curies":[{"name":"wp","href":"https:\/\/api.w.org\/{rel}","templated":true}]}}