{"id":108361,"date":"2023-07-09T13:28:54","date_gmt":"2023-07-09T10:28:54","guid":{"rendered":"https:\/\/urbeamea.ro\/albaiulia\/?p=108361"},"modified":"2023-07-09T13:29:12","modified_gmt":"2023-07-09T10:29:12","slug":"top-7-obiecte-care-se-merita-sa-le-cumperi-de-black-friday","status":"publish","type":"post","link":"https:\/\/urbeamea.ro\/albaiulia\/top-7-obiecte-care-se-merita-sa-le-cumperi-de-black-friday\/","title":{"rendered":"TOP 7 obiecte care se merit\u0103 s\u0103 le cumperi de Black Friday"},"content":{"rendered":"\n<p>Black Friday este o oportunitate excelent\u0103 de a ob\u021bine produse de calitate la pre\u021buri reduse. \u00cen aceast\u0103 zi special\u0103 de cump\u0103r\u0103turi, numeroase magazine \u0219i comercian\u021bi online ofer\u0103 reduceri semnificative pentru a atrage clien\u021bii. Dac\u0103 e\u0219ti \u00een c\u0103utarea unor obiecte esen\u021biale pentru cas\u0103 sau pentru a-\u021bi r\u0103sf\u0103\u021ba pasiunile \u0219i nevoile personale, Black Friday poate fi momentul ideal pentru a achizi\u021biona acele produse pe care le doreai de mult timp, cu un buget mai mic.<\/p>\n\n\n\n<h2 class=\"wp-block-heading\">Iat\u0103 7 obiecte care se merit\u0103 s\u0103 le cumperi de Black Friday:<\/h2>\n\n\n\n<ol class=\"wp-block-list\">\n<li><strong>Telefon<\/strong><\/li>\n<\/ol>\n\n\n\n<p>Un telefon nou poate fi un upgrade excelent pentru a-\u021bi \u00eembun\u0103t\u0103\u021bi experien\u021ba de comunicare \u0219i pentru a te bucura de tehnologia avansat\u0103. \u00cen timpul Black Friday-ului, multe branduri de renume ofer\u0103 reduceri considerabile la telefoanele lor de ultim\u0103 genera\u021bie. Fii atent la caracteristicile dorite \u0219i la recenziile clien\u021bilor pentru a alege telefonul potrivit nevoilor tale.<\/p>\n\n\n\n<ol class=\"wp-block-list\" start=\"2\">\n<li><strong>Ma\u0219in\u0103 de sp\u0103lat<\/strong><\/li>\n<\/ol>\n\n\n\n<p>O ma\u0219in\u0103 de sp\u0103lat eficient\u0103 \u0219i de \u00eencredere poate face o diferen\u021b\u0103 semnificativ\u0103 \u00een rutina de cur\u0103\u021benie a casei tale. Black Friday este momentul potrivit pentru a profita de reduceri la aparatele electrocasnice, inclusiv la ma\u0219inile de sp\u0103lat. Verific\u0103 capacitatea, func\u021biile speciale \u0219i eficien\u021ba energetic\u0103 pentru a g\u0103si modelul perfect pentru tine.<\/p>\n\n\n\n<ol class=\"wp-block-list\" start=\"3\">\n<li><strong>Aspirator<\/strong><\/li>\n<\/ol>\n\n\n\n<p>Un aspirator performant poate simplifica sarcinile de cur\u0103\u021benie \u0219i poate men\u021bine casa ta impecabil\u0103. Black Friday aduce reduceri substan\u021biale la aspiratoare, inclusiv la modele robotizate inteligente, verticale sau cu filtrare avansat\u0103. Alege un aspirator potrivit nevoilor tale \u0219i bucur\u0103-te de o cur\u0103\u021benie eficient\u0103 \u0219i rapid\u0103.<\/p>\n\n\n\n<ol class=\"wp-block-list\" start=\"4\">\n<li><strong>Frigider<\/strong><\/li>\n<\/ol>\n\n\n\n<p>Un frigider spa\u021bios \u0219i eficient din punct de vedere energetic este un element indispensabil \u00een orice buc\u0103t\u0103rie. Black Friday \u00ee\u021bi ofer\u0103 ocazia de a achizi\u021biona un frigider nou la un pre\u021b avantajos. Asigur\u0103-te c\u0103 selectezi un model care \u00eendepline\u0219te nevoile tale de depozitare, care are op\u021biuni de economisire a energiei \u0219i caracteristici tehnologice moderne.<\/p>\n\n\n\n<ol class=\"wp-block-list\" start=\"5\">\n<li><strong>Aparat de cafea<\/strong><\/li>\n<\/ol>\n\n\n\n<p>Pentru iubitorii de cafea, un aparat de cafea de calitate este un accesoriu esen\u021bial \u00een buc\u0103t\u0103rie. Black Friday aduce reduceri la o varietate de aparate de cafea, de la cele tradi\u021bionale la cele automate, din care po\u021bi alege un aparat care s\u0103 ofere op\u021biunile preferate de cafea \u0219i func\u021bii suplimentare, cum ar fi spumarea laptelui sau programarea automat\u0103.<\/p>\n\n\n\n<ol class=\"wp-block-list\" start=\"6\">\n<li><strong>Laptop<\/strong><\/li>\n<\/ol>\n\n\n\n<p>Un laptop este un instrument esen\u021bial pentru multe persoane. Indiferent dac\u0103 \u00eel folose\u0219ti pentru munc\u0103, studii sau divertisment, Black Friday este momentul perfect pentru a achizi\u021biona un laptop nou sau pentru a face upgrade la cel existent. Mul\u021bi produc\u0103tori \u0219i retaileri ofer\u0103 reduceri semnificative la laptopuri, astfel \u00eenc\u00e2t s\u0103 po\u021bi g\u0103si modele de \u00eenalt\u0103 performan\u021b\u0103 la pre\u021buri mai accesibile. Asigur\u0103-te c\u0103 alegi un laptop cu specifica\u021biile potrivite pentru nevoile tale, cum ar fi procesor puternic, capacitate de stocare suficient\u0103 \u0219i o plac\u0103 grafic\u0103 de calitate, cum ar fi <a href=\"https:\/\/altex.ro\/laptopuri\/cpl\/filtru\/brand-3334\/asus\/\" target=\"_blank\" rel=\"noreferrer noopener\">un laptop Asus<\/a> de pe altex.ro.<\/p>\n\n\n\n<ol class=\"wp-block-list\" start=\"7\">\n<li><strong>Oferte de c\u0103l\u0103torii<\/strong><\/li>\n<\/ol>\n\n\n\n<p>Black Friday nu se limiteaz\u0103 doar la produse materiale. Po\u021bi profita \u0219i de oferte speciale pentru c\u0103l\u0103torii \u0219i vacan\u021be. Mul\u021bi operatori turistici, companii aeriene \u0219i hoteluri ofer\u0103 reduceri semnificative \u00een aceast\u0103 perioad\u0103. A\u0219adar, dac\u0103 \u00ee\u021bi dore\u0219ti s\u0103 explorezi noi destina\u021bii sau s\u0103 te relaxezi \u00eentr-un loc de vis, Black Friday poate fi momentul ideal pentru a-\u021bi rezerva vacan\u021ba ideal\u0103 la pre\u021buri mai mici.<\/p>\n\n\n\n<p>\u00cen concluzie, Black Friday este o oportunitate unic\u0103 de a achizi\u021biona obiecte de calitate la pre\u021buri reduse. Atunci c\u00e2nd vine vorba de cump\u0103r\u0103turi \u00een aceast\u0103 zi, po\u021bi beneficia de reduceri substan\u021biale la o varietate de produse esen\u021biale.<\/p>\n\n\n\n<p>Surs\u0103 foto: freepik.com<\/p>\n","protected":false},"excerpt":{"rendered":"<p>Black Friday este o oportunitate excelent\u0103 de a ob\u021bine produse de calitate la pre\u021buri reduse. \u00cen aceast\u0103 zi special\u0103 de cump\u0103r\u0103turi, numeroase magazine \u0219i comercian\u021bi online ofer\u0103 reduceri semnificative pentru a atrage clien\u021bii. Dac\u0103 e\u0219ti \u00een c\u0103utarea unor obiecte esen\u021biale pentru cas\u0103 sau pentru a-\u021bi r\u0103sf\u0103\u021ba pasiunile \u0219i nevoile personale, Black Friday poate fi momentul &hellip;<\/p>\n","protected":false},"author":16,"featured_media":108362,"comment_status":"open","ping_status":"open","sticky":false,"template":"","format":"standard","meta":{"inline_featured_image":false,"footnotes":""},"categories":[15347],"tags":[24843],"class_list":["post-108361","post","type-post","status-publish","format-standard","has-post-thumbnail","hentry","category-tehnologie","tag-laptop-altex"],"yoast_head":"<!-- This site is optimized with the Yoast SEO plugin v27.4 - https:\/\/yoast.com\/product\/yoast-seo-wordpress\/ -->\n<title>TOP 7 obiecte care se merit\u0103 s\u0103 le cumperi de Black Friday - Revista Urbea Mea - Revista de Alba<\/title>\n<meta name=\"description\" content=\"Black Friday este o oportunitate excelent\u0103 de a ob\u021bine produse de calitate la pre\u021buri reduse. \u00cen aceast\u0103 zi special\u0103 de cump\u0103r\u0103turi, numeroase magazine \u0219i\" \/>\n<meta name=\"robots\" content=\"index, follow, max-snippet:-1, max-image-preview:large, max-video-preview:-1\" \/>\n<link rel=\"canonical\" href=\"https:\/\/urbeamea.ro\/albaiulia\/top-7-obiecte-care-se-merita-sa-le-cumperi-de-black-friday\/\" \/>\n<meta name=\"twitter:card\" content=\"summary_large_image\" \/>\n<meta name=\"twitter:title\" content=\"TOP 7 obiecte care se merit\u0103 s\u0103 le cumperi de Black Friday - Revista Urbea Mea - Revista de Alba\" \/>\n<meta name=\"twitter:description\" content=\"Black Friday este o oportunitate excelent\u0103 de a ob\u021bine produse de calitate la pre\u021buri reduse. \u00cen aceast\u0103 zi special\u0103 de cump\u0103r\u0103turi, numeroase magazine \u0219i\" \/>\n<meta name=\"twitter:image\" content=\"https:\/\/urbeamea.ro\/albaiulia\/wp-content\/uploads\/2023\/07\/input.jpg\" \/>\n<meta name=\"twitter:creator\" content=\"@urbeameaweb\" \/>\n<meta name=\"twitter:site\" content=\"@urbeameaweb\" \/>\n<script type=\"application\/ld+json\" class=\"yoast-schema-graph\">{\"@context\":\"https:\\\/\\\/schema.org\",\"@graph\":[{\"@type\":\"Article\",\"@id\":\"https:\\\/\\\/urbeamea.ro\\\/albaiulia\\\/top-7-obiecte-care-se-merita-sa-le-cumperi-de-black-friday\\\/#article\",\"isPartOf\":{\"@id\":\"https:\\\/\\\/urbeamea.ro\\\/albaiulia\\\/top-7-obiecte-care-se-merita-sa-le-cumperi-de-black-friday\\\/\"},\"author\":{\"name\":\"Redac\u021bia UrbeaMea\",\"@id\":\"https:\\\/\\\/urbeamea.ro\\\/albaiulia\\\/#\\\/schema\\\/person\\\/272ae98052f8ee8980f59848df070247\"},\"headline\":\"TOP 7 obiecte care se merit\u0103 s\u0103 le cumperi de Black Friday\",\"datePublished\":\"2023-07-09T10:28:54+00:00\",\"dateModified\":\"2023-07-09T10:29:12+00:00\",\"mainEntityOfPage\":{\"@id\":\"https:\\\/\\\/urbeamea.ro\\\/albaiulia\\\/top-7-obiecte-care-se-merita-sa-le-cumperi-de-black-friday\\\/\"},\"wordCount\":651,\"commentCount\":0,\"image\":{\"@id\":\"https:\\\/\\\/urbeamea.ro\\\/albaiulia\\\/top-7-obiecte-care-se-merita-sa-le-cumperi-de-black-friday\\\/#primaryimage\"},\"thumbnailUrl\":\"https:\\\/\\\/urbeamea.ro\\\/albaiulia\\\/wp-content\\\/uploads\\\/2023\\\/07\\\/input.jpg\",\"keywords\":[\"Laptop Altex\"],\"articleSection\":[\"Tehnologie\"],\"inLanguage\":\"ro-RO\",\"potentialAction\":[{\"@type\":\"CommentAction\",\"name\":\"Comment\",\"target\":[\"https:\\\/\\\/urbeamea.ro\\\/albaiulia\\\/top-7-obiecte-care-se-merita-sa-le-cumperi-de-black-friday\\\/#respond\"]}]},{\"@type\":\"WebPage\",\"@id\":\"https:\\\/\\\/urbeamea.ro\\\/albaiulia\\\/top-7-obiecte-care-se-merita-sa-le-cumperi-de-black-friday\\\/\",\"url\":\"https:\\\/\\\/urbeamea.ro\\\/albaiulia\\\/top-7-obiecte-care-se-merita-sa-le-cumperi-de-black-friday\\\/\",\"name\":\"TOP 7 obiecte care se merit\u0103 s\u0103 le cumperi de Black Friday - Revista Urbea Mea - Revista de Alba\",\"isPartOf\":{\"@id\":\"https:\\\/\\\/urbeamea.ro\\\/albaiulia\\\/#website\"},\"primaryImageOfPage\":{\"@id\":\"https:\\\/\\\/urbeamea.ro\\\/albaiulia\\\/top-7-obiecte-care-se-merita-sa-le-cumperi-de-black-friday\\\/#primaryimage\"},\"image\":{\"@id\":\"https:\\\/\\\/urbeamea.ro\\\/albaiulia\\\/top-7-obiecte-care-se-merita-sa-le-cumperi-de-black-friday\\\/#primaryimage\"},\"thumbnailUrl\":\"https:\\\/\\\/urbeamea.ro\\\/albaiulia\\\/wp-content\\\/uploads\\\/2023\\\/07\\\/input.jpg\",\"datePublished\":\"2023-07-09T10:28:54+00:00\",\"dateModified\":\"2023-07-09T10:29:12+00:00\",\"author\":{\"@id\":\"https:\\\/\\\/urbeamea.ro\\\/albaiulia\\\/#\\\/schema\\\/person\\\/272ae98052f8ee8980f59848df070247\"},\"description\":\"Black Friday este o oportunitate excelent\u0103 de a ob\u021bine produse de calitate la pre\u021buri reduse. \u00cen aceast\u0103 zi special\u0103 de cump\u0103r\u0103turi, numeroase magazine \u0219i\",\"breadcrumb\":{\"@id\":\"https:\\\/\\\/urbeamea.ro\\\/albaiulia\\\/top-7-obiecte-care-se-merita-sa-le-cumperi-de-black-friday\\\/#breadcrumb\"},\"inLanguage\":\"ro-RO\",\"potentialAction\":[{\"@type\":\"ReadAction\",\"target\":[\"https:\\\/\\\/urbeamea.ro\\\/albaiulia\\\/top-7-obiecte-care-se-merita-sa-le-cumperi-de-black-friday\\\/\"]}]},{\"@type\":\"ImageObject\",\"inLanguage\":\"ro-RO\",\"@id\":\"https:\\\/\\\/urbeamea.ro\\\/albaiulia\\\/top-7-obiecte-care-se-merita-sa-le-cumperi-de-black-friday\\\/#primaryimage\",\"url\":\"https:\\\/\\\/urbeamea.ro\\\/albaiulia\\\/wp-content\\\/uploads\\\/2023\\\/07\\\/input.jpg\",\"contentUrl\":\"https:\\\/\\\/urbeamea.ro\\\/albaiulia\\\/wp-content\\\/uploads\\\/2023\\\/07\\\/input.jpg\",\"width\":1200,\"height\":800},{\"@type\":\"BreadcrumbList\",\"@id\":\"https:\\\/\\\/urbeamea.ro\\\/albaiulia\\\/top-7-obiecte-care-se-merita-sa-le-cumperi-de-black-friday\\\/#breadcrumb\",\"itemListElement\":[{\"@type\":\"ListItem\",\"position\":1,\"name\":\"Prima pagin\u0103\",\"item\":\"https:\\\/\\\/urbeamea.ro\\\/albaiulia\\\/\"},{\"@type\":\"ListItem\",\"position\":2,\"name\":\"TOP 7 obiecte care se merit\u0103 s\u0103 le cumperi de Black Friday\"}]},{\"@type\":\"WebSite\",\"@id\":\"https:\\\/\\\/urbeamea.ro\\\/albaiulia\\\/#website\",\"url\":\"https:\\\/\\\/urbeamea.ro\\\/albaiulia\\\/\",\"name\":\"Revista Urbea Mea, Stiri urbane\",\"description\":\"Evenimente \u0219i \u0219tiri din Alba Iulia, Sebe\u0219, Aiud, Blaj\",\"potentialAction\":[{\"@type\":\"SearchAction\",\"target\":{\"@type\":\"EntryPoint\",\"urlTemplate\":\"https:\\\/\\\/urbeamea.ro\\\/albaiulia\\\/?s={search_term_string}\"},\"query-input\":{\"@type\":\"PropertyValueSpecification\",\"valueRequired\":true,\"valueName\":\"search_term_string\"}}],\"inLanguage\":\"ro-RO\"},{\"@type\":\"Person\",\"@id\":\"https:\\\/\\\/urbeamea.ro\\\/albaiulia\\\/#\\\/schema\\\/person\\\/272ae98052f8ee8980f59848df070247\",\"name\":\"Redac\u021bia UrbeaMea\",\"image\":{\"@type\":\"ImageObject\",\"inLanguage\":\"ro-RO\",\"@id\":\"https:\\\/\\\/secure.gravatar.com\\\/avatar\\\/9ce5a9435071fa1037e8468053ead8e513dbbff59009d3069aadb85506d85a27?s=96&d=mm&r=g\",\"url\":\"https:\\\/\\\/secure.gravatar.com\\\/avatar\\\/9ce5a9435071fa1037e8468053ead8e513dbbff59009d3069aadb85506d85a27?s=96&d=mm&r=g\",\"contentUrl\":\"https:\\\/\\\/secure.gravatar.com\\\/avatar\\\/9ce5a9435071fa1037e8468053ead8e513dbbff59009d3069aadb85506d85a27?s=96&d=mm&r=g\",\"caption\":\"Redac\u021bia UrbeaMea\"},\"description\":\"contact@urbeamea.ro\",\"sameAs\":[\"https:\\\/\\\/www.urbeamea.ro\"],\"url\":\"https:\\\/\\\/urbeamea.ro\\\/albaiulia\\\/author\\\/redactia-urbeamea\\\/\"}]}<\/script>\n<!-- \/ Yoast SEO plugin. -->","yoast_head_json":{"title":"TOP 7 obiecte care se merit\u0103 s\u0103 le cumperi de Black Friday - Revista Urbea Mea - Revista de Alba","description":"Black Friday este o oportunitate excelent\u0103 de a ob\u021bine produse de calitate la pre\u021buri reduse. \u00cen aceast\u0103 zi special\u0103 de cump\u0103r\u0103turi, numeroase magazine \u0219i","robots":{"index":"index","follow":"follow","max-snippet":"max-snippet:-1","max-image-preview":"max-image-preview:large","max-video-preview":"max-video-preview:-1"},"canonical":"https:\/\/urbeamea.ro\/albaiulia\/top-7-obiecte-care-se-merita-sa-le-cumperi-de-black-friday\/","twitter_card":"summary_large_image","twitter_title":"TOP 7 obiecte care se merit\u0103 s\u0103 le cumperi de Black Friday - Revista Urbea Mea - Revista de Alba","twitter_description":"Black Friday este o oportunitate excelent\u0103 de a ob\u021bine produse de calitate la pre\u021buri reduse. \u00cen aceast\u0103 zi special\u0103 de cump\u0103r\u0103turi, numeroase magazine \u0219i","twitter_image":"https:\/\/urbeamea.ro\/albaiulia\/wp-content\/uploads\/2023\/07\/input.jpg","twitter_creator":"@urbeameaweb","twitter_site":"@urbeameaweb","schema":{"@context":"https:\/\/schema.org","@graph":[{"@type":"Article","@id":"https:\/\/urbeamea.ro\/albaiulia\/top-7-obiecte-care-se-merita-sa-le-cumperi-de-black-friday\/#article","isPartOf":{"@id":"https:\/\/urbeamea.ro\/albaiulia\/top-7-obiecte-care-se-merita-sa-le-cumperi-de-black-friday\/"},"author":{"name":"Redac\u021bia UrbeaMea","@id":"https:\/\/urbeamea.ro\/albaiulia\/#\/schema\/person\/272ae98052f8ee8980f59848df070247"},"headline":"TOP 7 obiecte care se merit\u0103 s\u0103 le cumperi de Black Friday","datePublished":"2023-07-09T10:28:54+00:00","dateModified":"2023-07-09T10:29:12+00:00","mainEntityOfPage":{"@id":"https:\/\/urbeamea.ro\/albaiulia\/top-7-obiecte-care-se-merita-sa-le-cumperi-de-black-friday\/"},"wordCount":651,"commentCount":0,"image":{"@id":"https:\/\/urbeamea.ro\/albaiulia\/top-7-obiecte-care-se-merita-sa-le-cumperi-de-black-friday\/#primaryimage"},"thumbnailUrl":"https:\/\/urbeamea.ro\/albaiulia\/wp-content\/uploads\/2023\/07\/input.jpg","keywords":["Laptop Altex"],"articleSection":["Tehnologie"],"inLanguage":"ro-RO","potentialAction":[{"@type":"CommentAction","name":"Comment","target":["https:\/\/urbeamea.ro\/albaiulia\/top-7-obiecte-care-se-merita-sa-le-cumperi-de-black-friday\/#respond"]}]},{"@type":"WebPage","@id":"https:\/\/urbeamea.ro\/albaiulia\/top-7-obiecte-care-se-merita-sa-le-cumperi-de-black-friday\/","url":"https:\/\/urbeamea.ro\/albaiulia\/top-7-obiecte-care-se-merita-sa-le-cumperi-de-black-friday\/","name":"TOP 7 obiecte care se merit\u0103 s\u0103 le cumperi de Black Friday - Revista Urbea Mea - Revista de Alba","isPartOf":{"@id":"https:\/\/urbeamea.ro\/albaiulia\/#website"},"primaryImageOfPage":{"@id":"https:\/\/urbeamea.ro\/albaiulia\/top-7-obiecte-care-se-merita-sa-le-cumperi-de-black-friday\/#primaryimage"},"image":{"@id":"https:\/\/urbeamea.ro\/albaiulia\/top-7-obiecte-care-se-merita-sa-le-cumperi-de-black-friday\/#primaryimage"},"thumbnailUrl":"https:\/\/urbeamea.ro\/albaiulia\/wp-content\/uploads\/2023\/07\/input.jpg","datePublished":"2023-07-09T10:28:54+00:00","dateModified":"2023-07-09T10:29:12+00:00","author":{"@id":"https:\/\/urbeamea.ro\/albaiulia\/#\/schema\/person\/272ae98052f8ee8980f59848df070247"},"description":"Black Friday este o oportunitate excelent\u0103 de a ob\u021bine produse de calitate la pre\u021buri reduse. \u00cen aceast\u0103 zi special\u0103 de cump\u0103r\u0103turi, numeroase magazine \u0219i","breadcrumb":{"@id":"https:\/\/urbeamea.ro\/albaiulia\/top-7-obiecte-care-se-merita-sa-le-cumperi-de-black-friday\/#breadcrumb"},"inLanguage":"ro-RO","potentialAction":[{"@type":"ReadAction","target":["https:\/\/urbeamea.ro\/albaiulia\/top-7-obiecte-care-se-merita-sa-le-cumperi-de-black-friday\/"]}]},{"@type":"ImageObject","inLanguage":"ro-RO","@id":"https:\/\/urbeamea.ro\/albaiulia\/top-7-obiecte-care-se-merita-sa-le-cumperi-de-black-friday\/#primaryimage","url":"https:\/\/urbeamea.ro\/albaiulia\/wp-content\/uploads\/2023\/07\/input.jpg","contentUrl":"https:\/\/urbeamea.ro\/albaiulia\/wp-content\/uploads\/2023\/07\/input.jpg","width":1200,"height":800},{"@type":"BreadcrumbList","@id":"https:\/\/urbeamea.ro\/albaiulia\/top-7-obiecte-care-se-merita-sa-le-cumperi-de-black-friday\/#breadcrumb","itemListElement":[{"@type":"ListItem","position":1,"name":"Prima pagin\u0103","item":"https:\/\/urbeamea.ro\/albaiulia\/"},{"@type":"ListItem","position":2,"name":"TOP 7 obiecte care se merit\u0103 s\u0103 le cumperi de Black Friday"}]},{"@type":"WebSite","@id":"https:\/\/urbeamea.ro\/albaiulia\/#website","url":"https:\/\/urbeamea.ro\/albaiulia\/","name":"Revista Urbea Mea, Stiri urbane","description":"Evenimente \u0219i \u0219tiri din Alba Iulia, Sebe\u0219, Aiud, Blaj","potentialAction":[{"@type":"SearchAction","target":{"@type":"EntryPoint","urlTemplate":"https:\/\/urbeamea.ro\/albaiulia\/?s={search_term_string}"},"query-input":{"@type":"PropertyValueSpecification","valueRequired":true,"valueName":"search_term_string"}}],"inLanguage":"ro-RO"},{"@type":"Person","@id":"https:\/\/urbeamea.ro\/albaiulia\/#\/schema\/person\/272ae98052f8ee8980f59848df070247","name":"Redac\u021bia UrbeaMea","image":{"@type":"ImageObject","inLanguage":"ro-RO","@id":"https:\/\/secure.gravatar.com\/avatar\/9ce5a9435071fa1037e8468053ead8e513dbbff59009d3069aadb85506d85a27?s=96&d=mm&r=g","url":"https:\/\/secure.gravatar.com\/avatar\/9ce5a9435071fa1037e8468053ead8e513dbbff59009d3069aadb85506d85a27?s=96&d=mm&r=g","contentUrl":"https:\/\/secure.gravatar.com\/avatar\/9ce5a9435071fa1037e8468053ead8e513dbbff59009d3069aadb85506d85a27?s=96&d=mm&r=g","caption":"Redac\u021bia UrbeaMea"},"description":"contact@urbeamea.ro","sameAs":["https:\/\/www.urbeamea.ro"],"url":"https:\/\/urbeamea.ro\/albaiulia\/author\/redactia-urbeamea\/"}]}},"_links":{"self":[{"href":"https:\/\/urbeamea.ro\/albaiulia\/wp-json\/wp\/v2\/posts\/108361","targetHints":{"allow":["GET"]}}],"collection":[{"href":"https:\/\/urbeamea.ro\/albaiulia\/wp-json\/wp\/v2\/posts"}],"about":[{"href":"https:\/\/urbeamea.ro\/albaiulia\/wp-json\/wp\/v2\/types\/post"}],"author":[{"embeddable":true,"href":"https:\/\/urbeamea.ro\/albaiulia\/wp-json\/wp\/v2\/users\/16"}],"replies":[{"embeddable":true,"href":"https:\/\/urbeamea.ro\/albaiulia\/wp-json\/wp\/v2\/comments?post=108361"}],"version-history":[{"count":1,"href":"https:\/\/urbeamea.ro\/albaiulia\/wp-json\/wp\/v2\/posts\/108361\/revisions"}],"predecessor-version":[{"id":108363,"href":"https:\/\/urbeamea.ro\/albaiulia\/wp-json\/wp\/v2\/posts\/108361\/revisions\/108363"}],"wp:featuredmedia":[{"embeddable":true,"href":"https:\/\/urbeamea.ro\/albaiulia\/wp-json\/wp\/v2\/media\/108362"}],"wp:attachment":[{"href":"https:\/\/urbeamea.ro\/albaiulia\/wp-json\/wp\/v2\/media?parent=108361"}],"wp:term":[{"taxonomy":"category","embeddable":true,"href":"https:\/\/urbeamea.ro\/albaiulia\/wp-json\/wp\/v2\/categories?post=108361"},{"taxonomy":"post_tag","embeddable":true,"href":"https:\/\/urbeamea.ro\/albaiulia\/wp-json\/wp\/v2\/tags?post=108361"}],"curies":[{"name":"wp","href":"https:\/\/api.w.org\/{rel}","templated":true}]}}