{"id":108366,"date":"2023-07-11T12:13:06","date_gmt":"2023-07-11T09:13:06","guid":{"rendered":"https:\/\/urbeamea.ro\/albaiulia\/?p=108366"},"modified":"2023-07-12T15:59:16","modified_gmt":"2023-07-12T12:59:16","slug":"sunetul-cucereste-din-nou-cetatea-alba-carolina","status":"publish","type":"post","link":"https:\/\/urbeamea.ro\/albaiulia\/sunetul-cucereste-din-nou-cetatea-alba-carolina\/","title":{"rendered":"Sunetul cucere\u0219te, din nou, Cetatea Alba Carolina"},"content":{"rendered":"\n<h2 class=\"wp-block-heading\"><strong>Din 12 p\u00e2n\u0103 \u00een 16 iulie e S\u0103rb\u0103toarea Muzicii, la Alba Iulia<\/strong><\/h2>\n\n\n\n<p>Organizat\u0103 pentru prima oar\u0103 \u00een 1982, \u00een Fran\u021ba, S\u0103rb\u0103toarea Muzicii- F\u00eate de la Musique a devenit rapid un fenomen global, peste 120 de \u021b\u0103ri \u0219i mai bine de 1000 de ora\u0219e din toat\u0103 lumea \u00eembr\u0103\u021bi\u0219\u00e2nd conceptul \u0219i tranform\u00e2ndu-l \u00een cea mai ampl\u0103 manifestare muzical\u0103 de pe planet\u0103.<\/p>\n\n\n\n<p>De mai bine de 10 ani, Alba Iulia s-a al\u0103turat celor care celebreaz\u0103 sunetul \u00een cele mai elevate forme ale sale \u0219i organizeaz\u0103, \u00een fiecare var\u0103, S\u0103rb\u0103toarea Muzicii. Anul acesta, evenimentul va fi unul de calibru, aduc\u00e2nd \u00eempreun\u0103, \u00een patru loca\u021bii emblematice din Cetate, de la rock la fanfar\u0103, chitare clasice, \u0219ansonete \u0219i p\u00e2n\u0103 la muzic\u0103 simfonic\u0103, \u00eentr-o fuziune cum doar la F\u00eate de la Musique este posibil\u0103.<\/p>\n\n\n\n<blockquote class=\"wp-block-quote is-layout-flow wp-block-quote-is-layout-flow\">\n<p><em>Arta, \u00een general \u0219i muzica, \u00een special, sunt liantul perfect care une\u0219te popoare, culturi \u0219i, cel mai important, inimi. Asta face \u00een fiecare an \u0219i S\u0103rb\u0103toarea Muzicii de la Alba Iulia.&nbsp; Ni-i aduce aproape pe fra\u021bii din Chi\u0219in\u0103u \u0219i ne aduce pe scen\u0103 sau \u00een alte locuri din Cetate, bucuria absolut\u0103 a muzicii. Sunt onorat s\u0103 \u00eei invit pe to\u021bi albaiulienii, dar \u0219i pe turi\u0219ti, s\u0103 ne bucur\u0103m \u00eempreun\u0103 de sunet de cea mai \u00eenalt\u0103 clas\u0103, aici, la noi acas\u0103, \u00een Cetatea Marii Uniri<\/em>.<\/p>\n<cite>Gabriel Ple\u0219a, primarul municipiului Alba Iulia<\/cite><\/blockquote>\n\n\n\n<p>Avanpremiera edi\u021biei 2023 a S\u0103rb\u0103torii Muzicii la Alba Iulia va avea loc <strong>miercuri, 12 iulie<\/strong>, de la 6 seara, la Catedrala Romano-Catolic\u0103 \u201eSf. Mihail\u201d. Aici este programat un <strong>recital extraordinar de pian \u0219i muzic\u0103 de camer\u0103<\/strong> sus\u021binut de Vladimir Gligor Lungan \u2013 pian, Orsolya &#8211; Beatrix Csata \u2013 vioar\u0103, \u0218tefan Ciceu \u2013 violoncel \u0219i Teo Mondiru \u2013 flaut.<\/p>\n\n\n\n<figure class=\"wp-block-gallery has-nested-images columns-default is-cropped wp-block-gallery-1 is-layout-flex wp-block-gallery-is-layout-flex\">\n<figure class=\"wp-block-image size-large\"><a href=\"https:\/\/urbeamea.ro\/albaiulia\/wp-content\/uploads\/2023\/07\/Foto-LUPII-2.jpg\"><img loading=\"lazy\" decoding=\"async\" width=\"1280\" height=\"1280\" data-id=\"108374\" src=\"https:\/\/urbeamea.ro\/albaiulia\/wp-content\/uploads\/2023\/07\/Foto-LUPII-2-1280x1280.jpg\" alt=\"\" class=\"wp-image-108374\" srcset=\"https:\/\/urbeamea.ro\/albaiulia\/wp-content\/uploads\/2023\/07\/Foto-LUPII-2-1280x1280.jpg 1280w, https:\/\/urbeamea.ro\/albaiulia\/wp-content\/uploads\/2023\/07\/Foto-LUPII-2-640x640.jpg 640w, https:\/\/urbeamea.ro\/albaiulia\/wp-content\/uploads\/2023\/07\/Foto-LUPII-2-150x150.jpg 150w, https:\/\/urbeamea.ro\/albaiulia\/wp-content\/uploads\/2023\/07\/Foto-LUPII-2-768x768.jpg 768w, https:\/\/urbeamea.ro\/albaiulia\/wp-content\/uploads\/2023\/07\/Foto-LUPII-2-1536x1536.jpg 1536w, https:\/\/urbeamea.ro\/albaiulia\/wp-content\/uploads\/2023\/07\/Foto-LUPII-2.jpg 1920w\" sizes=\"auto, (max-width: 1280px) 100vw, 1280px\" \/><\/a><\/figure>\n\n\n\n<figure class=\"wp-block-image size-large\"><a href=\"https:\/\/urbeamea.ro\/albaiulia\/wp-content\/uploads\/2023\/07\/FLAUTUL_2023_3_Foto_Virgil_Oprina.jpg\"><img loading=\"lazy\" decoding=\"async\" width=\"1280\" height=\"720\" data-id=\"108376\" src=\"https:\/\/urbeamea.ro\/albaiulia\/wp-content\/uploads\/2023\/07\/FLAUTUL_2023_3_Foto_Virgil_Oprina-1280x720.jpg\" alt=\"\" class=\"wp-image-108376\" srcset=\"https:\/\/urbeamea.ro\/albaiulia\/wp-content\/uploads\/2023\/07\/FLAUTUL_2023_3_Foto_Virgil_Oprina-1280x720.jpg 1280w, https:\/\/urbeamea.ro\/albaiulia\/wp-content\/uploads\/2023\/07\/FLAUTUL_2023_3_Foto_Virgil_Oprina-640x360.jpg 640w, https:\/\/urbeamea.ro\/albaiulia\/wp-content\/uploads\/2023\/07\/FLAUTUL_2023_3_Foto_Virgil_Oprina-150x84.jpg 150w, https:\/\/urbeamea.ro\/albaiulia\/wp-content\/uploads\/2023\/07\/FLAUTUL_2023_3_Foto_Virgil_Oprina-768x432.jpg 768w, https:\/\/urbeamea.ro\/albaiulia\/wp-content\/uploads\/2023\/07\/FLAUTUL_2023_3_Foto_Virgil_Oprina-1536x864.jpg 1536w, https:\/\/urbeamea.ro\/albaiulia\/wp-content\/uploads\/2023\/07\/FLAUTUL_2023_3_Foto_Virgil_Oprina-390x220.jpg 390w, https:\/\/urbeamea.ro\/albaiulia\/wp-content\/uploads\/2023\/07\/FLAUTUL_2023_3_Foto_Virgil_Oprina.jpg 1600w\" sizes=\"auto, (max-width: 1280px) 100vw, 1280px\" \/><\/a><\/figure>\n\n\n\n<figure class=\"wp-block-image size-large\"><a href=\"https:\/\/urbeamea.ro\/albaiulia\/wp-content\/uploads\/2023\/07\/Daniel-Jinga.jpeg\"><img loading=\"lazy\" decoding=\"async\" width=\"1280\" height=\"854\" data-id=\"108371\" src=\"https:\/\/urbeamea.ro\/albaiulia\/wp-content\/uploads\/2023\/07\/Daniel-Jinga-1280x854.jpeg\" alt=\"\" class=\"wp-image-108371\" srcset=\"https:\/\/urbeamea.ro\/albaiulia\/wp-content\/uploads\/2023\/07\/Daniel-Jinga-1280x854.jpeg 1280w, https:\/\/urbeamea.ro\/albaiulia\/wp-content\/uploads\/2023\/07\/Daniel-Jinga-640x427.jpeg 640w, https:\/\/urbeamea.ro\/albaiulia\/wp-content\/uploads\/2023\/07\/Daniel-Jinga-150x100.jpeg 150w, https:\/\/urbeamea.ro\/albaiulia\/wp-content\/uploads\/2023\/07\/Daniel-Jinga-768x512.jpeg 768w, https:\/\/urbeamea.ro\/albaiulia\/wp-content\/uploads\/2023\/07\/Daniel-Jinga-1536x1024.jpeg 1536w, https:\/\/urbeamea.ro\/albaiulia\/wp-content\/uploads\/2023\/07\/Daniel-Jinga.jpeg 1600w\" sizes=\"auto, (max-width: 1280px) 100vw, 1280px\" \/><\/a><\/figure>\n\n\n\n<figure class=\"wp-block-image size-large\"><a href=\"https:\/\/urbeamea.ro\/albaiulia\/wp-content\/uploads\/2023\/07\/Cei-3-Tenori.jpeg\"><img loading=\"lazy\" decoding=\"async\" width=\"1280\" height=\"854\" data-id=\"108372\" src=\"https:\/\/urbeamea.ro\/albaiulia\/wp-content\/uploads\/2023\/07\/Cei-3-Tenori-1280x854.jpeg\" alt=\"\" class=\"wp-image-108372\" srcset=\"https:\/\/urbeamea.ro\/albaiulia\/wp-content\/uploads\/2023\/07\/Cei-3-Tenori-1280x854.jpeg 1280w, https:\/\/urbeamea.ro\/albaiulia\/wp-content\/uploads\/2023\/07\/Cei-3-Tenori-640x427.jpeg 640w, https:\/\/urbeamea.ro\/albaiulia\/wp-content\/uploads\/2023\/07\/Cei-3-Tenori-150x100.jpeg 150w, https:\/\/urbeamea.ro\/albaiulia\/wp-content\/uploads\/2023\/07\/Cei-3-Tenori-768x512.jpeg 768w, https:\/\/urbeamea.ro\/albaiulia\/wp-content\/uploads\/2023\/07\/Cei-3-Tenori-1536x1024.jpeg 1536w, https:\/\/urbeamea.ro\/albaiulia\/wp-content\/uploads\/2023\/07\/Cei-3-Tenori.jpeg 1600w\" sizes=\"auto, (max-width: 1280px) 100vw, 1280px\" \/><\/a><\/figure>\n\n\n\n<figure class=\"wp-block-image size-large\"><a href=\"https:\/\/urbeamea.ro\/albaiulia\/wp-content\/uploads\/2023\/07\/Carton-1920x1080px_Flautul_fermecat_general.jpg\"><img loading=\"lazy\" decoding=\"async\" width=\"1280\" height=\"720\" data-id=\"108375\" src=\"https:\/\/urbeamea.ro\/albaiulia\/wp-content\/uploads\/2023\/07\/Carton-1920x1080px_Flautul_fermecat_general-1280x720.jpg\" alt=\"\" class=\"wp-image-108375\" srcset=\"https:\/\/urbeamea.ro\/albaiulia\/wp-content\/uploads\/2023\/07\/Carton-1920x1080px_Flautul_fermecat_general-1280x720.jpg 1280w, https:\/\/urbeamea.ro\/albaiulia\/wp-content\/uploads\/2023\/07\/Carton-1920x1080px_Flautul_fermecat_general-640x360.jpg 640w, https:\/\/urbeamea.ro\/albaiulia\/wp-content\/uploads\/2023\/07\/Carton-1920x1080px_Flautul_fermecat_general-150x84.jpg 150w, https:\/\/urbeamea.ro\/albaiulia\/wp-content\/uploads\/2023\/07\/Carton-1920x1080px_Flautul_fermecat_general-768x432.jpg 768w, https:\/\/urbeamea.ro\/albaiulia\/wp-content\/uploads\/2023\/07\/Carton-1920x1080px_Flautul_fermecat_general-1536x864.jpg 1536w, https:\/\/urbeamea.ro\/albaiulia\/wp-content\/uploads\/2023\/07\/Carton-1920x1080px_Flautul_fermecat_general-390x220.jpg 390w, https:\/\/urbeamea.ro\/albaiulia\/wp-content\/uploads\/2023\/07\/Carton-1920x1080px_Flautul_fermecat_general.jpg 1600w\" sizes=\"auto, (max-width: 1280px) 100vw, 1280px\" \/><\/a><\/figure>\n\n\n\n<figure class=\"wp-block-image size-large\"><a href=\"https:\/\/urbeamea.ro\/albaiulia\/wp-content\/uploads\/2023\/07\/Bolero.-In-numele-bucuriei-FITS-2023-88.jpg\"><img loading=\"lazy\" decoding=\"async\" width=\"1280\" height=\"854\" data-id=\"108377\" src=\"https:\/\/urbeamea.ro\/albaiulia\/wp-content\/uploads\/2023\/07\/Bolero.-In-numele-bucuriei-FITS-2023-88-1280x854.jpg\" alt=\"\" class=\"wp-image-108377\" srcset=\"https:\/\/urbeamea.ro\/albaiulia\/wp-content\/uploads\/2023\/07\/Bolero.-In-numele-bucuriei-FITS-2023-88-1280x854.jpg 1280w, https:\/\/urbeamea.ro\/albaiulia\/wp-content\/uploads\/2023\/07\/Bolero.-In-numele-bucuriei-FITS-2023-88-640x427.jpg 640w, https:\/\/urbeamea.ro\/albaiulia\/wp-content\/uploads\/2023\/07\/Bolero.-In-numele-bucuriei-FITS-2023-88-150x100.jpg 150w, https:\/\/urbeamea.ro\/albaiulia\/wp-content\/uploads\/2023\/07\/Bolero.-In-numele-bucuriei-FITS-2023-88-768x512.jpg 768w, https:\/\/urbeamea.ro\/albaiulia\/wp-content\/uploads\/2023\/07\/Bolero.-In-numele-bucuriei-FITS-2023-88-1536x1024.jpg 1536w, https:\/\/urbeamea.ro\/albaiulia\/wp-content\/uploads\/2023\/07\/Bolero.-In-numele-bucuriei-FITS-2023-88.jpg 1600w\" sizes=\"auto, (max-width: 1280px) 100vw, 1280px\" \/><\/a><\/figure>\n\n\n\n<figure class=\"wp-block-image size-large\"><a href=\"https:\/\/urbeamea.ro\/albaiulia\/wp-content\/uploads\/2023\/07\/Bolero.-In-numele-bucuriei-FITS-2023-52.jpg\"><img loading=\"lazy\" decoding=\"async\" width=\"1280\" height=\"854\" data-id=\"108378\" src=\"https:\/\/urbeamea.ro\/albaiulia\/wp-content\/uploads\/2023\/07\/Bolero.-In-numele-bucuriei-FITS-2023-52-1280x854.jpg\" alt=\"\" class=\"wp-image-108378\" srcset=\"https:\/\/urbeamea.ro\/albaiulia\/wp-content\/uploads\/2023\/07\/Bolero.-In-numele-bucuriei-FITS-2023-52-1280x854.jpg 1280w, https:\/\/urbeamea.ro\/albaiulia\/wp-content\/uploads\/2023\/07\/Bolero.-In-numele-bucuriei-FITS-2023-52-640x427.jpg 640w, https:\/\/urbeamea.ro\/albaiulia\/wp-content\/uploads\/2023\/07\/Bolero.-In-numele-bucuriei-FITS-2023-52-150x100.jpg 150w, https:\/\/urbeamea.ro\/albaiulia\/wp-content\/uploads\/2023\/07\/Bolero.-In-numele-bucuriei-FITS-2023-52-768x512.jpg 768w, https:\/\/urbeamea.ro\/albaiulia\/wp-content\/uploads\/2023\/07\/Bolero.-In-numele-bucuriei-FITS-2023-52-1536x1024.jpg 1536w, https:\/\/urbeamea.ro\/albaiulia\/wp-content\/uploads\/2023\/07\/Bolero.-In-numele-bucuriei-FITS-2023-52.jpg 1600w\" sizes=\"auto, (max-width: 1280px) 100vw, 1280px\" \/><\/a><\/figure>\n\n\n\n<figure class=\"wp-block-image size-large\"><a href=\"https:\/\/urbeamea.ro\/albaiulia\/wp-content\/uploads\/2023\/07\/Orchestra-Metropolitana-Bucuresti.jpeg\"><img loading=\"lazy\" decoding=\"async\" width=\"1024\" height=\"429\" data-id=\"108370\" src=\"https:\/\/urbeamea.ro\/albaiulia\/wp-content\/uploads\/2023\/07\/Orchestra-Metropolitana-Bucuresti.jpeg\" alt=\"\" class=\"wp-image-108370\" srcset=\"https:\/\/urbeamea.ro\/albaiulia\/wp-content\/uploads\/2023\/07\/Orchestra-Metropolitana-Bucuresti.jpeg 1024w, https:\/\/urbeamea.ro\/albaiulia\/wp-content\/uploads\/2023\/07\/Orchestra-Metropolitana-Bucuresti-640x268.jpeg 640w, https:\/\/urbeamea.ro\/albaiulia\/wp-content\/uploads\/2023\/07\/Orchestra-Metropolitana-Bucuresti-150x63.jpeg 150w, https:\/\/urbeamea.ro\/albaiulia\/wp-content\/uploads\/2023\/07\/Orchestra-Metropolitana-Bucuresti-768x322.jpeg 768w\" sizes=\"auto, (max-width: 1024px) 100vw, 1024px\" \/><\/a><\/figure>\n\n\n\n<figure class=\"wp-block-image size-large\"><a href=\"https:\/\/urbeamea.ro\/albaiulia\/wp-content\/uploads\/2023\/07\/soprana-Irina-Baiant.jpeg\"><img loading=\"lazy\" decoding=\"async\" width=\"1280\" height=\"854\" data-id=\"108373\" src=\"https:\/\/urbeamea.ro\/albaiulia\/wp-content\/uploads\/2023\/07\/soprana-Irina-Baiant-1280x854.jpeg\" alt=\"\" class=\"wp-image-108373\" srcset=\"https:\/\/urbeamea.ro\/albaiulia\/wp-content\/uploads\/2023\/07\/soprana-Irina-Baiant-1280x854.jpeg 1280w, https:\/\/urbeamea.ro\/albaiulia\/wp-content\/uploads\/2023\/07\/soprana-Irina-Baiant-640x427.jpeg 640w, https:\/\/urbeamea.ro\/albaiulia\/wp-content\/uploads\/2023\/07\/soprana-Irina-Baiant-150x100.jpeg 150w, https:\/\/urbeamea.ro\/albaiulia\/wp-content\/uploads\/2023\/07\/soprana-Irina-Baiant-768x512.jpeg 768w, https:\/\/urbeamea.ro\/albaiulia\/wp-content\/uploads\/2023\/07\/soprana-Irina-Baiant-1536x1024.jpeg 1536w, https:\/\/urbeamea.ro\/albaiulia\/wp-content\/uploads\/2023\/07\/soprana-Irina-Baiant.jpeg 1600w\" sizes=\"auto, (max-width: 1280px) 100vw, 1280px\" \/><\/a><\/figure>\n<\/figure>\n\n\n\n<p>Prima zi a festivalului, <strong>joi, 13 iulie<\/strong>, va fi dedicat\u0103 celebr\u0103rii \u00eenfr\u0103\u021birii dintre Alba Iulia \u0219i Chi\u0219in\u0103u, capitala Moldovei. Va include o serie de evenimente culturale remarcabile, conexe muzicii &#8211; prezent\u0103ri multimedia \u0219i lans\u0103ri de carte la Muzeul Principia &#8211; \u0219i se va \u00eencheia cu&#8230; folclo<em>rock<\/em> marca <strong>Lupii lui Calancea &amp; Guz,<\/strong> pe scena mare din Pia\u021ba Cet\u0103\u021bii, de la ora 21.<\/p>\n\n\n\n<p>Tot vineri, Cetatea \u0219i albaiulienii vor primi \u00een dar <strong>o nou\u0103 loca\u021bie<\/strong> \u00een care artele s\u0103 se poat\u0103 exprima libere. Este vorba de <strong>curtea interioar\u0103 a Palatului Principilor,<\/strong> recent restaurat. Aici este programat\u0103 <strong>Simfonia P\u0103cii<\/strong>, un spectacol al <strong>orchestrei Grenzenlos<\/strong> din Luchau, Brandenburg (DE).<\/p>\n\n\n\n<p>Seara de <strong>vineri, 14 iulie,<\/strong> \u00eei aduce pe scena din Pia\u021ba Cet\u0103\u021bii, \u00eencep\u00e2nd cu ora 21, pe arti\u0219tii <strong>Teatrului de Balet Sibiu<\/strong>, \u00eentr-un spectacol plin de emo\u021bie \u0219i gra\u021bie:<\/p>\n\n\n\n<p><strong>\u201e\u00cen numele bucuriei\u201d.<\/strong> Apoi, de la 10 f\u0103r\u0103 un sfert seara, Alexandra \u0219i Drago\u0219 Horghidan &#8211; <strong>Duo Kitharsis &#8211;<\/strong> duc sunetul chitarelor clasice la cu totul alt nivel, \u00een show-ul \u201e<strong>Fandango\u201d<\/strong>. La c\u00e2teva zeci de metri \u0219i cu c\u00e2teva minute mai devreme, \u00eencep\u00e2nd cu ora 19:30, curtea Palatului Principilor va fi gazda perfect\u0103 pentru un spectacol efervescent, <strong>\u201eFlautul Fermecat &#8211; \u0218ansonete \u0219i \u0219uete\u201d, <\/strong>pus \u00een scen\u0103 de Ion Bogdan \u0218tef\u0103nescu \u2013 flaut, Fernando Mihalache \u2013 acordeon, Ionu\u0163 Baranga \u2013 contrabas \u0219i Bogdan Constantin \u2013 percu\u021bie.<\/p>\n\n\n\n<p>Ultima sear\u0103 a S\u0103rb\u0103torii Muzicii, cea de <strong>s\u00e2mb\u0103t\u0103, 15 iulie<\/strong>, are programate dou\u0103 evenimente excep\u021bionale. De la ora 19:30, \u00een curtea interioar\u0103 a Palatului Principilor, Horia Mihail face magie pe clape, \u00een <strong>\u201ePianul C\u0103l\u0103tor\u201d<\/strong> iar de la ora 21, pe scena din Pia\u021ba Cet\u0103\u021bii, \u00eei vom vedea la lucru pe <strong>\u201e Cei 3 Tenori\u201d,<\/strong> \u00eempreun\u0103 cu <strong>soprana Irina Baian\u021b<\/strong>, \u00eentr-un spectacol magistral sub bagheta <strong>maestrului Daniel Jinga.<\/strong><\/p>\n\n\n\n<p>\u00cen fiecare dintre cele 3 seri ale evenimentului, fanfara comunit\u0103\u021bii locale &#8211; <strong>Alba Iulia Bass &amp; Drums<\/strong>, creat\u0103 \u00een urma unui proiect local de bugetare participativ\u0103, va sus\u021bine microrecitaluri la Poarta a IV-a a Cet\u0103\u021bii Alba Carolina, \u00eencep\u00e2nd cu orele 18:45.<\/p>\n\n\n\n<p>Participarea publicului la toate spectacolele este gratuit\u0103, iar programul detaliat al evenimentelor incluse anul acesta \u00een S\u0103rb\u0103toarea Muzicii din Cetate este disponibil <a href=\"https:\/\/www.apulum.ro\/index.php\/primaria\/detail\/7736\" target=\"_blank\" rel=\"noreferrer noopener\">aici<\/a>, pe turism.apulum.ro sau pe pagina oficial\u0103 de Facebook a Prim\u0103riei Alba Iulia.<\/p>\n\n\n\n<figure class=\"wp-block-gallery has-nested-images columns-default is-cropped wp-block-gallery-2 is-layout-flex wp-block-gallery-is-layout-flex\">\n<figure class=\"wp-block-image size-large\"><a href=\"https:\/\/urbeamea.ro\/albaiulia\/wp-content\/uploads\/2023\/07\/358542412_662929555867878_1830050765284732556_n.jpg\"><img loading=\"lazy\" decoding=\"async\" width=\"672\" height=\"1280\" data-id=\"108369\" src=\"https:\/\/urbeamea.ro\/albaiulia\/wp-content\/uploads\/2023\/07\/358542412_662929555867878_1830050765284732556_n-672x1280.jpg\" alt=\"\" class=\"wp-image-108369\" srcset=\"https:\/\/urbeamea.ro\/albaiulia\/wp-content\/uploads\/2023\/07\/358542412_662929555867878_1830050765284732556_n-672x1280.jpg 672w, https:\/\/urbeamea.ro\/albaiulia\/wp-content\/uploads\/2023\/07\/358542412_662929555867878_1830050765284732556_n-336x640.jpg 336w, https:\/\/urbeamea.ro\/albaiulia\/wp-content\/uploads\/2023\/07\/358542412_662929555867878_1830050765284732556_n-79x150.jpg 79w, https:\/\/urbeamea.ro\/albaiulia\/wp-content\/uploads\/2023\/07\/358542412_662929555867878_1830050765284732556_n.jpg 714w\" sizes=\"auto, (max-width: 672px) 100vw, 672px\" \/><\/a><\/figure>\n\n\n\n<figure class=\"wp-block-image size-large\"><a href=\"https:\/\/urbeamea.ro\/albaiulia\/wp-content\/uploads\/2023\/07\/358662750_662929629201204_8810530689618390032_n.jpg\"><img loading=\"lazy\" decoding=\"async\" width=\"672\" height=\"1280\" data-id=\"108368\" src=\"https:\/\/urbeamea.ro\/albaiulia\/wp-content\/uploads\/2023\/07\/358662750_662929629201204_8810530689618390032_n-672x1280.jpg\" alt=\"\" class=\"wp-image-108368\" srcset=\"https:\/\/urbeamea.ro\/albaiulia\/wp-content\/uploads\/2023\/07\/358662750_662929629201204_8810530689618390032_n-672x1280.jpg 672w, https:\/\/urbeamea.ro\/albaiulia\/wp-content\/uploads\/2023\/07\/358662750_662929629201204_8810530689618390032_n-336x640.jpg 336w, https:\/\/urbeamea.ro\/albaiulia\/wp-content\/uploads\/2023\/07\/358662750_662929629201204_8810530689618390032_n-79x150.jpg 79w, https:\/\/urbeamea.ro\/albaiulia\/wp-content\/uploads\/2023\/07\/358662750_662929629201204_8810530689618390032_n.jpg 714w\" sizes=\"auto, (max-width: 672px) 100vw, 672px\" \/><\/a><\/figure>\n<\/figure>\n","protected":false},"excerpt":{"rendered":"<p>Din 12 p\u00e2n\u0103 \u00een 16 iulie e S\u0103rb\u0103toarea Muzicii, la Alba Iulia Organizat\u0103 pentru prima oar\u0103 \u00een 1982, \u00een Fran\u021ba, S\u0103rb\u0103toarea Muzicii- F\u00eate de la Musique a devenit rapid un fenomen global, peste 120 de \u021b\u0103ri \u0219i mai bine de 1000 de ora\u0219e din toat\u0103 lumea \u00eembr\u0103\u021bi\u0219\u00e2nd conceptul \u0219i tranform\u00e2ndu-l \u00een cea mai ampl\u0103 manifestare &hellip;<\/p>\n","protected":false},"author":16,"featured_media":108379,"comment_status":"open","ping_status":"open","sticky":false,"template":"","format":"standard","meta":{"inline_featured_image":false,"footnotes":""},"categories":[4],"tags":[5269],"class_list":["post-108366","post","type-post","status-publish","format-standard","has-post-thumbnail","hentry","category-eveniment","tag-sarbatoarea-muzicii"],"yoast_head":"<!-- This site is optimized with the Yoast SEO plugin v27.4 - https:\/\/yoast.com\/product\/yoast-seo-wordpress\/ -->\n<title>Sunetul cucere\u0219te, din nou, Cetatea Alba Carolina - Revista Urbea Mea - Revista de Alba<\/title>\n<meta name=\"description\" content=\"Din 12 p\u00e2n\u0103 \u00een 16 iulie e S\u0103rb\u0103toarea Muzicii, la Alba Iulia Organizat\u0103 pentru prima oar\u0103 \u00een 1982, \u00een Fran\u021ba, S\u0103rb\u0103toarea Muzicii- F\u00eate de la Musique a\" \/>\n<meta name=\"robots\" content=\"index, follow, max-snippet:-1, max-image-preview:large, max-video-preview:-1\" \/>\n<link rel=\"canonical\" href=\"https:\/\/urbeamea.ro\/albaiulia\/sunetul-cucereste-din-nou-cetatea-alba-carolina\/\" \/>\n<meta name=\"twitter:card\" content=\"summary_large_image\" \/>\n<meta name=\"twitter:title\" content=\"Sunetul cucere\u0219te, din nou, Cetatea Alba Carolina - Revista Urbea Mea - Revista de Alba\" \/>\n<meta name=\"twitter:description\" content=\"Din 12 p\u00e2n\u0103 \u00een 16 iulie e S\u0103rb\u0103toarea Muzicii, la Alba Iulia Organizat\u0103 pentru prima oar\u0103 \u00een 1982, \u00een Fran\u021ba, S\u0103rb\u0103toarea Muzicii- F\u00eate de la Musique a\" \/>\n<meta name=\"twitter:image\" content=\"https:\/\/urbeamea.ro\/albaiulia\/wp-content\/uploads\/2023\/07\/358531906_662924682535032_8825870518131209122_n.jpg\" \/>\n<meta name=\"twitter:creator\" content=\"@urbeameaweb\" \/>\n<meta name=\"twitter:site\" content=\"@urbeameaweb\" \/>\n<script type=\"application\/ld+json\" class=\"yoast-schema-graph\">{\"@context\":\"https:\\\/\\\/schema.org\",\"@graph\":[{\"@type\":\"Article\",\"@id\":\"https:\\\/\\\/urbeamea.ro\\\/albaiulia\\\/sunetul-cucereste-din-nou-cetatea-alba-carolina\\\/#article\",\"isPartOf\":{\"@id\":\"https:\\\/\\\/urbeamea.ro\\\/albaiulia\\\/sunetul-cucereste-din-nou-cetatea-alba-carolina\\\/\"},\"author\":{\"name\":\"Redac\u021bia UrbeaMea\",\"@id\":\"https:\\\/\\\/urbeamea.ro\\\/albaiulia\\\/#\\\/schema\\\/person\\\/272ae98052f8ee8980f59848df070247\"},\"headline\":\"Sunetul cucere\u0219te, din nou, Cetatea Alba Carolina\",\"datePublished\":\"2023-07-11T09:13:06+00:00\",\"dateModified\":\"2023-07-12T12:59:16+00:00\",\"mainEntityOfPage\":{\"@id\":\"https:\\\/\\\/urbeamea.ro\\\/albaiulia\\\/sunetul-cucereste-din-nou-cetatea-alba-carolina\\\/\"},\"wordCount\":689,\"commentCount\":0,\"image\":{\"@id\":\"https:\\\/\\\/urbeamea.ro\\\/albaiulia\\\/sunetul-cucereste-din-nou-cetatea-alba-carolina\\\/#primaryimage\"},\"thumbnailUrl\":\"https:\\\/\\\/urbeamea.ro\\\/albaiulia\\\/wp-content\\\/uploads\\\/2023\\\/07\\\/358531906_662924682535032_8825870518131209122_n.jpg\",\"keywords\":[\"sarbatoarea muzicii\"],\"articleSection\":[\"Evenimente\"],\"inLanguage\":\"ro-RO\",\"potentialAction\":[{\"@type\":\"CommentAction\",\"name\":\"Comment\",\"target\":[\"https:\\\/\\\/urbeamea.ro\\\/albaiulia\\\/sunetul-cucereste-din-nou-cetatea-alba-carolina\\\/#respond\"]}]},{\"@type\":\"WebPage\",\"@id\":\"https:\\\/\\\/urbeamea.ro\\\/albaiulia\\\/sunetul-cucereste-din-nou-cetatea-alba-carolina\\\/\",\"url\":\"https:\\\/\\\/urbeamea.ro\\\/albaiulia\\\/sunetul-cucereste-din-nou-cetatea-alba-carolina\\\/\",\"name\":\"Sunetul cucere\u0219te, din nou, Cetatea Alba Carolina - Revista Urbea Mea - Revista de Alba\",\"isPartOf\":{\"@id\":\"https:\\\/\\\/urbeamea.ro\\\/albaiulia\\\/#website\"},\"primaryImageOfPage\":{\"@id\":\"https:\\\/\\\/urbeamea.ro\\\/albaiulia\\\/sunetul-cucereste-din-nou-cetatea-alba-carolina\\\/#primaryimage\"},\"image\":{\"@id\":\"https:\\\/\\\/urbeamea.ro\\\/albaiulia\\\/sunetul-cucereste-din-nou-cetatea-alba-carolina\\\/#primaryimage\"},\"thumbnailUrl\":\"https:\\\/\\\/urbeamea.ro\\\/albaiulia\\\/wp-content\\\/uploads\\\/2023\\\/07\\\/358531906_662924682535032_8825870518131209122_n.jpg\",\"datePublished\":\"2023-07-11T09:13:06+00:00\",\"dateModified\":\"2023-07-12T12:59:16+00:00\",\"author\":{\"@id\":\"https:\\\/\\\/urbeamea.ro\\\/albaiulia\\\/#\\\/schema\\\/person\\\/272ae98052f8ee8980f59848df070247\"},\"description\":\"Din 12 p\u00e2n\u0103 \u00een 16 iulie e S\u0103rb\u0103toarea Muzicii, la Alba Iulia Organizat\u0103 pentru prima oar\u0103 \u00een 1982, \u00een Fran\u021ba, S\u0103rb\u0103toarea Muzicii- F\u00eate de la Musique a\",\"breadcrumb\":{\"@id\":\"https:\\\/\\\/urbeamea.ro\\\/albaiulia\\\/sunetul-cucereste-din-nou-cetatea-alba-carolina\\\/#breadcrumb\"},\"inLanguage\":\"ro-RO\",\"potentialAction\":[{\"@type\":\"ReadAction\",\"target\":[\"https:\\\/\\\/urbeamea.ro\\\/albaiulia\\\/sunetul-cucereste-din-nou-cetatea-alba-carolina\\\/\"]}]},{\"@type\":\"ImageObject\",\"inLanguage\":\"ro-RO\",\"@id\":\"https:\\\/\\\/urbeamea.ro\\\/albaiulia\\\/sunetul-cucereste-din-nou-cetatea-alba-carolina\\\/#primaryimage\",\"url\":\"https:\\\/\\\/urbeamea.ro\\\/albaiulia\\\/wp-content\\\/uploads\\\/2023\\\/07\\\/358531906_662924682535032_8825870518131209122_n.jpg\",\"contentUrl\":\"https:\\\/\\\/urbeamea.ro\\\/albaiulia\\\/wp-content\\\/uploads\\\/2023\\\/07\\\/358531906_662924682535032_8825870518131209122_n.jpg\",\"width\":2048,\"height\":1076},{\"@type\":\"BreadcrumbList\",\"@id\":\"https:\\\/\\\/urbeamea.ro\\\/albaiulia\\\/sunetul-cucereste-din-nou-cetatea-alba-carolina\\\/#breadcrumb\",\"itemListElement\":[{\"@type\":\"ListItem\",\"position\":1,\"name\":\"Prima pagin\u0103\",\"item\":\"https:\\\/\\\/urbeamea.ro\\\/albaiulia\\\/\"},{\"@type\":\"ListItem\",\"position\":2,\"name\":\"Sunetul cucere\u0219te, din nou, Cetatea Alba Carolina\"}]},{\"@type\":\"WebSite\",\"@id\":\"https:\\\/\\\/urbeamea.ro\\\/albaiulia\\\/#website\",\"url\":\"https:\\\/\\\/urbeamea.ro\\\/albaiulia\\\/\",\"name\":\"Revista Urbea Mea, Stiri urbane\",\"description\":\"Evenimente \u0219i \u0219tiri din Alba Iulia, Sebe\u0219, Aiud, Blaj\",\"potentialAction\":[{\"@type\":\"SearchAction\",\"target\":{\"@type\":\"EntryPoint\",\"urlTemplate\":\"https:\\\/\\\/urbeamea.ro\\\/albaiulia\\\/?s={search_term_string}\"},\"query-input\":{\"@type\":\"PropertyValueSpecification\",\"valueRequired\":true,\"valueName\":\"search_term_string\"}}],\"inLanguage\":\"ro-RO\"},{\"@type\":\"Person\",\"@id\":\"https:\\\/\\\/urbeamea.ro\\\/albaiulia\\\/#\\\/schema\\\/person\\\/272ae98052f8ee8980f59848df070247\",\"name\":\"Redac\u021bia UrbeaMea\",\"image\":{\"@type\":\"ImageObject\",\"inLanguage\":\"ro-RO\",\"@id\":\"https:\\\/\\\/secure.gravatar.com\\\/avatar\\\/9ce5a9435071fa1037e8468053ead8e513dbbff59009d3069aadb85506d85a27?s=96&d=mm&r=g\",\"url\":\"https:\\\/\\\/secure.gravatar.com\\\/avatar\\\/9ce5a9435071fa1037e8468053ead8e513dbbff59009d3069aadb85506d85a27?s=96&d=mm&r=g\",\"contentUrl\":\"https:\\\/\\\/secure.gravatar.com\\\/avatar\\\/9ce5a9435071fa1037e8468053ead8e513dbbff59009d3069aadb85506d85a27?s=96&d=mm&r=g\",\"caption\":\"Redac\u021bia UrbeaMea\"},\"description\":\"contact@urbeamea.ro\",\"sameAs\":[\"https:\\\/\\\/www.urbeamea.ro\"],\"url\":\"https:\\\/\\\/urbeamea.ro\\\/albaiulia\\\/author\\\/redactia-urbeamea\\\/\"}]}<\/script>\n<!-- \/ Yoast SEO plugin. -->","yoast_head_json":{"title":"Sunetul cucere\u0219te, din nou, Cetatea Alba Carolina - Revista Urbea Mea - Revista de Alba","description":"Din 12 p\u00e2n\u0103 \u00een 16 iulie e S\u0103rb\u0103toarea Muzicii, la Alba Iulia Organizat\u0103 pentru prima oar\u0103 \u00een 1982, \u00een Fran\u021ba, S\u0103rb\u0103toarea Muzicii- F\u00eate de la Musique a","robots":{"index":"index","follow":"follow","max-snippet":"max-snippet:-1","max-image-preview":"max-image-preview:large","max-video-preview":"max-video-preview:-1"},"canonical":"https:\/\/urbeamea.ro\/albaiulia\/sunetul-cucereste-din-nou-cetatea-alba-carolina\/","twitter_card":"summary_large_image","twitter_title":"Sunetul cucere\u0219te, din nou, Cetatea Alba Carolina - Revista Urbea Mea - Revista de Alba","twitter_description":"Din 12 p\u00e2n\u0103 \u00een 16 iulie e S\u0103rb\u0103toarea Muzicii, la Alba Iulia Organizat\u0103 pentru prima oar\u0103 \u00een 1982, \u00een Fran\u021ba, S\u0103rb\u0103toarea Muzicii- F\u00eate de la Musique a","twitter_image":"https:\/\/urbeamea.ro\/albaiulia\/wp-content\/uploads\/2023\/07\/358531906_662924682535032_8825870518131209122_n.jpg","twitter_creator":"@urbeameaweb","twitter_site":"@urbeameaweb","schema":{"@context":"https:\/\/schema.org","@graph":[{"@type":"Article","@id":"https:\/\/urbeamea.ro\/albaiulia\/sunetul-cucereste-din-nou-cetatea-alba-carolina\/#article","isPartOf":{"@id":"https:\/\/urbeamea.ro\/albaiulia\/sunetul-cucereste-din-nou-cetatea-alba-carolina\/"},"author":{"name":"Redac\u021bia UrbeaMea","@id":"https:\/\/urbeamea.ro\/albaiulia\/#\/schema\/person\/272ae98052f8ee8980f59848df070247"},"headline":"Sunetul cucere\u0219te, din nou, Cetatea Alba Carolina","datePublished":"2023-07-11T09:13:06+00:00","dateModified":"2023-07-12T12:59:16+00:00","mainEntityOfPage":{"@id":"https:\/\/urbeamea.ro\/albaiulia\/sunetul-cucereste-din-nou-cetatea-alba-carolina\/"},"wordCount":689,"commentCount":0,"image":{"@id":"https:\/\/urbeamea.ro\/albaiulia\/sunetul-cucereste-din-nou-cetatea-alba-carolina\/#primaryimage"},"thumbnailUrl":"https:\/\/urbeamea.ro\/albaiulia\/wp-content\/uploads\/2023\/07\/358531906_662924682535032_8825870518131209122_n.jpg","keywords":["sarbatoarea muzicii"],"articleSection":["Evenimente"],"inLanguage":"ro-RO","potentialAction":[{"@type":"CommentAction","name":"Comment","target":["https:\/\/urbeamea.ro\/albaiulia\/sunetul-cucereste-din-nou-cetatea-alba-carolina\/#respond"]}]},{"@type":"WebPage","@id":"https:\/\/urbeamea.ro\/albaiulia\/sunetul-cucereste-din-nou-cetatea-alba-carolina\/","url":"https:\/\/urbeamea.ro\/albaiulia\/sunetul-cucereste-din-nou-cetatea-alba-carolina\/","name":"Sunetul cucere\u0219te, din nou, Cetatea Alba Carolina - Revista Urbea Mea - Revista de Alba","isPartOf":{"@id":"https:\/\/urbeamea.ro\/albaiulia\/#website"},"primaryImageOfPage":{"@id":"https:\/\/urbeamea.ro\/albaiulia\/sunetul-cucereste-din-nou-cetatea-alba-carolina\/#primaryimage"},"image":{"@id":"https:\/\/urbeamea.ro\/albaiulia\/sunetul-cucereste-din-nou-cetatea-alba-carolina\/#primaryimage"},"thumbnailUrl":"https:\/\/urbeamea.ro\/albaiulia\/wp-content\/uploads\/2023\/07\/358531906_662924682535032_8825870518131209122_n.jpg","datePublished":"2023-07-11T09:13:06+00:00","dateModified":"2023-07-12T12:59:16+00:00","author":{"@id":"https:\/\/urbeamea.ro\/albaiulia\/#\/schema\/person\/272ae98052f8ee8980f59848df070247"},"description":"Din 12 p\u00e2n\u0103 \u00een 16 iulie e S\u0103rb\u0103toarea Muzicii, la Alba Iulia Organizat\u0103 pentru prima oar\u0103 \u00een 1982, \u00een Fran\u021ba, S\u0103rb\u0103toarea Muzicii- F\u00eate de la Musique a","breadcrumb":{"@id":"https:\/\/urbeamea.ro\/albaiulia\/sunetul-cucereste-din-nou-cetatea-alba-carolina\/#breadcrumb"},"inLanguage":"ro-RO","potentialAction":[{"@type":"ReadAction","target":["https:\/\/urbeamea.ro\/albaiulia\/sunetul-cucereste-din-nou-cetatea-alba-carolina\/"]}]},{"@type":"ImageObject","inLanguage":"ro-RO","@id":"https:\/\/urbeamea.ro\/albaiulia\/sunetul-cucereste-din-nou-cetatea-alba-carolina\/#primaryimage","url":"https:\/\/urbeamea.ro\/albaiulia\/wp-content\/uploads\/2023\/07\/358531906_662924682535032_8825870518131209122_n.jpg","contentUrl":"https:\/\/urbeamea.ro\/albaiulia\/wp-content\/uploads\/2023\/07\/358531906_662924682535032_8825870518131209122_n.jpg","width":2048,"height":1076},{"@type":"BreadcrumbList","@id":"https:\/\/urbeamea.ro\/albaiulia\/sunetul-cucereste-din-nou-cetatea-alba-carolina\/#breadcrumb","itemListElement":[{"@type":"ListItem","position":1,"name":"Prima pagin\u0103","item":"https:\/\/urbeamea.ro\/albaiulia\/"},{"@type":"ListItem","position":2,"name":"Sunetul cucere\u0219te, din nou, Cetatea Alba Carolina"}]},{"@type":"WebSite","@id":"https:\/\/urbeamea.ro\/albaiulia\/#website","url":"https:\/\/urbeamea.ro\/albaiulia\/","name":"Revista Urbea Mea, Stiri urbane","description":"Evenimente \u0219i \u0219tiri din Alba Iulia, Sebe\u0219, Aiud, Blaj","potentialAction":[{"@type":"SearchAction","target":{"@type":"EntryPoint","urlTemplate":"https:\/\/urbeamea.ro\/albaiulia\/?s={search_term_string}"},"query-input":{"@type":"PropertyValueSpecification","valueRequired":true,"valueName":"search_term_string"}}],"inLanguage":"ro-RO"},{"@type":"Person","@id":"https:\/\/urbeamea.ro\/albaiulia\/#\/schema\/person\/272ae98052f8ee8980f59848df070247","name":"Redac\u021bia UrbeaMea","image":{"@type":"ImageObject","inLanguage":"ro-RO","@id":"https:\/\/secure.gravatar.com\/avatar\/9ce5a9435071fa1037e8468053ead8e513dbbff59009d3069aadb85506d85a27?s=96&d=mm&r=g","url":"https:\/\/secure.gravatar.com\/avatar\/9ce5a9435071fa1037e8468053ead8e513dbbff59009d3069aadb85506d85a27?s=96&d=mm&r=g","contentUrl":"https:\/\/secure.gravatar.com\/avatar\/9ce5a9435071fa1037e8468053ead8e513dbbff59009d3069aadb85506d85a27?s=96&d=mm&r=g","caption":"Redac\u021bia UrbeaMea"},"description":"contact@urbeamea.ro","sameAs":["https:\/\/www.urbeamea.ro"],"url":"https:\/\/urbeamea.ro\/albaiulia\/author\/redactia-urbeamea\/"}]}},"_links":{"self":[{"href":"https:\/\/urbeamea.ro\/albaiulia\/wp-json\/wp\/v2\/posts\/108366","targetHints":{"allow":["GET"]}}],"collection":[{"href":"https:\/\/urbeamea.ro\/albaiulia\/wp-json\/wp\/v2\/posts"}],"about":[{"href":"https:\/\/urbeamea.ro\/albaiulia\/wp-json\/wp\/v2\/types\/post"}],"author":[{"embeddable":true,"href":"https:\/\/urbeamea.ro\/albaiulia\/wp-json\/wp\/v2\/users\/16"}],"replies":[{"embeddable":true,"href":"https:\/\/urbeamea.ro\/albaiulia\/wp-json\/wp\/v2\/comments?post=108366"}],"version-history":[{"count":3,"href":"https:\/\/urbeamea.ro\/albaiulia\/wp-json\/wp\/v2\/posts\/108366\/revisions"}],"predecessor-version":[{"id":108418,"href":"https:\/\/urbeamea.ro\/albaiulia\/wp-json\/wp\/v2\/posts\/108366\/revisions\/108418"}],"wp:featuredmedia":[{"embeddable":true,"href":"https:\/\/urbeamea.ro\/albaiulia\/wp-json\/wp\/v2\/media\/108379"}],"wp:attachment":[{"href":"https:\/\/urbeamea.ro\/albaiulia\/wp-json\/wp\/v2\/media?parent=108366"}],"wp:term":[{"taxonomy":"category","embeddable":true,"href":"https:\/\/urbeamea.ro\/albaiulia\/wp-json\/wp\/v2\/categories?post=108366"},{"taxonomy":"post_tag","embeddable":true,"href":"https:\/\/urbeamea.ro\/albaiulia\/wp-json\/wp\/v2\/tags?post=108366"}],"curies":[{"name":"wp","href":"https:\/\/api.w.org\/{rel}","templated":true}]}}