{"id":108446,"date":"2023-07-18T11:20:18","date_gmt":"2023-07-18T08:20:18","guid":{"rendered":"https:\/\/urbeamea.ro\/albaiulia\/?p=108446"},"modified":"2023-07-18T11:20:20","modified_gmt":"2023-07-18T08:20:20","slug":"adrian-paunescu-omagiat-de-consiliul-judetean-alba-si-biblioteca-judeteana-lucian-blaga-alba","status":"publish","type":"post","link":"https:\/\/urbeamea.ro\/albaiulia\/adrian-paunescu-omagiat-de-consiliul-judetean-alba-si-biblioteca-judeteana-lucian-blaga-alba\/","title":{"rendered":"Adrian P\u0103unescu, omagiat de Consiliul Jude\u021bean Alba \u0219i Biblioteca Jude\u021bean\u0103 \u201eLucian Blaga\u201d Alba"},"content":{"rendered":"\n<p>Joi, 20 iulie 2023, la 80 de ani de la na\u0219terea scriitorului Adrian P\u0103unescu, Consiliul Jude\u021bean Alba \u0219i Biblioteca Jude\u021bean\u0103 \u201eLucian Blaga\u201d Alba \u00ee\u0219i propun s\u0103-l readuc\u0103 \u00een aten\u021bia public\u0103, printr-un moment omagial.<\/p>\n\n\n\n<p>V\u0103 invit\u0103m a\u0219adar al\u0103turi de noi, pe Aleea Scriitorilor din Alba Iulia, la ora 12.00, pentru a participa la momentul depunerii de flori, la bustul lui Adrian P\u0103unescu.<\/p>\n\n\n\n<p>Cu informa\u021bii despre scriitor \u0219i recomand\u0103ri de carte v\u0103 a\u0219tept\u0103m \u0219i pe pagina de Facebook a institu\u021biei, iar pentru a \u00eemprumuta oricare dintre c\u0103r\u021bile sale, v\u0103 st\u0103m la dispozi\u021bie la sediu, de luni p\u00e2n\u0103 vineri, \u00eentre orele 9.00 \u0219i 17.00.<\/p>\n\n\n\n<p>Adrian P\u0103unescu (n. 20 iulie 1943, Cop\u0103ceni, jude\u021bul B\u0103l\u021bi, Rom\u00e2nia, ast\u0103zi \u00een Republica Moldova \u2014 d. 5 noiembrie 2010, Bucure\u0219ti) a fost un autor, critic literar, eseist, director de reviste, poet, publicist, textier, scriitor, traduc\u0103tor \u0219i om politic rom\u00e2n. Autorul a peste cincizeci de c\u0103r\u021bi, \u00een majoritate volume de versuri, P\u0103unescu a fost unul dintre cei mai prolifici poe\u021bi rom\u00e2ni contemporani. C\u0103r\u021bile sale au fost editate \u00eentr-un tiraj record de peste un milion de exemplare.<\/p>\n\n\n\n<p>Multe dintre poeziile sale au fost f\u0103cute cunoscute prin punerea lor pe muzic\u0103 de c\u0103tre compozitori din genurile folk \u0219i rock, Adrian P\u0103unescu colabor\u00e2nd direct cu muzicienii, \u00eendeosebi \u00een cadrul Cenaclului Flac\u0103ra.<\/p>\n\n\n\n<blockquote class=\"wp-block-quote is-layout-flow wp-block-quote-is-layout-flow\">\n<p>Va fi interesant\u0103 postumitatea mea. Vor fi, desigur, \u0219i uit\u0103ri, vor ap\u0103rea \u0219i atacuri nedrepte, dar scrisul meu se va despov\u0103ra de biografia autorului, \u00een circula\u021bia lui printre oameni. Nu-mi pot \u00eenchipui propria mea moarte \u0219i nici nu cred c\u0103 ea e o trecere de zid. A\u0219 fi fost curios s\u0103 \u0219tiu, totu\u0219i, ce iarb\u0103 va r\u0103s\u0103ri, \u00een timp, pe morm\u00e2ntul meu.<\/p>\n<cite>Adrian P\u0103unescu<\/cite><\/blockquote>\n","protected":false},"excerpt":{"rendered":"<p>Joi, 20 iulie 2023, la 80 de ani de la na\u0219terea scriitorului Adrian P\u0103unescu, Consiliul Jude\u021bean Alba \u0219i Biblioteca Jude\u021bean\u0103 \u201eLucian Blaga\u201d Alba \u00ee\u0219i propun s\u0103-l readuc\u0103 \u00een aten\u021bia public\u0103, printr-un moment omagial. V\u0103 invit\u0103m a\u0219adar al\u0103turi de noi, pe Aleea Scriitorilor din Alba Iulia, la ora 12.00, pentru a participa la momentul depunerii de &hellip;<\/p>\n","protected":false},"author":16,"featured_media":108448,"comment_status":"open","ping_status":"open","sticky":false,"template":"","format":"standard","meta":{"inline_featured_image":false,"footnotes":""},"categories":[4],"tags":[16993,2113,784],"class_list":["post-108446","post","type-post","status-publish","format-standard","has-post-thumbnail","hentry","category-eveniment","tag-adrian-paunescu","tag-biblioteca-judeteana-lucian-blaga-alba","tag-consiliul-judetean-alba"],"yoast_head":"<!-- This site is optimized with the Yoast SEO plugin v27.4 - https:\/\/yoast.com\/product\/yoast-seo-wordpress\/ -->\n<title>Adrian P\u0103unescu, omagiat de Consiliul Jude\u021bean Alba \u0219i Biblioteca Jude\u021bean\u0103 \u201eLucian Blaga\u201d Alba - Revista Urbea Mea - Revista de Alba<\/title>\n<meta name=\"description\" content=\"Joi, 20 iulie 2023, la 80 de ani de la na\u0219terea scriitorului Adrian P\u0103unescu, Consiliul Jude\u021bean Alba \u0219i Biblioteca Jude\u021bean\u0103 \u201eLucian Blaga\u201d Alba \u00ee\u0219i\" \/>\n<meta name=\"robots\" content=\"index, follow, max-snippet:-1, max-image-preview:large, max-video-preview:-1\" \/>\n<link rel=\"canonical\" href=\"https:\/\/urbeamea.ro\/albaiulia\/adrian-paunescu-omagiat-de-consiliul-judetean-alba-si-biblioteca-judeteana-lucian-blaga-alba\/\" \/>\n<meta name=\"twitter:card\" content=\"summary_large_image\" \/>\n<meta name=\"twitter:title\" content=\"Adrian P\u0103unescu, omagiat de Consiliul Jude\u021bean Alba \u0219i Biblioteca Jude\u021bean\u0103 \u201eLucian Blaga\u201d Alba - Revista Urbea Mea - Revista de Alba\" \/>\n<meta name=\"twitter:description\" content=\"Joi, 20 iulie 2023, la 80 de ani de la na\u0219terea scriitorului Adrian P\u0103unescu, Consiliul Jude\u021bean Alba \u0219i Biblioteca Jude\u021bean\u0103 \u201eLucian Blaga\u201d Alba \u00ee\u0219i\" \/>\n<meta name=\"twitter:image\" content=\"https:\/\/urbeamea.ro\/albaiulia\/wp-content\/uploads\/2023\/07\/4.4-Monumentele-literaturii-romane-iulie-2023-Paunescu.jpg\" \/>\n<meta name=\"twitter:creator\" content=\"@urbeameaweb\" \/>\n<meta name=\"twitter:site\" content=\"@urbeameaweb\" \/>\n<script type=\"application\/ld+json\" class=\"yoast-schema-graph\">{\"@context\":\"https:\\\/\\\/schema.org\",\"@graph\":[{\"@type\":\"Article\",\"@id\":\"https:\\\/\\\/urbeamea.ro\\\/albaiulia\\\/adrian-paunescu-omagiat-de-consiliul-judetean-alba-si-biblioteca-judeteana-lucian-blaga-alba\\\/#article\",\"isPartOf\":{\"@id\":\"https:\\\/\\\/urbeamea.ro\\\/albaiulia\\\/adrian-paunescu-omagiat-de-consiliul-judetean-alba-si-biblioteca-judeteana-lucian-blaga-alba\\\/\"},\"author\":{\"name\":\"Redac\u021bia UrbeaMea\",\"@id\":\"https:\\\/\\\/urbeamea.ro\\\/albaiulia\\\/#\\\/schema\\\/person\\\/272ae98052f8ee8980f59848df070247\"},\"headline\":\"Adrian P\u0103unescu, omagiat de Consiliul Jude\u021bean Alba \u0219i Biblioteca Jude\u021bean\u0103 \u201eLucian Blaga\u201d Alba\",\"datePublished\":\"2023-07-18T08:20:18+00:00\",\"dateModified\":\"2023-07-18T08:20:20+00:00\",\"mainEntityOfPage\":{\"@id\":\"https:\\\/\\\/urbeamea.ro\\\/albaiulia\\\/adrian-paunescu-omagiat-de-consiliul-judetean-alba-si-biblioteca-judeteana-lucian-blaga-alba\\\/\"},\"wordCount\":328,\"commentCount\":0,\"image\":{\"@id\":\"https:\\\/\\\/urbeamea.ro\\\/albaiulia\\\/adrian-paunescu-omagiat-de-consiliul-judetean-alba-si-biblioteca-judeteana-lucian-blaga-alba\\\/#primaryimage\"},\"thumbnailUrl\":\"https:\\\/\\\/urbeamea.ro\\\/albaiulia\\\/wp-content\\\/uploads\\\/2023\\\/07\\\/4.4-Monumentele-literaturii-romane-iulie-2023-Paunescu.jpg\",\"keywords\":[\"Adrian Paunescu\",\"Biblioteca Jude\u0163ean\u0103 \u201cLucian Blaga\u201d Alba\",\"Consiliul Judetean Alba\"],\"articleSection\":[\"Evenimente\"],\"inLanguage\":\"ro-RO\",\"potentialAction\":[{\"@type\":\"CommentAction\",\"name\":\"Comment\",\"target\":[\"https:\\\/\\\/urbeamea.ro\\\/albaiulia\\\/adrian-paunescu-omagiat-de-consiliul-judetean-alba-si-biblioteca-judeteana-lucian-blaga-alba\\\/#respond\"]}]},{\"@type\":\"WebPage\",\"@id\":\"https:\\\/\\\/urbeamea.ro\\\/albaiulia\\\/adrian-paunescu-omagiat-de-consiliul-judetean-alba-si-biblioteca-judeteana-lucian-blaga-alba\\\/\",\"url\":\"https:\\\/\\\/urbeamea.ro\\\/albaiulia\\\/adrian-paunescu-omagiat-de-consiliul-judetean-alba-si-biblioteca-judeteana-lucian-blaga-alba\\\/\",\"name\":\"Adrian P\u0103unescu, omagiat de Consiliul Jude\u021bean Alba \u0219i Biblioteca Jude\u021bean\u0103 \u201eLucian Blaga\u201d Alba - Revista Urbea Mea - Revista de Alba\",\"isPartOf\":{\"@id\":\"https:\\\/\\\/urbeamea.ro\\\/albaiulia\\\/#website\"},\"primaryImageOfPage\":{\"@id\":\"https:\\\/\\\/urbeamea.ro\\\/albaiulia\\\/adrian-paunescu-omagiat-de-consiliul-judetean-alba-si-biblioteca-judeteana-lucian-blaga-alba\\\/#primaryimage\"},\"image\":{\"@id\":\"https:\\\/\\\/urbeamea.ro\\\/albaiulia\\\/adrian-paunescu-omagiat-de-consiliul-judetean-alba-si-biblioteca-judeteana-lucian-blaga-alba\\\/#primaryimage\"},\"thumbnailUrl\":\"https:\\\/\\\/urbeamea.ro\\\/albaiulia\\\/wp-content\\\/uploads\\\/2023\\\/07\\\/4.4-Monumentele-literaturii-romane-iulie-2023-Paunescu.jpg\",\"datePublished\":\"2023-07-18T08:20:18+00:00\",\"dateModified\":\"2023-07-18T08:20:20+00:00\",\"author\":{\"@id\":\"https:\\\/\\\/urbeamea.ro\\\/albaiulia\\\/#\\\/schema\\\/person\\\/272ae98052f8ee8980f59848df070247\"},\"description\":\"Joi, 20 iulie 2023, la 80 de ani de la na\u0219terea scriitorului Adrian P\u0103unescu, Consiliul Jude\u021bean Alba \u0219i Biblioteca Jude\u021bean\u0103 \u201eLucian Blaga\u201d Alba \u00ee\u0219i\",\"breadcrumb\":{\"@id\":\"https:\\\/\\\/urbeamea.ro\\\/albaiulia\\\/adrian-paunescu-omagiat-de-consiliul-judetean-alba-si-biblioteca-judeteana-lucian-blaga-alba\\\/#breadcrumb\"},\"inLanguage\":\"ro-RO\",\"potentialAction\":[{\"@type\":\"ReadAction\",\"target\":[\"https:\\\/\\\/urbeamea.ro\\\/albaiulia\\\/adrian-paunescu-omagiat-de-consiliul-judetean-alba-si-biblioteca-judeteana-lucian-blaga-alba\\\/\"]}]},{\"@type\":\"ImageObject\",\"inLanguage\":\"ro-RO\",\"@id\":\"https:\\\/\\\/urbeamea.ro\\\/albaiulia\\\/adrian-paunescu-omagiat-de-consiliul-judetean-alba-si-biblioteca-judeteana-lucian-blaga-alba\\\/#primaryimage\",\"url\":\"https:\\\/\\\/urbeamea.ro\\\/albaiulia\\\/wp-content\\\/uploads\\\/2023\\\/07\\\/4.4-Monumentele-literaturii-romane-iulie-2023-Paunescu.jpg\",\"contentUrl\":\"https:\\\/\\\/urbeamea.ro\\\/albaiulia\\\/wp-content\\\/uploads\\\/2023\\\/07\\\/4.4-Monumentele-literaturii-romane-iulie-2023-Paunescu.jpg\",\"width\":1600,\"height\":1131},{\"@type\":\"BreadcrumbList\",\"@id\":\"https:\\\/\\\/urbeamea.ro\\\/albaiulia\\\/adrian-paunescu-omagiat-de-consiliul-judetean-alba-si-biblioteca-judeteana-lucian-blaga-alba\\\/#breadcrumb\",\"itemListElement\":[{\"@type\":\"ListItem\",\"position\":1,\"name\":\"Prima pagin\u0103\",\"item\":\"https:\\\/\\\/urbeamea.ro\\\/albaiulia\\\/\"},{\"@type\":\"ListItem\",\"position\":2,\"name\":\"Adrian P\u0103unescu, omagiat de Consiliul Jude\u021bean Alba \u0219i Biblioteca Jude\u021bean\u0103 \u201eLucian Blaga\u201d Alba\"}]},{\"@type\":\"WebSite\",\"@id\":\"https:\\\/\\\/urbeamea.ro\\\/albaiulia\\\/#website\",\"url\":\"https:\\\/\\\/urbeamea.ro\\\/albaiulia\\\/\",\"name\":\"Revista Urbea Mea, Stiri urbane\",\"description\":\"Evenimente \u0219i \u0219tiri din Alba Iulia, Sebe\u0219, Aiud, Blaj\",\"potentialAction\":[{\"@type\":\"SearchAction\",\"target\":{\"@type\":\"EntryPoint\",\"urlTemplate\":\"https:\\\/\\\/urbeamea.ro\\\/albaiulia\\\/?s={search_term_string}\"},\"query-input\":{\"@type\":\"PropertyValueSpecification\",\"valueRequired\":true,\"valueName\":\"search_term_string\"}}],\"inLanguage\":\"ro-RO\"},{\"@type\":\"Person\",\"@id\":\"https:\\\/\\\/urbeamea.ro\\\/albaiulia\\\/#\\\/schema\\\/person\\\/272ae98052f8ee8980f59848df070247\",\"name\":\"Redac\u021bia UrbeaMea\",\"image\":{\"@type\":\"ImageObject\",\"inLanguage\":\"ro-RO\",\"@id\":\"https:\\\/\\\/secure.gravatar.com\\\/avatar\\\/9ce5a9435071fa1037e8468053ead8e513dbbff59009d3069aadb85506d85a27?s=96&d=mm&r=g\",\"url\":\"https:\\\/\\\/secure.gravatar.com\\\/avatar\\\/9ce5a9435071fa1037e8468053ead8e513dbbff59009d3069aadb85506d85a27?s=96&d=mm&r=g\",\"contentUrl\":\"https:\\\/\\\/secure.gravatar.com\\\/avatar\\\/9ce5a9435071fa1037e8468053ead8e513dbbff59009d3069aadb85506d85a27?s=96&d=mm&r=g\",\"caption\":\"Redac\u021bia UrbeaMea\"},\"description\":\"contact@urbeamea.ro\",\"sameAs\":[\"https:\\\/\\\/www.urbeamea.ro\"],\"url\":\"https:\\\/\\\/urbeamea.ro\\\/albaiulia\\\/author\\\/redactia-urbeamea\\\/\"}]}<\/script>\n<!-- \/ Yoast SEO plugin. -->","yoast_head_json":{"title":"Adrian P\u0103unescu, omagiat de Consiliul Jude\u021bean Alba \u0219i Biblioteca Jude\u021bean\u0103 \u201eLucian Blaga\u201d Alba - Revista Urbea Mea - Revista de Alba","description":"Joi, 20 iulie 2023, la 80 de ani de la na\u0219terea scriitorului Adrian P\u0103unescu, Consiliul Jude\u021bean Alba \u0219i Biblioteca Jude\u021bean\u0103 \u201eLucian Blaga\u201d Alba \u00ee\u0219i","robots":{"index":"index","follow":"follow","max-snippet":"max-snippet:-1","max-image-preview":"max-image-preview:large","max-video-preview":"max-video-preview:-1"},"canonical":"https:\/\/urbeamea.ro\/albaiulia\/adrian-paunescu-omagiat-de-consiliul-judetean-alba-si-biblioteca-judeteana-lucian-blaga-alba\/","twitter_card":"summary_large_image","twitter_title":"Adrian P\u0103unescu, omagiat de Consiliul Jude\u021bean Alba \u0219i Biblioteca Jude\u021bean\u0103 \u201eLucian Blaga\u201d Alba - Revista Urbea Mea - Revista de Alba","twitter_description":"Joi, 20 iulie 2023, la 80 de ani de la na\u0219terea scriitorului Adrian P\u0103unescu, Consiliul Jude\u021bean Alba \u0219i Biblioteca Jude\u021bean\u0103 \u201eLucian Blaga\u201d Alba \u00ee\u0219i","twitter_image":"https:\/\/urbeamea.ro\/albaiulia\/wp-content\/uploads\/2023\/07\/4.4-Monumentele-literaturii-romane-iulie-2023-Paunescu.jpg","twitter_creator":"@urbeameaweb","twitter_site":"@urbeameaweb","schema":{"@context":"https:\/\/schema.org","@graph":[{"@type":"Article","@id":"https:\/\/urbeamea.ro\/albaiulia\/adrian-paunescu-omagiat-de-consiliul-judetean-alba-si-biblioteca-judeteana-lucian-blaga-alba\/#article","isPartOf":{"@id":"https:\/\/urbeamea.ro\/albaiulia\/adrian-paunescu-omagiat-de-consiliul-judetean-alba-si-biblioteca-judeteana-lucian-blaga-alba\/"},"author":{"name":"Redac\u021bia UrbeaMea","@id":"https:\/\/urbeamea.ro\/albaiulia\/#\/schema\/person\/272ae98052f8ee8980f59848df070247"},"headline":"Adrian P\u0103unescu, omagiat de Consiliul Jude\u021bean Alba \u0219i Biblioteca Jude\u021bean\u0103 \u201eLucian Blaga\u201d Alba","datePublished":"2023-07-18T08:20:18+00:00","dateModified":"2023-07-18T08:20:20+00:00","mainEntityOfPage":{"@id":"https:\/\/urbeamea.ro\/albaiulia\/adrian-paunescu-omagiat-de-consiliul-judetean-alba-si-biblioteca-judeteana-lucian-blaga-alba\/"},"wordCount":328,"commentCount":0,"image":{"@id":"https:\/\/urbeamea.ro\/albaiulia\/adrian-paunescu-omagiat-de-consiliul-judetean-alba-si-biblioteca-judeteana-lucian-blaga-alba\/#primaryimage"},"thumbnailUrl":"https:\/\/urbeamea.ro\/albaiulia\/wp-content\/uploads\/2023\/07\/4.4-Monumentele-literaturii-romane-iulie-2023-Paunescu.jpg","keywords":["Adrian Paunescu","Biblioteca Jude\u0163ean\u0103 \u201cLucian Blaga\u201d Alba","Consiliul Judetean Alba"],"articleSection":["Evenimente"],"inLanguage":"ro-RO","potentialAction":[{"@type":"CommentAction","name":"Comment","target":["https:\/\/urbeamea.ro\/albaiulia\/adrian-paunescu-omagiat-de-consiliul-judetean-alba-si-biblioteca-judeteana-lucian-blaga-alba\/#respond"]}]},{"@type":"WebPage","@id":"https:\/\/urbeamea.ro\/albaiulia\/adrian-paunescu-omagiat-de-consiliul-judetean-alba-si-biblioteca-judeteana-lucian-blaga-alba\/","url":"https:\/\/urbeamea.ro\/albaiulia\/adrian-paunescu-omagiat-de-consiliul-judetean-alba-si-biblioteca-judeteana-lucian-blaga-alba\/","name":"Adrian P\u0103unescu, omagiat de Consiliul Jude\u021bean Alba \u0219i Biblioteca Jude\u021bean\u0103 \u201eLucian Blaga\u201d Alba - Revista Urbea Mea - Revista de Alba","isPartOf":{"@id":"https:\/\/urbeamea.ro\/albaiulia\/#website"},"primaryImageOfPage":{"@id":"https:\/\/urbeamea.ro\/albaiulia\/adrian-paunescu-omagiat-de-consiliul-judetean-alba-si-biblioteca-judeteana-lucian-blaga-alba\/#primaryimage"},"image":{"@id":"https:\/\/urbeamea.ro\/albaiulia\/adrian-paunescu-omagiat-de-consiliul-judetean-alba-si-biblioteca-judeteana-lucian-blaga-alba\/#primaryimage"},"thumbnailUrl":"https:\/\/urbeamea.ro\/albaiulia\/wp-content\/uploads\/2023\/07\/4.4-Monumentele-literaturii-romane-iulie-2023-Paunescu.jpg","datePublished":"2023-07-18T08:20:18+00:00","dateModified":"2023-07-18T08:20:20+00:00","author":{"@id":"https:\/\/urbeamea.ro\/albaiulia\/#\/schema\/person\/272ae98052f8ee8980f59848df070247"},"description":"Joi, 20 iulie 2023, la 80 de ani de la na\u0219terea scriitorului Adrian P\u0103unescu, Consiliul Jude\u021bean Alba \u0219i Biblioteca Jude\u021bean\u0103 \u201eLucian Blaga\u201d Alba \u00ee\u0219i","breadcrumb":{"@id":"https:\/\/urbeamea.ro\/albaiulia\/adrian-paunescu-omagiat-de-consiliul-judetean-alba-si-biblioteca-judeteana-lucian-blaga-alba\/#breadcrumb"},"inLanguage":"ro-RO","potentialAction":[{"@type":"ReadAction","target":["https:\/\/urbeamea.ro\/albaiulia\/adrian-paunescu-omagiat-de-consiliul-judetean-alba-si-biblioteca-judeteana-lucian-blaga-alba\/"]}]},{"@type":"ImageObject","inLanguage":"ro-RO","@id":"https:\/\/urbeamea.ro\/albaiulia\/adrian-paunescu-omagiat-de-consiliul-judetean-alba-si-biblioteca-judeteana-lucian-blaga-alba\/#primaryimage","url":"https:\/\/urbeamea.ro\/albaiulia\/wp-content\/uploads\/2023\/07\/4.4-Monumentele-literaturii-romane-iulie-2023-Paunescu.jpg","contentUrl":"https:\/\/urbeamea.ro\/albaiulia\/wp-content\/uploads\/2023\/07\/4.4-Monumentele-literaturii-romane-iulie-2023-Paunescu.jpg","width":1600,"height":1131},{"@type":"BreadcrumbList","@id":"https:\/\/urbeamea.ro\/albaiulia\/adrian-paunescu-omagiat-de-consiliul-judetean-alba-si-biblioteca-judeteana-lucian-blaga-alba\/#breadcrumb","itemListElement":[{"@type":"ListItem","position":1,"name":"Prima pagin\u0103","item":"https:\/\/urbeamea.ro\/albaiulia\/"},{"@type":"ListItem","position":2,"name":"Adrian P\u0103unescu, omagiat de Consiliul Jude\u021bean Alba \u0219i Biblioteca Jude\u021bean\u0103 \u201eLucian Blaga\u201d Alba"}]},{"@type":"WebSite","@id":"https:\/\/urbeamea.ro\/albaiulia\/#website","url":"https:\/\/urbeamea.ro\/albaiulia\/","name":"Revista Urbea Mea, Stiri urbane","description":"Evenimente \u0219i \u0219tiri din Alba Iulia, Sebe\u0219, Aiud, Blaj","potentialAction":[{"@type":"SearchAction","target":{"@type":"EntryPoint","urlTemplate":"https:\/\/urbeamea.ro\/albaiulia\/?s={search_term_string}"},"query-input":{"@type":"PropertyValueSpecification","valueRequired":true,"valueName":"search_term_string"}}],"inLanguage":"ro-RO"},{"@type":"Person","@id":"https:\/\/urbeamea.ro\/albaiulia\/#\/schema\/person\/272ae98052f8ee8980f59848df070247","name":"Redac\u021bia UrbeaMea","image":{"@type":"ImageObject","inLanguage":"ro-RO","@id":"https:\/\/secure.gravatar.com\/avatar\/9ce5a9435071fa1037e8468053ead8e513dbbff59009d3069aadb85506d85a27?s=96&d=mm&r=g","url":"https:\/\/secure.gravatar.com\/avatar\/9ce5a9435071fa1037e8468053ead8e513dbbff59009d3069aadb85506d85a27?s=96&d=mm&r=g","contentUrl":"https:\/\/secure.gravatar.com\/avatar\/9ce5a9435071fa1037e8468053ead8e513dbbff59009d3069aadb85506d85a27?s=96&d=mm&r=g","caption":"Redac\u021bia UrbeaMea"},"description":"contact@urbeamea.ro","sameAs":["https:\/\/www.urbeamea.ro"],"url":"https:\/\/urbeamea.ro\/albaiulia\/author\/redactia-urbeamea\/"}]}},"_links":{"self":[{"href":"https:\/\/urbeamea.ro\/albaiulia\/wp-json\/wp\/v2\/posts\/108446","targetHints":{"allow":["GET"]}}],"collection":[{"href":"https:\/\/urbeamea.ro\/albaiulia\/wp-json\/wp\/v2\/posts"}],"about":[{"href":"https:\/\/urbeamea.ro\/albaiulia\/wp-json\/wp\/v2\/types\/post"}],"author":[{"embeddable":true,"href":"https:\/\/urbeamea.ro\/albaiulia\/wp-json\/wp\/v2\/users\/16"}],"replies":[{"embeddable":true,"href":"https:\/\/urbeamea.ro\/albaiulia\/wp-json\/wp\/v2\/comments?post=108446"}],"version-history":[{"count":1,"href":"https:\/\/urbeamea.ro\/albaiulia\/wp-json\/wp\/v2\/posts\/108446\/revisions"}],"predecessor-version":[{"id":108449,"href":"https:\/\/urbeamea.ro\/albaiulia\/wp-json\/wp\/v2\/posts\/108446\/revisions\/108449"}],"wp:featuredmedia":[{"embeddable":true,"href":"https:\/\/urbeamea.ro\/albaiulia\/wp-json\/wp\/v2\/media\/108448"}],"wp:attachment":[{"href":"https:\/\/urbeamea.ro\/albaiulia\/wp-json\/wp\/v2\/media?parent=108446"}],"wp:term":[{"taxonomy":"category","embeddable":true,"href":"https:\/\/urbeamea.ro\/albaiulia\/wp-json\/wp\/v2\/categories?post=108446"},{"taxonomy":"post_tag","embeddable":true,"href":"https:\/\/urbeamea.ro\/albaiulia\/wp-json\/wp\/v2\/tags?post=108446"}],"curies":[{"name":"wp","href":"https:\/\/api.w.org\/{rel}","templated":true}]}}