{"id":108450,"date":"2023-07-18T11:31:52","date_gmt":"2023-07-18T08:31:52","guid":{"rendered":"https:\/\/urbeamea.ro\/albaiulia\/?p=108450"},"modified":"2023-07-18T11:31:55","modified_gmt":"2023-07-18T08:31:55","slug":"gala-tanarului-actor-hop-editia-a-26-a-2023","status":"publish","type":"post","link":"https:\/\/urbeamea.ro\/albaiulia\/gala-tanarului-actor-hop-editia-a-26-a-2023\/","title":{"rendered":"Gala T\u00e2n\u0103rului Actor HOP, edi\u021bia a 26-a, 2023"},"content":{"rendered":"\n<p>S-au \u00eencheiat preselec\u021biile pentru Gala T\u00e2n\u0103rului Actor HOP, desf\u0103\u0219urate pe parcursul a dou\u0103 sesiuni. Edi\u0163ia a XXVI-a a Galei T\u00e2n\u0103rului Actor, sub direc\u021bia artistic\u0103 a regizorilor <strong>Alexandru Dabija<\/strong> \u0219i <strong>Leta Popescu<\/strong>, are ca tem\u0103 <strong>PREZEN\u021aA ACTORULUI<\/strong>. Anul acesta s-a urm\u0103rit rela\u021bia dintre actor \u0219i mijloacele tehnice, c\u0103ut\u00e2nd echilibrul dintre specificul teatrului \u0219i tehnologie.<\/p>\n\n\n\n<p>Membrii juriului \u00een preselec\u021bii, actorul <strong>George Albert Costea<\/strong> \u0219i regizoarele <strong>Catinca Dr\u0103g\u0103nescu<\/strong> \u0219i <strong>Leta Popescu<\/strong>, i-au declarat admi\u0219i pe urm\u0103torii:<\/p>\n\n\n\n<p><strong>Sec\u0163iunea Individual<\/strong><\/p>\n\n\n\n<ol class=\"wp-block-list\" type=\"1\">\n<li><strong>Paul Bondane<\/strong>, Universitatea \u201eLucian Blaga\u201d Sibiu (sesiunea 2)<\/li>\n\n\n\n<li><strong>Cristina Casian<\/strong>, Universitatea \u201eBabe\u015f \u2013 Bolyai\u201d Cluj-Napoca (sesiunea 2)<\/li>\n\n\n\n<li><strong>George Coco\u0219<\/strong>, Universitatea de Arte George Enescu Ia\u0219i&nbsp; (sesiunea 1)<\/li>\n\n\n\n<li><strong>Andrei Cristea<\/strong>,Universitatea Na\u0163ional\u0103 de Art\u0103 Teatral\u0103 \u015fi Cinematografic\u0103 \u201eI.L.Caragiale\u201d Bucure\u015fti (sesiunea 2)<\/li>\n\n\n\n<li><strong>Radu F\u0103rcane<\/strong>, Universitatea \u201eBabe\u015f \u2013 Bolyai\u201d Cluj-Napoca (sesiunea 2)<\/li>\n\n\n\n<li><strong>Maria Grosu<\/strong>, Universitatea Hyperion Bucure\u0219ti, (sesiunea 2) <strong>&nbsp;<\/strong><\/li>\n\n\n\n<li><strong>Oana Jipa<\/strong>, Universitatea Na\u0163ional\u0103 de Art\u0103 Teatral\u0103 \u015fi Cinematografic\u0103 \u201eI.L.Caragiale\u201d Bucure\u015fti (sesiunea 2)<\/li>\n\n\n\n<li><strong>R\u0103zvan M\u00eendru\u021b\u0103, <\/strong>Universitatea Na\u0163ional\u0103 de Art\u0103 Teatral\u0103 \u015fi Cinematografic\u0103 \u201eI.L.Caragiale\u201d Bucure\u015fti (sesiunea 2)<\/li>\n\n\n\n<li><strong>R\u0103zvan Omot\u0103<\/strong>, Universitatea Hyperion Bucure\u0219ti (sesiunea 2)<\/li>\n\n\n\n<li><strong>Sa\u0219a P\u00e2nzaru, <\/strong>Universitatea de Arte T\u00e2rgu Mure\u015f&nbsp; (sesiunea 1)<\/li>\n\n\n\n<li><strong>Sara Pongrac<\/strong>, Universitatea \u201eBabe\u015f \u2013 Bolyai\u201d Cluj-Napoca (sesiunea 2)<\/li>\n\n\n\n<li><strong>Gabriela Porumbacu<\/strong>, Universitatea Hyperion Bucure\u0219ti (sesiunea 2)<\/li>\n\n\n\n<li><strong>Alexandru Romescu<\/strong>, Universitatea Na\u0163ional\u0103 de Art\u0103 Teatral\u0103 \u015fi Cinematografic\u0103 \u201eI.L.Caragiale\u201d Bucure\u015fti (sesiunea 2)<\/li>\n<\/ol>\n\n\n\n<p><strong>Sec\u0163iunea Grup<\/strong><\/p>\n\n\n\n<ol class=\"wp-block-list\" type=\"1\">\n<li><strong>\u201eA FOST ODATA\u201d, <\/strong>cu: <strong>Alexandru Condurat, <\/strong>absolvent al Universit\u0103\u021bii \u201eBabe\u015f \u2013 Bolyai\u201d Cluj-Napoca<strong>, Ingrid Neac\u0219u <\/strong>absolvent\u0103 a Universit\u0103\u0163ii Craiova (sesiunea 2)<\/li>\n\n\n\n<li><strong>\u201eANGAJA\u021aI-M\u0102!\u201d <\/strong>cu <strong>Ama Besicheru \u0219i Robert Ioan, <\/strong>absolven\u021bi ai Universit\u0103\u0163ii \u201eBabe\u015f \u2013 Bolyai\u201d Cluj-Napoca (sesiunea 2)<\/li>\n\n\n\n<li><strong>\u201eCEL\u0102LALT\u201d<\/strong>, cu: <strong>Sa\u0219a P\u00e2nzaru <\/strong>\u0219i<strong> Denissa Rogoz<\/strong><strong>, <\/strong>absolvente ale Universit\u0103\u0163ii de Arte T\u00e2rgu Mure\u015f&nbsp; (sesiunea 1)<\/li>\n\n\n\n<li><strong>\u201eTIC TAC TOK\u201d, <\/strong>&nbsp;cu: <strong>Andrei Marius Barbu, <\/strong>absolvent al Universit\u0103\u021bii<strong> <\/strong>Na\u0163ionale de Art\u0103 Teatral\u0103 \u015fi Cinematografic\u0103 \u201eI.L.Caragiale\u201d Bucure\u015fti \u0219i<strong> Francesca F\u00fcl\u00f6p<\/strong><strong>, <\/strong>absolvent\u0103 a Universit\u0103\u0163ii \u201eBabe\u015f \u2013 Bolyai\u201d Cluj-Napoca (sesiunea 2)<\/li>\n\n\n\n<li><strong>\u201eUNTITLED\u201d<\/strong>, cu: <strong>Eduard Crucianu, Radu F\u0103rcane, Tudor Manea, Andrei M\u0103rgineanu, Andrei Ple\u0219a, Sara Pongrac, Denisa Vraj\u0103, <\/strong>absolven\u0163i ai Universit\u0103\u0163ii \u201eBabe\u015f \u2013 Bolyai\u201d Cluj-Napoca (sesiunea 2)<\/li>\n<\/ol>\n\n\n\n<p>Concursul Galei T\u00e2n\u0103rului Actor HOP se desf\u0103\u0219oar\u0103 \u00een perioada 30 august \u2013 2 septembrie 2023, \u00eencep\u00e2nd cu ora 18.00, la Casa de Cultur\u0103 a Studen\u021bilor din Alba Iulia \/ Teatrul de P\u0103pu\u0219i \u201ePrichindel\u201d Alba Iulia, transmisiune live pe www.galahop.uniter.ro de RoEvents.<\/p>\n\n\n\n<p>Evenimentul este organizat de c\u0103tre Asocia\u021bia UNITER \u2013 Uniunea Teatral\u0103 din Rom\u00e2nia, Consiliul Jude\u021bean Alba \u0219i Teatrul de P\u0103pu\u0219i PRICHINDEL Alba Iulia.<\/p>\n\n\n\n<figure class=\"wp-block-image size-full\"><img loading=\"lazy\" decoding=\"async\" width=\"705\" height=\"480\" src=\"https:\/\/urbeamea.ro\/albaiulia\/wp-content\/uploads\/2023\/07\/2-Preselectie-Gala-HOP-2023.jpg\" alt=\"\" class=\"wp-image-108452\" srcset=\"https:\/\/urbeamea.ro\/albaiulia\/wp-content\/uploads\/2023\/07\/2-Preselectie-Gala-HOP-2023.jpg 705w, https:\/\/urbeamea.ro\/albaiulia\/wp-content\/uploads\/2023\/07\/2-Preselectie-Gala-HOP-2023-640x436.jpg 640w, https:\/\/urbeamea.ro\/albaiulia\/wp-content\/uploads\/2023\/07\/2-Preselectie-Gala-HOP-2023-150x102.jpg 150w, https:\/\/urbeamea.ro\/albaiulia\/wp-content\/uploads\/2023\/07\/2-Preselectie-Gala-HOP-2023-220x150.jpg 220w\" sizes=\"auto, (max-width: 705px) 100vw, 705px\" \/><\/figure>\n","protected":false},"excerpt":{"rendered":"<p>S-au \u00eencheiat preselec\u021biile pentru Gala T\u00e2n\u0103rului Actor HOP, desf\u0103\u0219urate pe parcursul a dou\u0103 sesiuni. Edi\u0163ia a XXVI-a a Galei T\u00e2n\u0103rului Actor, sub direc\u021bia artistic\u0103 a regizorilor Alexandru Dabija \u0219i Leta Popescu, are ca tem\u0103 PREZEN\u021aA ACTORULUI. Anul acesta s-a urm\u0103rit rela\u021bia dintre actor \u0219i mijloacele tehnice, c\u0103ut\u00e2nd echilibrul dintre specificul teatrului \u0219i tehnologie. Membrii juriului &hellip;<\/p>\n","protected":false},"author":16,"featured_media":108451,"comment_status":"open","ping_status":"open","sticky":false,"template":"","format":"standard","meta":{"inline_featured_image":false,"footnotes":""},"categories":[4],"tags":[23588,8994],"class_list":["post-108450","post","type-post","status-publish","format-standard","has-post-thumbnail","hentry","category-eveniment","tag-gala-tanarului-actor-hop","tag-teatrul-de-papusi-prichindel-alba-iulia"],"yoast_head":"<!-- This site is optimized with the Yoast SEO plugin v27.4 - https:\/\/yoast.com\/product\/yoast-seo-wordpress\/ -->\n<title>Gala T\u00e2n\u0103rului Actor HOP, edi\u021bia a 26-a, 2023 - Revista Urbea Mea - Revista de Alba<\/title>\n<meta name=\"description\" content=\"S-au \u00eencheiat preselec\u021biile pentru Gala T\u00e2n\u0103rului Actor HOP, desf\u0103\u0219urate pe parcursul a dou\u0103 sesiuni. Edi\u0163ia a XXVI-a a Galei T\u00e2n\u0103rului Actor, sub\" \/>\n<meta name=\"robots\" content=\"index, follow, max-snippet:-1, max-image-preview:large, max-video-preview:-1\" \/>\n<link rel=\"canonical\" href=\"https:\/\/urbeamea.ro\/albaiulia\/gala-tanarului-actor-hop-editia-a-26-a-2023\/\" \/>\n<meta name=\"twitter:card\" content=\"summary_large_image\" \/>\n<meta name=\"twitter:title\" content=\"Gala T\u00e2n\u0103rului Actor HOP, edi\u021bia a 26-a, 2023 - Revista Urbea Mea - Revista de Alba\" \/>\n<meta name=\"twitter:description\" content=\"S-au \u00eencheiat preselec\u021biile pentru Gala T\u00e2n\u0103rului Actor HOP, desf\u0103\u0219urate pe parcursul a dou\u0103 sesiuni. Edi\u0163ia a XXVI-a a Galei T\u00e2n\u0103rului Actor, sub\" \/>\n<meta name=\"twitter:image\" content=\"https:\/\/urbeamea.ro\/albaiulia\/wp-content\/uploads\/2023\/07\/1-Preselectie-Gala-HOP-2023.jpg\" \/>\n<meta name=\"twitter:creator\" content=\"@urbeameaweb\" \/>\n<meta name=\"twitter:site\" content=\"@urbeameaweb\" \/>\n<script type=\"application\/ld+json\" class=\"yoast-schema-graph\">{\"@context\":\"https:\\\/\\\/schema.org\",\"@graph\":[{\"@type\":\"Article\",\"@id\":\"https:\\\/\\\/urbeamea.ro\\\/albaiulia\\\/gala-tanarului-actor-hop-editia-a-26-a-2023\\\/#article\",\"isPartOf\":{\"@id\":\"https:\\\/\\\/urbeamea.ro\\\/albaiulia\\\/gala-tanarului-actor-hop-editia-a-26-a-2023\\\/\"},\"author\":{\"name\":\"Redac\u021bia UrbeaMea\",\"@id\":\"https:\\\/\\\/urbeamea.ro\\\/albaiulia\\\/#\\\/schema\\\/person\\\/272ae98052f8ee8980f59848df070247\"},\"headline\":\"Gala T\u00e2n\u0103rului Actor HOP, edi\u021bia a 26-a, 2023\",\"datePublished\":\"2023-07-18T08:31:52+00:00\",\"dateModified\":\"2023-07-18T08:31:55+00:00\",\"mainEntityOfPage\":{\"@id\":\"https:\\\/\\\/urbeamea.ro\\\/albaiulia\\\/gala-tanarului-actor-hop-editia-a-26-a-2023\\\/\"},\"wordCount\":445,\"commentCount\":0,\"image\":{\"@id\":\"https:\\\/\\\/urbeamea.ro\\\/albaiulia\\\/gala-tanarului-actor-hop-editia-a-26-a-2023\\\/#primaryimage\"},\"thumbnailUrl\":\"https:\\\/\\\/urbeamea.ro\\\/albaiulia\\\/wp-content\\\/uploads\\\/2023\\\/07\\\/1-Preselectie-Gala-HOP-2023.jpg\",\"keywords\":[\"gala tanarului actor hop\",\"teatrul de papusi prichindel alba iulia\"],\"articleSection\":[\"Evenimente\"],\"inLanguage\":\"ro-RO\",\"potentialAction\":[{\"@type\":\"CommentAction\",\"name\":\"Comment\",\"target\":[\"https:\\\/\\\/urbeamea.ro\\\/albaiulia\\\/gala-tanarului-actor-hop-editia-a-26-a-2023\\\/#respond\"]}]},{\"@type\":\"WebPage\",\"@id\":\"https:\\\/\\\/urbeamea.ro\\\/albaiulia\\\/gala-tanarului-actor-hop-editia-a-26-a-2023\\\/\",\"url\":\"https:\\\/\\\/urbeamea.ro\\\/albaiulia\\\/gala-tanarului-actor-hop-editia-a-26-a-2023\\\/\",\"name\":\"Gala T\u00e2n\u0103rului Actor HOP, edi\u021bia a 26-a, 2023 - Revista Urbea Mea - Revista de Alba\",\"isPartOf\":{\"@id\":\"https:\\\/\\\/urbeamea.ro\\\/albaiulia\\\/#website\"},\"primaryImageOfPage\":{\"@id\":\"https:\\\/\\\/urbeamea.ro\\\/albaiulia\\\/gala-tanarului-actor-hop-editia-a-26-a-2023\\\/#primaryimage\"},\"image\":{\"@id\":\"https:\\\/\\\/urbeamea.ro\\\/albaiulia\\\/gala-tanarului-actor-hop-editia-a-26-a-2023\\\/#primaryimage\"},\"thumbnailUrl\":\"https:\\\/\\\/urbeamea.ro\\\/albaiulia\\\/wp-content\\\/uploads\\\/2023\\\/07\\\/1-Preselectie-Gala-HOP-2023.jpg\",\"datePublished\":\"2023-07-18T08:31:52+00:00\",\"dateModified\":\"2023-07-18T08:31:55+00:00\",\"author\":{\"@id\":\"https:\\\/\\\/urbeamea.ro\\\/albaiulia\\\/#\\\/schema\\\/person\\\/272ae98052f8ee8980f59848df070247\"},\"description\":\"S-au \u00eencheiat preselec\u021biile pentru Gala T\u00e2n\u0103rului Actor HOP, desf\u0103\u0219urate pe parcursul a dou\u0103 sesiuni. Edi\u0163ia a XXVI-a a Galei T\u00e2n\u0103rului Actor, sub\",\"breadcrumb\":{\"@id\":\"https:\\\/\\\/urbeamea.ro\\\/albaiulia\\\/gala-tanarului-actor-hop-editia-a-26-a-2023\\\/#breadcrumb\"},\"inLanguage\":\"ro-RO\",\"potentialAction\":[{\"@type\":\"ReadAction\",\"target\":[\"https:\\\/\\\/urbeamea.ro\\\/albaiulia\\\/gala-tanarului-actor-hop-editia-a-26-a-2023\\\/\"]}]},{\"@type\":\"ImageObject\",\"inLanguage\":\"ro-RO\",\"@id\":\"https:\\\/\\\/urbeamea.ro\\\/albaiulia\\\/gala-tanarului-actor-hop-editia-a-26-a-2023\\\/#primaryimage\",\"url\":\"https:\\\/\\\/urbeamea.ro\\\/albaiulia\\\/wp-content\\\/uploads\\\/2023\\\/07\\\/1-Preselectie-Gala-HOP-2023.jpg\",\"contentUrl\":\"https:\\\/\\\/urbeamea.ro\\\/albaiulia\\\/wp-content\\\/uploads\\\/2023\\\/07\\\/1-Preselectie-Gala-HOP-2023.jpg\",\"width\":1030,\"height\":687},{\"@type\":\"BreadcrumbList\",\"@id\":\"https:\\\/\\\/urbeamea.ro\\\/albaiulia\\\/gala-tanarului-actor-hop-editia-a-26-a-2023\\\/#breadcrumb\",\"itemListElement\":[{\"@type\":\"ListItem\",\"position\":1,\"name\":\"Prima pagin\u0103\",\"item\":\"https:\\\/\\\/urbeamea.ro\\\/albaiulia\\\/\"},{\"@type\":\"ListItem\",\"position\":2,\"name\":\"Gala T\u00e2n\u0103rului Actor HOP, edi\u021bia a 26-a, 2023\"}]},{\"@type\":\"WebSite\",\"@id\":\"https:\\\/\\\/urbeamea.ro\\\/albaiulia\\\/#website\",\"url\":\"https:\\\/\\\/urbeamea.ro\\\/albaiulia\\\/\",\"name\":\"Revista Urbea Mea, Stiri urbane\",\"description\":\"Evenimente \u0219i \u0219tiri din Alba Iulia, Sebe\u0219, Aiud, Blaj\",\"potentialAction\":[{\"@type\":\"SearchAction\",\"target\":{\"@type\":\"EntryPoint\",\"urlTemplate\":\"https:\\\/\\\/urbeamea.ro\\\/albaiulia\\\/?s={search_term_string}\"},\"query-input\":{\"@type\":\"PropertyValueSpecification\",\"valueRequired\":true,\"valueName\":\"search_term_string\"}}],\"inLanguage\":\"ro-RO\"},{\"@type\":\"Person\",\"@id\":\"https:\\\/\\\/urbeamea.ro\\\/albaiulia\\\/#\\\/schema\\\/person\\\/272ae98052f8ee8980f59848df070247\",\"name\":\"Redac\u021bia UrbeaMea\",\"image\":{\"@type\":\"ImageObject\",\"inLanguage\":\"ro-RO\",\"@id\":\"https:\\\/\\\/secure.gravatar.com\\\/avatar\\\/9ce5a9435071fa1037e8468053ead8e513dbbff59009d3069aadb85506d85a27?s=96&d=mm&r=g\",\"url\":\"https:\\\/\\\/secure.gravatar.com\\\/avatar\\\/9ce5a9435071fa1037e8468053ead8e513dbbff59009d3069aadb85506d85a27?s=96&d=mm&r=g\",\"contentUrl\":\"https:\\\/\\\/secure.gravatar.com\\\/avatar\\\/9ce5a9435071fa1037e8468053ead8e513dbbff59009d3069aadb85506d85a27?s=96&d=mm&r=g\",\"caption\":\"Redac\u021bia UrbeaMea\"},\"description\":\"contact@urbeamea.ro\",\"sameAs\":[\"https:\\\/\\\/www.urbeamea.ro\"],\"url\":\"https:\\\/\\\/urbeamea.ro\\\/albaiulia\\\/author\\\/redactia-urbeamea\\\/\"}]}<\/script>\n<!-- \/ Yoast SEO plugin. -->","yoast_head_json":{"title":"Gala T\u00e2n\u0103rului Actor HOP, edi\u021bia a 26-a, 2023 - Revista Urbea Mea - Revista de Alba","description":"S-au \u00eencheiat preselec\u021biile pentru Gala T\u00e2n\u0103rului Actor HOP, desf\u0103\u0219urate pe parcursul a dou\u0103 sesiuni. Edi\u0163ia a XXVI-a a Galei T\u00e2n\u0103rului Actor, sub","robots":{"index":"index","follow":"follow","max-snippet":"max-snippet:-1","max-image-preview":"max-image-preview:large","max-video-preview":"max-video-preview:-1"},"canonical":"https:\/\/urbeamea.ro\/albaiulia\/gala-tanarului-actor-hop-editia-a-26-a-2023\/","twitter_card":"summary_large_image","twitter_title":"Gala T\u00e2n\u0103rului Actor HOP, edi\u021bia a 26-a, 2023 - Revista Urbea Mea - Revista de Alba","twitter_description":"S-au \u00eencheiat preselec\u021biile pentru Gala T\u00e2n\u0103rului Actor HOP, desf\u0103\u0219urate pe parcursul a dou\u0103 sesiuni. Edi\u0163ia a XXVI-a a Galei T\u00e2n\u0103rului Actor, sub","twitter_image":"https:\/\/urbeamea.ro\/albaiulia\/wp-content\/uploads\/2023\/07\/1-Preselectie-Gala-HOP-2023.jpg","twitter_creator":"@urbeameaweb","twitter_site":"@urbeameaweb","schema":{"@context":"https:\/\/schema.org","@graph":[{"@type":"Article","@id":"https:\/\/urbeamea.ro\/albaiulia\/gala-tanarului-actor-hop-editia-a-26-a-2023\/#article","isPartOf":{"@id":"https:\/\/urbeamea.ro\/albaiulia\/gala-tanarului-actor-hop-editia-a-26-a-2023\/"},"author":{"name":"Redac\u021bia UrbeaMea","@id":"https:\/\/urbeamea.ro\/albaiulia\/#\/schema\/person\/272ae98052f8ee8980f59848df070247"},"headline":"Gala T\u00e2n\u0103rului Actor HOP, edi\u021bia a 26-a, 2023","datePublished":"2023-07-18T08:31:52+00:00","dateModified":"2023-07-18T08:31:55+00:00","mainEntityOfPage":{"@id":"https:\/\/urbeamea.ro\/albaiulia\/gala-tanarului-actor-hop-editia-a-26-a-2023\/"},"wordCount":445,"commentCount":0,"image":{"@id":"https:\/\/urbeamea.ro\/albaiulia\/gala-tanarului-actor-hop-editia-a-26-a-2023\/#primaryimage"},"thumbnailUrl":"https:\/\/urbeamea.ro\/albaiulia\/wp-content\/uploads\/2023\/07\/1-Preselectie-Gala-HOP-2023.jpg","keywords":["gala tanarului actor hop","teatrul de papusi prichindel alba iulia"],"articleSection":["Evenimente"],"inLanguage":"ro-RO","potentialAction":[{"@type":"CommentAction","name":"Comment","target":["https:\/\/urbeamea.ro\/albaiulia\/gala-tanarului-actor-hop-editia-a-26-a-2023\/#respond"]}]},{"@type":"WebPage","@id":"https:\/\/urbeamea.ro\/albaiulia\/gala-tanarului-actor-hop-editia-a-26-a-2023\/","url":"https:\/\/urbeamea.ro\/albaiulia\/gala-tanarului-actor-hop-editia-a-26-a-2023\/","name":"Gala T\u00e2n\u0103rului Actor HOP, edi\u021bia a 26-a, 2023 - Revista Urbea Mea - Revista de Alba","isPartOf":{"@id":"https:\/\/urbeamea.ro\/albaiulia\/#website"},"primaryImageOfPage":{"@id":"https:\/\/urbeamea.ro\/albaiulia\/gala-tanarului-actor-hop-editia-a-26-a-2023\/#primaryimage"},"image":{"@id":"https:\/\/urbeamea.ro\/albaiulia\/gala-tanarului-actor-hop-editia-a-26-a-2023\/#primaryimage"},"thumbnailUrl":"https:\/\/urbeamea.ro\/albaiulia\/wp-content\/uploads\/2023\/07\/1-Preselectie-Gala-HOP-2023.jpg","datePublished":"2023-07-18T08:31:52+00:00","dateModified":"2023-07-18T08:31:55+00:00","author":{"@id":"https:\/\/urbeamea.ro\/albaiulia\/#\/schema\/person\/272ae98052f8ee8980f59848df070247"},"description":"S-au \u00eencheiat preselec\u021biile pentru Gala T\u00e2n\u0103rului Actor HOP, desf\u0103\u0219urate pe parcursul a dou\u0103 sesiuni. Edi\u0163ia a XXVI-a a Galei T\u00e2n\u0103rului Actor, sub","breadcrumb":{"@id":"https:\/\/urbeamea.ro\/albaiulia\/gala-tanarului-actor-hop-editia-a-26-a-2023\/#breadcrumb"},"inLanguage":"ro-RO","potentialAction":[{"@type":"ReadAction","target":["https:\/\/urbeamea.ro\/albaiulia\/gala-tanarului-actor-hop-editia-a-26-a-2023\/"]}]},{"@type":"ImageObject","inLanguage":"ro-RO","@id":"https:\/\/urbeamea.ro\/albaiulia\/gala-tanarului-actor-hop-editia-a-26-a-2023\/#primaryimage","url":"https:\/\/urbeamea.ro\/albaiulia\/wp-content\/uploads\/2023\/07\/1-Preselectie-Gala-HOP-2023.jpg","contentUrl":"https:\/\/urbeamea.ro\/albaiulia\/wp-content\/uploads\/2023\/07\/1-Preselectie-Gala-HOP-2023.jpg","width":1030,"height":687},{"@type":"BreadcrumbList","@id":"https:\/\/urbeamea.ro\/albaiulia\/gala-tanarului-actor-hop-editia-a-26-a-2023\/#breadcrumb","itemListElement":[{"@type":"ListItem","position":1,"name":"Prima pagin\u0103","item":"https:\/\/urbeamea.ro\/albaiulia\/"},{"@type":"ListItem","position":2,"name":"Gala T\u00e2n\u0103rului Actor HOP, edi\u021bia a 26-a, 2023"}]},{"@type":"WebSite","@id":"https:\/\/urbeamea.ro\/albaiulia\/#website","url":"https:\/\/urbeamea.ro\/albaiulia\/","name":"Revista Urbea Mea, Stiri urbane","description":"Evenimente \u0219i \u0219tiri din Alba Iulia, Sebe\u0219, Aiud, Blaj","potentialAction":[{"@type":"SearchAction","target":{"@type":"EntryPoint","urlTemplate":"https:\/\/urbeamea.ro\/albaiulia\/?s={search_term_string}"},"query-input":{"@type":"PropertyValueSpecification","valueRequired":true,"valueName":"search_term_string"}}],"inLanguage":"ro-RO"},{"@type":"Person","@id":"https:\/\/urbeamea.ro\/albaiulia\/#\/schema\/person\/272ae98052f8ee8980f59848df070247","name":"Redac\u021bia UrbeaMea","image":{"@type":"ImageObject","inLanguage":"ro-RO","@id":"https:\/\/secure.gravatar.com\/avatar\/9ce5a9435071fa1037e8468053ead8e513dbbff59009d3069aadb85506d85a27?s=96&d=mm&r=g","url":"https:\/\/secure.gravatar.com\/avatar\/9ce5a9435071fa1037e8468053ead8e513dbbff59009d3069aadb85506d85a27?s=96&d=mm&r=g","contentUrl":"https:\/\/secure.gravatar.com\/avatar\/9ce5a9435071fa1037e8468053ead8e513dbbff59009d3069aadb85506d85a27?s=96&d=mm&r=g","caption":"Redac\u021bia UrbeaMea"},"description":"contact@urbeamea.ro","sameAs":["https:\/\/www.urbeamea.ro"],"url":"https:\/\/urbeamea.ro\/albaiulia\/author\/redactia-urbeamea\/"}]}},"_links":{"self":[{"href":"https:\/\/urbeamea.ro\/albaiulia\/wp-json\/wp\/v2\/posts\/108450","targetHints":{"allow":["GET"]}}],"collection":[{"href":"https:\/\/urbeamea.ro\/albaiulia\/wp-json\/wp\/v2\/posts"}],"about":[{"href":"https:\/\/urbeamea.ro\/albaiulia\/wp-json\/wp\/v2\/types\/post"}],"author":[{"embeddable":true,"href":"https:\/\/urbeamea.ro\/albaiulia\/wp-json\/wp\/v2\/users\/16"}],"replies":[{"embeddable":true,"href":"https:\/\/urbeamea.ro\/albaiulia\/wp-json\/wp\/v2\/comments?post=108450"}],"version-history":[{"count":1,"href":"https:\/\/urbeamea.ro\/albaiulia\/wp-json\/wp\/v2\/posts\/108450\/revisions"}],"predecessor-version":[{"id":108453,"href":"https:\/\/urbeamea.ro\/albaiulia\/wp-json\/wp\/v2\/posts\/108450\/revisions\/108453"}],"wp:featuredmedia":[{"embeddable":true,"href":"https:\/\/urbeamea.ro\/albaiulia\/wp-json\/wp\/v2\/media\/108451"}],"wp:attachment":[{"href":"https:\/\/urbeamea.ro\/albaiulia\/wp-json\/wp\/v2\/media?parent=108450"}],"wp:term":[{"taxonomy":"category","embeddable":true,"href":"https:\/\/urbeamea.ro\/albaiulia\/wp-json\/wp\/v2\/categories?post=108450"},{"taxonomy":"post_tag","embeddable":true,"href":"https:\/\/urbeamea.ro\/albaiulia\/wp-json\/wp\/v2\/tags?post=108450"}],"curies":[{"name":"wp","href":"https:\/\/api.w.org\/{rel}","templated":true}]}}