{"id":108559,"date":"2023-07-25T10:03:42","date_gmt":"2023-07-25T07:03:42","guid":{"rendered":"https:\/\/urbeamea.ro\/albaiulia\/?p=108559"},"modified":"2023-07-25T10:03:44","modified_gmt":"2023-07-25T07:03:44","slug":"cum-sa-transformam-esecul-in-succes-aflam-maine-la-atelierul-de-biblioterapie-al-bibliotecii-judetene-lucian-blaga-alba","status":"publish","type":"post","link":"https:\/\/urbeamea.ro\/albaiulia\/cum-sa-transformam-esecul-in-succes-aflam-maine-la-atelierul-de-biblioterapie-al-bibliotecii-judetene-lucian-blaga-alba\/","title":{"rendered":"\u201eCum s\u0103 transform\u0103m e\u0219ecul \u00een succes?\u201d afl\u0103m m\u00e2ine, la atelierul de Biblioterapie al Bibliotecii Jude\u021bene \u201eLucian Blaga\u201d Alba"},"content":{"rendered":"\n<p>Mar\u021bi, 25 iulie 2023, de la ora 17.00, psihoterapeutul Cosmin Bara \u0219i bibliotecara Luiza Pop v\u0103 propun un nou episod de Biblioterapie, atelier de psihologie practic\u0103 organizat de Consiliul Jude\u021bean Alba \u0219i Biblioteca Jude\u021bean\u0103 \u201eLucian Blaga\u201d Alba.<\/p>\n\n\n\n<p>Discu\u021biile generate de metodele propuse pentru a descoperi r\u0103spunsul la \u00eentrebarea <em>\u201e<\/em>Cum s\u0103 transform\u0103m e\u0219ecul \u00een succes?<em>\u201d <\/em>vor putea fi urm\u0103rite pe pagina de Facebook a institu\u021biei.<\/p>\n\n\n\n<blockquote class=\"wp-block-quote is-layout-flow wp-block-quote-is-layout-flow\">\n<p>Cei mai mul\u021bi dintre noi suntem alergici la gre\u0219eli. C\u00e2nd facem o gre\u0219eal\u0103, avem instinctiv tendin\u021ba s\u0103 ne ascundem, s\u0103 o ignor\u0103m \u0219i s\u0103 pretindem c\u0103 nu s-a \u00eent\u00e2mplat nimic. Asta nu e bine, pentru c\u0103 gre\u0219elile noastre sunt repere \u00een vederea realiz\u0103rii de progrese.<\/p>\n\n\n\n<p>\u00cen momentul \u00een care \u00eencepem s\u0103 privim e\u0219ecul ca pe o oportunitate valoroas\u0103, din care avem de \u00eenv\u0103\u021bat, abia atunci putem spune c\u0103 am ob\u021binut echilibrul \u0219i ulterior succesul. C\u00e2nd vom \u00een\u021belege c\u0103 fiecare ac\u021biune face parte dintr-un tot unitar, atunci vom reu\u0219i s\u0103 percepem e\u0219ecurile intermediare ca fiind etape \u00een drumul nostru spre succes.<\/p>\n<cite>Cosmin Bara<\/cite><\/blockquote>\n\n\n\n<p>Proiectul cultural 3.30 Biblioterapia face parte din programul 3 ANIMA\u021aIE CULTURAL\u0102 al Bibliotecii Jude\u021bene \u201eLucian Blaga\u201d Alba, prin intermediul atelierelor de psihologie practic\u0103 fiind promovate c\u0103r\u021bi tematice din colec\u021biile bibliotecii.<\/p>\n","protected":false},"excerpt":{"rendered":"<p>Mar\u021bi, 25 iulie 2023, de la ora 17.00, psihoterapeutul Cosmin Bara \u0219i bibliotecara Luiza Pop v\u0103 propun un nou episod de Biblioterapie, atelier de psihologie practic\u0103 organizat de Consiliul Jude\u021bean Alba \u0219i Biblioteca Jude\u021bean\u0103 \u201eLucian Blaga\u201d Alba. Discu\u021biile generate de metodele propuse pentru a descoperi r\u0103spunsul la \u00eentrebarea \u201eCum s\u0103 transform\u0103m e\u0219ecul \u00een succes?\u201d vor &hellip;<\/p>\n","protected":false},"author":16,"featured_media":108560,"comment_status":"open","ping_status":"open","sticky":false,"template":"","format":"standard","meta":{"inline_featured_image":false,"footnotes":""},"categories":[4],"tags":[2113,22413],"class_list":["post-108559","post","type-post","status-publish","format-standard","has-post-thumbnail","hentry","category-eveniment","tag-biblioteca-judeteana-lucian-blaga-alba","tag-biblioterapia"],"yoast_head":"<!-- This site is optimized with the Yoast SEO plugin v27.4 - https:\/\/yoast.com\/product\/yoast-seo-wordpress\/ -->\n<title>\u201eCum s\u0103 transform\u0103m e\u0219ecul \u00een succes?\u201d afl\u0103m m\u00e2ine, la atelierul de Biblioterapie al Bibliotecii Jude\u021bene \u201eLucian Blaga\u201d Alba - Revista Urbea Mea - Revista de Alba<\/title>\n<meta name=\"description\" content=\"Mar\u021bi, 25 iulie 2023, de la ora 17.00, psihoterapeutul Cosmin Bara \u0219i bibliotecara Luiza Pop v\u0103 propun un nou episod de Biblioterapie, atelier de\" \/>\n<meta name=\"robots\" content=\"index, follow, max-snippet:-1, max-image-preview:large, max-video-preview:-1\" \/>\n<link rel=\"canonical\" href=\"https:\/\/urbeamea.ro\/albaiulia\/cum-sa-transformam-esecul-in-succes-aflam-maine-la-atelierul-de-biblioterapie-al-bibliotecii-judetene-lucian-blaga-alba\/\" \/>\n<meta name=\"twitter:card\" content=\"summary_large_image\" \/>\n<meta name=\"twitter:title\" content=\"\u201eCum s\u0103 transform\u0103m e\u0219ecul \u00een succes?\u201d afl\u0103m m\u00e2ine, la atelierul de Biblioterapie al Bibliotecii Jude\u021bene \u201eLucian Blaga\u201d Alba - Revista Urbea Mea - Revista de Alba\" \/>\n<meta name=\"twitter:description\" content=\"Mar\u021bi, 25 iulie 2023, de la ora 17.00, psihoterapeutul Cosmin Bara \u0219i bibliotecara Luiza Pop v\u0103 propun un nou episod de Biblioterapie, atelier de\" \/>\n<meta name=\"twitter:image\" content=\"https:\/\/urbeamea.ro\/albaiulia\/wp-content\/uploads\/2023\/07\/Afis-3.30-Biblioterapia-iulie-2023.jpg\" \/>\n<meta name=\"twitter:creator\" content=\"@urbeameaweb\" \/>\n<meta name=\"twitter:site\" content=\"@urbeameaweb\" \/>\n<script type=\"application\/ld+json\" class=\"yoast-schema-graph\">{\"@context\":\"https:\\\/\\\/schema.org\",\"@graph\":[{\"@type\":\"Article\",\"@id\":\"https:\\\/\\\/urbeamea.ro\\\/albaiulia\\\/cum-sa-transformam-esecul-in-succes-aflam-maine-la-atelierul-de-biblioterapie-al-bibliotecii-judetene-lucian-blaga-alba\\\/#article\",\"isPartOf\":{\"@id\":\"https:\\\/\\\/urbeamea.ro\\\/albaiulia\\\/cum-sa-transformam-esecul-in-succes-aflam-maine-la-atelierul-de-biblioterapie-al-bibliotecii-judetene-lucian-blaga-alba\\\/\"},\"author\":{\"name\":\"Redac\u021bia UrbeaMea\",\"@id\":\"https:\\\/\\\/urbeamea.ro\\\/albaiulia\\\/#\\\/schema\\\/person\\\/272ae98052f8ee8980f59848df070247\"},\"headline\":\"\u201eCum s\u0103 transform\u0103m e\u0219ecul \u00een succes?\u201d afl\u0103m m\u00e2ine, la atelierul de Biblioterapie al Bibliotecii Jude\u021bene \u201eLucian Blaga\u201d Alba\",\"datePublished\":\"2023-07-25T07:03:42+00:00\",\"dateModified\":\"2023-07-25T07:03:44+00:00\",\"mainEntityOfPage\":{\"@id\":\"https:\\\/\\\/urbeamea.ro\\\/albaiulia\\\/cum-sa-transformam-esecul-in-succes-aflam-maine-la-atelierul-de-biblioterapie-al-bibliotecii-judetene-lucian-blaga-alba\\\/\"},\"wordCount\":245,\"commentCount\":0,\"image\":{\"@id\":\"https:\\\/\\\/urbeamea.ro\\\/albaiulia\\\/cum-sa-transformam-esecul-in-succes-aflam-maine-la-atelierul-de-biblioterapie-al-bibliotecii-judetene-lucian-blaga-alba\\\/#primaryimage\"},\"thumbnailUrl\":\"https:\\\/\\\/urbeamea.ro\\\/albaiulia\\\/wp-content\\\/uploads\\\/2023\\\/07\\\/Afis-3.30-Biblioterapia-iulie-2023.jpg\",\"keywords\":[\"Biblioteca Jude\u0163ean\u0103 \u201cLucian Blaga\u201d Alba\",\"biblioterapia\"],\"articleSection\":[\"Evenimente\"],\"inLanguage\":\"ro-RO\",\"potentialAction\":[{\"@type\":\"CommentAction\",\"name\":\"Comment\",\"target\":[\"https:\\\/\\\/urbeamea.ro\\\/albaiulia\\\/cum-sa-transformam-esecul-in-succes-aflam-maine-la-atelierul-de-biblioterapie-al-bibliotecii-judetene-lucian-blaga-alba\\\/#respond\"]}]},{\"@type\":\"WebPage\",\"@id\":\"https:\\\/\\\/urbeamea.ro\\\/albaiulia\\\/cum-sa-transformam-esecul-in-succes-aflam-maine-la-atelierul-de-biblioterapie-al-bibliotecii-judetene-lucian-blaga-alba\\\/\",\"url\":\"https:\\\/\\\/urbeamea.ro\\\/albaiulia\\\/cum-sa-transformam-esecul-in-succes-aflam-maine-la-atelierul-de-biblioterapie-al-bibliotecii-judetene-lucian-blaga-alba\\\/\",\"name\":\"\u201eCum s\u0103 transform\u0103m e\u0219ecul \u00een succes?\u201d afl\u0103m m\u00e2ine, la atelierul de Biblioterapie al Bibliotecii Jude\u021bene \u201eLucian Blaga\u201d Alba - Revista Urbea Mea - Revista de Alba\",\"isPartOf\":{\"@id\":\"https:\\\/\\\/urbeamea.ro\\\/albaiulia\\\/#website\"},\"primaryImageOfPage\":{\"@id\":\"https:\\\/\\\/urbeamea.ro\\\/albaiulia\\\/cum-sa-transformam-esecul-in-succes-aflam-maine-la-atelierul-de-biblioterapie-al-bibliotecii-judetene-lucian-blaga-alba\\\/#primaryimage\"},\"image\":{\"@id\":\"https:\\\/\\\/urbeamea.ro\\\/albaiulia\\\/cum-sa-transformam-esecul-in-succes-aflam-maine-la-atelierul-de-biblioterapie-al-bibliotecii-judetene-lucian-blaga-alba\\\/#primaryimage\"},\"thumbnailUrl\":\"https:\\\/\\\/urbeamea.ro\\\/albaiulia\\\/wp-content\\\/uploads\\\/2023\\\/07\\\/Afis-3.30-Biblioterapia-iulie-2023.jpg\",\"datePublished\":\"2023-07-25T07:03:42+00:00\",\"dateModified\":\"2023-07-25T07:03:44+00:00\",\"author\":{\"@id\":\"https:\\\/\\\/urbeamea.ro\\\/albaiulia\\\/#\\\/schema\\\/person\\\/272ae98052f8ee8980f59848df070247\"},\"description\":\"Mar\u021bi, 25 iulie 2023, de la ora 17.00, psihoterapeutul Cosmin Bara \u0219i bibliotecara Luiza Pop v\u0103 propun un nou episod de Biblioterapie, atelier de\",\"breadcrumb\":{\"@id\":\"https:\\\/\\\/urbeamea.ro\\\/albaiulia\\\/cum-sa-transformam-esecul-in-succes-aflam-maine-la-atelierul-de-biblioterapie-al-bibliotecii-judetene-lucian-blaga-alba\\\/#breadcrumb\"},\"inLanguage\":\"ro-RO\",\"potentialAction\":[{\"@type\":\"ReadAction\",\"target\":[\"https:\\\/\\\/urbeamea.ro\\\/albaiulia\\\/cum-sa-transformam-esecul-in-succes-aflam-maine-la-atelierul-de-biblioterapie-al-bibliotecii-judetene-lucian-blaga-alba\\\/\"]}]},{\"@type\":\"ImageObject\",\"inLanguage\":\"ro-RO\",\"@id\":\"https:\\\/\\\/urbeamea.ro\\\/albaiulia\\\/cum-sa-transformam-esecul-in-succes-aflam-maine-la-atelierul-de-biblioterapie-al-bibliotecii-judetene-lucian-blaga-alba\\\/#primaryimage\",\"url\":\"https:\\\/\\\/urbeamea.ro\\\/albaiulia\\\/wp-content\\\/uploads\\\/2023\\\/07\\\/Afis-3.30-Biblioterapia-iulie-2023.jpg\",\"contentUrl\":\"https:\\\/\\\/urbeamea.ro\\\/albaiulia\\\/wp-content\\\/uploads\\\/2023\\\/07\\\/Afis-3.30-Biblioterapia-iulie-2023.jpg\",\"width\":1067,\"height\":1600},{\"@type\":\"BreadcrumbList\",\"@id\":\"https:\\\/\\\/urbeamea.ro\\\/albaiulia\\\/cum-sa-transformam-esecul-in-succes-aflam-maine-la-atelierul-de-biblioterapie-al-bibliotecii-judetene-lucian-blaga-alba\\\/#breadcrumb\",\"itemListElement\":[{\"@type\":\"ListItem\",\"position\":1,\"name\":\"Prima pagin\u0103\",\"item\":\"https:\\\/\\\/urbeamea.ro\\\/albaiulia\\\/\"},{\"@type\":\"ListItem\",\"position\":2,\"name\":\"\u201eCum s\u0103 transform\u0103m e\u0219ecul \u00een succes?\u201d afl\u0103m m\u00e2ine, la atelierul de Biblioterapie al Bibliotecii Jude\u021bene \u201eLucian Blaga\u201d Alba\"}]},{\"@type\":\"WebSite\",\"@id\":\"https:\\\/\\\/urbeamea.ro\\\/albaiulia\\\/#website\",\"url\":\"https:\\\/\\\/urbeamea.ro\\\/albaiulia\\\/\",\"name\":\"Revista Urbea Mea, Stiri urbane\",\"description\":\"Evenimente \u0219i \u0219tiri din Alba Iulia, Sebe\u0219, Aiud, Blaj\",\"potentialAction\":[{\"@type\":\"SearchAction\",\"target\":{\"@type\":\"EntryPoint\",\"urlTemplate\":\"https:\\\/\\\/urbeamea.ro\\\/albaiulia\\\/?s={search_term_string}\"},\"query-input\":{\"@type\":\"PropertyValueSpecification\",\"valueRequired\":true,\"valueName\":\"search_term_string\"}}],\"inLanguage\":\"ro-RO\"},{\"@type\":\"Person\",\"@id\":\"https:\\\/\\\/urbeamea.ro\\\/albaiulia\\\/#\\\/schema\\\/person\\\/272ae98052f8ee8980f59848df070247\",\"name\":\"Redac\u021bia UrbeaMea\",\"image\":{\"@type\":\"ImageObject\",\"inLanguage\":\"ro-RO\",\"@id\":\"https:\\\/\\\/secure.gravatar.com\\\/avatar\\\/9ce5a9435071fa1037e8468053ead8e513dbbff59009d3069aadb85506d85a27?s=96&d=mm&r=g\",\"url\":\"https:\\\/\\\/secure.gravatar.com\\\/avatar\\\/9ce5a9435071fa1037e8468053ead8e513dbbff59009d3069aadb85506d85a27?s=96&d=mm&r=g\",\"contentUrl\":\"https:\\\/\\\/secure.gravatar.com\\\/avatar\\\/9ce5a9435071fa1037e8468053ead8e513dbbff59009d3069aadb85506d85a27?s=96&d=mm&r=g\",\"caption\":\"Redac\u021bia UrbeaMea\"},\"description\":\"contact@urbeamea.ro\",\"sameAs\":[\"https:\\\/\\\/www.urbeamea.ro\"],\"url\":\"https:\\\/\\\/urbeamea.ro\\\/albaiulia\\\/author\\\/redactia-urbeamea\\\/\"}]}<\/script>\n<!-- \/ Yoast SEO plugin. -->","yoast_head_json":{"title":"\u201eCum s\u0103 transform\u0103m e\u0219ecul \u00een succes?\u201d afl\u0103m m\u00e2ine, la atelierul de Biblioterapie al Bibliotecii Jude\u021bene \u201eLucian Blaga\u201d Alba - Revista Urbea Mea - Revista de Alba","description":"Mar\u021bi, 25 iulie 2023, de la ora 17.00, psihoterapeutul Cosmin Bara \u0219i bibliotecara Luiza Pop v\u0103 propun un nou episod de Biblioterapie, atelier de","robots":{"index":"index","follow":"follow","max-snippet":"max-snippet:-1","max-image-preview":"max-image-preview:large","max-video-preview":"max-video-preview:-1"},"canonical":"https:\/\/urbeamea.ro\/albaiulia\/cum-sa-transformam-esecul-in-succes-aflam-maine-la-atelierul-de-biblioterapie-al-bibliotecii-judetene-lucian-blaga-alba\/","twitter_card":"summary_large_image","twitter_title":"\u201eCum s\u0103 transform\u0103m e\u0219ecul \u00een succes?\u201d afl\u0103m m\u00e2ine, la atelierul de Biblioterapie al Bibliotecii Jude\u021bene \u201eLucian Blaga\u201d Alba - Revista Urbea Mea - Revista de Alba","twitter_description":"Mar\u021bi, 25 iulie 2023, de la ora 17.00, psihoterapeutul Cosmin Bara \u0219i bibliotecara Luiza Pop v\u0103 propun un nou episod de Biblioterapie, atelier de","twitter_image":"https:\/\/urbeamea.ro\/albaiulia\/wp-content\/uploads\/2023\/07\/Afis-3.30-Biblioterapia-iulie-2023.jpg","twitter_creator":"@urbeameaweb","twitter_site":"@urbeameaweb","schema":{"@context":"https:\/\/schema.org","@graph":[{"@type":"Article","@id":"https:\/\/urbeamea.ro\/albaiulia\/cum-sa-transformam-esecul-in-succes-aflam-maine-la-atelierul-de-biblioterapie-al-bibliotecii-judetene-lucian-blaga-alba\/#article","isPartOf":{"@id":"https:\/\/urbeamea.ro\/albaiulia\/cum-sa-transformam-esecul-in-succes-aflam-maine-la-atelierul-de-biblioterapie-al-bibliotecii-judetene-lucian-blaga-alba\/"},"author":{"name":"Redac\u021bia UrbeaMea","@id":"https:\/\/urbeamea.ro\/albaiulia\/#\/schema\/person\/272ae98052f8ee8980f59848df070247"},"headline":"\u201eCum s\u0103 transform\u0103m e\u0219ecul \u00een succes?\u201d afl\u0103m m\u00e2ine, la atelierul de Biblioterapie al Bibliotecii Jude\u021bene \u201eLucian Blaga\u201d Alba","datePublished":"2023-07-25T07:03:42+00:00","dateModified":"2023-07-25T07:03:44+00:00","mainEntityOfPage":{"@id":"https:\/\/urbeamea.ro\/albaiulia\/cum-sa-transformam-esecul-in-succes-aflam-maine-la-atelierul-de-biblioterapie-al-bibliotecii-judetene-lucian-blaga-alba\/"},"wordCount":245,"commentCount":0,"image":{"@id":"https:\/\/urbeamea.ro\/albaiulia\/cum-sa-transformam-esecul-in-succes-aflam-maine-la-atelierul-de-biblioterapie-al-bibliotecii-judetene-lucian-blaga-alba\/#primaryimage"},"thumbnailUrl":"https:\/\/urbeamea.ro\/albaiulia\/wp-content\/uploads\/2023\/07\/Afis-3.30-Biblioterapia-iulie-2023.jpg","keywords":["Biblioteca Jude\u0163ean\u0103 \u201cLucian Blaga\u201d Alba","biblioterapia"],"articleSection":["Evenimente"],"inLanguage":"ro-RO","potentialAction":[{"@type":"CommentAction","name":"Comment","target":["https:\/\/urbeamea.ro\/albaiulia\/cum-sa-transformam-esecul-in-succes-aflam-maine-la-atelierul-de-biblioterapie-al-bibliotecii-judetene-lucian-blaga-alba\/#respond"]}]},{"@type":"WebPage","@id":"https:\/\/urbeamea.ro\/albaiulia\/cum-sa-transformam-esecul-in-succes-aflam-maine-la-atelierul-de-biblioterapie-al-bibliotecii-judetene-lucian-blaga-alba\/","url":"https:\/\/urbeamea.ro\/albaiulia\/cum-sa-transformam-esecul-in-succes-aflam-maine-la-atelierul-de-biblioterapie-al-bibliotecii-judetene-lucian-blaga-alba\/","name":"\u201eCum s\u0103 transform\u0103m e\u0219ecul \u00een succes?\u201d afl\u0103m m\u00e2ine, la atelierul de Biblioterapie al Bibliotecii Jude\u021bene \u201eLucian Blaga\u201d Alba - Revista Urbea Mea - Revista de Alba","isPartOf":{"@id":"https:\/\/urbeamea.ro\/albaiulia\/#website"},"primaryImageOfPage":{"@id":"https:\/\/urbeamea.ro\/albaiulia\/cum-sa-transformam-esecul-in-succes-aflam-maine-la-atelierul-de-biblioterapie-al-bibliotecii-judetene-lucian-blaga-alba\/#primaryimage"},"image":{"@id":"https:\/\/urbeamea.ro\/albaiulia\/cum-sa-transformam-esecul-in-succes-aflam-maine-la-atelierul-de-biblioterapie-al-bibliotecii-judetene-lucian-blaga-alba\/#primaryimage"},"thumbnailUrl":"https:\/\/urbeamea.ro\/albaiulia\/wp-content\/uploads\/2023\/07\/Afis-3.30-Biblioterapia-iulie-2023.jpg","datePublished":"2023-07-25T07:03:42+00:00","dateModified":"2023-07-25T07:03:44+00:00","author":{"@id":"https:\/\/urbeamea.ro\/albaiulia\/#\/schema\/person\/272ae98052f8ee8980f59848df070247"},"description":"Mar\u021bi, 25 iulie 2023, de la ora 17.00, psihoterapeutul Cosmin Bara \u0219i bibliotecara Luiza Pop v\u0103 propun un nou episod de Biblioterapie, atelier de","breadcrumb":{"@id":"https:\/\/urbeamea.ro\/albaiulia\/cum-sa-transformam-esecul-in-succes-aflam-maine-la-atelierul-de-biblioterapie-al-bibliotecii-judetene-lucian-blaga-alba\/#breadcrumb"},"inLanguage":"ro-RO","potentialAction":[{"@type":"ReadAction","target":["https:\/\/urbeamea.ro\/albaiulia\/cum-sa-transformam-esecul-in-succes-aflam-maine-la-atelierul-de-biblioterapie-al-bibliotecii-judetene-lucian-blaga-alba\/"]}]},{"@type":"ImageObject","inLanguage":"ro-RO","@id":"https:\/\/urbeamea.ro\/albaiulia\/cum-sa-transformam-esecul-in-succes-aflam-maine-la-atelierul-de-biblioterapie-al-bibliotecii-judetene-lucian-blaga-alba\/#primaryimage","url":"https:\/\/urbeamea.ro\/albaiulia\/wp-content\/uploads\/2023\/07\/Afis-3.30-Biblioterapia-iulie-2023.jpg","contentUrl":"https:\/\/urbeamea.ro\/albaiulia\/wp-content\/uploads\/2023\/07\/Afis-3.30-Biblioterapia-iulie-2023.jpg","width":1067,"height":1600},{"@type":"BreadcrumbList","@id":"https:\/\/urbeamea.ro\/albaiulia\/cum-sa-transformam-esecul-in-succes-aflam-maine-la-atelierul-de-biblioterapie-al-bibliotecii-judetene-lucian-blaga-alba\/#breadcrumb","itemListElement":[{"@type":"ListItem","position":1,"name":"Prima pagin\u0103","item":"https:\/\/urbeamea.ro\/albaiulia\/"},{"@type":"ListItem","position":2,"name":"\u201eCum s\u0103 transform\u0103m e\u0219ecul \u00een succes?\u201d afl\u0103m m\u00e2ine, la atelierul de Biblioterapie al Bibliotecii Jude\u021bene \u201eLucian Blaga\u201d Alba"}]},{"@type":"WebSite","@id":"https:\/\/urbeamea.ro\/albaiulia\/#website","url":"https:\/\/urbeamea.ro\/albaiulia\/","name":"Revista Urbea Mea, Stiri urbane","description":"Evenimente \u0219i \u0219tiri din Alba Iulia, Sebe\u0219, Aiud, Blaj","potentialAction":[{"@type":"SearchAction","target":{"@type":"EntryPoint","urlTemplate":"https:\/\/urbeamea.ro\/albaiulia\/?s={search_term_string}"},"query-input":{"@type":"PropertyValueSpecification","valueRequired":true,"valueName":"search_term_string"}}],"inLanguage":"ro-RO"},{"@type":"Person","@id":"https:\/\/urbeamea.ro\/albaiulia\/#\/schema\/person\/272ae98052f8ee8980f59848df070247","name":"Redac\u021bia UrbeaMea","image":{"@type":"ImageObject","inLanguage":"ro-RO","@id":"https:\/\/secure.gravatar.com\/avatar\/9ce5a9435071fa1037e8468053ead8e513dbbff59009d3069aadb85506d85a27?s=96&d=mm&r=g","url":"https:\/\/secure.gravatar.com\/avatar\/9ce5a9435071fa1037e8468053ead8e513dbbff59009d3069aadb85506d85a27?s=96&d=mm&r=g","contentUrl":"https:\/\/secure.gravatar.com\/avatar\/9ce5a9435071fa1037e8468053ead8e513dbbff59009d3069aadb85506d85a27?s=96&d=mm&r=g","caption":"Redac\u021bia UrbeaMea"},"description":"contact@urbeamea.ro","sameAs":["https:\/\/www.urbeamea.ro"],"url":"https:\/\/urbeamea.ro\/albaiulia\/author\/redactia-urbeamea\/"}]}},"_links":{"self":[{"href":"https:\/\/urbeamea.ro\/albaiulia\/wp-json\/wp\/v2\/posts\/108559","targetHints":{"allow":["GET"]}}],"collection":[{"href":"https:\/\/urbeamea.ro\/albaiulia\/wp-json\/wp\/v2\/posts"}],"about":[{"href":"https:\/\/urbeamea.ro\/albaiulia\/wp-json\/wp\/v2\/types\/post"}],"author":[{"embeddable":true,"href":"https:\/\/urbeamea.ro\/albaiulia\/wp-json\/wp\/v2\/users\/16"}],"replies":[{"embeddable":true,"href":"https:\/\/urbeamea.ro\/albaiulia\/wp-json\/wp\/v2\/comments?post=108559"}],"version-history":[{"count":1,"href":"https:\/\/urbeamea.ro\/albaiulia\/wp-json\/wp\/v2\/posts\/108559\/revisions"}],"predecessor-version":[{"id":108561,"href":"https:\/\/urbeamea.ro\/albaiulia\/wp-json\/wp\/v2\/posts\/108559\/revisions\/108561"}],"wp:featuredmedia":[{"embeddable":true,"href":"https:\/\/urbeamea.ro\/albaiulia\/wp-json\/wp\/v2\/media\/108560"}],"wp:attachment":[{"href":"https:\/\/urbeamea.ro\/albaiulia\/wp-json\/wp\/v2\/media?parent=108559"}],"wp:term":[{"taxonomy":"category","embeddable":true,"href":"https:\/\/urbeamea.ro\/albaiulia\/wp-json\/wp\/v2\/categories?post=108559"},{"taxonomy":"post_tag","embeddable":true,"href":"https:\/\/urbeamea.ro\/albaiulia\/wp-json\/wp\/v2\/tags?post=108559"}],"curies":[{"name":"wp","href":"https:\/\/api.w.org\/{rel}","templated":true}]}}